{"id":89274,"date":"2024-11-02T00:30:26","date_gmt":"2024-11-01T23:30:26","guid":{"rendered":"https:\/\/zeromagazine.mx\/?p=89274"},"modified":"2024-11-02T00:30:26","modified_gmt":"2024-11-01T23:30:26","slug":"recuerdos-vivos-celebrando-con-estilo","status":"publish","type":"post","link":"https:\/\/zeromagazine.mx\/index.php\/2024\/11\/02\/recuerdos-vivos-celebrando-con-estilo\/","title":{"rendered":"\u00abRecuerdos Vivos: Celebrando con Estilo\u00bb"},"content":{"rendered":"<!--themify_builder_content-->\n<div id=\"themify_builder_content-89274\" data-postid=\"89274\" class=\"themify_builder_content themify_builder_content-89274 themify_builder tf_clear\">\n    <\/div>\n<!--\/themify_builder_content-->\n\n\n<p>\u00a1Hey, familia! \u00bfListos para hablar de algo que realmente importa? Con el D\u00eda de Muertos a la vuelta de la esquina, Cerveza Victoria est\u00e1 haciendo algo bien chido para honrar nuestras tradiciones. Este a\u00f1o, se vienen con el \u00abTianguis de los Recuerdos\u00bb, un evento que no solo es una celebraci\u00f3n, sino una oportunidad para recordar a esos seres queridos que ya no est\u00e1n con nosotros. As\u00ed que, ag\u00e1rrense, que esto se va a poner muy interesante.<\/p>\n\n\n\n<h3 class=\"wp-block-heading\">\u00bfQu\u00e9 es el Tianguis de los Recuerdos?<\/h3>\n\n\n\n<p>El\u00a0<strong>Tianguis de los Recuerdos<\/strong>\u00a0va a ser el lugar perfecto para armar tu ofrenda y hacerla \u00fanica. Este evento se llevar\u00e1 a cabo el 2 y 3 de noviembre en Paseo de la Reforma, un spot ic\u00f3nico de la Ciudad de M\u00e9xico. Imagina un lugar lleno de velas, flores, y arte, todo con el prop\u00f3sito de recordar a quienes han partido. Pero, esp\u00e9rate, que eso no es todo. Tambi\u00e9n habr\u00e1 tatuajes y relicarios, porque, \u00bfqui\u00e9n no querr\u00eda llevar un pedacito de sus seres queridos siempre con ellos?<\/p>\n\n\n\n<figure class=\"wp-block-image size-large\"><img data-recalc-dims=\"1\" decoding=\"async\" width=\"1024\" height=\"683\" src=\"https:\/\/i0.wp.com\/zeromagazine.mx\/wp-content\/uploads\/2024\/11\/2_240828_Victoria_MZ_04_0538-1024x683.jpg?resize=1024%2C683&#038;ssl=1\" alt=\"\" class=\"wp-image-89275\" srcset=\"https:\/\/i0.wp.com\/zeromagazine.mx\/wp-content\/uploads\/2024\/11\/2_240828_Victoria_MZ_04_0538-scaled.jpg?resize=1024%2C683&amp;ssl=1 1024w, https:\/\/i0.wp.com\/zeromagazine.mx\/wp-content\/uploads\/2024\/11\/2_240828_Victoria_MZ_04_0538-scaled.jpg?resize=300%2C200&amp;ssl=1 300w, https:\/\/i0.wp.com\/zeromagazine.mx\/wp-content\/uploads\/2024\/11\/2_240828_Victoria_MZ_04_0538-scaled.jpg?resize=768%2C512&amp;ssl=1 768w, https:\/\/i0.wp.com\/zeromagazine.mx\/wp-content\/uploads\/2024\/11\/2_240828_Victoria_MZ_04_0538-scaled.jpg?resize=1536%2C1025&amp;ssl=1 1536w, https:\/\/i0.wp.com\/zeromagazine.mx\/wp-content\/uploads\/2024\/11\/2_240828_Victoria_MZ_04_0538-scaled.jpg?resize=2048%2C1366&amp;ssl=1 2048w, https:\/\/i0.wp.com\/zeromagazine.mx\/wp-content\/uploads\/2024\/11\/2_240828_Victoria_MZ_04_0538-scaled.jpg?w=2330 2330w\" sizes=\"(max-width: 1024px) 100vw, 1024px\" \/><\/figure>\n\n\n\n<script async src=\"https:\/\/pagead2.googlesyndication.com\/pagead\/js\/adsbygoogle.js?client=ca-pub-5499304793904745\"\n     crossorigin=\"anonymous\"><\/script>\n<ins class=\"adsbygoogle\"\n     style=\"display:block; text-align:center;\"\n     data-ad-layout=\"in-article\"\n     data-ad-format=\"fluid\"\n     data-ad-client=\"ca-pub-5499304793904745\"\n     data-ad-slot=\"5994863093\"><\/ins>\n<script>\n     (adsbygoogle = window.adsbygoogle || []).push({});\n<\/script>\n\n\n\n<h3 class=\"wp-block-heading\">Una ofrenda con estilo<\/h3>\n\n\n\n<p>Lo mejor de todo es que Cerveza Victoria est\u00e1 lanzando una&nbsp;<strong>edici\u00f3n especial de botellas<\/strong>&nbsp;que puedes personalizar con los nombres de tus seres queridos. \u00bfTe imaginas? Brindar por ellos con una botella que lleva su nombre. Esto no solo es una forma de recordar, sino que tambi\u00e9n lo hace m\u00e1s personal y significativo. Las botellas estar\u00e1n disponibles en las plataformas de delivery de Grupo Modelo, as\u00ed que no hay excusa para no tener tu cerveza lista para la celebraci\u00f3n.<\/p>\n\n\n\n<h3 class=\"wp-block-heading\">Un Espacio para Recordar y Reflexionar<\/h3>\n\n\n\n<p>El&nbsp;<strong>Tianguis de los Recuerdos<\/strong>&nbsp;no solo ser\u00e1 un mercadito m\u00e1s. Es un espacio pensado para que las familias se re\u00fanan y compartan sus memorias. La idea es que la gente pueda armar su ofrenda y, al mismo tiempo, reflexionar sobre la vida y la muerte de una manera muy positiva.En un mundo donde todo va tan r\u00e1pido, detenerse a recordar es algo que todos necesitamos.<\/p>\n\n\n\n<h3 class=\"wp-block-heading\">Arte y Tradici\u00f3n en Cada Rinc\u00f3n<\/h3>\n\n\n\n<p>Una de las cosas m\u00e1s cool del evento es que vas a poder encontrar&nbsp;<strong>velas \u00fanicas<\/strong>&nbsp;hechas por el artista mexicano Rodrigo Noriega. Cada vela no solo ilumina, sino que tambi\u00e9n a\u00f1ade un toque especial a tu ofrenda. Adem\u00e1s, habr\u00e1&nbsp;<strong>flores frescas que&nbsp;<\/strong>simbolizan la vida y su fragilidad. \u00a1Perfecto para adornar esos altares!<\/p>\n\n\n\n<p>Pero eso no es todo: tambi\u00e9n podr\u00e1s&nbsp;<strong>personalizar relicarios<\/strong>&nbsp;con fotos de tus seres queridos. Esto es lo que realmente hace que la ofrenda sea \u00fanica y conmovedora. \u00bfPor qu\u00e9 tener solo un altar cuando puedes tener una pieza de arte que rinda homenaje a su memoria?<\/p>\n\n\n\n<h3 class=\"wp-block-heading\">Tatuajes que cuentan historias<\/h3>\n\n\n\n<figure class=\"wp-block-image size-large is-resized\"><img data-recalc-dims=\"1\" decoding=\"async\" width=\"713\" height=\"1024\" src=\"https:\/\/i0.wp.com\/zeromagazine.mx\/wp-content\/uploads\/2024\/11\/Victoria_FilmPoster_DDM24_70X100_300dpi_RGB_4-Preview-713x1024.png?resize=713%2C1024&#038;ssl=1\" alt=\"\" class=\"wp-image-89276\" style=\"width:1451px;height:auto\" srcset=\"https:\/\/i0.wp.com\/zeromagazine.mx\/wp-content\/uploads\/2024\/11\/Victoria_FilmPoster_DDM24_70X100_300dpi_RGB_4-Preview.png?resize=713%2C1024&amp;ssl=1 713w, https:\/\/i0.wp.com\/zeromagazine.mx\/wp-content\/uploads\/2024\/11\/Victoria_FilmPoster_DDM24_70X100_300dpi_RGB_4-Preview.png?resize=209%2C300&amp;ssl=1 209w, https:\/\/i0.wp.com\/zeromagazine.mx\/wp-content\/uploads\/2024\/11\/Victoria_FilmPoster_DDM24_70X100_300dpi_RGB_4-Preview.png?resize=768%2C1102&amp;ssl=1 768w, https:\/\/i0.wp.com\/zeromagazine.mx\/wp-content\/uploads\/2024\/11\/Victoria_FilmPoster_DDM24_70X100_300dpi_RGB_4-Preview.png?w=827&amp;ssl=1 827w\" sizes=\"(max-width: 713px) 100vw, 713px\" \/><\/figure>\n\n\n\n<script async src=\"https:\/\/pagead2.googlesyndication.com\/pagead\/js\/adsbygoogle.js?client=ca-pub-5499304793904745\"\n     crossorigin=\"anonymous\"><\/script>\n<ins class=\"adsbygoogle\"\n     style=\"display:block; text-align:center;\"\n     data-ad-layout=\"in-article\"\n     data-ad-format=\"fluid\"\n     data-ad-client=\"ca-pub-5499304793904745\"\n     data-ad-slot=\"5994863093\"><\/ins>\n<script>\n     (adsbygoogle = window.adsbygoogle || []).push({});\n<\/script>\n\n\n\n<p>Los&nbsp;<strong>tatuajes<\/strong>&nbsp;tambi\u00e9n van a estar en el men\u00fa. Imagina tener un dise\u00f1o que represente a esa persona especial que perdiste. Estos tatuajes son m\u00e1s que arte en la piel; son un recordatorio constante de su presencia en tu vida. En una cultura donde el arte del tatuaje se ha vuelto tan popular, esta es una forma de fusionar la memoria con la est\u00e9tica. Al final del d\u00eda, es todo acerca de celebrar la vida y lo que representa.<\/p>\n\n\n\n<h3 class=\"wp-block-heading\">La tecnolog\u00eda se une a la celebraci\u00f3n<\/h3>\n\n\n\n<p>Cerveza Victoria no se detiene solo en el arte f\u00edsico. Tambi\u00e9n han creado un&nbsp;<strong>bot de WhatsApp<\/strong>&nbsp;que permite a las personas crear fotograf\u00edas de aquellos que ya no est\u00e1n. Esto es un giro moderno a la tradici\u00f3n, y permite a los asistentes guardar esos recuerdos de una manera muy interactiva. Pero eso no es todo, tambi\u00e9n habr\u00e1 un&nbsp;<strong>t\u00fanel en Parque Delta<\/strong>, donde las personas podr\u00e1n imprimir esas fotos y llevarse un recuerdo tangible de sus seres queridos. \u00a1Todo un vibe!<\/p>\n\n\n\n<h3 class=\"wp-block-heading\">Una invitaci\u00f3n a la comunidad<\/h3>\n\n\n\n<figure class=\"wp-block-image size-large is-resized\"><img data-recalc-dims=\"1\" decoding=\"async\" width=\"713\" height=\"1024\" src=\"https:\/\/i0.wp.com\/zeromagazine.mx\/wp-content\/uploads\/2024\/11\/Victoria_FilmPoster_DDM24_70X100_300dpi_RGB_10-Preview-713x1024.png?resize=713%2C1024&#038;ssl=1\" alt=\"\" class=\"wp-image-89277\" style=\"width:1451px;height:auto\" srcset=\"https:\/\/i0.wp.com\/zeromagazine.mx\/wp-content\/uploads\/2024\/11\/Victoria_FilmPoster_DDM24_70X100_300dpi_RGB_10-Preview.png?resize=713%2C1024&amp;ssl=1 713w, https:\/\/i0.wp.com\/zeromagazine.mx\/wp-content\/uploads\/2024\/11\/Victoria_FilmPoster_DDM24_70X100_300dpi_RGB_10-Preview.png?resize=209%2C300&amp;ssl=1 209w, https:\/\/i0.wp.com\/zeromagazine.mx\/wp-content\/uploads\/2024\/11\/Victoria_FilmPoster_DDM24_70X100_300dpi_RGB_10-Preview.png?resize=768%2C1103&amp;ssl=1 768w, https:\/\/i0.wp.com\/zeromagazine.mx\/wp-content\/uploads\/2024\/11\/Victoria_FilmPoster_DDM24_70X100_300dpi_RGB_10-Preview.png?w=963&amp;ssl=1 963w\" sizes=\"(max-width: 713px) 100vw, 713px\" \/><\/figure>\n\n\n\n<script async src=\"https:\/\/pagead2.googlesyndication.com\/pagead\/js\/adsbygoogle.js?client=ca-pub-5499304793904745\"\n     crossorigin=\"anonymous\"><\/script>\n<ins class=\"adsbygoogle\"\n     style=\"display:block; text-align:center;\"\n     data-ad-layout=\"in-article\"\n     data-ad-format=\"fluid\"\n     data-ad-client=\"ca-pub-5499304793904745\"\n     data-ad-slot=\"5994863093\"><\/ins>\n<script>\n     (adsbygoogle = window.adsbygoogle || []).push({});\n<\/script>\n\n\n\n<p>Cerveza Victoria nos invita a todos a unirnos a esta celebraci\u00f3n. Es un llamado a la comunidad para que nos reunamos y honremos nuestras tradiciones. El&nbsp;<strong>D\u00eda de Muertos<\/strong>&nbsp;es una fecha muy especial para todos los mexicanos, y este evento est\u00e1 dise\u00f1ado para hacer que cada uno de nosotros se sienta parte de algo m\u00e1s grande.<\/p>\n\n\n\n<h3 class=\"wp-block-heading\">\u00bfCu\u00e1ndo y d\u00f3nde?<\/h3>\n\n\n\n<p>Anoten la fecha: el&nbsp;<strong>2 y 3 de noviembre<\/strong>&nbsp;en&nbsp;<strong>Paseo de la Reforma 157, Col. Renacimiento<\/strong>, de 11:00 a 21:00. Este evento es&nbsp;<strong>totalmente gratuito y abierto al p\u00fablico<\/strong>. As\u00ed que no hay excusas, vayan con su familia, amigos, o incluso solos; la idea es que todos puedan disfrutar y recordar.<\/p>\n\n\n\n<p>As\u00ed que, si est\u00e1n buscando una forma de honrar a sus seres queridos y al mismo tiempo disfrutar de una buena cerveza, no se pierdan este evento. Vayan, armar su ofrenda, y sobre todo, recuerden que en cada vela, cada flor, y cada brindis hay una historia que contar.<\/p>\n\n\n\n<p>\u00a1Nos vemos en el Tianguis de los Recuerdos!<\/p>","protected":false},"excerpt":{"rendered":"<p>\u00a1Hey, familia! \u00bfListos para hablar de algo que realmente importa? Con el D\u00eda de Muertos a la vuelta de la esquina, Cerveza Victoria est\u00e1 haciendo algo bien chido para honrar nuestras tradiciones. Este a\u00f1o, se vienen con el \u00abTianguis de los Recuerdos\u00bb, un evento que no solo es una celebraci\u00f3n, sino una oportunidad para recordar [&hellip;]<\/p>\n","protected":false},"author":2,"featured_media":89275,"comment_status":"open","ping_status":"open","sticky":false,"template":"","format":"standard","meta":{"_jetpack_memberships_contains_paid_content":false,"footnotes":"","jetpack_publicize_message":"","jetpack_publicize_feature_enabled":true,"jetpack_social_post_already_shared":true,"jetpack_social_options":{"image_generator_settings":{"template":"highway","default_image_id":0,"font":"","enabled":false},"version":2}},"categories":[6870],"tags":[5713,11302,11301],"class_list":["post-89274","post","type-post","status-publish","format-standard","has-post-thumbnail","hentry","category-foodie","tag-dia-de-muertos","tag-eventos-y-festivales","tag-tianguis-de-los-recuerdos","has-post-title","has-post-date","has-post-category","has-post-tag","has-post-comment","has-post-author",""],"yoast_head":"<!-- This site is optimized with the Yoast SEO plugin v27.5 - https:\/\/yoast.com\/product\/yoast-seo-wordpress\/ -->\n<title>&quot;Recuerdos Vivos: Celebrando con Estilo&quot; - Zero Magazine<\/title>\n<meta name=\"robots\" content=\"index, follow, max-snippet:-1, max-image-preview:large, max-video-preview:-1\" \/>\n<link rel=\"canonical\" href=\"https:\/\/zeromagazine.mx\/index.php\/2024\/11\/02\/recuerdos-vivos-celebrando-con-estilo\/\" \/>\n<meta property=\"og:locale\" content=\"es_ES\" \/>\n<meta property=\"og:type\" content=\"article\" \/>\n<meta property=\"og:title\" content=\"&quot;Recuerdos Vivos: Celebrando con Estilo&quot; - Zero Magazine\" \/>\n<meta property=\"og:description\" content=\"\u00a1Hey, familia! \u00bfListos para hablar de algo que realmente importa? Con el D\u00eda de Muertos a la vuelta de la esquina, Cerveza Victoria est\u00e1 haciendo algo bien chido para honrar nuestras tradiciones. Este a\u00f1o, se vienen con el \u00abTianguis de los Recuerdos\u00bb, un evento que no solo es una celebraci\u00f3n, sino una oportunidad para recordar [&hellip;]\" \/>\n<meta property=\"og:url\" content=\"https:\/\/zeromagazine.mx\/index.php\/2024\/11\/02\/recuerdos-vivos-celebrando-con-estilo\/\" \/>\n<meta property=\"og:site_name\" content=\"Zero Magazine\" \/>\n<meta property=\"article:published_time\" content=\"2024-11-01T23:30:26+00:00\" \/>\n<meta property=\"og:image\" content=\"http:\/\/zeromagazine.mx\/wp-content\/uploads\/2024\/11\/2_240828_Victoria_MZ_04_0538-scaled.jpg\" \/>\n\t<meta property=\"og:image:width\" content=\"2560\" \/>\n\t<meta property=\"og:image:height\" content=\"1708\" \/>\n\t<meta property=\"og:image:type\" content=\"image\/jpeg\" \/>\n<meta name=\"author\" content=\"zeromagazinemx\" \/>\n<meta name=\"twitter:card\" content=\"summary_large_image\" \/>\n<meta name=\"twitter:label1\" content=\"Escrito por\" \/>\n\t<meta name=\"twitter:data1\" content=\"zeromagazinemx\" \/>\n\t<meta name=\"twitter:label2\" content=\"Tiempo de lectura\" \/>\n\t<meta name=\"twitter:data2\" content=\"5 minutos\" \/>\n<script type=\"application\/ld+json\" class=\"yoast-schema-graph\">{\"@context\":\"https:\\\/\\\/schema.org\",\"@graph\":[{\"@type\":\"Article\",\"@id\":\"https:\\\/\\\/zeromagazine.mx\\\/index.php\\\/2024\\\/11\\\/02\\\/recuerdos-vivos-celebrando-con-estilo\\\/#article\",\"isPartOf\":{\"@id\":\"https:\\\/\\\/zeromagazine.mx\\\/index.php\\\/2024\\\/11\\\/02\\\/recuerdos-vivos-celebrando-con-estilo\\\/\"},\"author\":{\"name\":\"zeromagazinemx\",\"@id\":\"https:\\\/\\\/zeromagazine.mx\\\/#\\\/schema\\\/person\\\/9aed9f33a7c39af3a348b86d723f7773\"},\"headline\":\"\u00abRecuerdos Vivos: Celebrando con Estilo\u00bb\",\"datePublished\":\"2024-11-01T23:30:26+00:00\",\"mainEntityOfPage\":{\"@id\":\"https:\\\/\\\/zeromagazine.mx\\\/index.php\\\/2024\\\/11\\\/02\\\/recuerdos-vivos-celebrando-con-estilo\\\/\"},\"wordCount\":852,\"commentCount\":0,\"publisher\":{\"@id\":\"https:\\\/\\\/zeromagazine.mx\\\/#organization\"},\"image\":{\"@id\":\"https:\\\/\\\/zeromagazine.mx\\\/index.php\\\/2024\\\/11\\\/02\\\/recuerdos-vivos-celebrando-con-estilo\\\/#primaryimage\"},\"thumbnailUrl\":\"https:\\\/\\\/i0.wp.com\\\/zeromagazine.mx\\\/wp-content\\\/uploads\\\/2024\\\/11\\\/2_240828_Victoria_MZ_04_0538-scaled.jpg?fit=2560%2C1708&ssl=1\",\"keywords\":[\"D\u00eda de muertos\",\"Eventos y Festivales\",\"Tianguis de los Recuerdos\"],\"articleSection\":[\"Foodie\"],\"inLanguage\":\"es\",\"potentialAction\":[{\"@type\":\"CommentAction\",\"name\":\"Comment\",\"target\":[\"https:\\\/\\\/zeromagazine.mx\\\/index.php\\\/2024\\\/11\\\/02\\\/recuerdos-vivos-celebrando-con-estilo\\\/#respond\"]}]},{\"@type\":\"WebPage\",\"@id\":\"https:\\\/\\\/zeromagazine.mx\\\/index.php\\\/2024\\\/11\\\/02\\\/recuerdos-vivos-celebrando-con-estilo\\\/\",\"url\":\"https:\\\/\\\/zeromagazine.mx\\\/index.php\\\/2024\\\/11\\\/02\\\/recuerdos-vivos-celebrando-con-estilo\\\/\",\"name\":\"\\\"Recuerdos Vivos: Celebrando con Estilo\\\" - Zero Magazine\",\"isPartOf\":{\"@id\":\"https:\\\/\\\/zeromagazine.mx\\\/#website\"},\"primaryImageOfPage\":{\"@id\":\"https:\\\/\\\/zeromagazine.mx\\\/index.php\\\/2024\\\/11\\\/02\\\/recuerdos-vivos-celebrando-con-estilo\\\/#primaryimage\"},\"image\":{\"@id\":\"https:\\\/\\\/zeromagazine.mx\\\/index.php\\\/2024\\\/11\\\/02\\\/recuerdos-vivos-celebrando-con-estilo\\\/#primaryimage\"},\"thumbnailUrl\":\"https:\\\/\\\/i0.wp.com\\\/zeromagazine.mx\\\/wp-content\\\/uploads\\\/2024\\\/11\\\/2_240828_Victoria_MZ_04_0538-scaled.jpg?fit=2560%2C1708&ssl=1\",\"datePublished\":\"2024-11-01T23:30:26+00:00\",\"breadcrumb\":{\"@id\":\"https:\\\/\\\/zeromagazine.mx\\\/index.php\\\/2024\\\/11\\\/02\\\/recuerdos-vivos-celebrando-con-estilo\\\/#breadcrumb\"},\"inLanguage\":\"es\",\"potentialAction\":[{\"@type\":\"ReadAction\",\"target\":[\"https:\\\/\\\/zeromagazine.mx\\\/index.php\\\/2024\\\/11\\\/02\\\/recuerdos-vivos-celebrando-con-estilo\\\/\"]}]},{\"@type\":\"ImageObject\",\"inLanguage\":\"es\",\"@id\":\"https:\\\/\\\/zeromagazine.mx\\\/index.php\\\/2024\\\/11\\\/02\\\/recuerdos-vivos-celebrando-con-estilo\\\/#primaryimage\",\"url\":\"https:\\\/\\\/i0.wp.com\\\/zeromagazine.mx\\\/wp-content\\\/uploads\\\/2024\\\/11\\\/2_240828_Victoria_MZ_04_0538-scaled.jpg?fit=2560%2C1708&ssl=1\",\"contentUrl\":\"https:\\\/\\\/i0.wp.com\\\/zeromagazine.mx\\\/wp-content\\\/uploads\\\/2024\\\/11\\\/2_240828_Victoria_MZ_04_0538-scaled.jpg?fit=2560%2C1708&ssl=1\",\"width\":2560,\"height\":1708},{\"@type\":\"BreadcrumbList\",\"@id\":\"https:\\\/\\\/zeromagazine.mx\\\/index.php\\\/2024\\\/11\\\/02\\\/recuerdos-vivos-celebrando-con-estilo\\\/#breadcrumb\",\"itemListElement\":[{\"@type\":\"ListItem\",\"position\":1,\"name\":\"Portada\",\"item\":\"https:\\\/\\\/zeromagazine.mx\\\/\"},{\"@type\":\"ListItem\",\"position\":2,\"name\":\"\u00abRecuerdos Vivos: Celebrando con Estilo\u00bb\"}]},{\"@type\":\"WebSite\",\"@id\":\"https:\\\/\\\/zeromagazine.mx\\\/#website\",\"url\":\"https:\\\/\\\/zeromagazine.mx\\\/\",\"name\":\"Zero Magazine\",\"description\":\"\",\"publisher\":{\"@id\":\"https:\\\/\\\/zeromagazine.mx\\\/#organization\"},\"potentialAction\":[{\"@type\":\"SearchAction\",\"target\":{\"@type\":\"EntryPoint\",\"urlTemplate\":\"https:\\\/\\\/zeromagazine.mx\\\/?s={search_term_string}\"},\"query-input\":{\"@type\":\"PropertyValueSpecification\",\"valueRequired\":true,\"valueName\":\"search_term_string\"}}],\"inLanguage\":\"es\"},{\"@type\":\"Organization\",\"@id\":\"https:\\\/\\\/zeromagazine.mx\\\/#organization\",\"name\":\"Zero Magazine\",\"url\":\"https:\\\/\\\/zeromagazine.mx\\\/\",\"logo\":{\"@type\":\"ImageObject\",\"inLanguage\":\"es\",\"@id\":\"https:\\\/\\\/zeromagazine.mx\\\/#\\\/schema\\\/logo\\\/image\\\/\",\"url\":\"https:\\\/\\\/i0.wp.com\\\/zeromagazine.mx\\\/wp-content\\\/uploads\\\/2025\\\/11\\\/1.jpeg?fit=1000%2C1000&ssl=1\",\"contentUrl\":\"https:\\\/\\\/i0.wp.com\\\/zeromagazine.mx\\\/wp-content\\\/uploads\\\/2025\\\/11\\\/1.jpeg?fit=1000%2C1000&ssl=1\",\"width\":1000,\"height\":1000,\"caption\":\"Zero Magazine\"},\"image\":{\"@id\":\"https:\\\/\\\/zeromagazine.mx\\\/#\\\/schema\\\/logo\\\/image\\\/\"},\"sameAs\":[\"https:\\\/\\\/instagram.com\\\/zeromagazinemx\"]},{\"@type\":\"Person\",\"@id\":\"https:\\\/\\\/zeromagazine.mx\\\/#\\\/schema\\\/person\\\/9aed9f33a7c39af3a348b86d723f7773\",\"name\":\"zeromagazinemx\",\"image\":{\"@type\":\"ImageObject\",\"inLanguage\":\"es\",\"@id\":\"https:\\\/\\\/zeromagazine.mx\\\/wp-content\\\/litespeed\\\/avatar\\\/f91dfe5410d5dcb1a576bf8c45983896.jpg?ver=1777571230\",\"url\":\"https:\\\/\\\/zeromagazine.mx\\\/wp-content\\\/litespeed\\\/avatar\\\/f91dfe5410d5dcb1a576bf8c45983896.jpg?ver=1777571230\",\"contentUrl\":\"https:\\\/\\\/zeromagazine.mx\\\/wp-content\\\/litespeed\\\/avatar\\\/f91dfe5410d5dcb1a576bf8c45983896.jpg?ver=1777571230\",\"caption\":\"zeromagazinemx\"},\"url\":\"https:\\\/\\\/zeromagazine.mx\\\/index.php\\\/author\\\/zeromagazinemx\\\/\"}]}<\/script>\n<!-- \/ Yoast SEO plugin. -->","yoast_head_json":{"title":"\"Recuerdos Vivos: Celebrando con Estilo\" - Zero Magazine","robots":{"index":"index","follow":"follow","max-snippet":"max-snippet:-1","max-image-preview":"max-image-preview:large","max-video-preview":"max-video-preview:-1"},"canonical":"https:\/\/zeromagazine.mx\/index.php\/2024\/11\/02\/recuerdos-vivos-celebrando-con-estilo\/","og_locale":"es_ES","og_type":"article","og_title":"\"Recuerdos Vivos: Celebrando con Estilo\" - Zero Magazine","og_description":"\u00a1Hey, familia! \u00bfListos para hablar de algo que realmente importa? Con el D\u00eda de Muertos a la vuelta de la esquina, Cerveza Victoria est\u00e1 haciendo algo bien chido para honrar nuestras tradiciones. Este a\u00f1o, se vienen con el \u00abTianguis de los Recuerdos\u00bb, un evento que no solo es una celebraci\u00f3n, sino una oportunidad para recordar [&hellip;]","og_url":"https:\/\/zeromagazine.mx\/index.php\/2024\/11\/02\/recuerdos-vivos-celebrando-con-estilo\/","og_site_name":"Zero Magazine","article_published_time":"2024-11-01T23:30:26+00:00","og_image":[{"width":2560,"height":1708,"url":"http:\/\/zeromagazine.mx\/wp-content\/uploads\/2024\/11\/2_240828_Victoria_MZ_04_0538-scaled.jpg","type":"image\/jpeg"}],"author":"zeromagazinemx","twitter_card":"summary_large_image","twitter_misc":{"Escrito por":"zeromagazinemx","Tiempo de lectura":"5 minutos"},"schema":{"@context":"https:\/\/schema.org","@graph":[{"@type":"Article","@id":"https:\/\/zeromagazine.mx\/index.php\/2024\/11\/02\/recuerdos-vivos-celebrando-con-estilo\/#article","isPartOf":{"@id":"https:\/\/zeromagazine.mx\/index.php\/2024\/11\/02\/recuerdos-vivos-celebrando-con-estilo\/"},"author":{"name":"zeromagazinemx","@id":"https:\/\/zeromagazine.mx\/#\/schema\/person\/9aed9f33a7c39af3a348b86d723f7773"},"headline":"\u00abRecuerdos Vivos: Celebrando con Estilo\u00bb","datePublished":"2024-11-01T23:30:26+00:00","mainEntityOfPage":{"@id":"https:\/\/zeromagazine.mx\/index.php\/2024\/11\/02\/recuerdos-vivos-celebrando-con-estilo\/"},"wordCount":852,"commentCount":0,"publisher":{"@id":"https:\/\/zeromagazine.mx\/#organization"},"image":{"@id":"https:\/\/zeromagazine.mx\/index.php\/2024\/11\/02\/recuerdos-vivos-celebrando-con-estilo\/#primaryimage"},"thumbnailUrl":"https:\/\/i0.wp.com\/zeromagazine.mx\/wp-content\/uploads\/2024\/11\/2_240828_Victoria_MZ_04_0538-scaled.jpg?fit=2560%2C1708&ssl=1","keywords":["D\u00eda de muertos","Eventos y Festivales","Tianguis de los Recuerdos"],"articleSection":["Foodie"],"inLanguage":"es","potentialAction":[{"@type":"CommentAction","name":"Comment","target":["https:\/\/zeromagazine.mx\/index.php\/2024\/11\/02\/recuerdos-vivos-celebrando-con-estilo\/#respond"]}]},{"@type":"WebPage","@id":"https:\/\/zeromagazine.mx\/index.php\/2024\/11\/02\/recuerdos-vivos-celebrando-con-estilo\/","url":"https:\/\/zeromagazine.mx\/index.php\/2024\/11\/02\/recuerdos-vivos-celebrando-con-estilo\/","name":"\"Recuerdos Vivos: Celebrando con Estilo\" - Zero Magazine","isPartOf":{"@id":"https:\/\/zeromagazine.mx\/#website"},"primaryImageOfPage":{"@id":"https:\/\/zeromagazine.mx\/index.php\/2024\/11\/02\/recuerdos-vivos-celebrando-con-estilo\/#primaryimage"},"image":{"@id":"https:\/\/zeromagazine.mx\/index.php\/2024\/11\/02\/recuerdos-vivos-celebrando-con-estilo\/#primaryimage"},"thumbnailUrl":"https:\/\/i0.wp.com\/zeromagazine.mx\/wp-content\/uploads\/2024\/11\/2_240828_Victoria_MZ_04_0538-scaled.jpg?fit=2560%2C1708&ssl=1","datePublished":"2024-11-01T23:30:26+00:00","breadcrumb":{"@id":"https:\/\/zeromagazine.mx\/index.php\/2024\/11\/02\/recuerdos-vivos-celebrando-con-estilo\/#breadcrumb"},"inLanguage":"es","potentialAction":[{"@type":"ReadAction","target":["https:\/\/zeromagazine.mx\/index.php\/2024\/11\/02\/recuerdos-vivos-celebrando-con-estilo\/"]}]},{"@type":"ImageObject","inLanguage":"es","@id":"https:\/\/zeromagazine.mx\/index.php\/2024\/11\/02\/recuerdos-vivos-celebrando-con-estilo\/#primaryimage","url":"https:\/\/i0.wp.com\/zeromagazine.mx\/wp-content\/uploads\/2024\/11\/2_240828_Victoria_MZ_04_0538-scaled.jpg?fit=2560%2C1708&ssl=1","contentUrl":"https:\/\/i0.wp.com\/zeromagazine.mx\/wp-content\/uploads\/2024\/11\/2_240828_Victoria_MZ_04_0538-scaled.jpg?fit=2560%2C1708&ssl=1","width":2560,"height":1708},{"@type":"BreadcrumbList","@id":"https:\/\/zeromagazine.mx\/index.php\/2024\/11\/02\/recuerdos-vivos-celebrando-con-estilo\/#breadcrumb","itemListElement":[{"@type":"ListItem","position":1,"name":"Portada","item":"https:\/\/zeromagazine.mx\/"},{"@type":"ListItem","position":2,"name":"\u00abRecuerdos Vivos: Celebrando con Estilo\u00bb"}]},{"@type":"WebSite","@id":"https:\/\/zeromagazine.mx\/#website","url":"https:\/\/zeromagazine.mx\/","name":"Zero Magazine","description":"","publisher":{"@id":"https:\/\/zeromagazine.mx\/#organization"},"potentialAction":[{"@type":"SearchAction","target":{"@type":"EntryPoint","urlTemplate":"https:\/\/zeromagazine.mx\/?s={search_term_string}"},"query-input":{"@type":"PropertyValueSpecification","valueRequired":true,"valueName":"search_term_string"}}],"inLanguage":"es"},{"@type":"Organization","@id":"https:\/\/zeromagazine.mx\/#organization","name":"Zero Magazine","url":"https:\/\/zeromagazine.mx\/","logo":{"@type":"ImageObject","inLanguage":"es","@id":"https:\/\/zeromagazine.mx\/#\/schema\/logo\/image\/","url":"https:\/\/i0.wp.com\/zeromagazine.mx\/wp-content\/uploads\/2025\/11\/1.jpeg?fit=1000%2C1000&ssl=1","contentUrl":"https:\/\/i0.wp.com\/zeromagazine.mx\/wp-content\/uploads\/2025\/11\/1.jpeg?fit=1000%2C1000&ssl=1","width":1000,"height":1000,"caption":"Zero Magazine"},"image":{"@id":"https:\/\/zeromagazine.mx\/#\/schema\/logo\/image\/"},"sameAs":["https:\/\/instagram.com\/zeromagazinemx"]},{"@type":"Person","@id":"https:\/\/zeromagazine.mx\/#\/schema\/person\/9aed9f33a7c39af3a348b86d723f7773","name":"zeromagazinemx","image":{"@type":"ImageObject","inLanguage":"es","@id":"https:\/\/zeromagazine.mx\/wp-content\/litespeed\/avatar\/f91dfe5410d5dcb1a576bf8c45983896.jpg?ver=1777571230","url":"https:\/\/zeromagazine.mx\/wp-content\/litespeed\/avatar\/f91dfe5410d5dcb1a576bf8c45983896.jpg?ver=1777571230","contentUrl":"https:\/\/zeromagazine.mx\/wp-content\/litespeed\/avatar\/f91dfe5410d5dcb1a576bf8c45983896.jpg?ver=1777571230","caption":"zeromagazinemx"},"url":"https:\/\/zeromagazine.mx\/index.php\/author\/zeromagazinemx\/"}]}},"jetpack_publicize_connections":[],"jetpack_featured_media_url":"https:\/\/i0.wp.com\/zeromagazine.mx\/wp-content\/uploads\/2024\/11\/2_240828_Victoria_MZ_04_0538-scaled.jpg?fit=2560%2C1708&ssl=1","jetpack-related-posts":[{"id":88569,"url":"https:\/\/zeromagazine.mx\/index.php\/2024\/10\/28\/jazzatlan-dia-de-muertos-vibrante\/","url_meta":{"origin":89274,"position":0},"title":"\u00abJazzatl\u00e1n: D\u00eda de Muertos Vibrante\u00bb","author":"zeromagazinemx","date":"28 de octubre de 2024","format":false,"excerpt":"\u00bfEst\u00e1s listo para vivir una noche donde la m\u00fasica, la cultura y los recuerdos se mezclan en una vibra \u00fanica? Esta es la idea detr\u00e1s de\u00a0Jazzatl\u00e1n en Penumbras, el evento que promete conectar nuestros sentidos con el esp\u00edritu del D\u00eda de Muertos, esa celebraci\u00f3n m\u00e1gica reconocida por la UNESCO como\u2026","rel":"","context":"En \u00abEntretenimiento\u00bb","block_context":{"text":"Entretenimiento","link":"https:\/\/zeromagazine.mx\/index.php\/category\/entretenimiento\/"},"img":{"alt_text":"","src":"https:\/\/i0.wp.com\/zeromagazine.mx\/wp-content\/uploads\/2024\/10\/DSC_3392.png?fit=1200%2C800&ssl=1&resize=350%2C200","width":350,"height":200,"srcset":"https:\/\/i0.wp.com\/zeromagazine.mx\/wp-content\/uploads\/2024\/10\/DSC_3392.png?fit=1200%2C800&ssl=1&resize=350%2C200 1x, https:\/\/i0.wp.com\/zeromagazine.mx\/wp-content\/uploads\/2024\/10\/DSC_3392.png?fit=1200%2C800&ssl=1&resize=525%2C300 1.5x, https:\/\/i0.wp.com\/zeromagazine.mx\/wp-content\/uploads\/2024\/10\/DSC_3392.png?fit=1200%2C800&ssl=1&resize=700%2C400 2x, https:\/\/i0.wp.com\/zeromagazine.mx\/wp-content\/uploads\/2024\/10\/DSC_3392.png?fit=1200%2C800&ssl=1&resize=1050%2C600 3x"},"classes":[]},{"id":88657,"url":"https:\/\/zeromagazine.mx\/index.php\/2024\/10\/29\/fiesta-de-muertos-vibra-infinita\/","url_meta":{"origin":89274,"position":1},"title":"\u00abFiesta de Muertos: \u00a1Vibra Infinita!\u00bb","author":"zeromagazinemx","date":"29 de octubre de 2024","format":false,"excerpt":"\u00a1Hey, fam! \u00bfListos para una fiesta \u00e9pica? Este 2 de noviembre, Parque Plaza Sat\u00e9lite est\u00e1 tirando la casa por la ventana para celebrar su cuarto aniversario con una experiencia de D\u00eda de Muertos inolvidable\u00a0. La neta, el D\u00eda de Muertos es una de esas tradiciones que nos conecta con nuestras\u2026","rel":"","context":"En \u00abEntretenimiento\u00bb","block_context":{"text":"Entretenimiento","link":"https:\/\/zeromagazine.mx\/index.php\/category\/entretenimiento\/"},"img":{"alt_text":"","src":"https:\/\/i0.wp.com\/zeromagazine.mx\/wp-content\/uploads\/2024\/10\/PS_DIG_01_TWITTER_1024x512.jpg?fit=1025%2C513&ssl=1&resize=350%2C200","width":350,"height":200,"srcset":"https:\/\/i0.wp.com\/zeromagazine.mx\/wp-content\/uploads\/2024\/10\/PS_DIG_01_TWITTER_1024x512.jpg?fit=1025%2C513&ssl=1&resize=350%2C200 1x, https:\/\/i0.wp.com\/zeromagazine.mx\/wp-content\/uploads\/2024\/10\/PS_DIG_01_TWITTER_1024x512.jpg?fit=1025%2C513&ssl=1&resize=525%2C300 1.5x, https:\/\/i0.wp.com\/zeromagazine.mx\/wp-content\/uploads\/2024\/10\/PS_DIG_01_TWITTER_1024x512.jpg?fit=1025%2C513&ssl=1&resize=700%2C400 2x"},"classes":[]},{"id":89803,"url":"https:\/\/zeromagazine.mx\/index.php\/2024\/11\/07\/eternos-por-amor-vivelo\/","url_meta":{"origin":89274,"position":2},"title":"\u00abEternos por Amor: V\u00edvelo\u00bb","author":"zeromagazinemx","date":"7 de noviembre de 2024","format":false,"excerpt":"Si eres mexicano, sabes que una vida nunca es suficiente. No importa cu\u00e1ntas veces te re\u00fanas con tu gente, cu\u00e1ntas fiestas se armen, ni cu\u00e1ntas veces te sientas a la mesa con tu familia. Siempre hay un deseo de m\u00e1s. M\u00e1s tiempo, m\u00e1s historias, m\u00e1s memorias. Es como si el\u2026","rel":"","context":"En \u00abEntretenimiento\u00bb","block_context":{"text":"Entretenimiento","link":"https:\/\/zeromagazine.mx\/index.php\/category\/entretenimiento\/"},"img":{"alt_text":"","src":"https:\/\/i0.wp.com\/zeromagazine.mx\/wp-content\/uploads\/2024\/11\/Don-Julio-Eternos-por-amor-1.jpg?resize=350%2C200&ssl=1","width":350,"height":200},"classes":[]},{"id":89393,"url":"https:\/\/zeromagazine.mx\/index.php\/2024\/11\/05\/coco-fiesta-de-recuerdos-epicos\/","url_meta":{"origin":89274,"position":3},"title":"\u00abCoco: Fiesta de Recuerdos \u00c9picos\u00bb","author":"zeromagazinemx","date":"5 de noviembre de 2024","format":false,"excerpt":"El D\u00eda de Muertos es una de esas festividades que vibra con una energ\u00eda \u00fanica en M\u00e9xico. Este a\u00f1o, el ambiente se volvi\u00f3 a\u00fan m\u00e1s especial gracias a\u00a0\"Coco en concierto\": \"Una Fiesta para Recordar\"\u00a0que se llev\u00f3 a cabo en la famosa Plaza de Toros \"La M\u00e9xico\". Si no estuviste ah\u00ed,\u00a0no\u2026","rel":"","context":"En \u00abEntretenimiento\u00bb","block_context":{"text":"Entretenimiento","link":"https:\/\/zeromagazine.mx\/index.php\/category\/entretenimiento\/"},"img":{"alt_text":"","src":"https:\/\/i0.wp.com\/zeromagazine.mx\/wp-content\/uploads\/2024\/11\/PHOTO-2024-11-02-20-29-59-scaled.jpg?fit=1200%2C900&ssl=1&resize=350%2C200","width":350,"height":200,"srcset":"https:\/\/i0.wp.com\/zeromagazine.mx\/wp-content\/uploads\/2024\/11\/PHOTO-2024-11-02-20-29-59-scaled.jpg?fit=1200%2C900&ssl=1&resize=350%2C200 1x, https:\/\/i0.wp.com\/zeromagazine.mx\/wp-content\/uploads\/2024\/11\/PHOTO-2024-11-02-20-29-59-scaled.jpg?fit=1200%2C900&ssl=1&resize=525%2C300 1.5x, https:\/\/i0.wp.com\/zeromagazine.mx\/wp-content\/uploads\/2024\/11\/PHOTO-2024-11-02-20-29-59-scaled.jpg?fit=1200%2C900&ssl=1&resize=700%2C400 2x, https:\/\/i0.wp.com\/zeromagazine.mx\/wp-content\/uploads\/2024\/11\/PHOTO-2024-11-02-20-29-59-scaled.jpg?fit=1200%2C900&ssl=1&resize=1050%2C600 3x"},"classes":[]},{"id":88155,"url":"https:\/\/zeromagazine.mx\/index.php\/2024\/10\/22\/crea-tu-altar-unico\/","url_meta":{"origin":89274,"position":4},"title":"\u00abCrea Tu Altar \u00danico\u00bb","author":"zeromagazinemx","date":"22 de octubre de 2024","format":false,"excerpt":"\u00a1Hey, familia! El D\u00eda de Muertos ya est\u00e1 aqu\u00ed y es una de esas tradiciones que nos llenan el coraz\u00f3n. No se trata solo de recordar a nuestros seres queridos que ya no est\u00e1n; es una oportunidad para celebrar sus vidas y mantenerlos cerca de nosotros. \u00bfPor qu\u00e9 hacer un\u2026","rel":"","context":"En \u00abDise\u00f1o\u00bb","block_context":{"text":"Dise\u00f1o","link":"https:\/\/zeromagazine.mx\/index.php\/category\/diseno\/"},"img":{"alt_text":"","src":"https:\/\/i0.wp.com\/zeromagazine.mx\/wp-content\/uploads\/2024\/10\/altar.jpg?fit=1200%2C503&ssl=1&resize=350%2C200","width":350,"height":200,"srcset":"https:\/\/i0.wp.com\/zeromagazine.mx\/wp-content\/uploads\/2024\/10\/altar.jpg?fit=1200%2C503&ssl=1&resize=350%2C200 1x, https:\/\/i0.wp.com\/zeromagazine.mx\/wp-content\/uploads\/2024\/10\/altar.jpg?fit=1200%2C503&ssl=1&resize=525%2C300 1.5x, https:\/\/i0.wp.com\/zeromagazine.mx\/wp-content\/uploads\/2024\/10\/altar.jpg?fit=1200%2C503&ssl=1&resize=700%2C400 2x, https:\/\/i0.wp.com\/zeromagazine.mx\/wp-content\/uploads\/2024\/10\/altar.jpg?fit=1200%2C503&ssl=1&resize=1050%2C600 3x"},"classes":[]},{"id":90055,"url":"https:\/\/zeromagazine.mx\/index.php\/2024\/11\/01\/sabores-que-conectan-en-muertos\/","url_meta":{"origin":89274,"position":5},"title":"\u00abSabores que Conectan en Muertos\u00bb","author":"zeromagazinemx","date":"1 de noviembre de 2024","format":false,"excerpt":"El D\u00eda de Muertos es como el \"Thanksgiving\" mexicano pero elevado a otro nivel. Literal, no solo es una fiesta; es un ritual \u00e9pico donde se conectan los vivos con los que ya no est\u00e1n de una manera que mezcla el amor, la memoria y el sabor. Estos no son\u2026","rel":"","context":"En \u00abFoodie\u00bb","block_context":{"text":"Foodie","link":"https:\/\/zeromagazine.mx\/index.php\/category\/lifestyle\/foodie\/"},"img":{"alt_text":"","src":"https:\/\/i0.wp.com\/zeromagazine.mx\/wp-content\/uploads\/2024\/11\/Captura-de-pantalla-2024-11-11-a-las-12.07.03.png?fit=620%2C914&ssl=1&resize=350%2C200","width":350,"height":200,"srcset":"https:\/\/i0.wp.com\/zeromagazine.mx\/wp-content\/uploads\/2024\/11\/Captura-de-pantalla-2024-11-11-a-las-12.07.03.png?fit=620%2C914&ssl=1&resize=350%2C200 1x, https:\/\/i0.wp.com\/zeromagazine.mx\/wp-content\/uploads\/2024\/11\/Captura-de-pantalla-2024-11-11-a-las-12.07.03.png?fit=620%2C914&ssl=1&resize=525%2C300 1.5x"},"classes":[]}],"jetpack_sharing_enabled":true,"builder_content":"","_links":{"self":[{"href":"https:\/\/zeromagazine.mx\/index.php\/wp-json\/wp\/v2\/posts\/89274","targetHints":{"allow":["GET"]}}],"collection":[{"href":"https:\/\/zeromagazine.mx\/index.php\/wp-json\/wp\/v2\/posts"}],"about":[{"href":"https:\/\/zeromagazine.mx\/index.php\/wp-json\/wp\/v2\/types\/post"}],"author":[{"embeddable":true,"href":"https:\/\/zeromagazine.mx\/index.php\/wp-json\/wp\/v2\/users\/2"}],"replies":[{"embeddable":true,"href":"https:\/\/zeromagazine.mx\/index.php\/wp-json\/wp\/v2\/comments?post=89274"}],"version-history":[{"count":1,"href":"https:\/\/zeromagazine.mx\/index.php\/wp-json\/wp\/v2\/posts\/89274\/revisions"}],"predecessor-version":[{"id":89278,"href":"https:\/\/zeromagazine.mx\/index.php\/wp-json\/wp\/v2\/posts\/89274\/revisions\/89278"}],"wp:featuredmedia":[{"embeddable":true,"href":"https:\/\/zeromagazine.mx\/index.php\/wp-json\/wp\/v2\/media\/89275"}],"wp:attachment":[{"href":"https:\/\/zeromagazine.mx\/index.php\/wp-json\/wp\/v2\/media?parent=89274"}],"wp:term":[{"taxonomy":"category","embeddable":true,"href":"https:\/\/zeromagazine.mx\/index.php\/wp-json\/wp\/v2\/categories?post=89274"},{"taxonomy":"post_tag","embeddable":true,"href":"https:\/\/zeromagazine.mx\/index.php\/wp-json\/wp\/v2\/tags?post=89274"}],"curies":[{"name":"wp","href":"https:\/\/api.w.org\/{rel}","templated":true}]}}