{"id":89471,"date":"2024-11-06T18:17:50","date_gmt":"2024-11-06T17:17:50","guid":{"rendered":"https:\/\/zeromagazine.mx\/?p=89471"},"modified":"2024-11-06T18:23:34","modified_gmt":"2024-11-06T17:23:34","slug":"im-pretty-el-nuevo-ep-de-la-favi","status":"publish","type":"post","link":"https:\/\/zeromagazine.mx\/index.php\/2024\/11\/06\/im-pretty-el-nuevo-ep-de-la-favi\/","title":{"rendered":"\u00abI\u2019m Pretty: El Nuevo EP de La Favi\u00bb"},"content":{"rendered":"<p>\u00a1Holaaa, amigxs! Hoy les traigo algo que est\u00e1 haciendo mucho ruido en la escena underground, sobre todo si eres fan del new wave. \u00bfYa escucharon I\u2019m Pretty, el nuevo EP de La Favi? Si no, necesitan darle play ya. Esta chica est\u00e1 rompiendo con todo, y con su nueva colaboraci\u00f3n con el productor franc\u00e9s Rosaliedu38, nos trae un material que te agarra el alma, con emociones bien crudas, profundas y, sobre todo, s\u00faper reales.<\/p>\n\n\n\n<p>Este EP no es solo un conjunto de canciones, es una declaraci\u00f3n de principios. I\u2019m Pretty nos lleva por un viaje sonoro en el que tocamos temas como el amor, la seducci\u00f3n, el trauma, la autodestrucci\u00f3n y, al final, esa tan deseada libertad. Es como una mezcla de sentimientos tan intensos que es imposible no sentirte identificado. \u00bfQui\u00e9n no ha tenido esas luchas internas? Esos momentos en los que todo parece irse a la basura, pero hay una chispa de esperanza al final. Pues La Favi lo transmite todo con su voz \u00fanica.<\/p>\n\n\n<div class=\"wp-block-image\">\n<figure class=\"aligncenter size-full\"><img data-recalc-dims=\"1\" decoding=\"async\" width=\"1080\" height=\"1080\" src=\"https:\/\/i0.wp.com\/zeromagazine.mx\/wp-content\/uploads\/2024\/11\/unnamed-63.jpg?resize=1080%2C1080&#038;ssl=1\" alt=\"La Favi lanza I\u2019m Pretty, un EP lleno de emoci\u00f3n y autenticidad, donde la melancol\u00eda se encuentra con la esperanza a trav\u00e9s de un sonido experimental que marca su huella en la escena musical.\" class=\"wp-image-89473\" srcset=\"https:\/\/i0.wp.com\/zeromagazine.mx\/wp-content\/uploads\/2024\/11\/unnamed-63.jpg?w=1080&amp;ssl=1 1080w, https:\/\/i0.wp.com\/zeromagazine.mx\/wp-content\/uploads\/2024\/11\/unnamed-63.jpg?resize=300%2C300&amp;ssl=1 300w, https:\/\/i0.wp.com\/zeromagazine.mx\/wp-content\/uploads\/2024\/11\/unnamed-63.jpg?resize=1024%2C1024&amp;ssl=1 1024w, https:\/\/i0.wp.com\/zeromagazine.mx\/wp-content\/uploads\/2024\/11\/unnamed-63.jpg?resize=150%2C150&amp;ssl=1 150w, https:\/\/i0.wp.com\/zeromagazine.mx\/wp-content\/uploads\/2024\/11\/unnamed-63.jpg?resize=768%2C768&amp;ssl=1 768w\" sizes=\"(max-width: 1080px) 100vw, 1080px\" \/><\/figure>\n<\/div>\n\n\n<p><\/p>\n\n\n\n<p><\/p>\n\n\n\n<p>Ya est\u00e1 causando sensaci\u00f3n en la escena underground de Par\u00eds, y no es por nada. Las letras melanc\u00f3licas de La Favi, con ese toque introspectivo, han dejado huella mundial. Sus rolas tienen algo que te hace reflexionar, pero al mismo tiempo te atrapan con su sonido fresco y experimental. Te juro que es de esos discos que escuchas una vez y no puedes dejar de repetir, porque tiene algo que te engancha. Ya est\u00e1 dejando su marca como un cl\u00e1sico moderno del new wave.<\/p>\n\n\n\n<h2 class=\"wp-block-heading\">La Vulnerabilidad de \u201cSola en la Ciudad\u201d<\/h2>\n\n\n\n<p>Ahora, si hablamos de I\u2019m Pretty, el track que est\u00e1 arrasando es Sola en la Ciudad, y no es coincidencia que sea el principal del EP. En esta rola, La Favi nos abre su coraz\u00f3n y nos cuenta una historia de vulnerabilidad, de haberse entregado por completo a alguien solo para terminar enfrentando la soledad. Nos lleva a ese punto de estar completamente perdidxs despu\u00e9s de un amor que se fue, pero tambi\u00e9n nos da esa fuerza para levantarnos.<\/p>\n\n\n\n<figure class=\"wp-block-embed aligncenter is-type-video is-provider-youtube wp-block-embed-youtube wp-embed-aspect-16-9 wp-has-aspect-ratio\"><div class=\"wp-block-embed__wrapper\">\n<div class=\"post-video\"><iframe title=\"La Favi, Rosalie du 38- Sola en la ciudad\" width=\"1165\" height=\"655\" src=\"https:\/\/www.youtube.com\/embed\/trV9DX7l_LI?feature=oembed\" frameborder=\"0\" allow=\"accelerometer; autoplay; clipboard-write; encrypted-media; gyroscope; picture-in-picture; web-share\" referrerpolicy=\"strict-origin-when-cross-origin\" allowfullscreen><\/iframe><\/div>\n<\/div><\/figure>\n\n\n\n<p><\/p>\n\n\n\n<p>Y aunque la letra est\u00e1 s\u00faper cargada emocionalmente, la producci\u00f3n de Rosaliedu38 le da un giro inesperado. En lugar de hundirnos en la tristeza, nos lleva por un viaje sonoro donde se mezcla rock, pop, hip-hop y new wave, d\u00e1ndole un toque de esperanza. La voz de La Favi brilla como un faro, gui\u00e1ndonos en medio del caos emocional, con un toque de resiliencia que nos recuerda que, aunque estemos rotos, siempre hay chance de reconstruirnos.<\/p>\n\n\n\n<script async src=\"https:\/\/pagead2.googlesyndication.com\/pagead\/js\/adsbygoogle.js?client=ca-pub-5499304793904745\"\n     crossorigin=\"anonymous\"><\/script>\n<ins class=\"adsbygoogle\"\n     style=\"display:block; text-align:center;\"\n     data-ad-layout=\"in-article\"\n     data-ad-format=\"fluid\"\n     data-ad-client=\"ca-pub-5499304793904745\"\n     data-ad-slot=\"5994863093\"><\/ins>\n<script>\n     (adsbygoogle = window.adsbygoogle || []).push({});\n<\/script>\n\n\n\n<p><\/p>\n\n\n\n<p>Lo que tiene de poderoso Sola en la Ciudad es que no solo habla de la p\u00e9rdida, sino tambi\u00e9n de la reconstrucci\u00f3n personal. \u00bfQui\u00e9n no ha estado ah\u00ed, en ese momento en el que todo parece caerse, pero la resiliencia te permite seguir adelante? Es como un recordatorio de que, s\u00ed, pasaste por algo dif\u00edcil, pero tambi\u00e9n es la oportunidad perfecta para encontrarte contigo mismx. Y todo eso, con una producci\u00f3n que te hace mover los pies. Aunque la rola tiene su parte triste, tiene una vibra positiva que te impulsa a mirar el futuro con otros ojos.<\/p>\n\n\n\n<h2 class=\"wp-block-heading\">El Sonido de La Favi<\/h2>\n\n\n\n<p>Lo que hace que I\u2019m Pretty sea tan especial no solo est\u00e1 en las letras, sino tambi\u00e9n en c\u00f3mo La Favi ha logrado fusionar g\u00e9neros y estilos que no tendr\u00edan por qu\u00e9 encajar, pero lo hacen de una manera incre\u00edble. El trabajo de Rosaliedu38 en la producci\u00f3n le da un toque experimental que hace que este EP se sienta fresco y diferente. La mezcla de rock, hip-hop y new wave crea una atm\u00f3sfera \u00fanica en cada tema, y las canciones fluyen con tanta naturalidad que te enganchan desde el primer segundo.<\/p>\n\n\n<div class=\"wp-block-image\">\n<figure class=\"aligncenter size-large\"><img data-recalc-dims=\"1\" decoding=\"async\" width=\"1024\" height=\"1024\" src=\"https:\/\/i0.wp.com\/zeromagazine.mx\/wp-content\/uploads\/2024\/11\/I%C2%B4M-PRETTY-3-1024x1024.jpg?resize=1024%2C1024\" alt=\"La Favi presenta su m\u00e1s reciente EP I\u2019m Pretty, donde mezcla melod\u00edas melanc\u00f3licas y sonidos contempor\u00e1neos para contar una historia de autodescubrimiento y resiliencia.\" class=\"wp-image-89472\" srcset=\"https:\/\/i0.wp.com\/zeromagazine.mx\/wp-content\/uploads\/2024\/11\/I%C2%B4M-PRETTY-3.jpg?resize=1024%2C1024&amp;ssl=1 1024w, https:\/\/i0.wp.com\/zeromagazine.mx\/wp-content\/uploads\/2024\/11\/I%C2%B4M-PRETTY-3.jpg?resize=300%2C300&amp;ssl=1 300w, https:\/\/i0.wp.com\/zeromagazine.mx\/wp-content\/uploads\/2024\/11\/I%C2%B4M-PRETTY-3.jpg?resize=150%2C150&amp;ssl=1 150w, https:\/\/i0.wp.com\/zeromagazine.mx\/wp-content\/uploads\/2024\/11\/I%C2%B4M-PRETTY-3.jpg?resize=768%2C768&amp;ssl=1 768w, https:\/\/i0.wp.com\/zeromagazine.mx\/wp-content\/uploads\/2024\/11\/I%C2%B4M-PRETTY-3.jpg?resize=70%2C70&amp;ssl=1 70w, https:\/\/i0.wp.com\/zeromagazine.mx\/wp-content\/uploads\/2024\/11\/I%C2%B4M-PRETTY-3.jpg?resize=47%2C48&amp;ssl=1 47w, https:\/\/i0.wp.com\/zeromagazine.mx\/wp-content\/uploads\/2024\/11\/I%C2%B4M-PRETTY-3.jpg?w=1080&amp;ssl=1 1080w\" sizes=\"(max-width: 1024px) 100vw, 1024px\" \/><\/figure>\n<\/div>\n\n\n<p><\/p>\n\n\n\n<p><\/p>\n\n\n\n<p>Y claro, la voz de La Favi tiene ese algo que la hace inconfundible. No es solo su tono, sino c\u00f3mo entrega cada palabra, cada verso, como si estuviera compartiendo sus pensamientos m\u00e1s \u00edntimos. Es como si nos dejara escuchar su alma, pero sin que sea una carga emocional imposible de soportar. Esa vulnerabilidad es lo que la convierte en una voz aut\u00e9ntica, y eso la hace tan especial en la m\u00fasica hoy.<\/p>\n\n\n\n<script async src=\"https:\/\/pagead2.googlesyndication.com\/pagead\/js\/adsbygoogle.js?client=ca-pub-5499304793904745\"\r\n     crossorigin=\"anonymous\"><\/script>\r\n<ins class=\"adsbygoogle\"\r\n     style=\"display:block; text-align:center;\"\r\n     data-ad-layout=\"in-article\"\r\n     data-ad-format=\"fluid\"\r\n     data-ad-client=\"ca-pub-5499304793904745\"\r\n     data-ad-slot=\"5994863093\"><\/ins>\r\n<script>\r\n     (adsbygoogle = window.adsbygoogle || []).push({});\r\n<\/script>\n\n\n\n<p><\/p>\n\n\n\n<p>En un mundo musical donde todo suena igual, La Favi destaca porque no tiene miedo de ser ella misma, de compartir sus miedos y deseos sin filtros. Su m\u00fasica no busca complacer a todos, sino conectar con aquellxs que han vivido algo similar. Y al final, todos podemos encontrar algo de nosotros en sus rolas, y eso es lo que las hace tan especiales.<\/p>\n\n\n\n<h2 class=\"wp-block-heading\">Un Cl\u00e1sico Contempor\u00e1neo del New Wave<\/h2>\n\n\n\n<p>Si te preguntas qu\u00e9 hace tan importante a I\u2019m Pretty, la respuesta es f\u00e1cil: este EP no solo est\u00e1 conquistando la escena underground, est\u00e1 creando su propio espacio en el new wave. Es una mezcla de sonidos vintage y modernos que, lejos de ser una copia de lo que ya hemos escuchado, aporta algo nuevo y fresco al g\u00e9nero. La Favi ha logrado fusionar lo mejor de ambos mundos, creando algo que, aunque experimental, sigue siendo accesible para todos los oyentes.<\/p>\n\n\n\n<script async src=\"https:\/\/pagead2.googlesyndication.com\/pagead\/js\/adsbygoogle.js?client=ca-pub-5499304793904745\"\r\n     crossorigin=\"anonymous\"><\/script>\r\n<ins class=\"adsbygoogle\"\r\n     style=\"display:block; text-align:center;\"\r\n     data-ad-layout=\"in-article\"\r\n     data-ad-format=\"fluid\"\r\n     data-ad-client=\"ca-pub-5499304793904745\"\r\n     data-ad-slot=\"5994863093\"><\/ins>\r\n<script>\r\n     (adsbygoogle = window.adsbygoogle || []).push({});\r\n<\/script>\n\n\n\n<p><\/p>\n\n\n\n<p>Lo m\u00e1s interesante es que, a pesar de estar bien metida en ese rollo underground, La Favi ha logrado que su m\u00fasica llegue mucho m\u00e1s all\u00e1 de esos c\u00edrculos cerrados. La gente empieza a verla como una artista que no tiene miedo de explorar nuevos sonidos, de abrir su alma y compartirla con el mundo. Y s\u00ed, I\u2019m Pretty ha puesto su nombre en la mesa de los grandes del new wave, consolid\u00e1ndose como una figura que, sin duda, seguir\u00e1 dando de qu\u00e9 hablar.<\/p>\n\n\n\n<p>As\u00ed que si no le han dado play todav\u00eda, \u00a1ya es hora de que lo hagan! La Favi est\u00e1 para quedarse, y su m\u00fasica es un recordatorio de que, a pesar de las ca\u00eddas, siempre hay espacio para renacer y seguir adelante con todo.<\/p>\n\n<!--themify_builder_content-->\n<div id=\"themify_builder_content-89471\" data-postid=\"89471\" class=\"themify_builder_content themify_builder_content-89471 themify_builder tf_clear\">\n    <\/div>\n<!--\/themify_builder_content-->","protected":false},"excerpt":{"rendered":"<p>\u00a1Holaaa, amigxs! Hoy les traigo algo que est\u00e1 haciendo mucho ruido en la escena underground, sobre todo si eres fan del new wave. \u00bfYa escucharon I\u2019m Pretty, el nuevo EP de La Favi? Si no, necesitan darle play ya. Esta chica est\u00e1 rompiendo con todo, y con su nueva colaboraci\u00f3n con el productor franc\u00e9s Rosaliedu38, [&hellip;]<\/p>\n","protected":false},"author":2,"featured_media":89472,"comment_status":"open","ping_status":"open","sticky":false,"template":"","format":"standard","meta":{"_jetpack_memberships_contains_paid_content":false,"footnotes":"","jetpack_publicize_message":"","jetpack_publicize_feature_enabled":true,"jetpack_social_post_already_shared":true,"jetpack_social_options":{"image_generator_settings":{"template":"highway","default_image_id":0,"font":"","enabled":false},"version":2}},"categories":[117],"tags":[11335,11334,11336],"class_list":["post-89471","post","type-post","status-publish","format-standard","has-post-thumbnail","hentry","category-entretenimiento","tag-la-favi","tag-nuevo-ep-im-pretty","tag-rosaliedu38","has-post-title","has-post-date","has-post-category","has-post-tag","has-post-comment","has-post-author",""],"yoast_head":"<!-- This site is optimized with the Yoast SEO plugin v27.4 - https:\/\/yoast.com\/product\/yoast-seo-wordpress\/ -->\n<title>&quot;I\u2019m Pretty: El Nuevo EP de La Favi&quot; - Zero Magazine<\/title>\n<meta name=\"description\" content=\"Con I\u2019m Pretty, La Favi nos muestra su alma a trav\u00e9s de letras profundas y una producci\u00f3n experimental de Rosaliedu38, explorando temas de amor, soledad y libertad.\" \/>\n<meta name=\"robots\" content=\"index, follow, max-snippet:-1, max-image-preview:large, max-video-preview:-1\" \/>\n<link rel=\"canonical\" href=\"https:\/\/zeromagazine.mx\/index.php\/2024\/11\/06\/im-pretty-el-nuevo-ep-de-la-favi\/\" \/>\n<meta property=\"og:locale\" content=\"es_ES\" \/>\n<meta property=\"og:type\" content=\"article\" \/>\n<meta property=\"og:title\" content=\"&quot;I\u2019m Pretty: El Nuevo EP de La Favi&quot; - Zero Magazine\" \/>\n<meta property=\"og:description\" content=\"Con I\u2019m Pretty, La Favi nos muestra su alma a trav\u00e9s de letras profundas y una producci\u00f3n experimental de Rosaliedu38, explorando temas de amor, soledad y libertad.\" \/>\n<meta property=\"og:url\" content=\"https:\/\/zeromagazine.mx\/index.php\/2024\/11\/06\/im-pretty-el-nuevo-ep-de-la-favi\/\" \/>\n<meta property=\"og:site_name\" content=\"Zero Magazine\" \/>\n<meta property=\"article:published_time\" content=\"2024-11-06T17:17:50+00:00\" \/>\n<meta property=\"article:modified_time\" content=\"2024-11-06T17:23:34+00:00\" \/>\n<meta property=\"og:image\" content=\"http:\/\/zeromagazine.mx\/wp-content\/uploads\/2024\/11\/I\u00b4M-PRETTY-3.jpg\" \/>\n\t<meta property=\"og:image:width\" content=\"1080\" \/>\n\t<meta property=\"og:image:height\" content=\"1080\" \/>\n\t<meta property=\"og:image:type\" content=\"image\/jpeg\" \/>\n<meta name=\"author\" content=\"zeromagazinemx\" \/>\n<meta name=\"twitter:card\" content=\"summary_large_image\" \/>\n<meta name=\"twitter:label1\" content=\"Escrito por\" \/>\n\t<meta name=\"twitter:data1\" content=\"zeromagazinemx\" \/>\n\t<meta name=\"twitter:label2\" content=\"Tiempo de lectura\" \/>\n\t<meta name=\"twitter:data2\" content=\"6 minutos\" \/>\n<script type=\"application\/ld+json\" class=\"yoast-schema-graph\">{\"@context\":\"https:\\\/\\\/schema.org\",\"@graph\":[{\"@type\":\"Article\",\"@id\":\"https:\\\/\\\/zeromagazine.mx\\\/index.php\\\/2024\\\/11\\\/06\\\/im-pretty-el-nuevo-ep-de-la-favi\\\/#article\",\"isPartOf\":{\"@id\":\"https:\\\/\\\/zeromagazine.mx\\\/index.php\\\/2024\\\/11\\\/06\\\/im-pretty-el-nuevo-ep-de-la-favi\\\/\"},\"author\":{\"name\":\"zeromagazinemx\",\"@id\":\"https:\\\/\\\/zeromagazine.mx\\\/#\\\/schema\\\/person\\\/9aed9f33a7c39af3a348b86d723f7773\"},\"headline\":\"\u00abI\u2019m Pretty: El Nuevo EP de La Favi\u00bb\",\"datePublished\":\"2024-11-06T17:17:50+00:00\",\"dateModified\":\"2024-11-06T17:23:34+00:00\",\"mainEntityOfPage\":{\"@id\":\"https:\\\/\\\/zeromagazine.mx\\\/index.php\\\/2024\\\/11\\\/06\\\/im-pretty-el-nuevo-ep-de-la-favi\\\/\"},\"wordCount\":1035,\"commentCount\":0,\"publisher\":{\"@id\":\"https:\\\/\\\/zeromagazine.mx\\\/#organization\"},\"image\":{\"@id\":\"https:\\\/\\\/zeromagazine.mx\\\/index.php\\\/2024\\\/11\\\/06\\\/im-pretty-el-nuevo-ep-de-la-favi\\\/#primaryimage\"},\"thumbnailUrl\":\"https:\\\/\\\/i0.wp.com\\\/zeromagazine.mx\\\/wp-content\\\/uploads\\\/2024\\\/11\\\/I%C2%B4M-PRETTY-3.jpg?fit=1080%2C1080&ssl=1\",\"keywords\":[\"La Favi\",\"NUEVO EP \\\"I'M PRETTY\\\"\",\"Rosaliedu38\"],\"articleSection\":[\"Entretenimiento\"],\"inLanguage\":\"es\",\"potentialAction\":[{\"@type\":\"CommentAction\",\"name\":\"Comment\",\"target\":[\"https:\\\/\\\/zeromagazine.mx\\\/index.php\\\/2024\\\/11\\\/06\\\/im-pretty-el-nuevo-ep-de-la-favi\\\/#respond\"]}]},{\"@type\":\"WebPage\",\"@id\":\"https:\\\/\\\/zeromagazine.mx\\\/index.php\\\/2024\\\/11\\\/06\\\/im-pretty-el-nuevo-ep-de-la-favi\\\/\",\"url\":\"https:\\\/\\\/zeromagazine.mx\\\/index.php\\\/2024\\\/11\\\/06\\\/im-pretty-el-nuevo-ep-de-la-favi\\\/\",\"name\":\"\\\"I\u2019m Pretty: El Nuevo EP de La Favi\\\" - Zero Magazine\",\"isPartOf\":{\"@id\":\"https:\\\/\\\/zeromagazine.mx\\\/#website\"},\"primaryImageOfPage\":{\"@id\":\"https:\\\/\\\/zeromagazine.mx\\\/index.php\\\/2024\\\/11\\\/06\\\/im-pretty-el-nuevo-ep-de-la-favi\\\/#primaryimage\"},\"image\":{\"@id\":\"https:\\\/\\\/zeromagazine.mx\\\/index.php\\\/2024\\\/11\\\/06\\\/im-pretty-el-nuevo-ep-de-la-favi\\\/#primaryimage\"},\"thumbnailUrl\":\"https:\\\/\\\/i0.wp.com\\\/zeromagazine.mx\\\/wp-content\\\/uploads\\\/2024\\\/11\\\/I%C2%B4M-PRETTY-3.jpg?fit=1080%2C1080&ssl=1\",\"datePublished\":\"2024-11-06T17:17:50+00:00\",\"dateModified\":\"2024-11-06T17:23:34+00:00\",\"description\":\"Con I\u2019m Pretty, La Favi nos muestra su alma a trav\u00e9s de letras profundas y una producci\u00f3n experimental de Rosaliedu38, explorando temas de amor, soledad y libertad.\",\"breadcrumb\":{\"@id\":\"https:\\\/\\\/zeromagazine.mx\\\/index.php\\\/2024\\\/11\\\/06\\\/im-pretty-el-nuevo-ep-de-la-favi\\\/#breadcrumb\"},\"inLanguage\":\"es\",\"potentialAction\":[{\"@type\":\"ReadAction\",\"target\":[\"https:\\\/\\\/zeromagazine.mx\\\/index.php\\\/2024\\\/11\\\/06\\\/im-pretty-el-nuevo-ep-de-la-favi\\\/\"]}]},{\"@type\":\"ImageObject\",\"inLanguage\":\"es\",\"@id\":\"https:\\\/\\\/zeromagazine.mx\\\/index.php\\\/2024\\\/11\\\/06\\\/im-pretty-el-nuevo-ep-de-la-favi\\\/#primaryimage\",\"url\":\"https:\\\/\\\/i0.wp.com\\\/zeromagazine.mx\\\/wp-content\\\/uploads\\\/2024\\\/11\\\/I%C2%B4M-PRETTY-3.jpg?fit=1080%2C1080&ssl=1\",\"contentUrl\":\"https:\\\/\\\/i0.wp.com\\\/zeromagazine.mx\\\/wp-content\\\/uploads\\\/2024\\\/11\\\/I%C2%B4M-PRETTY-3.jpg?fit=1080%2C1080&ssl=1\",\"width\":1080,\"height\":1080},{\"@type\":\"BreadcrumbList\",\"@id\":\"https:\\\/\\\/zeromagazine.mx\\\/index.php\\\/2024\\\/11\\\/06\\\/im-pretty-el-nuevo-ep-de-la-favi\\\/#breadcrumb\",\"itemListElement\":[{\"@type\":\"ListItem\",\"position\":1,\"name\":\"Portada\",\"item\":\"https:\\\/\\\/zeromagazine.mx\\\/\"},{\"@type\":\"ListItem\",\"position\":2,\"name\":\"\u00abI\u2019m Pretty: El Nuevo EP de La Favi\u00bb\"}]},{\"@type\":\"WebSite\",\"@id\":\"https:\\\/\\\/zeromagazine.mx\\\/#website\",\"url\":\"https:\\\/\\\/zeromagazine.mx\\\/\",\"name\":\"Zero Magazine\",\"description\":\"\",\"publisher\":{\"@id\":\"https:\\\/\\\/zeromagazine.mx\\\/#organization\"},\"potentialAction\":[{\"@type\":\"SearchAction\",\"target\":{\"@type\":\"EntryPoint\",\"urlTemplate\":\"https:\\\/\\\/zeromagazine.mx\\\/?s={search_term_string}\"},\"query-input\":{\"@type\":\"PropertyValueSpecification\",\"valueRequired\":true,\"valueName\":\"search_term_string\"}}],\"inLanguage\":\"es\"},{\"@type\":\"Organization\",\"@id\":\"https:\\\/\\\/zeromagazine.mx\\\/#organization\",\"name\":\"Zero Magazine\",\"url\":\"https:\\\/\\\/zeromagazine.mx\\\/\",\"logo\":{\"@type\":\"ImageObject\",\"inLanguage\":\"es\",\"@id\":\"https:\\\/\\\/zeromagazine.mx\\\/#\\\/schema\\\/logo\\\/image\\\/\",\"url\":\"https:\\\/\\\/i0.wp.com\\\/zeromagazine.mx\\\/wp-content\\\/uploads\\\/2025\\\/11\\\/1.jpeg?fit=1000%2C1000&ssl=1\",\"contentUrl\":\"https:\\\/\\\/i0.wp.com\\\/zeromagazine.mx\\\/wp-content\\\/uploads\\\/2025\\\/11\\\/1.jpeg?fit=1000%2C1000&ssl=1\",\"width\":1000,\"height\":1000,\"caption\":\"Zero Magazine\"},\"image\":{\"@id\":\"https:\\\/\\\/zeromagazine.mx\\\/#\\\/schema\\\/logo\\\/image\\\/\"},\"sameAs\":[\"https:\\\/\\\/instagram.com\\\/zeromagazinemx\"]},{\"@type\":\"Person\",\"@id\":\"https:\\\/\\\/zeromagazine.mx\\\/#\\\/schema\\\/person\\\/9aed9f33a7c39af3a348b86d723f7773\",\"name\":\"zeromagazinemx\",\"image\":{\"@type\":\"ImageObject\",\"inLanguage\":\"es\",\"@id\":\"https:\\\/\\\/zeromagazine.mx\\\/wp-content\\\/litespeed\\\/avatar\\\/f91dfe5410d5dcb1a576bf8c45983896.jpg?ver=1776966396\",\"url\":\"https:\\\/\\\/zeromagazine.mx\\\/wp-content\\\/litespeed\\\/avatar\\\/f91dfe5410d5dcb1a576bf8c45983896.jpg?ver=1776966396\",\"contentUrl\":\"https:\\\/\\\/zeromagazine.mx\\\/wp-content\\\/litespeed\\\/avatar\\\/f91dfe5410d5dcb1a576bf8c45983896.jpg?ver=1776966396\",\"caption\":\"zeromagazinemx\"},\"url\":\"https:\\\/\\\/zeromagazine.mx\\\/index.php\\\/author\\\/zeromagazinemx\\\/\"}]}<\/script>\n<!-- \/ Yoast SEO plugin. -->","yoast_head_json":{"title":"\"I\u2019m Pretty: El Nuevo EP de La Favi\" - Zero Magazine","description":"Con I\u2019m Pretty, La Favi nos muestra su alma a trav\u00e9s de letras profundas y una producci\u00f3n experimental de Rosaliedu38, explorando temas de amor, soledad y libertad.","robots":{"index":"index","follow":"follow","max-snippet":"max-snippet:-1","max-image-preview":"max-image-preview:large","max-video-preview":"max-video-preview:-1"},"canonical":"https:\/\/zeromagazine.mx\/index.php\/2024\/11\/06\/im-pretty-el-nuevo-ep-de-la-favi\/","og_locale":"es_ES","og_type":"article","og_title":"\"I\u2019m Pretty: El Nuevo EP de La Favi\" - Zero Magazine","og_description":"Con I\u2019m Pretty, La Favi nos muestra su alma a trav\u00e9s de letras profundas y una producci\u00f3n experimental de Rosaliedu38, explorando temas de amor, soledad y libertad.","og_url":"https:\/\/zeromagazine.mx\/index.php\/2024\/11\/06\/im-pretty-el-nuevo-ep-de-la-favi\/","og_site_name":"Zero Magazine","article_published_time":"2024-11-06T17:17:50+00:00","article_modified_time":"2024-11-06T17:23:34+00:00","og_image":[{"width":1080,"height":1080,"url":"http:\/\/zeromagazine.mx\/wp-content\/uploads\/2024\/11\/I\u00b4M-PRETTY-3.jpg","type":"image\/jpeg"}],"author":"zeromagazinemx","twitter_card":"summary_large_image","twitter_misc":{"Escrito por":"zeromagazinemx","Tiempo de lectura":"6 minutos"},"schema":{"@context":"https:\/\/schema.org","@graph":[{"@type":"Article","@id":"https:\/\/zeromagazine.mx\/index.php\/2024\/11\/06\/im-pretty-el-nuevo-ep-de-la-favi\/#article","isPartOf":{"@id":"https:\/\/zeromagazine.mx\/index.php\/2024\/11\/06\/im-pretty-el-nuevo-ep-de-la-favi\/"},"author":{"name":"zeromagazinemx","@id":"https:\/\/zeromagazine.mx\/#\/schema\/person\/9aed9f33a7c39af3a348b86d723f7773"},"headline":"\u00abI\u2019m Pretty: El Nuevo EP de La Favi\u00bb","datePublished":"2024-11-06T17:17:50+00:00","dateModified":"2024-11-06T17:23:34+00:00","mainEntityOfPage":{"@id":"https:\/\/zeromagazine.mx\/index.php\/2024\/11\/06\/im-pretty-el-nuevo-ep-de-la-favi\/"},"wordCount":1035,"commentCount":0,"publisher":{"@id":"https:\/\/zeromagazine.mx\/#organization"},"image":{"@id":"https:\/\/zeromagazine.mx\/index.php\/2024\/11\/06\/im-pretty-el-nuevo-ep-de-la-favi\/#primaryimage"},"thumbnailUrl":"https:\/\/i0.wp.com\/zeromagazine.mx\/wp-content\/uploads\/2024\/11\/I%C2%B4M-PRETTY-3.jpg?fit=1080%2C1080&ssl=1","keywords":["La Favi","NUEVO EP \"I'M PRETTY\"","Rosaliedu38"],"articleSection":["Entretenimiento"],"inLanguage":"es","potentialAction":[{"@type":"CommentAction","name":"Comment","target":["https:\/\/zeromagazine.mx\/index.php\/2024\/11\/06\/im-pretty-el-nuevo-ep-de-la-favi\/#respond"]}]},{"@type":"WebPage","@id":"https:\/\/zeromagazine.mx\/index.php\/2024\/11\/06\/im-pretty-el-nuevo-ep-de-la-favi\/","url":"https:\/\/zeromagazine.mx\/index.php\/2024\/11\/06\/im-pretty-el-nuevo-ep-de-la-favi\/","name":"\"I\u2019m Pretty: El Nuevo EP de La Favi\" - Zero Magazine","isPartOf":{"@id":"https:\/\/zeromagazine.mx\/#website"},"primaryImageOfPage":{"@id":"https:\/\/zeromagazine.mx\/index.php\/2024\/11\/06\/im-pretty-el-nuevo-ep-de-la-favi\/#primaryimage"},"image":{"@id":"https:\/\/zeromagazine.mx\/index.php\/2024\/11\/06\/im-pretty-el-nuevo-ep-de-la-favi\/#primaryimage"},"thumbnailUrl":"https:\/\/i0.wp.com\/zeromagazine.mx\/wp-content\/uploads\/2024\/11\/I%C2%B4M-PRETTY-3.jpg?fit=1080%2C1080&ssl=1","datePublished":"2024-11-06T17:17:50+00:00","dateModified":"2024-11-06T17:23:34+00:00","description":"Con I\u2019m Pretty, La Favi nos muestra su alma a trav\u00e9s de letras profundas y una producci\u00f3n experimental de Rosaliedu38, explorando temas de amor, soledad y libertad.","breadcrumb":{"@id":"https:\/\/zeromagazine.mx\/index.php\/2024\/11\/06\/im-pretty-el-nuevo-ep-de-la-favi\/#breadcrumb"},"inLanguage":"es","potentialAction":[{"@type":"ReadAction","target":["https:\/\/zeromagazine.mx\/index.php\/2024\/11\/06\/im-pretty-el-nuevo-ep-de-la-favi\/"]}]},{"@type":"ImageObject","inLanguage":"es","@id":"https:\/\/zeromagazine.mx\/index.php\/2024\/11\/06\/im-pretty-el-nuevo-ep-de-la-favi\/#primaryimage","url":"https:\/\/i0.wp.com\/zeromagazine.mx\/wp-content\/uploads\/2024\/11\/I%C2%B4M-PRETTY-3.jpg?fit=1080%2C1080&ssl=1","contentUrl":"https:\/\/i0.wp.com\/zeromagazine.mx\/wp-content\/uploads\/2024\/11\/I%C2%B4M-PRETTY-3.jpg?fit=1080%2C1080&ssl=1","width":1080,"height":1080},{"@type":"BreadcrumbList","@id":"https:\/\/zeromagazine.mx\/index.php\/2024\/11\/06\/im-pretty-el-nuevo-ep-de-la-favi\/#breadcrumb","itemListElement":[{"@type":"ListItem","position":1,"name":"Portada","item":"https:\/\/zeromagazine.mx\/"},{"@type":"ListItem","position":2,"name":"\u00abI\u2019m Pretty: El Nuevo EP de La Favi\u00bb"}]},{"@type":"WebSite","@id":"https:\/\/zeromagazine.mx\/#website","url":"https:\/\/zeromagazine.mx\/","name":"Zero Magazine","description":"","publisher":{"@id":"https:\/\/zeromagazine.mx\/#organization"},"potentialAction":[{"@type":"SearchAction","target":{"@type":"EntryPoint","urlTemplate":"https:\/\/zeromagazine.mx\/?s={search_term_string}"},"query-input":{"@type":"PropertyValueSpecification","valueRequired":true,"valueName":"search_term_string"}}],"inLanguage":"es"},{"@type":"Organization","@id":"https:\/\/zeromagazine.mx\/#organization","name":"Zero Magazine","url":"https:\/\/zeromagazine.mx\/","logo":{"@type":"ImageObject","inLanguage":"es","@id":"https:\/\/zeromagazine.mx\/#\/schema\/logo\/image\/","url":"https:\/\/i0.wp.com\/zeromagazine.mx\/wp-content\/uploads\/2025\/11\/1.jpeg?fit=1000%2C1000&ssl=1","contentUrl":"https:\/\/i0.wp.com\/zeromagazine.mx\/wp-content\/uploads\/2025\/11\/1.jpeg?fit=1000%2C1000&ssl=1","width":1000,"height":1000,"caption":"Zero Magazine"},"image":{"@id":"https:\/\/zeromagazine.mx\/#\/schema\/logo\/image\/"},"sameAs":["https:\/\/instagram.com\/zeromagazinemx"]},{"@type":"Person","@id":"https:\/\/zeromagazine.mx\/#\/schema\/person\/9aed9f33a7c39af3a348b86d723f7773","name":"zeromagazinemx","image":{"@type":"ImageObject","inLanguage":"es","@id":"https:\/\/zeromagazine.mx\/wp-content\/litespeed\/avatar\/f91dfe5410d5dcb1a576bf8c45983896.jpg?ver=1776966396","url":"https:\/\/zeromagazine.mx\/wp-content\/litespeed\/avatar\/f91dfe5410d5dcb1a576bf8c45983896.jpg?ver=1776966396","contentUrl":"https:\/\/zeromagazine.mx\/wp-content\/litespeed\/avatar\/f91dfe5410d5dcb1a576bf8c45983896.jpg?ver=1776966396","caption":"zeromagazinemx"},"url":"https:\/\/zeromagazine.mx\/index.php\/author\/zeromagazinemx\/"}]}},"jetpack_publicize_connections":[],"jetpack_featured_media_url":"https:\/\/i0.wp.com\/zeromagazine.mx\/wp-content\/uploads\/2024\/11\/I%C2%B4M-PRETTY-3.jpg?fit=1080%2C1080&ssl=1","jetpack-related-posts":[{"id":108961,"url":"https:\/\/zeromagazine.mx\/index.php\/2025\/09\/24\/ep-verano-interminable-rafa-parra\/","url_meta":{"origin":89471,"position":0},"title":"EP Verano Interminable de Rafa Parra","author":"David Morales","date":"24 de septiembre de 2025","format":false,"excerpt":"El EP Verano Interminable de Rafa Parra mezcla ritmos latinos, afrobeat y reguet\u00f3n en una experiencia musical eterna.","rel":"","context":"En \u00abEntretenimiento\u00bb","block_context":{"text":"Entretenimiento","link":"https:\/\/zeromagazine.mx\/index.php\/category\/entretenimiento\/"},"img":{"alt_text":"","src":"https:\/\/i0.wp.com\/zeromagazine.mx\/wp-content\/uploads\/2025\/09\/09cd6181-f8f0-4eea-8e90-84ee6076fff9.jpg?fit=1200%2C1200&ssl=1&resize=350%2C200","width":350,"height":200,"srcset":"https:\/\/i0.wp.com\/zeromagazine.mx\/wp-content\/uploads\/2025\/09\/09cd6181-f8f0-4eea-8e90-84ee6076fff9.jpg?fit=1200%2C1200&ssl=1&resize=350%2C200 1x, https:\/\/i0.wp.com\/zeromagazine.mx\/wp-content\/uploads\/2025\/09\/09cd6181-f8f0-4eea-8e90-84ee6076fff9.jpg?fit=1200%2C1200&ssl=1&resize=525%2C300 1.5x, https:\/\/i0.wp.com\/zeromagazine.mx\/wp-content\/uploads\/2025\/09\/09cd6181-f8f0-4eea-8e90-84ee6076fff9.jpg?fit=1200%2C1200&ssl=1&resize=700%2C400 2x, https:\/\/i0.wp.com\/zeromagazine.mx\/wp-content\/uploads\/2025\/09\/09cd6181-f8f0-4eea-8e90-84ee6076fff9.jpg?fit=1200%2C1200&ssl=1&resize=1050%2C600 3x"},"classes":[]},{"id":102392,"url":"https:\/\/zeromagazine.mx\/index.php\/2025\/04\/24\/puerto-domingo-lanza-natsu-su-ep-mas-emocional\/","url_meta":{"origin":89471,"position":1},"title":"Puerto Domingo Lanza \u00abNatsu\u00bb, Su EP M\u00e1s Emocional","author":"David Morales","date":"24 de abril de 2025","format":false,"excerpt":"Amix, hay discos que no solo se escuchan, se sienten. Y justo eso pasa con el nuevo EP Natsu de Puerto Domingo, ese d\u00fao chileno-mexicano que le est\u00e1 dando un refresh precioso al indie pop latino. Desde sus vibes lo-fi hasta sus letras que te pegan directo en la tripa,\u2026","rel":"","context":"En \u00abEntretenimiento\u00bb","block_context":{"text":"Entretenimiento","link":"https:\/\/zeromagazine.mx\/index.php\/category\/entretenimiento\/"},"img":{"alt_text":"","src":"https:\/\/i0.wp.com\/zeromagazine.mx\/wp-content\/uploads\/2025\/04\/Imagen-de-WhatsApp-2025-04-23-a-las-22.11.24_f8cdfc98.jpg?fit=1182%2C778&ssl=1&resize=350%2C200","width":350,"height":200,"srcset":"https:\/\/i0.wp.com\/zeromagazine.mx\/wp-content\/uploads\/2025\/04\/Imagen-de-WhatsApp-2025-04-23-a-las-22.11.24_f8cdfc98.jpg?fit=1182%2C778&ssl=1&resize=350%2C200 1x, https:\/\/i0.wp.com\/zeromagazine.mx\/wp-content\/uploads\/2025\/04\/Imagen-de-WhatsApp-2025-04-23-a-las-22.11.24_f8cdfc98.jpg?fit=1182%2C778&ssl=1&resize=525%2C300 1.5x, https:\/\/i0.wp.com\/zeromagazine.mx\/wp-content\/uploads\/2025\/04\/Imagen-de-WhatsApp-2025-04-23-a-las-22.11.24_f8cdfc98.jpg?fit=1182%2C778&ssl=1&resize=700%2C400 2x, https:\/\/i0.wp.com\/zeromagazine.mx\/wp-content\/uploads\/2025\/04\/Imagen-de-WhatsApp-2025-04-23-a-las-22.11.24_f8cdfc98.jpg?fit=1182%2C778&ssl=1&resize=1050%2C600 3x"},"classes":[]},{"id":71779,"url":"https:\/\/zeromagazine.mx\/index.php\/2024\/03\/11\/la-segunda-temporada-de-pretty-little-liars-escuela-de-verano-revela-su-nuevo-elenco-de-estrellas-invitadas\/","url_meta":{"origin":89471,"position":2},"title":"La segunda temporada de \u00abPretty Little Liars: Escuela de Verano\u00bb revela su nuevo elenco de estrellas invitadas","author":"zeromagazinemx","date":"11 de marzo de 2024","format":false,"excerpt":"Les traigo las \u00faltimas novedades sobre nuestra serie consentida: Pretty Little Liars: Escuela de Verano. \u00bfListos para conocer qu\u00e9 se trae entre manos esta segunda temporada? Prep\u00e1rense porque el drama est\u00e1 a punto de subir de nivel. Para empezar, vamos a hablar del nuevo elenco que se suma a la\u2026","rel":"","context":"En \u00abEntretenimiento\u00bb","block_context":{"text":"Entretenimiento","link":"https:\/\/zeromagazine.mx\/index.php\/category\/entretenimiento\/"},"img":{"alt_text":"","src":"https:\/\/i0.wp.com\/zeromagazine.mx\/wp-content\/uploads\/2024\/03\/Antonio-Cipriano-1-scaled.jpg?resize=350%2C200&ssl=1","width":350,"height":200,"srcset":"https:\/\/i0.wp.com\/zeromagazine.mx\/wp-content\/uploads\/2024\/03\/Antonio-Cipriano-1-scaled.jpg?resize=350%2C200&ssl=1 1x, https:\/\/i0.wp.com\/zeromagazine.mx\/wp-content\/uploads\/2024\/03\/Antonio-Cipriano-1-scaled.jpg?resize=525%2C300&ssl=1 1.5x, https:\/\/i0.wp.com\/zeromagazine.mx\/wp-content\/uploads\/2024\/03\/Antonio-Cipriano-1-scaled.jpg?resize=700%2C400&ssl=1 2x, https:\/\/i0.wp.com\/zeromagazine.mx\/wp-content\/uploads\/2024\/03\/Antonio-Cipriano-1-scaled.jpg?resize=1050%2C600&ssl=1 3x, https:\/\/i0.wp.com\/zeromagazine.mx\/wp-content\/uploads\/2024\/03\/Antonio-Cipriano-1-scaled.jpg?resize=1400%2C800&ssl=1 4x"},"classes":[]},{"id":74381,"url":"https:\/\/zeromagazine.mx\/index.php\/2024\/04\/18\/nuevo-trailer-de-pretty-little-liars\/","url_meta":{"origin":89471,"position":3},"title":"\u00a1Nuevo tr\u00e1iler de Pretty Little Liars!","author":"zeromagazinemx","date":"18 de abril de 2024","format":false,"excerpt":"Max acaba de lanzar el trailer oficial de \"Pretty Little Liars: Escuela de Verano\" y la emoci\u00f3n es real. Los dos primeros episodios de esta nueva temporada llegan el jueves 9 de mayo y luego tendremos un estreno semanal hasta el 20 de junio. \u00bfEst\u00e1n listxs para m\u00e1s intriga y\u2026","rel":"","context":"En \u00abEntretenimiento\u00bb","block_context":{"text":"Entretenimiento","link":"https:\/\/zeromagazine.mx\/index.php\/category\/entretenimiento\/"},"img":{"alt_text":"","src":"https:\/\/i0.wp.com\/zeromagazine.mx\/wp-content\/uploads\/2024\/04\/Captura-de-pantalla-596.png?fit=560%2C279&ssl=1&resize=350%2C200","width":350,"height":200,"srcset":"https:\/\/i0.wp.com\/zeromagazine.mx\/wp-content\/uploads\/2024\/04\/Captura-de-pantalla-596.png?fit=560%2C279&ssl=1&resize=350%2C200 1x, https:\/\/i0.wp.com\/zeromagazine.mx\/wp-content\/uploads\/2024\/04\/Captura-de-pantalla-596.png?fit=560%2C279&ssl=1&resize=525%2C300 1.5x"},"classes":[]},{"id":117874,"url":"https:\/\/zeromagazine.mx\/index.php\/2026\/04\/06\/presley-regier-sensitive-to-the-room-ep\/","url_meta":{"origin":89471,"position":4},"title":"Presley Regier nuevo artista pop apoyado por Tate McRae &#8211; Nuevo EP producido por productor de Addison Rae","author":"David Morales","date":"6 de abril de 2026","format":false,"excerpt":"Entre sintetizadores nost\u00e1lgicos y letras vulnerables, una nueva estrella est\u00e1 redefiniendo lo que significa hacer pop hoy. Hay artistas que suenan bien\u2026 y otros que\u00a0se sienten.\u00a0Presley Regier\u00a0definitivamente pertenece a la segunda categor\u00eda. Con el anuncio de su nuevo proyecto\u00a0Sensitive To The Room, disponible el 24 de abril, queda claro que\u2026","rel":"","context":"En \u00abEntretenimiento\u00bb","block_context":{"text":"Entretenimiento","link":"https:\/\/zeromagazine.mx\/index.php\/category\/entretenimiento\/"},"img":{"alt_text":"Presley Regier en est\u00e9tica alt pop promocionando Sensitive To The Room","src":"https:\/\/i0.wp.com\/zeromagazine.mx\/wp-content\/uploads\/2026\/04\/IMG_1991-1.jpeg?fit=481%2C293&ssl=1&resize=350%2C200","width":350,"height":200},"classes":[]},{"id":74808,"url":"https:\/\/zeromagazine.mx\/index.php\/2024\/04\/25\/metronomy-estrena-nuevo-ep\/","url_meta":{"origin":89471,"position":5},"title":"Metronomy: Estrena Nuevo EP","author":"zeromagazinemx","date":"25 de abril de 2024","format":false,"excerpt":"La banda indie-electr\u00f3nica pop favorita de muchos est\u00e1 de vuelta con su \u00faltimo lanzamiento: Posse EP Volume 2. Este EP, que promete ser una monta\u00f1a rusa de emociones musicales, saldr\u00e1 a la luz el 12 de julio bajo su nuevo sello, Ninja Tune. \u00a1Prep\u00e1rense para sumergirse en un mundo de\u2026","rel":"","context":"En \u00abEntretenimiento\u00bb","block_context":{"text":"Entretenimiento","link":"https:\/\/zeromagazine.mx\/index.php\/category\/entretenimiento\/"},"img":{"alt_text":"","src":"https:\/\/i0.wp.com\/zeromagazine.mx\/wp-content\/uploads\/2024\/04\/unnamed-27-2-scaled.jpg?fit=1200%2C960&ssl=1&resize=350%2C200","width":350,"height":200,"srcset":"https:\/\/i0.wp.com\/zeromagazine.mx\/wp-content\/uploads\/2024\/04\/unnamed-27-2-scaled.jpg?fit=1200%2C960&ssl=1&resize=350%2C200 1x, https:\/\/i0.wp.com\/zeromagazine.mx\/wp-content\/uploads\/2024\/04\/unnamed-27-2-scaled.jpg?fit=1200%2C960&ssl=1&resize=525%2C300 1.5x, https:\/\/i0.wp.com\/zeromagazine.mx\/wp-content\/uploads\/2024\/04\/unnamed-27-2-scaled.jpg?fit=1200%2C960&ssl=1&resize=700%2C400 2x, https:\/\/i0.wp.com\/zeromagazine.mx\/wp-content\/uploads\/2024\/04\/unnamed-27-2-scaled.jpg?fit=1200%2C960&ssl=1&resize=1050%2C600 3x"},"classes":[]}],"jetpack_sharing_enabled":true,"builder_content":"","_links":{"self":[{"href":"https:\/\/zeromagazine.mx\/index.php\/wp-json\/wp\/v2\/posts\/89471","targetHints":{"allow":["GET"]}}],"collection":[{"href":"https:\/\/zeromagazine.mx\/index.php\/wp-json\/wp\/v2\/posts"}],"about":[{"href":"https:\/\/zeromagazine.mx\/index.php\/wp-json\/wp\/v2\/types\/post"}],"author":[{"embeddable":true,"href":"https:\/\/zeromagazine.mx\/index.php\/wp-json\/wp\/v2\/users\/2"}],"replies":[{"embeddable":true,"href":"https:\/\/zeromagazine.mx\/index.php\/wp-json\/wp\/v2\/comments?post=89471"}],"version-history":[{"count":6,"href":"https:\/\/zeromagazine.mx\/index.php\/wp-json\/wp\/v2\/posts\/89471\/revisions"}],"predecessor-version":[{"id":89479,"href":"https:\/\/zeromagazine.mx\/index.php\/wp-json\/wp\/v2\/posts\/89471\/revisions\/89479"}],"wp:featuredmedia":[{"embeddable":true,"href":"https:\/\/zeromagazine.mx\/index.php\/wp-json\/wp\/v2\/media\/89472"}],"wp:attachment":[{"href":"https:\/\/zeromagazine.mx\/index.php\/wp-json\/wp\/v2\/media?parent=89471"}],"wp:term":[{"taxonomy":"category","embeddable":true,"href":"https:\/\/zeromagazine.mx\/index.php\/wp-json\/wp\/v2\/categories?post=89471"},{"taxonomy":"post_tag","embeddable":true,"href":"https:\/\/zeromagazine.mx\/index.php\/wp-json\/wp\/v2\/tags?post=89471"}],"curies":[{"name":"wp","href":"https:\/\/api.w.org\/{rel}","templated":true}]}}