{"id":89480,"date":"2024-11-06T18:34:54","date_gmt":"2024-11-06T17:34:54","guid":{"rendered":"https:\/\/zeromagazine.mx\/?p=89480"},"modified":"2024-11-06T18:44:30","modified_gmt":"2024-11-06T17:44:30","slug":"mi-cine-historias-de-identidad","status":"publish","type":"post","link":"https:\/\/zeromagazine.mx\/index.php\/2024\/11\/06\/mi-cine-historias-de-identidad\/","title":{"rendered":"\u00abMI CINE: Historias de Identidad\u00bb"},"content":{"rendered":"<p>Si hay algo que podemos celebrar en estos tiempos, es el cine que no solo nos entretiene, sino que tambi\u00e9n nos hace reflexionar sobre nuestra identidad, nuestras ra\u00edces y las historias que a veces se quedan en las sombras. Y en eso, la Muestra Itinerante de Cine por la Identidad MI CINE viene a dar un golpe de frescura, representando a las comunidades de pueblos originarios y afrodescendientes de M\u00e9xico. Pero no se trata solo de proyectar pel\u00edculas; se trata de crear un espacio donde las voces, las historias y las luchas de estas comunidades sean escuchadas, vistas y, lo m\u00e1s importante, celebradas.<\/p>\n\n\n<div class=\"wp-block-image\">\n<figure class=\"aligncenter size-full\"><img data-recalc-dims=\"1\" decoding=\"async\" width=\"781\" height=\"1169\" src=\"https:\/\/i0.wp.com\/zeromagazine.mx\/wp-content\/uploads\/2024\/11\/unnamed-38.png?resize=781%2C1169&#038;ssl=1\" alt=\"MI CINE es un viaje visual por las comunidades m\u00e1s diversas de M\u00e9xico, con documentales y ficciones que celebran la identidad y cultura.\" class=\"wp-image-89481\" srcset=\"https:\/\/i0.wp.com\/zeromagazine.mx\/wp-content\/uploads\/2024\/11\/unnamed-38.png?w=781&amp;ssl=1 781w, https:\/\/i0.wp.com\/zeromagazine.mx\/wp-content\/uploads\/2024\/11\/unnamed-38.png?resize=200%2C300&amp;ssl=1 200w, https:\/\/i0.wp.com\/zeromagazine.mx\/wp-content\/uploads\/2024\/11\/unnamed-38.png?resize=684%2C1024&amp;ssl=1 684w, https:\/\/i0.wp.com\/zeromagazine.mx\/wp-content\/uploads\/2024\/11\/unnamed-38.png?resize=768%2C1150&amp;ssl=1 768w\" sizes=\"(max-width: 781px) 100vw, 781px\" \/><\/figure>\n<\/div>\n\n\n<p><\/p>\n\n\n\n<h2 class=\"wp-block-heading\"><\/h2>\n\n\n\n<h2 class=\"wp-block-heading\">M\u00e1s All\u00e1 del Entretenimiento<\/h2>\n\n\n\n<p>MI CINE no es solo una muestra de cine, es un movimiento que busca dar visibilidad a aquellos que tradicionalmente no han tenido acceso a la pantalla grande. \u00bfY c\u00f3mo lo hace? A trav\u00e9s de siete documentales y una ficci\u00f3n, todas filmadas en territorios de pueblos originarios y afrodescendientes, que cuentan historias aut\u00e9nticas y conmovedoras sobre la vida y la lucha diaria de sus comunidades.<\/p>\n\n\n\n<script async src=\"https:\/\/pagead2.googlesyndication.com\/pagead\/js\/adsbygoogle.js?client=ca-pub-5499304793904745\"\n     crossorigin=\"anonymous\"><\/script>\n<ins class=\"adsbygoogle\"\n     style=\"display:block; text-align:center;\"\n     data-ad-layout=\"in-article\"\n     data-ad-format=\"fluid\"\n     data-ad-client=\"ca-pub-5499304793904745\"\n     data-ad-slot=\"5994863093\"><\/ins>\n<script>\n     (adsbygoogle = window.adsbygoogle || []).push({});\n<\/script>\n\n\n\n<p><\/p>\n\n\n\n<p>El objetivo es claro, que las personas se reflejen en lo que ven en la pantalla, ya sea en historias contadas por su propia gente o por personas que viven en contextos similares. Al hacerlo, no solo visibilizan la riqueza cultural de M\u00e9xico, sino que tambi\u00e9n promueven una cultura de inclusi\u00f3n, respeto y unidad entre diferentes comunidades.<\/p>\n\n\n\n<p><\/p>\n\n\n\n<h2 class=\"wp-block-heading\"> Un Viaje por Diversas Realidades<\/h2>\n\n\n\n<p>La muestra est\u00e1 compuesta por una selecci\u00f3n de pel\u00edculas que nos llevan a un viaje por diversas realidades y perspectivas, todas profundamente conectadas con las ra\u00edces de M\u00e9xico. Aqu\u00ed te dejo un vistazo de algunas de las pel\u00edculas que forman parte de MI CINE, cada una con una historia \u00fanica que cuenta algo mucho m\u00e1s grande:<\/p>\n\n\n\n<ol class=\"wp-block-list\">\n<li><strong><em>Negra (2020)<\/em>, Dir. Medhin Tewolde Serrano<\/strong><br>Esta pel\u00edcula es todo un must-see. Es un documental que narra la historia de una mujer afrodescendiente que, a trav\u00e9s de su vida, enfrenta el racismo y las adversidades de su entorno. Te har\u00e1 reflexionar sobre todo lo que ignoramos.<\/li>\n\n\n\n<li><strong><em>La mujer de estrellas y monta\u00f1as (2023)<\/em>, Dir. Santiago Esteinou<br><\/strong>Con una visi\u00f3n po\u00e9tica, esta pel\u00edcula explora la vida de una mujer ind\u00edgena que busca salvar su comunidad. Un recordatorio de la conexi\u00f3n espiritual y profunda que existe entre las personas y la tierra.<\/li>\n\n\n\n<li><strong><em>El compromiso de las sombras (2021)<\/em>, Dir. Sandra Luz L\u00f3pez Barroso<br><\/strong>Un documental sobre las luchas de las mujeres ind\u00edgenas para preservar sus tierras, su cultura y su identidad frente a la opresi\u00f3n y el despojo.<\/li>\n\n\n\n<li><strong><em>Caf\u00e9 (2014)<\/em>, Dir. Hatuey Viveros<br><\/strong>En esta pel\u00edcula, el caf\u00e9 no es solo una bebida, sino un s\u00edmbolo de las luchas laborales de las comunidades cafetaleras. Si eres fan del cine que habla sobre la explotaci\u00f3n y las injusticias sociales, esta es para ti.<\/li>\n\n\n\n<li><strong><em>Laberinto Yo&#8217;eme (2019)<\/em>, Dir. Sergi Pedro Ros<br><\/strong>Este documental nos lleva a las entra\u00f1as de una comunidad ind\u00edgena que lucha por su supervivencia cultural en un mundo que constantemente amenaza con borrar su historia.<\/li>\n\n\n\n<li><strong><em>Mam\u00e1 (2022)<\/em>, Dir. Xun Sero<br><\/strong>Un relato sobre la maternidad y la lucha de una mujer ind\u00edgena que debe enfrentarse a los prejuicios de una sociedad que la ve como una \u201cotra\u201d, pero que encuentra fuerza en sus ra\u00edces.<\/li>\n\n\n\n<li><strong><em>Nos hicieron noche (2021)<\/em>, Dir. Jos\u00e9 Antonio Herm\u00e1ndez Mart\u00ednez<br><\/strong>Aqu\u00ed se cuenta la historia de las comunidades que sufrieron despojos territoriales y c\u00f3mo la lucha por la justicia sigue viva en sus corazones.<\/li>\n\n\n\n<li><strong><em>Nudo Mixteco (2021)<\/em>, Dir. \u00c1ngeles Cruz<br><\/strong>La ficci\u00f3n que cierra la muestra, y vaya que lo hace con fuerza. Tres mujeres de una comunidad mixteca tienen que enfrentar los tab\u00faes, las tradiciones y las injusticias que marcan sus vidas.<\/li>\n<\/ol>\n\n\n\n<p>Estas pel\u00edculas no solo son una representaci\u00f3n de lo que viven las comunidades, sino tambi\u00e9n un homenaje a su resistencia y fortaleza. Si no has tenido la oportunidad de verlas, es hora de que te animes. Cada una te dejar\u00e1 algo para pensar y hablar por d\u00edas.<\/p>\n\n\n\n<h2 class=\"wp-block-heading\"> De Comunidad en Comunidad<\/h2>\n\n\n\n<p>La magia de MI CINE es que no se queda en una sola pantalla de cine; es un <em>circuito itinerante<\/em> que recorre varias comunidades de M\u00e9xico, llevando el cine a lugares donde muchas veces no hay acceso a grandes salas de cine. Con el apoyo de Ecocinema, MI CINE ha visitado comunidades de Puebla y Veracruz, y ha seguido su recorrido por Morelos y el Estado de M\u00e9xico.<\/p>\n\n\n\n<p>Lo interesante de este proyecto es que no solo se proyectan las pel\u00edculas. Durante el recorrido, tambi\u00e9n se realizan actividades culturales, charlas y talleres que permiten un acercamiento m\u00e1s profundo a las realidades de las comunidades. Esto es lo que hace que esta muestra sea tan especial: no es solo cine, es una experiencia cultural completa.<\/p>\n\n\n\n<script async src=\"https:\/\/pagead2.googlesyndication.com\/pagead\/js\/adsbygoogle.js?client=ca-pub-5499304793904745\"\r\n     crossorigin=\"anonymous\"><\/script>\r\n<ins class=\"adsbygoogle\"\r\n     style=\"display:block; text-align:center;\"\r\n     data-ad-layout=\"in-article\"\r\n     data-ad-format=\"fluid\"\r\n     data-ad-client=\"ca-pub-5499304793904745\"\r\n     data-ad-slot=\"5994863093\"><\/ins>\r\n<script>\r\n     (adsbygoogle = window.adsbygoogle || []).push({});\r\n<\/script>\n\n\n\n<p><\/p>\n\n\n\n<p>MI CINE no se detiene ah\u00ed. En el marco del D\u00eda Nacional contra la Discriminaci\u00f3n, se llev\u00f3 a cabo una Jornada Afrocentrada en Mujeres Afrodescendientes. Esta jornada fue un tributo a las mujeres afrodescendientes que han sido invisibilizadas a lo largo de la historia. Se contaron cuentos de reinas y guerreras afrodescendientes, y se rindi\u00f3 homenaje a Beatriz Lara, alias \u00abLa Tigra\u00bb, una mujer afrozapatista que luch\u00f3 por sus ideales en 1913. Adem\u00e1s, se proyect\u00f3 la pel\u00edcula Negra (2020), que tambi\u00e9n forma parte de la muestra y pone en el centro la historia de las mujeres afrodescendientes en M\u00e9xico.<\/p>\n\n\n\n<figure class=\"wp-block-embed aligncenter is-type-video is-provider-youtube wp-block-embed-youtube wp-embed-aspect-16-9 wp-has-aspect-ratio\"><div class=\"wp-block-embed__wrapper\">\n<div class=\"post-video\"><iframe title=\"Jornada AfroCentrada: Cuentos de reinas y guerreras y cine Antirracista\" width=\"1165\" height=\"655\" src=\"https:\/\/www.youtube.com\/embed\/pM8KFd-0InE?feature=oembed\" frameborder=\"0\" allow=\"accelerometer; autoplay; clipboard-write; encrypted-media; gyroscope; picture-in-picture; web-share\" referrerpolicy=\"strict-origin-when-cross-origin\" allowfullscreen><\/iframe><\/div>\n<\/div><\/figure>\n\n\n\n<p><\/p>\n\n\n\n<p>Este evento no solo fue un recordatorio de la lucha de estas mujeres, sino tambi\u00e9n una celebraci\u00f3n de su legado, su fortaleza y su resistencia. Porque s\u00ed, a veces necesitamos que se nos recuerde la importancia de estas historias para entender el presente y las luchas que siguen vivas.<\/p>\n\n\n\n<h2 class=\"wp-block-heading\"> Lo Que No Te Puedes Perder<\/h2>\n\n\n\n<p>El recorrido de MI CINE sigue en noviembre con funciones en varias ciudades de Jalisco, <em>Oaxaca<\/em> y <em>Guerrero<\/em>. Te compartimos algunas de las fechas y pel\u00edculas que podr\u00e1s ver en cada lugar. Si est\u00e1s por estas ciudades, no puedes dejar pasar la oportunidad de vivir la experiencia de MI CINE.<\/p>\n\n\n\n<h4 class=\"wp-block-heading\">Jalisco | 8 Funciones<\/h4>\n\n\n\n<ul class=\"wp-block-list\">\n<li><em>Nueva Colonia<\/em> (jueves 7 de noviembre): Nudo Mixteco (vespertina), La mujer de estrellas y monta\u00f1as (nocturna)<\/li>\n\n\n\n<li><em>Pueblo Nuevo<\/em> (viernes 8 de noviembre): Negra (vespertina), Laberinto Yo&#8217;eme (nocturna)<\/li>\n\n\n\n<li><em>Tuxpan de Bola\u00f1os<\/em> (s\u00e1bado 9 de noviembre): Nos hicieron noche (vespertina), La mujer de estrellas y monta\u00f1as (nocturna)<\/li>\n\n\n\n<li><em>Mesa del Tirador<\/em> (domingo 10 de noviembre): Caf\u00e9 (vespertina), Laberinto Yo&#8217;eme (nocturna)<\/li>\n<\/ul>\n\n\n\n<h4 class=\"wp-block-heading\">Oaxaca | Guerrero | 10 Funciones<\/h4>\n\n\n\n<ul class=\"wp-block-list\">\n<li><em>Mazunte<\/em> (viernes 22 de noviembre): Mam\u00e1 (vespertina), Nudo Mixteco (nocturna)<\/li>\n\n\n\n<li><em>Lagunas de Chacahua<\/em> (s\u00e1bado 23 de noviembre): El compromiso de las sombras (vespertina), Nos hicieron noche (nocturna)<\/li>\n\n\n\n<li><em>Pinotepa Nacional<\/em> (domingo 24 de noviembre): Laberinto Yo&#8217;eme (vespertina), El compromiso de las sombras (nocturna)<\/li>\n\n\n\n<li><em>Marquelia<\/em> (lunes 25 de noviembre): Negra (vespertina), Nos hicieron noche (nocturna)<\/li>\n\n\n\n<li><em>Taxco<\/em> (martes 26 de noviembre): Caf\u00e9 (vespertina), La mujer de estrellas y monta\u00f1as (nocturna)<\/li>\n<\/ul>\n\n\n\n<h2 class=\"wp-block-heading\">M\u00e1s Cine Para Todxs<\/h2>\n\n\n\n<p>Y si no est\u00e1s cerca de estas ciudades, no te preocupes. <em>MI CINE<\/em> tambi\u00e9n llegar\u00e1 a <em>45 salas independientes<\/em> de cine en todo M\u00e9xico, gracias a la colaboraci\u00f3n con <em>CEDECINE<\/em>, una comunidad de proyectos de exhibici\u00f3n cinematogr\u00e1fica. As\u00ed que, no importa d\u00f3nde est\u00e9s, seguramente hay una funci\u00f3n cerca de ti.<\/p>\n\n\n<div class=\"wp-block-image\">\n<figure class=\"aligncenter size-full\"><img data-recalc-dims=\"1\" decoding=\"async\" width=\"1000\" height=\"667\" src=\"https:\/\/i0.wp.com\/zeromagazine.mx\/wp-content\/uploads\/2024\/11\/unnamed-64.jpg?resize=1000%2C667&#038;ssl=1\" alt=\"MI CINE es la muestra que da voz a historias invisibilizadas, mostrando la realidad de comunidades ind\u00edgenas y afrodescendientes en M\u00e9xico.\" class=\"wp-image-89482\" srcset=\"https:\/\/i0.wp.com\/zeromagazine.mx\/wp-content\/uploads\/2024\/11\/unnamed-64.jpg?w=1000&amp;ssl=1 1000w, https:\/\/i0.wp.com\/zeromagazine.mx\/wp-content\/uploads\/2024\/11\/unnamed-64.jpg?resize=300%2C200&amp;ssl=1 300w, https:\/\/i0.wp.com\/zeromagazine.mx\/wp-content\/uploads\/2024\/11\/unnamed-64.jpg?resize=768%2C512&amp;ssl=1 768w\" sizes=\"(max-width: 1000px) 100vw, 1000px\" \/><\/figure>\n<\/div>\n\n\n<p><\/p>\n\n<!--themify_builder_content-->\n<div id=\"themify_builder_content-89480\" data-postid=\"89480\" class=\"themify_builder_content themify_builder_content-89480 themify_builder tf_clear\">\n    <\/div>\n<!--\/themify_builder_content-->","protected":false},"excerpt":{"rendered":"<p>Si hay algo que podemos celebrar en estos tiempos, es el cine que no solo nos entretiene, sino que tambi\u00e9n nos hace reflexionar sobre nuestra identidad, nuestras ra\u00edces y las historias que a veces se quedan en las sombras. Y en eso, la Muestra Itinerante de Cine por la Identidad MI CINE viene a dar [&hellip;]<\/p>\n","protected":false},"author":2,"featured_media":89481,"comment_status":"open","ping_status":"open","sticky":false,"template":"","format":"standard","meta":{"_jetpack_memberships_contains_paid_content":false,"footnotes":"","jetpack_publicize_message":"","jetpack_publicize_feature_enabled":true,"jetpack_social_post_already_shared":true,"jetpack_social_options":{"image_generator_settings":{"template":"highway","default_image_id":0,"font":"","enabled":false},"version":2}},"categories":[791],"tags":[11338,11337],"class_list":["post-89480","post","type-post","status-publish","format-standard","has-post-thumbnail","hentry","category-cultura","tag-cine-por-la-identidad","tag-mi-cine","has-post-title","has-post-date","has-post-category","has-post-tag","has-post-comment","has-post-author",""],"yoast_head":"<!-- This site is optimized with the Yoast SEO plugin v27.4 - https:\/\/yoast.com\/product\/yoast-seo-wordpress\/ -->\n<title>&quot;MI CINE: Historias de Identidad&quot; - Zero Magazine<\/title>\n<meta name=\"description\" content=\"Conoce la Muestra Itinerante de Cine MI CINE, un espacio para explorar la identidad y resistencia de pueblos originarios a trav\u00e9s del cine.\" \/>\n<meta name=\"robots\" content=\"index, follow, max-snippet:-1, max-image-preview:large, max-video-preview:-1\" \/>\n<link rel=\"canonical\" href=\"https:\/\/zeromagazine.mx\/index.php\/2024\/11\/06\/mi-cine-historias-de-identidad\/\" \/>\n<meta property=\"og:locale\" content=\"es_ES\" \/>\n<meta property=\"og:type\" content=\"article\" \/>\n<meta property=\"og:title\" content=\"&quot;MI CINE: Historias de Identidad&quot; - Zero Magazine\" \/>\n<meta property=\"og:description\" content=\"Conoce la Muestra Itinerante de Cine MI CINE, un espacio para explorar la identidad y resistencia de pueblos originarios a trav\u00e9s del cine.\" \/>\n<meta property=\"og:url\" content=\"https:\/\/zeromagazine.mx\/index.php\/2024\/11\/06\/mi-cine-historias-de-identidad\/\" \/>\n<meta property=\"og:site_name\" content=\"Zero Magazine\" \/>\n<meta property=\"article:published_time\" content=\"2024-11-06T17:34:54+00:00\" \/>\n<meta property=\"article:modified_time\" content=\"2024-11-06T17:44:30+00:00\" \/>\n<meta property=\"og:image\" content=\"http:\/\/zeromagazine.mx\/wp-content\/uploads\/2024\/11\/unnamed-38.png\" \/>\n\t<meta property=\"og:image:width\" content=\"781\" \/>\n\t<meta property=\"og:image:height\" content=\"1169\" \/>\n\t<meta property=\"og:image:type\" content=\"image\/png\" \/>\n<meta name=\"author\" content=\"zeromagazinemx\" \/>\n<meta name=\"twitter:card\" content=\"summary_large_image\" \/>\n<meta name=\"twitter:label1\" content=\"Escrito por\" \/>\n\t<meta name=\"twitter:data1\" content=\"zeromagazinemx\" \/>\n\t<meta name=\"twitter:label2\" content=\"Tiempo de lectura\" \/>\n\t<meta name=\"twitter:data2\" content=\"6 minutos\" \/>\n<script type=\"application\/ld+json\" class=\"yoast-schema-graph\">{\"@context\":\"https:\\\/\\\/schema.org\",\"@graph\":[{\"@type\":\"Article\",\"@id\":\"https:\\\/\\\/zeromagazine.mx\\\/index.php\\\/2024\\\/11\\\/06\\\/mi-cine-historias-de-identidad\\\/#article\",\"isPartOf\":{\"@id\":\"https:\\\/\\\/zeromagazine.mx\\\/index.php\\\/2024\\\/11\\\/06\\\/mi-cine-historias-de-identidad\\\/\"},\"author\":{\"name\":\"zeromagazinemx\",\"@id\":\"https:\\\/\\\/zeromagazine.mx\\\/#\\\/schema\\\/person\\\/9aed9f33a7c39af3a348b86d723f7773\"},\"headline\":\"\u00abMI CINE: Historias de Identidad\u00bb\",\"datePublished\":\"2024-11-06T17:34:54+00:00\",\"dateModified\":\"2024-11-06T17:44:30+00:00\",\"mainEntityOfPage\":{\"@id\":\"https:\\\/\\\/zeromagazine.mx\\\/index.php\\\/2024\\\/11\\\/06\\\/mi-cine-historias-de-identidad\\\/\"},\"wordCount\":1244,\"commentCount\":0,\"publisher\":{\"@id\":\"https:\\\/\\\/zeromagazine.mx\\\/#organization\"},\"image\":{\"@id\":\"https:\\\/\\\/zeromagazine.mx\\\/index.php\\\/2024\\\/11\\\/06\\\/mi-cine-historias-de-identidad\\\/#primaryimage\"},\"thumbnailUrl\":\"https:\\\/\\\/i0.wp.com\\\/zeromagazine.mx\\\/wp-content\\\/uploads\\\/2024\\\/11\\\/unnamed-38.png?fit=781%2C1169&ssl=1\",\"keywords\":[\"Cine por la Identidad\",\"MI CINE\"],\"articleSection\":[\"Cultura\"],\"inLanguage\":\"es\",\"potentialAction\":[{\"@type\":\"CommentAction\",\"name\":\"Comment\",\"target\":[\"https:\\\/\\\/zeromagazine.mx\\\/index.php\\\/2024\\\/11\\\/06\\\/mi-cine-historias-de-identidad\\\/#respond\"]}]},{\"@type\":\"WebPage\",\"@id\":\"https:\\\/\\\/zeromagazine.mx\\\/index.php\\\/2024\\\/11\\\/06\\\/mi-cine-historias-de-identidad\\\/\",\"url\":\"https:\\\/\\\/zeromagazine.mx\\\/index.php\\\/2024\\\/11\\\/06\\\/mi-cine-historias-de-identidad\\\/\",\"name\":\"\\\"MI CINE: Historias de Identidad\\\" - Zero Magazine\",\"isPartOf\":{\"@id\":\"https:\\\/\\\/zeromagazine.mx\\\/#website\"},\"primaryImageOfPage\":{\"@id\":\"https:\\\/\\\/zeromagazine.mx\\\/index.php\\\/2024\\\/11\\\/06\\\/mi-cine-historias-de-identidad\\\/#primaryimage\"},\"image\":{\"@id\":\"https:\\\/\\\/zeromagazine.mx\\\/index.php\\\/2024\\\/11\\\/06\\\/mi-cine-historias-de-identidad\\\/#primaryimage\"},\"thumbnailUrl\":\"https:\\\/\\\/i0.wp.com\\\/zeromagazine.mx\\\/wp-content\\\/uploads\\\/2024\\\/11\\\/unnamed-38.png?fit=781%2C1169&ssl=1\",\"datePublished\":\"2024-11-06T17:34:54+00:00\",\"dateModified\":\"2024-11-06T17:44:30+00:00\",\"description\":\"Conoce la Muestra Itinerante de Cine MI CINE, un espacio para explorar la identidad y resistencia de pueblos originarios a trav\u00e9s del cine.\",\"breadcrumb\":{\"@id\":\"https:\\\/\\\/zeromagazine.mx\\\/index.php\\\/2024\\\/11\\\/06\\\/mi-cine-historias-de-identidad\\\/#breadcrumb\"},\"inLanguage\":\"es\",\"potentialAction\":[{\"@type\":\"ReadAction\",\"target\":[\"https:\\\/\\\/zeromagazine.mx\\\/index.php\\\/2024\\\/11\\\/06\\\/mi-cine-historias-de-identidad\\\/\"]}]},{\"@type\":\"ImageObject\",\"inLanguage\":\"es\",\"@id\":\"https:\\\/\\\/zeromagazine.mx\\\/index.php\\\/2024\\\/11\\\/06\\\/mi-cine-historias-de-identidad\\\/#primaryimage\",\"url\":\"https:\\\/\\\/i0.wp.com\\\/zeromagazine.mx\\\/wp-content\\\/uploads\\\/2024\\\/11\\\/unnamed-38.png?fit=781%2C1169&ssl=1\",\"contentUrl\":\"https:\\\/\\\/i0.wp.com\\\/zeromagazine.mx\\\/wp-content\\\/uploads\\\/2024\\\/11\\\/unnamed-38.png?fit=781%2C1169&ssl=1\",\"width\":781,\"height\":1169},{\"@type\":\"BreadcrumbList\",\"@id\":\"https:\\\/\\\/zeromagazine.mx\\\/index.php\\\/2024\\\/11\\\/06\\\/mi-cine-historias-de-identidad\\\/#breadcrumb\",\"itemListElement\":[{\"@type\":\"ListItem\",\"position\":1,\"name\":\"Portada\",\"item\":\"https:\\\/\\\/zeromagazine.mx\\\/\"},{\"@type\":\"ListItem\",\"position\":2,\"name\":\"\u00abMI CINE: Historias de Identidad\u00bb\"}]},{\"@type\":\"WebSite\",\"@id\":\"https:\\\/\\\/zeromagazine.mx\\\/#website\",\"url\":\"https:\\\/\\\/zeromagazine.mx\\\/\",\"name\":\"Zero Magazine\",\"description\":\"\",\"publisher\":{\"@id\":\"https:\\\/\\\/zeromagazine.mx\\\/#organization\"},\"potentialAction\":[{\"@type\":\"SearchAction\",\"target\":{\"@type\":\"EntryPoint\",\"urlTemplate\":\"https:\\\/\\\/zeromagazine.mx\\\/?s={search_term_string}\"},\"query-input\":{\"@type\":\"PropertyValueSpecification\",\"valueRequired\":true,\"valueName\":\"search_term_string\"}}],\"inLanguage\":\"es\"},{\"@type\":\"Organization\",\"@id\":\"https:\\\/\\\/zeromagazine.mx\\\/#organization\",\"name\":\"Zero Magazine\",\"url\":\"https:\\\/\\\/zeromagazine.mx\\\/\",\"logo\":{\"@type\":\"ImageObject\",\"inLanguage\":\"es\",\"@id\":\"https:\\\/\\\/zeromagazine.mx\\\/#\\\/schema\\\/logo\\\/image\\\/\",\"url\":\"https:\\\/\\\/i0.wp.com\\\/zeromagazine.mx\\\/wp-content\\\/uploads\\\/2025\\\/11\\\/1.jpeg?fit=1000%2C1000&ssl=1\",\"contentUrl\":\"https:\\\/\\\/i0.wp.com\\\/zeromagazine.mx\\\/wp-content\\\/uploads\\\/2025\\\/11\\\/1.jpeg?fit=1000%2C1000&ssl=1\",\"width\":1000,\"height\":1000,\"caption\":\"Zero Magazine\"},\"image\":{\"@id\":\"https:\\\/\\\/zeromagazine.mx\\\/#\\\/schema\\\/logo\\\/image\\\/\"},\"sameAs\":[\"https:\\\/\\\/instagram.com\\\/zeromagazinemx\"]},{\"@type\":\"Person\",\"@id\":\"https:\\\/\\\/zeromagazine.mx\\\/#\\\/schema\\\/person\\\/9aed9f33a7c39af3a348b86d723f7773\",\"name\":\"zeromagazinemx\",\"image\":{\"@type\":\"ImageObject\",\"inLanguage\":\"es\",\"@id\":\"https:\\\/\\\/zeromagazine.mx\\\/wp-content\\\/litespeed\\\/avatar\\\/f91dfe5410d5dcb1a576bf8c45983896.jpg?ver=1776966396\",\"url\":\"https:\\\/\\\/zeromagazine.mx\\\/wp-content\\\/litespeed\\\/avatar\\\/f91dfe5410d5dcb1a576bf8c45983896.jpg?ver=1776966396\",\"contentUrl\":\"https:\\\/\\\/zeromagazine.mx\\\/wp-content\\\/litespeed\\\/avatar\\\/f91dfe5410d5dcb1a576bf8c45983896.jpg?ver=1776966396\",\"caption\":\"zeromagazinemx\"},\"url\":\"https:\\\/\\\/zeromagazine.mx\\\/index.php\\\/author\\\/zeromagazinemx\\\/\"}]}<\/script>\n<!-- \/ Yoast SEO plugin. -->","yoast_head_json":{"title":"\"MI CINE: Historias de Identidad\" - Zero Magazine","description":"Conoce la Muestra Itinerante de Cine MI CINE, un espacio para explorar la identidad y resistencia de pueblos originarios a trav\u00e9s del cine.","robots":{"index":"index","follow":"follow","max-snippet":"max-snippet:-1","max-image-preview":"max-image-preview:large","max-video-preview":"max-video-preview:-1"},"canonical":"https:\/\/zeromagazine.mx\/index.php\/2024\/11\/06\/mi-cine-historias-de-identidad\/","og_locale":"es_ES","og_type":"article","og_title":"\"MI CINE: Historias de Identidad\" - Zero Magazine","og_description":"Conoce la Muestra Itinerante de Cine MI CINE, un espacio para explorar la identidad y resistencia de pueblos originarios a trav\u00e9s del cine.","og_url":"https:\/\/zeromagazine.mx\/index.php\/2024\/11\/06\/mi-cine-historias-de-identidad\/","og_site_name":"Zero Magazine","article_published_time":"2024-11-06T17:34:54+00:00","article_modified_time":"2024-11-06T17:44:30+00:00","og_image":[{"width":781,"height":1169,"url":"http:\/\/zeromagazine.mx\/wp-content\/uploads\/2024\/11\/unnamed-38.png","type":"image\/png"}],"author":"zeromagazinemx","twitter_card":"summary_large_image","twitter_misc":{"Escrito por":"zeromagazinemx","Tiempo de lectura":"6 minutos"},"schema":{"@context":"https:\/\/schema.org","@graph":[{"@type":"Article","@id":"https:\/\/zeromagazine.mx\/index.php\/2024\/11\/06\/mi-cine-historias-de-identidad\/#article","isPartOf":{"@id":"https:\/\/zeromagazine.mx\/index.php\/2024\/11\/06\/mi-cine-historias-de-identidad\/"},"author":{"name":"zeromagazinemx","@id":"https:\/\/zeromagazine.mx\/#\/schema\/person\/9aed9f33a7c39af3a348b86d723f7773"},"headline":"\u00abMI CINE: Historias de Identidad\u00bb","datePublished":"2024-11-06T17:34:54+00:00","dateModified":"2024-11-06T17:44:30+00:00","mainEntityOfPage":{"@id":"https:\/\/zeromagazine.mx\/index.php\/2024\/11\/06\/mi-cine-historias-de-identidad\/"},"wordCount":1244,"commentCount":0,"publisher":{"@id":"https:\/\/zeromagazine.mx\/#organization"},"image":{"@id":"https:\/\/zeromagazine.mx\/index.php\/2024\/11\/06\/mi-cine-historias-de-identidad\/#primaryimage"},"thumbnailUrl":"https:\/\/i0.wp.com\/zeromagazine.mx\/wp-content\/uploads\/2024\/11\/unnamed-38.png?fit=781%2C1169&ssl=1","keywords":["Cine por la Identidad","MI CINE"],"articleSection":["Cultura"],"inLanguage":"es","potentialAction":[{"@type":"CommentAction","name":"Comment","target":["https:\/\/zeromagazine.mx\/index.php\/2024\/11\/06\/mi-cine-historias-de-identidad\/#respond"]}]},{"@type":"WebPage","@id":"https:\/\/zeromagazine.mx\/index.php\/2024\/11\/06\/mi-cine-historias-de-identidad\/","url":"https:\/\/zeromagazine.mx\/index.php\/2024\/11\/06\/mi-cine-historias-de-identidad\/","name":"\"MI CINE: Historias de Identidad\" - Zero Magazine","isPartOf":{"@id":"https:\/\/zeromagazine.mx\/#website"},"primaryImageOfPage":{"@id":"https:\/\/zeromagazine.mx\/index.php\/2024\/11\/06\/mi-cine-historias-de-identidad\/#primaryimage"},"image":{"@id":"https:\/\/zeromagazine.mx\/index.php\/2024\/11\/06\/mi-cine-historias-de-identidad\/#primaryimage"},"thumbnailUrl":"https:\/\/i0.wp.com\/zeromagazine.mx\/wp-content\/uploads\/2024\/11\/unnamed-38.png?fit=781%2C1169&ssl=1","datePublished":"2024-11-06T17:34:54+00:00","dateModified":"2024-11-06T17:44:30+00:00","description":"Conoce la Muestra Itinerante de Cine MI CINE, un espacio para explorar la identidad y resistencia de pueblos originarios a trav\u00e9s del cine.","breadcrumb":{"@id":"https:\/\/zeromagazine.mx\/index.php\/2024\/11\/06\/mi-cine-historias-de-identidad\/#breadcrumb"},"inLanguage":"es","potentialAction":[{"@type":"ReadAction","target":["https:\/\/zeromagazine.mx\/index.php\/2024\/11\/06\/mi-cine-historias-de-identidad\/"]}]},{"@type":"ImageObject","inLanguage":"es","@id":"https:\/\/zeromagazine.mx\/index.php\/2024\/11\/06\/mi-cine-historias-de-identidad\/#primaryimage","url":"https:\/\/i0.wp.com\/zeromagazine.mx\/wp-content\/uploads\/2024\/11\/unnamed-38.png?fit=781%2C1169&ssl=1","contentUrl":"https:\/\/i0.wp.com\/zeromagazine.mx\/wp-content\/uploads\/2024\/11\/unnamed-38.png?fit=781%2C1169&ssl=1","width":781,"height":1169},{"@type":"BreadcrumbList","@id":"https:\/\/zeromagazine.mx\/index.php\/2024\/11\/06\/mi-cine-historias-de-identidad\/#breadcrumb","itemListElement":[{"@type":"ListItem","position":1,"name":"Portada","item":"https:\/\/zeromagazine.mx\/"},{"@type":"ListItem","position":2,"name":"\u00abMI CINE: Historias de Identidad\u00bb"}]},{"@type":"WebSite","@id":"https:\/\/zeromagazine.mx\/#website","url":"https:\/\/zeromagazine.mx\/","name":"Zero Magazine","description":"","publisher":{"@id":"https:\/\/zeromagazine.mx\/#organization"},"potentialAction":[{"@type":"SearchAction","target":{"@type":"EntryPoint","urlTemplate":"https:\/\/zeromagazine.mx\/?s={search_term_string}"},"query-input":{"@type":"PropertyValueSpecification","valueRequired":true,"valueName":"search_term_string"}}],"inLanguage":"es"},{"@type":"Organization","@id":"https:\/\/zeromagazine.mx\/#organization","name":"Zero Magazine","url":"https:\/\/zeromagazine.mx\/","logo":{"@type":"ImageObject","inLanguage":"es","@id":"https:\/\/zeromagazine.mx\/#\/schema\/logo\/image\/","url":"https:\/\/i0.wp.com\/zeromagazine.mx\/wp-content\/uploads\/2025\/11\/1.jpeg?fit=1000%2C1000&ssl=1","contentUrl":"https:\/\/i0.wp.com\/zeromagazine.mx\/wp-content\/uploads\/2025\/11\/1.jpeg?fit=1000%2C1000&ssl=1","width":1000,"height":1000,"caption":"Zero Magazine"},"image":{"@id":"https:\/\/zeromagazine.mx\/#\/schema\/logo\/image\/"},"sameAs":["https:\/\/instagram.com\/zeromagazinemx"]},{"@type":"Person","@id":"https:\/\/zeromagazine.mx\/#\/schema\/person\/9aed9f33a7c39af3a348b86d723f7773","name":"zeromagazinemx","image":{"@type":"ImageObject","inLanguage":"es","@id":"https:\/\/zeromagazine.mx\/wp-content\/litespeed\/avatar\/f91dfe5410d5dcb1a576bf8c45983896.jpg?ver=1776966396","url":"https:\/\/zeromagazine.mx\/wp-content\/litespeed\/avatar\/f91dfe5410d5dcb1a576bf8c45983896.jpg?ver=1776966396","contentUrl":"https:\/\/zeromagazine.mx\/wp-content\/litespeed\/avatar\/f91dfe5410d5dcb1a576bf8c45983896.jpg?ver=1776966396","caption":"zeromagazinemx"},"url":"https:\/\/zeromagazine.mx\/index.php\/author\/zeromagazinemx\/"}]}},"jetpack_publicize_connections":[],"jetpack_featured_media_url":"https:\/\/i0.wp.com\/zeromagazine.mx\/wp-content\/uploads\/2024\/11\/unnamed-38.png?fit=781%2C1169&ssl=1","jetpack-related-posts":[{"id":114327,"url":"https:\/\/zeromagazine.mx\/index.php\/2026\/01\/29\/ficm-2026-fechas-festival-cine-morelia\/","url_meta":{"origin":89480,"position":0},"title":"FICM 2026: Fechas Oficiales Reveladas","author":"zeromagazinemx","date":"29 de enero de 2026","format":false,"excerpt":"Si amas el cine mexicano, los festivales con vibe cultural y los eventos donde se mezclan estrenos, talento emergente y glamour cin\u00e9filo, el FICM 2026 ya tiene fechas \u2014y s\u00ed, es momento de ir apartando octubre en tu calendario. El Festival Internacional de Cine de Morelia (FICM) celebrar\u00e1 su 24a\u2026","rel":"","context":"En \u00abCine\u00bb","block_context":{"text":"Cine","link":"https:\/\/zeromagazine.mx\/index.php\/category\/entretenimiento\/cine\/"},"img":{"alt_text":"","src":"","width":0,"height":0},"classes":[]},{"id":54731,"url":"https:\/\/zeromagazine.mx\/index.php\/2021\/09\/16\/comala-un-apasionante-documental-sobre-la-identidad-de-gian-cassini\/","url_meta":{"origin":89480,"position":1},"title":"Comala, un apasionante documental sobre la identidad de Gian Cassini","author":"zeromagazinemx","date":"16 de septiembre de 2021","format":false,"excerpt":"Comala es un documental sobre la identidad de su director Gian Cassini y tendr\u00e1 su premiere mundial en el Toronto International Film Festival. Por Moises Kushelevich Bajo la producci\u00f3n de IMAGYX Entertainment y La Levedad Producciones con el apoyo de FOPROCINE, Comala, documental filmado en Monterrey, Nuevo Le\u00f3n tendr\u00e1 su\u2026","rel":"","context":"En \u00abCine\u00bb","block_context":{"text":"Cine","link":"https:\/\/zeromagazine.mx\/index.php\/category\/entretenimiento\/cine\/"},"img":{"alt_text":"","src":"https:\/\/i0.wp.com\/img.youtube.com\/vi\/Y_ed5VYD_PA\/0.jpg?resize=350%2C200","width":350,"height":200},"classes":[]},{"id":115870,"url":"https:\/\/zeromagazine.mx\/index.php\/2026\/02\/24\/premios-platino-xcaret-cartel-oficial-xiii-edicion\/","url_meta":{"origin":89480,"position":2},"title":"Premios PLATINO XCARET estrenan cartel","author":"zeromagazinemx","date":"24 de febrero de 2026","format":false,"excerpt":"El hype ya est\u00e1 aqu\u00ed. Los Premios PLATINO XCARET acaban de revelar el cartel oficial de su XIII edici\u00f3n y, honestamente, es de esas im\u00e1genes que se sienten como un fotograma listo para cobrar vida. La nueva identidad visual no solo presenta el ic\u00f3nico trofeo, sino que lo convierte en\u2026","rel":"","context":"En \u00abBlog\u00bb","block_context":{"text":"Blog","link":"https:\/\/zeromagazine.mx\/index.php\/category\/blog\/"},"img":{"alt_text":"","src":"https:\/\/i0.wp.com\/zeromagazine.mx\/wp-content\/uploads\/2026\/02\/unnamed-4-1-scaled.jpg?fit=863%2C1200&ssl=1&resize=350%2C200","width":350,"height":200,"srcset":"https:\/\/i0.wp.com\/zeromagazine.mx\/wp-content\/uploads\/2026\/02\/unnamed-4-1-scaled.jpg?fit=863%2C1200&ssl=1&resize=350%2C200 1x, https:\/\/i0.wp.com\/zeromagazine.mx\/wp-content\/uploads\/2026\/02\/unnamed-4-1-scaled.jpg?fit=863%2C1200&ssl=1&resize=525%2C300 1.5x, https:\/\/i0.wp.com\/zeromagazine.mx\/wp-content\/uploads\/2026\/02\/unnamed-4-1-scaled.jpg?fit=863%2C1200&ssl=1&resize=700%2C400 2x"},"classes":[]},{"id":118061,"url":"https:\/\/zeromagazine.mx\/index.php\/2026\/04\/10\/sundance-cdmx-2026-peliculas\/","url_meta":{"origin":89480,"position":3},"title":"Sundance CDMX 2026 pel\u00edculas imperdibles","author":"zeromagazinemx","date":"10 de abril de 2026","format":false,"excerpt":"Si el plan es ver cine que realmente te deje pensando (y no solo \u201centretenerte\u201d), el Sundance Film Festival: CDMX 2026 acaba de soltar una programaci\u00f3n que se siente como ese mood cin\u00e9filo que no sab\u00edas que necesitabas. Porque s\u00ed, no estamos hablando de cualquier cartelera. Estamos hablando de pel\u00edculas\u2026","rel":"","context":"En \u00abBlog\u00bb","block_context":{"text":"Blog","link":"https:\/\/zeromagazine.mx\/index.php\/category\/blog\/"},"img":{"alt_text":"","src":"https:\/\/i0.wp.com\/zeromagazine.mx\/wp-content\/uploads\/2026\/04\/American-Pachuco-promo-photo-2-scaled.png?resize=350%2C200&ssl=1","width":350,"height":200,"srcset":"https:\/\/i0.wp.com\/zeromagazine.mx\/wp-content\/uploads\/2026\/04\/American-Pachuco-promo-photo-2-scaled.png?resize=350%2C200&ssl=1 1x, https:\/\/i0.wp.com\/zeromagazine.mx\/wp-content\/uploads\/2026\/04\/American-Pachuco-promo-photo-2-scaled.png?resize=525%2C300&ssl=1 1.5x, https:\/\/i0.wp.com\/zeromagazine.mx\/wp-content\/uploads\/2026\/04\/American-Pachuco-promo-photo-2-scaled.png?resize=700%2C400&ssl=1 2x, https:\/\/i0.wp.com\/zeromagazine.mx\/wp-content\/uploads\/2026\/04\/American-Pachuco-promo-photo-2-scaled.png?resize=1050%2C600&ssl=1 3x, https:\/\/i0.wp.com\/zeromagazine.mx\/wp-content\/uploads\/2026\/04\/American-Pachuco-promo-photo-2-scaled.png?resize=1400%2C800&ssl=1 4x"},"classes":[]},{"id":57839,"url":"https:\/\/zeromagazine.mx\/index.php\/2021\/11\/11\/este-25-de-noviembre-se-estrena-en-cines-mexicanos-la-pelicula-the-nowhere\/","url_meta":{"origin":89480,"position":4},"title":"Este 25 de noviembre se estrena en cines mexicanos la pel\u00edcula The Nowhere","author":"zeromagazinemx","date":"11 de noviembre de 2021","format":false,"excerpt":"La historia nos relata lo siguiente Annie Clark y Carrie Brownstein nos presentan el relato ficticio de dos fuerzas creativas que se unieron para hacer un documental sobre la m\u00fasica de St. Vincent, la vida de gira y el personaje arriba del escenario (muy similar a una historia de vida).\u00a0\u00a0\u2026","rel":"","context":"En \u00abCine\u00bb","block_context":{"text":"Cine","link":"https:\/\/zeromagazine.mx\/index.php\/category\/entretenimiento\/cine\/"},"img":{"alt_text":"","src":"https:\/\/i0.wp.com\/zeromagazinemx.wpcomstaging.com\/wp-content\/uploads\/2022\/02\/9fae6-the_nowhere_inn-961092005-large.jpg?resize=350%2C200&ssl=1","width":350,"height":200,"srcset":"https:\/\/i0.wp.com\/zeromagazinemx.wpcomstaging.com\/wp-content\/uploads\/2022\/02\/9fae6-the_nowhere_inn-961092005-large.jpg?resize=350%2C200&ssl=1 1x, https:\/\/i0.wp.com\/zeromagazinemx.wpcomstaging.com\/wp-content\/uploads\/2022\/02\/9fae6-the_nowhere_inn-961092005-large.jpg?resize=525%2C300&ssl=1 1.5x, https:\/\/i0.wp.com\/zeromagazinemx.wpcomstaging.com\/wp-content\/uploads\/2022\/02\/9fae6-the_nowhere_inn-961092005-large.jpg?resize=700%2C400&ssl=1 2x"},"classes":[]},{"id":87212,"url":"https:\/\/zeromagazine.mx\/index.php\/2024\/10\/17\/queer-de-luca-guadagnino-proximamente-en-cines\/","url_meta":{"origin":89480,"position":5},"title":"Queer de Luca Guadagnino: \u00a1Pr\u00f3ximamente en cines!","author":"zeromagazinemx","date":"17 de octubre de 2024","format":false,"excerpt":"Hola amigxs, esta semana quiero hablarles de algo que me tiene super emocionade: MUBI, la plataforma de streaming que todos amamos, acaba de anunciar que ha adquirido los derechos de Queer, una pel\u00edcula dirigida por el incre\u00edble Luca Guadagnino, conocido por obras como Call Me By Your Name y Challengers.\u2026","rel":"","context":"En \u00abCultura\u00bb","block_context":{"text":"Cultura","link":"https:\/\/zeromagazine.mx\/index.php\/category\/cultura\/"},"img":{"alt_text":"","src":"https:\/\/i0.wp.com\/zeromagazine.mx\/wp-content\/uploads\/2024\/10\/queer_topo.png?fit=570%2C247&ssl=1&resize=350%2C200","width":350,"height":200,"srcset":"https:\/\/i0.wp.com\/zeromagazine.mx\/wp-content\/uploads\/2024\/10\/queer_topo.png?fit=570%2C247&ssl=1&resize=350%2C200 1x, https:\/\/i0.wp.com\/zeromagazine.mx\/wp-content\/uploads\/2024\/10\/queer_topo.png?fit=570%2C247&ssl=1&resize=525%2C300 1.5x"},"classes":[]}],"jetpack_sharing_enabled":true,"builder_content":"","_links":{"self":[{"href":"https:\/\/zeromagazine.mx\/index.php\/wp-json\/wp\/v2\/posts\/89480","targetHints":{"allow":["GET"]}}],"collection":[{"href":"https:\/\/zeromagazine.mx\/index.php\/wp-json\/wp\/v2\/posts"}],"about":[{"href":"https:\/\/zeromagazine.mx\/index.php\/wp-json\/wp\/v2\/types\/post"}],"author":[{"embeddable":true,"href":"https:\/\/zeromagazine.mx\/index.php\/wp-json\/wp\/v2\/users\/2"}],"replies":[{"embeddable":true,"href":"https:\/\/zeromagazine.mx\/index.php\/wp-json\/wp\/v2\/comments?post=89480"}],"version-history":[{"count":9,"href":"https:\/\/zeromagazine.mx\/index.php\/wp-json\/wp\/v2\/posts\/89480\/revisions"}],"predecessor-version":[{"id":89494,"href":"https:\/\/zeromagazine.mx\/index.php\/wp-json\/wp\/v2\/posts\/89480\/revisions\/89494"}],"wp:featuredmedia":[{"embeddable":true,"href":"https:\/\/zeromagazine.mx\/index.php\/wp-json\/wp\/v2\/media\/89481"}],"wp:attachment":[{"href":"https:\/\/zeromagazine.mx\/index.php\/wp-json\/wp\/v2\/media?parent=89480"}],"wp:term":[{"taxonomy":"category","embeddable":true,"href":"https:\/\/zeromagazine.mx\/index.php\/wp-json\/wp\/v2\/categories?post=89480"},{"taxonomy":"post_tag","embeddable":true,"href":"https:\/\/zeromagazine.mx\/index.php\/wp-json\/wp\/v2\/tags?post=89480"}],"curies":[{"name":"wp","href":"https:\/\/api.w.org\/{rel}","templated":true}]}}