{"id":89751,"date":"2024-11-07T19:37:14","date_gmt":"2024-11-07T18:37:14","guid":{"rendered":"https:\/\/zeromagazine.mx\/?p=89751"},"modified":"2024-11-07T19:51:54","modified_gmt":"2024-11-07T18:51:54","slug":"charles-leclerc-el-nuevo-embajador-puma","status":"publish","type":"post","link":"https:\/\/zeromagazine.mx\/index.php\/2024\/11\/07\/charles-leclerc-el-nuevo-embajador-puma\/","title":{"rendered":"\u00abCharles Leclerc: El Nuevo Embajador PUMA\u00bb"},"content":{"rendered":"<p>\u00a1Chicxs! PUMA acaba de hacerla grande al arrancar las celebraciones del Gran Premio de M\u00e9xico con un invitado de lujo, el mism\u00edsimo Charles Leclerc, piloto estrella de la escuder\u00eda Ferrari. Y, claro, lo hicieron en grande con una visita s\u00faper \u00e9pica a la PUMA Flagship Store Madero, que es la tienda m\u00e1s grande de la marca en M\u00e9xico. <\/p>\n\n\n\n<p>La colaboraci\u00f3n entre Leclerc y PUMA se solt\u00f3 a principios de este mes, y su prop\u00f3sito est\u00e1 clar\u00edsimo: unir la pasi\u00f3n por los l\u00edmites, la velocidad, y la moda. O sea, c\u00f3mo no amar ese mix, \u00bfno? PUMA no solo est\u00e1 llevando su esp\u00edritu deportivo a los sneakers y ropa, sino tambi\u00e9n la energ\u00eda de las carreras para llevarlo al lifestyle. Y qu\u00e9 mejor lugar que M\u00e9xico para arrancar todo este vibe.<\/p>\n\n\n\n<h2 class=\"wp-block-heading\"> De la Pista al Streetwear<\/h2>\n\n\n\n<p>Leclerc lleg\u00f3 como una s\u00faper estrella, pero no solo como el piloto r\u00e1pido de Ferrari, sino tambi\u00e9n como parte de la familia PUMA. Para darle la bienvenida, la marimba reson\u00f3 en la tienda, porque qu\u00e9 m\u00e1s mexicano que eso, \u00bfverdad? El piloto tuvo la oportunidad de conocer de cerca la colecci\u00f3n de D\u00eda de Muertos, una l\u00ednea que rinde homenaje a nuestras tradiciones con el toque inconfundible de PUMA.<\/p>\n\n\n\n<p>Uno de los sneakers m\u00e1s chidos que present\u00f3 la colecci\u00f3n fue el SUEDE XL, que trae una combinaci\u00f3n de colores y texturas que nos recuerdan la esencia de la festividad m\u00e1s importante de M\u00e9xico. Y si eso no fue suficiente, la marca tambi\u00e9n revivi\u00f3 la cl\u00e1sica Easy Rider de los 70s, con un dise\u00f1o completamente renovado, ideal para el streetwear de hoy en d\u00eda. Imaginen la energ\u00eda de las carreras y la cultura mexicana fusionadas en una tienda, un ambiente lleno de adrenalina y estilo.<\/p>\n\n\n\n<script async src=\"https:\/\/pagead2.googlesyndication.com\/pagead\/js\/adsbygoogle.js?client=ca-pub-5499304793904745\"\n     crossorigin=\"anonymous\"><\/script>\n<ins class=\"adsbygoogle\"\n     style=\"display:block; text-align:center;\"\n     data-ad-layout=\"in-article\"\n     data-ad-format=\"fluid\"\n     data-ad-client=\"ca-pub-5499304793904745\"\n     data-ad-slot=\"5994863093\"><\/ins>\n<script>\n     (adsbygoogle = window.adsbygoogle || []).push({});\n<\/script>\n\n\n\n<p><\/p>\n\n\n\n<p>Despu\u00e9s de recorrer la tienda, Charles se uni\u00f3 a una rueda de prensa en donde comparti\u00f3 su emoci\u00f3n de formar parte de la familia PUMA. El piloto no solo habl\u00f3 de sus logros en la pista, sino tambi\u00e9n de los valores que comparte con la marca. \u00abEstoy muy contento de estar en M\u00e9xico y llegar como miembro de la familia PUMA. Formar parte ahora de esta familia junto a otros grandes atletas es algo especial para m\u00ed\u00bb, coment\u00f3. Y es que la verdad, esta alianza no podr\u00eda ser m\u00e1s perfecta: Leclerc y PUMA comparten la misma visi\u00f3n de confianza, valent\u00eda y empoderamiento, ingredientes esenciales para cualquier campe\u00f3n, ya sea en la pista o fuera de ella.<\/p>\n\n\n<div class=\"wp-block-image\">\n<figure class=\"aligncenter size-large\"><img data-recalc-dims=\"1\" decoding=\"async\" width=\"877\" height=\"1024\" src=\"https:\/\/i0.wp.com\/zeromagazine.mx\/wp-content\/uploads\/2024\/11\/unnamed-72-877x1024.jpg?resize=877%2C1024&#038;ssl=1\" alt=\"PUMA y Charles Leclerc lanzan una colaboraci\u00f3n que combina la adrenalina de las carreras con el estilo urbano, inspirada en la cultura mexicana.\" class=\"wp-image-89754\" srcset=\"https:\/\/i0.wp.com\/zeromagazine.mx\/wp-content\/uploads\/2024\/11\/unnamed-72-scaled.jpg?resize=877%2C1024&amp;ssl=1 877w, https:\/\/i0.wp.com\/zeromagazine.mx\/wp-content\/uploads\/2024\/11\/unnamed-72-scaled.jpg?resize=257%2C300&amp;ssl=1 257w, https:\/\/i0.wp.com\/zeromagazine.mx\/wp-content\/uploads\/2024\/11\/unnamed-72-scaled.jpg?resize=768%2C897&amp;ssl=1 768w, https:\/\/i0.wp.com\/zeromagazine.mx\/wp-content\/uploads\/2024\/11\/unnamed-72-scaled.jpg?resize=1316%2C1536&amp;ssl=1 1316w, https:\/\/i0.wp.com\/zeromagazine.mx\/wp-content\/uploads\/2024\/11\/unnamed-72-scaled.jpg?resize=1754%2C2048&amp;ssl=1 1754w\" sizes=\"(max-width: 877px) 100vw, 877px\" \/><\/figure>\n<\/div>\n\n\n<p><\/p>\n\n\n\n<p>Por su parte, Sebasti\u00e1n D\u00edaz, el director general de PUMA M\u00e9xico, no pudo esconder su emoci\u00f3n al recibir al piloto en el pa\u00eds. \u00abEs un atleta de clase mundial que, al igual que nosotros, busca inspirar a las personas alrededor del mundo a trav\u00e9s del deporte\u00bb, dijo. Y s\u00ed, c\u00f3mo no sentirse inspirado por un tipo que ha dominado el asfalto y que comparte los mismos valores de crecimiento y superaci\u00f3n que la marca! PUMA est\u00e1 m\u00e1s que lista para seguir colaborando con Leclerc en futuros proyectos, y cr\u00e9anme, PUMA Motorsport promete darle mucho m\u00e1s sabor al automovilismo y la moda.<\/p>\n\n\n\n<h2 class=\"wp-block-heading\"> Leclerc Vive la Experiencia PUMA<\/h2>\n\n\n\n<p>Despu\u00e9s de la rueda de prensa, Charles Leclerc vivi\u00f3 una experiencia incre\u00edble con los fans de PUMA. C\u00f3cteles de bienvenida y una activaci\u00f3n con un simulador de PlayStation le dieron el toque perfecto a su visita. Y para cerrar con broche de oro, Leclerc recibi\u00f3 un detalle super especial: un PUMA inspirado en los alebrijes mexicanos, c\u00f3mo no amar ese detalle. Es un s\u00edmbolo de agradecimiento por todo lo que representa la colaboraci\u00f3n, y claro, un recordatorio de las ra\u00edces mexicanas que siempre se hacen sentir.<\/p>\n\n\n<div class=\"wp-block-image\">\n<figure class=\"aligncenter size-full\"><img data-recalc-dims=\"1\" decoding=\"async\" width=\"1165\" height=\"777\" src=\"https:\/\/i0.wp.com\/zeromagazine.mx\/wp-content\/uploads\/2024\/11\/unnamed-71-scaled.jpg?resize=1165%2C777&#038;ssl=1\" alt=\"Charles Leclerc, piloto de Ferrari, se convierte en embajador global de PUMA, compartiendo su pasi\u00f3n por la velocidad, la moda y el trabajo en equipo.\" class=\"wp-image-89753\" srcset=\"https:\/\/i0.wp.com\/zeromagazine.mx\/wp-content\/uploads\/2024\/11\/unnamed-71-scaled.jpg?w=2560&amp;ssl=1 2560w, https:\/\/i0.wp.com\/zeromagazine.mx\/wp-content\/uploads\/2024\/11\/unnamed-71-scaled.jpg?resize=300%2C200&amp;ssl=1 300w, https:\/\/i0.wp.com\/zeromagazine.mx\/wp-content\/uploads\/2024\/11\/unnamed-71-scaled.jpg?resize=1024%2C683&amp;ssl=1 1024w, https:\/\/i0.wp.com\/zeromagazine.mx\/wp-content\/uploads\/2024\/11\/unnamed-71-scaled.jpg?resize=768%2C512&amp;ssl=1 768w, https:\/\/i0.wp.com\/zeromagazine.mx\/wp-content\/uploads\/2024\/11\/unnamed-71-scaled.jpg?resize=1536%2C1024&amp;ssl=1 1536w, https:\/\/i0.wp.com\/zeromagazine.mx\/wp-content\/uploads\/2024\/11\/unnamed-71-scaled.jpg?resize=2048%2C1365&amp;ssl=1 2048w, https:\/\/i0.wp.com\/zeromagazine.mx\/wp-content\/uploads\/2024\/11\/unnamed-71-scaled.jpg?w=2330 2330w\" sizes=\"(max-width: 1165px) 100vw, 1165px\" \/><\/figure>\n<\/div>\n\n\n<p><\/p>\n\n\n\n<p>La verdad es que este evento no fue solo una simple visita de un embajador global, fue un momento de uni\u00f3n entre la cultura del automovilismo, el lifestyle, y las tradiciones mexicanas. PUMA se la rif\u00f3 en conectar a los fans de la marca, los amantes de la moda y los del automovilismo en un mismo espacio, todo bajo la energ\u00eda de un piloto de F\u00f3rmula 1 como Charles Leclerc, que se une a la familia PUMA con toda la actitud.<\/p>\n\n\n<div class=\"wp-block-image\">\n<figure class=\"aligncenter size-full\"><img data-recalc-dims=\"1\" decoding=\"async\" width=\"1165\" height=\"777\" src=\"https:\/\/i0.wp.com\/zeromagazine.mx\/wp-content\/uploads\/2024\/11\/unnamed-70-scaled.jpg?resize=1165%2C777&#038;ssl=1\" alt=\"\" class=\"wp-image-89752\" srcset=\"https:\/\/i0.wp.com\/zeromagazine.mx\/wp-content\/uploads\/2024\/11\/unnamed-70-scaled.jpg?w=2560&amp;ssl=1 2560w, https:\/\/i0.wp.com\/zeromagazine.mx\/wp-content\/uploads\/2024\/11\/unnamed-70-scaled.jpg?resize=300%2C200&amp;ssl=1 300w, https:\/\/i0.wp.com\/zeromagazine.mx\/wp-content\/uploads\/2024\/11\/unnamed-70-scaled.jpg?resize=1024%2C683&amp;ssl=1 1024w, https:\/\/i0.wp.com\/zeromagazine.mx\/wp-content\/uploads\/2024\/11\/unnamed-70-scaled.jpg?resize=768%2C512&amp;ssl=1 768w, https:\/\/i0.wp.com\/zeromagazine.mx\/wp-content\/uploads\/2024\/11\/unnamed-70-scaled.jpg?resize=1536%2C1024&amp;ssl=1 1536w, https:\/\/i0.wp.com\/zeromagazine.mx\/wp-content\/uploads\/2024\/11\/unnamed-70-scaled.jpg?resize=2048%2C1365&amp;ssl=1 2048w, https:\/\/i0.wp.com\/zeromagazine.mx\/wp-content\/uploads\/2024\/11\/unnamed-70-scaled.jpg?w=2330 2330w\" sizes=\"(max-width: 1165px) 100vw, 1165px\" \/><\/figure>\n<\/div>\n\n\n<p><\/p>\n\n\n\n<h2 class=\"wp-block-heading\">El Futuro de PUMA Motorsport y Leclerc<\/h2>\n\n\n\n<p>Si ya est\u00e1s emocionado por todo lo que se viene, ag\u00e1rrate. Esta colaboraci\u00f3n con Charles Leclerc apenas est\u00e1 comenzando. Si eres fan de la F\u00f3rmula 1, el lifestyle o simplemente de los sneakers, tienes que estar s\u00faper pendiente de lo que PUMA y Leclerc tienen preparado para los pr\u00f3ximos meses.<\/p>\n\n\n\n<script async src=\"https:\/\/pagead2.googlesyndication.com\/pagead\/js\/adsbygoogle.js?client=ca-pub-5499304793904745\"\r\n     crossorigin=\"anonymous\"><\/script>\r\n<ins class=\"adsbygoogle\"\r\n     style=\"display:block; text-align:center;\"\r\n     data-ad-layout=\"in-article\"\r\n     data-ad-format=\"fluid\"\r\n     data-ad-client=\"ca-pub-5499304793904745\"\r\n     data-ad-slot=\"5994863093\"><\/ins>\r\n<script>\r\n     (adsbygoogle = window.adsbygoogle || []).push({});\r\n<\/script>\n\n\n\n<p><\/p>\n\n\n\n<p>Para estar al tanto de todos los proyectos futuros y de todo lo relacionado con <em>PUMA Motorsport<\/em>, no olvides seguir a la marca en sus redes sociales:<\/p>\n\n\n\n<ul class=\"wp-block-list\">\n<li>Instagram: <a href=\"https:\/\/www.instagram.com\/pumamexico\">@pumamexico<\/a><\/li>\n\n\n\n<li>Facebook: <a href=\"https:\/\/www.facebook.com\/PUMAMexico\">@PUMAMexico<\/a><\/li>\n\n\n\n<li>X: <a href=\"https:\/\/x.com\/PUMAMexico\">@PUMAMexico<\/a><\/li>\n\n\n\n<li>LinkedIn: <a href=\"https:\/\/www.linkedin.com\/company\/puma\">PUMA<\/a><\/li>\n\n\n\n<li>Web: <a href=\"https:\/\/www.puma.com\">www.puma.com<\/a><\/li>\n<\/ul>\n\n\n\n<p>As\u00ed que ya sabes, si quieres seguir la energ\u00eda de la pista, las nuevas colecciones y mucho m\u00e1s, solo tienes que darles un follow y estar listo para todo lo que PUMA trae con su nueva estrella, Charles Leclerc. \u00bfListos para sumarse a esta mezcla de velocidad y fashion? Porque esto es solo el principio.<\/p>\n\n<!--themify_builder_content-->\n<div id=\"themify_builder_content-89751\" data-postid=\"89751\" class=\"themify_builder_content themify_builder_content-89751 themify_builder tf_clear\">\n    <\/div>\n<!--\/themify_builder_content-->","protected":false},"excerpt":{"rendered":"<p>\u00a1Chicxs! PUMA acaba de hacerla grande al arrancar las celebraciones del Gran Premio de M\u00e9xico con un invitado de lujo, el mism\u00edsimo Charles Leclerc, piloto estrella de la escuder\u00eda Ferrari. Y, claro, lo hicieron en grande con una visita s\u00faper \u00e9pica a la PUMA Flagship Store Madero, que es la tienda m\u00e1s grande de la [&hellip;]<\/p>\n","protected":false},"author":2,"featured_media":89752,"comment_status":"open","ping_status":"open","sticky":false,"template":"","format":"standard","meta":{"_jetpack_memberships_contains_paid_content":false,"footnotes":"","jetpack_publicize_message":"","jetpack_publicize_feature_enabled":true,"jetpack_social_post_already_shared":true,"jetpack_social_options":{"image_generator_settings":{"template":"highway","default_image_id":0,"font":"","enabled":false},"version":2}},"categories":[67],"tags":[11388,11389,182],"class_list":["post-89751","post","type-post","status-publish","format-standard","has-post-thumbnail","hentry","category-moda","tag-charles-leclerc","tag-flagship-store-madero","tag-puma","has-post-title","has-post-date","has-post-category","has-post-tag","has-post-comment","has-post-author",""],"yoast_head":"<!-- This site is optimized with the Yoast SEO plugin v27.5 - https:\/\/yoast.com\/product\/yoast-seo-wordpress\/ -->\n<title>&quot;Charles Leclerc: El Nuevo Embajador PUMA&quot; - Zero Magazine<\/title>\n<meta name=\"description\" content=\"PUMA celebra el Gran Premio de M\u00e9xico con la llegada de Charles Leclerc, su nuevo embajador global, en un evento lleno de estilo y adrenalina.\" \/>\n<meta name=\"robots\" content=\"index, follow, max-snippet:-1, max-image-preview:large, max-video-preview:-1\" \/>\n<link rel=\"canonical\" href=\"https:\/\/zeromagazine.mx\/index.php\/2024\/11\/07\/charles-leclerc-el-nuevo-embajador-puma\/\" \/>\n<meta property=\"og:locale\" content=\"es_ES\" \/>\n<meta property=\"og:type\" content=\"article\" \/>\n<meta property=\"og:title\" content=\"&quot;Charles Leclerc: El Nuevo Embajador PUMA&quot; - Zero Magazine\" \/>\n<meta property=\"og:description\" content=\"PUMA celebra el Gran Premio de M\u00e9xico con la llegada de Charles Leclerc, su nuevo embajador global, en un evento lleno de estilo y adrenalina.\" \/>\n<meta property=\"og:url\" content=\"https:\/\/zeromagazine.mx\/index.php\/2024\/11\/07\/charles-leclerc-el-nuevo-embajador-puma\/\" \/>\n<meta property=\"og:site_name\" content=\"Zero Magazine\" \/>\n<meta property=\"article:published_time\" content=\"2024-11-07T18:37:14+00:00\" \/>\n<meta property=\"article:modified_time\" content=\"2024-11-07T18:51:54+00:00\" \/>\n<meta property=\"og:image\" content=\"http:\/\/zeromagazine.mx\/wp-content\/uploads\/2024\/11\/unnamed-70-scaled.jpg\" \/>\n\t<meta property=\"og:image:width\" content=\"2560\" \/>\n\t<meta property=\"og:image:height\" content=\"1707\" \/>\n\t<meta property=\"og:image:type\" content=\"image\/jpeg\" \/>\n<meta name=\"author\" content=\"zeromagazinemx\" \/>\n<meta name=\"twitter:card\" content=\"summary_large_image\" \/>\n<meta name=\"twitter:label1\" content=\"Escrito por\" \/>\n\t<meta name=\"twitter:data1\" content=\"zeromagazinemx\" \/>\n\t<meta name=\"twitter:label2\" content=\"Tiempo de lectura\" \/>\n\t<meta name=\"twitter:data2\" content=\"5 minutos\" \/>\n<script type=\"application\/ld+json\" class=\"yoast-schema-graph\">{\"@context\":\"https:\\\/\\\/schema.org\",\"@graph\":[{\"@type\":\"Article\",\"@id\":\"https:\\\/\\\/zeromagazine.mx\\\/index.php\\\/2024\\\/11\\\/07\\\/charles-leclerc-el-nuevo-embajador-puma\\\/#article\",\"isPartOf\":{\"@id\":\"https:\\\/\\\/zeromagazine.mx\\\/index.php\\\/2024\\\/11\\\/07\\\/charles-leclerc-el-nuevo-embajador-puma\\\/\"},\"author\":{\"name\":\"zeromagazinemx\",\"@id\":\"https:\\\/\\\/zeromagazine.mx\\\/#\\\/schema\\\/person\\\/9aed9f33a7c39af3a348b86d723f7773\"},\"headline\":\"\u00abCharles Leclerc: El Nuevo Embajador PUMA\u00bb\",\"datePublished\":\"2024-11-07T18:37:14+00:00\",\"dateModified\":\"2024-11-07T18:51:54+00:00\",\"mainEntityOfPage\":{\"@id\":\"https:\\\/\\\/zeromagazine.mx\\\/index.php\\\/2024\\\/11\\\/07\\\/charles-leclerc-el-nuevo-embajador-puma\\\/\"},\"wordCount\":905,\"commentCount\":0,\"publisher\":{\"@id\":\"https:\\\/\\\/zeromagazine.mx\\\/#organization\"},\"image\":{\"@id\":\"https:\\\/\\\/zeromagazine.mx\\\/index.php\\\/2024\\\/11\\\/07\\\/charles-leclerc-el-nuevo-embajador-puma\\\/#primaryimage\"},\"thumbnailUrl\":\"https:\\\/\\\/i0.wp.com\\\/zeromagazine.mx\\\/wp-content\\\/uploads\\\/2024\\\/11\\\/unnamed-70-scaled.jpg?fit=2560%2C1707&ssl=1\",\"keywords\":[\"Charles Leclerc\",\"Flagship Store Madero\",\"PUMA\"],\"articleSection\":[\"Moda\"],\"inLanguage\":\"es\",\"potentialAction\":[{\"@type\":\"CommentAction\",\"name\":\"Comment\",\"target\":[\"https:\\\/\\\/zeromagazine.mx\\\/index.php\\\/2024\\\/11\\\/07\\\/charles-leclerc-el-nuevo-embajador-puma\\\/#respond\"]}]},{\"@type\":\"WebPage\",\"@id\":\"https:\\\/\\\/zeromagazine.mx\\\/index.php\\\/2024\\\/11\\\/07\\\/charles-leclerc-el-nuevo-embajador-puma\\\/\",\"url\":\"https:\\\/\\\/zeromagazine.mx\\\/index.php\\\/2024\\\/11\\\/07\\\/charles-leclerc-el-nuevo-embajador-puma\\\/\",\"name\":\"\\\"Charles Leclerc: El Nuevo Embajador PUMA\\\" - Zero Magazine\",\"isPartOf\":{\"@id\":\"https:\\\/\\\/zeromagazine.mx\\\/#website\"},\"primaryImageOfPage\":{\"@id\":\"https:\\\/\\\/zeromagazine.mx\\\/index.php\\\/2024\\\/11\\\/07\\\/charles-leclerc-el-nuevo-embajador-puma\\\/#primaryimage\"},\"image\":{\"@id\":\"https:\\\/\\\/zeromagazine.mx\\\/index.php\\\/2024\\\/11\\\/07\\\/charles-leclerc-el-nuevo-embajador-puma\\\/#primaryimage\"},\"thumbnailUrl\":\"https:\\\/\\\/i0.wp.com\\\/zeromagazine.mx\\\/wp-content\\\/uploads\\\/2024\\\/11\\\/unnamed-70-scaled.jpg?fit=2560%2C1707&ssl=1\",\"datePublished\":\"2024-11-07T18:37:14+00:00\",\"dateModified\":\"2024-11-07T18:51:54+00:00\",\"description\":\"PUMA celebra el Gran Premio de M\u00e9xico con la llegada de Charles Leclerc, su nuevo embajador global, en un evento lleno de estilo y adrenalina.\",\"breadcrumb\":{\"@id\":\"https:\\\/\\\/zeromagazine.mx\\\/index.php\\\/2024\\\/11\\\/07\\\/charles-leclerc-el-nuevo-embajador-puma\\\/#breadcrumb\"},\"inLanguage\":\"es\",\"potentialAction\":[{\"@type\":\"ReadAction\",\"target\":[\"https:\\\/\\\/zeromagazine.mx\\\/index.php\\\/2024\\\/11\\\/07\\\/charles-leclerc-el-nuevo-embajador-puma\\\/\"]}]},{\"@type\":\"ImageObject\",\"inLanguage\":\"es\",\"@id\":\"https:\\\/\\\/zeromagazine.mx\\\/index.php\\\/2024\\\/11\\\/07\\\/charles-leclerc-el-nuevo-embajador-puma\\\/#primaryimage\",\"url\":\"https:\\\/\\\/i0.wp.com\\\/zeromagazine.mx\\\/wp-content\\\/uploads\\\/2024\\\/11\\\/unnamed-70-scaled.jpg?fit=2560%2C1707&ssl=1\",\"contentUrl\":\"https:\\\/\\\/i0.wp.com\\\/zeromagazine.mx\\\/wp-content\\\/uploads\\\/2024\\\/11\\\/unnamed-70-scaled.jpg?fit=2560%2C1707&ssl=1\",\"width\":2560,\"height\":1707,\"caption\":\"{\\\"key\\\":\\\"c8pro\\\"}\"},{\"@type\":\"BreadcrumbList\",\"@id\":\"https:\\\/\\\/zeromagazine.mx\\\/index.php\\\/2024\\\/11\\\/07\\\/charles-leclerc-el-nuevo-embajador-puma\\\/#breadcrumb\",\"itemListElement\":[{\"@type\":\"ListItem\",\"position\":1,\"name\":\"Portada\",\"item\":\"https:\\\/\\\/zeromagazine.mx\\\/\"},{\"@type\":\"ListItem\",\"position\":2,\"name\":\"\u00abCharles Leclerc: El Nuevo Embajador PUMA\u00bb\"}]},{\"@type\":\"WebSite\",\"@id\":\"https:\\\/\\\/zeromagazine.mx\\\/#website\",\"url\":\"https:\\\/\\\/zeromagazine.mx\\\/\",\"name\":\"Zero Magazine\",\"description\":\"\",\"publisher\":{\"@id\":\"https:\\\/\\\/zeromagazine.mx\\\/#organization\"},\"potentialAction\":[{\"@type\":\"SearchAction\",\"target\":{\"@type\":\"EntryPoint\",\"urlTemplate\":\"https:\\\/\\\/zeromagazine.mx\\\/?s={search_term_string}\"},\"query-input\":{\"@type\":\"PropertyValueSpecification\",\"valueRequired\":true,\"valueName\":\"search_term_string\"}}],\"inLanguage\":\"es\"},{\"@type\":\"Organization\",\"@id\":\"https:\\\/\\\/zeromagazine.mx\\\/#organization\",\"name\":\"Zero Magazine\",\"url\":\"https:\\\/\\\/zeromagazine.mx\\\/\",\"logo\":{\"@type\":\"ImageObject\",\"inLanguage\":\"es\",\"@id\":\"https:\\\/\\\/zeromagazine.mx\\\/#\\\/schema\\\/logo\\\/image\\\/\",\"url\":\"https:\\\/\\\/i0.wp.com\\\/zeromagazine.mx\\\/wp-content\\\/uploads\\\/2025\\\/11\\\/1.jpeg?fit=1000%2C1000&ssl=1\",\"contentUrl\":\"https:\\\/\\\/i0.wp.com\\\/zeromagazine.mx\\\/wp-content\\\/uploads\\\/2025\\\/11\\\/1.jpeg?fit=1000%2C1000&ssl=1\",\"width\":1000,\"height\":1000,\"caption\":\"Zero Magazine\"},\"image\":{\"@id\":\"https:\\\/\\\/zeromagazine.mx\\\/#\\\/schema\\\/logo\\\/image\\\/\"},\"sameAs\":[\"https:\\\/\\\/instagram.com\\\/zeromagazinemx\"]},{\"@type\":\"Person\",\"@id\":\"https:\\\/\\\/zeromagazine.mx\\\/#\\\/schema\\\/person\\\/9aed9f33a7c39af3a348b86d723f7773\",\"name\":\"zeromagazinemx\",\"image\":{\"@type\":\"ImageObject\",\"inLanguage\":\"es\",\"@id\":\"https:\\\/\\\/zeromagazine.mx\\\/wp-content\\\/litespeed\\\/avatar\\\/f91dfe5410d5dcb1a576bf8c45983896.jpg?ver=1777571230\",\"url\":\"https:\\\/\\\/zeromagazine.mx\\\/wp-content\\\/litespeed\\\/avatar\\\/f91dfe5410d5dcb1a576bf8c45983896.jpg?ver=1777571230\",\"contentUrl\":\"https:\\\/\\\/zeromagazine.mx\\\/wp-content\\\/litespeed\\\/avatar\\\/f91dfe5410d5dcb1a576bf8c45983896.jpg?ver=1777571230\",\"caption\":\"zeromagazinemx\"},\"url\":\"https:\\\/\\\/zeromagazine.mx\\\/index.php\\\/author\\\/zeromagazinemx\\\/\"}]}<\/script>\n<!-- \/ Yoast SEO plugin. -->","yoast_head_json":{"title":"\"Charles Leclerc: El Nuevo Embajador PUMA\" - Zero Magazine","description":"PUMA celebra el Gran Premio de M\u00e9xico con la llegada de Charles Leclerc, su nuevo embajador global, en un evento lleno de estilo y adrenalina.","robots":{"index":"index","follow":"follow","max-snippet":"max-snippet:-1","max-image-preview":"max-image-preview:large","max-video-preview":"max-video-preview:-1"},"canonical":"https:\/\/zeromagazine.mx\/index.php\/2024\/11\/07\/charles-leclerc-el-nuevo-embajador-puma\/","og_locale":"es_ES","og_type":"article","og_title":"\"Charles Leclerc: El Nuevo Embajador PUMA\" - Zero Magazine","og_description":"PUMA celebra el Gran Premio de M\u00e9xico con la llegada de Charles Leclerc, su nuevo embajador global, en un evento lleno de estilo y adrenalina.","og_url":"https:\/\/zeromagazine.mx\/index.php\/2024\/11\/07\/charles-leclerc-el-nuevo-embajador-puma\/","og_site_name":"Zero Magazine","article_published_time":"2024-11-07T18:37:14+00:00","article_modified_time":"2024-11-07T18:51:54+00:00","og_image":[{"width":2560,"height":1707,"url":"http:\/\/zeromagazine.mx\/wp-content\/uploads\/2024\/11\/unnamed-70-scaled.jpg","type":"image\/jpeg"}],"author":"zeromagazinemx","twitter_card":"summary_large_image","twitter_misc":{"Escrito por":"zeromagazinemx","Tiempo de lectura":"5 minutos"},"schema":{"@context":"https:\/\/schema.org","@graph":[{"@type":"Article","@id":"https:\/\/zeromagazine.mx\/index.php\/2024\/11\/07\/charles-leclerc-el-nuevo-embajador-puma\/#article","isPartOf":{"@id":"https:\/\/zeromagazine.mx\/index.php\/2024\/11\/07\/charles-leclerc-el-nuevo-embajador-puma\/"},"author":{"name":"zeromagazinemx","@id":"https:\/\/zeromagazine.mx\/#\/schema\/person\/9aed9f33a7c39af3a348b86d723f7773"},"headline":"\u00abCharles Leclerc: El Nuevo Embajador PUMA\u00bb","datePublished":"2024-11-07T18:37:14+00:00","dateModified":"2024-11-07T18:51:54+00:00","mainEntityOfPage":{"@id":"https:\/\/zeromagazine.mx\/index.php\/2024\/11\/07\/charles-leclerc-el-nuevo-embajador-puma\/"},"wordCount":905,"commentCount":0,"publisher":{"@id":"https:\/\/zeromagazine.mx\/#organization"},"image":{"@id":"https:\/\/zeromagazine.mx\/index.php\/2024\/11\/07\/charles-leclerc-el-nuevo-embajador-puma\/#primaryimage"},"thumbnailUrl":"https:\/\/i0.wp.com\/zeromagazine.mx\/wp-content\/uploads\/2024\/11\/unnamed-70-scaled.jpg?fit=2560%2C1707&ssl=1","keywords":["Charles Leclerc","Flagship Store Madero","PUMA"],"articleSection":["Moda"],"inLanguage":"es","potentialAction":[{"@type":"CommentAction","name":"Comment","target":["https:\/\/zeromagazine.mx\/index.php\/2024\/11\/07\/charles-leclerc-el-nuevo-embajador-puma\/#respond"]}]},{"@type":"WebPage","@id":"https:\/\/zeromagazine.mx\/index.php\/2024\/11\/07\/charles-leclerc-el-nuevo-embajador-puma\/","url":"https:\/\/zeromagazine.mx\/index.php\/2024\/11\/07\/charles-leclerc-el-nuevo-embajador-puma\/","name":"\"Charles Leclerc: El Nuevo Embajador PUMA\" - Zero Magazine","isPartOf":{"@id":"https:\/\/zeromagazine.mx\/#website"},"primaryImageOfPage":{"@id":"https:\/\/zeromagazine.mx\/index.php\/2024\/11\/07\/charles-leclerc-el-nuevo-embajador-puma\/#primaryimage"},"image":{"@id":"https:\/\/zeromagazine.mx\/index.php\/2024\/11\/07\/charles-leclerc-el-nuevo-embajador-puma\/#primaryimage"},"thumbnailUrl":"https:\/\/i0.wp.com\/zeromagazine.mx\/wp-content\/uploads\/2024\/11\/unnamed-70-scaled.jpg?fit=2560%2C1707&ssl=1","datePublished":"2024-11-07T18:37:14+00:00","dateModified":"2024-11-07T18:51:54+00:00","description":"PUMA celebra el Gran Premio de M\u00e9xico con la llegada de Charles Leclerc, su nuevo embajador global, en un evento lleno de estilo y adrenalina.","breadcrumb":{"@id":"https:\/\/zeromagazine.mx\/index.php\/2024\/11\/07\/charles-leclerc-el-nuevo-embajador-puma\/#breadcrumb"},"inLanguage":"es","potentialAction":[{"@type":"ReadAction","target":["https:\/\/zeromagazine.mx\/index.php\/2024\/11\/07\/charles-leclerc-el-nuevo-embajador-puma\/"]}]},{"@type":"ImageObject","inLanguage":"es","@id":"https:\/\/zeromagazine.mx\/index.php\/2024\/11\/07\/charles-leclerc-el-nuevo-embajador-puma\/#primaryimage","url":"https:\/\/i0.wp.com\/zeromagazine.mx\/wp-content\/uploads\/2024\/11\/unnamed-70-scaled.jpg?fit=2560%2C1707&ssl=1","contentUrl":"https:\/\/i0.wp.com\/zeromagazine.mx\/wp-content\/uploads\/2024\/11\/unnamed-70-scaled.jpg?fit=2560%2C1707&ssl=1","width":2560,"height":1707,"caption":"{\"key\":\"c8pro\"}"},{"@type":"BreadcrumbList","@id":"https:\/\/zeromagazine.mx\/index.php\/2024\/11\/07\/charles-leclerc-el-nuevo-embajador-puma\/#breadcrumb","itemListElement":[{"@type":"ListItem","position":1,"name":"Portada","item":"https:\/\/zeromagazine.mx\/"},{"@type":"ListItem","position":2,"name":"\u00abCharles Leclerc: El Nuevo Embajador PUMA\u00bb"}]},{"@type":"WebSite","@id":"https:\/\/zeromagazine.mx\/#website","url":"https:\/\/zeromagazine.mx\/","name":"Zero Magazine","description":"","publisher":{"@id":"https:\/\/zeromagazine.mx\/#organization"},"potentialAction":[{"@type":"SearchAction","target":{"@type":"EntryPoint","urlTemplate":"https:\/\/zeromagazine.mx\/?s={search_term_string}"},"query-input":{"@type":"PropertyValueSpecification","valueRequired":true,"valueName":"search_term_string"}}],"inLanguage":"es"},{"@type":"Organization","@id":"https:\/\/zeromagazine.mx\/#organization","name":"Zero Magazine","url":"https:\/\/zeromagazine.mx\/","logo":{"@type":"ImageObject","inLanguage":"es","@id":"https:\/\/zeromagazine.mx\/#\/schema\/logo\/image\/","url":"https:\/\/i0.wp.com\/zeromagazine.mx\/wp-content\/uploads\/2025\/11\/1.jpeg?fit=1000%2C1000&ssl=1","contentUrl":"https:\/\/i0.wp.com\/zeromagazine.mx\/wp-content\/uploads\/2025\/11\/1.jpeg?fit=1000%2C1000&ssl=1","width":1000,"height":1000,"caption":"Zero Magazine"},"image":{"@id":"https:\/\/zeromagazine.mx\/#\/schema\/logo\/image\/"},"sameAs":["https:\/\/instagram.com\/zeromagazinemx"]},{"@type":"Person","@id":"https:\/\/zeromagazine.mx\/#\/schema\/person\/9aed9f33a7c39af3a348b86d723f7773","name":"zeromagazinemx","image":{"@type":"ImageObject","inLanguage":"es","@id":"https:\/\/zeromagazine.mx\/wp-content\/litespeed\/avatar\/f91dfe5410d5dcb1a576bf8c45983896.jpg?ver=1777571230","url":"https:\/\/zeromagazine.mx\/wp-content\/litespeed\/avatar\/f91dfe5410d5dcb1a576bf8c45983896.jpg?ver=1777571230","contentUrl":"https:\/\/zeromagazine.mx\/wp-content\/litespeed\/avatar\/f91dfe5410d5dcb1a576bf8c45983896.jpg?ver=1777571230","caption":"zeromagazinemx"},"url":"https:\/\/zeromagazine.mx\/index.php\/author\/zeromagazinemx\/"}]}},"jetpack_publicize_connections":[],"jetpack_featured_media_url":"https:\/\/i0.wp.com\/zeromagazine.mx\/wp-content\/uploads\/2024\/11\/unnamed-70-scaled.jpg?fit=2560%2C1707&ssl=1","jetpack-related-posts":[{"id":109902,"url":"https:\/\/zeromagazine.mx\/index.php\/2025\/11\/03\/liderazgo-femenino-puma-aston-martin\/","url_meta":{"origin":89751,"position":0},"title":"Liderazgo femenino que rompe barreras","author":"zeromagazinemx","date":"3 de noviembre de 2025","format":false,"excerpt":"Liderazgo femenino en acci\u00f3n: cuando la pista se transforma en inspiraci\u00f3n El pasado 23 de octubre, la Flagship Store de PUMA en Ciudad de M\u00e9xico se convirti\u00f3 en el epicentro de una conversaci\u00f3n que todos necesit\u00e1bamos escuchar. \u201cShe Leads the Way\u201d, el panel presentado por PUMA y Aston Martin Aramco\u2026","rel":"","context":"En \u00abModa\u00bb","block_context":{"text":"Moda","link":"https:\/\/zeromagazine.mx\/index.php\/category\/moda\/"},"img":{"alt_text":"","src":"https:\/\/i0.wp.com\/zeromagazine.mx\/wp-content\/uploads\/2025\/11\/IMG_0303-scaled.jpg?fit=1200%2C800&ssl=1&resize=350%2C200","width":350,"height":200,"srcset":"https:\/\/i0.wp.com\/zeromagazine.mx\/wp-content\/uploads\/2025\/11\/IMG_0303-scaled.jpg?fit=1200%2C800&ssl=1&resize=350%2C200 1x, https:\/\/i0.wp.com\/zeromagazine.mx\/wp-content\/uploads\/2025\/11\/IMG_0303-scaled.jpg?fit=1200%2C800&ssl=1&resize=525%2C300 1.5x, https:\/\/i0.wp.com\/zeromagazine.mx\/wp-content\/uploads\/2025\/11\/IMG_0303-scaled.jpg?fit=1200%2C800&ssl=1&resize=700%2C400 2x, https:\/\/i0.wp.com\/zeromagazine.mx\/wp-content\/uploads\/2025\/11\/IMG_0303-scaled.jpg?fit=1200%2C800&ssl=1&resize=1050%2C600 3x"},"classes":[]},{"id":111367,"url":"https:\/\/zeromagazine.mx\/index.php\/2025\/11\/29\/puma-x-saysky-coleccion-runner-2025\/","url_meta":{"origin":89751,"position":1},"title":"PUMA x SAYSKY: Power On","author":"zeromagazinemx","date":"29 de noviembre de 2025","format":false,"excerpt":"Si alguna vez has sentido que correr no es solo un deporte, sino un mood entero que se activa con la vibra correcta, la nueva colaboraci\u00f3n PUMA x SAYSKY lleg\u00f3 justo para eso. Esta c\u00e1psula no solo se ve poderosa, se siente como ese boost invisible que te empuja a\u2026","rel":"","context":"En \u00abModa\u00bb","block_context":{"text":"Moda","link":"https:\/\/zeromagazine.mx\/index.php\/category\/moda\/"},"img":{"alt_text":"","src":"https:\/\/i0.wp.com\/zeromagazine.mx\/wp-content\/uploads\/2025\/11\/1000042147-scaled.jpg?fit=1200%2C776&ssl=1&resize=350%2C200","width":350,"height":200,"srcset":"https:\/\/i0.wp.com\/zeromagazine.mx\/wp-content\/uploads\/2025\/11\/1000042147-scaled.jpg?fit=1200%2C776&ssl=1&resize=350%2C200 1x, https:\/\/i0.wp.com\/zeromagazine.mx\/wp-content\/uploads\/2025\/11\/1000042147-scaled.jpg?fit=1200%2C776&ssl=1&resize=525%2C300 1.5x, https:\/\/i0.wp.com\/zeromagazine.mx\/wp-content\/uploads\/2025\/11\/1000042147-scaled.jpg?fit=1200%2C776&ssl=1&resize=700%2C400 2x, https:\/\/i0.wp.com\/zeromagazine.mx\/wp-content\/uploads\/2025\/11\/1000042147-scaled.jpg?fit=1200%2C776&ssl=1&resize=1050%2C600 3x"},"classes":[]},{"id":100387,"url":"https:\/\/zeromagazine.mx\/index.php\/2025\/04\/02\/puma-domina-la-cancha\/","url_meta":{"origin":89751,"position":2},"title":"PUMA Domina La Cancha","author":"David Morales","date":"2 de abril de 2025","format":false,"excerpt":"Amix, si eres de les que grita los goles, pero tambi\u00e9n valora un buen outfit deportivo, este notici\u00f3n te va a emocionar. PUMA acaba de anunciar que ser\u00e1 el proveedor oficial del bal\u00f3n para la Premier League (s\u00ed, la liga m\u00e1s vista del mundo mundial) a partir de la temporada\u2026","rel":"","context":"En \u00abBlog\u00bb","block_context":{"text":"Blog","link":"https:\/\/zeromagazine.mx\/index.php\/category\/blog\/"},"img":{"alt_text":"","src":"https:\/\/i0.wp.com\/zeromagazine.mx\/wp-content\/uploads\/2025\/04\/PUMA-x-Premier-League-scaled.jpg?fit=1200%2C675&ssl=1&resize=350%2C200","width":350,"height":200,"srcset":"https:\/\/i0.wp.com\/zeromagazine.mx\/wp-content\/uploads\/2025\/04\/PUMA-x-Premier-League-scaled.jpg?fit=1200%2C675&ssl=1&resize=350%2C200 1x, https:\/\/i0.wp.com\/zeromagazine.mx\/wp-content\/uploads\/2025\/04\/PUMA-x-Premier-League-scaled.jpg?fit=1200%2C675&ssl=1&resize=525%2C300 1.5x, https:\/\/i0.wp.com\/zeromagazine.mx\/wp-content\/uploads\/2025\/04\/PUMA-x-Premier-League-scaled.jpg?fit=1200%2C675&ssl=1&resize=700%2C400 2x, https:\/\/i0.wp.com\/zeromagazine.mx\/wp-content\/uploads\/2025\/04\/PUMA-x-Premier-League-scaled.jpg?fit=1200%2C675&ssl=1&resize=1050%2C600 3x"},"classes":[]},{"id":86750,"url":"https:\/\/zeromagazine.mx\/index.php\/2024\/10\/15\/puma-gp-mexico-pack\/","url_meta":{"origin":89751,"position":3},"title":"\u00abPUMA: GP M\u00c9XICO PACK\u00bb","author":"zeromagazinemx","date":"15 de octubre de 2024","format":false,"excerpt":"\u00a1Hola, fashionistas! Si est\u00e1n buscando algo que realmente destaque en el pr\u00f3ximo Gran Premio de M\u00e9xico, no busquen m\u00e1s. PUMA acaba de lanzar su colecci\u00f3n GP M\u00c9XICO PACK y, la neta, es un vibe incre\u00edble. Esta l\u00ednea no es solo sobre moda; se trata de conectar con nuestras ra\u00edces y\u2026","rel":"","context":"En \u00abModa\u00bb","block_context":{"text":"Moda","link":"https:\/\/zeromagazine.mx\/index.php\/category\/moda\/"},"img":{"alt_text":"","src":"https:\/\/i0.wp.com\/zeromagazine.mx\/wp-content\/uploads\/2024\/10\/GRAN-PREMIO-MEXICO-scaled.jpg?fit=801%2C1200&ssl=1&resize=350%2C200","width":350,"height":200,"srcset":"https:\/\/i0.wp.com\/zeromagazine.mx\/wp-content\/uploads\/2024\/10\/GRAN-PREMIO-MEXICO-scaled.jpg?fit=801%2C1200&ssl=1&resize=350%2C200 1x, https:\/\/i0.wp.com\/zeromagazine.mx\/wp-content\/uploads\/2024\/10\/GRAN-PREMIO-MEXICO-scaled.jpg?fit=801%2C1200&ssl=1&resize=525%2C300 1.5x, https:\/\/i0.wp.com\/zeromagazine.mx\/wp-content\/uploads\/2024\/10\/GRAN-PREMIO-MEXICO-scaled.jpg?fit=801%2C1200&ssl=1&resize=700%2C400 2x"},"classes":[]},{"id":101904,"url":"https:\/\/zeromagazine.mx\/index.php\/2025\/04\/16\/speedcat-la-nueva-era\/","url_meta":{"origin":89751,"position":4},"title":"Speedcat: La Nueva Era","author":"David Morales","date":"16 de abril de 2025","format":false,"excerpt":"Amix, si creciste con Tumblr, Instagram y ahora te pasas las tardes viendo reels con vibes de nostalgia dosmilera, seguro este comeback te va a emocionar. Resulta que Speedcat de PUMA, esa silueta ic\u00f3nica nacida hace 25 a\u00f1os con inspiraci\u00f3n en el automovilismo, regres\u00f3 con todo para tomar las calles\u2026","rel":"","context":"En \u00abModa\u00bb","block_context":{"text":"Moda","link":"https:\/\/zeromagazine.mx\/index.php\/category\/moda\/"},"img":{"alt_text":"","src":"https:\/\/i0.wp.com\/zeromagazine.mx\/wp-content\/uploads\/2025\/04\/Captura-de-pantalla-2025-04-16-203429.png?fit=482%2C419&ssl=1&resize=350%2C200","width":350,"height":200},"classes":[]},{"id":108268,"url":"https:\/\/zeromagazine.mx\/index.php\/2025\/09\/14\/puma-suede-xl-hip-hop\/","url_meta":{"origin":89751,"position":5},"title":"PUMA SUEDE XL: los sneakers se encuentran con el hip hop","author":"David Morales","date":"14 de septiembre de 2025","format":false,"excerpt":"Si algo me mueve tanto como el ritmo es un buen par de sneakers, y lo que pas\u00f3 con\u00a0PUMA y sus SUEDE XL\u00a0fue justo ese momento m\u00e1gico donde la moda, la m\u00fasica y el baile se mezclan hasta hacerte vibrar. Imaginen un evento donde el\u00a0freestyle, el hip hop y el\u2026","rel":"","context":"En \u00abModa\u00bb","block_context":{"text":"Moda","link":"https:\/\/zeromagazine.mx\/index.php\/category\/moda\/"},"img":{"alt_text":"","src":"https:\/\/i0.wp.com\/zeromagazine.mx\/wp-content\/uploads\/2025\/09\/SUEDE-XL-CYPHERS-23171-scaled.jpeg?fit=1184%2C1200&ssl=1&resize=350%2C200","width":350,"height":200,"srcset":"https:\/\/i0.wp.com\/zeromagazine.mx\/wp-content\/uploads\/2025\/09\/SUEDE-XL-CYPHERS-23171-scaled.jpeg?fit=1184%2C1200&ssl=1&resize=350%2C200 1x, https:\/\/i0.wp.com\/zeromagazine.mx\/wp-content\/uploads\/2025\/09\/SUEDE-XL-CYPHERS-23171-scaled.jpeg?fit=1184%2C1200&ssl=1&resize=525%2C300 1.5x, https:\/\/i0.wp.com\/zeromagazine.mx\/wp-content\/uploads\/2025\/09\/SUEDE-XL-CYPHERS-23171-scaled.jpeg?fit=1184%2C1200&ssl=1&resize=700%2C400 2x, https:\/\/i0.wp.com\/zeromagazine.mx\/wp-content\/uploads\/2025\/09\/SUEDE-XL-CYPHERS-23171-scaled.jpeg?fit=1184%2C1200&ssl=1&resize=1050%2C600 3x"},"classes":[]}],"jetpack_sharing_enabled":true,"builder_content":"","_links":{"self":[{"href":"https:\/\/zeromagazine.mx\/index.php\/wp-json\/wp\/v2\/posts\/89751","targetHints":{"allow":["GET"]}}],"collection":[{"href":"https:\/\/zeromagazine.mx\/index.php\/wp-json\/wp\/v2\/posts"}],"about":[{"href":"https:\/\/zeromagazine.mx\/index.php\/wp-json\/wp\/v2\/types\/post"}],"author":[{"embeddable":true,"href":"https:\/\/zeromagazine.mx\/index.php\/wp-json\/wp\/v2\/users\/2"}],"replies":[{"embeddable":true,"href":"https:\/\/zeromagazine.mx\/index.php\/wp-json\/wp\/v2\/comments?post=89751"}],"version-history":[{"count":12,"href":"https:\/\/zeromagazine.mx\/index.php\/wp-json\/wp\/v2\/posts\/89751\/revisions"}],"predecessor-version":[{"id":89770,"href":"https:\/\/zeromagazine.mx\/index.php\/wp-json\/wp\/v2\/posts\/89751\/revisions\/89770"}],"wp:featuredmedia":[{"embeddable":true,"href":"https:\/\/zeromagazine.mx\/index.php\/wp-json\/wp\/v2\/media\/89752"}],"wp:attachment":[{"href":"https:\/\/zeromagazine.mx\/index.php\/wp-json\/wp\/v2\/media?parent=89751"}],"wp:term":[{"taxonomy":"category","embeddable":true,"href":"https:\/\/zeromagazine.mx\/index.php\/wp-json\/wp\/v2\/categories?post=89751"},{"taxonomy":"post_tag","embeddable":true,"href":"https:\/\/zeromagazine.mx\/index.php\/wp-json\/wp\/v2\/tags?post=89751"}],"curies":[{"name":"wp","href":"https:\/\/api.w.org\/{rel}","templated":true}]}}