{"id":90641,"date":"2024-11-14T20:48:06","date_gmt":"2024-11-14T19:48:06","guid":{"rendered":"https:\/\/zeromagazine.mx\/?p=90641"},"modified":"2024-11-14T21:45:18","modified_gmt":"2024-11-14T20:45:18","slug":"90641","status":"publish","type":"post","link":"https:\/\/zeromagazine.mx\/index.php\/2024\/11\/14\/90641\/","title":{"rendered":"\u00ab\u2018Los Perros\u2019: Un Espejo de Vida\u00bb"},"content":{"rendered":"<!--themify_builder_content-->\n<div id=\"themify_builder_content-90641\" data-postid=\"90641\" class=\"themify_builder_content themify_builder_content-90641 themify_builder tf_clear\">\n    <\/div>\n<!--\/themify_builder_content-->\n\n\n<p><strong>\u201cLos Perros\u201d Una comedia mordaz y reflectiva.<br>Por: Mario Fercal<\/strong><br><strong>Mis queridos lectores, nuevamente regresando a las andadas, como dicen por ah\u00ed, no estaba muerto, no estaba de parranda, solo tenia que reencontrar mi centro y en esta ocasi\u00f3n me dieron\u00a0 el placer de conversar con Paloma Woolrich, una de las talentosas actrices de \u00abLos Perros\u00bb, dirigida por Cristian Magaloni, obra de teatro que nos expone de manera aguda nuestro d\u00eda a d\u00eda, invit\u00e1ndonos a reflexionar sobre si la vida que llevamos es verdaderamente la que deseamos.<br><\/strong><br>Paloma, cu\u00e9ntanos \u00bfc\u00f3mo describir\u00edas a esta comedia mordaz?, de la cual formas parte.<br><br>\u201cAgradezco primero el espacio, a ti y a tus lectores. Si tuviera que describir la obra creo que seria como : profunda. Los Perros es una obra que aborda la monoton\u00eda y la repetici\u00f3n en nuestras vidas. A trav\u00e9s de una cena de cumplea\u00f1os, los personajes se encuentran atrapados en ciclos de an\u00e9cdotas y conversaciones superficiales. Cuando alguien se atreve a cuestionar esta rutina, se desencadena una serie de reflexiones que no solo afectan a los personajes, sino que tambi\u00e9n invitan al p\u00fablico a replantearse su propia vida.\u201d<br><\/p>\n\n\n\n<figure class=\"wp-block-image size-large is-resized\"><img data-recalc-dims=\"1\" decoding=\"async\" width=\"1024\" height=\"576\" src=\"https:\/\/i0.wp.com\/zeromagazine.mx\/wp-content\/uploads\/2024\/11\/paloma7-1024x576.jpeg?resize=1024%2C576&#038;ssl=1\" alt=\"\" class=\"wp-image-90702\" style=\"width:1451px;height:auto\" srcset=\"https:\/\/i0.wp.com\/zeromagazine.mx\/wp-content\/uploads\/2024\/11\/paloma7-scaled.jpeg?resize=1024%2C576&amp;ssl=1 1024w, https:\/\/i0.wp.com\/zeromagazine.mx\/wp-content\/uploads\/2024\/11\/paloma7-scaled.jpeg?resize=300%2C169&amp;ssl=1 300w, https:\/\/i0.wp.com\/zeromagazine.mx\/wp-content\/uploads\/2024\/11\/paloma7-scaled.jpeg?resize=768%2C432&amp;ssl=1 768w, https:\/\/i0.wp.com\/zeromagazine.mx\/wp-content\/uploads\/2024\/11\/paloma7-scaled.jpeg?resize=1536%2C863&amp;ssl=1 1536w, https:\/\/i0.wp.com\/zeromagazine.mx\/wp-content\/uploads\/2024\/11\/paloma7-scaled.jpeg?resize=2048%2C1151&amp;ssl=1 2048w, https:\/\/i0.wp.com\/zeromagazine.mx\/wp-content\/uploads\/2024\/11\/paloma7-scaled.jpeg?w=2330 2330w\" sizes=\"(max-width: 1024px) 100vw, 1024px\" \/><\/figure>\n\n\n\n\n<script async src=\"https:\/\/pagead2.googlesyndication.com\/pagead\/js\/adsbygoogle.js?client=ca-pub-5499304793904745\"\n     crossorigin=\"anonymous\"><\/script>\n<ins class=\"adsbygoogle\"\n     style=\"display:block; text-align:center;\"\n     data-ad-layout=\"in-article\"\n     data-ad-format=\"fluid\"\n     data-ad-client=\"ca-pub-5499304793904745\"\n     data-ad-slot=\"5994863093\"><\/ins>\n<script>\n     (adsbygoogle = window.adsbygoogle || []).push({});\n<\/script>\n\n\n\n<p><strong>Esta historia llega a nuestro pa\u00eds, bajo la direcci\u00f3n de Cristian Magaloni, un creador que est\u00e1 muy activo actualmente en nuestra cartelera, y cuenta con un elenco de primera conformado por Sof\u00eda \u00c1lvarez*, Paloma Woolrich*, Ignacio Riva Palacio*, Jos\u00e9 Ram\u00f3n Berganza*, quienes alternan personajes, mientras que Emilio Guerrero, Paula Watson, se mantienen en todas las funciones.<\/strong><\/p>\n\n\n\n<p><strong>La obra tambi\u00e9n toca el tema del choque de generaciones. \u00bfC\u00f3mo se representa esta din\u00e1mica en la historia?<\/strong><br><br><strong>\u201cGeneraciones, <\/strong>esa palabra es clave es un aspecto fundamental. En \u00abLos Perros\u00bb nos encontramos con una pareja joven de 40 a\u00f1os y sus padres, quienes tienen una vida y una perspectiva completamente diferente. A trav\u00e9s de sus interacciones, exploramos las crisis que surgen en cada etapa de la vida. Utilizamos la iron\u00eda para revelar los sentimientos ocultos de los personajes, lo que refleja muchas de las complejidades que enfrentamos en nuestras propias familias.\u201d<\/p>\n\n\n\n<p><br><\/p>\n\n\n\n<figure class=\"wp-block-image size-full\"><img data-recalc-dims=\"1\" decoding=\"async\" width=\"1165\" height=\"655\" src=\"https:\/\/i0.wp.com\/zeromagazine.mx\/wp-content\/uploads\/2024\/11\/paloma10-scaled.jpeg?resize=1165%2C655&#038;ssl=1\" alt=\"\" class=\"wp-image-90703\" srcset=\"https:\/\/i0.wp.com\/zeromagazine.mx\/wp-content\/uploads\/2024\/11\/paloma10-scaled.jpeg?w=2560&amp;ssl=1 2560w, https:\/\/i0.wp.com\/zeromagazine.mx\/wp-content\/uploads\/2024\/11\/paloma10-scaled.jpeg?resize=300%2C169&amp;ssl=1 300w, https:\/\/i0.wp.com\/zeromagazine.mx\/wp-content\/uploads\/2024\/11\/paloma10-scaled.jpeg?resize=1024%2C576&amp;ssl=1 1024w, https:\/\/i0.wp.com\/zeromagazine.mx\/wp-content\/uploads\/2024\/11\/paloma10-scaled.jpeg?resize=768%2C432&amp;ssl=1 768w, https:\/\/i0.wp.com\/zeromagazine.mx\/wp-content\/uploads\/2024\/11\/paloma10-scaled.jpeg?resize=1536%2C863&amp;ssl=1 1536w, https:\/\/i0.wp.com\/zeromagazine.mx\/wp-content\/uploads\/2024\/11\/paloma10-scaled.jpeg?resize=2048%2C1151&amp;ssl=1 2048w, https:\/\/i0.wp.com\/zeromagazine.mx\/wp-content\/uploads\/2024\/11\/paloma10-scaled.jpeg?w=2330 2330w\" sizes=\"(max-width: 1165px) 100vw, 1165px\" \/><\/figure>\n\n\n\n\n<script async src=\"https:\/\/pagead2.googlesyndication.com\/pagead\/js\/adsbygoogle.js?client=ca-pub-5499304793904745\"\n     crossorigin=\"anonymous\"><\/script>\n<ins class=\"adsbygoogle\"\n     style=\"display:block; text-align:center;\"\n     data-ad-layout=\"in-article\"\n     data-ad-format=\"fluid\"\n     data-ad-client=\"ca-pub-5499304793904745\"\n     data-ad-slot=\"5994863093\"><\/ins>\n<script>\n     (adsbygoogle = window.adsbygoogle || []).push({});\n<\/script>\n\n\n\n<p><strong>La obra aborda con gran profundidad el dilema entre la monoton\u00eda y la repetici\u00f3n en la vida cotidiana. Se desarrolla en torno a una cena de cumplea\u00f1os donde las mismas an\u00e9cdotas se repiten una y otra vez, la conversaci\u00f3n se mantiene en un nivel superficial, hasta que alguien se atreve a cuestionar, y si nuestros d\u00edas pudieran ser diferentes.<\/strong><br><strong>Es fascinante analizar como uno de los dilemas m\u00e1s profundos que plantea la obra es el de reinventarse o conformarse. \u00bfQu\u00e9 crees que los espectadores se llevaran de esta comida e interesante reflexi\u00f3n?<\/strong><br>\u201cCreo que la obra invita a la introspecci\u00f3n. Nos enfrenta a la pregunta de si estamos satisfechos con nuestras vidas o si deber\u00edamos hacer un cambio. Es un llamado a enfrentar nuestros miedos y a considerar si es momento de dar ese salto de fe hacia algo m\u00e1s gratificante. La decisi\u00f3n final recae en cada uno de nosotros, y eso es lo que la hace tan poderosa.\u201d<\/p>\n\n\n\n<p><br><\/p>\n\n\n\n<figure class=\"wp-block-image size-large is-resized\"><img data-recalc-dims=\"1\" decoding=\"async\" width=\"1024\" height=\"576\" src=\"https:\/\/i0.wp.com\/zeromagazine.mx\/wp-content\/uploads\/2024\/11\/paloma13-1024x576.jpeg?resize=1024%2C576&#038;ssl=1\" alt=\"\" class=\"wp-image-90704\" style=\"width:1451px;height:auto\" srcset=\"https:\/\/i0.wp.com\/zeromagazine.mx\/wp-content\/uploads\/2024\/11\/paloma13-scaled.jpeg?resize=1024%2C576&amp;ssl=1 1024w, https:\/\/i0.wp.com\/zeromagazine.mx\/wp-content\/uploads\/2024\/11\/paloma13-scaled.jpeg?resize=300%2C169&amp;ssl=1 300w, https:\/\/i0.wp.com\/zeromagazine.mx\/wp-content\/uploads\/2024\/11\/paloma13-scaled.jpeg?resize=768%2C432&amp;ssl=1 768w, https:\/\/i0.wp.com\/zeromagazine.mx\/wp-content\/uploads\/2024\/11\/paloma13-scaled.jpeg?resize=1536%2C863&amp;ssl=1 1536w, https:\/\/i0.wp.com\/zeromagazine.mx\/wp-content\/uploads\/2024\/11\/paloma13-scaled.jpeg?resize=2048%2C1151&amp;ssl=1 2048w, https:\/\/i0.wp.com\/zeromagazine.mx\/wp-content\/uploads\/2024\/11\/paloma13-scaled.jpeg?w=2330 2330w\" sizes=\"(max-width: 1024px) 100vw, 1024px\" \/><\/figure>\n\n\n\n\n<script async src=\"https:\/\/pagead2.googlesyndication.com\/pagead\/js\/adsbygoogle.js?client=ca-pub-5499304793904745\"\n     crossorigin=\"anonymous\"><\/script>\n<ins class=\"adsbygoogle\"\n     style=\"display:block; text-align:center;\"\n     data-ad-layout=\"in-article\"\n     data-ad-format=\"fluid\"\n     data-ad-client=\"ca-pub-5499304793904745\"\n     data-ad-slot=\"5994863093\"><\/ins>\n<script>\n     (adsbygoogle = window.adsbygoogle || []).push({});\n<\/script>\n\n\n\n<p><strong>Sin duda, es un tema muy relevante. Paloma, agradecemos el espacio que nos brindaste para platicar con ZeroMagazine Mx, esperamos que asi como nosotros las personas que vean la obra, disfruten de sentir y emocionarse, y claro, e pensar mucho. esta producci\u00f3n.<\/strong><br><br><strong>\u201c<\/strong>Espero que la gente venga a ver \u00abLos Perros\u00bb y se sienta inspirada a reflexionar sobre su propia vida. \u00a1Nos vemos en el Foro Shakespeare!\u201d<\/p>\n\n\n\n<p><strong>Protagonizada por Paloma Woolrich, Emilio Guerrero, Paula Watson<\/strong><\/p>\n\n\n\n<p><strong>e Ignacio Riva Palacio, va del 8 de octubre al 17 de diciembre,<\/strong><\/p>\n\n\n\n<p><strong>todos los martes a las 20:30 horas.<br><br>Regresamos a ZeroMagazine, y regresamos con todo.<br><\/strong><\/p>","protected":false},"excerpt":{"rendered":"<p>\u201cLos Perros\u201d Una comedia mordaz y reflectiva.Por: Mario FercalMis queridos lectores, nuevamente regresando a las andadas, como dicen por ah\u00ed, no estaba muerto, no estaba de parranda, solo tenia que reencontrar mi centro y en esta ocasi\u00f3n me dieron\u00a0 el placer de conversar con Paloma Woolrich, una de las talentosas actrices de \u00abLos Perros\u00bb, dirigida [&hellip;]<\/p>\n","protected":false},"author":2,"featured_media":90702,"comment_status":"open","ping_status":"open","sticky":false,"template":"","format":"standard","meta":{"_jetpack_memberships_contains_paid_content":false,"footnotes":"","jetpack_publicize_message":"","jetpack_publicize_feature_enabled":true,"jetpack_social_post_already_shared":true,"jetpack_social_options":{"image_generator_settings":{"template":"highway","default_image_id":0,"font":"","enabled":false},"version":2}},"categories":[91],"tags":[11587,11588,1221],"class_list":["post-90641","post","type-post","status-publish","format-standard","has-post-thumbnail","hentry","category-entrevistas","tag-los-perros","tag-paloma-woolrich","tag-teatro","has-post-title","has-post-date","has-post-category","has-post-tag","has-post-comment","has-post-author",""],"yoast_head":"<!-- This site is optimized with the Yoast SEO plugin v27.4 - https:\/\/yoast.com\/product\/yoast-seo-wordpress\/ -->\n<title>&quot;\u2018Los Perros\u2019: Un Espejo de Vida&quot; - Zero Magazine<\/title>\n<meta name=\"robots\" content=\"index, follow, max-snippet:-1, max-image-preview:large, max-video-preview:-1\" \/>\n<link rel=\"canonical\" href=\"https:\/\/zeromagazine.mx\/index.php\/2024\/11\/14\/90641\/\" \/>\n<meta property=\"og:locale\" content=\"es_ES\" \/>\n<meta property=\"og:type\" content=\"article\" \/>\n<meta property=\"og:title\" content=\"&quot;\u2018Los Perros\u2019: Un Espejo de Vida&quot; - Zero Magazine\" \/>\n<meta property=\"og:description\" content=\"\u201cLos Perros\u201d Una comedia mordaz y reflectiva.Por: Mario FercalMis queridos lectores, nuevamente regresando a las andadas, como dicen por ah\u00ed, no estaba muerto, no estaba de parranda, solo tenia que reencontrar mi centro y en esta ocasi\u00f3n me dieron\u00a0 el placer de conversar con Paloma Woolrich, una de las talentosas actrices de \u00abLos Perros\u00bb, dirigida [&hellip;]\" \/>\n<meta property=\"og:url\" content=\"https:\/\/zeromagazine.mx\/index.php\/2024\/11\/14\/90641\/\" \/>\n<meta property=\"og:site_name\" content=\"Zero Magazine\" \/>\n<meta property=\"article:published_time\" content=\"2024-11-14T19:48:06+00:00\" \/>\n<meta property=\"article:modified_time\" content=\"2024-11-14T20:45:18+00:00\" \/>\n<meta property=\"og:image\" content=\"http:\/\/zeromagazine.mx\/wp-content\/uploads\/2024\/11\/paloma7-scaled.jpeg\" \/>\n\t<meta property=\"og:image:width\" content=\"2560\" \/>\n\t<meta property=\"og:image:height\" content=\"1439\" \/>\n\t<meta property=\"og:image:type\" content=\"image\/jpeg\" \/>\n<meta name=\"author\" content=\"zeromagazinemx\" \/>\n<meta name=\"twitter:card\" content=\"summary_large_image\" \/>\n<meta name=\"twitter:label1\" content=\"Escrito por\" \/>\n\t<meta name=\"twitter:data1\" content=\"zeromagazinemx\" \/>\n\t<meta name=\"twitter:label2\" content=\"Tiempo de lectura\" \/>\n\t<meta name=\"twitter:data2\" content=\"4 minutos\" \/>\n<script type=\"application\/ld+json\" class=\"yoast-schema-graph\">{\"@context\":\"https:\\\/\\\/schema.org\",\"@graph\":[{\"@type\":\"Article\",\"@id\":\"https:\\\/\\\/zeromagazine.mx\\\/index.php\\\/2024\\\/11\\\/14\\\/90641\\\/#article\",\"isPartOf\":{\"@id\":\"https:\\\/\\\/zeromagazine.mx\\\/index.php\\\/2024\\\/11\\\/14\\\/90641\\\/\"},\"author\":{\"name\":\"zeromagazinemx\",\"@id\":\"https:\\\/\\\/zeromagazine.mx\\\/#\\\/schema\\\/person\\\/9aed9f33a7c39af3a348b86d723f7773\"},\"headline\":\"\u00ab\u2018Los Perros\u2019: Un Espejo de Vida\u00bb\",\"datePublished\":\"2024-11-14T19:48:06+00:00\",\"dateModified\":\"2024-11-14T20:45:18+00:00\",\"mainEntityOfPage\":{\"@id\":\"https:\\\/\\\/zeromagazine.mx\\\/index.php\\\/2024\\\/11\\\/14\\\/90641\\\/\"},\"wordCount\":634,\"commentCount\":0,\"publisher\":{\"@id\":\"https:\\\/\\\/zeromagazine.mx\\\/#organization\"},\"image\":{\"@id\":\"https:\\\/\\\/zeromagazine.mx\\\/index.php\\\/2024\\\/11\\\/14\\\/90641\\\/#primaryimage\"},\"thumbnailUrl\":\"https:\\\/\\\/i0.wp.com\\\/zeromagazine.mx\\\/wp-content\\\/uploads\\\/2024\\\/11\\\/paloma7-scaled.jpeg?fit=2560%2C1439&ssl=1\",\"keywords\":[\"Los Perros\",\"Paloma Woolrich\",\"Teatro\"],\"articleSection\":[\"Entrevistas\"],\"inLanguage\":\"es\",\"potentialAction\":[{\"@type\":\"CommentAction\",\"name\":\"Comment\",\"target\":[\"https:\\\/\\\/zeromagazine.mx\\\/index.php\\\/2024\\\/11\\\/14\\\/90641\\\/#respond\"]}]},{\"@type\":\"WebPage\",\"@id\":\"https:\\\/\\\/zeromagazine.mx\\\/index.php\\\/2024\\\/11\\\/14\\\/90641\\\/\",\"url\":\"https:\\\/\\\/zeromagazine.mx\\\/index.php\\\/2024\\\/11\\\/14\\\/90641\\\/\",\"name\":\"\\\"\u2018Los Perros\u2019: Un Espejo de Vida\\\" - Zero Magazine\",\"isPartOf\":{\"@id\":\"https:\\\/\\\/zeromagazine.mx\\\/#website\"},\"primaryImageOfPage\":{\"@id\":\"https:\\\/\\\/zeromagazine.mx\\\/index.php\\\/2024\\\/11\\\/14\\\/90641\\\/#primaryimage\"},\"image\":{\"@id\":\"https:\\\/\\\/zeromagazine.mx\\\/index.php\\\/2024\\\/11\\\/14\\\/90641\\\/#primaryimage\"},\"thumbnailUrl\":\"https:\\\/\\\/i0.wp.com\\\/zeromagazine.mx\\\/wp-content\\\/uploads\\\/2024\\\/11\\\/paloma7-scaled.jpeg?fit=2560%2C1439&ssl=1\",\"datePublished\":\"2024-11-14T19:48:06+00:00\",\"dateModified\":\"2024-11-14T20:45:18+00:00\",\"breadcrumb\":{\"@id\":\"https:\\\/\\\/zeromagazine.mx\\\/index.php\\\/2024\\\/11\\\/14\\\/90641\\\/#breadcrumb\"},\"inLanguage\":\"es\",\"potentialAction\":[{\"@type\":\"ReadAction\",\"target\":[\"https:\\\/\\\/zeromagazine.mx\\\/index.php\\\/2024\\\/11\\\/14\\\/90641\\\/\"]}]},{\"@type\":\"ImageObject\",\"inLanguage\":\"es\",\"@id\":\"https:\\\/\\\/zeromagazine.mx\\\/index.php\\\/2024\\\/11\\\/14\\\/90641\\\/#primaryimage\",\"url\":\"https:\\\/\\\/i0.wp.com\\\/zeromagazine.mx\\\/wp-content\\\/uploads\\\/2024\\\/11\\\/paloma7-scaled.jpeg?fit=2560%2C1439&ssl=1\",\"contentUrl\":\"https:\\\/\\\/i0.wp.com\\\/zeromagazine.mx\\\/wp-content\\\/uploads\\\/2024\\\/11\\\/paloma7-scaled.jpeg?fit=2560%2C1439&ssl=1\",\"width\":2560,\"height\":1439},{\"@type\":\"BreadcrumbList\",\"@id\":\"https:\\\/\\\/zeromagazine.mx\\\/index.php\\\/2024\\\/11\\\/14\\\/90641\\\/#breadcrumb\",\"itemListElement\":[{\"@type\":\"ListItem\",\"position\":1,\"name\":\"Portada\",\"item\":\"https:\\\/\\\/zeromagazine.mx\\\/\"},{\"@type\":\"ListItem\",\"position\":2,\"name\":\"\u00ab\u2018Los Perros\u2019: Un Espejo de Vida\u00bb\"}]},{\"@type\":\"WebSite\",\"@id\":\"https:\\\/\\\/zeromagazine.mx\\\/#website\",\"url\":\"https:\\\/\\\/zeromagazine.mx\\\/\",\"name\":\"Zero Magazine\",\"description\":\"\",\"publisher\":{\"@id\":\"https:\\\/\\\/zeromagazine.mx\\\/#organization\"},\"potentialAction\":[{\"@type\":\"SearchAction\",\"target\":{\"@type\":\"EntryPoint\",\"urlTemplate\":\"https:\\\/\\\/zeromagazine.mx\\\/?s={search_term_string}\"},\"query-input\":{\"@type\":\"PropertyValueSpecification\",\"valueRequired\":true,\"valueName\":\"search_term_string\"}}],\"inLanguage\":\"es\"},{\"@type\":\"Organization\",\"@id\":\"https:\\\/\\\/zeromagazine.mx\\\/#organization\",\"name\":\"Zero Magazine\",\"url\":\"https:\\\/\\\/zeromagazine.mx\\\/\",\"logo\":{\"@type\":\"ImageObject\",\"inLanguage\":\"es\",\"@id\":\"https:\\\/\\\/zeromagazine.mx\\\/#\\\/schema\\\/logo\\\/image\\\/\",\"url\":\"https:\\\/\\\/i0.wp.com\\\/zeromagazine.mx\\\/wp-content\\\/uploads\\\/2025\\\/11\\\/1.jpeg?fit=1000%2C1000&ssl=1\",\"contentUrl\":\"https:\\\/\\\/i0.wp.com\\\/zeromagazine.mx\\\/wp-content\\\/uploads\\\/2025\\\/11\\\/1.jpeg?fit=1000%2C1000&ssl=1\",\"width\":1000,\"height\":1000,\"caption\":\"Zero Magazine\"},\"image\":{\"@id\":\"https:\\\/\\\/zeromagazine.mx\\\/#\\\/schema\\\/logo\\\/image\\\/\"},\"sameAs\":[\"https:\\\/\\\/instagram.com\\\/zeromagazinemx\"]},{\"@type\":\"Person\",\"@id\":\"https:\\\/\\\/zeromagazine.mx\\\/#\\\/schema\\\/person\\\/9aed9f33a7c39af3a348b86d723f7773\",\"name\":\"zeromagazinemx\",\"image\":{\"@type\":\"ImageObject\",\"inLanguage\":\"es\",\"@id\":\"https:\\\/\\\/zeromagazine.mx\\\/wp-content\\\/litespeed\\\/avatar\\\/f91dfe5410d5dcb1a576bf8c45983896.jpg?ver=1776966396\",\"url\":\"https:\\\/\\\/zeromagazine.mx\\\/wp-content\\\/litespeed\\\/avatar\\\/f91dfe5410d5dcb1a576bf8c45983896.jpg?ver=1776966396\",\"contentUrl\":\"https:\\\/\\\/zeromagazine.mx\\\/wp-content\\\/litespeed\\\/avatar\\\/f91dfe5410d5dcb1a576bf8c45983896.jpg?ver=1776966396\",\"caption\":\"zeromagazinemx\"},\"url\":\"https:\\\/\\\/zeromagazine.mx\\\/index.php\\\/author\\\/zeromagazinemx\\\/\"}]}<\/script>\n<!-- \/ Yoast SEO plugin. -->","yoast_head_json":{"title":"\"\u2018Los Perros\u2019: Un Espejo de Vida\" - Zero Magazine","robots":{"index":"index","follow":"follow","max-snippet":"max-snippet:-1","max-image-preview":"max-image-preview:large","max-video-preview":"max-video-preview:-1"},"canonical":"https:\/\/zeromagazine.mx\/index.php\/2024\/11\/14\/90641\/","og_locale":"es_ES","og_type":"article","og_title":"\"\u2018Los Perros\u2019: Un Espejo de Vida\" - Zero Magazine","og_description":"\u201cLos Perros\u201d Una comedia mordaz y reflectiva.Por: Mario FercalMis queridos lectores, nuevamente regresando a las andadas, como dicen por ah\u00ed, no estaba muerto, no estaba de parranda, solo tenia que reencontrar mi centro y en esta ocasi\u00f3n me dieron\u00a0 el placer de conversar con Paloma Woolrich, una de las talentosas actrices de \u00abLos Perros\u00bb, dirigida [&hellip;]","og_url":"https:\/\/zeromagazine.mx\/index.php\/2024\/11\/14\/90641\/","og_site_name":"Zero Magazine","article_published_time":"2024-11-14T19:48:06+00:00","article_modified_time":"2024-11-14T20:45:18+00:00","og_image":[{"width":2560,"height":1439,"url":"http:\/\/zeromagazine.mx\/wp-content\/uploads\/2024\/11\/paloma7-scaled.jpeg","type":"image\/jpeg"}],"author":"zeromagazinemx","twitter_card":"summary_large_image","twitter_misc":{"Escrito por":"zeromagazinemx","Tiempo de lectura":"4 minutos"},"schema":{"@context":"https:\/\/schema.org","@graph":[{"@type":"Article","@id":"https:\/\/zeromagazine.mx\/index.php\/2024\/11\/14\/90641\/#article","isPartOf":{"@id":"https:\/\/zeromagazine.mx\/index.php\/2024\/11\/14\/90641\/"},"author":{"name":"zeromagazinemx","@id":"https:\/\/zeromagazine.mx\/#\/schema\/person\/9aed9f33a7c39af3a348b86d723f7773"},"headline":"\u00ab\u2018Los Perros\u2019: Un Espejo de Vida\u00bb","datePublished":"2024-11-14T19:48:06+00:00","dateModified":"2024-11-14T20:45:18+00:00","mainEntityOfPage":{"@id":"https:\/\/zeromagazine.mx\/index.php\/2024\/11\/14\/90641\/"},"wordCount":634,"commentCount":0,"publisher":{"@id":"https:\/\/zeromagazine.mx\/#organization"},"image":{"@id":"https:\/\/zeromagazine.mx\/index.php\/2024\/11\/14\/90641\/#primaryimage"},"thumbnailUrl":"https:\/\/i0.wp.com\/zeromagazine.mx\/wp-content\/uploads\/2024\/11\/paloma7-scaled.jpeg?fit=2560%2C1439&ssl=1","keywords":["Los Perros","Paloma Woolrich","Teatro"],"articleSection":["Entrevistas"],"inLanguage":"es","potentialAction":[{"@type":"CommentAction","name":"Comment","target":["https:\/\/zeromagazine.mx\/index.php\/2024\/11\/14\/90641\/#respond"]}]},{"@type":"WebPage","@id":"https:\/\/zeromagazine.mx\/index.php\/2024\/11\/14\/90641\/","url":"https:\/\/zeromagazine.mx\/index.php\/2024\/11\/14\/90641\/","name":"\"\u2018Los Perros\u2019: Un Espejo de Vida\" - Zero Magazine","isPartOf":{"@id":"https:\/\/zeromagazine.mx\/#website"},"primaryImageOfPage":{"@id":"https:\/\/zeromagazine.mx\/index.php\/2024\/11\/14\/90641\/#primaryimage"},"image":{"@id":"https:\/\/zeromagazine.mx\/index.php\/2024\/11\/14\/90641\/#primaryimage"},"thumbnailUrl":"https:\/\/i0.wp.com\/zeromagazine.mx\/wp-content\/uploads\/2024\/11\/paloma7-scaled.jpeg?fit=2560%2C1439&ssl=1","datePublished":"2024-11-14T19:48:06+00:00","dateModified":"2024-11-14T20:45:18+00:00","breadcrumb":{"@id":"https:\/\/zeromagazine.mx\/index.php\/2024\/11\/14\/90641\/#breadcrumb"},"inLanguage":"es","potentialAction":[{"@type":"ReadAction","target":["https:\/\/zeromagazine.mx\/index.php\/2024\/11\/14\/90641\/"]}]},{"@type":"ImageObject","inLanguage":"es","@id":"https:\/\/zeromagazine.mx\/index.php\/2024\/11\/14\/90641\/#primaryimage","url":"https:\/\/i0.wp.com\/zeromagazine.mx\/wp-content\/uploads\/2024\/11\/paloma7-scaled.jpeg?fit=2560%2C1439&ssl=1","contentUrl":"https:\/\/i0.wp.com\/zeromagazine.mx\/wp-content\/uploads\/2024\/11\/paloma7-scaled.jpeg?fit=2560%2C1439&ssl=1","width":2560,"height":1439},{"@type":"BreadcrumbList","@id":"https:\/\/zeromagazine.mx\/index.php\/2024\/11\/14\/90641\/#breadcrumb","itemListElement":[{"@type":"ListItem","position":1,"name":"Portada","item":"https:\/\/zeromagazine.mx\/"},{"@type":"ListItem","position":2,"name":"\u00ab\u2018Los Perros\u2019: Un Espejo de Vida\u00bb"}]},{"@type":"WebSite","@id":"https:\/\/zeromagazine.mx\/#website","url":"https:\/\/zeromagazine.mx\/","name":"Zero Magazine","description":"","publisher":{"@id":"https:\/\/zeromagazine.mx\/#organization"},"potentialAction":[{"@type":"SearchAction","target":{"@type":"EntryPoint","urlTemplate":"https:\/\/zeromagazine.mx\/?s={search_term_string}"},"query-input":{"@type":"PropertyValueSpecification","valueRequired":true,"valueName":"search_term_string"}}],"inLanguage":"es"},{"@type":"Organization","@id":"https:\/\/zeromagazine.mx\/#organization","name":"Zero Magazine","url":"https:\/\/zeromagazine.mx\/","logo":{"@type":"ImageObject","inLanguage":"es","@id":"https:\/\/zeromagazine.mx\/#\/schema\/logo\/image\/","url":"https:\/\/i0.wp.com\/zeromagazine.mx\/wp-content\/uploads\/2025\/11\/1.jpeg?fit=1000%2C1000&ssl=1","contentUrl":"https:\/\/i0.wp.com\/zeromagazine.mx\/wp-content\/uploads\/2025\/11\/1.jpeg?fit=1000%2C1000&ssl=1","width":1000,"height":1000,"caption":"Zero Magazine"},"image":{"@id":"https:\/\/zeromagazine.mx\/#\/schema\/logo\/image\/"},"sameAs":["https:\/\/instagram.com\/zeromagazinemx"]},{"@type":"Person","@id":"https:\/\/zeromagazine.mx\/#\/schema\/person\/9aed9f33a7c39af3a348b86d723f7773","name":"zeromagazinemx","image":{"@type":"ImageObject","inLanguage":"es","@id":"https:\/\/zeromagazine.mx\/wp-content\/litespeed\/avatar\/f91dfe5410d5dcb1a576bf8c45983896.jpg?ver=1776966396","url":"https:\/\/zeromagazine.mx\/wp-content\/litespeed\/avatar\/f91dfe5410d5dcb1a576bf8c45983896.jpg?ver=1776966396","contentUrl":"https:\/\/zeromagazine.mx\/wp-content\/litespeed\/avatar\/f91dfe5410d5dcb1a576bf8c45983896.jpg?ver=1776966396","caption":"zeromagazinemx"},"url":"https:\/\/zeromagazine.mx\/index.php\/author\/zeromagazinemx\/"}]}},"jetpack_publicize_connections":[],"jetpack_featured_media_url":"https:\/\/i0.wp.com\/zeromagazine.mx\/wp-content\/uploads\/2024\/11\/paloma7-scaled.jpeg?fit=2560%2C1439&ssl=1","jetpack-related-posts":[{"id":58460,"url":"https:\/\/zeromagazine.mx\/index.php\/2021\/11\/17\/la-obra-que-sale-mal-de-las-mejores-obras-de-comedia-realizadas-para-verlo-al-menos-una-vez-en-la-vida\/","url_meta":{"origin":90641,"position":0},"title":"La Obra que Sale Mal, de las mejores obras de comedia realizadas para verlo al menos una vez en la vida","author":"zeromagazinemx","date":"17 de noviembre de 2021","format":false,"excerpt":"El 12 de noviembre se reestreno \"La Obra que Sale Mal\", en el Teatro Insurgentes, lo cual tuve la oportunidad de conocer por primera vez el Teatro y tambi\u00e9n ver la obra. Por Marian Ricco \"La obra que Sale Mal\" trata sobre un misterio lleno de cosas desafortunadas, actores donde\u2026","rel":"","context":"En \u00abEntretenimiento\u00bb","block_context":{"text":"Entretenimiento","link":"https:\/\/zeromagazine.mx\/index.php\/category\/entretenimiento\/"},"img":{"alt_text":"","src":"https:\/\/i0.wp.com\/zeromagazinemx.wpcomstaging.com\/wp-content\/uploads\/2022\/02\/bfbba-la-obra-que-sale-mal.jpg?resize=350%2C200&ssl=1","width":350,"height":200,"srcset":"https:\/\/i0.wp.com\/zeromagazinemx.wpcomstaging.com\/wp-content\/uploads\/2022\/02\/bfbba-la-obra-que-sale-mal.jpg?resize=350%2C200&ssl=1 1x, https:\/\/i0.wp.com\/zeromagazinemx.wpcomstaging.com\/wp-content\/uploads\/2022\/02\/bfbba-la-obra-que-sale-mal.jpg?resize=525%2C300&ssl=1 1.5x, https:\/\/i0.wp.com\/zeromagazinemx.wpcomstaging.com\/wp-content\/uploads\/2022\/02\/bfbba-la-obra-que-sale-mal.jpg?resize=700%2C400&ssl=1 2x"},"classes":[]},{"id":83327,"url":"https:\/\/zeromagazine.mx\/index.php\/2024\/09\/06\/la-obra-mas-desastrosa-y-divertida\/","url_meta":{"origin":90641,"position":1},"title":"\u00a1La Obra M\u00e1s Desastrosa y Divertida!","author":"zeromagazinemx","date":"6 de septiembre de 2024","format":false,"excerpt":"Chique, no s\u00e9 si ya hab\u00edas escuchado sobre \u201cLa Obra que Sale Mal\u201d, pero si no, tienes que enterarte porque neta est\u00e1 volando cabezas y haciendo re\u00edr hasta al m\u00e1s serio. Esta joyita teatral naci\u00f3 en Londres all\u00e1 por el 2012, creada por Mischief Theatre, y desde entonces ha arrasado\u2026","rel":"","context":"En \u00abCultura\u00bb","block_context":{"text":"Cultura","link":"https:\/\/zeromagazine.mx\/index.php\/category\/cultura\/"},"img":{"alt_text":"","src":"https:\/\/i0.wp.com\/zeromagazine.mx\/wp-content\/uploads\/2024\/09\/Post.jpeg?fit=1080%2C1080&ssl=1&resize=350%2C200","width":350,"height":200,"srcset":"https:\/\/i0.wp.com\/zeromagazine.mx\/wp-content\/uploads\/2024\/09\/Post.jpeg?fit=1080%2C1080&ssl=1&resize=350%2C200 1x, https:\/\/i0.wp.com\/zeromagazine.mx\/wp-content\/uploads\/2024\/09\/Post.jpeg?fit=1080%2C1080&ssl=1&resize=525%2C300 1.5x, https:\/\/i0.wp.com\/zeromagazine.mx\/wp-content\/uploads\/2024\/09\/Post.jpeg?fit=1080%2C1080&ssl=1&resize=700%2C400 2x, https:\/\/i0.wp.com\/zeromagazine.mx\/wp-content\/uploads\/2024\/09\/Post.jpeg?fit=1080%2C1080&ssl=1&resize=1050%2C600 3x"},"classes":[]},{"id":46859,"url":"https:\/\/zeromagazine.mx\/index.php\/2021\/06\/04\/infieles-la-comedia-que-no-te-querras-perder-bajo-la-direccion-de-emyliano-santa-cruz-y-la-produccion-de-ramses-lopez\/","url_meta":{"origin":90641,"position":2},"title":"Infieles, \u00a1La comedia que no te querr\u00e1s perder! Bajo la Direcci\u00f3n de Emyliano Santa Cruz y la Producci\u00f3n de Rams\u00e9s L\u00f3pez","author":"zeromagazinemx","date":"4 de junio de 2021","format":false,"excerpt":"Esta incre\u00edble comedia inici\u00f3 su temporada el 2 de junio bajo la direcci\u00f3n de \"Emyliano Santa Cruz\" y la producci\u00f3n de \"Rams\u00e9s L\u00f3pez\". En esta entrevista tuvimos la oportunidad de hablar no solo con Rams\u00e9s y Emyliano sino tambi\u00e9n con algunos miembros del elenco como \"Chapu Garza\", \"Alejandro Poggio\" y\u2026","rel":"","context":"En \u00abEntrevistas\u00bb","block_context":{"text":"Entrevistas","link":"https:\/\/zeromagazine.mx\/index.php\/category\/entretenimiento\/entrevistas\/"},"img":{"alt_text":"","src":"","width":0,"height":0},"classes":[]},{"id":57871,"url":"https:\/\/zeromagazine.mx\/index.php\/2021\/11\/11\/la-compania-actores-trabajando-estrenara-la-obra-de-teatro-el-lado-oscuro-del-arcoiris\/","url_meta":{"origin":90641,"position":3},"title":"La compa\u00f1\u00eda Actores Trabajando estrenar\u00e1 la obra de teatro \u201cEl Lado Oscuro del Arco\u00edris\u201d","author":"zeromagazinemx","date":"11 de noviembre de 2021","format":false,"excerpt":"La obra de Lado oscuro del arco\u00edris cuenta sobre seis amigos que se encuentran de nuevo, en un 30 de diciembre despu\u00e9s de casi 2 a\u00f1os que se inici\u00f3 la pandemia de Covid. Al no haber tanta gente ellos empiezan a contarse historias o compartir momentos entre ellos, dando temas\u2026","rel":"","context":"En \u00abEntretenimiento\u00bb","block_context":{"text":"Entretenimiento","link":"https:\/\/zeromagazine.mx\/index.php\/category\/entretenimiento\/"},"img":{"alt_text":"","src":"https:\/\/i0.wp.com\/zeromagazinemx.wpcomstaging.com\/wp-content\/uploads\/2022\/02\/18ca9-el-lado-oscuro-del-arcoiris-.jpg?resize=350%2C200&ssl=1","width":350,"height":200,"srcset":"https:\/\/i0.wp.com\/zeromagazinemx.wpcomstaging.com\/wp-content\/uploads\/2022\/02\/18ca9-el-lado-oscuro-del-arcoiris-.jpg?resize=350%2C200&ssl=1 1x, https:\/\/i0.wp.com\/zeromagazinemx.wpcomstaging.com\/wp-content\/uploads\/2022\/02\/18ca9-el-lado-oscuro-del-arcoiris-.jpg?resize=525%2C300&ssl=1 1.5x, https:\/\/i0.wp.com\/zeromagazinemx.wpcomstaging.com\/wp-content\/uploads\/2022\/02\/18ca9-el-lado-oscuro-del-arcoiris-.jpg?resize=700%2C400&ssl=1 2x"},"classes":[]},{"id":50189,"url":"https:\/\/zeromagazine.mx\/index.php\/2021\/07\/15\/chumel-torres-regresa-a-los-escenarios\/","url_meta":{"origin":90641,"position":4},"title":"Chumel Torres regresa a los escenarios","author":"zeromagazinemx","date":"15 de julio de 2021","format":false,"excerpt":"Chumel Torres regresa a la divertida comedia Agotados, en el Teatro Aldama. Por Mayra Torres Por pocas semanas Chumel regresa a la comedia Agotados en la que interpretar\u00e1 a Sam, un actor en proceso que trabaja contestando las reservaciones de uno de los restaurantes m\u00e1s prestigiosos de la ciudad, en\u2026","rel":"","context":"En \u00abEntretenimiento\u00bb","block_context":{"text":"Entretenimiento","link":"https:\/\/zeromagazine.mx\/index.php\/category\/entretenimiento\/"},"img":{"alt_text":"","src":"","width":0,"height":0},"classes":[]},{"id":53453,"url":"https:\/\/zeromagazine.mx\/index.php\/2021\/09\/02\/se-cumplen-100-representaciones-de-la-obra-agotados\/","url_meta":{"origin":90641,"position":5},"title":"Se cumplen 100 representaciones de la obra \u201cAGOTADOS\u201d","author":"zeromagazinemx","date":"2 de septiembre de 2021","format":false,"excerpt":"Tras cumplir las 100 representaciones de el unipersonal \u201cAGOTADOS\u201d se integran a esta comedia Faisy y Michelle Rodr\u00edguez. https:\/\/www.instagram.com\/p\/B5s1wJ0jehQ\/?utm_medium=copy_link Por Mayra Torres La obra de teatro \u201cAGOTADOS\u201d cumpli\u00f3 las 100 representaciones con una funci\u00f3n espectacular encabezada por Alan Estrada, los padrinos de esta funci\u00f3n fueron el elenco de \u201cHoy no\u2026","rel":"","context":"En \u00abEntretenimiento\u00bb","block_context":{"text":"Entretenimiento","link":"https:\/\/zeromagazine.mx\/index.php\/category\/entretenimiento\/"},"img":{"alt_text":"","src":"","width":0,"height":0},"classes":[]}],"jetpack_sharing_enabled":true,"builder_content":"","_links":{"self":[{"href":"https:\/\/zeromagazine.mx\/index.php\/wp-json\/wp\/v2\/posts\/90641","targetHints":{"allow":["GET"]}}],"collection":[{"href":"https:\/\/zeromagazine.mx\/index.php\/wp-json\/wp\/v2\/posts"}],"about":[{"href":"https:\/\/zeromagazine.mx\/index.php\/wp-json\/wp\/v2\/types\/post"}],"author":[{"embeddable":true,"href":"https:\/\/zeromagazine.mx\/index.php\/wp-json\/wp\/v2\/users\/2"}],"replies":[{"embeddable":true,"href":"https:\/\/zeromagazine.mx\/index.php\/wp-json\/wp\/v2\/comments?post=90641"}],"version-history":[{"count":4,"href":"https:\/\/zeromagazine.mx\/index.php\/wp-json\/wp\/v2\/posts\/90641\/revisions"}],"predecessor-version":[{"id":90750,"href":"https:\/\/zeromagazine.mx\/index.php\/wp-json\/wp\/v2\/posts\/90641\/revisions\/90750"}],"wp:featuredmedia":[{"embeddable":true,"href":"https:\/\/zeromagazine.mx\/index.php\/wp-json\/wp\/v2\/media\/90702"}],"wp:attachment":[{"href":"https:\/\/zeromagazine.mx\/index.php\/wp-json\/wp\/v2\/media?parent=90641"}],"wp:term":[{"taxonomy":"category","embeddable":true,"href":"https:\/\/zeromagazine.mx\/index.php\/wp-json\/wp\/v2\/categories?post=90641"},{"taxonomy":"post_tag","embeddable":true,"href":"https:\/\/zeromagazine.mx\/index.php\/wp-json\/wp\/v2\/tags?post=90641"}],"curies":[{"name":"wp","href":"https:\/\/api.w.org\/{rel}","templated":true}]}}