{"id":90748,"date":"2024-11-14T21:46:16","date_gmt":"2024-11-14T20:46:16","guid":{"rendered":"https:\/\/zeromagazine.mx\/?p=90748"},"modified":"2024-11-14T21:51:55","modified_gmt":"2024-11-14T20:51:55","slug":"vive-el-buen-fin-en-plaza-central","status":"publish","type":"post","link":"https:\/\/zeromagazine.mx\/index.php\/2024\/11\/14\/vive-el-buen-fin-en-plaza-central\/","title":{"rendered":"Vive el Buen Fin en Plaza Central"},"content":{"rendered":"<p>\u00a1Chicxs! El Buen Fin ya est\u00e1 aqu\u00ed, y las sorpresas en Plaza Central est\u00e1n de infarto. Si a\u00fan no tienes plan para este fin de semana, no te preocupes, porque tenemos el itinerario perfecto para que disfrutes de un d\u00eda incre\u00edble con amigos, familia o tu pareja. Desde descuentos \u00e9picos hasta actividades que te van a encantar, todo est\u00e1 listo para que hagas de este d\u00eda algo memorable. <\/p>\n\n\n\n<h2 class=\"wp-block-heading\">Arranca el D\u00eda con Buena Vibe<\/h2>\n\n\n\n<p>Nada como empezar el d\u00eda con un desayuno lleno de energ\u00eda, y Sanborns es el lugar ideal para ello. Ya sea que te animes con unos chilaquiles, unos hotcakes o un delicioso caf\u00e9, lo importante es que te cargues de energ\u00eda para aprovechar todo lo que Plaza Central tiene preparado para ti. Aqu\u00ed no solo se trata de hacer compras, tambi\u00e9n se trata de disfrutar de un ambiente relajado y lleno de buen rollo para arrancar el d\u00eda.<\/p>\n\n\n\n<h2 class=\"wp-block-heading\">Aprov\u00e9chate de los Descuentos de las Tiendas<\/h2>\n\n\n\n<p>Ahora que ya est\u00e1s al 100, es hora de ponerte las pilas con las compras. Si eres de los que siempre deja todo para el \u00faltimo minuto, esta es tu oportunidad para adelantar los regalos de Navidad, esos detallitos para el intercambio god\u00edn o incluso ese autoregalo que tanto deseas. Las tiendas de Plaza Central tienen las mejores promociones y descuentos, \u00a1y t\u00fa lo sabes! As\u00ed que ve preparado para llenar tu carrito de compras y hacerle un upgrade a tu closet sin sentir culpa (porque, obvio, las ofertas est\u00e1n de locos).<\/p>\n\n\n\n<p><em>Pero ojo:<\/em> el Buen Fin no dura para siempre, as\u00ed que dale prisa. Las tiendas est\u00e1n repletas de ofertas, y si te duermes, puedes perderte esos deals de ensue\u00f1o.<\/p>\n\n\n\n<h2 class=\"wp-block-heading\">Actividades Para Todxs<\/h2>\n\n\n\n<p>No solo es un d\u00eda de shopping, \u00a1tambi\u00e9n hay un mont\u00f3n de actividades que te van a hacer amar a\u00fan m\u00e1s este evento! Todo arranca a las 12:30 p.m., y te tenemos el itinerario para que no te pierdas nada.<\/p>\n\n\n\n<ul class=\"wp-block-list\">\n<li><em><strong>12:30 p.m. \u2013 Bienvenidos a la Fiesta<\/strong><\/em><br>La cita est\u00e1 marcada para las 12:30 p.m., y lo mejor de todo es que la bienvenida ser\u00e1 \u00e9pica. Vas a sentir que este es el inicio de un d\u00eda lleno de sorpresas. Las buenas vibras ya empiezan a fluir.<\/li>\n\n\n\n<li><em><strong>1:00 p.m. \u2013 Momento de Enterarse de Todo<\/strong><\/em><br>La presentaci\u00f3n del evento ser\u00e1 el momento ideal para saber qu\u00e9 esperar y c\u00f3mo aprovechar al m\u00e1ximo tu d\u00eda en Plaza Central. \u00a1No te duermas! Aqu\u00ed se te van a contar todos los detalles, para que no te pierdas de nada.<\/li>\n\n\n\n<li><em>1:10 p.m. \u2013 <strong>Taller de Cuidados de Mascotas en Navidad con Pet\u2019s Life MX<\/strong><\/em><br>Si eres de los que ya est\u00e1 pensando en los peluditos de la casa, este taller es para ti. En pleno Buen Fin, no olvides que ellos tambi\u00e9n necesitan cuidados especiales en estas \u00e9pocas fr\u00edas. Pet\u2019s Life MX se encargar\u00e1 de ense\u00f1arte c\u00f3mo hacer de la Navidad un momento c\u00f3modo y feliz para tu mascota. <\/li>\n\n\n\n<li><em>2:10 p.m. \u2013 <strong>Pasarela de Perros y Gatos en Adopci\u00f3n<\/strong><\/em><br>Si eres fan de los animales, te va a encantar esta actividad. Una pasarela con perros y gatos en adopci\u00f3n, \u00a1y qui\u00e9n sabe! Tal vez te lleves a un nuevo amigo peludo a casa. Es el momento perfecto para darles un hogar y hacer el d\u00eda a\u00fan m\u00e1s especial.<\/li>\n\n\n\n<li><em>4:00 p.m. \u2013 <strong>Concierto de Eduardo Barajas<\/strong><\/em><br>A las 4 p.m., Eduardo Barajas va a prender el ambiente con su concierto lleno de energ\u00eda y carisma. Prep\u00e1rate para cantar, bailar y disfrutar de todo el buen rollo que trae este artista.<\/li>\n<\/ul>\n\n\n<div class=\"wp-block-image\">\n<figure class=\"aligncenter size-full\"><img data-recalc-dims=\"1\" decoding=\"async\" width=\"1165\" height=\"1146\" src=\"https:\/\/i0.wp.com\/zeromagazine.mx\/wp-content\/uploads\/2024\/11\/unnamed-17-2.jpg?resize=1165%2C1146&#038;ssl=1\" alt=\"\" class=\"wp-image-90749\" srcset=\"https:\/\/i0.wp.com\/zeromagazine.mx\/wp-content\/uploads\/2024\/11\/unnamed-17-2.jpg?w=1280&amp;ssl=1 1280w, https:\/\/i0.wp.com\/zeromagazine.mx\/wp-content\/uploads\/2024\/11\/unnamed-17-2.jpg?resize=300%2C295&amp;ssl=1 300w, https:\/\/i0.wp.com\/zeromagazine.mx\/wp-content\/uploads\/2024\/11\/unnamed-17-2.jpg?resize=1024%2C1007&amp;ssl=1 1024w, https:\/\/i0.wp.com\/zeromagazine.mx\/wp-content\/uploads\/2024\/11\/unnamed-17-2.jpg?resize=768%2C755&amp;ssl=1 768w, https:\/\/i0.wp.com\/zeromagazine.mx\/wp-content\/uploads\/2024\/11\/unnamed-17-2.jpg?resize=70%2C70&amp;ssl=1 70w\" sizes=\"(max-width: 1165px) 100vw, 1165px\" \/><\/figure>\n<\/div>\n\n\n<p><\/p>\n\n\n\n<ul class=\"wp-block-list\">\n<li><em><strong>5:30 p.m. \u2013 A Ganar con la Rifa<\/strong><\/em><br>Si pensabas que esto era todo, prep\u00e1rate porque todav\u00eda viene lo mejor. A las 5:30 p.m. se lleva a cabo la rifa, donde puedes ganar premios incre\u00edbles. Nada como un poco de suerte para terminar la tarde con broche de oro.<\/li>\n\n\n\n<li><em><strong>6:00 p.m. \u2013 Encendido del \u00c1rbol Navide\u00f1o<\/strong><\/em><br>\u00bfSabes qu\u00e9 grita Navidad m\u00e1s que nada? \u00a1El encendido del \u00e1rbol navide\u00f1o! A las 6 p.m., el gran show de iluminaci\u00f3n te va a dejar sin palabras. El \u00e1rbol de Plaza Central se iluminar\u00e1 como nunca, y el ambiente navide\u00f1o se sentir\u00e1 en el aire. No te lo puedes perder, porque esta es la actividad que marca la diferencia.<\/li>\n<\/ul>\n\n\n<div class=\"wp-block-image\">\n<figure class=\"aligncenter size-full\"><img data-recalc-dims=\"1\" decoding=\"async\" width=\"1165\" height=\"1171\" src=\"https:\/\/i0.wp.com\/zeromagazine.mx\/wp-content\/uploads\/2024\/11\/unnamed-18-2.png?resize=1165%2C1171\" alt=\"\" class=\"wp-image-90756\" srcset=\"https:\/\/i0.wp.com\/zeromagazine.mx\/wp-content\/uploads\/2024\/11\/unnamed-18-2.png?w=1654&amp;ssl=1 1654w, https:\/\/i0.wp.com\/zeromagazine.mx\/wp-content\/uploads\/2024\/11\/unnamed-18-2.png?resize=300%2C300&amp;ssl=1 300w, https:\/\/i0.wp.com\/zeromagazine.mx\/wp-content\/uploads\/2024\/11\/unnamed-18-2.png?resize=1019%2C1024&amp;ssl=1 1019w, https:\/\/i0.wp.com\/zeromagazine.mx\/wp-content\/uploads\/2024\/11\/unnamed-18-2.png?resize=150%2C150&amp;ssl=1 150w, https:\/\/i0.wp.com\/zeromagazine.mx\/wp-content\/uploads\/2024\/11\/unnamed-18-2.png?resize=768%2C772&amp;ssl=1 768w, https:\/\/i0.wp.com\/zeromagazine.mx\/wp-content\/uploads\/2024\/11\/unnamed-18-2.png?resize=1529%2C1536&amp;ssl=1 1529w\" sizes=\"(max-width: 1165px) 100vw, 1165px\" \/><\/figure>\n<\/div>\n\n\n<p><\/p>\n\n\n\n<ul class=\"wp-block-list\">\n<li><em><strong>7:15 p.m. \u2013 Cierre con el Coro ASAF<\/strong><\/em><br>Para cerrar la noche, el coro ASAF nos llevar\u00e1 a un cierre perfecto con su m\u00fasica. La energ\u00eda navide\u00f1a se va a sentir en todo el lugar, dejando a todos con una sonrisa en el rostro y un buen sabor de boca.<\/li>\n<\/ul>\n\n\n\n<p>Ya sea que vayas con tus besties, familia o pareja, Plaza Central tiene algo para todos. Desde las mejores promociones para renovar tu look hasta actividades que har\u00e1n que te sientas parte de la magia navide\u00f1a, todo est\u00e1 dise\u00f1ado para que tu d\u00eda sea especial. No importa si eres m\u00e1s de ir de compras o si prefieres disfrutar de un evento cultural, aqu\u00ed encontrar\u00e1s lo que buscas.<\/p>\n\n\n\n<script async src=\"https:\/\/pagead2.googlesyndication.com\/pagead\/js\/adsbygoogle.js?client=ca-pub-5499304793904745\"\n     crossorigin=\"anonymous\"><\/script>\n<ins class=\"adsbygoogle\"\n     style=\"display:block; text-align:center;\"\n     data-ad-layout=\"in-article\"\n     data-ad-format=\"fluid\"\n     data-ad-client=\"ca-pub-5499304793904745\"\n     data-ad-slot=\"5994863093\"><\/ins>\n<script>\n     (adsbygoogle = window.adsbygoogle || []).push({});\n<\/script>\n\n\n\n<p><\/p>\n\n\n\n<p>Adem\u00e1s, si te quedas con ganas de m\u00e1s, Plaza Central est\u00e1 lleno de opciones para comer, relajarte y seguir disfrutando del ambiente \u00fanico que solo aqu\u00ed puedes vivir. As\u00ed que, ya sabes, haz de tu Buen Fin un d\u00eda \u00e9pico y disfruta como nunca.<\/p>\n\n\n\n<h2 class=\"wp-block-heading\">Con\u00e9ctate con Plaza Central<\/h2>\n\n\n\n<p>Para no perderte de nada y estar al tanto de todas las ofertas y actividades, te invitamos a seguir a Plaza Central en sus redes sociales. As\u00ed, podr\u00e1s estar siempre al tanto de lo que se viene y no te perder\u00e1s ni una sola sorpresa.<\/p>\n\n\n\n<p><em>S\u00edguelos en:<\/em><br><strong>Facebook<\/strong>: \/Plaza.Central.MX<br><strong>Instagram<\/strong>: \/plaza.central<br><strong>TikTok:<\/strong> \/plazacentralmx<\/p>\n\n\n\n<p>\u00a1Que no se te escape este Buen Fin en Plaza Central!<\/p>\n\n<!--themify_builder_content-->\n<div id=\"themify_builder_content-90748\" data-postid=\"90748\" class=\"themify_builder_content themify_builder_content-90748 themify_builder tf_clear\">\n    <\/div>\n<!--\/themify_builder_content-->","protected":false},"excerpt":{"rendered":"<p>\u00a1Chicxs! El Buen Fin ya est\u00e1 aqu\u00ed, y las sorpresas en Plaza Central est\u00e1n de infarto. Si a\u00fan no tienes plan para este fin de semana, no te preocupes, porque tenemos el itinerario perfecto para que disfrutes de un d\u00eda incre\u00edble con amigos, familia o tu pareja. Desde descuentos \u00e9picos hasta actividades que te van [&hellip;]<\/p>\n","protected":false},"author":2,"featured_media":90749,"comment_status":"open","ping_status":"open","sticky":false,"template":"","format":"standard","meta":{"_jetpack_memberships_contains_paid_content":false,"footnotes":"","jetpack_publicize_message":"","jetpack_publicize_feature_enabled":true,"jetpack_social_post_already_shared":true,"jetpack_social_options":{"image_generator_settings":{"template":"highway","default_image_id":0,"font":"","enabled":false},"version":2}},"categories":[322],"tags":[11595,11596,9862],"class_list":["post-90748","post","type-post","status-publish","format-standard","has-post-thumbnail","hentry","category-lugares","tag-actividades","tag-encendido-del-arbol","tag-plaza-central","has-post-title","has-post-date","has-post-category","has-post-tag","has-post-comment","has-post-author",""],"yoast_head":"<!-- This site is optimized with the Yoast SEO plugin v27.4 - https:\/\/yoast.com\/product\/yoast-seo-wordpress\/ -->\n<title>Vive el Buen Fin en Plaza Central - Zero Magazine<\/title>\n<meta name=\"robots\" content=\"index, follow, max-snippet:-1, max-image-preview:large, max-video-preview:-1\" \/>\n<link rel=\"canonical\" href=\"https:\/\/zeromagazine.mx\/index.php\/2024\/11\/14\/vive-el-buen-fin-en-plaza-central\/\" \/>\n<meta property=\"og:locale\" content=\"es_ES\" \/>\n<meta property=\"og:type\" content=\"article\" \/>\n<meta property=\"og:title\" content=\"Vive el Buen Fin en Plaza Central - Zero Magazine\" \/>\n<meta property=\"og:description\" content=\"\u00a1Chicxs! El Buen Fin ya est\u00e1 aqu\u00ed, y las sorpresas en Plaza Central est\u00e1n de infarto. Si a\u00fan no tienes plan para este fin de semana, no te preocupes, porque tenemos el itinerario perfecto para que disfrutes de un d\u00eda incre\u00edble con amigos, familia o tu pareja. Desde descuentos \u00e9picos hasta actividades que te van [&hellip;]\" \/>\n<meta property=\"og:url\" content=\"https:\/\/zeromagazine.mx\/index.php\/2024\/11\/14\/vive-el-buen-fin-en-plaza-central\/\" \/>\n<meta property=\"og:site_name\" content=\"Zero Magazine\" \/>\n<meta property=\"article:published_time\" content=\"2024-11-14T20:46:16+00:00\" \/>\n<meta property=\"article:modified_time\" content=\"2024-11-14T20:51:55+00:00\" \/>\n<meta property=\"og:image\" content=\"http:\/\/zeromagazine.mx\/wp-content\/uploads\/2024\/11\/unnamed-17-2.jpg\" \/>\n\t<meta property=\"og:image:width\" content=\"1280\" \/>\n\t<meta property=\"og:image:height\" content=\"1259\" \/>\n\t<meta property=\"og:image:type\" content=\"image\/jpeg\" \/>\n<meta name=\"author\" content=\"zeromagazinemx\" \/>\n<meta name=\"twitter:card\" content=\"summary_large_image\" \/>\n<meta name=\"twitter:label1\" content=\"Escrito por\" \/>\n\t<meta name=\"twitter:data1\" content=\"zeromagazinemx\" \/>\n\t<meta name=\"twitter:label2\" content=\"Tiempo de lectura\" \/>\n\t<meta name=\"twitter:data2\" content=\"5 minutos\" \/>\n<script type=\"application\/ld+json\" class=\"yoast-schema-graph\">{\"@context\":\"https:\\\/\\\/schema.org\",\"@graph\":[{\"@type\":\"Article\",\"@id\":\"https:\\\/\\\/zeromagazine.mx\\\/index.php\\\/2024\\\/11\\\/14\\\/vive-el-buen-fin-en-plaza-central\\\/#article\",\"isPartOf\":{\"@id\":\"https:\\\/\\\/zeromagazine.mx\\\/index.php\\\/2024\\\/11\\\/14\\\/vive-el-buen-fin-en-plaza-central\\\/\"},\"author\":{\"name\":\"zeromagazinemx\",\"@id\":\"https:\\\/\\\/zeromagazine.mx\\\/#\\\/schema\\\/person\\\/9aed9f33a7c39af3a348b86d723f7773\"},\"headline\":\"Vive el Buen Fin en Plaza Central\",\"datePublished\":\"2024-11-14T20:46:16+00:00\",\"dateModified\":\"2024-11-14T20:51:55+00:00\",\"mainEntityOfPage\":{\"@id\":\"https:\\\/\\\/zeromagazine.mx\\\/index.php\\\/2024\\\/11\\\/14\\\/vive-el-buen-fin-en-plaza-central\\\/\"},\"wordCount\":999,\"commentCount\":0,\"publisher\":{\"@id\":\"https:\\\/\\\/zeromagazine.mx\\\/#organization\"},\"image\":{\"@id\":\"https:\\\/\\\/zeromagazine.mx\\\/index.php\\\/2024\\\/11\\\/14\\\/vive-el-buen-fin-en-plaza-central\\\/#primaryimage\"},\"thumbnailUrl\":\"https:\\\/\\\/i0.wp.com\\\/zeromagazine.mx\\\/wp-content\\\/uploads\\\/2024\\\/11\\\/unnamed-17-2.jpg?fit=1280%2C1259&ssl=1\",\"keywords\":[\"Actividades\",\"Encendido del \u00e1rbol\",\"Plaza Central\"],\"articleSection\":[\"Viajes\"],\"inLanguage\":\"es\",\"potentialAction\":[{\"@type\":\"CommentAction\",\"name\":\"Comment\",\"target\":[\"https:\\\/\\\/zeromagazine.mx\\\/index.php\\\/2024\\\/11\\\/14\\\/vive-el-buen-fin-en-plaza-central\\\/#respond\"]}]},{\"@type\":\"WebPage\",\"@id\":\"https:\\\/\\\/zeromagazine.mx\\\/index.php\\\/2024\\\/11\\\/14\\\/vive-el-buen-fin-en-plaza-central\\\/\",\"url\":\"https:\\\/\\\/zeromagazine.mx\\\/index.php\\\/2024\\\/11\\\/14\\\/vive-el-buen-fin-en-plaza-central\\\/\",\"name\":\"Vive el Buen Fin en Plaza Central - Zero Magazine\",\"isPartOf\":{\"@id\":\"https:\\\/\\\/zeromagazine.mx\\\/#website\"},\"primaryImageOfPage\":{\"@id\":\"https:\\\/\\\/zeromagazine.mx\\\/index.php\\\/2024\\\/11\\\/14\\\/vive-el-buen-fin-en-plaza-central\\\/#primaryimage\"},\"image\":{\"@id\":\"https:\\\/\\\/zeromagazine.mx\\\/index.php\\\/2024\\\/11\\\/14\\\/vive-el-buen-fin-en-plaza-central\\\/#primaryimage\"},\"thumbnailUrl\":\"https:\\\/\\\/i0.wp.com\\\/zeromagazine.mx\\\/wp-content\\\/uploads\\\/2024\\\/11\\\/unnamed-17-2.jpg?fit=1280%2C1259&ssl=1\",\"datePublished\":\"2024-11-14T20:46:16+00:00\",\"dateModified\":\"2024-11-14T20:51:55+00:00\",\"breadcrumb\":{\"@id\":\"https:\\\/\\\/zeromagazine.mx\\\/index.php\\\/2024\\\/11\\\/14\\\/vive-el-buen-fin-en-plaza-central\\\/#breadcrumb\"},\"inLanguage\":\"es\",\"potentialAction\":[{\"@type\":\"ReadAction\",\"target\":[\"https:\\\/\\\/zeromagazine.mx\\\/index.php\\\/2024\\\/11\\\/14\\\/vive-el-buen-fin-en-plaza-central\\\/\"]}]},{\"@type\":\"ImageObject\",\"inLanguage\":\"es\",\"@id\":\"https:\\\/\\\/zeromagazine.mx\\\/index.php\\\/2024\\\/11\\\/14\\\/vive-el-buen-fin-en-plaza-central\\\/#primaryimage\",\"url\":\"https:\\\/\\\/i0.wp.com\\\/zeromagazine.mx\\\/wp-content\\\/uploads\\\/2024\\\/11\\\/unnamed-17-2.jpg?fit=1280%2C1259&ssl=1\",\"contentUrl\":\"https:\\\/\\\/i0.wp.com\\\/zeromagazine.mx\\\/wp-content\\\/uploads\\\/2024\\\/11\\\/unnamed-17-2.jpg?fit=1280%2C1259&ssl=1\",\"width\":1280,\"height\":1259},{\"@type\":\"BreadcrumbList\",\"@id\":\"https:\\\/\\\/zeromagazine.mx\\\/index.php\\\/2024\\\/11\\\/14\\\/vive-el-buen-fin-en-plaza-central\\\/#breadcrumb\",\"itemListElement\":[{\"@type\":\"ListItem\",\"position\":1,\"name\":\"Portada\",\"item\":\"https:\\\/\\\/zeromagazine.mx\\\/\"},{\"@type\":\"ListItem\",\"position\":2,\"name\":\"Vive el Buen Fin en Plaza Central\"}]},{\"@type\":\"WebSite\",\"@id\":\"https:\\\/\\\/zeromagazine.mx\\\/#website\",\"url\":\"https:\\\/\\\/zeromagazine.mx\\\/\",\"name\":\"Zero Magazine\",\"description\":\"\",\"publisher\":{\"@id\":\"https:\\\/\\\/zeromagazine.mx\\\/#organization\"},\"potentialAction\":[{\"@type\":\"SearchAction\",\"target\":{\"@type\":\"EntryPoint\",\"urlTemplate\":\"https:\\\/\\\/zeromagazine.mx\\\/?s={search_term_string}\"},\"query-input\":{\"@type\":\"PropertyValueSpecification\",\"valueRequired\":true,\"valueName\":\"search_term_string\"}}],\"inLanguage\":\"es\"},{\"@type\":\"Organization\",\"@id\":\"https:\\\/\\\/zeromagazine.mx\\\/#organization\",\"name\":\"Zero Magazine\",\"url\":\"https:\\\/\\\/zeromagazine.mx\\\/\",\"logo\":{\"@type\":\"ImageObject\",\"inLanguage\":\"es\",\"@id\":\"https:\\\/\\\/zeromagazine.mx\\\/#\\\/schema\\\/logo\\\/image\\\/\",\"url\":\"https:\\\/\\\/i0.wp.com\\\/zeromagazine.mx\\\/wp-content\\\/uploads\\\/2025\\\/11\\\/1.jpeg?fit=1000%2C1000&ssl=1\",\"contentUrl\":\"https:\\\/\\\/i0.wp.com\\\/zeromagazine.mx\\\/wp-content\\\/uploads\\\/2025\\\/11\\\/1.jpeg?fit=1000%2C1000&ssl=1\",\"width\":1000,\"height\":1000,\"caption\":\"Zero Magazine\"},\"image\":{\"@id\":\"https:\\\/\\\/zeromagazine.mx\\\/#\\\/schema\\\/logo\\\/image\\\/\"},\"sameAs\":[\"https:\\\/\\\/instagram.com\\\/zeromagazinemx\"]},{\"@type\":\"Person\",\"@id\":\"https:\\\/\\\/zeromagazine.mx\\\/#\\\/schema\\\/person\\\/9aed9f33a7c39af3a348b86d723f7773\",\"name\":\"zeromagazinemx\",\"image\":{\"@type\":\"ImageObject\",\"inLanguage\":\"es\",\"@id\":\"https:\\\/\\\/zeromagazine.mx\\\/wp-content\\\/litespeed\\\/avatar\\\/f91dfe5410d5dcb1a576bf8c45983896.jpg?ver=1776966396\",\"url\":\"https:\\\/\\\/zeromagazine.mx\\\/wp-content\\\/litespeed\\\/avatar\\\/f91dfe5410d5dcb1a576bf8c45983896.jpg?ver=1776966396\",\"contentUrl\":\"https:\\\/\\\/zeromagazine.mx\\\/wp-content\\\/litespeed\\\/avatar\\\/f91dfe5410d5dcb1a576bf8c45983896.jpg?ver=1776966396\",\"caption\":\"zeromagazinemx\"},\"url\":\"https:\\\/\\\/zeromagazine.mx\\\/index.php\\\/author\\\/zeromagazinemx\\\/\"}]}<\/script>\n<!-- \/ Yoast SEO plugin. -->","yoast_head_json":{"title":"Vive el Buen Fin en Plaza Central - Zero Magazine","robots":{"index":"index","follow":"follow","max-snippet":"max-snippet:-1","max-image-preview":"max-image-preview:large","max-video-preview":"max-video-preview:-1"},"canonical":"https:\/\/zeromagazine.mx\/index.php\/2024\/11\/14\/vive-el-buen-fin-en-plaza-central\/","og_locale":"es_ES","og_type":"article","og_title":"Vive el Buen Fin en Plaza Central - Zero Magazine","og_description":"\u00a1Chicxs! El Buen Fin ya est\u00e1 aqu\u00ed, y las sorpresas en Plaza Central est\u00e1n de infarto. Si a\u00fan no tienes plan para este fin de semana, no te preocupes, porque tenemos el itinerario perfecto para que disfrutes de un d\u00eda incre\u00edble con amigos, familia o tu pareja. Desde descuentos \u00e9picos hasta actividades que te van [&hellip;]","og_url":"https:\/\/zeromagazine.mx\/index.php\/2024\/11\/14\/vive-el-buen-fin-en-plaza-central\/","og_site_name":"Zero Magazine","article_published_time":"2024-11-14T20:46:16+00:00","article_modified_time":"2024-11-14T20:51:55+00:00","og_image":[{"width":1280,"height":1259,"url":"http:\/\/zeromagazine.mx\/wp-content\/uploads\/2024\/11\/unnamed-17-2.jpg","type":"image\/jpeg"}],"author":"zeromagazinemx","twitter_card":"summary_large_image","twitter_misc":{"Escrito por":"zeromagazinemx","Tiempo de lectura":"5 minutos"},"schema":{"@context":"https:\/\/schema.org","@graph":[{"@type":"Article","@id":"https:\/\/zeromagazine.mx\/index.php\/2024\/11\/14\/vive-el-buen-fin-en-plaza-central\/#article","isPartOf":{"@id":"https:\/\/zeromagazine.mx\/index.php\/2024\/11\/14\/vive-el-buen-fin-en-plaza-central\/"},"author":{"name":"zeromagazinemx","@id":"https:\/\/zeromagazine.mx\/#\/schema\/person\/9aed9f33a7c39af3a348b86d723f7773"},"headline":"Vive el Buen Fin en Plaza Central","datePublished":"2024-11-14T20:46:16+00:00","dateModified":"2024-11-14T20:51:55+00:00","mainEntityOfPage":{"@id":"https:\/\/zeromagazine.mx\/index.php\/2024\/11\/14\/vive-el-buen-fin-en-plaza-central\/"},"wordCount":999,"commentCount":0,"publisher":{"@id":"https:\/\/zeromagazine.mx\/#organization"},"image":{"@id":"https:\/\/zeromagazine.mx\/index.php\/2024\/11\/14\/vive-el-buen-fin-en-plaza-central\/#primaryimage"},"thumbnailUrl":"https:\/\/i0.wp.com\/zeromagazine.mx\/wp-content\/uploads\/2024\/11\/unnamed-17-2.jpg?fit=1280%2C1259&ssl=1","keywords":["Actividades","Encendido del \u00e1rbol","Plaza Central"],"articleSection":["Viajes"],"inLanguage":"es","potentialAction":[{"@type":"CommentAction","name":"Comment","target":["https:\/\/zeromagazine.mx\/index.php\/2024\/11\/14\/vive-el-buen-fin-en-plaza-central\/#respond"]}]},{"@type":"WebPage","@id":"https:\/\/zeromagazine.mx\/index.php\/2024\/11\/14\/vive-el-buen-fin-en-plaza-central\/","url":"https:\/\/zeromagazine.mx\/index.php\/2024\/11\/14\/vive-el-buen-fin-en-plaza-central\/","name":"Vive el Buen Fin en Plaza Central - Zero Magazine","isPartOf":{"@id":"https:\/\/zeromagazine.mx\/#website"},"primaryImageOfPage":{"@id":"https:\/\/zeromagazine.mx\/index.php\/2024\/11\/14\/vive-el-buen-fin-en-plaza-central\/#primaryimage"},"image":{"@id":"https:\/\/zeromagazine.mx\/index.php\/2024\/11\/14\/vive-el-buen-fin-en-plaza-central\/#primaryimage"},"thumbnailUrl":"https:\/\/i0.wp.com\/zeromagazine.mx\/wp-content\/uploads\/2024\/11\/unnamed-17-2.jpg?fit=1280%2C1259&ssl=1","datePublished":"2024-11-14T20:46:16+00:00","dateModified":"2024-11-14T20:51:55+00:00","breadcrumb":{"@id":"https:\/\/zeromagazine.mx\/index.php\/2024\/11\/14\/vive-el-buen-fin-en-plaza-central\/#breadcrumb"},"inLanguage":"es","potentialAction":[{"@type":"ReadAction","target":["https:\/\/zeromagazine.mx\/index.php\/2024\/11\/14\/vive-el-buen-fin-en-plaza-central\/"]}]},{"@type":"ImageObject","inLanguage":"es","@id":"https:\/\/zeromagazine.mx\/index.php\/2024\/11\/14\/vive-el-buen-fin-en-plaza-central\/#primaryimage","url":"https:\/\/i0.wp.com\/zeromagazine.mx\/wp-content\/uploads\/2024\/11\/unnamed-17-2.jpg?fit=1280%2C1259&ssl=1","contentUrl":"https:\/\/i0.wp.com\/zeromagazine.mx\/wp-content\/uploads\/2024\/11\/unnamed-17-2.jpg?fit=1280%2C1259&ssl=1","width":1280,"height":1259},{"@type":"BreadcrumbList","@id":"https:\/\/zeromagazine.mx\/index.php\/2024\/11\/14\/vive-el-buen-fin-en-plaza-central\/#breadcrumb","itemListElement":[{"@type":"ListItem","position":1,"name":"Portada","item":"https:\/\/zeromagazine.mx\/"},{"@type":"ListItem","position":2,"name":"Vive el Buen Fin en Plaza Central"}]},{"@type":"WebSite","@id":"https:\/\/zeromagazine.mx\/#website","url":"https:\/\/zeromagazine.mx\/","name":"Zero Magazine","description":"","publisher":{"@id":"https:\/\/zeromagazine.mx\/#organization"},"potentialAction":[{"@type":"SearchAction","target":{"@type":"EntryPoint","urlTemplate":"https:\/\/zeromagazine.mx\/?s={search_term_string}"},"query-input":{"@type":"PropertyValueSpecification","valueRequired":true,"valueName":"search_term_string"}}],"inLanguage":"es"},{"@type":"Organization","@id":"https:\/\/zeromagazine.mx\/#organization","name":"Zero Magazine","url":"https:\/\/zeromagazine.mx\/","logo":{"@type":"ImageObject","inLanguage":"es","@id":"https:\/\/zeromagazine.mx\/#\/schema\/logo\/image\/","url":"https:\/\/i0.wp.com\/zeromagazine.mx\/wp-content\/uploads\/2025\/11\/1.jpeg?fit=1000%2C1000&ssl=1","contentUrl":"https:\/\/i0.wp.com\/zeromagazine.mx\/wp-content\/uploads\/2025\/11\/1.jpeg?fit=1000%2C1000&ssl=1","width":1000,"height":1000,"caption":"Zero Magazine"},"image":{"@id":"https:\/\/zeromagazine.mx\/#\/schema\/logo\/image\/"},"sameAs":["https:\/\/instagram.com\/zeromagazinemx"]},{"@type":"Person","@id":"https:\/\/zeromagazine.mx\/#\/schema\/person\/9aed9f33a7c39af3a348b86d723f7773","name":"zeromagazinemx","image":{"@type":"ImageObject","inLanguage":"es","@id":"https:\/\/zeromagazine.mx\/wp-content\/litespeed\/avatar\/f91dfe5410d5dcb1a576bf8c45983896.jpg?ver=1776966396","url":"https:\/\/zeromagazine.mx\/wp-content\/litespeed\/avatar\/f91dfe5410d5dcb1a576bf8c45983896.jpg?ver=1776966396","contentUrl":"https:\/\/zeromagazine.mx\/wp-content\/litespeed\/avatar\/f91dfe5410d5dcb1a576bf8c45983896.jpg?ver=1776966396","caption":"zeromagazinemx"},"url":"https:\/\/zeromagazine.mx\/index.php\/author\/zeromagazinemx\/"}]}},"jetpack_publicize_connections":[],"jetpack_featured_media_url":"https:\/\/i0.wp.com\/zeromagazine.mx\/wp-content\/uploads\/2024\/11\/unnamed-17-2.jpg?fit=1280%2C1259&ssl=1","jetpack-related-posts":[{"id":83715,"url":"https:\/\/zeromagazine.mx\/index.php\/2024\/09\/11\/plaza-central-el-hotspot-trendy\/","url_meta":{"origin":90748,"position":0},"title":"\u00abPlaza Central: El Hotspot Trendy\u00bb","author":"zeromagazinemx","date":"11 de septiembre de 2024","format":false,"excerpt":"\u00a1Hola, chicxs! Hoy les quiero hablar de un lugar que no se pueden perder si est\u00e1n en la Ciudad de M\u00e9xico \" la Central de Abastos\" y su modern\u00edsima extensi\u00f3n, Plaza Central. Prep\u00e1rense para conocer todos los vibes cool de este spot que est\u00e1 rompi\u00e9ndola en la CDMX. Primero, vamos\u2026","rel":"","context":"En \u00abViajes\u00bb","block_context":{"text":"Viajes","link":"https:\/\/zeromagazine.mx\/index.php\/category\/lugares\/"},"img":{"alt_text":"","src":"https:\/\/i0.wp.com\/zeromagazine.mx\/wp-content\/uploads\/2024\/09\/unnamed-20.jpg?fit=1200%2C800&ssl=1&resize=350%2C200","width":350,"height":200,"srcset":"https:\/\/i0.wp.com\/zeromagazine.mx\/wp-content\/uploads\/2024\/09\/unnamed-20.jpg?fit=1200%2C800&ssl=1&resize=350%2C200 1x, https:\/\/i0.wp.com\/zeromagazine.mx\/wp-content\/uploads\/2024\/09\/unnamed-20.jpg?fit=1200%2C800&ssl=1&resize=525%2C300 1.5x, https:\/\/i0.wp.com\/zeromagazine.mx\/wp-content\/uploads\/2024\/09\/unnamed-20.jpg?fit=1200%2C800&ssl=1&resize=700%2C400 2x, https:\/\/i0.wp.com\/zeromagazine.mx\/wp-content\/uploads\/2024\/09\/unnamed-20.jpg?fit=1200%2C800&ssl=1&resize=1050%2C600 3x"},"classes":[]},{"id":82257,"url":"https:\/\/zeromagazine.mx\/index.php\/2024\/08\/21\/malls-pet-friendly-que-debes-visitar\/","url_meta":{"origin":90748,"position":1},"title":"Malls Pet Friendly que Debes Visitar","author":"zeromagazinemx","date":"21 de agosto de 2024","format":false,"excerpt":"Si eres de lxs que nunca sale sin su perrhijo, este art\u00edculo es para ti. Porque, seamos realistas, \u00bfQu\u00e9 diversi\u00f3n tiene ir de shopping si tu furry bestie no puede venir? Hoy te traigo tres centros comerciales pet-friendly donde t\u00fa y tu compa de cuatro patas pueden pasarla bomba. No\u2026","rel":"","context":"En \u00abViajes\u00bb","block_context":{"text":"Viajes","link":"https:\/\/zeromagazine.mx\/index.php\/category\/lugares\/"},"img":{"alt_text":"","src":"https:\/\/i0.wp.com\/zeromagazine.mx\/wp-content\/uploads\/2024\/08\/gen6.jpeg?fit=1079%2C1079&ssl=1&resize=350%2C200","width":350,"height":200,"srcset":"https:\/\/i0.wp.com\/zeromagazine.mx\/wp-content\/uploads\/2024\/08\/gen6.jpeg?fit=1079%2C1079&ssl=1&resize=350%2C200 1x, https:\/\/i0.wp.com\/zeromagazine.mx\/wp-content\/uploads\/2024\/08\/gen6.jpeg?fit=1079%2C1079&ssl=1&resize=525%2C300 1.5x, https:\/\/i0.wp.com\/zeromagazine.mx\/wp-content\/uploads\/2024\/08\/gen6.jpeg?fit=1079%2C1079&ssl=1&resize=700%2C400 2x, https:\/\/i0.wp.com\/zeromagazine.mx\/wp-content\/uploads\/2024\/08\/gen6.jpeg?fit=1079%2C1079&ssl=1&resize=1050%2C600 3x"},"classes":[]},{"id":88657,"url":"https:\/\/zeromagazine.mx\/index.php\/2024\/10\/29\/fiesta-de-muertos-vibra-infinita\/","url_meta":{"origin":90748,"position":2},"title":"\u00abFiesta de Muertos: \u00a1Vibra Infinita!\u00bb","author":"zeromagazinemx","date":"29 de octubre de 2024","format":false,"excerpt":"\u00a1Hey, fam! \u00bfListos para una fiesta \u00e9pica? Este 2 de noviembre, Parque Plaza Sat\u00e9lite est\u00e1 tirando la casa por la ventana para celebrar su cuarto aniversario con una experiencia de D\u00eda de Muertos inolvidable\u00a0. La neta, el D\u00eda de Muertos es una de esas tradiciones que nos conecta con nuestras\u2026","rel":"","context":"En \u00abEntretenimiento\u00bb","block_context":{"text":"Entretenimiento","link":"https:\/\/zeromagazine.mx\/index.php\/category\/entretenimiento\/"},"img":{"alt_text":"","src":"https:\/\/i0.wp.com\/zeromagazine.mx\/wp-content\/uploads\/2024\/10\/PS_DIG_01_TWITTER_1024x512.jpg?fit=1025%2C513&ssl=1&resize=350%2C200","width":350,"height":200,"srcset":"https:\/\/i0.wp.com\/zeromagazine.mx\/wp-content\/uploads\/2024\/10\/PS_DIG_01_TWITTER_1024x512.jpg?fit=1025%2C513&ssl=1&resize=350%2C200 1x, https:\/\/i0.wp.com\/zeromagazine.mx\/wp-content\/uploads\/2024\/10\/PS_DIG_01_TWITTER_1024x512.jpg?fit=1025%2C513&ssl=1&resize=525%2C300 1.5x, https:\/\/i0.wp.com\/zeromagazine.mx\/wp-content\/uploads\/2024\/10\/PS_DIG_01_TWITTER_1024x512.jpg?fit=1025%2C513&ssl=1&resize=700%2C400 2x"},"classes":[]},{"id":92049,"url":"https:\/\/zeromagazine.mx\/index.php\/2024\/12\/02\/navidad-magica-en-plaza-satelite-2\/","url_meta":{"origin":90748,"position":3},"title":"\u00abNavidad M\u00e1gica en Plaza Sat\u00e9lite\u00bb","author":"zeromagazinemx","date":"2 de diciembre de 2024","format":false,"excerpt":"\u00bfListxs para entrar en\u00a0full Christmas mode? Porque Plaza Sat\u00e9lite ya puso el arbolito y no viene solo: trae una serie de actividades que van a hacer que tu diciembre sea inolvidable. Desde el 23 de noviembre hasta el 5 de enero, este spot se transforma en un lugar lleno de\u2026","rel":"","context":"En \u00abEntretenimiento\u00bb","block_context":{"text":"Entretenimiento","link":"https:\/\/zeromagazine.mx\/index.php\/category\/entretenimiento\/"},"img":{"alt_text":"","src":"https:\/\/i0.wp.com\/zeromagazine.mx\/wp-content\/uploads\/2024\/12\/Copia-de-PS_NAVIDAD_1920x1080.png?fit=1200%2C676&ssl=1&resize=350%2C200","width":350,"height":200,"srcset":"https:\/\/i0.wp.com\/zeromagazine.mx\/wp-content\/uploads\/2024\/12\/Copia-de-PS_NAVIDAD_1920x1080.png?fit=1200%2C676&ssl=1&resize=350%2C200 1x, https:\/\/i0.wp.com\/zeromagazine.mx\/wp-content\/uploads\/2024\/12\/Copia-de-PS_NAVIDAD_1920x1080.png?fit=1200%2C676&ssl=1&resize=525%2C300 1.5x, https:\/\/i0.wp.com\/zeromagazine.mx\/wp-content\/uploads\/2024\/12\/Copia-de-PS_NAVIDAD_1920x1080.png?fit=1200%2C676&ssl=1&resize=700%2C400 2x, https:\/\/i0.wp.com\/zeromagazine.mx\/wp-content\/uploads\/2024\/12\/Copia-de-PS_NAVIDAD_1920x1080.png?fit=1200%2C676&ssl=1&resize=1050%2C600 3x"},"classes":[]},{"id":99970,"url":"https:\/\/zeromagazine.mx\/index.php\/2025\/03\/27\/sabor-caribeno-en-cdmx\/","url_meta":{"origin":90748,"position":4},"title":"Sabor Caribe\u00f1o en CDMX","author":"David Morales","date":"27 de marzo de 2025","format":false,"excerpt":"Amix, si eres de lxs que ama probar cosas nuevas y sentir que viaja con cada bocado, tienes que lanzarte al Festival Gastron\u00f3mico Caribe\u00f1o. Esta joyita de evento va a estar on fire el pr\u00f3ximo 5 de abril en el Parque Plaza Sat\u00e9lite, de 13:00 a 20:00 hrs. \u00a1El sabor\u2026","rel":"","context":"En \u00abViajes\u00bb","block_context":{"text":"Viajes","link":"https:\/\/zeromagazine.mx\/index.php\/category\/lugares\/"},"img":{"alt_text":"","src":"https:\/\/i0.wp.com\/zeromagazine.mx\/wp-content\/uploads\/2025\/03\/PS_DIG_01_TWITTER_1024x512.png?fit=1024%2C512&ssl=1&resize=350%2C200","width":350,"height":200,"srcset":"https:\/\/i0.wp.com\/zeromagazine.mx\/wp-content\/uploads\/2025\/03\/PS_DIG_01_TWITTER_1024x512.png?fit=1024%2C512&ssl=1&resize=350%2C200 1x, https:\/\/i0.wp.com\/zeromagazine.mx\/wp-content\/uploads\/2025\/03\/PS_DIG_01_TWITTER_1024x512.png?fit=1024%2C512&ssl=1&resize=525%2C300 1.5x, https:\/\/i0.wp.com\/zeromagazine.mx\/wp-content\/uploads\/2025\/03\/PS_DIG_01_TWITTER_1024x512.png?fit=1024%2C512&ssl=1&resize=700%2C400 2x"},"classes":[]},{"id":75644,"url":"https:\/\/zeromagazine.mx\/index.php\/2024\/05\/08\/celebra-a-mama-en-plaza-satelite\/","url_meta":{"origin":90748,"position":5},"title":"\u00a1Celebra a Mam\u00e1 en Plaza Sat\u00e9lite!","author":"zeromagazinemx","date":"8 de mayo de 2024","format":false,"excerpt":"Se acerca el D\u00eda de las Madres y en Plaza Sat\u00e9lite estamos listos para celebrar a todas esas mam\u00e1s incre\u00edbles que nos llenan de amor y alegr\u00eda. Del 10 al 12 de mayo, prep\u00e1rate para un fin de semana lleno de sorpresas y diversi\u00f3n que no te querr\u00e1s perder. Para\u2026","rel":"","context":"En \u00abBlog\u00bb","block_context":{"text":"Blog","link":"https:\/\/zeromagazine.mx\/index.php\/category\/blog\/"},"img":{"alt_text":"","src":"https:\/\/i0.wp.com\/zeromagazine.mx\/wp-content\/uploads\/2024\/05\/plaza-satelite-4.jpeg?fit=1200%2C727&ssl=1&resize=350%2C200","width":350,"height":200,"srcset":"https:\/\/i0.wp.com\/zeromagazine.mx\/wp-content\/uploads\/2024\/05\/plaza-satelite-4.jpeg?fit=1200%2C727&ssl=1&resize=350%2C200 1x, https:\/\/i0.wp.com\/zeromagazine.mx\/wp-content\/uploads\/2024\/05\/plaza-satelite-4.jpeg?fit=1200%2C727&ssl=1&resize=525%2C300 1.5x, https:\/\/i0.wp.com\/zeromagazine.mx\/wp-content\/uploads\/2024\/05\/plaza-satelite-4.jpeg?fit=1200%2C727&ssl=1&resize=700%2C400 2x, https:\/\/i0.wp.com\/zeromagazine.mx\/wp-content\/uploads\/2024\/05\/plaza-satelite-4.jpeg?fit=1200%2C727&ssl=1&resize=1050%2C600 3x"},"classes":[]}],"jetpack_sharing_enabled":true,"builder_content":"","_links":{"self":[{"href":"https:\/\/zeromagazine.mx\/index.php\/wp-json\/wp\/v2\/posts\/90748","targetHints":{"allow":["GET"]}}],"collection":[{"href":"https:\/\/zeromagazine.mx\/index.php\/wp-json\/wp\/v2\/posts"}],"about":[{"href":"https:\/\/zeromagazine.mx\/index.php\/wp-json\/wp\/v2\/types\/post"}],"author":[{"embeddable":true,"href":"https:\/\/zeromagazine.mx\/index.php\/wp-json\/wp\/v2\/users\/2"}],"replies":[{"embeddable":true,"href":"https:\/\/zeromagazine.mx\/index.php\/wp-json\/wp\/v2\/comments?post=90748"}],"version-history":[{"count":8,"href":"https:\/\/zeromagazine.mx\/index.php\/wp-json\/wp\/v2\/posts\/90748\/revisions"}],"predecessor-version":[{"id":90763,"href":"https:\/\/zeromagazine.mx\/index.php\/wp-json\/wp\/v2\/posts\/90748\/revisions\/90763"}],"wp:featuredmedia":[{"embeddable":true,"href":"https:\/\/zeromagazine.mx\/index.php\/wp-json\/wp\/v2\/media\/90749"}],"wp:attachment":[{"href":"https:\/\/zeromagazine.mx\/index.php\/wp-json\/wp\/v2\/media?parent=90748"}],"wp:term":[{"taxonomy":"category","embeddable":true,"href":"https:\/\/zeromagazine.mx\/index.php\/wp-json\/wp\/v2\/categories?post=90748"},{"taxonomy":"post_tag","embeddable":true,"href":"https:\/\/zeromagazine.mx\/index.php\/wp-json\/wp\/v2\/tags?post=90748"}],"curies":[{"name":"wp","href":"https:\/\/api.w.org\/{rel}","templated":true}]}}