{"id":90805,"date":"2024-11-14T23:54:57","date_gmt":"2024-11-14T22:54:57","guid":{"rendered":"https:\/\/zeromagazine.mx\/?p=90805"},"modified":"2024-11-14T23:57:53","modified_gmt":"2024-11-14T22:57:53","slug":"look-perfecto-para-corona-capital","status":"publish","type":"post","link":"https:\/\/zeromagazine.mx\/index.php\/2024\/11\/14\/look-perfecto-para-corona-capital\/","title":{"rendered":"\u00abLook perfecto para Corona Capital\u00bb"},"content":{"rendered":"<!--themify_builder_content-->\n<div id=\"themify_builder_content-90805\" data-postid=\"90805\" class=\"themify_builder_content themify_builder_content-90805 themify_builder tf_clear\">\n    <\/div>\n<!--\/themify_builder_content-->\n\n\n<p>\u00a1El&nbsp;<strong>Corona Capital<\/strong>&nbsp;est\u00e1 a la vuelta de la esquina, y eso significa solo una cosa: el festival de m\u00fasica m\u00e1s \u00e9pico del pa\u00eds est\u00e1 por llegar! Este evento es un must para los amantes de la m\u00fasica, la buena vibra y, por supuesto, la moda. Pero, \u00bfc\u00f3mo encontrar el look perfecto para no solo destacar entre la multitud, sino tambi\u00e9n mantener tu estilo \u00fanico? Pues, d\u00e9jame contarte, \u00a1la respuesta est\u00e1 en GoTrendier!<\/p>\n\n\n\n<h3 class=\"wp-block-heading\">\u00bfPor qu\u00e9 elegir ropa de segunda mano?<\/h3>\n\n\n\n<p>Sabemos que el proceso de elegir el outfit perfecto para el festival puede ser un poco overwhelming. \u00bfQu\u00e9 ponerte? \u00bfC\u00f3mo destacar sin perder comodidad? Aqu\u00ed es donde entra GoTrendier, la app&nbsp;<strong>l\u00edder en ventas de ropa de segunda mano<\/strong>. \u00bfLa mejor parte? No solo vas a encontrar prendas que hagan match con tu vibe, sino que, al ser ropa second hand, estar\u00e1s contribuyendo a la econom\u00eda circular y al consumo sostenible . As\u00ed que, mientras luces incre\u00edble, tambi\u00e9n haces un favor al planeta. \u00bfTe parece bien?<\/p>\n\n\n\n<p>Adem\u00e1s, hay algo s\u00faper cool en comprar ropa de segunda mano, y es que puedes encontrar&nbsp;<strong>piezas \u00fanicas y vintage<\/strong>&nbsp;que probablemente no ver\u00edas en otros lugares. \u00a1Es como una b\u00fasqueda del tesoro fashionista!&nbsp;<\/p>\n\n\n\n<h3 class=\"wp-block-heading\">Looks para el Corona Capital 2024<\/h3>\n\n\n\n<figure class=\"wp-block-image size-full is-resized\"><img data-recalc-dims=\"1\" decoding=\"async\" width=\"400\" height=\"389\" src=\"https:\/\/i0.wp.com\/zeromagazine.mx\/wp-content\/uploads\/2024\/11\/Foto-setofotografias_-Freepik.png?resize=400%2C389&#038;ssl=1\" alt=\"\" class=\"wp-image-90806\" style=\"width:1451px;height:auto\" srcset=\"https:\/\/i0.wp.com\/zeromagazine.mx\/wp-content\/uploads\/2024\/11\/Foto-setofotografias_-Freepik.png?w=400&amp;ssl=1 400w, https:\/\/i0.wp.com\/zeromagazine.mx\/wp-content\/uploads\/2024\/11\/Foto-setofotografias_-Freepik.png?resize=300%2C292&amp;ssl=1 300w\" sizes=\"(max-width: 400px) 100vw, 400px\" \/><\/figure>\n\n\n\n\n<script async src=\"https:\/\/pagead2.googlesyndication.com\/pagead\/js\/adsbygoogle.js?client=ca-pub-5499304793904745\"\n     crossorigin=\"anonymous\"><\/script>\n<ins class=\"adsbygoogle\"\n     style=\"display:block; text-align:center;\"\n     data-ad-layout=\"in-article\"\n     data-ad-format=\"fluid\"\n     data-ad-client=\"ca-pub-5499304793904745\"\n     data-ad-slot=\"5994863093\"><\/ins>\n<script>\n     (adsbygoogle = window.adsbygoogle || []).push({});\n<\/script>\n\n\n\n<p>Ya con la mentalidad eco-friendly y trendy en mente, vamos a explorar algunos looks ideales para el Corona Capital. Paola Huertas, Coordinadora de Marketing de GoTrendier en M\u00e9xico, nos da unos tips de outfits que son perfectos para que te veas incre\u00edble mientras te sientes s\u00faper c\u00f3moda en todo momento. Prep\u00e1rate para robarte todas las miradas sin sacrificar la comodidad.<\/p>\n\n\n\n<h4 class=\"wp-block-heading\">1.&nbsp;<strong>Look Casual Chic<\/strong><\/h4>\n\n\n\n<p>Si quieres un estilo relajado pero&nbsp;<strong>s\u00faper cool<\/strong>, este look es para ti. Ideal para moverte entre escenarios, bailar sin parar y disfrutar del festival con toda la actitud.<\/p>\n\n\n\n<p>\u00bfQu\u00e9 necesitas?<\/p>\n\n\n\n<ul class=\"wp-block-list\">\n<li><strong>Camiseta de tu banda favorita<\/strong>: \u00a1Obvio! Es el must para todo fan de la m\u00fasica. No hay nada mejor que mostrar tu amor por tu banda preferida mientras rockeas.<\/li>\n\n\n\n<li><strong>Chaqueta de mezclilla<\/strong>: No solo es super c\u00f3moda, sino que te protege del fr\u00edo por si la noche se pone un poquito m\u00e1s fr\u00eda (y, adem\u00e1s, el toque rockero es todo).<\/li>\n\n\n\n<li><strong>Pantalones cortos denim<\/strong>: C\u00f3modos y frescos, ideales para moverte y saltar sin problema.<\/li>\n\n\n\n<li><strong>Botines c\u00f3modos<\/strong>: Sabemos que estar\u00e1s caminando y bailando un mont\u00f3n, as\u00ed que unos botines c\u00f3modos ser\u00e1n tu mejor aliado.<\/li>\n\n\n\n<li><strong>Accesorios<\/strong>: Un sombrero y gafas de sol siempre son la onda. Prot\u00e9gerte del sol nunca fue tan chic.<\/li>\n<\/ul>\n\n\n\n<p>Este look te permitir\u00e1 estar c\u00f3moda durante horas de m\u00fasica y, adem\u00e1s, \u00a1vas a estar luciendo incre\u00edble!<\/p>\n\n\n\n<h4 class=\"wp-block-heading\">2.&nbsp;<strong>Look Bohemio<\/strong><\/h4>\n\n\n\n<p>Si te consideras una persona m\u00e1s relajada, con un estilo&nbsp;<strong>hippie-chic<\/strong>, este es el look perfecto para ti. Es un estilo que sigue siendo tendencia y siempre es ideal para festivales como el Corona Capital.<\/p>\n\n\n\n<p>\u00bfQu\u00e9 necesitas?<\/p>\n\n\n\n<ul class=\"wp-block-list\">\n<li><strong>Top de encaje<\/strong>: S\u00faper boho, perfecto para el vibe relajado y fresco del festival.<\/li>\n\n\n\n<li><strong>Falda larga o pantalones palazzo<\/strong>: Fluidez, comodidad y estilo, todo en uno.<\/li>\n\n\n\n<li><strong>Sandalias planas<\/strong>: Para que puedas caminar y bailar durante todo el d\u00eda sin problema.<\/li>\n\n\n\n<li><strong>Pulseras y collares en capas<\/strong>: Juega con texturas y colores para darle vida a tu outfit. La clave est\u00e1 en el detalle.<\/li>\n<\/ul>\n\n\n\n<p>Este look es perfecto para quienes aman la libertad de movimiento, el color y la buena onda.<\/p>\n\n\n\n<figure class=\"wp-block-image size-full is-resized\"><img data-recalc-dims=\"1\" decoding=\"async\" width=\"244\" height=\"376\" src=\"https:\/\/i0.wp.com\/zeromagazine.mx\/wp-content\/uploads\/2024\/11\/Imagen-Freepik.png?resize=244%2C376&#038;ssl=1\" alt=\"\" class=\"wp-image-90807\" style=\"width:1451px;height:auto\" srcset=\"https:\/\/i0.wp.com\/zeromagazine.mx\/wp-content\/uploads\/2024\/11\/Imagen-Freepik.png?w=244&amp;ssl=1 244w, https:\/\/i0.wp.com\/zeromagazine.mx\/wp-content\/uploads\/2024\/11\/Imagen-Freepik.png?resize=195%2C300&amp;ssl=1 195w\" sizes=\"(max-width: 244px) 100vw, 244px\" \/><\/figure>\n\n\n\n\n<script async src=\"https:\/\/pagead2.googlesyndication.com\/pagead\/js\/adsbygoogle.js?client=ca-pub-5499304793904745\"\n     crossorigin=\"anonymous\"><\/script>\n<ins class=\"adsbygoogle\"\n     style=\"display:block; text-align:center;\"\n     data-ad-layout=\"in-article\"\n     data-ad-format=\"fluid\"\n     data-ad-client=\"ca-pub-5499304793904745\"\n     data-ad-slot=\"5994863093\"><\/ins>\n<script>\n     (adsbygoogle = window.adsbygoogle || []).push({});\n<\/script>\n\n\n\n<p><strong>3.\u00a0Look Urbano Este estilo es probablemente uno de los m\u00e1s populares entre los asistentes del\u00a0Corona Capital. C\u00f3modo, relajado y con un toque street style, este outfit es todo lo que necesitas para sentirte fresco y con toda la actitud.<\/strong><\/p>\n\n\n\n<ul class=\"wp-block-list\">\n<li><strong>Sudadera oversize<\/strong>: Nada m\u00e1s c\u00f3modo que una sudadera de gran tama\u00f1o para relajarte durante el festival.<\/li>\n\n\n\n<li><strong>Leggings o joggers<\/strong>: Perfectos para moverte sin limitaciones.<\/li>\n\n\n\n<li><strong>Tennis<\/strong>: Porque, seamos honestos, caminar por todo el festival requiere un par de tenis c\u00f3modos. \u00a1Y los tennis son el alma del look urbano!<\/li>\n\n\n\n<li><strong>Mochila o cangurera peque\u00f1a<\/strong>: Para llevar tus cosas sin perder el estilo. Adem\u00e1s, vas a necesitar espacio para tus essentials como tu celular, agua y alg\u00fan snack.<\/li>\n<\/ul>\n\n\n\n<p>Este look es ideal para los que buscan estar s\u00faper c\u00f3modos, sin perder su estilo personal y siempre listos para disfrutar de la m\u00fasica.<\/p>\n\n\n\n<h3 class=\"wp-block-heading\">\u00bfQu\u00e9 est\u00e1n comprando m\u00e1s los usuarios de GoTrendier para festivales?<\/h3>\n\n\n\n<p>Si ninguno de estos looks te convence completamente, Paola nos cuenta cu\u00e1les son las prendas m\u00e1s populares entre los usuarios de&nbsp;<strong>GoTrendier<\/strong>&nbsp;para asistir a conciertos y festivales de m\u00fasica. \u00a1Toma nota!<\/p>\n\n\n\n<ul class=\"wp-block-list\">\n<li><strong>Camisetas de bandas<\/strong>: Un b\u00e1sico que nunca pasa de moda. Ya sea que vayas a ver a tu banda favorita o simplemente quieras rockearla, una camiseta de banda es un MUST.<\/li>\n\n\n\n<li><strong>Crop tops<\/strong>: Perfectos para las altas temperaturas del d\u00eda y para darle un toque trendy a tu outfit.<\/li>\n\n\n\n<li><strong>Chaquetas de mezclilla<\/strong>: Siempre en tendencia y super \u00fatiles para esas noches frescas.<\/li>\n\n\n\n<li><strong>Pantalones cortos<\/strong>: Porque, vamos, \u00bfqui\u00e9n no ama unos shorts c\u00f3modos para moverse durante el festival?<\/li>\n\n\n\n<li><strong>Botas<\/strong>: Ya sea cortas o largas, unas buenas botas siempre hacen la diferencia y son un cl\u00e1sico que nunca falla.<\/li>\n<\/ul>\n\n\n\n<p>Ahora que ya tienes algunas ideas de c\u00f3mo armar tu outfit para el&nbsp;<strong>Corona Capital 2024<\/strong>, lo \u00fanico que falta es explorar las opciones que ofrece GoTrendier y encontrar esas piezas perfectas que complementen tu estilo \u00fanico. Recuerda que lo m\u00e1s importante es que te sientas c\u00f3moda y que el look que elijas refleje tu&nbsp;<strong>aut\u00e9ntica personalidad<\/strong>. \u00a1Este es tu momento de brillar y disfrutar al m\u00e1ximo!<\/p>\n\n\n\n<h3 class=\"wp-block-heading\">\u00bfPor qu\u00e9 apostar por GoTrendier?<\/h3>\n\n\n\n<p>La moda&nbsp;<strong>sostenible<\/strong>&nbsp;est\u00e1 m\u00e1s de moda que nunca. Con GoTrendier, puedes encontrar ropa de segunda mano que no solo est\u00e1 en excelente estado, sino que tambi\u00e9n&nbsp;<strong>reduce el impacto ambiental<\/strong>. Y lo mejor, es que puedes encontrar cosas \u00fanicas y con historia que te har\u00e1n destacar entre la multitud.<\/p>\n\n\n\n<p>Con su amplia variedad de opciones, desde piezas vintage hasta prendas de marcas famosas, GoTrendier te da acceso a lo mejor de la moda&nbsp;<strong>sin tener que romper tu presupuesto<\/strong>. Adem\u00e1s, \u00bfqui\u00e9n no ama la sensaci\u00f3n de descubrir algo \u00fanico y exclusivo?&nbsp;<\/p>\n\n\n\n<h3 class=\"wp-block-heading\">\u00bfListo para el Corona Capital 2024?<\/h3>\n\n\n\n<p>Este festival promete ser \u00e9pico, y con el look perfecto, \u00a1ser\u00e1s el centro de todas las miradas! No importa si prefieres un estilo casual, bohemio o urbano, lo importante es que disfrutes del evento mientras luces incre\u00edble y te sientes c\u00f3modo en todo momento. As\u00ed que, no lo dudes m\u00e1s, \u00a1entra a GoTrendier, encuentra tus piezas favoritas y prep\u00e1rate para ser parte de una de las experiencias m\u00e1s grandes de m\u00fasica en el pa\u00eds!&nbsp;<\/p>\n\n\n\n<p>\u00a1Nos vemos en el Corona Capital 2024, con el mejor look y la mejor vibra!<\/p>","protected":false},"excerpt":{"rendered":"<p>\u00a1El&nbsp;Corona Capital&nbsp;est\u00e1 a la vuelta de la esquina, y eso significa solo una cosa: el festival de m\u00fasica m\u00e1s \u00e9pico del pa\u00eds est\u00e1 por llegar! Este evento es un must para los amantes de la m\u00fasica, la buena vibra y, por supuesto, la moda. Pero, \u00bfc\u00f3mo encontrar el look perfecto para no solo destacar entre [&hellip;]<\/p>\n","protected":false},"author":2,"featured_media":90806,"comment_status":"open","ping_status":"open","sticky":false,"template":"","format":"standard","meta":{"_jetpack_memberships_contains_paid_content":false,"footnotes":"","jetpack_publicize_message":"","jetpack_publicize_feature_enabled":true,"jetpack_social_post_already_shared":true,"jetpack_social_options":{"image_generator_settings":{"template":"highway","default_image_id":0,"font":"","enabled":false},"version":2}},"categories":[67],"tags":[11614,8020],"class_list":["post-90805","post","type-post","status-publish","format-standard","has-post-thumbnail","hentry","category-moda","tag-corona-capital-2024","tag-looks","has-post-title","has-post-date","has-post-category","has-post-tag","has-post-comment","has-post-author",""],"yoast_head":"<!-- This site is optimized with the Yoast SEO plugin v27.5 - https:\/\/yoast.com\/product\/yoast-seo-wordpress\/ -->\n<title>&quot;Look perfecto para Corona Capital&quot; - Zero Magazine<\/title>\n<meta name=\"robots\" content=\"index, follow, max-snippet:-1, max-image-preview:large, max-video-preview:-1\" \/>\n<link rel=\"canonical\" href=\"https:\/\/zeromagazine.mx\/index.php\/2024\/11\/14\/look-perfecto-para-corona-capital\/\" \/>\n<meta property=\"og:locale\" content=\"es_ES\" \/>\n<meta property=\"og:type\" content=\"article\" \/>\n<meta property=\"og:title\" content=\"&quot;Look perfecto para Corona Capital&quot; - Zero Magazine\" \/>\n<meta property=\"og:description\" content=\"\u00a1El&nbsp;Corona Capital&nbsp;est\u00e1 a la vuelta de la esquina, y eso significa solo una cosa: el festival de m\u00fasica m\u00e1s \u00e9pico del pa\u00eds est\u00e1 por llegar! Este evento es un must para los amantes de la m\u00fasica, la buena vibra y, por supuesto, la moda. Pero, \u00bfc\u00f3mo encontrar el look perfecto para no solo destacar entre [&hellip;]\" \/>\n<meta property=\"og:url\" content=\"https:\/\/zeromagazine.mx\/index.php\/2024\/11\/14\/look-perfecto-para-corona-capital\/\" \/>\n<meta property=\"og:site_name\" content=\"Zero Magazine\" \/>\n<meta property=\"article:published_time\" content=\"2024-11-14T22:54:57+00:00\" \/>\n<meta property=\"article:modified_time\" content=\"2024-11-14T22:57:53+00:00\" \/>\n<meta property=\"og:image\" content=\"http:\/\/zeromagazine.mx\/wp-content\/uploads\/2024\/11\/Foto-setofotografias_-Freepik.png\" \/>\n\t<meta property=\"og:image:width\" content=\"400\" \/>\n\t<meta property=\"og:image:height\" content=\"389\" \/>\n\t<meta property=\"og:image:type\" content=\"image\/png\" \/>\n<meta name=\"author\" content=\"zeromagazinemx\" \/>\n<meta name=\"twitter:card\" content=\"summary_large_image\" \/>\n<meta name=\"twitter:label1\" content=\"Escrito por\" \/>\n\t<meta name=\"twitter:data1\" content=\"zeromagazinemx\" \/>\n\t<meta name=\"twitter:label2\" content=\"Tiempo de lectura\" \/>\n\t<meta name=\"twitter:data2\" content=\"6 minutos\" \/>\n<script type=\"application\/ld+json\" class=\"yoast-schema-graph\">{\"@context\":\"https:\\\/\\\/schema.org\",\"@graph\":[{\"@type\":\"Article\",\"@id\":\"https:\\\/\\\/zeromagazine.mx\\\/index.php\\\/2024\\\/11\\\/14\\\/look-perfecto-para-corona-capital\\\/#article\",\"isPartOf\":{\"@id\":\"https:\\\/\\\/zeromagazine.mx\\\/index.php\\\/2024\\\/11\\\/14\\\/look-perfecto-para-corona-capital\\\/\"},\"author\":{\"name\":\"zeromagazinemx\",\"@id\":\"https:\\\/\\\/zeromagazine.mx\\\/#\\\/schema\\\/person\\\/9aed9f33a7c39af3a348b86d723f7773\"},\"headline\":\"\u00abLook perfecto para Corona Capital\u00bb\",\"datePublished\":\"2024-11-14T22:54:57+00:00\",\"dateModified\":\"2024-11-14T22:57:53+00:00\",\"mainEntityOfPage\":{\"@id\":\"https:\\\/\\\/zeromagazine.mx\\\/index.php\\\/2024\\\/11\\\/14\\\/look-perfecto-para-corona-capital\\\/\"},\"wordCount\":1186,\"commentCount\":0,\"publisher\":{\"@id\":\"https:\\\/\\\/zeromagazine.mx\\\/#organization\"},\"image\":{\"@id\":\"https:\\\/\\\/zeromagazine.mx\\\/index.php\\\/2024\\\/11\\\/14\\\/look-perfecto-para-corona-capital\\\/#primaryimage\"},\"thumbnailUrl\":\"https:\\\/\\\/i0.wp.com\\\/zeromagazine.mx\\\/wp-content\\\/uploads\\\/2024\\\/11\\\/Foto-setofotografias_-Freepik.png?fit=400%2C389&ssl=1\",\"keywords\":[\"Corona Capital 2024\",\"Looks\"],\"articleSection\":[\"Moda\"],\"inLanguage\":\"es\",\"potentialAction\":[{\"@type\":\"CommentAction\",\"name\":\"Comment\",\"target\":[\"https:\\\/\\\/zeromagazine.mx\\\/index.php\\\/2024\\\/11\\\/14\\\/look-perfecto-para-corona-capital\\\/#respond\"]}]},{\"@type\":\"WebPage\",\"@id\":\"https:\\\/\\\/zeromagazine.mx\\\/index.php\\\/2024\\\/11\\\/14\\\/look-perfecto-para-corona-capital\\\/\",\"url\":\"https:\\\/\\\/zeromagazine.mx\\\/index.php\\\/2024\\\/11\\\/14\\\/look-perfecto-para-corona-capital\\\/\",\"name\":\"\\\"Look perfecto para Corona Capital\\\" - Zero Magazine\",\"isPartOf\":{\"@id\":\"https:\\\/\\\/zeromagazine.mx\\\/#website\"},\"primaryImageOfPage\":{\"@id\":\"https:\\\/\\\/zeromagazine.mx\\\/index.php\\\/2024\\\/11\\\/14\\\/look-perfecto-para-corona-capital\\\/#primaryimage\"},\"image\":{\"@id\":\"https:\\\/\\\/zeromagazine.mx\\\/index.php\\\/2024\\\/11\\\/14\\\/look-perfecto-para-corona-capital\\\/#primaryimage\"},\"thumbnailUrl\":\"https:\\\/\\\/i0.wp.com\\\/zeromagazine.mx\\\/wp-content\\\/uploads\\\/2024\\\/11\\\/Foto-setofotografias_-Freepik.png?fit=400%2C389&ssl=1\",\"datePublished\":\"2024-11-14T22:54:57+00:00\",\"dateModified\":\"2024-11-14T22:57:53+00:00\",\"breadcrumb\":{\"@id\":\"https:\\\/\\\/zeromagazine.mx\\\/index.php\\\/2024\\\/11\\\/14\\\/look-perfecto-para-corona-capital\\\/#breadcrumb\"},\"inLanguage\":\"es\",\"potentialAction\":[{\"@type\":\"ReadAction\",\"target\":[\"https:\\\/\\\/zeromagazine.mx\\\/index.php\\\/2024\\\/11\\\/14\\\/look-perfecto-para-corona-capital\\\/\"]}]},{\"@type\":\"ImageObject\",\"inLanguage\":\"es\",\"@id\":\"https:\\\/\\\/zeromagazine.mx\\\/index.php\\\/2024\\\/11\\\/14\\\/look-perfecto-para-corona-capital\\\/#primaryimage\",\"url\":\"https:\\\/\\\/i0.wp.com\\\/zeromagazine.mx\\\/wp-content\\\/uploads\\\/2024\\\/11\\\/Foto-setofotografias_-Freepik.png?fit=400%2C389&ssl=1\",\"contentUrl\":\"https:\\\/\\\/i0.wp.com\\\/zeromagazine.mx\\\/wp-content\\\/uploads\\\/2024\\\/11\\\/Foto-setofotografias_-Freepik.png?fit=400%2C389&ssl=1\",\"width\":400,\"height\":389},{\"@type\":\"BreadcrumbList\",\"@id\":\"https:\\\/\\\/zeromagazine.mx\\\/index.php\\\/2024\\\/11\\\/14\\\/look-perfecto-para-corona-capital\\\/#breadcrumb\",\"itemListElement\":[{\"@type\":\"ListItem\",\"position\":1,\"name\":\"Portada\",\"item\":\"https:\\\/\\\/zeromagazine.mx\\\/\"},{\"@type\":\"ListItem\",\"position\":2,\"name\":\"\u00abLook perfecto para Corona Capital\u00bb\"}]},{\"@type\":\"WebSite\",\"@id\":\"https:\\\/\\\/zeromagazine.mx\\\/#website\",\"url\":\"https:\\\/\\\/zeromagazine.mx\\\/\",\"name\":\"Zero Magazine\",\"description\":\"\",\"publisher\":{\"@id\":\"https:\\\/\\\/zeromagazine.mx\\\/#organization\"},\"potentialAction\":[{\"@type\":\"SearchAction\",\"target\":{\"@type\":\"EntryPoint\",\"urlTemplate\":\"https:\\\/\\\/zeromagazine.mx\\\/?s={search_term_string}\"},\"query-input\":{\"@type\":\"PropertyValueSpecification\",\"valueRequired\":true,\"valueName\":\"search_term_string\"}}],\"inLanguage\":\"es\"},{\"@type\":\"Organization\",\"@id\":\"https:\\\/\\\/zeromagazine.mx\\\/#organization\",\"name\":\"Zero Magazine\",\"url\":\"https:\\\/\\\/zeromagazine.mx\\\/\",\"logo\":{\"@type\":\"ImageObject\",\"inLanguage\":\"es\",\"@id\":\"https:\\\/\\\/zeromagazine.mx\\\/#\\\/schema\\\/logo\\\/image\\\/\",\"url\":\"https:\\\/\\\/i0.wp.com\\\/zeromagazine.mx\\\/wp-content\\\/uploads\\\/2025\\\/11\\\/1.jpeg?fit=1000%2C1000&ssl=1\",\"contentUrl\":\"https:\\\/\\\/i0.wp.com\\\/zeromagazine.mx\\\/wp-content\\\/uploads\\\/2025\\\/11\\\/1.jpeg?fit=1000%2C1000&ssl=1\",\"width\":1000,\"height\":1000,\"caption\":\"Zero Magazine\"},\"image\":{\"@id\":\"https:\\\/\\\/zeromagazine.mx\\\/#\\\/schema\\\/logo\\\/image\\\/\"},\"sameAs\":[\"https:\\\/\\\/instagram.com\\\/zeromagazinemx\"]},{\"@type\":\"Person\",\"@id\":\"https:\\\/\\\/zeromagazine.mx\\\/#\\\/schema\\\/person\\\/9aed9f33a7c39af3a348b86d723f7773\",\"name\":\"zeromagazinemx\",\"image\":{\"@type\":\"ImageObject\",\"inLanguage\":\"es\",\"@id\":\"https:\\\/\\\/zeromagazine.mx\\\/wp-content\\\/litespeed\\\/avatar\\\/f91dfe5410d5dcb1a576bf8c45983896.jpg?ver=1777571230\",\"url\":\"https:\\\/\\\/zeromagazine.mx\\\/wp-content\\\/litespeed\\\/avatar\\\/f91dfe5410d5dcb1a576bf8c45983896.jpg?ver=1777571230\",\"contentUrl\":\"https:\\\/\\\/zeromagazine.mx\\\/wp-content\\\/litespeed\\\/avatar\\\/f91dfe5410d5dcb1a576bf8c45983896.jpg?ver=1777571230\",\"caption\":\"zeromagazinemx\"},\"url\":\"https:\\\/\\\/zeromagazine.mx\\\/index.php\\\/author\\\/zeromagazinemx\\\/\"}]}<\/script>\n<!-- \/ Yoast SEO plugin. -->","yoast_head_json":{"title":"\"Look perfecto para Corona Capital\" - Zero Magazine","robots":{"index":"index","follow":"follow","max-snippet":"max-snippet:-1","max-image-preview":"max-image-preview:large","max-video-preview":"max-video-preview:-1"},"canonical":"https:\/\/zeromagazine.mx\/index.php\/2024\/11\/14\/look-perfecto-para-corona-capital\/","og_locale":"es_ES","og_type":"article","og_title":"\"Look perfecto para Corona Capital\" - Zero Magazine","og_description":"\u00a1El&nbsp;Corona Capital&nbsp;est\u00e1 a la vuelta de la esquina, y eso significa solo una cosa: el festival de m\u00fasica m\u00e1s \u00e9pico del pa\u00eds est\u00e1 por llegar! Este evento es un must para los amantes de la m\u00fasica, la buena vibra y, por supuesto, la moda. Pero, \u00bfc\u00f3mo encontrar el look perfecto para no solo destacar entre [&hellip;]","og_url":"https:\/\/zeromagazine.mx\/index.php\/2024\/11\/14\/look-perfecto-para-corona-capital\/","og_site_name":"Zero Magazine","article_published_time":"2024-11-14T22:54:57+00:00","article_modified_time":"2024-11-14T22:57:53+00:00","og_image":[{"width":400,"height":389,"url":"http:\/\/zeromagazine.mx\/wp-content\/uploads\/2024\/11\/Foto-setofotografias_-Freepik.png","type":"image\/png"}],"author":"zeromagazinemx","twitter_card":"summary_large_image","twitter_misc":{"Escrito por":"zeromagazinemx","Tiempo de lectura":"6 minutos"},"schema":{"@context":"https:\/\/schema.org","@graph":[{"@type":"Article","@id":"https:\/\/zeromagazine.mx\/index.php\/2024\/11\/14\/look-perfecto-para-corona-capital\/#article","isPartOf":{"@id":"https:\/\/zeromagazine.mx\/index.php\/2024\/11\/14\/look-perfecto-para-corona-capital\/"},"author":{"name":"zeromagazinemx","@id":"https:\/\/zeromagazine.mx\/#\/schema\/person\/9aed9f33a7c39af3a348b86d723f7773"},"headline":"\u00abLook perfecto para Corona Capital\u00bb","datePublished":"2024-11-14T22:54:57+00:00","dateModified":"2024-11-14T22:57:53+00:00","mainEntityOfPage":{"@id":"https:\/\/zeromagazine.mx\/index.php\/2024\/11\/14\/look-perfecto-para-corona-capital\/"},"wordCount":1186,"commentCount":0,"publisher":{"@id":"https:\/\/zeromagazine.mx\/#organization"},"image":{"@id":"https:\/\/zeromagazine.mx\/index.php\/2024\/11\/14\/look-perfecto-para-corona-capital\/#primaryimage"},"thumbnailUrl":"https:\/\/i0.wp.com\/zeromagazine.mx\/wp-content\/uploads\/2024\/11\/Foto-setofotografias_-Freepik.png?fit=400%2C389&ssl=1","keywords":["Corona Capital 2024","Looks"],"articleSection":["Moda"],"inLanguage":"es","potentialAction":[{"@type":"CommentAction","name":"Comment","target":["https:\/\/zeromagazine.mx\/index.php\/2024\/11\/14\/look-perfecto-para-corona-capital\/#respond"]}]},{"@type":"WebPage","@id":"https:\/\/zeromagazine.mx\/index.php\/2024\/11\/14\/look-perfecto-para-corona-capital\/","url":"https:\/\/zeromagazine.mx\/index.php\/2024\/11\/14\/look-perfecto-para-corona-capital\/","name":"\"Look perfecto para Corona Capital\" - Zero Magazine","isPartOf":{"@id":"https:\/\/zeromagazine.mx\/#website"},"primaryImageOfPage":{"@id":"https:\/\/zeromagazine.mx\/index.php\/2024\/11\/14\/look-perfecto-para-corona-capital\/#primaryimage"},"image":{"@id":"https:\/\/zeromagazine.mx\/index.php\/2024\/11\/14\/look-perfecto-para-corona-capital\/#primaryimage"},"thumbnailUrl":"https:\/\/i0.wp.com\/zeromagazine.mx\/wp-content\/uploads\/2024\/11\/Foto-setofotografias_-Freepik.png?fit=400%2C389&ssl=1","datePublished":"2024-11-14T22:54:57+00:00","dateModified":"2024-11-14T22:57:53+00:00","breadcrumb":{"@id":"https:\/\/zeromagazine.mx\/index.php\/2024\/11\/14\/look-perfecto-para-corona-capital\/#breadcrumb"},"inLanguage":"es","potentialAction":[{"@type":"ReadAction","target":["https:\/\/zeromagazine.mx\/index.php\/2024\/11\/14\/look-perfecto-para-corona-capital\/"]}]},{"@type":"ImageObject","inLanguage":"es","@id":"https:\/\/zeromagazine.mx\/index.php\/2024\/11\/14\/look-perfecto-para-corona-capital\/#primaryimage","url":"https:\/\/i0.wp.com\/zeromagazine.mx\/wp-content\/uploads\/2024\/11\/Foto-setofotografias_-Freepik.png?fit=400%2C389&ssl=1","contentUrl":"https:\/\/i0.wp.com\/zeromagazine.mx\/wp-content\/uploads\/2024\/11\/Foto-setofotografias_-Freepik.png?fit=400%2C389&ssl=1","width":400,"height":389},{"@type":"BreadcrumbList","@id":"https:\/\/zeromagazine.mx\/index.php\/2024\/11\/14\/look-perfecto-para-corona-capital\/#breadcrumb","itemListElement":[{"@type":"ListItem","position":1,"name":"Portada","item":"https:\/\/zeromagazine.mx\/"},{"@type":"ListItem","position":2,"name":"\u00abLook perfecto para Corona Capital\u00bb"}]},{"@type":"WebSite","@id":"https:\/\/zeromagazine.mx\/#website","url":"https:\/\/zeromagazine.mx\/","name":"Zero Magazine","description":"","publisher":{"@id":"https:\/\/zeromagazine.mx\/#organization"},"potentialAction":[{"@type":"SearchAction","target":{"@type":"EntryPoint","urlTemplate":"https:\/\/zeromagazine.mx\/?s={search_term_string}"},"query-input":{"@type":"PropertyValueSpecification","valueRequired":true,"valueName":"search_term_string"}}],"inLanguage":"es"},{"@type":"Organization","@id":"https:\/\/zeromagazine.mx\/#organization","name":"Zero Magazine","url":"https:\/\/zeromagazine.mx\/","logo":{"@type":"ImageObject","inLanguage":"es","@id":"https:\/\/zeromagazine.mx\/#\/schema\/logo\/image\/","url":"https:\/\/i0.wp.com\/zeromagazine.mx\/wp-content\/uploads\/2025\/11\/1.jpeg?fit=1000%2C1000&ssl=1","contentUrl":"https:\/\/i0.wp.com\/zeromagazine.mx\/wp-content\/uploads\/2025\/11\/1.jpeg?fit=1000%2C1000&ssl=1","width":1000,"height":1000,"caption":"Zero Magazine"},"image":{"@id":"https:\/\/zeromagazine.mx\/#\/schema\/logo\/image\/"},"sameAs":["https:\/\/instagram.com\/zeromagazinemx"]},{"@type":"Person","@id":"https:\/\/zeromagazine.mx\/#\/schema\/person\/9aed9f33a7c39af3a348b86d723f7773","name":"zeromagazinemx","image":{"@type":"ImageObject","inLanguage":"es","@id":"https:\/\/zeromagazine.mx\/wp-content\/litespeed\/avatar\/f91dfe5410d5dcb1a576bf8c45983896.jpg?ver=1777571230","url":"https:\/\/zeromagazine.mx\/wp-content\/litespeed\/avatar\/f91dfe5410d5dcb1a576bf8c45983896.jpg?ver=1777571230","contentUrl":"https:\/\/zeromagazine.mx\/wp-content\/litespeed\/avatar\/f91dfe5410d5dcb1a576bf8c45983896.jpg?ver=1777571230","caption":"zeromagazinemx"},"url":"https:\/\/zeromagazine.mx\/index.php\/author\/zeromagazinemx\/"}]}},"jetpack_publicize_connections":[],"jetpack_featured_media_url":"https:\/\/i0.wp.com\/zeromagazine.mx\/wp-content\/uploads\/2024\/11\/Foto-setofotografias_-Freepik.png?fit=400%2C389&ssl=1","jetpack-related-posts":[{"id":90502,"url":"https:\/\/zeromagazine.mx\/index.php\/2024\/11\/13\/moda-circular-tu-estilo-sostenible\/","url_meta":{"origin":90805,"position":0},"title":"Moda Circular: Tu Estilo Sostenible","author":"zeromagazinemx","date":"13 de noviembre de 2024","format":false,"excerpt":"Chicxs \u00bfAlguna vez has rechazado esa chaqueta de segunda mano porque pensaste que estaba \"sucia\", pero no tienes bronca en comerte un sushi en un restaurante cool usando cubiertos que ya usaron mil personas antes que t\u00fa? Lo s\u00e9, a todos nos pasa, y aunque no lo queramos admitir, tiene\u2026","rel":"","context":"En \u00abModa\u00bb","block_context":{"text":"Moda","link":"https:\/\/zeromagazine.mx\/index.php\/category\/moda\/"},"img":{"alt_text":"La moda de segunda mano no solo es econ\u00f3mica, tambi\u00e9n es el futuro. Encuentra piezas \u00fanicas, reduce el desperdicio y lleva tu estilo al siguiente nivel.","src":"https:\/\/i0.wp.com\/zeromagazine.mx\/wp-content\/uploads\/2024\/11\/1_GT-1.png?resize=350%2C200","width":350,"height":200},"classes":[]},{"id":85426,"url":"https:\/\/zeromagazine.mx\/index.php\/2024\/10\/04\/moda-preloved-estilo-y-sostenibilidad\/","url_meta":{"origin":90805,"position":1},"title":"\u00abModa Preloved: Estilo y Sostenibilidad\u00bb","author":"zeromagazinemx","date":"4 de octubre de 2024","format":false,"excerpt":"\u00a1Ya sabes que la moda second-hand es la nueva forma de lucir fresh y cuidar el planeta al mismo tiempo! As\u00ed que, si a\u00fan no est\u00e1s en este trend, it's time to level up tu estilo y ser parte de un movimiento que est\u00e1 revolucionando la manera en que consumimos\u2026","rel":"","context":"En \u00abTech\u00bb","block_context":{"text":"Tech","link":"https:\/\/zeromagazine.mx\/index.php\/category\/tech\/"},"img":{"alt_text":"","src":"https:\/\/i0.wp.com\/zeromagazine.mx\/wp-content\/uploads\/2024\/10\/GT2.jpg?fit=583%2C355&ssl=1&resize=350%2C200","width":350,"height":200,"srcset":"https:\/\/i0.wp.com\/zeromagazine.mx\/wp-content\/uploads\/2024\/10\/GT2.jpg?fit=583%2C355&ssl=1&resize=350%2C200 1x, https:\/\/i0.wp.com\/zeromagazine.mx\/wp-content\/uploads\/2024\/10\/GT2.jpg?fit=583%2C355&ssl=1&resize=525%2C300 1.5x"},"classes":[]},{"id":92462,"url":"https:\/\/zeromagazine.mx\/index.php\/2024\/12\/09\/2025-el-ano-de-la-moda-sostenible\/","url_meta":{"origin":90805,"position":2},"title":"2025 El A\u00f1o de la Moda Sostenible","author":"zeromagazinemx","date":"9 de diciembre de 2024","format":false,"excerpt":"Amix, la moda est\u00e1 cambiando, y con ella, nuestras decisiones de consumo. En un mundo donde el fast fashion ha dominado nuestras vidas, el impacto ambiental se ha vuelto imposible de ignorar. Cada vez m\u00e1s personas se est\u00e1n dando cuenta de que las decisiones de compra no solo afectan nuestro\u2026","rel":"","context":"En \u00abModa\u00bb","block_context":{"text":"Moda","link":"https:\/\/zeromagazine.mx\/index.php\/category\/moda\/"},"img":{"alt_text":"","src":"https:\/\/i0.wp.com\/zeromagazine.mx\/wp-content\/uploads\/2024\/12\/descarga.jpeg?fit=1000%2C576&ssl=1&resize=350%2C200","width":350,"height":200,"srcset":"https:\/\/i0.wp.com\/zeromagazine.mx\/wp-content\/uploads\/2024\/12\/descarga.jpeg?fit=1000%2C576&ssl=1&resize=350%2C200 1x, https:\/\/i0.wp.com\/zeromagazine.mx\/wp-content\/uploads\/2024\/12\/descarga.jpeg?fit=1000%2C576&ssl=1&resize=525%2C300 1.5x, https:\/\/i0.wp.com\/zeromagazine.mx\/wp-content\/uploads\/2024\/12\/descarga.jpeg?fit=1000%2C576&ssl=1&resize=700%2C400 2x"},"classes":[]},{"id":109366,"url":"https:\/\/zeromagazine.mx\/index.php\/2025\/10\/10\/american-eagle-guia-de-estilo-festivalera\/","url_meta":{"origin":90805,"position":3},"title":"American Eagle gu\u00eda de estilo: vibra con cada festival","author":"zeromagazinemx","date":"10 de octubre de 2025","format":false,"excerpt":"Si hay algo que define a los festivales, es la energ\u00eda. M\u00fasica, luces, outfits y memorias que se quedan pegadas en la piel. Y American Eagle gu\u00eda de estilo llega justo para eso: para que tu look se mueva contigo, sin perder el toque effortless pero lleno de personalidad. Esta\u2026","rel":"","context":"En \u00abModa\u00bb","block_context":{"text":"Moda","link":"https:\/\/zeromagazine.mx\/index.php\/category\/moda\/"},"img":{"alt_text":"","src":"https:\/\/i0.wp.com\/zeromagazine.mx\/wp-content\/uploads\/2025\/10\/imgi_32_0387_3757_001_ob.webp?fit=936%2C1200&ssl=1&resize=350%2C200","width":350,"height":200,"srcset":"https:\/\/i0.wp.com\/zeromagazine.mx\/wp-content\/uploads\/2025\/10\/imgi_32_0387_3757_001_ob.webp?fit=936%2C1200&ssl=1&resize=350%2C200 1x, https:\/\/i0.wp.com\/zeromagazine.mx\/wp-content\/uploads\/2025\/10\/imgi_32_0387_3757_001_ob.webp?fit=936%2C1200&ssl=1&resize=525%2C300 1.5x, https:\/\/i0.wp.com\/zeromagazine.mx\/wp-content\/uploads\/2025\/10\/imgi_32_0387_3757_001_ob.webp?fit=936%2C1200&ssl=1&resize=700%2C400 2x"},"classes":[]},{"id":102731,"url":"https:\/\/zeromagazine.mx\/index.php\/2025\/04\/29\/moda-sustetable-con-gotrendier\/","url_meta":{"origin":90805,"position":4},"title":"Moda Sustentable Con GoTrendier","author":"David Morales","date":"29 de abril de 2025","format":false,"excerpt":"Amix, \u00bfsab\u00edas que cada segundo un cami\u00f3n lleno de ropa termina en la basura o incinerado? Literal. Y si vives en la CDMX, peor tantito: aqu\u00ed se desechan m\u00e1s de 3,700 millones de toneladas de residuos textiles al a\u00f1o. Pero tranqui, porque nuestra generaci\u00f3n ya se est\u00e1 rifando para darle\u2026","rel":"","context":"En \u00abModa\u00bb","block_context":{"text":"Moda","link":"https:\/\/zeromagazine.mx\/index.php\/category\/moda\/"},"img":{"alt_text":"","src":"https:\/\/i0.wp.com\/zeromagazine.mx\/wp-content\/uploads\/2025\/04\/39-Chic-Sustainable-Fashion-Outfits-for-Women_-Eco-Friendly-Style-Essentials.jpeg?resize=350%2C200","width":350,"height":200,"srcset":"https:\/\/i0.wp.com\/zeromagazine.mx\/wp-content\/uploads\/2025\/04\/39-Chic-Sustainable-Fashion-Outfits-for-Women_-Eco-Friendly-Style-Essentials.jpeg?resize=350%2C200 1x, https:\/\/i0.wp.com\/zeromagazine.mx\/wp-content\/uploads\/2025\/04\/39-Chic-Sustainable-Fashion-Outfits-for-Women_-Eco-Friendly-Style-Essentials.jpeg?resize=525%2C300 1.5x, https:\/\/i0.wp.com\/zeromagazine.mx\/wp-content\/uploads\/2025\/04\/39-Chic-Sustainable-Fashion-Outfits-for-Women_-Eco-Friendly-Style-Essentials.jpeg?resize=700%2C400 2x"},"classes":[]},{"id":110503,"url":"https:\/\/zeromagazine.mx\/index.php\/2025\/11\/12\/levis-corona-capital-10-aniversario\/","url_meta":{"origin":90805,"position":5},"title":"Levi\u2019s Corona Capital: 10 a\u00f1os de m\u00fasica y estilo","author":"zeromagazinemx","date":"12 de noviembre de 2025","format":false,"excerpt":"Hay festivales\u2026 y luego est\u00e1 el Levi\u2019s Corona Capital, donde la moda y la m\u00fasica se funden en una vibra que solo el denim puede sostener. Este 2025, Levi\u2019s celebra diez a\u00f1os como patrocinador oficial del festival, marcando una d\u00e9cada en la que los escenarios, los looks y las emociones\u2026","rel":"","context":"En \u00abModa\u00bb","block_context":{"text":"Moda","link":"https:\/\/zeromagazine.mx\/index.php\/category\/moda\/"},"img":{"alt_text":"","src":"https:\/\/i0.wp.com\/zeromagazine.mx\/wp-content\/uploads\/2025\/11\/DSC3475-scaled.jpg?fit=800%2C1200&ssl=1&resize=350%2C200","width":350,"height":200,"srcset":"https:\/\/i0.wp.com\/zeromagazine.mx\/wp-content\/uploads\/2025\/11\/DSC3475-scaled.jpg?fit=800%2C1200&ssl=1&resize=350%2C200 1x, https:\/\/i0.wp.com\/zeromagazine.mx\/wp-content\/uploads\/2025\/11\/DSC3475-scaled.jpg?fit=800%2C1200&ssl=1&resize=525%2C300 1.5x, https:\/\/i0.wp.com\/zeromagazine.mx\/wp-content\/uploads\/2025\/11\/DSC3475-scaled.jpg?fit=800%2C1200&ssl=1&resize=700%2C400 2x"},"classes":[]}],"jetpack_sharing_enabled":true,"builder_content":"","_links":{"self":[{"href":"https:\/\/zeromagazine.mx\/index.php\/wp-json\/wp\/v2\/posts\/90805","targetHints":{"allow":["GET"]}}],"collection":[{"href":"https:\/\/zeromagazine.mx\/index.php\/wp-json\/wp\/v2\/posts"}],"about":[{"href":"https:\/\/zeromagazine.mx\/index.php\/wp-json\/wp\/v2\/types\/post"}],"author":[{"embeddable":true,"href":"https:\/\/zeromagazine.mx\/index.php\/wp-json\/wp\/v2\/users\/2"}],"replies":[{"embeddable":true,"href":"https:\/\/zeromagazine.mx\/index.php\/wp-json\/wp\/v2\/comments?post=90805"}],"version-history":[{"count":7,"href":"https:\/\/zeromagazine.mx\/index.php\/wp-json\/wp\/v2\/posts\/90805\/revisions"}],"predecessor-version":[{"id":90816,"href":"https:\/\/zeromagazine.mx\/index.php\/wp-json\/wp\/v2\/posts\/90805\/revisions\/90816"}],"wp:featuredmedia":[{"embeddable":true,"href":"https:\/\/zeromagazine.mx\/index.php\/wp-json\/wp\/v2\/media\/90806"}],"wp:attachment":[{"href":"https:\/\/zeromagazine.mx\/index.php\/wp-json\/wp\/v2\/media?parent=90805"}],"wp:term":[{"taxonomy":"category","embeddable":true,"href":"https:\/\/zeromagazine.mx\/index.php\/wp-json\/wp\/v2\/categories?post=90805"},{"taxonomy":"post_tag","embeddable":true,"href":"https:\/\/zeromagazine.mx\/index.php\/wp-json\/wp\/v2\/tags?post=90805"}],"curies":[{"name":"wp","href":"https:\/\/api.w.org\/{rel}","templated":true}]}}