{"id":91434,"date":"2024-11-23T02:52:44","date_gmt":"2024-11-23T01:52:44","guid":{"rendered":"https:\/\/zeromagazine.mx\/?p=91434"},"modified":"2024-11-23T03:06:35","modified_gmt":"2024-11-23T02:06:35","slug":"ana-victoria-lanza-su-album-navideno","status":"publish","type":"post","link":"https:\/\/zeromagazine.mx\/index.php\/2024\/11\/23\/ana-victoria-lanza-su-album-navideno\/","title":{"rendered":"Ana Victoria Lanza su \u00c1lbum Navide\u00f1o"},"content":{"rendered":"<p>Amigxs, imaginen las luces suaves, un chocolate caliente en mano y una playlist que te transporta directo a una pel\u00edcula navide\u00f1a. As\u00ed es Paz en Navidad, el nuevo \u00e1lbum de Ana Victoria. Y no, no es uno de esos discos que solo suenan de fondo mientras te devoras un pavo; este \u00e1lbum necesita toda tu atenci\u00f3n, porque cada nota es arte puro. Si a\u00fan necesitas un empuj\u00f3n para sumergirte de lleno en el vibe navide\u00f1o, aqu\u00ed est\u00e1 tu excusa: Ana Victoria acaba de reinventar la m\u00fasica de temporada con un toque jazz\u00edstico que se siente tan cercano como abrir los regalos en familia el 25 por la ma\u00f1ana.<\/p>\n\n\n\n<script async src=\"https:\/\/pagead2.googlesyndication.com\/pagead\/js\/adsbygoogle.js?client=ca-pub-5499304793904745\"\n     crossorigin=\"anonymous\"><\/script>\n<ins class=\"adsbygoogle\"\n     style=\"display:block; text-align:center;\"\n     data-ad-layout=\"in-article\"\n     data-ad-format=\"fluid\"\n     data-ad-client=\"ca-pub-5499304793904745\"\n     data-ad-slot=\"5994863093\"><\/ins>\n<script>\n     (adsbygoogle = window.adsbygoogle || []).push({});\n<\/script>\n\n\n\n<p><\/p>\n\n\n\n<p>Ana Victoria decidi\u00f3 regalarnos una joya musical que combina cl\u00e1sicos navide\u00f1os en ingl\u00e9s y espa\u00f1ol con su propio estilo. Aqu\u00ed no vas a encontrar jingles gen\u00e9ricos; cada canci\u00f3n est\u00e1 reinterpretada con un toque jazzy que se siente fresco, elegante y muy chill. Santa Baby, Blue Christmas, I&#8217;ll Be Home for Christmas\u2026 \u00bfte suenan? Seguro que s\u00ed, pero jam\u00e1s las has escuchado con tanta calidez y onda como en esta versi\u00f3n.<\/p>\n\n\n<div class=\"wp-block-image\">\n<figure class=\"aligncenter size-full\"><img data-recalc-dims=\"1\" decoding=\"async\" width=\"1080\" height=\"1080\" src=\"https:\/\/i0.wp.com\/zeromagazine.mx\/wp-content\/uploads\/2024\/11\/WhatsApp-Image-2024-11-22-at-7.36.24-PM-1.jpeg?resize=1080%2C1080&#038;ssl=1\" alt=\"Paz en Navidad de Ana Victoria es el \u00e1lbum que estabas esperando para darle un giro sofisticado y c\u00e1lido a tus celebraciones navide\u00f1as, con un toque de jazz que te har\u00e1 vibrar.\" class=\"wp-image-91435\" srcset=\"https:\/\/i0.wp.com\/zeromagazine.mx\/wp-content\/uploads\/2024\/11\/WhatsApp-Image-2024-11-22-at-7.36.24-PM-1.jpeg?w=1080&amp;ssl=1 1080w, https:\/\/i0.wp.com\/zeromagazine.mx\/wp-content\/uploads\/2024\/11\/WhatsApp-Image-2024-11-22-at-7.36.24-PM-1.jpeg?resize=300%2C300&amp;ssl=1 300w, https:\/\/i0.wp.com\/zeromagazine.mx\/wp-content\/uploads\/2024\/11\/WhatsApp-Image-2024-11-22-at-7.36.24-PM-1.jpeg?resize=1024%2C1024&amp;ssl=1 1024w, https:\/\/i0.wp.com\/zeromagazine.mx\/wp-content\/uploads\/2024\/11\/WhatsApp-Image-2024-11-22-at-7.36.24-PM-1.jpeg?resize=150%2C150&amp;ssl=1 150w, https:\/\/i0.wp.com\/zeromagazine.mx\/wp-content\/uploads\/2024\/11\/WhatsApp-Image-2024-11-22-at-7.36.24-PM-1.jpeg?resize=768%2C768&amp;ssl=1 768w, https:\/\/i0.wp.com\/zeromagazine.mx\/wp-content\/uploads\/2024\/11\/WhatsApp-Image-2024-11-22-at-7.36.24-PM-1.jpeg?resize=70%2C70&amp;ssl=1 70w, https:\/\/i0.wp.com\/zeromagazine.mx\/wp-content\/uploads\/2024\/11\/WhatsApp-Image-2024-11-22-at-7.36.24-PM-1.jpeg?resize=47%2C48&amp;ssl=1 47w\" sizes=\"(max-width: 1080px) 100vw, 1080px\" \/><\/figure>\n<\/div>\n\n\n<p><\/p>\n\n\n\n<p><\/p>\n\n\n\n<p>Adem\u00e1s, la cereza del pastel es el tema in\u00e9dito que le da nombre al \u00e1lbum: Paz en Navidad. Este track no es solo m\u00fasica, es un hug en forma de canci\u00f3n. Escrita por la mism\u00edsima Ana Victoria, tiene esa vibra nost\u00e1lgica y esperanzadora que te recuerda por qu\u00e9 la Navidad es tan especial, aunque est\u00e9s teniendo un a\u00f1o ca\u00f3tico.<\/p>\n\n\n\n<h2 class=\"wp-block-heading\">Un Proceso que es Puro Coraz\u00f3n<\/h2>\n\n\n\n<p>Lo m\u00e1s cool de este \u00e1lbum no es solo c\u00f3mo suena, sino c\u00f3mo se hizo. Ana Victoria y sus m\u00fasicos se juntaron en el estudio como si fuera un jam session s\u00faper old-school. Nada de grabar cada instrumento por separado ni de depender de mil efectos de edici\u00f3n; aqu\u00ed todo es real, crudo y org\u00e1nico. Es como si cada canci\u00f3n estuviera hecha a mano, con ese nivel de detalle y amor que solo se logra cuando de verdad sientes lo que haces.<\/p>\n\n\n\n<p>Esa vibra \u00edntima se nota en cada nota. Literal, puedes sentir la conexi\u00f3n entre Ana Victoria y sus m\u00fasicos, como si estuvieran tocando solo para ti en tu sala. Cada melod\u00eda se convierte en una experiencia emocional, y eso no se ve mucho en la m\u00fasica navide\u00f1a de hoy en d\u00eda, donde muchas canciones suenan s\u00faper prefabricadas.<\/p>\n\n\n\n<script async src=\"https:\/\/pagead2.googlesyndication.com\/pagead\/js\/adsbygoogle.js?client=ca-pub-5499304793904745\"\r\n     crossorigin=\"anonymous\"><\/script>\r\n<ins class=\"adsbygoogle\"\r\n     style=\"display:block; text-align:center;\"\r\n     data-ad-layout=\"in-article\"\r\n     data-ad-format=\"fluid\"\r\n     data-ad-client=\"ca-pub-5499304793904745\"\r\n     data-ad-slot=\"5994863093\"><\/ins>\r\n<script>\r\n     (adsbygoogle = window.adsbygoogle || []).push({});\r\n<\/script>\n\n\n\n<p><\/p>\n\n\n\n<p>Si ya conoces a Ana Victoria, sabes que su voz tiene una profundidad que te llega directo al coraz\u00f3n, y en este \u00e1lbum no es la excepci\u00f3n. Su interpretaci\u00f3n de los cl\u00e1sicos navide\u00f1os no solo es t\u00e9cnicamente impecable, sino que tiene una calidez que te envuelve como una frazada en una noche fr\u00eda.<\/p>\n\n\n\n<p>Pero plot twist, esto no es solo un tributo a canciones ic\u00f3nicas. Hay un toque muy personal que hace que cada track se sienta como algo completamente nuevo, aunque la letra sea conocida. Es como si estuviera cant\u00e1ndote historias que solo ella puede contar, pero que de alguna manera se sienten tuyas tambi\u00e9n.<\/p>\n\n\n\n<h2 class=\"wp-block-heading\">La Magia Detr\u00e1s del Momento<\/h2>\n\n\n\n<p>\u00bfY qu\u00e9 hace este lanzamiento a\u00fan m\u00e1s especial? El contexto. Ana Victoria no solo est\u00e1 en un gran momento art\u00edstico, sino tambi\u00e9n personal. La llegada de su beb\u00e9 este a\u00f1o ha sido como una explosi\u00f3n de amor y plenitud en su vida, y eso se refleja en cada nota de Paz en Navidad.<\/p>\n\n\n\n<script async src=\"https:\/\/pagead2.googlesyndication.com\/pagead\/js\/adsbygoogle.js?client=ca-pub-5499304793904745\"\r\n     crossorigin=\"anonymous\"><\/script>\r\n<ins class=\"adsbygoogle\"\r\n     style=\"display:block; text-align:center;\"\r\n     data-ad-layout=\"in-article\"\r\n     data-ad-format=\"fluid\"\r\n     data-ad-client=\"ca-pub-5499304793904745\"\r\n     data-ad-slot=\"5994863093\"><\/ins>\r\n<script>\r\n     (adsbygoogle = window.adsbygoogle || []).push({});\r\n<\/script>\n\n\n\n<p><\/p>\n\n\n\n<p>Como si la m\u00fasica no fuera suficiente, cada canci\u00f3n viene acompa\u00f1ada de un video. As\u00ed que no solo escuchas el \u00e1lbum, lo vives. Estos visuales son un complemento perfecto para el mood navide\u00f1o que Ana Victoria quiere transmitir. Imagina encender las luces del arbolito, darle play a su canal de YouTube y sumergirte en esta experiencia que es pura calidez y nostalgia.<\/p>\n\n\n\n<h2 class=\"wp-block-heading\">\u00bfPor qu\u00e9 Deber\u00edas Escucharlo?<\/h2>\n\n\n\n<p>Mira, este no es el t\u00edpico disco navide\u00f1o que escuchas un par de veces y luego olvidas. Es uno que puedes poner en cualquier momento de diciembre y sentir c\u00f3mo transforma tu ambiente. \u00bfUna cena con amigos? Pon Paz en Navidad. \u00bfMomentos de chill sola en casa? Tambi\u00e9n funciona. Es como un fondo sonoro perfecto para cualquier actividad de temporada, pero con ese toque especial que hace que realmente conectes con la m\u00fasica.<\/p>\n\n\n\n<figure class=\"wp-block-embed aligncenter is-type-video is-provider-youtube wp-block-embed-youtube wp-embed-aspect-16-9 wp-has-aspect-ratio\"><div class=\"wp-block-embed__wrapper\">\n<div class=\"post-video\"><iframe title=\"Ana Victoria - Paz En Navidad (\u00c1lbum Completo)\" width=\"1165\" height=\"655\" src=\"https:\/\/www.youtube.com\/embed\/rRmVaymYT2o?feature=oembed\" frameborder=\"0\" allow=\"accelerometer; autoplay; clipboard-write; encrypted-media; gyroscope; picture-in-picture; web-share\" referrerpolicy=\"strict-origin-when-cross-origin\" allowfullscreen><\/iframe><\/div>\n<\/div><\/figure>\n\n\n\n<p><\/p>\n\n\n\n<p><\/p>\n\n\n\n<p>Adem\u00e1s, en un a\u00f1o donde todo se siente tan r\u00e1pido y digital, este \u00e1lbum es como un recordatorio de lo bonito que es detenerte, respirar y disfrutar de los peque\u00f1os momentos.<\/p>\n\n\n<div class=\"wp-block-image\">\n<figure class=\"aligncenter size-full\"><img data-recalc-dims=\"1\" decoding=\"async\" width=\"1165\" height=\"1165\" src=\"https:\/\/i0.wp.com\/zeromagazine.mx\/wp-content\/uploads\/2024\/11\/WhatsApp-Image-2024-11-22-at-7.07.09-PM.jpeg?resize=1165%2C1165&#038;ssl=1\" alt=\"Este diciembre, deja que Paz en Navidad de Ana Victoria te envuelva con su sonido \u00edntimo y lleno de magia, convirti\u00e9ndose en el soundtrack ideal para tus d\u00edas festivos.\" class=\"wp-image-91436\" srcset=\"https:\/\/i0.wp.com\/zeromagazine.mx\/wp-content\/uploads\/2024\/11\/WhatsApp-Image-2024-11-22-at-7.07.09-PM.jpeg?w=1500&amp;ssl=1 1500w, https:\/\/i0.wp.com\/zeromagazine.mx\/wp-content\/uploads\/2024\/11\/WhatsApp-Image-2024-11-22-at-7.07.09-PM.jpeg?resize=300%2C300&amp;ssl=1 300w, https:\/\/i0.wp.com\/zeromagazine.mx\/wp-content\/uploads\/2024\/11\/WhatsApp-Image-2024-11-22-at-7.07.09-PM.jpeg?resize=1024%2C1024&amp;ssl=1 1024w, https:\/\/i0.wp.com\/zeromagazine.mx\/wp-content\/uploads\/2024\/11\/WhatsApp-Image-2024-11-22-at-7.07.09-PM.jpeg?resize=150%2C150&amp;ssl=1 150w, https:\/\/i0.wp.com\/zeromagazine.mx\/wp-content\/uploads\/2024\/11\/WhatsApp-Image-2024-11-22-at-7.07.09-PM.jpeg?resize=768%2C768&amp;ssl=1 768w\" sizes=\"(max-width: 1165px) 100vw, 1165px\" \/><\/figure>\n<\/div>\n\n\n<p><\/p>\n\n\n\n<p><\/p>\n\n\n\n<h2 class=\"wp-block-heading\">D\u00f3nde Encontrarlo<\/h2>\n\n\n\n<p>Por si todav\u00eda no te he convencido, Paz en Navidad ya est\u00e1 disponible en todas las plataformas digitales. Spotify, Apple Music, YouTube, lo que sea que uses, ah\u00ed lo puedes encontrar. Y no olvides seguir a Ana Victoria en sus redes sociales porque, seg\u00fan lo que se ha dicho, hay m\u00e1s sorpresas navide\u00f1as en camino.<\/p>\n\n\n\n<p>As\u00ed que ya sabes, hazte un caf\u00e9, envu\u00e9lvete en una manta y deja que Ana Victoria te lleve en un viaje musical que har\u00e1 que esta temporada sea inolvidable. Porque, honestly, \u00bfqu\u00e9 ser\u00eda de la Navidad sin m\u00fasica que te haga sentir?<\/p>\n\n<!--themify_builder_content-->\n<div id=\"themify_builder_content-91434\" data-postid=\"91434\" class=\"themify_builder_content themify_builder_content-91434 themify_builder tf_clear\">\n    <\/div>\n<!--\/themify_builder_content-->","protected":false},"excerpt":{"rendered":"<p>Amigxs, imaginen las luces suaves, un chocolate caliente en mano y una playlist que te transporta directo a una pel\u00edcula navide\u00f1a. As\u00ed es Paz en Navidad, el nuevo \u00e1lbum de Ana Victoria. Y no, no es uno de esos discos que solo suenan de fondo mientras te devoras un pavo; este \u00e1lbum necesita toda tu [&hellip;]<\/p>\n","protected":false},"author":2,"featured_media":91435,"comment_status":"open","ping_status":"open","sticky":false,"template":"","format":"standard","meta":{"_jetpack_memberships_contains_paid_content":false,"footnotes":"","jetpack_publicize_message":"","jetpack_publicize_feature_enabled":true,"jetpack_social_post_already_shared":true,"jetpack_social_options":{"image_generator_settings":{"template":"highway","default_image_id":0,"font":"","enabled":false},"version":2}},"categories":[117],"tags":[353,11739,11738],"class_list":["post-91434","post","type-post","status-publish","format-standard","has-post-thumbnail","hentry","category-entretenimiento","tag-album","tag-ana-victoria-verdaguer","tag-paz-en-navidad","has-post-title","has-post-date","has-post-category","has-post-tag","has-post-comment","has-post-author",""],"yoast_head":"<!-- This site is optimized with the Yoast SEO plugin v27.5 - https:\/\/yoast.com\/product\/yoast-seo-wordpress\/ -->\n<title>Ana Victoria Lanza su \u00c1lbum Navide\u00f1o - Zero Magazine<\/title>\n<meta name=\"description\" content=\"Con Paz en Navidad, Ana Victoria redefine la m\u00fasica navide\u00f1a, fusionando jazz y emociones profundas que te har\u00e1n sentir como si estuvieras viviendo dentro de una pel\u00edcula navide\u00f1a.\" \/>\n<meta name=\"robots\" content=\"index, follow, max-snippet:-1, max-image-preview:large, max-video-preview:-1\" \/>\n<link rel=\"canonical\" href=\"https:\/\/zeromagazine.mx\/index.php\/2024\/11\/23\/ana-victoria-lanza-su-album-navideno\/\" \/>\n<meta property=\"og:locale\" content=\"es_ES\" \/>\n<meta property=\"og:type\" content=\"article\" \/>\n<meta property=\"og:title\" content=\"Ana Victoria Lanza su \u00c1lbum Navide\u00f1o - Zero Magazine\" \/>\n<meta property=\"og:description\" content=\"Con Paz en Navidad, Ana Victoria redefine la m\u00fasica navide\u00f1a, fusionando jazz y emociones profundas que te har\u00e1n sentir como si estuvieras viviendo dentro de una pel\u00edcula navide\u00f1a.\" \/>\n<meta property=\"og:url\" content=\"https:\/\/zeromagazine.mx\/index.php\/2024\/11\/23\/ana-victoria-lanza-su-album-navideno\/\" \/>\n<meta property=\"og:site_name\" content=\"Zero Magazine\" \/>\n<meta property=\"article:published_time\" content=\"2024-11-23T01:52:44+00:00\" \/>\n<meta property=\"article:modified_time\" content=\"2024-11-23T02:06:35+00:00\" \/>\n<meta property=\"og:image\" content=\"http:\/\/zeromagazine.mx\/wp-content\/uploads\/2024\/11\/WhatsApp-Image-2024-11-22-at-7.36.24-PM-1.jpeg\" \/>\n\t<meta property=\"og:image:width\" content=\"1080\" \/>\n\t<meta property=\"og:image:height\" content=\"1080\" \/>\n\t<meta property=\"og:image:type\" content=\"image\/jpeg\" \/>\n<meta name=\"author\" content=\"zeromagazinemx\" \/>\n<meta name=\"twitter:card\" content=\"summary_large_image\" \/>\n<meta name=\"twitter:label1\" content=\"Escrito por\" \/>\n\t<meta name=\"twitter:data1\" content=\"zeromagazinemx\" \/>\n\t<meta name=\"twitter:label2\" content=\"Tiempo de lectura\" \/>\n\t<meta name=\"twitter:data2\" content=\"5 minutos\" \/>\n<script type=\"application\/ld+json\" class=\"yoast-schema-graph\">{\"@context\":\"https:\\\/\\\/schema.org\",\"@graph\":[{\"@type\":\"Article\",\"@id\":\"https:\\\/\\\/zeromagazine.mx\\\/index.php\\\/2024\\\/11\\\/23\\\/ana-victoria-lanza-su-album-navideno\\\/#article\",\"isPartOf\":{\"@id\":\"https:\\\/\\\/zeromagazine.mx\\\/index.php\\\/2024\\\/11\\\/23\\\/ana-victoria-lanza-su-album-navideno\\\/\"},\"author\":{\"name\":\"zeromagazinemx\",\"@id\":\"https:\\\/\\\/zeromagazine.mx\\\/#\\\/schema\\\/person\\\/9aed9f33a7c39af3a348b86d723f7773\"},\"headline\":\"Ana Victoria Lanza su \u00c1lbum Navide\u00f1o\",\"datePublished\":\"2024-11-23T01:52:44+00:00\",\"dateModified\":\"2024-11-23T02:06:35+00:00\",\"mainEntityOfPage\":{\"@id\":\"https:\\\/\\\/zeromagazine.mx\\\/index.php\\\/2024\\\/11\\\/23\\\/ana-victoria-lanza-su-album-navideno\\\/\"},\"wordCount\":911,\"commentCount\":0,\"publisher\":{\"@id\":\"https:\\\/\\\/zeromagazine.mx\\\/#organization\"},\"image\":{\"@id\":\"https:\\\/\\\/zeromagazine.mx\\\/index.php\\\/2024\\\/11\\\/23\\\/ana-victoria-lanza-su-album-navideno\\\/#primaryimage\"},\"thumbnailUrl\":\"https:\\\/\\\/i0.wp.com\\\/zeromagazine.mx\\\/wp-content\\\/uploads\\\/2024\\\/11\\\/WhatsApp-Image-2024-11-22-at-7.36.24-PM-1.jpeg?fit=1080%2C1080&ssl=1\",\"keywords\":[\"\u00c1lbum\",\"Ana Victoria Verdaguer\",\"Paz en Navidad\"],\"articleSection\":[\"Entretenimiento\"],\"inLanguage\":\"es\",\"potentialAction\":[{\"@type\":\"CommentAction\",\"name\":\"Comment\",\"target\":[\"https:\\\/\\\/zeromagazine.mx\\\/index.php\\\/2024\\\/11\\\/23\\\/ana-victoria-lanza-su-album-navideno\\\/#respond\"]}]},{\"@type\":\"WebPage\",\"@id\":\"https:\\\/\\\/zeromagazine.mx\\\/index.php\\\/2024\\\/11\\\/23\\\/ana-victoria-lanza-su-album-navideno\\\/\",\"url\":\"https:\\\/\\\/zeromagazine.mx\\\/index.php\\\/2024\\\/11\\\/23\\\/ana-victoria-lanza-su-album-navideno\\\/\",\"name\":\"Ana Victoria Lanza su \u00c1lbum Navide\u00f1o - Zero Magazine\",\"isPartOf\":{\"@id\":\"https:\\\/\\\/zeromagazine.mx\\\/#website\"},\"primaryImageOfPage\":{\"@id\":\"https:\\\/\\\/zeromagazine.mx\\\/index.php\\\/2024\\\/11\\\/23\\\/ana-victoria-lanza-su-album-navideno\\\/#primaryimage\"},\"image\":{\"@id\":\"https:\\\/\\\/zeromagazine.mx\\\/index.php\\\/2024\\\/11\\\/23\\\/ana-victoria-lanza-su-album-navideno\\\/#primaryimage\"},\"thumbnailUrl\":\"https:\\\/\\\/i0.wp.com\\\/zeromagazine.mx\\\/wp-content\\\/uploads\\\/2024\\\/11\\\/WhatsApp-Image-2024-11-22-at-7.36.24-PM-1.jpeg?fit=1080%2C1080&ssl=1\",\"datePublished\":\"2024-11-23T01:52:44+00:00\",\"dateModified\":\"2024-11-23T02:06:35+00:00\",\"description\":\"Con Paz en Navidad, Ana Victoria redefine la m\u00fasica navide\u00f1a, fusionando jazz y emociones profundas que te har\u00e1n sentir como si estuvieras viviendo dentro de una pel\u00edcula navide\u00f1a.\",\"breadcrumb\":{\"@id\":\"https:\\\/\\\/zeromagazine.mx\\\/index.php\\\/2024\\\/11\\\/23\\\/ana-victoria-lanza-su-album-navideno\\\/#breadcrumb\"},\"inLanguage\":\"es\",\"potentialAction\":[{\"@type\":\"ReadAction\",\"target\":[\"https:\\\/\\\/zeromagazine.mx\\\/index.php\\\/2024\\\/11\\\/23\\\/ana-victoria-lanza-su-album-navideno\\\/\"]}]},{\"@type\":\"ImageObject\",\"inLanguage\":\"es\",\"@id\":\"https:\\\/\\\/zeromagazine.mx\\\/index.php\\\/2024\\\/11\\\/23\\\/ana-victoria-lanza-su-album-navideno\\\/#primaryimage\",\"url\":\"https:\\\/\\\/i0.wp.com\\\/zeromagazine.mx\\\/wp-content\\\/uploads\\\/2024\\\/11\\\/WhatsApp-Image-2024-11-22-at-7.36.24-PM-1.jpeg?fit=1080%2C1080&ssl=1\",\"contentUrl\":\"https:\\\/\\\/i0.wp.com\\\/zeromagazine.mx\\\/wp-content\\\/uploads\\\/2024\\\/11\\\/WhatsApp-Image-2024-11-22-at-7.36.24-PM-1.jpeg?fit=1080%2C1080&ssl=1\",\"width\":1080,\"height\":1080},{\"@type\":\"BreadcrumbList\",\"@id\":\"https:\\\/\\\/zeromagazine.mx\\\/index.php\\\/2024\\\/11\\\/23\\\/ana-victoria-lanza-su-album-navideno\\\/#breadcrumb\",\"itemListElement\":[{\"@type\":\"ListItem\",\"position\":1,\"name\":\"Portada\",\"item\":\"https:\\\/\\\/zeromagazine.mx\\\/\"},{\"@type\":\"ListItem\",\"position\":2,\"name\":\"Ana Victoria Lanza su \u00c1lbum Navide\u00f1o\"}]},{\"@type\":\"WebSite\",\"@id\":\"https:\\\/\\\/zeromagazine.mx\\\/#website\",\"url\":\"https:\\\/\\\/zeromagazine.mx\\\/\",\"name\":\"Zero Magazine\",\"description\":\"\",\"publisher\":{\"@id\":\"https:\\\/\\\/zeromagazine.mx\\\/#organization\"},\"potentialAction\":[{\"@type\":\"SearchAction\",\"target\":{\"@type\":\"EntryPoint\",\"urlTemplate\":\"https:\\\/\\\/zeromagazine.mx\\\/?s={search_term_string}\"},\"query-input\":{\"@type\":\"PropertyValueSpecification\",\"valueRequired\":true,\"valueName\":\"search_term_string\"}}],\"inLanguage\":\"es\"},{\"@type\":\"Organization\",\"@id\":\"https:\\\/\\\/zeromagazine.mx\\\/#organization\",\"name\":\"Zero Magazine\",\"url\":\"https:\\\/\\\/zeromagazine.mx\\\/\",\"logo\":{\"@type\":\"ImageObject\",\"inLanguage\":\"es\",\"@id\":\"https:\\\/\\\/zeromagazine.mx\\\/#\\\/schema\\\/logo\\\/image\\\/\",\"url\":\"https:\\\/\\\/i0.wp.com\\\/zeromagazine.mx\\\/wp-content\\\/uploads\\\/2025\\\/11\\\/1.jpeg?fit=1000%2C1000&ssl=1\",\"contentUrl\":\"https:\\\/\\\/i0.wp.com\\\/zeromagazine.mx\\\/wp-content\\\/uploads\\\/2025\\\/11\\\/1.jpeg?fit=1000%2C1000&ssl=1\",\"width\":1000,\"height\":1000,\"caption\":\"Zero Magazine\"},\"image\":{\"@id\":\"https:\\\/\\\/zeromagazine.mx\\\/#\\\/schema\\\/logo\\\/image\\\/\"},\"sameAs\":[\"https:\\\/\\\/instagram.com\\\/zeromagazinemx\"]},{\"@type\":\"Person\",\"@id\":\"https:\\\/\\\/zeromagazine.mx\\\/#\\\/schema\\\/person\\\/9aed9f33a7c39af3a348b86d723f7773\",\"name\":\"zeromagazinemx\",\"image\":{\"@type\":\"ImageObject\",\"inLanguage\":\"es\",\"@id\":\"https:\\\/\\\/zeromagazine.mx\\\/wp-content\\\/litespeed\\\/avatar\\\/f91dfe5410d5dcb1a576bf8c45983896.jpg?ver=1777571230\",\"url\":\"https:\\\/\\\/zeromagazine.mx\\\/wp-content\\\/litespeed\\\/avatar\\\/f91dfe5410d5dcb1a576bf8c45983896.jpg?ver=1777571230\",\"contentUrl\":\"https:\\\/\\\/zeromagazine.mx\\\/wp-content\\\/litespeed\\\/avatar\\\/f91dfe5410d5dcb1a576bf8c45983896.jpg?ver=1777571230\",\"caption\":\"zeromagazinemx\"},\"url\":\"https:\\\/\\\/zeromagazine.mx\\\/index.php\\\/author\\\/zeromagazinemx\\\/\"}]}<\/script>\n<!-- \/ Yoast SEO plugin. -->","yoast_head_json":{"title":"Ana Victoria Lanza su \u00c1lbum Navide\u00f1o - Zero Magazine","description":"Con Paz en Navidad, Ana Victoria redefine la m\u00fasica navide\u00f1a, fusionando jazz y emociones profundas que te har\u00e1n sentir como si estuvieras viviendo dentro de una pel\u00edcula navide\u00f1a.","robots":{"index":"index","follow":"follow","max-snippet":"max-snippet:-1","max-image-preview":"max-image-preview:large","max-video-preview":"max-video-preview:-1"},"canonical":"https:\/\/zeromagazine.mx\/index.php\/2024\/11\/23\/ana-victoria-lanza-su-album-navideno\/","og_locale":"es_ES","og_type":"article","og_title":"Ana Victoria Lanza su \u00c1lbum Navide\u00f1o - Zero Magazine","og_description":"Con Paz en Navidad, Ana Victoria redefine la m\u00fasica navide\u00f1a, fusionando jazz y emociones profundas que te har\u00e1n sentir como si estuvieras viviendo dentro de una pel\u00edcula navide\u00f1a.","og_url":"https:\/\/zeromagazine.mx\/index.php\/2024\/11\/23\/ana-victoria-lanza-su-album-navideno\/","og_site_name":"Zero Magazine","article_published_time":"2024-11-23T01:52:44+00:00","article_modified_time":"2024-11-23T02:06:35+00:00","og_image":[{"width":1080,"height":1080,"url":"http:\/\/zeromagazine.mx\/wp-content\/uploads\/2024\/11\/WhatsApp-Image-2024-11-22-at-7.36.24-PM-1.jpeg","type":"image\/jpeg"}],"author":"zeromagazinemx","twitter_card":"summary_large_image","twitter_misc":{"Escrito por":"zeromagazinemx","Tiempo de lectura":"5 minutos"},"schema":{"@context":"https:\/\/schema.org","@graph":[{"@type":"Article","@id":"https:\/\/zeromagazine.mx\/index.php\/2024\/11\/23\/ana-victoria-lanza-su-album-navideno\/#article","isPartOf":{"@id":"https:\/\/zeromagazine.mx\/index.php\/2024\/11\/23\/ana-victoria-lanza-su-album-navideno\/"},"author":{"name":"zeromagazinemx","@id":"https:\/\/zeromagazine.mx\/#\/schema\/person\/9aed9f33a7c39af3a348b86d723f7773"},"headline":"Ana Victoria Lanza su \u00c1lbum Navide\u00f1o","datePublished":"2024-11-23T01:52:44+00:00","dateModified":"2024-11-23T02:06:35+00:00","mainEntityOfPage":{"@id":"https:\/\/zeromagazine.mx\/index.php\/2024\/11\/23\/ana-victoria-lanza-su-album-navideno\/"},"wordCount":911,"commentCount":0,"publisher":{"@id":"https:\/\/zeromagazine.mx\/#organization"},"image":{"@id":"https:\/\/zeromagazine.mx\/index.php\/2024\/11\/23\/ana-victoria-lanza-su-album-navideno\/#primaryimage"},"thumbnailUrl":"https:\/\/i0.wp.com\/zeromagazine.mx\/wp-content\/uploads\/2024\/11\/WhatsApp-Image-2024-11-22-at-7.36.24-PM-1.jpeg?fit=1080%2C1080&ssl=1","keywords":["\u00c1lbum","Ana Victoria Verdaguer","Paz en Navidad"],"articleSection":["Entretenimiento"],"inLanguage":"es","potentialAction":[{"@type":"CommentAction","name":"Comment","target":["https:\/\/zeromagazine.mx\/index.php\/2024\/11\/23\/ana-victoria-lanza-su-album-navideno\/#respond"]}]},{"@type":"WebPage","@id":"https:\/\/zeromagazine.mx\/index.php\/2024\/11\/23\/ana-victoria-lanza-su-album-navideno\/","url":"https:\/\/zeromagazine.mx\/index.php\/2024\/11\/23\/ana-victoria-lanza-su-album-navideno\/","name":"Ana Victoria Lanza su \u00c1lbum Navide\u00f1o - Zero Magazine","isPartOf":{"@id":"https:\/\/zeromagazine.mx\/#website"},"primaryImageOfPage":{"@id":"https:\/\/zeromagazine.mx\/index.php\/2024\/11\/23\/ana-victoria-lanza-su-album-navideno\/#primaryimage"},"image":{"@id":"https:\/\/zeromagazine.mx\/index.php\/2024\/11\/23\/ana-victoria-lanza-su-album-navideno\/#primaryimage"},"thumbnailUrl":"https:\/\/i0.wp.com\/zeromagazine.mx\/wp-content\/uploads\/2024\/11\/WhatsApp-Image-2024-11-22-at-7.36.24-PM-1.jpeg?fit=1080%2C1080&ssl=1","datePublished":"2024-11-23T01:52:44+00:00","dateModified":"2024-11-23T02:06:35+00:00","description":"Con Paz en Navidad, Ana Victoria redefine la m\u00fasica navide\u00f1a, fusionando jazz y emociones profundas que te har\u00e1n sentir como si estuvieras viviendo dentro de una pel\u00edcula navide\u00f1a.","breadcrumb":{"@id":"https:\/\/zeromagazine.mx\/index.php\/2024\/11\/23\/ana-victoria-lanza-su-album-navideno\/#breadcrumb"},"inLanguage":"es","potentialAction":[{"@type":"ReadAction","target":["https:\/\/zeromagazine.mx\/index.php\/2024\/11\/23\/ana-victoria-lanza-su-album-navideno\/"]}]},{"@type":"ImageObject","inLanguage":"es","@id":"https:\/\/zeromagazine.mx\/index.php\/2024\/11\/23\/ana-victoria-lanza-su-album-navideno\/#primaryimage","url":"https:\/\/i0.wp.com\/zeromagazine.mx\/wp-content\/uploads\/2024\/11\/WhatsApp-Image-2024-11-22-at-7.36.24-PM-1.jpeg?fit=1080%2C1080&ssl=1","contentUrl":"https:\/\/i0.wp.com\/zeromagazine.mx\/wp-content\/uploads\/2024\/11\/WhatsApp-Image-2024-11-22-at-7.36.24-PM-1.jpeg?fit=1080%2C1080&ssl=1","width":1080,"height":1080},{"@type":"BreadcrumbList","@id":"https:\/\/zeromagazine.mx\/index.php\/2024\/11\/23\/ana-victoria-lanza-su-album-navideno\/#breadcrumb","itemListElement":[{"@type":"ListItem","position":1,"name":"Portada","item":"https:\/\/zeromagazine.mx\/"},{"@type":"ListItem","position":2,"name":"Ana Victoria Lanza su \u00c1lbum Navide\u00f1o"}]},{"@type":"WebSite","@id":"https:\/\/zeromagazine.mx\/#website","url":"https:\/\/zeromagazine.mx\/","name":"Zero Magazine","description":"","publisher":{"@id":"https:\/\/zeromagazine.mx\/#organization"},"potentialAction":[{"@type":"SearchAction","target":{"@type":"EntryPoint","urlTemplate":"https:\/\/zeromagazine.mx\/?s={search_term_string}"},"query-input":{"@type":"PropertyValueSpecification","valueRequired":true,"valueName":"search_term_string"}}],"inLanguage":"es"},{"@type":"Organization","@id":"https:\/\/zeromagazine.mx\/#organization","name":"Zero Magazine","url":"https:\/\/zeromagazine.mx\/","logo":{"@type":"ImageObject","inLanguage":"es","@id":"https:\/\/zeromagazine.mx\/#\/schema\/logo\/image\/","url":"https:\/\/i0.wp.com\/zeromagazine.mx\/wp-content\/uploads\/2025\/11\/1.jpeg?fit=1000%2C1000&ssl=1","contentUrl":"https:\/\/i0.wp.com\/zeromagazine.mx\/wp-content\/uploads\/2025\/11\/1.jpeg?fit=1000%2C1000&ssl=1","width":1000,"height":1000,"caption":"Zero Magazine"},"image":{"@id":"https:\/\/zeromagazine.mx\/#\/schema\/logo\/image\/"},"sameAs":["https:\/\/instagram.com\/zeromagazinemx"]},{"@type":"Person","@id":"https:\/\/zeromagazine.mx\/#\/schema\/person\/9aed9f33a7c39af3a348b86d723f7773","name":"zeromagazinemx","image":{"@type":"ImageObject","inLanguage":"es","@id":"https:\/\/zeromagazine.mx\/wp-content\/litespeed\/avatar\/f91dfe5410d5dcb1a576bf8c45983896.jpg?ver=1777571230","url":"https:\/\/zeromagazine.mx\/wp-content\/litespeed\/avatar\/f91dfe5410d5dcb1a576bf8c45983896.jpg?ver=1777571230","contentUrl":"https:\/\/zeromagazine.mx\/wp-content\/litespeed\/avatar\/f91dfe5410d5dcb1a576bf8c45983896.jpg?ver=1777571230","caption":"zeromagazinemx"},"url":"https:\/\/zeromagazine.mx\/index.php\/author\/zeromagazinemx\/"}]}},"jetpack_publicize_connections":[],"jetpack_featured_media_url":"https:\/\/i0.wp.com\/zeromagazine.mx\/wp-content\/uploads\/2024\/11\/WhatsApp-Image-2024-11-22-at-7.36.24-PM-1.jpeg?fit=1080%2C1080&ssl=1","jetpack-related-posts":[{"id":116684,"url":"https:\/\/zeromagazine.mx\/index.php\/2026\/03\/13\/ana-sofi-w-manual\/","url_meta":{"origin":91434,"position":0},"title":"Ana Sofi W Manual y el amor moderno un proyecto con una canci\u00f3n que captura uno de los momentos m\u00e1s frustrantes del dating moderno.","author":"David Morales","date":"13 de marzo de 2026","format":false,"excerpt":"Las historias de amor modernas ya no se viven igual, y el pop mexicano lo sabe. Con\u00a0Ana Sofi W Manual, la artista sigue construyendo el universo de su pr\u00f3ximo proyecto musical mientras convierte una experiencia inc\u00f3moda del dating actual en una canci\u00f3n que mezcla iron\u00eda, actitud y un sonido imposible\u2026","rel":"","context":"En \u00abBlog\u00bb","block_context":{"text":"Blog","link":"https:\/\/zeromagazine.mx\/index.php\/category\/blog\/"},"img":{"alt_text":"\"Ana Sofi W en sesi\u00f3n promocional de Manual, su nuevo sencillo pop\"","src":"https:\/\/i0.wp.com\/zeromagazine.mx\/wp-content\/uploads\/2026\/03\/IMG_1718.jpeg?fit=1196%2C1200&ssl=1&resize=350%2C200","width":350,"height":200,"srcset":"https:\/\/i0.wp.com\/zeromagazine.mx\/wp-content\/uploads\/2026\/03\/IMG_1718.jpeg?fit=1196%2C1200&ssl=1&resize=350%2C200 1x, https:\/\/i0.wp.com\/zeromagazine.mx\/wp-content\/uploads\/2026\/03\/IMG_1718.jpeg?fit=1196%2C1200&ssl=1&resize=525%2C300 1.5x, https:\/\/i0.wp.com\/zeromagazine.mx\/wp-content\/uploads\/2026\/03\/IMG_1718.jpeg?fit=1196%2C1200&ssl=1&resize=700%2C400 2x, https:\/\/i0.wp.com\/zeromagazine.mx\/wp-content\/uploads\/2026\/03\/IMG_1718.jpeg?fit=1196%2C1200&ssl=1&resize=1050%2C600 3x"},"classes":[]},{"id":111503,"url":"https:\/\/zeromagazine.mx\/index.php\/2025\/12\/04\/vive-mas-momentos-navidad-perros\/","url_meta":{"origin":91434,"position":1},"title":"Vive m\u00e1s momentos con tu perro esta Navidad","author":"David Morales","date":"4 de diciembre de 2025","format":false,"excerpt":"Cuando pensamos en lo que realmente llena la vida de alegr\u00eda, la respuesta suele ser simple:\u00a0los perros. Son quienes nos acompa\u00f1an sin pedir nada a cambio, quienes celebran cada mini victoria con nosotros y quienes hacen que incluso los d\u00edas aburridos tengan su toque especial. Y s\u00ed, durante esta temporada\u2026","rel":"","context":"En \u00abConcursos\u00bb","block_context":{"text":"Concursos","link":"https:\/\/zeromagazine.mx\/index.php\/category\/concursos\/"},"img":{"alt_text":"","src":"https:\/\/i0.wp.com\/zeromagazine.mx\/wp-content\/uploads\/2025\/12\/IMG_0634.jpeg?resize=350%2C200","width":350,"height":200,"srcset":"https:\/\/i0.wp.com\/zeromagazine.mx\/wp-content\/uploads\/2025\/12\/IMG_0634.jpeg?resize=350%2C200 1x, https:\/\/i0.wp.com\/zeromagazine.mx\/wp-content\/uploads\/2025\/12\/IMG_0634.jpeg?resize=525%2C300 1.5x, https:\/\/i0.wp.com\/zeromagazine.mx\/wp-content\/uploads\/2025\/12\/IMG_0634.jpeg?resize=700%2C400 2x"},"classes":[]},{"id":57414,"url":"https:\/\/zeromagazine.mx\/index.php\/2021\/11\/05\/spice-girls-lanza-su-album-spice-25\/","url_meta":{"origin":91434,"position":2},"title":"Spice Girls lanza su \u00e1lbum SPICE 25","author":"zeromagazinemx","date":"5 de noviembre de 2021","format":false,"excerpt":"\u201cNo pod\u00edamos dejar pasar 25 a\u00f1os sin agradecer a la afici\u00f3n por su incre\u00edble apoyo. Hay tantas personas que han contribuido al \u00e9xito de las Spice Girls a lo largo de los a\u00f1os, ustedes saben qui\u00e9n son y les agradecemos\u00a0\". \u2013 Victoria Beckham\u00a0 https:\/\/www.instagram.com\/p\/CVU7PEKIU8i\/?utm_medium=copy_link Por Kirya Hery Hace 25 a\u00f1os,\u2026","rel":"","context":"En \u00abEntretenimiento\u00bb","block_context":{"text":"Entretenimiento","link":"https:\/\/zeromagazine.mx\/index.php\/category\/entretenimiento\/"},"img":{"alt_text":"","src":"https:\/\/i0.wp.com\/img.youtube.com\/vi\/Wzxo8sUHYvQ\/0.jpg?resize=350%2C200","width":350,"height":200},"classes":[]},{"id":47472,"url":"https:\/\/zeromagazine.mx\/index.php\/2021\/06\/11\/entrevista-con-naela\/","url_meta":{"origin":91434,"position":3},"title":"Entrevista con Naela","author":"zeromagazinemx","date":"11 de junio de 2021","format":false,"excerpt":"La cantante colombiana Naela regresa totalmente renovada, para presentarnos su nueva producci\u00f3n musical \u201cAs\u00ed no\u201d, un tema que marca una pauta importante dentro de su carrera, luego de haber sufrido un accidente hace un par de a\u00f1os. Si quieres saber qu\u00e9 nos cont\u00f3, te invitamos a checar toda la entrevista.\u2026","rel":"","context":"En \u00abEntretenimiento\u00bb","block_context":{"text":"Entretenimiento","link":"https:\/\/zeromagazine.mx\/index.php\/category\/entretenimiento\/"},"img":{"alt_text":"","src":"https:\/\/i0.wp.com\/img.youtube.com\/vi\/W0b2FGULO_Y\/0.jpg?resize=350%2C200","width":350,"height":200},"classes":[]},{"id":69754,"url":"https:\/\/zeromagazine.mx\/index.php\/2023\/12\/20\/reyli-barba-presenta-contigo-quierosu-nuevo-album-el-primero-como-artista-independiente\/","url_meta":{"origin":91434,"position":4},"title":"REYLI BARBA\u00a0PRESENTA\u00a0\u201cCONTIGO QUIERO\u201dSU NUEVO \u00c1LBUM, EL PRIMERO COMO ARTISTA INDEPENDIENTE","author":"David Morales","date":"20 de diciembre de 2023","format":false,"excerpt":"Reyli Barba\u00a0celebra el lanzamiento de su nuevo \u00e1lbum titulado\u00a0\"Contigo Quiero\", presentando su primera producci\u00f3n como artista independiente bajo su sello\u00a0Reyli Barba Records.El \u00e1lbum\u00a0\"Contigo Quiero\"\u00a0es una recopilaci\u00f3n emocionante de los\u00a012 temas\u00a0que Reyli lanz\u00f3 mensualmente a lo largo del a\u00f1o 2022. El t\u00edtulo del \u00e1lbum est\u00e1 inspirado en la canci\u00f3n hom\u00f3nima, la\u2026","rel":"","context":"En \u00abBlog\u00bb","block_context":{"text":"Blog","link":"https:\/\/zeromagazine.mx\/index.php\/category\/blog\/"},"img":{"alt_text":"","src":"https:\/\/i0.wp.com\/zeromagazine.mx\/wp-content\/uploads\/2023\/12\/REILY_BARBA_2-scaled.jpg?fit=1200%2C800&ssl=1&resize=350%2C200","width":350,"height":200,"srcset":"https:\/\/i0.wp.com\/zeromagazine.mx\/wp-content\/uploads\/2023\/12\/REILY_BARBA_2-scaled.jpg?fit=1200%2C800&ssl=1&resize=350%2C200 1x, https:\/\/i0.wp.com\/zeromagazine.mx\/wp-content\/uploads\/2023\/12\/REILY_BARBA_2-scaled.jpg?fit=1200%2C800&ssl=1&resize=525%2C300 1.5x, https:\/\/i0.wp.com\/zeromagazine.mx\/wp-content\/uploads\/2023\/12\/REILY_BARBA_2-scaled.jpg?fit=1200%2C800&ssl=1&resize=700%2C400 2x, https:\/\/i0.wp.com\/zeromagazine.mx\/wp-content\/uploads\/2023\/12\/REILY_BARBA_2-scaled.jpg?fit=1200%2C800&ssl=1&resize=1050%2C600 3x"},"classes":[]},{"id":92426,"url":"https:\/\/zeromagazine.mx\/index.php\/2024\/12\/09\/spots-navidenos-en-cdmx\/","url_meta":{"origin":91434,"position":5},"title":"Spots Navide\u00f1os en CDMX","author":"zeromagazinemx","date":"9 de diciembre de 2024","format":false,"excerpt":"Zero Squad, la Navidad lleg\u00f3 con toda su magia, y la CDMX est\u00e1 lista para iluminar tus d\u00edas y tu feed. Si eres de lxs que ama tomarse fotos en spots s\u00faper instagrameables, te tengo las mejores noticias: no necesitas gastar para capturar esas vibes m\u00e1gicas que hacen que tus\u2026","rel":"","context":"En \u00abEntretenimiento\u00bb","block_context":{"text":"Entretenimiento","link":"https:\/\/zeromagazine.mx\/index.php\/category\/entretenimiento\/"},"img":{"alt_text":"","src":"https:\/\/i0.wp.com\/zeromagazine.mx\/wp-content\/uploads\/2024\/12\/unnamed-18.png?fit=1200%2C902&ssl=1&resize=350%2C200","width":350,"height":200,"srcset":"https:\/\/i0.wp.com\/zeromagazine.mx\/wp-content\/uploads\/2024\/12\/unnamed-18.png?fit=1200%2C902&ssl=1&resize=350%2C200 1x, https:\/\/i0.wp.com\/zeromagazine.mx\/wp-content\/uploads\/2024\/12\/unnamed-18.png?fit=1200%2C902&ssl=1&resize=525%2C300 1.5x, https:\/\/i0.wp.com\/zeromagazine.mx\/wp-content\/uploads\/2024\/12\/unnamed-18.png?fit=1200%2C902&ssl=1&resize=700%2C400 2x, https:\/\/i0.wp.com\/zeromagazine.mx\/wp-content\/uploads\/2024\/12\/unnamed-18.png?fit=1200%2C902&ssl=1&resize=1050%2C600 3x"},"classes":[]}],"jetpack_sharing_enabled":true,"builder_content":"","_links":{"self":[{"href":"https:\/\/zeromagazine.mx\/index.php\/wp-json\/wp\/v2\/posts\/91434","targetHints":{"allow":["GET"]}}],"collection":[{"href":"https:\/\/zeromagazine.mx\/index.php\/wp-json\/wp\/v2\/posts"}],"about":[{"href":"https:\/\/zeromagazine.mx\/index.php\/wp-json\/wp\/v2\/types\/post"}],"author":[{"embeddable":true,"href":"https:\/\/zeromagazine.mx\/index.php\/wp-json\/wp\/v2\/users\/2"}],"replies":[{"embeddable":true,"href":"https:\/\/zeromagazine.mx\/index.php\/wp-json\/wp\/v2\/comments?post=91434"}],"version-history":[{"count":11,"href":"https:\/\/zeromagazine.mx\/index.php\/wp-json\/wp\/v2\/posts\/91434\/revisions"}],"predecessor-version":[{"id":91448,"href":"https:\/\/zeromagazine.mx\/index.php\/wp-json\/wp\/v2\/posts\/91434\/revisions\/91448"}],"wp:featuredmedia":[{"embeddable":true,"href":"https:\/\/zeromagazine.mx\/index.php\/wp-json\/wp\/v2\/media\/91435"}],"wp:attachment":[{"href":"https:\/\/zeromagazine.mx\/index.php\/wp-json\/wp\/v2\/media?parent=91434"}],"wp:term":[{"taxonomy":"category","embeddable":true,"href":"https:\/\/zeromagazine.mx\/index.php\/wp-json\/wp\/v2\/categories?post=91434"},{"taxonomy":"post_tag","embeddable":true,"href":"https:\/\/zeromagazine.mx\/index.php\/wp-json\/wp\/v2\/tags?post=91434"}],"curies":[{"name":"wp","href":"https:\/\/api.w.org\/{rel}","templated":true}]}}