{"id":91530,"date":"2024-11-25T19:09:57","date_gmt":"2024-11-25T18:09:57","guid":{"rendered":"https:\/\/zeromagazine.mx\/?p=91530"},"modified":"2024-11-25T19:15:08","modified_gmt":"2024-11-25T18:15:08","slug":"bada-2025-arte-para-todxs","status":"publish","type":"post","link":"https:\/\/zeromagazine.mx\/index.php\/2024\/11\/25\/bada-2025-arte-para-todxs\/","title":{"rendered":"BADA 2025: Arte para Todxs"},"content":{"rendered":"<p>Zero squad, a veces el arte puede sonar intimidante, como algo exclusivo para \u00abexpertos\u00bb que se pasan horas analizando cada pincelada o curva de una escultura. Pero, \u00bfqu\u00e9 pasa cuando ese arte llega directo a ti, sin rodeos y sin intermediarios? Eso es justo lo que pasa en BADA 2025, una feria que est\u00e1 redefiniendo c\u00f3mo nos conectamos con el arte contempor\u00e1neo, y si pensabas que solo los grandes artistas de siempre tienen la palabra, d\u00e9jame decirte que no. Esta edici\u00f3n viene cargada de sorpresas, con uno de los artistas m\u00e1s legendarios de M\u00e9xico, Pedro Friedeberg, como el gran protagonista.<\/p>\n\n\n\n<h2 class=\"wp-block-heading\">Pedro Friedeberg<\/h2>\n\n\n\n<p>Si todav\u00eda no conoces a Pedro Friedeberg, tienes que saber que este dude es una leyenda viva. Su estilo \u00fanico, que mezcla surrealismo, dise\u00f1o y arte conceptual, ha dejado huella en el arte contempor\u00e1neo. Imagina un universo donde las reglas del espacio y la forma se rompen, y todo es posible. As\u00ed es el arte de Pedro, un tipo que desde los a\u00f1os 60 se uni\u00f3 al movimiento de la Ruptura, rompiendo con los c\u00e1nones establecidos y llevando el arte mexicano a nuevos l\u00edmites.<\/p>\n\n\n\n<p>Lo que hace a Friedeberg a\u00fan m\u00e1s impresionante es c\u00f3mo ha logrado conectar lo tradicional con lo moderno. No solo su arte est\u00e1 presente en el Museo de Arte Moderno de la Ciudad de M\u00e9xico o en el Palacio de Bellas Artes, sino que tambi\u00e9n ha brillado en eventos internacionales como la Bienal de Par\u00eds. Pero lo m\u00e1s cool es que, a pesar de tantos a\u00f1os de carrera, su obra sigue desafiando la manera en la que vemos el mundo.<\/p>\n\n\n\n<script async src=\"https:\/\/pagead2.googlesyndication.com\/pagead\/js\/adsbygoogle.js?client=ca-pub-5499304793904745\"\n     crossorigin=\"anonymous\"><\/script>\n<ins class=\"adsbygoogle\"\n     style=\"display:block; text-align:center;\"\n     data-ad-layout=\"in-article\"\n     data-ad-format=\"fluid\"\n     data-ad-client=\"ca-pub-5499304793904745\"\n     data-ad-slot=\"5994863093\"><\/ins>\n<script>\n     (adsbygoogle = window.adsbygoogle || []).push({});\n<\/script>\n\n\n\n<p><\/p>\n\n\n\n<p>Y s\u00ed, va a estar en BADA 2025. Esto no es solo una oportunidad para ver sus obras, sino una chance \u00fanica de conectar con la historia del arte moderno en M\u00e9xico. Si te est\u00e1s preguntando qu\u00e9 te espera, te cuento que su participaci\u00f3n en BADA es una especie de masterclass visual. Aqu\u00ed no solo vas a ver sus piezas, sino que puedes experimentar de cerca la mente de un artista que ha transformado la est\u00e9tica contempor\u00e1nea.<\/p>\n\n\n\n<h2 class=\"wp-block-heading\">El Arte Sin Intermediarios<\/h2>\n\n\n\n<p>Ahora, hablemos de BADA, la feria que es todo un fen\u00f3meno. \u00bfTe imaginas ir a una expo donde los artistas no solo exponen, sino que tambi\u00e9n son los encargados de vender y platicar sobre sus obras? Pues eso es BADA, una feria que elimina toda esa capa de intermediarios y te conecta directo con la creatividad. Aqu\u00ed no hay galeristas ni vendedores, solo artistas y su p\u00fablico. Es una experiencia m\u00e1s directa, m\u00e1s aut\u00e9ntica, como si estuvieras viviendo el proceso de creaci\u00f3n en vivo.<\/p>\n\n\n<div class=\"wp-block-image\">\n<figure class=\"aligncenter size-full\"><img data-recalc-dims=\"1\" decoding=\"async\" width=\"864\" height=\"864\" src=\"https:\/\/i0.wp.com\/zeromagazine.mx\/wp-content\/uploads\/2024\/11\/unnamed.gif?resize=864%2C864\" alt=\"\" class=\"wp-image-91531\"\/><\/figure>\n<\/div>\n\n\n<p><\/p>\n\n\n\n<p><\/p>\n\n\n\n<p>Y lo mejor es que BADA es un espacio para todos. No importa si eres un coleccionista experimentado o alguien que reci\u00e9n est\u00e1 comenzando a explorar el arte, esta feria tiene algo para ti. Adem\u00e1s, se convierte en un punto de encuentro entre artistas emergentes y consolidados, creando un ambiente fresco y vibrante que invita a la exploraci\u00f3n y al descubrimiento.<\/p>\n\n\n\n<h2 class=\"wp-block-heading\"> Una Oportunidad Para los J\u00f3venes Talentos<\/h2>\n\n\n\n<p>Si eres un artista emergente o conoces a alguien que lo sea, este es tu momento. BADA tiene abierta la convocatoria \u201cArte para Todos\u201d, que busca darle espacio a los j\u00f3venes talentos de M\u00e9xico, \u00a1y el proceso para participar es s\u00faper f\u00e1cil! Si tienes entre 18 y 35 a\u00f1os y eres ciudadano mexicano o residente permanente, puedes postularte para exponer tus obras sin costo en BADA 2025. \u00bfQui\u00e9n no querr\u00eda formar parte de la Semana del Arte de la Ciudad de M\u00e9xico, el evento art\u00edstico m\u00e1s importante del pa\u00eds?<\/p>\n\n\n\n<p>Para participar solo necesitas enviar cuatro im\u00e1genes de tus obras (en formato png o jpg) y una semblanza o CV. \u00a1As\u00ed de simple! Y lo mejor es que es totalmente gratuito. Pero, ojo, tienes que ser el due\u00f1o de los derechos de autor de las piezas que env\u00edes. La convocatoria est\u00e1 abierta hasta el 25 de noviembre, as\u00ed que no pierdas la oportunidad.<\/p>\n\n\n\n<script async src=\"https:\/\/pagead2.googlesyndication.com\/pagead\/js\/adsbygoogle.js?client=ca-pub-5499304793904745\"\r\n     crossorigin=\"anonymous\"><\/script>\r\n<ins class=\"adsbygoogle\"\r\n     style=\"display:block; text-align:center;\"\r\n     data-ad-layout=\"in-article\"\r\n     data-ad-format=\"fluid\"\r\n     data-ad-client=\"ca-pub-5499304793904745\"\r\n     data-ad-slot=\"5994863093\"><\/ins>\r\n<script>\r\n     (adsbygoogle = window.adsbygoogle || []).push({});\r\n<\/script>\n\n\n\n<p><\/p>\n\n\n\n<p>Adem\u00e1s, los 5 artistas ganadores van a recibir un espacio gratuito para exhibir sus obras del 6 al 9 de febrero de 2025. \u00a1Eso es todo un escaparate internacional! Y si tu propuesta es seleccionada, no solo estar\u00e1s ganando visibilidad, sino que estar\u00e1s en el coraz\u00f3n de la Ciudad de M\u00e9xico, rodeado de lo mejor del arte contempor\u00e1neo. \u00a1Es la oportunidad perfecta para lanzar tu carrera al siguiente nivel!<\/p>\n\n\n\n<h2 class=\"wp-block-heading\">Banco Azteca: El Aliado del Arte Joven<\/h2>\n\n\n\n<p>Este tipo de iniciativas no ser\u00edan posibles sin el apoyo de entidades como Banco Azteca, que desde hace 5 a\u00f1os viene impulsando el arte y la cultura en M\u00e9xico. Con BADA, no solo est\u00e1n promoviendo el arte contempor\u00e1neo, sino que tambi\u00e9n est\u00e1n abriendo puertas a una nueva generaci\u00f3n de artistas. Para ellos, el arte no es algo que debe estar reservado solo para unos pocos, sino una expresi\u00f3n que todos deber\u00edan poder vivir y disfrutar.<\/p>\n\n\n\n<p>Con su apoyo, BADA ha logrado consolidarse como uno de los eventos m\u00e1s relevantes del calendario art\u00edstico de la Ciudad de M\u00e9xico. Adem\u00e1s, la apertura de la convocatoria \u201cArte para Todos\u201d demuestra su compromiso con la democratizaci\u00f3n del arte. Si te interesa el arte o eres parte de la comunidad creativa, debes saber que este tipo de plataformas son clave para hacer crecer la escena art\u00edstica del pa\u00eds.<\/p>\n\n\n\n<h2 class=\"wp-block-heading\">\u00bfPor Qu\u00e9 Deber\u00edas Asistir a BADA 2025?<\/h2>\n\n\n\n<p>Ya que sabes todo lo que implica BADA, te estar\u00e1s preguntando: \u00bfpor qu\u00e9 deber\u00eda asistir? Aqu\u00ed te comparto algunas razones que te van a convencer al cien:<\/p>\n\n\n\n<ol class=\"wp-block-list\">\n<li><em><strong>Acceso Directo al Arte<\/strong>:<\/em> Como ya mencionamos, BADA es un lugar donde el arte est\u00e1 al alcance de todos. No es solo una feria, es una experiencia para sumergirte en el proceso creativo, conocer a los artistas y comprar piezas \u00fanicas.<\/li>\n\n\n\n<li><em><strong>Pedro Friedeberg<\/strong>:<\/em> Si no sabes qui\u00e9n es, ya te contamos un poquito sobre su obra. Pero si quieres conocer m\u00e1s, ver de cerca sus piezas y, si tienes suerte, platicar con \u00e9l sobre su arte, esta es tu oportunidad. \u00bfQui\u00e9n no querr\u00eda ser parte de una experiencia art\u00edstica tan aut\u00e9ntica?<\/li>\n\n\n\n<li><em><strong>Apoyo a los J\u00f3venes Talentos<\/strong>:<\/em> Si eres un creador emergente, BADA te da la oportunidad de mostrar tu trabajo al mundo sin intermediarios, sin pagar una cuota. Si eres espectador, vas a ver propuestas frescas de artistas j\u00f3venes que est\u00e1n marcando la pauta.<\/li>\n\n\n\n<li><em><strong>Conectar con el Mundo del Arte:<\/strong><\/em> A veces, el arte puede parecer algo distante, pero en BADA todo es m\u00e1s accesible, y no solo eso, vas a poder conectar con personas que comparten tu misma pasi\u00f3n. La feria crea una atm\u00f3sfera relajada y abierta para que el arte llegue a todos.<\/li>\n<\/ol>\n\n\n\n<p>As\u00ed que, si eres fan del arte o simplemente te gusta vivir nuevas experiencias, no te puedes perder esta cita en la Ciudad de M\u00e9xico. Y si eres artista emergente, este es tu momento de brillar. \u00a1No dejes pasar esta oportunidad!<\/p>\n\n<!--themify_builder_content-->\n<div id=\"themify_builder_content-91530\" data-postid=\"91530\" class=\"themify_builder_content themify_builder_content-91530 themify_builder tf_clear\">\n    <\/div>\n<!--\/themify_builder_content-->","protected":false},"excerpt":{"rendered":"<p>BADA 2025 es la feria que est\u00e1 cambiando la manera de conectar con el arte. Con la participaci\u00f3n de Pedro Friedeberg y un espacio para j\u00f3venes creadores, \u00a1es el evento del a\u00f1o!<\/p>\n","protected":false},"author":2,"featured_media":91531,"comment_status":"open","ping_status":"open","sticky":false,"template":"","format":"standard","meta":{"_jetpack_memberships_contains_paid_content":false,"footnotes":"","jetpack_publicize_message":"","jetpack_publicize_feature_enabled":true,"jetpack_social_post_already_shared":true,"jetpack_social_options":{"image_generator_settings":{"template":"highway","default_image_id":0,"font":"","enabled":false},"version":2}},"categories":[791],"tags":[11750,11751,11246],"class_list":["post-91530","post","type-post","status-publish","format-standard","has-post-thumbnail","hentry","category-cultura","tag-bada-2025","tag-obras-de-arte","tag-pedro-friedeberg","has-post-title","has-post-date","has-post-category","has-post-tag","has-post-comment","has-post-author",""],"yoast_head":"<!-- This site is optimized with the Yoast SEO plugin v27.5 - https:\/\/yoast.com\/product\/yoast-seo-wordpress\/ -->\n<title>BADA 2025: Arte para Todxs - Zero Magazine<\/title>\n<meta name=\"description\" content=\"BADA 2025 trae lo mejor del arte contempor\u00e1neo directo de los artistas a ti, con la presencia de Pedro Friedeberg y una convocatoria para j\u00f3venes talentos. \u00a1No te lo pierdas!\" \/>\n<meta name=\"robots\" content=\"index, follow, max-snippet:-1, max-image-preview:large, max-video-preview:-1\" \/>\n<link rel=\"canonical\" href=\"https:\/\/zeromagazine.mx\/index.php\/2024\/11\/25\/bada-2025-arte-para-todxs\/\" \/>\n<meta property=\"og:locale\" content=\"es_ES\" \/>\n<meta property=\"og:type\" content=\"article\" \/>\n<meta property=\"og:title\" content=\"BADA 2025: Arte para Todxs - Zero Magazine\" \/>\n<meta property=\"og:description\" content=\"BADA 2025 trae lo mejor del arte contempor\u00e1neo directo de los artistas a ti, con la presencia de Pedro Friedeberg y una convocatoria para j\u00f3venes talentos. \u00a1No te lo pierdas!\" \/>\n<meta property=\"og:url\" content=\"https:\/\/zeromagazine.mx\/index.php\/2024\/11\/25\/bada-2025-arte-para-todxs\/\" \/>\n<meta property=\"og:site_name\" content=\"Zero Magazine\" \/>\n<meta property=\"article:published_time\" content=\"2024-11-25T18:09:57+00:00\" \/>\n<meta property=\"article:modified_time\" content=\"2024-11-25T18:15:08+00:00\" \/>\n<meta property=\"og:image\" content=\"http:\/\/zeromagazine.mx\/wp-content\/uploads\/2024\/11\/unnamed.gif\" \/>\n\t<meta property=\"og:image:width\" content=\"864\" \/>\n\t<meta property=\"og:image:height\" content=\"864\" \/>\n\t<meta property=\"og:image:type\" content=\"image\/gif\" \/>\n<meta name=\"author\" content=\"zeromagazinemx\" \/>\n<meta name=\"twitter:card\" content=\"summary_large_image\" \/>\n<meta name=\"twitter:label1\" content=\"Escrito por\" \/>\n\t<meta name=\"twitter:data1\" content=\"zeromagazinemx\" \/>\n\t<meta name=\"twitter:label2\" content=\"Tiempo de lectura\" \/>\n\t<meta name=\"twitter:data2\" content=\"6 minutos\" \/>\n<script type=\"application\/ld+json\" class=\"yoast-schema-graph\">{\"@context\":\"https:\\\/\\\/schema.org\",\"@graph\":[{\"@type\":\"Article\",\"@id\":\"https:\\\/\\\/zeromagazine.mx\\\/index.php\\\/2024\\\/11\\\/25\\\/bada-2025-arte-para-todxs\\\/#article\",\"isPartOf\":{\"@id\":\"https:\\\/\\\/zeromagazine.mx\\\/index.php\\\/2024\\\/11\\\/25\\\/bada-2025-arte-para-todxs\\\/\"},\"author\":{\"name\":\"zeromagazinemx\",\"@id\":\"https:\\\/\\\/zeromagazine.mx\\\/#\\\/schema\\\/person\\\/9aed9f33a7c39af3a348b86d723f7773\"},\"headline\":\"BADA 2025: Arte para Todxs\",\"datePublished\":\"2024-11-25T18:09:57+00:00\",\"dateModified\":\"2024-11-25T18:15:08+00:00\",\"mainEntityOfPage\":{\"@id\":\"https:\\\/\\\/zeromagazine.mx\\\/index.php\\\/2024\\\/11\\\/25\\\/bada-2025-arte-para-todxs\\\/\"},\"wordCount\":1209,\"commentCount\":0,\"publisher\":{\"@id\":\"https:\\\/\\\/zeromagazine.mx\\\/#organization\"},\"image\":{\"@id\":\"https:\\\/\\\/zeromagazine.mx\\\/index.php\\\/2024\\\/11\\\/25\\\/bada-2025-arte-para-todxs\\\/#primaryimage\"},\"thumbnailUrl\":\"https:\\\/\\\/i0.wp.com\\\/zeromagazine.mx\\\/wp-content\\\/uploads\\\/2024\\\/11\\\/unnamed.gif?fit=864%2C864&ssl=1\",\"keywords\":[\"BADA 2025\",\"Obras de arte\",\"Pedro Friedeberg\"],\"articleSection\":[\"Cultura\"],\"inLanguage\":\"es\",\"potentialAction\":[{\"@type\":\"CommentAction\",\"name\":\"Comment\",\"target\":[\"https:\\\/\\\/zeromagazine.mx\\\/index.php\\\/2024\\\/11\\\/25\\\/bada-2025-arte-para-todxs\\\/#respond\"]}]},{\"@type\":\"WebPage\",\"@id\":\"https:\\\/\\\/zeromagazine.mx\\\/index.php\\\/2024\\\/11\\\/25\\\/bada-2025-arte-para-todxs\\\/\",\"url\":\"https:\\\/\\\/zeromagazine.mx\\\/index.php\\\/2024\\\/11\\\/25\\\/bada-2025-arte-para-todxs\\\/\",\"name\":\"BADA 2025: Arte para Todxs - Zero Magazine\",\"isPartOf\":{\"@id\":\"https:\\\/\\\/zeromagazine.mx\\\/#website\"},\"primaryImageOfPage\":{\"@id\":\"https:\\\/\\\/zeromagazine.mx\\\/index.php\\\/2024\\\/11\\\/25\\\/bada-2025-arte-para-todxs\\\/#primaryimage\"},\"image\":{\"@id\":\"https:\\\/\\\/zeromagazine.mx\\\/index.php\\\/2024\\\/11\\\/25\\\/bada-2025-arte-para-todxs\\\/#primaryimage\"},\"thumbnailUrl\":\"https:\\\/\\\/i0.wp.com\\\/zeromagazine.mx\\\/wp-content\\\/uploads\\\/2024\\\/11\\\/unnamed.gif?fit=864%2C864&ssl=1\",\"datePublished\":\"2024-11-25T18:09:57+00:00\",\"dateModified\":\"2024-11-25T18:15:08+00:00\",\"description\":\"BADA 2025 trae lo mejor del arte contempor\u00e1neo directo de los artistas a ti, con la presencia de Pedro Friedeberg y una convocatoria para j\u00f3venes talentos. \u00a1No te lo pierdas!\",\"breadcrumb\":{\"@id\":\"https:\\\/\\\/zeromagazine.mx\\\/index.php\\\/2024\\\/11\\\/25\\\/bada-2025-arte-para-todxs\\\/#breadcrumb\"},\"inLanguage\":\"es\",\"potentialAction\":[{\"@type\":\"ReadAction\",\"target\":[\"https:\\\/\\\/zeromagazine.mx\\\/index.php\\\/2024\\\/11\\\/25\\\/bada-2025-arte-para-todxs\\\/\"]}]},{\"@type\":\"ImageObject\",\"inLanguage\":\"es\",\"@id\":\"https:\\\/\\\/zeromagazine.mx\\\/index.php\\\/2024\\\/11\\\/25\\\/bada-2025-arte-para-todxs\\\/#primaryimage\",\"url\":\"https:\\\/\\\/i0.wp.com\\\/zeromagazine.mx\\\/wp-content\\\/uploads\\\/2024\\\/11\\\/unnamed.gif?fit=864%2C864&ssl=1\",\"contentUrl\":\"https:\\\/\\\/i0.wp.com\\\/zeromagazine.mx\\\/wp-content\\\/uploads\\\/2024\\\/11\\\/unnamed.gif?fit=864%2C864&ssl=1\",\"width\":864,\"height\":864},{\"@type\":\"BreadcrumbList\",\"@id\":\"https:\\\/\\\/zeromagazine.mx\\\/index.php\\\/2024\\\/11\\\/25\\\/bada-2025-arte-para-todxs\\\/#breadcrumb\",\"itemListElement\":[{\"@type\":\"ListItem\",\"position\":1,\"name\":\"Portada\",\"item\":\"https:\\\/\\\/zeromagazine.mx\\\/\"},{\"@type\":\"ListItem\",\"position\":2,\"name\":\"BADA 2025: Arte para Todxs\"}]},{\"@type\":\"WebSite\",\"@id\":\"https:\\\/\\\/zeromagazine.mx\\\/#website\",\"url\":\"https:\\\/\\\/zeromagazine.mx\\\/\",\"name\":\"Zero Magazine\",\"description\":\"\",\"publisher\":{\"@id\":\"https:\\\/\\\/zeromagazine.mx\\\/#organization\"},\"potentialAction\":[{\"@type\":\"SearchAction\",\"target\":{\"@type\":\"EntryPoint\",\"urlTemplate\":\"https:\\\/\\\/zeromagazine.mx\\\/?s={search_term_string}\"},\"query-input\":{\"@type\":\"PropertyValueSpecification\",\"valueRequired\":true,\"valueName\":\"search_term_string\"}}],\"inLanguage\":\"es\"},{\"@type\":\"Organization\",\"@id\":\"https:\\\/\\\/zeromagazine.mx\\\/#organization\",\"name\":\"Zero Magazine\",\"url\":\"https:\\\/\\\/zeromagazine.mx\\\/\",\"logo\":{\"@type\":\"ImageObject\",\"inLanguage\":\"es\",\"@id\":\"https:\\\/\\\/zeromagazine.mx\\\/#\\\/schema\\\/logo\\\/image\\\/\",\"url\":\"https:\\\/\\\/i0.wp.com\\\/zeromagazine.mx\\\/wp-content\\\/uploads\\\/2025\\\/11\\\/1.jpeg?fit=1000%2C1000&ssl=1\",\"contentUrl\":\"https:\\\/\\\/i0.wp.com\\\/zeromagazine.mx\\\/wp-content\\\/uploads\\\/2025\\\/11\\\/1.jpeg?fit=1000%2C1000&ssl=1\",\"width\":1000,\"height\":1000,\"caption\":\"Zero Magazine\"},\"image\":{\"@id\":\"https:\\\/\\\/zeromagazine.mx\\\/#\\\/schema\\\/logo\\\/image\\\/\"},\"sameAs\":[\"https:\\\/\\\/instagram.com\\\/zeromagazinemx\"]},{\"@type\":\"Person\",\"@id\":\"https:\\\/\\\/zeromagazine.mx\\\/#\\\/schema\\\/person\\\/9aed9f33a7c39af3a348b86d723f7773\",\"name\":\"zeromagazinemx\",\"image\":{\"@type\":\"ImageObject\",\"inLanguage\":\"es\",\"@id\":\"https:\\\/\\\/zeromagazine.mx\\\/wp-content\\\/litespeed\\\/avatar\\\/f91dfe5410d5dcb1a576bf8c45983896.jpg?ver=1777571230\",\"url\":\"https:\\\/\\\/zeromagazine.mx\\\/wp-content\\\/litespeed\\\/avatar\\\/f91dfe5410d5dcb1a576bf8c45983896.jpg?ver=1777571230\",\"contentUrl\":\"https:\\\/\\\/zeromagazine.mx\\\/wp-content\\\/litespeed\\\/avatar\\\/f91dfe5410d5dcb1a576bf8c45983896.jpg?ver=1777571230\",\"caption\":\"zeromagazinemx\"},\"url\":\"https:\\\/\\\/zeromagazine.mx\\\/index.php\\\/author\\\/zeromagazinemx\\\/\"}]}<\/script>\n<!-- \/ Yoast SEO plugin. -->","yoast_head_json":{"title":"BADA 2025: Arte para Todxs - Zero Magazine","description":"BADA 2025 trae lo mejor del arte contempor\u00e1neo directo de los artistas a ti, con la presencia de Pedro Friedeberg y una convocatoria para j\u00f3venes talentos. \u00a1No te lo pierdas!","robots":{"index":"index","follow":"follow","max-snippet":"max-snippet:-1","max-image-preview":"max-image-preview:large","max-video-preview":"max-video-preview:-1"},"canonical":"https:\/\/zeromagazine.mx\/index.php\/2024\/11\/25\/bada-2025-arte-para-todxs\/","og_locale":"es_ES","og_type":"article","og_title":"BADA 2025: Arte para Todxs - Zero Magazine","og_description":"BADA 2025 trae lo mejor del arte contempor\u00e1neo directo de los artistas a ti, con la presencia de Pedro Friedeberg y una convocatoria para j\u00f3venes talentos. \u00a1No te lo pierdas!","og_url":"https:\/\/zeromagazine.mx\/index.php\/2024\/11\/25\/bada-2025-arte-para-todxs\/","og_site_name":"Zero Magazine","article_published_time":"2024-11-25T18:09:57+00:00","article_modified_time":"2024-11-25T18:15:08+00:00","og_image":[{"width":864,"height":864,"url":"http:\/\/zeromagazine.mx\/wp-content\/uploads\/2024\/11\/unnamed.gif","type":"image\/gif"}],"author":"zeromagazinemx","twitter_card":"summary_large_image","twitter_misc":{"Escrito por":"zeromagazinemx","Tiempo de lectura":"6 minutos"},"schema":{"@context":"https:\/\/schema.org","@graph":[{"@type":"Article","@id":"https:\/\/zeromagazine.mx\/index.php\/2024\/11\/25\/bada-2025-arte-para-todxs\/#article","isPartOf":{"@id":"https:\/\/zeromagazine.mx\/index.php\/2024\/11\/25\/bada-2025-arte-para-todxs\/"},"author":{"name":"zeromagazinemx","@id":"https:\/\/zeromagazine.mx\/#\/schema\/person\/9aed9f33a7c39af3a348b86d723f7773"},"headline":"BADA 2025: Arte para Todxs","datePublished":"2024-11-25T18:09:57+00:00","dateModified":"2024-11-25T18:15:08+00:00","mainEntityOfPage":{"@id":"https:\/\/zeromagazine.mx\/index.php\/2024\/11\/25\/bada-2025-arte-para-todxs\/"},"wordCount":1209,"commentCount":0,"publisher":{"@id":"https:\/\/zeromagazine.mx\/#organization"},"image":{"@id":"https:\/\/zeromagazine.mx\/index.php\/2024\/11\/25\/bada-2025-arte-para-todxs\/#primaryimage"},"thumbnailUrl":"https:\/\/i0.wp.com\/zeromagazine.mx\/wp-content\/uploads\/2024\/11\/unnamed.gif?fit=864%2C864&ssl=1","keywords":["BADA 2025","Obras de arte","Pedro Friedeberg"],"articleSection":["Cultura"],"inLanguage":"es","potentialAction":[{"@type":"CommentAction","name":"Comment","target":["https:\/\/zeromagazine.mx\/index.php\/2024\/11\/25\/bada-2025-arte-para-todxs\/#respond"]}]},{"@type":"WebPage","@id":"https:\/\/zeromagazine.mx\/index.php\/2024\/11\/25\/bada-2025-arte-para-todxs\/","url":"https:\/\/zeromagazine.mx\/index.php\/2024\/11\/25\/bada-2025-arte-para-todxs\/","name":"BADA 2025: Arte para Todxs - Zero Magazine","isPartOf":{"@id":"https:\/\/zeromagazine.mx\/#website"},"primaryImageOfPage":{"@id":"https:\/\/zeromagazine.mx\/index.php\/2024\/11\/25\/bada-2025-arte-para-todxs\/#primaryimage"},"image":{"@id":"https:\/\/zeromagazine.mx\/index.php\/2024\/11\/25\/bada-2025-arte-para-todxs\/#primaryimage"},"thumbnailUrl":"https:\/\/i0.wp.com\/zeromagazine.mx\/wp-content\/uploads\/2024\/11\/unnamed.gif?fit=864%2C864&ssl=1","datePublished":"2024-11-25T18:09:57+00:00","dateModified":"2024-11-25T18:15:08+00:00","description":"BADA 2025 trae lo mejor del arte contempor\u00e1neo directo de los artistas a ti, con la presencia de Pedro Friedeberg y una convocatoria para j\u00f3venes talentos. \u00a1No te lo pierdas!","breadcrumb":{"@id":"https:\/\/zeromagazine.mx\/index.php\/2024\/11\/25\/bada-2025-arte-para-todxs\/#breadcrumb"},"inLanguage":"es","potentialAction":[{"@type":"ReadAction","target":["https:\/\/zeromagazine.mx\/index.php\/2024\/11\/25\/bada-2025-arte-para-todxs\/"]}]},{"@type":"ImageObject","inLanguage":"es","@id":"https:\/\/zeromagazine.mx\/index.php\/2024\/11\/25\/bada-2025-arte-para-todxs\/#primaryimage","url":"https:\/\/i0.wp.com\/zeromagazine.mx\/wp-content\/uploads\/2024\/11\/unnamed.gif?fit=864%2C864&ssl=1","contentUrl":"https:\/\/i0.wp.com\/zeromagazine.mx\/wp-content\/uploads\/2024\/11\/unnamed.gif?fit=864%2C864&ssl=1","width":864,"height":864},{"@type":"BreadcrumbList","@id":"https:\/\/zeromagazine.mx\/index.php\/2024\/11\/25\/bada-2025-arte-para-todxs\/#breadcrumb","itemListElement":[{"@type":"ListItem","position":1,"name":"Portada","item":"https:\/\/zeromagazine.mx\/"},{"@type":"ListItem","position":2,"name":"BADA 2025: Arte para Todxs"}]},{"@type":"WebSite","@id":"https:\/\/zeromagazine.mx\/#website","url":"https:\/\/zeromagazine.mx\/","name":"Zero Magazine","description":"","publisher":{"@id":"https:\/\/zeromagazine.mx\/#organization"},"potentialAction":[{"@type":"SearchAction","target":{"@type":"EntryPoint","urlTemplate":"https:\/\/zeromagazine.mx\/?s={search_term_string}"},"query-input":{"@type":"PropertyValueSpecification","valueRequired":true,"valueName":"search_term_string"}}],"inLanguage":"es"},{"@type":"Organization","@id":"https:\/\/zeromagazine.mx\/#organization","name":"Zero Magazine","url":"https:\/\/zeromagazine.mx\/","logo":{"@type":"ImageObject","inLanguage":"es","@id":"https:\/\/zeromagazine.mx\/#\/schema\/logo\/image\/","url":"https:\/\/i0.wp.com\/zeromagazine.mx\/wp-content\/uploads\/2025\/11\/1.jpeg?fit=1000%2C1000&ssl=1","contentUrl":"https:\/\/i0.wp.com\/zeromagazine.mx\/wp-content\/uploads\/2025\/11\/1.jpeg?fit=1000%2C1000&ssl=1","width":1000,"height":1000,"caption":"Zero Magazine"},"image":{"@id":"https:\/\/zeromagazine.mx\/#\/schema\/logo\/image\/"},"sameAs":["https:\/\/instagram.com\/zeromagazinemx"]},{"@type":"Person","@id":"https:\/\/zeromagazine.mx\/#\/schema\/person\/9aed9f33a7c39af3a348b86d723f7773","name":"zeromagazinemx","image":{"@type":"ImageObject","inLanguage":"es","@id":"https:\/\/zeromagazine.mx\/wp-content\/litespeed\/avatar\/f91dfe5410d5dcb1a576bf8c45983896.jpg?ver=1777571230","url":"https:\/\/zeromagazine.mx\/wp-content\/litespeed\/avatar\/f91dfe5410d5dcb1a576bf8c45983896.jpg?ver=1777571230","contentUrl":"https:\/\/zeromagazine.mx\/wp-content\/litespeed\/avatar\/f91dfe5410d5dcb1a576bf8c45983896.jpg?ver=1777571230","caption":"zeromagazinemx"},"url":"https:\/\/zeromagazine.mx\/index.php\/author\/zeromagazinemx\/"}]}},"jetpack_publicize_connections":[],"jetpack_featured_media_url":"https:\/\/i0.wp.com\/zeromagazine.mx\/wp-content\/uploads\/2024\/11\/unnamed.gif?fit=864%2C864&ssl=1","jetpack-related-posts":[{"id":89045,"url":"https:\/\/zeromagazine.mx\/index.php\/2024\/10\/31\/bada-2025-feria-de-arte\/","url_meta":{"origin":91530,"position":0},"title":"\u00abBADA 2025: Feria de Arte\u00bb","author":"zeromagazinemx","date":"31 de octubre de 2024","format":false,"excerpt":"Si eres un amante del arte, agarra tu agenda porque del 6 al 9 de febrero de 2025, la Ciudad de M\u00e9xico se va a llenar de creatividad y vibras incre\u00edbles con la nueva edici\u00f3n de BADA (la feria de arte contempor\u00e1neo directo de artista que est\u00e1 rompiendo esquemas en\u2026","rel":"","context":"En \u00abCultura\u00bb","block_context":{"text":"Cultura","link":"https:\/\/zeromagazine.mx\/index.php\/category\/cultura\/"},"img":{"alt_text":"","src":"https:\/\/i0.wp.com\/zeromagazine.mx\/wp-content\/uploads\/2024\/10\/BADA-2025_4-5.jpg?fit=960%2C1200&ssl=1&resize=350%2C200","width":350,"height":200,"srcset":"https:\/\/i0.wp.com\/zeromagazine.mx\/wp-content\/uploads\/2024\/10\/BADA-2025_4-5.jpg?fit=960%2C1200&ssl=1&resize=350%2C200 1x, https:\/\/i0.wp.com\/zeromagazine.mx\/wp-content\/uploads\/2024\/10\/BADA-2025_4-5.jpg?fit=960%2C1200&ssl=1&resize=525%2C300 1.5x, https:\/\/i0.wp.com\/zeromagazine.mx\/wp-content\/uploads\/2024\/10\/BADA-2025_4-5.jpg?fit=960%2C1200&ssl=1&resize=700%2C400 2x"},"classes":[]},{"id":114220,"url":"https:\/\/zeromagazine.mx\/index.php\/2026\/01\/26\/bada-mexico-arte-directo-2026\/","url_meta":{"origin":91530,"position":1},"title":"BADA M\u00e9xico: arte sin intermediarios","author":"David Morales","date":"26 de enero de 2026","format":false,"excerpt":"BADA M\u00e9xico vuelve en 2026 para recordarnos que el arte no tiene por qu\u00e9 sentirse lejano, elitista ni complicado. Del\u00a05 al 8 de febrero, Campo Marte se transforma en un punto de encuentro donde el arte se vive sin filtros, sin intermediarios y, sobre todo, de frente.\u00a0BADA M\u00e9xico\u00a0no es solo\u2026","rel":"","context":"En \u00abCultura\u00bb","block_context":{"text":"Cultura","link":"https:\/\/zeromagazine.mx\/index.php\/category\/cultura\/"},"img":{"alt_text":"","src":"https:\/\/i0.wp.com\/zeromagazine.mx\/wp-content\/uploads\/2026\/01\/O9A4173-scaled.jpeg?fit=1200%2C800&ssl=1&resize=350%2C200","width":350,"height":200,"srcset":"https:\/\/i0.wp.com\/zeromagazine.mx\/wp-content\/uploads\/2026\/01\/O9A4173-scaled.jpeg?fit=1200%2C800&ssl=1&resize=350%2C200 1x, https:\/\/i0.wp.com\/zeromagazine.mx\/wp-content\/uploads\/2026\/01\/O9A4173-scaled.jpeg?fit=1200%2C800&ssl=1&resize=525%2C300 1.5x, https:\/\/i0.wp.com\/zeromagazine.mx\/wp-content\/uploads\/2026\/01\/O9A4173-scaled.jpeg?fit=1200%2C800&ssl=1&resize=700%2C400 2x, https:\/\/i0.wp.com\/zeromagazine.mx\/wp-content\/uploads\/2026\/01\/O9A4173-scaled.jpeg?fit=1200%2C800&ssl=1&resize=1050%2C600 3x"},"classes":[]},{"id":114911,"url":"https:\/\/zeromagazine.mx\/index.php\/2026\/02\/07\/bada-mexico-2026-feria-arte-campo-marte\/","url_meta":{"origin":91530,"position":2},"title":"BADA M\u00e9xico 2026 inaugura su sexta edici\u00f3n en Campo Marte","author":"David Morales","date":"7 de febrero de 2026","format":false,"excerpt":"La Semana del Arte en CDMX siempre se siente como ese momento del a\u00f1o donde la ciudad desbloquea un nuevo nivel cultural\u2026 y este 2026 no es la excepci\u00f3n. Con su sexta edici\u00f3n,\u00a0BADA M\u00e9xico 2026\u00a0aterriza en Campo Marte para confirmar por qu\u00e9 se ha convertido en una de las ferias\u2026","rel":"","context":"En \u00abCultura\u00bb","block_context":{"text":"Cultura","link":"https:\/\/zeromagazine.mx\/index.php\/category\/cultura\/"},"img":{"alt_text":"","src":"https:\/\/i0.wp.com\/zeromagazine.mx\/wp-content\/uploads\/2026\/02\/BADA-Dia-1-022-scaled.jpeg?fit=1200%2C800&ssl=1&resize=350%2C200","width":350,"height":200,"srcset":"https:\/\/i0.wp.com\/zeromagazine.mx\/wp-content\/uploads\/2026\/02\/BADA-Dia-1-022-scaled.jpeg?fit=1200%2C800&ssl=1&resize=350%2C200 1x, https:\/\/i0.wp.com\/zeromagazine.mx\/wp-content\/uploads\/2026\/02\/BADA-Dia-1-022-scaled.jpeg?fit=1200%2C800&ssl=1&resize=525%2C300 1.5x, https:\/\/i0.wp.com\/zeromagazine.mx\/wp-content\/uploads\/2026\/02\/BADA-Dia-1-022-scaled.jpeg?fit=1200%2C800&ssl=1&resize=700%2C400 2x, https:\/\/i0.wp.com\/zeromagazine.mx\/wp-content\/uploads\/2026\/02\/BADA-Dia-1-022-scaled.jpeg?fit=1200%2C800&ssl=1&resize=1050%2C600 3x"},"classes":[]},{"id":95628,"url":"https:\/\/zeromagazine.mx\/index.php\/2025\/01\/30\/el-arte-toma-ling-ling\/","url_meta":{"origin":91530,"position":3},"title":"El Arte Toma Ling Ling","author":"David Morales","date":"30 de enero de 2025","format":false,"excerpt":"Si hay algo que nos emociona es ver c\u00f3mo la gastronom\u00eda y el arte se fusionan en experiencias \u00fanicas. Y justo eso es lo que est\u00e1 pasando con Ling Ling, el ic\u00f3nico restaurante de inspiraci\u00f3n asi\u00e1tica ubicado en lo m\u00e1s alto de Paseo de la Reforma. Este hotspot de la\u2026","rel":"","context":"En \u00abBlog\u00bb","block_context":{"text":"Blog","link":"https:\/\/zeromagazine.mx\/index.php\/category\/blog\/"},"img":{"alt_text":"","src":"https:\/\/i0.wp.com\/zeromagazine.mx\/wp-content\/uploads\/2025\/01\/IMG_3300.jpeg?fit=822%2C1200&ssl=1&resize=350%2C200","width":350,"height":200,"srcset":"https:\/\/i0.wp.com\/zeromagazine.mx\/wp-content\/uploads\/2025\/01\/IMG_3300.jpeg?fit=822%2C1200&ssl=1&resize=350%2C200 1x, https:\/\/i0.wp.com\/zeromagazine.mx\/wp-content\/uploads\/2025\/01\/IMG_3300.jpeg?fit=822%2C1200&ssl=1&resize=525%2C300 1.5x, https:\/\/i0.wp.com\/zeromagazine.mx\/wp-content\/uploads\/2025\/01\/IMG_3300.jpeg?fit=822%2C1200&ssl=1&resize=700%2C400 2x"},"classes":[]},{"id":84178,"url":"https:\/\/zeromagazine.mx\/index.php\/2024\/09\/19\/alebrijes-arte-que-cobra-vida\/","url_meta":{"origin":91530,"position":4},"title":"\u00abAlebrijes: Arte que Cobra Vida\u00bb","author":"zeromagazinemx","date":"19 de septiembre de 2024","format":false,"excerpt":"A ver, si alguna vez has visto esas figuras s\u00faper locas, con colores que explotan y formas animales que parecen sacadas de un trip on\u00edrico, entonces ya conoces los\u00a0alebrijes. Pero, \u00bfsab\u00edas que detr\u00e1s de cada uno de estos bichos fant\u00e1sticos hay toda una historia m\u00e1gica y cultural? As\u00ed que si\u2026","rel":"","context":"En \u00abDise\u00f1o\u00bb","block_context":{"text":"Dise\u00f1o","link":"https:\/\/zeromagazine.mx\/index.php\/category\/diseno\/"},"img":{"alt_text":"","src":"https:\/\/i0.wp.com\/zeromagazine.mx\/wp-content\/uploads\/2024\/09\/DCM-AL-134_1.webp?fit=1050%2C1050&ssl=1&resize=350%2C200","width":350,"height":200,"srcset":"https:\/\/i0.wp.com\/zeromagazine.mx\/wp-content\/uploads\/2024\/09\/DCM-AL-134_1.webp?fit=1050%2C1050&ssl=1&resize=350%2C200 1x, https:\/\/i0.wp.com\/zeromagazine.mx\/wp-content\/uploads\/2024\/09\/DCM-AL-134_1.webp?fit=1050%2C1050&ssl=1&resize=525%2C300 1.5x, https:\/\/i0.wp.com\/zeromagazine.mx\/wp-content\/uploads\/2024\/09\/DCM-AL-134_1.webp?fit=1050%2C1050&ssl=1&resize=700%2C400 2x, https:\/\/i0.wp.com\/zeromagazine.mx\/wp-content\/uploads\/2024\/09\/DCM-AL-134_1.webp?fit=1050%2C1050&ssl=1&resize=1050%2C600 3x"},"classes":[]},{"id":83833,"url":"https:\/\/zeromagazine.mx\/index.php\/2024\/09\/13\/estudio-acme-arte-sin-fronteras\/","url_meta":{"origin":91530,"position":5},"title":"\u00abEstudio ACME: Arte Sin Fronteras\u00bb","author":"zeromagazinemx","date":"13 de septiembre de 2024","format":false,"excerpt":"\u00bfEst\u00e1s preparado para un evento donde el arte se vuelve m\u00e1s accesible y se adapta a su entorno? Hoy vamos a hablar del\u00a0Estudio ACME, un programa de arte s\u00faper innovador y en constante movimiento. ACME no es solo otro museo o galer\u00eda; es algo mucho m\u00e1s fresh: un brazo itinerante\u2026","rel":"","context":"En \u00abCultura\u00bb","block_context":{"text":"Cultura","link":"https:\/\/zeromagazine.mx\/index.php\/category\/cultura\/"},"img":{"alt_text":"","src":"https:\/\/i0.wp.com\/zeromagazine.mx\/wp-content\/uploads\/2024\/09\/Salon-AcmeNo.6_Vista-de-Bodega_Cortesia_Estudio-ACME-scaled.jpg?fit=1200%2C800&ssl=1&resize=350%2C200","width":350,"height":200,"srcset":"https:\/\/i0.wp.com\/zeromagazine.mx\/wp-content\/uploads\/2024\/09\/Salon-AcmeNo.6_Vista-de-Bodega_Cortesia_Estudio-ACME-scaled.jpg?fit=1200%2C800&ssl=1&resize=350%2C200 1x, https:\/\/i0.wp.com\/zeromagazine.mx\/wp-content\/uploads\/2024\/09\/Salon-AcmeNo.6_Vista-de-Bodega_Cortesia_Estudio-ACME-scaled.jpg?fit=1200%2C800&ssl=1&resize=525%2C300 1.5x, https:\/\/i0.wp.com\/zeromagazine.mx\/wp-content\/uploads\/2024\/09\/Salon-AcmeNo.6_Vista-de-Bodega_Cortesia_Estudio-ACME-scaled.jpg?fit=1200%2C800&ssl=1&resize=700%2C400 2x, https:\/\/i0.wp.com\/zeromagazine.mx\/wp-content\/uploads\/2024\/09\/Salon-AcmeNo.6_Vista-de-Bodega_Cortesia_Estudio-ACME-scaled.jpg?fit=1200%2C800&ssl=1&resize=1050%2C600 3x"},"classes":[]}],"jetpack_sharing_enabled":true,"builder_content":"","_links":{"self":[{"href":"https:\/\/zeromagazine.mx\/index.php\/wp-json\/wp\/v2\/posts\/91530","targetHints":{"allow":["GET"]}}],"collection":[{"href":"https:\/\/zeromagazine.mx\/index.php\/wp-json\/wp\/v2\/posts"}],"about":[{"href":"https:\/\/zeromagazine.mx\/index.php\/wp-json\/wp\/v2\/types\/post"}],"author":[{"embeddable":true,"href":"https:\/\/zeromagazine.mx\/index.php\/wp-json\/wp\/v2\/users\/2"}],"replies":[{"embeddable":true,"href":"https:\/\/zeromagazine.mx\/index.php\/wp-json\/wp\/v2\/comments?post=91530"}],"version-history":[{"count":7,"href":"https:\/\/zeromagazine.mx\/index.php\/wp-json\/wp\/v2\/posts\/91530\/revisions"}],"predecessor-version":[{"id":91540,"href":"https:\/\/zeromagazine.mx\/index.php\/wp-json\/wp\/v2\/posts\/91530\/revisions\/91540"}],"wp:featuredmedia":[{"embeddable":true,"href":"https:\/\/zeromagazine.mx\/index.php\/wp-json\/wp\/v2\/media\/91531"}],"wp:attachment":[{"href":"https:\/\/zeromagazine.mx\/index.php\/wp-json\/wp\/v2\/media?parent=91530"}],"wp:term":[{"taxonomy":"category","embeddable":true,"href":"https:\/\/zeromagazine.mx\/index.php\/wp-json\/wp\/v2\/categories?post=91530"},{"taxonomy":"post_tag","embeddable":true,"href":"https:\/\/zeromagazine.mx\/index.php\/wp-json\/wp\/v2\/tags?post=91530"}],"curies":[{"name":"wp","href":"https:\/\/api.w.org\/{rel}","templated":true}]}}