{"id":91604,"date":"2024-11-25T21:21:36","date_gmt":"2024-11-25T20:21:36","guid":{"rendered":"https:\/\/zeromagazine.mx\/?p=91604"},"modified":"2024-11-25T21:21:38","modified_gmt":"2024-11-25T20:21:38","slug":"pachanga-antirracista-diversidad-en-fiesta","status":"publish","type":"post","link":"https:\/\/zeromagazine.mx\/index.php\/2024\/11\/25\/pachanga-antirracista-diversidad-en-fiesta\/","title":{"rendered":"\u00abPachanga Antirracista: Diversidad en Fiesta\u00bb"},"content":{"rendered":"<!--themify_builder_content-->\n<div id=\"themify_builder_content-91604\" data-postid=\"91604\" class=\"themify_builder_content themify_builder_content-91604 themify_builder tf_clear\">\n    <\/div>\n<!--\/themify_builder_content-->\n\n\n<p>\u00bfYa escuchaste del evento que est\u00e1 rompiendo esquemas? La tercera edici\u00f3n del&nbsp;<strong>Pachanga Antirracista<\/strong>&nbsp;llega a la CDMX y promete ser mucho m\u00e1s que un festival: es un llamado a la acci\u00f3n, una fiesta de resistencia y un espacio para reflexionar y celebrar la riqueza de la diversidad racial y cultural en M\u00e9xico. Del 5 al 8 de diciembre, este evento multidisciplinario en colaboraci\u00f3n con la Secretar\u00eda de Cultura y Racismo MX ser\u00e1 el highlight de la temporada.&nbsp;<\/p>\n\n\n\n<h3 class=\"wp-block-heading\">\u00bfQu\u00e9 onda con el Pachanga Antirracista?<\/h3>\n\n\n\n<figure class=\"wp-block-image size-full is-resized\"><img data-recalc-dims=\"1\" decoding=\"async\" width=\"1165\" height=\"746\" src=\"https:\/\/i0.wp.com\/zeromagazine.mx\/wp-content\/uploads\/2024\/11\/Captura-de-pantalla-2024-11-25-a-las-14.14.52.png?resize=1165%2C746&#038;ssl=1\" alt=\"\" class=\"wp-image-91609\" style=\"width:1451px;height:auto\" srcset=\"https:\/\/i0.wp.com\/zeromagazine.mx\/wp-content\/uploads\/2024\/11\/Captura-de-pantalla-2024-11-25-a-las-14.14.52.png?w=1180&amp;ssl=1 1180w, https:\/\/i0.wp.com\/zeromagazine.mx\/wp-content\/uploads\/2024\/11\/Captura-de-pantalla-2024-11-25-a-las-14.14.52.png?resize=300%2C192&amp;ssl=1 300w, https:\/\/i0.wp.com\/zeromagazine.mx\/wp-content\/uploads\/2024\/11\/Captura-de-pantalla-2024-11-25-a-las-14.14.52.png?resize=1024%2C656&amp;ssl=1 1024w, https:\/\/i0.wp.com\/zeromagazine.mx\/wp-content\/uploads\/2024\/11\/Captura-de-pantalla-2024-11-25-a-las-14.14.52.png?resize=768%2C492&amp;ssl=1 768w\" sizes=\"(max-width: 1165px) 100vw, 1165px\" \/><\/figure>\n\n\n\n\n<script async src=\"https:\/\/pagead2.googlesyndication.com\/pagead\/js\/adsbygoogle.js?client=ca-pub-5499304793904745\"\n     crossorigin=\"anonymous\"><\/script>\n<ins class=\"adsbygoogle\"\n     style=\"display:block; text-align:center;\"\n     data-ad-layout=\"in-article\"\n     data-ad-format=\"fluid\"\n     data-ad-client=\"ca-pub-5499304793904745\"\n     data-ad-slot=\"5994863093\"><\/ins>\n<script>\n     (adsbygoogle = window.adsbygoogle || []).push({});\n<\/script>\n\n\n\n<p>Este festival no es solo m\u00fasica, arte y cultura; es un movimiento que busca erradicar el racismo y promover la&nbsp;<strong>autorrepresentaci\u00f3n<\/strong>&nbsp;de comunidades afromexicanas y pueblos originarios. Porque s\u00ed, aqu\u00ed celebramos todas las tonalidades de piel, historias y herencias que nos hacen \u00fanicos.<\/p>\n\n\n\n<p>\u00bfLa misi\u00f3n? Transformar narrativas y acabar con pr\u00e1cticas culturales discriminatorias, todo a trav\u00e9s de:<\/p>\n\n\n\n<ul class=\"wp-block-list\">\n<li><strong>Di\u00e1logos y talleres<\/strong>\u00a0para reflexionar sobre la identidad y el racismo.<\/li>\n\n\n\n<li><strong>Actividades art\u00edsticas<\/strong>\u00a0que visibilicen la riqueza cultural de comunidades racializadas.<\/li>\n\n\n\n<li>Una descentralizaci\u00f3n cool: olv\u00eddate de que todo pasa en el centro, tambi\u00e9n habr\u00e1 actividades en lugares perif\u00e9ricos como Los Pinos, CNART, Utop\u00eda Meyehualco y m\u00e1s.<\/li>\n<\/ul>\n\n\n\n<h3 class=\"wp-block-heading\">\u00bfQu\u00e9 actividades me esperan?<\/h3>\n\n\n\n<p>La neta, el programa est\u00e1 tan completo que no sabr\u00e1s por d\u00f3nde empezar. Aqu\u00ed un sneak peek:<\/p>\n\n\n\n<h4 class=\"wp-block-heading\">1.&nbsp;<strong>Artes Esc\u00e9nicas<\/strong>&nbsp;<\/h4>\n\n\n\n<p>Prep\u00e1rate para m\u00fasica, teatro y danza que exudan talento y tradici\u00f3n. Las comunidades afromexicanas y originarias toman el escenario con una vibra \u00fanica y poderosa.<\/p>\n\n\n\n<h4 class=\"wp-block-heading\">2.&nbsp;<strong>Conversatorios y Talleres<\/strong>&nbsp;<\/h4>\n\n\n\n<p>Desde pl\u00e1ticas profundas hasta actividades hands-on, estos espacios te har\u00e1n cuestionar, aprender y reconectar con tu identidad o empatizar con otras.<\/p>\n\n\n\n<h4 class=\"wp-block-heading\">3.&nbsp;<strong>Exposiciones y Muestras Audiovisuales<\/strong>&nbsp;<\/h4>\n\n\n\n<p>\u00bfFan del arte visual y el cine? Aqu\u00ed encontrar\u00e1s piezas que elevan la diversidad cultural, con la colaboraci\u00f3n de cineastas y artistas que saben c\u00f3mo contar historias.<\/p>\n\n\n\n<h4 class=\"wp-block-heading\">4.&nbsp;<strong>Eventos Literarios y de Poes\u00eda<\/strong>&nbsp;<\/h4>\n\n\n\n<p>Dale un break a TikTok y d\u00e9jate envolver por narrativas incre\u00edbles en lenguas originarias, poes\u00eda que te deja sin palabras y presentaciones de libros que reescriben nuestra historia.<\/p>\n\n\n\n<h4 class=\"wp-block-heading\">5.&nbsp;<strong>Actividades Infantiles<\/strong>&nbsp;<\/h4>\n\n\n\n<p>Para que desde morritos aprendan sobre respeto y diversidad racial. Porque, let\u2019s be real, el cambio empieza desde chiquitos.<\/p>\n\n\n\n<h3 class=\"wp-block-heading\">\u00bfQu\u00e9 hay de nuevo en 2024?\u00a0<\/h3>\n\n\n\n<figure class=\"wp-block-image size-full is-resized\"><img data-recalc-dims=\"1\" decoding=\"async\" width=\"1165\" height=\"707\" src=\"https:\/\/i0.wp.com\/zeromagazine.mx\/wp-content\/uploads\/2024\/11\/Captura-de-pantalla-2024-11-25-a-las-14.15.16.png?resize=1165%2C707&#038;ssl=1\" alt=\"\" class=\"wp-image-91610\" style=\"width:1451px;height:auto\" srcset=\"https:\/\/i0.wp.com\/zeromagazine.mx\/wp-content\/uploads\/2024\/11\/Captura-de-pantalla-2024-11-25-a-las-14.15.16.png?w=1180&amp;ssl=1 1180w, https:\/\/i0.wp.com\/zeromagazine.mx\/wp-content\/uploads\/2024\/11\/Captura-de-pantalla-2024-11-25-a-las-14.15.16.png?resize=300%2C182&amp;ssl=1 300w, https:\/\/i0.wp.com\/zeromagazine.mx\/wp-content\/uploads\/2024\/11\/Captura-de-pantalla-2024-11-25-a-las-14.15.16.png?resize=1024%2C621&amp;ssl=1 1024w, https:\/\/i0.wp.com\/zeromagazine.mx\/wp-content\/uploads\/2024\/11\/Captura-de-pantalla-2024-11-25-a-las-14.15.16.png?resize=768%2C466&amp;ssl=1 768w\" sizes=\"(max-width: 1165px) 100vw, 1165px\" \/><\/figure>\n\n\n\n\n<script async src=\"https:\/\/pagead2.googlesyndication.com\/pagead\/js\/adsbygoogle.js?client=ca-pub-5499304793904745\"\n     crossorigin=\"anonymous\"><\/script>\n<ins class=\"adsbygoogle\"\n     style=\"display:block; text-align:center;\"\n     data-ad-layout=\"in-article\"\n     data-ad-format=\"fluid\"\n     data-ad-client=\"ca-pub-5499304793904745\"\n     data-ad-slot=\"5994863093\"><\/ins>\n<script>\n     (adsbygoogle = window.adsbygoogle || []).push({});\n<\/script>\n\n\n\n<p>Este a\u00f1o, el Pachanga subi\u00f3 de nivel y se uni\u00f3 a la&nbsp;<strong>Marcha Antirracista de la CDMX<\/strong>. Imagina un contingente lleno de artistas, activistas y una banda oaxaque\u00f1a armando el pachang\u00f3n en las calles mientras llevan un mensaje de lucha y gozo. Literal, resistencia con estilo.<\/p>\n\n\n\n<p>Adem\u00e1s, este a\u00f1o la alineaci\u00f3n est\u00e1 con nombres que seguro has escuchado:<\/p>\n\n\n\n<ul class=\"wp-block-list\">\n<li><strong>Mar\u00eda Cristina<\/strong>, aka \u00abLa Perla del Caribe,\u00bb una cantante y actriz ic\u00f3nica con m\u00e1s de 50 a\u00f1os de trayectoria.<\/li>\n\n\n\n<li><strong>Cuauhtli Jim\u00e9nez<\/strong>, actor y activista que no solo brilla en cine y teatro, tambi\u00e9n en la lucha social.<\/li>\n\n\n\n<li><strong>Mercedes Hern\u00e1ndez<\/strong>\u00a0y\u00a0<strong>Gaby Cartol<\/strong>, actrices ganadoras del Ariel que representan lo mejor del cine mexicano.<\/li>\n\n\n\n<li><strong>Medhin Tewold<\/strong>, cineasta afromexicana con historias que inspiran.<\/li>\n\n\n\n<li><strong>Yaremi Chan<\/strong>, cineasta maya con una visi\u00f3n \u00fanica.<\/li>\n\n\n\n<li><strong>Andr\u00e9s Tachikinib<\/strong>, poeta tsotsil que eleva su cultura a trav\u00e9s de palabras.<\/li>\n<\/ul>\n\n\n\n<p>Y much\u00edsimos m\u00e1s artistas y colectivos que est\u00e1n redefiniendo lo que significa ser representados con dignidad.<\/p>\n\n\n\n<h3 class=\"wp-block-heading\">\u00bfPor qu\u00e9 importa tanto este festival?&nbsp;<\/h3>\n\n\n\n<p>El racismo en M\u00e9xico no es un tema nuevo, pero es uno que a veces se invisibiliza o se ignora. La Pachanga Antirracista no solo confronta estas realidades, sino que tambi\u00e9n crea espacios seguros para que comunidades racializadas puedan ser ellas mismas, sin filtros ni clich\u00e9s. Es un recordatorio de que la diversidad no es algo para tolerar; es algo para celebrar.<\/p>\n\n\n\n<p>Adem\u00e1s, el festival est\u00e1 armando un puente internacional para conectar artistas, activistas y agentes culturales de todo el mundo. Esto no es solo un evento local; es un statement global.<\/p>\n\n\n\n<h3 class=\"wp-block-heading\">&nbsp;<\/h3>\n\n\n\n<p><strong>Recuerda marcar en el calendario las&nbsp;siguientes fechas: del&nbsp;<\/strong>5 al 8 de diciembre de 2024.<br><strong>Sedes:<\/strong><\/p>\n\n\n\n<ul class=\"wp-block-list\">\n<li>Complejo Cultural Los Pinos<\/li>\n\n\n\n<li>CNART<\/li>\n\n\n\n<li>Cineteca de Las Artes<\/li>\n\n\n\n<li>Utop\u00eda Meyehualco<\/li>\n\n\n\n<li>Faro Tl\u00e1huac<\/li>\n<\/ul>\n\n\n\n<p><strong>Pro tip:<\/strong>&nbsp;Algunos eventos tienen cupo limitado, so better act fast. Adem\u00e1s, puedes seguir todas las actualizaciones en sus redes:<\/p>\n\n\n\n<ul class=\"wp-block-list\">\n<li><strong>FB:<\/strong>\u00a0Pachanga Antirracista<\/li>\n\n\n\n<li><strong>IG:<\/strong>\u00a0@Pachangaantirracista<\/li>\n\n\n\n<li><strong>TikTok:<\/strong>\u00a0@Pachanga_antirracista<\/li>\n<\/ul>","protected":false},"excerpt":{"rendered":"<p>\u00bfYa escuchaste del evento que est\u00e1 rompiendo esquemas? La tercera edici\u00f3n del&nbsp;Pachanga Antirracista&nbsp;llega a la CDMX y promete ser mucho m\u00e1s que un festival: es un llamado a la acci\u00f3n, una fiesta de resistencia y un espacio para reflexionar y celebrar la riqueza de la diversidad racial y cultural en M\u00e9xico. Del 5 al 8 [&hellip;]<\/p>\n","protected":false},"author":2,"featured_media":91610,"comment_status":"open","ping_status":"open","sticky":false,"template":"","format":"standard","meta":{"_jetpack_memberships_contains_paid_content":false,"footnotes":"","jetpack_publicize_message":"","jetpack_publicize_feature_enabled":true,"jetpack_social_post_already_shared":true,"jetpack_social_options":{"image_generator_settings":{"template":"highway","default_image_id":0,"font":"","enabled":false},"version":2}},"categories":[117],"tags":[11761,11760,11762],"class_list":["post-91604","post","type-post","status-publish","format-standard","has-post-thumbnail","hentry","category-entretenimiento","tag-diversidad-y-el-cambio","tag-pachanga-antirracista","tag-secretaria-de-cultura","has-post-title","has-post-date","has-post-category","has-post-tag","has-post-comment","has-post-author",""],"yoast_head":"<!-- This site is optimized with the Yoast SEO plugin v27.5 - https:\/\/yoast.com\/product\/yoast-seo-wordpress\/ -->\n<title>&quot;Pachanga Antirracista: Diversidad en Fiesta&quot; - Zero Magazine<\/title>\n<meta name=\"robots\" content=\"index, follow, max-snippet:-1, max-image-preview:large, max-video-preview:-1\" \/>\n<link rel=\"canonical\" href=\"https:\/\/zeromagazine.mx\/index.php\/2024\/11\/25\/pachanga-antirracista-diversidad-en-fiesta\/\" \/>\n<meta property=\"og:locale\" content=\"es_ES\" \/>\n<meta property=\"og:type\" content=\"article\" \/>\n<meta property=\"og:title\" content=\"&quot;Pachanga Antirracista: Diversidad en Fiesta&quot; - Zero Magazine\" \/>\n<meta property=\"og:description\" content=\"\u00bfYa escuchaste del evento que est\u00e1 rompiendo esquemas? La tercera edici\u00f3n del&nbsp;Pachanga Antirracista&nbsp;llega a la CDMX y promete ser mucho m\u00e1s que un festival: es un llamado a la acci\u00f3n, una fiesta de resistencia y un espacio para reflexionar y celebrar la riqueza de la diversidad racial y cultural en M\u00e9xico. Del 5 al 8 [&hellip;]\" \/>\n<meta property=\"og:url\" content=\"https:\/\/zeromagazine.mx\/index.php\/2024\/11\/25\/pachanga-antirracista-diversidad-en-fiesta\/\" \/>\n<meta property=\"og:site_name\" content=\"Zero Magazine\" \/>\n<meta property=\"article:published_time\" content=\"2024-11-25T20:21:36+00:00\" \/>\n<meta property=\"article:modified_time\" content=\"2024-11-25T20:21:38+00:00\" \/>\n<meta property=\"og:image\" content=\"http:\/\/zeromagazine.mx\/wp-content\/uploads\/2024\/11\/Captura-de-pantalla-2024-11-25-a-las-14.15.16.png\" \/>\n\t<meta property=\"og:image:width\" content=\"1180\" \/>\n\t<meta property=\"og:image:height\" content=\"716\" \/>\n\t<meta property=\"og:image:type\" content=\"image\/png\" \/>\n<meta name=\"author\" content=\"zeromagazinemx\" \/>\n<meta name=\"twitter:card\" content=\"summary_large_image\" \/>\n<meta name=\"twitter:label1\" content=\"Escrito por\" \/>\n\t<meta name=\"twitter:data1\" content=\"zeromagazinemx\" \/>\n\t<meta name=\"twitter:label2\" content=\"Tiempo de lectura\" \/>\n\t<meta name=\"twitter:data2\" content=\"4 minutos\" \/>\n<script type=\"application\/ld+json\" class=\"yoast-schema-graph\">{\"@context\":\"https:\\\/\\\/schema.org\",\"@graph\":[{\"@type\":\"Article\",\"@id\":\"https:\\\/\\\/zeromagazine.mx\\\/index.php\\\/2024\\\/11\\\/25\\\/pachanga-antirracista-diversidad-en-fiesta\\\/#article\",\"isPartOf\":{\"@id\":\"https:\\\/\\\/zeromagazine.mx\\\/index.php\\\/2024\\\/11\\\/25\\\/pachanga-antirracista-diversidad-en-fiesta\\\/\"},\"author\":{\"name\":\"zeromagazinemx\",\"@id\":\"https:\\\/\\\/zeromagazine.mx\\\/#\\\/schema\\\/person\\\/9aed9f33a7c39af3a348b86d723f7773\"},\"headline\":\"\u00abPachanga Antirracista: Diversidad en Fiesta\u00bb\",\"datePublished\":\"2024-11-25T20:21:36+00:00\",\"dateModified\":\"2024-11-25T20:21:38+00:00\",\"mainEntityOfPage\":{\"@id\":\"https:\\\/\\\/zeromagazine.mx\\\/index.php\\\/2024\\\/11\\\/25\\\/pachanga-antirracista-diversidad-en-fiesta\\\/\"},\"wordCount\":741,\"commentCount\":0,\"publisher\":{\"@id\":\"https:\\\/\\\/zeromagazine.mx\\\/#organization\"},\"image\":{\"@id\":\"https:\\\/\\\/zeromagazine.mx\\\/index.php\\\/2024\\\/11\\\/25\\\/pachanga-antirracista-diversidad-en-fiesta\\\/#primaryimage\"},\"thumbnailUrl\":\"https:\\\/\\\/i0.wp.com\\\/zeromagazine.mx\\\/wp-content\\\/uploads\\\/2024\\\/11\\\/Captura-de-pantalla-2024-11-25-a-las-14.15.16.png?fit=1180%2C716&ssl=1\",\"keywords\":[\"diversidad y el cambio\",\"Pachanga Antirracista\",\"Secretar\u00eda de Cultura\"],\"articleSection\":[\"Entretenimiento\"],\"inLanguage\":\"es\",\"potentialAction\":[{\"@type\":\"CommentAction\",\"name\":\"Comment\",\"target\":[\"https:\\\/\\\/zeromagazine.mx\\\/index.php\\\/2024\\\/11\\\/25\\\/pachanga-antirracista-diversidad-en-fiesta\\\/#respond\"]}]},{\"@type\":\"WebPage\",\"@id\":\"https:\\\/\\\/zeromagazine.mx\\\/index.php\\\/2024\\\/11\\\/25\\\/pachanga-antirracista-diversidad-en-fiesta\\\/\",\"url\":\"https:\\\/\\\/zeromagazine.mx\\\/index.php\\\/2024\\\/11\\\/25\\\/pachanga-antirracista-diversidad-en-fiesta\\\/\",\"name\":\"\\\"Pachanga Antirracista: Diversidad en Fiesta\\\" - Zero Magazine\",\"isPartOf\":{\"@id\":\"https:\\\/\\\/zeromagazine.mx\\\/#website\"},\"primaryImageOfPage\":{\"@id\":\"https:\\\/\\\/zeromagazine.mx\\\/index.php\\\/2024\\\/11\\\/25\\\/pachanga-antirracista-diversidad-en-fiesta\\\/#primaryimage\"},\"image\":{\"@id\":\"https:\\\/\\\/zeromagazine.mx\\\/index.php\\\/2024\\\/11\\\/25\\\/pachanga-antirracista-diversidad-en-fiesta\\\/#primaryimage\"},\"thumbnailUrl\":\"https:\\\/\\\/i0.wp.com\\\/zeromagazine.mx\\\/wp-content\\\/uploads\\\/2024\\\/11\\\/Captura-de-pantalla-2024-11-25-a-las-14.15.16.png?fit=1180%2C716&ssl=1\",\"datePublished\":\"2024-11-25T20:21:36+00:00\",\"dateModified\":\"2024-11-25T20:21:38+00:00\",\"breadcrumb\":{\"@id\":\"https:\\\/\\\/zeromagazine.mx\\\/index.php\\\/2024\\\/11\\\/25\\\/pachanga-antirracista-diversidad-en-fiesta\\\/#breadcrumb\"},\"inLanguage\":\"es\",\"potentialAction\":[{\"@type\":\"ReadAction\",\"target\":[\"https:\\\/\\\/zeromagazine.mx\\\/index.php\\\/2024\\\/11\\\/25\\\/pachanga-antirracista-diversidad-en-fiesta\\\/\"]}]},{\"@type\":\"ImageObject\",\"inLanguage\":\"es\",\"@id\":\"https:\\\/\\\/zeromagazine.mx\\\/index.php\\\/2024\\\/11\\\/25\\\/pachanga-antirracista-diversidad-en-fiesta\\\/#primaryimage\",\"url\":\"https:\\\/\\\/i0.wp.com\\\/zeromagazine.mx\\\/wp-content\\\/uploads\\\/2024\\\/11\\\/Captura-de-pantalla-2024-11-25-a-las-14.15.16.png?fit=1180%2C716&ssl=1\",\"contentUrl\":\"https:\\\/\\\/i0.wp.com\\\/zeromagazine.mx\\\/wp-content\\\/uploads\\\/2024\\\/11\\\/Captura-de-pantalla-2024-11-25-a-las-14.15.16.png?fit=1180%2C716&ssl=1\",\"width\":1180,\"height\":716},{\"@type\":\"BreadcrumbList\",\"@id\":\"https:\\\/\\\/zeromagazine.mx\\\/index.php\\\/2024\\\/11\\\/25\\\/pachanga-antirracista-diversidad-en-fiesta\\\/#breadcrumb\",\"itemListElement\":[{\"@type\":\"ListItem\",\"position\":1,\"name\":\"Portada\",\"item\":\"https:\\\/\\\/zeromagazine.mx\\\/\"},{\"@type\":\"ListItem\",\"position\":2,\"name\":\"\u00abPachanga Antirracista: Diversidad en Fiesta\u00bb\"}]},{\"@type\":\"WebSite\",\"@id\":\"https:\\\/\\\/zeromagazine.mx\\\/#website\",\"url\":\"https:\\\/\\\/zeromagazine.mx\\\/\",\"name\":\"Zero Magazine\",\"description\":\"\",\"publisher\":{\"@id\":\"https:\\\/\\\/zeromagazine.mx\\\/#organization\"},\"potentialAction\":[{\"@type\":\"SearchAction\",\"target\":{\"@type\":\"EntryPoint\",\"urlTemplate\":\"https:\\\/\\\/zeromagazine.mx\\\/?s={search_term_string}\"},\"query-input\":{\"@type\":\"PropertyValueSpecification\",\"valueRequired\":true,\"valueName\":\"search_term_string\"}}],\"inLanguage\":\"es\"},{\"@type\":\"Organization\",\"@id\":\"https:\\\/\\\/zeromagazine.mx\\\/#organization\",\"name\":\"Zero Magazine\",\"url\":\"https:\\\/\\\/zeromagazine.mx\\\/\",\"logo\":{\"@type\":\"ImageObject\",\"inLanguage\":\"es\",\"@id\":\"https:\\\/\\\/zeromagazine.mx\\\/#\\\/schema\\\/logo\\\/image\\\/\",\"url\":\"https:\\\/\\\/i0.wp.com\\\/zeromagazine.mx\\\/wp-content\\\/uploads\\\/2025\\\/11\\\/1.jpeg?fit=1000%2C1000&ssl=1\",\"contentUrl\":\"https:\\\/\\\/i0.wp.com\\\/zeromagazine.mx\\\/wp-content\\\/uploads\\\/2025\\\/11\\\/1.jpeg?fit=1000%2C1000&ssl=1\",\"width\":1000,\"height\":1000,\"caption\":\"Zero Magazine\"},\"image\":{\"@id\":\"https:\\\/\\\/zeromagazine.mx\\\/#\\\/schema\\\/logo\\\/image\\\/\"},\"sameAs\":[\"https:\\\/\\\/instagram.com\\\/zeromagazinemx\"]},{\"@type\":\"Person\",\"@id\":\"https:\\\/\\\/zeromagazine.mx\\\/#\\\/schema\\\/person\\\/9aed9f33a7c39af3a348b86d723f7773\",\"name\":\"zeromagazinemx\",\"image\":{\"@type\":\"ImageObject\",\"inLanguage\":\"es\",\"@id\":\"https:\\\/\\\/zeromagazine.mx\\\/wp-content\\\/litespeed\\\/avatar\\\/f91dfe5410d5dcb1a576bf8c45983896.jpg?ver=1777571230\",\"url\":\"https:\\\/\\\/zeromagazine.mx\\\/wp-content\\\/litespeed\\\/avatar\\\/f91dfe5410d5dcb1a576bf8c45983896.jpg?ver=1777571230\",\"contentUrl\":\"https:\\\/\\\/zeromagazine.mx\\\/wp-content\\\/litespeed\\\/avatar\\\/f91dfe5410d5dcb1a576bf8c45983896.jpg?ver=1777571230\",\"caption\":\"zeromagazinemx\"},\"url\":\"https:\\\/\\\/zeromagazine.mx\\\/index.php\\\/author\\\/zeromagazinemx\\\/\"}]}<\/script>\n<!-- \/ Yoast SEO plugin. -->","yoast_head_json":{"title":"\"Pachanga Antirracista: Diversidad en Fiesta\" - Zero Magazine","robots":{"index":"index","follow":"follow","max-snippet":"max-snippet:-1","max-image-preview":"max-image-preview:large","max-video-preview":"max-video-preview:-1"},"canonical":"https:\/\/zeromagazine.mx\/index.php\/2024\/11\/25\/pachanga-antirracista-diversidad-en-fiesta\/","og_locale":"es_ES","og_type":"article","og_title":"\"Pachanga Antirracista: Diversidad en Fiesta\" - Zero Magazine","og_description":"\u00bfYa escuchaste del evento que est\u00e1 rompiendo esquemas? La tercera edici\u00f3n del&nbsp;Pachanga Antirracista&nbsp;llega a la CDMX y promete ser mucho m\u00e1s que un festival: es un llamado a la acci\u00f3n, una fiesta de resistencia y un espacio para reflexionar y celebrar la riqueza de la diversidad racial y cultural en M\u00e9xico. Del 5 al 8 [&hellip;]","og_url":"https:\/\/zeromagazine.mx\/index.php\/2024\/11\/25\/pachanga-antirracista-diversidad-en-fiesta\/","og_site_name":"Zero Magazine","article_published_time":"2024-11-25T20:21:36+00:00","article_modified_time":"2024-11-25T20:21:38+00:00","og_image":[{"width":1180,"height":716,"url":"http:\/\/zeromagazine.mx\/wp-content\/uploads\/2024\/11\/Captura-de-pantalla-2024-11-25-a-las-14.15.16.png","type":"image\/png"}],"author":"zeromagazinemx","twitter_card":"summary_large_image","twitter_misc":{"Escrito por":"zeromagazinemx","Tiempo de lectura":"4 minutos"},"schema":{"@context":"https:\/\/schema.org","@graph":[{"@type":"Article","@id":"https:\/\/zeromagazine.mx\/index.php\/2024\/11\/25\/pachanga-antirracista-diversidad-en-fiesta\/#article","isPartOf":{"@id":"https:\/\/zeromagazine.mx\/index.php\/2024\/11\/25\/pachanga-antirracista-diversidad-en-fiesta\/"},"author":{"name":"zeromagazinemx","@id":"https:\/\/zeromagazine.mx\/#\/schema\/person\/9aed9f33a7c39af3a348b86d723f7773"},"headline":"\u00abPachanga Antirracista: Diversidad en Fiesta\u00bb","datePublished":"2024-11-25T20:21:36+00:00","dateModified":"2024-11-25T20:21:38+00:00","mainEntityOfPage":{"@id":"https:\/\/zeromagazine.mx\/index.php\/2024\/11\/25\/pachanga-antirracista-diversidad-en-fiesta\/"},"wordCount":741,"commentCount":0,"publisher":{"@id":"https:\/\/zeromagazine.mx\/#organization"},"image":{"@id":"https:\/\/zeromagazine.mx\/index.php\/2024\/11\/25\/pachanga-antirracista-diversidad-en-fiesta\/#primaryimage"},"thumbnailUrl":"https:\/\/i0.wp.com\/zeromagazine.mx\/wp-content\/uploads\/2024\/11\/Captura-de-pantalla-2024-11-25-a-las-14.15.16.png?fit=1180%2C716&ssl=1","keywords":["diversidad y el cambio","Pachanga Antirracista","Secretar\u00eda de Cultura"],"articleSection":["Entretenimiento"],"inLanguage":"es","potentialAction":[{"@type":"CommentAction","name":"Comment","target":["https:\/\/zeromagazine.mx\/index.php\/2024\/11\/25\/pachanga-antirracista-diversidad-en-fiesta\/#respond"]}]},{"@type":"WebPage","@id":"https:\/\/zeromagazine.mx\/index.php\/2024\/11\/25\/pachanga-antirracista-diversidad-en-fiesta\/","url":"https:\/\/zeromagazine.mx\/index.php\/2024\/11\/25\/pachanga-antirracista-diversidad-en-fiesta\/","name":"\"Pachanga Antirracista: Diversidad en Fiesta\" - Zero Magazine","isPartOf":{"@id":"https:\/\/zeromagazine.mx\/#website"},"primaryImageOfPage":{"@id":"https:\/\/zeromagazine.mx\/index.php\/2024\/11\/25\/pachanga-antirracista-diversidad-en-fiesta\/#primaryimage"},"image":{"@id":"https:\/\/zeromagazine.mx\/index.php\/2024\/11\/25\/pachanga-antirracista-diversidad-en-fiesta\/#primaryimage"},"thumbnailUrl":"https:\/\/i0.wp.com\/zeromagazine.mx\/wp-content\/uploads\/2024\/11\/Captura-de-pantalla-2024-11-25-a-las-14.15.16.png?fit=1180%2C716&ssl=1","datePublished":"2024-11-25T20:21:36+00:00","dateModified":"2024-11-25T20:21:38+00:00","breadcrumb":{"@id":"https:\/\/zeromagazine.mx\/index.php\/2024\/11\/25\/pachanga-antirracista-diversidad-en-fiesta\/#breadcrumb"},"inLanguage":"es","potentialAction":[{"@type":"ReadAction","target":["https:\/\/zeromagazine.mx\/index.php\/2024\/11\/25\/pachanga-antirracista-diversidad-en-fiesta\/"]}]},{"@type":"ImageObject","inLanguage":"es","@id":"https:\/\/zeromagazine.mx\/index.php\/2024\/11\/25\/pachanga-antirracista-diversidad-en-fiesta\/#primaryimage","url":"https:\/\/i0.wp.com\/zeromagazine.mx\/wp-content\/uploads\/2024\/11\/Captura-de-pantalla-2024-11-25-a-las-14.15.16.png?fit=1180%2C716&ssl=1","contentUrl":"https:\/\/i0.wp.com\/zeromagazine.mx\/wp-content\/uploads\/2024\/11\/Captura-de-pantalla-2024-11-25-a-las-14.15.16.png?fit=1180%2C716&ssl=1","width":1180,"height":716},{"@type":"BreadcrumbList","@id":"https:\/\/zeromagazine.mx\/index.php\/2024\/11\/25\/pachanga-antirracista-diversidad-en-fiesta\/#breadcrumb","itemListElement":[{"@type":"ListItem","position":1,"name":"Portada","item":"https:\/\/zeromagazine.mx\/"},{"@type":"ListItem","position":2,"name":"\u00abPachanga Antirracista: Diversidad en Fiesta\u00bb"}]},{"@type":"WebSite","@id":"https:\/\/zeromagazine.mx\/#website","url":"https:\/\/zeromagazine.mx\/","name":"Zero Magazine","description":"","publisher":{"@id":"https:\/\/zeromagazine.mx\/#organization"},"potentialAction":[{"@type":"SearchAction","target":{"@type":"EntryPoint","urlTemplate":"https:\/\/zeromagazine.mx\/?s={search_term_string}"},"query-input":{"@type":"PropertyValueSpecification","valueRequired":true,"valueName":"search_term_string"}}],"inLanguage":"es"},{"@type":"Organization","@id":"https:\/\/zeromagazine.mx\/#organization","name":"Zero Magazine","url":"https:\/\/zeromagazine.mx\/","logo":{"@type":"ImageObject","inLanguage":"es","@id":"https:\/\/zeromagazine.mx\/#\/schema\/logo\/image\/","url":"https:\/\/i0.wp.com\/zeromagazine.mx\/wp-content\/uploads\/2025\/11\/1.jpeg?fit=1000%2C1000&ssl=1","contentUrl":"https:\/\/i0.wp.com\/zeromagazine.mx\/wp-content\/uploads\/2025\/11\/1.jpeg?fit=1000%2C1000&ssl=1","width":1000,"height":1000,"caption":"Zero Magazine"},"image":{"@id":"https:\/\/zeromagazine.mx\/#\/schema\/logo\/image\/"},"sameAs":["https:\/\/instagram.com\/zeromagazinemx"]},{"@type":"Person","@id":"https:\/\/zeromagazine.mx\/#\/schema\/person\/9aed9f33a7c39af3a348b86d723f7773","name":"zeromagazinemx","image":{"@type":"ImageObject","inLanguage":"es","@id":"https:\/\/zeromagazine.mx\/wp-content\/litespeed\/avatar\/f91dfe5410d5dcb1a576bf8c45983896.jpg?ver=1777571230","url":"https:\/\/zeromagazine.mx\/wp-content\/litespeed\/avatar\/f91dfe5410d5dcb1a576bf8c45983896.jpg?ver=1777571230","contentUrl":"https:\/\/zeromagazine.mx\/wp-content\/litespeed\/avatar\/f91dfe5410d5dcb1a576bf8c45983896.jpg?ver=1777571230","caption":"zeromagazinemx"},"url":"https:\/\/zeromagazine.mx\/index.php\/author\/zeromagazinemx\/"}]}},"jetpack_publicize_connections":[],"jetpack_featured_media_url":"https:\/\/i0.wp.com\/zeromagazine.mx\/wp-content\/uploads\/2024\/11\/Captura-de-pantalla-2024-11-25-a-las-14.15.16.png?fit=1180%2C716&ssl=1","jetpack-related-posts":[{"id":83646,"url":"https:\/\/zeromagazine.mx\/index.php\/2024\/09\/11\/vive-el-grito-en-oaxaca\/","url_meta":{"origin":91604,"position":0},"title":"Vive el Grito en Oaxaca","author":"zeromagazinemx","date":"11 de septiembre de 2024","format":false,"excerpt":"\u00a1Holaa, chiques! Si est\u00e1s buscando el destino perfecto para celebrar las fiestas patrias de M\u00e9xico, d\u00e9jame decirte que Oaxaca es la opci\u00f3n top. Este estado no solo es uno de los m\u00e1s vibrantes y culturalmente ricos de M\u00e9xico, sino que durante el mes de septiembre, su energ\u00eda festiva es simplemente\u2026","rel":"","context":"En \u00abViajes\u00bb","block_context":{"text":"Viajes","link":"https:\/\/zeromagazine.mx\/index.php\/category\/lugares\/"},"img":{"alt_text":"","src":"https:\/\/i0.wp.com\/zeromagazine.mx\/wp-content\/uploads\/2024\/09\/HN2-1.png?fit=1048%2C1042&ssl=1&resize=350%2C200","width":350,"height":200,"srcset":"https:\/\/i0.wp.com\/zeromagazine.mx\/wp-content\/uploads\/2024\/09\/HN2-1.png?fit=1048%2C1042&ssl=1&resize=350%2C200 1x, https:\/\/i0.wp.com\/zeromagazine.mx\/wp-content\/uploads\/2024\/09\/HN2-1.png?fit=1048%2C1042&ssl=1&resize=525%2C300 1.5x, https:\/\/i0.wp.com\/zeromagazine.mx\/wp-content\/uploads\/2024\/09\/HN2-1.png?fit=1048%2C1042&ssl=1&resize=700%2C400 2x"},"classes":[]},{"id":84561,"url":"https:\/\/zeromagazine.mx\/index.php\/2024\/09\/25\/culture-business-pride-vibes-inclusivos\/","url_meta":{"origin":91604,"position":1},"title":"\u00abCulture &amp; Business Pride: Vibes Inclusivos\u00bb","author":"zeromagazinemx","date":"25 de septiembre de 2024","format":false,"excerpt":"\u00a1Holaa a todes! \u00bfListxs para vivir una experiencia \u00fanica que celebra la diversidad, la inclusi\u00f3n y el arte? El Culture & Business Pride est\u00e1 de regreso, y esta vez viene m\u00e1s fuerte que nunca. Imagina un festival que no solo se centra en los derechos del colectivo LGTBIQ+, sino que\u2026","rel":"","context":"En \u00abEntretenimiento\u00bb","block_context":{"text":"Entretenimiento","link":"https:\/\/zeromagazine.mx\/index.php\/category\/entretenimiento\/"},"img":{"alt_text":"","src":"https:\/\/i0.wp.com\/zeromagazine.mx\/wp-content\/uploads\/2024\/09\/cpride024sep-3-3-1.jpg?fit=700%2C875&ssl=1&resize=350%2C200","width":350,"height":200,"srcset":"https:\/\/i0.wp.com\/zeromagazine.mx\/wp-content\/uploads\/2024\/09\/cpride024sep-3-3-1.jpg?fit=700%2C875&ssl=1&resize=350%2C200 1x, https:\/\/i0.wp.com\/zeromagazine.mx\/wp-content\/uploads\/2024\/09\/cpride024sep-3-3-1.jpg?fit=700%2C875&ssl=1&resize=525%2C300 1.5x, https:\/\/i0.wp.com\/zeromagazine.mx\/wp-content\/uploads\/2024\/09\/cpride024sep-3-3-1.jpg?fit=700%2C875&ssl=1&resize=700%2C400 2x"},"classes":[]},{"id":84053,"url":"https:\/\/zeromagazine.mx\/index.php\/2024\/09\/18\/tqmx-moda-mexa-increible\/","url_meta":{"origin":91604,"position":2},"title":"\u00a1TQMx: Moda Mexa Incre\u00edble!","author":"zeromagazinemx","date":"18 de septiembre de 2024","format":false,"excerpt":"\u00bfYa te enteraste? SHEIN acaba de lanzar su nueva colecci\u00f3n \"TQMx\" y est\u00e1 revolucionando el mundo de la moda. Si buscas algo fresco, divertido y que celebre nuestra cultura, sigue leyendo, porque te voy a contar todo sobre esta colecci\u00f3n que est\u00e1 en boca de todes, y la experiencia inmersiva\u2026","rel":"","context":"En \u00abModa\u00bb","block_context":{"text":"Moda","link":"https:\/\/zeromagazine.mx\/index.php\/category\/moda\/"},"img":{"alt_text":"","src":"https:\/\/i0.wp.com\/zeromagazine.mx\/wp-content\/uploads\/2024\/09\/TQMx-1.jpg?fit=1200%2C608&ssl=1&resize=350%2C200","width":350,"height":200,"srcset":"https:\/\/i0.wp.com\/zeromagazine.mx\/wp-content\/uploads\/2024\/09\/TQMx-1.jpg?fit=1200%2C608&ssl=1&resize=350%2C200 1x, https:\/\/i0.wp.com\/zeromagazine.mx\/wp-content\/uploads\/2024\/09\/TQMx-1.jpg?fit=1200%2C608&ssl=1&resize=525%2C300 1.5x, https:\/\/i0.wp.com\/zeromagazine.mx\/wp-content\/uploads\/2024\/09\/TQMx-1.jpg?fit=1200%2C608&ssl=1&resize=700%2C400 2x, https:\/\/i0.wp.com\/zeromagazine.mx\/wp-content\/uploads\/2024\/09\/TQMx-1.jpg?fit=1200%2C608&ssl=1&resize=1050%2C600 3x"},"classes":[]},{"id":56448,"url":"https:\/\/zeromagazine.mx\/index.php\/2021\/10\/22\/presenta-gobierno-capitalino-desfile-internacional-del-dia-de-muertos-celebrando-la-vida-en-la-ciudad-de-mexico\/","url_meta":{"origin":91604,"position":3},"title":"Desfile internacional del d\u00eda de muertos \u201ccelebrando la vida\u201d en la Ciudad de M\u00e9xico","author":"zeromagazinemx","date":"22 de octubre de 2021","format":false,"excerpt":"Se llevar\u00e1 a cabo el pr\u00f3ximo domingo 31 de octubre a las 12:00 horas con un recorrido que consta de 8.7 kil\u00f3metros desde el Z\u00f3calo hasta Campo Marte; tendr\u00e1 un protocolo de medidas sanitarias. Por Marian Ricco La jefa de Gobierno dijo que el evento se realiza gracias al avance\u2026","rel":"","context":"En \u00abEntretenimiento\u00bb","block_context":{"text":"Entretenimiento","link":"https:\/\/zeromagazine.mx\/index.php\/category\/entretenimiento\/"},"img":{"alt_text":"","src":"https:\/\/i0.wp.com\/zeromagazinemx.wpcomstaging.com\/wp-content\/uploads\/2022\/02\/ef466-dia-de-muertoscelebrando-la-vida.jpg?resize=350%2C200&ssl=1","width":350,"height":200,"srcset":"https:\/\/i0.wp.com\/zeromagazinemx.wpcomstaging.com\/wp-content\/uploads\/2022\/02\/ef466-dia-de-muertoscelebrando-la-vida.jpg?resize=350%2C200&ssl=1 1x, https:\/\/i0.wp.com\/zeromagazinemx.wpcomstaging.com\/wp-content\/uploads\/2022\/02\/ef466-dia-de-muertoscelebrando-la-vida.jpg?resize=525%2C300&ssl=1 1.5x, https:\/\/i0.wp.com\/zeromagazinemx.wpcomstaging.com\/wp-content\/uploads\/2022\/02\/ef466-dia-de-muertoscelebrando-la-vida.jpg?resize=700%2C400&ssl=1 2x"},"classes":[]},{"id":105892,"url":"https:\/\/zeromagazine.mx\/index.php\/2025\/06\/11\/pride-togheter-en-hotel-reforma-una-fiesta-de-libertad\/","url_meta":{"origin":91604,"position":4},"title":"PRIDE TOGETHER en Hotel Reforma: Una fiesta de libertad","author":"David Morales","date":"11 de junio de 2025","format":false,"excerpt":"Amix, estamos en junio y no solo el calor se viene intensos, pues tambi\u00e9n el Pride 2025 viene con todo y no es cualquier plan improvisado: es la cita m\u00e1s electrizante del mes \ud83c\udf08. Y por eso este a\u00f1o, despu\u00e9s de la Marcha del Orgullo en CDMX, el Antiguo Hotel\u2026","rel":"","context":"En \u00abCultura\u00bb","block_context":{"text":"Cultura","link":"https:\/\/zeromagazine.mx\/index.php\/category\/cultura\/"},"img":{"alt_text":"","src":"https:\/\/i0.wp.com\/zeromagazine.mx\/wp-content\/uploads\/2025\/06\/image.png?fit=1070%2C874&ssl=1&resize=350%2C200","width":350,"height":200,"srcset":"https:\/\/i0.wp.com\/zeromagazine.mx\/wp-content\/uploads\/2025\/06\/image.png?fit=1070%2C874&ssl=1&resize=350%2C200 1x, https:\/\/i0.wp.com\/zeromagazine.mx\/wp-content\/uploads\/2025\/06\/image.png?fit=1070%2C874&ssl=1&resize=525%2C300 1.5x, https:\/\/i0.wp.com\/zeromagazine.mx\/wp-content\/uploads\/2025\/06\/image.png?fit=1070%2C874&ssl=1&resize=700%2C400 2x, https:\/\/i0.wp.com\/zeromagazine.mx\/wp-content\/uploads\/2025\/06\/image.png?fit=1070%2C874&ssl=1&resize=1050%2C600 3x"},"classes":[]},{"id":82195,"url":"https:\/\/zeromagazine.mx\/index.php\/2024\/08\/20\/miss-universe-mx-2024-glam-en-cancun\/","url_meta":{"origin":91604,"position":5},"title":"\u00abMiss Universe MX 2024: Glam en Canc\u00fan\u00bb","author":"zeromagazinemx","date":"20 de agosto de 2024","format":false,"excerpt":"\u00bfSi pensabas que Canc\u00fan solo era para spring breakers y las mejores playas? Prep\u00e1rate este 7 de septiembre, la ciudad se convertir\u00e1 en el epicentro del glamour con la gran final de\u00a0Miss Universe M\u00e9xico 2024. Imag\u00ednate, 33 chavas de todo M\u00e9xico (y una representante internacional) compitiendo por la corona que\u2026","rel":"","context":"En \u00abEntretenimiento\u00bb","block_context":{"text":"Entretenimiento","link":"https:\/\/zeromagazine.mx\/index.php\/category\/entretenimiento\/"},"img":{"alt_text":"","src":"https:\/\/i0.wp.com\/zeromagazine.mx\/wp-content\/uploads\/2024\/08\/IMG_2721.jpg?fit=1200%2C1200&ssl=1&resize=350%2C200","width":350,"height":200,"srcset":"https:\/\/i0.wp.com\/zeromagazine.mx\/wp-content\/uploads\/2024\/08\/IMG_2721.jpg?fit=1200%2C1200&ssl=1&resize=350%2C200 1x, https:\/\/i0.wp.com\/zeromagazine.mx\/wp-content\/uploads\/2024\/08\/IMG_2721.jpg?fit=1200%2C1200&ssl=1&resize=525%2C300 1.5x, https:\/\/i0.wp.com\/zeromagazine.mx\/wp-content\/uploads\/2024\/08\/IMG_2721.jpg?fit=1200%2C1200&ssl=1&resize=700%2C400 2x, https:\/\/i0.wp.com\/zeromagazine.mx\/wp-content\/uploads\/2024\/08\/IMG_2721.jpg?fit=1200%2C1200&ssl=1&resize=1050%2C600 3x"},"classes":[]}],"jetpack_sharing_enabled":true,"builder_content":"","_links":{"self":[{"href":"https:\/\/zeromagazine.mx\/index.php\/wp-json\/wp\/v2\/posts\/91604","targetHints":{"allow":["GET"]}}],"collection":[{"href":"https:\/\/zeromagazine.mx\/index.php\/wp-json\/wp\/v2\/posts"}],"about":[{"href":"https:\/\/zeromagazine.mx\/index.php\/wp-json\/wp\/v2\/types\/post"}],"author":[{"embeddable":true,"href":"https:\/\/zeromagazine.mx\/index.php\/wp-json\/wp\/v2\/users\/2"}],"replies":[{"embeddable":true,"href":"https:\/\/zeromagazine.mx\/index.php\/wp-json\/wp\/v2\/comments?post=91604"}],"version-history":[{"count":3,"href":"https:\/\/zeromagazine.mx\/index.php\/wp-json\/wp\/v2\/posts\/91604\/revisions"}],"predecessor-version":[{"id":91620,"href":"https:\/\/zeromagazine.mx\/index.php\/wp-json\/wp\/v2\/posts\/91604\/revisions\/91620"}],"wp:featuredmedia":[{"embeddable":true,"href":"https:\/\/zeromagazine.mx\/index.php\/wp-json\/wp\/v2\/media\/91610"}],"wp:attachment":[{"href":"https:\/\/zeromagazine.mx\/index.php\/wp-json\/wp\/v2\/media?parent=91604"}],"wp:term":[{"taxonomy":"category","embeddable":true,"href":"https:\/\/zeromagazine.mx\/index.php\/wp-json\/wp\/v2\/categories?post=91604"},{"taxonomy":"post_tag","embeddable":true,"href":"https:\/\/zeromagazine.mx\/index.php\/wp-json\/wp\/v2\/tags?post=91604"}],"curies":[{"name":"wp","href":"https:\/\/api.w.org\/{rel}","templated":true}]}}