{"id":91832,"date":"2024-11-26T22:28:54","date_gmt":"2024-11-26T21:28:54","guid":{"rendered":"https:\/\/zeromagazine.mx\/?p=91832"},"modified":"2024-11-26T22:28:56","modified_gmt":"2024-11-26T21:28:56","slug":"monday-haircare-tu-melena-tu-vibe","status":"publish","type":"post","link":"https:\/\/zeromagazine.mx\/index.php\/2024\/11\/26\/monday-haircare-tu-melena-tu-vibe\/","title":{"rendered":"\u00abMonday Haircare: Tu Melena, Tu Vibe\u00bb"},"content":{"rendered":"<!--themify_builder_content-->\n<div id=\"themify_builder_content-91832\" data-postid=\"91832\" class=\"themify_builder_content themify_builder_content-91832 themify_builder tf_clear\">\n    <\/div>\n<!--\/themify_builder_content-->\n\n\n<p>\u00bfQu\u00e9 opinas de los lunes? Sabemos que para muchos es un d\u00eda dif\u00edcil de superar, pero, \u00bfy si te dijera que en lugar de verlo como el peor d\u00eda de la semana, pudieras verlo como una oportunidad para comenzar de nuevo? Monday Haircare llega para cambiar por completo la forma en que nos enfrentamos a la rutina, y s\u00ed, eso incluye darle a tu cabello el amor que se merece desde el primer d\u00eda de la semana. Porque el lunes no es solo un d\u00eda m\u00e1s, \u00a1es el mejor d\u00eda para empezar a cuidarte!<\/p>\n\n\n\n<p>Monday Haircare, la marca que se ha ganado el coraz\u00f3n de muchos, propone que este d\u00eda sea el momento perfecto para ponerle pausa al caos y empezar con una actitud renovada. \u00bfY c\u00f3mo? \u00a1Con un buen autocuidado que te haga sentir fresh, plena y ready to take on the week!<\/p>\n\n\n\n<p>Ahora, la marca que siempre ha cre\u00eddo en el poder del autocuidado y la buena energ\u00eda aterriza con su l\u00ednea de productos en Sally Beauty M\u00e9xico, con opciones dise\u00f1adas espec\u00edficamente para todas esas chicas que buscan un cambio real en su rutina capilar. En esta ocasi\u00f3n, Monday Haircare trae sus productos m\u00e1s top para hidrataci\u00f3n, reparaci\u00f3n y volumen, con la misi\u00f3n de transformarte desde la ra\u00edz hasta las puntas.<\/p>\n\n\n\n<h3 class=\"wp-block-heading\">\u00a1Es Hora de Cambiar el Juego!<\/h3>\n\n\n\n<figure class=\"wp-block-image size-full is-resized\"><img data-recalc-dims=\"1\" decoding=\"async\" width=\"1165\" height=\"1165\" src=\"https:\/\/i0.wp.com\/zeromagazine.mx\/wp-content\/uploads\/2024\/11\/Leavein.repair.webp?resize=1165%2C1165&#038;ssl=1\" alt=\"\" class=\"wp-image-91833\" style=\"width:1451px;height:auto\" srcset=\"https:\/\/i0.wp.com\/zeromagazine.mx\/wp-content\/uploads\/2024\/11\/Leavein.repair.webp?w=1600&amp;ssl=1 1600w, https:\/\/i0.wp.com\/zeromagazine.mx\/wp-content\/uploads\/2024\/11\/Leavein.repair.webp?resize=300%2C300&amp;ssl=1 300w, https:\/\/i0.wp.com\/zeromagazine.mx\/wp-content\/uploads\/2024\/11\/Leavein.repair.webp?resize=1024%2C1024&amp;ssl=1 1024w, https:\/\/i0.wp.com\/zeromagazine.mx\/wp-content\/uploads\/2024\/11\/Leavein.repair.webp?resize=150%2C150&amp;ssl=1 150w, https:\/\/i0.wp.com\/zeromagazine.mx\/wp-content\/uploads\/2024\/11\/Leavein.repair.webp?resize=768%2C768&amp;ssl=1 768w, https:\/\/i0.wp.com\/zeromagazine.mx\/wp-content\/uploads\/2024\/11\/Leavein.repair.webp?resize=1536%2C1536&amp;ssl=1 1536w\" sizes=\"(max-width: 1165px) 100vw, 1165px\" \/><\/figure>\n\n\n\n\n<script async src=\"https:\/\/pagead2.googlesyndication.com\/pagead\/js\/adsbygoogle.js?client=ca-pub-5499304793904745\"\n     crossorigin=\"anonymous\"><\/script>\n<ins class=\"adsbygoogle\"\n     style=\"display:block; text-align:center;\"\n     data-ad-layout=\"in-article\"\n     data-ad-format=\"fluid\"\n     data-ad-client=\"ca-pub-5499304793904745\"\n     data-ad-slot=\"5994863093\"><\/ins>\n<script>\n     (adsbygoogle = window.adsbygoogle || []).push({});\n<\/script>\n\n\n\n<p>Si tu cabello se siente seco, opaco o sin vida, no est\u00e1s sola. Todas hemos pasado por esos d\u00edas en los que no sabemos qu\u00e9 hacer con nuestro cabello porque simplemente no coopera. Pero, girl, Monday Haircare tiene la soluci\u00f3n perfecta para que esa melena vuelva a brillar, y lo mejor de todo, \u00a1sin complicaciones! Ahora, con el lanzamiento de los nuevos productos de Monday, podr\u00e1s darle a tu cabello todo lo que necesita para que se vea y se sienta incre\u00edble, sin importar el tipo de cabello que tengas.<\/p>\n\n\n\n<p>Uno de los lanzamientos m\u00e1s emocionantes es el&nbsp;<strong>Acondicionador Leave-in Repair<\/strong>&nbsp;y el&nbsp;<strong>Acondicionador Leave-in Moisture<\/strong>, que llegan para revolucionar tu rutina. Lo mejor de estos productos es que no necesitas enjuagar nada. Solo apl\u00edcalos y listo, \u00a1ya puedes salir de casa con el cabello hidratado, reparado y nutrido durante todo el d\u00eda! Ya no m\u00e1s preocupaciones por el frizz, las puntas abiertas o el mal manejo del cabello.<\/p>\n\n\n\n<p>Estos acondicionadores Leave-in no solo te dan la comodidad de aplicarlos sin complicaciones, sino que tambi\u00e9n cuentan con una f\u00f3rmula ligera pero efectiva, que hidrata profundamente tu cabello sin que quede pesado o grasoso. Al contrario, lo deja suave, brillante y manejable, lo que hace que tu melena se vea tan fresca como el d\u00eda en que la lavaste.<\/p>\n\n\n\n<h3 class=\"wp-block-heading\">Los Beneficios Que Necesitas Para Iniciar la Semana Con Toda<\/h3>\n\n\n\n<p>Sabemos que tu cabello es tu carta de presentaci\u00f3n, por eso darle los cuidados correctos es esencial. Pero a veces, la vida puede ser tan ca\u00f3tica que no tienes tiempo para ponerte a hacerte tratamientos complicados ni usar mil productos. Monday Haircare entendi\u00f3 eso y dise\u00f1\u00f3 esta l\u00ednea con el objetivo de que tu rutina de cuidado capilar sea tan f\u00e1cil y r\u00e1pida como disfrutar de tu latte en la ma\u00f1ana. \u00a1Un combo perfecto!<\/p>\n\n\n\n<h4 class=\"wp-block-heading\">Hidrataci\u00f3n Intensiva:<\/h4>\n\n\n\n<p>Uno de los problemas m\u00e1s comunes que muchas personas enfrentan con su cabello es la falta de hidrataci\u00f3n. Si tu melena tiende a verse seca o \u00e1spera, estos acondicionadores son tus nuevos BFFs. La f\u00f3rmula de Monday Haircare est\u00e1 pensada para penetrar profundamente en la fibra capilar, restaurando la hidrataci\u00f3n y dejando tu cabello con una textura s\u00faper suave. Ya no m\u00e1s ese look seco o sin vida; \u00a1ahora tu melena brillar\u00e1 de adentro hacia afuera!<\/p>\n\n\n\n<h4 class=\"wp-block-heading\">Reparaci\u00f3n al Instante:<\/h4>\n\n\n\n<p>Tu cabello pasa por mucho durante la semana. El estr\u00e9s, la contaminaci\u00f3n, el uso constante de calor\u2026 Todo eso contribuye a que tu melena se debilite. Los productos de Monday Haircare no solo hidratan, sino que tambi\u00e9n reparan. Gracias a su f\u00f3rmula avanzada, tu cabello comenzar\u00e1 a recuperarse, lo que lo hace perfecto para aquellos d\u00edas en los que m\u00e1s lo necesitas.<\/p>\n\n\n\n<h4 class=\"wp-block-heading\">Volumen y Movimiento:<\/h4>\n\n\n\n<figure class=\"wp-block-image size-full is-resized\"><img data-recalc-dims=\"1\" decoding=\"async\" width=\"1165\" height=\"777\" src=\"https:\/\/i0.wp.com\/zeromagazine.mx\/wp-content\/uploads\/2024\/11\/MONDAY-Haircare_STUDIOSELECT_Shot_4-scaled.jpg?resize=1165%2C777&#038;ssl=1\" alt=\"\" class=\"wp-image-91834\" style=\"width:1451px;height:auto\" srcset=\"https:\/\/i0.wp.com\/zeromagazine.mx\/wp-content\/uploads\/2024\/11\/MONDAY-Haircare_STUDIOSELECT_Shot_4-scaled.jpg?w=2560&amp;ssl=1 2560w, https:\/\/i0.wp.com\/zeromagazine.mx\/wp-content\/uploads\/2024\/11\/MONDAY-Haircare_STUDIOSELECT_Shot_4-scaled.jpg?resize=300%2C200&amp;ssl=1 300w, https:\/\/i0.wp.com\/zeromagazine.mx\/wp-content\/uploads\/2024\/11\/MONDAY-Haircare_STUDIOSELECT_Shot_4-scaled.jpg?resize=1024%2C683&amp;ssl=1 1024w, https:\/\/i0.wp.com\/zeromagazine.mx\/wp-content\/uploads\/2024\/11\/MONDAY-Haircare_STUDIOSELECT_Shot_4-scaled.jpg?resize=768%2C512&amp;ssl=1 768w, https:\/\/i0.wp.com\/zeromagazine.mx\/wp-content\/uploads\/2024\/11\/MONDAY-Haircare_STUDIOSELECT_Shot_4-scaled.jpg?resize=1536%2C1025&amp;ssl=1 1536w, https:\/\/i0.wp.com\/zeromagazine.mx\/wp-content\/uploads\/2024\/11\/MONDAY-Haircare_STUDIOSELECT_Shot_4-scaled.jpg?resize=2048%2C1366&amp;ssl=1 2048w, https:\/\/i0.wp.com\/zeromagazine.mx\/wp-content\/uploads\/2024\/11\/MONDAY-Haircare_STUDIOSELECT_Shot_4-scaled.jpg?w=2330 2330w\" sizes=\"(max-width: 1165px) 100vw, 1165px\" \/><\/figure>\n\n\n\n\n<script async src=\"https:\/\/pagead2.googlesyndication.com\/pagead\/js\/adsbygoogle.js?client=ca-pub-5499304793904745\"\n     crossorigin=\"anonymous\"><\/script>\n<ins class=\"adsbygoogle\"\n     style=\"display:block; text-align:center;\"\n     data-ad-layout=\"in-article\"\n     data-ad-format=\"fluid\"\n     data-ad-client=\"ca-pub-5499304793904745\"\n     data-ad-slot=\"5994863093\"><\/ins>\n<script>\n     (adsbygoogle = window.adsbygoogle || []).push({});\n<\/script>\n\n\n\n<p>A todas nos encanta tener ese volumen extra que hace que nuestro cabello se vea m\u00e1s lleno y con cuerpo. Y s\u00ed, Monday tambi\u00e9n tiene algo para esto. Con sus acondicionadores, tu cabello se ver\u00e1 m\u00e1s manejable, pero sin perder esa sensaci\u00f3n de naturalidad. El volumen que aportan estos productos te har\u00e1 sentir que tienes una melena de ensue\u00f1o, lista para cualquier momento del d\u00eda.<\/p>\n\n\n\n<h4 class=\"wp-block-heading\">No M\u00e1s Pretextos:<\/h4>\n\n\n\n<p>Sabemos que el tiempo nunca sobra, y que a veces preferimos quedarnos unos minutos m\u00e1s en la cama que perder tiempo con una rutina de belleza s\u00faper larga. Lo bueno es que con los acondicionadores Leave-in de Monday Haircare, todo es m\u00e1s r\u00e1pido. Solo apl\u00edcalos despu\u00e9s de tu ducha, p\u00e9inate y listo, \u00a1prep\u00e1rate para conquistar el mundo con tu melena!<\/p>\n\n\n\n<h3 class=\"wp-block-heading\">\u00a1Es Momento de Darle a Tu Cabello el Cuidado que Se Merece!<\/h3>\n\n\n\n<figure class=\"wp-block-image size-full is-resized\"><img data-recalc-dims=\"1\" decoding=\"async\" width=\"1165\" height=\"1165\" src=\"https:\/\/i0.wp.com\/zeromagazine.mx\/wp-content\/uploads\/2024\/11\/suavisante-acondicionador.png?resize=1165%2C1165&#038;ssl=1\" alt=\"\" class=\"wp-image-91835\" style=\"width:1451px;height:auto\" srcset=\"https:\/\/i0.wp.com\/zeromagazine.mx\/wp-content\/uploads\/2024\/11\/suavisante-acondicionador.png?w=2000&amp;ssl=1 2000w, https:\/\/i0.wp.com\/zeromagazine.mx\/wp-content\/uploads\/2024\/11\/suavisante-acondicionador.png?resize=300%2C300&amp;ssl=1 300w, https:\/\/i0.wp.com\/zeromagazine.mx\/wp-content\/uploads\/2024\/11\/suavisante-acondicionador.png?resize=1024%2C1024&amp;ssl=1 1024w, https:\/\/i0.wp.com\/zeromagazine.mx\/wp-content\/uploads\/2024\/11\/suavisante-acondicionador.png?resize=150%2C150&amp;ssl=1 150w, https:\/\/i0.wp.com\/zeromagazine.mx\/wp-content\/uploads\/2024\/11\/suavisante-acondicionador.png?resize=768%2C768&amp;ssl=1 768w, https:\/\/i0.wp.com\/zeromagazine.mx\/wp-content\/uploads\/2024\/11\/suavisante-acondicionador.png?resize=1536%2C1536&amp;ssl=1 1536w\" sizes=\"(max-width: 1165px) 100vw, 1165px\" \/><\/figure>\n\n\n\n\n<script async src=\"https:\/\/pagead2.googlesyndication.com\/pagead\/js\/adsbygoogle.js?client=ca-pub-5499304793904745\"\n     crossorigin=\"anonymous\"><\/script>\n<ins class=\"adsbygoogle\"\n     style=\"display:block; text-align:center;\"\n     data-ad-layout=\"in-article\"\n     data-ad-format=\"fluid\"\n     data-ad-client=\"ca-pub-5499304793904745\"\n     data-ad-slot=\"5994863093\"><\/ins>\n<script>\n     (adsbygoogle = window.adsbygoogle || []).push({});\n<\/script>\n\n\n\n<p>Ya puedes empezar a incorporar estos incre\u00edbles productos en tu rutina de belleza, solo entra al sitio web de&nbsp;<strong>Monday Haircare<\/strong>&nbsp;y haz tu compra, o si prefieres algo m\u00e1s personalizado, visita las tiendas f\u00edsicas para una experiencia de compra m\u00e1s cercana. \u00bfLo mejor de todo? \u00a1No tienes que ser una experta para obtener resultados de alta calidad!<\/p>\n\n\n\n<h3 class=\"wp-block-heading\">\u00bfPor Qu\u00e9 Es El Momento Perfecto para Probarlos?<\/h3>\n\n\n\n<p>Adem\u00e1s de ofrecerte una rutina s\u00faper f\u00e1cil de seguir,&nbsp;<strong>Monday Haircare<\/strong>&nbsp;est\u00e1 comprometido con el bienestar de tu cabello y el planeta. Sus productos est\u00e1n formulados con ingredientes naturales y est\u00e1n dise\u00f1ados para cuidar el medio ambiente, lo que significa que no solo tu cabello se ver\u00e1 incre\u00edble, sino que tambi\u00e9n estar\u00e1s contribuyendo a un futuro m\u00e1s sostenible.<\/p>\n\n\n\n<p>\u00bfQu\u00e9 esperas para probarlos? Haz que cada lunes sea el comienzo de algo incre\u00edble para ti y para tu cabello. \u00a1Dale ese boost de hidrataci\u00f3n, reparaci\u00f3n y volumen con los productos de Monday Haircare y si\u00e9ntete incre\u00edble toda la semana!<\/p>","protected":false},"excerpt":{"rendered":"<p>\u00bfQu\u00e9 opinas de los lunes? Sabemos que para muchos es un d\u00eda dif\u00edcil de superar, pero, \u00bfy si te dijera que en lugar de verlo como el peor d\u00eda de la semana, pudieras verlo como una oportunidad para comenzar de nuevo? Monday Haircare llega para cambiar por completo la forma en que nos enfrentamos a [&hellip;]<\/p>\n","protected":false},"author":2,"featured_media":91834,"comment_status":"open","ping_status":"open","sticky":false,"template":"","format":"standard","meta":{"_jetpack_memberships_contains_paid_content":false,"footnotes":"","jetpack_publicize_message":"","jetpack_publicize_feature_enabled":true,"jetpack_social_post_already_shared":true,"jetpack_social_options":{"image_generator_settings":{"template":"highway","default_image_id":0,"font":"","enabled":false},"version":2}},"categories":[9858],"tags":[8953,11815],"class_list":["post-91832","post","type-post","status-publish","format-standard","has-post-thumbnail","hentry","category-beauty","tag-monday-haircare","tag-sally-beauty-mexico","has-post-title","has-post-date","has-post-category","has-post-tag","has-post-comment","has-post-author",""],"yoast_head":"<!-- This site is optimized with the Yoast SEO plugin v27.5 - https:\/\/yoast.com\/product\/yoast-seo-wordpress\/ -->\n<title>&quot;Monday Haircare: Tu Melena, Tu Vibe&quot; - Zero Magazine<\/title>\n<meta name=\"robots\" content=\"index, follow, max-snippet:-1, max-image-preview:large, max-video-preview:-1\" \/>\n<link rel=\"canonical\" href=\"https:\/\/zeromagazine.mx\/index.php\/2024\/11\/26\/monday-haircare-tu-melena-tu-vibe\/\" \/>\n<meta property=\"og:locale\" content=\"es_ES\" \/>\n<meta property=\"og:type\" content=\"article\" \/>\n<meta property=\"og:title\" content=\"&quot;Monday Haircare: Tu Melena, Tu Vibe&quot; - Zero Magazine\" \/>\n<meta property=\"og:description\" content=\"\u00bfQu\u00e9 opinas de los lunes? Sabemos que para muchos es un d\u00eda dif\u00edcil de superar, pero, \u00bfy si te dijera que en lugar de verlo como el peor d\u00eda de la semana, pudieras verlo como una oportunidad para comenzar de nuevo? Monday Haircare llega para cambiar por completo la forma en que nos enfrentamos a [&hellip;]\" \/>\n<meta property=\"og:url\" content=\"https:\/\/zeromagazine.mx\/index.php\/2024\/11\/26\/monday-haircare-tu-melena-tu-vibe\/\" \/>\n<meta property=\"og:site_name\" content=\"Zero Magazine\" \/>\n<meta property=\"article:published_time\" content=\"2024-11-26T21:28:54+00:00\" \/>\n<meta property=\"article:modified_time\" content=\"2024-11-26T21:28:56+00:00\" \/>\n<meta property=\"og:image\" content=\"http:\/\/zeromagazine.mx\/wp-content\/uploads\/2024\/11\/MONDAY-Haircare_STUDIOSELECT_Shot_4-scaled.jpg\" \/>\n\t<meta property=\"og:image:width\" content=\"2560\" \/>\n\t<meta property=\"og:image:height\" content=\"1708\" \/>\n\t<meta property=\"og:image:type\" content=\"image\/jpeg\" \/>\n<meta name=\"author\" content=\"zeromagazinemx\" \/>\n<meta name=\"twitter:card\" content=\"summary_large_image\" \/>\n<meta name=\"twitter:label1\" content=\"Escrito por\" \/>\n\t<meta name=\"twitter:data1\" content=\"zeromagazinemx\" \/>\n\t<meta name=\"twitter:label2\" content=\"Tiempo de lectura\" \/>\n\t<meta name=\"twitter:data2\" content=\"6 minutos\" \/>\n<script type=\"application\/ld+json\" class=\"yoast-schema-graph\">{\"@context\":\"https:\\\/\\\/schema.org\",\"@graph\":[{\"@type\":\"Article\",\"@id\":\"https:\\\/\\\/zeromagazine.mx\\\/index.php\\\/2024\\\/11\\\/26\\\/monday-haircare-tu-melena-tu-vibe\\\/#article\",\"isPartOf\":{\"@id\":\"https:\\\/\\\/zeromagazine.mx\\\/index.php\\\/2024\\\/11\\\/26\\\/monday-haircare-tu-melena-tu-vibe\\\/\"},\"author\":{\"name\":\"zeromagazinemx\",\"@id\":\"https:\\\/\\\/zeromagazine.mx\\\/#\\\/schema\\\/person\\\/9aed9f33a7c39af3a348b86d723f7773\"},\"headline\":\"\u00abMonday Haircare: Tu Melena, Tu Vibe\u00bb\",\"datePublished\":\"2024-11-26T21:28:54+00:00\",\"dateModified\":\"2024-11-26T21:28:56+00:00\",\"mainEntityOfPage\":{\"@id\":\"https:\\\/\\\/zeromagazine.mx\\\/index.php\\\/2024\\\/11\\\/26\\\/monday-haircare-tu-melena-tu-vibe\\\/\"},\"wordCount\":1072,\"commentCount\":0,\"publisher\":{\"@id\":\"https:\\\/\\\/zeromagazine.mx\\\/#organization\"},\"image\":{\"@id\":\"https:\\\/\\\/zeromagazine.mx\\\/index.php\\\/2024\\\/11\\\/26\\\/monday-haircare-tu-melena-tu-vibe\\\/#primaryimage\"},\"thumbnailUrl\":\"https:\\\/\\\/i0.wp.com\\\/zeromagazine.mx\\\/wp-content\\\/uploads\\\/2024\\\/11\\\/MONDAY-Haircare_STUDIOSELECT_Shot_4-scaled.jpg?fit=2560%2C1708&ssl=1\",\"keywords\":[\"Monday Haircare\",\"Sally Beauty M\u00e9xico\"],\"articleSection\":[\"Beauty\"],\"inLanguage\":\"es\",\"potentialAction\":[{\"@type\":\"CommentAction\",\"name\":\"Comment\",\"target\":[\"https:\\\/\\\/zeromagazine.mx\\\/index.php\\\/2024\\\/11\\\/26\\\/monday-haircare-tu-melena-tu-vibe\\\/#respond\"]}]},{\"@type\":\"WebPage\",\"@id\":\"https:\\\/\\\/zeromagazine.mx\\\/index.php\\\/2024\\\/11\\\/26\\\/monday-haircare-tu-melena-tu-vibe\\\/\",\"url\":\"https:\\\/\\\/zeromagazine.mx\\\/index.php\\\/2024\\\/11\\\/26\\\/monday-haircare-tu-melena-tu-vibe\\\/\",\"name\":\"\\\"Monday Haircare: Tu Melena, Tu Vibe\\\" - Zero Magazine\",\"isPartOf\":{\"@id\":\"https:\\\/\\\/zeromagazine.mx\\\/#website\"},\"primaryImageOfPage\":{\"@id\":\"https:\\\/\\\/zeromagazine.mx\\\/index.php\\\/2024\\\/11\\\/26\\\/monday-haircare-tu-melena-tu-vibe\\\/#primaryimage\"},\"image\":{\"@id\":\"https:\\\/\\\/zeromagazine.mx\\\/index.php\\\/2024\\\/11\\\/26\\\/monday-haircare-tu-melena-tu-vibe\\\/#primaryimage\"},\"thumbnailUrl\":\"https:\\\/\\\/i0.wp.com\\\/zeromagazine.mx\\\/wp-content\\\/uploads\\\/2024\\\/11\\\/MONDAY-Haircare_STUDIOSELECT_Shot_4-scaled.jpg?fit=2560%2C1708&ssl=1\",\"datePublished\":\"2024-11-26T21:28:54+00:00\",\"dateModified\":\"2024-11-26T21:28:56+00:00\",\"breadcrumb\":{\"@id\":\"https:\\\/\\\/zeromagazine.mx\\\/index.php\\\/2024\\\/11\\\/26\\\/monday-haircare-tu-melena-tu-vibe\\\/#breadcrumb\"},\"inLanguage\":\"es\",\"potentialAction\":[{\"@type\":\"ReadAction\",\"target\":[\"https:\\\/\\\/zeromagazine.mx\\\/index.php\\\/2024\\\/11\\\/26\\\/monday-haircare-tu-melena-tu-vibe\\\/\"]}]},{\"@type\":\"ImageObject\",\"inLanguage\":\"es\",\"@id\":\"https:\\\/\\\/zeromagazine.mx\\\/index.php\\\/2024\\\/11\\\/26\\\/monday-haircare-tu-melena-tu-vibe\\\/#primaryimage\",\"url\":\"https:\\\/\\\/i0.wp.com\\\/zeromagazine.mx\\\/wp-content\\\/uploads\\\/2024\\\/11\\\/MONDAY-Haircare_STUDIOSELECT_Shot_4-scaled.jpg?fit=2560%2C1708&ssl=1\",\"contentUrl\":\"https:\\\/\\\/i0.wp.com\\\/zeromagazine.mx\\\/wp-content\\\/uploads\\\/2024\\\/11\\\/MONDAY-Haircare_STUDIOSELECT_Shot_4-scaled.jpg?fit=2560%2C1708&ssl=1\",\"width\":2560,\"height\":1708},{\"@type\":\"BreadcrumbList\",\"@id\":\"https:\\\/\\\/zeromagazine.mx\\\/index.php\\\/2024\\\/11\\\/26\\\/monday-haircare-tu-melena-tu-vibe\\\/#breadcrumb\",\"itemListElement\":[{\"@type\":\"ListItem\",\"position\":1,\"name\":\"Portada\",\"item\":\"https:\\\/\\\/zeromagazine.mx\\\/\"},{\"@type\":\"ListItem\",\"position\":2,\"name\":\"\u00abMonday Haircare: Tu Melena, Tu Vibe\u00bb\"}]},{\"@type\":\"WebSite\",\"@id\":\"https:\\\/\\\/zeromagazine.mx\\\/#website\",\"url\":\"https:\\\/\\\/zeromagazine.mx\\\/\",\"name\":\"Zero Magazine\",\"description\":\"\",\"publisher\":{\"@id\":\"https:\\\/\\\/zeromagazine.mx\\\/#organization\"},\"potentialAction\":[{\"@type\":\"SearchAction\",\"target\":{\"@type\":\"EntryPoint\",\"urlTemplate\":\"https:\\\/\\\/zeromagazine.mx\\\/?s={search_term_string}\"},\"query-input\":{\"@type\":\"PropertyValueSpecification\",\"valueRequired\":true,\"valueName\":\"search_term_string\"}}],\"inLanguage\":\"es\"},{\"@type\":\"Organization\",\"@id\":\"https:\\\/\\\/zeromagazine.mx\\\/#organization\",\"name\":\"Zero Magazine\",\"url\":\"https:\\\/\\\/zeromagazine.mx\\\/\",\"logo\":{\"@type\":\"ImageObject\",\"inLanguage\":\"es\",\"@id\":\"https:\\\/\\\/zeromagazine.mx\\\/#\\\/schema\\\/logo\\\/image\\\/\",\"url\":\"https:\\\/\\\/i0.wp.com\\\/zeromagazine.mx\\\/wp-content\\\/uploads\\\/2025\\\/11\\\/1.jpeg?fit=1000%2C1000&ssl=1\",\"contentUrl\":\"https:\\\/\\\/i0.wp.com\\\/zeromagazine.mx\\\/wp-content\\\/uploads\\\/2025\\\/11\\\/1.jpeg?fit=1000%2C1000&ssl=1\",\"width\":1000,\"height\":1000,\"caption\":\"Zero Magazine\"},\"image\":{\"@id\":\"https:\\\/\\\/zeromagazine.mx\\\/#\\\/schema\\\/logo\\\/image\\\/\"},\"sameAs\":[\"https:\\\/\\\/instagram.com\\\/zeromagazinemx\"]},{\"@type\":\"Person\",\"@id\":\"https:\\\/\\\/zeromagazine.mx\\\/#\\\/schema\\\/person\\\/9aed9f33a7c39af3a348b86d723f7773\",\"name\":\"zeromagazinemx\",\"image\":{\"@type\":\"ImageObject\",\"inLanguage\":\"es\",\"@id\":\"https:\\\/\\\/zeromagazine.mx\\\/wp-content\\\/litespeed\\\/avatar\\\/f91dfe5410d5dcb1a576bf8c45983896.jpg?ver=1777571230\",\"url\":\"https:\\\/\\\/zeromagazine.mx\\\/wp-content\\\/litespeed\\\/avatar\\\/f91dfe5410d5dcb1a576bf8c45983896.jpg?ver=1777571230\",\"contentUrl\":\"https:\\\/\\\/zeromagazine.mx\\\/wp-content\\\/litespeed\\\/avatar\\\/f91dfe5410d5dcb1a576bf8c45983896.jpg?ver=1777571230\",\"caption\":\"zeromagazinemx\"},\"url\":\"https:\\\/\\\/zeromagazine.mx\\\/index.php\\\/author\\\/zeromagazinemx\\\/\"}]}<\/script>\n<!-- \/ Yoast SEO plugin. -->","yoast_head_json":{"title":"\"Monday Haircare: Tu Melena, Tu Vibe\" - Zero Magazine","robots":{"index":"index","follow":"follow","max-snippet":"max-snippet:-1","max-image-preview":"max-image-preview:large","max-video-preview":"max-video-preview:-1"},"canonical":"https:\/\/zeromagazine.mx\/index.php\/2024\/11\/26\/monday-haircare-tu-melena-tu-vibe\/","og_locale":"es_ES","og_type":"article","og_title":"\"Monday Haircare: Tu Melena, Tu Vibe\" - Zero Magazine","og_description":"\u00bfQu\u00e9 opinas de los lunes? Sabemos que para muchos es un d\u00eda dif\u00edcil de superar, pero, \u00bfy si te dijera que en lugar de verlo como el peor d\u00eda de la semana, pudieras verlo como una oportunidad para comenzar de nuevo? Monday Haircare llega para cambiar por completo la forma en que nos enfrentamos a [&hellip;]","og_url":"https:\/\/zeromagazine.mx\/index.php\/2024\/11\/26\/monday-haircare-tu-melena-tu-vibe\/","og_site_name":"Zero Magazine","article_published_time":"2024-11-26T21:28:54+00:00","article_modified_time":"2024-11-26T21:28:56+00:00","og_image":[{"width":2560,"height":1708,"url":"http:\/\/zeromagazine.mx\/wp-content\/uploads\/2024\/11\/MONDAY-Haircare_STUDIOSELECT_Shot_4-scaled.jpg","type":"image\/jpeg"}],"author":"zeromagazinemx","twitter_card":"summary_large_image","twitter_misc":{"Escrito por":"zeromagazinemx","Tiempo de lectura":"6 minutos"},"schema":{"@context":"https:\/\/schema.org","@graph":[{"@type":"Article","@id":"https:\/\/zeromagazine.mx\/index.php\/2024\/11\/26\/monday-haircare-tu-melena-tu-vibe\/#article","isPartOf":{"@id":"https:\/\/zeromagazine.mx\/index.php\/2024\/11\/26\/monday-haircare-tu-melena-tu-vibe\/"},"author":{"name":"zeromagazinemx","@id":"https:\/\/zeromagazine.mx\/#\/schema\/person\/9aed9f33a7c39af3a348b86d723f7773"},"headline":"\u00abMonday Haircare: Tu Melena, Tu Vibe\u00bb","datePublished":"2024-11-26T21:28:54+00:00","dateModified":"2024-11-26T21:28:56+00:00","mainEntityOfPage":{"@id":"https:\/\/zeromagazine.mx\/index.php\/2024\/11\/26\/monday-haircare-tu-melena-tu-vibe\/"},"wordCount":1072,"commentCount":0,"publisher":{"@id":"https:\/\/zeromagazine.mx\/#organization"},"image":{"@id":"https:\/\/zeromagazine.mx\/index.php\/2024\/11\/26\/monday-haircare-tu-melena-tu-vibe\/#primaryimage"},"thumbnailUrl":"https:\/\/i0.wp.com\/zeromagazine.mx\/wp-content\/uploads\/2024\/11\/MONDAY-Haircare_STUDIOSELECT_Shot_4-scaled.jpg?fit=2560%2C1708&ssl=1","keywords":["Monday Haircare","Sally Beauty M\u00e9xico"],"articleSection":["Beauty"],"inLanguage":"es","potentialAction":[{"@type":"CommentAction","name":"Comment","target":["https:\/\/zeromagazine.mx\/index.php\/2024\/11\/26\/monday-haircare-tu-melena-tu-vibe\/#respond"]}]},{"@type":"WebPage","@id":"https:\/\/zeromagazine.mx\/index.php\/2024\/11\/26\/monday-haircare-tu-melena-tu-vibe\/","url":"https:\/\/zeromagazine.mx\/index.php\/2024\/11\/26\/monday-haircare-tu-melena-tu-vibe\/","name":"\"Monday Haircare: Tu Melena, Tu Vibe\" - Zero Magazine","isPartOf":{"@id":"https:\/\/zeromagazine.mx\/#website"},"primaryImageOfPage":{"@id":"https:\/\/zeromagazine.mx\/index.php\/2024\/11\/26\/monday-haircare-tu-melena-tu-vibe\/#primaryimage"},"image":{"@id":"https:\/\/zeromagazine.mx\/index.php\/2024\/11\/26\/monday-haircare-tu-melena-tu-vibe\/#primaryimage"},"thumbnailUrl":"https:\/\/i0.wp.com\/zeromagazine.mx\/wp-content\/uploads\/2024\/11\/MONDAY-Haircare_STUDIOSELECT_Shot_4-scaled.jpg?fit=2560%2C1708&ssl=1","datePublished":"2024-11-26T21:28:54+00:00","dateModified":"2024-11-26T21:28:56+00:00","breadcrumb":{"@id":"https:\/\/zeromagazine.mx\/index.php\/2024\/11\/26\/monday-haircare-tu-melena-tu-vibe\/#breadcrumb"},"inLanguage":"es","potentialAction":[{"@type":"ReadAction","target":["https:\/\/zeromagazine.mx\/index.php\/2024\/11\/26\/monday-haircare-tu-melena-tu-vibe\/"]}]},{"@type":"ImageObject","inLanguage":"es","@id":"https:\/\/zeromagazine.mx\/index.php\/2024\/11\/26\/monday-haircare-tu-melena-tu-vibe\/#primaryimage","url":"https:\/\/i0.wp.com\/zeromagazine.mx\/wp-content\/uploads\/2024\/11\/MONDAY-Haircare_STUDIOSELECT_Shot_4-scaled.jpg?fit=2560%2C1708&ssl=1","contentUrl":"https:\/\/i0.wp.com\/zeromagazine.mx\/wp-content\/uploads\/2024\/11\/MONDAY-Haircare_STUDIOSELECT_Shot_4-scaled.jpg?fit=2560%2C1708&ssl=1","width":2560,"height":1708},{"@type":"BreadcrumbList","@id":"https:\/\/zeromagazine.mx\/index.php\/2024\/11\/26\/monday-haircare-tu-melena-tu-vibe\/#breadcrumb","itemListElement":[{"@type":"ListItem","position":1,"name":"Portada","item":"https:\/\/zeromagazine.mx\/"},{"@type":"ListItem","position":2,"name":"\u00abMonday Haircare: Tu Melena, Tu Vibe\u00bb"}]},{"@type":"WebSite","@id":"https:\/\/zeromagazine.mx\/#website","url":"https:\/\/zeromagazine.mx\/","name":"Zero Magazine","description":"","publisher":{"@id":"https:\/\/zeromagazine.mx\/#organization"},"potentialAction":[{"@type":"SearchAction","target":{"@type":"EntryPoint","urlTemplate":"https:\/\/zeromagazine.mx\/?s={search_term_string}"},"query-input":{"@type":"PropertyValueSpecification","valueRequired":true,"valueName":"search_term_string"}}],"inLanguage":"es"},{"@type":"Organization","@id":"https:\/\/zeromagazine.mx\/#organization","name":"Zero Magazine","url":"https:\/\/zeromagazine.mx\/","logo":{"@type":"ImageObject","inLanguage":"es","@id":"https:\/\/zeromagazine.mx\/#\/schema\/logo\/image\/","url":"https:\/\/i0.wp.com\/zeromagazine.mx\/wp-content\/uploads\/2025\/11\/1.jpeg?fit=1000%2C1000&ssl=1","contentUrl":"https:\/\/i0.wp.com\/zeromagazine.mx\/wp-content\/uploads\/2025\/11\/1.jpeg?fit=1000%2C1000&ssl=1","width":1000,"height":1000,"caption":"Zero Magazine"},"image":{"@id":"https:\/\/zeromagazine.mx\/#\/schema\/logo\/image\/"},"sameAs":["https:\/\/instagram.com\/zeromagazinemx"]},{"@type":"Person","@id":"https:\/\/zeromagazine.mx\/#\/schema\/person\/9aed9f33a7c39af3a348b86d723f7773","name":"zeromagazinemx","image":{"@type":"ImageObject","inLanguage":"es","@id":"https:\/\/zeromagazine.mx\/wp-content\/litespeed\/avatar\/f91dfe5410d5dcb1a576bf8c45983896.jpg?ver=1777571230","url":"https:\/\/zeromagazine.mx\/wp-content\/litespeed\/avatar\/f91dfe5410d5dcb1a576bf8c45983896.jpg?ver=1777571230","contentUrl":"https:\/\/zeromagazine.mx\/wp-content\/litespeed\/avatar\/f91dfe5410d5dcb1a576bf8c45983896.jpg?ver=1777571230","caption":"zeromagazinemx"},"url":"https:\/\/zeromagazine.mx\/index.php\/author\/zeromagazinemx\/"}]}},"jetpack_publicize_connections":[],"jetpack_featured_media_url":"https:\/\/i0.wp.com\/zeromagazine.mx\/wp-content\/uploads\/2024\/11\/MONDAY-Haircare_STUDIOSELECT_Shot_4-scaled.jpg?fit=2560%2C1708&ssl=1","jetpack-related-posts":[{"id":112151,"url":"https:\/\/zeromagazine.mx\/index.php\/2025\/12\/25\/monday-haircare-mexico-farmacias-del-ahorro\/","url_meta":{"origin":91832,"position":0},"title":"MONDAY Haircare M\u00e9xico llega","author":"zeromagazinemx","date":"25 de diciembre de 2025","format":false,"excerpt":"Hay algo poderoso en esos peque\u00f1os rituales que hacemos solo para nosotrxs. Ese momento frente al espejo, aud\u00edfonos puestos, agua tibia cayendo y tu shampoo favorito haciendo espuma. El autocuidado no siempre tiene que ser complicado ni costoso, y MONDAY Haircare M\u00e9xico lo entiende perfecto. La marca del envase rosa\u2026","rel":"","context":"En \u00abBlog\u00bb","block_context":{"text":"Blog","link":"https:\/\/zeromagazine.mx\/index.php\/category\/blog\/"},"img":{"alt_text":"","src":"https:\/\/i0.wp.com\/zeromagazine.mx\/wp-content\/uploads\/2025\/12\/1000046209.webp?fit=1200%2C829&ssl=1&resize=350%2C200","width":350,"height":200,"srcset":"https:\/\/i0.wp.com\/zeromagazine.mx\/wp-content\/uploads\/2025\/12\/1000046209.webp?fit=1200%2C829&ssl=1&resize=350%2C200 1x, https:\/\/i0.wp.com\/zeromagazine.mx\/wp-content\/uploads\/2025\/12\/1000046209.webp?fit=1200%2C829&ssl=1&resize=525%2C300 1.5x, https:\/\/i0.wp.com\/zeromagazine.mx\/wp-content\/uploads\/2025\/12\/1000046209.webp?fit=1200%2C829&ssl=1&resize=700%2C400 2x, https:\/\/i0.wp.com\/zeromagazine.mx\/wp-content\/uploads\/2025\/12\/1000046209.webp?fit=1200%2C829&ssl=1&resize=1050%2C600 3x"},"classes":[]},{"id":110875,"url":"https:\/\/zeromagazine.mx\/index.php\/2025\/11\/19\/monday-haircare-en-mexico-farmacias-del-ahorro\/","url_meta":{"origin":91832,"position":1},"title":"MONDAY Haircare: cabello so\u00f1ado siempre","author":"zeromagazinemx","date":"19 de noviembre de 2025","format":false,"excerpt":"Si hay algo que est\u00e1 dominando las conversaciones de belleza \u00faltimamente, es c\u00f3mo convertir la rutina capilar en ese momento de paz que todxs necesitamos. Y s\u00ed, hay una marca que lo est\u00e1 logrando con cero esfuerzo y mucho estilo: MONDAY Haircare. Esa est\u00e9tica rosa pastel que ves en todos\u2026","rel":"","context":"En \u00abBeauty\u00bb","block_context":{"text":"Beauty","link":"https:\/\/zeromagazine.mx\/index.php\/category\/beauty\/"},"img":{"alt_text":"","src":"https:\/\/i0.wp.com\/zeromagazine.mx\/wp-content\/uploads\/2025\/11\/1000040254.jpg?fit=800%2C1200&ssl=1&resize=350%2C200","width":350,"height":200,"srcset":"https:\/\/i0.wp.com\/zeromagazine.mx\/wp-content\/uploads\/2025\/11\/1000040254.jpg?fit=800%2C1200&ssl=1&resize=350%2C200 1x, https:\/\/i0.wp.com\/zeromagazine.mx\/wp-content\/uploads\/2025\/11\/1000040254.jpg?fit=800%2C1200&ssl=1&resize=525%2C300 1.5x, https:\/\/i0.wp.com\/zeromagazine.mx\/wp-content\/uploads\/2025\/11\/1000040254.jpg?fit=800%2C1200&ssl=1&resize=700%2C400 2x"},"classes":[]},{"id":103188,"url":"https:\/\/zeromagazine.mx\/index.php\/2025\/05\/07\/monday-haircare-celebra-el-dia-de-las-madres\/","url_meta":{"origin":91832,"position":2},"title":"MONDAY Haircare Celebra El D\u00eda De Las Madres","author":"David Morales","date":"7 de mayo de 2025","format":false,"excerpt":"Amix, se viene el 10 de mayo y obvio queremos hacer algo bonito con nuestras jefas, pero no lo mismo de siempre. Esta vez, \u00bfpor qu\u00e9 no armar un d\u00eda chill de cuidado personal? MONDAY Haircare celebra el D\u00eda de las Madres a trav\u00e9s de una rutina con amor que\u2026","rel":"","context":"En \u00abBeauty\u00bb","block_context":{"text":"Beauty","link":"https:\/\/zeromagazine.mx\/index.php\/category\/beauty\/"},"img":{"alt_text":"","src":"https:\/\/zeromagazine.mx\/wp-content\/uploads\/2025\/05\/Monday-Haircare-.avif","width":350,"height":200,"srcset":"https:\/\/zeromagazine.mx\/wp-content\/uploads\/2025\/05\/Monday-Haircare-.avif 1x, https:\/\/zeromagazine.mx\/wp-content\/uploads\/2025\/05\/Monday-Haircare-.avif 1.5x, https:\/\/zeromagazine.mx\/wp-content\/uploads\/2025\/05\/Monday-Haircare-.avif 2x"},"classes":[]},{"id":79196,"url":"https:\/\/zeromagazine.mx\/index.php\/2024\/06\/25\/transforma-tus-lunes-con-monday-haircare\/","url_meta":{"origin":91832,"position":3},"title":"Transforma tus Lunes con Monday Haircare","author":"zeromagazinemx","date":"25 de junio de 2024","format":false,"excerpt":"Inicia la semana de la mejor manera con MONDAY Haircare. \u00bfQui\u00e9n dijo que los lunes tienen que ser aburridos y pesados? Con MONDAY Haircare, puedes cambiar esa perspectiva y convertir el inicio de la semana en algo que esperas con emoci\u00f3n. Para empezar, \u00bfqu\u00e9 tal un lunes de Self-Care? Imag\u00ednate:\u2026","rel":"","context":"En \u00abBienestar\u00bb","block_context":{"text":"Bienestar","link":"https:\/\/zeromagazine.mx\/index.php\/category\/lifestyle\/bienestar\/"},"img":{"alt_text":"","src":"https:\/\/i0.wp.com\/zeromagazine.mx\/wp-content\/uploads\/2024\/06\/mondayhaircare_436272371_18117066922369375_5322035597165056582_n.webp?fit=1080%2C1146&ssl=1&resize=350%2C200","width":350,"height":200,"srcset":"https:\/\/i0.wp.com\/zeromagazine.mx\/wp-content\/uploads\/2024\/06\/mondayhaircare_436272371_18117066922369375_5322035597165056582_n.webp?fit=1080%2C1146&ssl=1&resize=350%2C200 1x, https:\/\/i0.wp.com\/zeromagazine.mx\/wp-content\/uploads\/2024\/06\/mondayhaircare_436272371_18117066922369375_5322035597165056582_n.webp?fit=1080%2C1146&ssl=1&resize=525%2C300 1.5x, https:\/\/i0.wp.com\/zeromagazine.mx\/wp-content\/uploads\/2024\/06\/mondayhaircare_436272371_18117066922369375_5322035597165056582_n.webp?fit=1080%2C1146&ssl=1&resize=700%2C400 2x, https:\/\/i0.wp.com\/zeromagazine.mx\/wp-content\/uploads\/2024\/06\/mondayhaircare_436272371_18117066922369375_5322035597165056582_n.webp?fit=1080%2C1146&ssl=1&resize=1050%2C600 3x"},"classes":[]},{"id":86969,"url":"https:\/\/zeromagazine.mx\/index.php\/2024\/10\/16\/monday-haircare-en-costco-mexico\/","url_meta":{"origin":91832,"position":4},"title":"MONDAY Haircare: en Costco M\u00e9xico","author":"David Morales","date":"16 de octubre de 2024","format":false,"excerpt":"Amix, \u00bftu cabello necesita un reset total? MONDAY Haircare trae la soluci\u00f3n con su nueva l\u00ednea REPARACI\u00d3N en Costco M\u00e9xico, perfecta para darle a tu melena el cuidado que merece. \u00a1Ya es hora de empezar la semana con todo! Nutrici\u00f3n con queratina para tu cabello La l\u00ednea REPARACI\u00d3N de MONDAY\u2026","rel":"","context":"En \u00abBlog\u00bb","block_context":{"text":"Blog","link":"https:\/\/zeromagazine.mx\/index.php\/category\/blog\/"},"img":{"alt_text":"","src":"https:\/\/i0.wp.com\/zeromagazine.mx\/wp-content\/uploads\/2024\/10\/IMG_1914.jpeg?fit=1080%2C1080&ssl=1&resize=350%2C200","width":350,"height":200,"srcset":"https:\/\/i0.wp.com\/zeromagazine.mx\/wp-content\/uploads\/2024\/10\/IMG_1914.jpeg?fit=1080%2C1080&ssl=1&resize=350%2C200 1x, https:\/\/i0.wp.com\/zeromagazine.mx\/wp-content\/uploads\/2024\/10\/IMG_1914.jpeg?fit=1080%2C1080&ssl=1&resize=525%2C300 1.5x, https:\/\/i0.wp.com\/zeromagazine.mx\/wp-content\/uploads\/2024\/10\/IMG_1914.jpeg?fit=1080%2C1080&ssl=1&resize=700%2C400 2x, https:\/\/i0.wp.com\/zeromagazine.mx\/wp-content\/uploads\/2024\/10\/IMG_1914.jpeg?fit=1080%2C1080&ssl=1&resize=1050%2C600 3x"},"classes":[]},{"id":117200,"url":"https:\/\/zeromagazine.mx\/index.php\/2026\/03\/23\/monday-haircare-mascarillas\/","url_meta":{"origin":91832,"position":5},"title":"MONDAY Haircare expande su galardonada l\u00ednea con la llegada de mascarillas capilares: para un cabello de \u00ab10\u00bb en 10 minutos","author":"David Morales","date":"23 de marzo de 2026","format":false,"excerpt":"La rutina capilar acaba de subir de nivel con el lanzamiento de\u00a0MONDAY Haircare mascarillas, la nueva apuesta de la marca que se ha convertido en favorita global dentro del mundo beauty. Con f\u00f3rmulas pensadas para resultados r\u00e1pidos, estas nuevas mascarillas prometen transformar el cabello en solo 10 minutos, algo que\u2026","rel":"","context":"En \u00abBeauty\u00bb","block_context":{"text":"Beauty","link":"https:\/\/zeromagazine.mx\/index.php\/category\/beauty\/"},"img":{"alt_text":"","src":"https:\/\/i0.wp.com\/zeromagazine.mx\/wp-content\/uploads\/2026\/03\/IMG_1825.jpeg?fit=1200%2C654&ssl=1&resize=350%2C200","width":350,"height":200,"srcset":"https:\/\/i0.wp.com\/zeromagazine.mx\/wp-content\/uploads\/2026\/03\/IMG_1825.jpeg?fit=1200%2C654&ssl=1&resize=350%2C200 1x, https:\/\/i0.wp.com\/zeromagazine.mx\/wp-content\/uploads\/2026\/03\/IMG_1825.jpeg?fit=1200%2C654&ssl=1&resize=525%2C300 1.5x, https:\/\/i0.wp.com\/zeromagazine.mx\/wp-content\/uploads\/2026\/03\/IMG_1825.jpeg?fit=1200%2C654&ssl=1&resize=700%2C400 2x, https:\/\/i0.wp.com\/zeromagazine.mx\/wp-content\/uploads\/2026\/03\/IMG_1825.jpeg?fit=1200%2C654&ssl=1&resize=1050%2C600 3x"},"classes":[]}],"jetpack_sharing_enabled":true,"builder_content":"","_links":{"self":[{"href":"https:\/\/zeromagazine.mx\/index.php\/wp-json\/wp\/v2\/posts\/91832","targetHints":{"allow":["GET"]}}],"collection":[{"href":"https:\/\/zeromagazine.mx\/index.php\/wp-json\/wp\/v2\/posts"}],"about":[{"href":"https:\/\/zeromagazine.mx\/index.php\/wp-json\/wp\/v2\/types\/post"}],"author":[{"embeddable":true,"href":"https:\/\/zeromagazine.mx\/index.php\/wp-json\/wp\/v2\/users\/2"}],"replies":[{"embeddable":true,"href":"https:\/\/zeromagazine.mx\/index.php\/wp-json\/wp\/v2\/comments?post=91832"}],"version-history":[{"count":1,"href":"https:\/\/zeromagazine.mx\/index.php\/wp-json\/wp\/v2\/posts\/91832\/revisions"}],"predecessor-version":[{"id":91836,"href":"https:\/\/zeromagazine.mx\/index.php\/wp-json\/wp\/v2\/posts\/91832\/revisions\/91836"}],"wp:featuredmedia":[{"embeddable":true,"href":"https:\/\/zeromagazine.mx\/index.php\/wp-json\/wp\/v2\/media\/91834"}],"wp:attachment":[{"href":"https:\/\/zeromagazine.mx\/index.php\/wp-json\/wp\/v2\/media?parent=91832"}],"wp:term":[{"taxonomy":"category","embeddable":true,"href":"https:\/\/zeromagazine.mx\/index.php\/wp-json\/wp\/v2\/categories?post=91832"},{"taxonomy":"post_tag","embeddable":true,"href":"https:\/\/zeromagazine.mx\/index.php\/wp-json\/wp\/v2\/tags?post=91832"}],"curies":[{"name":"wp","href":"https:\/\/api.w.org\/{rel}","templated":true}]}}