{"id":91850,"date":"2024-11-27T05:12:44","date_gmt":"2024-11-27T04:12:44","guid":{"rendered":"https:\/\/zeromagazine.mx\/?p=91850"},"modified":"2024-11-27T05:12:46","modified_gmt":"2024-11-27T04:12:46","slug":"looks-cara-style-para-slay-daily","status":"publish","type":"post","link":"https:\/\/zeromagazine.mx\/index.php\/2024\/11\/27\/looks-cara-style-para-slay-daily\/","title":{"rendered":"\u00abLooks Cara-Style para Slay Daily\u00bb"},"content":{"rendered":"<!--themify_builder_content-->\n<div id=\"themify_builder_content-91850\" data-postid=\"91850\" class=\"themify_builder_content themify_builder_content-91850 themify_builder tf_clear\">\n    <\/div>\n<!--\/themify_builder_content-->\n\n\n<p>Esta semana, Calvin Klein presenta la nueva imagen de holiday \u00a0<strong>Cara Delevingne ,\u00a0<\/strong>esa queen que siempre est\u00e1 redefiniendo lo que significa ser\u00a0<em>fashion-forward<\/em>. Literalmente, no hay look que no pueda rockear. Desde vibes sofisticadas hasta full-on leather dominatrix, Cara siempre est\u00e1 ah\u00ed para recordarnos que el estilo no es solo ropa, es una forma de arte.<\/p>\n\n\n\n<p>Aqu\u00ed te dejo el breakdown de sus tres looks m\u00e1s recientes que, obvio, estamos obsesionadas con replicar.&nbsp;<\/p>\n\n\n\n<h2 class=\"wp-block-heading\"><strong>1. El vestido de sat\u00e9n: pura elegancia, babe<\/strong><\/h2>\n\n\n\n<p>Picture this: un vestido de sat\u00e9n sin mangas con un escote en V que te hace sentir como si hubieras salido de un sue\u00f1o chic. Obvi, este fit es todo lo que necesitas para un vibe m\u00e1s classy pero still moderno. La silueta est\u00e1 hecha para abrazar el cuerpo de una manera que dice \u201cconfident pero chill\u201d. La costura en V en la cintura no solo es un detalle aesthetic, sino que tambi\u00e9n hace match perfecto con el escote, creando una armon\u00eda visual que grita&nbsp;<em>\u201csophistication goals\u201d.<\/em><\/p>\n\n\n\n<p>Este tipo de vestido es el ejemplo perfecto de que menos es m\u00e1s. No necesitas mil accesorios para destacar; con unos tacones strappy, un peinado slick-back y un lipstick nude, ya est\u00e1s lista para conquistar cualquier evento fancy. And tbh, este tipo de vestido tambi\u00e9n puede ser un salvavidas para citas o eventos semiformal donde quieres verte arreglada pero sin intentar demasiado.<\/p>\n\n\n\n<h3 class=\"wp-block-heading\"><strong>C\u00f3mo adaptarlo a tu closet<\/strong><\/h3>\n\n\n\n<figure class=\"wp-block-image size-full is-resized\"><img data-recalc-dims=\"1\" decoding=\"async\" width=\"1080\" height=\"1350\" src=\"https:\/\/i0.wp.com\/zeromagazine.mx\/wp-content\/uploads\/2024\/11\/H24_HOLIDAY_CARA_PR_nologo_1.jpg?resize=1080%2C1350&#038;ssl=1\" alt=\"\" class=\"wp-image-91851\" style=\"width:1451px;height:auto\" srcset=\"https:\/\/i0.wp.com\/zeromagazine.mx\/wp-content\/uploads\/2024\/11\/H24_HOLIDAY_CARA_PR_nologo_1.jpg?w=1080&amp;ssl=1 1080w, https:\/\/i0.wp.com\/zeromagazine.mx\/wp-content\/uploads\/2024\/11\/H24_HOLIDAY_CARA_PR_nologo_1.jpg?resize=240%2C300&amp;ssl=1 240w, https:\/\/i0.wp.com\/zeromagazine.mx\/wp-content\/uploads\/2024\/11\/H24_HOLIDAY_CARA_PR_nologo_1.jpg?resize=819%2C1024&amp;ssl=1 819w, https:\/\/i0.wp.com\/zeromagazine.mx\/wp-content\/uploads\/2024\/11\/H24_HOLIDAY_CARA_PR_nologo_1.jpg?resize=768%2C960&amp;ssl=1 768w\" sizes=\"(max-width: 1080px) 100vw, 1080px\" \/><\/figure>\n\n\n\n\n<script async src=\"https:\/\/pagead2.googlesyndication.com\/pagead\/js\/adsbygoogle.js?client=ca-pub-5499304793904745\"\n     crossorigin=\"anonymous\"><\/script>\n<ins class=\"adsbygoogle\"\n     style=\"display:block; text-align:center;\"\n     data-ad-layout=\"in-article\"\n     data-ad-format=\"fluid\"\n     data-ad-client=\"ca-pub-5499304793904745\"\n     data-ad-slot=\"5994863093\"><\/ins>\n<script>\n     (adsbygoogle = window.adsbygoogle || []).push({});\n<\/script>\n\n\n\n<ul class=\"wp-block-list\">\n<li><strong>Colores:<\/strong>\u00a0Si el sat\u00e9n en nude no es tu vibe, opta por algo bold como rojo o negro.<\/li>\n\n\n\n<li><strong>Accesorios:<\/strong>\u00a0Minimal earrings, maybe a thin chain necklace. Nada que compita con el escote.<\/li>\n\n\n\n<li><strong>Zapatos:<\/strong>\u00a0Stilettos, porque el drama est\u00e1 en los detalles.<\/li>\n<\/ul>\n\n\n\n<h2 class=\"wp-block-heading\"><strong>2. Minivestido de lentejuelas: brilla como el sol (pero de noche)<\/strong><\/h2>\n\n\n\n<p>Si hay algo que Cara sabe hacer bien, es combinar lo cl\u00e1sico con lo moderno, y este minivestido de lentejuelas lo prueba. La silueta es s\u00faper cl\u00e1sica, pero los detalles de lentejuelas elevan el look a otro nivel, capturando cada rayo de luz para que literalmente seas el centro de atenci\u00f3n. Ideal para una salida nocturna cuando quieres decir \u00abaqu\u00ed estoy y no puedo pasar desapercibida\u00bb.<\/p>\n\n\n\n<p>Este vestido es ese tipo de prenda que camina sola. No necesitas overcomplicarte con accesorios o makeup pesado porque el&nbsp;<em>bling<\/em>&nbsp;hace todo el trabajo por ti. Adem\u00e1s, su dise\u00f1o minimalista lo hace s\u00faper vers\u00e1til, ya sea para un c\u00f3ctel o una fiesta con tus BFFs.<\/p>\n\n\n\n<h3 class=\"wp-block-heading\"><strong>El hack para que no sea too much<\/strong><\/h3>\n\n\n\n<figure class=\"wp-block-image size-full is-resized\"><img data-recalc-dims=\"1\" decoding=\"async\" width=\"1080\" height=\"1350\" src=\"https:\/\/i0.wp.com\/zeromagazine.mx\/wp-content\/uploads\/2024\/11\/H24_HOLIDAY_CARA_PR_nologo_4.jpg?resize=1080%2C1350&#038;ssl=1\" alt=\"\" class=\"wp-image-91852\" style=\"width:1451px;height:auto\" srcset=\"https:\/\/i0.wp.com\/zeromagazine.mx\/wp-content\/uploads\/2024\/11\/H24_HOLIDAY_CARA_PR_nologo_4.jpg?w=1080&amp;ssl=1 1080w, https:\/\/i0.wp.com\/zeromagazine.mx\/wp-content\/uploads\/2024\/11\/H24_HOLIDAY_CARA_PR_nologo_4.jpg?resize=240%2C300&amp;ssl=1 240w, https:\/\/i0.wp.com\/zeromagazine.mx\/wp-content\/uploads\/2024\/11\/H24_HOLIDAY_CARA_PR_nologo_4.jpg?resize=819%2C1024&amp;ssl=1 819w, https:\/\/i0.wp.com\/zeromagazine.mx\/wp-content\/uploads\/2024\/11\/H24_HOLIDAY_CARA_PR_nologo_4.jpg?resize=768%2C960&amp;ssl=1 768w\" sizes=\"(max-width: 1080px) 100vw, 1080px\" \/><\/figure>\n\n\n\n\n<script async src=\"https:\/\/pagead2.googlesyndication.com\/pagead\/js\/adsbygoogle.js?client=ca-pub-5499304793904745\"\n     crossorigin=\"anonymous\"><\/script>\n<ins class=\"adsbygoogle\"\n     style=\"display:block; text-align:center;\"\n     data-ad-layout=\"in-article\"\n     data-ad-format=\"fluid\"\n     data-ad-client=\"ca-pub-5499304793904745\"\n     data-ad-slot=\"5994863093\"><\/ins>\n<script>\n     (adsbygoogle = window.adsbygoogle || []).push({});\n<\/script>\n\n\n\n<p>La clave para no parecer una bola disco es el&nbsp;<em>styling<\/em>. Mant\u00e9n el maquillaje soft glam: una piel luminosa, labios en tonos rosados o nude y un eyeliner discreto. El cabello puede ir en ondas sueltas o recogido en un messy bun para balancear el drama del vestido.<\/p>\n\n\n\n<h3 class=\"wp-block-heading\"><strong>Extras que elevan el outfit<\/strong><\/h3>\n\n\n\n<ul class=\"wp-block-list\">\n<li><strong>Zapatos:<\/strong>\u00a0Sandalias de tac\u00f3n en tonos met\u00e1licos o transparentes para un efecto m\u00e1s moderno.<\/li>\n\n\n\n<li><strong>Bolso:<\/strong>\u00a0Mini clutch en negro o plateado.<\/li>\n\n\n\n<li><strong>Jewelry:<\/strong>\u00a0Aretes peque\u00f1os o, si te sientes bold, unos hoops finos.<\/li>\n<\/ul>\n\n\n\n<h2 class=\"wp-block-heading\"><strong>3. El full leather look: poderosa y atrevida<\/strong><\/h2>\n\n\n\n<p>Ok, aqu\u00ed viene el fit que nos dej\u00f3 con la mand\u00edbula en el piso. Cara aparece toda badass en cuero de pies a cabeza, y honestamente, es un look que tienes que intentar al menos una vez en la vida. El combo de blazer de cuero ajustado y pantal\u00f3n estilo chimenea en cuero napa es una masterclass de c\u00f3mo verse elegante y edgy al mismo tiempo.<\/p>\n\n\n\n<p>Lo que realmente hace que este outfit destaque es el sujetador balconette con lentejuelas florales de CK Black. Es ese detalle inesperado que agrega un toque de sensualidad sin restarle fuerza al outfit. Es como decir: \u201cs\u00ed, soy ruda, pero tambi\u00e9n puedo ser delicada.\u201d<\/p>\n\n\n\n<h3 class=\"wp-block-heading\"><strong>Pro tips para llevarlo IRL<\/strong><\/h3>\n\n\n\n<figure class=\"wp-block-image size-full is-resized\"><img data-recalc-dims=\"1\" decoding=\"async\" width=\"1080\" height=\"1350\" src=\"https:\/\/i0.wp.com\/zeromagazine.mx\/wp-content\/uploads\/2024\/11\/H24_HOLIDAY_CARA_PR_nologo_6-1.jpg?resize=1080%2C1350&#038;ssl=1\" alt=\"\" class=\"wp-image-91854\" style=\"width:1451px;height:auto\" srcset=\"https:\/\/i0.wp.com\/zeromagazine.mx\/wp-content\/uploads\/2024\/11\/H24_HOLIDAY_CARA_PR_nologo_6-1.jpg?w=1080&amp;ssl=1 1080w, https:\/\/i0.wp.com\/zeromagazine.mx\/wp-content\/uploads\/2024\/11\/H24_HOLIDAY_CARA_PR_nologo_6-1.jpg?resize=240%2C300&amp;ssl=1 240w, https:\/\/i0.wp.com\/zeromagazine.mx\/wp-content\/uploads\/2024\/11\/H24_HOLIDAY_CARA_PR_nologo_6-1.jpg?resize=819%2C1024&amp;ssl=1 819w, https:\/\/i0.wp.com\/zeromagazine.mx\/wp-content\/uploads\/2024\/11\/H24_HOLIDAY_CARA_PR_nologo_6-1.jpg?resize=768%2C960&amp;ssl=1 768w\" sizes=\"(max-width: 1080px) 100vw, 1080px\" \/><\/figure>\n\n\n\n\n<script async src=\"https:\/\/pagead2.googlesyndication.com\/pagead\/js\/adsbygoogle.js?client=ca-pub-5499304793904745\"\n     crossorigin=\"anonymous\"><\/script>\n<ins class=\"adsbygoogle\"\n     style=\"display:block; text-align:center;\"\n     data-ad-layout=\"in-article\"\n     data-ad-format=\"fluid\"\n     data-ad-client=\"ca-pub-5499304793904745\"\n     data-ad-slot=\"5994863093\"><\/ins>\n<script>\n     (adsbygoogle = window.adsbygoogle || []).push({});\n<\/script>\n\n\n\n<ul class=\"wp-block-list\">\n<li><strong>El balance es clave:<\/strong>\u00a0Si el cuero completo feels like too much, prueba solo el blazer con unos jeans oscuros o los pantalones con un top m\u00e1s relajado.<\/li>\n\n\n\n<li><strong>Materiales de calidad:<\/strong>\u00a0Opta por cuero sint\u00e9tico que se vea chic pero sea m\u00e1s eco-friendly.<\/li>\n\n\n\n<li><strong>Zapatos:<\/strong>\u00a0Botines de tac\u00f3n cuadrado o stilettos puntiagudos para completar el mood.<\/li>\n<\/ul>\n\n\n\n<h3 class=\"wp-block-heading\"><strong>El vibe que transmite<\/strong><\/h3>\n\n\n\n<p>Este look es perfecto para cenas fancy, salidas nocturnas en spots cool o incluso eventos donde quieras destacar como una verdadera fashion icon. Es un fit que no solo dice \u201cestoy a la moda,\u201d sino que tambi\u00e9n muestra tu lado m\u00e1s atrevido y experimental.<\/p>\n\n\n\n<h2 class=\"wp-block-heading\"><strong>\u00bfPor qu\u00e9 Cara es nuestra ultimate fashion inspo?<\/strong><\/h2>\n\n\n\n<p>Lo que amamos de Cara no es solo su habilidad de rockear cualquier outfit, sino c\u00f3mo usa la moda para expresar todas las facetas de su personalidad. Ya sea sofisticada en sat\u00e9n, glamorosa en lentejuelas o atrevida en cuero, siempre logra mantener su esencia aut\u00e9ntica.<\/p>\n\n\n\n<p>Y eso es algo que todxs podemos aprender:&nbsp;<strong>usar la moda como una herramienta para contar nuestra historia y sentirnos seguras de nosotras mismas.<\/strong>&nbsp;As\u00ed que la pr\u00f3xima vez que est\u00e9s frente a tu closet, preg\u00fantate: \u00ab\u00bfQu\u00e9 mood quiero proyectar hoy?\u00bb<\/p>\n\n\n\n<p>Recuerda que no necesitas un presupuesto de supermodelo para lograr looks incre\u00edbles. Lo importante es tener confianza, jugar con texturas, colores y, sobre todo, divertirte mientras lo haces.&nbsp;<\/p>\n\n\n\n<h2 class=\"wp-block-heading\"><strong>\u00bfListas para recrear estos looks?<\/strong><\/h2>\n\n\n\n<p>Ahora que tienes toda esta inspo, it\u2019s time to slay, bestie. Ya sea que quieras un vibe elegante, glittery o full-on badass, Cara Delevingne nos ha demostrado que no hay l\u00edmites en la moda. As\u00ed que experimenta, juega con diferentes estilos y nunca olvides que el mejor accesorio siempre ser\u00e1 tu confianza.<\/p>","protected":false},"excerpt":{"rendered":"<p>Esta semana, Calvin Klein presenta la nueva imagen de holiday \u00a0Cara Delevingne ,\u00a0esa queen que siempre est\u00e1 redefiniendo lo que significa ser\u00a0fashion-forward. Literalmente, no hay look que no pueda rockear. Desde vibes sofisticadas hasta full-on leather dominatrix, Cara siempre est\u00e1 ah\u00ed para recordarnos que el estilo no es solo ropa, es una forma de arte. [&hellip;]<\/p>\n","protected":false},"author":2,"featured_media":91852,"comment_status":"open","ping_status":"open","sticky":false,"template":"","format":"standard","meta":{"_jetpack_memberships_contains_paid_content":false,"footnotes":"","jetpack_publicize_message":"","jetpack_publicize_feature_enabled":true,"jetpack_social_post_already_shared":true,"jetpack_social_options":{"image_generator_settings":{"template":"highway","default_image_id":0,"font":"","enabled":false},"version":2}},"categories":[67],"tags":[546,8327],"class_list":["post-91850","post","type-post","status-publish","format-standard","has-post-thumbnail","hentry","category-moda","tag-calvin-klein","tag-cara-delevingne","has-post-title","has-post-date","has-post-category","has-post-tag","has-post-comment","has-post-author",""],"yoast_head":"<!-- This site is optimized with the Yoast SEO plugin v27.5 - https:\/\/yoast.com\/product\/yoast-seo-wordpress\/ -->\n<title>&quot;Looks Cara-Style para Slay Daily&quot; - Zero Magazine<\/title>\n<meta name=\"robots\" content=\"index, follow, max-snippet:-1, max-image-preview:large, max-video-preview:-1\" \/>\n<link rel=\"canonical\" href=\"https:\/\/zeromagazine.mx\/index.php\/2024\/11\/27\/looks-cara-style-para-slay-daily\/\" \/>\n<meta property=\"og:locale\" content=\"es_ES\" \/>\n<meta property=\"og:type\" content=\"article\" \/>\n<meta property=\"og:title\" content=\"&quot;Looks Cara-Style para Slay Daily&quot; - Zero Magazine\" \/>\n<meta property=\"og:description\" content=\"Esta semana, Calvin Klein presenta la nueva imagen de holiday \u00a0Cara Delevingne ,\u00a0esa queen que siempre est\u00e1 redefiniendo lo que significa ser\u00a0fashion-forward. Literalmente, no hay look que no pueda rockear. Desde vibes sofisticadas hasta full-on leather dominatrix, Cara siempre est\u00e1 ah\u00ed para recordarnos que el estilo no es solo ropa, es una forma de arte. [&hellip;]\" \/>\n<meta property=\"og:url\" content=\"https:\/\/zeromagazine.mx\/index.php\/2024\/11\/27\/looks-cara-style-para-slay-daily\/\" \/>\n<meta property=\"og:site_name\" content=\"Zero Magazine\" \/>\n<meta property=\"article:published_time\" content=\"2024-11-27T04:12:44+00:00\" \/>\n<meta property=\"article:modified_time\" content=\"2024-11-27T04:12:46+00:00\" \/>\n<meta property=\"og:image\" content=\"http:\/\/zeromagazine.mx\/wp-content\/uploads\/2024\/11\/H24_HOLIDAY_CARA_PR_nologo_4.jpg\" \/>\n\t<meta property=\"og:image:width\" content=\"1080\" \/>\n\t<meta property=\"og:image:height\" content=\"1350\" \/>\n\t<meta property=\"og:image:type\" content=\"image\/jpeg\" \/>\n<meta name=\"author\" content=\"zeromagazinemx\" \/>\n<meta name=\"twitter:card\" content=\"summary_large_image\" \/>\n<meta name=\"twitter:label1\" content=\"Escrito por\" \/>\n\t<meta name=\"twitter:data1\" content=\"zeromagazinemx\" \/>\n\t<meta name=\"twitter:label2\" content=\"Tiempo de lectura\" \/>\n\t<meta name=\"twitter:data2\" content=\"5 minutos\" \/>\n<script type=\"application\/ld+json\" class=\"yoast-schema-graph\">{\"@context\":\"https:\\\/\\\/schema.org\",\"@graph\":[{\"@type\":\"Article\",\"@id\":\"https:\\\/\\\/zeromagazine.mx\\\/index.php\\\/2024\\\/11\\\/27\\\/looks-cara-style-para-slay-daily\\\/#article\",\"isPartOf\":{\"@id\":\"https:\\\/\\\/zeromagazine.mx\\\/index.php\\\/2024\\\/11\\\/27\\\/looks-cara-style-para-slay-daily\\\/\"},\"author\":{\"name\":\"zeromagazinemx\",\"@id\":\"https:\\\/\\\/zeromagazine.mx\\\/#\\\/schema\\\/person\\\/9aed9f33a7c39af3a348b86d723f7773\"},\"headline\":\"\u00abLooks Cara-Style para Slay Daily\u00bb\",\"datePublished\":\"2024-11-27T04:12:44+00:00\",\"dateModified\":\"2024-11-27T04:12:46+00:00\",\"mainEntityOfPage\":{\"@id\":\"https:\\\/\\\/zeromagazine.mx\\\/index.php\\\/2024\\\/11\\\/27\\\/looks-cara-style-para-slay-daily\\\/\"},\"wordCount\":952,\"commentCount\":0,\"publisher\":{\"@id\":\"https:\\\/\\\/zeromagazine.mx\\\/#organization\"},\"image\":{\"@id\":\"https:\\\/\\\/zeromagazine.mx\\\/index.php\\\/2024\\\/11\\\/27\\\/looks-cara-style-para-slay-daily\\\/#primaryimage\"},\"thumbnailUrl\":\"https:\\\/\\\/i0.wp.com\\\/zeromagazine.mx\\\/wp-content\\\/uploads\\\/2024\\\/11\\\/H24_HOLIDAY_CARA_PR_nologo_4.jpg?fit=1080%2C1350&ssl=1\",\"keywords\":[\"Calvin klein\",\"Cara Delevingne\"],\"articleSection\":[\"Moda\"],\"inLanguage\":\"es\",\"potentialAction\":[{\"@type\":\"CommentAction\",\"name\":\"Comment\",\"target\":[\"https:\\\/\\\/zeromagazine.mx\\\/index.php\\\/2024\\\/11\\\/27\\\/looks-cara-style-para-slay-daily\\\/#respond\"]}]},{\"@type\":\"WebPage\",\"@id\":\"https:\\\/\\\/zeromagazine.mx\\\/index.php\\\/2024\\\/11\\\/27\\\/looks-cara-style-para-slay-daily\\\/\",\"url\":\"https:\\\/\\\/zeromagazine.mx\\\/index.php\\\/2024\\\/11\\\/27\\\/looks-cara-style-para-slay-daily\\\/\",\"name\":\"\\\"Looks Cara-Style para Slay Daily\\\" - Zero Magazine\",\"isPartOf\":{\"@id\":\"https:\\\/\\\/zeromagazine.mx\\\/#website\"},\"primaryImageOfPage\":{\"@id\":\"https:\\\/\\\/zeromagazine.mx\\\/index.php\\\/2024\\\/11\\\/27\\\/looks-cara-style-para-slay-daily\\\/#primaryimage\"},\"image\":{\"@id\":\"https:\\\/\\\/zeromagazine.mx\\\/index.php\\\/2024\\\/11\\\/27\\\/looks-cara-style-para-slay-daily\\\/#primaryimage\"},\"thumbnailUrl\":\"https:\\\/\\\/i0.wp.com\\\/zeromagazine.mx\\\/wp-content\\\/uploads\\\/2024\\\/11\\\/H24_HOLIDAY_CARA_PR_nologo_4.jpg?fit=1080%2C1350&ssl=1\",\"datePublished\":\"2024-11-27T04:12:44+00:00\",\"dateModified\":\"2024-11-27T04:12:46+00:00\",\"breadcrumb\":{\"@id\":\"https:\\\/\\\/zeromagazine.mx\\\/index.php\\\/2024\\\/11\\\/27\\\/looks-cara-style-para-slay-daily\\\/#breadcrumb\"},\"inLanguage\":\"es\",\"potentialAction\":[{\"@type\":\"ReadAction\",\"target\":[\"https:\\\/\\\/zeromagazine.mx\\\/index.php\\\/2024\\\/11\\\/27\\\/looks-cara-style-para-slay-daily\\\/\"]}]},{\"@type\":\"ImageObject\",\"inLanguage\":\"es\",\"@id\":\"https:\\\/\\\/zeromagazine.mx\\\/index.php\\\/2024\\\/11\\\/27\\\/looks-cara-style-para-slay-daily\\\/#primaryimage\",\"url\":\"https:\\\/\\\/i0.wp.com\\\/zeromagazine.mx\\\/wp-content\\\/uploads\\\/2024\\\/11\\\/H24_HOLIDAY_CARA_PR_nologo_4.jpg?fit=1080%2C1350&ssl=1\",\"contentUrl\":\"https:\\\/\\\/i0.wp.com\\\/zeromagazine.mx\\\/wp-content\\\/uploads\\\/2024\\\/11\\\/H24_HOLIDAY_CARA_PR_nologo_4.jpg?fit=1080%2C1350&ssl=1\",\"width\":1080,\"height\":1350},{\"@type\":\"BreadcrumbList\",\"@id\":\"https:\\\/\\\/zeromagazine.mx\\\/index.php\\\/2024\\\/11\\\/27\\\/looks-cara-style-para-slay-daily\\\/#breadcrumb\",\"itemListElement\":[{\"@type\":\"ListItem\",\"position\":1,\"name\":\"Portada\",\"item\":\"https:\\\/\\\/zeromagazine.mx\\\/\"},{\"@type\":\"ListItem\",\"position\":2,\"name\":\"\u00abLooks Cara-Style para Slay Daily\u00bb\"}]},{\"@type\":\"WebSite\",\"@id\":\"https:\\\/\\\/zeromagazine.mx\\\/#website\",\"url\":\"https:\\\/\\\/zeromagazine.mx\\\/\",\"name\":\"Zero Magazine\",\"description\":\"\",\"publisher\":{\"@id\":\"https:\\\/\\\/zeromagazine.mx\\\/#organization\"},\"potentialAction\":[{\"@type\":\"SearchAction\",\"target\":{\"@type\":\"EntryPoint\",\"urlTemplate\":\"https:\\\/\\\/zeromagazine.mx\\\/?s={search_term_string}\"},\"query-input\":{\"@type\":\"PropertyValueSpecification\",\"valueRequired\":true,\"valueName\":\"search_term_string\"}}],\"inLanguage\":\"es\"},{\"@type\":\"Organization\",\"@id\":\"https:\\\/\\\/zeromagazine.mx\\\/#organization\",\"name\":\"Zero Magazine\",\"url\":\"https:\\\/\\\/zeromagazine.mx\\\/\",\"logo\":{\"@type\":\"ImageObject\",\"inLanguage\":\"es\",\"@id\":\"https:\\\/\\\/zeromagazine.mx\\\/#\\\/schema\\\/logo\\\/image\\\/\",\"url\":\"https:\\\/\\\/i0.wp.com\\\/zeromagazine.mx\\\/wp-content\\\/uploads\\\/2025\\\/11\\\/1.jpeg?fit=1000%2C1000&ssl=1\",\"contentUrl\":\"https:\\\/\\\/i0.wp.com\\\/zeromagazine.mx\\\/wp-content\\\/uploads\\\/2025\\\/11\\\/1.jpeg?fit=1000%2C1000&ssl=1\",\"width\":1000,\"height\":1000,\"caption\":\"Zero Magazine\"},\"image\":{\"@id\":\"https:\\\/\\\/zeromagazine.mx\\\/#\\\/schema\\\/logo\\\/image\\\/\"},\"sameAs\":[\"https:\\\/\\\/instagram.com\\\/zeromagazinemx\"]},{\"@type\":\"Person\",\"@id\":\"https:\\\/\\\/zeromagazine.mx\\\/#\\\/schema\\\/person\\\/9aed9f33a7c39af3a348b86d723f7773\",\"name\":\"zeromagazinemx\",\"image\":{\"@type\":\"ImageObject\",\"inLanguage\":\"es\",\"@id\":\"https:\\\/\\\/zeromagazine.mx\\\/wp-content\\\/litespeed\\\/avatar\\\/f91dfe5410d5dcb1a576bf8c45983896.jpg?ver=1777571230\",\"url\":\"https:\\\/\\\/zeromagazine.mx\\\/wp-content\\\/litespeed\\\/avatar\\\/f91dfe5410d5dcb1a576bf8c45983896.jpg?ver=1777571230\",\"contentUrl\":\"https:\\\/\\\/zeromagazine.mx\\\/wp-content\\\/litespeed\\\/avatar\\\/f91dfe5410d5dcb1a576bf8c45983896.jpg?ver=1777571230\",\"caption\":\"zeromagazinemx\"},\"url\":\"https:\\\/\\\/zeromagazine.mx\\\/index.php\\\/author\\\/zeromagazinemx\\\/\"}]}<\/script>\n<!-- \/ Yoast SEO plugin. -->","yoast_head_json":{"title":"\"Looks Cara-Style para Slay Daily\" - Zero Magazine","robots":{"index":"index","follow":"follow","max-snippet":"max-snippet:-1","max-image-preview":"max-image-preview:large","max-video-preview":"max-video-preview:-1"},"canonical":"https:\/\/zeromagazine.mx\/index.php\/2024\/11\/27\/looks-cara-style-para-slay-daily\/","og_locale":"es_ES","og_type":"article","og_title":"\"Looks Cara-Style para Slay Daily\" - Zero Magazine","og_description":"Esta semana, Calvin Klein presenta la nueva imagen de holiday \u00a0Cara Delevingne ,\u00a0esa queen que siempre est\u00e1 redefiniendo lo que significa ser\u00a0fashion-forward. Literalmente, no hay look que no pueda rockear. Desde vibes sofisticadas hasta full-on leather dominatrix, Cara siempre est\u00e1 ah\u00ed para recordarnos que el estilo no es solo ropa, es una forma de arte. [&hellip;]","og_url":"https:\/\/zeromagazine.mx\/index.php\/2024\/11\/27\/looks-cara-style-para-slay-daily\/","og_site_name":"Zero Magazine","article_published_time":"2024-11-27T04:12:44+00:00","article_modified_time":"2024-11-27T04:12:46+00:00","og_image":[{"width":1080,"height":1350,"url":"http:\/\/zeromagazine.mx\/wp-content\/uploads\/2024\/11\/H24_HOLIDAY_CARA_PR_nologo_4.jpg","type":"image\/jpeg"}],"author":"zeromagazinemx","twitter_card":"summary_large_image","twitter_misc":{"Escrito por":"zeromagazinemx","Tiempo de lectura":"5 minutos"},"schema":{"@context":"https:\/\/schema.org","@graph":[{"@type":"Article","@id":"https:\/\/zeromagazine.mx\/index.php\/2024\/11\/27\/looks-cara-style-para-slay-daily\/#article","isPartOf":{"@id":"https:\/\/zeromagazine.mx\/index.php\/2024\/11\/27\/looks-cara-style-para-slay-daily\/"},"author":{"name":"zeromagazinemx","@id":"https:\/\/zeromagazine.mx\/#\/schema\/person\/9aed9f33a7c39af3a348b86d723f7773"},"headline":"\u00abLooks Cara-Style para Slay Daily\u00bb","datePublished":"2024-11-27T04:12:44+00:00","dateModified":"2024-11-27T04:12:46+00:00","mainEntityOfPage":{"@id":"https:\/\/zeromagazine.mx\/index.php\/2024\/11\/27\/looks-cara-style-para-slay-daily\/"},"wordCount":952,"commentCount":0,"publisher":{"@id":"https:\/\/zeromagazine.mx\/#organization"},"image":{"@id":"https:\/\/zeromagazine.mx\/index.php\/2024\/11\/27\/looks-cara-style-para-slay-daily\/#primaryimage"},"thumbnailUrl":"https:\/\/i0.wp.com\/zeromagazine.mx\/wp-content\/uploads\/2024\/11\/H24_HOLIDAY_CARA_PR_nologo_4.jpg?fit=1080%2C1350&ssl=1","keywords":["Calvin klein","Cara Delevingne"],"articleSection":["Moda"],"inLanguage":"es","potentialAction":[{"@type":"CommentAction","name":"Comment","target":["https:\/\/zeromagazine.mx\/index.php\/2024\/11\/27\/looks-cara-style-para-slay-daily\/#respond"]}]},{"@type":"WebPage","@id":"https:\/\/zeromagazine.mx\/index.php\/2024\/11\/27\/looks-cara-style-para-slay-daily\/","url":"https:\/\/zeromagazine.mx\/index.php\/2024\/11\/27\/looks-cara-style-para-slay-daily\/","name":"\"Looks Cara-Style para Slay Daily\" - Zero Magazine","isPartOf":{"@id":"https:\/\/zeromagazine.mx\/#website"},"primaryImageOfPage":{"@id":"https:\/\/zeromagazine.mx\/index.php\/2024\/11\/27\/looks-cara-style-para-slay-daily\/#primaryimage"},"image":{"@id":"https:\/\/zeromagazine.mx\/index.php\/2024\/11\/27\/looks-cara-style-para-slay-daily\/#primaryimage"},"thumbnailUrl":"https:\/\/i0.wp.com\/zeromagazine.mx\/wp-content\/uploads\/2024\/11\/H24_HOLIDAY_CARA_PR_nologo_4.jpg?fit=1080%2C1350&ssl=1","datePublished":"2024-11-27T04:12:44+00:00","dateModified":"2024-11-27T04:12:46+00:00","breadcrumb":{"@id":"https:\/\/zeromagazine.mx\/index.php\/2024\/11\/27\/looks-cara-style-para-slay-daily\/#breadcrumb"},"inLanguage":"es","potentialAction":[{"@type":"ReadAction","target":["https:\/\/zeromagazine.mx\/index.php\/2024\/11\/27\/looks-cara-style-para-slay-daily\/"]}]},{"@type":"ImageObject","inLanguage":"es","@id":"https:\/\/zeromagazine.mx\/index.php\/2024\/11\/27\/looks-cara-style-para-slay-daily\/#primaryimage","url":"https:\/\/i0.wp.com\/zeromagazine.mx\/wp-content\/uploads\/2024\/11\/H24_HOLIDAY_CARA_PR_nologo_4.jpg?fit=1080%2C1350&ssl=1","contentUrl":"https:\/\/i0.wp.com\/zeromagazine.mx\/wp-content\/uploads\/2024\/11\/H24_HOLIDAY_CARA_PR_nologo_4.jpg?fit=1080%2C1350&ssl=1","width":1080,"height":1350},{"@type":"BreadcrumbList","@id":"https:\/\/zeromagazine.mx\/index.php\/2024\/11\/27\/looks-cara-style-para-slay-daily\/#breadcrumb","itemListElement":[{"@type":"ListItem","position":1,"name":"Portada","item":"https:\/\/zeromagazine.mx\/"},{"@type":"ListItem","position":2,"name":"\u00abLooks Cara-Style para Slay Daily\u00bb"}]},{"@type":"WebSite","@id":"https:\/\/zeromagazine.mx\/#website","url":"https:\/\/zeromagazine.mx\/","name":"Zero Magazine","description":"","publisher":{"@id":"https:\/\/zeromagazine.mx\/#organization"},"potentialAction":[{"@type":"SearchAction","target":{"@type":"EntryPoint","urlTemplate":"https:\/\/zeromagazine.mx\/?s={search_term_string}"},"query-input":{"@type":"PropertyValueSpecification","valueRequired":true,"valueName":"search_term_string"}}],"inLanguage":"es"},{"@type":"Organization","@id":"https:\/\/zeromagazine.mx\/#organization","name":"Zero Magazine","url":"https:\/\/zeromagazine.mx\/","logo":{"@type":"ImageObject","inLanguage":"es","@id":"https:\/\/zeromagazine.mx\/#\/schema\/logo\/image\/","url":"https:\/\/i0.wp.com\/zeromagazine.mx\/wp-content\/uploads\/2025\/11\/1.jpeg?fit=1000%2C1000&ssl=1","contentUrl":"https:\/\/i0.wp.com\/zeromagazine.mx\/wp-content\/uploads\/2025\/11\/1.jpeg?fit=1000%2C1000&ssl=1","width":1000,"height":1000,"caption":"Zero Magazine"},"image":{"@id":"https:\/\/zeromagazine.mx\/#\/schema\/logo\/image\/"},"sameAs":["https:\/\/instagram.com\/zeromagazinemx"]},{"@type":"Person","@id":"https:\/\/zeromagazine.mx\/#\/schema\/person\/9aed9f33a7c39af3a348b86d723f7773","name":"zeromagazinemx","image":{"@type":"ImageObject","inLanguage":"es","@id":"https:\/\/zeromagazine.mx\/wp-content\/litespeed\/avatar\/f91dfe5410d5dcb1a576bf8c45983896.jpg?ver=1777571230","url":"https:\/\/zeromagazine.mx\/wp-content\/litespeed\/avatar\/f91dfe5410d5dcb1a576bf8c45983896.jpg?ver=1777571230","contentUrl":"https:\/\/zeromagazine.mx\/wp-content\/litespeed\/avatar\/f91dfe5410d5dcb1a576bf8c45983896.jpg?ver=1777571230","caption":"zeromagazinemx"},"url":"https:\/\/zeromagazine.mx\/index.php\/author\/zeromagazinemx\/"}]}},"jetpack_publicize_connections":[],"jetpack_featured_media_url":"https:\/\/i0.wp.com\/zeromagazine.mx\/wp-content\/uploads\/2024\/11\/H24_HOLIDAY_CARA_PR_nologo_4.jpg?fit=1080%2C1350&ssl=1","jetpack-related-posts":[{"id":83740,"url":"https:\/\/zeromagazine.mx\/index.php\/2024\/09\/12\/cha-eun-woo-x-ck-otono-chic\/","url_meta":{"origin":91850,"position":0},"title":"Cha Eun-Woo x CK: Oto\u00f1o Chic","author":"zeromagazinemx","date":"12 de septiembre de 2024","format":false,"excerpt":"\u00a1Holiii, Arohas! Hoy les traigo el scoop m\u00e1s \u00e9pico del mundo de la moda y el K-pop que no se van a querer perder. Adivinen qui\u00e9n est\u00e1 dominando el spotlight ahora: nuestro querido \"CHA EUN-WOO\" El cantante y actor surcoreano que est\u00e1 rompiendo corazones en todo el planeta es la\u2026","rel":"","context":"En \u00abModa\u00bb","block_context":{"text":"Moda","link":"https:\/\/zeromagazine.mx\/index.php\/category\/moda\/"},"img":{"alt_text":"","src":"https:\/\/i0.wp.com\/zeromagazine.mx\/wp-content\/uploads\/2024\/09\/F24_CHA_PR_logo_1.jpg?fit=960%2C1200&ssl=1&resize=350%2C200","width":350,"height":200,"srcset":"https:\/\/i0.wp.com\/zeromagazine.mx\/wp-content\/uploads\/2024\/09\/F24_CHA_PR_logo_1.jpg?fit=960%2C1200&ssl=1&resize=350%2C200 1x, https:\/\/i0.wp.com\/zeromagazine.mx\/wp-content\/uploads\/2024\/09\/F24_CHA_PR_logo_1.jpg?fit=960%2C1200&ssl=1&resize=525%2C300 1.5x, https:\/\/i0.wp.com\/zeromagazine.mx\/wp-content\/uploads\/2024\/09\/F24_CHA_PR_logo_1.jpg?fit=960%2C1200&ssl=1&resize=700%2C400 2x"},"classes":[]},{"id":91580,"url":"https:\/\/zeromagazine.mx\/index.php\/2024\/11\/25\/jeremy-allen-white-x-calvin-klein\/","url_meta":{"origin":91850,"position":1},"title":"Jeremy Allen White x Calvin Klein","author":"zeromagazinemx","date":"25 de noviembre de 2024","format":false,"excerpt":"Cuando pensamos en Calvin Klein, \u00bfqu\u00e9 es lo primero que se nos viene a la mente? Probablemente ese vibe minimalista y chic que parece gritar \u201cmenos es m\u00e1s\u201d. Pero, \u00bfqu\u00e9 pasa cuando alguien como Jeremy Allen White, el it boy del momento, nos demuestra que esas piezas b\u00e1sicas pueden ser\u2026","rel":"","context":"En \u00abModa\u00bb","block_context":{"text":"Moda","link":"https:\/\/zeromagazine.mx\/index.php\/category\/moda\/"},"img":{"alt_text":"","src":"https:\/\/i0.wp.com\/zeromagazine.mx\/wp-content\/uploads\/2024\/11\/H24_HOLIDAY_JAW_PR_nologo_3.jpg?fit=1200%2C960&ssl=1&resize=350%2C200","width":350,"height":200,"srcset":"https:\/\/i0.wp.com\/zeromagazine.mx\/wp-content\/uploads\/2024\/11\/H24_HOLIDAY_JAW_PR_nologo_3.jpg?fit=1200%2C960&ssl=1&resize=350%2C200 1x, https:\/\/i0.wp.com\/zeromagazine.mx\/wp-content\/uploads\/2024\/11\/H24_HOLIDAY_JAW_PR_nologo_3.jpg?fit=1200%2C960&ssl=1&resize=525%2C300 1.5x, https:\/\/i0.wp.com\/zeromagazine.mx\/wp-content\/uploads\/2024\/11\/H24_HOLIDAY_JAW_PR_nologo_3.jpg?fit=1200%2C960&ssl=1&resize=700%2C400 2x, https:\/\/i0.wp.com\/zeromagazine.mx\/wp-content\/uploads\/2024\/11\/H24_HOLIDAY_JAW_PR_nologo_3.jpg?fit=1200%2C960&ssl=1&resize=1050%2C600 3x"},"classes":[]},{"id":105056,"url":"https:\/\/zeromagazine.mx\/index.php\/2025\/05\/26\/lewis-hamilton-acelera-con-calvin-klein\/","url_meta":{"origin":91850,"position":2},"title":"Lewis Hamilton Acelera Con Calvin Klein","author":"David Morales","date":"26 de mayo de 2025","format":false,"excerpt":"Amix, la F\u00f3rmula 1 no solo es velocidad, adrenalina y drama de paddock. Tambi\u00e9n es pasarela, estilo y mucha intenci\u00f3n detr\u00e1s de cada look. Y si alguien sabe c\u00f3mo mezclar high fashion con motorsport es Lewis Hamilton. El siete veces campe\u00f3n del mundo apareci\u00f3 en el Gran Premio de M\u00f3naco\u2026","rel":"","context":"En \u00abModa\u00bb","block_context":{"text":"Moda","link":"https:\/\/zeromagazine.mx\/index.php\/category\/moda\/"},"img":{"alt_text":"","src":"https:\/\/i0.wp.com\/zeromagazine.mx\/wp-content\/uploads\/2025\/05\/Lewis-Hamilton_F1-Grand-Prix-of-Monaco_GettyImages-2216936676-scaled.jpg?fit=800%2C1200&ssl=1&resize=350%2C200","width":350,"height":200,"srcset":"https:\/\/i0.wp.com\/zeromagazine.mx\/wp-content\/uploads\/2025\/05\/Lewis-Hamilton_F1-Grand-Prix-of-Monaco_GettyImages-2216936676-scaled.jpg?fit=800%2C1200&ssl=1&resize=350%2C200 1x, https:\/\/i0.wp.com\/zeromagazine.mx\/wp-content\/uploads\/2025\/05\/Lewis-Hamilton_F1-Grand-Prix-of-Monaco_GettyImages-2216936676-scaled.jpg?fit=800%2C1200&ssl=1&resize=525%2C300 1.5x, https:\/\/i0.wp.com\/zeromagazine.mx\/wp-content\/uploads\/2025\/05\/Lewis-Hamilton_F1-Grand-Prix-of-Monaco_GettyImages-2216936676-scaled.jpg?fit=800%2C1200&ssl=1&resize=700%2C400 2x"},"classes":[]},{"id":76731,"url":"https:\/\/zeromagazine.mx\/index.php\/2024\/05\/30\/calvin-klein-celebra-el-amor-y-el-orgullo\/","url_meta":{"origin":91850,"position":3},"title":"Calvin Klein Celebra el Amor y el Orgullo","author":"zeromagazinemx","date":"30 de mayo de 2024","format":false,"excerpt":"La nueva campa\u00f1a de Calvin Klein est\u00e1 que arde. Este a\u00f1o, la marca lanz\u00f3 su campa\u00f1a 2024 \"This Is Love\" protagonizada por Cara Delevingne y Jeremy Pope. Y d\u00e9jenme decirles, es todo un espect\u00e1culo de amor y orgullo. Adem\u00e1s, echando un vistazo m\u00e1s de cerca, las fotos de la campa\u00f1a\u2026","rel":"","context":"En \u00abModa\u00bb","block_context":{"text":"Moda","link":"https:\/\/zeromagazine.mx\/index.php\/category\/moda\/"},"img":{"alt_text":"","src":"https:\/\/i0.wp.com\/zeromagazine.mx\/wp-content\/uploads\/2024\/05\/S24_PRIDE_PR_logo_1080x1350_8.jpg?fit=1200%2C960&ssl=1&resize=350%2C200","width":350,"height":200,"srcset":"https:\/\/i0.wp.com\/zeromagazine.mx\/wp-content\/uploads\/2024\/05\/S24_PRIDE_PR_logo_1080x1350_8.jpg?fit=1200%2C960&ssl=1&resize=350%2C200 1x, https:\/\/i0.wp.com\/zeromagazine.mx\/wp-content\/uploads\/2024\/05\/S24_PRIDE_PR_logo_1080x1350_8.jpg?fit=1200%2C960&ssl=1&resize=525%2C300 1.5x, https:\/\/i0.wp.com\/zeromagazine.mx\/wp-content\/uploads\/2024\/05\/S24_PRIDE_PR_logo_1080x1350_8.jpg?fit=1200%2C960&ssl=1&resize=700%2C400 2x, https:\/\/i0.wp.com\/zeromagazine.mx\/wp-content\/uploads\/2024\/05\/S24_PRIDE_PR_logo_1080x1350_8.jpg?fit=1200%2C960&ssl=1&resize=1050%2C600 3x"},"classes":[]},{"id":84503,"url":"https:\/\/zeromagazine.mx\/index.php\/2024\/09\/24\/newjeans-x-ck-denim-glow\/","url_meta":{"origin":91850,"position":4},"title":"NewJeans x CK: Denim Glow","author":"zeromagazinemx","date":"24 de septiembre de 2024","format":false,"excerpt":"\u00a1Holaaa Bunnies! \u00bfSe han enterado de lo \u00faltimo que ha lanzado Calvin Klein? Acaban de dar a conocer el cap\u00edtulo final de su campa\u00f1a Oto\u00f1o 2024, y adivinen qui\u00e9nes son las protagonistas: \u00a1las reinas de NewJeans! S\u00ed, esas cinco chicas que est\u00e1n arrasando en el mundo de la m\u00fasica y\u2026","rel":"","context":"En \u00abModa\u00bb","block_context":{"text":"Moda","link":"https:\/\/zeromagazine.mx\/index.php\/category\/moda\/"},"img":{"alt_text":"","src":"https:\/\/i0.wp.com\/zeromagazine.mx\/wp-content\/uploads\/2024\/09\/F24_NEWJEANS_PR_logo_8.jpg?fit=1200%2C960&ssl=1&resize=350%2C200","width":350,"height":200,"srcset":"https:\/\/i0.wp.com\/zeromagazine.mx\/wp-content\/uploads\/2024\/09\/F24_NEWJEANS_PR_logo_8.jpg?fit=1200%2C960&ssl=1&resize=350%2C200 1x, https:\/\/i0.wp.com\/zeromagazine.mx\/wp-content\/uploads\/2024\/09\/F24_NEWJEANS_PR_logo_8.jpg?fit=1200%2C960&ssl=1&resize=525%2C300 1.5x, https:\/\/i0.wp.com\/zeromagazine.mx\/wp-content\/uploads\/2024\/09\/F24_NEWJEANS_PR_logo_8.jpg?fit=1200%2C960&ssl=1&resize=700%2C400 2x, https:\/\/i0.wp.com\/zeromagazine.mx\/wp-content\/uploads\/2024\/09\/F24_NEWJEANS_PR_logo_8.jpg?fit=1200%2C960&ssl=1&resize=1050%2C600 3x"},"classes":[]},{"id":82661,"url":"https:\/\/zeromagazine.mx\/index.php\/2024\/08\/27\/jeremy-allen-white-vibes-otonales\/","url_meta":{"origin":91850,"position":5},"title":"Jeremy Allen White: Vibes Oto\u00f1ales","author":"zeromagazinemx","date":"27 de agosto de 2024","format":false,"excerpt":"La espera ha terminado y Calvin Klein acaba de lanzar la segunda entrega de su mega campa\u00f1a de Oto\u00f1o 2024, protagonizada por el rey de las vibes relajadas, Jeremy Allen White. Este 27 de agosto de 2024 marca el debut de esta campa\u00f1a que promete elevar tu estilo a otro\u2026","rel":"","context":"En \u00abModa\u00bb","block_context":{"text":"Moda","link":"https:\/\/zeromagazine.mx\/index.php\/category\/moda\/"},"img":{"alt_text":"","src":"https:\/\/i0.wp.com\/zeromagazine.mx\/wp-content\/uploads\/2024\/08\/F24_JAW_PR_nologo_4.jpg?fit=1200%2C960&ssl=1&resize=350%2C200","width":350,"height":200,"srcset":"https:\/\/i0.wp.com\/zeromagazine.mx\/wp-content\/uploads\/2024\/08\/F24_JAW_PR_nologo_4.jpg?fit=1200%2C960&ssl=1&resize=350%2C200 1x, https:\/\/i0.wp.com\/zeromagazine.mx\/wp-content\/uploads\/2024\/08\/F24_JAW_PR_nologo_4.jpg?fit=1200%2C960&ssl=1&resize=525%2C300 1.5x, https:\/\/i0.wp.com\/zeromagazine.mx\/wp-content\/uploads\/2024\/08\/F24_JAW_PR_nologo_4.jpg?fit=1200%2C960&ssl=1&resize=700%2C400 2x, https:\/\/i0.wp.com\/zeromagazine.mx\/wp-content\/uploads\/2024\/08\/F24_JAW_PR_nologo_4.jpg?fit=1200%2C960&ssl=1&resize=1050%2C600 3x"},"classes":[]}],"jetpack_sharing_enabled":true,"builder_content":"","_links":{"self":[{"href":"https:\/\/zeromagazine.mx\/index.php\/wp-json\/wp\/v2\/posts\/91850","targetHints":{"allow":["GET"]}}],"collection":[{"href":"https:\/\/zeromagazine.mx\/index.php\/wp-json\/wp\/v2\/posts"}],"about":[{"href":"https:\/\/zeromagazine.mx\/index.php\/wp-json\/wp\/v2\/types\/post"}],"author":[{"embeddable":true,"href":"https:\/\/zeromagazine.mx\/index.php\/wp-json\/wp\/v2\/users\/2"}],"replies":[{"embeddable":true,"href":"https:\/\/zeromagazine.mx\/index.php\/wp-json\/wp\/v2\/comments?post=91850"}],"version-history":[{"count":1,"href":"https:\/\/zeromagazine.mx\/index.php\/wp-json\/wp\/v2\/posts\/91850\/revisions"}],"predecessor-version":[{"id":91855,"href":"https:\/\/zeromagazine.mx\/index.php\/wp-json\/wp\/v2\/posts\/91850\/revisions\/91855"}],"wp:featuredmedia":[{"embeddable":true,"href":"https:\/\/zeromagazine.mx\/index.php\/wp-json\/wp\/v2\/media\/91852"}],"wp:attachment":[{"href":"https:\/\/zeromagazine.mx\/index.php\/wp-json\/wp\/v2\/media?parent=91850"}],"wp:term":[{"taxonomy":"category","embeddable":true,"href":"https:\/\/zeromagazine.mx\/index.php\/wp-json\/wp\/v2\/categories?post=91850"},{"taxonomy":"post_tag","embeddable":true,"href":"https:\/\/zeromagazine.mx\/index.php\/wp-json\/wp\/v2\/tags?post=91850"}],"curies":[{"name":"wp","href":"https:\/\/api.w.org\/{rel}","templated":true}]}}