{"id":92201,"date":"2024-12-03T20:15:11","date_gmt":"2024-12-03T19:15:11","guid":{"rendered":"https:\/\/zeromagazine.mx\/?p=92201"},"modified":"2024-12-03T20:15:13","modified_gmt":"2024-12-03T19:15:13","slug":"shein-pop-up-moda-navidena","status":"publish","type":"post","link":"https:\/\/zeromagazine.mx\/index.php\/2024\/12\/03\/shein-pop-up-moda-navidena\/","title":{"rendered":"\u00abSHEIN Pop-Up: Moda Navide\u00f1a\u00bb"},"content":{"rendered":"<!--themify_builder_content-->\n<div id=\"themify_builder_content-92201\" data-postid=\"92201\" class=\"themify_builder_content themify_builder_content-92201 themify_builder tf_clear\">\n    <\/div>\n<!--\/themify_builder_content-->\n\n\n<p>Hey, amigx fashionista, si eres de los que ama combinar vibes navide\u00f1as, moda top y un poquito de conciencia eco-friendly, SHEIN tiene justo lo que necesitas. \u00bfYa escuchaste?&nbsp;<strong>Monterrey<\/strong>&nbsp;ser\u00e1 el spot para la tercera y \u00faltima&nbsp;<strong>Pop-Up Store<\/strong>&nbsp;de SHEIN este a\u00f1o. As\u00ed que saca el calendario y marca del&nbsp;<strong>12 al 15 de diciembre<\/strong>, desde las 12:00 p.m. hasta las 8:00 p.m., el Centro Comercial Esfera Monterrey se convertir\u00e1 en un lugar repleto de ambiente festivo con una extensa variedad de productos.<\/p>\n\n\n\n<h2 class=\"wp-block-heading\"><strong>Shopping Navide\u00f1o con Estilo<\/strong><\/h2>\n\n\n\n<p>&nbsp;\u00bfQu\u00e9 puedes esperar? Un espacio lleno de esp\u00edritu festivo, con incre\u00edble variedad de productos para todos los gustos y edades:<\/p>\n\n\n\n<ul class=\"wp-block-list\">\n<li><strong>Ropa para mujer<\/strong>, incluyendo opciones curvy.<\/li>\n\n\n\n<li><strong>Moda para hombres, ni\u00f1os y beb\u00e9s<\/strong>.<\/li>\n\n\n\n<li><strong>Accesorios, zapatos y hasta cosas para tus mascotas<\/strong>\u00a0(porque tus perritos tambi\u00e9n merecen brillar).<\/li>\n<\/ul>\n\n\n\n<p>\u00bfEst\u00e1s buscando regalos perfectos para las fiestas? Aqu\u00ed lo encuentras todo. Adem\u00e1s, si quieres cerrar el a\u00f1o con un glow-up \u00e9pico, SHEIN tiene las \u00faltimas tendencias que seguro te har\u00e1n sobresalir en las fotos del Insta.<\/p>\n\n\n\n<h2 class=\"wp-block-heading\"><strong>\u00abThe Next Cycle\u00bb: Moda con Conciencia<\/strong><\/h2>\n\n\n\n<figure class=\"wp-block-image size-full is-resized\"><img data-recalc-dims=\"1\" decoding=\"async\" width=\"904\" height=\"903\" src=\"https:\/\/i0.wp.com\/zeromagazine.mx\/wp-content\/uploads\/2024\/12\/SHEIN-Pop-Up-store-MTY.jpeg?resize=904%2C903&#038;ssl=1\" alt=\"\" class=\"wp-image-92204\" style=\"width:1451px;height:auto\" srcset=\"https:\/\/i0.wp.com\/zeromagazine.mx\/wp-content\/uploads\/2024\/12\/SHEIN-Pop-Up-store-MTY.jpeg?w=904&amp;ssl=1 904w, https:\/\/i0.wp.com\/zeromagazine.mx\/wp-content\/uploads\/2024\/12\/SHEIN-Pop-Up-store-MTY.jpeg?resize=300%2C300&amp;ssl=1 300w, https:\/\/i0.wp.com\/zeromagazine.mx\/wp-content\/uploads\/2024\/12\/SHEIN-Pop-Up-store-MTY.jpeg?resize=150%2C150&amp;ssl=1 150w, https:\/\/i0.wp.com\/zeromagazine.mx\/wp-content\/uploads\/2024\/12\/SHEIN-Pop-Up-store-MTY.jpeg?resize=768%2C767&amp;ssl=1 768w, https:\/\/i0.wp.com\/zeromagazine.mx\/wp-content\/uploads\/2024\/12\/SHEIN-Pop-Up-store-MTY.jpeg?resize=70%2C70&amp;ssl=1 70w, https:\/\/i0.wp.com\/zeromagazine.mx\/wp-content\/uploads\/2024\/12\/SHEIN-Pop-Up-store-MTY.jpeg?resize=47%2C48&amp;ssl=1 47w\" sizes=\"(max-width: 904px) 100vw, 904px\" \/><\/figure>\n\n\n\n\n<script async src=\"https:\/\/pagead2.googlesyndication.com\/pagead\/js\/adsbygoogle.js?client=ca-pub-5499304793904745\"\n     crossorigin=\"anonymous\"><\/script>\n<ins class=\"adsbygoogle\"\n     style=\"display:block; text-align:center;\"\n     data-ad-layout=\"in-article\"\n     data-ad-format=\"fluid\"\n     data-ad-client=\"ca-pub-5499304793904745\"\n     data-ad-slot=\"5994863093\"><\/ins>\n<script>\n     (adsbygoogle = window.adsbygoogle || []).push({});\n<\/script>\n\n\n\n<p>No solo se trata de lucir espectacular; tambi\u00e9n es una oportunidad para aportar algo positivo. SHEIN trae su iniciativa&nbsp;<strong>\u00abThe Next Cycle\u00bb<\/strong>, en colaboraci\u00f3n con Texinova, para promover el reciclaje de ropa. Aqu\u00ed est\u00e1 el deal:<\/p>\n\n\n\n<ul class=\"wp-block-list\">\n<li><strong>Ropa en buen estado<\/strong>: Se donar\u00e1 a fundaciones.<\/li>\n\n\n\n<li><strong>Piezas no aptas para donaci\u00f3n<\/strong>: Se transformar\u00e1n en fibras y telas recicladas.<\/li>\n<\/ul>\n\n\n\n<p>\u00a1Ya llevan&nbsp;<strong>7,977 prendas recolectadas<\/strong>&nbsp;y quieren romper r\u00e9cord en Monterrey! As\u00ed que, si tienes ropa que ya no usas, este es el momento perfecto para darle un segundo chance y ayudar al planeta.&nbsp;<\/p>\n\n\n\n<h2 class=\"wp-block-heading\"><strong>Regalos F\u00e1ciles con SHEIN<\/strong><\/h2>\n\n\n\n<p>Si eres de los que deja todo para el \u00faltimo minuto (sin juzgar, todxs hemos estado ah\u00ed), SHEIN tiene la soluci\u00f3n perfecta:<\/p>\n\n\n\n<ul class=\"wp-block-list\">\n<li><strong>Tarjetas de regalo f\u00edsicas<\/strong>\u00a0disponibles en montos de $500 y $1,000 pesos.<\/li>\n\n\n\n<li>S\u00faper pr\u00e1cticas y perfectas para esa persona que siempre es dif\u00edcil de regalar.<\/li>\n<\/ul>\n\n\n\n<p>Asimismo, SHEIN invita a todos los participantes a descubrir su Programa Afiliado SHEIN, donde obtendr\u00e1n comisiones cada vez que sus referidos adquieran a trav\u00e9s de su \u00fanico enlace o c\u00f3digo exclusivo.&nbsp;<\/p>\n\n\n\n<h2 class=\"wp-block-heading\">&nbsp;<strong>El Plus: Tarjeta de Cr\u00e9dito Stori X SHEIN<\/strong><\/h2>\n\n\n\n<p>\u00bfCre\u00edas que eso era todo? Nope, SHEIN subi\u00f3 la apuesta con su nueva&nbsp;<strong>Tarjeta de Cr\u00e9dito Stori X SHEIN<\/strong>, que puedes tramitar directamente en el stand dentro de la pop-up. Aqu\u00ed te dejo los deets:<\/p>\n\n\n\n<ul class=\"wp-block-list\">\n<li>Hasta\u00a0<strong>$20,000 MXN<\/strong>\u00a0de l\u00ednea de cr\u00e9dito.<\/li>\n\n\n\n<li><strong>250 puntos SHEIN<\/strong>\u00a0con tu primera compra.<\/li>\n\n\n\n<li><strong>2 puntos SHEIN<\/strong>\u00a0por cada compra en SHEIN y\u00a0<strong>1 punto<\/strong>\u00a0en el resto de tus compras.<\/li>\n\n\n\n<li>Sin anualidad de por vida y 99% de aprobaci\u00f3n.<\/li>\n<\/ul>\n\n\n\n<p>Literalmente, es como si SHEIN estuviera diciendo: \u00ab\u00a1Compra sin l\u00edmites, pero con estilo!\u00bb<\/p>\n\n\n\n<h2 class=\"wp-block-heading\">&nbsp;<strong>\u00bfPor Qu\u00e9 Este Evento Es Un Must?<\/strong><\/h2>\n\n\n\n<ul class=\"wp-block-list\">\n<li><strong>Tendencias en vivo<\/strong>: Ve y prueba las \u00faltimas colecciones.<\/li>\n\n\n\n<li><strong>Sostenibilidad con onda<\/strong>: S\u00e9 parte del movimiento eco-friendly.<\/li>\n\n\n\n<li><strong>Facilidad total<\/strong>: Consigue regalos y looks de \u00faltimo minuto sin estr\u00e9s.<\/li>\n\n\n\n<li><strong>Experiencia \u00fanica<\/strong>: No es solo una tienda, es una vibra completa.<\/li>\n<\/ul>\n\n\n\n<h2 class=\"wp-block-heading\">&nbsp;<strong>Los Datos Que Necesitas Saber<\/strong><\/h2>\n\n\n\n<ul class=\"wp-block-list\">\n<li><strong>Cu\u00e1ndo: del\u00a0<\/strong>12 al 15 de diciembre.<\/li>\n\n\n\n<li><strong>Horario<\/strong>: 12:00 p.m. &#8211; 8:00 p.m.<\/li>\n\n\n\n<li><strong>D\u00f3nde<\/strong>:\u00a0Centro Comercial Esfera Monterrey, planta alta, local AN-01A, a un costado de Julio Cepeda (Av. la Rioja 245, Residencial la Rioja, 64985 Monterrey, N.L.)<\/li>\n<\/ul>\n\n\n\n<h2 class=\"wp-block-heading\"><strong>Un Cierre de A\u00f1o con Todo<\/strong><\/h2>\n\n\n\n<p>SHEIN lo hizo de nuevo, y esta vez trae una experiencia que combina moda, esp\u00edritu navide\u00f1o y sostenibilidad en un solo lugar. Ya sea que quieras un regalito para tu mejor amiga, un look ic\u00f3nico para A\u00f1o Nuevo o simplemente disfrutar de una vibe diferente, la&nbsp;<strong>Pop-Up Store en Monterrey<\/strong>&nbsp;tiene todo lo que necesitas.<\/p>\n\n\n\n<p>\u00bfListx para brillar? \u00a1Te vemos ah\u00ed!<\/p>","protected":false},"excerpt":{"rendered":"<p>Hey, amigx fashionista, si eres de los que ama combinar vibes navide\u00f1as, moda top y un poquito de conciencia eco-friendly, SHEIN tiene justo lo que necesitas. \u00bfYa escuchaste?&nbsp;Monterrey&nbsp;ser\u00e1 el spot para la tercera y \u00faltima&nbsp;Pop-Up Store&nbsp;de SHEIN este a\u00f1o. As\u00ed que saca el calendario y marca del&nbsp;12 al 15 de diciembre, desde las 12:00 p.m. [&hellip;]<\/p>\n","protected":false},"author":2,"featured_media":92204,"comment_status":"open","ping_status":"open","sticky":false,"template":"","format":"standard","meta":{"_jetpack_memberships_contains_paid_content":false,"footnotes":"","jetpack_publicize_message":"","jetpack_publicize_feature_enabled":true,"jetpack_social_post_already_shared":true,"jetpack_social_options":{"image_generator_settings":{"template":"highway","default_image_id":0,"font":"","enabled":false},"version":2}},"categories":[67],"tags":[11931,6141],"class_list":["post-92201","post","type-post","status-publish","format-standard","has-post-thumbnail","hentry","category-moda","tag-pop-up-store-2","tag-shein","has-post-title","has-post-date","has-post-category","has-post-tag","has-post-comment","has-post-author",""],"yoast_head":"<!-- This site is optimized with the Yoast SEO plugin v27.5 - https:\/\/yoast.com\/product\/yoast-seo-wordpress\/ -->\n<title>&quot;SHEIN Pop-Up: Moda Navide\u00f1a&quot; - Zero Magazine<\/title>\n<meta name=\"robots\" content=\"index, follow, max-snippet:-1, max-image-preview:large, max-video-preview:-1\" \/>\n<link rel=\"canonical\" href=\"https:\/\/zeromagazine.mx\/index.php\/2024\/12\/03\/shein-pop-up-moda-navidena\/\" \/>\n<meta property=\"og:locale\" content=\"es_ES\" \/>\n<meta property=\"og:type\" content=\"article\" \/>\n<meta property=\"og:title\" content=\"&quot;SHEIN Pop-Up: Moda Navide\u00f1a&quot; - Zero Magazine\" \/>\n<meta property=\"og:description\" content=\"Hey, amigx fashionista, si eres de los que ama combinar vibes navide\u00f1as, moda top y un poquito de conciencia eco-friendly, SHEIN tiene justo lo que necesitas. \u00bfYa escuchaste?&nbsp;Monterrey&nbsp;ser\u00e1 el spot para la tercera y \u00faltima&nbsp;Pop-Up Store&nbsp;de SHEIN este a\u00f1o. As\u00ed que saca el calendario y marca del&nbsp;12 al 15 de diciembre, desde las 12:00 p.m. [&hellip;]\" \/>\n<meta property=\"og:url\" content=\"https:\/\/zeromagazine.mx\/index.php\/2024\/12\/03\/shein-pop-up-moda-navidena\/\" \/>\n<meta property=\"og:site_name\" content=\"Zero Magazine\" \/>\n<meta property=\"article:published_time\" content=\"2024-12-03T19:15:11+00:00\" \/>\n<meta property=\"article:modified_time\" content=\"2024-12-03T19:15:13+00:00\" \/>\n<meta property=\"og:image\" content=\"http:\/\/zeromagazine.mx\/wp-content\/uploads\/2024\/12\/SHEIN-Pop-Up-store-MTY.jpeg\" \/>\n\t<meta property=\"og:image:width\" content=\"904\" \/>\n\t<meta property=\"og:image:height\" content=\"903\" \/>\n\t<meta property=\"og:image:type\" content=\"image\/jpeg\" \/>\n<meta name=\"author\" content=\"zeromagazinemx\" \/>\n<meta name=\"twitter:card\" content=\"summary_large_image\" \/>\n<meta name=\"twitter:label1\" content=\"Escrito por\" \/>\n\t<meta name=\"twitter:data1\" content=\"zeromagazinemx\" \/>\n\t<meta name=\"twitter:label2\" content=\"Tiempo de lectura\" \/>\n\t<meta name=\"twitter:data2\" content=\"4 minutos\" \/>\n<script type=\"application\/ld+json\" class=\"yoast-schema-graph\">{\"@context\":\"https:\\\/\\\/schema.org\",\"@graph\":[{\"@type\":\"Article\",\"@id\":\"https:\\\/\\\/zeromagazine.mx\\\/index.php\\\/2024\\\/12\\\/03\\\/shein-pop-up-moda-navidena\\\/#article\",\"isPartOf\":{\"@id\":\"https:\\\/\\\/zeromagazine.mx\\\/index.php\\\/2024\\\/12\\\/03\\\/shein-pop-up-moda-navidena\\\/\"},\"author\":{\"name\":\"zeromagazinemx\",\"@id\":\"https:\\\/\\\/zeromagazine.mx\\\/#\\\/schema\\\/person\\\/9aed9f33a7c39af3a348b86d723f7773\"},\"headline\":\"\u00abSHEIN Pop-Up: Moda Navide\u00f1a\u00bb\",\"datePublished\":\"2024-12-03T19:15:11+00:00\",\"dateModified\":\"2024-12-03T19:15:13+00:00\",\"mainEntityOfPage\":{\"@id\":\"https:\\\/\\\/zeromagazine.mx\\\/index.php\\\/2024\\\/12\\\/03\\\/shein-pop-up-moda-navidena\\\/\"},\"wordCount\":651,\"commentCount\":0,\"publisher\":{\"@id\":\"https:\\\/\\\/zeromagazine.mx\\\/#organization\"},\"image\":{\"@id\":\"https:\\\/\\\/zeromagazine.mx\\\/index.php\\\/2024\\\/12\\\/03\\\/shein-pop-up-moda-navidena\\\/#primaryimage\"},\"thumbnailUrl\":\"https:\\\/\\\/i0.wp.com\\\/zeromagazine.mx\\\/wp-content\\\/uploads\\\/2024\\\/12\\\/SHEIN-Pop-Up-store-MTY.jpeg?fit=904%2C903&ssl=1\",\"keywords\":[\"Pop-Up Store\",\"Shein\"],\"articleSection\":[\"Moda\"],\"inLanguage\":\"es\",\"potentialAction\":[{\"@type\":\"CommentAction\",\"name\":\"Comment\",\"target\":[\"https:\\\/\\\/zeromagazine.mx\\\/index.php\\\/2024\\\/12\\\/03\\\/shein-pop-up-moda-navidena\\\/#respond\"]}]},{\"@type\":\"WebPage\",\"@id\":\"https:\\\/\\\/zeromagazine.mx\\\/index.php\\\/2024\\\/12\\\/03\\\/shein-pop-up-moda-navidena\\\/\",\"url\":\"https:\\\/\\\/zeromagazine.mx\\\/index.php\\\/2024\\\/12\\\/03\\\/shein-pop-up-moda-navidena\\\/\",\"name\":\"\\\"SHEIN Pop-Up: Moda Navide\u00f1a\\\" - Zero Magazine\",\"isPartOf\":{\"@id\":\"https:\\\/\\\/zeromagazine.mx\\\/#website\"},\"primaryImageOfPage\":{\"@id\":\"https:\\\/\\\/zeromagazine.mx\\\/index.php\\\/2024\\\/12\\\/03\\\/shein-pop-up-moda-navidena\\\/#primaryimage\"},\"image\":{\"@id\":\"https:\\\/\\\/zeromagazine.mx\\\/index.php\\\/2024\\\/12\\\/03\\\/shein-pop-up-moda-navidena\\\/#primaryimage\"},\"thumbnailUrl\":\"https:\\\/\\\/i0.wp.com\\\/zeromagazine.mx\\\/wp-content\\\/uploads\\\/2024\\\/12\\\/SHEIN-Pop-Up-store-MTY.jpeg?fit=904%2C903&ssl=1\",\"datePublished\":\"2024-12-03T19:15:11+00:00\",\"dateModified\":\"2024-12-03T19:15:13+00:00\",\"breadcrumb\":{\"@id\":\"https:\\\/\\\/zeromagazine.mx\\\/index.php\\\/2024\\\/12\\\/03\\\/shein-pop-up-moda-navidena\\\/#breadcrumb\"},\"inLanguage\":\"es\",\"potentialAction\":[{\"@type\":\"ReadAction\",\"target\":[\"https:\\\/\\\/zeromagazine.mx\\\/index.php\\\/2024\\\/12\\\/03\\\/shein-pop-up-moda-navidena\\\/\"]}]},{\"@type\":\"ImageObject\",\"inLanguage\":\"es\",\"@id\":\"https:\\\/\\\/zeromagazine.mx\\\/index.php\\\/2024\\\/12\\\/03\\\/shein-pop-up-moda-navidena\\\/#primaryimage\",\"url\":\"https:\\\/\\\/i0.wp.com\\\/zeromagazine.mx\\\/wp-content\\\/uploads\\\/2024\\\/12\\\/SHEIN-Pop-Up-store-MTY.jpeg?fit=904%2C903&ssl=1\",\"contentUrl\":\"https:\\\/\\\/i0.wp.com\\\/zeromagazine.mx\\\/wp-content\\\/uploads\\\/2024\\\/12\\\/SHEIN-Pop-Up-store-MTY.jpeg?fit=904%2C903&ssl=1\",\"width\":904,\"height\":903},{\"@type\":\"BreadcrumbList\",\"@id\":\"https:\\\/\\\/zeromagazine.mx\\\/index.php\\\/2024\\\/12\\\/03\\\/shein-pop-up-moda-navidena\\\/#breadcrumb\",\"itemListElement\":[{\"@type\":\"ListItem\",\"position\":1,\"name\":\"Portada\",\"item\":\"https:\\\/\\\/zeromagazine.mx\\\/\"},{\"@type\":\"ListItem\",\"position\":2,\"name\":\"\u00abSHEIN Pop-Up: Moda Navide\u00f1a\u00bb\"}]},{\"@type\":\"WebSite\",\"@id\":\"https:\\\/\\\/zeromagazine.mx\\\/#website\",\"url\":\"https:\\\/\\\/zeromagazine.mx\\\/\",\"name\":\"Zero Magazine\",\"description\":\"\",\"publisher\":{\"@id\":\"https:\\\/\\\/zeromagazine.mx\\\/#organization\"},\"potentialAction\":[{\"@type\":\"SearchAction\",\"target\":{\"@type\":\"EntryPoint\",\"urlTemplate\":\"https:\\\/\\\/zeromagazine.mx\\\/?s={search_term_string}\"},\"query-input\":{\"@type\":\"PropertyValueSpecification\",\"valueRequired\":true,\"valueName\":\"search_term_string\"}}],\"inLanguage\":\"es\"},{\"@type\":\"Organization\",\"@id\":\"https:\\\/\\\/zeromagazine.mx\\\/#organization\",\"name\":\"Zero Magazine\",\"url\":\"https:\\\/\\\/zeromagazine.mx\\\/\",\"logo\":{\"@type\":\"ImageObject\",\"inLanguage\":\"es\",\"@id\":\"https:\\\/\\\/zeromagazine.mx\\\/#\\\/schema\\\/logo\\\/image\\\/\",\"url\":\"https:\\\/\\\/i0.wp.com\\\/zeromagazine.mx\\\/wp-content\\\/uploads\\\/2025\\\/11\\\/1.jpeg?fit=1000%2C1000&ssl=1\",\"contentUrl\":\"https:\\\/\\\/i0.wp.com\\\/zeromagazine.mx\\\/wp-content\\\/uploads\\\/2025\\\/11\\\/1.jpeg?fit=1000%2C1000&ssl=1\",\"width\":1000,\"height\":1000,\"caption\":\"Zero Magazine\"},\"image\":{\"@id\":\"https:\\\/\\\/zeromagazine.mx\\\/#\\\/schema\\\/logo\\\/image\\\/\"},\"sameAs\":[\"https:\\\/\\\/instagram.com\\\/zeromagazinemx\"]},{\"@type\":\"Person\",\"@id\":\"https:\\\/\\\/zeromagazine.mx\\\/#\\\/schema\\\/person\\\/9aed9f33a7c39af3a348b86d723f7773\",\"name\":\"zeromagazinemx\",\"image\":{\"@type\":\"ImageObject\",\"inLanguage\":\"es\",\"@id\":\"https:\\\/\\\/zeromagazine.mx\\\/wp-content\\\/litespeed\\\/avatar\\\/f91dfe5410d5dcb1a576bf8c45983896.jpg?ver=1777571230\",\"url\":\"https:\\\/\\\/zeromagazine.mx\\\/wp-content\\\/litespeed\\\/avatar\\\/f91dfe5410d5dcb1a576bf8c45983896.jpg?ver=1777571230\",\"contentUrl\":\"https:\\\/\\\/zeromagazine.mx\\\/wp-content\\\/litespeed\\\/avatar\\\/f91dfe5410d5dcb1a576bf8c45983896.jpg?ver=1777571230\",\"caption\":\"zeromagazinemx\"},\"url\":\"https:\\\/\\\/zeromagazine.mx\\\/index.php\\\/author\\\/zeromagazinemx\\\/\"}]}<\/script>\n<!-- \/ Yoast SEO plugin. -->","yoast_head_json":{"title":"\"SHEIN Pop-Up: Moda Navide\u00f1a\" - Zero Magazine","robots":{"index":"index","follow":"follow","max-snippet":"max-snippet:-1","max-image-preview":"max-image-preview:large","max-video-preview":"max-video-preview:-1"},"canonical":"https:\/\/zeromagazine.mx\/index.php\/2024\/12\/03\/shein-pop-up-moda-navidena\/","og_locale":"es_ES","og_type":"article","og_title":"\"SHEIN Pop-Up: Moda Navide\u00f1a\" - Zero Magazine","og_description":"Hey, amigx fashionista, si eres de los que ama combinar vibes navide\u00f1as, moda top y un poquito de conciencia eco-friendly, SHEIN tiene justo lo que necesitas. \u00bfYa escuchaste?&nbsp;Monterrey&nbsp;ser\u00e1 el spot para la tercera y \u00faltima&nbsp;Pop-Up Store&nbsp;de SHEIN este a\u00f1o. As\u00ed que saca el calendario y marca del&nbsp;12 al 15 de diciembre, desde las 12:00 p.m. [&hellip;]","og_url":"https:\/\/zeromagazine.mx\/index.php\/2024\/12\/03\/shein-pop-up-moda-navidena\/","og_site_name":"Zero Magazine","article_published_time":"2024-12-03T19:15:11+00:00","article_modified_time":"2024-12-03T19:15:13+00:00","og_image":[{"width":904,"height":903,"url":"http:\/\/zeromagazine.mx\/wp-content\/uploads\/2024\/12\/SHEIN-Pop-Up-store-MTY.jpeg","type":"image\/jpeg"}],"author":"zeromagazinemx","twitter_card":"summary_large_image","twitter_misc":{"Escrito por":"zeromagazinemx","Tiempo de lectura":"4 minutos"},"schema":{"@context":"https:\/\/schema.org","@graph":[{"@type":"Article","@id":"https:\/\/zeromagazine.mx\/index.php\/2024\/12\/03\/shein-pop-up-moda-navidena\/#article","isPartOf":{"@id":"https:\/\/zeromagazine.mx\/index.php\/2024\/12\/03\/shein-pop-up-moda-navidena\/"},"author":{"name":"zeromagazinemx","@id":"https:\/\/zeromagazine.mx\/#\/schema\/person\/9aed9f33a7c39af3a348b86d723f7773"},"headline":"\u00abSHEIN Pop-Up: Moda Navide\u00f1a\u00bb","datePublished":"2024-12-03T19:15:11+00:00","dateModified":"2024-12-03T19:15:13+00:00","mainEntityOfPage":{"@id":"https:\/\/zeromagazine.mx\/index.php\/2024\/12\/03\/shein-pop-up-moda-navidena\/"},"wordCount":651,"commentCount":0,"publisher":{"@id":"https:\/\/zeromagazine.mx\/#organization"},"image":{"@id":"https:\/\/zeromagazine.mx\/index.php\/2024\/12\/03\/shein-pop-up-moda-navidena\/#primaryimage"},"thumbnailUrl":"https:\/\/i0.wp.com\/zeromagazine.mx\/wp-content\/uploads\/2024\/12\/SHEIN-Pop-Up-store-MTY.jpeg?fit=904%2C903&ssl=1","keywords":["Pop-Up Store","Shein"],"articleSection":["Moda"],"inLanguage":"es","potentialAction":[{"@type":"CommentAction","name":"Comment","target":["https:\/\/zeromagazine.mx\/index.php\/2024\/12\/03\/shein-pop-up-moda-navidena\/#respond"]}]},{"@type":"WebPage","@id":"https:\/\/zeromagazine.mx\/index.php\/2024\/12\/03\/shein-pop-up-moda-navidena\/","url":"https:\/\/zeromagazine.mx\/index.php\/2024\/12\/03\/shein-pop-up-moda-navidena\/","name":"\"SHEIN Pop-Up: Moda Navide\u00f1a\" - Zero Magazine","isPartOf":{"@id":"https:\/\/zeromagazine.mx\/#website"},"primaryImageOfPage":{"@id":"https:\/\/zeromagazine.mx\/index.php\/2024\/12\/03\/shein-pop-up-moda-navidena\/#primaryimage"},"image":{"@id":"https:\/\/zeromagazine.mx\/index.php\/2024\/12\/03\/shein-pop-up-moda-navidena\/#primaryimage"},"thumbnailUrl":"https:\/\/i0.wp.com\/zeromagazine.mx\/wp-content\/uploads\/2024\/12\/SHEIN-Pop-Up-store-MTY.jpeg?fit=904%2C903&ssl=1","datePublished":"2024-12-03T19:15:11+00:00","dateModified":"2024-12-03T19:15:13+00:00","breadcrumb":{"@id":"https:\/\/zeromagazine.mx\/index.php\/2024\/12\/03\/shein-pop-up-moda-navidena\/#breadcrumb"},"inLanguage":"es","potentialAction":[{"@type":"ReadAction","target":["https:\/\/zeromagazine.mx\/index.php\/2024\/12\/03\/shein-pop-up-moda-navidena\/"]}]},{"@type":"ImageObject","inLanguage":"es","@id":"https:\/\/zeromagazine.mx\/index.php\/2024\/12\/03\/shein-pop-up-moda-navidena\/#primaryimage","url":"https:\/\/i0.wp.com\/zeromagazine.mx\/wp-content\/uploads\/2024\/12\/SHEIN-Pop-Up-store-MTY.jpeg?fit=904%2C903&ssl=1","contentUrl":"https:\/\/i0.wp.com\/zeromagazine.mx\/wp-content\/uploads\/2024\/12\/SHEIN-Pop-Up-store-MTY.jpeg?fit=904%2C903&ssl=1","width":904,"height":903},{"@type":"BreadcrumbList","@id":"https:\/\/zeromagazine.mx\/index.php\/2024\/12\/03\/shein-pop-up-moda-navidena\/#breadcrumb","itemListElement":[{"@type":"ListItem","position":1,"name":"Portada","item":"https:\/\/zeromagazine.mx\/"},{"@type":"ListItem","position":2,"name":"\u00abSHEIN Pop-Up: Moda Navide\u00f1a\u00bb"}]},{"@type":"WebSite","@id":"https:\/\/zeromagazine.mx\/#website","url":"https:\/\/zeromagazine.mx\/","name":"Zero Magazine","description":"","publisher":{"@id":"https:\/\/zeromagazine.mx\/#organization"},"potentialAction":[{"@type":"SearchAction","target":{"@type":"EntryPoint","urlTemplate":"https:\/\/zeromagazine.mx\/?s={search_term_string}"},"query-input":{"@type":"PropertyValueSpecification","valueRequired":true,"valueName":"search_term_string"}}],"inLanguage":"es"},{"@type":"Organization","@id":"https:\/\/zeromagazine.mx\/#organization","name":"Zero Magazine","url":"https:\/\/zeromagazine.mx\/","logo":{"@type":"ImageObject","inLanguage":"es","@id":"https:\/\/zeromagazine.mx\/#\/schema\/logo\/image\/","url":"https:\/\/i0.wp.com\/zeromagazine.mx\/wp-content\/uploads\/2025\/11\/1.jpeg?fit=1000%2C1000&ssl=1","contentUrl":"https:\/\/i0.wp.com\/zeromagazine.mx\/wp-content\/uploads\/2025\/11\/1.jpeg?fit=1000%2C1000&ssl=1","width":1000,"height":1000,"caption":"Zero Magazine"},"image":{"@id":"https:\/\/zeromagazine.mx\/#\/schema\/logo\/image\/"},"sameAs":["https:\/\/instagram.com\/zeromagazinemx"]},{"@type":"Person","@id":"https:\/\/zeromagazine.mx\/#\/schema\/person\/9aed9f33a7c39af3a348b86d723f7773","name":"zeromagazinemx","image":{"@type":"ImageObject","inLanguage":"es","@id":"https:\/\/zeromagazine.mx\/wp-content\/litespeed\/avatar\/f91dfe5410d5dcb1a576bf8c45983896.jpg?ver=1777571230","url":"https:\/\/zeromagazine.mx\/wp-content\/litespeed\/avatar\/f91dfe5410d5dcb1a576bf8c45983896.jpg?ver=1777571230","contentUrl":"https:\/\/zeromagazine.mx\/wp-content\/litespeed\/avatar\/f91dfe5410d5dcb1a576bf8c45983896.jpg?ver=1777571230","caption":"zeromagazinemx"},"url":"https:\/\/zeromagazine.mx\/index.php\/author\/zeromagazinemx\/"}]}},"jetpack_publicize_connections":[],"jetpack_featured_media_url":"https:\/\/i0.wp.com\/zeromagazine.mx\/wp-content\/uploads\/2024\/12\/SHEIN-Pop-Up-store-MTY.jpeg?fit=904%2C903&ssl=1","jetpack-related-posts":[{"id":99752,"url":"https:\/\/zeromagazine.mx\/index.php\/2025\/03\/26\/shein-pop-up\/","url_meta":{"origin":92201,"position":0},"title":"SHEIN POP-UP","author":"David Morales","date":"26 de marzo de 2025","format":false,"excerpt":"Amix, \u00bfse imaginan tener toda la onda de SHEIN en un solo lugar? Pues ag\u00e1rrense porque este 2025, la marca m\u00e1s top de moda global sigue lanzando sus Pop-Up stores por toda la Rep\u00fablica, y la primera parada es nada m\u00e1s y nada menos que M\u00e9rida. La neta es que\u2026","rel":"","context":"En \u00abBlog\u00bb","block_context":{"text":"Blog","link":"https:\/\/zeromagazine.mx\/index.php\/category\/blog\/"},"img":{"alt_text":"","src":"https:\/\/i0.wp.com\/zeromagazine.mx\/wp-content\/uploads\/2025\/03\/unnamed-11.jpg?fit=960%2C1200&ssl=1&resize=350%2C200","width":350,"height":200,"srcset":"https:\/\/i0.wp.com\/zeromagazine.mx\/wp-content\/uploads\/2025\/03\/unnamed-11.jpg?fit=960%2C1200&ssl=1&resize=350%2C200 1x, https:\/\/i0.wp.com\/zeromagazine.mx\/wp-content\/uploads\/2025\/03\/unnamed-11.jpg?fit=960%2C1200&ssl=1&resize=525%2C300 1.5x, https:\/\/i0.wp.com\/zeromagazine.mx\/wp-content\/uploads\/2025\/03\/unnamed-11.jpg?fit=960%2C1200&ssl=1&resize=700%2C400 2x"},"classes":[]},{"id":111596,"url":"https:\/\/zeromagazine.mx\/index.php\/2025\/12\/09\/shein-pop-up-cdmx-2025\/","url_meta":{"origin":92201,"position":1},"title":"SHEIN Pop Up: moda en vivo","author":"zeromagazinemx","date":"9 de diciembre de 2025","format":false,"excerpt":"La llegada de la SHEIN Pop Up a la Ciudad de M\u00e9xico est\u00e1 a punto de convertirse en uno de los eventos m\u00e1s emocionantes de fin de a\u00f1o. Entre compras navide\u00f1as, tendencias virales y outfits llenos de personalidad, esta activaci\u00f3n promete convertirse en el destino obligatorio para quienes aman experimentar\u2026","rel":"","context":"En \u00abModa\u00bb","block_context":{"text":"Moda","link":"https:\/\/zeromagazine.mx\/index.php\/category\/moda\/"},"img":{"alt_text":"","src":"https:\/\/i0.wp.com\/zeromagazine.mx\/wp-content\/uploads\/2025\/12\/DIA1SCH-89-scaled.jpg?fit=1200%2C800&ssl=1&resize=350%2C200","width":350,"height":200,"srcset":"https:\/\/i0.wp.com\/zeromagazine.mx\/wp-content\/uploads\/2025\/12\/DIA1SCH-89-scaled.jpg?fit=1200%2C800&ssl=1&resize=350%2C200 1x, https:\/\/i0.wp.com\/zeromagazine.mx\/wp-content\/uploads\/2025\/12\/DIA1SCH-89-scaled.jpg?fit=1200%2C800&ssl=1&resize=525%2C300 1.5x, https:\/\/i0.wp.com\/zeromagazine.mx\/wp-content\/uploads\/2025\/12\/DIA1SCH-89-scaled.jpg?fit=1200%2C800&ssl=1&resize=700%2C400 2x, https:\/\/i0.wp.com\/zeromagazine.mx\/wp-content\/uploads\/2025\/12\/DIA1SCH-89-scaled.jpg?fit=1200%2C800&ssl=1&resize=1050%2C600 3x"},"classes":[]},{"id":116400,"url":"https:\/\/zeromagazine.mx\/index.php\/2026\/03\/05\/shein-pop-up-puebla-2026\/","url_meta":{"origin":92201,"position":2},"title":"SHEIN Pop Up Puebla llega","author":"zeromagazinemx","date":"5 de marzo de 2026","format":false,"excerpt":"La moda online est\u00e1 teniendo cada vez m\u00e1s momentos offline, y SHEIN lo sabe perfectamente. Despu\u00e9s de conquistar millones de carritos de compra digitales, la marca vuelve a apostar por una experiencia f\u00edsica que permite ver, tocar y probarse las tendencias que normalmente descubrimos en la app. Este marzo, SHEIN\u2026","rel":"","context":"En \u00abBlog\u00bb","block_context":{"text":"Blog","link":"https:\/\/zeromagazine.mx\/index.php\/category\/blog\/"},"img":{"alt_text":"","src":"https:\/\/i0.wp.com\/zeromagazine.mx\/wp-content\/uploads\/2026\/03\/1000054846.jpg?fit=960%2C1200&ssl=1&resize=350%2C200","width":350,"height":200,"srcset":"https:\/\/i0.wp.com\/zeromagazine.mx\/wp-content\/uploads\/2026\/03\/1000054846.jpg?fit=960%2C1200&ssl=1&resize=350%2C200 1x, https:\/\/i0.wp.com\/zeromagazine.mx\/wp-content\/uploads\/2026\/03\/1000054846.jpg?fit=960%2C1200&ssl=1&resize=525%2C300 1.5x, https:\/\/i0.wp.com\/zeromagazine.mx\/wp-content\/uploads\/2026\/03\/1000054846.jpg?fit=960%2C1200&ssl=1&resize=700%2C400 2x"},"classes":[]},{"id":112119,"url":"https:\/\/zeromagazine.mx\/index.php\/2025\/12\/24\/pop-up-store-shein-cdmx-2025\/","url_meta":{"origin":92201,"position":3},"title":"Pop Up Store SHEIN CDMX llega","author":"zeromagazinemx","date":"24 de diciembre de 2025","format":false,"excerpt":"Hay eventos que no solo se visitan, se viven. Y este diciembre, la Pop Up Store SHEIN CDMX se convierte en ese plan obligatorio antes de cerrar el a\u00f1o. Moda, selfies, descuentos, vibes y esa sensaci\u00f3n de estar justo donde todo est\u00e1 pasando. SHEIN trae a la ciudad una experiencia\u2026","rel":"","context":"En \u00abModa\u00bb","block_context":{"text":"Moda","link":"https:\/\/zeromagazine.mx\/index.php\/category\/moda\/"},"img":{"alt_text":"","src":"https:\/\/i0.wp.com\/zeromagazine.mx\/wp-content\/uploads\/2025\/12\/1000045871-scaled.jpg?fit=1200%2C800&ssl=1&resize=350%2C200","width":350,"height":200,"srcset":"https:\/\/i0.wp.com\/zeromagazine.mx\/wp-content\/uploads\/2025\/12\/1000045871-scaled.jpg?fit=1200%2C800&ssl=1&resize=350%2C200 1x, https:\/\/i0.wp.com\/zeromagazine.mx\/wp-content\/uploads\/2025\/12\/1000045871-scaled.jpg?fit=1200%2C800&ssl=1&resize=525%2C300 1.5x, https:\/\/i0.wp.com\/zeromagazine.mx\/wp-content\/uploads\/2025\/12\/1000045871-scaled.jpg?fit=1200%2C800&ssl=1&resize=700%2C400 2x, https:\/\/i0.wp.com\/zeromagazine.mx\/wp-content\/uploads\/2025\/12\/1000045871-scaled.jpg?fit=1200%2C800&ssl=1&resize=1050%2C600 3x"},"classes":[]},{"id":71937,"url":"https:\/\/zeromagazine.mx\/index.php\/2024\/03\/13\/shein-en-veracruz-moda-y-sorpresas-te-esperan\/","url_meta":{"origin":92201,"position":4},"title":"SHEIN en Veracruz: \u00a1Moda y sorpresas te esperan!","author":"zeromagazinemx","date":"13 de marzo de 2024","format":false,"excerpt":"\u00a1La pop-up store de SHEIN est\u00e1 llegando a Veracruz y va a ser \u00e9pico! As\u00ed que prep\u00e1rense para una experiencia de shopping como ninguna otra. Antes que nada, apunten en sus agendas del 15 al 18 de marzo en el Centro Comercial Andamar. Esos d\u00edas van a estar llenos de\u2026","rel":"","context":"En \u00abModa\u00bb","block_context":{"text":"Moda","link":"https:\/\/zeromagazine.mx\/index.php\/category\/moda\/"},"img":{"alt_text":"","src":"https:\/\/i0.wp.com\/zeromagazine.mx\/wp-content\/uploads\/2024\/03\/shein.jpg?fit=1108%2C428&ssl=1&resize=350%2C200","width":350,"height":200,"srcset":"https:\/\/i0.wp.com\/zeromagazine.mx\/wp-content\/uploads\/2024\/03\/shein.jpg?fit=1108%2C428&ssl=1&resize=350%2C200 1x, https:\/\/i0.wp.com\/zeromagazine.mx\/wp-content\/uploads\/2024\/03\/shein.jpg?fit=1108%2C428&ssl=1&resize=525%2C300 1.5x, https:\/\/i0.wp.com\/zeromagazine.mx\/wp-content\/uploads\/2024\/03\/shein.jpg?fit=1108%2C428&ssl=1&resize=700%2C400 2x, https:\/\/i0.wp.com\/zeromagazine.mx\/wp-content\/uploads\/2024\/03\/shein.jpg?fit=1108%2C428&ssl=1&resize=1050%2C600 3x"},"classes":[]},{"id":99048,"url":"https:\/\/zeromagazine.mx\/index.php\/2025\/03\/19\/the-next-cycle-shein-que-pone-la-moda-en-accion\/","url_meta":{"origin":92201,"position":5},"title":"Next Cycle: Moda En Acci\u00f3n","author":"David Morales","date":"19 de marzo de 2025","format":false,"excerpt":"Amix, si alguna vez te has preguntado qu\u00e9 pasa con la ropa que ya no usas, SHEIN tiene la respuesta. Con su campa\u00f1a The Next Cycle, la marca est\u00e1 promoviendo el reciclaje y la reutilizaci\u00f3n de prendas en M\u00e9xico, d\u00e1ndoles una segunda oportunidad a miles de piezas. Y si estas\u2026","rel":"","context":"En \u00abBlog\u00bb","block_context":{"text":"Blog","link":"https:\/\/zeromagazine.mx\/index.php\/category\/blog\/"},"img":{"alt_text":"","src":"https:\/\/i0.wp.com\/zeromagazine.mx\/wp-content\/uploads\/2025\/03\/DIA2-SCH-86-scaled.jpg?fit=1200%2C1200&ssl=1&resize=350%2C200","width":350,"height":200,"srcset":"https:\/\/i0.wp.com\/zeromagazine.mx\/wp-content\/uploads\/2025\/03\/DIA2-SCH-86-scaled.jpg?fit=1200%2C1200&ssl=1&resize=350%2C200 1x, https:\/\/i0.wp.com\/zeromagazine.mx\/wp-content\/uploads\/2025\/03\/DIA2-SCH-86-scaled.jpg?fit=1200%2C1200&ssl=1&resize=525%2C300 1.5x, https:\/\/i0.wp.com\/zeromagazine.mx\/wp-content\/uploads\/2025\/03\/DIA2-SCH-86-scaled.jpg?fit=1200%2C1200&ssl=1&resize=700%2C400 2x, https:\/\/i0.wp.com\/zeromagazine.mx\/wp-content\/uploads\/2025\/03\/DIA2-SCH-86-scaled.jpg?fit=1200%2C1200&ssl=1&resize=1050%2C600 3x"},"classes":[]}],"jetpack_sharing_enabled":true,"builder_content":"","_links":{"self":[{"href":"https:\/\/zeromagazine.mx\/index.php\/wp-json\/wp\/v2\/posts\/92201","targetHints":{"allow":["GET"]}}],"collection":[{"href":"https:\/\/zeromagazine.mx\/index.php\/wp-json\/wp\/v2\/posts"}],"about":[{"href":"https:\/\/zeromagazine.mx\/index.php\/wp-json\/wp\/v2\/types\/post"}],"author":[{"embeddable":true,"href":"https:\/\/zeromagazine.mx\/index.php\/wp-json\/wp\/v2\/users\/2"}],"replies":[{"embeddable":true,"href":"https:\/\/zeromagazine.mx\/index.php\/wp-json\/wp\/v2\/comments?post=92201"}],"version-history":[{"count":1,"href":"https:\/\/zeromagazine.mx\/index.php\/wp-json\/wp\/v2\/posts\/92201\/revisions"}],"predecessor-version":[{"id":92205,"href":"https:\/\/zeromagazine.mx\/index.php\/wp-json\/wp\/v2\/posts\/92201\/revisions\/92205"}],"wp:featuredmedia":[{"embeddable":true,"href":"https:\/\/zeromagazine.mx\/index.php\/wp-json\/wp\/v2\/media\/92204"}],"wp:attachment":[{"href":"https:\/\/zeromagazine.mx\/index.php\/wp-json\/wp\/v2\/media?parent=92201"}],"wp:term":[{"taxonomy":"category","embeddable":true,"href":"https:\/\/zeromagazine.mx\/index.php\/wp-json\/wp\/v2\/categories?post=92201"},{"taxonomy":"post_tag","embeddable":true,"href":"https:\/\/zeromagazine.mx\/index.php\/wp-json\/wp\/v2\/tags?post=92201"}],"curies":[{"name":"wp","href":"https:\/\/api.w.org\/{rel}","templated":true}]}}