{"id":92462,"date":"2024-12-09T18:52:18","date_gmt":"2024-12-09T17:52:18","guid":{"rendered":"https:\/\/zeromagazine.mx\/?p=92462"},"modified":"2024-12-09T18:57:02","modified_gmt":"2024-12-09T17:57:02","slug":"2025-el-ano-de-la-moda-sostenible","status":"publish","type":"post","link":"https:\/\/zeromagazine.mx\/index.php\/2024\/12\/09\/2025-el-ano-de-la-moda-sostenible\/","title":{"rendered":"2025 El A\u00f1o de la Moda Sostenible"},"content":{"rendered":"<p>Amix, la moda est\u00e1 cambiando, y con ella, nuestras decisiones de consumo. En un mundo donde el fast fashion ha dominado nuestras vidas, el impacto ambiental se ha vuelto imposible de ignorar. Cada vez m\u00e1s personas se est\u00e1n dando cuenta de que las decisiones de compra no solo afectan nuestro estilo, sino tambi\u00e9n al planeta. Pero, \u00bfsab\u00edas que hay una manera de romper con el ciclo del consumo masivo y apostar por algo m\u00e1s sostenible? La ropa de segunda mano es la nueva tendencia, y no es solo por ahorrar unos pesos, sino por salvar al mundo.<\/p>\n\n\n\n<h2 class=\"wp-block-heading\">El Impacto del Fast Fashion<\/h2>\n\n\n\n<p>Primero, entendamos por qu\u00e9 el fast fashion es un problema tan grande. Esta industria, que se basa en la producci\u00f3n r\u00e1pida y a bajo costo, tiene un impacto brutal en el medio ambiente. Desde la contaminaci\u00f3n de agua hasta la generaci\u00f3n de enormes cantidades de desechos textiles, el fast fashion no est\u00e1 nada comprometido con la sostenibilidad. De hecho, representa una de las principales amenazas para el planeta. Sin embargo, no todo est\u00e1 perdido. Cada vez m\u00e1s, los mexicanos est\u00e1n tomando decisiones conscientes y apostando por la moda de segunda mano.<\/p>\n\n\n<div class=\"wp-block-image\">\n<figure class=\"aligncenter size-full is-resized\"><img data-recalc-dims=\"1\" decoding=\"async\" width=\"1000\" height=\"576\" src=\"https:\/\/i0.wp.com\/zeromagazine.mx\/wp-content\/uploads\/2024\/12\/descarga.jpeg?resize=1000%2C576&#038;ssl=1\" alt=\"En 2025, la ropa de segunda mano dominar\u00e1 el mercado. Descubre c\u00f3mo la moda sostenible est\u00e1 cambiando las reglas del juego.\" class=\"wp-image-92464\" style=\"width:628px;height:auto\" srcset=\"https:\/\/i0.wp.com\/zeromagazine.mx\/wp-content\/uploads\/2024\/12\/descarga.jpeg?w=1000&amp;ssl=1 1000w, https:\/\/i0.wp.com\/zeromagazine.mx\/wp-content\/uploads\/2024\/12\/descarga.jpeg?resize=300%2C173&amp;ssl=1 300w, https:\/\/i0.wp.com\/zeromagazine.mx\/wp-content\/uploads\/2024\/12\/descarga.jpeg?resize=768%2C442&amp;ssl=1 768w\" sizes=\"(max-width: 1000px) 100vw, 1000px\" \/><\/figure>\n<\/div>\n\n\n<p><\/p>\n\n\n\n<h2 class=\"wp-block-heading\">La Moda de Segunda Mano como Soluci\u00f3n<\/h2>\n\n\n\n<p>Por ejemplo, plataformas como GoTrendier han ganado popularidad en M\u00e9xico, reflejando un cambio de mentalidad en los consumidores. Seg\u00fan Cecilia Ollero, Country Manager de GoTrendier, los datos hablan por s\u00ed solos: el 65% de los mexicanos est\u00e1n preocupados por el impacto ambiental del fast fashion. \u00a1Eso es casi dos de cada tres personas! Esto nos muestra que la sostenibilidad se ha convertido en un tema prioritario para las nuevas generaciones, quienes buscan hacer su parte en la lucha contra el cambio clim\u00e1tico.<\/p>\n\n\n\n<script async src=\"https:\/\/pagead2.googlesyndication.com\/pagead\/js\/adsbygoogle.js?client=ca-pub-5499304793904745\"\n     crossorigin=\"anonymous\"><\/script>\n<ins class=\"adsbygoogle\"\n     style=\"display:block; text-align:center;\"\n     data-ad-layout=\"in-article\"\n     data-ad-format=\"fluid\"\n     data-ad-client=\"ca-pub-5499304793904745\"\n     data-ad-slot=\"5994863093\"><\/ins>\n<script>\n     (adsbygoogle = window.adsbygoogle || []).push({});\n<\/script>\n\n\n\n<p><\/p>\n\n\n\n<p>Adem\u00e1s, los consumidores est\u00e1n dispuestos a pagar m\u00e1s por ropa que se produzca de manera \u00e9tica y responsable. Esto nos lleva a una tendencia cada vez m\u00e1s fuerte: la compra y venta de ropa de segunda mano. Y no es solo una moda pasajera. En 2024, las transacciones en plataformas de segunda mano como GoTrendier aumentaron un 4%, lo que demuestra que las personas est\u00e1n buscando alternativas m\u00e1s sostenibles y responsables.<\/p>\n\n\n\n<h2 class=\"wp-block-heading\">Moda Sostenible<\/h2>\n\n\n\n<p>Lo m\u00e1s emocionante es que este cambio apenas comienza. Seg\u00fan las proyecciones para 2025, la industria de la ropa de segunda mano seguir\u00e1 creciendo a un ritmo impresionante. GoTrendier prev\u00e9 que las ventas se duplicar\u00e1n, con un 73% de los consumidores optando por esta opci\u00f3n antes que por el fast fashion. Esto no solo habla del cambio en los h\u00e1bitos de compra, sino tambi\u00e9n de la transformaci\u00f3n hacia un modelo m\u00e1s consciente y responsable.<\/p>\n\n\n\n<script async src=\"https:\/\/pagead2.googlesyndication.com\/pagead\/js\/adsbygoogle.js?client=ca-pub-5499304793904745\"\r\n     crossorigin=\"anonymous\"><\/script>\r\n<ins class=\"adsbygoogle\"\r\n     style=\"display:block; text-align:center;\"\r\n     data-ad-layout=\"in-article\"\r\n     data-ad-format=\"fluid\"\r\n     data-ad-client=\"ca-pub-5499304793904745\"\r\n     data-ad-slot=\"5994863093\"><\/ins>\r\n<script>\r\n     (adsbygoogle = window.adsbygoogle || []).push({});\r\n<\/script>\n\n\n\n<p><\/p>\n\n\n\n<p>Por otro lado, la industria de la moda est\u00e1 entendiendo que los consumidores quieren ser parte de la soluci\u00f3n. La creciente preferencia por las marcas sostenibles y la moda de segunda mano est\u00e1 empujando a las grandes compa\u00f1\u00edas a reconsiderar sus pr\u00e1cticas. Si las marcas de fast fashion no cambian, podr\u00edan quedarse atr\u00e1s en esta nueva era de la moda sostenible.<\/p>\n\n\n\n<h2 class=\"wp-block-heading\">\u00bfQu\u00e9 Puedes Hacer T\u00fa?<\/h2>\n\n\n\n<p>Amix, el poder de cambio est\u00e1 en nuestras manos. Al elegir ropa de segunda mano, no solo est\u00e1s ahorrando dinero y d\u00e1ndole nueva vida a prendas que a\u00fan tienen mucho que ofrecer, sino que tambi\u00e9n est\u00e1s ayudando al planeta. Si cada vez m\u00e1s personas como t\u00fa deciden que la moda sostenible es su opci\u00f3n, podemos hacer una gran diferencia.<\/p>\n\n\n\n<script async src=\"https:\/\/pagead2.googlesyndication.com\/pagead\/js\/adsbygoogle.js?client=ca-pub-5499304793904745\"\r\n     crossorigin=\"anonymous\"><\/script>\r\n<ins class=\"adsbygoogle\"\r\n     style=\"display:block; text-align:center;\"\r\n     data-ad-layout=\"in-article\"\r\n     data-ad-format=\"fluid\"\r\n     data-ad-client=\"ca-pub-5499304793904745\"\r\n     data-ad-slot=\"5994863093\"><\/ins>\r\n<script>\r\n     (adsbygoogle = window.adsbygoogle || []).push({});\r\n<\/script>\n\n\n\n<p><\/p>\n\n\n\n<p>Recuerda, la moda sostenible es el futuro, y t\u00fa puedes ser parte de esa revoluci\u00f3n. As\u00ed que la pr\u00f3xima vez que pienses en comprar algo nuevo, considera las opciones de segunda mano. Estar\u00e1s ayudando al planeta y, de paso, a tu estilo.<\/p>\n\n\n\n<p>\u00bfTe unes al cambio?<\/p>\n\n<!--themify_builder_content-->\n<div id=\"themify_builder_content-92462\" data-postid=\"92462\" class=\"themify_builder_content themify_builder_content-92462 themify_builder tf_clear\">\n    <\/div>\n<!--\/themify_builder_content-->","protected":false},"excerpt":{"rendered":"<p>Amix, la moda est\u00e1 cambiando, y con ella, nuestras decisiones de consumo. En un mundo donde el fast fashion ha dominado nuestras vidas, el impacto ambiental se ha vuelto imposible de ignorar. Cada vez m\u00e1s personas se est\u00e1n dando cuenta de que las decisiones de compra no solo afectan nuestro estilo, sino tambi\u00e9n al planeta. [&hellip;]<\/p>\n","protected":false},"author":2,"featured_media":92464,"comment_status":"open","ping_status":"open","sticky":false,"template":"","format":"standard","meta":{"_jetpack_memberships_contains_paid_content":false,"footnotes":"","jetpack_publicize_message":"","jetpack_publicize_feature_enabled":true,"jetpack_social_post_already_shared":true,"jetpack_social_options":{"image_generator_settings":{"template":"highway","default_image_id":0,"font":"","enabled":false},"version":2}},"categories":[67],"tags":[11982,6001,10651],"class_list":["post-92462","post","type-post","status-publish","format-standard","has-post-thumbnail","hentry","category-moda","tag-cecilia-ollero","tag-fast-fashion","tag-gotrendier","has-post-title","has-post-date","has-post-category","has-post-tag","has-post-comment","has-post-author",""],"yoast_head":"<!-- This site is optimized with the Yoast SEO plugin v27.5 - https:\/\/yoast.com\/product\/yoast-seo-wordpress\/ -->\n<title>2025 El A\u00f1o de la Moda Sostenible - Zero Magazine<\/title>\n<meta name=\"description\" content=\"La moda de segunda mano crece en M\u00e9xico. En 2025, ser\u00e1 la opci\u00f3n favorita para un consumo m\u00e1s responsable y sostenible.\" \/>\n<meta name=\"robots\" content=\"index, follow, max-snippet:-1, max-image-preview:large, max-video-preview:-1\" \/>\n<link rel=\"canonical\" href=\"https:\/\/zeromagazine.mx\/index.php\/2024\/12\/09\/2025-el-ano-de-la-moda-sostenible\/\" \/>\n<meta property=\"og:locale\" content=\"es_ES\" \/>\n<meta property=\"og:type\" content=\"article\" \/>\n<meta property=\"og:title\" content=\"2025 El A\u00f1o de la Moda Sostenible - Zero Magazine\" \/>\n<meta property=\"og:description\" content=\"La moda de segunda mano crece en M\u00e9xico. En 2025, ser\u00e1 la opci\u00f3n favorita para un consumo m\u00e1s responsable y sostenible.\" \/>\n<meta property=\"og:url\" content=\"https:\/\/zeromagazine.mx\/index.php\/2024\/12\/09\/2025-el-ano-de-la-moda-sostenible\/\" \/>\n<meta property=\"og:site_name\" content=\"Zero Magazine\" \/>\n<meta property=\"article:published_time\" content=\"2024-12-09T17:52:18+00:00\" \/>\n<meta property=\"article:modified_time\" content=\"2024-12-09T17:57:02+00:00\" \/>\n<meta property=\"og:image\" content=\"http:\/\/zeromagazine.mx\/wp-content\/uploads\/2024\/12\/descarga.jpeg\" \/>\n\t<meta property=\"og:image:width\" content=\"1000\" \/>\n\t<meta property=\"og:image:height\" content=\"576\" \/>\n\t<meta property=\"og:image:type\" content=\"image\/jpeg\" \/>\n<meta name=\"author\" content=\"zeromagazinemx\" \/>\n<meta name=\"twitter:card\" content=\"summary_large_image\" \/>\n<meta name=\"twitter:label1\" content=\"Escrito por\" \/>\n\t<meta name=\"twitter:data1\" content=\"zeromagazinemx\" \/>\n\t<meta name=\"twitter:label2\" content=\"Tiempo de lectura\" \/>\n\t<meta name=\"twitter:data2\" content=\"4 minutos\" \/>\n<script type=\"application\/ld+json\" class=\"yoast-schema-graph\">{\"@context\":\"https:\\\/\\\/schema.org\",\"@graph\":[{\"@type\":\"Article\",\"@id\":\"https:\\\/\\\/zeromagazine.mx\\\/index.php\\\/2024\\\/12\\\/09\\\/2025-el-ano-de-la-moda-sostenible\\\/#article\",\"isPartOf\":{\"@id\":\"https:\\\/\\\/zeromagazine.mx\\\/index.php\\\/2024\\\/12\\\/09\\\/2025-el-ano-de-la-moda-sostenible\\\/\"},\"author\":{\"name\":\"zeromagazinemx\",\"@id\":\"https:\\\/\\\/zeromagazine.mx\\\/#\\\/schema\\\/person\\\/9aed9f33a7c39af3a348b86d723f7773\"},\"headline\":\"2025 El A\u00f1o de la Moda Sostenible\",\"datePublished\":\"2024-12-09T17:52:18+00:00\",\"dateModified\":\"2024-12-09T17:57:02+00:00\",\"mainEntityOfPage\":{\"@id\":\"https:\\\/\\\/zeromagazine.mx\\\/index.php\\\/2024\\\/12\\\/09\\\/2025-el-ano-de-la-moda-sostenible\\\/\"},\"wordCount\":646,\"commentCount\":0,\"publisher\":{\"@id\":\"https:\\\/\\\/zeromagazine.mx\\\/#organization\"},\"image\":{\"@id\":\"https:\\\/\\\/zeromagazine.mx\\\/index.php\\\/2024\\\/12\\\/09\\\/2025-el-ano-de-la-moda-sostenible\\\/#primaryimage\"},\"thumbnailUrl\":\"https:\\\/\\\/i0.wp.com\\\/zeromagazine.mx\\\/wp-content\\\/uploads\\\/2024\\\/12\\\/descarga.jpeg?fit=1000%2C576&ssl=1\",\"keywords\":[\"Cecilia Ollero\",\"fast fashion\",\"GoTrendier\"],\"articleSection\":[\"Moda\"],\"inLanguage\":\"es\",\"potentialAction\":[{\"@type\":\"CommentAction\",\"name\":\"Comment\",\"target\":[\"https:\\\/\\\/zeromagazine.mx\\\/index.php\\\/2024\\\/12\\\/09\\\/2025-el-ano-de-la-moda-sostenible\\\/#respond\"]}]},{\"@type\":\"WebPage\",\"@id\":\"https:\\\/\\\/zeromagazine.mx\\\/index.php\\\/2024\\\/12\\\/09\\\/2025-el-ano-de-la-moda-sostenible\\\/\",\"url\":\"https:\\\/\\\/zeromagazine.mx\\\/index.php\\\/2024\\\/12\\\/09\\\/2025-el-ano-de-la-moda-sostenible\\\/\",\"name\":\"2025 El A\u00f1o de la Moda Sostenible - Zero Magazine\",\"isPartOf\":{\"@id\":\"https:\\\/\\\/zeromagazine.mx\\\/#website\"},\"primaryImageOfPage\":{\"@id\":\"https:\\\/\\\/zeromagazine.mx\\\/index.php\\\/2024\\\/12\\\/09\\\/2025-el-ano-de-la-moda-sostenible\\\/#primaryimage\"},\"image\":{\"@id\":\"https:\\\/\\\/zeromagazine.mx\\\/index.php\\\/2024\\\/12\\\/09\\\/2025-el-ano-de-la-moda-sostenible\\\/#primaryimage\"},\"thumbnailUrl\":\"https:\\\/\\\/i0.wp.com\\\/zeromagazine.mx\\\/wp-content\\\/uploads\\\/2024\\\/12\\\/descarga.jpeg?fit=1000%2C576&ssl=1\",\"datePublished\":\"2024-12-09T17:52:18+00:00\",\"dateModified\":\"2024-12-09T17:57:02+00:00\",\"description\":\"La moda de segunda mano crece en M\u00e9xico. En 2025, ser\u00e1 la opci\u00f3n favorita para un consumo m\u00e1s responsable y sostenible.\",\"breadcrumb\":{\"@id\":\"https:\\\/\\\/zeromagazine.mx\\\/index.php\\\/2024\\\/12\\\/09\\\/2025-el-ano-de-la-moda-sostenible\\\/#breadcrumb\"},\"inLanguage\":\"es\",\"potentialAction\":[{\"@type\":\"ReadAction\",\"target\":[\"https:\\\/\\\/zeromagazine.mx\\\/index.php\\\/2024\\\/12\\\/09\\\/2025-el-ano-de-la-moda-sostenible\\\/\"]}]},{\"@type\":\"ImageObject\",\"inLanguage\":\"es\",\"@id\":\"https:\\\/\\\/zeromagazine.mx\\\/index.php\\\/2024\\\/12\\\/09\\\/2025-el-ano-de-la-moda-sostenible\\\/#primaryimage\",\"url\":\"https:\\\/\\\/i0.wp.com\\\/zeromagazine.mx\\\/wp-content\\\/uploads\\\/2024\\\/12\\\/descarga.jpeg?fit=1000%2C576&ssl=1\",\"contentUrl\":\"https:\\\/\\\/i0.wp.com\\\/zeromagazine.mx\\\/wp-content\\\/uploads\\\/2024\\\/12\\\/descarga.jpeg?fit=1000%2C576&ssl=1\",\"width\":1000,\"height\":576},{\"@type\":\"BreadcrumbList\",\"@id\":\"https:\\\/\\\/zeromagazine.mx\\\/index.php\\\/2024\\\/12\\\/09\\\/2025-el-ano-de-la-moda-sostenible\\\/#breadcrumb\",\"itemListElement\":[{\"@type\":\"ListItem\",\"position\":1,\"name\":\"Portada\",\"item\":\"https:\\\/\\\/zeromagazine.mx\\\/\"},{\"@type\":\"ListItem\",\"position\":2,\"name\":\"2025 El A\u00f1o de la Moda Sostenible\"}]},{\"@type\":\"WebSite\",\"@id\":\"https:\\\/\\\/zeromagazine.mx\\\/#website\",\"url\":\"https:\\\/\\\/zeromagazine.mx\\\/\",\"name\":\"Zero Magazine\",\"description\":\"\",\"publisher\":{\"@id\":\"https:\\\/\\\/zeromagazine.mx\\\/#organization\"},\"potentialAction\":[{\"@type\":\"SearchAction\",\"target\":{\"@type\":\"EntryPoint\",\"urlTemplate\":\"https:\\\/\\\/zeromagazine.mx\\\/?s={search_term_string}\"},\"query-input\":{\"@type\":\"PropertyValueSpecification\",\"valueRequired\":true,\"valueName\":\"search_term_string\"}}],\"inLanguage\":\"es\"},{\"@type\":\"Organization\",\"@id\":\"https:\\\/\\\/zeromagazine.mx\\\/#organization\",\"name\":\"Zero Magazine\",\"url\":\"https:\\\/\\\/zeromagazine.mx\\\/\",\"logo\":{\"@type\":\"ImageObject\",\"inLanguage\":\"es\",\"@id\":\"https:\\\/\\\/zeromagazine.mx\\\/#\\\/schema\\\/logo\\\/image\\\/\",\"url\":\"https:\\\/\\\/i0.wp.com\\\/zeromagazine.mx\\\/wp-content\\\/uploads\\\/2025\\\/11\\\/1.jpeg?fit=1000%2C1000&ssl=1\",\"contentUrl\":\"https:\\\/\\\/i0.wp.com\\\/zeromagazine.mx\\\/wp-content\\\/uploads\\\/2025\\\/11\\\/1.jpeg?fit=1000%2C1000&ssl=1\",\"width\":1000,\"height\":1000,\"caption\":\"Zero Magazine\"},\"image\":{\"@id\":\"https:\\\/\\\/zeromagazine.mx\\\/#\\\/schema\\\/logo\\\/image\\\/\"},\"sameAs\":[\"https:\\\/\\\/instagram.com\\\/zeromagazinemx\"]},{\"@type\":\"Person\",\"@id\":\"https:\\\/\\\/zeromagazine.mx\\\/#\\\/schema\\\/person\\\/9aed9f33a7c39af3a348b86d723f7773\",\"name\":\"zeromagazinemx\",\"image\":{\"@type\":\"ImageObject\",\"inLanguage\":\"es\",\"@id\":\"https:\\\/\\\/zeromagazine.mx\\\/wp-content\\\/litespeed\\\/avatar\\\/f91dfe5410d5dcb1a576bf8c45983896.jpg?ver=1776966396\",\"url\":\"https:\\\/\\\/zeromagazine.mx\\\/wp-content\\\/litespeed\\\/avatar\\\/f91dfe5410d5dcb1a576bf8c45983896.jpg?ver=1776966396\",\"contentUrl\":\"https:\\\/\\\/zeromagazine.mx\\\/wp-content\\\/litespeed\\\/avatar\\\/f91dfe5410d5dcb1a576bf8c45983896.jpg?ver=1776966396\",\"caption\":\"zeromagazinemx\"},\"url\":\"https:\\\/\\\/zeromagazine.mx\\\/index.php\\\/author\\\/zeromagazinemx\\\/\"}]}<\/script>\n<!-- \/ Yoast SEO plugin. -->","yoast_head_json":{"title":"2025 El A\u00f1o de la Moda Sostenible - Zero Magazine","description":"La moda de segunda mano crece en M\u00e9xico. En 2025, ser\u00e1 la opci\u00f3n favorita para un consumo m\u00e1s responsable y sostenible.","robots":{"index":"index","follow":"follow","max-snippet":"max-snippet:-1","max-image-preview":"max-image-preview:large","max-video-preview":"max-video-preview:-1"},"canonical":"https:\/\/zeromagazine.mx\/index.php\/2024\/12\/09\/2025-el-ano-de-la-moda-sostenible\/","og_locale":"es_ES","og_type":"article","og_title":"2025 El A\u00f1o de la Moda Sostenible - Zero Magazine","og_description":"La moda de segunda mano crece en M\u00e9xico. En 2025, ser\u00e1 la opci\u00f3n favorita para un consumo m\u00e1s responsable y sostenible.","og_url":"https:\/\/zeromagazine.mx\/index.php\/2024\/12\/09\/2025-el-ano-de-la-moda-sostenible\/","og_site_name":"Zero Magazine","article_published_time":"2024-12-09T17:52:18+00:00","article_modified_time":"2024-12-09T17:57:02+00:00","og_image":[{"width":1000,"height":576,"url":"http:\/\/zeromagazine.mx\/wp-content\/uploads\/2024\/12\/descarga.jpeg","type":"image\/jpeg"}],"author":"zeromagazinemx","twitter_card":"summary_large_image","twitter_misc":{"Escrito por":"zeromagazinemx","Tiempo de lectura":"4 minutos"},"schema":{"@context":"https:\/\/schema.org","@graph":[{"@type":"Article","@id":"https:\/\/zeromagazine.mx\/index.php\/2024\/12\/09\/2025-el-ano-de-la-moda-sostenible\/#article","isPartOf":{"@id":"https:\/\/zeromagazine.mx\/index.php\/2024\/12\/09\/2025-el-ano-de-la-moda-sostenible\/"},"author":{"name":"zeromagazinemx","@id":"https:\/\/zeromagazine.mx\/#\/schema\/person\/9aed9f33a7c39af3a348b86d723f7773"},"headline":"2025 El A\u00f1o de la Moda Sostenible","datePublished":"2024-12-09T17:52:18+00:00","dateModified":"2024-12-09T17:57:02+00:00","mainEntityOfPage":{"@id":"https:\/\/zeromagazine.mx\/index.php\/2024\/12\/09\/2025-el-ano-de-la-moda-sostenible\/"},"wordCount":646,"commentCount":0,"publisher":{"@id":"https:\/\/zeromagazine.mx\/#organization"},"image":{"@id":"https:\/\/zeromagazine.mx\/index.php\/2024\/12\/09\/2025-el-ano-de-la-moda-sostenible\/#primaryimage"},"thumbnailUrl":"https:\/\/i0.wp.com\/zeromagazine.mx\/wp-content\/uploads\/2024\/12\/descarga.jpeg?fit=1000%2C576&ssl=1","keywords":["Cecilia Ollero","fast fashion","GoTrendier"],"articleSection":["Moda"],"inLanguage":"es","potentialAction":[{"@type":"CommentAction","name":"Comment","target":["https:\/\/zeromagazine.mx\/index.php\/2024\/12\/09\/2025-el-ano-de-la-moda-sostenible\/#respond"]}]},{"@type":"WebPage","@id":"https:\/\/zeromagazine.mx\/index.php\/2024\/12\/09\/2025-el-ano-de-la-moda-sostenible\/","url":"https:\/\/zeromagazine.mx\/index.php\/2024\/12\/09\/2025-el-ano-de-la-moda-sostenible\/","name":"2025 El A\u00f1o de la Moda Sostenible - Zero Magazine","isPartOf":{"@id":"https:\/\/zeromagazine.mx\/#website"},"primaryImageOfPage":{"@id":"https:\/\/zeromagazine.mx\/index.php\/2024\/12\/09\/2025-el-ano-de-la-moda-sostenible\/#primaryimage"},"image":{"@id":"https:\/\/zeromagazine.mx\/index.php\/2024\/12\/09\/2025-el-ano-de-la-moda-sostenible\/#primaryimage"},"thumbnailUrl":"https:\/\/i0.wp.com\/zeromagazine.mx\/wp-content\/uploads\/2024\/12\/descarga.jpeg?fit=1000%2C576&ssl=1","datePublished":"2024-12-09T17:52:18+00:00","dateModified":"2024-12-09T17:57:02+00:00","description":"La moda de segunda mano crece en M\u00e9xico. En 2025, ser\u00e1 la opci\u00f3n favorita para un consumo m\u00e1s responsable y sostenible.","breadcrumb":{"@id":"https:\/\/zeromagazine.mx\/index.php\/2024\/12\/09\/2025-el-ano-de-la-moda-sostenible\/#breadcrumb"},"inLanguage":"es","potentialAction":[{"@type":"ReadAction","target":["https:\/\/zeromagazine.mx\/index.php\/2024\/12\/09\/2025-el-ano-de-la-moda-sostenible\/"]}]},{"@type":"ImageObject","inLanguage":"es","@id":"https:\/\/zeromagazine.mx\/index.php\/2024\/12\/09\/2025-el-ano-de-la-moda-sostenible\/#primaryimage","url":"https:\/\/i0.wp.com\/zeromagazine.mx\/wp-content\/uploads\/2024\/12\/descarga.jpeg?fit=1000%2C576&ssl=1","contentUrl":"https:\/\/i0.wp.com\/zeromagazine.mx\/wp-content\/uploads\/2024\/12\/descarga.jpeg?fit=1000%2C576&ssl=1","width":1000,"height":576},{"@type":"BreadcrumbList","@id":"https:\/\/zeromagazine.mx\/index.php\/2024\/12\/09\/2025-el-ano-de-la-moda-sostenible\/#breadcrumb","itemListElement":[{"@type":"ListItem","position":1,"name":"Portada","item":"https:\/\/zeromagazine.mx\/"},{"@type":"ListItem","position":2,"name":"2025 El A\u00f1o de la Moda Sostenible"}]},{"@type":"WebSite","@id":"https:\/\/zeromagazine.mx\/#website","url":"https:\/\/zeromagazine.mx\/","name":"Zero Magazine","description":"","publisher":{"@id":"https:\/\/zeromagazine.mx\/#organization"},"potentialAction":[{"@type":"SearchAction","target":{"@type":"EntryPoint","urlTemplate":"https:\/\/zeromagazine.mx\/?s={search_term_string}"},"query-input":{"@type":"PropertyValueSpecification","valueRequired":true,"valueName":"search_term_string"}}],"inLanguage":"es"},{"@type":"Organization","@id":"https:\/\/zeromagazine.mx\/#organization","name":"Zero Magazine","url":"https:\/\/zeromagazine.mx\/","logo":{"@type":"ImageObject","inLanguage":"es","@id":"https:\/\/zeromagazine.mx\/#\/schema\/logo\/image\/","url":"https:\/\/i0.wp.com\/zeromagazine.mx\/wp-content\/uploads\/2025\/11\/1.jpeg?fit=1000%2C1000&ssl=1","contentUrl":"https:\/\/i0.wp.com\/zeromagazine.mx\/wp-content\/uploads\/2025\/11\/1.jpeg?fit=1000%2C1000&ssl=1","width":1000,"height":1000,"caption":"Zero Magazine"},"image":{"@id":"https:\/\/zeromagazine.mx\/#\/schema\/logo\/image\/"},"sameAs":["https:\/\/instagram.com\/zeromagazinemx"]},{"@type":"Person","@id":"https:\/\/zeromagazine.mx\/#\/schema\/person\/9aed9f33a7c39af3a348b86d723f7773","name":"zeromagazinemx","image":{"@type":"ImageObject","inLanguage":"es","@id":"https:\/\/zeromagazine.mx\/wp-content\/litespeed\/avatar\/f91dfe5410d5dcb1a576bf8c45983896.jpg?ver=1776966396","url":"https:\/\/zeromagazine.mx\/wp-content\/litespeed\/avatar\/f91dfe5410d5dcb1a576bf8c45983896.jpg?ver=1776966396","contentUrl":"https:\/\/zeromagazine.mx\/wp-content\/litespeed\/avatar\/f91dfe5410d5dcb1a576bf8c45983896.jpg?ver=1776966396","caption":"zeromagazinemx"},"url":"https:\/\/zeromagazine.mx\/index.php\/author\/zeromagazinemx\/"}]}},"jetpack_publicize_connections":[],"jetpack_featured_media_url":"https:\/\/i0.wp.com\/zeromagazine.mx\/wp-content\/uploads\/2024\/12\/descarga.jpeg?fit=1000%2C576&ssl=1","jetpack-related-posts":[{"id":118945,"url":"https:\/\/zeromagazine.mx\/index.php\/2026\/04\/18\/fashion-week-mexico-guadalajara-2026\/","url_meta":{"origin":92462,"position":0},"title":"Fashion Week M\u00e9xico vibra Guadalajara","author":"Luis Trujano","date":"18 de abril de 2026","format":false,"excerpt":"La moda mexicana est\u00e1 teniendo un momento, y lo que pas\u00f3 en Volvo Fashion Week M\u00e9xico en Guadalajara lo confirma sin discusi\u00f3n. El segundo d\u00eda no solo fue una pasarela, fue una narrativa completa sobre identidad, ra\u00edces y c\u00f3mo el dise\u00f1o nacional est\u00e1 jugando en otro nivel. Si algo qued\u00f3\u2026","rel":"","context":"En \u00abModa\u00bb","block_context":{"text":"Moda","link":"https:\/\/zeromagazine.mx\/index.php\/category\/moda\/"},"img":{"alt_text":"","src":"https:\/\/i0.wp.com\/zeromagazine.mx\/wp-content\/uploads\/2026\/04\/IMG_6717.jpeg?fit=480%2C720&ssl=1&resize=350%2C200","width":350,"height":200},"classes":[]},{"id":90614,"url":"https:\/\/zeromagazine.mx\/index.php\/2024\/11\/14\/ciclo-viste-con-proposito\/","url_meta":{"origin":92462,"position":1},"title":"Ciclo: Viste Con Prop\u00f3sito","author":"zeromagazinemx","date":"14 de noviembre de 2024","format":false,"excerpt":"Fashionistas, en un mundo donde el fast fashion manda, y las tendencias cambian tan r\u00e1pido que ya ni sabes si lo que traes puesto est\u00e1 en onda o ya pas\u00f3 de moda, hay un grupo de mujeres mexicanas que est\u00e1n rompiendo esquemas. Tania Palacios, Zayda Aullet y Manuela Casique, las\u2026","rel":"","context":"En \u00abModa\u00bb","block_context":{"text":"Moda","link":"https:\/\/zeromagazine.mx\/index.php\/category\/moda\/"},"img":{"alt_text":"","src":"https:\/\/i0.wp.com\/zeromagazine.mx\/wp-content\/uploads\/2024\/11\/CICLO-CURADURIA-TEXTIL-1.jpg?fit=1022%2C644&ssl=1&resize=350%2C200","width":350,"height":200,"srcset":"https:\/\/i0.wp.com\/zeromagazine.mx\/wp-content\/uploads\/2024\/11\/CICLO-CURADURIA-TEXTIL-1.jpg?fit=1022%2C644&ssl=1&resize=350%2C200 1x, https:\/\/i0.wp.com\/zeromagazine.mx\/wp-content\/uploads\/2024\/11\/CICLO-CURADURIA-TEXTIL-1.jpg?fit=1022%2C644&ssl=1&resize=525%2C300 1.5x, https:\/\/i0.wp.com\/zeromagazine.mx\/wp-content\/uploads\/2024\/11\/CICLO-CURADURIA-TEXTIL-1.jpg?fit=1022%2C644&ssl=1&resize=700%2C400 2x"},"classes":[]},{"id":109199,"url":"https:\/\/zeromagazine.mx\/index.php\/2025\/10\/08\/ana-tafur-moda-sostenible\/","url_meta":{"origin":92462,"position":2},"title":"Ana Tafur moda sostenible conquista Mil\u00e1n","author":"zeromagazinemx","date":"8 de octubre de 2025","format":false,"excerpt":"Hay nombres que comienzan a escribirse en la historia de la moda con brillo propio, y Ana Tafur moda sostenible ya es uno de ellos. La dise\u00f1adora colombiana acaba de recibir el Bicester Collection Award for Emerging Designers durante los CNMI Sustainable Fashion Awards 2025 en el Teatro alla Scala\u2026","rel":"","context":"En \u00abModa\u00bb","block_context":{"text":"Moda","link":"https:\/\/zeromagazine.mx\/index.php\/category\/moda\/"},"img":{"alt_text":"","src":"https:\/\/i0.wp.com\/zeromagazine.mx\/wp-content\/uploads\/2025\/10\/FV-THE-APARTMENT-MAR-2021-13-RGB-1-scaled.jpeg?fit=1200%2C800&ssl=1&resize=350%2C200","width":350,"height":200,"srcset":"https:\/\/i0.wp.com\/zeromagazine.mx\/wp-content\/uploads\/2025\/10\/FV-THE-APARTMENT-MAR-2021-13-RGB-1-scaled.jpeg?fit=1200%2C800&ssl=1&resize=350%2C200 1x, https:\/\/i0.wp.com\/zeromagazine.mx\/wp-content\/uploads\/2025\/10\/FV-THE-APARTMENT-MAR-2021-13-RGB-1-scaled.jpeg?fit=1200%2C800&ssl=1&resize=525%2C300 1.5x, https:\/\/i0.wp.com\/zeromagazine.mx\/wp-content\/uploads\/2025\/10\/FV-THE-APARTMENT-MAR-2021-13-RGB-1-scaled.jpeg?fit=1200%2C800&ssl=1&resize=700%2C400 2x, https:\/\/i0.wp.com\/zeromagazine.mx\/wp-content\/uploads\/2025\/10\/FV-THE-APARTMENT-MAR-2021-13-RGB-1-scaled.jpeg?fit=1200%2C800&ssl=1&resize=1050%2C600 3x"},"classes":[]},{"id":117223,"url":"https:\/\/zeromagazine.mx\/index.php\/2026\/03\/24\/moscow-fashion-week-desfiles-tendencias-2026\/","url_meta":{"origin":92462,"position":3},"title":"Moscow Fashion Week arrasa global","author":"zeromagazinemx","date":"24 de marzo de 2026","format":false,"excerpt":"Hay semanas de la moda\u2026 y luego est\u00e1 Moscow Fashion Week. Este a\u00f1o no solo cerr\u00f3 el circuito internacional, lo hizo con una energ\u00eda que se sinti\u00f3 como el after m\u00e1s exclusivo del mundo fashion. M\u00e1s de 80 desfiles, miles de asistentes y una mezcla cultural que confirma algo: la\u2026","rel":"","context":"En \u00abModa\u00bb","block_context":{"text":"Moda","link":"https:\/\/zeromagazine.mx\/index.php\/category\/moda\/"},"img":{"alt_text":"","src":"https:\/\/i0.wp.com\/zeromagazine.mx\/wp-content\/uploads\/2026\/03\/Ruban-at-Moscow-Fashion-Week_1-scaled.jpg?fit=1200%2C800&ssl=1&resize=350%2C200","width":350,"height":200,"srcset":"https:\/\/i0.wp.com\/zeromagazine.mx\/wp-content\/uploads\/2026\/03\/Ruban-at-Moscow-Fashion-Week_1-scaled.jpg?fit=1200%2C800&ssl=1&resize=350%2C200 1x, https:\/\/i0.wp.com\/zeromagazine.mx\/wp-content\/uploads\/2026\/03\/Ruban-at-Moscow-Fashion-Week_1-scaled.jpg?fit=1200%2C800&ssl=1&resize=525%2C300 1.5x, https:\/\/i0.wp.com\/zeromagazine.mx\/wp-content\/uploads\/2026\/03\/Ruban-at-Moscow-Fashion-Week_1-scaled.jpg?fit=1200%2C800&ssl=1&resize=700%2C400 2x, https:\/\/i0.wp.com\/zeromagazine.mx\/wp-content\/uploads\/2026\/03\/Ruban-at-Moscow-Fashion-Week_1-scaled.jpg?fit=1200%2C800&ssl=1&resize=1050%2C600 3x"},"classes":[]},{"id":117830,"url":"https:\/\/zeromagazine.mx\/index.php\/2026\/04\/03\/liverpool-fashion-fest-primavera-verano-2026-tendencias-mexico\/","url_meta":{"origin":92462,"position":4},"title":"El nuevo lujo es que funcione en tu vida","author":"zeromagazinemx","date":"3 de abril de 2026","format":false,"excerpt":"La moda mexicana deja de aspirar\u2026 y empieza a sentirse En un momento donde todo se ve perfecto pero nada se siente cercano, la moda est\u00e1 cambiando de direcci\u00f3n. El Liverpool Fashion Fest Primavera\/Verano 2026 celebrado en La Cuadra San Crist\u00f3bal no solo present\u00f3 una colecci\u00f3n de temporada. Present\u00f3 algo\u2026","rel":"","context":"En \u00abDise\u00f1o\u00bb","block_context":{"text":"Dise\u00f1o","link":"https:\/\/zeromagazine.mx\/index.php\/category\/diseno\/"},"img":{"alt_text":"","src":"https:\/\/i0.wp.com\/zeromagazine.mx\/wp-content\/uploads\/2026\/04\/DSC09546-scaled.jpg?fit=800%2C1200&ssl=1&resize=350%2C200","width":350,"height":200,"srcset":"https:\/\/i0.wp.com\/zeromagazine.mx\/wp-content\/uploads\/2026\/04\/DSC09546-scaled.jpg?fit=800%2C1200&ssl=1&resize=350%2C200 1x, https:\/\/i0.wp.com\/zeromagazine.mx\/wp-content\/uploads\/2026\/04\/DSC09546-scaled.jpg?fit=800%2C1200&ssl=1&resize=525%2C300 1.5x, https:\/\/i0.wp.com\/zeromagazine.mx\/wp-content\/uploads\/2026\/04\/DSC09546-scaled.jpg?fit=800%2C1200&ssl=1&resize=700%2C400 2x"},"classes":[]},{"id":109597,"url":"https:\/\/zeromagazine.mx\/index.php\/2025\/10\/20\/casetify-fashion-week-mexico\/","url_meta":{"origin":92462,"position":5},"title":"CASETiFY Fashion Week M\u00e9xico brilla fuerte","author":"Luis Trujano","date":"20 de octubre de 2025","format":false,"excerpt":"La moda y la tecnolog\u00eda acaban de tener su momento m\u00e1s cool. CASETiFY Fashion Week M\u00e9xico marca el debut oficial de la marca en la escena fashion nacional con una activaci\u00f3n que lo tiene todo: dise\u00f1o, innovaci\u00f3n y autoexpresi\u00f3n. Y s\u00ed, ya se perfila como uno de los highlights m\u00e1s\u2026","rel":"","context":"En \u00abModa\u00bb","block_context":{"text":"Moda","link":"https:\/\/zeromagazine.mx\/index.php\/category\/moda\/"},"img":{"alt_text":"","src":"https:\/\/i0.wp.com\/zeromagazine.mx\/wp-content\/uploads\/2025\/10\/FW_-Redes-sociales-04-scaled.jpg?fit=1200%2C1200&ssl=1&resize=350%2C200","width":350,"height":200,"srcset":"https:\/\/i0.wp.com\/zeromagazine.mx\/wp-content\/uploads\/2025\/10\/FW_-Redes-sociales-04-scaled.jpg?fit=1200%2C1200&ssl=1&resize=350%2C200 1x, https:\/\/i0.wp.com\/zeromagazine.mx\/wp-content\/uploads\/2025\/10\/FW_-Redes-sociales-04-scaled.jpg?fit=1200%2C1200&ssl=1&resize=525%2C300 1.5x, https:\/\/i0.wp.com\/zeromagazine.mx\/wp-content\/uploads\/2025\/10\/FW_-Redes-sociales-04-scaled.jpg?fit=1200%2C1200&ssl=1&resize=700%2C400 2x, https:\/\/i0.wp.com\/zeromagazine.mx\/wp-content\/uploads\/2025\/10\/FW_-Redes-sociales-04-scaled.jpg?fit=1200%2C1200&ssl=1&resize=1050%2C600 3x"},"classes":[]}],"jetpack_sharing_enabled":true,"builder_content":"","_links":{"self":[{"href":"https:\/\/zeromagazine.mx\/index.php\/wp-json\/wp\/v2\/posts\/92462","targetHints":{"allow":["GET"]}}],"collection":[{"href":"https:\/\/zeromagazine.mx\/index.php\/wp-json\/wp\/v2\/posts"}],"about":[{"href":"https:\/\/zeromagazine.mx\/index.php\/wp-json\/wp\/v2\/types\/post"}],"author":[{"embeddable":true,"href":"https:\/\/zeromagazine.mx\/index.php\/wp-json\/wp\/v2\/users\/2"}],"replies":[{"embeddable":true,"href":"https:\/\/zeromagazine.mx\/index.php\/wp-json\/wp\/v2\/comments?post=92462"}],"version-history":[{"count":7,"href":"https:\/\/zeromagazine.mx\/index.php\/wp-json\/wp\/v2\/posts\/92462\/revisions"}],"predecessor-version":[{"id":92473,"href":"https:\/\/zeromagazine.mx\/index.php\/wp-json\/wp\/v2\/posts\/92462\/revisions\/92473"}],"wp:featuredmedia":[{"embeddable":true,"href":"https:\/\/zeromagazine.mx\/index.php\/wp-json\/wp\/v2\/media\/92464"}],"wp:attachment":[{"href":"https:\/\/zeromagazine.mx\/index.php\/wp-json\/wp\/v2\/media?parent=92462"}],"wp:term":[{"taxonomy":"category","embeddable":true,"href":"https:\/\/zeromagazine.mx\/index.php\/wp-json\/wp\/v2\/categories?post=92462"},{"taxonomy":"post_tag","embeddable":true,"href":"https:\/\/zeromagazine.mx\/index.php\/wp-json\/wp\/v2\/tags?post=92462"}],"curies":[{"name":"wp","href":"https:\/\/api.w.org\/{rel}","templated":true}]}}