{"id":93073,"date":"2024-12-13T20:24:31","date_gmt":"2024-12-13T19:24:31","guid":{"rendered":"https:\/\/zeromagazine.mx\/?p=93073"},"modified":"2024-12-13T20:24:33","modified_gmt":"2024-12-13T19:24:33","slug":"celebra-con-estilo-urbano","status":"publish","type":"post","link":"https:\/\/zeromagazine.mx\/index.php\/2024\/12\/13\/celebra-con-estilo-urbano\/","title":{"rendered":"Celebra con estilo urbano"},"content":{"rendered":"<!--themify_builder_content-->\n<div id=\"themify_builder_content-93073\" data-postid=\"93073\" class=\"themify_builder_content themify_builder_content-93073 themify_builder tf_clear\">\n    <\/div>\n<!--\/themify_builder_content-->\n\n\n<h3 class=\"wp-block-heading\"><strong>Celebra con estilo&nbsp;<\/strong><\/h3>\n\n\n\n<p> <strong>Celebra con estilo\u00a0<\/strong>\u00bfsi buscas darle ese upgrade cool a tus outfits? Pues te tengo el chisme del a\u00f1o: Miller High Life, aka \u201cla champagne de las cervezas\u201d, se junt\u00f3 con Acapella, esa marca mexicana de moda urbana que seguro ya stalkeaste en Insta, para crear\u00a0<strong>una colecci\u00f3n limitada<\/strong>\u00a0que est\u00e1 incre\u00edble para el clima de diciembre. Si te late el rollo de disfrutar la vida simple pero con vibes sofisticados, esta collab es para ti.<\/p>\n\n\n\n<h3 class=\"wp-block-heading\">Una fusi\u00f3n \u00fanica para esta temporada<\/h3>\n\n\n\n<figure class=\"wp-block-image size-full is-resized\"><img data-recalc-dims=\"1\" decoding=\"async\" width=\"191\" height=\"320\" src=\"https:\/\/i0.wp.com\/zeromagazine.mx\/wp-content\/uploads\/2024\/12\/MHL_Comunicado_01.png?resize=191%2C320&#038;ssl=1\" alt=\"\" class=\"wp-image-93074\" style=\"width:840px;height:auto\" srcset=\"https:\/\/i0.wp.com\/zeromagazine.mx\/wp-content\/uploads\/2024\/12\/MHL_Comunicado_01.png?w=191&amp;ssl=1 191w, https:\/\/i0.wp.com\/zeromagazine.mx\/wp-content\/uploads\/2024\/12\/MHL_Comunicado_01.png?resize=179%2C300&amp;ssl=1 179w\" sizes=\"(max-width: 191px) 100vw, 191px\" \/><\/figure>\n\n\n\n\n<script async src=\"https:\/\/pagead2.googlesyndication.com\/pagead\/js\/adsbygoogle.js?client=ca-pub-5499304793904745\"\n     crossorigin=\"anonymous\"><\/script>\n<ins class=\"adsbygoogle\"\n     style=\"display:block; text-align:center;\"\n     data-ad-layout=\"in-article\"\n     data-ad-format=\"fluid\"\n     data-ad-client=\"ca-pub-5499304793904745\"\n     data-ad-slot=\"5994863093\"><\/ins>\n<script>\n     (adsbygoogle = window.adsbygoogle || []).push({});\n<\/script>\n\n\n\n<p>Primero, hablemos de la vibra. Esta colecci\u00f3n combina lo cl\u00e1sico de Miller High Life con la autenticidad streetwear de Acapella. \u00bfEl resultado? Piezas como hoodies, playeras y hasta tote bags que reflejan un estilo relajado pero s\u00faper chic.&nbsp;<strong>Celebra con estilo<\/strong>&nbsp;mientras disfrutas de esos momentos chill con familia, amigxs o en un after improvisado.<\/p>\n\n\n\n<h3 class=\"wp-block-heading\">Adem\u00e1s, piezas que cuentan historias<\/h3>\n\n\n\n<p>Ahora, imagina un hoodie perfecto para esas noches de fr\u00edo, o una tote bag que lleva tus vibes elegantes a otro nivel. Tambi\u00e9n est\u00e1n las gorras, que son un must para cualquier fit urbano, y las playeras que le gritan al mundo que eres classy pero sin esfuerzo. Literal, cada pieza es como un brindis a los peque\u00f1os placeres de la vida, pero en versi\u00f3n fashion.<\/p>\n\n\n\n<h3 class=\"wp-block-heading\">\u00bfD\u00f3nde y cu\u00e1ndo encontrarla?<\/h3>\n\n\n\n<figure class=\"wp-block-image size-full is-resized\"><img data-recalc-dims=\"1\" decoding=\"async\" width=\"320\" height=\"180\" src=\"https:\/\/i0.wp.com\/zeromagazine.mx\/wp-content\/uploads\/2024\/12\/MHL_Comunicado_02.png?resize=320%2C180&#038;ssl=1\" alt=\"\" class=\"wp-image-93075\" style=\"width:840px;height:auto\" srcset=\"https:\/\/i0.wp.com\/zeromagazine.mx\/wp-content\/uploads\/2024\/12\/MHL_Comunicado_02.png?w=320&amp;ssl=1 320w, https:\/\/i0.wp.com\/zeromagazine.mx\/wp-content\/uploads\/2024\/12\/MHL_Comunicado_02.png?resize=300%2C169&amp;ssl=1 300w\" sizes=\"(max-width: 320px) 100vw, 320px\" \/><\/figure>\n\n\n\n\n<script async src=\"https:\/\/pagead2.googlesyndication.com\/pagead\/js\/adsbygoogle.js?client=ca-pub-5499304793904745\"\n     crossorigin=\"anonymous\"><\/script>\n<ins class=\"adsbygoogle\"\n     style=\"display:block; text-align:center;\"\n     data-ad-layout=\"in-article\"\n     data-ad-format=\"fluid\"\n     data-ad-client=\"ca-pub-5499304793904745\"\n     data-ad-slot=\"5994863093\"><\/ins>\n<script>\n     (adsbygoogle = window.adsbygoogle || []).push({});\n<\/script>\n\n\n\n<p>Por otro lado, esta colecci\u00f3n no estar\u00e1 aqu\u00ed para siempre. Solo puedes conseguirla del&nbsp;<strong>28 de noviembre al 28 de diciembre de 2024<\/strong>&nbsp;en sucursales de CDMX, Monterrey, Guadalajara y en la tienda en l\u00ednea de Acapella. Corre, porque seguro vuela m\u00e1s r\u00e1pido que las chelas en una peda.<\/p>\n\n\n\n<h3 class=\"wp-block-heading\">M\u00e1s que moda, un mood<\/h3>\n\n\n\n<p>Finalmente, esta colaboraci\u00f3n no es solo ropa, es una experiencia que combina elegancia y autenticidad. As\u00ed que ya sabes,&nbsp;<strong>celebra con estilo<\/strong>&nbsp;y hazte de una pieza \u00fanica que te har\u00e1 brillar esta temporada. Checa m\u00e1s detalles y compra en la tienda en l\u00ednea de Acapella&nbsp;<a href=\"https:\/\/www.acapella.mx\/\">aqu\u00ed<\/a>. \u00a1Nos vemos en la fila, bb!<\/p>","protected":false},"excerpt":{"rendered":"<p>Celebra con estilo&nbsp; Celebra con estilo\u00a0\u00bfsi buscas darle ese upgrade cool a tus outfits? Pues te tengo el chisme del a\u00f1o: Miller High Life, aka \u201cla champagne de las cervezas\u201d, se junt\u00f3 con Acapella, esa marca mexicana de moda urbana que seguro ya stalkeaste en Insta, para crear\u00a0una colecci\u00f3n limitada\u00a0que est\u00e1 incre\u00edble para el clima [&hellip;]<\/p>\n","protected":false},"author":2,"featured_media":93075,"comment_status":"open","ping_status":"open","sticky":false,"template":"","format":"standard","meta":{"_jetpack_memberships_contains_paid_content":false,"footnotes":"","jetpack_publicize_message":"","jetpack_publicize_feature_enabled":true,"jetpack_social_post_already_shared":true,"jetpack_social_options":{"image_generator_settings":{"template":"highway","default_image_id":0,"font":"","enabled":false},"version":2}},"categories":[67],"tags":[12066,7484],"class_list":["post-93073","post","type-post","status-publish","format-standard","has-post-thumbnail","hentry","category-moda","tag-miller-high-life","tag-outfits","has-post-title","has-post-date","has-post-category","has-post-tag","has-post-comment","has-post-author",""],"yoast_head":"<!-- This site is optimized with the Yoast SEO plugin v27.5 - https:\/\/yoast.com\/product\/yoast-seo-wordpress\/ -->\n<title>Celebra con estilo urbano - Zero Magazine<\/title>\n<meta name=\"description\" content=\"Descubre la collab limitada de Miller High Life y Acapella: piezas urbanas con vibes elegantes. \u00a1Celebra con estilo esta temporada!\" \/>\n<meta name=\"robots\" content=\"index, follow, max-snippet:-1, max-image-preview:large, max-video-preview:-1\" \/>\n<link rel=\"canonical\" href=\"https:\/\/zeromagazine.mx\/index.php\/2024\/12\/13\/celebra-con-estilo-urbano\/\" \/>\n<meta property=\"og:locale\" content=\"es_ES\" \/>\n<meta property=\"og:type\" content=\"article\" \/>\n<meta property=\"og:title\" content=\"Celebra con estilo urbano - Zero Magazine\" \/>\n<meta property=\"og:description\" content=\"Descubre la collab limitada de Miller High Life y Acapella: piezas urbanas con vibes elegantes. \u00a1Celebra con estilo esta temporada!\" \/>\n<meta property=\"og:url\" content=\"https:\/\/zeromagazine.mx\/index.php\/2024\/12\/13\/celebra-con-estilo-urbano\/\" \/>\n<meta property=\"og:site_name\" content=\"Zero Magazine\" \/>\n<meta property=\"article:published_time\" content=\"2024-12-13T19:24:31+00:00\" \/>\n<meta property=\"article:modified_time\" content=\"2024-12-13T19:24:33+00:00\" \/>\n<meta property=\"og:image\" content=\"http:\/\/zeromagazine.mx\/wp-content\/uploads\/2024\/12\/MHL_Comunicado_02.png\" \/>\n\t<meta property=\"og:image:width\" content=\"320\" \/>\n\t<meta property=\"og:image:height\" content=\"180\" \/>\n\t<meta property=\"og:image:type\" content=\"image\/png\" \/>\n<meta name=\"author\" content=\"zeromagazinemx\" \/>\n<meta name=\"twitter:card\" content=\"summary_large_image\" \/>\n<meta name=\"twitter:label1\" content=\"Escrito por\" \/>\n\t<meta name=\"twitter:data1\" content=\"zeromagazinemx\" \/>\n\t<meta name=\"twitter:label2\" content=\"Tiempo de lectura\" \/>\n\t<meta name=\"twitter:data2\" content=\"3 minutos\" \/>\n<script type=\"application\/ld+json\" class=\"yoast-schema-graph\">{\"@context\":\"https:\\\/\\\/schema.org\",\"@graph\":[{\"@type\":\"Article\",\"@id\":\"https:\\\/\\\/zeromagazine.mx\\\/index.php\\\/2024\\\/12\\\/13\\\/celebra-con-estilo-urbano\\\/#article\",\"isPartOf\":{\"@id\":\"https:\\\/\\\/zeromagazine.mx\\\/index.php\\\/2024\\\/12\\\/13\\\/celebra-con-estilo-urbano\\\/\"},\"author\":{\"name\":\"zeromagazinemx\",\"@id\":\"https:\\\/\\\/zeromagazine.mx\\\/#\\\/schema\\\/person\\\/9aed9f33a7c39af3a348b86d723f7773\"},\"headline\":\"Celebra con estilo urbano\",\"datePublished\":\"2024-12-13T19:24:31+00:00\",\"dateModified\":\"2024-12-13T19:24:33+00:00\",\"mainEntityOfPage\":{\"@id\":\"https:\\\/\\\/zeromagazine.mx\\\/index.php\\\/2024\\\/12\\\/13\\\/celebra-con-estilo-urbano\\\/\"},\"wordCount\":354,\"commentCount\":0,\"publisher\":{\"@id\":\"https:\\\/\\\/zeromagazine.mx\\\/#organization\"},\"image\":{\"@id\":\"https:\\\/\\\/zeromagazine.mx\\\/index.php\\\/2024\\\/12\\\/13\\\/celebra-con-estilo-urbano\\\/#primaryimage\"},\"thumbnailUrl\":\"https:\\\/\\\/i0.wp.com\\\/zeromagazine.mx\\\/wp-content\\\/uploads\\\/2024\\\/12\\\/MHL_Comunicado_02.png?fit=320%2C180&ssl=1\",\"keywords\":[\"Miller High Life\",\"Outfits\"],\"articleSection\":[\"Moda\"],\"inLanguage\":\"es\",\"potentialAction\":[{\"@type\":\"CommentAction\",\"name\":\"Comment\",\"target\":[\"https:\\\/\\\/zeromagazine.mx\\\/index.php\\\/2024\\\/12\\\/13\\\/celebra-con-estilo-urbano\\\/#respond\"]}]},{\"@type\":\"WebPage\",\"@id\":\"https:\\\/\\\/zeromagazine.mx\\\/index.php\\\/2024\\\/12\\\/13\\\/celebra-con-estilo-urbano\\\/\",\"url\":\"https:\\\/\\\/zeromagazine.mx\\\/index.php\\\/2024\\\/12\\\/13\\\/celebra-con-estilo-urbano\\\/\",\"name\":\"Celebra con estilo urbano - Zero Magazine\",\"isPartOf\":{\"@id\":\"https:\\\/\\\/zeromagazine.mx\\\/#website\"},\"primaryImageOfPage\":{\"@id\":\"https:\\\/\\\/zeromagazine.mx\\\/index.php\\\/2024\\\/12\\\/13\\\/celebra-con-estilo-urbano\\\/#primaryimage\"},\"image\":{\"@id\":\"https:\\\/\\\/zeromagazine.mx\\\/index.php\\\/2024\\\/12\\\/13\\\/celebra-con-estilo-urbano\\\/#primaryimage\"},\"thumbnailUrl\":\"https:\\\/\\\/i0.wp.com\\\/zeromagazine.mx\\\/wp-content\\\/uploads\\\/2024\\\/12\\\/MHL_Comunicado_02.png?fit=320%2C180&ssl=1\",\"datePublished\":\"2024-12-13T19:24:31+00:00\",\"dateModified\":\"2024-12-13T19:24:33+00:00\",\"description\":\"Descubre la collab limitada de Miller High Life y Acapella: piezas urbanas con vibes elegantes. \u00a1Celebra con estilo esta temporada!\",\"breadcrumb\":{\"@id\":\"https:\\\/\\\/zeromagazine.mx\\\/index.php\\\/2024\\\/12\\\/13\\\/celebra-con-estilo-urbano\\\/#breadcrumb\"},\"inLanguage\":\"es\",\"potentialAction\":[{\"@type\":\"ReadAction\",\"target\":[\"https:\\\/\\\/zeromagazine.mx\\\/index.php\\\/2024\\\/12\\\/13\\\/celebra-con-estilo-urbano\\\/\"]}]},{\"@type\":\"ImageObject\",\"inLanguage\":\"es\",\"@id\":\"https:\\\/\\\/zeromagazine.mx\\\/index.php\\\/2024\\\/12\\\/13\\\/celebra-con-estilo-urbano\\\/#primaryimage\",\"url\":\"https:\\\/\\\/i0.wp.com\\\/zeromagazine.mx\\\/wp-content\\\/uploads\\\/2024\\\/12\\\/MHL_Comunicado_02.png?fit=320%2C180&ssl=1\",\"contentUrl\":\"https:\\\/\\\/i0.wp.com\\\/zeromagazine.mx\\\/wp-content\\\/uploads\\\/2024\\\/12\\\/MHL_Comunicado_02.png?fit=320%2C180&ssl=1\",\"width\":320,\"height\":180},{\"@type\":\"BreadcrumbList\",\"@id\":\"https:\\\/\\\/zeromagazine.mx\\\/index.php\\\/2024\\\/12\\\/13\\\/celebra-con-estilo-urbano\\\/#breadcrumb\",\"itemListElement\":[{\"@type\":\"ListItem\",\"position\":1,\"name\":\"Portada\",\"item\":\"https:\\\/\\\/zeromagazine.mx\\\/\"},{\"@type\":\"ListItem\",\"position\":2,\"name\":\"Celebra con estilo urbano\"}]},{\"@type\":\"WebSite\",\"@id\":\"https:\\\/\\\/zeromagazine.mx\\\/#website\",\"url\":\"https:\\\/\\\/zeromagazine.mx\\\/\",\"name\":\"Zero Magazine\",\"description\":\"\",\"publisher\":{\"@id\":\"https:\\\/\\\/zeromagazine.mx\\\/#organization\"},\"potentialAction\":[{\"@type\":\"SearchAction\",\"target\":{\"@type\":\"EntryPoint\",\"urlTemplate\":\"https:\\\/\\\/zeromagazine.mx\\\/?s={search_term_string}\"},\"query-input\":{\"@type\":\"PropertyValueSpecification\",\"valueRequired\":true,\"valueName\":\"search_term_string\"}}],\"inLanguage\":\"es\"},{\"@type\":\"Organization\",\"@id\":\"https:\\\/\\\/zeromagazine.mx\\\/#organization\",\"name\":\"Zero Magazine\",\"url\":\"https:\\\/\\\/zeromagazine.mx\\\/\",\"logo\":{\"@type\":\"ImageObject\",\"inLanguage\":\"es\",\"@id\":\"https:\\\/\\\/zeromagazine.mx\\\/#\\\/schema\\\/logo\\\/image\\\/\",\"url\":\"https:\\\/\\\/i0.wp.com\\\/zeromagazine.mx\\\/wp-content\\\/uploads\\\/2025\\\/11\\\/1.jpeg?fit=1000%2C1000&ssl=1\",\"contentUrl\":\"https:\\\/\\\/i0.wp.com\\\/zeromagazine.mx\\\/wp-content\\\/uploads\\\/2025\\\/11\\\/1.jpeg?fit=1000%2C1000&ssl=1\",\"width\":1000,\"height\":1000,\"caption\":\"Zero Magazine\"},\"image\":{\"@id\":\"https:\\\/\\\/zeromagazine.mx\\\/#\\\/schema\\\/logo\\\/image\\\/\"},\"sameAs\":[\"https:\\\/\\\/instagram.com\\\/zeromagazinemx\"]},{\"@type\":\"Person\",\"@id\":\"https:\\\/\\\/zeromagazine.mx\\\/#\\\/schema\\\/person\\\/9aed9f33a7c39af3a348b86d723f7773\",\"name\":\"zeromagazinemx\",\"image\":{\"@type\":\"ImageObject\",\"inLanguage\":\"es\",\"@id\":\"https:\\\/\\\/zeromagazine.mx\\\/wp-content\\\/litespeed\\\/avatar\\\/f91dfe5410d5dcb1a576bf8c45983896.jpg?ver=1777571230\",\"url\":\"https:\\\/\\\/zeromagazine.mx\\\/wp-content\\\/litespeed\\\/avatar\\\/f91dfe5410d5dcb1a576bf8c45983896.jpg?ver=1777571230\",\"contentUrl\":\"https:\\\/\\\/zeromagazine.mx\\\/wp-content\\\/litespeed\\\/avatar\\\/f91dfe5410d5dcb1a576bf8c45983896.jpg?ver=1777571230\",\"caption\":\"zeromagazinemx\"},\"url\":\"https:\\\/\\\/zeromagazine.mx\\\/index.php\\\/author\\\/zeromagazinemx\\\/\"}]}<\/script>\n<!-- \/ Yoast SEO plugin. -->","yoast_head_json":{"title":"Celebra con estilo urbano - Zero Magazine","description":"Descubre la collab limitada de Miller High Life y Acapella: piezas urbanas con vibes elegantes. \u00a1Celebra con estilo esta temporada!","robots":{"index":"index","follow":"follow","max-snippet":"max-snippet:-1","max-image-preview":"max-image-preview:large","max-video-preview":"max-video-preview:-1"},"canonical":"https:\/\/zeromagazine.mx\/index.php\/2024\/12\/13\/celebra-con-estilo-urbano\/","og_locale":"es_ES","og_type":"article","og_title":"Celebra con estilo urbano - Zero Magazine","og_description":"Descubre la collab limitada de Miller High Life y Acapella: piezas urbanas con vibes elegantes. \u00a1Celebra con estilo esta temporada!","og_url":"https:\/\/zeromagazine.mx\/index.php\/2024\/12\/13\/celebra-con-estilo-urbano\/","og_site_name":"Zero Magazine","article_published_time":"2024-12-13T19:24:31+00:00","article_modified_time":"2024-12-13T19:24:33+00:00","og_image":[{"width":320,"height":180,"url":"http:\/\/zeromagazine.mx\/wp-content\/uploads\/2024\/12\/MHL_Comunicado_02.png","type":"image\/png"}],"author":"zeromagazinemx","twitter_card":"summary_large_image","twitter_misc":{"Escrito por":"zeromagazinemx","Tiempo de lectura":"3 minutos"},"schema":{"@context":"https:\/\/schema.org","@graph":[{"@type":"Article","@id":"https:\/\/zeromagazine.mx\/index.php\/2024\/12\/13\/celebra-con-estilo-urbano\/#article","isPartOf":{"@id":"https:\/\/zeromagazine.mx\/index.php\/2024\/12\/13\/celebra-con-estilo-urbano\/"},"author":{"name":"zeromagazinemx","@id":"https:\/\/zeromagazine.mx\/#\/schema\/person\/9aed9f33a7c39af3a348b86d723f7773"},"headline":"Celebra con estilo urbano","datePublished":"2024-12-13T19:24:31+00:00","dateModified":"2024-12-13T19:24:33+00:00","mainEntityOfPage":{"@id":"https:\/\/zeromagazine.mx\/index.php\/2024\/12\/13\/celebra-con-estilo-urbano\/"},"wordCount":354,"commentCount":0,"publisher":{"@id":"https:\/\/zeromagazine.mx\/#organization"},"image":{"@id":"https:\/\/zeromagazine.mx\/index.php\/2024\/12\/13\/celebra-con-estilo-urbano\/#primaryimage"},"thumbnailUrl":"https:\/\/i0.wp.com\/zeromagazine.mx\/wp-content\/uploads\/2024\/12\/MHL_Comunicado_02.png?fit=320%2C180&ssl=1","keywords":["Miller High Life","Outfits"],"articleSection":["Moda"],"inLanguage":"es","potentialAction":[{"@type":"CommentAction","name":"Comment","target":["https:\/\/zeromagazine.mx\/index.php\/2024\/12\/13\/celebra-con-estilo-urbano\/#respond"]}]},{"@type":"WebPage","@id":"https:\/\/zeromagazine.mx\/index.php\/2024\/12\/13\/celebra-con-estilo-urbano\/","url":"https:\/\/zeromagazine.mx\/index.php\/2024\/12\/13\/celebra-con-estilo-urbano\/","name":"Celebra con estilo urbano - Zero Magazine","isPartOf":{"@id":"https:\/\/zeromagazine.mx\/#website"},"primaryImageOfPage":{"@id":"https:\/\/zeromagazine.mx\/index.php\/2024\/12\/13\/celebra-con-estilo-urbano\/#primaryimage"},"image":{"@id":"https:\/\/zeromagazine.mx\/index.php\/2024\/12\/13\/celebra-con-estilo-urbano\/#primaryimage"},"thumbnailUrl":"https:\/\/i0.wp.com\/zeromagazine.mx\/wp-content\/uploads\/2024\/12\/MHL_Comunicado_02.png?fit=320%2C180&ssl=1","datePublished":"2024-12-13T19:24:31+00:00","dateModified":"2024-12-13T19:24:33+00:00","description":"Descubre la collab limitada de Miller High Life y Acapella: piezas urbanas con vibes elegantes. \u00a1Celebra con estilo esta temporada!","breadcrumb":{"@id":"https:\/\/zeromagazine.mx\/index.php\/2024\/12\/13\/celebra-con-estilo-urbano\/#breadcrumb"},"inLanguage":"es","potentialAction":[{"@type":"ReadAction","target":["https:\/\/zeromagazine.mx\/index.php\/2024\/12\/13\/celebra-con-estilo-urbano\/"]}]},{"@type":"ImageObject","inLanguage":"es","@id":"https:\/\/zeromagazine.mx\/index.php\/2024\/12\/13\/celebra-con-estilo-urbano\/#primaryimage","url":"https:\/\/i0.wp.com\/zeromagazine.mx\/wp-content\/uploads\/2024\/12\/MHL_Comunicado_02.png?fit=320%2C180&ssl=1","contentUrl":"https:\/\/i0.wp.com\/zeromagazine.mx\/wp-content\/uploads\/2024\/12\/MHL_Comunicado_02.png?fit=320%2C180&ssl=1","width":320,"height":180},{"@type":"BreadcrumbList","@id":"https:\/\/zeromagazine.mx\/index.php\/2024\/12\/13\/celebra-con-estilo-urbano\/#breadcrumb","itemListElement":[{"@type":"ListItem","position":1,"name":"Portada","item":"https:\/\/zeromagazine.mx\/"},{"@type":"ListItem","position":2,"name":"Celebra con estilo urbano"}]},{"@type":"WebSite","@id":"https:\/\/zeromagazine.mx\/#website","url":"https:\/\/zeromagazine.mx\/","name":"Zero Magazine","description":"","publisher":{"@id":"https:\/\/zeromagazine.mx\/#organization"},"potentialAction":[{"@type":"SearchAction","target":{"@type":"EntryPoint","urlTemplate":"https:\/\/zeromagazine.mx\/?s={search_term_string}"},"query-input":{"@type":"PropertyValueSpecification","valueRequired":true,"valueName":"search_term_string"}}],"inLanguage":"es"},{"@type":"Organization","@id":"https:\/\/zeromagazine.mx\/#organization","name":"Zero Magazine","url":"https:\/\/zeromagazine.mx\/","logo":{"@type":"ImageObject","inLanguage":"es","@id":"https:\/\/zeromagazine.mx\/#\/schema\/logo\/image\/","url":"https:\/\/i0.wp.com\/zeromagazine.mx\/wp-content\/uploads\/2025\/11\/1.jpeg?fit=1000%2C1000&ssl=1","contentUrl":"https:\/\/i0.wp.com\/zeromagazine.mx\/wp-content\/uploads\/2025\/11\/1.jpeg?fit=1000%2C1000&ssl=1","width":1000,"height":1000,"caption":"Zero Magazine"},"image":{"@id":"https:\/\/zeromagazine.mx\/#\/schema\/logo\/image\/"},"sameAs":["https:\/\/instagram.com\/zeromagazinemx"]},{"@type":"Person","@id":"https:\/\/zeromagazine.mx\/#\/schema\/person\/9aed9f33a7c39af3a348b86d723f7773","name":"zeromagazinemx","image":{"@type":"ImageObject","inLanguage":"es","@id":"https:\/\/zeromagazine.mx\/wp-content\/litespeed\/avatar\/f91dfe5410d5dcb1a576bf8c45983896.jpg?ver=1777571230","url":"https:\/\/zeromagazine.mx\/wp-content\/litespeed\/avatar\/f91dfe5410d5dcb1a576bf8c45983896.jpg?ver=1777571230","contentUrl":"https:\/\/zeromagazine.mx\/wp-content\/litespeed\/avatar\/f91dfe5410d5dcb1a576bf8c45983896.jpg?ver=1777571230","caption":"zeromagazinemx"},"url":"https:\/\/zeromagazine.mx\/index.php\/author\/zeromagazinemx\/"}]}},"jetpack_publicize_connections":[],"jetpack_featured_media_url":"https:\/\/i0.wp.com\/zeromagazine.mx\/wp-content\/uploads\/2024\/12\/MHL_Comunicado_02.png?fit=320%2C180&ssl=1","jetpack-related-posts":[{"id":109378,"url":"https:\/\/zeromagazine.mx\/index.php\/2025\/10\/13\/american-eagle-vaiven-2025\/","url_meta":{"origin":93073,"position":0},"title":"American Eagle Vaiv\u00e9n 2025: vibra, estilo y libertad","author":"zeromagazinemx","date":"13 de octubre de 2025","format":false,"excerpt":"Si hab\u00eda una forma de definir el mood de este fin de semana, ser\u00eda con tres palabras: m\u00fasica, libertad y estilo. El Festival Vaiv\u00e9n 2025 se vivi\u00f3 con toda la energ\u00eda en Jardines de M\u00e9xico, y American Eagle Vaiv\u00e9n 2025 fue sin duda el coraz\u00f3n m\u00e1s cool del evento. Entre\u2026","rel":"","context":"En \u00abModa\u00bb","block_context":{"text":"Moda","link":"https:\/\/zeromagazine.mx\/index.php\/category\/moda\/"},"img":{"alt_text":"","src":"","width":0,"height":0},"classes":[]},{"id":117107,"url":"https:\/\/zeromagazine.mx\/index.php\/2026\/03\/21\/jersey-outfits-2026-estilo-urbano\/","url_meta":{"origin":93073,"position":1},"title":"Jersey outfits que dominan 2026","author":"zeromagazinemx","date":"21 de marzo de 2026","format":false,"excerpt":"Si pensabas que el jersey era solo para el estadio, es momento de replantearlo todo. Esta temporada, los jersey outfits se convierten en el centro absoluto del estilo urbano: una pieza que grita personalidad, nostalgia deportiva y moda sin esfuerzo. No importa si eres m\u00e1s de looks relajados o si\u2026","rel":"","context":"En \u00abModa\u00bb","block_context":{"text":"Moda","link":"https:\/\/zeromagazine.mx\/index.php\/category\/moda\/"},"img":{"alt_text":"","src":"https:\/\/i0.wp.com\/zeromagazine.mx\/wp-content\/uploads\/2026\/03\/imgi_49_8332_5422_489_of.jpeg?fit=936%2C1200&ssl=1&resize=350%2C200","width":350,"height":200,"srcset":"https:\/\/i0.wp.com\/zeromagazine.mx\/wp-content\/uploads\/2026\/03\/imgi_49_8332_5422_489_of.jpeg?fit=936%2C1200&ssl=1&resize=350%2C200 1x, https:\/\/i0.wp.com\/zeromagazine.mx\/wp-content\/uploads\/2026\/03\/imgi_49_8332_5422_489_of.jpeg?fit=936%2C1200&ssl=1&resize=525%2C300 1.5x, https:\/\/i0.wp.com\/zeromagazine.mx\/wp-content\/uploads\/2026\/03\/imgi_49_8332_5422_489_of.jpeg?fit=936%2C1200&ssl=1&resize=700%2C400 2x"},"classes":[]},{"id":78280,"url":"https:\/\/zeromagazine.mx\/index.php\/2024\/06\/15\/patrick-miller-40-anos-de-pura-high-energy-en-el-pepsi-center-wtc-el-13-de-julio\/","url_meta":{"origin":93073,"position":2},"title":"Patrick Miller: 40 a\u00f1os de pura High Energy en el Pepsi Center WTC el 13 de julio","author":"zeromagazinemx","date":"15 de junio de 2024","format":false,"excerpt":"\u00bfSe imaginan una noche \u00e9pica en la Ciudad de M\u00e9xico, donde la m\u00fasica electr\u00f3nica y el baile nos transporten a otra dimensi\u00f3n? El ic\u00f3nico Patrick Miller est\u00e1 por celebrar cuatro d\u00e9cadas de su legado en el Pepsi Center WTC el pr\u00f3ximo s\u00e1bado 13 de julio a partir de las ocho\u2026","rel":"","context":"En \u00abBlog\u00bb","block_context":{"text":"Blog","link":"https:\/\/zeromagazine.mx\/index.php\/category\/blog\/"},"img":{"alt_text":"","src":"https:\/\/i0.wp.com\/zeromagazine.mx\/wp-content\/uploads\/2024\/06\/PATRICK-MILLER-FOTO4.jpg?fit=1200%2C800&ssl=1&resize=350%2C200","width":350,"height":200,"srcset":"https:\/\/i0.wp.com\/zeromagazine.mx\/wp-content\/uploads\/2024\/06\/PATRICK-MILLER-FOTO4.jpg?fit=1200%2C800&ssl=1&resize=350%2C200 1x, https:\/\/i0.wp.com\/zeromagazine.mx\/wp-content\/uploads\/2024\/06\/PATRICK-MILLER-FOTO4.jpg?fit=1200%2C800&ssl=1&resize=525%2C300 1.5x, https:\/\/i0.wp.com\/zeromagazine.mx\/wp-content\/uploads\/2024\/06\/PATRICK-MILLER-FOTO4.jpg?fit=1200%2C800&ssl=1&resize=700%2C400 2x, https:\/\/i0.wp.com\/zeromagazine.mx\/wp-content\/uploads\/2024\/06\/PATRICK-MILLER-FOTO4.jpg?fit=1200%2C800&ssl=1&resize=1050%2C600 3x"},"classes":[]},{"id":114625,"url":"https:\/\/zeromagazine.mx\/index.php\/2026\/02\/01\/real-life-style-stradivarius\/","url_meta":{"origin":93073,"position":3},"title":"Real Life Style sin esfuerzo","author":"Luis Trujano","date":"1 de febrero de 2026","format":false,"excerpt":"Vestirse bien ya no significa pensar demasiado. De hecho, hoy la moda m\u00e1s interesante nace justo de lo contrario: de lo real, lo imperfecto y lo cotidiano. Real Life Style se convierte en el nuevo mantra para quienes entienden que el mejor look es el que se adapta a tu\u2026","rel":"","context":"En \u00abModa\u00bb","block_context":{"text":"Moda","link":"https:\/\/zeromagazine.mx\/index.php\/category\/moda\/"},"img":{"alt_text":"","src":"https:\/\/i0.wp.com\/zeromagazine.mx\/wp-content\/uploads\/2026\/02\/IMG_6418.jpeg?fit=857%2C1200&ssl=1&resize=350%2C200","width":350,"height":200,"srcset":"https:\/\/i0.wp.com\/zeromagazine.mx\/wp-content\/uploads\/2026\/02\/IMG_6418.jpeg?fit=857%2C1200&ssl=1&resize=350%2C200 1x, https:\/\/i0.wp.com\/zeromagazine.mx\/wp-content\/uploads\/2026\/02\/IMG_6418.jpeg?fit=857%2C1200&ssl=1&resize=525%2C300 1.5x, https:\/\/i0.wp.com\/zeromagazine.mx\/wp-content\/uploads\/2026\/02\/IMG_6418.jpeg?fit=857%2C1200&ssl=1&resize=700%2C400 2x"},"classes":[]},{"id":103149,"url":"https:\/\/zeromagazine.mx\/index.php\/2025\/05\/06\/vive-tu-estilo-con-live-your-life-de-americaneagle\/","url_meta":{"origin":93073,"position":4},"title":"Vive Tu Estilo Con \u00abLive Your Life\u00bb De American Eagle","author":"David Morales","date":"6 de mayo de 2025","format":false,"excerpt":"Amix, ya basta de sentir que nos tenemos que vestir como si fu\u00e9ramos al casting de una serie que nadie pidi\u00f3. La nueva campa\u00f1a de American Eagle dice: \u201cstop con los guiones ajenos\u201d y mejor vive tu estilo como t\u00fa quieras. Se llama Live Your Life, y es justo eso:\u2026","rel":"","context":"En \u00abModa\u00bb","block_context":{"text":"Moda","link":"https:\/\/zeromagazine.mx\/index.php\/category\/moda\/"},"img":{"alt_text":"","src":"https:\/\/i0.wp.com\/zeromagazine.mx\/wp-content\/uploads\/2025\/05\/HEADER.webp?fit=937%2C1200&ssl=1&resize=350%2C200","width":350,"height":200,"srcset":"https:\/\/i0.wp.com\/zeromagazine.mx\/wp-content\/uploads\/2025\/05\/HEADER.webp?fit=937%2C1200&ssl=1&resize=350%2C200 1x, https:\/\/i0.wp.com\/zeromagazine.mx\/wp-content\/uploads\/2025\/05\/HEADER.webp?fit=937%2C1200&ssl=1&resize=525%2C300 1.5x, https:\/\/i0.wp.com\/zeromagazine.mx\/wp-content\/uploads\/2025\/05\/HEADER.webp?fit=937%2C1200&ssl=1&resize=700%2C400 2x"},"classes":[]},{"id":106453,"url":"https:\/\/zeromagazine.mx\/index.php\/2025\/06\/23\/shein-y-karime-pindter-dan-estilo-urbano-clasico\/","url_meta":{"origin":93073,"position":5},"title":"Shein y Karime Pindter: urban y classy en una sola vibe","author":"David Morales","date":"23 de junio de 2025","format":false,"excerpt":"Amix, \u00bfya viste la nueva collab que est\u00e1 rompiendo el feed? Pue si no te la cuento: Shein y Karime Pindter se unieron para mostrarnos que s\u00ed se puede ser atrevidx, elegante y urbanx al mismo tiempo. Bajo la campa\u00f1a \u201cAtr\u00e9vete con estilo\u201d, Karime se convirti\u00f3 en la imagen principal\u2026","rel":"","context":"En \u00abModa\u00bb","block_context":{"text":"Moda","link":"https:\/\/zeromagazine.mx\/index.php\/category\/moda\/"},"img":{"alt_text":"","src":"https:\/\/i0.wp.com\/zeromagazine.mx\/wp-content\/uploads\/2025\/06\/MUSERA-4-scaled.jpg?fit=1200%2C800&ssl=1&resize=350%2C200","width":350,"height":200,"srcset":"https:\/\/i0.wp.com\/zeromagazine.mx\/wp-content\/uploads\/2025\/06\/MUSERA-4-scaled.jpg?fit=1200%2C800&ssl=1&resize=350%2C200 1x, https:\/\/i0.wp.com\/zeromagazine.mx\/wp-content\/uploads\/2025\/06\/MUSERA-4-scaled.jpg?fit=1200%2C800&ssl=1&resize=525%2C300 1.5x, https:\/\/i0.wp.com\/zeromagazine.mx\/wp-content\/uploads\/2025\/06\/MUSERA-4-scaled.jpg?fit=1200%2C800&ssl=1&resize=700%2C400 2x, https:\/\/i0.wp.com\/zeromagazine.mx\/wp-content\/uploads\/2025\/06\/MUSERA-4-scaled.jpg?fit=1200%2C800&ssl=1&resize=1050%2C600 3x"},"classes":[]}],"jetpack_sharing_enabled":true,"builder_content":"","_links":{"self":[{"href":"https:\/\/zeromagazine.mx\/index.php\/wp-json\/wp\/v2\/posts\/93073","targetHints":{"allow":["GET"]}}],"collection":[{"href":"https:\/\/zeromagazine.mx\/index.php\/wp-json\/wp\/v2\/posts"}],"about":[{"href":"https:\/\/zeromagazine.mx\/index.php\/wp-json\/wp\/v2\/types\/post"}],"author":[{"embeddable":true,"href":"https:\/\/zeromagazine.mx\/index.php\/wp-json\/wp\/v2\/users\/2"}],"replies":[{"embeddable":true,"href":"https:\/\/zeromagazine.mx\/index.php\/wp-json\/wp\/v2\/comments?post=93073"}],"version-history":[{"count":1,"href":"https:\/\/zeromagazine.mx\/index.php\/wp-json\/wp\/v2\/posts\/93073\/revisions"}],"predecessor-version":[{"id":93076,"href":"https:\/\/zeromagazine.mx\/index.php\/wp-json\/wp\/v2\/posts\/93073\/revisions\/93076"}],"wp:featuredmedia":[{"embeddable":true,"href":"https:\/\/zeromagazine.mx\/index.php\/wp-json\/wp\/v2\/media\/93075"}],"wp:attachment":[{"href":"https:\/\/zeromagazine.mx\/index.php\/wp-json\/wp\/v2\/media?parent=93073"}],"wp:term":[{"taxonomy":"category","embeddable":true,"href":"https:\/\/zeromagazine.mx\/index.php\/wp-json\/wp\/v2\/categories?post=93073"},{"taxonomy":"post_tag","embeddable":true,"href":"https:\/\/zeromagazine.mx\/index.php\/wp-json\/wp\/v2\/tags?post=93073"}],"curies":[{"name":"wp","href":"https:\/\/api.w.org\/{rel}","templated":true}]}}