{"id":93111,"date":"2024-12-14T02:06:25","date_gmt":"2024-12-14T01:06:25","guid":{"rendered":"https:\/\/zeromagazine.mx\/?p=93111"},"modified":"2024-12-14T02:11:21","modified_gmt":"2024-12-14T01:11:21","slug":"nomadic-journey-un-nuevo-arte","status":"publish","type":"post","link":"https:\/\/zeromagazine.mx\/index.php\/2024\/12\/14\/nomadic-journey-un-nuevo-arte\/","title":{"rendered":"Nomadic Journey: Un Nuevo Arte"},"content":{"rendered":"<p>Amix, les cuento que vivimos en una era donde moda y arte se cruzan de formas que jam\u00e1s imaginamos, y Massimo Dutti est\u00e1 aqu\u00ed para confirmarlo. \u00bfC\u00f3mo? Se lanz\u00f3 al ruedo con una collab \u00e9pica junto a Marina Abramovi\u0107, la reina del performance art. Esta fusi\u00f3n de estilos y narrativas se present\u00f3 durante la Miami Art Week 2024, con una vibra tan \u00fanica que redefine el significado de \u00abser arte en movimiento\u00bb. La frase clave de este texto es: un nuevo arte, porque de eso se trata este mix de conceptos que quiero que descubramos juntes.<\/p>\n\n\n\n<h3 class=\"wp-block-heading\">Arte, Moda y un Esp\u00edritu N\u00f3mada<\/h3>\n\n\n\n<p>Primero, hablemos de Nomadic Journey and Spirit of Places, el nuevo libro de Abramovi\u0107 que est\u00e1 rompiendo las barreras entre disciplinas creativas. Disponible en tiendas seleccionadas de Massimo Dutti, este libro no es solo otro \u00abcoffee table book\u00bb; es un viaje literal a trav\u00e9s de la vida y obra de esta artista que ha redefinido c\u00f3mo entendemos el arte.<\/p>\n\n\n\n<p>Adem\u00e1s, el libro combina poes\u00eda, reflexiones y material de archivo en una presentaci\u00f3n tan cuidada que pr\u00e1cticamente huele a galer\u00eda de arte. \u00bfLo m\u00e1s cool? Abramovi\u0107 convierte cada espacio temporal, como hoteles y residencias, en un lugar de introspecci\u00f3n art\u00edstica. Con su mantra: \u00abmi hogar era mi cuerpo\u00bb, demuestra que un nuevo arte tambi\u00e9n es una forma de vivir el d\u00eda a d\u00eda.<\/p>\n\n\n\n<script async src=\"https:\/\/pagead2.googlesyndication.com\/pagead\/js\/adsbygoogle.js?client=ca-pub-5499304793904745\"\n     crossorigin=\"anonymous\"><\/script>\n<ins class=\"adsbygoogle\"\n     style=\"display:block; text-align:center;\"\n     data-ad-layout=\"in-article\"\n     data-ad-format=\"fluid\"\n     data-ad-client=\"ca-pub-5499304793904745\"\n     data-ad-slot=\"5994863093\"><\/ins>\n<script>\n     (adsbygoogle = window.adsbygoogle || []).push({});\n<\/script>\n\n\n\n<p><\/p>\n\n\n\n<p>Por ejemplo, Abramovi\u0107 comparte dibujos y notas personales que usualmente no est\u00e1n a la vista del p\u00fablico. Esto no solo revela c\u00f3mo piensa, sino que inspira a quienes leen su trabajo a encontrar arte en los momentos m\u00e1s simples y, a veces, m\u00e1s ca\u00f3ticos de la vida.<\/p>\n\n\n\n<h3 class=\"wp-block-heading\">Una Experiencia Inmersiva en Miami<\/h3>\n\n\n\n<p>Despu\u00e9s, v\u00e1monos directo a la exposici\u00f3n en el ic\u00f3nico Faena Hotel. Este lugar, m\u00e1s all\u00e1 de ser fancy, es un hub cultural perfecto para sumergirse en el arte de Abramovi\u0107 durante la Miami Art Week. La muestra Nomadic Journey and Spirit of Places no solo destaca su evoluci\u00f3n art\u00edstica, sino que nos invita a reflexionar sobre la conexi\u00f3n entre movimiento, resistencia y la humanidad.<\/p>\n\n\n\n<p>A su vez, el Faena no es un lugar cualquiera. Funciona como un espacio que mezcla lo experimental con lo popular, dando a todas las personas la oportunidad de disfrutar y experimentar un nuevo arte. Si quieres saber m\u00e1s sobre esta incre\u00edble sede y su papel como un espacio de innovaci\u00f3n, te dejo este link donde puedes checar detalles: <a href=\"https:\/\/www.faenaart.org\/\">Faena Art<\/a>.<\/p>\n\n\n<div class=\"wp-block-image\">\n<figure class=\"aligncenter size-full\"><img data-recalc-dims=\"1\" decoding=\"async\" width=\"600\" height=\"828\" src=\"https:\/\/i0.wp.com\/zeromagazine.mx\/wp-content\/uploads\/2024\/12\/unnamed-4.jpg?resize=600%2C828\" alt=\"3. Conoce la esencia de un nuevo arte: Marina Abramovi\u0107 y Massimo Dutti transforman Miami Art Week con su innovadora alianza.  \n\" class=\"wp-image-93112\" srcset=\"https:\/\/i0.wp.com\/zeromagazine.mx\/wp-content\/uploads\/2024\/12\/unnamed-4.jpg?w=600&amp;ssl=1 600w, https:\/\/i0.wp.com\/zeromagazine.mx\/wp-content\/uploads\/2024\/12\/unnamed-4.jpg?resize=217%2C300&amp;ssl=1 217w\" sizes=\"(max-width: 600px) 100vw, 600px\" \/><\/figure>\n<\/div>\n\n\n<p><\/p>\n\n\n\n<p><\/p>\n\n\n\n<p>Por ejemplo, durante esta expo, se present\u00f3 por primera vez una selecci\u00f3n curada de cuatro d\u00e9cadas de su obra, desde fotograf\u00edas hasta poes\u00eda que documenta su vida en constante movimiento. Seg\u00fan Abramovi\u0107: \u201cLos humanos necesitamos avanzar siempre.\u201d Su frase encarna perfectamente la esencia de este proyecto: el movimiento como una necesidad del alma y no solo del cuerpo.<\/p>\n\n\n\n<h3 class=\"wp-block-heading\">Marina Abramovi\u0107: La Reina de la Resistencia<\/h3>\n\n\n\n<p>Por \u00faltimo, necesitamos entender por qu\u00e9 Abramovi\u0107 es la artista que necesit\u00e1bamos ver colaborar con una marca como Massimo Dutti. Conocida como la \u201cmadrina del performance art,\u201d lleva m\u00e1s de 40 a\u00f1os demostrando que el cuerpo y la mente no tienen l\u00edmites, solo oportunidades.<\/p>\n\n\n\n<p>De hecho, sus proyectos como The Artist is Present (donde pas\u00f3 m\u00e1s de 700 horas sentada frente a visitantes en el MoMA) y Seven Easy Pieces (una serie de performance en el Guggenheim) muestran c\u00f3mo el tiempo y la interacci\u00f3n humana pueden volverse actos de resistencia. Su manera de conectar con la audiencia, romper expectativas y transmitir emociones crudas es lo que hace que un nuevo arte cobre vida cada vez que presenta algo.<\/p>\n\n\n\n<script async src=\"https:\/\/pagead2.googlesyndication.com\/pagead\/js\/adsbygoogle.js?client=ca-pub-5499304793904745\"\r\n     crossorigin=\"anonymous\"><\/script>\r\n<ins class=\"adsbygoogle\"\r\n     style=\"display:block; text-align:center;\"\r\n     data-ad-layout=\"in-article\"\r\n     data-ad-format=\"fluid\"\r\n     data-ad-client=\"ca-pub-5499304793904745\"\r\n     data-ad-slot=\"5994863093\"><\/ins>\r\n<script>\r\n     (adsbygoogle = window.adsbygoogle || []).push({});\r\n<\/script>\n\n\n\n<p><\/p>\n\n\n\n<p>Y ojo, esta colaboraci\u00f3n con Massimo Dutti no es casualidad. La marca busca crear un puente entre moda y cultura, explorando un lado m\u00e1s \u00edntimo de sus consumidores. No solo es ropa; es una narrativa visual y personal que nos recuerda que cada pieza y cada historia forman parte de un todo mucho m\u00e1s profundo.<\/p>\n\n\n\n<h3 class=\"wp-block-heading\">\u00bfQu\u00e9 Aprendimos de esta Collab?<\/h3>\n\n\n\n<p> Que arte y moda no solo pueden coexistir, sino elevarse mutuamente. Massimo Dutti y Marina Abramovi\u0107 lograron algo que va m\u00e1s all\u00e1 de lo comercial; nos regalaron un nuevo arte que nos conecta, nos inspira y nos invita a explorar los l\u00edmites de nuestra creatividad y resistencia personal.<\/p>\n\n\n\n<p>Si est\u00e1s en mood de reflexionar sobre la vida o simplemente quieres un libro de mesa que se sienta m\u00e1s como una obra de arte, Nomadic Journey and Spirit of Places es para ti. Y si buscas experiencias inmersivas que mezclen lo cotidiano con lo extraordinario, el Faena Hotel sigue siendo the place to be.<\/p>\n\n\n\n<script async src=\"https:\/\/pagead2.googlesyndication.com\/pagead\/js\/adsbygoogle.js?client=ca-pub-5499304793904745\"\r\n     crossorigin=\"anonymous\"><\/script>\r\n<ins class=\"adsbygoogle\"\r\n     style=\"display:block; text-align:center;\"\r\n     data-ad-layout=\"in-article\"\r\n     data-ad-format=\"fluid\"\r\n     data-ad-client=\"ca-pub-5499304793904745\"\r\n     data-ad-slot=\"5994863093\"><\/ins>\r\n<script>\r\n     (adsbygoogle = window.adsbygoogle || []).push({});\r\n<\/script>\n\n\n\n<p><\/p>\n\n\n\n<p>En un mundo tan cambiante, recordar que nuestro hogar somos nosotres mismes es, sin duda, el mayor regalo que el arte puede darnos.<\/p>\n\n<!--themify_builder_content-->\n<div id=\"themify_builder_content-93111\" data-postid=\"93111\" class=\"themify_builder_content themify_builder_content-93111 themify_builder tf_clear\">\n    <\/div>\n<!--\/themify_builder_content-->","protected":false},"excerpt":{"rendered":"<p>Amix, les cuento que vivimos en una era donde moda y arte se cruzan de formas que jam\u00e1s imaginamos, y Massimo Dutti est\u00e1 aqu\u00ed para confirmarlo. \u00bfC\u00f3mo? Se lanz\u00f3 al ruedo con una collab \u00e9pica junto a Marina Abramovi\u0107, la reina del performance art. Esta fusi\u00f3n de estilos y narrativas se present\u00f3 durante la Miami [&hellip;]<\/p>\n","protected":false},"author":2,"featured_media":93112,"comment_status":"open","ping_status":"open","sticky":false,"template":"","format":"standard","meta":{"_jetpack_memberships_contains_paid_content":false,"footnotes":"","jetpack_publicize_message":"","jetpack_publicize_feature_enabled":true,"jetpack_social_post_already_shared":true,"jetpack_social_options":{"image_generator_settings":{"template":"highway","default_image_id":0,"font":"","enabled":false},"version":2}},"categories":[791],"tags":[12075,12077,12076],"class_list":["post-93111","post","type-post","status-publish","format-standard","has-post-thumbnail","hentry","category-cultura","tag-marina-abramovic","tag-massimo-dutti","tag-miami-art-week-2024","has-post-title","has-post-date","has-post-category","has-post-tag","has-post-comment","has-post-author",""],"yoast_head":"<!-- This site is optimized with the Yoast SEO plugin v27.4 - https:\/\/yoast.com\/product\/yoast-seo-wordpress\/ -->\n<title>Nomadic Journey: Un Nuevo Arte - Zero Magazine<\/title>\n<meta name=\"description\" content=\"Descubre Nomadic Journey, una collab \u00fanica de Marina Abramovi\u0107 y Massimo Dutti en Miami Art Week, que mezcla moda, arte y resistencia.\" \/>\n<meta name=\"robots\" content=\"index, follow, max-snippet:-1, max-image-preview:large, max-video-preview:-1\" \/>\n<link rel=\"canonical\" href=\"https:\/\/zeromagazine.mx\/index.php\/2024\/12\/14\/nomadic-journey-un-nuevo-arte\/\" \/>\n<meta property=\"og:locale\" content=\"es_ES\" \/>\n<meta property=\"og:type\" content=\"article\" \/>\n<meta property=\"og:title\" content=\"Nomadic Journey: Un Nuevo Arte - Zero Magazine\" \/>\n<meta property=\"og:description\" content=\"Descubre Nomadic Journey, una collab \u00fanica de Marina Abramovi\u0107 y Massimo Dutti en Miami Art Week, que mezcla moda, arte y resistencia.\" \/>\n<meta property=\"og:url\" content=\"https:\/\/zeromagazine.mx\/index.php\/2024\/12\/14\/nomadic-journey-un-nuevo-arte\/\" \/>\n<meta property=\"og:site_name\" content=\"Zero Magazine\" \/>\n<meta property=\"article:published_time\" content=\"2024-12-14T01:06:25+00:00\" \/>\n<meta property=\"article:modified_time\" content=\"2024-12-14T01:11:21+00:00\" \/>\n<meta property=\"og:image\" content=\"http:\/\/zeromagazine.mx\/wp-content\/uploads\/2024\/12\/unnamed-4.jpg\" \/>\n\t<meta property=\"og:image:width\" content=\"600\" \/>\n\t<meta property=\"og:image:height\" content=\"828\" \/>\n\t<meta property=\"og:image:type\" content=\"image\/jpeg\" \/>\n<meta name=\"author\" content=\"zeromagazinemx\" \/>\n<meta name=\"twitter:card\" content=\"summary_large_image\" \/>\n<meta name=\"twitter:label1\" content=\"Escrito por\" \/>\n\t<meta name=\"twitter:data1\" content=\"zeromagazinemx\" \/>\n\t<meta name=\"twitter:label2\" content=\"Tiempo de lectura\" \/>\n\t<meta name=\"twitter:data2\" content=\"4 minutos\" \/>\n<script type=\"application\/ld+json\" class=\"yoast-schema-graph\">{\"@context\":\"https:\\\/\\\/schema.org\",\"@graph\":[{\"@type\":\"Article\",\"@id\":\"https:\\\/\\\/zeromagazine.mx\\\/index.php\\\/2024\\\/12\\\/14\\\/nomadic-journey-un-nuevo-arte\\\/#article\",\"isPartOf\":{\"@id\":\"https:\\\/\\\/zeromagazine.mx\\\/index.php\\\/2024\\\/12\\\/14\\\/nomadic-journey-un-nuevo-arte\\\/\"},\"author\":{\"name\":\"zeromagazinemx\",\"@id\":\"https:\\\/\\\/zeromagazine.mx\\\/#\\\/schema\\\/person\\\/9aed9f33a7c39af3a348b86d723f7773\"},\"headline\":\"Nomadic Journey: Un Nuevo Arte\",\"datePublished\":\"2024-12-14T01:06:25+00:00\",\"dateModified\":\"2024-12-14T01:11:21+00:00\",\"mainEntityOfPage\":{\"@id\":\"https:\\\/\\\/zeromagazine.mx\\\/index.php\\\/2024\\\/12\\\/14\\\/nomadic-journey-un-nuevo-arte\\\/\"},\"wordCount\":826,\"commentCount\":0,\"publisher\":{\"@id\":\"https:\\\/\\\/zeromagazine.mx\\\/#organization\"},\"image\":{\"@id\":\"https:\\\/\\\/zeromagazine.mx\\\/index.php\\\/2024\\\/12\\\/14\\\/nomadic-journey-un-nuevo-arte\\\/#primaryimage\"},\"thumbnailUrl\":\"https:\\\/\\\/i0.wp.com\\\/zeromagazine.mx\\\/wp-content\\\/uploads\\\/2024\\\/12\\\/unnamed-4.jpg?fit=600%2C828&ssl=1\",\"keywords\":[\"Marina Abramovi\u0107\",\"Massimo Dutti\",\"Miami Art Week 2024\"],\"articleSection\":[\"Cultura\"],\"inLanguage\":\"es\",\"potentialAction\":[{\"@type\":\"CommentAction\",\"name\":\"Comment\",\"target\":[\"https:\\\/\\\/zeromagazine.mx\\\/index.php\\\/2024\\\/12\\\/14\\\/nomadic-journey-un-nuevo-arte\\\/#respond\"]}]},{\"@type\":\"WebPage\",\"@id\":\"https:\\\/\\\/zeromagazine.mx\\\/index.php\\\/2024\\\/12\\\/14\\\/nomadic-journey-un-nuevo-arte\\\/\",\"url\":\"https:\\\/\\\/zeromagazine.mx\\\/index.php\\\/2024\\\/12\\\/14\\\/nomadic-journey-un-nuevo-arte\\\/\",\"name\":\"Nomadic Journey: Un Nuevo Arte - Zero Magazine\",\"isPartOf\":{\"@id\":\"https:\\\/\\\/zeromagazine.mx\\\/#website\"},\"primaryImageOfPage\":{\"@id\":\"https:\\\/\\\/zeromagazine.mx\\\/index.php\\\/2024\\\/12\\\/14\\\/nomadic-journey-un-nuevo-arte\\\/#primaryimage\"},\"image\":{\"@id\":\"https:\\\/\\\/zeromagazine.mx\\\/index.php\\\/2024\\\/12\\\/14\\\/nomadic-journey-un-nuevo-arte\\\/#primaryimage\"},\"thumbnailUrl\":\"https:\\\/\\\/i0.wp.com\\\/zeromagazine.mx\\\/wp-content\\\/uploads\\\/2024\\\/12\\\/unnamed-4.jpg?fit=600%2C828&ssl=1\",\"datePublished\":\"2024-12-14T01:06:25+00:00\",\"dateModified\":\"2024-12-14T01:11:21+00:00\",\"description\":\"Descubre Nomadic Journey, una collab \u00fanica de Marina Abramovi\u0107 y Massimo Dutti en Miami Art Week, que mezcla moda, arte y resistencia.\",\"breadcrumb\":{\"@id\":\"https:\\\/\\\/zeromagazine.mx\\\/index.php\\\/2024\\\/12\\\/14\\\/nomadic-journey-un-nuevo-arte\\\/#breadcrumb\"},\"inLanguage\":\"es\",\"potentialAction\":[{\"@type\":\"ReadAction\",\"target\":[\"https:\\\/\\\/zeromagazine.mx\\\/index.php\\\/2024\\\/12\\\/14\\\/nomadic-journey-un-nuevo-arte\\\/\"]}]},{\"@type\":\"ImageObject\",\"inLanguage\":\"es\",\"@id\":\"https:\\\/\\\/zeromagazine.mx\\\/index.php\\\/2024\\\/12\\\/14\\\/nomadic-journey-un-nuevo-arte\\\/#primaryimage\",\"url\":\"https:\\\/\\\/i0.wp.com\\\/zeromagazine.mx\\\/wp-content\\\/uploads\\\/2024\\\/12\\\/unnamed-4.jpg?fit=600%2C828&ssl=1\",\"contentUrl\":\"https:\\\/\\\/i0.wp.com\\\/zeromagazine.mx\\\/wp-content\\\/uploads\\\/2024\\\/12\\\/unnamed-4.jpg?fit=600%2C828&ssl=1\",\"width\":600,\"height\":828},{\"@type\":\"BreadcrumbList\",\"@id\":\"https:\\\/\\\/zeromagazine.mx\\\/index.php\\\/2024\\\/12\\\/14\\\/nomadic-journey-un-nuevo-arte\\\/#breadcrumb\",\"itemListElement\":[{\"@type\":\"ListItem\",\"position\":1,\"name\":\"Portada\",\"item\":\"https:\\\/\\\/zeromagazine.mx\\\/\"},{\"@type\":\"ListItem\",\"position\":2,\"name\":\"Nomadic Journey: Un Nuevo Arte\"}]},{\"@type\":\"WebSite\",\"@id\":\"https:\\\/\\\/zeromagazine.mx\\\/#website\",\"url\":\"https:\\\/\\\/zeromagazine.mx\\\/\",\"name\":\"Zero Magazine\",\"description\":\"\",\"publisher\":{\"@id\":\"https:\\\/\\\/zeromagazine.mx\\\/#organization\"},\"potentialAction\":[{\"@type\":\"SearchAction\",\"target\":{\"@type\":\"EntryPoint\",\"urlTemplate\":\"https:\\\/\\\/zeromagazine.mx\\\/?s={search_term_string}\"},\"query-input\":{\"@type\":\"PropertyValueSpecification\",\"valueRequired\":true,\"valueName\":\"search_term_string\"}}],\"inLanguage\":\"es\"},{\"@type\":\"Organization\",\"@id\":\"https:\\\/\\\/zeromagazine.mx\\\/#organization\",\"name\":\"Zero Magazine\",\"url\":\"https:\\\/\\\/zeromagazine.mx\\\/\",\"logo\":{\"@type\":\"ImageObject\",\"inLanguage\":\"es\",\"@id\":\"https:\\\/\\\/zeromagazine.mx\\\/#\\\/schema\\\/logo\\\/image\\\/\",\"url\":\"https:\\\/\\\/i0.wp.com\\\/zeromagazine.mx\\\/wp-content\\\/uploads\\\/2025\\\/11\\\/1.jpeg?fit=1000%2C1000&ssl=1\",\"contentUrl\":\"https:\\\/\\\/i0.wp.com\\\/zeromagazine.mx\\\/wp-content\\\/uploads\\\/2025\\\/11\\\/1.jpeg?fit=1000%2C1000&ssl=1\",\"width\":1000,\"height\":1000,\"caption\":\"Zero Magazine\"},\"image\":{\"@id\":\"https:\\\/\\\/zeromagazine.mx\\\/#\\\/schema\\\/logo\\\/image\\\/\"},\"sameAs\":[\"https:\\\/\\\/instagram.com\\\/zeromagazinemx\"]},{\"@type\":\"Person\",\"@id\":\"https:\\\/\\\/zeromagazine.mx\\\/#\\\/schema\\\/person\\\/9aed9f33a7c39af3a348b86d723f7773\",\"name\":\"zeromagazinemx\",\"image\":{\"@type\":\"ImageObject\",\"inLanguage\":\"es\",\"@id\":\"https:\\\/\\\/zeromagazine.mx\\\/wp-content\\\/litespeed\\\/avatar\\\/f91dfe5410d5dcb1a576bf8c45983896.jpg?ver=1776966396\",\"url\":\"https:\\\/\\\/zeromagazine.mx\\\/wp-content\\\/litespeed\\\/avatar\\\/f91dfe5410d5dcb1a576bf8c45983896.jpg?ver=1776966396\",\"contentUrl\":\"https:\\\/\\\/zeromagazine.mx\\\/wp-content\\\/litespeed\\\/avatar\\\/f91dfe5410d5dcb1a576bf8c45983896.jpg?ver=1776966396\",\"caption\":\"zeromagazinemx\"},\"url\":\"https:\\\/\\\/zeromagazine.mx\\\/index.php\\\/author\\\/zeromagazinemx\\\/\"}]}<\/script>\n<!-- \/ Yoast SEO plugin. -->","yoast_head_json":{"title":"Nomadic Journey: Un Nuevo Arte - Zero Magazine","description":"Descubre Nomadic Journey, una collab \u00fanica de Marina Abramovi\u0107 y Massimo Dutti en Miami Art Week, que mezcla moda, arte y resistencia.","robots":{"index":"index","follow":"follow","max-snippet":"max-snippet:-1","max-image-preview":"max-image-preview:large","max-video-preview":"max-video-preview:-1"},"canonical":"https:\/\/zeromagazine.mx\/index.php\/2024\/12\/14\/nomadic-journey-un-nuevo-arte\/","og_locale":"es_ES","og_type":"article","og_title":"Nomadic Journey: Un Nuevo Arte - Zero Magazine","og_description":"Descubre Nomadic Journey, una collab \u00fanica de Marina Abramovi\u0107 y Massimo Dutti en Miami Art Week, que mezcla moda, arte y resistencia.","og_url":"https:\/\/zeromagazine.mx\/index.php\/2024\/12\/14\/nomadic-journey-un-nuevo-arte\/","og_site_name":"Zero Magazine","article_published_time":"2024-12-14T01:06:25+00:00","article_modified_time":"2024-12-14T01:11:21+00:00","og_image":[{"width":600,"height":828,"url":"http:\/\/zeromagazine.mx\/wp-content\/uploads\/2024\/12\/unnamed-4.jpg","type":"image\/jpeg"}],"author":"zeromagazinemx","twitter_card":"summary_large_image","twitter_misc":{"Escrito por":"zeromagazinemx","Tiempo de lectura":"4 minutos"},"schema":{"@context":"https:\/\/schema.org","@graph":[{"@type":"Article","@id":"https:\/\/zeromagazine.mx\/index.php\/2024\/12\/14\/nomadic-journey-un-nuevo-arte\/#article","isPartOf":{"@id":"https:\/\/zeromagazine.mx\/index.php\/2024\/12\/14\/nomadic-journey-un-nuevo-arte\/"},"author":{"name":"zeromagazinemx","@id":"https:\/\/zeromagazine.mx\/#\/schema\/person\/9aed9f33a7c39af3a348b86d723f7773"},"headline":"Nomadic Journey: Un Nuevo Arte","datePublished":"2024-12-14T01:06:25+00:00","dateModified":"2024-12-14T01:11:21+00:00","mainEntityOfPage":{"@id":"https:\/\/zeromagazine.mx\/index.php\/2024\/12\/14\/nomadic-journey-un-nuevo-arte\/"},"wordCount":826,"commentCount":0,"publisher":{"@id":"https:\/\/zeromagazine.mx\/#organization"},"image":{"@id":"https:\/\/zeromagazine.mx\/index.php\/2024\/12\/14\/nomadic-journey-un-nuevo-arte\/#primaryimage"},"thumbnailUrl":"https:\/\/i0.wp.com\/zeromagazine.mx\/wp-content\/uploads\/2024\/12\/unnamed-4.jpg?fit=600%2C828&ssl=1","keywords":["Marina Abramovi\u0107","Massimo Dutti","Miami Art Week 2024"],"articleSection":["Cultura"],"inLanguage":"es","potentialAction":[{"@type":"CommentAction","name":"Comment","target":["https:\/\/zeromagazine.mx\/index.php\/2024\/12\/14\/nomadic-journey-un-nuevo-arte\/#respond"]}]},{"@type":"WebPage","@id":"https:\/\/zeromagazine.mx\/index.php\/2024\/12\/14\/nomadic-journey-un-nuevo-arte\/","url":"https:\/\/zeromagazine.mx\/index.php\/2024\/12\/14\/nomadic-journey-un-nuevo-arte\/","name":"Nomadic Journey: Un Nuevo Arte - Zero Magazine","isPartOf":{"@id":"https:\/\/zeromagazine.mx\/#website"},"primaryImageOfPage":{"@id":"https:\/\/zeromagazine.mx\/index.php\/2024\/12\/14\/nomadic-journey-un-nuevo-arte\/#primaryimage"},"image":{"@id":"https:\/\/zeromagazine.mx\/index.php\/2024\/12\/14\/nomadic-journey-un-nuevo-arte\/#primaryimage"},"thumbnailUrl":"https:\/\/i0.wp.com\/zeromagazine.mx\/wp-content\/uploads\/2024\/12\/unnamed-4.jpg?fit=600%2C828&ssl=1","datePublished":"2024-12-14T01:06:25+00:00","dateModified":"2024-12-14T01:11:21+00:00","description":"Descubre Nomadic Journey, una collab \u00fanica de Marina Abramovi\u0107 y Massimo Dutti en Miami Art Week, que mezcla moda, arte y resistencia.","breadcrumb":{"@id":"https:\/\/zeromagazine.mx\/index.php\/2024\/12\/14\/nomadic-journey-un-nuevo-arte\/#breadcrumb"},"inLanguage":"es","potentialAction":[{"@type":"ReadAction","target":["https:\/\/zeromagazine.mx\/index.php\/2024\/12\/14\/nomadic-journey-un-nuevo-arte\/"]}]},{"@type":"ImageObject","inLanguage":"es","@id":"https:\/\/zeromagazine.mx\/index.php\/2024\/12\/14\/nomadic-journey-un-nuevo-arte\/#primaryimage","url":"https:\/\/i0.wp.com\/zeromagazine.mx\/wp-content\/uploads\/2024\/12\/unnamed-4.jpg?fit=600%2C828&ssl=1","contentUrl":"https:\/\/i0.wp.com\/zeromagazine.mx\/wp-content\/uploads\/2024\/12\/unnamed-4.jpg?fit=600%2C828&ssl=1","width":600,"height":828},{"@type":"BreadcrumbList","@id":"https:\/\/zeromagazine.mx\/index.php\/2024\/12\/14\/nomadic-journey-un-nuevo-arte\/#breadcrumb","itemListElement":[{"@type":"ListItem","position":1,"name":"Portada","item":"https:\/\/zeromagazine.mx\/"},{"@type":"ListItem","position":2,"name":"Nomadic Journey: Un Nuevo Arte"}]},{"@type":"WebSite","@id":"https:\/\/zeromagazine.mx\/#website","url":"https:\/\/zeromagazine.mx\/","name":"Zero Magazine","description":"","publisher":{"@id":"https:\/\/zeromagazine.mx\/#organization"},"potentialAction":[{"@type":"SearchAction","target":{"@type":"EntryPoint","urlTemplate":"https:\/\/zeromagazine.mx\/?s={search_term_string}"},"query-input":{"@type":"PropertyValueSpecification","valueRequired":true,"valueName":"search_term_string"}}],"inLanguage":"es"},{"@type":"Organization","@id":"https:\/\/zeromagazine.mx\/#organization","name":"Zero Magazine","url":"https:\/\/zeromagazine.mx\/","logo":{"@type":"ImageObject","inLanguage":"es","@id":"https:\/\/zeromagazine.mx\/#\/schema\/logo\/image\/","url":"https:\/\/i0.wp.com\/zeromagazine.mx\/wp-content\/uploads\/2025\/11\/1.jpeg?fit=1000%2C1000&ssl=1","contentUrl":"https:\/\/i0.wp.com\/zeromagazine.mx\/wp-content\/uploads\/2025\/11\/1.jpeg?fit=1000%2C1000&ssl=1","width":1000,"height":1000,"caption":"Zero Magazine"},"image":{"@id":"https:\/\/zeromagazine.mx\/#\/schema\/logo\/image\/"},"sameAs":["https:\/\/instagram.com\/zeromagazinemx"]},{"@type":"Person","@id":"https:\/\/zeromagazine.mx\/#\/schema\/person\/9aed9f33a7c39af3a348b86d723f7773","name":"zeromagazinemx","image":{"@type":"ImageObject","inLanguage":"es","@id":"https:\/\/zeromagazine.mx\/wp-content\/litespeed\/avatar\/f91dfe5410d5dcb1a576bf8c45983896.jpg?ver=1776966396","url":"https:\/\/zeromagazine.mx\/wp-content\/litespeed\/avatar\/f91dfe5410d5dcb1a576bf8c45983896.jpg?ver=1776966396","contentUrl":"https:\/\/zeromagazine.mx\/wp-content\/litespeed\/avatar\/f91dfe5410d5dcb1a576bf8c45983896.jpg?ver=1776966396","caption":"zeromagazinemx"},"url":"https:\/\/zeromagazine.mx\/index.php\/author\/zeromagazinemx\/"}]}},"jetpack_publicize_connections":[],"jetpack_featured_media_url":"https:\/\/i0.wp.com\/zeromagazine.mx\/wp-content\/uploads\/2024\/12\/unnamed-4.jpg?fit=600%2C828&ssl=1","jetpack-related-posts":[{"id":86379,"url":"https:\/\/zeromagazine.mx\/index.php\/2024\/10\/11\/moda-arte-y-cafe-vibes\/","url_meta":{"origin":93111,"position":0},"title":"\u00abModa, Arte y Caf\u00e9: Vibes\u00bb","author":"zeromagazinemx","date":"11 de octubre de 2024","format":false,"excerpt":"Esta semana, la presentaci\u00f3n de sus nuevas colecciones\u00a0Limited Edition Men & Women FW24\u00a0tuvo lugar en su ic\u00f3nica\u00a0Flagship Store\u00a0en Paseo de Gracia, en Barcelona. Tambi\u00e9n fue para celebrar el\u00a0primer aniversario\u00a0de uno de los proyectos m\u00e1s ambiciosos y creativos de la marca:\u00a0ArtInProgress. Fashion Meets Art La escenograf\u00eda que armaron fue s\u00faper po\u00e9tica.\u2026","rel":"","context":"En \u00abModa\u00bb","block_context":{"text":"Moda","link":"https:\/\/zeromagazine.mx\/index.php\/category\/moda\/"},"img":{"alt_text":"","src":"https:\/\/i0.wp.com\/zeromagazine.mx\/wp-content\/uploads\/2024\/10\/00000111122BAEK-o1-scaled.jpg?fit=900%2C1200&ssl=1&resize=350%2C200","width":350,"height":200,"srcset":"https:\/\/i0.wp.com\/zeromagazine.mx\/wp-content\/uploads\/2024\/10\/00000111122BAEK-o1-scaled.jpg?fit=900%2C1200&ssl=1&resize=350%2C200 1x, https:\/\/i0.wp.com\/zeromagazine.mx\/wp-content\/uploads\/2024\/10\/00000111122BAEK-o1-scaled.jpg?fit=900%2C1200&ssl=1&resize=525%2C300 1.5x, https:\/\/i0.wp.com\/zeromagazine.mx\/wp-content\/uploads\/2024\/10\/00000111122BAEK-o1-scaled.jpg?fit=900%2C1200&ssl=1&resize=700%2C400 2x"},"classes":[]},{"id":115775,"url":"https:\/\/zeromagazine.mx\/index.php\/2026\/02\/22\/denim-reciclado-art-week-levis\/","url_meta":{"origin":93111,"position":1},"title":"Denim reciclado florece en Art Week","author":"zeromagazinemx","date":"22 de febrero de 2026","format":false,"excerpt":"Si pensabas que la mezclilla solo viv\u00eda en tus jeans favoritos, Art Week M\u00e9xico acaba de probar lo contrario. Este a\u00f1o, Levi\u2019s\u00ae decidi\u00f3 llevar su ADN fuera del cl\u00f3set y directo al terreno del arte contempor\u00e1neo con una colaboraci\u00f3n inesperada junto al estudio artesanal Olmos y Flores y la galer\u00eda\u2026","rel":"","context":"En \u00abDise\u00f1o\u00bb","block_context":{"text":"Dise\u00f1o","link":"https:\/\/zeromagazine.mx\/index.php\/category\/diseno\/"},"img":{"alt_text":"","src":"https:\/\/i0.wp.com\/zeromagazine.mx\/wp-content\/uploads\/2026\/02\/1000052929.png?resize=350%2C200&ssl=1","width":350,"height":200},"classes":[]},{"id":109418,"url":"https:\/\/zeromagazine.mx\/index.php\/2025\/10\/15\/the-room-concept-store-miami\/","url_meta":{"origin":93111,"position":2},"title":"The Room Concept Store conquista Miami","author":"Luis Trujano","date":"15 de octubre de 2025","format":false,"excerpt":"En un mundo donde las tendencias cambian m\u00e1s r\u00e1pido que el clima, The Room Concept Store se ha convertido en ese espacio que no solo vende ropa, sino que crea experiencias. En el coraz\u00f3n de Downtown Miami, este hotspot de moda fusiona arte, dise\u00f1o y lifestyle de una forma tan\u2026","rel":"","context":"En \u00abModa\u00bb","block_context":{"text":"Moda","link":"https:\/\/zeromagazine.mx\/index.php\/category\/moda\/"},"img":{"alt_text":"","src":"https:\/\/i0.wp.com\/zeromagazine.mx\/wp-content\/uploads\/2025\/10\/THEROOM01-scaled.jpg?fit=1200%2C800&ssl=1&resize=350%2C200","width":350,"height":200,"srcset":"https:\/\/i0.wp.com\/zeromagazine.mx\/wp-content\/uploads\/2025\/10\/THEROOM01-scaled.jpg?fit=1200%2C800&ssl=1&resize=350%2C200 1x, https:\/\/i0.wp.com\/zeromagazine.mx\/wp-content\/uploads\/2025\/10\/THEROOM01-scaled.jpg?fit=1200%2C800&ssl=1&resize=525%2C300 1.5x, https:\/\/i0.wp.com\/zeromagazine.mx\/wp-content\/uploads\/2025\/10\/THEROOM01-scaled.jpg?fit=1200%2C800&ssl=1&resize=700%2C400 2x, https:\/\/i0.wp.com\/zeromagazine.mx\/wp-content\/uploads\/2025\/10\/THEROOM01-scaled.jpg?fit=1200%2C800&ssl=1&resize=1050%2C600 3x"},"classes":[]},{"id":114828,"url":"https:\/\/zeromagazine.mx\/index.php\/2026\/02\/05\/denim-reciclado-arte-levis-art-week\/","url_meta":{"origin":93111,"position":3},"title":"Denim reciclado florece en arte","author":"zeromagazinemx","date":"5 de febrero de 2026","format":false,"excerpt":"La moda y el arte acaban de tener uno de esos encuentros que s\u00ed merecen espacio en tu moodboard. Durante Art Week M\u00e9xico, una colaboraci\u00f3n entre Levi\u2019s\u00ae, el estudio artesanal Olmos y Flores y la galer\u00eda AGO Projects convirti\u00f3 denim reciclado en algo totalmente inesperado: un bouquet de tulipanes hecho\u2026","rel":"","context":"En \u00abDise\u00f1o\u00bb","block_context":{"text":"Dise\u00f1o","link":"https:\/\/zeromagazine.mx\/index.php\/category\/diseno\/"},"img":{"alt_text":"","src":"https:\/\/i0.wp.com\/zeromagazine.mx\/wp-content\/uploads\/2026\/02\/1000050149.png?resize=350%2C200&ssl=1","width":350,"height":200},"classes":[]},{"id":92102,"url":"https:\/\/zeromagazine.mx\/index.php\/2024\/12\/03\/boleto-de-ida-el-hit-del-momento\/","url_meta":{"origin":93111,"position":4},"title":"Boleto de Ida: El Hit del Momento","author":"zeromagazinemx","date":"3 de diciembre de 2024","format":false,"excerpt":"Zero Squad, ag\u00e1rrense porque les traigo el chismecito completo de \"Boleto de Ida\", el nuevo track de Massimo Ferrara. Este tema no es solo otra canci\u00f3n para perrear o tener de fondo en tus stories; es una mezcla de vibes urbanas con toques de reggae que te transportan directo al\u2026","rel":"","context":"En \u00abEntretenimiento\u00bb","block_context":{"text":"Entretenimiento","link":"https:\/\/zeromagazine.mx\/index.php\/category\/entretenimiento\/"},"img":{"alt_text":"","src":"https:\/\/i0.wp.com\/zeromagazine.mx\/wp-content\/uploads\/2024\/12\/Massimo-Ferrara-marzo-2024-%40cartelstudiocuba-14-scaled.jpg?fit=801%2C1200&ssl=1&resize=350%2C200","width":350,"height":200,"srcset":"https:\/\/i0.wp.com\/zeromagazine.mx\/wp-content\/uploads\/2024\/12\/Massimo-Ferrara-marzo-2024-%40cartelstudiocuba-14-scaled.jpg?fit=801%2C1200&ssl=1&resize=350%2C200 1x, https:\/\/i0.wp.com\/zeromagazine.mx\/wp-content\/uploads\/2024\/12\/Massimo-Ferrara-marzo-2024-%40cartelstudiocuba-14-scaled.jpg?fit=801%2C1200&ssl=1&resize=525%2C300 1.5x, https:\/\/i0.wp.com\/zeromagazine.mx\/wp-content\/uploads\/2024\/12\/Massimo-Ferrara-marzo-2024-%40cartelstudiocuba-14-scaled.jpg?fit=801%2C1200&ssl=1&resize=700%2C400 2x"},"classes":[]},{"id":113867,"url":"https:\/\/zeromagazine.mx\/index.php\/2026\/01\/21\/disarm-pedro-reyes-art-week\/","url_meta":{"origin":93111,"position":5},"title":"DISARM PEDRO REYES | Art Week","author":"David Morales","date":"21 de enero de 2026","format":false,"excerpt":"Cuando el arte deja de ser solo algo que miras y se convierte en algo que atraviesas, pasan cosas.\u00a0DISARM Pedro Reyes Art Week\u00a0llega por primera vez a M\u00e9xico como una experiencia que mezcla arte, sonido, memoria y acci\u00f3n colectiva. Esta muestra inaugura el\u00a0Centro de las Artes Inmersivas (CAI)\u00a0en la CDMX\u2026","rel":"","context":"En \u00abBlog\u00bb","block_context":{"text":"Blog","link":"https:\/\/zeromagazine.mx\/index.php\/category\/blog\/"},"img":{"alt_text":"","src":"https:\/\/i0.wp.com\/zeromagazine.mx\/wp-content\/uploads\/2026\/01\/flyer-1.jpeg?fit=828%2C555&ssl=1&resize=350%2C200","width":350,"height":200,"srcset":"https:\/\/i0.wp.com\/zeromagazine.mx\/wp-content\/uploads\/2026\/01\/flyer-1.jpeg?fit=828%2C555&ssl=1&resize=350%2C200 1x, https:\/\/i0.wp.com\/zeromagazine.mx\/wp-content\/uploads\/2026\/01\/flyer-1.jpeg?fit=828%2C555&ssl=1&resize=525%2C300 1.5x, https:\/\/i0.wp.com\/zeromagazine.mx\/wp-content\/uploads\/2026\/01\/flyer-1.jpeg?fit=828%2C555&ssl=1&resize=700%2C400 2x"},"classes":[]}],"jetpack_sharing_enabled":true,"builder_content":"","_links":{"self":[{"href":"https:\/\/zeromagazine.mx\/index.php\/wp-json\/wp\/v2\/posts\/93111","targetHints":{"allow":["GET"]}}],"collection":[{"href":"https:\/\/zeromagazine.mx\/index.php\/wp-json\/wp\/v2\/posts"}],"about":[{"href":"https:\/\/zeromagazine.mx\/index.php\/wp-json\/wp\/v2\/types\/post"}],"author":[{"embeddable":true,"href":"https:\/\/zeromagazine.mx\/index.php\/wp-json\/wp\/v2\/users\/2"}],"replies":[{"embeddable":true,"href":"https:\/\/zeromagazine.mx\/index.php\/wp-json\/wp\/v2\/comments?post=93111"}],"version-history":[{"count":3,"href":"https:\/\/zeromagazine.mx\/index.php\/wp-json\/wp\/v2\/posts\/93111\/revisions"}],"predecessor-version":[{"id":93116,"href":"https:\/\/zeromagazine.mx\/index.php\/wp-json\/wp\/v2\/posts\/93111\/revisions\/93116"}],"wp:featuredmedia":[{"embeddable":true,"href":"https:\/\/zeromagazine.mx\/index.php\/wp-json\/wp\/v2\/media\/93112"}],"wp:attachment":[{"href":"https:\/\/zeromagazine.mx\/index.php\/wp-json\/wp\/v2\/media?parent=93111"}],"wp:term":[{"taxonomy":"category","embeddable":true,"href":"https:\/\/zeromagazine.mx\/index.php\/wp-json\/wp\/v2\/categories?post=93111"},{"taxonomy":"post_tag","embeddable":true,"href":"https:\/\/zeromagazine.mx\/index.php\/wp-json\/wp\/v2\/tags?post=93111"}],"curies":[{"name":"wp","href":"https:\/\/api.w.org\/{rel}","templated":true}]}}