{"id":93463,"date":"2024-12-18T21:08:44","date_gmt":"2024-12-18T20:08:44","guid":{"rendered":"https:\/\/zeromagazine.mx\/?p=93463"},"modified":"2024-12-18T21:50:53","modified_gmt":"2024-12-18T20:50:53","slug":"alexander-tavizon-regresa-a-el-ninero-2","status":"publish","type":"post","link":"https:\/\/zeromagazine.mx\/index.php\/2024\/12\/18\/alexander-tavizon-regresa-a-el-ninero-2\/","title":{"rendered":"Alexander Taviz\u00f3n Regresa a El Ni\u00f1ero 2"},"content":{"rendered":"<p>Amix, esta semana les quiero contar sobre algo que me tiene muy emocionade, y es el regreso de El Ni\u00f1ero con su segunda temporada, y s\u00ed, Alexander Taviz\u00f3n sigue en ella. Desde que vi la primera temporada, supe que esta serie ven\u00eda para quedarse. La mezcla de comedia, romance y una visi\u00f3n fresca sobre las relaciones familiares realmente conecta con nuestra generaci\u00f3n. Y ahora, con esta nueva entrega, las cosas se ponen a\u00fan mejor.<\/p>\n\n\n\n<script async src=\"https:\/\/pagead2.googlesyndication.com\/pagead\/js\/adsbygoogle.js?client=ca-pub-5499304793904745\"\n     crossorigin=\"anonymous\"><\/script>\n<ins class=\"adsbygoogle\"\n     style=\"display:block; text-align:center;\"\n     data-ad-layout=\"in-article\"\n     data-ad-format=\"fluid\"\n     data-ad-client=\"ca-pub-5499304793904745\"\n     data-ad-slot=\"5994863093\"><\/ins>\n<script>\n     (adsbygoogle = window.adsbygoogle || []).push({});\n<\/script>\n\n\n\n<p><\/p>\n\n\n\n<p>Pero lo m\u00e1s chido de todo es c\u00f3mo esta historia, m\u00e1s all\u00e1 de entretener, est\u00e1 rompiendo estereotipos y haci\u00e9ndonos pensar sobre lo que realmente significa la familia hoy en d\u00eda. As\u00ed que, si no has visto El Ni\u00f1ero a\u00fan, est\u00e1s a tiempo de engancharte, y si ya eres fan, prep\u00e1rate para la segunda parte que seguro te va a dejar con m\u00e1s ganas.<\/p>\n\n\n\n<h2 class=\"wp-block-heading\">El Talento de Alexander Taviz\u00f3n<\/h2>\n\n\n\n<p>Desde hace ya un tiempo, Alexander Taviz\u00f3n nos ha estado sorprendiendo con su versatilidad y madurez en pantalla. Y lo m\u00e1s impresionante es que, con tan solo 16 a\u00f1os, ya ha dejado claro que tiene un futuro enorme en la industria. En esta segunda temporada de El Ni\u00f1ero 2, Taviz\u00f3n interpreta a Santiago, un personaje que ya conocemos, pero que en esta entrega pasa por situaciones que nos hacen reflexionar mucho sobre la importancia de la familia. Este joven actor tiene una habilidad para conectar con su p\u00fablico y hacernos sentir lo que est\u00e1 pasando en pantalla.<\/p>\n\n\n<div class=\"wp-block-image\">\n<figure class=\"aligncenter size-full\"><img data-recalc-dims=\"1\" decoding=\"async\" width=\"1165\" height=\"1456\" src=\"https:\/\/i0.wp.com\/zeromagazine.mx\/wp-content\/uploads\/2024\/12\/WhatsApp-Image-2024-12-18-at-1.48.57-PM.jpeg?resize=1165%2C1456&#038;ssl=1\" alt=\"\" class=\"wp-image-93464\" srcset=\"https:\/\/i0.wp.com\/zeromagazine.mx\/wp-content\/uploads\/2024\/12\/WhatsApp-Image-2024-12-18-at-1.48.57-PM.jpeg?w=1280&amp;ssl=1 1280w, https:\/\/i0.wp.com\/zeromagazine.mx\/wp-content\/uploads\/2024\/12\/WhatsApp-Image-2024-12-18-at-1.48.57-PM.jpeg?resize=240%2C300&amp;ssl=1 240w, https:\/\/i0.wp.com\/zeromagazine.mx\/wp-content\/uploads\/2024\/12\/WhatsApp-Image-2024-12-18-at-1.48.57-PM.jpeg?resize=819%2C1024&amp;ssl=1 819w, https:\/\/i0.wp.com\/zeromagazine.mx\/wp-content\/uploads\/2024\/12\/WhatsApp-Image-2024-12-18-at-1.48.57-PM.jpeg?resize=768%2C960&amp;ssl=1 768w, https:\/\/i0.wp.com\/zeromagazine.mx\/wp-content\/uploads\/2024\/12\/WhatsApp-Image-2024-12-18-at-1.48.57-PM.jpeg?resize=1229%2C1536&amp;ssl=1 1229w\" sizes=\"(max-width: 1165px) 100vw, 1165px\" \/><\/figure>\n<\/div>\n\n\n<p><\/p>\n\n\n\n<p><\/p>\n\n\n\n<p>No es solo que est\u00e9 haciendo su trabajo bien, sino que realmente est\u00e1 demostrando un crecimiento como actor. Para quienes no lo saben, Alexander ha sido parte de proyectos tan importantes como Mi Querida Herencia, Do\u00f1a Flor y sus dos maridos y Aqu\u00ed en la Tierra. No solo ha brillado en la televisi\u00f3n, sino tambi\u00e9n en el teatro y el cine, participando en Los Miserables y la pel\u00edcula Emma. Esto muestra lo comprometido que est\u00e1 con su carrera y c\u00f3mo constantemente se desaf\u00eda a s\u00ed mismo para ofrecernos algo nuevo.<\/p>\n\n\n<div class=\"wp-block-image\">\n<figure class=\"aligncenter size-full\"><img data-recalc-dims=\"1\" decoding=\"async\" width=\"1066\" height=\"1600\" src=\"https:\/\/i0.wp.com\/zeromagazine.mx\/wp-content\/uploads\/2024\/12\/WhatsApp-Image-2024-12-18-at-1.48.56-PM.jpeg?resize=1066%2C1600&#038;ssl=1\" alt=\"\" class=\"wp-image-93465\" srcset=\"https:\/\/i0.wp.com\/zeromagazine.mx\/wp-content\/uploads\/2024\/12\/WhatsApp-Image-2024-12-18-at-1.48.56-PM.jpeg?w=1066&amp;ssl=1 1066w, https:\/\/i0.wp.com\/zeromagazine.mx\/wp-content\/uploads\/2024\/12\/WhatsApp-Image-2024-12-18-at-1.48.56-PM.jpeg?resize=200%2C300&amp;ssl=1 200w, https:\/\/i0.wp.com\/zeromagazine.mx\/wp-content\/uploads\/2024\/12\/WhatsApp-Image-2024-12-18-at-1.48.56-PM.jpeg?resize=682%2C1024&amp;ssl=1 682w, https:\/\/i0.wp.com\/zeromagazine.mx\/wp-content\/uploads\/2024\/12\/WhatsApp-Image-2024-12-18-at-1.48.56-PM.jpeg?resize=768%2C1153&amp;ssl=1 768w, https:\/\/i0.wp.com\/zeromagazine.mx\/wp-content\/uploads\/2024\/12\/WhatsApp-Image-2024-12-18-at-1.48.56-PM.jpeg?resize=1023%2C1536&amp;ssl=1 1023w\" sizes=\"(max-width: 1066px) 100vw, 1066px\" \/><\/figure>\n<\/div>\n\n\n<p><\/p>\n\n\n\n<p><\/p>\n\n\n\n<p>Sin duda, su trabajo en El Ni\u00f1ero 2 es la prueba de que estamos ante un actor que no solo va a seguir creciendo, sino que lo har\u00e1 de manera espectacular. Verlo compartir cr\u00e9ditos con Sandra Echeverr\u00eda e Iv\u00e1n Amozurrutia es una muestra de lo que significa ser un actor que sabe lo que quiere y que no teme explorar nuevos horizontes.<\/p>\n\n\n\n<h2 class=\"wp-block-heading\"> Una Familia Moderna<\/h2>\n\n\n\n<p>Ahora bien, una de las razones por las que El Ni\u00f1ero ha sido un fen\u00f3meno es porque nos presenta una familia diferente, una familia moderna que no responde a los estereotipos tradicionales. Y esto es algo que, como personas j\u00f3venes, es clave para nosotros. En un contexto donde las din\u00e1micas familiares cambian constantemente, es importante ver c\u00f3mo los medios tambi\u00e9n se adaptan a estas nuevas realidades. La serie nos muestra c\u00f3mo un ni\u00f1ero, en este caso Santiago, se convierte en una pieza esencial dentro de una familia que, tras un divorcio, necesita reconstruir sus lazos de manera diferente.<\/p>\n\n\n\n<p>Es aqu\u00ed donde la historia se vuelve relevante, no solo porque es divertida, sino porque tambi\u00e9n nos invita a pensar sobre las formas en que las familias pueden ser. En lugar de seguir la f\u00f3rmula tradicional del padre o la madre como la figura central, El Ni\u00f1ero nos presenta una versi\u00f3n alternativa de lo que significa ser una figura paternal. Santiago, el ni\u00f1ero, rompe con la imagen del personaje com\u00fan, mostrando c\u00f3mo puede ser un pilar emocional para los ni\u00f1os a su cargo y, al mismo tiempo, una figura de apoyo para los padres en proceso de sanaci\u00f3n.<\/p>\n\n\n\n<h2 class=\"wp-block-heading\">Explorando Nuevas Realidades<\/h2>\n\n\n\n<p>Adem\u00e1s de desafiar los estereotipos, El Ni\u00f1ero tambi\u00e9n nos habla de algo que todas las familias atraviesan en alg\u00fan momento: el cambio. No se trata solo de una serie sobre padres e hijos, sino sobre c\u00f3mo las relaciones cambian y evolucionan con el tiempo, especialmente despu\u00e9s de un evento tan importante como un divorcio. La trama nos muestra lo que implica redefinir los roles familiares, sobre todo cuando los ni\u00f1os ya est\u00e1n grandes y empiezan a cuestionar su entorno.<\/p>\n\n\n\n<p>Por eso, cuando vemos a Santiago tomando un rol m\u00e1s activo en la vida de los hijos, entendemos que este tipo de v\u00ednculos pueden existir en m\u00faltiples formas. No siempre tiene que ser el modelo tradicional de padre y madre, y eso es lo que hace El Ni\u00f1ero tan especial. Nos da una visi\u00f3n de una familia que se apoya, se cuida y se reconfigura a medida que las circunstancias lo requieren. Y lo hace sin perder la esencia de lo que significa estar all\u00ed el uno para el otro, sin importar el g\u00e9nero, la figura o la estructura familiar que tengamos.<\/p>\n\n\n\n<h2 class=\"wp-block-heading\">La Importancia de los Roles Saludables<\/h2>\n\n\n\n<p>Otro aspecto que me parece s\u00faper importante resaltar es c\u00f3mo la serie toca el tema de los roles saludables dentro del hogar. A medida que las relaciones familiares se redefinen, el ni\u00f1ero no solo act\u00faa como un cuidador, sino tambi\u00e9n como alguien que contribuye emocionalmente al bienestar de todos. Nos ense\u00f1a que los roles dentro de una familia no tienen que estar marcados por estereotipos tradicionales de g\u00e9nero, sino por el respeto mutuo, la empat\u00eda y el amor incondicional.<\/p>\n\n\n\n<p>Es algo que podemos ver cada vez m\u00e1s en nuestra realidad. En la sociedad actual, nos estamos alejando de los modelos familiares tradicionales y buscando alternativas que nos permitan ser quienes somos, sin que eso implique que nuestro rol sea limitado por expectativas impuestas por otros.<\/p>\n\n\n\n<script async src=\"https:\/\/pagead2.googlesyndication.com\/pagead\/js\/adsbygoogle.js?client=ca-pub-5499304793904745\"\r\n     crossorigin=\"anonymous\"><\/script>\r\n<ins class=\"adsbygoogle\"\r\n     style=\"display:block; text-align:center;\"\r\n     data-ad-layout=\"in-article\"\r\n     data-ad-format=\"fluid\"\r\n     data-ad-client=\"ca-pub-5499304793904745\"\r\n     data-ad-slot=\"5994863093\"><\/ins>\r\n<script>\r\n     (adsbygoogle = window.adsbygoogle || []).push({});\r\n<\/script>\n\n\n\n<p><\/p>\n\n\n\n<p> De hecho, estas nuevas din\u00e1micas tambi\u00e9n nos ense\u00f1an sobre la importancia de la comunicaci\u00f3n, la paciencia y el acompa\u00f1amiento en los procesos de cambio, que en muchos casos pueden ser dolorosos, pero tambi\u00e9n liberadores.<\/p>\n\n\n\n<h2 class=\"wp-block-heading\">Un Modelo de Familia que Inspira<\/h2>\n\n\n\n<p>Para concluir, quiero invitarlos a que se tomen un tiempo para ver El Ni\u00f1ero 2 y reflexionen sobre lo que esta serie nos est\u00e1 diciendo. La representaci\u00f3n de una familia que se adapta y evoluciona es algo que, como generaci\u00f3n, necesitamos ver m\u00e1s. La serie no solo est\u00e1 rompiendo estereotipos, sino que est\u00e1 proponiendo nuevas formas de entender el concepto de familia, amor y apoyo. La vida ya es lo suficientemente complicada, y es refrescante ver c\u00f3mo las historias que consumimos reflejan esa realidad de manera tan genuina.<\/p>\n\n\n\n<p>Si algo nos deja claro El Ni\u00f1ero 2, es que la familia puede ser cualquier cosa que queramos que sea. No tiene que ser perfecta, ni tener una estructura r\u00edgida; lo importante es que est\u00e9 basada en el respeto y el amor mutuo.<\/p>\n\n\n\n<script async src=\"https:\/\/pagead2.googlesyndication.com\/pagead\/js\/adsbygoogle.js?client=ca-pub-5499304793904745\"\r\n     crossorigin=\"anonymous\"><\/script>\r\n<ins class=\"adsbygoogle\"\r\n     style=\"display:block; text-align:center;\"\r\n     data-ad-layout=\"in-article\"\r\n     data-ad-format=\"fluid\"\r\n     data-ad-client=\"ca-pub-5499304793904745\"\r\n     data-ad-slot=\"5994863093\"><\/ins>\r\n<script>\r\n     (adsbygoogle = window.adsbygoogle || []).push({});\r\n<\/script>\n\n\n\n<p><\/p>\n\n\n\n<p> As\u00ed que, no olviden romper con estereotipos, y abrirse a nuevas formas de ver las relaciones y los lazos familiares. \u00a1Nos toca redefinir el futuro!<\/p>\n\n\n\n<p>Para m\u00e1s info sobre la serie, pueden checar el tr\u00e1iler de El Ni\u00f1ero 2 en Netflix <a href=\"https:\/\/www.netflix.com\">aqu\u00ed<\/a>.<\/p>\n\n<!--themify_builder_content-->\n<div id=\"themify_builder_content-93463\" data-postid=\"93463\" class=\"themify_builder_content themify_builder_content-93463 themify_builder tf_clear\">\n    <\/div>\n<!--\/themify_builder_content-->","protected":false},"excerpt":{"rendered":"<p>Amix, esta semana les quiero contar sobre algo que me tiene muy emocionade, y es el regreso de El Ni\u00f1ero con su segunda temporada, y s\u00ed, Alexander Taviz\u00f3n sigue en ella. Desde que vi la primera temporada, supe que esta serie ven\u00eda para quedarse. La mezcla de comedia, romance y una visi\u00f3n fresca sobre las [&hellip;]<\/p>\n","protected":false},"author":2,"featured_media":93465,"comment_status":"open","ping_status":"open","sticky":false,"template":"","format":"standard","meta":{"_jetpack_memberships_contains_paid_content":false,"footnotes":"","jetpack_publicize_message":"","jetpack_publicize_feature_enabled":true,"jetpack_social_post_already_shared":true,"jetpack_social_options":{"image_generator_settings":{"template":"highway","default_image_id":0,"font":"","enabled":false},"version":2}},"categories":[117],"tags":[511,12148,12149],"class_list":["post-93463","post","type-post","status-publish","format-standard","has-post-thumbnail","hentry","category-entretenimiento","tag-actor","tag-alexander-tavizon","tag-serie-el-ninero","has-post-title","has-post-date","has-post-category","has-post-tag","has-post-comment","has-post-author",""],"yoast_head":"<!-- This site is optimized with the Yoast SEO plugin v27.4 - https:\/\/yoast.com\/product\/yoast-seo-wordpress\/ -->\n<title>Alexander Taviz\u00f3n Regresa a El Ni\u00f1ero 2 - Zero Magazine<\/title>\n<meta name=\"description\" content=\"Alexander Taviz\u00f3n regresa a El Ni\u00f1ero 2, una serie que desaf\u00eda los estereotipos familiares. Descubre m\u00e1s sobre su evoluci\u00f3n como actor.\" \/>\n<meta name=\"robots\" content=\"index, follow, max-snippet:-1, max-image-preview:large, max-video-preview:-1\" \/>\n<link rel=\"canonical\" href=\"https:\/\/zeromagazine.mx\/index.php\/2024\/12\/18\/alexander-tavizon-regresa-a-el-ninero-2\/\" \/>\n<meta property=\"og:locale\" content=\"es_ES\" \/>\n<meta property=\"og:type\" content=\"article\" \/>\n<meta property=\"og:title\" content=\"Alexander Taviz\u00f3n Regresa a El Ni\u00f1ero 2 - Zero Magazine\" \/>\n<meta property=\"og:description\" content=\"Alexander Taviz\u00f3n regresa a El Ni\u00f1ero 2, una serie que desaf\u00eda los estereotipos familiares. Descubre m\u00e1s sobre su evoluci\u00f3n como actor.\" \/>\n<meta property=\"og:url\" content=\"https:\/\/zeromagazine.mx\/index.php\/2024\/12\/18\/alexander-tavizon-regresa-a-el-ninero-2\/\" \/>\n<meta property=\"og:site_name\" content=\"Zero Magazine\" \/>\n<meta property=\"article:published_time\" content=\"2024-12-18T20:08:44+00:00\" \/>\n<meta property=\"article:modified_time\" content=\"2024-12-18T20:50:53+00:00\" \/>\n<meta property=\"og:image\" content=\"http:\/\/zeromagazine.mx\/wp-content\/uploads\/2024\/12\/WhatsApp-Image-2024-12-18-at-1.48.56-PM.jpeg\" \/>\n\t<meta property=\"og:image:width\" content=\"1066\" \/>\n\t<meta property=\"og:image:height\" content=\"1600\" \/>\n\t<meta property=\"og:image:type\" content=\"image\/jpeg\" \/>\n<meta name=\"author\" content=\"zeromagazinemx\" \/>\n<meta name=\"twitter:card\" content=\"summary_large_image\" \/>\n<meta name=\"twitter:label1\" content=\"Escrito por\" \/>\n\t<meta name=\"twitter:data1\" content=\"zeromagazinemx\" \/>\n\t<meta name=\"twitter:label2\" content=\"Tiempo de lectura\" \/>\n\t<meta name=\"twitter:data2\" content=\"6 minutos\" \/>\n<script type=\"application\/ld+json\" class=\"yoast-schema-graph\">{\"@context\":\"https:\\\/\\\/schema.org\",\"@graph\":[{\"@type\":\"Article\",\"@id\":\"https:\\\/\\\/zeromagazine.mx\\\/index.php\\\/2024\\\/12\\\/18\\\/alexander-tavizon-regresa-a-el-ninero-2\\\/#article\",\"isPartOf\":{\"@id\":\"https:\\\/\\\/zeromagazine.mx\\\/index.php\\\/2024\\\/12\\\/18\\\/alexander-tavizon-regresa-a-el-ninero-2\\\/\"},\"author\":{\"name\":\"zeromagazinemx\",\"@id\":\"https:\\\/\\\/zeromagazine.mx\\\/#\\\/schema\\\/person\\\/9aed9f33a7c39af3a348b86d723f7773\"},\"headline\":\"Alexander Taviz\u00f3n Regresa a El Ni\u00f1ero 2\",\"datePublished\":\"2024-12-18T20:08:44+00:00\",\"dateModified\":\"2024-12-18T20:50:53+00:00\",\"mainEntityOfPage\":{\"@id\":\"https:\\\/\\\/zeromagazine.mx\\\/index.php\\\/2024\\\/12\\\/18\\\/alexander-tavizon-regresa-a-el-ninero-2\\\/\"},\"wordCount\":1209,\"commentCount\":0,\"publisher\":{\"@id\":\"https:\\\/\\\/zeromagazine.mx\\\/#organization\"},\"image\":{\"@id\":\"https:\\\/\\\/zeromagazine.mx\\\/index.php\\\/2024\\\/12\\\/18\\\/alexander-tavizon-regresa-a-el-ninero-2\\\/#primaryimage\"},\"thumbnailUrl\":\"https:\\\/\\\/i0.wp.com\\\/zeromagazine.mx\\\/wp-content\\\/uploads\\\/2024\\\/12\\\/WhatsApp-Image-2024-12-18-at-1.48.56-PM.jpeg?fit=1066%2C1600&ssl=1\",\"keywords\":[\"Actor\",\"Alexander Taviz\u00f3n\",\"Serie El Ni\u00f1ero\"],\"articleSection\":[\"Entretenimiento\"],\"inLanguage\":\"es\",\"potentialAction\":[{\"@type\":\"CommentAction\",\"name\":\"Comment\",\"target\":[\"https:\\\/\\\/zeromagazine.mx\\\/index.php\\\/2024\\\/12\\\/18\\\/alexander-tavizon-regresa-a-el-ninero-2\\\/#respond\"]}]},{\"@type\":\"WebPage\",\"@id\":\"https:\\\/\\\/zeromagazine.mx\\\/index.php\\\/2024\\\/12\\\/18\\\/alexander-tavizon-regresa-a-el-ninero-2\\\/\",\"url\":\"https:\\\/\\\/zeromagazine.mx\\\/index.php\\\/2024\\\/12\\\/18\\\/alexander-tavizon-regresa-a-el-ninero-2\\\/\",\"name\":\"Alexander Taviz\u00f3n Regresa a El Ni\u00f1ero 2 - Zero Magazine\",\"isPartOf\":{\"@id\":\"https:\\\/\\\/zeromagazine.mx\\\/#website\"},\"primaryImageOfPage\":{\"@id\":\"https:\\\/\\\/zeromagazine.mx\\\/index.php\\\/2024\\\/12\\\/18\\\/alexander-tavizon-regresa-a-el-ninero-2\\\/#primaryimage\"},\"image\":{\"@id\":\"https:\\\/\\\/zeromagazine.mx\\\/index.php\\\/2024\\\/12\\\/18\\\/alexander-tavizon-regresa-a-el-ninero-2\\\/#primaryimage\"},\"thumbnailUrl\":\"https:\\\/\\\/i0.wp.com\\\/zeromagazine.mx\\\/wp-content\\\/uploads\\\/2024\\\/12\\\/WhatsApp-Image-2024-12-18-at-1.48.56-PM.jpeg?fit=1066%2C1600&ssl=1\",\"datePublished\":\"2024-12-18T20:08:44+00:00\",\"dateModified\":\"2024-12-18T20:50:53+00:00\",\"description\":\"Alexander Taviz\u00f3n regresa a El Ni\u00f1ero 2, una serie que desaf\u00eda los estereotipos familiares. Descubre m\u00e1s sobre su evoluci\u00f3n como actor.\",\"breadcrumb\":{\"@id\":\"https:\\\/\\\/zeromagazine.mx\\\/index.php\\\/2024\\\/12\\\/18\\\/alexander-tavizon-regresa-a-el-ninero-2\\\/#breadcrumb\"},\"inLanguage\":\"es\",\"potentialAction\":[{\"@type\":\"ReadAction\",\"target\":[\"https:\\\/\\\/zeromagazine.mx\\\/index.php\\\/2024\\\/12\\\/18\\\/alexander-tavizon-regresa-a-el-ninero-2\\\/\"]}]},{\"@type\":\"ImageObject\",\"inLanguage\":\"es\",\"@id\":\"https:\\\/\\\/zeromagazine.mx\\\/index.php\\\/2024\\\/12\\\/18\\\/alexander-tavizon-regresa-a-el-ninero-2\\\/#primaryimage\",\"url\":\"https:\\\/\\\/i0.wp.com\\\/zeromagazine.mx\\\/wp-content\\\/uploads\\\/2024\\\/12\\\/WhatsApp-Image-2024-12-18-at-1.48.56-PM.jpeg?fit=1066%2C1600&ssl=1\",\"contentUrl\":\"https:\\\/\\\/i0.wp.com\\\/zeromagazine.mx\\\/wp-content\\\/uploads\\\/2024\\\/12\\\/WhatsApp-Image-2024-12-18-at-1.48.56-PM.jpeg?fit=1066%2C1600&ssl=1\",\"width\":1066,\"height\":1600},{\"@type\":\"BreadcrumbList\",\"@id\":\"https:\\\/\\\/zeromagazine.mx\\\/index.php\\\/2024\\\/12\\\/18\\\/alexander-tavizon-regresa-a-el-ninero-2\\\/#breadcrumb\",\"itemListElement\":[{\"@type\":\"ListItem\",\"position\":1,\"name\":\"Portada\",\"item\":\"https:\\\/\\\/zeromagazine.mx\\\/\"},{\"@type\":\"ListItem\",\"position\":2,\"name\":\"Alexander Taviz\u00f3n Regresa a El Ni\u00f1ero 2\"}]},{\"@type\":\"WebSite\",\"@id\":\"https:\\\/\\\/zeromagazine.mx\\\/#website\",\"url\":\"https:\\\/\\\/zeromagazine.mx\\\/\",\"name\":\"Zero Magazine\",\"description\":\"\",\"publisher\":{\"@id\":\"https:\\\/\\\/zeromagazine.mx\\\/#organization\"},\"potentialAction\":[{\"@type\":\"SearchAction\",\"target\":{\"@type\":\"EntryPoint\",\"urlTemplate\":\"https:\\\/\\\/zeromagazine.mx\\\/?s={search_term_string}\"},\"query-input\":{\"@type\":\"PropertyValueSpecification\",\"valueRequired\":true,\"valueName\":\"search_term_string\"}}],\"inLanguage\":\"es\"},{\"@type\":\"Organization\",\"@id\":\"https:\\\/\\\/zeromagazine.mx\\\/#organization\",\"name\":\"Zero Magazine\",\"url\":\"https:\\\/\\\/zeromagazine.mx\\\/\",\"logo\":{\"@type\":\"ImageObject\",\"inLanguage\":\"es\",\"@id\":\"https:\\\/\\\/zeromagazine.mx\\\/#\\\/schema\\\/logo\\\/image\\\/\",\"url\":\"https:\\\/\\\/i0.wp.com\\\/zeromagazine.mx\\\/wp-content\\\/uploads\\\/2025\\\/11\\\/1.jpeg?fit=1000%2C1000&ssl=1\",\"contentUrl\":\"https:\\\/\\\/i0.wp.com\\\/zeromagazine.mx\\\/wp-content\\\/uploads\\\/2025\\\/11\\\/1.jpeg?fit=1000%2C1000&ssl=1\",\"width\":1000,\"height\":1000,\"caption\":\"Zero Magazine\"},\"image\":{\"@id\":\"https:\\\/\\\/zeromagazine.mx\\\/#\\\/schema\\\/logo\\\/image\\\/\"},\"sameAs\":[\"https:\\\/\\\/instagram.com\\\/zeromagazinemx\"]},{\"@type\":\"Person\",\"@id\":\"https:\\\/\\\/zeromagazine.mx\\\/#\\\/schema\\\/person\\\/9aed9f33a7c39af3a348b86d723f7773\",\"name\":\"zeromagazinemx\",\"image\":{\"@type\":\"ImageObject\",\"inLanguage\":\"es\",\"@id\":\"https:\\\/\\\/zeromagazine.mx\\\/wp-content\\\/litespeed\\\/avatar\\\/f91dfe5410d5dcb1a576bf8c45983896.jpg?ver=1776966396\",\"url\":\"https:\\\/\\\/zeromagazine.mx\\\/wp-content\\\/litespeed\\\/avatar\\\/f91dfe5410d5dcb1a576bf8c45983896.jpg?ver=1776966396\",\"contentUrl\":\"https:\\\/\\\/zeromagazine.mx\\\/wp-content\\\/litespeed\\\/avatar\\\/f91dfe5410d5dcb1a576bf8c45983896.jpg?ver=1776966396\",\"caption\":\"zeromagazinemx\"},\"url\":\"https:\\\/\\\/zeromagazine.mx\\\/index.php\\\/author\\\/zeromagazinemx\\\/\"}]}<\/script>\n<!-- \/ Yoast SEO plugin. -->","yoast_head_json":{"title":"Alexander Taviz\u00f3n Regresa a El Ni\u00f1ero 2 - Zero Magazine","description":"Alexander Taviz\u00f3n regresa a El Ni\u00f1ero 2, una serie que desaf\u00eda los estereotipos familiares. Descubre m\u00e1s sobre su evoluci\u00f3n como actor.","robots":{"index":"index","follow":"follow","max-snippet":"max-snippet:-1","max-image-preview":"max-image-preview:large","max-video-preview":"max-video-preview:-1"},"canonical":"https:\/\/zeromagazine.mx\/index.php\/2024\/12\/18\/alexander-tavizon-regresa-a-el-ninero-2\/","og_locale":"es_ES","og_type":"article","og_title":"Alexander Taviz\u00f3n Regresa a El Ni\u00f1ero 2 - Zero Magazine","og_description":"Alexander Taviz\u00f3n regresa a El Ni\u00f1ero 2, una serie que desaf\u00eda los estereotipos familiares. Descubre m\u00e1s sobre su evoluci\u00f3n como actor.","og_url":"https:\/\/zeromagazine.mx\/index.php\/2024\/12\/18\/alexander-tavizon-regresa-a-el-ninero-2\/","og_site_name":"Zero Magazine","article_published_time":"2024-12-18T20:08:44+00:00","article_modified_time":"2024-12-18T20:50:53+00:00","og_image":[{"width":1066,"height":1600,"url":"http:\/\/zeromagazine.mx\/wp-content\/uploads\/2024\/12\/WhatsApp-Image-2024-12-18-at-1.48.56-PM.jpeg","type":"image\/jpeg"}],"author":"zeromagazinemx","twitter_card":"summary_large_image","twitter_misc":{"Escrito por":"zeromagazinemx","Tiempo de lectura":"6 minutos"},"schema":{"@context":"https:\/\/schema.org","@graph":[{"@type":"Article","@id":"https:\/\/zeromagazine.mx\/index.php\/2024\/12\/18\/alexander-tavizon-regresa-a-el-ninero-2\/#article","isPartOf":{"@id":"https:\/\/zeromagazine.mx\/index.php\/2024\/12\/18\/alexander-tavizon-regresa-a-el-ninero-2\/"},"author":{"name":"zeromagazinemx","@id":"https:\/\/zeromagazine.mx\/#\/schema\/person\/9aed9f33a7c39af3a348b86d723f7773"},"headline":"Alexander Taviz\u00f3n Regresa a El Ni\u00f1ero 2","datePublished":"2024-12-18T20:08:44+00:00","dateModified":"2024-12-18T20:50:53+00:00","mainEntityOfPage":{"@id":"https:\/\/zeromagazine.mx\/index.php\/2024\/12\/18\/alexander-tavizon-regresa-a-el-ninero-2\/"},"wordCount":1209,"commentCount":0,"publisher":{"@id":"https:\/\/zeromagazine.mx\/#organization"},"image":{"@id":"https:\/\/zeromagazine.mx\/index.php\/2024\/12\/18\/alexander-tavizon-regresa-a-el-ninero-2\/#primaryimage"},"thumbnailUrl":"https:\/\/i0.wp.com\/zeromagazine.mx\/wp-content\/uploads\/2024\/12\/WhatsApp-Image-2024-12-18-at-1.48.56-PM.jpeg?fit=1066%2C1600&ssl=1","keywords":["Actor","Alexander Taviz\u00f3n","Serie El Ni\u00f1ero"],"articleSection":["Entretenimiento"],"inLanguage":"es","potentialAction":[{"@type":"CommentAction","name":"Comment","target":["https:\/\/zeromagazine.mx\/index.php\/2024\/12\/18\/alexander-tavizon-regresa-a-el-ninero-2\/#respond"]}]},{"@type":"WebPage","@id":"https:\/\/zeromagazine.mx\/index.php\/2024\/12\/18\/alexander-tavizon-regresa-a-el-ninero-2\/","url":"https:\/\/zeromagazine.mx\/index.php\/2024\/12\/18\/alexander-tavizon-regresa-a-el-ninero-2\/","name":"Alexander Taviz\u00f3n Regresa a El Ni\u00f1ero 2 - Zero Magazine","isPartOf":{"@id":"https:\/\/zeromagazine.mx\/#website"},"primaryImageOfPage":{"@id":"https:\/\/zeromagazine.mx\/index.php\/2024\/12\/18\/alexander-tavizon-regresa-a-el-ninero-2\/#primaryimage"},"image":{"@id":"https:\/\/zeromagazine.mx\/index.php\/2024\/12\/18\/alexander-tavizon-regresa-a-el-ninero-2\/#primaryimage"},"thumbnailUrl":"https:\/\/i0.wp.com\/zeromagazine.mx\/wp-content\/uploads\/2024\/12\/WhatsApp-Image-2024-12-18-at-1.48.56-PM.jpeg?fit=1066%2C1600&ssl=1","datePublished":"2024-12-18T20:08:44+00:00","dateModified":"2024-12-18T20:50:53+00:00","description":"Alexander Taviz\u00f3n regresa a El Ni\u00f1ero 2, una serie que desaf\u00eda los estereotipos familiares. Descubre m\u00e1s sobre su evoluci\u00f3n como actor.","breadcrumb":{"@id":"https:\/\/zeromagazine.mx\/index.php\/2024\/12\/18\/alexander-tavizon-regresa-a-el-ninero-2\/#breadcrumb"},"inLanguage":"es","potentialAction":[{"@type":"ReadAction","target":["https:\/\/zeromagazine.mx\/index.php\/2024\/12\/18\/alexander-tavizon-regresa-a-el-ninero-2\/"]}]},{"@type":"ImageObject","inLanguage":"es","@id":"https:\/\/zeromagazine.mx\/index.php\/2024\/12\/18\/alexander-tavizon-regresa-a-el-ninero-2\/#primaryimage","url":"https:\/\/i0.wp.com\/zeromagazine.mx\/wp-content\/uploads\/2024\/12\/WhatsApp-Image-2024-12-18-at-1.48.56-PM.jpeg?fit=1066%2C1600&ssl=1","contentUrl":"https:\/\/i0.wp.com\/zeromagazine.mx\/wp-content\/uploads\/2024\/12\/WhatsApp-Image-2024-12-18-at-1.48.56-PM.jpeg?fit=1066%2C1600&ssl=1","width":1066,"height":1600},{"@type":"BreadcrumbList","@id":"https:\/\/zeromagazine.mx\/index.php\/2024\/12\/18\/alexander-tavizon-regresa-a-el-ninero-2\/#breadcrumb","itemListElement":[{"@type":"ListItem","position":1,"name":"Portada","item":"https:\/\/zeromagazine.mx\/"},{"@type":"ListItem","position":2,"name":"Alexander Taviz\u00f3n Regresa a El Ni\u00f1ero 2"}]},{"@type":"WebSite","@id":"https:\/\/zeromagazine.mx\/#website","url":"https:\/\/zeromagazine.mx\/","name":"Zero Magazine","description":"","publisher":{"@id":"https:\/\/zeromagazine.mx\/#organization"},"potentialAction":[{"@type":"SearchAction","target":{"@type":"EntryPoint","urlTemplate":"https:\/\/zeromagazine.mx\/?s={search_term_string}"},"query-input":{"@type":"PropertyValueSpecification","valueRequired":true,"valueName":"search_term_string"}}],"inLanguage":"es"},{"@type":"Organization","@id":"https:\/\/zeromagazine.mx\/#organization","name":"Zero Magazine","url":"https:\/\/zeromagazine.mx\/","logo":{"@type":"ImageObject","inLanguage":"es","@id":"https:\/\/zeromagazine.mx\/#\/schema\/logo\/image\/","url":"https:\/\/i0.wp.com\/zeromagazine.mx\/wp-content\/uploads\/2025\/11\/1.jpeg?fit=1000%2C1000&ssl=1","contentUrl":"https:\/\/i0.wp.com\/zeromagazine.mx\/wp-content\/uploads\/2025\/11\/1.jpeg?fit=1000%2C1000&ssl=1","width":1000,"height":1000,"caption":"Zero Magazine"},"image":{"@id":"https:\/\/zeromagazine.mx\/#\/schema\/logo\/image\/"},"sameAs":["https:\/\/instagram.com\/zeromagazinemx"]},{"@type":"Person","@id":"https:\/\/zeromagazine.mx\/#\/schema\/person\/9aed9f33a7c39af3a348b86d723f7773","name":"zeromagazinemx","image":{"@type":"ImageObject","inLanguage":"es","@id":"https:\/\/zeromagazine.mx\/wp-content\/litespeed\/avatar\/f91dfe5410d5dcb1a576bf8c45983896.jpg?ver=1776966396","url":"https:\/\/zeromagazine.mx\/wp-content\/litespeed\/avatar\/f91dfe5410d5dcb1a576bf8c45983896.jpg?ver=1776966396","contentUrl":"https:\/\/zeromagazine.mx\/wp-content\/litespeed\/avatar\/f91dfe5410d5dcb1a576bf8c45983896.jpg?ver=1776966396","caption":"zeromagazinemx"},"url":"https:\/\/zeromagazine.mx\/index.php\/author\/zeromagazinemx\/"}]}},"jetpack_publicize_connections":[],"jetpack_featured_media_url":"https:\/\/i0.wp.com\/zeromagazine.mx\/wp-content\/uploads\/2024\/12\/WhatsApp-Image-2024-12-18-at-1.48.56-PM.jpeg?fit=1066%2C1600&ssl=1","jetpack-related-posts":[{"id":51360,"url":"https:\/\/zeromagazine.mx\/index.php\/2021\/08\/02\/cual-es-tu-personaje-favorito-de-alexander-skarsgard\/","url_meta":{"origin":93463,"position":0},"title":"\u00bfCu\u00e1l es tu personaje favorito de Alexander Skarsgard?","author":"zeromagazinemx","date":"2 de agosto de 2021","format":false,"excerpt":"Alexander Skarsgard asume uno de los papeles m\u00e1s importantes en el filme de Godzilla VS Kong, interpretando al Dr. Nathan Lind. Por Moises Kushelevich El papel de Alexander en Godzilla VS Kong ha sido su m\u00e1s reciente papel de los muchos papeles exitosos que ha interpretado como en True Blood\u2026","rel":"","context":"En \u00abCine\u00bb","block_context":{"text":"Cine","link":"https:\/\/zeromagazine.mx\/index.php\/category\/entretenimiento\/cine\/"},"img":{"alt_text":"","src":"","width":0,"height":0},"classes":[]},{"id":47391,"url":"https:\/\/zeromagazine.mx\/index.php\/2021\/06\/10\/hbo-max-presenta-el-trailer-oficial-de-la-serie-gossip-girl\/","url_meta":{"origin":93463,"position":1},"title":"HBO Max presenta el trailer oficial de la serie GOSSIP GIRL","author":"zeromagazinemx","date":"10 de junio de 2021","format":false,"excerpt":"El trailer oficial de la nueva versi\u00f3n de Gossip Girl acaba de ser lanzado por HBO Max. por Mayra Torres Gossip Girl est\u00e1 de regreso en una nueva versi\u00f3n tras ocho a\u00f1os despu\u00e9s del cierre del sitio original,\u00a0Gossip Girl regresa como la fuente principal en las escandalosas vidas de la\u2026","rel":"","context":"En \u00abEntretenimiento\u00bb","block_context":{"text":"Entretenimiento","link":"https:\/\/zeromagazine.mx\/index.php\/category\/entretenimiento\/"},"img":{"alt_text":"","src":"https:\/\/i0.wp.com\/img.youtube.com\/vi\/G6jyRUuxsRA\/0.jpg?resize=350%2C200","width":350,"height":200},"classes":[]},{"id":110928,"url":"https:\/\/zeromagazine.mx\/index.php\/2025\/11\/20\/lo-que-llega-a-netflix-mexico-en-diciembre\/","url_meta":{"origin":93463,"position":2},"title":"Lo que llega a Netflix M\u00e9xico en Diciembre","author":"David Morales","date":"20 de noviembre de 2025","format":false,"excerpt":"Lo que tienes que ver s\u00ed o s\u00ed Para empezar, diciembre trae uno de los eventos m\u00e1s grandes del a\u00f1o:\u00a0Stranger Things Temporada 5, Vol\u00famenes 2 y 3. Con Once escondida, Hawkins en cuarentena y Vecna suelto, el cierre de esta historia llega con dos fechas clave:\u00a025 y 31 de diciembre.\u2026","rel":"","context":"En \u00abEntretenimiento\u00bb","block_context":{"text":"Entretenimiento","link":"https:\/\/zeromagazine.mx\/index.php\/category\/entretenimiento\/"},"img":{"alt_text":"","src":"https:\/\/i0.wp.com\/zeromagazine.mx\/wp-content\/uploads\/2025\/11\/Emily-en-Paris-Temporada-5-scaled.jpeg?fit=1200%2C802&ssl=1&resize=350%2C200","width":350,"height":200,"srcset":"https:\/\/i0.wp.com\/zeromagazine.mx\/wp-content\/uploads\/2025\/11\/Emily-en-Paris-Temporada-5-scaled.jpeg?fit=1200%2C802&ssl=1&resize=350%2C200 1x, https:\/\/i0.wp.com\/zeromagazine.mx\/wp-content\/uploads\/2025\/11\/Emily-en-Paris-Temporada-5-scaled.jpeg?fit=1200%2C802&ssl=1&resize=525%2C300 1.5x, https:\/\/i0.wp.com\/zeromagazine.mx\/wp-content\/uploads\/2025\/11\/Emily-en-Paris-Temporada-5-scaled.jpeg?fit=1200%2C802&ssl=1&resize=700%2C400 2x, https:\/\/i0.wp.com\/zeromagazine.mx\/wp-content\/uploads\/2025\/11\/Emily-en-Paris-Temporada-5-scaled.jpeg?fit=1200%2C802&ssl=1&resize=1050%2C600 3x"},"classes":[]},{"id":54866,"url":"https:\/\/zeromagazine.mx\/index.php\/2021\/09\/18\/hbo-max-anuncia-la-renovacion-de-gossip-girl\/","url_meta":{"origin":93463,"position":3},"title":"HBO Max anuncia la renovaci\u00f3n de Gossip Girl","author":"zeromagazinemx","date":"18 de septiembre de 2021","format":false,"excerpt":"HBO Max anunci\u00f3 la renovaci\u00f3n de Gosip Gril para una segunda temporada. Los seis primeros episodios de la serie ya est\u00e1n disponibles en la plataforma. https:\/\/www.instagram.com\/p\/CTm3lTpgoTT\/?utm_medium=copy_link Por Moises Kushelevich Desarrollada por Safran, guionista y productor ejecutivo de la serie original, esta extensi\u00f3n del cl\u00e1sico de la cultura pop nos lleva\u2026","rel":"","context":"En \u00abBlog\u00bb","block_context":{"text":"Blog","link":"https:\/\/zeromagazine.mx\/index.php\/category\/blog\/"},"img":{"alt_text":"","src":"","width":0,"height":0},"classes":[]},{"id":91272,"url":"https:\/\/zeromagazine.mx\/index.php\/2024\/11\/21\/lo-que-netflix-trae-en-diciembre\/","url_meta":{"origin":93463,"position":4},"title":"Lo que Netflix Trae en Diciembre","author":"zeromagazinemx","date":"21 de noviembre de 2024","format":false,"excerpt":"Amigxs, diciembre ya lleg\u00f3 con toda su magia, caos y vibes cozy. Es el mes perfecto para armar maratones, pijama todo el d\u00eda y litros de chocolate caliente mientras el fr\u00edo nos envuelve. As\u00ed que si eres de lxs m\u00edxs, que prefieren quedarse en casa en modo burrito de cobija,\u2026","rel":"","context":"En \u00abEntretenimiento\u00bb","block_context":{"text":"Entretenimiento","link":"https:\/\/zeromagazine.mx\/index.php\/category\/entretenimiento\/"},"img":{"alt_text":"","src":"https:\/\/i0.wp.com\/zeromagazine.mx\/wp-content\/uploads\/2024\/11\/El-juego-del-calamar_-Temporada-2-1-scaled.jpg?fit=1200%2C800&ssl=1&resize=350%2C200","width":350,"height":200,"srcset":"https:\/\/i0.wp.com\/zeromagazine.mx\/wp-content\/uploads\/2024\/11\/El-juego-del-calamar_-Temporada-2-1-scaled.jpg?fit=1200%2C800&ssl=1&resize=350%2C200 1x, https:\/\/i0.wp.com\/zeromagazine.mx\/wp-content\/uploads\/2024\/11\/El-juego-del-calamar_-Temporada-2-1-scaled.jpg?fit=1200%2C800&ssl=1&resize=525%2C300 1.5x, https:\/\/i0.wp.com\/zeromagazine.mx\/wp-content\/uploads\/2024\/11\/El-juego-del-calamar_-Temporada-2-1-scaled.jpg?fit=1200%2C800&ssl=1&resize=700%2C400 2x, https:\/\/i0.wp.com\/zeromagazine.mx\/wp-content\/uploads\/2024\/11\/El-juego-del-calamar_-Temporada-2-1-scaled.jpg?fit=1200%2C800&ssl=1&resize=1050%2C600 3x"},"classes":[]},{"id":71779,"url":"https:\/\/zeromagazine.mx\/index.php\/2024\/03\/11\/la-segunda-temporada-de-pretty-little-liars-escuela-de-verano-revela-su-nuevo-elenco-de-estrellas-invitadas\/","url_meta":{"origin":93463,"position":5},"title":"La segunda temporada de \u00abPretty Little Liars: Escuela de Verano\u00bb revela su nuevo elenco de estrellas invitadas","author":"zeromagazinemx","date":"11 de marzo de 2024","format":false,"excerpt":"Les traigo las \u00faltimas novedades sobre nuestra serie consentida: Pretty Little Liars: Escuela de Verano. \u00bfListos para conocer qu\u00e9 se trae entre manos esta segunda temporada? Prep\u00e1rense porque el drama est\u00e1 a punto de subir de nivel. Para empezar, vamos a hablar del nuevo elenco que se suma a la\u2026","rel":"","context":"En \u00abEntretenimiento\u00bb","block_context":{"text":"Entretenimiento","link":"https:\/\/zeromagazine.mx\/index.php\/category\/entretenimiento\/"},"img":{"alt_text":"","src":"https:\/\/i0.wp.com\/zeromagazine.mx\/wp-content\/uploads\/2024\/03\/Antonio-Cipriano-1-scaled.jpg?resize=350%2C200&ssl=1","width":350,"height":200,"srcset":"https:\/\/i0.wp.com\/zeromagazine.mx\/wp-content\/uploads\/2024\/03\/Antonio-Cipriano-1-scaled.jpg?resize=350%2C200&ssl=1 1x, https:\/\/i0.wp.com\/zeromagazine.mx\/wp-content\/uploads\/2024\/03\/Antonio-Cipriano-1-scaled.jpg?resize=525%2C300&ssl=1 1.5x, https:\/\/i0.wp.com\/zeromagazine.mx\/wp-content\/uploads\/2024\/03\/Antonio-Cipriano-1-scaled.jpg?resize=700%2C400&ssl=1 2x, https:\/\/i0.wp.com\/zeromagazine.mx\/wp-content\/uploads\/2024\/03\/Antonio-Cipriano-1-scaled.jpg?resize=1050%2C600&ssl=1 3x, https:\/\/i0.wp.com\/zeromagazine.mx\/wp-content\/uploads\/2024\/03\/Antonio-Cipriano-1-scaled.jpg?resize=1400%2C800&ssl=1 4x"},"classes":[]}],"jetpack_sharing_enabled":true,"builder_content":"","_links":{"self":[{"href":"https:\/\/zeromagazine.mx\/index.php\/wp-json\/wp\/v2\/posts\/93463","targetHints":{"allow":["GET"]}}],"collection":[{"href":"https:\/\/zeromagazine.mx\/index.php\/wp-json\/wp\/v2\/posts"}],"about":[{"href":"https:\/\/zeromagazine.mx\/index.php\/wp-json\/wp\/v2\/types\/post"}],"author":[{"embeddable":true,"href":"https:\/\/zeromagazine.mx\/index.php\/wp-json\/wp\/v2\/users\/2"}],"replies":[{"embeddable":true,"href":"https:\/\/zeromagazine.mx\/index.php\/wp-json\/wp\/v2\/comments?post=93463"}],"version-history":[{"count":9,"href":"https:\/\/zeromagazine.mx\/index.php\/wp-json\/wp\/v2\/posts\/93463\/revisions"}],"predecessor-version":[{"id":93480,"href":"https:\/\/zeromagazine.mx\/index.php\/wp-json\/wp\/v2\/posts\/93463\/revisions\/93480"}],"wp:featuredmedia":[{"embeddable":true,"href":"https:\/\/zeromagazine.mx\/index.php\/wp-json\/wp\/v2\/media\/93465"}],"wp:attachment":[{"href":"https:\/\/zeromagazine.mx\/index.php\/wp-json\/wp\/v2\/media?parent=93463"}],"wp:term":[{"taxonomy":"category","embeddable":true,"href":"https:\/\/zeromagazine.mx\/index.php\/wp-json\/wp\/v2\/categories?post=93463"},{"taxonomy":"post_tag","embeddable":true,"href":"https:\/\/zeromagazine.mx\/index.php\/wp-json\/wp\/v2\/tags?post=93463"}],"curies":[{"name":"wp","href":"https:\/\/api.w.org\/{rel}","templated":true}]}}