{"id":93476,"date":"2024-12-18T22:01:24","date_gmt":"2024-12-18T21:01:24","guid":{"rendered":"https:\/\/zeromagazine.mx\/?p=93476"},"modified":"2024-12-18T23:29:10","modified_gmt":"2024-12-18T22:29:10","slug":"el-pelon-en-sus-tiempos-de-colera-recargado","status":"publish","type":"post","link":"https:\/\/zeromagazine.mx\/index.php\/2024\/12\/18\/el-pelon-en-sus-tiempos-de-colera-recargado\/","title":{"rendered":"El Pel\u00f3n en sus Tiempos de C\u00f3lera Recargado"},"content":{"rendered":"<p>\u00a1Holaaa amix! Lleg\u00f3 diciembre y con \u00e9l las fiestas m\u00e1s esperadas del a\u00f1o, y con ellas, toda la vibra navide\u00f1a que podemos encontrar en la Ciudad de M\u00e9xico (CDMX). Pero, si eres de las personas que, como yo, no vive el rollo del arbolito y los intercambios pero igual disfruta del desmadre de las fechas decembrinas, entonces vengo a traerte un plan buen\u00edsimo que no puedes dejar pasar.<\/p>\n\n\n\n<p>\u00bfQui\u00e9n dice que las fiestas tienen que ser todo sobre cenas aburridas y telenovelas navide\u00f1as? Si t\u00fa eres de los que prefiere algo m\u00e1s chill, pero igualmente \u00e9pico, H\u00e9ctor Su\u00e1rez Gom\u00eds trae a la ciudad su stand-up \u00abEl Pel\u00f3n en sus Tiempos de C\u00f3lera Recargado\u00bb. Lo s\u00e9, est\u00e1 de lujo. Un show donde podr\u00e1s desestresarte, reflexionar y re\u00edrte a carcajadas, todo con el toque \u00e1cido e ir\u00f3nico que ha conquistado a todos los que lo han visto. Y lo mejor de todo es que en estas fechas, las funciones son completamente navide\u00f1as.<\/p>\n\n\n\n<h2 class=\"wp-block-heading\">El Regreso del Pel\u00f3n<\/h2>\n\n\n\n<p>Primero que nada, tengo que confesarte que H\u00e9ctor Su\u00e1rez Gom\u00eds tiene algo muy especial. Muchos lo conocemos por su trayectoria como actor, pero cuando se sube al escenario para contarnos sus historias, nos transforma por completo. Y justo por eso \u00abEl Pel\u00f3n en sus Tiempos de C\u00f3lera Recargado\u00bb no es solo un stand-up cualquiera. No, amiguis, estamos hablando de un mon\u00f3logo que toca todo desde las din\u00e1micas familiares hasta nuestras actitudes como sociedad. Este marat\u00f3n navide\u00f1o se vuelve una forma de ver las festividades desde otra perspectiva, desde un humor afilado, de esos que no te dejan indiferente.<\/p>\n\n\n<div class=\"wp-block-image\">\n<figure class=\"aligncenter size-full\"><img data-recalc-dims=\"1\" decoding=\"async\" width=\"900\" height=\"1600\" src=\"https:\/\/i0.wp.com\/zeromagazine.mx\/wp-content\/uploads\/2024\/12\/WhatsApp-Image-2024-12-18-at-12.59.48-PM.jpeg?resize=900%2C1600&#038;ssl=1\" alt=\"\" class=\"wp-image-93477\" srcset=\"https:\/\/i0.wp.com\/zeromagazine.mx\/wp-content\/uploads\/2024\/12\/WhatsApp-Image-2024-12-18-at-12.59.48-PM.jpeg?w=900&amp;ssl=1 900w, https:\/\/i0.wp.com\/zeromagazine.mx\/wp-content\/uploads\/2024\/12\/WhatsApp-Image-2024-12-18-at-12.59.48-PM.jpeg?resize=169%2C300&amp;ssl=1 169w, https:\/\/i0.wp.com\/zeromagazine.mx\/wp-content\/uploads\/2024\/12\/WhatsApp-Image-2024-12-18-at-12.59.48-PM.jpeg?resize=576%2C1024&amp;ssl=1 576w, https:\/\/i0.wp.com\/zeromagazine.mx\/wp-content\/uploads\/2024\/12\/WhatsApp-Image-2024-12-18-at-12.59.48-PM.jpeg?resize=768%2C1365&amp;ssl=1 768w, https:\/\/i0.wp.com\/zeromagazine.mx\/wp-content\/uploads\/2024\/12\/WhatsApp-Image-2024-12-18-at-12.59.48-PM.jpeg?resize=864%2C1536&amp;ssl=1 864w\" sizes=\"(max-width: 900px) 100vw, 900px\" \/><\/figure>\n<\/div>\n\n\n<p><\/p>\n\n\n\n<p><\/p>\n\n\n\n<p>Ahora bien, si vas a pasar las fiestas en la CDMX, te conviene saber que las funciones son especiales porque est\u00e1n pensadas para quienes no necesariamente desean vivir una navidad llena de melod\u00edas dulzonas y momentos \u00abfamiliares\u00bb. En lugar de eso, \u00abEl Pel\u00f3n en sus Tiempos de C\u00f3lera Recargado\u00bb te invita a mirar los d\u00edas festivos como una ocasi\u00f3n para re\u00edrte de todo lo que nos rodea, incluso de nosotros mismos. Esta idea de volver la Navidad \u00abirreverente\u00bb pero tambi\u00e9n reflexiva se convierte en uno de los mayores atractivos del show, justo porque al final de todo siempre hay una cr\u00edtica a la sociedad que no puedes dejar de pensar.<\/p>\n\n\n\n<h2 class=\"wp-block-heading\">Risas, Reflexi\u00f3n y una Nueva perspectiva<\/h2>\n\n\n\n<p>Continuemos con la parte que hace a\u00fan m\u00e1s irresistible la experiencia: el precio. Si el acceso a eventos culturales siempre se nos complica por el presupuesto (especialmente cuando tienes que hacerle frente a tantas tentaciones navide\u00f1as), este espect\u00e1culo tiene precios muy accesibles que van desde 299 pesos, lo cual est\u00e1 muy bien para lo que te lleva a vivir. O sea, por lo que gastas en unas ch\u00e9ves bien heladas o en una cena con tu familia puedes tener una noche llena de risas y hasta de reflexi\u00f3n con gente que tiene mucho que decir.<\/p>\n\n\n\n<p>Adem\u00e1s, si bien es cierto que muchos se agobian por las festividades, \u00abEl Pel\u00f3n en sus Tiempos de C\u00f3lera Recargado\u00bb es una oportunidad de escapar un ratito de todo ese rollo. Al ir al teatro no solo puedes tener la posibilidad de descansar un par de horas, tambi\u00e9n es como una reinvenci\u00f3n de lo que representan las fechas para muchos: esa t\u00edpica cosificaci\u00f3n de las familias y las \u201cobligaciones sociales\u201d. Y no, no estoy diciendo que las fiestas navide\u00f1as sean malas, simplemente que no siempre tienen por qu\u00e9 ser tradicionales.<\/p>\n\n\n\n<p>De hecho, lo que ofrece H\u00e9ctor Su\u00e1rez Gom\u00eds con su stand-up en estas fechas es el contraste perfecto. Mientas todos andan enfocados en los planes navide\u00f1os (con la presi\u00f3n de que deben ser perfectos), el show es una bocanada de aire fresco. Se habla de la vida misma, con comedia (pero tambi\u00e9n con mucho coraz\u00f3n) que nos hace pensar en cosas serias pero sin caer en el drama. Aqu\u00ed hay algo para todos, porque no importa tu edad o tu opini\u00f3n sobre la Navidad, te la vas a pasar bien.<\/p>\n\n\n\n<h2 class=\"wp-block-heading\">\u00bfPor qu\u00e9 es el Plan Perfecto?<\/h2>\n\n\n\n<p>Las fechas clave para asistir al stand-up est\u00e1n divididas entre el 21 de diciembre y el 4 de enero, as\u00ed que, si est\u00e1s buscando una alternativa a las reuniones familiares o simplemente no quieres seguir la misma rutina de siempre, el marat\u00f3n navide\u00f1o de \u201cEl Pel\u00f3n en sus Tiempos de C\u00f3lera Recargado\u201d es el lugar perfecto para liberarte de la presi\u00f3n y divertirte sin complicaciones.<\/p>\n\n\n\n<p>Adem\u00e1s, es importante recalcar que las funciones son cinco, para que te acomodes a cualquiera de ellas y logres sacar ese plan cool para las tardes previas o posteriores a la Navidad. Puedes ir con tus compas a re\u00edrse, o incluso con la familia.<\/p>\n\n\n\n<script async src=\"https:\/\/pagead2.googlesyndication.com\/pagead\/js\/adsbygoogle.js?client=ca-pub-5499304793904745\"\n     crossorigin=\"anonymous\"><\/script>\n<ins class=\"adsbygoogle\"\n     style=\"display:block; text-align:center;\"\n     data-ad-layout=\"in-article\"\n     data-ad-format=\"fluid\"\n     data-ad-client=\"ca-pub-5499304793904745\"\n     data-ad-slot=\"5994863093\"><\/ins>\n<script>\n     (adsbygoogle = window.adsbygoogle || []).push({});\n<\/script>\n\n\n\n<p><\/p>\n\n\n\n<p>Tambi\u00e9n quiero destacar la importancia de la risa para cerrar ciclos. Creo que todos necesitamos una peque\u00f1a dosis de comedia para limpiar la mente y el alma al final del a\u00f1o. A veces la vida no es color de rosa y la mejor forma de lidiar con las emociones que surgen es permitirte un rato de locura, sin el estr\u00e9s que genera pensar demasiado. Qu\u00e9 mejor manera de reflexionar sobre el a\u00f1o que a trav\u00e9s de las ocurrencias de H\u00e9ctor.<\/p>\n\n\n\n<h2 class=\"wp-block-heading\">Vive la Magia con el Pel\u00f3n<\/h2>\n\n\n\n<p>Claro, que al final del d\u00eda, la elecci\u00f3n de los planes durante las fiestas depende de lo que cada uno quiera hacer. Y si para ti la navidad no significa lo que representa para otros, no tienes por qu\u00e9 amargarte ni quedarte fuera de onda. Hay cientos de formas de disfrutar del cierre de a\u00f1o, y una de esas es con un buen show de stand-up como el que nos propone Su\u00e1rez Gom\u00eds.<\/p>\n\n\n<div class=\"wp-block-image\">\n<figure class=\"aligncenter size-full\"><img data-recalc-dims=\"1\" decoding=\"async\" width=\"740\" height=\"1600\" src=\"https:\/\/i0.wp.com\/zeromagazine.mx\/wp-content\/uploads\/2024\/12\/WhatsApp-Image-2024-12-18-at-12.59.49-PM.jpeg?resize=740%2C1600&#038;ssl=1\" alt=\"\" class=\"wp-image-93487\" srcset=\"https:\/\/i0.wp.com\/zeromagazine.mx\/wp-content\/uploads\/2024\/12\/WhatsApp-Image-2024-12-18-at-12.59.49-PM.jpeg?w=740&amp;ssl=1 740w, https:\/\/i0.wp.com\/zeromagazine.mx\/wp-content\/uploads\/2024\/12\/WhatsApp-Image-2024-12-18-at-12.59.49-PM.jpeg?resize=139%2C300&amp;ssl=1 139w, https:\/\/i0.wp.com\/zeromagazine.mx\/wp-content\/uploads\/2024\/12\/WhatsApp-Image-2024-12-18-at-12.59.49-PM.jpeg?resize=474%2C1024&amp;ssl=1 474w, https:\/\/i0.wp.com\/zeromagazine.mx\/wp-content\/uploads\/2024\/12\/WhatsApp-Image-2024-12-18-at-12.59.49-PM.jpeg?resize=710%2C1536&amp;ssl=1 710w\" sizes=\"(max-width: 740px) 100vw, 740px\" \/><\/figure>\n<\/div>\n\n\n<p><\/p>\n\n\n\n<p><\/p>\n\n\n\n<p>Las risas te esperan, amix. Si a\u00fan no tienes plan para estos d\u00edas de diciembre, \u00a1haz de \u00abEl Pel\u00f3n en sus Tiempos de C\u00f3lera Recargado\u00bb un momento para recordar!<\/p>\n\n\n\n<p>As\u00ed que ya sabes, amix, este marat\u00f3n navide\u00f1o tiene todo lo que necesitas para que estas fechas se conviertan en un plan inolvidable. Si vives en la CDMX o te encuentras por aqu\u00ed, \u00bfQu\u00e9 mejor plan que este?<\/p>\n\n\n\n<script async src=\"https:\/\/pagead2.googlesyndication.com\/pagead\/js\/adsbygoogle.js?client=ca-pub-5499304793904745\"\r\n     crossorigin=\"anonymous\"><\/script>\r\n<ins class=\"adsbygoogle\"\r\n     style=\"display:block; text-align:center;\"\r\n     data-ad-layout=\"in-article\"\r\n     data-ad-format=\"fluid\"\r\n     data-ad-client=\"ca-pub-5499304793904745\"\r\n     data-ad-slot=\"5994863093\"><\/ins>\r\n<script>\r\n     (adsbygoogle = window.adsbygoogle || []).push({});\r\n<\/script>\n\n\n\n<p><\/p>\n\n\n\n<p>Asegura tu lugar y comienza el 2025 con carcajadas de esas que no se olvidan.<\/p>\n\n\n\n<p>M\u00e1s info y boletos aqu\u00ed: <a href=\"https:\/\/ticketpoint.mx\/evento\/ntv-el-pelon\/\">Teatro Virginia F\u00e1bregas<\/a><\/p>\n\n<!--themify_builder_content-->\n<div id=\"themify_builder_content-93476\" data-postid=\"93476\" class=\"themify_builder_content themify_builder_content-93476 themify_builder tf_clear\">\n    <\/div>\n<!--\/themify_builder_content-->","protected":false},"excerpt":{"rendered":"<p>\u00a1Holaaa amix! Lleg\u00f3 diciembre y con \u00e9l las fiestas m\u00e1s esperadas del a\u00f1o, y con ellas, toda la vibra navide\u00f1a que podemos encontrar en la Ciudad de M\u00e9xico (CDMX). Pero, si eres de las personas que, como yo, no vive el rollo del arbolito y los intercambios pero igual disfruta del desmadre de las fechas [&hellip;]<\/p>\n","protected":false},"author":2,"featured_media":93524,"comment_status":"open","ping_status":"open","sticky":false,"template":"","format":"standard","meta":{"_jetpack_memberships_contains_paid_content":false,"footnotes":"","jetpack_publicize_message":"","jetpack_publicize_feature_enabled":true,"jetpack_social_post_already_shared":true,"jetpack_social_options":{"image_generator_settings":{"template":"highway","default_image_id":0,"font":"","enabled":false},"version":2}},"categories":[791],"tags":[12151,12150],"class_list":["post-93476","post","type-post","status-publish","format-standard","has-post-thumbnail","hentry","category-cultura","tag-el-pelon","tag-stand-up-2","has-post-title","has-post-date","has-post-category","has-post-tag","has-post-comment","has-post-author",""],"yoast_head":"<!-- This site is optimized with the Yoast SEO plugin v27.4 - https:\/\/yoast.com\/product\/yoast-seo-wordpress\/ -->\n<title>El Pel\u00f3n en sus Tiempos de C\u00f3lera Recargado - Zero Magazine<\/title>\n<meta name=\"description\" content=\"Vive estas fiestas con risas, reflexi\u00f3n y el show de H\u00e9ctor Su\u00e1rez Gom\u00eds: El Pel\u00f3n en sus Tiempos de C\u00f3lera Recargado. \u00a1No te lo pierdas!\" \/>\n<meta name=\"robots\" content=\"index, follow, max-snippet:-1, max-image-preview:large, max-video-preview:-1\" \/>\n<link rel=\"canonical\" href=\"https:\/\/zeromagazine.mx\/index.php\/2024\/12\/18\/el-pelon-en-sus-tiempos-de-colera-recargado\/\" \/>\n<meta property=\"og:locale\" content=\"es_ES\" \/>\n<meta property=\"og:type\" content=\"article\" \/>\n<meta property=\"og:title\" content=\"El Pel\u00f3n en sus Tiempos de C\u00f3lera Recargado - Zero Magazine\" \/>\n<meta property=\"og:description\" content=\"Vive estas fiestas con risas, reflexi\u00f3n y el show de H\u00e9ctor Su\u00e1rez Gom\u00eds: El Pel\u00f3n en sus Tiempos de C\u00f3lera Recargado. \u00a1No te lo pierdas!\" \/>\n<meta property=\"og:url\" content=\"https:\/\/zeromagazine.mx\/index.php\/2024\/12\/18\/el-pelon-en-sus-tiempos-de-colera-recargado\/\" \/>\n<meta property=\"og:site_name\" content=\"Zero Magazine\" \/>\n<meta property=\"article:published_time\" content=\"2024-12-18T21:01:24+00:00\" \/>\n<meta property=\"article:modified_time\" content=\"2024-12-18T22:29:10+00:00\" \/>\n<meta property=\"og:image\" content=\"http:\/\/zeromagazine.mx\/wp-content\/uploads\/2024\/12\/PHOTO-2024-12-18-12-59-14.jpeg\" \/>\n\t<meta property=\"og:image:width\" content=\"740\" \/>\n\t<meta property=\"og:image:height\" content=\"656\" \/>\n\t<meta property=\"og:image:type\" content=\"image\/jpeg\" \/>\n<meta name=\"author\" content=\"zeromagazinemx\" \/>\n<meta name=\"twitter:card\" content=\"summary_large_image\" \/>\n<meta name=\"twitter:label1\" content=\"Escrito por\" \/>\n\t<meta name=\"twitter:data1\" content=\"zeromagazinemx\" \/>\n\t<meta name=\"twitter:label2\" content=\"Tiempo de lectura\" \/>\n\t<meta name=\"twitter:data2\" content=\"6 minutos\" \/>\n<script type=\"application\/ld+json\" class=\"yoast-schema-graph\">{\"@context\":\"https:\\\/\\\/schema.org\",\"@graph\":[{\"@type\":\"Article\",\"@id\":\"https:\\\/\\\/zeromagazine.mx\\\/index.php\\\/2024\\\/12\\\/18\\\/el-pelon-en-sus-tiempos-de-colera-recargado\\\/#article\",\"isPartOf\":{\"@id\":\"https:\\\/\\\/zeromagazine.mx\\\/index.php\\\/2024\\\/12\\\/18\\\/el-pelon-en-sus-tiempos-de-colera-recargado\\\/\"},\"author\":{\"name\":\"zeromagazinemx\",\"@id\":\"https:\\\/\\\/zeromagazine.mx\\\/#\\\/schema\\\/person\\\/9aed9f33a7c39af3a348b86d723f7773\"},\"headline\":\"El Pel\u00f3n en sus Tiempos de C\u00f3lera Recargado\",\"datePublished\":\"2024-12-18T21:01:24+00:00\",\"dateModified\":\"2024-12-18T22:29:10+00:00\",\"mainEntityOfPage\":{\"@id\":\"https:\\\/\\\/zeromagazine.mx\\\/index.php\\\/2024\\\/12\\\/18\\\/el-pelon-en-sus-tiempos-de-colera-recargado\\\/\"},\"wordCount\":1112,\"commentCount\":0,\"publisher\":{\"@id\":\"https:\\\/\\\/zeromagazine.mx\\\/#organization\"},\"image\":{\"@id\":\"https:\\\/\\\/zeromagazine.mx\\\/index.php\\\/2024\\\/12\\\/18\\\/el-pelon-en-sus-tiempos-de-colera-recargado\\\/#primaryimage\"},\"thumbnailUrl\":\"https:\\\/\\\/i0.wp.com\\\/zeromagazine.mx\\\/wp-content\\\/uploads\\\/2024\\\/12\\\/PHOTO-2024-12-18-12-59-14.jpeg?fit=740%2C656&ssl=1\",\"keywords\":[\"El Pel\u00f3n\",\"stand-up\"],\"articleSection\":[\"Cultura\"],\"inLanguage\":\"es\",\"potentialAction\":[{\"@type\":\"CommentAction\",\"name\":\"Comment\",\"target\":[\"https:\\\/\\\/zeromagazine.mx\\\/index.php\\\/2024\\\/12\\\/18\\\/el-pelon-en-sus-tiempos-de-colera-recargado\\\/#respond\"]}]},{\"@type\":\"WebPage\",\"@id\":\"https:\\\/\\\/zeromagazine.mx\\\/index.php\\\/2024\\\/12\\\/18\\\/el-pelon-en-sus-tiempos-de-colera-recargado\\\/\",\"url\":\"https:\\\/\\\/zeromagazine.mx\\\/index.php\\\/2024\\\/12\\\/18\\\/el-pelon-en-sus-tiempos-de-colera-recargado\\\/\",\"name\":\"El Pel\u00f3n en sus Tiempos de C\u00f3lera Recargado - Zero Magazine\",\"isPartOf\":{\"@id\":\"https:\\\/\\\/zeromagazine.mx\\\/#website\"},\"primaryImageOfPage\":{\"@id\":\"https:\\\/\\\/zeromagazine.mx\\\/index.php\\\/2024\\\/12\\\/18\\\/el-pelon-en-sus-tiempos-de-colera-recargado\\\/#primaryimage\"},\"image\":{\"@id\":\"https:\\\/\\\/zeromagazine.mx\\\/index.php\\\/2024\\\/12\\\/18\\\/el-pelon-en-sus-tiempos-de-colera-recargado\\\/#primaryimage\"},\"thumbnailUrl\":\"https:\\\/\\\/i0.wp.com\\\/zeromagazine.mx\\\/wp-content\\\/uploads\\\/2024\\\/12\\\/PHOTO-2024-12-18-12-59-14.jpeg?fit=740%2C656&ssl=1\",\"datePublished\":\"2024-12-18T21:01:24+00:00\",\"dateModified\":\"2024-12-18T22:29:10+00:00\",\"description\":\"Vive estas fiestas con risas, reflexi\u00f3n y el show de H\u00e9ctor Su\u00e1rez Gom\u00eds: El Pel\u00f3n en sus Tiempos de C\u00f3lera Recargado. \u00a1No te lo pierdas!\",\"breadcrumb\":{\"@id\":\"https:\\\/\\\/zeromagazine.mx\\\/index.php\\\/2024\\\/12\\\/18\\\/el-pelon-en-sus-tiempos-de-colera-recargado\\\/#breadcrumb\"},\"inLanguage\":\"es\",\"potentialAction\":[{\"@type\":\"ReadAction\",\"target\":[\"https:\\\/\\\/zeromagazine.mx\\\/index.php\\\/2024\\\/12\\\/18\\\/el-pelon-en-sus-tiempos-de-colera-recargado\\\/\"]}]},{\"@type\":\"ImageObject\",\"inLanguage\":\"es\",\"@id\":\"https:\\\/\\\/zeromagazine.mx\\\/index.php\\\/2024\\\/12\\\/18\\\/el-pelon-en-sus-tiempos-de-colera-recargado\\\/#primaryimage\",\"url\":\"https:\\\/\\\/i0.wp.com\\\/zeromagazine.mx\\\/wp-content\\\/uploads\\\/2024\\\/12\\\/PHOTO-2024-12-18-12-59-14.jpeg?fit=740%2C656&ssl=1\",\"contentUrl\":\"https:\\\/\\\/i0.wp.com\\\/zeromagazine.mx\\\/wp-content\\\/uploads\\\/2024\\\/12\\\/PHOTO-2024-12-18-12-59-14.jpeg?fit=740%2C656&ssl=1\",\"width\":740,\"height\":656},{\"@type\":\"BreadcrumbList\",\"@id\":\"https:\\\/\\\/zeromagazine.mx\\\/index.php\\\/2024\\\/12\\\/18\\\/el-pelon-en-sus-tiempos-de-colera-recargado\\\/#breadcrumb\",\"itemListElement\":[{\"@type\":\"ListItem\",\"position\":1,\"name\":\"Portada\",\"item\":\"https:\\\/\\\/zeromagazine.mx\\\/\"},{\"@type\":\"ListItem\",\"position\":2,\"name\":\"El Pel\u00f3n en sus Tiempos de C\u00f3lera Recargado\"}]},{\"@type\":\"WebSite\",\"@id\":\"https:\\\/\\\/zeromagazine.mx\\\/#website\",\"url\":\"https:\\\/\\\/zeromagazine.mx\\\/\",\"name\":\"Zero Magazine\",\"description\":\"\",\"publisher\":{\"@id\":\"https:\\\/\\\/zeromagazine.mx\\\/#organization\"},\"potentialAction\":[{\"@type\":\"SearchAction\",\"target\":{\"@type\":\"EntryPoint\",\"urlTemplate\":\"https:\\\/\\\/zeromagazine.mx\\\/?s={search_term_string}\"},\"query-input\":{\"@type\":\"PropertyValueSpecification\",\"valueRequired\":true,\"valueName\":\"search_term_string\"}}],\"inLanguage\":\"es\"},{\"@type\":\"Organization\",\"@id\":\"https:\\\/\\\/zeromagazine.mx\\\/#organization\",\"name\":\"Zero Magazine\",\"url\":\"https:\\\/\\\/zeromagazine.mx\\\/\",\"logo\":{\"@type\":\"ImageObject\",\"inLanguage\":\"es\",\"@id\":\"https:\\\/\\\/zeromagazine.mx\\\/#\\\/schema\\\/logo\\\/image\\\/\",\"url\":\"https:\\\/\\\/i0.wp.com\\\/zeromagazine.mx\\\/wp-content\\\/uploads\\\/2025\\\/11\\\/1.jpeg?fit=1000%2C1000&ssl=1\",\"contentUrl\":\"https:\\\/\\\/i0.wp.com\\\/zeromagazine.mx\\\/wp-content\\\/uploads\\\/2025\\\/11\\\/1.jpeg?fit=1000%2C1000&ssl=1\",\"width\":1000,\"height\":1000,\"caption\":\"Zero Magazine\"},\"image\":{\"@id\":\"https:\\\/\\\/zeromagazine.mx\\\/#\\\/schema\\\/logo\\\/image\\\/\"},\"sameAs\":[\"https:\\\/\\\/instagram.com\\\/zeromagazinemx\"]},{\"@type\":\"Person\",\"@id\":\"https:\\\/\\\/zeromagazine.mx\\\/#\\\/schema\\\/person\\\/9aed9f33a7c39af3a348b86d723f7773\",\"name\":\"zeromagazinemx\",\"image\":{\"@type\":\"ImageObject\",\"inLanguage\":\"es\",\"@id\":\"https:\\\/\\\/zeromagazine.mx\\\/wp-content\\\/litespeed\\\/avatar\\\/f91dfe5410d5dcb1a576bf8c45983896.jpg?ver=1776966396\",\"url\":\"https:\\\/\\\/zeromagazine.mx\\\/wp-content\\\/litespeed\\\/avatar\\\/f91dfe5410d5dcb1a576bf8c45983896.jpg?ver=1776966396\",\"contentUrl\":\"https:\\\/\\\/zeromagazine.mx\\\/wp-content\\\/litespeed\\\/avatar\\\/f91dfe5410d5dcb1a576bf8c45983896.jpg?ver=1776966396\",\"caption\":\"zeromagazinemx\"},\"url\":\"https:\\\/\\\/zeromagazine.mx\\\/index.php\\\/author\\\/zeromagazinemx\\\/\"}]}<\/script>\n<!-- \/ Yoast SEO plugin. -->","yoast_head_json":{"title":"El Pel\u00f3n en sus Tiempos de C\u00f3lera Recargado - Zero Magazine","description":"Vive estas fiestas con risas, reflexi\u00f3n y el show de H\u00e9ctor Su\u00e1rez Gom\u00eds: El Pel\u00f3n en sus Tiempos de C\u00f3lera Recargado. \u00a1No te lo pierdas!","robots":{"index":"index","follow":"follow","max-snippet":"max-snippet:-1","max-image-preview":"max-image-preview:large","max-video-preview":"max-video-preview:-1"},"canonical":"https:\/\/zeromagazine.mx\/index.php\/2024\/12\/18\/el-pelon-en-sus-tiempos-de-colera-recargado\/","og_locale":"es_ES","og_type":"article","og_title":"El Pel\u00f3n en sus Tiempos de C\u00f3lera Recargado - Zero Magazine","og_description":"Vive estas fiestas con risas, reflexi\u00f3n y el show de H\u00e9ctor Su\u00e1rez Gom\u00eds: El Pel\u00f3n en sus Tiempos de C\u00f3lera Recargado. \u00a1No te lo pierdas!","og_url":"https:\/\/zeromagazine.mx\/index.php\/2024\/12\/18\/el-pelon-en-sus-tiempos-de-colera-recargado\/","og_site_name":"Zero Magazine","article_published_time":"2024-12-18T21:01:24+00:00","article_modified_time":"2024-12-18T22:29:10+00:00","og_image":[{"width":740,"height":656,"url":"http:\/\/zeromagazine.mx\/wp-content\/uploads\/2024\/12\/PHOTO-2024-12-18-12-59-14.jpeg","type":"image\/jpeg"}],"author":"zeromagazinemx","twitter_card":"summary_large_image","twitter_misc":{"Escrito por":"zeromagazinemx","Tiempo de lectura":"6 minutos"},"schema":{"@context":"https:\/\/schema.org","@graph":[{"@type":"Article","@id":"https:\/\/zeromagazine.mx\/index.php\/2024\/12\/18\/el-pelon-en-sus-tiempos-de-colera-recargado\/#article","isPartOf":{"@id":"https:\/\/zeromagazine.mx\/index.php\/2024\/12\/18\/el-pelon-en-sus-tiempos-de-colera-recargado\/"},"author":{"name":"zeromagazinemx","@id":"https:\/\/zeromagazine.mx\/#\/schema\/person\/9aed9f33a7c39af3a348b86d723f7773"},"headline":"El Pel\u00f3n en sus Tiempos de C\u00f3lera Recargado","datePublished":"2024-12-18T21:01:24+00:00","dateModified":"2024-12-18T22:29:10+00:00","mainEntityOfPage":{"@id":"https:\/\/zeromagazine.mx\/index.php\/2024\/12\/18\/el-pelon-en-sus-tiempos-de-colera-recargado\/"},"wordCount":1112,"commentCount":0,"publisher":{"@id":"https:\/\/zeromagazine.mx\/#organization"},"image":{"@id":"https:\/\/zeromagazine.mx\/index.php\/2024\/12\/18\/el-pelon-en-sus-tiempos-de-colera-recargado\/#primaryimage"},"thumbnailUrl":"https:\/\/i0.wp.com\/zeromagazine.mx\/wp-content\/uploads\/2024\/12\/PHOTO-2024-12-18-12-59-14.jpeg?fit=740%2C656&ssl=1","keywords":["El Pel\u00f3n","stand-up"],"articleSection":["Cultura"],"inLanguage":"es","potentialAction":[{"@type":"CommentAction","name":"Comment","target":["https:\/\/zeromagazine.mx\/index.php\/2024\/12\/18\/el-pelon-en-sus-tiempos-de-colera-recargado\/#respond"]}]},{"@type":"WebPage","@id":"https:\/\/zeromagazine.mx\/index.php\/2024\/12\/18\/el-pelon-en-sus-tiempos-de-colera-recargado\/","url":"https:\/\/zeromagazine.mx\/index.php\/2024\/12\/18\/el-pelon-en-sus-tiempos-de-colera-recargado\/","name":"El Pel\u00f3n en sus Tiempos de C\u00f3lera Recargado - Zero Magazine","isPartOf":{"@id":"https:\/\/zeromagazine.mx\/#website"},"primaryImageOfPage":{"@id":"https:\/\/zeromagazine.mx\/index.php\/2024\/12\/18\/el-pelon-en-sus-tiempos-de-colera-recargado\/#primaryimage"},"image":{"@id":"https:\/\/zeromagazine.mx\/index.php\/2024\/12\/18\/el-pelon-en-sus-tiempos-de-colera-recargado\/#primaryimage"},"thumbnailUrl":"https:\/\/i0.wp.com\/zeromagazine.mx\/wp-content\/uploads\/2024\/12\/PHOTO-2024-12-18-12-59-14.jpeg?fit=740%2C656&ssl=1","datePublished":"2024-12-18T21:01:24+00:00","dateModified":"2024-12-18T22:29:10+00:00","description":"Vive estas fiestas con risas, reflexi\u00f3n y el show de H\u00e9ctor Su\u00e1rez Gom\u00eds: El Pel\u00f3n en sus Tiempos de C\u00f3lera Recargado. \u00a1No te lo pierdas!","breadcrumb":{"@id":"https:\/\/zeromagazine.mx\/index.php\/2024\/12\/18\/el-pelon-en-sus-tiempos-de-colera-recargado\/#breadcrumb"},"inLanguage":"es","potentialAction":[{"@type":"ReadAction","target":["https:\/\/zeromagazine.mx\/index.php\/2024\/12\/18\/el-pelon-en-sus-tiempos-de-colera-recargado\/"]}]},{"@type":"ImageObject","inLanguage":"es","@id":"https:\/\/zeromagazine.mx\/index.php\/2024\/12\/18\/el-pelon-en-sus-tiempos-de-colera-recargado\/#primaryimage","url":"https:\/\/i0.wp.com\/zeromagazine.mx\/wp-content\/uploads\/2024\/12\/PHOTO-2024-12-18-12-59-14.jpeg?fit=740%2C656&ssl=1","contentUrl":"https:\/\/i0.wp.com\/zeromagazine.mx\/wp-content\/uploads\/2024\/12\/PHOTO-2024-12-18-12-59-14.jpeg?fit=740%2C656&ssl=1","width":740,"height":656},{"@type":"BreadcrumbList","@id":"https:\/\/zeromagazine.mx\/index.php\/2024\/12\/18\/el-pelon-en-sus-tiempos-de-colera-recargado\/#breadcrumb","itemListElement":[{"@type":"ListItem","position":1,"name":"Portada","item":"https:\/\/zeromagazine.mx\/"},{"@type":"ListItem","position":2,"name":"El Pel\u00f3n en sus Tiempos de C\u00f3lera Recargado"}]},{"@type":"WebSite","@id":"https:\/\/zeromagazine.mx\/#website","url":"https:\/\/zeromagazine.mx\/","name":"Zero Magazine","description":"","publisher":{"@id":"https:\/\/zeromagazine.mx\/#organization"},"potentialAction":[{"@type":"SearchAction","target":{"@type":"EntryPoint","urlTemplate":"https:\/\/zeromagazine.mx\/?s={search_term_string}"},"query-input":{"@type":"PropertyValueSpecification","valueRequired":true,"valueName":"search_term_string"}}],"inLanguage":"es"},{"@type":"Organization","@id":"https:\/\/zeromagazine.mx\/#organization","name":"Zero Magazine","url":"https:\/\/zeromagazine.mx\/","logo":{"@type":"ImageObject","inLanguage":"es","@id":"https:\/\/zeromagazine.mx\/#\/schema\/logo\/image\/","url":"https:\/\/i0.wp.com\/zeromagazine.mx\/wp-content\/uploads\/2025\/11\/1.jpeg?fit=1000%2C1000&ssl=1","contentUrl":"https:\/\/i0.wp.com\/zeromagazine.mx\/wp-content\/uploads\/2025\/11\/1.jpeg?fit=1000%2C1000&ssl=1","width":1000,"height":1000,"caption":"Zero Magazine"},"image":{"@id":"https:\/\/zeromagazine.mx\/#\/schema\/logo\/image\/"},"sameAs":["https:\/\/instagram.com\/zeromagazinemx"]},{"@type":"Person","@id":"https:\/\/zeromagazine.mx\/#\/schema\/person\/9aed9f33a7c39af3a348b86d723f7773","name":"zeromagazinemx","image":{"@type":"ImageObject","inLanguage":"es","@id":"https:\/\/zeromagazine.mx\/wp-content\/litespeed\/avatar\/f91dfe5410d5dcb1a576bf8c45983896.jpg?ver=1776966396","url":"https:\/\/zeromagazine.mx\/wp-content\/litespeed\/avatar\/f91dfe5410d5dcb1a576bf8c45983896.jpg?ver=1776966396","contentUrl":"https:\/\/zeromagazine.mx\/wp-content\/litespeed\/avatar\/f91dfe5410d5dcb1a576bf8c45983896.jpg?ver=1776966396","caption":"zeromagazinemx"},"url":"https:\/\/zeromagazine.mx\/index.php\/author\/zeromagazinemx\/"}]}},"jetpack_publicize_connections":[],"jetpack_featured_media_url":"https:\/\/i0.wp.com\/zeromagazine.mx\/wp-content\/uploads\/2024\/12\/PHOTO-2024-12-18-12-59-14.jpeg?fit=740%2C656&ssl=1","jetpack-related-posts":[{"id":86938,"url":"https:\/\/zeromagazine.mx\/index.php\/2024\/10\/15\/miniso-risas-y-regalos-navidenos\/","url_meta":{"origin":93476,"position":0},"title":"\u00abMiniso: Risas y Regalos Navide\u00f1os\u00bb","author":"zeromagazinemx","date":"15 de octubre de 2024","format":false,"excerpt":"La temporada m\u00e1s m\u00e1gica del a\u00f1o ya lleg\u00f3, y con ella, la oportunidad perfecta para hacer intercambios y compartir risas. Y \u00bfqui\u00e9n mejor para traernos el esp\u00edritu navide\u00f1o que Miniso? Este a\u00f1o, la marca ha elevado la barra con su lema \u201cPorque con Miniso No Hay Falla\u201d y un mont\u00f3n\u2026","rel":"","context":"En \u00abEntretenimiento\u00bb","block_context":{"text":"Entretenimiento","link":"https:\/\/zeromagazine.mx\/index.php\/category\/entretenimiento\/"},"img":{"alt_text":"","src":"https:\/\/i0.wp.com\/zeromagazine.mx\/wp-content\/uploads\/2024\/10\/Captura-de-pantalla-2024-10-15-a-las-14.46.05.png?fit=1200%2C671&ssl=1&resize=350%2C200","width":350,"height":200,"srcset":"https:\/\/i0.wp.com\/zeromagazine.mx\/wp-content\/uploads\/2024\/10\/Captura-de-pantalla-2024-10-15-a-las-14.46.05.png?fit=1200%2C671&ssl=1&resize=350%2C200 1x, https:\/\/i0.wp.com\/zeromagazine.mx\/wp-content\/uploads\/2024\/10\/Captura-de-pantalla-2024-10-15-a-las-14.46.05.png?fit=1200%2C671&ssl=1&resize=525%2C300 1.5x, https:\/\/i0.wp.com\/zeromagazine.mx\/wp-content\/uploads\/2024\/10\/Captura-de-pantalla-2024-10-15-a-las-14.46.05.png?fit=1200%2C671&ssl=1&resize=700%2C400 2x, https:\/\/i0.wp.com\/zeromagazine.mx\/wp-content\/uploads\/2024\/10\/Captura-de-pantalla-2024-10-15-a-las-14.46.05.png?fit=1200%2C671&ssl=1&resize=1050%2C600 3x"},"classes":[]},{"id":91543,"url":"https:\/\/zeromagazine.mx\/index.php\/2024\/11\/25\/aromas-que-hacen-vibe-navideno\/","url_meta":{"origin":93476,"position":1},"title":"\u00abAromas que hacen vibe navide\u00f1o\u00bb","author":"zeromagazinemx","date":"25 de noviembre de 2024","format":false,"excerpt":"Hola a\u00a0tod@s, estamos oficialmente en esa \u00e9poca del a\u00f1o donde el aire huele a pino, las playlists est\u00e1n llenas de villancicos y nuestro hogar pide a gritos un glow-up navide\u00f1o. Hoy te voy a hablar de algo que eleva tu vibe festiva al siguiente nivel: los\u00a0aromas. Porque, seamos realistas, no\u2026","rel":"","context":"En \u00abDise\u00f1o\u00bb","block_context":{"text":"Dise\u00f1o","link":"https:\/\/zeromagazine.mx\/index.php\/category\/diseno\/"},"img":{"alt_text":"","src":"https:\/\/i0.wp.com\/zeromagazine.mx\/wp-content\/uploads\/2024\/11\/DIFUSOR-SQUARE-500-ML-scaled.jpg?fit=1200%2C800&ssl=1&resize=350%2C200","width":350,"height":200,"srcset":"https:\/\/i0.wp.com\/zeromagazine.mx\/wp-content\/uploads\/2024\/11\/DIFUSOR-SQUARE-500-ML-scaled.jpg?fit=1200%2C800&ssl=1&resize=350%2C200 1x, https:\/\/i0.wp.com\/zeromagazine.mx\/wp-content\/uploads\/2024\/11\/DIFUSOR-SQUARE-500-ML-scaled.jpg?fit=1200%2C800&ssl=1&resize=525%2C300 1.5x, https:\/\/i0.wp.com\/zeromagazine.mx\/wp-content\/uploads\/2024\/11\/DIFUSOR-SQUARE-500-ML-scaled.jpg?fit=1200%2C800&ssl=1&resize=700%2C400 2x, https:\/\/i0.wp.com\/zeromagazine.mx\/wp-content\/uploads\/2024\/11\/DIFUSOR-SQUARE-500-ML-scaled.jpg?fit=1200%2C800&ssl=1&resize=1050%2C600 3x"},"classes":[]},{"id":92015,"url":"https:\/\/zeromagazine.mx\/index.php\/2024\/11\/28\/glow-up-navideno-con-tree-hut\/","url_meta":{"origin":93476,"position":2},"title":"\u00abGlow-Up Navide\u00f1o con Tree Hut\u00bb","author":"zeromagazinemx","date":"28 de noviembre de 2024","format":false,"excerpt":"\u00bfQu\u00e9 onda, BFF? El a\u00f1o ya casi se va, y con \u00e9l todas esas vibes intensas de un a\u00f1o que estuvo incre\u00edble. Pero antes de cerrar el cap\u00edtulo, hay algo que todos tenemos que hacer: pensar en\u00a0los regalitos\u00a0para esas personas especiales que estuvieron con nosotrxs en cada high y low.\u2026","rel":"","context":"En \u00abBeauty\u00bb","block_context":{"text":"Beauty","link":"https:\/\/zeromagazine.mx\/index.php\/category\/beauty\/"},"img":{"alt_text":"","src":"https:\/\/i0.wp.com\/zeromagazine.mx\/wp-content\/uploads\/2024\/11\/TREEHUT24-HOLIDAY-DAY1-57833-scaled.jpg?fit=1200%2C800&ssl=1&resize=350%2C200","width":350,"height":200,"srcset":"https:\/\/i0.wp.com\/zeromagazine.mx\/wp-content\/uploads\/2024\/11\/TREEHUT24-HOLIDAY-DAY1-57833-scaled.jpg?fit=1200%2C800&ssl=1&resize=350%2C200 1x, https:\/\/i0.wp.com\/zeromagazine.mx\/wp-content\/uploads\/2024\/11\/TREEHUT24-HOLIDAY-DAY1-57833-scaled.jpg?fit=1200%2C800&ssl=1&resize=525%2C300 1.5x, https:\/\/i0.wp.com\/zeromagazine.mx\/wp-content\/uploads\/2024\/11\/TREEHUT24-HOLIDAY-DAY1-57833-scaled.jpg?fit=1200%2C800&ssl=1&resize=700%2C400 2x, https:\/\/i0.wp.com\/zeromagazine.mx\/wp-content\/uploads\/2024\/11\/TREEHUT24-HOLIDAY-DAY1-57833-scaled.jpg?fit=1200%2C800&ssl=1&resize=1050%2C600 3x"},"classes":[]},{"id":93439,"url":"https:\/\/zeromagazine.mx\/index.php\/2024\/12\/18\/bajo-el-encanto-navideno-hilton-tulum-te-espera\/","url_meta":{"origin":93476,"position":3},"title":"Bajo el Encanto Navide\u00f1o: Hilton Tulum te Espera","author":"zeromagazinemx","date":"18 de diciembre de 2024","format":false,"excerpt":"Las fiestas decembrinas siempre han sido un tema polarizante. Para muchxs, son una \u00e9poca de magia, nostalgia, y reencuentros; para otres, es el momento perfecto para poner la mente y el cuerpo a descansar. Este 2024, si quieres olvidarte del bullicio y escapar de la rutina de las t\u00edpicas cenas\u2026","rel":"","context":"En \u00abViajes\u00bb","block_context":{"text":"Viajes","link":"https:\/\/zeromagazine.mx\/index.php\/category\/lugares\/"},"img":{"alt_text":"","src":"https:\/\/i0.wp.com\/zeromagazine.mx\/wp-content\/uploads\/2024\/12\/unnamed-10-scaled.jpg?fit=1200%2C800&ssl=1&resize=350%2C200","width":350,"height":200,"srcset":"https:\/\/i0.wp.com\/zeromagazine.mx\/wp-content\/uploads\/2024\/12\/unnamed-10-scaled.jpg?fit=1200%2C800&ssl=1&resize=350%2C200 1x, https:\/\/i0.wp.com\/zeromagazine.mx\/wp-content\/uploads\/2024\/12\/unnamed-10-scaled.jpg?fit=1200%2C800&ssl=1&resize=525%2C300 1.5x, https:\/\/i0.wp.com\/zeromagazine.mx\/wp-content\/uploads\/2024\/12\/unnamed-10-scaled.jpg?fit=1200%2C800&ssl=1&resize=700%2C400 2x, https:\/\/i0.wp.com\/zeromagazine.mx\/wp-content\/uploads\/2024\/12\/unnamed-10-scaled.jpg?fit=1200%2C800&ssl=1&resize=1050%2C600 3x"},"classes":[]},{"id":69951,"url":"https:\/\/zeromagazine.mx\/index.php\/2023\/12\/27\/luces-camaras-accion-la-onda-de-los-radares-navidenos\/","url_meta":{"origin":93476,"position":4},"title":"Luces, C\u00e1maras, \u00a1Acci\u00f3n!: La Onda de los Radares Navide\u00f1os","author":"David Morales","date":"27 de diciembre de 2023","format":false,"excerpt":"\u00bfYa vieron esas luces brillando en las calles de la CDMX? Adem\u00e1s de eso, \u00bfhan escuchado del rollo de los radares de fotoc\u00edvicas que se est\u00e1n moviendo por aqu\u00ed? S\u00ed, esos que buscan hacer las calles m\u00e1s seguras y amigables para todos mientras nos deslumbramos con la magia navide\u00f1a. Ahora,\u2026","rel":"","context":"En \u00abLifestyle\u00bb","block_context":{"text":"Lifestyle","link":"https:\/\/zeromagazine.mx\/index.php\/category\/lifestyle\/"},"img":{"alt_text":"","src":"https:\/\/i0.wp.com\/zeromagazine.mx\/wp-content\/uploads\/2023\/12\/Opera-Captura-de-pantalla_2023-12-27_113418_cdn.uc_.assets.prezly.com_.png?resize=350%2C200&ssl=1","width":350,"height":200,"srcset":"https:\/\/i0.wp.com\/zeromagazine.mx\/wp-content\/uploads\/2023\/12\/Opera-Captura-de-pantalla_2023-12-27_113418_cdn.uc_.assets.prezly.com_.png?resize=350%2C200&ssl=1 1x, https:\/\/i0.wp.com\/zeromagazine.mx\/wp-content\/uploads\/2023\/12\/Opera-Captura-de-pantalla_2023-12-27_113418_cdn.uc_.assets.prezly.com_.png?resize=525%2C300&ssl=1 1.5x, https:\/\/i0.wp.com\/zeromagazine.mx\/wp-content\/uploads\/2023\/12\/Opera-Captura-de-pantalla_2023-12-27_113418_cdn.uc_.assets.prezly.com_.png?resize=700%2C400&ssl=1 2x, https:\/\/i0.wp.com\/zeromagazine.mx\/wp-content\/uploads\/2023\/12\/Opera-Captura-de-pantalla_2023-12-27_113418_cdn.uc_.assets.prezly.com_.png?resize=1050%2C600&ssl=1 3x"},"classes":[]},{"id":70190,"url":"https:\/\/zeromagazine.mx\/index.php\/2023\/12\/18\/tada-clean-up-la-magia-post-fiesta\/","url_meta":{"origin":93476,"position":5},"title":"\u00a1\u00bbTaDa Clean-Up\u00bb: La Magia Post-Fiesta!","author":"David Morales","date":"18 de diciembre de 2023","format":false,"excerpt":"\u00bfYa escucharon sobre los \"Magos del After\" de TaDa? Esta app de delivery de Grupo Modelo est\u00e1 trayendo un servicio de limpieza post-fiestas, y es puro poder. Aqu\u00ed les cuento c\u00f3mo va la movida: Primero que nada, estas posadas son el mood, \u00bfno? Nada como juntarse con la familia y\u2026","rel":"","context":"En \u00abBienestar\u00bb","block_context":{"text":"Bienestar","link":"https:\/\/zeromagazine.mx\/index.php\/category\/lifestyle\/bienestar\/"},"img":{"alt_text":"","src":"https:\/\/i0.wp.com\/zeromagazine.mx\/wp-content\/uploads\/2024\/01\/Los-magos-del-after-TaDa-2.png?fit=640%2C640&ssl=1&resize=350%2C200","width":350,"height":200,"srcset":"https:\/\/i0.wp.com\/zeromagazine.mx\/wp-content\/uploads\/2024\/01\/Los-magos-del-after-TaDa-2.png?fit=640%2C640&ssl=1&resize=350%2C200 1x, https:\/\/i0.wp.com\/zeromagazine.mx\/wp-content\/uploads\/2024\/01\/Los-magos-del-after-TaDa-2.png?fit=640%2C640&ssl=1&resize=525%2C300 1.5x"},"classes":[]}],"jetpack_sharing_enabled":true,"builder_content":"","_links":{"self":[{"href":"https:\/\/zeromagazine.mx\/index.php\/wp-json\/wp\/v2\/posts\/93476","targetHints":{"allow":["GET"]}}],"collection":[{"href":"https:\/\/zeromagazine.mx\/index.php\/wp-json\/wp\/v2\/posts"}],"about":[{"href":"https:\/\/zeromagazine.mx\/index.php\/wp-json\/wp\/v2\/types\/post"}],"author":[{"embeddable":true,"href":"https:\/\/zeromagazine.mx\/index.php\/wp-json\/wp\/v2\/users\/2"}],"replies":[{"embeddable":true,"href":"https:\/\/zeromagazine.mx\/index.php\/wp-json\/wp\/v2\/comments?post=93476"}],"version-history":[{"count":11,"href":"https:\/\/zeromagazine.mx\/index.php\/wp-json\/wp\/v2\/posts\/93476\/revisions"}],"predecessor-version":[{"id":93525,"href":"https:\/\/zeromagazine.mx\/index.php\/wp-json\/wp\/v2\/posts\/93476\/revisions\/93525"}],"wp:featuredmedia":[{"embeddable":true,"href":"https:\/\/zeromagazine.mx\/index.php\/wp-json\/wp\/v2\/media\/93524"}],"wp:attachment":[{"href":"https:\/\/zeromagazine.mx\/index.php\/wp-json\/wp\/v2\/media?parent=93476"}],"wp:term":[{"taxonomy":"category","embeddable":true,"href":"https:\/\/zeromagazine.mx\/index.php\/wp-json\/wp\/v2\/categories?post=93476"},{"taxonomy":"post_tag","embeddable":true,"href":"https:\/\/zeromagazine.mx\/index.php\/wp-json\/wp\/v2\/tags?post=93476"}],"curies":[{"name":"wp","href":"https:\/\/api.w.org\/{rel}","templated":true}]}}