{"id":94333,"date":"2025-01-08T16:26:10","date_gmt":"2025-01-08T15:26:10","guid":{"rendered":"https:\/\/zeromagazine.mx\/?p=94333"},"modified":"2025-01-08T16:30:05","modified_gmt":"2025-01-08T15:30:05","slug":"unete-al-reto-bienestar-en-plaza-satelite","status":"publish","type":"post","link":"https:\/\/zeromagazine.mx\/index.php\/2025\/01\/08\/unete-al-reto-bienestar-en-plaza-satelite\/","title":{"rendered":"\u00danete al Reto Bienestar en Plaza Sat\u00e9lite\u00a0"},"content":{"rendered":"<p>Oigan, \u00bfustedes tambi\u00e9n sienten que cada a\u00f1o empieza como con esta vibra de \u201cnew year, new me\u201d? Pues ac\u00e1 entre nos, les tengo algo que decir amix \u00abel bienestar no deber\u00eda ser una moda\u00bb, sino un estilo de vida que construimos poquito a poco. Por eso, este mes de enero en Plaza Sat\u00e9lite nos lanzan el reto de hacer del 2025 un a\u00f1o lleno de energ\u00eda, equilibrio y salud en todos los sentidos. Se viene un calendario lleno de clases, actividades y ejercicios dise\u00f1ados pa\u2019 todes, para conectar con nuestro cuerpo, despejar la mente y encontrar un poco m\u00e1s de paz entre tanto caos de la vida.<\/p>\n\n\n\n<h2 class=\"wp-block-heading\">Un Inicio con Prop\u00f3sito<\/h2>\n\n\n\n<p>Para empezar, la campa\u00f1a de bienestar no es solo un evento casual; es una invitaci\u00f3n para reflexionar sobre c\u00f3mo vivimos nuestro d\u00eda a d\u00eda. Durante todo enero, Plaza Sat\u00e9lite estar\u00e1 organizando actividades en su parque (y m\u00e1s all\u00e1) que van desde yoga hasta retos deportivos dise\u00f1ados para todas las edades y niveles.<\/p>\n\n\n\n<script async src=\"https:\/\/pagead2.googlesyndication.com\/pagead\/js\/adsbygoogle.js?client=ca-pub-5499304793904745\"\n     crossorigin=\"anonymous\"><\/script>\n<ins class=\"adsbygoogle\"\n     style=\"display:block; text-align:center;\"\n     data-ad-layout=\"in-article\"\n     data-ad-format=\"fluid\"\n     data-ad-client=\"ca-pub-5499304793904745\"\n     data-ad-slot=\"5994863093\"><\/ins>\n<script>\n     (adsbygoogle = window.adsbygoogle || []).push({});\n<\/script>\n\n\n\n<p><\/p>\n\n\n\n<p>Adem\u00e1s, estas experiencias no solo se tratan de mover el cuerpo, sino de descubrir c\u00f3mo peque\u00f1as acciones, como estirar 10 minutos al d\u00eda o probar una meditaci\u00f3n guiada, pueden marcar una gran diferencia. Porque s\u00ed, amix, encontrar tu bienestar no tiene que ser complicado ni aburrido.<\/p>\n\n\n\n<h2 class=\"wp-block-heading\">Las Actividades Estelares del Mes<\/h2>\n\n\n\n<p>Para seguir con esta misi\u00f3n, los fines de semana ser\u00e1n \u00e9picos gracias a los retos deportivos que se realizar\u00e1n en el Parque de Plaza Sat\u00e9lite. Lo mejor es que hay opciones dentro y fuera de la plaza, lo cual le da un toque m\u00e1s fresco y emocionante al plan.<\/p>\n\n\n<div class=\"wp-block-image\">\n<figure class=\"aligncenter size-full\"><img data-recalc-dims=\"1\" decoding=\"async\" width=\"944\" height=\"800\" src=\"https:\/\/i0.wp.com\/zeromagazine.mx\/wp-content\/uploads\/2025\/01\/ROPA_PS_MPR_02_944x800.jpg?resize=944%2C800\" alt=\"Descubre c\u00f3mo conectar con tu bienestar este 2025 en Plaza Sat\u00e9lite. Actividades y retos para un estilo de vida m\u00e1s saludable y equilibrado.\" class=\"wp-image-94334\" srcset=\"https:\/\/i0.wp.com\/zeromagazine.mx\/wp-content\/uploads\/2025\/01\/ROPA_PS_MPR_02_944x800.jpg?w=944&amp;ssl=1 944w, https:\/\/i0.wp.com\/zeromagazine.mx\/wp-content\/uploads\/2025\/01\/ROPA_PS_MPR_02_944x800.jpg?resize=300%2C254&amp;ssl=1 300w, https:\/\/i0.wp.com\/zeromagazine.mx\/wp-content\/uploads\/2025\/01\/ROPA_PS_MPR_02_944x800.jpg?resize=768%2C651&amp;ssl=1 768w\" sizes=\"(max-width: 944px) 100vw, 944px\" \/><\/figure>\n<\/div>\n\n\n<p><\/p>\n\n\n\n<p><\/p>\n\n\n\n<p>Igualmente, habr\u00e1 clases especializadas que nos ayudar\u00e1n a probar cosas nuevas. \u00bfSiempre te dio curiosidad el yoga? \u00bfO quiz\u00e1s prefieres un entrenamiento funcional s\u00faper intenso? Este es el momento ideal para experimentar y encontrar lo que m\u00e1s te haga sentir bien.<\/p>\n\n\n\n<script async src=\"https:\/\/pagead2.googlesyndication.com\/pagead\/js\/adsbygoogle.js?client=ca-pub-5499304793904745\"\r\n     crossorigin=\"anonymous\"><\/script>\r\n<ins class=\"adsbygoogle\"\r\n     style=\"display:block; text-align:center;\"\r\n     data-ad-layout=\"in-article\"\r\n     data-ad-format=\"fluid\"\r\n     data-ad-client=\"ca-pub-5499304793904745\"\r\n     data-ad-slot=\"5994863093\"><\/ins>\r\n<script>\r\n     (adsbygoogle = window.adsbygoogle || []).push({});\r\n<\/script>\n\n\n\n<p><\/p>\n\n\n\n<p>En particular, las clases est\u00e1n pensadas para que todes puedan participar, ya seas principiante o ya lleves tiempo ejercit\u00e1ndote. Y si no puedes ir f\u00edsicamente, \u00a1tranqui! Tambi\u00e9n puedes unirte a los retos diarios en redes sociales y aprovechar sus tips para mantenerte en movimiento desde casa.<\/p>\n\n\n\n<h2 class=\"wp-block-heading\">Un Espacio para el Bienestar Integral<\/h2>\n\n\n\n<p>Por otro lado, el mensaje de esta campa\u00f1a va mucho m\u00e1s all\u00e1 del ejercicio. Es un recordatorio de que el bienestar integral incluye lo mental y lo emocional. Para seguir construyendo ese balance, considera tomar una de las clases de meditaci\u00f3n o pilates, dise\u00f1adas justo para ayudarte a reconectar contigo.<\/p>\n\n\n\n<p>Igualmente importante es darnos permiso de pausar. A veces creemos que hay que hacer todo a la perfecci\u00f3n, pero encontrar tu bienestar tambi\u00e9n incluye aceptar d\u00f3nde est\u00e1s ahora y qu\u00e9 pasos puedes dar hacia adelante.<\/p>\n\n\n\n<h2 class=\"wp-block-heading\">Con\u00e9ctate con tu Comunidad<\/h2>\n\n\n\n<p>De hecho, este tipo de eventos son un recordatorio de que cuidar de nosotres no tiene que ser un viaje solitario. Es una oportunidad perfecta para compartirlo con amigues, familia o hasta con nuevas personas que conocemos en el proceso. \u00a1Incluso puedes armar un plan para unirte con tu squad y convertirlo en su primer prop\u00f3sito del a\u00f1o!<\/p>\n\n\n\n<script async src=\"https:\/\/pagead2.googlesyndication.com\/pagead\/js\/adsbygoogle.js?client=ca-pub-5499304793904745\"\r\n     crossorigin=\"anonymous\"><\/script>\r\n<ins class=\"adsbygoogle\"\r\n     style=\"display:block; text-align:center;\"\r\n     data-ad-layout=\"in-article\"\r\n     data-ad-format=\"fluid\"\r\n     data-ad-client=\"ca-pub-5499304793904745\"\r\n     data-ad-slot=\"5994863093\"><\/ins>\r\n<script>\r\n     (adsbygoogle = window.adsbygoogle || []).push({});\r\n<\/script>\n\n\n\n<p><\/p>\n\n\n\n<p>Para finalizar, no olvides que todo esto est\u00e1 pasando del 7 al 30 de enero. Si quieres checar los horarios, los estudios participantes o m\u00e1s info sobre c\u00f3mo sumarte a los retos, puedes visitar las redes sociales oficiales de Plaza Sat\u00e9lite: <a href=\"https:\/\/www.instagram.com\/plazasateliteoficial\">@plazasateliteoficial<\/a>.<\/p>\n\n\n\n<p>\u00a1Nos vemos en Plaza Sat\u00e9lite para vivirlo juntes!<\/p>\n\n<!--themify_builder_content-->\n<div id=\"themify_builder_content-94333\" data-postid=\"94333\" class=\"themify_builder_content themify_builder_content-94333 themify_builder tf_clear\">\n    <\/div>\n<!--\/themify_builder_content-->","protected":false},"excerpt":{"rendered":"<p>Oigan, \u00bfustedes tambi\u00e9n sienten que cada a\u00f1o empieza como con esta vibra de \u201cnew year, new me\u201d? Pues ac\u00e1 entre nos, les tengo algo que decir amix \u00abel bienestar no deber\u00eda ser una moda\u00bb, sino un estilo de vida que construimos poquito a poco. Por eso, este mes de enero en Plaza Sat\u00e9lite nos lanzan [&hellip;]<\/p>\n","protected":false},"author":2,"featured_media":94334,"comment_status":"open","ping_status":"open","sticky":false,"template":"","format":"standard","meta":{"_jetpack_memberships_contains_paid_content":false,"footnotes":"","jetpack_publicize_message":"","jetpack_publicize_feature_enabled":true,"jetpack_social_post_already_shared":true,"jetpack_social_options":{"image_generator_settings":{"template":"highway","default_image_id":0,"font":"","enabled":false},"version":2}},"categories":[117],"tags":[11595,8091,12299],"class_list":["post-94333","post","type-post","status-publish","format-standard","has-post-thumbnail","hentry","category-entretenimiento","tag-actividades","tag-plaza-satelite","tag-reto-bienestar","has-post-title","has-post-date","has-post-category","has-post-tag","has-post-comment","has-post-author",""],"yoast_head":"<!-- This site is optimized with the Yoast SEO plugin v27.4 - https:\/\/yoast.com\/product\/yoast-seo-wordpress\/ -->\n<title>\u00danete al Reto Bienestar en Plaza Sat\u00e9lite\u00a0 - Zero Magazine<\/title>\n<meta name=\"description\" content=\"Arranca el 2025 con actividades para el bienestar f\u00edsico, mental y emocional en Plaza Sat\u00e9lite. Descubre c\u00f3mo encontrar tu equilibrio.\" \/>\n<meta name=\"robots\" content=\"index, follow, max-snippet:-1, max-image-preview:large, max-video-preview:-1\" \/>\n<link rel=\"canonical\" href=\"https:\/\/zeromagazine.mx\/index.php\/2025\/01\/08\/unete-al-reto-bienestar-en-plaza-satelite\/\" \/>\n<meta property=\"og:locale\" content=\"es_ES\" \/>\n<meta property=\"og:type\" content=\"article\" \/>\n<meta property=\"og:title\" content=\"\u00danete al Reto Bienestar en Plaza Sat\u00e9lite\u00a0 - Zero Magazine\" \/>\n<meta property=\"og:description\" content=\"Arranca el 2025 con actividades para el bienestar f\u00edsico, mental y emocional en Plaza Sat\u00e9lite. Descubre c\u00f3mo encontrar tu equilibrio.\" \/>\n<meta property=\"og:url\" content=\"https:\/\/zeromagazine.mx\/index.php\/2025\/01\/08\/unete-al-reto-bienestar-en-plaza-satelite\/\" \/>\n<meta property=\"og:site_name\" content=\"Zero Magazine\" \/>\n<meta property=\"article:published_time\" content=\"2025-01-08T15:26:10+00:00\" \/>\n<meta property=\"article:modified_time\" content=\"2025-01-08T15:30:05+00:00\" \/>\n<meta property=\"og:image\" content=\"http:\/\/zeromagazine.mx\/wp-content\/uploads\/2025\/01\/ROPA_PS_MPR_02_944x800.jpg\" \/>\n\t<meta property=\"og:image:width\" content=\"944\" \/>\n\t<meta property=\"og:image:height\" content=\"800\" \/>\n\t<meta property=\"og:image:type\" content=\"image\/jpeg\" \/>\n<meta name=\"author\" content=\"zeromagazinemx\" \/>\n<meta name=\"twitter:card\" content=\"summary_large_image\" \/>\n<meta name=\"twitter:label1\" content=\"Escrito por\" \/>\n\t<meta name=\"twitter:data1\" content=\"zeromagazinemx\" \/>\n\t<meta name=\"twitter:label2\" content=\"Tiempo de lectura\" \/>\n\t<meta name=\"twitter:data2\" content=\"3 minutos\" \/>\n<script type=\"application\/ld+json\" class=\"yoast-schema-graph\">{\"@context\":\"https:\\\/\\\/schema.org\",\"@graph\":[{\"@type\":\"Article\",\"@id\":\"https:\\\/\\\/zeromagazine.mx\\\/index.php\\\/2025\\\/01\\\/08\\\/unete-al-reto-bienestar-en-plaza-satelite\\\/#article\",\"isPartOf\":{\"@id\":\"https:\\\/\\\/zeromagazine.mx\\\/index.php\\\/2025\\\/01\\\/08\\\/unete-al-reto-bienestar-en-plaza-satelite\\\/\"},\"author\":{\"name\":\"zeromagazinemx\",\"@id\":\"https:\\\/\\\/zeromagazine.mx\\\/#\\\/schema\\\/person\\\/9aed9f33a7c39af3a348b86d723f7773\"},\"headline\":\"\u00danete al Reto Bienestar en Plaza Sat\u00e9lite\u00a0\",\"datePublished\":\"2025-01-08T15:26:10+00:00\",\"dateModified\":\"2025-01-08T15:30:05+00:00\",\"mainEntityOfPage\":{\"@id\":\"https:\\\/\\\/zeromagazine.mx\\\/index.php\\\/2025\\\/01\\\/08\\\/unete-al-reto-bienestar-en-plaza-satelite\\\/\"},\"wordCount\":607,\"commentCount\":0,\"publisher\":{\"@id\":\"https:\\\/\\\/zeromagazine.mx\\\/#organization\"},\"image\":{\"@id\":\"https:\\\/\\\/zeromagazine.mx\\\/index.php\\\/2025\\\/01\\\/08\\\/unete-al-reto-bienestar-en-plaza-satelite\\\/#primaryimage\"},\"thumbnailUrl\":\"https:\\\/\\\/i0.wp.com\\\/zeromagazine.mx\\\/wp-content\\\/uploads\\\/2025\\\/01\\\/ROPA_PS_MPR_02_944x800.jpg?fit=944%2C800&ssl=1\",\"keywords\":[\"Actividades\",\"Plaza Sat\u00e9lite\",\"Reto Bienestar\"],\"articleSection\":[\"Entretenimiento\"],\"inLanguage\":\"es\",\"potentialAction\":[{\"@type\":\"CommentAction\",\"name\":\"Comment\",\"target\":[\"https:\\\/\\\/zeromagazine.mx\\\/index.php\\\/2025\\\/01\\\/08\\\/unete-al-reto-bienestar-en-plaza-satelite\\\/#respond\"]}]},{\"@type\":\"WebPage\",\"@id\":\"https:\\\/\\\/zeromagazine.mx\\\/index.php\\\/2025\\\/01\\\/08\\\/unete-al-reto-bienestar-en-plaza-satelite\\\/\",\"url\":\"https:\\\/\\\/zeromagazine.mx\\\/index.php\\\/2025\\\/01\\\/08\\\/unete-al-reto-bienestar-en-plaza-satelite\\\/\",\"name\":\"\u00danete al Reto Bienestar en Plaza Sat\u00e9lite\u00a0 - Zero Magazine\",\"isPartOf\":{\"@id\":\"https:\\\/\\\/zeromagazine.mx\\\/#website\"},\"primaryImageOfPage\":{\"@id\":\"https:\\\/\\\/zeromagazine.mx\\\/index.php\\\/2025\\\/01\\\/08\\\/unete-al-reto-bienestar-en-plaza-satelite\\\/#primaryimage\"},\"image\":{\"@id\":\"https:\\\/\\\/zeromagazine.mx\\\/index.php\\\/2025\\\/01\\\/08\\\/unete-al-reto-bienestar-en-plaza-satelite\\\/#primaryimage\"},\"thumbnailUrl\":\"https:\\\/\\\/i0.wp.com\\\/zeromagazine.mx\\\/wp-content\\\/uploads\\\/2025\\\/01\\\/ROPA_PS_MPR_02_944x800.jpg?fit=944%2C800&ssl=1\",\"datePublished\":\"2025-01-08T15:26:10+00:00\",\"dateModified\":\"2025-01-08T15:30:05+00:00\",\"description\":\"Arranca el 2025 con actividades para el bienestar f\u00edsico, mental y emocional en Plaza Sat\u00e9lite. Descubre c\u00f3mo encontrar tu equilibrio.\",\"breadcrumb\":{\"@id\":\"https:\\\/\\\/zeromagazine.mx\\\/index.php\\\/2025\\\/01\\\/08\\\/unete-al-reto-bienestar-en-plaza-satelite\\\/#breadcrumb\"},\"inLanguage\":\"es\",\"potentialAction\":[{\"@type\":\"ReadAction\",\"target\":[\"https:\\\/\\\/zeromagazine.mx\\\/index.php\\\/2025\\\/01\\\/08\\\/unete-al-reto-bienestar-en-plaza-satelite\\\/\"]}]},{\"@type\":\"ImageObject\",\"inLanguage\":\"es\",\"@id\":\"https:\\\/\\\/zeromagazine.mx\\\/index.php\\\/2025\\\/01\\\/08\\\/unete-al-reto-bienestar-en-plaza-satelite\\\/#primaryimage\",\"url\":\"https:\\\/\\\/i0.wp.com\\\/zeromagazine.mx\\\/wp-content\\\/uploads\\\/2025\\\/01\\\/ROPA_PS_MPR_02_944x800.jpg?fit=944%2C800&ssl=1\",\"contentUrl\":\"https:\\\/\\\/i0.wp.com\\\/zeromagazine.mx\\\/wp-content\\\/uploads\\\/2025\\\/01\\\/ROPA_PS_MPR_02_944x800.jpg?fit=944%2C800&ssl=1\",\"width\":944,\"height\":800},{\"@type\":\"BreadcrumbList\",\"@id\":\"https:\\\/\\\/zeromagazine.mx\\\/index.php\\\/2025\\\/01\\\/08\\\/unete-al-reto-bienestar-en-plaza-satelite\\\/#breadcrumb\",\"itemListElement\":[{\"@type\":\"ListItem\",\"position\":1,\"name\":\"Portada\",\"item\":\"https:\\\/\\\/zeromagazine.mx\\\/\"},{\"@type\":\"ListItem\",\"position\":2,\"name\":\"\u00danete al Reto Bienestar en Plaza Sat\u00e9lite\u00a0\"}]},{\"@type\":\"WebSite\",\"@id\":\"https:\\\/\\\/zeromagazine.mx\\\/#website\",\"url\":\"https:\\\/\\\/zeromagazine.mx\\\/\",\"name\":\"Zero Magazine\",\"description\":\"\",\"publisher\":{\"@id\":\"https:\\\/\\\/zeromagazine.mx\\\/#organization\"},\"potentialAction\":[{\"@type\":\"SearchAction\",\"target\":{\"@type\":\"EntryPoint\",\"urlTemplate\":\"https:\\\/\\\/zeromagazine.mx\\\/?s={search_term_string}\"},\"query-input\":{\"@type\":\"PropertyValueSpecification\",\"valueRequired\":true,\"valueName\":\"search_term_string\"}}],\"inLanguage\":\"es\"},{\"@type\":\"Organization\",\"@id\":\"https:\\\/\\\/zeromagazine.mx\\\/#organization\",\"name\":\"Zero Magazine\",\"url\":\"https:\\\/\\\/zeromagazine.mx\\\/\",\"logo\":{\"@type\":\"ImageObject\",\"inLanguage\":\"es\",\"@id\":\"https:\\\/\\\/zeromagazine.mx\\\/#\\\/schema\\\/logo\\\/image\\\/\",\"url\":\"https:\\\/\\\/i0.wp.com\\\/zeromagazine.mx\\\/wp-content\\\/uploads\\\/2025\\\/11\\\/1.jpeg?fit=1000%2C1000&ssl=1\",\"contentUrl\":\"https:\\\/\\\/i0.wp.com\\\/zeromagazine.mx\\\/wp-content\\\/uploads\\\/2025\\\/11\\\/1.jpeg?fit=1000%2C1000&ssl=1\",\"width\":1000,\"height\":1000,\"caption\":\"Zero Magazine\"},\"image\":{\"@id\":\"https:\\\/\\\/zeromagazine.mx\\\/#\\\/schema\\\/logo\\\/image\\\/\"},\"sameAs\":[\"https:\\\/\\\/instagram.com\\\/zeromagazinemx\"]},{\"@type\":\"Person\",\"@id\":\"https:\\\/\\\/zeromagazine.mx\\\/#\\\/schema\\\/person\\\/9aed9f33a7c39af3a348b86d723f7773\",\"name\":\"zeromagazinemx\",\"image\":{\"@type\":\"ImageObject\",\"inLanguage\":\"es\",\"@id\":\"https:\\\/\\\/zeromagazine.mx\\\/wp-content\\\/litespeed\\\/avatar\\\/f91dfe5410d5dcb1a576bf8c45983896.jpg?ver=1776966396\",\"url\":\"https:\\\/\\\/zeromagazine.mx\\\/wp-content\\\/litespeed\\\/avatar\\\/f91dfe5410d5dcb1a576bf8c45983896.jpg?ver=1776966396\",\"contentUrl\":\"https:\\\/\\\/zeromagazine.mx\\\/wp-content\\\/litespeed\\\/avatar\\\/f91dfe5410d5dcb1a576bf8c45983896.jpg?ver=1776966396\",\"caption\":\"zeromagazinemx\"},\"url\":\"https:\\\/\\\/zeromagazine.mx\\\/index.php\\\/author\\\/zeromagazinemx\\\/\"}]}<\/script>\n<!-- \/ Yoast SEO plugin. -->","yoast_head_json":{"title":"\u00danete al Reto Bienestar en Plaza Sat\u00e9lite\u00a0 - Zero Magazine","description":"Arranca el 2025 con actividades para el bienestar f\u00edsico, mental y emocional en Plaza Sat\u00e9lite. Descubre c\u00f3mo encontrar tu equilibrio.","robots":{"index":"index","follow":"follow","max-snippet":"max-snippet:-1","max-image-preview":"max-image-preview:large","max-video-preview":"max-video-preview:-1"},"canonical":"https:\/\/zeromagazine.mx\/index.php\/2025\/01\/08\/unete-al-reto-bienestar-en-plaza-satelite\/","og_locale":"es_ES","og_type":"article","og_title":"\u00danete al Reto Bienestar en Plaza Sat\u00e9lite\u00a0 - Zero Magazine","og_description":"Arranca el 2025 con actividades para el bienestar f\u00edsico, mental y emocional en Plaza Sat\u00e9lite. Descubre c\u00f3mo encontrar tu equilibrio.","og_url":"https:\/\/zeromagazine.mx\/index.php\/2025\/01\/08\/unete-al-reto-bienestar-en-plaza-satelite\/","og_site_name":"Zero Magazine","article_published_time":"2025-01-08T15:26:10+00:00","article_modified_time":"2025-01-08T15:30:05+00:00","og_image":[{"width":944,"height":800,"url":"http:\/\/zeromagazine.mx\/wp-content\/uploads\/2025\/01\/ROPA_PS_MPR_02_944x800.jpg","type":"image\/jpeg"}],"author":"zeromagazinemx","twitter_card":"summary_large_image","twitter_misc":{"Escrito por":"zeromagazinemx","Tiempo de lectura":"3 minutos"},"schema":{"@context":"https:\/\/schema.org","@graph":[{"@type":"Article","@id":"https:\/\/zeromagazine.mx\/index.php\/2025\/01\/08\/unete-al-reto-bienestar-en-plaza-satelite\/#article","isPartOf":{"@id":"https:\/\/zeromagazine.mx\/index.php\/2025\/01\/08\/unete-al-reto-bienestar-en-plaza-satelite\/"},"author":{"name":"zeromagazinemx","@id":"https:\/\/zeromagazine.mx\/#\/schema\/person\/9aed9f33a7c39af3a348b86d723f7773"},"headline":"\u00danete al Reto Bienestar en Plaza Sat\u00e9lite\u00a0","datePublished":"2025-01-08T15:26:10+00:00","dateModified":"2025-01-08T15:30:05+00:00","mainEntityOfPage":{"@id":"https:\/\/zeromagazine.mx\/index.php\/2025\/01\/08\/unete-al-reto-bienestar-en-plaza-satelite\/"},"wordCount":607,"commentCount":0,"publisher":{"@id":"https:\/\/zeromagazine.mx\/#organization"},"image":{"@id":"https:\/\/zeromagazine.mx\/index.php\/2025\/01\/08\/unete-al-reto-bienestar-en-plaza-satelite\/#primaryimage"},"thumbnailUrl":"https:\/\/i0.wp.com\/zeromagazine.mx\/wp-content\/uploads\/2025\/01\/ROPA_PS_MPR_02_944x800.jpg?fit=944%2C800&ssl=1","keywords":["Actividades","Plaza Sat\u00e9lite","Reto Bienestar"],"articleSection":["Entretenimiento"],"inLanguage":"es","potentialAction":[{"@type":"CommentAction","name":"Comment","target":["https:\/\/zeromagazine.mx\/index.php\/2025\/01\/08\/unete-al-reto-bienestar-en-plaza-satelite\/#respond"]}]},{"@type":"WebPage","@id":"https:\/\/zeromagazine.mx\/index.php\/2025\/01\/08\/unete-al-reto-bienestar-en-plaza-satelite\/","url":"https:\/\/zeromagazine.mx\/index.php\/2025\/01\/08\/unete-al-reto-bienestar-en-plaza-satelite\/","name":"\u00danete al Reto Bienestar en Plaza Sat\u00e9lite\u00a0 - Zero Magazine","isPartOf":{"@id":"https:\/\/zeromagazine.mx\/#website"},"primaryImageOfPage":{"@id":"https:\/\/zeromagazine.mx\/index.php\/2025\/01\/08\/unete-al-reto-bienestar-en-plaza-satelite\/#primaryimage"},"image":{"@id":"https:\/\/zeromagazine.mx\/index.php\/2025\/01\/08\/unete-al-reto-bienestar-en-plaza-satelite\/#primaryimage"},"thumbnailUrl":"https:\/\/i0.wp.com\/zeromagazine.mx\/wp-content\/uploads\/2025\/01\/ROPA_PS_MPR_02_944x800.jpg?fit=944%2C800&ssl=1","datePublished":"2025-01-08T15:26:10+00:00","dateModified":"2025-01-08T15:30:05+00:00","description":"Arranca el 2025 con actividades para el bienestar f\u00edsico, mental y emocional en Plaza Sat\u00e9lite. Descubre c\u00f3mo encontrar tu equilibrio.","breadcrumb":{"@id":"https:\/\/zeromagazine.mx\/index.php\/2025\/01\/08\/unete-al-reto-bienestar-en-plaza-satelite\/#breadcrumb"},"inLanguage":"es","potentialAction":[{"@type":"ReadAction","target":["https:\/\/zeromagazine.mx\/index.php\/2025\/01\/08\/unete-al-reto-bienestar-en-plaza-satelite\/"]}]},{"@type":"ImageObject","inLanguage":"es","@id":"https:\/\/zeromagazine.mx\/index.php\/2025\/01\/08\/unete-al-reto-bienestar-en-plaza-satelite\/#primaryimage","url":"https:\/\/i0.wp.com\/zeromagazine.mx\/wp-content\/uploads\/2025\/01\/ROPA_PS_MPR_02_944x800.jpg?fit=944%2C800&ssl=1","contentUrl":"https:\/\/i0.wp.com\/zeromagazine.mx\/wp-content\/uploads\/2025\/01\/ROPA_PS_MPR_02_944x800.jpg?fit=944%2C800&ssl=1","width":944,"height":800},{"@type":"BreadcrumbList","@id":"https:\/\/zeromagazine.mx\/index.php\/2025\/01\/08\/unete-al-reto-bienestar-en-plaza-satelite\/#breadcrumb","itemListElement":[{"@type":"ListItem","position":1,"name":"Portada","item":"https:\/\/zeromagazine.mx\/"},{"@type":"ListItem","position":2,"name":"\u00danete al Reto Bienestar en Plaza Sat\u00e9lite\u00a0"}]},{"@type":"WebSite","@id":"https:\/\/zeromagazine.mx\/#website","url":"https:\/\/zeromagazine.mx\/","name":"Zero Magazine","description":"","publisher":{"@id":"https:\/\/zeromagazine.mx\/#organization"},"potentialAction":[{"@type":"SearchAction","target":{"@type":"EntryPoint","urlTemplate":"https:\/\/zeromagazine.mx\/?s={search_term_string}"},"query-input":{"@type":"PropertyValueSpecification","valueRequired":true,"valueName":"search_term_string"}}],"inLanguage":"es"},{"@type":"Organization","@id":"https:\/\/zeromagazine.mx\/#organization","name":"Zero Magazine","url":"https:\/\/zeromagazine.mx\/","logo":{"@type":"ImageObject","inLanguage":"es","@id":"https:\/\/zeromagazine.mx\/#\/schema\/logo\/image\/","url":"https:\/\/i0.wp.com\/zeromagazine.mx\/wp-content\/uploads\/2025\/11\/1.jpeg?fit=1000%2C1000&ssl=1","contentUrl":"https:\/\/i0.wp.com\/zeromagazine.mx\/wp-content\/uploads\/2025\/11\/1.jpeg?fit=1000%2C1000&ssl=1","width":1000,"height":1000,"caption":"Zero Magazine"},"image":{"@id":"https:\/\/zeromagazine.mx\/#\/schema\/logo\/image\/"},"sameAs":["https:\/\/instagram.com\/zeromagazinemx"]},{"@type":"Person","@id":"https:\/\/zeromagazine.mx\/#\/schema\/person\/9aed9f33a7c39af3a348b86d723f7773","name":"zeromagazinemx","image":{"@type":"ImageObject","inLanguage":"es","@id":"https:\/\/zeromagazine.mx\/wp-content\/litespeed\/avatar\/f91dfe5410d5dcb1a576bf8c45983896.jpg?ver=1776966396","url":"https:\/\/zeromagazine.mx\/wp-content\/litespeed\/avatar\/f91dfe5410d5dcb1a576bf8c45983896.jpg?ver=1776966396","contentUrl":"https:\/\/zeromagazine.mx\/wp-content\/litespeed\/avatar\/f91dfe5410d5dcb1a576bf8c45983896.jpg?ver=1776966396","caption":"zeromagazinemx"},"url":"https:\/\/zeromagazine.mx\/index.php\/author\/zeromagazinemx\/"}]}},"jetpack_publicize_connections":[],"jetpack_featured_media_url":"https:\/\/i0.wp.com\/zeromagazine.mx\/wp-content\/uploads\/2025\/01\/ROPA_PS_MPR_02_944x800.jpg?fit=944%2C800&ssl=1","jetpack-related-posts":[{"id":91877,"url":"https:\/\/zeromagazine.mx\/index.php\/2024\/11\/27\/navidad-magica-en-plaza-satelite\/","url_meta":{"origin":94333,"position":0},"title":"\u00abNavidad M\u00e1gica en Plaza Sat\u00e9lite\u00bb","author":"zeromagazinemx","date":"27 de noviembre de 2024","format":false,"excerpt":"\u00bfYa sientes el esp\u00edritu navide\u00f1o? Porque en Plaza Sat\u00e9lite la Navidad lleg\u00f3 con toda la vibra, y est\u00e1 list\u00edsima para hacernos vivir una temporada m\u00e1gica. Desde el 23 de noviembre hasta el 5 de enero, este lugar se llena de luces, actividades, sorpresas y, sobre todo, mucho amor. As\u00ed que\u2026","rel":"","context":"En \u00abViajes\u00bb","block_context":{"text":"Viajes","link":"https:\/\/zeromagazine.mx\/index.php\/category\/lugares\/"},"img":{"alt_text":"","src":"https:\/\/i0.wp.com\/zeromagazine.mx\/wp-content\/uploads\/2024\/11\/Copia-de-PS_NAVIDAD_1920x1080.png?fit=1200%2C676&ssl=1&resize=350%2C200","width":350,"height":200,"srcset":"https:\/\/i0.wp.com\/zeromagazine.mx\/wp-content\/uploads\/2024\/11\/Copia-de-PS_NAVIDAD_1920x1080.png?fit=1200%2C676&ssl=1&resize=350%2C200 1x, https:\/\/i0.wp.com\/zeromagazine.mx\/wp-content\/uploads\/2024\/11\/Copia-de-PS_NAVIDAD_1920x1080.png?fit=1200%2C676&ssl=1&resize=525%2C300 1.5x, https:\/\/i0.wp.com\/zeromagazine.mx\/wp-content\/uploads\/2024\/11\/Copia-de-PS_NAVIDAD_1920x1080.png?fit=1200%2C676&ssl=1&resize=700%2C400 2x, https:\/\/i0.wp.com\/zeromagazine.mx\/wp-content\/uploads\/2024\/11\/Copia-de-PS_NAVIDAD_1920x1080.png?fit=1200%2C676&ssl=1&resize=1050%2C600 3x"},"classes":[]},{"id":86620,"url":"https:\/\/zeromagazine.mx\/index.php\/2024\/10\/14\/rosa-esperanza-y-conciencia\/","url_meta":{"origin":94333,"position":1},"title":"\u00abRosa, Esperanza y Conciencia\u00bb","author":"zeromagazinemx","date":"14 de octubre de 2024","format":false,"excerpt":"Este octubre se siente diferente, y no solo porque el clima empiece a enfriarse o porque los d\u00edas se acorten; es el\u00a0Mes Rosa\u00a0y, con \u00e9l, un llamado a la acci\u00f3n y a la concientizaci\u00f3n sobre el c\u00e1ncer de mama. Este mes,\u00a0Plaza Sat\u00e9lite\u00a0se une a la lucha, y te traigo todo\u2026","rel":"","context":"En \u00abBienestar\u00bb","block_context":{"text":"Bienestar","link":"https:\/\/zeromagazine.mx\/index.php\/category\/lifestyle\/bienestar\/"},"img":{"alt_text":"","src":"https:\/\/i0.wp.com\/zeromagazine.mx\/wp-content\/uploads\/2024\/10\/PLASA_DesdeSiempre_Parque.jpg?fit=1200%2C675&ssl=1&resize=350%2C200","width":350,"height":200,"srcset":"https:\/\/i0.wp.com\/zeromagazine.mx\/wp-content\/uploads\/2024\/10\/PLASA_DesdeSiempre_Parque.jpg?fit=1200%2C675&ssl=1&resize=350%2C200 1x, https:\/\/i0.wp.com\/zeromagazine.mx\/wp-content\/uploads\/2024\/10\/PLASA_DesdeSiempre_Parque.jpg?fit=1200%2C675&ssl=1&resize=525%2C300 1.5x, https:\/\/i0.wp.com\/zeromagazine.mx\/wp-content\/uploads\/2024\/10\/PLASA_DesdeSiempre_Parque.jpg?fit=1200%2C675&ssl=1&resize=700%2C400 2x, https:\/\/i0.wp.com\/zeromagazine.mx\/wp-content\/uploads\/2024\/10\/PLASA_DesdeSiempre_Parque.jpg?fit=1200%2C675&ssl=1&resize=1050%2C600 3x"},"classes":[]},{"id":92049,"url":"https:\/\/zeromagazine.mx\/index.php\/2024\/12\/02\/navidad-magica-en-plaza-satelite-2\/","url_meta":{"origin":94333,"position":2},"title":"\u00abNavidad M\u00e1gica en Plaza Sat\u00e9lite\u00bb","author":"zeromagazinemx","date":"2 de diciembre de 2024","format":false,"excerpt":"\u00bfListxs para entrar en\u00a0full Christmas mode? Porque Plaza Sat\u00e9lite ya puso el arbolito y no viene solo: trae una serie de actividades que van a hacer que tu diciembre sea inolvidable. Desde el 23 de noviembre hasta el 5 de enero, este spot se transforma en un lugar lleno de\u2026","rel":"","context":"En \u00abEntretenimiento\u00bb","block_context":{"text":"Entretenimiento","link":"https:\/\/zeromagazine.mx\/index.php\/category\/entretenimiento\/"},"img":{"alt_text":"","src":"https:\/\/i0.wp.com\/zeromagazine.mx\/wp-content\/uploads\/2024\/12\/Copia-de-PS_NAVIDAD_1920x1080.png?fit=1200%2C676&ssl=1&resize=350%2C200","width":350,"height":200,"srcset":"https:\/\/i0.wp.com\/zeromagazine.mx\/wp-content\/uploads\/2024\/12\/Copia-de-PS_NAVIDAD_1920x1080.png?fit=1200%2C676&ssl=1&resize=350%2C200 1x, https:\/\/i0.wp.com\/zeromagazine.mx\/wp-content\/uploads\/2024\/12\/Copia-de-PS_NAVIDAD_1920x1080.png?fit=1200%2C676&ssl=1&resize=525%2C300 1.5x, https:\/\/i0.wp.com\/zeromagazine.mx\/wp-content\/uploads\/2024\/12\/Copia-de-PS_NAVIDAD_1920x1080.png?fit=1200%2C676&ssl=1&resize=700%2C400 2x, https:\/\/i0.wp.com\/zeromagazine.mx\/wp-content\/uploads\/2024\/12\/Copia-de-PS_NAVIDAD_1920x1080.png?fit=1200%2C676&ssl=1&resize=1050%2C600 3x"},"classes":[]},{"id":88657,"url":"https:\/\/zeromagazine.mx\/index.php\/2024\/10\/29\/fiesta-de-muertos-vibra-infinita\/","url_meta":{"origin":94333,"position":3},"title":"\u00abFiesta de Muertos: \u00a1Vibra Infinita!\u00bb","author":"zeromagazinemx","date":"29 de octubre de 2024","format":false,"excerpt":"\u00a1Hey, fam! \u00bfListos para una fiesta \u00e9pica? Este 2 de noviembre, Parque Plaza Sat\u00e9lite est\u00e1 tirando la casa por la ventana para celebrar su cuarto aniversario con una experiencia de D\u00eda de Muertos inolvidable\u00a0. La neta, el D\u00eda de Muertos es una de esas tradiciones que nos conecta con nuestras\u2026","rel":"","context":"En \u00abEntretenimiento\u00bb","block_context":{"text":"Entretenimiento","link":"https:\/\/zeromagazine.mx\/index.php\/category\/entretenimiento\/"},"img":{"alt_text":"","src":"https:\/\/i0.wp.com\/zeromagazine.mx\/wp-content\/uploads\/2024\/10\/PS_DIG_01_TWITTER_1024x512.jpg?fit=1025%2C513&ssl=1&resize=350%2C200","width":350,"height":200,"srcset":"https:\/\/i0.wp.com\/zeromagazine.mx\/wp-content\/uploads\/2024\/10\/PS_DIG_01_TWITTER_1024x512.jpg?fit=1025%2C513&ssl=1&resize=350%2C200 1x, https:\/\/i0.wp.com\/zeromagazine.mx\/wp-content\/uploads\/2024\/10\/PS_DIG_01_TWITTER_1024x512.jpg?fit=1025%2C513&ssl=1&resize=525%2C300 1.5x, https:\/\/i0.wp.com\/zeromagazine.mx\/wp-content\/uploads\/2024\/10\/PS_DIG_01_TWITTER_1024x512.jpg?fit=1025%2C513&ssl=1&resize=700%2C400 2x"},"classes":[]},{"id":96697,"url":"https:\/\/zeromagazine.mx\/index.php\/2025\/02\/13\/amor-en-plaza-satelite\/","url_meta":{"origin":94333,"position":4},"title":"Vive el amor en Plaza Sat\u00e9lite","author":"David Morales","date":"13 de febrero de 2025","format":false,"excerpt":"El 14 de febrero es la excusa perfecta para salir de la rutina y celebrar el amor y la amistad. Este a\u00f1o, Plaza Sat\u00e9lite ofrece actividades que van m\u00e1s all\u00e1 de lo t\u00edpico, convirtiendo este mes en una experiencia para compartir, crear y sorprender a esas personas especiales. Un mes\u2026","rel":"","context":"En \u00abViajes\u00bb","block_context":{"text":"Viajes","link":"https:\/\/zeromagazine.mx\/index.php\/category\/lugares\/"},"img":{"alt_text":"","src":"https:\/\/i0.wp.com\/zeromagazine.mx\/wp-content\/uploads\/2025\/02\/INMALL-VALENTINES-PLASA_PS_MPR_01-1.jpg?fit=1200%2C675&ssl=1&resize=350%2C200","width":350,"height":200,"srcset":"https:\/\/i0.wp.com\/zeromagazine.mx\/wp-content\/uploads\/2025\/02\/INMALL-VALENTINES-PLASA_PS_MPR_01-1.jpg?fit=1200%2C675&ssl=1&resize=350%2C200 1x, https:\/\/i0.wp.com\/zeromagazine.mx\/wp-content\/uploads\/2025\/02\/INMALL-VALENTINES-PLASA_PS_MPR_01-1.jpg?fit=1200%2C675&ssl=1&resize=525%2C300 1.5x, https:\/\/i0.wp.com\/zeromagazine.mx\/wp-content\/uploads\/2025\/02\/INMALL-VALENTINES-PLASA_PS_MPR_01-1.jpg?fit=1200%2C675&ssl=1&resize=700%2C400 2x, https:\/\/i0.wp.com\/zeromagazine.mx\/wp-content\/uploads\/2025\/02\/INMALL-VALENTINES-PLASA_PS_MPR_01-1.jpg?fit=1200%2C675&ssl=1&resize=1050%2C600 3x"},"classes":[]},{"id":75644,"url":"https:\/\/zeromagazine.mx\/index.php\/2024\/05\/08\/celebra-a-mama-en-plaza-satelite\/","url_meta":{"origin":94333,"position":5},"title":"\u00a1Celebra a Mam\u00e1 en Plaza Sat\u00e9lite!","author":"zeromagazinemx","date":"8 de mayo de 2024","format":false,"excerpt":"Se acerca el D\u00eda de las Madres y en Plaza Sat\u00e9lite estamos listos para celebrar a todas esas mam\u00e1s incre\u00edbles que nos llenan de amor y alegr\u00eda. Del 10 al 12 de mayo, prep\u00e1rate para un fin de semana lleno de sorpresas y diversi\u00f3n que no te querr\u00e1s perder. Para\u2026","rel":"","context":"En \u00abBlog\u00bb","block_context":{"text":"Blog","link":"https:\/\/zeromagazine.mx\/index.php\/category\/blog\/"},"img":{"alt_text":"","src":"https:\/\/i0.wp.com\/zeromagazine.mx\/wp-content\/uploads\/2024\/05\/plaza-satelite-4.jpeg?fit=1200%2C727&ssl=1&resize=350%2C200","width":350,"height":200,"srcset":"https:\/\/i0.wp.com\/zeromagazine.mx\/wp-content\/uploads\/2024\/05\/plaza-satelite-4.jpeg?fit=1200%2C727&ssl=1&resize=350%2C200 1x, https:\/\/i0.wp.com\/zeromagazine.mx\/wp-content\/uploads\/2024\/05\/plaza-satelite-4.jpeg?fit=1200%2C727&ssl=1&resize=525%2C300 1.5x, https:\/\/i0.wp.com\/zeromagazine.mx\/wp-content\/uploads\/2024\/05\/plaza-satelite-4.jpeg?fit=1200%2C727&ssl=1&resize=700%2C400 2x, https:\/\/i0.wp.com\/zeromagazine.mx\/wp-content\/uploads\/2024\/05\/plaza-satelite-4.jpeg?fit=1200%2C727&ssl=1&resize=1050%2C600 3x"},"classes":[]}],"jetpack_sharing_enabled":true,"builder_content":"","_links":{"self":[{"href":"https:\/\/zeromagazine.mx\/index.php\/wp-json\/wp\/v2\/posts\/94333","targetHints":{"allow":["GET"]}}],"collection":[{"href":"https:\/\/zeromagazine.mx\/index.php\/wp-json\/wp\/v2\/posts"}],"about":[{"href":"https:\/\/zeromagazine.mx\/index.php\/wp-json\/wp\/v2\/types\/post"}],"author":[{"embeddable":true,"href":"https:\/\/zeromagazine.mx\/index.php\/wp-json\/wp\/v2\/users\/2"}],"replies":[{"embeddable":true,"href":"https:\/\/zeromagazine.mx\/index.php\/wp-json\/wp\/v2\/comments?post=94333"}],"version-history":[{"count":5,"href":"https:\/\/zeromagazine.mx\/index.php\/wp-json\/wp\/v2\/posts\/94333\/revisions"}],"predecessor-version":[{"id":94340,"href":"https:\/\/zeromagazine.mx\/index.php\/wp-json\/wp\/v2\/posts\/94333\/revisions\/94340"}],"wp:featuredmedia":[{"embeddable":true,"href":"https:\/\/zeromagazine.mx\/index.php\/wp-json\/wp\/v2\/media\/94334"}],"wp:attachment":[{"href":"https:\/\/zeromagazine.mx\/index.php\/wp-json\/wp\/v2\/media?parent=94333"}],"wp:term":[{"taxonomy":"category","embeddable":true,"href":"https:\/\/zeromagazine.mx\/index.php\/wp-json\/wp\/v2\/categories?post=94333"},{"taxonomy":"post_tag","embeddable":true,"href":"https:\/\/zeromagazine.mx\/index.php\/wp-json\/wp\/v2\/tags?post=94333"}],"curies":[{"name":"wp","href":"https:\/\/api.w.org\/{rel}","templated":true}]}}