{"id":94344,"date":"2025-01-08T19:06:40","date_gmt":"2025-01-08T18:06:40","guid":{"rendered":"https:\/\/zeromagazine.mx\/?p=94344"},"modified":"2025-01-08T19:06:42","modified_gmt":"2025-01-08T18:06:42","slug":"reserva-santa-fe-futuro-sostenible","status":"publish","type":"post","link":"https:\/\/zeromagazine.mx\/index.php\/2025\/01\/08\/reserva-santa-fe-futuro-sostenible\/","title":{"rendered":"Reserva Santa Fe: Futuro Sostenible"},"content":{"rendered":"<!--themify_builder_content-->\n<div id=\"themify_builder_content-94344\" data-postid=\"94344\" class=\"themify_builder_content themify_builder_content-94344 themify_builder tf_clear\">\n    <\/div>\n<!--\/themify_builder_content-->\n\n\n<p><br><strong>Reserva Santa Fe\u00a0<\/strong><\/p>\n\n\n\n<p>Reserva Santa Fe\u00a0viene con todo este a\u00f1o. Amix, el 2025 ya est\u00e1 aqu\u00ed y con \u00e9l llegan las tendencias que nos van a cambiar la vida (literal). Este nuevo a\u00f1o viene cargado de dos pilares clave: sostenibilidad e inteligencia artificial. S\u00ed, el 2024 nos dej\u00f3 clarito que el cambio clim\u00e1tico no se detiene, pero tambi\u00e9n que la tecnolog\u00eda puede ser nuestra mejor aliada para hacerle frente. La ONU ya dijo que para 2030 necesitamos cortar las emisiones de gases de efecto invernadero en un 42%. O sea, nos toca actuar\u00a0<em>ya<\/em>\u00a0y estas nuevas tendencias son el primer paso.<\/p>\n\n\n\n<h3 class=\"wp-block-heading\">Innovaci\u00f3n que suma, no resta<\/h3>\n\n\n\n<figure class=\"wp-block-image size-full\"><img data-recalc-dims=\"1\" decoding=\"async\" width=\"1165\" height=\"776\" src=\"https:\/\/i0.wp.com\/zeromagazine.mx\/wp-content\/uploads\/2025\/01\/WhatsApp-Image-2024-12-03-at-11.59.44-1.jpeg?resize=1165%2C776&#038;ssl=1\" alt=\"\" class=\"wp-image-94345\" srcset=\"https:\/\/i0.wp.com\/zeromagazine.mx\/wp-content\/uploads\/2025\/01\/WhatsApp-Image-2024-12-03-at-11.59.44-1.jpeg?w=1280&amp;ssl=1 1280w, https:\/\/i0.wp.com\/zeromagazine.mx\/wp-content\/uploads\/2025\/01\/WhatsApp-Image-2024-12-03-at-11.59.44-1.jpeg?resize=300%2C200&amp;ssl=1 300w, https:\/\/i0.wp.com\/zeromagazine.mx\/wp-content\/uploads\/2025\/01\/WhatsApp-Image-2024-12-03-at-11.59.44-1.jpeg?resize=1024%2C682&amp;ssl=1 1024w, https:\/\/i0.wp.com\/zeromagazine.mx\/wp-content\/uploads\/2025\/01\/WhatsApp-Image-2024-12-03-at-11.59.44-1.jpeg?resize=768%2C512&amp;ssl=1 768w\" sizes=\"(max-width: 1165px) 100vw, 1165px\" \/><\/figure>\n\n\n\n\n<script async src=\"https:\/\/pagead2.googlesyndication.com\/pagead\/js\/adsbygoogle.js?client=ca-pub-5499304793904745\"\n     crossorigin=\"anonymous\"><\/script>\n<ins class=\"adsbygoogle\"\n     style=\"display:block; text-align:center;\"\n     data-ad-layout=\"in-article\"\n     data-ad-format=\"fluid\"\n     data-ad-client=\"ca-pub-5499304793904745\"\n     data-ad-slot=\"5994863093\"><\/ins>\n<script>\n     (adsbygoogle = window.adsbygoogle || []).push({});\n<\/script>\n\n\n\n<p>Primero, la sostenibilidad es el eje central en la construcci\u00f3n moderna. Materiales como bamb\u00fa, concreto reciclado y madera certificada est\u00e1n liderando el camino, haciendo que los edificios sean m\u00e1s ecofriendly que nunca. Adem\u00e1s, el concepto de econom\u00eda circular est\u00e1 revolucionando la industria al reutilizar materiales y reducir residuos. El CEO de Reserva Santa Fe, Armando Turrent, lo dej\u00f3 claro: \u201cHoy construir sin pensar en el impacto ambiental ya no es una opci\u00f3n\u201d.&nbsp;<strong>Construyendo un mundo mejor<\/strong>, literal.<\/p>\n\n\n\n<h3 class=\"wp-block-heading\">Tecnolog\u00eda para transformar<\/h3>\n\n\n\n<p>Por otro lado, no podemos ignorar c\u00f3mo la tecnolog\u00eda est\u00e1 redefiniendo el juego. Herramientas como el Building Information Modeling (BIM) permiten planificar con precisi\u00f3n, optimizando recursos desde el dise\u00f1o hasta la operaci\u00f3n. Imag\u00ednate edificios inteligentes llenos de sensores que controlan el consumo de agua y energ\u00eda. Reserva Santa Fe ya instal\u00f3 60 paneles solares y usa softwares que logran reducir el consumo de energ\u00eda en un 70%. Todo esto es un ejemplo de c\u00f3mo la tecnolog\u00eda puede alinearse con la sostenibilidad.<\/p>\n\n\n\n<h3 class=\"wp-block-heading\">Espacios flexibles y resilientes<\/h3>\n\n\n\n<p>Pero, obvio, no todo es tecnolog\u00eda. La pandemia cambi\u00f3 nuestras prioridades, y ahora los espacios multifuncionales son lo m\u00e1s hot. Dise\u00f1os modulares y flexibles permiten adaptarse a nuestras necesidades, mientras que la resiliencia clim\u00e1tica se vuelve un&nbsp;<em>must<\/em>&nbsp;en pa\u00edses como M\u00e9xico, donde los desastres naturales son una realidad constante.<\/p>\n\n\n\n<h3 class=\"wp-block-heading\">Dise\u00f1o que conecta con la naturaleza<\/h3>\n\n\n\n<figure class=\"wp-block-image size-full\"><img data-recalc-dims=\"1\" decoding=\"async\" width=\"1165\" height=\"668\" src=\"https:\/\/i0.wp.com\/zeromagazine.mx\/wp-content\/uploads\/2025\/01\/WhatsApp-Image-2024-12-03-at-11.59.44-2.jpeg?resize=1165%2C668&#038;ssl=1\" alt=\"\" class=\"wp-image-94346\" srcset=\"https:\/\/i0.wp.com\/zeromagazine.mx\/wp-content\/uploads\/2025\/01\/WhatsApp-Image-2024-12-03-at-11.59.44-2.jpeg?w=1200&amp;ssl=1 1200w, https:\/\/i0.wp.com\/zeromagazine.mx\/wp-content\/uploads\/2025\/01\/WhatsApp-Image-2024-12-03-at-11.59.44-2.jpeg?resize=300%2C172&amp;ssl=1 300w, https:\/\/i0.wp.com\/zeromagazine.mx\/wp-content\/uploads\/2025\/01\/WhatsApp-Image-2024-12-03-at-11.59.44-2.jpeg?resize=1024%2C587&amp;ssl=1 1024w, https:\/\/i0.wp.com\/zeromagazine.mx\/wp-content\/uploads\/2025\/01\/WhatsApp-Image-2024-12-03-at-11.59.44-2.jpeg?resize=768%2C440&amp;ssl=1 768w\" sizes=\"(max-width: 1165px) 100vw, 1165px\" \/><\/figure>\n\n\n\n\n<script async src=\"https:\/\/pagead2.googlesyndication.com\/pagead\/js\/adsbygoogle.js?client=ca-pub-5499304793904745\"\n     crossorigin=\"anonymous\"><\/script>\n<ins class=\"adsbygoogle\"\n     style=\"display:block; text-align:center;\"\n     data-ad-layout=\"in-article\"\n     data-ad-format=\"fluid\"\n     data-ad-client=\"ca-pub-5499304793904745\"\n     data-ad-slot=\"5994863093\"><\/ins>\n<script>\n     (adsbygoogle = window.adsbygoogle || []).push({});\n<\/script>\n\n\n\n<p>Y hablando de necesidades, la conexi\u00f3n con la naturaleza tambi\u00e9n es clave. Jardines verticales, patios interiores y luz natural mejoran nuestra salud f\u00edsica y mental. No por nada, el dise\u00f1o biof\u00edlico est\u00e1 ganando terreno en desarrollos tur\u00edsticos y residenciales. \u00bfEl objetivo? Un estilo de vida equilibrado y saludable.&nbsp;<strong>Construyendo un mundo mejor<\/strong>&nbsp;para ti y para el planeta.<\/p>\n\n\n\n<h3 class=\"wp-block-heading\">El reto del ma\u00f1ana<\/h3>\n\n\n\n<p>El futuro de la construcci\u00f3n es una mezcla de tecnolog\u00eda, sostenibilidad y adaptabilidad. Como dice Turrent, \u201cNo se trata solo de construir edificios, sino de crear espacios que impacten positivamente en las personas y el planeta\u201d. Si quieres saber m\u00e1s sobre proyectos como Reserva Santa Fe, checa su p\u00e1gina en\u00a0<a href=\"http:\/\/www.reservasantafe.com\/\">www.reservasantafe.com<\/a>. Spoiler alert: te van a sorprender.<\/p>\n\n\n\n<p><\/p>","protected":false},"excerpt":{"rendered":"<p>Reserva Santa Fe\u00a0 Reserva Santa Fe\u00a0viene con todo este a\u00f1o. Amix, el 2025 ya est\u00e1 aqu\u00ed y con \u00e9l llegan las tendencias que nos van a cambiar la vida (literal). Este nuevo a\u00f1o viene cargado de dos pilares clave: sostenibilidad e inteligencia artificial. S\u00ed, el 2024 nos dej\u00f3 clarito que el cambio clim\u00e1tico no se [&hellip;]<\/p>\n","protected":false},"author":2,"featured_media":94345,"comment_status":"open","ping_status":"open","sticky":false,"template":"","format":"standard","meta":{"_jetpack_memberships_contains_paid_content":false,"footnotes":"","jetpack_publicize_message":"","jetpack_publicize_feature_enabled":true,"jetpack_social_post_already_shared":true,"jetpack_social_options":{"image_generator_settings":{"template":"highway","default_image_id":0,"font":"","enabled":false},"version":2}},"categories":[322],"tags":[12302,11315],"class_list":["post-94344","post","type-post","status-publish","format-standard","has-post-thumbnail","hentry","category-lugares","tag-futuro-sostenible","tag-reserva-santa-fe","has-post-title","has-post-date","has-post-category","has-post-tag","has-post-comment","has-post-author",""],"yoast_head":"<!-- This site is optimized with the Yoast SEO plugin v27.4 - https:\/\/yoast.com\/product\/yoast-seo-wordpress\/ -->\n<title>Reserva Santa Fe: Futuro Sostenible - Zero Magazine<\/title>\n<meta name=\"description\" content=\"Descubre las tendencias inmobiliarias sostenibles para 2025: tecnolog\u00eda, resiliencia clim\u00e1tica y dise\u00f1o biof\u00edlico que redefinen el futuro.\" \/>\n<meta name=\"robots\" content=\"index, follow, max-snippet:-1, max-image-preview:large, max-video-preview:-1\" \/>\n<link rel=\"canonical\" href=\"https:\/\/zeromagazine.mx\/index.php\/2025\/01\/08\/reserva-santa-fe-futuro-sostenible\/\" \/>\n<meta property=\"og:locale\" content=\"es_ES\" \/>\n<meta property=\"og:type\" content=\"article\" \/>\n<meta property=\"og:title\" content=\"Reserva Santa Fe: Futuro Sostenible - Zero Magazine\" \/>\n<meta property=\"og:description\" content=\"Descubre las tendencias inmobiliarias sostenibles para 2025: tecnolog\u00eda, resiliencia clim\u00e1tica y dise\u00f1o biof\u00edlico que redefinen el futuro.\" \/>\n<meta property=\"og:url\" content=\"https:\/\/zeromagazine.mx\/index.php\/2025\/01\/08\/reserva-santa-fe-futuro-sostenible\/\" \/>\n<meta property=\"og:site_name\" content=\"Zero Magazine\" \/>\n<meta property=\"article:published_time\" content=\"2025-01-08T18:06:40+00:00\" \/>\n<meta property=\"article:modified_time\" content=\"2025-01-08T18:06:42+00:00\" \/>\n<meta property=\"og:image\" content=\"http:\/\/zeromagazine.mx\/wp-content\/uploads\/2025\/01\/WhatsApp-Image-2024-12-03-at-11.59.44-1.jpeg\" \/>\n\t<meta property=\"og:image:width\" content=\"1280\" \/>\n\t<meta property=\"og:image:height\" content=\"853\" \/>\n\t<meta property=\"og:image:type\" content=\"image\/jpeg\" \/>\n<meta name=\"author\" content=\"zeromagazinemx\" \/>\n<meta name=\"twitter:card\" content=\"summary_large_image\" \/>\n<meta name=\"twitter:label1\" content=\"Escrito por\" \/>\n\t<meta name=\"twitter:data1\" content=\"zeromagazinemx\" \/>\n\t<meta name=\"twitter:label2\" content=\"Tiempo de lectura\" \/>\n\t<meta name=\"twitter:data2\" content=\"3 minutos\" \/>\n<script type=\"application\/ld+json\" class=\"yoast-schema-graph\">{\"@context\":\"https:\\\/\\\/schema.org\",\"@graph\":[{\"@type\":\"Article\",\"@id\":\"https:\\\/\\\/zeromagazine.mx\\\/index.php\\\/2025\\\/01\\\/08\\\/reserva-santa-fe-futuro-sostenible\\\/#article\",\"isPartOf\":{\"@id\":\"https:\\\/\\\/zeromagazine.mx\\\/index.php\\\/2025\\\/01\\\/08\\\/reserva-santa-fe-futuro-sostenible\\\/\"},\"author\":{\"name\":\"zeromagazinemx\",\"@id\":\"https:\\\/\\\/zeromagazine.mx\\\/#\\\/schema\\\/person\\\/9aed9f33a7c39af3a348b86d723f7773\"},\"headline\":\"Reserva Santa Fe: Futuro Sostenible\",\"datePublished\":\"2025-01-08T18:06:40+00:00\",\"dateModified\":\"2025-01-08T18:06:42+00:00\",\"mainEntityOfPage\":{\"@id\":\"https:\\\/\\\/zeromagazine.mx\\\/index.php\\\/2025\\\/01\\\/08\\\/reserva-santa-fe-futuro-sostenible\\\/\"},\"wordCount\":495,\"commentCount\":0,\"publisher\":{\"@id\":\"https:\\\/\\\/zeromagazine.mx\\\/#organization\"},\"image\":{\"@id\":\"https:\\\/\\\/zeromagazine.mx\\\/index.php\\\/2025\\\/01\\\/08\\\/reserva-santa-fe-futuro-sostenible\\\/#primaryimage\"},\"thumbnailUrl\":\"https:\\\/\\\/i0.wp.com\\\/zeromagazine.mx\\\/wp-content\\\/uploads\\\/2025\\\/01\\\/WhatsApp-Image-2024-12-03-at-11.59.44-1.jpeg?fit=1280%2C853&ssl=1\",\"keywords\":[\"futuro sostenible\",\"Reserva Santa Fe\"],\"articleSection\":[\"Viajes\"],\"inLanguage\":\"es\",\"potentialAction\":[{\"@type\":\"CommentAction\",\"name\":\"Comment\",\"target\":[\"https:\\\/\\\/zeromagazine.mx\\\/index.php\\\/2025\\\/01\\\/08\\\/reserva-santa-fe-futuro-sostenible\\\/#respond\"]}]},{\"@type\":\"WebPage\",\"@id\":\"https:\\\/\\\/zeromagazine.mx\\\/index.php\\\/2025\\\/01\\\/08\\\/reserva-santa-fe-futuro-sostenible\\\/\",\"url\":\"https:\\\/\\\/zeromagazine.mx\\\/index.php\\\/2025\\\/01\\\/08\\\/reserva-santa-fe-futuro-sostenible\\\/\",\"name\":\"Reserva Santa Fe: Futuro Sostenible - Zero Magazine\",\"isPartOf\":{\"@id\":\"https:\\\/\\\/zeromagazine.mx\\\/#website\"},\"primaryImageOfPage\":{\"@id\":\"https:\\\/\\\/zeromagazine.mx\\\/index.php\\\/2025\\\/01\\\/08\\\/reserva-santa-fe-futuro-sostenible\\\/#primaryimage\"},\"image\":{\"@id\":\"https:\\\/\\\/zeromagazine.mx\\\/index.php\\\/2025\\\/01\\\/08\\\/reserva-santa-fe-futuro-sostenible\\\/#primaryimage\"},\"thumbnailUrl\":\"https:\\\/\\\/i0.wp.com\\\/zeromagazine.mx\\\/wp-content\\\/uploads\\\/2025\\\/01\\\/WhatsApp-Image-2024-12-03-at-11.59.44-1.jpeg?fit=1280%2C853&ssl=1\",\"datePublished\":\"2025-01-08T18:06:40+00:00\",\"dateModified\":\"2025-01-08T18:06:42+00:00\",\"description\":\"Descubre las tendencias inmobiliarias sostenibles para 2025: tecnolog\u00eda, resiliencia clim\u00e1tica y dise\u00f1o biof\u00edlico que redefinen el futuro.\",\"breadcrumb\":{\"@id\":\"https:\\\/\\\/zeromagazine.mx\\\/index.php\\\/2025\\\/01\\\/08\\\/reserva-santa-fe-futuro-sostenible\\\/#breadcrumb\"},\"inLanguage\":\"es\",\"potentialAction\":[{\"@type\":\"ReadAction\",\"target\":[\"https:\\\/\\\/zeromagazine.mx\\\/index.php\\\/2025\\\/01\\\/08\\\/reserva-santa-fe-futuro-sostenible\\\/\"]}]},{\"@type\":\"ImageObject\",\"inLanguage\":\"es\",\"@id\":\"https:\\\/\\\/zeromagazine.mx\\\/index.php\\\/2025\\\/01\\\/08\\\/reserva-santa-fe-futuro-sostenible\\\/#primaryimage\",\"url\":\"https:\\\/\\\/i0.wp.com\\\/zeromagazine.mx\\\/wp-content\\\/uploads\\\/2025\\\/01\\\/WhatsApp-Image-2024-12-03-at-11.59.44-1.jpeg?fit=1280%2C853&ssl=1\",\"contentUrl\":\"https:\\\/\\\/i0.wp.com\\\/zeromagazine.mx\\\/wp-content\\\/uploads\\\/2025\\\/01\\\/WhatsApp-Image-2024-12-03-at-11.59.44-1.jpeg?fit=1280%2C853&ssl=1\",\"width\":1280,\"height\":853},{\"@type\":\"BreadcrumbList\",\"@id\":\"https:\\\/\\\/zeromagazine.mx\\\/index.php\\\/2025\\\/01\\\/08\\\/reserva-santa-fe-futuro-sostenible\\\/#breadcrumb\",\"itemListElement\":[{\"@type\":\"ListItem\",\"position\":1,\"name\":\"Portada\",\"item\":\"https:\\\/\\\/zeromagazine.mx\\\/\"},{\"@type\":\"ListItem\",\"position\":2,\"name\":\"Reserva Santa Fe: Futuro Sostenible\"}]},{\"@type\":\"WebSite\",\"@id\":\"https:\\\/\\\/zeromagazine.mx\\\/#website\",\"url\":\"https:\\\/\\\/zeromagazine.mx\\\/\",\"name\":\"Zero Magazine\",\"description\":\"\",\"publisher\":{\"@id\":\"https:\\\/\\\/zeromagazine.mx\\\/#organization\"},\"potentialAction\":[{\"@type\":\"SearchAction\",\"target\":{\"@type\":\"EntryPoint\",\"urlTemplate\":\"https:\\\/\\\/zeromagazine.mx\\\/?s={search_term_string}\"},\"query-input\":{\"@type\":\"PropertyValueSpecification\",\"valueRequired\":true,\"valueName\":\"search_term_string\"}}],\"inLanguage\":\"es\"},{\"@type\":\"Organization\",\"@id\":\"https:\\\/\\\/zeromagazine.mx\\\/#organization\",\"name\":\"Zero Magazine\",\"url\":\"https:\\\/\\\/zeromagazine.mx\\\/\",\"logo\":{\"@type\":\"ImageObject\",\"inLanguage\":\"es\",\"@id\":\"https:\\\/\\\/zeromagazine.mx\\\/#\\\/schema\\\/logo\\\/image\\\/\",\"url\":\"https:\\\/\\\/i0.wp.com\\\/zeromagazine.mx\\\/wp-content\\\/uploads\\\/2025\\\/11\\\/1.jpeg?fit=1000%2C1000&ssl=1\",\"contentUrl\":\"https:\\\/\\\/i0.wp.com\\\/zeromagazine.mx\\\/wp-content\\\/uploads\\\/2025\\\/11\\\/1.jpeg?fit=1000%2C1000&ssl=1\",\"width\":1000,\"height\":1000,\"caption\":\"Zero Magazine\"},\"image\":{\"@id\":\"https:\\\/\\\/zeromagazine.mx\\\/#\\\/schema\\\/logo\\\/image\\\/\"},\"sameAs\":[\"https:\\\/\\\/instagram.com\\\/zeromagazinemx\"]},{\"@type\":\"Person\",\"@id\":\"https:\\\/\\\/zeromagazine.mx\\\/#\\\/schema\\\/person\\\/9aed9f33a7c39af3a348b86d723f7773\",\"name\":\"zeromagazinemx\",\"image\":{\"@type\":\"ImageObject\",\"inLanguage\":\"es\",\"@id\":\"https:\\\/\\\/zeromagazine.mx\\\/wp-content\\\/litespeed\\\/avatar\\\/f91dfe5410d5dcb1a576bf8c45983896.jpg?ver=1776966396\",\"url\":\"https:\\\/\\\/zeromagazine.mx\\\/wp-content\\\/litespeed\\\/avatar\\\/f91dfe5410d5dcb1a576bf8c45983896.jpg?ver=1776966396\",\"contentUrl\":\"https:\\\/\\\/zeromagazine.mx\\\/wp-content\\\/litespeed\\\/avatar\\\/f91dfe5410d5dcb1a576bf8c45983896.jpg?ver=1776966396\",\"caption\":\"zeromagazinemx\"},\"url\":\"https:\\\/\\\/zeromagazine.mx\\\/index.php\\\/author\\\/zeromagazinemx\\\/\"}]}<\/script>\n<!-- \/ Yoast SEO plugin. -->","yoast_head_json":{"title":"Reserva Santa Fe: Futuro Sostenible - Zero Magazine","description":"Descubre las tendencias inmobiliarias sostenibles para 2025: tecnolog\u00eda, resiliencia clim\u00e1tica y dise\u00f1o biof\u00edlico que redefinen el futuro.","robots":{"index":"index","follow":"follow","max-snippet":"max-snippet:-1","max-image-preview":"max-image-preview:large","max-video-preview":"max-video-preview:-1"},"canonical":"https:\/\/zeromagazine.mx\/index.php\/2025\/01\/08\/reserva-santa-fe-futuro-sostenible\/","og_locale":"es_ES","og_type":"article","og_title":"Reserva Santa Fe: Futuro Sostenible - Zero Magazine","og_description":"Descubre las tendencias inmobiliarias sostenibles para 2025: tecnolog\u00eda, resiliencia clim\u00e1tica y dise\u00f1o biof\u00edlico que redefinen el futuro.","og_url":"https:\/\/zeromagazine.mx\/index.php\/2025\/01\/08\/reserva-santa-fe-futuro-sostenible\/","og_site_name":"Zero Magazine","article_published_time":"2025-01-08T18:06:40+00:00","article_modified_time":"2025-01-08T18:06:42+00:00","og_image":[{"width":1280,"height":853,"url":"http:\/\/zeromagazine.mx\/wp-content\/uploads\/2025\/01\/WhatsApp-Image-2024-12-03-at-11.59.44-1.jpeg","type":"image\/jpeg"}],"author":"zeromagazinemx","twitter_card":"summary_large_image","twitter_misc":{"Escrito por":"zeromagazinemx","Tiempo de lectura":"3 minutos"},"schema":{"@context":"https:\/\/schema.org","@graph":[{"@type":"Article","@id":"https:\/\/zeromagazine.mx\/index.php\/2025\/01\/08\/reserva-santa-fe-futuro-sostenible\/#article","isPartOf":{"@id":"https:\/\/zeromagazine.mx\/index.php\/2025\/01\/08\/reserva-santa-fe-futuro-sostenible\/"},"author":{"name":"zeromagazinemx","@id":"https:\/\/zeromagazine.mx\/#\/schema\/person\/9aed9f33a7c39af3a348b86d723f7773"},"headline":"Reserva Santa Fe: Futuro Sostenible","datePublished":"2025-01-08T18:06:40+00:00","dateModified":"2025-01-08T18:06:42+00:00","mainEntityOfPage":{"@id":"https:\/\/zeromagazine.mx\/index.php\/2025\/01\/08\/reserva-santa-fe-futuro-sostenible\/"},"wordCount":495,"commentCount":0,"publisher":{"@id":"https:\/\/zeromagazine.mx\/#organization"},"image":{"@id":"https:\/\/zeromagazine.mx\/index.php\/2025\/01\/08\/reserva-santa-fe-futuro-sostenible\/#primaryimage"},"thumbnailUrl":"https:\/\/i0.wp.com\/zeromagazine.mx\/wp-content\/uploads\/2025\/01\/WhatsApp-Image-2024-12-03-at-11.59.44-1.jpeg?fit=1280%2C853&ssl=1","keywords":["futuro sostenible","Reserva Santa Fe"],"articleSection":["Viajes"],"inLanguage":"es","potentialAction":[{"@type":"CommentAction","name":"Comment","target":["https:\/\/zeromagazine.mx\/index.php\/2025\/01\/08\/reserva-santa-fe-futuro-sostenible\/#respond"]}]},{"@type":"WebPage","@id":"https:\/\/zeromagazine.mx\/index.php\/2025\/01\/08\/reserva-santa-fe-futuro-sostenible\/","url":"https:\/\/zeromagazine.mx\/index.php\/2025\/01\/08\/reserva-santa-fe-futuro-sostenible\/","name":"Reserva Santa Fe: Futuro Sostenible - Zero Magazine","isPartOf":{"@id":"https:\/\/zeromagazine.mx\/#website"},"primaryImageOfPage":{"@id":"https:\/\/zeromagazine.mx\/index.php\/2025\/01\/08\/reserva-santa-fe-futuro-sostenible\/#primaryimage"},"image":{"@id":"https:\/\/zeromagazine.mx\/index.php\/2025\/01\/08\/reserva-santa-fe-futuro-sostenible\/#primaryimage"},"thumbnailUrl":"https:\/\/i0.wp.com\/zeromagazine.mx\/wp-content\/uploads\/2025\/01\/WhatsApp-Image-2024-12-03-at-11.59.44-1.jpeg?fit=1280%2C853&ssl=1","datePublished":"2025-01-08T18:06:40+00:00","dateModified":"2025-01-08T18:06:42+00:00","description":"Descubre las tendencias inmobiliarias sostenibles para 2025: tecnolog\u00eda, resiliencia clim\u00e1tica y dise\u00f1o biof\u00edlico que redefinen el futuro.","breadcrumb":{"@id":"https:\/\/zeromagazine.mx\/index.php\/2025\/01\/08\/reserva-santa-fe-futuro-sostenible\/#breadcrumb"},"inLanguage":"es","potentialAction":[{"@type":"ReadAction","target":["https:\/\/zeromagazine.mx\/index.php\/2025\/01\/08\/reserva-santa-fe-futuro-sostenible\/"]}]},{"@type":"ImageObject","inLanguage":"es","@id":"https:\/\/zeromagazine.mx\/index.php\/2025\/01\/08\/reserva-santa-fe-futuro-sostenible\/#primaryimage","url":"https:\/\/i0.wp.com\/zeromagazine.mx\/wp-content\/uploads\/2025\/01\/WhatsApp-Image-2024-12-03-at-11.59.44-1.jpeg?fit=1280%2C853&ssl=1","contentUrl":"https:\/\/i0.wp.com\/zeromagazine.mx\/wp-content\/uploads\/2025\/01\/WhatsApp-Image-2024-12-03-at-11.59.44-1.jpeg?fit=1280%2C853&ssl=1","width":1280,"height":853},{"@type":"BreadcrumbList","@id":"https:\/\/zeromagazine.mx\/index.php\/2025\/01\/08\/reserva-santa-fe-futuro-sostenible\/#breadcrumb","itemListElement":[{"@type":"ListItem","position":1,"name":"Portada","item":"https:\/\/zeromagazine.mx\/"},{"@type":"ListItem","position":2,"name":"Reserva Santa Fe: Futuro Sostenible"}]},{"@type":"WebSite","@id":"https:\/\/zeromagazine.mx\/#website","url":"https:\/\/zeromagazine.mx\/","name":"Zero Magazine","description":"","publisher":{"@id":"https:\/\/zeromagazine.mx\/#organization"},"potentialAction":[{"@type":"SearchAction","target":{"@type":"EntryPoint","urlTemplate":"https:\/\/zeromagazine.mx\/?s={search_term_string}"},"query-input":{"@type":"PropertyValueSpecification","valueRequired":true,"valueName":"search_term_string"}}],"inLanguage":"es"},{"@type":"Organization","@id":"https:\/\/zeromagazine.mx\/#organization","name":"Zero Magazine","url":"https:\/\/zeromagazine.mx\/","logo":{"@type":"ImageObject","inLanguage":"es","@id":"https:\/\/zeromagazine.mx\/#\/schema\/logo\/image\/","url":"https:\/\/i0.wp.com\/zeromagazine.mx\/wp-content\/uploads\/2025\/11\/1.jpeg?fit=1000%2C1000&ssl=1","contentUrl":"https:\/\/i0.wp.com\/zeromagazine.mx\/wp-content\/uploads\/2025\/11\/1.jpeg?fit=1000%2C1000&ssl=1","width":1000,"height":1000,"caption":"Zero Magazine"},"image":{"@id":"https:\/\/zeromagazine.mx\/#\/schema\/logo\/image\/"},"sameAs":["https:\/\/instagram.com\/zeromagazinemx"]},{"@type":"Person","@id":"https:\/\/zeromagazine.mx\/#\/schema\/person\/9aed9f33a7c39af3a348b86d723f7773","name":"zeromagazinemx","image":{"@type":"ImageObject","inLanguage":"es","@id":"https:\/\/zeromagazine.mx\/wp-content\/litespeed\/avatar\/f91dfe5410d5dcb1a576bf8c45983896.jpg?ver=1776966396","url":"https:\/\/zeromagazine.mx\/wp-content\/litespeed\/avatar\/f91dfe5410d5dcb1a576bf8c45983896.jpg?ver=1776966396","contentUrl":"https:\/\/zeromagazine.mx\/wp-content\/litespeed\/avatar\/f91dfe5410d5dcb1a576bf8c45983896.jpg?ver=1776966396","caption":"zeromagazinemx"},"url":"https:\/\/zeromagazine.mx\/index.php\/author\/zeromagazinemx\/"}]}},"jetpack_publicize_connections":[],"jetpack_featured_media_url":"https:\/\/i0.wp.com\/zeromagazine.mx\/wp-content\/uploads\/2025\/01\/WhatsApp-Image-2024-12-03-at-11.59.44-1.jpeg?fit=1280%2C853&ssl=1","jetpack-related-posts":[{"id":95583,"url":"https:\/\/zeromagazine.mx\/index.php\/2025\/01\/22\/viviendo-sostenible-con-ia\/","url_meta":{"origin":94344,"position":0},"title":"Viviendo Sostenible con IA","author":"zeromagazinemx","date":"22 de enero de 2025","format":false,"excerpt":"Viviendo sostenible con tecnolog\u00eda innovadora Viviendo sostenible con tecnolog\u00eda innovadora. \u00bfAlguna vez te has puesto a pensar en c\u00f3mo la tecnolog\u00eda est\u00e1 transformando nuestras vidas? O sea, todos sabemos que usamos inteligencia artificial (IA) sin darnos cuenta, desde que usamos el celular hasta cuando interactuamos con alg\u00fan asistente virtual. Pero,\u2026","rel":"","context":"En \u00abTech\u00bb","block_context":{"text":"Tech","link":"https:\/\/zeromagazine.mx\/index.php\/category\/tech\/"},"img":{"alt_text":"","src":"https:\/\/i0.wp.com\/zeromagazine.mx\/wp-content\/uploads\/2025\/01\/Reserva-Santa-Fe_2023_PR-Fotos-Isla-Exterior-2-La-Isla_HEMAA.jpg?fit=1200%2C1200&ssl=1&resize=350%2C200","width":350,"height":200,"srcset":"https:\/\/i0.wp.com\/zeromagazine.mx\/wp-content\/uploads\/2025\/01\/Reserva-Santa-Fe_2023_PR-Fotos-Isla-Exterior-2-La-Isla_HEMAA.jpg?fit=1200%2C1200&ssl=1&resize=350%2C200 1x, https:\/\/i0.wp.com\/zeromagazine.mx\/wp-content\/uploads\/2025\/01\/Reserva-Santa-Fe_2023_PR-Fotos-Isla-Exterior-2-La-Isla_HEMAA.jpg?fit=1200%2C1200&ssl=1&resize=525%2C300 1.5x, https:\/\/i0.wp.com\/zeromagazine.mx\/wp-content\/uploads\/2025\/01\/Reserva-Santa-Fe_2023_PR-Fotos-Isla-Exterior-2-La-Isla_HEMAA.jpg?fit=1200%2C1200&ssl=1&resize=700%2C400 2x, https:\/\/i0.wp.com\/zeromagazine.mx\/wp-content\/uploads\/2025\/01\/Reserva-Santa-Fe_2023_PR-Fotos-Isla-Exterior-2-La-Isla_HEMAA.jpg?fit=1200%2C1200&ssl=1&resize=1050%2C600 3x"},"classes":[]},{"id":115839,"url":"https:\/\/zeromagazine.mx\/index.php\/2026\/02\/24\/mariana-de-alba-reserva-santa-fe-exposicion\/","url_meta":{"origin":94344,"position":1},"title":"Mariana de Alba presenta \u201cAs\u00a0Above, So\u00a0Below\u201d en Reserva Santa Fe.","author":"David Morales","date":"24 de febrero de 2026","format":false,"excerpt":"El lujo ya no se mide solo en metros cuadrados o acabados premium. Hoy, el verdadero diferencial est\u00e1 en c\u00f3mo un espacio te hace sentir. Y bajo esa l\u00f3gica,\u00a0Mariana de Alba Reserva Santa Fe\u00a0se convierte en una combinaci\u00f3n que redefine la experiencia entre arte, naturaleza y bienestar. En\u00a0Reserva Santa Fe,\u2026","rel":"","context":"En \u00abBeauty\u00bb","block_context":{"text":"Beauty","link":"https:\/\/zeromagazine.mx\/index.php\/category\/beauty\/"},"img":{"alt_text":"","src":"https:\/\/i0.wp.com\/zeromagazine.mx\/wp-content\/uploads\/2026\/02\/IMG_1557.jpeg?fit=1200%2C799&ssl=1&resize=350%2C200","width":350,"height":200,"srcset":"https:\/\/i0.wp.com\/zeromagazine.mx\/wp-content\/uploads\/2026\/02\/IMG_1557.jpeg?fit=1200%2C799&ssl=1&resize=350%2C200 1x, https:\/\/i0.wp.com\/zeromagazine.mx\/wp-content\/uploads\/2026\/02\/IMG_1557.jpeg?fit=1200%2C799&ssl=1&resize=525%2C300 1.5x, https:\/\/i0.wp.com\/zeromagazine.mx\/wp-content\/uploads\/2026\/02\/IMG_1557.jpeg?fit=1200%2C799&ssl=1&resize=700%2C400 2x, https:\/\/i0.wp.com\/zeromagazine.mx\/wp-content\/uploads\/2026\/02\/IMG_1557.jpeg?fit=1200%2C799&ssl=1&resize=1050%2C600 3x"},"classes":[]},{"id":104416,"url":"https:\/\/zeromagazine.mx\/index.php\/2025\/05\/19\/reserva-santa-fe-la-carrera-eat-run\/","url_meta":{"origin":94344,"position":2},"title":"Reserva Santa Fe &amp; La Carrera Eat &amp; Run","author":"David Morales","date":"19 de mayo de 2025","format":false,"excerpt":"Amix, \u00bfalguna vez han corrido para algo que no sea alcanzar el metro o huir de un ex? Mis respetos. Pero les cuento: existe un evento que mezcla running, naturaleza y vibes sanadoras sin hacerte sentir que tienes que volverte \u201cgym bro\u201d para pertenecer. Se llama Eat & Run y\u2026","rel":"","context":"En \u00abBienestar\u00bb","block_context":{"text":"Bienestar","link":"https:\/\/zeromagazine.mx\/index.php\/category\/lifestyle\/bienestar\/"},"img":{"alt_text":"","src":"https:\/\/i0.wp.com\/zeromagazine.mx\/wp-content\/uploads\/2025\/05\/0B1988ED-5632-4D43-9201-FCD6D6AB72EA-scaled.jpg?fit=1200%2C900&ssl=1&resize=350%2C200","width":350,"height":200,"srcset":"https:\/\/i0.wp.com\/zeromagazine.mx\/wp-content\/uploads\/2025\/05\/0B1988ED-5632-4D43-9201-FCD6D6AB72EA-scaled.jpg?fit=1200%2C900&ssl=1&resize=350%2C200 1x, https:\/\/i0.wp.com\/zeromagazine.mx\/wp-content\/uploads\/2025\/05\/0B1988ED-5632-4D43-9201-FCD6D6AB72EA-scaled.jpg?fit=1200%2C900&ssl=1&resize=525%2C300 1.5x, https:\/\/i0.wp.com\/zeromagazine.mx\/wp-content\/uploads\/2025\/05\/0B1988ED-5632-4D43-9201-FCD6D6AB72EA-scaled.jpg?fit=1200%2C900&ssl=1&resize=700%2C400 2x, https:\/\/i0.wp.com\/zeromagazine.mx\/wp-content\/uploads\/2025\/05\/0B1988ED-5632-4D43-9201-FCD6D6AB72EA-scaled.jpg?fit=1200%2C900&ssl=1&resize=1050%2C600 3x"},"classes":[]},{"id":89788,"url":"https:\/\/zeromagazine.mx\/index.php\/2024\/11\/07\/unete-a-la-revolucion-verde\/","url_meta":{"origin":94344,"position":3},"title":"\u00ab\u00a1\u00danete a la Revoluci\u00f3n Verde!\u00bb","author":"zeromagazinemx","date":"7 de noviembre de 2024","format":false,"excerpt":"Si hay algo que nos urge en este planeta, es un cambio radical en c\u00f3mo tratamos al medio ambiente. \u00bfY guess what? \u00a1Reserva Santa Fe est\u00e1 tomando el liderazgo en esto! Ahora lanzan algo mega cool y necesario:\u00a0Reserva Lab, una plataforma que suena a pura innovaci\u00f3n y compromiso con la\u2026","rel":"","context":"En \u00abBienestar\u00bb","block_context":{"text":"Bienestar","link":"https:\/\/zeromagazine.mx\/index.php\/category\/lifestyle\/bienestar\/"},"img":{"alt_text":"","src":"https:\/\/i0.wp.com\/zeromagazine.mx\/wp-content\/uploads\/2024\/11\/Captura-de-pantalla-2024-11-07-a-las-14.27.32.png?fit=1116%2C732&ssl=1&resize=350%2C200","width":350,"height":200,"srcset":"https:\/\/i0.wp.com\/zeromagazine.mx\/wp-content\/uploads\/2024\/11\/Captura-de-pantalla-2024-11-07-a-las-14.27.32.png?fit=1116%2C732&ssl=1&resize=350%2C200 1x, https:\/\/i0.wp.com\/zeromagazine.mx\/wp-content\/uploads\/2024\/11\/Captura-de-pantalla-2024-11-07-a-las-14.27.32.png?fit=1116%2C732&ssl=1&resize=525%2C300 1.5x, https:\/\/i0.wp.com\/zeromagazine.mx\/wp-content\/uploads\/2024\/11\/Captura-de-pantalla-2024-11-07-a-las-14.27.32.png?fit=1116%2C732&ssl=1&resize=700%2C400 2x, https:\/\/i0.wp.com\/zeromagazine.mx\/wp-content\/uploads\/2024\/11\/Captura-de-pantalla-2024-11-07-a-las-14.27.32.png?fit=1116%2C732&ssl=1&resize=1050%2C600 3x"},"classes":[]},{"id":89359,"url":"https:\/\/zeromagazine.mx\/index.php\/2024\/11\/05\/innovaciones-wellness-en-reserva-santa-fe\/","url_meta":{"origin":94344,"position":4},"title":"\u00a0Innovaciones Wellness en Reserva Santa Fe","author":"zeromagazinemx","date":"5 de noviembre de 2024","format":false,"excerpt":"Amix, si eres como yo, seguro ya has sentido que el estr\u00e9s se apodera de tu vida. Seg\u00fan una encuesta de INEGI, un 31.3% de los mexicanos est\u00e1n batallando con la ansiedad, y la OMS dice que el 75% de los adultos en M\u00e9xico est\u00e1n s\u00faper estresados por el trabajo.\u2026","rel":"","context":"En \u00abDise\u00f1o\u00bb","block_context":{"text":"Dise\u00f1o","link":"https:\/\/zeromagazine.mx\/index.php\/category\/diseno\/"},"img":{"alt_text":"","src":"https:\/\/i0.wp.com\/zeromagazine.mx\/wp-content\/uploads\/2024\/11\/Reserva-Santa-Fe-Master-Plan-10-scaled.jpg?fit=1200%2C884&ssl=1&resize=350%2C200","width":350,"height":200,"srcset":"https:\/\/i0.wp.com\/zeromagazine.mx\/wp-content\/uploads\/2024\/11\/Reserva-Santa-Fe-Master-Plan-10-scaled.jpg?fit=1200%2C884&ssl=1&resize=350%2C200 1x, https:\/\/i0.wp.com\/zeromagazine.mx\/wp-content\/uploads\/2024\/11\/Reserva-Santa-Fe-Master-Plan-10-scaled.jpg?fit=1200%2C884&ssl=1&resize=525%2C300 1.5x, https:\/\/i0.wp.com\/zeromagazine.mx\/wp-content\/uploads\/2024\/11\/Reserva-Santa-Fe-Master-Plan-10-scaled.jpg?fit=1200%2C884&ssl=1&resize=700%2C400 2x, https:\/\/i0.wp.com\/zeromagazine.mx\/wp-content\/uploads\/2024\/11\/Reserva-Santa-Fe-Master-Plan-10-scaled.jpg?fit=1200%2C884&ssl=1&resize=1050%2C600 3x"},"classes":[]},{"id":101961,"url":"https:\/\/zeromagazine.mx\/index.php\/2025\/04\/20\/vivienda-regenerativa\/","url_meta":{"origin":94344,"position":5},"title":"Vivienda Regenerativa","author":"David Morales","date":"20 de abril de 2025","format":false,"excerpt":"Amix, ya es 2025 y neta necesitamos tomarnos en serio el tema del planeta. Cada 22 de abril se celebra el D\u00eda Mundial de la Tierra y m\u00e1s que una fecha conmemorativa, es una alerta para cuestionar qu\u00e9 onda con nuestras decisiones, desde lo que comemos hasta d\u00f3nde y c\u00f3mo\u2026","rel":"","context":"En \u00abDise\u00f1o\u00bb","block_context":{"text":"Dise\u00f1o","link":"https:\/\/zeromagazine.mx\/index.php\/category\/diseno\/"},"img":{"alt_text":"","src":"https:\/\/i0.wp.com\/zeromagazine.mx\/wp-content\/uploads\/2025\/04\/Captura-de-pantalla-2025-04-20-155430.png?fit=422%2C413&ssl=1&resize=350%2C200","width":350,"height":200},"classes":[]}],"jetpack_sharing_enabled":true,"builder_content":"","_links":{"self":[{"href":"https:\/\/zeromagazine.mx\/index.php\/wp-json\/wp\/v2\/posts\/94344","targetHints":{"allow":["GET"]}}],"collection":[{"href":"https:\/\/zeromagazine.mx\/index.php\/wp-json\/wp\/v2\/posts"}],"about":[{"href":"https:\/\/zeromagazine.mx\/index.php\/wp-json\/wp\/v2\/types\/post"}],"author":[{"embeddable":true,"href":"https:\/\/zeromagazine.mx\/index.php\/wp-json\/wp\/v2\/users\/2"}],"replies":[{"embeddable":true,"href":"https:\/\/zeromagazine.mx\/index.php\/wp-json\/wp\/v2\/comments?post=94344"}],"version-history":[{"count":1,"href":"https:\/\/zeromagazine.mx\/index.php\/wp-json\/wp\/v2\/posts\/94344\/revisions"}],"predecessor-version":[{"id":94347,"href":"https:\/\/zeromagazine.mx\/index.php\/wp-json\/wp\/v2\/posts\/94344\/revisions\/94347"}],"wp:featuredmedia":[{"embeddable":true,"href":"https:\/\/zeromagazine.mx\/index.php\/wp-json\/wp\/v2\/media\/94345"}],"wp:attachment":[{"href":"https:\/\/zeromagazine.mx\/index.php\/wp-json\/wp\/v2\/media?parent=94344"}],"wp:term":[{"taxonomy":"category","embeddable":true,"href":"https:\/\/zeromagazine.mx\/index.php\/wp-json\/wp\/v2\/categories?post=94344"},{"taxonomy":"post_tag","embeddable":true,"href":"https:\/\/zeromagazine.mx\/index.php\/wp-json\/wp\/v2\/tags?post=94344"}],"curies":[{"name":"wp","href":"https:\/\/api.w.org\/{rel}","templated":true}]}}