{"id":94828,"date":"2025-01-15T23:30:18","date_gmt":"2025-01-15T22:30:18","guid":{"rendered":"https:\/\/zeromagazine.mx\/?p=94828"},"modified":"2025-01-15T23:30:20","modified_gmt":"2025-01-15T22:30:20","slug":"polo-pan-vibra-la-noche","status":"publish","type":"post","link":"https:\/\/zeromagazine.mx\/index.php\/2025\/01\/15\/polo-pan-vibra-la-noche\/","title":{"rendered":"Polo &amp; Pan: Vibra la noche"},"content":{"rendered":"<!--themify_builder_content-->\n<div id=\"themify_builder_content-94828\" data-postid=\"94828\" class=\"themify_builder_content themify_builder_content-94828 themify_builder tf_clear\">\n    <\/div>\n<!--\/themify_builder_content-->\n\n\n<p><strong>\u00a1Polo &amp; Pan est\u00e1n de vuelta!<\/strong>\u00a0<\/p>\n\n\n\n<p><strong>\u00a1Polo &amp; Pan est\u00e1n de vuelta!<\/strong>\u00a0El d\u00fao franc\u00e9s m\u00e1s legendario del French Touch vuelve a M\u00e9xico con un espect\u00e1culo que promete hacer vibrar cada rinc\u00f3n del Auditorio BB el pr\u00f3ximo 24 de abril. Este 2025 ser\u00e1 un a\u00f1o clave, ya que marcar\u00e1 un regreso \u00e9pico para Paul Armand-Delille y Alexandre Grynszpan. Si alguna vez te perdiste su magia en el escenario, esta es tu oportunidad para vivirla al m\u00e1ximo.<\/p>\n\n\n\n<p><strong>Un show multisensorial<\/strong><\/p>\n\n\n\n<p>Por si no lo sab\u00edas, Polo &amp; Pan no son solo dos tipos tocando m\u00fasica. Ellos son verdaderos arquitectos de experiencias multisensoriales. Cada uno de sus conciertos es un viaje retro-futurista donde la m\u00fasica, las im\u00e1genes y las emociones se mezclan creando una atm\u00f3sfera \u00fanica. La energ\u00eda de su show es simplemente contagiosa. Te vas a perder en la pista de baile, con las sonrisas multiplic\u00e1ndose a tu alrededor y una euforia palpable que no podr\u00e1s dejar ir. La magia de Polo &amp; Pan est\u00e1 en la vibra que logran crear, un espacio donde la nostalgia se fusiona con lo moderno. Cada nota que tocan es una invitaci\u00f3n a bailar, a viajar, a sentir.<\/p>\n\n\n\n<p><strong>Una gira internacional de \u00e9xito<\/strong><\/p>\n\n\n\n<p>Su gira por Europa ha sido todo un \u00e9xito. \u00a1Han colgado el cartel de sold out en casi todos los lugares donde se han presentado! Es claro que su m\u00fasica ha conquistado corazones a nivel global, y ahora nos toca a nosotros disfrutar de esa misma magia. Polo &amp; Pan siempre han tenido una conexi\u00f3n especial con el p\u00fablico mexicano, y este regreso no es la excepci\u00f3n. No es solo un concierto, es una celebraci\u00f3n, un momento donde los amix nos vamos a unir para disfrutar de la buena m\u00fasica y dejar que la euforia nos lleve.<\/p>\n\n\n\n<p><strong>No te lo puedes perder<\/strong><\/p>\n\n\n\n<figure class=\"wp-block-image size-full\"><img data-recalc-dims=\"1\" decoding=\"async\" width=\"1165\" height=\"610\" src=\"https:\/\/i0.wp.com\/zeromagazine.mx\/wp-content\/uploads\/2025\/01\/Polo-y-Pan_Prev_1200x628.jpg?resize=1165%2C610&#038;ssl=1\" alt=\"\" class=\"wp-image-94829\" srcset=\"https:\/\/i0.wp.com\/zeromagazine.mx\/wp-content\/uploads\/2025\/01\/Polo-y-Pan_Prev_1200x628.jpg?w=1200&amp;ssl=1 1200w, https:\/\/i0.wp.com\/zeromagazine.mx\/wp-content\/uploads\/2025\/01\/Polo-y-Pan_Prev_1200x628.jpg?resize=300%2C157&amp;ssl=1 300w, https:\/\/i0.wp.com\/zeromagazine.mx\/wp-content\/uploads\/2025\/01\/Polo-y-Pan_Prev_1200x628.jpg?resize=1024%2C536&amp;ssl=1 1024w, https:\/\/i0.wp.com\/zeromagazine.mx\/wp-content\/uploads\/2025\/01\/Polo-y-Pan_Prev_1200x628.jpg?resize=768%2C402&amp;ssl=1 768w\" sizes=\"(max-width: 1165px) 100vw, 1165px\" \/><\/figure>\n\n\n\n\n<script async src=\"https:\/\/pagead2.googlesyndication.com\/pagead\/js\/adsbygoogle.js?client=ca-pub-5499304793904745\"\n     crossorigin=\"anonymous\"><\/script>\n<ins class=\"adsbygoogle\"\n     style=\"display:block; text-align:center;\"\n     data-ad-layout=\"in-article\"\n     data-ad-format=\"fluid\"\n     data-ad-client=\"ca-pub-5499304793904745\"\n     data-ad-slot=\"5994863093\"><\/ins>\n<script>\n     (adsbygoogle = window.adsbygoogle || []).push({});\n<\/script>\n\n\n\n\n<p>Es el momento de marcar en tu calendario: la preventa Banamex comienza el 16 de enero, as\u00ed que prep\u00e1rate para conseguir tus boletos antes de que se agoten. Al d\u00eda siguiente, puedes adquirir tus entradas en las taquillas del Auditorio o a trav\u00e9s de&nbsp;<a href=\"https:\/\/www.ticketmaster.com.mx\/\">Ticketmaster<\/a>. Polo &amp; Pan est\u00e1n listos para hacer de esta noche un evento memorable, y t\u00fa no quieres quedarte afuera.<\/p>\n\n\n\n<p><strong>El regreso de Polo &amp; Pan<\/strong><\/p>\n\n\n\n<p>Si eres de los que disfruta de la buena m\u00fasica, de sentir la vibra del French Touch y de disfrutar de una experiencia \u00fanica, este es el evento para ti. \u00a1Polo &amp; Pan est\u00e1n de regreso para hacernos vibrar como nunca! No dejes pasar la oportunidad de ser parte de esta noche m\u00e1gica. Recuerda, la m\u00fasica de Polo &amp; Pan no es solo un concierto, es una celebraci\u00f3n para los sentidos.<\/p>\n\n\n\n<p><\/p>","protected":false},"excerpt":{"rendered":"<p>\u00a1Polo &amp; Pan est\u00e1n de vuelta!\u00a0 \u00a1Polo &amp; Pan est\u00e1n de vuelta!\u00a0El d\u00fao franc\u00e9s m\u00e1s legendario del French Touch vuelve a M\u00e9xico con un espect\u00e1culo que promete hacer vibrar cada rinc\u00f3n del Auditorio BB el pr\u00f3ximo 24 de abril. Este 2025 ser\u00e1 un a\u00f1o clave, ya que marcar\u00e1 un regreso \u00e9pico para Paul Armand-Delille y [&hellip;]<\/p>\n","protected":false},"author":2,"featured_media":94829,"comment_status":"open","ping_status":"open","sticky":false,"template":"","format":"standard","meta":{"_jetpack_memberships_contains_paid_content":false,"footnotes":"","jetpack_publicize_message":"","jetpack_publicize_feature_enabled":true,"jetpack_social_post_already_shared":true,"jetpack_social_options":{"image_generator_settings":{"template":"highway","default_image_id":0,"font":"","enabled":false},"version":2}},"categories":[117],"tags":[12412,12410,12411],"class_list":["post-94828","post","type-post","status-publish","format-standard","has-post-thumbnail","hentry","category-entretenimiento","tag-auditorio-bb-el-24-de-abri","tag-polo-pan","tag-show-lleno-de-energia","has-post-title","has-post-date","has-post-category","has-post-tag","has-post-comment","has-post-author",""],"yoast_head":"<!-- This site is optimized with the Yoast SEO plugin v27.4 - https:\/\/yoast.com\/product\/yoast-seo-wordpress\/ -->\n<title>Polo &amp; Pan: Vibra la noche - Zero Magazine<\/title>\n<meta name=\"description\" content=\"Polo &amp; Pan regresa a M\u00e9xico para un show lleno de energ\u00eda, nostalgia y modernidad. \u00a1No te lo pierdas en el Auditorio BB el 24 de abril!\" \/>\n<meta name=\"robots\" content=\"index, follow, max-snippet:-1, max-image-preview:large, max-video-preview:-1\" \/>\n<link rel=\"canonical\" href=\"https:\/\/zeromagazine.mx\/index.php\/2025\/01\/15\/polo-pan-vibra-la-noche\/\" \/>\n<meta property=\"og:locale\" content=\"es_ES\" \/>\n<meta property=\"og:type\" content=\"article\" \/>\n<meta property=\"og:title\" content=\"Polo &amp; Pan: Vibra la noche - Zero Magazine\" \/>\n<meta property=\"og:description\" content=\"Polo &amp; Pan regresa a M\u00e9xico para un show lleno de energ\u00eda, nostalgia y modernidad. \u00a1No te lo pierdas en el Auditorio BB el 24 de abril!\" \/>\n<meta property=\"og:url\" content=\"https:\/\/zeromagazine.mx\/index.php\/2025\/01\/15\/polo-pan-vibra-la-noche\/\" \/>\n<meta property=\"og:site_name\" content=\"Zero Magazine\" \/>\n<meta property=\"article:published_time\" content=\"2025-01-15T22:30:18+00:00\" \/>\n<meta property=\"article:modified_time\" content=\"2025-01-15T22:30:20+00:00\" \/>\n<meta property=\"og:image\" content=\"http:\/\/zeromagazine.mx\/wp-content\/uploads\/2025\/01\/Polo-y-Pan_Prev_1200x628.jpg\" \/>\n\t<meta property=\"og:image:width\" content=\"1200\" \/>\n\t<meta property=\"og:image:height\" content=\"628\" \/>\n\t<meta property=\"og:image:type\" content=\"image\/jpeg\" \/>\n<meta name=\"author\" content=\"zeromagazinemx\" \/>\n<meta name=\"twitter:card\" content=\"summary_large_image\" \/>\n<meta name=\"twitter:label1\" content=\"Escrito por\" \/>\n\t<meta name=\"twitter:data1\" content=\"zeromagazinemx\" \/>\n\t<meta name=\"twitter:label2\" content=\"Tiempo de lectura\" \/>\n\t<meta name=\"twitter:data2\" content=\"3 minutos\" \/>\n<script type=\"application\/ld+json\" class=\"yoast-schema-graph\">{\"@context\":\"https:\\\/\\\/schema.org\",\"@graph\":[{\"@type\":\"Article\",\"@id\":\"https:\\\/\\\/zeromagazine.mx\\\/index.php\\\/2025\\\/01\\\/15\\\/polo-pan-vibra-la-noche\\\/#article\",\"isPartOf\":{\"@id\":\"https:\\\/\\\/zeromagazine.mx\\\/index.php\\\/2025\\\/01\\\/15\\\/polo-pan-vibra-la-noche\\\/\"},\"author\":{\"name\":\"zeromagazinemx\",\"@id\":\"https:\\\/\\\/zeromagazine.mx\\\/#\\\/schema\\\/person\\\/9aed9f33a7c39af3a348b86d723f7773\"},\"headline\":\"Polo &amp; Pan: Vibra la noche\",\"datePublished\":\"2025-01-15T22:30:18+00:00\",\"dateModified\":\"2025-01-15T22:30:20+00:00\",\"mainEntityOfPage\":{\"@id\":\"https:\\\/\\\/zeromagazine.mx\\\/index.php\\\/2025\\\/01\\\/15\\\/polo-pan-vibra-la-noche\\\/\"},\"wordCount\":480,\"commentCount\":0,\"publisher\":{\"@id\":\"https:\\\/\\\/zeromagazine.mx\\\/#organization\"},\"image\":{\"@id\":\"https:\\\/\\\/zeromagazine.mx\\\/index.php\\\/2025\\\/01\\\/15\\\/polo-pan-vibra-la-noche\\\/#primaryimage\"},\"thumbnailUrl\":\"https:\\\/\\\/i0.wp.com\\\/zeromagazine.mx\\\/wp-content\\\/uploads\\\/2025\\\/01\\\/Polo-y-Pan_Prev_1200x628.jpg?fit=1200%2C628&ssl=1\",\"keywords\":[\"Auditorio BB el 24 de abri\",\"Polo &amp; Pan\",\"show lleno de energ\u00eda\"],\"articleSection\":[\"Entretenimiento\"],\"inLanguage\":\"es\",\"potentialAction\":[{\"@type\":\"CommentAction\",\"name\":\"Comment\",\"target\":[\"https:\\\/\\\/zeromagazine.mx\\\/index.php\\\/2025\\\/01\\\/15\\\/polo-pan-vibra-la-noche\\\/#respond\"]}]},{\"@type\":\"WebPage\",\"@id\":\"https:\\\/\\\/zeromagazine.mx\\\/index.php\\\/2025\\\/01\\\/15\\\/polo-pan-vibra-la-noche\\\/\",\"url\":\"https:\\\/\\\/zeromagazine.mx\\\/index.php\\\/2025\\\/01\\\/15\\\/polo-pan-vibra-la-noche\\\/\",\"name\":\"Polo &amp; Pan: Vibra la noche - Zero Magazine\",\"isPartOf\":{\"@id\":\"https:\\\/\\\/zeromagazine.mx\\\/#website\"},\"primaryImageOfPage\":{\"@id\":\"https:\\\/\\\/zeromagazine.mx\\\/index.php\\\/2025\\\/01\\\/15\\\/polo-pan-vibra-la-noche\\\/#primaryimage\"},\"image\":{\"@id\":\"https:\\\/\\\/zeromagazine.mx\\\/index.php\\\/2025\\\/01\\\/15\\\/polo-pan-vibra-la-noche\\\/#primaryimage\"},\"thumbnailUrl\":\"https:\\\/\\\/i0.wp.com\\\/zeromagazine.mx\\\/wp-content\\\/uploads\\\/2025\\\/01\\\/Polo-y-Pan_Prev_1200x628.jpg?fit=1200%2C628&ssl=1\",\"datePublished\":\"2025-01-15T22:30:18+00:00\",\"dateModified\":\"2025-01-15T22:30:20+00:00\",\"description\":\"Polo & Pan regresa a M\u00e9xico para un show lleno de energ\u00eda, nostalgia y modernidad. \u00a1No te lo pierdas en el Auditorio BB el 24 de abril!\",\"breadcrumb\":{\"@id\":\"https:\\\/\\\/zeromagazine.mx\\\/index.php\\\/2025\\\/01\\\/15\\\/polo-pan-vibra-la-noche\\\/#breadcrumb\"},\"inLanguage\":\"es\",\"potentialAction\":[{\"@type\":\"ReadAction\",\"target\":[\"https:\\\/\\\/zeromagazine.mx\\\/index.php\\\/2025\\\/01\\\/15\\\/polo-pan-vibra-la-noche\\\/\"]}]},{\"@type\":\"ImageObject\",\"inLanguage\":\"es\",\"@id\":\"https:\\\/\\\/zeromagazine.mx\\\/index.php\\\/2025\\\/01\\\/15\\\/polo-pan-vibra-la-noche\\\/#primaryimage\",\"url\":\"https:\\\/\\\/i0.wp.com\\\/zeromagazine.mx\\\/wp-content\\\/uploads\\\/2025\\\/01\\\/Polo-y-Pan_Prev_1200x628.jpg?fit=1200%2C628&ssl=1\",\"contentUrl\":\"https:\\\/\\\/i0.wp.com\\\/zeromagazine.mx\\\/wp-content\\\/uploads\\\/2025\\\/01\\\/Polo-y-Pan_Prev_1200x628.jpg?fit=1200%2C628&ssl=1\",\"width\":1200,\"height\":628},{\"@type\":\"BreadcrumbList\",\"@id\":\"https:\\\/\\\/zeromagazine.mx\\\/index.php\\\/2025\\\/01\\\/15\\\/polo-pan-vibra-la-noche\\\/#breadcrumb\",\"itemListElement\":[{\"@type\":\"ListItem\",\"position\":1,\"name\":\"Portada\",\"item\":\"https:\\\/\\\/zeromagazine.mx\\\/\"},{\"@type\":\"ListItem\",\"position\":2,\"name\":\"Polo &amp; Pan: Vibra la noche\"}]},{\"@type\":\"WebSite\",\"@id\":\"https:\\\/\\\/zeromagazine.mx\\\/#website\",\"url\":\"https:\\\/\\\/zeromagazine.mx\\\/\",\"name\":\"Zero Magazine\",\"description\":\"\",\"publisher\":{\"@id\":\"https:\\\/\\\/zeromagazine.mx\\\/#organization\"},\"potentialAction\":[{\"@type\":\"SearchAction\",\"target\":{\"@type\":\"EntryPoint\",\"urlTemplate\":\"https:\\\/\\\/zeromagazine.mx\\\/?s={search_term_string}\"},\"query-input\":{\"@type\":\"PropertyValueSpecification\",\"valueRequired\":true,\"valueName\":\"search_term_string\"}}],\"inLanguage\":\"es\"},{\"@type\":\"Organization\",\"@id\":\"https:\\\/\\\/zeromagazine.mx\\\/#organization\",\"name\":\"Zero Magazine\",\"url\":\"https:\\\/\\\/zeromagazine.mx\\\/\",\"logo\":{\"@type\":\"ImageObject\",\"inLanguage\":\"es\",\"@id\":\"https:\\\/\\\/zeromagazine.mx\\\/#\\\/schema\\\/logo\\\/image\\\/\",\"url\":\"https:\\\/\\\/i0.wp.com\\\/zeromagazine.mx\\\/wp-content\\\/uploads\\\/2025\\\/11\\\/1.jpeg?fit=1000%2C1000&ssl=1\",\"contentUrl\":\"https:\\\/\\\/i0.wp.com\\\/zeromagazine.mx\\\/wp-content\\\/uploads\\\/2025\\\/11\\\/1.jpeg?fit=1000%2C1000&ssl=1\",\"width\":1000,\"height\":1000,\"caption\":\"Zero Magazine\"},\"image\":{\"@id\":\"https:\\\/\\\/zeromagazine.mx\\\/#\\\/schema\\\/logo\\\/image\\\/\"},\"sameAs\":[\"https:\\\/\\\/instagram.com\\\/zeromagazinemx\"]},{\"@type\":\"Person\",\"@id\":\"https:\\\/\\\/zeromagazine.mx\\\/#\\\/schema\\\/person\\\/9aed9f33a7c39af3a348b86d723f7773\",\"name\":\"zeromagazinemx\",\"image\":{\"@type\":\"ImageObject\",\"inLanguage\":\"es\",\"@id\":\"https:\\\/\\\/zeromagazine.mx\\\/wp-content\\\/litespeed\\\/avatar\\\/f91dfe5410d5dcb1a576bf8c45983896.jpg?ver=1776966396\",\"url\":\"https:\\\/\\\/zeromagazine.mx\\\/wp-content\\\/litespeed\\\/avatar\\\/f91dfe5410d5dcb1a576bf8c45983896.jpg?ver=1776966396\",\"contentUrl\":\"https:\\\/\\\/zeromagazine.mx\\\/wp-content\\\/litespeed\\\/avatar\\\/f91dfe5410d5dcb1a576bf8c45983896.jpg?ver=1776966396\",\"caption\":\"zeromagazinemx\"},\"url\":\"https:\\\/\\\/zeromagazine.mx\\\/index.php\\\/author\\\/zeromagazinemx\\\/\"}]}<\/script>\n<!-- \/ Yoast SEO plugin. -->","yoast_head_json":{"title":"Polo &amp; Pan: Vibra la noche - Zero Magazine","description":"Polo & Pan regresa a M\u00e9xico para un show lleno de energ\u00eda, nostalgia y modernidad. \u00a1No te lo pierdas en el Auditorio BB el 24 de abril!","robots":{"index":"index","follow":"follow","max-snippet":"max-snippet:-1","max-image-preview":"max-image-preview:large","max-video-preview":"max-video-preview:-1"},"canonical":"https:\/\/zeromagazine.mx\/index.php\/2025\/01\/15\/polo-pan-vibra-la-noche\/","og_locale":"es_ES","og_type":"article","og_title":"Polo &amp; Pan: Vibra la noche - Zero Magazine","og_description":"Polo & Pan regresa a M\u00e9xico para un show lleno de energ\u00eda, nostalgia y modernidad. \u00a1No te lo pierdas en el Auditorio BB el 24 de abril!","og_url":"https:\/\/zeromagazine.mx\/index.php\/2025\/01\/15\/polo-pan-vibra-la-noche\/","og_site_name":"Zero Magazine","article_published_time":"2025-01-15T22:30:18+00:00","article_modified_time":"2025-01-15T22:30:20+00:00","og_image":[{"width":1200,"height":628,"url":"http:\/\/zeromagazine.mx\/wp-content\/uploads\/2025\/01\/Polo-y-Pan_Prev_1200x628.jpg","type":"image\/jpeg"}],"author":"zeromagazinemx","twitter_card":"summary_large_image","twitter_misc":{"Escrito por":"zeromagazinemx","Tiempo de lectura":"3 minutos"},"schema":{"@context":"https:\/\/schema.org","@graph":[{"@type":"Article","@id":"https:\/\/zeromagazine.mx\/index.php\/2025\/01\/15\/polo-pan-vibra-la-noche\/#article","isPartOf":{"@id":"https:\/\/zeromagazine.mx\/index.php\/2025\/01\/15\/polo-pan-vibra-la-noche\/"},"author":{"name":"zeromagazinemx","@id":"https:\/\/zeromagazine.mx\/#\/schema\/person\/9aed9f33a7c39af3a348b86d723f7773"},"headline":"Polo &amp; Pan: Vibra la noche","datePublished":"2025-01-15T22:30:18+00:00","dateModified":"2025-01-15T22:30:20+00:00","mainEntityOfPage":{"@id":"https:\/\/zeromagazine.mx\/index.php\/2025\/01\/15\/polo-pan-vibra-la-noche\/"},"wordCount":480,"commentCount":0,"publisher":{"@id":"https:\/\/zeromagazine.mx\/#organization"},"image":{"@id":"https:\/\/zeromagazine.mx\/index.php\/2025\/01\/15\/polo-pan-vibra-la-noche\/#primaryimage"},"thumbnailUrl":"https:\/\/i0.wp.com\/zeromagazine.mx\/wp-content\/uploads\/2025\/01\/Polo-y-Pan_Prev_1200x628.jpg?fit=1200%2C628&ssl=1","keywords":["Auditorio BB el 24 de abri","Polo &amp; Pan","show lleno de energ\u00eda"],"articleSection":["Entretenimiento"],"inLanguage":"es","potentialAction":[{"@type":"CommentAction","name":"Comment","target":["https:\/\/zeromagazine.mx\/index.php\/2025\/01\/15\/polo-pan-vibra-la-noche\/#respond"]}]},{"@type":"WebPage","@id":"https:\/\/zeromagazine.mx\/index.php\/2025\/01\/15\/polo-pan-vibra-la-noche\/","url":"https:\/\/zeromagazine.mx\/index.php\/2025\/01\/15\/polo-pan-vibra-la-noche\/","name":"Polo &amp; Pan: Vibra la noche - Zero Magazine","isPartOf":{"@id":"https:\/\/zeromagazine.mx\/#website"},"primaryImageOfPage":{"@id":"https:\/\/zeromagazine.mx\/index.php\/2025\/01\/15\/polo-pan-vibra-la-noche\/#primaryimage"},"image":{"@id":"https:\/\/zeromagazine.mx\/index.php\/2025\/01\/15\/polo-pan-vibra-la-noche\/#primaryimage"},"thumbnailUrl":"https:\/\/i0.wp.com\/zeromagazine.mx\/wp-content\/uploads\/2025\/01\/Polo-y-Pan_Prev_1200x628.jpg?fit=1200%2C628&ssl=1","datePublished":"2025-01-15T22:30:18+00:00","dateModified":"2025-01-15T22:30:20+00:00","description":"Polo & Pan regresa a M\u00e9xico para un show lleno de energ\u00eda, nostalgia y modernidad. \u00a1No te lo pierdas en el Auditorio BB el 24 de abril!","breadcrumb":{"@id":"https:\/\/zeromagazine.mx\/index.php\/2025\/01\/15\/polo-pan-vibra-la-noche\/#breadcrumb"},"inLanguage":"es","potentialAction":[{"@type":"ReadAction","target":["https:\/\/zeromagazine.mx\/index.php\/2025\/01\/15\/polo-pan-vibra-la-noche\/"]}]},{"@type":"ImageObject","inLanguage":"es","@id":"https:\/\/zeromagazine.mx\/index.php\/2025\/01\/15\/polo-pan-vibra-la-noche\/#primaryimage","url":"https:\/\/i0.wp.com\/zeromagazine.mx\/wp-content\/uploads\/2025\/01\/Polo-y-Pan_Prev_1200x628.jpg?fit=1200%2C628&ssl=1","contentUrl":"https:\/\/i0.wp.com\/zeromagazine.mx\/wp-content\/uploads\/2025\/01\/Polo-y-Pan_Prev_1200x628.jpg?fit=1200%2C628&ssl=1","width":1200,"height":628},{"@type":"BreadcrumbList","@id":"https:\/\/zeromagazine.mx\/index.php\/2025\/01\/15\/polo-pan-vibra-la-noche\/#breadcrumb","itemListElement":[{"@type":"ListItem","position":1,"name":"Portada","item":"https:\/\/zeromagazine.mx\/"},{"@type":"ListItem","position":2,"name":"Polo &amp; Pan: Vibra la noche"}]},{"@type":"WebSite","@id":"https:\/\/zeromagazine.mx\/#website","url":"https:\/\/zeromagazine.mx\/","name":"Zero Magazine","description":"","publisher":{"@id":"https:\/\/zeromagazine.mx\/#organization"},"potentialAction":[{"@type":"SearchAction","target":{"@type":"EntryPoint","urlTemplate":"https:\/\/zeromagazine.mx\/?s={search_term_string}"},"query-input":{"@type":"PropertyValueSpecification","valueRequired":true,"valueName":"search_term_string"}}],"inLanguage":"es"},{"@type":"Organization","@id":"https:\/\/zeromagazine.mx\/#organization","name":"Zero Magazine","url":"https:\/\/zeromagazine.mx\/","logo":{"@type":"ImageObject","inLanguage":"es","@id":"https:\/\/zeromagazine.mx\/#\/schema\/logo\/image\/","url":"https:\/\/i0.wp.com\/zeromagazine.mx\/wp-content\/uploads\/2025\/11\/1.jpeg?fit=1000%2C1000&ssl=1","contentUrl":"https:\/\/i0.wp.com\/zeromagazine.mx\/wp-content\/uploads\/2025\/11\/1.jpeg?fit=1000%2C1000&ssl=1","width":1000,"height":1000,"caption":"Zero Magazine"},"image":{"@id":"https:\/\/zeromagazine.mx\/#\/schema\/logo\/image\/"},"sameAs":["https:\/\/instagram.com\/zeromagazinemx"]},{"@type":"Person","@id":"https:\/\/zeromagazine.mx\/#\/schema\/person\/9aed9f33a7c39af3a348b86d723f7773","name":"zeromagazinemx","image":{"@type":"ImageObject","inLanguage":"es","@id":"https:\/\/zeromagazine.mx\/wp-content\/litespeed\/avatar\/f91dfe5410d5dcb1a576bf8c45983896.jpg?ver=1776966396","url":"https:\/\/zeromagazine.mx\/wp-content\/litespeed\/avatar\/f91dfe5410d5dcb1a576bf8c45983896.jpg?ver=1776966396","contentUrl":"https:\/\/zeromagazine.mx\/wp-content\/litespeed\/avatar\/f91dfe5410d5dcb1a576bf8c45983896.jpg?ver=1776966396","caption":"zeromagazinemx"},"url":"https:\/\/zeromagazine.mx\/index.php\/author\/zeromagazinemx\/"}]}},"jetpack_publicize_connections":[],"jetpack_featured_media_url":"https:\/\/i0.wp.com\/zeromagazine.mx\/wp-content\/uploads\/2025\/01\/Polo-y-Pan_Prev_1200x628.jpg?fit=1200%2C628&ssl=1","jetpack-related-posts":[{"id":74786,"url":"https:\/\/zeromagazine.mx\/index.php\/2024\/04\/25\/el-malilla-en-el-auditorio-bb\/","url_meta":{"origin":94828,"position":0},"title":"\u00a1El Malilla en el Auditorio BB!","author":"zeromagazinemx","date":"25 de abril de 2024","format":false,"excerpt":"\u00a1El Malilla est\u00e1 que arde! \u00a1A\u00f1adi\u00f3 una fecha m\u00e1s en el Auditorio BB! Y s\u00ed, prep\u00e1rense porque va a ser \u00e9pico. \u00bfEst\u00e1n listos para m\u00e1s de su reggaet\u00f3n favorito? \u00a1Porque esta es tu oportunidad! Pero espera, \u00bfqu\u00e9 significa esto? Pues que el 1 de agosto se va a poner bueno.\u2026","rel":"","context":"En \u00abEntretenimiento\u00bb","block_context":{"text":"Entretenimiento","link":"https:\/\/zeromagazine.mx\/index.php\/category\/entretenimiento\/"},"img":{"alt_text":"","src":"https:\/\/i0.wp.com\/zeromagazine.mx\/wp-content\/uploads\/2024\/04\/image_processing20240423-9-662l2.jpg?fit=1200%2C800&ssl=1&resize=350%2C200","width":350,"height":200,"srcset":"https:\/\/i0.wp.com\/zeromagazine.mx\/wp-content\/uploads\/2024\/04\/image_processing20240423-9-662l2.jpg?fit=1200%2C800&ssl=1&resize=350%2C200 1x, https:\/\/i0.wp.com\/zeromagazine.mx\/wp-content\/uploads\/2024\/04\/image_processing20240423-9-662l2.jpg?fit=1200%2C800&ssl=1&resize=525%2C300 1.5x, https:\/\/i0.wp.com\/zeromagazine.mx\/wp-content\/uploads\/2024\/04\/image_processing20240423-9-662l2.jpg?fit=1200%2C800&ssl=1&resize=700%2C400 2x, https:\/\/i0.wp.com\/zeromagazine.mx\/wp-content\/uploads\/2024\/04\/image_processing20240423-9-662l2.jpg?fit=1200%2C800&ssl=1&resize=1050%2C600 3x"},"classes":[]},{"id":90022,"url":"https:\/\/zeromagazine.mx\/index.php\/2024\/11\/11\/juan-solo-conquista-el-auditorio-bb\/","url_meta":{"origin":94828,"position":1},"title":"Juan Solo Conquista el Auditorio BB","author":"zeromagazinemx","date":"11 de noviembre de 2024","format":false,"excerpt":"Amix, si ayer no ten\u00edas plan y te quedaste en casa, lamento decirte que te perdiste de una de las noches m\u00e1s \u00e9picas del a\u00f1o en la CDMX. Juan Solo, el crack del pop mexicano, estuvo en el Auditorio BB con su Malquerido Tour y, de verdad, fue un show\u2026","rel":"","context":"En \u00abEntretenimiento\u00bb","block_context":{"text":"Entretenimiento","link":"https:\/\/zeromagazine.mx\/index.php\/category\/entretenimiento\/"},"img":{"alt_text":"","src":"https:\/\/i0.wp.com\/zeromagazine.mx\/wp-content\/uploads\/2024\/11\/DSC02713-scaled.jpg?fit=1200%2C802&ssl=1&resize=350%2C200","width":350,"height":200,"srcset":"https:\/\/i0.wp.com\/zeromagazine.mx\/wp-content\/uploads\/2024\/11\/DSC02713-scaled.jpg?fit=1200%2C802&ssl=1&resize=350%2C200 1x, https:\/\/i0.wp.com\/zeromagazine.mx\/wp-content\/uploads\/2024\/11\/DSC02713-scaled.jpg?fit=1200%2C802&ssl=1&resize=525%2C300 1.5x, https:\/\/i0.wp.com\/zeromagazine.mx\/wp-content\/uploads\/2024\/11\/DSC02713-scaled.jpg?fit=1200%2C802&ssl=1&resize=700%2C400 2x, https:\/\/i0.wp.com\/zeromagazine.mx\/wp-content\/uploads\/2024\/11\/DSC02713-scaled.jpg?fit=1200%2C802&ssl=1&resize=1050%2C600 3x"},"classes":[]},{"id":108658,"url":"https:\/\/zeromagazine.mx\/index.php\/2025\/09\/21\/brainrots-italianos-show-mexico\/","url_meta":{"origin":94828,"position":2},"title":"Brainrots Italianos llegan a M\u00e9xico con su show","author":"David Morales","date":"21 de septiembre de 2025","format":false,"excerpt":"Lo que empez\u00f3 como clips absurdos en internet se transform\u00f3 en todo un fen\u00f3meno cultural. Y ahora, los Brainrots Italianos llegan por primera vez a M\u00e9xico con un show que promete romper la barrera entre lo digital y lo real. El 16 de noviembre el Auditorio BB se convertir\u00e1 en\u2026","rel":"","context":"En \u00abEntretenimiento\u00bb","block_context":{"text":"Entretenimiento","link":"https:\/\/zeromagazine.mx\/index.php\/category\/entretenimiento\/"},"img":{"alt_text":"","src":"https:\/\/i0.wp.com\/zeromagazine.mx\/wp-content\/uploads\/2025\/09\/brainrots-auditorio-bb-cdmx-nov-2025-cartel.jpg?fit=675%2C1200&ssl=1&resize=350%2C200","width":350,"height":200,"srcset":"https:\/\/i0.wp.com\/zeromagazine.mx\/wp-content\/uploads\/2025\/09\/brainrots-auditorio-bb-cdmx-nov-2025-cartel.jpg?fit=675%2C1200&ssl=1&resize=350%2C200 1x, https:\/\/i0.wp.com\/zeromagazine.mx\/wp-content\/uploads\/2025\/09\/brainrots-auditorio-bb-cdmx-nov-2025-cartel.jpg?fit=675%2C1200&ssl=1&resize=525%2C300 1.5x"},"classes":[]},{"id":77672,"url":"https:\/\/zeromagazine.mx\/index.php\/2024\/06\/11\/yosoymatt-en-el-auditorio-bb\/","url_meta":{"origin":94828,"position":3},"title":"YOSOYMATT en el Auditorio BB","author":"zeromagazinemx","date":"11 de junio de 2024","format":false,"excerpt":"\u00a1YOSOYMATT est\u00e1 a punto de hacer historia en la CDMX con su primer concierto en el Auditorio BB! Es una noticia que nos tiene a todos emocionad\u00edsimos y no es para menos. Este chico est\u00e1 arrasando no solo en M\u00e9xico, sino en todo el mundo con su incre\u00edble m\u00fasica electr\u00f3nica\u2026","rel":"","context":"En \u00abEntretenimiento\u00bb","block_context":{"text":"Entretenimiento","link":"https:\/\/zeromagazine.mx\/index.php\/category\/entretenimiento\/"},"img":{"alt_text":"","src":"https:\/\/i0.wp.com\/zeromagazine.mx\/wp-content\/uploads\/2024\/06\/YoSoyMatt_Prev_1920x1080.jpg?fit=1200%2C675&ssl=1&resize=350%2C200","width":350,"height":200,"srcset":"https:\/\/i0.wp.com\/zeromagazine.mx\/wp-content\/uploads\/2024\/06\/YoSoyMatt_Prev_1920x1080.jpg?fit=1200%2C675&ssl=1&resize=350%2C200 1x, https:\/\/i0.wp.com\/zeromagazine.mx\/wp-content\/uploads\/2024\/06\/YoSoyMatt_Prev_1920x1080.jpg?fit=1200%2C675&ssl=1&resize=525%2C300 1.5x, https:\/\/i0.wp.com\/zeromagazine.mx\/wp-content\/uploads\/2024\/06\/YoSoyMatt_Prev_1920x1080.jpg?fit=1200%2C675&ssl=1&resize=700%2C400 2x, https:\/\/i0.wp.com\/zeromagazine.mx\/wp-content\/uploads\/2024\/06\/YoSoyMatt_Prev_1920x1080.jpg?fit=1200%2C675&ssl=1&resize=1050%2C600 3x"},"classes":[]},{"id":98621,"url":"https:\/\/zeromagazine.mx\/index.php\/2025\/03\/12\/nuevas-fechas-para-el-concierto-de-miguel-bose-en-auditorio-nacional\/","url_meta":{"origin":94828,"position":4},"title":"Miguel Bos\u00e9 Esta De Vuelta","author":"David Morales","date":"12 de marzo de 2025","format":false,"excerpt":"Amix, si crecieron escuchando los \u00e9xitos de Miguel Bos\u00e9, prep\u00e1rense porque est\u00e1 de vuelta con su tour \u201cImportante\u201d y el Auditorio Nacional ser\u00e1 testigo de su gran regreso. Sus primeras fechas (14 y 15 de marzo) ya est\u00e1n agotadas, pero a\u00fan quedan boletos para el 23 y 24 de abril.\u2026","rel":"","context":"En \u00abEntretenimiento\u00bb","block_context":{"text":"Entretenimiento","link":"https:\/\/zeromagazine.mx\/index.php\/category\/entretenimiento\/"},"img":{"alt_text":"","src":"https:\/\/i0.wp.com\/zeromagazine.mx\/wp-content\/uploads\/2025\/03\/banner-bose-1.jpg?resize=350%2C200&ssl=1","width":350,"height":200,"srcset":"https:\/\/i0.wp.com\/zeromagazine.mx\/wp-content\/uploads\/2025\/03\/banner-bose-1.jpg?resize=350%2C200&ssl=1 1x, https:\/\/i0.wp.com\/zeromagazine.mx\/wp-content\/uploads\/2025\/03\/banner-bose-1.jpg?resize=525%2C300&ssl=1 1.5x, https:\/\/i0.wp.com\/zeromagazine.mx\/wp-content\/uploads\/2025\/03\/banner-bose-1.jpg?resize=700%2C400&ssl=1 2x, https:\/\/i0.wp.com\/zeromagazine.mx\/wp-content\/uploads\/2025\/03\/banner-bose-1.jpg?resize=1050%2C600&ssl=1 3x, https:\/\/i0.wp.com\/zeromagazine.mx\/wp-content\/uploads\/2025\/03\/banner-bose-1.jpg?resize=1400%2C800&ssl=1 4x"},"classes":[]},{"id":113785,"url":"https:\/\/zeromagazine.mx\/index.php\/2026\/01\/21\/kudai-harakiri-tour\/","url_meta":{"origin":94828,"position":5},"title":"KUDAI, la banda que marc\u00f3 a toda una generaci\u00f3n, est\u00e1 de vuelta con su HARAKIRI TOUR!.","author":"David Morales","date":"21 de enero de 2026","format":false,"excerpt":"Hay regresos que se sienten como un d\u00e9j\u00e0 vu bonito y otros que llegan con la energ\u00eda suficiente para sacudirlo todo. El de\u00a0KUDAI\u00a0entra en la segunda categor\u00eda. La banda que convirti\u00f3 letras intensas en himnos emocionales est\u00e1 oficialmente de vuelta con el\u00a0Harakiri Tour, un show que no vive solo de\u2026","rel":"","context":"En \u00abConcierto\u00bb","block_context":{"text":"Concierto","link":"https:\/\/zeromagazine.mx\/index.php\/category\/concierto\/"},"img":{"alt_text":"","src":"https:\/\/i0.wp.com\/zeromagazine.mx\/wp-content\/uploads\/2026\/01\/IMG_1032-1.jpeg?fit=1170%2C876&ssl=1&resize=350%2C200","width":350,"height":200,"srcset":"https:\/\/i0.wp.com\/zeromagazine.mx\/wp-content\/uploads\/2026\/01\/IMG_1032-1.jpeg?fit=1170%2C876&ssl=1&resize=350%2C200 1x, https:\/\/i0.wp.com\/zeromagazine.mx\/wp-content\/uploads\/2026\/01\/IMG_1032-1.jpeg?fit=1170%2C876&ssl=1&resize=525%2C300 1.5x, https:\/\/i0.wp.com\/zeromagazine.mx\/wp-content\/uploads\/2026\/01\/IMG_1032-1.jpeg?fit=1170%2C876&ssl=1&resize=700%2C400 2x, https:\/\/i0.wp.com\/zeromagazine.mx\/wp-content\/uploads\/2026\/01\/IMG_1032-1.jpeg?fit=1170%2C876&ssl=1&resize=1050%2C600 3x"},"classes":[]}],"jetpack_sharing_enabled":true,"builder_content":"","_links":{"self":[{"href":"https:\/\/zeromagazine.mx\/index.php\/wp-json\/wp\/v2\/posts\/94828","targetHints":{"allow":["GET"]}}],"collection":[{"href":"https:\/\/zeromagazine.mx\/index.php\/wp-json\/wp\/v2\/posts"}],"about":[{"href":"https:\/\/zeromagazine.mx\/index.php\/wp-json\/wp\/v2\/types\/post"}],"author":[{"embeddable":true,"href":"https:\/\/zeromagazine.mx\/index.php\/wp-json\/wp\/v2\/users\/2"}],"replies":[{"embeddable":true,"href":"https:\/\/zeromagazine.mx\/index.php\/wp-json\/wp\/v2\/comments?post=94828"}],"version-history":[{"count":3,"href":"https:\/\/zeromagazine.mx\/index.php\/wp-json\/wp\/v2\/posts\/94828\/revisions"}],"predecessor-version":[{"id":94832,"href":"https:\/\/zeromagazine.mx\/index.php\/wp-json\/wp\/v2\/posts\/94828\/revisions\/94832"}],"wp:featuredmedia":[{"embeddable":true,"href":"https:\/\/zeromagazine.mx\/index.php\/wp-json\/wp\/v2\/media\/94829"}],"wp:attachment":[{"href":"https:\/\/zeromagazine.mx\/index.php\/wp-json\/wp\/v2\/media?parent=94828"}],"wp:term":[{"taxonomy":"category","embeddable":true,"href":"https:\/\/zeromagazine.mx\/index.php\/wp-json\/wp\/v2\/categories?post=94828"},{"taxonomy":"post_tag","embeddable":true,"href":"https:\/\/zeromagazine.mx\/index.php\/wp-json\/wp\/v2\/tags?post=94828"}],"curies":[{"name":"wp","href":"https:\/\/api.w.org\/{rel}","templated":true}]}}