{"id":94937,"date":"2025-01-17T16:01:53","date_gmt":"2025-01-17T15:01:53","guid":{"rendered":"https:\/\/zeromagazine.mx\/?p=94937"},"modified":"2025-01-17T16:01:55","modified_gmt":"2025-01-17T15:01:55","slug":"portada-pa-torres","status":"publish","type":"post","link":"https:\/\/zeromagazine.mx\/index.php\/2025\/01\/17\/portada-pa-torres\/","title":{"rendered":"PA Torres: conectando sue\u00f1os y logros"},"content":{"rendered":"<!--themify_builder_content-->\n<div id=\"themify_builder_content-94937\" data-postid=\"94937\" class=\"themify_builder_content themify_builder_content-94937 themify_builder tf_clear\">\n    <\/div>\n<!--\/themify_builder_content-->\n\n\n<p>Con siete a\u00f1os de trayectoria musical, PA Torres ha recorrido un camino lleno de evoluci\u00f3n, experimentaci\u00f3n y autenticidad. Desde sus inicios en g\u00e9neros como el pop y el reguet\u00f3n hasta la mezcla de house y rap en su m\u00e1s reciente sencillo, este artista ha sabido mantener su esencia mientras conquista nuevos p\u00fablicos. En esta entrevista, PA nos abre las puertas a su vida, su inspiraci\u00f3n y sus ambiciosos planes para el 2025. Descubre c\u00f3mo combina pasi\u00f3n, disciplina y carisma para convertirse en una voz \u00fanica dentro de la m\u00fasica urbana.<\/p>\n\n\n\n<p>Entrevista: El Poderoso Dave<br>Fotograf\u00eda: Juan Castillo<br>Styling: El Poderoso Dave.<\/p>\n\n\n\n<figure class=\"wp-block-image size-full\"><img data-recalc-dims=\"1\" decoding=\"async\" width=\"1165\" height=\"1508\" src=\"https:\/\/i0.wp.com\/zeromagazine.mx\/wp-content\/uploads\/2025\/01\/IMG_2968.png?resize=1165%2C1508&#038;ssl=1\" alt=\"\" class=\"wp-image-94938\" srcset=\"https:\/\/i0.wp.com\/zeromagazine.mx\/wp-content\/uploads\/2025\/01\/IMG_2968.png?w=2550&amp;ssl=1 2550w, https:\/\/i0.wp.com\/zeromagazine.mx\/wp-content\/uploads\/2025\/01\/IMG_2968.png?resize=232%2C300&amp;ssl=1 232w, https:\/\/i0.wp.com\/zeromagazine.mx\/wp-content\/uploads\/2025\/01\/IMG_2968.png?resize=791%2C1024&amp;ssl=1 791w, https:\/\/i0.wp.com\/zeromagazine.mx\/wp-content\/uploads\/2025\/01\/IMG_2968.png?resize=768%2C994&amp;ssl=1 768w, https:\/\/i0.wp.com\/zeromagazine.mx\/wp-content\/uploads\/2025\/01\/IMG_2968.png?resize=1187%2C1536&amp;ssl=1 1187w, https:\/\/i0.wp.com\/zeromagazine.mx\/wp-content\/uploads\/2025\/01\/IMG_2968.png?resize=1583%2C2048&amp;ssl=1 1583w, https:\/\/i0.wp.com\/zeromagazine.mx\/wp-content\/uploads\/2025\/01\/IMG_2968.png?w=2330 2330w\" sizes=\"(max-width: 1165px) 100vw, 1165px\" \/><\/figure>\n\n\n\n<script async src=\"https:\/\/pagead2.googlesyndication.com\/pagead\/js\/adsbygoogle.js?client=ca-pub-5499304793904745\"\n     crossorigin=\"anonymous\"><\/script>\n<ins class=\"adsbygoogle\"\n     style=\"display:block; text-align:center;\"\n     data-ad-layout=\"in-article\"\n     data-ad-format=\"fluid\"\n     data-ad-client=\"ca-pub-5499304793904745\"\n     data-ad-slot=\"5994863093\"><\/ins>\n<script>\n     (adsbygoogle = window.adsbygoogle || []).push({});\n<\/script>\n\n\n\n<p><strong>Con 7 a\u00f1os de experiencia en la m\u00fasica, \u00bfc\u00f3mo definir\u00edas tu evoluci\u00f3n desde que comenzaste hasta ahora?<\/strong><\/p>\n\n\n\n<p>PA Torres me ha acompa\u00f1ado en muchas etapas de mi vida y, as\u00ed como Patrick ha crecido como persona, \u201cPA\u201d ha crecido como artista. Se puede notar c\u00f3mo he tratado de mejorar mi m\u00fasica todos estos a\u00f1os y, al mismo tiempo, encontrar mi sonido.<\/p>\n\n\n\n<p><strong>Has trabajado en g\u00e9neros como pop, trap, reguet\u00f3n y m\u00fasica urbana. \u00bfCu\u00e1l de ellos sientes que representa mejor tu esencia?<\/strong><\/p>\n\n\n\n<p>Creo que mi esencia es justamente poder experimentar en varios ritmos y mantener mi estilo. PA Torres representa experimentar y seguir tu instinto.<\/p>\n\n\n\n<p><strong>Tu formaci\u00f3n en el CEA infantil y tu experiencia en televisi\u00f3n, \u00bfc\u00f3mo influy\u00f3 en la seguridad y creatividad que tienes como artista musical?<\/strong><\/p>\n\n\n\n<p>Definitivamente me dio las bases para poder pararme en un escenario y transmitir un mensaje, as\u00ed como perder la pena de las c\u00e1maras y trabajar bajo el ojo de muchas personas.<\/p>\n\n\n\n<figure class=\"wp-block-image size-full\"><img data-recalc-dims=\"1\" decoding=\"async\" width=\"1165\" height=\"2071\" src=\"https:\/\/i0.wp.com\/zeromagazine.mx\/wp-content\/uploads\/2025\/01\/IMG_2967-scaled.jpeg?resize=1165%2C2071&#038;ssl=1\" alt=\"\" class=\"wp-image-94939\" srcset=\"https:\/\/i0.wp.com\/zeromagazine.mx\/wp-content\/uploads\/2025\/01\/IMG_2967-scaled.jpeg?w=1440&amp;ssl=1 1440w, https:\/\/i0.wp.com\/zeromagazine.mx\/wp-content\/uploads\/2025\/01\/IMG_2967-scaled.jpeg?resize=169%2C300&amp;ssl=1 169w, https:\/\/i0.wp.com\/zeromagazine.mx\/wp-content\/uploads\/2025\/01\/IMG_2967-scaled.jpeg?resize=576%2C1024&amp;ssl=1 576w, https:\/\/i0.wp.com\/zeromagazine.mx\/wp-content\/uploads\/2025\/01\/IMG_2967-scaled.jpeg?resize=768%2C1365&amp;ssl=1 768w, https:\/\/i0.wp.com\/zeromagazine.mx\/wp-content\/uploads\/2025\/01\/IMG_2967-scaled.jpeg?resize=864%2C1536&amp;ssl=1 864w, https:\/\/i0.wp.com\/zeromagazine.mx\/wp-content\/uploads\/2025\/01\/IMG_2967-scaled.jpeg?resize=1152%2C2048&amp;ssl=1 1152w\" sizes=\"(max-width: 1165px) 100vw, 1165px\" \/><figcaption class=\"wp-element-caption\">Toatl Look: SHEIN<\/figcaption><\/figure>\n\n\n\n<script async src=\"https:\/\/pagead2.googlesyndication.com\/pagead\/js\/adsbygoogle.js?client=ca-pub-5499304793904745\"\n     crossorigin=\"anonymous\"><\/script>\n<ins class=\"adsbygoogle\"\n     style=\"display:block; text-align:center;\"\n     data-ad-layout=\"in-article\"\n     data-ad-format=\"fluid\"\n     data-ad-client=\"ca-pub-5499304793904745\"\n     data-ad-slot=\"5994863093\"><\/ins>\n<script>\n     (adsbygoogle = window.adsbygoogle || []).push({});\n<\/script>\n\n\n\n<p><strong>Tu sencillo \u201cPerversi\u00f3n\u201d tuvo un gran impacto, con millones de reproducciones en plataformas. \u00bfC\u00f3mo manejas el \u00e9xito y qu\u00e9 aprendiste de esa experiencia?<\/strong><\/p>\n\n\n\n<p>No pod\u00eda creer que tanta gente empezara a conocer mi m\u00fasica. Al mismo tiempo, me dieron nervios por pensar que ya ten\u00eda un p\u00fablico grande escuch\u00e1ndome, entonces\u2026 \u00bfqu\u00e9 es lo que yo quiero decir?<\/p>\n\n\n\n<p><strong>Aparecer en listas como \u201cMixito\u201d y \u201cChakalon\u201d fue un logro importante. \u00bfQu\u00e9 significa para ti estar en estas editoriales?<\/strong><\/p>\n\n\n\n<p>Ver mis canciones en playlists junto a mis artistas favoritos es un feeling s\u00faper bueno. Es como un premio para nosotros los m\u00fasicos.<\/p>\n\n\n\n<figure class=\"wp-block-image size-full\"><img data-recalc-dims=\"1\" decoding=\"async\" width=\"1165\" height=\"2071\" src=\"https:\/\/i0.wp.com\/zeromagazine.mx\/wp-content\/uploads\/2025\/01\/IMG_2965-1-scaled.jpeg?resize=1165%2C2071&#038;ssl=1\" alt=\"\" class=\"wp-image-94942\" srcset=\"https:\/\/i0.wp.com\/zeromagazine.mx\/wp-content\/uploads\/2025\/01\/IMG_2965-1-scaled.jpeg?w=1440&amp;ssl=1 1440w, https:\/\/i0.wp.com\/zeromagazine.mx\/wp-content\/uploads\/2025\/01\/IMG_2965-1-scaled.jpeg?resize=169%2C300&amp;ssl=1 169w, https:\/\/i0.wp.com\/zeromagazine.mx\/wp-content\/uploads\/2025\/01\/IMG_2965-1-scaled.jpeg?resize=576%2C1024&amp;ssl=1 576w, https:\/\/i0.wp.com\/zeromagazine.mx\/wp-content\/uploads\/2025\/01\/IMG_2965-1-scaled.jpeg?resize=768%2C1365&amp;ssl=1 768w, https:\/\/i0.wp.com\/zeromagazine.mx\/wp-content\/uploads\/2025\/01\/IMG_2965-1-scaled.jpeg?resize=864%2C1536&amp;ssl=1 864w, https:\/\/i0.wp.com\/zeromagazine.mx\/wp-content\/uploads\/2025\/01\/IMG_2965-1-scaled.jpeg?resize=1152%2C2048&amp;ssl=1 1152w\" sizes=\"(max-width: 1165px) 100vw, 1165px\" \/><figcaption class=\"wp-element-caption\">Bomber Jacket: C&amp;A<\/figcaption><\/figure>\n\n\n\n<p><strong>\u201cDrunk in Miami\u201d combina ritmos electr\u00f3nicos y m\u00fasica urbana. \u00bfC\u00f3mo surgi\u00f3 la idea de capturar la esencia de la vida nocturna de Miami en esta canci\u00f3n?<\/strong><\/p>\n\n\n\n<p>En mi viaje a Miami me enamor\u00e9 de la vida de fiesta nocturna de Ocean Drive. Me volv\u00ed adicto a esa energ\u00eda latina que Miami transmite. Regresando a M\u00e9xico, ten\u00eda un ritmo electr\u00f3nico en la mente y supe que ten\u00eda que rapear algo que me recordara a ese viaje.<\/p>\n\n\n\n<p><strong>\u00bfC\u00f3mo fue trabajar con Jay Castro en la producci\u00f3n de este sencillo? \u00bfQu\u00e9 aport\u00f3 su visi\u00f3n al proyecto?<\/strong><\/p>\n\n\n\n<p>Jay fue mi maestro de producci\u00f3n musical, entonces conoce mi evoluci\u00f3n desde hace muchos a\u00f1os. Cuando trabajamos juntos, yo llego con una idea alocada y \u00e9l se encarga de hacerla sonar.<\/p>\n\n\n\n<figure class=\"wp-block-image size-full\"><img data-recalc-dims=\"1\" decoding=\"async\" width=\"1165\" height=\"1640\" src=\"https:\/\/i0.wp.com\/zeromagazine.mx\/wp-content\/uploads\/2025\/01\/IMG_2962-scaled.jpeg?resize=1165%2C1640&#038;ssl=1\" alt=\"\" class=\"wp-image-94940\" srcset=\"https:\/\/i0.wp.com\/zeromagazine.mx\/wp-content\/uploads\/2025\/01\/IMG_2962-scaled.jpeg?w=1819&amp;ssl=1 1819w, https:\/\/i0.wp.com\/zeromagazine.mx\/wp-content\/uploads\/2025\/01\/IMG_2962-scaled.jpeg?resize=213%2C300&amp;ssl=1 213w, https:\/\/i0.wp.com\/zeromagazine.mx\/wp-content\/uploads\/2025\/01\/IMG_2962-scaled.jpeg?resize=728%2C1024&amp;ssl=1 728w, https:\/\/i0.wp.com\/zeromagazine.mx\/wp-content\/uploads\/2025\/01\/IMG_2962-scaled.jpeg?resize=768%2C1081&amp;ssl=1 768w, https:\/\/i0.wp.com\/zeromagazine.mx\/wp-content\/uploads\/2025\/01\/IMG_2962-scaled.jpeg?resize=1092%2C1536&amp;ssl=1 1092w, https:\/\/i0.wp.com\/zeromagazine.mx\/wp-content\/uploads\/2025\/01\/IMG_2962-scaled.jpeg?resize=1456%2C2048&amp;ssl=1 1456w\" sizes=\"(max-width: 1165px) 100vw, 1165px\" \/><figcaption class=\"wp-element-caption\">Top: Aerie \/ Jeans: C&amp;A<\/figcaption><\/figure>\n\n\n\n<script async src=\"https:\/\/pagead2.googlesyndication.com\/pagead\/js\/adsbygoogle.js?client=ca-pub-5499304793904745\"\n     crossorigin=\"anonymous\"><\/script>\n<ins class=\"adsbygoogle\"\n     style=\"display:block; text-align:center;\"\n     data-ad-layout=\"in-article\"\n     data-ad-format=\"fluid\"\n     data-ad-client=\"ca-pub-5499304793904745\"\n     data-ad-slot=\"5994863093\"><\/ins>\n<script>\n     (adsbygoogle = window.adsbygoogle || []).push({});\n<\/script>\n\n\n\n<p><strong>\u00bfQu\u00e9 elementos de la atm\u00f3sfera latina y la vida nocturna quisiste destacar en la canci\u00f3n?<\/strong><\/p>\n\n\n\n<p>La fiesta y el carisma propio son dos cosas que nos distinguen a los latinos, y lo hacemos muy bien.<\/p>\n\n\n\n<p><strong>Esta canci\u00f3n fusiona house y rap, \u00bfc\u00f3mo logras mantener un balance entre g\u00e9neros tan distintos?<\/strong><\/p>\n\n\n\n<p>En cuanto me siento c\u00f3modo con un beat me pongo a rapear sobre \u00e9l. El resto se vuelve una mezcla improvisada que sale de mi cabeza.<\/p>\n\n\n\n<p><strong>Tus presentaciones en festivales como el \u201cHoli Festival\u201d y tus aperturas a artistas de renombre demuestran tu fuerte conexi\u00f3n con el p\u00fablico. \u00bfQu\u00e9 sientes cuando est\u00e1s frente a miles de personas?<\/strong><\/p>\n\n\n\n<p>Cantar en vivo es mi parte favorita. Sentir la energ\u00eda de tanta gente y poder transmitirles tu energ\u00eda en vivo es lo mejor.<\/p>\n\n\n\n<figure class=\"wp-block-image size-full\"><img data-recalc-dims=\"1\" decoding=\"async\" width=\"1165\" height=\"2071\" src=\"https:\/\/i0.wp.com\/zeromagazine.mx\/wp-content\/uploads\/2025\/01\/IMG_2966-scaled.jpeg?resize=1165%2C2071\" alt=\"\" class=\"wp-image-94943\" srcset=\"https:\/\/i0.wp.com\/zeromagazine.mx\/wp-content\/uploads\/2025\/01\/IMG_2966-scaled.jpeg?w=1440&amp;ssl=1 1440w, https:\/\/i0.wp.com\/zeromagazine.mx\/wp-content\/uploads\/2025\/01\/IMG_2966-scaled.jpeg?resize=169%2C300&amp;ssl=1 169w, https:\/\/i0.wp.com\/zeromagazine.mx\/wp-content\/uploads\/2025\/01\/IMG_2966-scaled.jpeg?resize=576%2C1024&amp;ssl=1 576w, https:\/\/i0.wp.com\/zeromagazine.mx\/wp-content\/uploads\/2025\/01\/IMG_2966-scaled.jpeg?resize=768%2C1365&amp;ssl=1 768w, https:\/\/i0.wp.com\/zeromagazine.mx\/wp-content\/uploads\/2025\/01\/IMG_2966-scaled.jpeg?resize=864%2C1536&amp;ssl=1 864w, https:\/\/i0.wp.com\/zeromagazine.mx\/wp-content\/uploads\/2025\/01\/IMG_2966-scaled.jpeg?resize=1152%2C2048&amp;ssl=1 1152w\" sizes=\"(max-width: 1165px) 100vw, 1165px\" \/><\/figure>\n\n\n\n<p><strong>\u00bfQu\u00e9 estrategia utilizas para conectar emocionalmente con tu audiencia a trav\u00e9s de tu m\u00fasica y presentaciones?<\/strong><\/p>\n\n\n\n<p>Soy sincero con todo lo que escribo, y eso me ha llevado a conectar con tantas personas. Al salir al escenario, tambi\u00e9n salgo a dar lo mejor de m\u00ed, lo mejor de PA Torres.<\/p>\n\n\n\n<p><strong>2025 parece un a\u00f1o emocionante con festivales y promoci\u00f3n en medios. \u00bfQu\u00e9 nos puedes adelantar de estos eventos y tus pr\u00f3ximos proyectos?<\/strong><\/p>\n\n\n\n<p>A\u00fan no puedo decir mucho, pero ya estoy emocionado por reventar antros, festivales, fiestas y bocinas definitivamente.<\/p>\n\n\n\n<p><strong>\u00bfQu\u00e9 expectativas tienes para este a\u00f1o en cuanto a crecimiento y posicionamiento como artista?<\/strong><\/p>\n\n\n\n<p>Soy una persona muy ambiciosa. Quiero hacer m\u00e1s, quiero cantar m\u00e1s, quiero grabar m\u00e1s y siempre, siempre quiero m\u00e1s.<\/p>\n\n\n\n<figure class=\"wp-block-image size-full\"><img data-recalc-dims=\"1\" decoding=\"async\" width=\"1165\" height=\"1747\" src=\"https:\/\/i0.wp.com\/zeromagazine.mx\/wp-content\/uploads\/2025\/01\/IMG_2963-scaled.jpeg?resize=1165%2C1747&#038;ssl=1\" alt=\"\" class=\"wp-image-94944\" srcset=\"https:\/\/i0.wp.com\/zeromagazine.mx\/wp-content\/uploads\/2025\/01\/IMG_2963-scaled.jpeg?w=1707&amp;ssl=1 1707w, https:\/\/i0.wp.com\/zeromagazine.mx\/wp-content\/uploads\/2025\/01\/IMG_2963-scaled.jpeg?resize=200%2C300&amp;ssl=1 200w, https:\/\/i0.wp.com\/zeromagazine.mx\/wp-content\/uploads\/2025\/01\/IMG_2963-scaled.jpeg?resize=683%2C1024&amp;ssl=1 683w, https:\/\/i0.wp.com\/zeromagazine.mx\/wp-content\/uploads\/2025\/01\/IMG_2963-scaled.jpeg?resize=768%2C1152&amp;ssl=1 768w, https:\/\/i0.wp.com\/zeromagazine.mx\/wp-content\/uploads\/2025\/01\/IMG_2963-scaled.jpeg?resize=1024%2C1536&amp;ssl=1 1024w, https:\/\/i0.wp.com\/zeromagazine.mx\/wp-content\/uploads\/2025\/01\/IMG_2963-scaled.jpeg?resize=1365%2C2048&amp;ssl=1 1365w\" sizes=\"(max-width: 1165px) 100vw, 1165px\" \/><\/figure>\n\n\n\n<p><strong>\u00bfHay alg\u00fan festival o escenario en particular que est\u00e9s emocionado por conquistar este a\u00f1o?<\/strong><\/p>\n\n\n\n<p>El Tecate Pal Norte es un festival en el que me encantar\u00eda participar. Tambi\u00e9n me gustar\u00eda cantar por primera vez fuera del pa\u00eds.<\/p>\n\n\n\n<p><strong>Si tuvieras que describir tu carrera en una frase, \u00bfcu\u00e1l ser\u00eda?<\/strong><\/p>\n\n\n\n<p>\u201cEl puente entre los sue\u00f1os y los logros es la disciplina\u201d.<\/p>\n\n\n\n<p><strong>\u00bfQu\u00e9 mensaje quieres que los j\u00f3venes encuentren en tu m\u00fasica?<\/strong><\/p>\n\n\n\n<p>Quiero que se diviertan, que bailen, que sientan esa sensaci\u00f3n en el pecho que yo siento cuando escucho m\u00fasica.<\/p>\n\n\n\n<script async src=\"https:\/\/pagead2.googlesyndication.com\/pagead\/js\/adsbygoogle.js?client=ca-pub-5499304793904745\"\n     crossorigin=\"anonymous\"><\/script>\n<ins class=\"adsbygoogle\"\n     style=\"display:block; text-align:center;\"\n     data-ad-layout=\"in-article\"\n     data-ad-format=\"fluid\"\n     data-ad-client=\"ca-pub-5499304793904745\"\n     data-ad-slot=\"5994863093\"><\/ins>\n<script>\n     (adsbygoogle = window.adsbygoogle || []).push({});\n<\/script>\n\n\n\n<p>PA Torres no es solo un m\u00fasico; es un puente entre emociones y sonidos que invita a vivir, bailar y so\u00f1ar. Su autenticidad en cada palabra y ritmo es un recordatorio de que los logros m\u00e1s grandes se alcanzan con pasi\u00f3n y disciplina. Si a\u00fan no lo has escuchado, este es el momento perfecto para sumergirte en su m\u00fasica y dejarte llevar por su energ\u00eda \u00fanica. PA Torres no solo representa su generaci\u00f3n, la inspira.<\/p>","protected":false},"excerpt":{"rendered":"<p>Con siete a\u00f1os de trayectoria musical, PA Torres ha recorrido un camino lleno de evoluci\u00f3n, experimentaci\u00f3n y autenticidad. Desde sus inicios en g\u00e9neros como el pop y el reguet\u00f3n hasta la mezcla de house y rap en su m\u00e1s reciente sencillo, este artista ha sabido mantener su esencia mientras conquista nuevos p\u00fablicos. En esta entrevista, [&hellip;]<\/p>\n","protected":false},"author":4,"featured_media":94938,"comment_status":"open","ping_status":"open","sticky":false,"template":"","format":"standard","meta":{"_jetpack_memberships_contains_paid_content":false,"footnotes":"","jetpack_publicize_message":"","jetpack_publicize_feature_enabled":true,"jetpack_social_post_already_shared":true,"jetpack_social_options":{"image_generator_settings":{"template":"highway","default_image_id":0,"font":"","enabled":false},"version":2}},"categories":[98],"tags":[12441,11705,12440],"class_list":["post-94937","post","type-post","status-publish","format-standard","has-post-thumbnail","hentry","category-portada","tag-new-music","tag-pa-torres","tag-urbano","has-post-title","has-post-date","has-post-category","has-post-tag","has-post-comment","has-post-author",""],"yoast_head":"<!-- This site is optimized with the Yoast SEO plugin v27.5 - https:\/\/yoast.com\/product\/yoast-seo-wordpress\/ -->\n<title>PA Torres: conectando sue\u00f1os y logros - Zero Magazine<\/title>\n<meta name=\"description\" content=\"PA Torres habla de su evoluci\u00f3n, esencia musical y ambiciones para 2025. Descubre la autenticidad y pasi\u00f3n detr\u00e1s de su arte.\" \/>\n<meta name=\"robots\" content=\"index, follow, max-snippet:-1, max-image-preview:large, max-video-preview:-1\" \/>\n<link rel=\"canonical\" href=\"https:\/\/zeromagazine.mx\/index.php\/2025\/01\/17\/portada-pa-torres\/\" \/>\n<meta property=\"og:locale\" content=\"es_ES\" \/>\n<meta property=\"og:type\" content=\"article\" \/>\n<meta property=\"og:title\" content=\"PA Torres: conectando sue\u00f1os y logros - Zero Magazine\" \/>\n<meta property=\"og:description\" content=\"PA Torres habla de su evoluci\u00f3n, esencia musical y ambiciones para 2025. Descubre la autenticidad y pasi\u00f3n detr\u00e1s de su arte.\" \/>\n<meta property=\"og:url\" content=\"https:\/\/zeromagazine.mx\/index.php\/2025\/01\/17\/portada-pa-torres\/\" \/>\n<meta property=\"og:site_name\" content=\"Zero Magazine\" \/>\n<meta property=\"article:published_time\" content=\"2025-01-17T15:01:53+00:00\" \/>\n<meta property=\"article:modified_time\" content=\"2025-01-17T15:01:55+00:00\" \/>\n<meta property=\"og:image\" content=\"http:\/\/zeromagazine.mx\/wp-content\/uploads\/2025\/01\/IMG_2968-791x1024.png\" \/>\n\t<meta property=\"og:image:width\" content=\"791\" \/>\n\t<meta property=\"og:image:height\" content=\"1024\" \/>\n\t<meta property=\"og:image:type\" content=\"image\/png\" \/>\n<meta name=\"author\" content=\"David Morales\" \/>\n<meta name=\"twitter:card\" content=\"summary_large_image\" \/>\n<meta name=\"twitter:label1\" content=\"Escrito por\" \/>\n\t<meta name=\"twitter:data1\" content=\"David Morales\" \/>\n\t<meta name=\"twitter:label2\" content=\"Tiempo de lectura\" \/>\n\t<meta name=\"twitter:data2\" content=\"6 minutos\" \/>\n<script type=\"application\/ld+json\" class=\"yoast-schema-graph\">{\"@context\":\"https:\\\/\\\/schema.org\",\"@graph\":[{\"@type\":\"Article\",\"@id\":\"https:\\\/\\\/zeromagazine.mx\\\/index.php\\\/2025\\\/01\\\/17\\\/portada-pa-torres\\\/#article\",\"isPartOf\":{\"@id\":\"https:\\\/\\\/zeromagazine.mx\\\/index.php\\\/2025\\\/01\\\/17\\\/portada-pa-torres\\\/\"},\"author\":{\"name\":\"David Morales\",\"@id\":\"https:\\\/\\\/zeromagazine.mx\\\/#\\\/schema\\\/person\\\/9f7f1a17c60ba8e9980e3e6677aabe5a\"},\"headline\":\"PA Torres: conectando sue\u00f1os y logros\",\"datePublished\":\"2025-01-17T15:01:53+00:00\",\"dateModified\":\"2025-01-17T15:01:55+00:00\",\"mainEntityOfPage\":{\"@id\":\"https:\\\/\\\/zeromagazine.mx\\\/index.php\\\/2025\\\/01\\\/17\\\/portada-pa-torres\\\/\"},\"wordCount\":1011,\"commentCount\":0,\"publisher\":{\"@id\":\"https:\\\/\\\/zeromagazine.mx\\\/#organization\"},\"image\":{\"@id\":\"https:\\\/\\\/zeromagazine.mx\\\/index.php\\\/2025\\\/01\\\/17\\\/portada-pa-torres\\\/#primaryimage\"},\"thumbnailUrl\":\"https:\\\/\\\/i0.wp.com\\\/zeromagazine.mx\\\/wp-content\\\/uploads\\\/2025\\\/01\\\/IMG_2968.png?fit=2550%2C3300&ssl=1\",\"keywords\":[\"new music\",\"PA Torres\",\"Urbano\"],\"articleSection\":[\"Portada\"],\"inLanguage\":\"es\",\"potentialAction\":[{\"@type\":\"CommentAction\",\"name\":\"Comment\",\"target\":[\"https:\\\/\\\/zeromagazine.mx\\\/index.php\\\/2025\\\/01\\\/17\\\/portada-pa-torres\\\/#respond\"]}]},{\"@type\":\"WebPage\",\"@id\":\"https:\\\/\\\/zeromagazine.mx\\\/index.php\\\/2025\\\/01\\\/17\\\/portada-pa-torres\\\/\",\"url\":\"https:\\\/\\\/zeromagazine.mx\\\/index.php\\\/2025\\\/01\\\/17\\\/portada-pa-torres\\\/\",\"name\":\"PA Torres: conectando sue\u00f1os y logros - Zero Magazine\",\"isPartOf\":{\"@id\":\"https:\\\/\\\/zeromagazine.mx\\\/#website\"},\"primaryImageOfPage\":{\"@id\":\"https:\\\/\\\/zeromagazine.mx\\\/index.php\\\/2025\\\/01\\\/17\\\/portada-pa-torres\\\/#primaryimage\"},\"image\":{\"@id\":\"https:\\\/\\\/zeromagazine.mx\\\/index.php\\\/2025\\\/01\\\/17\\\/portada-pa-torres\\\/#primaryimage\"},\"thumbnailUrl\":\"https:\\\/\\\/i0.wp.com\\\/zeromagazine.mx\\\/wp-content\\\/uploads\\\/2025\\\/01\\\/IMG_2968.png?fit=2550%2C3300&ssl=1\",\"datePublished\":\"2025-01-17T15:01:53+00:00\",\"dateModified\":\"2025-01-17T15:01:55+00:00\",\"description\":\"PA Torres habla de su evoluci\u00f3n, esencia musical y ambiciones para 2025. Descubre la autenticidad y pasi\u00f3n detr\u00e1s de su arte.\",\"breadcrumb\":{\"@id\":\"https:\\\/\\\/zeromagazine.mx\\\/index.php\\\/2025\\\/01\\\/17\\\/portada-pa-torres\\\/#breadcrumb\"},\"inLanguage\":\"es\",\"potentialAction\":[{\"@type\":\"ReadAction\",\"target\":[\"https:\\\/\\\/zeromagazine.mx\\\/index.php\\\/2025\\\/01\\\/17\\\/portada-pa-torres\\\/\"]}]},{\"@type\":\"ImageObject\",\"inLanguage\":\"es\",\"@id\":\"https:\\\/\\\/zeromagazine.mx\\\/index.php\\\/2025\\\/01\\\/17\\\/portada-pa-torres\\\/#primaryimage\",\"url\":\"https:\\\/\\\/i0.wp.com\\\/zeromagazine.mx\\\/wp-content\\\/uploads\\\/2025\\\/01\\\/IMG_2968.png?fit=2550%2C3300&ssl=1\",\"contentUrl\":\"https:\\\/\\\/i0.wp.com\\\/zeromagazine.mx\\\/wp-content\\\/uploads\\\/2025\\\/01\\\/IMG_2968.png?fit=2550%2C3300&ssl=1\",\"width\":2550,\"height\":3300},{\"@type\":\"BreadcrumbList\",\"@id\":\"https:\\\/\\\/zeromagazine.mx\\\/index.php\\\/2025\\\/01\\\/17\\\/portada-pa-torres\\\/#breadcrumb\",\"itemListElement\":[{\"@type\":\"ListItem\",\"position\":1,\"name\":\"Portada\",\"item\":\"https:\\\/\\\/zeromagazine.mx\\\/\"},{\"@type\":\"ListItem\",\"position\":2,\"name\":\"PA Torres: conectando sue\u00f1os y logros\"}]},{\"@type\":\"WebSite\",\"@id\":\"https:\\\/\\\/zeromagazine.mx\\\/#website\",\"url\":\"https:\\\/\\\/zeromagazine.mx\\\/\",\"name\":\"Zero Magazine\",\"description\":\"\",\"publisher\":{\"@id\":\"https:\\\/\\\/zeromagazine.mx\\\/#organization\"},\"potentialAction\":[{\"@type\":\"SearchAction\",\"target\":{\"@type\":\"EntryPoint\",\"urlTemplate\":\"https:\\\/\\\/zeromagazine.mx\\\/?s={search_term_string}\"},\"query-input\":{\"@type\":\"PropertyValueSpecification\",\"valueRequired\":true,\"valueName\":\"search_term_string\"}}],\"inLanguage\":\"es\"},{\"@type\":\"Organization\",\"@id\":\"https:\\\/\\\/zeromagazine.mx\\\/#organization\",\"name\":\"Zero Magazine\",\"url\":\"https:\\\/\\\/zeromagazine.mx\\\/\",\"logo\":{\"@type\":\"ImageObject\",\"inLanguage\":\"es\",\"@id\":\"https:\\\/\\\/zeromagazine.mx\\\/#\\\/schema\\\/logo\\\/image\\\/\",\"url\":\"https:\\\/\\\/i0.wp.com\\\/zeromagazine.mx\\\/wp-content\\\/uploads\\\/2025\\\/11\\\/1.jpeg?fit=1000%2C1000&ssl=1\",\"contentUrl\":\"https:\\\/\\\/i0.wp.com\\\/zeromagazine.mx\\\/wp-content\\\/uploads\\\/2025\\\/11\\\/1.jpeg?fit=1000%2C1000&ssl=1\",\"width\":1000,\"height\":1000,\"caption\":\"Zero Magazine\"},\"image\":{\"@id\":\"https:\\\/\\\/zeromagazine.mx\\\/#\\\/schema\\\/logo\\\/image\\\/\"},\"sameAs\":[\"https:\\\/\\\/instagram.com\\\/zeromagazinemx\"]},{\"@type\":\"Person\",\"@id\":\"https:\\\/\\\/zeromagazine.mx\\\/#\\\/schema\\\/person\\\/9f7f1a17c60ba8e9980e3e6677aabe5a\",\"name\":\"David Morales\",\"image\":{\"@type\":\"ImageObject\",\"inLanguage\":\"es\",\"@id\":\"https:\\\/\\\/zeromagazine.mx\\\/wp-content\\\/litespeed\\\/avatar\\\/76069d2136bfc1c37dc34815bb67ca42.jpg?ver=1777571067\",\"url\":\"https:\\\/\\\/zeromagazine.mx\\\/wp-content\\\/litespeed\\\/avatar\\\/76069d2136bfc1c37dc34815bb67ca42.jpg?ver=1777571067\",\"contentUrl\":\"https:\\\/\\\/zeromagazine.mx\\\/wp-content\\\/litespeed\\\/avatar\\\/76069d2136bfc1c37dc34815bb67ca42.jpg?ver=1777571067\",\"caption\":\"David Morales\"},\"url\":\"https:\\\/\\\/zeromagazine.mx\\\/index.php\\\/author\\\/david\\\/\"}]}<\/script>\n<!-- \/ Yoast SEO plugin. -->","yoast_head_json":{"title":"PA Torres: conectando sue\u00f1os y logros - Zero Magazine","description":"PA Torres habla de su evoluci\u00f3n, esencia musical y ambiciones para 2025. Descubre la autenticidad y pasi\u00f3n detr\u00e1s de su arte.","robots":{"index":"index","follow":"follow","max-snippet":"max-snippet:-1","max-image-preview":"max-image-preview:large","max-video-preview":"max-video-preview:-1"},"canonical":"https:\/\/zeromagazine.mx\/index.php\/2025\/01\/17\/portada-pa-torres\/","og_locale":"es_ES","og_type":"article","og_title":"PA Torres: conectando sue\u00f1os y logros - Zero Magazine","og_description":"PA Torres habla de su evoluci\u00f3n, esencia musical y ambiciones para 2025. Descubre la autenticidad y pasi\u00f3n detr\u00e1s de su arte.","og_url":"https:\/\/zeromagazine.mx\/index.php\/2025\/01\/17\/portada-pa-torres\/","og_site_name":"Zero Magazine","article_published_time":"2025-01-17T15:01:53+00:00","article_modified_time":"2025-01-17T15:01:55+00:00","og_image":[{"width":791,"height":1024,"url":"http:\/\/zeromagazine.mx\/wp-content\/uploads\/2025\/01\/IMG_2968-791x1024.png","type":"image\/png"}],"author":"David Morales","twitter_card":"summary_large_image","twitter_misc":{"Escrito por":"David Morales","Tiempo de lectura":"6 minutos"},"schema":{"@context":"https:\/\/schema.org","@graph":[{"@type":"Article","@id":"https:\/\/zeromagazine.mx\/index.php\/2025\/01\/17\/portada-pa-torres\/#article","isPartOf":{"@id":"https:\/\/zeromagazine.mx\/index.php\/2025\/01\/17\/portada-pa-torres\/"},"author":{"name":"David Morales","@id":"https:\/\/zeromagazine.mx\/#\/schema\/person\/9f7f1a17c60ba8e9980e3e6677aabe5a"},"headline":"PA Torres: conectando sue\u00f1os y logros","datePublished":"2025-01-17T15:01:53+00:00","dateModified":"2025-01-17T15:01:55+00:00","mainEntityOfPage":{"@id":"https:\/\/zeromagazine.mx\/index.php\/2025\/01\/17\/portada-pa-torres\/"},"wordCount":1011,"commentCount":0,"publisher":{"@id":"https:\/\/zeromagazine.mx\/#organization"},"image":{"@id":"https:\/\/zeromagazine.mx\/index.php\/2025\/01\/17\/portada-pa-torres\/#primaryimage"},"thumbnailUrl":"https:\/\/i0.wp.com\/zeromagazine.mx\/wp-content\/uploads\/2025\/01\/IMG_2968.png?fit=2550%2C3300&ssl=1","keywords":["new music","PA Torres","Urbano"],"articleSection":["Portada"],"inLanguage":"es","potentialAction":[{"@type":"CommentAction","name":"Comment","target":["https:\/\/zeromagazine.mx\/index.php\/2025\/01\/17\/portada-pa-torres\/#respond"]}]},{"@type":"WebPage","@id":"https:\/\/zeromagazine.mx\/index.php\/2025\/01\/17\/portada-pa-torres\/","url":"https:\/\/zeromagazine.mx\/index.php\/2025\/01\/17\/portada-pa-torres\/","name":"PA Torres: conectando sue\u00f1os y logros - Zero Magazine","isPartOf":{"@id":"https:\/\/zeromagazine.mx\/#website"},"primaryImageOfPage":{"@id":"https:\/\/zeromagazine.mx\/index.php\/2025\/01\/17\/portada-pa-torres\/#primaryimage"},"image":{"@id":"https:\/\/zeromagazine.mx\/index.php\/2025\/01\/17\/portada-pa-torres\/#primaryimage"},"thumbnailUrl":"https:\/\/i0.wp.com\/zeromagazine.mx\/wp-content\/uploads\/2025\/01\/IMG_2968.png?fit=2550%2C3300&ssl=1","datePublished":"2025-01-17T15:01:53+00:00","dateModified":"2025-01-17T15:01:55+00:00","description":"PA Torres habla de su evoluci\u00f3n, esencia musical y ambiciones para 2025. Descubre la autenticidad y pasi\u00f3n detr\u00e1s de su arte.","breadcrumb":{"@id":"https:\/\/zeromagazine.mx\/index.php\/2025\/01\/17\/portada-pa-torres\/#breadcrumb"},"inLanguage":"es","potentialAction":[{"@type":"ReadAction","target":["https:\/\/zeromagazine.mx\/index.php\/2025\/01\/17\/portada-pa-torres\/"]}]},{"@type":"ImageObject","inLanguage":"es","@id":"https:\/\/zeromagazine.mx\/index.php\/2025\/01\/17\/portada-pa-torres\/#primaryimage","url":"https:\/\/i0.wp.com\/zeromagazine.mx\/wp-content\/uploads\/2025\/01\/IMG_2968.png?fit=2550%2C3300&ssl=1","contentUrl":"https:\/\/i0.wp.com\/zeromagazine.mx\/wp-content\/uploads\/2025\/01\/IMG_2968.png?fit=2550%2C3300&ssl=1","width":2550,"height":3300},{"@type":"BreadcrumbList","@id":"https:\/\/zeromagazine.mx\/index.php\/2025\/01\/17\/portada-pa-torres\/#breadcrumb","itemListElement":[{"@type":"ListItem","position":1,"name":"Portada","item":"https:\/\/zeromagazine.mx\/"},{"@type":"ListItem","position":2,"name":"PA Torres: conectando sue\u00f1os y logros"}]},{"@type":"WebSite","@id":"https:\/\/zeromagazine.mx\/#website","url":"https:\/\/zeromagazine.mx\/","name":"Zero Magazine","description":"","publisher":{"@id":"https:\/\/zeromagazine.mx\/#organization"},"potentialAction":[{"@type":"SearchAction","target":{"@type":"EntryPoint","urlTemplate":"https:\/\/zeromagazine.mx\/?s={search_term_string}"},"query-input":{"@type":"PropertyValueSpecification","valueRequired":true,"valueName":"search_term_string"}}],"inLanguage":"es"},{"@type":"Organization","@id":"https:\/\/zeromagazine.mx\/#organization","name":"Zero Magazine","url":"https:\/\/zeromagazine.mx\/","logo":{"@type":"ImageObject","inLanguage":"es","@id":"https:\/\/zeromagazine.mx\/#\/schema\/logo\/image\/","url":"https:\/\/i0.wp.com\/zeromagazine.mx\/wp-content\/uploads\/2025\/11\/1.jpeg?fit=1000%2C1000&ssl=1","contentUrl":"https:\/\/i0.wp.com\/zeromagazine.mx\/wp-content\/uploads\/2025\/11\/1.jpeg?fit=1000%2C1000&ssl=1","width":1000,"height":1000,"caption":"Zero Magazine"},"image":{"@id":"https:\/\/zeromagazine.mx\/#\/schema\/logo\/image\/"},"sameAs":["https:\/\/instagram.com\/zeromagazinemx"]},{"@type":"Person","@id":"https:\/\/zeromagazine.mx\/#\/schema\/person\/9f7f1a17c60ba8e9980e3e6677aabe5a","name":"David Morales","image":{"@type":"ImageObject","inLanguage":"es","@id":"https:\/\/zeromagazine.mx\/wp-content\/litespeed\/avatar\/76069d2136bfc1c37dc34815bb67ca42.jpg?ver=1777571067","url":"https:\/\/zeromagazine.mx\/wp-content\/litespeed\/avatar\/76069d2136bfc1c37dc34815bb67ca42.jpg?ver=1777571067","contentUrl":"https:\/\/zeromagazine.mx\/wp-content\/litespeed\/avatar\/76069d2136bfc1c37dc34815bb67ca42.jpg?ver=1777571067","caption":"David Morales"},"url":"https:\/\/zeromagazine.mx\/index.php\/author\/david\/"}]}},"jetpack_publicize_connections":[],"jetpack_featured_media_url":"https:\/\/i0.wp.com\/zeromagazine.mx\/wp-content\/uploads\/2025\/01\/IMG_2968.png?fit=2550%2C3300&ssl=1","jetpack-related-posts":[{"id":82591,"url":"https:\/\/zeromagazine.mx\/index.php\/2024\/08\/27\/pa-torres-pop-urbano-que-rompe\/","url_meta":{"origin":94937,"position":0},"title":"\u00abPA Torres: Pop Urbano que Rompe\u00bb","author":"zeromagazinemx","date":"27 de agosto de 2024","format":false,"excerpt":"Imagina mezclar pop latino con ritmos urbanos, un toque de reggaet\u00f3n y esa esencia fresh que solo un artista como PA Torres puede lograr. Si todav\u00eda no has escuchado su m\u00fasica, te est\u00e1s perdiendo de algo mega cool. Este dude no solo tiene la voz, sino tambi\u00e9n la experiencia y\u2026","rel":"","context":"En \u00abEntretenimiento\u00bb","block_context":{"text":"Entretenimiento","link":"https:\/\/zeromagazine.mx\/index.php\/category\/entretenimiento\/"},"img":{"alt_text":"","src":"https:\/\/i0.wp.com\/zeromagazine.mx\/wp-content\/uploads\/2024\/08\/norte-2.jpg?fit=1200%2C1200&ssl=1&resize=350%2C200","width":350,"height":200,"srcset":"https:\/\/i0.wp.com\/zeromagazine.mx\/wp-content\/uploads\/2024\/08\/norte-2.jpg?fit=1200%2C1200&ssl=1&resize=350%2C200 1x, https:\/\/i0.wp.com\/zeromagazine.mx\/wp-content\/uploads\/2024\/08\/norte-2.jpg?fit=1200%2C1200&ssl=1&resize=525%2C300 1.5x, https:\/\/i0.wp.com\/zeromagazine.mx\/wp-content\/uploads\/2024\/08\/norte-2.jpg?fit=1200%2C1200&ssl=1&resize=700%2C400 2x, https:\/\/i0.wp.com\/zeromagazine.mx\/wp-content\/uploads\/2024\/08\/norte-2.jpg?fit=1200%2C1200&ssl=1&resize=1050%2C600 3x"},"classes":[]},{"id":91210,"url":"https:\/\/zeromagazine.mx\/index.php\/2024\/11\/20\/pa-torres-drunk-in-miami\/","url_meta":{"origin":94937,"position":1},"title":"PA Torres: Drunk in Miami","author":"zeromagazinemx","date":"20 de noviembre de 2024","format":false,"excerpt":"\u00bfListxs para prender la noche? Porque si algo nos queda claro, es que PA Torres vino a poner el mood con su nuevo sencillo, Drunk in Miami. Una rolita que, honestamente, tiene vibes de antro fancy, shots en la barra, y esa adrenalina de cuando sales con tus amigxs sin\u2026","rel":"","context":"En \u00abEntretenimiento\u00bb","block_context":{"text":"Entretenimiento","link":"https:\/\/zeromagazine.mx\/index.php\/category\/entretenimiento\/"},"img":{"alt_text":"","src":"https:\/\/i0.wp.com\/zeromagazine.mx\/wp-content\/uploads\/2024\/11\/Patrick-101-scaled.jpg?fit=675%2C1200&ssl=1&resize=350%2C200","width":350,"height":200,"srcset":"https:\/\/i0.wp.com\/zeromagazine.mx\/wp-content\/uploads\/2024\/11\/Patrick-101-scaled.jpg?fit=675%2C1200&ssl=1&resize=350%2C200 1x, https:\/\/i0.wp.com\/zeromagazine.mx\/wp-content\/uploads\/2024\/11\/Patrick-101-scaled.jpg?fit=675%2C1200&ssl=1&resize=525%2C300 1.5x"},"classes":[]},{"id":54282,"url":"https:\/\/zeromagazine.mx\/index.php\/2021\/09\/10\/beatriz-luengo-estrena-chanteito-pa-un-ex-junto-a-darell\/","url_meta":{"origin":94937,"position":2},"title":"Beatriz Luengo estrena \u201cChanteito Pa\u2019 un ex\u201d junto a Darell","author":"zeromagazinemx","date":"10 de septiembre de 2021","format":false,"excerpt":"Beatriz estrena \u201cChanteito Pa\u2019 un ex\u201d\u00a0 acompa\u00f1ada de la incomparable voz del \u00eddolo urbano Darell. https:\/\/www.instagram.com\/p\/CThdQoZIyH2\/?utm_medium=copy_link Por Moises Kushelevich El nuevo sencillo de la cantante Beatriz Luengo y Darell se perfila como el nuevo himno al empoderamiento femenino, comprobado por la mism\u00edsima reina del desamor Paquita la del Barrio. La\u2026","rel":"","context":"En \u00abEntretenimiento\u00bb","block_context":{"text":"Entretenimiento","link":"https:\/\/zeromagazine.mx\/index.php\/category\/entretenimiento\/"},"img":{"alt_text":"","src":"","width":0,"height":0},"classes":[]},{"id":72574,"url":"https:\/\/zeromagazine.mx\/index.php\/2024\/03\/26\/descubre-los-hacks-imprescindibles-para-disfrutar-al-maximo-en-tecate-pal-norte\/","url_meta":{"origin":94937,"position":3},"title":"Descubre los hacks imprescindibles para disfrutar al m\u00e1ximo en Tecate Pa&#8217;l Norte","author":"zeromagazinemx","date":"26 de marzo de 2024","format":false,"excerpt":"Se acerca Tecate Pa' l Norte y desde Aventuras del Sabor, queremos asegurarnos de que su experiencia sea inolvidable. Este festival es uno de los m\u00e1s esperados del a\u00f1o para los amantes de la m\u00fasica, y estamos aqu\u00ed para compartirles algunos hacks y consejos para que lo disfruten al m\u00e1ximo.\u2026","rel":"","context":"En \u00abEntretenimiento\u00bb","block_context":{"text":"Entretenimiento","link":"https:\/\/zeromagazine.mx\/index.php\/category\/entretenimiento\/"},"img":{"alt_text":"","src":"https:\/\/i0.wp.com\/zeromagazine.mx\/wp-content\/uploads\/2024\/03\/tpn-2.jpg?fit=1080%2C720&ssl=1&resize=350%2C200","width":350,"height":200,"srcset":"https:\/\/i0.wp.com\/zeromagazine.mx\/wp-content\/uploads\/2024\/03\/tpn-2.jpg?fit=1080%2C720&ssl=1&resize=350%2C200 1x, https:\/\/i0.wp.com\/zeromagazine.mx\/wp-content\/uploads\/2024\/03\/tpn-2.jpg?fit=1080%2C720&ssl=1&resize=525%2C300 1.5x, https:\/\/i0.wp.com\/zeromagazine.mx\/wp-content\/uploads\/2024\/03\/tpn-2.jpg?fit=1080%2C720&ssl=1&resize=700%2C400 2x, https:\/\/i0.wp.com\/zeromagazine.mx\/wp-content\/uploads\/2024\/03\/tpn-2.jpg?fit=1080%2C720&ssl=1&resize=1050%2C600 3x"},"classes":[]},{"id":80028,"url":"https:\/\/zeromagazine.mx\/index.php\/2024\/07\/09\/el-debut-mas-esperado-del-mes\/","url_meta":{"origin":94937,"position":4},"title":"\u00a1El Debut M\u00e1s Esperado del Mes!","author":"zeromagazinemx","date":"9 de julio de 2024","format":false,"excerpt":"Hoy te vengo a chismear sobre una voz que est\u00e1 rompi\u00e9ndola en la escena del regional mexicano: Mon Torales. Con un estilo aut\u00e9ntico y poderoso, esta artista de G\u00f3mez Palacio, Durango, nos ha conquistado con su m\u00fasica que mezcla ra\u00edces mexicanas con letras frescas y s\u00faper actuales. Para empezar, desde\u2026","rel":"","context":"En \u00abEntretenimiento\u00bb","block_context":{"text":"Entretenimiento","link":"https:\/\/zeromagazine.mx\/index.php\/category\/entretenimiento\/"},"img":{"alt_text":"","src":"https:\/\/i0.wp.com\/zeromagazine.mx\/wp-content\/uploads\/2024\/07\/8bf8c096-67d3-93b4-3586-c8a964703452.jpg?fit=1200%2C1200&ssl=1&resize=350%2C200","width":350,"height":200,"srcset":"https:\/\/i0.wp.com\/zeromagazine.mx\/wp-content\/uploads\/2024\/07\/8bf8c096-67d3-93b4-3586-c8a964703452.jpg?fit=1200%2C1200&ssl=1&resize=350%2C200 1x, https:\/\/i0.wp.com\/zeromagazine.mx\/wp-content\/uploads\/2024\/07\/8bf8c096-67d3-93b4-3586-c8a964703452.jpg?fit=1200%2C1200&ssl=1&resize=525%2C300 1.5x, https:\/\/i0.wp.com\/zeromagazine.mx\/wp-content\/uploads\/2024\/07\/8bf8c096-67d3-93b4-3586-c8a964703452.jpg?fit=1200%2C1200&ssl=1&resize=700%2C400 2x, https:\/\/i0.wp.com\/zeromagazine.mx\/wp-content\/uploads\/2024\/07\/8bf8c096-67d3-93b4-3586-c8a964703452.jpg?fit=1200%2C1200&ssl=1&resize=1050%2C600 3x"},"classes":[]},{"id":52808,"url":"https:\/\/zeromagazine.mx\/index.php\/2021\/08\/23\/entrevista-a-urboi\/","url_meta":{"origin":94937,"position":5},"title":"ENTREVISTA A URBOI","author":"zeromagazinemx","date":"23 de agosto de 2021","format":false,"excerpt":"URBOI un cantante super talentoso con una propuesta musical inigualable, que nos invita a escuchar su nuevo sencillo \u201cMorena Mujer\u201d. POR GABRIELA H. DELGADILLO Plat\u00edcanos de \u201cMorena Mujer\u201d Pues contento, a la gente le gusta la combinaci\u00f3n de g\u00e9neros entre el ac\u00fastico y la electr\u00f3nica y la respuesta ha sido\u2026","rel":"","context":"En \u00abEntretenimiento\u00bb","block_context":{"text":"Entretenimiento","link":"https:\/\/zeromagazine.mx\/index.php\/category\/entretenimiento\/"},"img":{"alt_text":"","src":"","width":0,"height":0},"classes":[]}],"jetpack_sharing_enabled":true,"builder_content":"","_links":{"self":[{"href":"https:\/\/zeromagazine.mx\/index.php\/wp-json\/wp\/v2\/posts\/94937","targetHints":{"allow":["GET"]}}],"collection":[{"href":"https:\/\/zeromagazine.mx\/index.php\/wp-json\/wp\/v2\/posts"}],"about":[{"href":"https:\/\/zeromagazine.mx\/index.php\/wp-json\/wp\/v2\/types\/post"}],"author":[{"embeddable":true,"href":"https:\/\/zeromagazine.mx\/index.php\/wp-json\/wp\/v2\/users\/4"}],"replies":[{"embeddable":true,"href":"https:\/\/zeromagazine.mx\/index.php\/wp-json\/wp\/v2\/comments?post=94937"}],"version-history":[{"count":3,"href":"https:\/\/zeromagazine.mx\/index.php\/wp-json\/wp\/v2\/posts\/94937\/revisions"}],"predecessor-version":[{"id":94947,"href":"https:\/\/zeromagazine.mx\/index.php\/wp-json\/wp\/v2\/posts\/94937\/revisions\/94947"}],"wp:featuredmedia":[{"embeddable":true,"href":"https:\/\/zeromagazine.mx\/index.php\/wp-json\/wp\/v2\/media\/94938"}],"wp:attachment":[{"href":"https:\/\/zeromagazine.mx\/index.php\/wp-json\/wp\/v2\/media?parent=94937"}],"wp:term":[{"taxonomy":"category","embeddable":true,"href":"https:\/\/zeromagazine.mx\/index.php\/wp-json\/wp\/v2\/categories?post=94937"},{"taxonomy":"post_tag","embeddable":true,"href":"https:\/\/zeromagazine.mx\/index.php\/wp-json\/wp\/v2\/tags?post=94937"}],"curies":[{"name":"wp","href":"https:\/\/api.w.org\/{rel}","templated":true}]}}