{"id":94951,"date":"2025-01-17T21:21:39","date_gmt":"2025-01-17T20:21:39","guid":{"rendered":"https:\/\/zeromagazine.mx\/?p=94951"},"modified":"2025-01-17T21:21:40","modified_gmt":"2025-01-17T20:21:40","slug":"nueva-version-de-miranda","status":"publish","type":"post","link":"https:\/\/zeromagazine.mx\/index.php\/2025\/01\/17\/nueva-version-de-miranda\/","title":{"rendered":"Nueva versi\u00f3n de Miranda"},"content":{"rendered":"<!--themify_builder_content-->\n<div id=\"themify_builder_content-94951\" data-postid=\"94951\" class=\"themify_builder_content themify_builder_content-94951 themify_builder tf_clear\">\n    <\/div>\n<!--\/themify_builder_content-->\n\n\n<p><strong>Nueva versi\u00f3n<\/strong><\/p>\n\n\n\n<p>Nueva versi\u00f3n.  Amigxs, \u00bfya escucharon el remix de \u201cPor Ese Hombre\u201d? Esta vez, la cl\u00e1sica canci\u00f3n de Pimpinela, lanzada en 1985, viene con un giro super fresh gracias al toque de\u00a0<em>MIRANDA!<\/em>\u00a0y Abraham Mateo. Si no lo han escuchado, ya es hora de que lo pongan en repeat. Es una de esas canciones que aunque es un cl\u00e1sico de la m\u00fasica pop, ahora tiene un sonido que conecta con la vibra moderna y super cool que amamos.<\/p>\n\n\n\n<h3 class=\"wp-block-heading\">La magia del cl\u00e1sico<\/h3>\n\n\n\n<p>Primero que nada, \u00bfqui\u00e9n no conoce \u201cPor ese hombre\u201d? Es esa rola que seguro has escuchado alguna vez en casa de tus pap\u00e1s o abuelos, \u00bfno? Pimpinela la hizo famosa con su estilo teatral y esas letras intensas sobre amor y desamor. \u00a1La verdad es que esa canci\u00f3n es un himno para el drama! Pero lo mejor es que&nbsp;<em>MIRANDA!<\/em>&nbsp;y Abraham Mateo, con su flow pop y electropop, han logrado darle una nueva vida a este tema. Es como si trajeran el pasado al presente, pero con un sabor m\u00e1s din\u00e1mico, m\u00e1s de nuestro tiempo.<\/p>\n\n\n\n<h3 class=\"wp-block-heading\">Un homenaje a las nuevas generaciones<\/h3>\n\n\n\n<figure class=\"wp-block-image size-full is-resized\"><img data-recalc-dims=\"1\" decoding=\"async\" width=\"620\" height=\"618\" src=\"https:\/\/i0.wp.com\/zeromagazine.mx\/wp-content\/uploads\/2025\/01\/Captura-de-pantalla-2025-01-17-a-las-14.01.23.png?resize=620%2C618&#038;ssl=1\" alt=\"\" class=\"wp-image-94953\" style=\"width:840px;height:auto\" srcset=\"https:\/\/i0.wp.com\/zeromagazine.mx\/wp-content\/uploads\/2025\/01\/Captura-de-pantalla-2025-01-17-a-las-14.01.23.png?w=620&amp;ssl=1 620w, https:\/\/i0.wp.com\/zeromagazine.mx\/wp-content\/uploads\/2025\/01\/Captura-de-pantalla-2025-01-17-a-las-14.01.23.png?resize=300%2C300&amp;ssl=1 300w, https:\/\/i0.wp.com\/zeromagazine.mx\/wp-content\/uploads\/2025\/01\/Captura-de-pantalla-2025-01-17-a-las-14.01.23.png?resize=150%2C150&amp;ssl=1 150w, https:\/\/i0.wp.com\/zeromagazine.mx\/wp-content\/uploads\/2025\/01\/Captura-de-pantalla-2025-01-17-a-las-14.01.23.png?resize=70%2C70&amp;ssl=1 70w, https:\/\/i0.wp.com\/zeromagazine.mx\/wp-content\/uploads\/2025\/01\/Captura-de-pantalla-2025-01-17-a-las-14.01.23.png?resize=47%2C48&amp;ssl=1 47w\" sizes=\"(max-width: 620px) 100vw, 620px\" \/><\/figure>\n\n\n\n\n<script async src=\"https:\/\/pagead2.googlesyndication.com\/pagead\/js\/adsbygoogle.js?client=ca-pub-5499304793904745\"\n     crossorigin=\"anonymous\"><\/script>\n<ins class=\"adsbygoogle\"\n     style=\"display:block; text-align:center;\"\n     data-ad-layout=\"in-article\"\n     data-ad-format=\"fluid\"\n     data-ad-client=\"ca-pub-5499304793904745\"\n     data-ad-slot=\"5994863093\"><\/ins>\n<script>\n     (adsbygoogle = window.adsbygoogle || []).push({});\n<\/script>\n\n\n\n\n<p>Lo que m\u00e1s me gusta de esta reversi\u00f3n es c\u00f3mo mantiene la esencia de la original, pero con una frescura que nos permite conectar con ella. La canci\u00f3n no solo suena diferente, sino que tambi\u00e9n el videoclip es todo un viaje visual. Se respeta la historia contada por Pimpinela, pero con esos detalles y gui\u00f1os est\u00e9ticos que nos emocionan y nos hacen sentir que esta es nuestra versi\u00f3n. \u00a1Es como ver a Pimpinela desde nuestros ojos!<\/p>\n\n\n\n<p>Adem\u00e1s, esta colaboraci\u00f3n no solo es un homenaje, sino tambi\u00e9n una forma de presentar a Pimpinela a nuevas generaciones. El trabajo de producci\u00f3n de&nbsp;<em>Big One<\/em>&nbsp;es impecable y logr\u00f3 que la canci\u00f3n no solo se escuche bien, sino que tenga ese toque irresistible que hace que no puedas dejar de bailar.<\/p>\n\n\n\n<h3 class=\"wp-block-heading\">No te puedes perder la gira<\/h3>\n\n\n\n<p>Y si piensas que esto es todo, \u00a1esperen! Porque&nbsp;<em>MIRANDA!<\/em>&nbsp;est\u00e1 de tour por Latinoam\u00e9rica y Espa\u00f1a en 2025, as\u00ed que si te caen cerca, \u00a1es tu oportunidad de verlos en vivo! Estar\u00e1n en lugares como Ciudad de M\u00e9xico, Orizaba, San Luis Potos\u00ed y hasta en Argentina, Colombia y Espa\u00f1a. No se pueden perder esta oportunidad de ver la magia en el escenario.<\/p>\n\n\n\n<p>Para m\u00e1s detalles de la gira y para escuchar \u00abPor Ese Hombre\u00bb, chequen sus redes sociales y plataformas digitales como YouTube, Instagram y Spotify.<\/p>\n\n\n\n<p>Esta colaboraci\u00f3n de&nbsp;<em>MIRANDA!<\/em>&nbsp;y Abraham Mateo nos demuestra que los cl\u00e1sicos nunca mueren. Simplemente evolucionan. \u201cPor Ese Hombre\u201d es un perfecto ejemplo de c\u00f3mo lo viejo puede volverse nuevo y seguir tocando corazones. As\u00ed que, ya saben, \u00a1a darle play y disfrutar de este cl\u00e1sico reversionado!<\/p>\n\n\n\n<p><\/p>","protected":false},"excerpt":{"rendered":"<p>Nueva versi\u00f3n Nueva versi\u00f3n. Amigxs, \u00bfya escucharon el remix de \u201cPor Ese Hombre\u201d? Esta vez, la cl\u00e1sica canci\u00f3n de Pimpinela, lanzada en 1985, viene con un giro super fresh gracias al toque de\u00a0MIRANDA!\u00a0y Abraham Mateo. Si no lo han escuchado, ya es hora de que lo pongan en repeat. Es una de esas canciones que [&hellip;]<\/p>\n","protected":false},"author":2,"featured_media":94953,"comment_status":"open","ping_status":"open","sticky":false,"template":"","format":"standard","meta":{"_jetpack_memberships_contains_paid_content":false,"footnotes":"","jetpack_publicize_message":"","jetpack_publicize_feature_enabled":true,"jetpack_social_post_already_shared":true,"jetpack_social_options":{"image_generator_settings":{"template":"highway","default_image_id":0,"font":"","enabled":false},"version":2}},"categories":[117],"tags":[12445,10225,8996],"class_list":["post-94951","post","type-post","status-publish","format-standard","has-post-thumbnail","hentry","category-entretenimiento","tag-por-ese-hombre","tag-abraham-mateo","tag-miranda-2","has-post-title","has-post-date","has-post-category","has-post-tag","has-post-comment","has-post-author",""],"yoast_head":"<!-- This site is optimized with the Yoast SEO plugin v27.5 - https:\/\/yoast.com\/product\/yoast-seo-wordpress\/ -->\n<title>Nueva versi\u00f3n de Miranda - Zero Magazine<\/title>\n<meta name=\"description\" content=\"Mira c\u00f3mo MIRANDA! y Abraham Mateo traen de vuelta el cl\u00e1sico \u201cPor Ese Hombre\u201d con un toque nuevo y fresco. Nueva versi\u00f3n\" \/>\n<meta name=\"robots\" content=\"index, follow, max-snippet:-1, max-image-preview:large, max-video-preview:-1\" \/>\n<link rel=\"canonical\" href=\"https:\/\/zeromagazine.mx\/index.php\/2025\/01\/17\/nueva-version-de-miranda\/\" \/>\n<meta property=\"og:locale\" content=\"es_ES\" \/>\n<meta property=\"og:type\" content=\"article\" \/>\n<meta property=\"og:title\" content=\"Nueva versi\u00f3n de Miranda - Zero Magazine\" \/>\n<meta property=\"og:description\" content=\"Mira c\u00f3mo MIRANDA! y Abraham Mateo traen de vuelta el cl\u00e1sico \u201cPor Ese Hombre\u201d con un toque nuevo y fresco. Nueva versi\u00f3n\" \/>\n<meta property=\"og:url\" content=\"https:\/\/zeromagazine.mx\/index.php\/2025\/01\/17\/nueva-version-de-miranda\/\" \/>\n<meta property=\"og:site_name\" content=\"Zero Magazine\" \/>\n<meta property=\"article:published_time\" content=\"2025-01-17T20:21:39+00:00\" \/>\n<meta property=\"article:modified_time\" content=\"2025-01-17T20:21:40+00:00\" \/>\n<meta property=\"og:image\" content=\"http:\/\/zeromagazine.mx\/wp-content\/uploads\/2025\/01\/Captura-de-pantalla-2025-01-17-a-las-14.01.23.png\" \/>\n\t<meta property=\"og:image:width\" content=\"620\" \/>\n\t<meta property=\"og:image:height\" content=\"618\" \/>\n\t<meta property=\"og:image:type\" content=\"image\/png\" \/>\n<meta name=\"author\" content=\"zeromagazinemx\" \/>\n<meta name=\"twitter:card\" content=\"summary_large_image\" \/>\n<meta name=\"twitter:label1\" content=\"Escrito por\" \/>\n\t<meta name=\"twitter:data1\" content=\"zeromagazinemx\" \/>\n\t<meta name=\"twitter:label2\" content=\"Tiempo de lectura\" \/>\n\t<meta name=\"twitter:data2\" content=\"3 minutos\" \/>\n<script type=\"application\/ld+json\" class=\"yoast-schema-graph\">{\"@context\":\"https:\\\/\\\/schema.org\",\"@graph\":[{\"@type\":\"Article\",\"@id\":\"https:\\\/\\\/zeromagazine.mx\\\/index.php\\\/2025\\\/01\\\/17\\\/nueva-version-de-miranda\\\/#article\",\"isPartOf\":{\"@id\":\"https:\\\/\\\/zeromagazine.mx\\\/index.php\\\/2025\\\/01\\\/17\\\/nueva-version-de-miranda\\\/\"},\"author\":{\"name\":\"zeromagazinemx\",\"@id\":\"https:\\\/\\\/zeromagazine.mx\\\/#\\\/schema\\\/person\\\/9aed9f33a7c39af3a348b86d723f7773\"},\"headline\":\"Nueva versi\u00f3n de Miranda\",\"datePublished\":\"2025-01-17T20:21:39+00:00\",\"dateModified\":\"2025-01-17T20:21:40+00:00\",\"mainEntityOfPage\":{\"@id\":\"https:\\\/\\\/zeromagazine.mx\\\/index.php\\\/2025\\\/01\\\/17\\\/nueva-version-de-miranda\\\/\"},\"wordCount\":501,\"commentCount\":0,\"publisher\":{\"@id\":\"https:\\\/\\\/zeromagazine.mx\\\/#organization\"},\"image\":{\"@id\":\"https:\\\/\\\/zeromagazine.mx\\\/index.php\\\/2025\\\/01\\\/17\\\/nueva-version-de-miranda\\\/#primaryimage\"},\"thumbnailUrl\":\"https:\\\/\\\/i0.wp.com\\\/zeromagazine.mx\\\/wp-content\\\/uploads\\\/2025\\\/01\\\/Captura-de-pantalla-2025-01-17-a-las-14.01.23.png?fit=620%2C618&ssl=1\",\"keywords\":[\"\u201cPor Ese Hombre\u201d\",\"Abraham Mateo\",\"Miranda\"],\"articleSection\":[\"Entretenimiento\"],\"inLanguage\":\"es\",\"potentialAction\":[{\"@type\":\"CommentAction\",\"name\":\"Comment\",\"target\":[\"https:\\\/\\\/zeromagazine.mx\\\/index.php\\\/2025\\\/01\\\/17\\\/nueva-version-de-miranda\\\/#respond\"]}]},{\"@type\":\"WebPage\",\"@id\":\"https:\\\/\\\/zeromagazine.mx\\\/index.php\\\/2025\\\/01\\\/17\\\/nueva-version-de-miranda\\\/\",\"url\":\"https:\\\/\\\/zeromagazine.mx\\\/index.php\\\/2025\\\/01\\\/17\\\/nueva-version-de-miranda\\\/\",\"name\":\"Nueva versi\u00f3n de Miranda - Zero Magazine\",\"isPartOf\":{\"@id\":\"https:\\\/\\\/zeromagazine.mx\\\/#website\"},\"primaryImageOfPage\":{\"@id\":\"https:\\\/\\\/zeromagazine.mx\\\/index.php\\\/2025\\\/01\\\/17\\\/nueva-version-de-miranda\\\/#primaryimage\"},\"image\":{\"@id\":\"https:\\\/\\\/zeromagazine.mx\\\/index.php\\\/2025\\\/01\\\/17\\\/nueva-version-de-miranda\\\/#primaryimage\"},\"thumbnailUrl\":\"https:\\\/\\\/i0.wp.com\\\/zeromagazine.mx\\\/wp-content\\\/uploads\\\/2025\\\/01\\\/Captura-de-pantalla-2025-01-17-a-las-14.01.23.png?fit=620%2C618&ssl=1\",\"datePublished\":\"2025-01-17T20:21:39+00:00\",\"dateModified\":\"2025-01-17T20:21:40+00:00\",\"description\":\"Mira c\u00f3mo MIRANDA! y Abraham Mateo traen de vuelta el cl\u00e1sico \u201cPor Ese Hombre\u201d con un toque nuevo y fresco. Nueva versi\u00f3n\",\"breadcrumb\":{\"@id\":\"https:\\\/\\\/zeromagazine.mx\\\/index.php\\\/2025\\\/01\\\/17\\\/nueva-version-de-miranda\\\/#breadcrumb\"},\"inLanguage\":\"es\",\"potentialAction\":[{\"@type\":\"ReadAction\",\"target\":[\"https:\\\/\\\/zeromagazine.mx\\\/index.php\\\/2025\\\/01\\\/17\\\/nueva-version-de-miranda\\\/\"]}]},{\"@type\":\"ImageObject\",\"inLanguage\":\"es\",\"@id\":\"https:\\\/\\\/zeromagazine.mx\\\/index.php\\\/2025\\\/01\\\/17\\\/nueva-version-de-miranda\\\/#primaryimage\",\"url\":\"https:\\\/\\\/i0.wp.com\\\/zeromagazine.mx\\\/wp-content\\\/uploads\\\/2025\\\/01\\\/Captura-de-pantalla-2025-01-17-a-las-14.01.23.png?fit=620%2C618&ssl=1\",\"contentUrl\":\"https:\\\/\\\/i0.wp.com\\\/zeromagazine.mx\\\/wp-content\\\/uploads\\\/2025\\\/01\\\/Captura-de-pantalla-2025-01-17-a-las-14.01.23.png?fit=620%2C618&ssl=1\",\"width\":620,\"height\":618},{\"@type\":\"BreadcrumbList\",\"@id\":\"https:\\\/\\\/zeromagazine.mx\\\/index.php\\\/2025\\\/01\\\/17\\\/nueva-version-de-miranda\\\/#breadcrumb\",\"itemListElement\":[{\"@type\":\"ListItem\",\"position\":1,\"name\":\"Portada\",\"item\":\"https:\\\/\\\/zeromagazine.mx\\\/\"},{\"@type\":\"ListItem\",\"position\":2,\"name\":\"Nueva versi\u00f3n de Miranda\"}]},{\"@type\":\"WebSite\",\"@id\":\"https:\\\/\\\/zeromagazine.mx\\\/#website\",\"url\":\"https:\\\/\\\/zeromagazine.mx\\\/\",\"name\":\"Zero Magazine\",\"description\":\"\",\"publisher\":{\"@id\":\"https:\\\/\\\/zeromagazine.mx\\\/#organization\"},\"potentialAction\":[{\"@type\":\"SearchAction\",\"target\":{\"@type\":\"EntryPoint\",\"urlTemplate\":\"https:\\\/\\\/zeromagazine.mx\\\/?s={search_term_string}\"},\"query-input\":{\"@type\":\"PropertyValueSpecification\",\"valueRequired\":true,\"valueName\":\"search_term_string\"}}],\"inLanguage\":\"es\"},{\"@type\":\"Organization\",\"@id\":\"https:\\\/\\\/zeromagazine.mx\\\/#organization\",\"name\":\"Zero Magazine\",\"url\":\"https:\\\/\\\/zeromagazine.mx\\\/\",\"logo\":{\"@type\":\"ImageObject\",\"inLanguage\":\"es\",\"@id\":\"https:\\\/\\\/zeromagazine.mx\\\/#\\\/schema\\\/logo\\\/image\\\/\",\"url\":\"https:\\\/\\\/i0.wp.com\\\/zeromagazine.mx\\\/wp-content\\\/uploads\\\/2025\\\/11\\\/1.jpeg?fit=1000%2C1000&ssl=1\",\"contentUrl\":\"https:\\\/\\\/i0.wp.com\\\/zeromagazine.mx\\\/wp-content\\\/uploads\\\/2025\\\/11\\\/1.jpeg?fit=1000%2C1000&ssl=1\",\"width\":1000,\"height\":1000,\"caption\":\"Zero Magazine\"},\"image\":{\"@id\":\"https:\\\/\\\/zeromagazine.mx\\\/#\\\/schema\\\/logo\\\/image\\\/\"},\"sameAs\":[\"https:\\\/\\\/instagram.com\\\/zeromagazinemx\"]},{\"@type\":\"Person\",\"@id\":\"https:\\\/\\\/zeromagazine.mx\\\/#\\\/schema\\\/person\\\/9aed9f33a7c39af3a348b86d723f7773\",\"name\":\"zeromagazinemx\",\"image\":{\"@type\":\"ImageObject\",\"inLanguage\":\"es\",\"@id\":\"https:\\\/\\\/zeromagazine.mx\\\/wp-content\\\/litespeed\\\/avatar\\\/f91dfe5410d5dcb1a576bf8c45983896.jpg?ver=1776966396\",\"url\":\"https:\\\/\\\/zeromagazine.mx\\\/wp-content\\\/litespeed\\\/avatar\\\/f91dfe5410d5dcb1a576bf8c45983896.jpg?ver=1776966396\",\"contentUrl\":\"https:\\\/\\\/zeromagazine.mx\\\/wp-content\\\/litespeed\\\/avatar\\\/f91dfe5410d5dcb1a576bf8c45983896.jpg?ver=1776966396\",\"caption\":\"zeromagazinemx\"},\"url\":\"https:\\\/\\\/zeromagazine.mx\\\/index.php\\\/author\\\/zeromagazinemx\\\/\"}]}<\/script>\n<!-- \/ Yoast SEO plugin. -->","yoast_head_json":{"title":"Nueva versi\u00f3n de Miranda - Zero Magazine","description":"Mira c\u00f3mo MIRANDA! y Abraham Mateo traen de vuelta el cl\u00e1sico \u201cPor Ese Hombre\u201d con un toque nuevo y fresco. Nueva versi\u00f3n","robots":{"index":"index","follow":"follow","max-snippet":"max-snippet:-1","max-image-preview":"max-image-preview:large","max-video-preview":"max-video-preview:-1"},"canonical":"https:\/\/zeromagazine.mx\/index.php\/2025\/01\/17\/nueva-version-de-miranda\/","og_locale":"es_ES","og_type":"article","og_title":"Nueva versi\u00f3n de Miranda - Zero Magazine","og_description":"Mira c\u00f3mo MIRANDA! y Abraham Mateo traen de vuelta el cl\u00e1sico \u201cPor Ese Hombre\u201d con un toque nuevo y fresco. Nueva versi\u00f3n","og_url":"https:\/\/zeromagazine.mx\/index.php\/2025\/01\/17\/nueva-version-de-miranda\/","og_site_name":"Zero Magazine","article_published_time":"2025-01-17T20:21:39+00:00","article_modified_time":"2025-01-17T20:21:40+00:00","og_image":[{"width":620,"height":618,"url":"http:\/\/zeromagazine.mx\/wp-content\/uploads\/2025\/01\/Captura-de-pantalla-2025-01-17-a-las-14.01.23.png","type":"image\/png"}],"author":"zeromagazinemx","twitter_card":"summary_large_image","twitter_misc":{"Escrito por":"zeromagazinemx","Tiempo de lectura":"3 minutos"},"schema":{"@context":"https:\/\/schema.org","@graph":[{"@type":"Article","@id":"https:\/\/zeromagazine.mx\/index.php\/2025\/01\/17\/nueva-version-de-miranda\/#article","isPartOf":{"@id":"https:\/\/zeromagazine.mx\/index.php\/2025\/01\/17\/nueva-version-de-miranda\/"},"author":{"name":"zeromagazinemx","@id":"https:\/\/zeromagazine.mx\/#\/schema\/person\/9aed9f33a7c39af3a348b86d723f7773"},"headline":"Nueva versi\u00f3n de Miranda","datePublished":"2025-01-17T20:21:39+00:00","dateModified":"2025-01-17T20:21:40+00:00","mainEntityOfPage":{"@id":"https:\/\/zeromagazine.mx\/index.php\/2025\/01\/17\/nueva-version-de-miranda\/"},"wordCount":501,"commentCount":0,"publisher":{"@id":"https:\/\/zeromagazine.mx\/#organization"},"image":{"@id":"https:\/\/zeromagazine.mx\/index.php\/2025\/01\/17\/nueva-version-de-miranda\/#primaryimage"},"thumbnailUrl":"https:\/\/i0.wp.com\/zeromagazine.mx\/wp-content\/uploads\/2025\/01\/Captura-de-pantalla-2025-01-17-a-las-14.01.23.png?fit=620%2C618&ssl=1","keywords":["\u201cPor Ese Hombre\u201d","Abraham Mateo","Miranda"],"articleSection":["Entretenimiento"],"inLanguage":"es","potentialAction":[{"@type":"CommentAction","name":"Comment","target":["https:\/\/zeromagazine.mx\/index.php\/2025\/01\/17\/nueva-version-de-miranda\/#respond"]}]},{"@type":"WebPage","@id":"https:\/\/zeromagazine.mx\/index.php\/2025\/01\/17\/nueva-version-de-miranda\/","url":"https:\/\/zeromagazine.mx\/index.php\/2025\/01\/17\/nueva-version-de-miranda\/","name":"Nueva versi\u00f3n de Miranda - Zero Magazine","isPartOf":{"@id":"https:\/\/zeromagazine.mx\/#website"},"primaryImageOfPage":{"@id":"https:\/\/zeromagazine.mx\/index.php\/2025\/01\/17\/nueva-version-de-miranda\/#primaryimage"},"image":{"@id":"https:\/\/zeromagazine.mx\/index.php\/2025\/01\/17\/nueva-version-de-miranda\/#primaryimage"},"thumbnailUrl":"https:\/\/i0.wp.com\/zeromagazine.mx\/wp-content\/uploads\/2025\/01\/Captura-de-pantalla-2025-01-17-a-las-14.01.23.png?fit=620%2C618&ssl=1","datePublished":"2025-01-17T20:21:39+00:00","dateModified":"2025-01-17T20:21:40+00:00","description":"Mira c\u00f3mo MIRANDA! y Abraham Mateo traen de vuelta el cl\u00e1sico \u201cPor Ese Hombre\u201d con un toque nuevo y fresco. Nueva versi\u00f3n","breadcrumb":{"@id":"https:\/\/zeromagazine.mx\/index.php\/2025\/01\/17\/nueva-version-de-miranda\/#breadcrumb"},"inLanguage":"es","potentialAction":[{"@type":"ReadAction","target":["https:\/\/zeromagazine.mx\/index.php\/2025\/01\/17\/nueva-version-de-miranda\/"]}]},{"@type":"ImageObject","inLanguage":"es","@id":"https:\/\/zeromagazine.mx\/index.php\/2025\/01\/17\/nueva-version-de-miranda\/#primaryimage","url":"https:\/\/i0.wp.com\/zeromagazine.mx\/wp-content\/uploads\/2025\/01\/Captura-de-pantalla-2025-01-17-a-las-14.01.23.png?fit=620%2C618&ssl=1","contentUrl":"https:\/\/i0.wp.com\/zeromagazine.mx\/wp-content\/uploads\/2025\/01\/Captura-de-pantalla-2025-01-17-a-las-14.01.23.png?fit=620%2C618&ssl=1","width":620,"height":618},{"@type":"BreadcrumbList","@id":"https:\/\/zeromagazine.mx\/index.php\/2025\/01\/17\/nueva-version-de-miranda\/#breadcrumb","itemListElement":[{"@type":"ListItem","position":1,"name":"Portada","item":"https:\/\/zeromagazine.mx\/"},{"@type":"ListItem","position":2,"name":"Nueva versi\u00f3n de Miranda"}]},{"@type":"WebSite","@id":"https:\/\/zeromagazine.mx\/#website","url":"https:\/\/zeromagazine.mx\/","name":"Zero Magazine","description":"","publisher":{"@id":"https:\/\/zeromagazine.mx\/#organization"},"potentialAction":[{"@type":"SearchAction","target":{"@type":"EntryPoint","urlTemplate":"https:\/\/zeromagazine.mx\/?s={search_term_string}"},"query-input":{"@type":"PropertyValueSpecification","valueRequired":true,"valueName":"search_term_string"}}],"inLanguage":"es"},{"@type":"Organization","@id":"https:\/\/zeromagazine.mx\/#organization","name":"Zero Magazine","url":"https:\/\/zeromagazine.mx\/","logo":{"@type":"ImageObject","inLanguage":"es","@id":"https:\/\/zeromagazine.mx\/#\/schema\/logo\/image\/","url":"https:\/\/i0.wp.com\/zeromagazine.mx\/wp-content\/uploads\/2025\/11\/1.jpeg?fit=1000%2C1000&ssl=1","contentUrl":"https:\/\/i0.wp.com\/zeromagazine.mx\/wp-content\/uploads\/2025\/11\/1.jpeg?fit=1000%2C1000&ssl=1","width":1000,"height":1000,"caption":"Zero Magazine"},"image":{"@id":"https:\/\/zeromagazine.mx\/#\/schema\/logo\/image\/"},"sameAs":["https:\/\/instagram.com\/zeromagazinemx"]},{"@type":"Person","@id":"https:\/\/zeromagazine.mx\/#\/schema\/person\/9aed9f33a7c39af3a348b86d723f7773","name":"zeromagazinemx","image":{"@type":"ImageObject","inLanguage":"es","@id":"https:\/\/zeromagazine.mx\/wp-content\/litespeed\/avatar\/f91dfe5410d5dcb1a576bf8c45983896.jpg?ver=1776966396","url":"https:\/\/zeromagazine.mx\/wp-content\/litespeed\/avatar\/f91dfe5410d5dcb1a576bf8c45983896.jpg?ver=1776966396","contentUrl":"https:\/\/zeromagazine.mx\/wp-content\/litespeed\/avatar\/f91dfe5410d5dcb1a576bf8c45983896.jpg?ver=1776966396","caption":"zeromagazinemx"},"url":"https:\/\/zeromagazine.mx\/index.php\/author\/zeromagazinemx\/"}]}},"jetpack_publicize_connections":[],"jetpack_featured_media_url":"https:\/\/i0.wp.com\/zeromagazine.mx\/wp-content\/uploads\/2025\/01\/Captura-de-pantalla-2025-01-17-a-las-14.01.23.png?fit=620%2C618&ssl=1","jetpack-related-posts":[{"id":83517,"url":"https:\/\/zeromagazine.mx\/index.php\/2024\/09\/10\/abraham-mateo-x-danna-el-doble\/","url_meta":{"origin":94951,"position":0},"title":"Abraham Mateo x Danna: \u00abEl Doble\u00bb","author":"zeromagazinemx","date":"10 de septiembre de 2024","format":false,"excerpt":"\u00bfYa escucharon el hit que est\u00e1 arrasando? \u201cEl Doble\u201d es el temazo que no sale de nuestras playlists y que est\u00e1 prendiendo todas las fiestas. Esta canci\u00f3n es la collab \u00e9pica entre Abraham Mateo, Danna y Alex Hoyer, y es la mezcla perfecta de ritmos y culturas que nos hace\u2026","rel":"","context":"En \u00abEntretenimiento\u00bb","block_context":{"text":"Entretenimiento","link":"https:\/\/zeromagazine.mx\/index.php\/category\/entretenimiento\/"},"img":{"alt_text":"","src":"https:\/\/i0.wp.com\/zeromagazine.mx\/wp-content\/uploads\/2024\/09\/WhatsApp-Image-2024-09-09-at-3.28.47-PM.jpeg?fit=1200%2C1200&ssl=1&resize=350%2C200","width":350,"height":200,"srcset":"https:\/\/i0.wp.com\/zeromagazine.mx\/wp-content\/uploads\/2024\/09\/WhatsApp-Image-2024-09-09-at-3.28.47-PM.jpeg?fit=1200%2C1200&ssl=1&resize=350%2C200 1x, https:\/\/i0.wp.com\/zeromagazine.mx\/wp-content\/uploads\/2024\/09\/WhatsApp-Image-2024-09-09-at-3.28.47-PM.jpeg?fit=1200%2C1200&ssl=1&resize=525%2C300 1.5x, https:\/\/i0.wp.com\/zeromagazine.mx\/wp-content\/uploads\/2024\/09\/WhatsApp-Image-2024-09-09-at-3.28.47-PM.jpeg?fit=1200%2C1200&ssl=1&resize=700%2C400 2x, https:\/\/i0.wp.com\/zeromagazine.mx\/wp-content\/uploads\/2024\/09\/WhatsApp-Image-2024-09-09-at-3.28.47-PM.jpeg?fit=1200%2C1200&ssl=1&resize=1050%2C600 3x"},"classes":[]},{"id":79350,"url":"https:\/\/zeromagazine.mx\/index.php\/2024\/06\/26\/miranda-regresa-a-mexico\/","url_meta":{"origin":94951,"position":1},"title":"Miranda Regresa a M\u00e9xico","author":"zeromagazinemx","date":"26 de junio de 2024","format":false,"excerpt":"Si te late el pop y el buen cotorreo, te tengo una noticia que te va a volar la cabeza: \u00a1Miranda! est\u00e1 de vuelta en M\u00e9xico con una gira que no te puedes perder. Este d\u00fao argentino, que ha sido la sensaci\u00f3n del siglo, trae toda su energ\u00eda y estilo\u2026","rel":"","context":"En \u00abEntretenimiento\u00bb","block_context":{"text":"Entretenimiento","link":"https:\/\/zeromagazine.mx\/index.php\/category\/entretenimiento\/"},"img":{"alt_text":"","src":"https:\/\/i0.wp.com\/zeromagazine.mx\/wp-content\/uploads\/2024\/06\/Miranda_GIRA_GranVenta_1200x628.jpg?fit=1200%2C628&ssl=1&resize=350%2C200","width":350,"height":200,"srcset":"https:\/\/i0.wp.com\/zeromagazine.mx\/wp-content\/uploads\/2024\/06\/Miranda_GIRA_GranVenta_1200x628.jpg?fit=1200%2C628&ssl=1&resize=350%2C200 1x, https:\/\/i0.wp.com\/zeromagazine.mx\/wp-content\/uploads\/2024\/06\/Miranda_GIRA_GranVenta_1200x628.jpg?fit=1200%2C628&ssl=1&resize=525%2C300 1.5x, https:\/\/i0.wp.com\/zeromagazine.mx\/wp-content\/uploads\/2024\/06\/Miranda_GIRA_GranVenta_1200x628.jpg?fit=1200%2C628&ssl=1&resize=700%2C400 2x, https:\/\/i0.wp.com\/zeromagazine.mx\/wp-content\/uploads\/2024\/06\/Miranda_GIRA_GranVenta_1200x628.jpg?fit=1200%2C628&ssl=1&resize=1050%2C600 3x"},"classes":[]},{"id":85567,"url":"https:\/\/zeromagazine.mx\/index.php\/2024\/10\/07\/rock-retro-vibes-full-power\/","url_meta":{"origin":94951,"position":2},"title":"\u00abRock Retro Vibes, Full Power\u00bb","author":"zeromagazinemx","date":"7 de octubre de 2024","format":false,"excerpt":"Prep\u00e1rate para un viaje al pasado, \u00a1pero con una parada obligada en el presente! Los K\u2019comxtles, una banda que literalmente respira rock mexicano, est\u00e1 por soltar su nuevo single\u00a0\u201cOjos de Ara\u00f1a\u201d, y si eres amante del rock & roll, prep\u00e1rate porque esta rola va a sacudir todo tu ser. Un\u2026","rel":"","context":"En \u00abEntretenimiento\u00bb","block_context":{"text":"Entretenimiento","link":"https:\/\/zeromagazine.mx\/index.php\/category\/entretenimiento\/"},"img":{"alt_text":"","src":"https:\/\/i0.wp.com\/zeromagazine.mx\/wp-content\/uploads\/2024\/10\/Los-Kcomxtles-foto-secundaria.jpeg?resize=350%2C200&ssl=1","width":350,"height":200,"srcset":"https:\/\/i0.wp.com\/zeromagazine.mx\/wp-content\/uploads\/2024\/10\/Los-Kcomxtles-foto-secundaria.jpeg?resize=350%2C200&ssl=1 1x, https:\/\/i0.wp.com\/zeromagazine.mx\/wp-content\/uploads\/2024\/10\/Los-Kcomxtles-foto-secundaria.jpeg?resize=525%2C300&ssl=1 1.5x, https:\/\/i0.wp.com\/zeromagazine.mx\/wp-content\/uploads\/2024\/10\/Los-Kcomxtles-foto-secundaria.jpeg?resize=700%2C400&ssl=1 2x, https:\/\/i0.wp.com\/zeromagazine.mx\/wp-content\/uploads\/2024\/10\/Los-Kcomxtles-foto-secundaria.jpeg?resize=1050%2C600&ssl=1 3x, https:\/\/i0.wp.com\/zeromagazine.mx\/wp-content\/uploads\/2024\/10\/Los-Kcomxtles-foto-secundaria.jpeg?resize=1400%2C800&ssl=1 4x"},"classes":[]},{"id":49021,"url":"https:\/\/zeromagazine.mx\/index.php\/2021\/06\/28\/esteman-orgulloso-de-su-nuevo-disco-si-volviera-a-nacer-y-de-la-comunidad-lgbttiq\/","url_meta":{"origin":94951,"position":3},"title":"Esteman, Orgulloso de su nuevo disco \u00abSi Volviera a Nacer\u00bb y de la Comunidad LGBTTIQ+","author":"zeromagazinemx","date":"28 de junio de 2021","format":false,"excerpt":"Esteman estrena disco llamado \u201cSi Volviera a Nacer\u201d de la mano de la canci\u00f3n que recibe el mismo nombre en colaboraci\u00f3n con la cantante Mexicana Lila Downs y nos platica sobre el Mes del orgullo LGBTTIQ+ Fot\u00f3grafo:\u00a0Daniel Garc\u00eda\u00a0(@heydaniel_garcia)Styling:\u00a0David Morales (@elpoderosodave)Locacion: Amnes!a\u00a0(@mx.amnesia) POR GABRIELA H. DELGADILLO \u00bfC\u00f3mo empezaste tu carrera en\u2026","rel":"","context":"En \u00abEntrevistas\u00bb","block_context":{"text":"Entrevistas","link":"https:\/\/zeromagazine.mx\/index.php\/category\/entretenimiento\/entrevistas\/"},"img":{"alt_text":"","src":"https:\/\/i0.wp.com\/zeromagazinemx.wpcomstaging.com\/wp-content\/uploads\/2022\/02\/949d2-3-1.jpg-1-683x1024.jpg?resize=350%2C200&ssl=1","width":350,"height":200,"srcset":"https:\/\/i0.wp.com\/zeromagazinemx.wpcomstaging.com\/wp-content\/uploads\/2022\/02\/949d2-3-1.jpg-1-683x1024.jpg?resize=350%2C200&ssl=1 1x, https:\/\/i0.wp.com\/zeromagazinemx.wpcomstaging.com\/wp-content\/uploads\/2022\/02\/949d2-3-1.jpg-1-683x1024.jpg?resize=525%2C300&ssl=1 1.5x"},"classes":[]},{"id":49856,"url":"https:\/\/zeromagazine.mx\/index.php\/2021\/07\/10\/te-presentamos-el-primer-poster-de-encanto-la-nueva-pelicula-de-disney\/","url_meta":{"origin":94951,"position":4},"title":"Te presentamos el primer p\u00f3ster de \u201cENCANTO\u201d la nueva pel\u00edcula de Disney","author":"zeromagazinemx","date":"10 de julio de 2021","format":false,"excerpt":"\u201cENCANTO\u201d es la nueva pel\u00edcula de Walt Disney Animation Studios y tendr\u00e1 su estreno en noviembre de 2021. Por Mayra Torres ENCANTO cuenta la historia de los Madrigal, una familia extraordinaria que vive escondida en las monta\u00f1as de Colombia,\u00a0en una casa m\u00e1gica, en un pueblo vibrante, en un lugar maravilloso\u00a0conocido\u2026","rel":"","context":"En \u00abCine\u00bb","block_context":{"text":"Cine","link":"https:\/\/zeromagazine.mx\/index.php\/category\/entretenimiento\/cine\/"},"img":{"alt_text":"","src":"","width":0,"height":0},"classes":[]},{"id":88888,"url":"https:\/\/zeromagazine.mx\/index.php\/2024\/10\/30\/encuentra-tu-par-muestra-tu-vibe\/","url_meta":{"origin":94951,"position":5},"title":"\u00abEncuentra Tu Par, Muestra Tu Vibe\u00bb","author":"zeromagazinemx","date":"30 de octubre de 2024","format":false,"excerpt":"Si alguna vez so\u00f1aste con ser Carrie, Charlotte, Miranda o Samantha, \u00a1prep\u00e1rate para el D\u00eda del Zapato! Hoy celebramos el poder de los shoes en FARFETCH con opciones que dicen \"esto es tan yo\" y \"move over, basic vibes\". Los zapatos pueden ser mucho m\u00e1s que un accesorio; son una\u2026","rel":"","context":"En \u00abModa\u00bb","block_context":{"text":"Moda","link":"https:\/\/zeromagazine.mx\/index.php\/category\/moda\/"},"img":{"alt_text":"","src":"https:\/\/i0.wp.com\/zeromagazine.mx\/wp-content\/uploads\/2024\/10\/1c8379df4aea33c0a24eee761e8a55a3.jpg?fit=735%2C580&ssl=1&resize=350%2C200","width":350,"height":200,"srcset":"https:\/\/i0.wp.com\/zeromagazine.mx\/wp-content\/uploads\/2024\/10\/1c8379df4aea33c0a24eee761e8a55a3.jpg?fit=735%2C580&ssl=1&resize=350%2C200 1x, https:\/\/i0.wp.com\/zeromagazine.mx\/wp-content\/uploads\/2024\/10\/1c8379df4aea33c0a24eee761e8a55a3.jpg?fit=735%2C580&ssl=1&resize=525%2C300 1.5x, https:\/\/i0.wp.com\/zeromagazine.mx\/wp-content\/uploads\/2024\/10\/1c8379df4aea33c0a24eee761e8a55a3.jpg?fit=735%2C580&ssl=1&resize=700%2C400 2x"},"classes":[]}],"jetpack_sharing_enabled":true,"builder_content":"","_links":{"self":[{"href":"https:\/\/zeromagazine.mx\/index.php\/wp-json\/wp\/v2\/posts\/94951","targetHints":{"allow":["GET"]}}],"collection":[{"href":"https:\/\/zeromagazine.mx\/index.php\/wp-json\/wp\/v2\/posts"}],"about":[{"href":"https:\/\/zeromagazine.mx\/index.php\/wp-json\/wp\/v2\/types\/post"}],"author":[{"embeddable":true,"href":"https:\/\/zeromagazine.mx\/index.php\/wp-json\/wp\/v2\/users\/2"}],"replies":[{"embeddable":true,"href":"https:\/\/zeromagazine.mx\/index.php\/wp-json\/wp\/v2\/comments?post=94951"}],"version-history":[{"count":1,"href":"https:\/\/zeromagazine.mx\/index.php\/wp-json\/wp\/v2\/posts\/94951\/revisions"}],"predecessor-version":[{"id":94957,"href":"https:\/\/zeromagazine.mx\/index.php\/wp-json\/wp\/v2\/posts\/94951\/revisions\/94957"}],"wp:featuredmedia":[{"embeddable":true,"href":"https:\/\/zeromagazine.mx\/index.php\/wp-json\/wp\/v2\/media\/94953"}],"wp:attachment":[{"href":"https:\/\/zeromagazine.mx\/index.php\/wp-json\/wp\/v2\/media?parent=94951"}],"wp:term":[{"taxonomy":"category","embeddable":true,"href":"https:\/\/zeromagazine.mx\/index.php\/wp-json\/wp\/v2\/categories?post=94951"},{"taxonomy":"post_tag","embeddable":true,"href":"https:\/\/zeromagazine.mx\/index.php\/wp-json\/wp\/v2\/tags?post=94951"}],"curies":[{"name":"wp","href":"https:\/\/api.w.org\/{rel}","templated":true}]}}