{"id":95161,"date":"2025-01-21T22:50:10","date_gmt":"2025-01-21T21:50:10","guid":{"rendered":"https:\/\/zeromagazine.mx\/?p=95161"},"modified":"2025-01-21T22:51:27","modified_gmt":"2025-01-21T21:51:27","slug":"tommy-hilfiger-denim-revive","status":"publish","type":"post","link":"https:\/\/zeromagazine.mx\/index.php\/2025\/01\/21\/tommy-hilfiger-denim-revive\/","title":{"rendered":"Tommy Hilfiger: Denim Revive"},"content":{"rendered":"<!--themify_builder_content-->\n<div id=\"themify_builder_content-95161\" data-postid=\"95161\" class=\"themify_builder_content themify_builder_content-95161 themify_builder tf_clear\">\n    <\/div>\n<!--\/themify_builder_content-->\n\n\n<p>Tommy Hilfiger redefine el denim<\/p>\n\n\n\n<p>Tommy Hilfiger redefine el denim.La moda nunca deja de reinventarse, y siempre hay algo que se mantiene como un cl\u00e1sico: el denim. Si hay algo que nos ha acompa\u00f1ado en todas las \u00e9pocas y momentos, es una buena prenda de mezclilla, que va m\u00e1s all\u00e1 de ser solo una tendencia. Y ahora, con la nueva campa\u00f1a de Tommy Hilfiger, es como si nos recordaran lo especial que es este material. La colecci\u00f3n Denim Primavera 2025, con la participaci\u00f3n del actor Damson Idris y la supermodelo Abby Champion, nos invita a celebrar la versatilidad, el estilo y la comodidad del denim como nunca antes.<\/p>\n\n\n\n<p><strong>El Renacer del Denim<\/strong><\/p>\n\n\n\n<figure class=\"wp-block-image size-full\"><img data-recalc-dims=\"1\" decoding=\"async\" width=\"1165\" height=\"1466\" src=\"https:\/\/i0.wp.com\/zeromagazine.mx\/wp-content\/uploads\/2025\/01\/Tommy-Hilfiger_PSP25-Denim-Campaign_-Abby-Champion-2.jpg?resize=1165%2C1466&#038;ssl=1\" alt=\"\" class=\"wp-image-95175\" srcset=\"https:\/\/i0.wp.com\/zeromagazine.mx\/wp-content\/uploads\/2025\/01\/Tommy-Hilfiger_PSP25-Denim-Campaign_-Abby-Champion-2.jpg?w=1292&amp;ssl=1 1292w, https:\/\/i0.wp.com\/zeromagazine.mx\/wp-content\/uploads\/2025\/01\/Tommy-Hilfiger_PSP25-Denim-Campaign_-Abby-Champion-2.jpg?resize=238%2C300&amp;ssl=1 238w, https:\/\/i0.wp.com\/zeromagazine.mx\/wp-content\/uploads\/2025\/01\/Tommy-Hilfiger_PSP25-Denim-Campaign_-Abby-Champion-2.jpg?resize=814%2C1024&amp;ssl=1 814w, https:\/\/i0.wp.com\/zeromagazine.mx\/wp-content\/uploads\/2025\/01\/Tommy-Hilfiger_PSP25-Denim-Campaign_-Abby-Champion-2.jpg?resize=768%2C967&amp;ssl=1 768w, https:\/\/i0.wp.com\/zeromagazine.mx\/wp-content\/uploads\/2025\/01\/Tommy-Hilfiger_PSP25-Denim-Campaign_-Abby-Champion-2.jpg?resize=1220%2C1536&amp;ssl=1 1220w\" sizes=\"(max-width: 1165px) 100vw, 1165px\" \/><\/figure>\n\n\n\n\n<script async src=\"https:\/\/pagead2.googlesyndication.com\/pagead\/js\/adsbygoogle.js?client=ca-pub-5499304793904745\"\n     crossorigin=\"anonymous\"><\/script>\n<ins class=\"adsbygoogle\"\n     style=\"display:block; text-align:center;\"\n     data-ad-layout=\"in-article\"\n     data-ad-format=\"fluid\"\n     data-ad-client=\"ca-pub-5499304793904745\"\n     data-ad-slot=\"5994863093\"><\/ins>\n<script>\n     (adsbygoogle = window.adsbygoogle || []).push({});\n<\/script>\n\n\n\n<p>Primero que todo, \u00bfqui\u00e9n no ama el denim? Ya sea en una camiseta, un short o esos pantalones s\u00faper cool, el denim nunca pasa de moda. La campa\u00f1a de Tommy Hilfiger hace un homenaje a ese look relajado pero con una vibra elegante que se puede llevar a cualquier lugar. \u00bfLo mejor? Este denim no es el de siempre. Con nuevos cortes y lavados frescos, las prendas de esta colecci\u00f3n est\u00e1n pensadas para darle un toque innovador al cl\u00e1sico que todos conocemos. Esto se ve reflejado en las palabras de Damson Idris, quien dice: \u201cEl denim es tan vers\u00e1til como atemporal.\u201d Y es que, \u00bfqui\u00e9n no se ha sentido confiado usando unas jeans que saben que siempre van a lucir bien?<\/p>\n\n\n\n<p><strong>Denim para Todas las Formas<\/strong><\/p>\n\n\n\n<figure class=\"wp-block-image size-full\"><img data-recalc-dims=\"1\" decoding=\"async\" width=\"942\" height=\"1413\" src=\"https:\/\/i0.wp.com\/zeromagazine.mx\/wp-content\/uploads\/2025\/01\/Tommy-Hilfiger_PSP25-Denim-Campaign_-Damson-Idris-3.jpg?resize=942%2C1413&#038;ssl=1\" alt=\"\" class=\"wp-image-95176\" srcset=\"https:\/\/i0.wp.com\/zeromagazine.mx\/wp-content\/uploads\/2025\/01\/Tommy-Hilfiger_PSP25-Denim-Campaign_-Damson-Idris-3.jpg?w=942&amp;ssl=1 942w, https:\/\/i0.wp.com\/zeromagazine.mx\/wp-content\/uploads\/2025\/01\/Tommy-Hilfiger_PSP25-Denim-Campaign_-Damson-Idris-3.jpg?resize=200%2C300&amp;ssl=1 200w, https:\/\/i0.wp.com\/zeromagazine.mx\/wp-content\/uploads\/2025\/01\/Tommy-Hilfiger_PSP25-Denim-Campaign_-Damson-Idris-3.jpg?resize=683%2C1024&amp;ssl=1 683w, https:\/\/i0.wp.com\/zeromagazine.mx\/wp-content\/uploads\/2025\/01\/Tommy-Hilfiger_PSP25-Denim-Campaign_-Damson-Idris-3.jpg?resize=768%2C1152&amp;ssl=1 768w\" sizes=\"(max-width: 942px) 100vw, 942px\" \/><\/figure>\n\n\n\n\n<script async src=\"https:\/\/pagead2.googlesyndication.com\/pagead\/js\/adsbygoogle.js?client=ca-pub-5499304793904745\"\n     crossorigin=\"anonymous\"><\/script>\n<ins class=\"adsbygoogle\"\n     style=\"display:block; text-align:center;\"\n     data-ad-layout=\"in-article\"\n     data-ad-format=\"fluid\"\n     data-ad-client=\"ca-pub-5499304793904745\"\n     data-ad-slot=\"5994863093\"><\/ins>\n<script>\n     (adsbygoogle = window.adsbygoogle || []).push({});\n<\/script>\n\n\n\n<p>Adem\u00e1s de ser cl\u00e1sico, este denim se adapta a todas las formas y estilos. Como lo menciona Abby Champion, \u201cCada corte, lavado y dise\u00f1o de la colecci\u00f3n me brinda la confianza para expresarme.\u201d Desde el denim ajustado hasta los cortes m\u00e1s relajados, la colecci\u00f3n te permite encontrar esa prenda que se adapta a tu estilo \u00fanico. Para los que nos gusta jugar con los looks y llevar algo m\u00e1s arriesgado, o para los que prefieren lo cl\u00e1sico pero con un twist, hay algo para todos. Es el tipo de ropa que nunca va a dejar de ser \u00fatil y que puedes usar tanto en un brunch relajado como para una salida nocturna.<\/p>\n\n\n\n<p><strong>El Estilo que Nunca Pasa de Moda<\/strong><\/p>\n\n\n\n<figure class=\"wp-block-image size-full\"><img data-recalc-dims=\"1\" decoding=\"async\" width=\"942\" height=\"1413\" src=\"https:\/\/i0.wp.com\/zeromagazine.mx\/wp-content\/uploads\/2025\/01\/Tommy-Hilfiger_PSP25-Denim-Campaign_-Abby-Champion-4.jpg?resize=942%2C1413&#038;ssl=1\" alt=\"\" class=\"wp-image-95179\" srcset=\"https:\/\/i0.wp.com\/zeromagazine.mx\/wp-content\/uploads\/2025\/01\/Tommy-Hilfiger_PSP25-Denim-Campaign_-Abby-Champion-4.jpg?w=942&amp;ssl=1 942w, https:\/\/i0.wp.com\/zeromagazine.mx\/wp-content\/uploads\/2025\/01\/Tommy-Hilfiger_PSP25-Denim-Campaign_-Abby-Champion-4.jpg?resize=200%2C300&amp;ssl=1 200w, https:\/\/i0.wp.com\/zeromagazine.mx\/wp-content\/uploads\/2025\/01\/Tommy-Hilfiger_PSP25-Denim-Campaign_-Abby-Champion-4.jpg?resize=683%2C1024&amp;ssl=1 683w, https:\/\/i0.wp.com\/zeromagazine.mx\/wp-content\/uploads\/2025\/01\/Tommy-Hilfiger_PSP25-Denim-Campaign_-Abby-Champion-4.jpg?resize=768%2C1152&amp;ssl=1 768w\" sizes=\"(max-width: 942px) 100vw, 942px\" \/><\/figure>\n\n\n\n\n<script async src=\"https:\/\/pagead2.googlesyndication.com\/pagead\/js\/adsbygoogle.js?client=ca-pub-5499304793904745\"\n     crossorigin=\"anonymous\"><\/script>\n<ins class=\"adsbygoogle\"\n     style=\"display:block; text-align:center;\"\n     data-ad-layout=\"in-article\"\n     data-ad-format=\"fluid\"\n     data-ad-client=\"ca-pub-5499304793904745\"\n     data-ad-slot=\"5994863093\"><\/ins>\n<script>\n     (adsbygoogle = window.adsbygoogle || []).push({});\n<\/script>\n\n\n\n<p>Si t\u00fa tambi\u00e9n eres de los que apuesta por el denim, este lanzamiento no te puede faltar. La colecci\u00f3n de Denim Primavera 2025 de Tommy Hilfiger ya est\u00e1 disponible y, aunque la temporada apenas comienza, ya podemos ver c\u00f3mo este cl\u00e1sico se sigue reinventando para adaptarse a las nuevas tendencias. As\u00ed que si quieres ser parte de la conversaci\u00f3n y compartir tu look con #TommyHilfiger, no dudes en revisar la colecci\u00f3n en&nbsp;<a href=\"https:\/\/www.tommy.com\/\">tommy.com<\/a>.<\/p>\n\n\n\n<p>Finalmente , esta colecci\u00f3n nos recuerda lo esencial que es el denim en cualquier guardarropa. Con su reinvenci\u00f3n, estilo c\u00f3modo y duradero, el denim sigue siendo el b\u00e1sico m\u00e1s cool y adaptable para cualquier ocasi\u00f3n. Y t\u00fa, \u00bfest\u00e1s listo para ser parte de esta tendencia que nunca muere?<\/p>\n\n\n\n<p><\/p>","protected":false},"excerpt":{"rendered":"<p>Tommy Hilfiger redefine el denim Tommy Hilfiger redefine el denim.La moda nunca deja de reinventarse, y siempre hay algo que se mantiene como un cl\u00e1sico: el denim. Si hay algo que nos ha acompa\u00f1ado en todas las \u00e9pocas y momentos, es una buena prenda de mezclilla, que va m\u00e1s all\u00e1 de ser solo una tendencia. [&hellip;]<\/p>\n","protected":false},"author":2,"featured_media":95179,"comment_status":"open","ping_status":"open","sticky":false,"template":"","format":"standard","meta":{"_jetpack_memberships_contains_paid_content":false,"footnotes":"","jetpack_publicize_message":"","jetpack_publicize_feature_enabled":true,"jetpack_social_post_already_shared":true,"jetpack_social_options":{"image_generator_settings":{"template":"highway","default_image_id":0,"font":"","enabled":false},"version":2}},"categories":[67],"tags":[12510,6890,395],"class_list":["post-95161","post","type-post","status-publish","format-standard","has-post-thumbnail","hentry","category-moda","tag-coleccion-denim-primavera-2025","tag-estilo","tag-tommy-hilfiger","has-post-title","has-post-date","has-post-category","has-post-tag","has-post-comment","has-post-author",""],"yoast_head":"<!-- This site is optimized with the Yoast SEO plugin v27.5 - https:\/\/yoast.com\/product\/yoast-seo-wordpress\/ -->\n<title>Tommy Hilfiger: Denim Revive - Zero Magazine<\/title>\n<meta name=\"description\" content=\"Descubre la colecci\u00f3n Denim Primavera 2025 de Tommy Hilfiger, con Damson Idris y Abby Champion, reinventando el denim con estilo y frescura.\" \/>\n<meta name=\"robots\" content=\"index, follow, max-snippet:-1, max-image-preview:large, max-video-preview:-1\" \/>\n<link rel=\"canonical\" href=\"https:\/\/zeromagazine.mx\/index.php\/2025\/01\/21\/tommy-hilfiger-denim-revive\/\" \/>\n<meta property=\"og:locale\" content=\"es_ES\" \/>\n<meta property=\"og:type\" content=\"article\" \/>\n<meta property=\"og:title\" content=\"Tommy Hilfiger: Denim Revive - Zero Magazine\" \/>\n<meta property=\"og:description\" content=\"Descubre la colecci\u00f3n Denim Primavera 2025 de Tommy Hilfiger, con Damson Idris y Abby Champion, reinventando el denim con estilo y frescura.\" \/>\n<meta property=\"og:url\" content=\"https:\/\/zeromagazine.mx\/index.php\/2025\/01\/21\/tommy-hilfiger-denim-revive\/\" \/>\n<meta property=\"og:site_name\" content=\"Zero Magazine\" \/>\n<meta property=\"article:published_time\" content=\"2025-01-21T21:50:10+00:00\" \/>\n<meta property=\"article:modified_time\" content=\"2025-01-21T21:51:27+00:00\" \/>\n<meta property=\"og:image\" content=\"http:\/\/zeromagazine.mx\/wp-content\/uploads\/2025\/01\/Tommy-Hilfiger_PSP25-Denim-Campaign_-Abby-Champion-4.jpg\" \/>\n\t<meta property=\"og:image:width\" content=\"942\" \/>\n\t<meta property=\"og:image:height\" content=\"1413\" \/>\n\t<meta property=\"og:image:type\" content=\"image\/jpeg\" \/>\n<meta name=\"author\" content=\"zeromagazinemx\" \/>\n<meta name=\"twitter:card\" content=\"summary_large_image\" \/>\n<meta name=\"twitter:label1\" content=\"Escrito por\" \/>\n\t<meta name=\"twitter:data1\" content=\"zeromagazinemx\" \/>\n\t<meta name=\"twitter:label2\" content=\"Tiempo de lectura\" \/>\n\t<meta name=\"twitter:data2\" content=\"3 minutos\" \/>\n<script type=\"application\/ld+json\" class=\"yoast-schema-graph\">{\"@context\":\"https:\\\/\\\/schema.org\",\"@graph\":[{\"@type\":\"Article\",\"@id\":\"https:\\\/\\\/zeromagazine.mx\\\/index.php\\\/2025\\\/01\\\/21\\\/tommy-hilfiger-denim-revive\\\/#article\",\"isPartOf\":{\"@id\":\"https:\\\/\\\/zeromagazine.mx\\\/index.php\\\/2025\\\/01\\\/21\\\/tommy-hilfiger-denim-revive\\\/\"},\"author\":{\"name\":\"zeromagazinemx\",\"@id\":\"https:\\\/\\\/zeromagazine.mx\\\/#\\\/schema\\\/person\\\/9aed9f33a7c39af3a348b86d723f7773\"},\"headline\":\"Tommy Hilfiger: Denim Revive\",\"datePublished\":\"2025-01-21T21:50:10+00:00\",\"dateModified\":\"2025-01-21T21:51:27+00:00\",\"mainEntityOfPage\":{\"@id\":\"https:\\\/\\\/zeromagazine.mx\\\/index.php\\\/2025\\\/01\\\/21\\\/tommy-hilfiger-denim-revive\\\/\"},\"wordCount\":517,\"commentCount\":0,\"publisher\":{\"@id\":\"https:\\\/\\\/zeromagazine.mx\\\/#organization\"},\"image\":{\"@id\":\"https:\\\/\\\/zeromagazine.mx\\\/index.php\\\/2025\\\/01\\\/21\\\/tommy-hilfiger-denim-revive\\\/#primaryimage\"},\"thumbnailUrl\":\"https:\\\/\\\/i0.wp.com\\\/zeromagazine.mx\\\/wp-content\\\/uploads\\\/2025\\\/01\\\/Tommy-Hilfiger_PSP25-Denim-Campaign_-Abby-Champion-4.jpg?fit=942%2C1413&ssl=1\",\"keywords\":[\"colecci\u00f3n Denim Primavera 2025\",\"estilo\",\"Tommy hilfiger\"],\"articleSection\":[\"Moda\"],\"inLanguage\":\"es\",\"potentialAction\":[{\"@type\":\"CommentAction\",\"name\":\"Comment\",\"target\":[\"https:\\\/\\\/zeromagazine.mx\\\/index.php\\\/2025\\\/01\\\/21\\\/tommy-hilfiger-denim-revive\\\/#respond\"]}]},{\"@type\":\"WebPage\",\"@id\":\"https:\\\/\\\/zeromagazine.mx\\\/index.php\\\/2025\\\/01\\\/21\\\/tommy-hilfiger-denim-revive\\\/\",\"url\":\"https:\\\/\\\/zeromagazine.mx\\\/index.php\\\/2025\\\/01\\\/21\\\/tommy-hilfiger-denim-revive\\\/\",\"name\":\"Tommy Hilfiger: Denim Revive - Zero Magazine\",\"isPartOf\":{\"@id\":\"https:\\\/\\\/zeromagazine.mx\\\/#website\"},\"primaryImageOfPage\":{\"@id\":\"https:\\\/\\\/zeromagazine.mx\\\/index.php\\\/2025\\\/01\\\/21\\\/tommy-hilfiger-denim-revive\\\/#primaryimage\"},\"image\":{\"@id\":\"https:\\\/\\\/zeromagazine.mx\\\/index.php\\\/2025\\\/01\\\/21\\\/tommy-hilfiger-denim-revive\\\/#primaryimage\"},\"thumbnailUrl\":\"https:\\\/\\\/i0.wp.com\\\/zeromagazine.mx\\\/wp-content\\\/uploads\\\/2025\\\/01\\\/Tommy-Hilfiger_PSP25-Denim-Campaign_-Abby-Champion-4.jpg?fit=942%2C1413&ssl=1\",\"datePublished\":\"2025-01-21T21:50:10+00:00\",\"dateModified\":\"2025-01-21T21:51:27+00:00\",\"description\":\"Descubre la colecci\u00f3n Denim Primavera 2025 de Tommy Hilfiger, con Damson Idris y Abby Champion, reinventando el denim con estilo y frescura.\",\"breadcrumb\":{\"@id\":\"https:\\\/\\\/zeromagazine.mx\\\/index.php\\\/2025\\\/01\\\/21\\\/tommy-hilfiger-denim-revive\\\/#breadcrumb\"},\"inLanguage\":\"es\",\"potentialAction\":[{\"@type\":\"ReadAction\",\"target\":[\"https:\\\/\\\/zeromagazine.mx\\\/index.php\\\/2025\\\/01\\\/21\\\/tommy-hilfiger-denim-revive\\\/\"]}]},{\"@type\":\"ImageObject\",\"inLanguage\":\"es\",\"@id\":\"https:\\\/\\\/zeromagazine.mx\\\/index.php\\\/2025\\\/01\\\/21\\\/tommy-hilfiger-denim-revive\\\/#primaryimage\",\"url\":\"https:\\\/\\\/i0.wp.com\\\/zeromagazine.mx\\\/wp-content\\\/uploads\\\/2025\\\/01\\\/Tommy-Hilfiger_PSP25-Denim-Campaign_-Abby-Champion-4.jpg?fit=942%2C1413&ssl=1\",\"contentUrl\":\"https:\\\/\\\/i0.wp.com\\\/zeromagazine.mx\\\/wp-content\\\/uploads\\\/2025\\\/01\\\/Tommy-Hilfiger_PSP25-Denim-Campaign_-Abby-Champion-4.jpg?fit=942%2C1413&ssl=1\",\"width\":942,\"height\":1413},{\"@type\":\"BreadcrumbList\",\"@id\":\"https:\\\/\\\/zeromagazine.mx\\\/index.php\\\/2025\\\/01\\\/21\\\/tommy-hilfiger-denim-revive\\\/#breadcrumb\",\"itemListElement\":[{\"@type\":\"ListItem\",\"position\":1,\"name\":\"Portada\",\"item\":\"https:\\\/\\\/zeromagazine.mx\\\/\"},{\"@type\":\"ListItem\",\"position\":2,\"name\":\"Tommy Hilfiger: Denim Revive\"}]},{\"@type\":\"WebSite\",\"@id\":\"https:\\\/\\\/zeromagazine.mx\\\/#website\",\"url\":\"https:\\\/\\\/zeromagazine.mx\\\/\",\"name\":\"Zero Magazine\",\"description\":\"\",\"publisher\":{\"@id\":\"https:\\\/\\\/zeromagazine.mx\\\/#organization\"},\"potentialAction\":[{\"@type\":\"SearchAction\",\"target\":{\"@type\":\"EntryPoint\",\"urlTemplate\":\"https:\\\/\\\/zeromagazine.mx\\\/?s={search_term_string}\"},\"query-input\":{\"@type\":\"PropertyValueSpecification\",\"valueRequired\":true,\"valueName\":\"search_term_string\"}}],\"inLanguage\":\"es\"},{\"@type\":\"Organization\",\"@id\":\"https:\\\/\\\/zeromagazine.mx\\\/#organization\",\"name\":\"Zero Magazine\",\"url\":\"https:\\\/\\\/zeromagazine.mx\\\/\",\"logo\":{\"@type\":\"ImageObject\",\"inLanguage\":\"es\",\"@id\":\"https:\\\/\\\/zeromagazine.mx\\\/#\\\/schema\\\/logo\\\/image\\\/\",\"url\":\"https:\\\/\\\/i0.wp.com\\\/zeromagazine.mx\\\/wp-content\\\/uploads\\\/2025\\\/11\\\/1.jpeg?fit=1000%2C1000&ssl=1\",\"contentUrl\":\"https:\\\/\\\/i0.wp.com\\\/zeromagazine.mx\\\/wp-content\\\/uploads\\\/2025\\\/11\\\/1.jpeg?fit=1000%2C1000&ssl=1\",\"width\":1000,\"height\":1000,\"caption\":\"Zero Magazine\"},\"image\":{\"@id\":\"https:\\\/\\\/zeromagazine.mx\\\/#\\\/schema\\\/logo\\\/image\\\/\"},\"sameAs\":[\"https:\\\/\\\/instagram.com\\\/zeromagazinemx\"]},{\"@type\":\"Person\",\"@id\":\"https:\\\/\\\/zeromagazine.mx\\\/#\\\/schema\\\/person\\\/9aed9f33a7c39af3a348b86d723f7773\",\"name\":\"zeromagazinemx\",\"image\":{\"@type\":\"ImageObject\",\"inLanguage\":\"es\",\"@id\":\"https:\\\/\\\/zeromagazine.mx\\\/wp-content\\\/litespeed\\\/avatar\\\/f91dfe5410d5dcb1a576bf8c45983896.jpg?ver=1777571230\",\"url\":\"https:\\\/\\\/zeromagazine.mx\\\/wp-content\\\/litespeed\\\/avatar\\\/f91dfe5410d5dcb1a576bf8c45983896.jpg?ver=1777571230\",\"contentUrl\":\"https:\\\/\\\/zeromagazine.mx\\\/wp-content\\\/litespeed\\\/avatar\\\/f91dfe5410d5dcb1a576bf8c45983896.jpg?ver=1777571230\",\"caption\":\"zeromagazinemx\"},\"url\":\"https:\\\/\\\/zeromagazine.mx\\\/index.php\\\/author\\\/zeromagazinemx\\\/\"}]}<\/script>\n<!-- \/ Yoast SEO plugin. -->","yoast_head_json":{"title":"Tommy Hilfiger: Denim Revive - Zero Magazine","description":"Descubre la colecci\u00f3n Denim Primavera 2025 de Tommy Hilfiger, con Damson Idris y Abby Champion, reinventando el denim con estilo y frescura.","robots":{"index":"index","follow":"follow","max-snippet":"max-snippet:-1","max-image-preview":"max-image-preview:large","max-video-preview":"max-video-preview:-1"},"canonical":"https:\/\/zeromagazine.mx\/index.php\/2025\/01\/21\/tommy-hilfiger-denim-revive\/","og_locale":"es_ES","og_type":"article","og_title":"Tommy Hilfiger: Denim Revive - Zero Magazine","og_description":"Descubre la colecci\u00f3n Denim Primavera 2025 de Tommy Hilfiger, con Damson Idris y Abby Champion, reinventando el denim con estilo y frescura.","og_url":"https:\/\/zeromagazine.mx\/index.php\/2025\/01\/21\/tommy-hilfiger-denim-revive\/","og_site_name":"Zero Magazine","article_published_time":"2025-01-21T21:50:10+00:00","article_modified_time":"2025-01-21T21:51:27+00:00","og_image":[{"width":942,"height":1413,"url":"http:\/\/zeromagazine.mx\/wp-content\/uploads\/2025\/01\/Tommy-Hilfiger_PSP25-Denim-Campaign_-Abby-Champion-4.jpg","type":"image\/jpeg"}],"author":"zeromagazinemx","twitter_card":"summary_large_image","twitter_misc":{"Escrito por":"zeromagazinemx","Tiempo de lectura":"3 minutos"},"schema":{"@context":"https:\/\/schema.org","@graph":[{"@type":"Article","@id":"https:\/\/zeromagazine.mx\/index.php\/2025\/01\/21\/tommy-hilfiger-denim-revive\/#article","isPartOf":{"@id":"https:\/\/zeromagazine.mx\/index.php\/2025\/01\/21\/tommy-hilfiger-denim-revive\/"},"author":{"name":"zeromagazinemx","@id":"https:\/\/zeromagazine.mx\/#\/schema\/person\/9aed9f33a7c39af3a348b86d723f7773"},"headline":"Tommy Hilfiger: Denim Revive","datePublished":"2025-01-21T21:50:10+00:00","dateModified":"2025-01-21T21:51:27+00:00","mainEntityOfPage":{"@id":"https:\/\/zeromagazine.mx\/index.php\/2025\/01\/21\/tommy-hilfiger-denim-revive\/"},"wordCount":517,"commentCount":0,"publisher":{"@id":"https:\/\/zeromagazine.mx\/#organization"},"image":{"@id":"https:\/\/zeromagazine.mx\/index.php\/2025\/01\/21\/tommy-hilfiger-denim-revive\/#primaryimage"},"thumbnailUrl":"https:\/\/i0.wp.com\/zeromagazine.mx\/wp-content\/uploads\/2025\/01\/Tommy-Hilfiger_PSP25-Denim-Campaign_-Abby-Champion-4.jpg?fit=942%2C1413&ssl=1","keywords":["colecci\u00f3n Denim Primavera 2025","estilo","Tommy hilfiger"],"articleSection":["Moda"],"inLanguage":"es","potentialAction":[{"@type":"CommentAction","name":"Comment","target":["https:\/\/zeromagazine.mx\/index.php\/2025\/01\/21\/tommy-hilfiger-denim-revive\/#respond"]}]},{"@type":"WebPage","@id":"https:\/\/zeromagazine.mx\/index.php\/2025\/01\/21\/tommy-hilfiger-denim-revive\/","url":"https:\/\/zeromagazine.mx\/index.php\/2025\/01\/21\/tommy-hilfiger-denim-revive\/","name":"Tommy Hilfiger: Denim Revive - Zero Magazine","isPartOf":{"@id":"https:\/\/zeromagazine.mx\/#website"},"primaryImageOfPage":{"@id":"https:\/\/zeromagazine.mx\/index.php\/2025\/01\/21\/tommy-hilfiger-denim-revive\/#primaryimage"},"image":{"@id":"https:\/\/zeromagazine.mx\/index.php\/2025\/01\/21\/tommy-hilfiger-denim-revive\/#primaryimage"},"thumbnailUrl":"https:\/\/i0.wp.com\/zeromagazine.mx\/wp-content\/uploads\/2025\/01\/Tommy-Hilfiger_PSP25-Denim-Campaign_-Abby-Champion-4.jpg?fit=942%2C1413&ssl=1","datePublished":"2025-01-21T21:50:10+00:00","dateModified":"2025-01-21T21:51:27+00:00","description":"Descubre la colecci\u00f3n Denim Primavera 2025 de Tommy Hilfiger, con Damson Idris y Abby Champion, reinventando el denim con estilo y frescura.","breadcrumb":{"@id":"https:\/\/zeromagazine.mx\/index.php\/2025\/01\/21\/tommy-hilfiger-denim-revive\/#breadcrumb"},"inLanguage":"es","potentialAction":[{"@type":"ReadAction","target":["https:\/\/zeromagazine.mx\/index.php\/2025\/01\/21\/tommy-hilfiger-denim-revive\/"]}]},{"@type":"ImageObject","inLanguage":"es","@id":"https:\/\/zeromagazine.mx\/index.php\/2025\/01\/21\/tommy-hilfiger-denim-revive\/#primaryimage","url":"https:\/\/i0.wp.com\/zeromagazine.mx\/wp-content\/uploads\/2025\/01\/Tommy-Hilfiger_PSP25-Denim-Campaign_-Abby-Champion-4.jpg?fit=942%2C1413&ssl=1","contentUrl":"https:\/\/i0.wp.com\/zeromagazine.mx\/wp-content\/uploads\/2025\/01\/Tommy-Hilfiger_PSP25-Denim-Campaign_-Abby-Champion-4.jpg?fit=942%2C1413&ssl=1","width":942,"height":1413},{"@type":"BreadcrumbList","@id":"https:\/\/zeromagazine.mx\/index.php\/2025\/01\/21\/tommy-hilfiger-denim-revive\/#breadcrumb","itemListElement":[{"@type":"ListItem","position":1,"name":"Portada","item":"https:\/\/zeromagazine.mx\/"},{"@type":"ListItem","position":2,"name":"Tommy Hilfiger: Denim Revive"}]},{"@type":"WebSite","@id":"https:\/\/zeromagazine.mx\/#website","url":"https:\/\/zeromagazine.mx\/","name":"Zero Magazine","description":"","publisher":{"@id":"https:\/\/zeromagazine.mx\/#organization"},"potentialAction":[{"@type":"SearchAction","target":{"@type":"EntryPoint","urlTemplate":"https:\/\/zeromagazine.mx\/?s={search_term_string}"},"query-input":{"@type":"PropertyValueSpecification","valueRequired":true,"valueName":"search_term_string"}}],"inLanguage":"es"},{"@type":"Organization","@id":"https:\/\/zeromagazine.mx\/#organization","name":"Zero Magazine","url":"https:\/\/zeromagazine.mx\/","logo":{"@type":"ImageObject","inLanguage":"es","@id":"https:\/\/zeromagazine.mx\/#\/schema\/logo\/image\/","url":"https:\/\/i0.wp.com\/zeromagazine.mx\/wp-content\/uploads\/2025\/11\/1.jpeg?fit=1000%2C1000&ssl=1","contentUrl":"https:\/\/i0.wp.com\/zeromagazine.mx\/wp-content\/uploads\/2025\/11\/1.jpeg?fit=1000%2C1000&ssl=1","width":1000,"height":1000,"caption":"Zero Magazine"},"image":{"@id":"https:\/\/zeromagazine.mx\/#\/schema\/logo\/image\/"},"sameAs":["https:\/\/instagram.com\/zeromagazinemx"]},{"@type":"Person","@id":"https:\/\/zeromagazine.mx\/#\/schema\/person\/9aed9f33a7c39af3a348b86d723f7773","name":"zeromagazinemx","image":{"@type":"ImageObject","inLanguage":"es","@id":"https:\/\/zeromagazine.mx\/wp-content\/litespeed\/avatar\/f91dfe5410d5dcb1a576bf8c45983896.jpg?ver=1777571230","url":"https:\/\/zeromagazine.mx\/wp-content\/litespeed\/avatar\/f91dfe5410d5dcb1a576bf8c45983896.jpg?ver=1777571230","contentUrl":"https:\/\/zeromagazine.mx\/wp-content\/litespeed\/avatar\/f91dfe5410d5dcb1a576bf8c45983896.jpg?ver=1777571230","caption":"zeromagazinemx"},"url":"https:\/\/zeromagazine.mx\/index.php\/author\/zeromagazinemx\/"}]}},"jetpack_publicize_connections":[],"jetpack_featured_media_url":"https:\/\/i0.wp.com\/zeromagazine.mx\/wp-content\/uploads\/2025\/01\/Tommy-Hilfiger_PSP25-Denim-Campaign_-Abby-Champion-4.jpg?fit=942%2C1413&ssl=1","jetpack-related-posts":[{"id":103148,"url":"https:\/\/zeromagazine.mx\/index.php\/2025\/05\/06\/apxgp-tommy-hilfiger-coleccion-inspirada-en-la-f1\/","url_meta":{"origin":95161,"position":0},"title":"APXGP Tommy Hilfiger: Colecci\u00f3n Inspirada En La F1","author":"David Morales","date":"6 de mayo de 2025","format":false,"excerpt":"Amix, si t\u00fa tambi\u00e9n eres de les que sienten adrenalina con los fashion moments m\u00e1s potentes, prep\u00e1rate para la colecci\u00f3n APXGP Tommy Hilfiger, inspirada en el mundo de la F\u00f3rmula 1 y el cine. Y s\u00ed, esta collab no es cualquier cosa: es literal una mezcla de estilo y velocidad\u2026","rel":"","context":"En \u00abModa\u00bb","block_context":{"text":"Moda","link":"https:\/\/zeromagazine.mx\/index.php\/category\/moda\/"},"img":{"alt_text":"","src":"https:\/\/i0.wp.com\/zeromagazine.mx\/wp-content\/uploads\/2025\/05\/0Q9A3034-scaled.jpg?fit=1200%2C900&ssl=1&resize=350%2C200","width":350,"height":200,"srcset":"https:\/\/i0.wp.com\/zeromagazine.mx\/wp-content\/uploads\/2025\/05\/0Q9A3034-scaled.jpg?fit=1200%2C900&ssl=1&resize=350%2C200 1x, https:\/\/i0.wp.com\/zeromagazine.mx\/wp-content\/uploads\/2025\/05\/0Q9A3034-scaled.jpg?fit=1200%2C900&ssl=1&resize=525%2C300 1.5x, https:\/\/i0.wp.com\/zeromagazine.mx\/wp-content\/uploads\/2025\/05\/0Q9A3034-scaled.jpg?fit=1200%2C900&ssl=1&resize=700%2C400 2x, https:\/\/i0.wp.com\/zeromagazine.mx\/wp-content\/uploads\/2025\/05\/0Q9A3034-scaled.jpg?fit=1200%2C900&ssl=1&resize=1050%2C600 3x"},"classes":[]},{"id":97942,"url":"https:\/\/zeromagazine.mx\/index.php\/2025\/03\/03\/stray-kids-y-tommy\/","url_meta":{"origin":95161,"position":1},"title":"Stray Kids x Tommy: Estilo Sin L\u00edmites","author":"David Morales","date":"3 de marzo de 2025","format":false,"excerpt":"En un mundo donde la moda y la m\u00fasica se fusionan, la nueva campa\u00f1a de Tommy Hilfiger para Primavera 2025 llega con una propuesta fresca y vibrante. Esta vez, Stray Kids es la cara del estilo prep renovado, trayendo su esencia audaz y energ\u00eda sin igual a una colecci\u00f3n inspirada\u2026","rel":"","context":"En \u00abModa\u00bb","block_context":{"text":"Moda","link":"https:\/\/zeromagazine.mx\/index.php\/category\/moda\/"},"img":{"alt_text":"","src":"https:\/\/i0.wp.com\/zeromagazine.mx\/wp-content\/uploads\/2025\/03\/Group-scaled-e1741006454772.jpg?fit=1200%2C1080&ssl=1&resize=350%2C200","width":350,"height":200,"srcset":"https:\/\/i0.wp.com\/zeromagazine.mx\/wp-content\/uploads\/2025\/03\/Group-scaled-e1741006454772.jpg?fit=1200%2C1080&ssl=1&resize=350%2C200 1x, https:\/\/i0.wp.com\/zeromagazine.mx\/wp-content\/uploads\/2025\/03\/Group-scaled-e1741006454772.jpg?fit=1200%2C1080&ssl=1&resize=525%2C300 1.5x, https:\/\/i0.wp.com\/zeromagazine.mx\/wp-content\/uploads\/2025\/03\/Group-scaled-e1741006454772.jpg?fit=1200%2C1080&ssl=1&resize=700%2C400 2x, https:\/\/i0.wp.com\/zeromagazine.mx\/wp-content\/uploads\/2025\/03\/Group-scaled-e1741006454772.jpg?fit=1200%2C1080&ssl=1&resize=1050%2C600 3x"},"classes":[]},{"id":71484,"url":"https:\/\/zeromagazine.mx\/index.php\/2024\/03\/06\/tommy-hilfiger-brilla-con-kendall-jenner-y-sus-amigos-en-su-nueva-campana\/","url_meta":{"origin":95161,"position":2},"title":"Tommy Hilfiger brilla con Kendall Jenner y sus amigos en su nueva campa\u00f1a","author":"zeromagazinemx","date":"6 de marzo de 2024","format":false,"excerpt":"Tommy Hilfiger lanz\u00f3 su campa\u00f1a de primavera 2024 con Kendall Jenner y sus amigxs. Es todo un despliegue del estilo cl\u00e1sico americano con un toque fresco y definitivamente primaveral. Desde Amsterdam hasta nuestras pantallas, Tommy Hilfiger nos trae la esencia de la primavera con esta campa\u00f1a que captura la autenticidad\u2026","rel":"","context":"En \u00abModa\u00bb","block_context":{"text":"Moda","link":"https:\/\/zeromagazine.mx\/index.php\/category\/moda\/"},"img":{"alt_text":"","src":"https:\/\/i0.wp.com\/zeromagazine.mx\/wp-content\/uploads\/2024\/03\/Tommy_Hilfiger_SP24_Tier1_Shot_1_1_300_39L-scaled.jpg?fit=1200%2C869&ssl=1&resize=350%2C200","width":350,"height":200,"srcset":"https:\/\/i0.wp.com\/zeromagazine.mx\/wp-content\/uploads\/2024\/03\/Tommy_Hilfiger_SP24_Tier1_Shot_1_1_300_39L-scaled.jpg?fit=1200%2C869&ssl=1&resize=350%2C200 1x, https:\/\/i0.wp.com\/zeromagazine.mx\/wp-content\/uploads\/2024\/03\/Tommy_Hilfiger_SP24_Tier1_Shot_1_1_300_39L-scaled.jpg?fit=1200%2C869&ssl=1&resize=525%2C300 1.5x, https:\/\/i0.wp.com\/zeromagazine.mx\/wp-content\/uploads\/2024\/03\/Tommy_Hilfiger_SP24_Tier1_Shot_1_1_300_39L-scaled.jpg?fit=1200%2C869&ssl=1&resize=700%2C400 2x, https:\/\/i0.wp.com\/zeromagazine.mx\/wp-content\/uploads\/2024\/03\/Tommy_Hilfiger_SP24_Tier1_Shot_1_1_300_39L-scaled.jpg?fit=1200%2C869&ssl=1&resize=1050%2C600 3x"},"classes":[]},{"id":70331,"url":"https:\/\/zeromagazine.mx\/index.php\/2024\/01\/17\/regreso-epico-tommy-hilfiger-deslumbra-en-el-nyfw-fall-winter-2024\/","url_meta":{"origin":95161,"position":3},"title":"Regreso \u00c9pico: Tommy Hilfiger Deslumbra en el NYFW Fall Winter 2024","author":"David Morales","date":"17 de enero de 2024","format":false,"excerpt":"\u00bfYa escucharon la s\u00faper emocionante noticia? Tommy Hilfiger est\u00e1 de vuelta en el New York Fashion Week con su colecci\u00f3n Fall Winter 2024. Literal, me muero de emoci\u00f3n por compartirles todos los detalles de este regreso \u00e9pico a las ra\u00edces de la moda en la ciudad que nunca duerme. As\u00ed\u2026","rel":"","context":"En \u00abEntretenimiento\u00bb","block_context":{"text":"Entretenimiento","link":"https:\/\/zeromagazine.mx\/index.php\/category\/entretenimiento\/"},"img":{"alt_text":"","src":"https:\/\/i0.wp.com\/zeromagazine.mx\/wp-content\/uploads\/2024\/01\/image002-1.jpg?fit=1200%2C1181&ssl=1&resize=350%2C200","width":350,"height":200,"srcset":"https:\/\/i0.wp.com\/zeromagazine.mx\/wp-content\/uploads\/2024\/01\/image002-1.jpg?fit=1200%2C1181&ssl=1&resize=350%2C200 1x, https:\/\/i0.wp.com\/zeromagazine.mx\/wp-content\/uploads\/2024\/01\/image002-1.jpg?fit=1200%2C1181&ssl=1&resize=525%2C300 1.5x, https:\/\/i0.wp.com\/zeromagazine.mx\/wp-content\/uploads\/2024\/01\/image002-1.jpg?fit=1200%2C1181&ssl=1&resize=700%2C400 2x, https:\/\/i0.wp.com\/zeromagazine.mx\/wp-content\/uploads\/2024\/01\/image002-1.jpg?fit=1200%2C1181&ssl=1&resize=1050%2C600 3x"},"classes":[]},{"id":115118,"url":"https:\/\/zeromagazine.mx\/index.php\/2026\/02\/11\/slug-tommy-hilfiger-f1-fanwear-cadillac\/","url_meta":{"origin":95161,"position":4},"title":"Tommy Hilfiger F1: moda a toda velocidad","author":"zeromagazinemx","date":"11 de febrero de 2026","format":false,"excerpt":"La F\u00f3rmula 1 dej\u00f3 de ser solo un deporte hace rato. Hoy es est\u00e9tica, es conversaci\u00f3n en TikTok, es outfit check en el paddock y, b\u00e1sicamente, es uno de los lugares donde la moda est\u00e1 pasando en tiempo real. Y justo ah\u00ed entra Tommy Hilfiger F1, la nueva colaboraci\u00f3n con\u2026","rel":"","context":"En \u00abModa\u00bb","block_context":{"text":"Moda","link":"https:\/\/zeromagazine.mx\/index.php\/category\/moda\/"},"img":{"alt_text":"","src":"https:\/\/i0.wp.com\/zeromagazine.mx\/wp-content\/uploads\/2026\/02\/1000050940.jpg?fit=1200%2C375&ssl=1&resize=350%2C200","width":350,"height":200,"srcset":"https:\/\/i0.wp.com\/zeromagazine.mx\/wp-content\/uploads\/2026\/02\/1000050940.jpg?fit=1200%2C375&ssl=1&resize=350%2C200 1x, https:\/\/i0.wp.com\/zeromagazine.mx\/wp-content\/uploads\/2026\/02\/1000050940.jpg?fit=1200%2C375&ssl=1&resize=525%2C300 1.5x, https:\/\/i0.wp.com\/zeromagazine.mx\/wp-content\/uploads\/2026\/02\/1000050940.jpg?fit=1200%2C375&ssl=1&resize=700%2C400 2x, https:\/\/i0.wp.com\/zeromagazine.mx\/wp-content\/uploads\/2026\/02\/1000050940.jpg?fit=1200%2C375&ssl=1&resize=1050%2C600 3x"},"classes":[]},{"id":92646,"url":"https:\/\/zeromagazine.mx\/index.php\/2024\/12\/10\/tommy-hilfiger-estilo-que-inspira\/","url_meta":{"origin":95161,"position":5},"title":"Tommy Hilfiger Estilo que Inspira","author":"zeromagazinemx","date":"10 de diciembre de 2024","format":false,"excerpt":"Estilo que inspira siempre Amix, d\u00e9jenme les cuento el chisme: Tommy Hilfiger acaba de celebrar 30 a\u00f1os en M\u00e9xico y lo hizo en grande. O sea, hablamos del mism\u00edsimo Tommy visitando CDMX para festejar este milestone con vibras elegantes y obvio, puro estilo. Desde 1994, la marca ha sido un\u2026","rel":"","context":"En \u00abEntretenimiento\u00bb","block_context":{"text":"Entretenimiento","link":"https:\/\/zeromagazine.mx\/index.php\/category\/entretenimiento\/"},"img":{"alt_text":"","src":"https:\/\/i0.wp.com\/zeromagazine.mx\/wp-content\/uploads\/2024\/12\/DSC05259-scaled.jpg?fit=1200%2C825&ssl=1&resize=350%2C200","width":350,"height":200,"srcset":"https:\/\/i0.wp.com\/zeromagazine.mx\/wp-content\/uploads\/2024\/12\/DSC05259-scaled.jpg?fit=1200%2C825&ssl=1&resize=350%2C200 1x, https:\/\/i0.wp.com\/zeromagazine.mx\/wp-content\/uploads\/2024\/12\/DSC05259-scaled.jpg?fit=1200%2C825&ssl=1&resize=525%2C300 1.5x, https:\/\/i0.wp.com\/zeromagazine.mx\/wp-content\/uploads\/2024\/12\/DSC05259-scaled.jpg?fit=1200%2C825&ssl=1&resize=700%2C400 2x, https:\/\/i0.wp.com\/zeromagazine.mx\/wp-content\/uploads\/2024\/12\/DSC05259-scaled.jpg?fit=1200%2C825&ssl=1&resize=1050%2C600 3x"},"classes":[]}],"jetpack_sharing_enabled":true,"builder_content":"","_links":{"self":[{"href":"https:\/\/zeromagazine.mx\/index.php\/wp-json\/wp\/v2\/posts\/95161","targetHints":{"allow":["GET"]}}],"collection":[{"href":"https:\/\/zeromagazine.mx\/index.php\/wp-json\/wp\/v2\/posts"}],"about":[{"href":"https:\/\/zeromagazine.mx\/index.php\/wp-json\/wp\/v2\/types\/post"}],"author":[{"embeddable":true,"href":"https:\/\/zeromagazine.mx\/index.php\/wp-json\/wp\/v2\/users\/2"}],"replies":[{"embeddable":true,"href":"https:\/\/zeromagazine.mx\/index.php\/wp-json\/wp\/v2\/comments?post=95161"}],"version-history":[{"count":2,"href":"https:\/\/zeromagazine.mx\/index.php\/wp-json\/wp\/v2\/posts\/95161\/revisions"}],"predecessor-version":[{"id":95183,"href":"https:\/\/zeromagazine.mx\/index.php\/wp-json\/wp\/v2\/posts\/95161\/revisions\/95183"}],"wp:featuredmedia":[{"embeddable":true,"href":"https:\/\/zeromagazine.mx\/index.php\/wp-json\/wp\/v2\/media\/95179"}],"wp:attachment":[{"href":"https:\/\/zeromagazine.mx\/index.php\/wp-json\/wp\/v2\/media?parent=95161"}],"wp:term":[{"taxonomy":"category","embeddable":true,"href":"https:\/\/zeromagazine.mx\/index.php\/wp-json\/wp\/v2\/categories?post=95161"},{"taxonomy":"post_tag","embeddable":true,"href":"https:\/\/zeromagazine.mx\/index.php\/wp-json\/wp\/v2\/tags?post=95161"}],"curies":[{"name":"wp","href":"https:\/\/api.w.org\/{rel}","templated":true}]}}