{"id":96900,"date":"2025-02-16T04:34:13","date_gmt":"2025-02-16T03:34:13","guid":{"rendered":"https:\/\/zeromagazine.mx\/?p=96900"},"modified":"2025-02-16T04:34:13","modified_gmt":"2025-02-16T03:34:13","slug":"kevin-kaarl-lanza-ultra-sodade","status":"publish","type":"post","link":"https:\/\/zeromagazine.mx\/index.php\/2025\/02\/16\/kevin-kaarl-lanza-ultra-sodade\/","title":{"rendered":"ULTRA SODADE: Un Viaje Emocional"},"content":{"rendered":"<!--themify_builder_content-->\n<div id=\"themify_builder_content-96900\" data-postid=\"96900\" class=\"themify_builder_content themify_builder_content-96900 themify_builder tf_clear\">\n    <\/div>\n<!--\/themify_builder_content-->\n\n\n<p>Hola, amix! Hoy quiero hablarles de algo que me tiene s\u00faper emocionade: el lanzamiento de \u00abULTRA SODADE\u00bb, la nueva producci\u00f3n de Kevin Kaarl. Este disco, que ya est\u00e1 disponible en todas las plataformas digitales, es un viaje \u00edntimo a trav\u00e9s de las etapas del desamor. Como alguien que ha vivido esas monta\u00f1as rusas emocionales, siento que este \u00e1lbum es un reflejo perfecto de lo que muchos de nosotros hemos experimentado. La frase clave aqu\u00ed es \u00abviaje emocional\u00bb, y creo que es justo lo que nos ofrece Kaarl en esta obra.<\/p>\n\n\n\n<figure class=\"wp-block-image size-full\"><img data-recalc-dims=\"1\" decoding=\"async\" width=\"1165\" height=\"1747\" src=\"https:\/\/i0.wp.com\/zeromagazine.mx\/wp-content\/uploads\/2025\/02\/Kevin-Kaarl-Photo-3-scaled.jpeg?resize=1165%2C1747&#038;ssl=1\" alt=\"\" class=\"wp-image-96902\" srcset=\"https:\/\/i0.wp.com\/zeromagazine.mx\/wp-content\/uploads\/2025\/02\/Kevin-Kaarl-Photo-3-scaled.jpeg?w=1707&amp;ssl=1 1707w, https:\/\/i0.wp.com\/zeromagazine.mx\/wp-content\/uploads\/2025\/02\/Kevin-Kaarl-Photo-3-scaled.jpeg?resize=200%2C300&amp;ssl=1 200w, https:\/\/i0.wp.com\/zeromagazine.mx\/wp-content\/uploads\/2025\/02\/Kevin-Kaarl-Photo-3-scaled.jpeg?resize=683%2C1024&amp;ssl=1 683w, https:\/\/i0.wp.com\/zeromagazine.mx\/wp-content\/uploads\/2025\/02\/Kevin-Kaarl-Photo-3-scaled.jpeg?resize=768%2C1152&amp;ssl=1 768w, https:\/\/i0.wp.com\/zeromagazine.mx\/wp-content\/uploads\/2025\/02\/Kevin-Kaarl-Photo-3-scaled.jpeg?resize=1024%2C1536&amp;ssl=1 1024w, https:\/\/i0.wp.com\/zeromagazine.mx\/wp-content\/uploads\/2025\/02\/Kevin-Kaarl-Photo-3-scaled.jpeg?resize=1365%2C2048&amp;ssl=1 1365w\" sizes=\"(max-width: 1165px) 100vw, 1165px\" \/><\/figure>\n\n\n\n<p><strong>Un Disco Personal y Maduro<\/strong><\/p>\n\n\n\n<p>Primero que nada, es importante mencionar que \u00abULTRA SODADE\u00bb es la producci\u00f3n m\u00e1s personal y madura de Kaarl hasta la fecha. Con 13 canciones, el cantautor se adentra en los sentimientos m\u00e1s profundos y deconstruye las etapas de una ruptura amorosa. Seg\u00fan \u00e9l, se enfoc\u00f3 en contar un proceso real que la gente vive, y eso se siente en cada letra. La vulnerabilidad que transmite es algo que resuena con cualquiera que haya pasado por un desamor. As\u00ed que, si alguna vez te has sentido atrapade en esos recuerdos, este disco es para ti.<\/p>\n\n\n\n<p><strong>La Lucha Interna del Desamor<\/strong><\/p>\n\n\n\n<p>Adem\u00e1s, Kaarl explica que \u00abULTRA SODADE\u00bb narra la historia del final de una relaci\u00f3n amorosa, y c\u00f3mo esa persona lidia con los recuerdos y sentimientos que no se pueden dejar atr\u00e1s. Es una lucha interna que todos hemos enfrentado en alg\u00fan momento. La forma en que Kaarl aborda este tema es tan honesta y cruda que te hace sentir que no est\u00e1s solx en este viaje emocional. Las guitarras melanc\u00f3licas y la ambientaci\u00f3n sonora delicada complementan perfectamente las letras, creando una experiencia auditiva que te atrapa.<\/p>\n\n\n\n<figure class=\"wp-block-image size-full\"><img data-recalc-dims=\"1\" decoding=\"async\" width=\"1165\" height=\"1756\" src=\"https:\/\/i0.wp.com\/zeromagazine.mx\/wp-content\/uploads\/2025\/02\/Kevin-Kaarl-Photo-2-scaled.jpeg?resize=1165%2C1756&#038;ssl=1\" alt=\"\" class=\"wp-image-96906\" srcset=\"https:\/\/i0.wp.com\/zeromagazine.mx\/wp-content\/uploads\/2025\/02\/Kevin-Kaarl-Photo-2-scaled.jpeg?w=1698&amp;ssl=1 1698w, https:\/\/i0.wp.com\/zeromagazine.mx\/wp-content\/uploads\/2025\/02\/Kevin-Kaarl-Photo-2-scaled.jpeg?resize=199%2C300&amp;ssl=1 199w, https:\/\/i0.wp.com\/zeromagazine.mx\/wp-content\/uploads\/2025\/02\/Kevin-Kaarl-Photo-2-scaled.jpeg?resize=679%2C1024&amp;ssl=1 679w, https:\/\/i0.wp.com\/zeromagazine.mx\/wp-content\/uploads\/2025\/02\/Kevin-Kaarl-Photo-2-scaled.jpeg?resize=768%2C1158&amp;ssl=1 768w, https:\/\/i0.wp.com\/zeromagazine.mx\/wp-content\/uploads\/2025\/02\/Kevin-Kaarl-Photo-2-scaled.jpeg?resize=1019%2C1536&amp;ssl=1 1019w, https:\/\/i0.wp.com\/zeromagazine.mx\/wp-content\/uploads\/2025\/02\/Kevin-Kaarl-Photo-2-scaled.jpeg?resize=1358%2C2048&amp;ssl=1 1358w\" sizes=\"(max-width: 1165px) 100vw, 1165px\" \/><\/figure>\n\n\n\n<p><strong>Un Disco que Resuena<\/strong><\/p>\n\n\n\n<p>Finalmente, \u00abULTRA SODADE\u00bb no solo es un \u00e1lbum, es un viaje emocional que nos invita a reflexionar sobre nuestras propias experiencias. As\u00ed que, si est\u00e1s buscando algo que te hable al coraz\u00f3n, no dudes en darle una escucha. Recuerda, este disco es un reflejo de lo que muchos de nosotros vivimos, y es una oportunidad para sanar y seguir adelante. \u00a1No te lo pierdas! Puedes escuchar \u00abULTRA SODADE\u00bb <a href=\"https:\/\/www.kevinkaarl.com\">aqu\u00ed<\/a>.<\/p>\n\n\n\n<p>As\u00ed que, amix, si alguna vez te has sentido perdido en el desamor, recuerda que no est\u00e1s solx. Este viaje emocional es parte de la vida, y Kaarl nos lo recuerda de la mejor manera. \u00a1A disfrutar de la m\u00fasica!<\/p>","protected":false},"excerpt":{"rendered":"<p>Hola, amix! Hoy quiero hablarles de algo que me tiene s\u00faper emocionade: el lanzamiento de \u00abULTRA SODADE\u00bb, la nueva producci\u00f3n de Kevin Kaarl. Este disco, que ya est\u00e1 disponible en todas las plataformas digitales, es un viaje \u00edntimo a trav\u00e9s de las etapas del desamor. Como alguien que ha vivido esas monta\u00f1as rusas emocionales, siento [&hellip;]<\/p>\n","protected":false},"author":4,"featured_media":96905,"comment_status":"open","ping_status":"open","sticky":false,"template":"","format":"standard","meta":{"_jetpack_memberships_contains_paid_content":false,"footnotes":"","jetpack_publicize_message":"","jetpack_publicize_feature_enabled":true,"jetpack_social_post_already_shared":true,"jetpack_social_options":{"image_generator_settings":{"template":"highway","default_image_id":0,"font":"","enabled":false},"version":2}},"categories":[1],"tags":[12391,12686],"class_list":["post-96900","post","type-post","status-publish","format-standard","has-post-thumbnail","hentry","category-blog","tag-kevin-kaarl","tag-ultra-sodade","has-post-title","has-post-date","has-post-category","has-post-tag","has-post-comment","has-post-author",""],"yoast_head":"<!-- This site is optimized with the Yoast SEO plugin v27.5 - https:\/\/yoast.com\/product\/yoast-seo-wordpress\/ -->\n<title>ULTRA SODADE: Un Viaje Emocional - Zero Magazine<\/title>\n<meta name=\"description\" content=\"Kevin Kaarl lanza &quot;ULTRA SODADE&quot;, un viaje emocional sobre el desamor. Descubre su nueva producci\u00f3n y con\u00e9ctate con sus letras.\" \/>\n<meta name=\"robots\" content=\"index, follow, max-snippet:-1, max-image-preview:large, max-video-preview:-1\" \/>\n<link rel=\"canonical\" href=\"https:\/\/zeromagazine.mx\/index.php\/2025\/02\/16\/kevin-kaarl-lanza-ultra-sodade\/\" \/>\n<meta property=\"og:locale\" content=\"es_ES\" \/>\n<meta property=\"og:type\" content=\"article\" \/>\n<meta property=\"og:title\" content=\"ULTRA SODADE: Un Viaje Emocional - Zero Magazine\" \/>\n<meta property=\"og:description\" content=\"Kevin Kaarl lanza &quot;ULTRA SODADE&quot;, un viaje emocional sobre el desamor. Descubre su nueva producci\u00f3n y con\u00e9ctate con sus letras.\" \/>\n<meta property=\"og:url\" content=\"https:\/\/zeromagazine.mx\/index.php\/2025\/02\/16\/kevin-kaarl-lanza-ultra-sodade\/\" \/>\n<meta property=\"og:site_name\" content=\"Zero Magazine\" \/>\n<meta property=\"article:published_time\" content=\"2025-02-16T03:34:13+00:00\" \/>\n<meta property=\"og:image\" content=\"http:\/\/zeromagazine.mx\/wp-content\/uploads\/2025\/02\/Album-Cover-Art-scaled.jpeg\" \/>\n\t<meta property=\"og:image:width\" content=\"2560\" \/>\n\t<meta property=\"og:image:height\" content=\"2560\" \/>\n\t<meta property=\"og:image:type\" content=\"image\/jpeg\" \/>\n<meta name=\"author\" content=\"David Morales\" \/>\n<meta name=\"twitter:card\" content=\"summary_large_image\" \/>\n<meta name=\"twitter:label1\" content=\"Escrito por\" \/>\n\t<meta name=\"twitter:data1\" content=\"David Morales\" \/>\n\t<meta name=\"twitter:label2\" content=\"Tiempo de lectura\" \/>\n\t<meta name=\"twitter:data2\" content=\"3 minutos\" \/>\n<script type=\"application\/ld+json\" class=\"yoast-schema-graph\">{\"@context\":\"https:\\\/\\\/schema.org\",\"@graph\":[{\"@type\":\"Article\",\"@id\":\"https:\\\/\\\/zeromagazine.mx\\\/index.php\\\/2025\\\/02\\\/16\\\/kevin-kaarl-lanza-ultra-sodade\\\/#article\",\"isPartOf\":{\"@id\":\"https:\\\/\\\/zeromagazine.mx\\\/index.php\\\/2025\\\/02\\\/16\\\/kevin-kaarl-lanza-ultra-sodade\\\/\"},\"author\":{\"name\":\"David Morales\",\"@id\":\"https:\\\/\\\/zeromagazine.mx\\\/#\\\/schema\\\/person\\\/9f7f1a17c60ba8e9980e3e6677aabe5a\"},\"headline\":\"ULTRA SODADE: Un Viaje Emocional\",\"datePublished\":\"2025-02-16T03:34:13+00:00\",\"mainEntityOfPage\":{\"@id\":\"https:\\\/\\\/zeromagazine.mx\\\/index.php\\\/2025\\\/02\\\/16\\\/kevin-kaarl-lanza-ultra-sodade\\\/\"},\"wordCount\":417,\"commentCount\":0,\"publisher\":{\"@id\":\"https:\\\/\\\/zeromagazine.mx\\\/#organization\"},\"image\":{\"@id\":\"https:\\\/\\\/zeromagazine.mx\\\/index.php\\\/2025\\\/02\\\/16\\\/kevin-kaarl-lanza-ultra-sodade\\\/#primaryimage\"},\"thumbnailUrl\":\"https:\\\/\\\/i0.wp.com\\\/zeromagazine.mx\\\/wp-content\\\/uploads\\\/2025\\\/02\\\/Album-Cover-Art-scaled.jpeg?fit=2560%2C2560&ssl=1\",\"keywords\":[\"Kevin Kaarl\",\"ultra sodade\"],\"articleSection\":[\"Blog\"],\"inLanguage\":\"es\",\"potentialAction\":[{\"@type\":\"CommentAction\",\"name\":\"Comment\",\"target\":[\"https:\\\/\\\/zeromagazine.mx\\\/index.php\\\/2025\\\/02\\\/16\\\/kevin-kaarl-lanza-ultra-sodade\\\/#respond\"]}]},{\"@type\":\"WebPage\",\"@id\":\"https:\\\/\\\/zeromagazine.mx\\\/index.php\\\/2025\\\/02\\\/16\\\/kevin-kaarl-lanza-ultra-sodade\\\/\",\"url\":\"https:\\\/\\\/zeromagazine.mx\\\/index.php\\\/2025\\\/02\\\/16\\\/kevin-kaarl-lanza-ultra-sodade\\\/\",\"name\":\"ULTRA SODADE: Un Viaje Emocional - Zero Magazine\",\"isPartOf\":{\"@id\":\"https:\\\/\\\/zeromagazine.mx\\\/#website\"},\"primaryImageOfPage\":{\"@id\":\"https:\\\/\\\/zeromagazine.mx\\\/index.php\\\/2025\\\/02\\\/16\\\/kevin-kaarl-lanza-ultra-sodade\\\/#primaryimage\"},\"image\":{\"@id\":\"https:\\\/\\\/zeromagazine.mx\\\/index.php\\\/2025\\\/02\\\/16\\\/kevin-kaarl-lanza-ultra-sodade\\\/#primaryimage\"},\"thumbnailUrl\":\"https:\\\/\\\/i0.wp.com\\\/zeromagazine.mx\\\/wp-content\\\/uploads\\\/2025\\\/02\\\/Album-Cover-Art-scaled.jpeg?fit=2560%2C2560&ssl=1\",\"datePublished\":\"2025-02-16T03:34:13+00:00\",\"description\":\"Kevin Kaarl lanza \\\"ULTRA SODADE\\\", un viaje emocional sobre el desamor. Descubre su nueva producci\u00f3n y con\u00e9ctate con sus letras.\",\"breadcrumb\":{\"@id\":\"https:\\\/\\\/zeromagazine.mx\\\/index.php\\\/2025\\\/02\\\/16\\\/kevin-kaarl-lanza-ultra-sodade\\\/#breadcrumb\"},\"inLanguage\":\"es\",\"potentialAction\":[{\"@type\":\"ReadAction\",\"target\":[\"https:\\\/\\\/zeromagazine.mx\\\/index.php\\\/2025\\\/02\\\/16\\\/kevin-kaarl-lanza-ultra-sodade\\\/\"]}]},{\"@type\":\"ImageObject\",\"inLanguage\":\"es\",\"@id\":\"https:\\\/\\\/zeromagazine.mx\\\/index.php\\\/2025\\\/02\\\/16\\\/kevin-kaarl-lanza-ultra-sodade\\\/#primaryimage\",\"url\":\"https:\\\/\\\/i0.wp.com\\\/zeromagazine.mx\\\/wp-content\\\/uploads\\\/2025\\\/02\\\/Album-Cover-Art-scaled.jpeg?fit=2560%2C2560&ssl=1\",\"contentUrl\":\"https:\\\/\\\/i0.wp.com\\\/zeromagazine.mx\\\/wp-content\\\/uploads\\\/2025\\\/02\\\/Album-Cover-Art-scaled.jpeg?fit=2560%2C2560&ssl=1\",\"width\":2560,\"height\":2560},{\"@type\":\"BreadcrumbList\",\"@id\":\"https:\\\/\\\/zeromagazine.mx\\\/index.php\\\/2025\\\/02\\\/16\\\/kevin-kaarl-lanza-ultra-sodade\\\/#breadcrumb\",\"itemListElement\":[{\"@type\":\"ListItem\",\"position\":1,\"name\":\"Portada\",\"item\":\"https:\\\/\\\/zeromagazine.mx\\\/\"},{\"@type\":\"ListItem\",\"position\":2,\"name\":\"ULTRA SODADE: Un Viaje Emocional\"}]},{\"@type\":\"WebSite\",\"@id\":\"https:\\\/\\\/zeromagazine.mx\\\/#website\",\"url\":\"https:\\\/\\\/zeromagazine.mx\\\/\",\"name\":\"Zero Magazine\",\"description\":\"\",\"publisher\":{\"@id\":\"https:\\\/\\\/zeromagazine.mx\\\/#organization\"},\"potentialAction\":[{\"@type\":\"SearchAction\",\"target\":{\"@type\":\"EntryPoint\",\"urlTemplate\":\"https:\\\/\\\/zeromagazine.mx\\\/?s={search_term_string}\"},\"query-input\":{\"@type\":\"PropertyValueSpecification\",\"valueRequired\":true,\"valueName\":\"search_term_string\"}}],\"inLanguage\":\"es\"},{\"@type\":\"Organization\",\"@id\":\"https:\\\/\\\/zeromagazine.mx\\\/#organization\",\"name\":\"Zero Magazine\",\"url\":\"https:\\\/\\\/zeromagazine.mx\\\/\",\"logo\":{\"@type\":\"ImageObject\",\"inLanguage\":\"es\",\"@id\":\"https:\\\/\\\/zeromagazine.mx\\\/#\\\/schema\\\/logo\\\/image\\\/\",\"url\":\"https:\\\/\\\/i0.wp.com\\\/zeromagazine.mx\\\/wp-content\\\/uploads\\\/2025\\\/11\\\/1.jpeg?fit=1000%2C1000&ssl=1\",\"contentUrl\":\"https:\\\/\\\/i0.wp.com\\\/zeromagazine.mx\\\/wp-content\\\/uploads\\\/2025\\\/11\\\/1.jpeg?fit=1000%2C1000&ssl=1\",\"width\":1000,\"height\":1000,\"caption\":\"Zero Magazine\"},\"image\":{\"@id\":\"https:\\\/\\\/zeromagazine.mx\\\/#\\\/schema\\\/logo\\\/image\\\/\"},\"sameAs\":[\"https:\\\/\\\/instagram.com\\\/zeromagazinemx\"]},{\"@type\":\"Person\",\"@id\":\"https:\\\/\\\/zeromagazine.mx\\\/#\\\/schema\\\/person\\\/9f7f1a17c60ba8e9980e3e6677aabe5a\",\"name\":\"David Morales\",\"image\":{\"@type\":\"ImageObject\",\"inLanguage\":\"es\",\"@id\":\"https:\\\/\\\/zeromagazine.mx\\\/wp-content\\\/litespeed\\\/avatar\\\/76069d2136bfc1c37dc34815bb67ca42.jpg?ver=1777571067\",\"url\":\"https:\\\/\\\/zeromagazine.mx\\\/wp-content\\\/litespeed\\\/avatar\\\/76069d2136bfc1c37dc34815bb67ca42.jpg?ver=1777571067\",\"contentUrl\":\"https:\\\/\\\/zeromagazine.mx\\\/wp-content\\\/litespeed\\\/avatar\\\/76069d2136bfc1c37dc34815bb67ca42.jpg?ver=1777571067\",\"caption\":\"David Morales\"},\"url\":\"https:\\\/\\\/zeromagazine.mx\\\/index.php\\\/author\\\/david\\\/\"}]}<\/script>\n<!-- \/ Yoast SEO plugin. -->","yoast_head_json":{"title":"ULTRA SODADE: Un Viaje Emocional - Zero Magazine","description":"Kevin Kaarl lanza \"ULTRA SODADE\", un viaje emocional sobre el desamor. Descubre su nueva producci\u00f3n y con\u00e9ctate con sus letras.","robots":{"index":"index","follow":"follow","max-snippet":"max-snippet:-1","max-image-preview":"max-image-preview:large","max-video-preview":"max-video-preview:-1"},"canonical":"https:\/\/zeromagazine.mx\/index.php\/2025\/02\/16\/kevin-kaarl-lanza-ultra-sodade\/","og_locale":"es_ES","og_type":"article","og_title":"ULTRA SODADE: Un Viaje Emocional - Zero Magazine","og_description":"Kevin Kaarl lanza \"ULTRA SODADE\", un viaje emocional sobre el desamor. Descubre su nueva producci\u00f3n y con\u00e9ctate con sus letras.","og_url":"https:\/\/zeromagazine.mx\/index.php\/2025\/02\/16\/kevin-kaarl-lanza-ultra-sodade\/","og_site_name":"Zero Magazine","article_published_time":"2025-02-16T03:34:13+00:00","og_image":[{"width":2560,"height":2560,"url":"http:\/\/zeromagazine.mx\/wp-content\/uploads\/2025\/02\/Album-Cover-Art-scaled.jpeg","type":"image\/jpeg"}],"author":"David Morales","twitter_card":"summary_large_image","twitter_misc":{"Escrito por":"David Morales","Tiempo de lectura":"3 minutos"},"schema":{"@context":"https:\/\/schema.org","@graph":[{"@type":"Article","@id":"https:\/\/zeromagazine.mx\/index.php\/2025\/02\/16\/kevin-kaarl-lanza-ultra-sodade\/#article","isPartOf":{"@id":"https:\/\/zeromagazine.mx\/index.php\/2025\/02\/16\/kevin-kaarl-lanza-ultra-sodade\/"},"author":{"name":"David Morales","@id":"https:\/\/zeromagazine.mx\/#\/schema\/person\/9f7f1a17c60ba8e9980e3e6677aabe5a"},"headline":"ULTRA SODADE: Un Viaje Emocional","datePublished":"2025-02-16T03:34:13+00:00","mainEntityOfPage":{"@id":"https:\/\/zeromagazine.mx\/index.php\/2025\/02\/16\/kevin-kaarl-lanza-ultra-sodade\/"},"wordCount":417,"commentCount":0,"publisher":{"@id":"https:\/\/zeromagazine.mx\/#organization"},"image":{"@id":"https:\/\/zeromagazine.mx\/index.php\/2025\/02\/16\/kevin-kaarl-lanza-ultra-sodade\/#primaryimage"},"thumbnailUrl":"https:\/\/i0.wp.com\/zeromagazine.mx\/wp-content\/uploads\/2025\/02\/Album-Cover-Art-scaled.jpeg?fit=2560%2C2560&ssl=1","keywords":["Kevin Kaarl","ultra sodade"],"articleSection":["Blog"],"inLanguage":"es","potentialAction":[{"@type":"CommentAction","name":"Comment","target":["https:\/\/zeromagazine.mx\/index.php\/2025\/02\/16\/kevin-kaarl-lanza-ultra-sodade\/#respond"]}]},{"@type":"WebPage","@id":"https:\/\/zeromagazine.mx\/index.php\/2025\/02\/16\/kevin-kaarl-lanza-ultra-sodade\/","url":"https:\/\/zeromagazine.mx\/index.php\/2025\/02\/16\/kevin-kaarl-lanza-ultra-sodade\/","name":"ULTRA SODADE: Un Viaje Emocional - Zero Magazine","isPartOf":{"@id":"https:\/\/zeromagazine.mx\/#website"},"primaryImageOfPage":{"@id":"https:\/\/zeromagazine.mx\/index.php\/2025\/02\/16\/kevin-kaarl-lanza-ultra-sodade\/#primaryimage"},"image":{"@id":"https:\/\/zeromagazine.mx\/index.php\/2025\/02\/16\/kevin-kaarl-lanza-ultra-sodade\/#primaryimage"},"thumbnailUrl":"https:\/\/i0.wp.com\/zeromagazine.mx\/wp-content\/uploads\/2025\/02\/Album-Cover-Art-scaled.jpeg?fit=2560%2C2560&ssl=1","datePublished":"2025-02-16T03:34:13+00:00","description":"Kevin Kaarl lanza \"ULTRA SODADE\", un viaje emocional sobre el desamor. Descubre su nueva producci\u00f3n y con\u00e9ctate con sus letras.","breadcrumb":{"@id":"https:\/\/zeromagazine.mx\/index.php\/2025\/02\/16\/kevin-kaarl-lanza-ultra-sodade\/#breadcrumb"},"inLanguage":"es","potentialAction":[{"@type":"ReadAction","target":["https:\/\/zeromagazine.mx\/index.php\/2025\/02\/16\/kevin-kaarl-lanza-ultra-sodade\/"]}]},{"@type":"ImageObject","inLanguage":"es","@id":"https:\/\/zeromagazine.mx\/index.php\/2025\/02\/16\/kevin-kaarl-lanza-ultra-sodade\/#primaryimage","url":"https:\/\/i0.wp.com\/zeromagazine.mx\/wp-content\/uploads\/2025\/02\/Album-Cover-Art-scaled.jpeg?fit=2560%2C2560&ssl=1","contentUrl":"https:\/\/i0.wp.com\/zeromagazine.mx\/wp-content\/uploads\/2025\/02\/Album-Cover-Art-scaled.jpeg?fit=2560%2C2560&ssl=1","width":2560,"height":2560},{"@type":"BreadcrumbList","@id":"https:\/\/zeromagazine.mx\/index.php\/2025\/02\/16\/kevin-kaarl-lanza-ultra-sodade\/#breadcrumb","itemListElement":[{"@type":"ListItem","position":1,"name":"Portada","item":"https:\/\/zeromagazine.mx\/"},{"@type":"ListItem","position":2,"name":"ULTRA SODADE: Un Viaje Emocional"}]},{"@type":"WebSite","@id":"https:\/\/zeromagazine.mx\/#website","url":"https:\/\/zeromagazine.mx\/","name":"Zero Magazine","description":"","publisher":{"@id":"https:\/\/zeromagazine.mx\/#organization"},"potentialAction":[{"@type":"SearchAction","target":{"@type":"EntryPoint","urlTemplate":"https:\/\/zeromagazine.mx\/?s={search_term_string}"},"query-input":{"@type":"PropertyValueSpecification","valueRequired":true,"valueName":"search_term_string"}}],"inLanguage":"es"},{"@type":"Organization","@id":"https:\/\/zeromagazine.mx\/#organization","name":"Zero Magazine","url":"https:\/\/zeromagazine.mx\/","logo":{"@type":"ImageObject","inLanguage":"es","@id":"https:\/\/zeromagazine.mx\/#\/schema\/logo\/image\/","url":"https:\/\/i0.wp.com\/zeromagazine.mx\/wp-content\/uploads\/2025\/11\/1.jpeg?fit=1000%2C1000&ssl=1","contentUrl":"https:\/\/i0.wp.com\/zeromagazine.mx\/wp-content\/uploads\/2025\/11\/1.jpeg?fit=1000%2C1000&ssl=1","width":1000,"height":1000,"caption":"Zero Magazine"},"image":{"@id":"https:\/\/zeromagazine.mx\/#\/schema\/logo\/image\/"},"sameAs":["https:\/\/instagram.com\/zeromagazinemx"]},{"@type":"Person","@id":"https:\/\/zeromagazine.mx\/#\/schema\/person\/9f7f1a17c60ba8e9980e3e6677aabe5a","name":"David Morales","image":{"@type":"ImageObject","inLanguage":"es","@id":"https:\/\/zeromagazine.mx\/wp-content\/litespeed\/avatar\/76069d2136bfc1c37dc34815bb67ca42.jpg?ver=1777571067","url":"https:\/\/zeromagazine.mx\/wp-content\/litespeed\/avatar\/76069d2136bfc1c37dc34815bb67ca42.jpg?ver=1777571067","contentUrl":"https:\/\/zeromagazine.mx\/wp-content\/litespeed\/avatar\/76069d2136bfc1c37dc34815bb67ca42.jpg?ver=1777571067","caption":"David Morales"},"url":"https:\/\/zeromagazine.mx\/index.php\/author\/david\/"}]}},"jetpack_publicize_connections":[],"jetpack_featured_media_url":"https:\/\/i0.wp.com\/zeromagazine.mx\/wp-content\/uploads\/2025\/02\/Album-Cover-Art-scaled.jpeg?fit=2560%2C2560&ssl=1","jetpack-related-posts":[{"id":94744,"url":"https:\/\/zeromagazine.mx\/index.php\/2025\/01\/15\/kevin-kaarl-lanza-buscame-otra-vez\/","url_meta":{"origin":96900,"position":0},"title":"Kevin Kaarl Lanza B\u00fascame Otra Vez","author":"zeromagazinemx","date":"15 de enero de 2025","format":false,"excerpt":"Amix, \u00bfse han puesto a pensar en c\u00f3mo el arte puede darle forma a nuestras emociones? Kevin Kaarl, el rey indie del folk mexicano, lo hace una vez m\u00e1s con su \u00faltimo sencillo B\u00fascame Otra Vez. Esta canci\u00f3n no solo cierra una trilog\u00eda musical cargada de nostalgia, sino que nos\u2026","rel":"","context":"En \u00abEntretenimiento\u00bb","block_context":{"text":"Entretenimiento","link":"https:\/\/zeromagazine.mx\/index.php\/category\/entretenimiento\/"},"img":{"alt_text":"","src":"https:\/\/i0.wp.com\/zeromagazine.mx\/wp-content\/uploads\/2025\/01\/WhatsApp-Image-2025-01-15-at-11.21.06-AM.jpeg?fit=1200%2C1200&ssl=1&resize=350%2C200","width":350,"height":200,"srcset":"https:\/\/i0.wp.com\/zeromagazine.mx\/wp-content\/uploads\/2025\/01\/WhatsApp-Image-2025-01-15-at-11.21.06-AM.jpeg?fit=1200%2C1200&ssl=1&resize=350%2C200 1x, https:\/\/i0.wp.com\/zeromagazine.mx\/wp-content\/uploads\/2025\/01\/WhatsApp-Image-2025-01-15-at-11.21.06-AM.jpeg?fit=1200%2C1200&ssl=1&resize=525%2C300 1.5x, https:\/\/i0.wp.com\/zeromagazine.mx\/wp-content\/uploads\/2025\/01\/WhatsApp-Image-2025-01-15-at-11.21.06-AM.jpeg?fit=1200%2C1200&ssl=1&resize=700%2C400 2x, https:\/\/i0.wp.com\/zeromagazine.mx\/wp-content\/uploads\/2025\/01\/WhatsApp-Image-2025-01-15-at-11.21.06-AM.jpeg?fit=1200%2C1200&ssl=1&resize=1050%2C600 3x"},"classes":[]},{"id":79714,"url":"https:\/\/zeromagazine.mx\/index.php\/2024\/06\/28\/omar-apollo-nos-sorprende-de-nuevo-con-su-ultimo-album-god-said-no\/","url_meta":{"origin":96900,"position":1},"title":"Omar Apollo nos sorprende de nuevo con su \u00faltimo \u00e1lbum \u00abGod Said No\u00bb","author":"zeromagazinemx","date":"28 de junio de 2024","format":false,"excerpt":"Hoy les traigo el chisme m\u00e1s fresco del d\u00eda: nuestro querido Omar Apollo acaba de lanzar su nuevo \u00e1lbum \"God Said No\". Este disco sali\u00f3 con Warner Records y, honestamente, nos tiene fascinades. Para quienes no lo sepan, Omar trabaj\u00f3 con el productor ejecutivo Teo Halm, y el resultado es\u2026","rel":"","context":"En \u00abEntretenimiento\u00bb","block_context":{"text":"Entretenimiento","link":"https:\/\/zeromagazine.mx\/index.php\/category\/entretenimiento\/"},"img":{"alt_text":"","src":"https:\/\/i0.wp.com\/zeromagazine.mx\/wp-content\/uploads\/2024\/06\/Copy-of-SHOT_07_0024_1-scaled.jpg?fit=1200%2C1086&ssl=1&resize=350%2C200","width":350,"height":200,"srcset":"https:\/\/i0.wp.com\/zeromagazine.mx\/wp-content\/uploads\/2024\/06\/Copy-of-SHOT_07_0024_1-scaled.jpg?fit=1200%2C1086&ssl=1&resize=350%2C200 1x, https:\/\/i0.wp.com\/zeromagazine.mx\/wp-content\/uploads\/2024\/06\/Copy-of-SHOT_07_0024_1-scaled.jpg?fit=1200%2C1086&ssl=1&resize=525%2C300 1.5x, https:\/\/i0.wp.com\/zeromagazine.mx\/wp-content\/uploads\/2024\/06\/Copy-of-SHOT_07_0024_1-scaled.jpg?fit=1200%2C1086&ssl=1&resize=700%2C400 2x, https:\/\/i0.wp.com\/zeromagazine.mx\/wp-content\/uploads\/2024\/06\/Copy-of-SHOT_07_0024_1-scaled.jpg?fit=1200%2C1086&ssl=1&resize=1050%2C600 3x"},"classes":[]},{"id":89533,"url":"https:\/\/zeromagazine.mx\/index.php\/2024\/11\/06\/odd-mami-en-su-faceta-mas-real\/","url_meta":{"origin":96900,"position":2},"title":"\u00abOdd Mami en su Faceta m\u00e1s Real\u00bb","author":"zeromagazinemx","date":"6 de noviembre de 2024","format":false,"excerpt":"Amigxs, \u00bfalguna vez se han preguntado a qu\u00e9 suena un recuerdo? Ya saben, ese momento que se queda pegado como una canci\u00f3n que te recuerda a alguien o a una \u00e9poca que jam\u00e1s regresa. Pues Helena Massucco, a.k.a. Odd Mami, parece haberse hecho la misma pregunta y decidi\u00f3 responderla con\u2026","rel":"","context":"En \u00abEntretenimiento\u00bb","block_context":{"text":"Entretenimiento","link":"https:\/\/zeromagazine.mx\/index.php\/category\/entretenimiento\/"},"img":{"alt_text":"","src":"https:\/\/i0.wp.com\/zeromagazine.mx\/wp-content\/uploads\/2024\/11\/b39a8c7a-9d5b-d8d0-ecbd-09b1cc28df40.jpeg?fit=900%2C600&ssl=1&resize=350%2C200","width":350,"height":200,"srcset":"https:\/\/i0.wp.com\/zeromagazine.mx\/wp-content\/uploads\/2024\/11\/b39a8c7a-9d5b-d8d0-ecbd-09b1cc28df40.jpeg?fit=900%2C600&ssl=1&resize=350%2C200 1x, https:\/\/i0.wp.com\/zeromagazine.mx\/wp-content\/uploads\/2024\/11\/b39a8c7a-9d5b-d8d0-ecbd-09b1cc28df40.jpeg?fit=900%2C600&ssl=1&resize=525%2C300 1.5x, https:\/\/i0.wp.com\/zeromagazine.mx\/wp-content\/uploads\/2024\/11\/b39a8c7a-9d5b-d8d0-ecbd-09b1cc28df40.jpeg?fit=900%2C600&ssl=1&resize=700%2C400 2x"},"classes":[]},{"id":75453,"url":"https:\/\/zeromagazine.mx\/index.php\/2024\/05\/06\/radical-optimism-lo-nuevo-de-dua-lipa\/","url_meta":{"origin":96900,"position":3},"title":"Radical Optimism: Lo Nuevo de Dua Lipa","author":"zeromagazinemx","date":"6 de mayo de 2024","format":false,"excerpt":"\u00a1Dua Lipa ha lanzado por fin su tan esperado nuevo \u00e1lbum, Radical Optimism! Despu\u00e9s de tanto tiempo de anticipaci\u00f3n, por fin podemos sumergirnos en las nuevas canciones de nuestra reina del pop. Ahora bien, \u00bfqu\u00e9 podemos esperar de este nuevo material? Bueno, seg\u00fan Dua misma, este \u00e1lbum fue escrito durante\u2026","rel":"","context":"En \u00abEntretenimiento\u00bb","block_context":{"text":"Entretenimiento","link":"https:\/\/zeromagazine.mx\/index.php\/category\/entretenimiento\/"},"img":{"alt_text":"","src":"https:\/\/i0.wp.com\/zeromagazine.mx\/wp-content\/uploads\/2024\/05\/unnamed-35.png?fit=842%2C563&ssl=1&resize=350%2C200","width":350,"height":200,"srcset":"https:\/\/i0.wp.com\/zeromagazine.mx\/wp-content\/uploads\/2024\/05\/unnamed-35.png?fit=842%2C563&ssl=1&resize=350%2C200 1x, https:\/\/i0.wp.com\/zeromagazine.mx\/wp-content\/uploads\/2024\/05\/unnamed-35.png?fit=842%2C563&ssl=1&resize=525%2C300 1.5x, https:\/\/i0.wp.com\/zeromagazine.mx\/wp-content\/uploads\/2024\/05\/unnamed-35.png?fit=842%2C563&ssl=1&resize=700%2C400 2x"},"classes":[]},{"id":119342,"url":"https:\/\/zeromagazine.mx\/index.php\/2026\/04\/23\/ultra-mexico-2026-festival\/","url_meta":{"origin":96900,"position":4},"title":"ULTRA Worldwide anuncia el muy esperado regreso de ULTRA M\u00e9xico para su tercera edici\u00f3n.","author":"David Morales","date":"23 de abril de 2026","format":false,"excerpt":"La espera termin\u00f3. Y no, no es cualquier regreso: es el de\u00a0ULTRA M\u00e9xico\u00a0en su versi\u00f3n m\u00e1s ambiciosa hasta ahora. ULTRA M\u00e9xico 2026 transforma la experiencia electr\u00f3nica en CDMX Despu\u00e9s de a\u00f1os de pausa,\u00a0ULTRA M\u00e9xico\u00a0vuelve con una tercera edici\u00f3n que no solo promete\u2026 redefine. La cita es el 7 y 8\u2026","rel":"","context":"En \u00abBlog\u00bb","block_context":{"text":"Blog","link":"https:\/\/zeromagazine.mx\/index.php\/category\/blog\/"},"img":{"alt_text":"","src":"https:\/\/i0.wp.com\/zeromagazine.mx\/wp-content\/uploads\/2026\/04\/ULTRAPERU2017_1007_182301-9223_ALIVECOVERAGE-AGP-scaled.jpeg?fit=1200%2C800&ssl=1&resize=350%2C200","width":350,"height":200,"srcset":"https:\/\/i0.wp.com\/zeromagazine.mx\/wp-content\/uploads\/2026\/04\/ULTRAPERU2017_1007_182301-9223_ALIVECOVERAGE-AGP-scaled.jpeg?fit=1200%2C800&ssl=1&resize=350%2C200 1x, https:\/\/i0.wp.com\/zeromagazine.mx\/wp-content\/uploads\/2026\/04\/ULTRAPERU2017_1007_182301-9223_ALIVECOVERAGE-AGP-scaled.jpeg?fit=1200%2C800&ssl=1&resize=525%2C300 1.5x, https:\/\/i0.wp.com\/zeromagazine.mx\/wp-content\/uploads\/2026\/04\/ULTRAPERU2017_1007_182301-9223_ALIVECOVERAGE-AGP-scaled.jpeg?fit=1200%2C800&ssl=1&resize=700%2C400 2x, https:\/\/i0.wp.com\/zeromagazine.mx\/wp-content\/uploads\/2026\/04\/ULTRAPERU2017_1007_182301-9223_ALIVECOVERAGE-AGP-scaled.jpeg?fit=1200%2C800&ssl=1&resize=1050%2C600 3x"},"classes":[]},{"id":116530,"url":"https:\/\/zeromagazine.mx\/index.php\/2026\/03\/10\/x300-ultra-vivo-teleobjetivo-400mm\/","url_meta":{"origin":96900,"position":5},"title":"vivo presenta X300 Ultra en MWC 2026 con un nuevo Extensor Teleobjetivo vivo ZEISS Gen 2 Ultra de 400 mm","author":"David Morales","date":"10 de marzo de 2026","format":false,"excerpt":"La conversaci\u00f3n sobre fotograf\u00eda m\u00f3vil cambi\u00f3 en el momento en que apareci\u00f3 el\u00a0X300 Ultra vivo. Durante el\u00a0Mobile World Congress 2026\u00a0en Barcelona,\u00a0vivo\u00a0mostr\u00f3 un adelanto de su smartphone m\u00e1s ambicioso hasta ahora, y no fue solo otro lanzamiento premium: fue una declaraci\u00f3n directa de que los tel\u00e9fonos ya est\u00e1n jugando en la\u2026","rel":"","context":"En \u00abBlog\u00bb","block_context":{"text":"Blog","link":"https:\/\/zeromagazine.mx\/index.php\/category\/blog\/"},"img":{"alt_text":"","src":"https:\/\/i0.wp.com\/zeromagazine.mx\/wp-content\/uploads\/2026\/03\/3-x300-ultra_light-background_wide.jpg?fit=1200%2C800&ssl=1&resize=350%2C200","width":350,"height":200,"srcset":"https:\/\/i0.wp.com\/zeromagazine.mx\/wp-content\/uploads\/2026\/03\/3-x300-ultra_light-background_wide.jpg?fit=1200%2C800&ssl=1&resize=350%2C200 1x, https:\/\/i0.wp.com\/zeromagazine.mx\/wp-content\/uploads\/2026\/03\/3-x300-ultra_light-background_wide.jpg?fit=1200%2C800&ssl=1&resize=525%2C300 1.5x, https:\/\/i0.wp.com\/zeromagazine.mx\/wp-content\/uploads\/2026\/03\/3-x300-ultra_light-background_wide.jpg?fit=1200%2C800&ssl=1&resize=700%2C400 2x, https:\/\/i0.wp.com\/zeromagazine.mx\/wp-content\/uploads\/2026\/03\/3-x300-ultra_light-background_wide.jpg?fit=1200%2C800&ssl=1&resize=1050%2C600 3x"},"classes":[]}],"jetpack_sharing_enabled":true,"builder_content":"","_links":{"self":[{"href":"https:\/\/zeromagazine.mx\/index.php\/wp-json\/wp\/v2\/posts\/96900","targetHints":{"allow":["GET"]}}],"collection":[{"href":"https:\/\/zeromagazine.mx\/index.php\/wp-json\/wp\/v2\/posts"}],"about":[{"href":"https:\/\/zeromagazine.mx\/index.php\/wp-json\/wp\/v2\/types\/post"}],"author":[{"embeddable":true,"href":"https:\/\/zeromagazine.mx\/index.php\/wp-json\/wp\/v2\/users\/4"}],"replies":[{"embeddable":true,"href":"https:\/\/zeromagazine.mx\/index.php\/wp-json\/wp\/v2\/comments?post=96900"}],"version-history":[{"count":1,"href":"https:\/\/zeromagazine.mx\/index.php\/wp-json\/wp\/v2\/posts\/96900\/revisions"}],"predecessor-version":[{"id":96909,"href":"https:\/\/zeromagazine.mx\/index.php\/wp-json\/wp\/v2\/posts\/96900\/revisions\/96909"}],"wp:featuredmedia":[{"embeddable":true,"href":"https:\/\/zeromagazine.mx\/index.php\/wp-json\/wp\/v2\/media\/96905"}],"wp:attachment":[{"href":"https:\/\/zeromagazine.mx\/index.php\/wp-json\/wp\/v2\/media?parent=96900"}],"wp:term":[{"taxonomy":"category","embeddable":true,"href":"https:\/\/zeromagazine.mx\/index.php\/wp-json\/wp\/v2\/categories?post=96900"},{"taxonomy":"post_tag","embeddable":true,"href":"https:\/\/zeromagazine.mx\/index.php\/wp-json\/wp\/v2\/tags?post=96900"}],"curies":[{"name":"wp","href":"https:\/\/api.w.org\/{rel}","templated":true}]}}