{"id":97307,"date":"2025-02-19T16:00:00","date_gmt":"2025-02-19T15:00:00","guid":{"rendered":"https:\/\/zeromagazine.mx\/?p=97307"},"modified":"2025-02-22T14:19:23","modified_gmt":"2025-02-22T13:19:23","slug":"grupo-modelo-celebrando-origines","status":"publish","type":"post","link":"https:\/\/zeromagazine.mx\/index.php\/2025\/02\/19\/grupo-modelo-celebrando-origines\/","title":{"rendered":"Grupo Modelo: Orgullo Mexicano"},"content":{"rendered":"<p>Si algo nos une como mexas, adem\u00e1s de los tacos y el chisme, es la chela. Y no cualquier chela, sino la que lleva un siglo siendo parte de nuestra historia. S\u00ed, amix, estamos hablando de Grupo Modelo, que este 2025 cumple 100 a\u00f1os y lo celebra con un detallazo en sus botellas: las nuevas tapas \u2018Hecho en M\u00e9xico\u2019.<\/p>\n\n\n\n<h3 class=\"wp-block-heading\">Grupo Modelo grita tradici\u00f3n<\/h3>\n\n\n\n<p>Para empezar, este cambio no es solo est\u00e9tico. Grupo Modelo se uni\u00f3 al programa \u201cHecho en M\u00e9xico\u201d del Gobierno de M\u00e9xico para recordar a todes que sus marcas m\u00e1s ic\u00f3nicas\u2014Corona, Victoria, Modelo Especial y Pac\u00edfico\u2014son orgullosamente mexicanas. Con este relanzamiento, no solo refuerzan su liderazgo en la industria, sino que tambi\u00e9n celebran su impacto en la cultura chelera nacional.<\/p>\n\n\n\n<h3 class=\"wp-block-heading\">M\u00e1s que una tapa, un mensaje<\/h3>\n\n\n\n<p>Adem\u00e1s, esta iniciativa resalta el valor de la producci\u00f3n local. Al portar el sello \u2018Hecho en M\u00e9xico\u2019, Grupo Modelo quiere recordarnos que el talento y la calidad nacional son clave en su historia. En las pr\u00f3ximas semanas, estas nuevas tapas llegar\u00e1n a todo el pa\u00eds, reemplazando el 100% del volumen de producci\u00f3n de sus marcas principales. O sea, m\u00e1s de 60 millones de mexas van a ver y destapar este s\u00edmbolo de orgullo nacional.<\/p>\n\n\n\n<h3 class=\"wp-block-heading\">M\u00e1s que Grupo Modelo<\/h3>\n\n\n\n<p>Pero esto no es solo marketing. La industria cervecera aporta el 1.6% del PIB y genera hasta el 40% de los ingresos de las tienditas. Con casi 30,000 colaboradores en sus 8 cervecer\u00edas y un 73% de insumos de proveedores mexicanos, Grupo Modelo sigue siendo un pilar en la econom\u00eda del pa\u00eds.<\/p>\n\n\n\n<h3 class=\"wp-block-heading\">El futuro se destapa<\/h3>\n\n\n\n<p>Como dice Daniel Cocenzo, presidente de la empresa, el sello \u2018Hecho en M\u00e9xico\u2019 no es solo una garant\u00eda de calidad, sino un mensaje de confianza en nuestra industria. Y pues s\u00ed, amix, cada vez que destapes una chela, acu\u00e9rdate de que detr\u00e1s hay historia, orgullo y un chingo de esfuerzo mexicano. Si quieres saber m\u00e1s sobre la iniciativa, checa su<a href=\"https:\/\/www.grupomodelo.com\/\"> p\u00e1gina oficial.<\/a><\/p>\n\n\n\n<script async src=\"https:\/\/pagead2.googlesyndication.com\/pagead\/js\/adsbygoogle.js?client=ca-pub-5499304793904745\"\n     crossorigin=\"anonymous\"><\/script>\n<ins class=\"adsbygoogle\"\n     style=\"display:block; text-align:center;\"\n     data-ad-layout=\"in-article\"\n     data-ad-format=\"fluid\"\n     data-ad-client=\"ca-pub-5499304793904745\"\n     data-ad-slot=\"5994863093\"><\/ins>\n<script>\n     (adsbygoogle = window.adsbygoogle || []).push({});\n<\/script>\n\n<!--themify_builder_content-->\n<div id=\"themify_builder_content-97307\" data-postid=\"97307\" class=\"themify_builder_content themify_builder_content-97307 themify_builder tf_clear\">\n    <\/div>\n<!--\/themify_builder_content-->","protected":false},"excerpt":{"rendered":"<p>Si algo nos une como mexas, adem\u00e1s de los tacos y el chisme, es la chela. Y no cualquier chela, sino la que lleva un siglo siendo parte de nuestra historia. S\u00ed, amix, estamos hablando de Grupo Modelo, que este 2025 cumple 100 a\u00f1os y lo celebra con un detallazo en sus botellas: las nuevas [&hellip;]<\/p>\n","protected":false},"author":4,"featured_media":97308,"comment_status":"open","ping_status":"open","sticky":false,"template":"","format":"standard","meta":{"_jetpack_memberships_contains_paid_content":false,"footnotes":"","jetpack_publicize_message":"","jetpack_publicize_feature_enabled":true,"jetpack_social_post_already_shared":true,"jetpack_social_options":{"image_generator_settings":{"template":"highway","default_image_id":0,"font":"","enabled":false},"version":2}},"categories":[6870],"tags":[6991,1590,4968,747],"class_list":["post-97307","post","type-post","status-publish","format-standard","has-post-thumbnail","hentry","category-foodie","tag-cerveza","tag-corona","tag-pacifico","tag-victoria","has-post-title","has-post-date","has-post-category","has-post-tag","has-post-comment","has-post-author",""],"yoast_head":"<!-- This site is optimized with the Yoast SEO plugin v27.4 - https:\/\/yoast.com\/product\/yoast-seo-wordpress\/ -->\n<title>Grupo Modelo: Orgullo Mexicano - Zero Magazine<\/title>\n<meta name=\"description\" content=\"Grupo Modelo celebra 100 a\u00f1os con nuevas tapas \u2018Hecho en M\u00e9xico\u2019, reafirmando el orgullo y la calidad de la cerveza nacional.\" \/>\n<meta name=\"robots\" content=\"index, follow, max-snippet:-1, max-image-preview:large, max-video-preview:-1\" \/>\n<link rel=\"canonical\" href=\"https:\/\/zeromagazine.mx\/index.php\/2025\/02\/19\/grupo-modelo-celebrando-origines\/\" \/>\n<meta property=\"og:locale\" content=\"es_ES\" \/>\n<meta property=\"og:type\" content=\"article\" \/>\n<meta property=\"og:title\" content=\"Grupo Modelo: Orgullo Mexicano - Zero Magazine\" \/>\n<meta property=\"og:description\" content=\"Grupo Modelo celebra 100 a\u00f1os con nuevas tapas \u2018Hecho en M\u00e9xico\u2019, reafirmando el orgullo y la calidad de la cerveza nacional.\" \/>\n<meta property=\"og:url\" content=\"https:\/\/zeromagazine.mx\/index.php\/2025\/02\/19\/grupo-modelo-celebrando-origines\/\" \/>\n<meta property=\"og:site_name\" content=\"Zero Magazine\" \/>\n<meta property=\"article:published_time\" content=\"2025-02-19T15:00:00+00:00\" \/>\n<meta property=\"article:modified_time\" content=\"2025-02-22T13:19:23+00:00\" \/>\n<meta property=\"og:image\" content=\"http:\/\/zeromagazine.mx\/wp-content\/uploads\/2025\/02\/Modelo_ahora_desk.png\" \/>\n\t<meta property=\"og:image:width\" content=\"1920\" \/>\n\t<meta property=\"og:image:height\" content=\"456\" \/>\n\t<meta property=\"og:image:type\" content=\"image\/png\" \/>\n<meta name=\"author\" content=\"David Morales\" \/>\n<meta name=\"twitter:card\" content=\"summary_large_image\" \/>\n<meta name=\"twitter:label1\" content=\"Escrito por\" \/>\n\t<meta name=\"twitter:data1\" content=\"David Morales\" \/>\n\t<meta name=\"twitter:label2\" content=\"Tiempo de lectura\" \/>\n\t<meta name=\"twitter:data2\" content=\"2 minutos\" \/>\n<script type=\"application\/ld+json\" class=\"yoast-schema-graph\">{\"@context\":\"https:\\\/\\\/schema.org\",\"@graph\":[{\"@type\":\"Article\",\"@id\":\"https:\\\/\\\/zeromagazine.mx\\\/index.php\\\/2025\\\/02\\\/19\\\/grupo-modelo-celebrando-origines\\\/#article\",\"isPartOf\":{\"@id\":\"https:\\\/\\\/zeromagazine.mx\\\/index.php\\\/2025\\\/02\\\/19\\\/grupo-modelo-celebrando-origines\\\/\"},\"author\":{\"name\":\"David Morales\",\"@id\":\"https:\\\/\\\/zeromagazine.mx\\\/#\\\/schema\\\/person\\\/9f7f1a17c60ba8e9980e3e6677aabe5a\"},\"headline\":\"Grupo Modelo: Orgullo Mexicano\",\"datePublished\":\"2025-02-19T15:00:00+00:00\",\"dateModified\":\"2025-02-22T13:19:23+00:00\",\"mainEntityOfPage\":{\"@id\":\"https:\\\/\\\/zeromagazine.mx\\\/index.php\\\/2025\\\/02\\\/19\\\/grupo-modelo-celebrando-origines\\\/\"},\"wordCount\":352,\"commentCount\":0,\"publisher\":{\"@id\":\"https:\\\/\\\/zeromagazine.mx\\\/#organization\"},\"image\":{\"@id\":\"https:\\\/\\\/zeromagazine.mx\\\/index.php\\\/2025\\\/02\\\/19\\\/grupo-modelo-celebrando-origines\\\/#primaryimage\"},\"thumbnailUrl\":\"https:\\\/\\\/i0.wp.com\\\/zeromagazine.mx\\\/wp-content\\\/uploads\\\/2025\\\/02\\\/Modelo_ahora_desk.png?fit=1920%2C456&ssl=1\",\"keywords\":[\"Cerveza\",\"Corona\",\"Pac\u00edfico\",\"Victoria\"],\"articleSection\":[\"Foodie\"],\"inLanguage\":\"es\",\"potentialAction\":[{\"@type\":\"CommentAction\",\"name\":\"Comment\",\"target\":[\"https:\\\/\\\/zeromagazine.mx\\\/index.php\\\/2025\\\/02\\\/19\\\/grupo-modelo-celebrando-origines\\\/#respond\"]}]},{\"@type\":\"WebPage\",\"@id\":\"https:\\\/\\\/zeromagazine.mx\\\/index.php\\\/2025\\\/02\\\/19\\\/grupo-modelo-celebrando-origines\\\/\",\"url\":\"https:\\\/\\\/zeromagazine.mx\\\/index.php\\\/2025\\\/02\\\/19\\\/grupo-modelo-celebrando-origines\\\/\",\"name\":\"Grupo Modelo: Orgullo Mexicano - Zero Magazine\",\"isPartOf\":{\"@id\":\"https:\\\/\\\/zeromagazine.mx\\\/#website\"},\"primaryImageOfPage\":{\"@id\":\"https:\\\/\\\/zeromagazine.mx\\\/index.php\\\/2025\\\/02\\\/19\\\/grupo-modelo-celebrando-origines\\\/#primaryimage\"},\"image\":{\"@id\":\"https:\\\/\\\/zeromagazine.mx\\\/index.php\\\/2025\\\/02\\\/19\\\/grupo-modelo-celebrando-origines\\\/#primaryimage\"},\"thumbnailUrl\":\"https:\\\/\\\/i0.wp.com\\\/zeromagazine.mx\\\/wp-content\\\/uploads\\\/2025\\\/02\\\/Modelo_ahora_desk.png?fit=1920%2C456&ssl=1\",\"datePublished\":\"2025-02-19T15:00:00+00:00\",\"dateModified\":\"2025-02-22T13:19:23+00:00\",\"description\":\"Grupo Modelo celebra 100 a\u00f1os con nuevas tapas \u2018Hecho en M\u00e9xico\u2019, reafirmando el orgullo y la calidad de la cerveza nacional.\",\"breadcrumb\":{\"@id\":\"https:\\\/\\\/zeromagazine.mx\\\/index.php\\\/2025\\\/02\\\/19\\\/grupo-modelo-celebrando-origines\\\/#breadcrumb\"},\"inLanguage\":\"es\",\"potentialAction\":[{\"@type\":\"ReadAction\",\"target\":[\"https:\\\/\\\/zeromagazine.mx\\\/index.php\\\/2025\\\/02\\\/19\\\/grupo-modelo-celebrando-origines\\\/\"]}]},{\"@type\":\"ImageObject\",\"inLanguage\":\"es\",\"@id\":\"https:\\\/\\\/zeromagazine.mx\\\/index.php\\\/2025\\\/02\\\/19\\\/grupo-modelo-celebrando-origines\\\/#primaryimage\",\"url\":\"https:\\\/\\\/i0.wp.com\\\/zeromagazine.mx\\\/wp-content\\\/uploads\\\/2025\\\/02\\\/Modelo_ahora_desk.png?fit=1920%2C456&ssl=1\",\"contentUrl\":\"https:\\\/\\\/i0.wp.com\\\/zeromagazine.mx\\\/wp-content\\\/uploads\\\/2025\\\/02\\\/Modelo_ahora_desk.png?fit=1920%2C456&ssl=1\",\"width\":1920,\"height\":456},{\"@type\":\"BreadcrumbList\",\"@id\":\"https:\\\/\\\/zeromagazine.mx\\\/index.php\\\/2025\\\/02\\\/19\\\/grupo-modelo-celebrando-origines\\\/#breadcrumb\",\"itemListElement\":[{\"@type\":\"ListItem\",\"position\":1,\"name\":\"Portada\",\"item\":\"https:\\\/\\\/zeromagazine.mx\\\/\"},{\"@type\":\"ListItem\",\"position\":2,\"name\":\"Grupo Modelo: Orgullo Mexicano\"}]},{\"@type\":\"WebSite\",\"@id\":\"https:\\\/\\\/zeromagazine.mx\\\/#website\",\"url\":\"https:\\\/\\\/zeromagazine.mx\\\/\",\"name\":\"Zero Magazine\",\"description\":\"\",\"publisher\":{\"@id\":\"https:\\\/\\\/zeromagazine.mx\\\/#organization\"},\"potentialAction\":[{\"@type\":\"SearchAction\",\"target\":{\"@type\":\"EntryPoint\",\"urlTemplate\":\"https:\\\/\\\/zeromagazine.mx\\\/?s={search_term_string}\"},\"query-input\":{\"@type\":\"PropertyValueSpecification\",\"valueRequired\":true,\"valueName\":\"search_term_string\"}}],\"inLanguage\":\"es\"},{\"@type\":\"Organization\",\"@id\":\"https:\\\/\\\/zeromagazine.mx\\\/#organization\",\"name\":\"Zero Magazine\",\"url\":\"https:\\\/\\\/zeromagazine.mx\\\/\",\"logo\":{\"@type\":\"ImageObject\",\"inLanguage\":\"es\",\"@id\":\"https:\\\/\\\/zeromagazine.mx\\\/#\\\/schema\\\/logo\\\/image\\\/\",\"url\":\"https:\\\/\\\/i0.wp.com\\\/zeromagazine.mx\\\/wp-content\\\/uploads\\\/2025\\\/11\\\/1.jpeg?fit=1000%2C1000&ssl=1\",\"contentUrl\":\"https:\\\/\\\/i0.wp.com\\\/zeromagazine.mx\\\/wp-content\\\/uploads\\\/2025\\\/11\\\/1.jpeg?fit=1000%2C1000&ssl=1\",\"width\":1000,\"height\":1000,\"caption\":\"Zero Magazine\"},\"image\":{\"@id\":\"https:\\\/\\\/zeromagazine.mx\\\/#\\\/schema\\\/logo\\\/image\\\/\"},\"sameAs\":[\"https:\\\/\\\/instagram.com\\\/zeromagazinemx\"]},{\"@type\":\"Person\",\"@id\":\"https:\\\/\\\/zeromagazine.mx\\\/#\\\/schema\\\/person\\\/9f7f1a17c60ba8e9980e3e6677aabe5a\",\"name\":\"David Morales\",\"image\":{\"@type\":\"ImageObject\",\"inLanguage\":\"es\",\"@id\":\"https:\\\/\\\/zeromagazine.mx\\\/wp-content\\\/litespeed\\\/avatar\\\/76069d2136bfc1c37dc34815bb67ca42.jpg?ver=1776966186\",\"url\":\"https:\\\/\\\/zeromagazine.mx\\\/wp-content\\\/litespeed\\\/avatar\\\/76069d2136bfc1c37dc34815bb67ca42.jpg?ver=1776966186\",\"contentUrl\":\"https:\\\/\\\/zeromagazine.mx\\\/wp-content\\\/litespeed\\\/avatar\\\/76069d2136bfc1c37dc34815bb67ca42.jpg?ver=1776966186\",\"caption\":\"David Morales\"},\"url\":\"https:\\\/\\\/zeromagazine.mx\\\/index.php\\\/author\\\/david\\\/\"}]}<\/script>\n<!-- \/ Yoast SEO plugin. -->","yoast_head_json":{"title":"Grupo Modelo: Orgullo Mexicano - Zero Magazine","description":"Grupo Modelo celebra 100 a\u00f1os con nuevas tapas \u2018Hecho en M\u00e9xico\u2019, reafirmando el orgullo y la calidad de la cerveza nacional.","robots":{"index":"index","follow":"follow","max-snippet":"max-snippet:-1","max-image-preview":"max-image-preview:large","max-video-preview":"max-video-preview:-1"},"canonical":"https:\/\/zeromagazine.mx\/index.php\/2025\/02\/19\/grupo-modelo-celebrando-origines\/","og_locale":"es_ES","og_type":"article","og_title":"Grupo Modelo: Orgullo Mexicano - Zero Magazine","og_description":"Grupo Modelo celebra 100 a\u00f1os con nuevas tapas \u2018Hecho en M\u00e9xico\u2019, reafirmando el orgullo y la calidad de la cerveza nacional.","og_url":"https:\/\/zeromagazine.mx\/index.php\/2025\/02\/19\/grupo-modelo-celebrando-origines\/","og_site_name":"Zero Magazine","article_published_time":"2025-02-19T15:00:00+00:00","article_modified_time":"2025-02-22T13:19:23+00:00","og_image":[{"width":1920,"height":456,"url":"http:\/\/zeromagazine.mx\/wp-content\/uploads\/2025\/02\/Modelo_ahora_desk.png","type":"image\/png"}],"author":"David Morales","twitter_card":"summary_large_image","twitter_misc":{"Escrito por":"David Morales","Tiempo de lectura":"2 minutos"},"schema":{"@context":"https:\/\/schema.org","@graph":[{"@type":"Article","@id":"https:\/\/zeromagazine.mx\/index.php\/2025\/02\/19\/grupo-modelo-celebrando-origines\/#article","isPartOf":{"@id":"https:\/\/zeromagazine.mx\/index.php\/2025\/02\/19\/grupo-modelo-celebrando-origines\/"},"author":{"name":"David Morales","@id":"https:\/\/zeromagazine.mx\/#\/schema\/person\/9f7f1a17c60ba8e9980e3e6677aabe5a"},"headline":"Grupo Modelo: Orgullo Mexicano","datePublished":"2025-02-19T15:00:00+00:00","dateModified":"2025-02-22T13:19:23+00:00","mainEntityOfPage":{"@id":"https:\/\/zeromagazine.mx\/index.php\/2025\/02\/19\/grupo-modelo-celebrando-origines\/"},"wordCount":352,"commentCount":0,"publisher":{"@id":"https:\/\/zeromagazine.mx\/#organization"},"image":{"@id":"https:\/\/zeromagazine.mx\/index.php\/2025\/02\/19\/grupo-modelo-celebrando-origines\/#primaryimage"},"thumbnailUrl":"https:\/\/i0.wp.com\/zeromagazine.mx\/wp-content\/uploads\/2025\/02\/Modelo_ahora_desk.png?fit=1920%2C456&ssl=1","keywords":["Cerveza","Corona","Pac\u00edfico","Victoria"],"articleSection":["Foodie"],"inLanguage":"es","potentialAction":[{"@type":"CommentAction","name":"Comment","target":["https:\/\/zeromagazine.mx\/index.php\/2025\/02\/19\/grupo-modelo-celebrando-origines\/#respond"]}]},{"@type":"WebPage","@id":"https:\/\/zeromagazine.mx\/index.php\/2025\/02\/19\/grupo-modelo-celebrando-origines\/","url":"https:\/\/zeromagazine.mx\/index.php\/2025\/02\/19\/grupo-modelo-celebrando-origines\/","name":"Grupo Modelo: Orgullo Mexicano - Zero Magazine","isPartOf":{"@id":"https:\/\/zeromagazine.mx\/#website"},"primaryImageOfPage":{"@id":"https:\/\/zeromagazine.mx\/index.php\/2025\/02\/19\/grupo-modelo-celebrando-origines\/#primaryimage"},"image":{"@id":"https:\/\/zeromagazine.mx\/index.php\/2025\/02\/19\/grupo-modelo-celebrando-origines\/#primaryimage"},"thumbnailUrl":"https:\/\/i0.wp.com\/zeromagazine.mx\/wp-content\/uploads\/2025\/02\/Modelo_ahora_desk.png?fit=1920%2C456&ssl=1","datePublished":"2025-02-19T15:00:00+00:00","dateModified":"2025-02-22T13:19:23+00:00","description":"Grupo Modelo celebra 100 a\u00f1os con nuevas tapas \u2018Hecho en M\u00e9xico\u2019, reafirmando el orgullo y la calidad de la cerveza nacional.","breadcrumb":{"@id":"https:\/\/zeromagazine.mx\/index.php\/2025\/02\/19\/grupo-modelo-celebrando-origines\/#breadcrumb"},"inLanguage":"es","potentialAction":[{"@type":"ReadAction","target":["https:\/\/zeromagazine.mx\/index.php\/2025\/02\/19\/grupo-modelo-celebrando-origines\/"]}]},{"@type":"ImageObject","inLanguage":"es","@id":"https:\/\/zeromagazine.mx\/index.php\/2025\/02\/19\/grupo-modelo-celebrando-origines\/#primaryimage","url":"https:\/\/i0.wp.com\/zeromagazine.mx\/wp-content\/uploads\/2025\/02\/Modelo_ahora_desk.png?fit=1920%2C456&ssl=1","contentUrl":"https:\/\/i0.wp.com\/zeromagazine.mx\/wp-content\/uploads\/2025\/02\/Modelo_ahora_desk.png?fit=1920%2C456&ssl=1","width":1920,"height":456},{"@type":"BreadcrumbList","@id":"https:\/\/zeromagazine.mx\/index.php\/2025\/02\/19\/grupo-modelo-celebrando-origines\/#breadcrumb","itemListElement":[{"@type":"ListItem","position":1,"name":"Portada","item":"https:\/\/zeromagazine.mx\/"},{"@type":"ListItem","position":2,"name":"Grupo Modelo: Orgullo Mexicano"}]},{"@type":"WebSite","@id":"https:\/\/zeromagazine.mx\/#website","url":"https:\/\/zeromagazine.mx\/","name":"Zero Magazine","description":"","publisher":{"@id":"https:\/\/zeromagazine.mx\/#organization"},"potentialAction":[{"@type":"SearchAction","target":{"@type":"EntryPoint","urlTemplate":"https:\/\/zeromagazine.mx\/?s={search_term_string}"},"query-input":{"@type":"PropertyValueSpecification","valueRequired":true,"valueName":"search_term_string"}}],"inLanguage":"es"},{"@type":"Organization","@id":"https:\/\/zeromagazine.mx\/#organization","name":"Zero Magazine","url":"https:\/\/zeromagazine.mx\/","logo":{"@type":"ImageObject","inLanguage":"es","@id":"https:\/\/zeromagazine.mx\/#\/schema\/logo\/image\/","url":"https:\/\/i0.wp.com\/zeromagazine.mx\/wp-content\/uploads\/2025\/11\/1.jpeg?fit=1000%2C1000&ssl=1","contentUrl":"https:\/\/i0.wp.com\/zeromagazine.mx\/wp-content\/uploads\/2025\/11\/1.jpeg?fit=1000%2C1000&ssl=1","width":1000,"height":1000,"caption":"Zero Magazine"},"image":{"@id":"https:\/\/zeromagazine.mx\/#\/schema\/logo\/image\/"},"sameAs":["https:\/\/instagram.com\/zeromagazinemx"]},{"@type":"Person","@id":"https:\/\/zeromagazine.mx\/#\/schema\/person\/9f7f1a17c60ba8e9980e3e6677aabe5a","name":"David Morales","image":{"@type":"ImageObject","inLanguage":"es","@id":"https:\/\/zeromagazine.mx\/wp-content\/litespeed\/avatar\/76069d2136bfc1c37dc34815bb67ca42.jpg?ver=1776966186","url":"https:\/\/zeromagazine.mx\/wp-content\/litespeed\/avatar\/76069d2136bfc1c37dc34815bb67ca42.jpg?ver=1776966186","contentUrl":"https:\/\/zeromagazine.mx\/wp-content\/litespeed\/avatar\/76069d2136bfc1c37dc34815bb67ca42.jpg?ver=1776966186","caption":"David Morales"},"url":"https:\/\/zeromagazine.mx\/index.php\/author\/david\/"}]}},"jetpack_publicize_connections":[],"jetpack_featured_media_url":"https:\/\/i0.wp.com\/zeromagazine.mx\/wp-content\/uploads\/2025\/02\/Modelo_ahora_desk.png?fit=1920%2C456&ssl=1","jetpack-related-posts":[{"id":102088,"url":"https:\/\/zeromagazine.mx\/index.php\/2025\/04\/19\/promo-100-cervecera\/","url_meta":{"origin":97307,"position":0},"title":"Promo 100 Cervecera","author":"David Morales","date":"19 de abril de 2025","format":false,"excerpt":"Amix, si hay algo que amamos en este pa\u00eds (adem\u00e1s de los tacos y el chisme) es echarnos una buena chelita. Y justo ahora, Grupo Modelo nos acaba de soltar un notici\u00f3n: \u201cPromo 100\u201d, una promo con la que celebran su centenario y de paso nos alivianan la sed sin\u2026","rel":"","context":"En \u00abFoodie\u00bb","block_context":{"text":"Foodie","link":"https:\/\/zeromagazine.mx\/index.php\/category\/lifestyle\/foodie\/"},"img":{"alt_text":"","src":"https:\/\/i0.wp.com\/zeromagazine.mx\/wp-content\/uploads\/2025\/04\/Promo-100-GM2.jpeg?fit=320%2C320&ssl=1&resize=350%2C200","width":350,"height":200},"classes":[]},{"id":104259,"url":"https:\/\/zeromagazine.mx\/index.php\/2025\/05\/16\/el-fashion-week-mexico-se-revive-con-grupo-modelo\/","url_meta":{"origin":97307,"position":1},"title":"El Fashion Week M\u00e9xico Se Revive con Grupo Modelo","author":"David Morales","date":"16 de mayo de 2025","format":false,"excerpt":"Amix, \u00bfse imaginan ver moda mexicana contempor\u00e1nea en el mismo lugar donde naci\u00f3 la Corona? Pues eso justo pas\u00f3 en el Fashion Week M\u00e9xico 2025, cuando la dise\u00f1adora Carla Fern\u00e1ndez present\u00f3 su nueva colecci\u00f3n dentro de la Cervecer\u00eda Modelo, en pleno Lago Alberto. Una pasarela que uni\u00f3 dise\u00f1o, tradici\u00f3n y\u2026","rel":"","context":"En \u00abModa\u00bb","block_context":{"text":"Moda","link":"https:\/\/zeromagazine.mx\/index.php\/category\/moda\/"},"img":{"alt_text":"","src":"https:\/\/i0.wp.com\/zeromagazine.mx\/wp-content\/uploads\/2025\/05\/CARLA-FERNANDEZ-DSC03439-scaled.jpg?fit=800%2C1200&ssl=1&resize=350%2C200","width":350,"height":200,"srcset":"https:\/\/i0.wp.com\/zeromagazine.mx\/wp-content\/uploads\/2025\/05\/CARLA-FERNANDEZ-DSC03439-scaled.jpg?fit=800%2C1200&ssl=1&resize=350%2C200 1x, https:\/\/i0.wp.com\/zeromagazine.mx\/wp-content\/uploads\/2025\/05\/CARLA-FERNANDEZ-DSC03439-scaled.jpg?fit=800%2C1200&ssl=1&resize=525%2C300 1.5x, https:\/\/i0.wp.com\/zeromagazine.mx\/wp-content\/uploads\/2025\/05\/CARLA-FERNANDEZ-DSC03439-scaled.jpg?fit=800%2C1200&ssl=1&resize=700%2C400 2x"},"classes":[]},{"id":88711,"url":"https:\/\/zeromagazine.mx\/index.php\/2024\/10\/29\/disfruta-mas-con-corona-golden\/","url_meta":{"origin":97307,"position":2},"title":"\u00abDisfruta M\u00e1s con Corona Golden\u00bb","author":"zeromagazinemx","date":"29 de octubre de 2024","format":false,"excerpt":"\u00a1Hey, chicxs! En M\u00e9xico el sabor no es solo un tema de gustos, es un estilo de vida, \u00bfsaben? Desde c\u00f3mo nos devoramos esos tacos al pastor hasta c\u00f3mo armamos la fiesta con familia y amigos, siempre andamos buscando ese \u2018m\u00e1s sabor\u2019 que transforma lo ordinario en algo extraordinario. Y\u2026","rel":"","context":"En \u00abFoodie\u00bb","block_context":{"text":"Foodie","link":"https:\/\/zeromagazine.mx\/index.php\/category\/lifestyle\/foodie\/"},"img":{"alt_text":"","src":"https:\/\/i0.wp.com\/zeromagazine.mx\/wp-content\/uploads\/2024\/10\/CGL_KV_Horizontal_1-copy-7.png?fit=1200%2C675&ssl=1&resize=350%2C200","width":350,"height":200,"srcset":"https:\/\/i0.wp.com\/zeromagazine.mx\/wp-content\/uploads\/2024\/10\/CGL_KV_Horizontal_1-copy-7.png?fit=1200%2C675&ssl=1&resize=350%2C200 1x, https:\/\/i0.wp.com\/zeromagazine.mx\/wp-content\/uploads\/2024\/10\/CGL_KV_Horizontal_1-copy-7.png?fit=1200%2C675&ssl=1&resize=525%2C300 1.5x, https:\/\/i0.wp.com\/zeromagazine.mx\/wp-content\/uploads\/2024\/10\/CGL_KV_Horizontal_1-copy-7.png?fit=1200%2C675&ssl=1&resize=700%2C400 2x, https:\/\/i0.wp.com\/zeromagazine.mx\/wp-content\/uploads\/2024\/10\/CGL_KV_Horizontal_1-copy-7.png?fit=1200%2C675&ssl=1&resize=1050%2C600 3x"},"classes":[]},{"id":69757,"url":"https:\/\/zeromagazine.mx\/index.php\/2023\/12\/20\/los-magos-del-after-con-tada\/","url_meta":{"origin":97307,"position":3},"title":"\u201cLos magos del after\u201d con TaDa","author":"David Morales","date":"20 de diciembre de 2023","format":false,"excerpt":"Este a\u00f1o pon tu casa para las posadas y olv\u00eddate de limpiar al d\u00eda siguiente con \u201cLos magos del after\u201d, din\u00e1mica de TaDa, app de delivery de Grupo Modelo. El objetivo es que los usuarios de la aplicaci\u00f3n participen para ganar un servicio de limpieza gratuito y que el desorden\u2026","rel":"","context":"En \u00abGadgets\u00bb","block_context":{"text":"Gadgets","link":"https:\/\/zeromagazine.mx\/index.php\/category\/tech\/gadgets\/"},"img":{"alt_text":"","src":"https:\/\/i0.wp.com\/zeromagazine.mx\/wp-content\/uploads\/2023\/12\/Los-magos-del-after-TaDa-2-scaled.jpg?fit=1200%2C801&ssl=1&resize=350%2C200","width":350,"height":200,"srcset":"https:\/\/i0.wp.com\/zeromagazine.mx\/wp-content\/uploads\/2023\/12\/Los-magos-del-after-TaDa-2-scaled.jpg?fit=1200%2C801&ssl=1&resize=350%2C200 1x, https:\/\/i0.wp.com\/zeromagazine.mx\/wp-content\/uploads\/2023\/12\/Los-magos-del-after-TaDa-2-scaled.jpg?fit=1200%2C801&ssl=1&resize=525%2C300 1.5x, https:\/\/i0.wp.com\/zeromagazine.mx\/wp-content\/uploads\/2023\/12\/Los-magos-del-after-TaDa-2-scaled.jpg?fit=1200%2C801&ssl=1&resize=700%2C400 2x, https:\/\/i0.wp.com\/zeromagazine.mx\/wp-content\/uploads\/2023\/12\/Los-magos-del-after-TaDa-2-scaled.jpg?fit=1200%2C801&ssl=1&resize=1050%2C600 3x"},"classes":[]},{"id":75749,"url":"https:\/\/zeromagazine.mx\/index.php\/2024\/05\/09\/corona-cero-apoyo-olimpico\/","url_meta":{"origin":97307,"position":4},"title":"Corona Cero: Apoyo Ol\u00edmpico","author":"zeromagazinemx","date":"9 de mayo de 2024","format":false,"excerpt":"El Comit\u00e9 Ol\u00edmpico Mexicano y Grupo Modelo est\u00e1n haciendo olas con una s\u00faper alianza para respaldar a nuestros atletas en los pr\u00f3ximos Juegos Ol\u00edmpicos de Par\u00eds 2024. \u00a1S\u00ed, lo escucharon bien! Corona Cero, la cerveza sin alcohol, se une como patrocinador oficial del equipo mexicano. Esta movida promete llevar el\u2026","rel":"","context":"En \u00abEntretenimiento\u00bb","block_context":{"text":"Entretenimiento","link":"https:\/\/zeromagazine.mx\/index.php\/category\/entretenimiento\/"},"img":{"alt_text":"","src":"https:\/\/i0.wp.com\/zeromagazine.mx\/wp-content\/uploads\/2024\/05\/Alejandro-Gershberg-Daniel-Concenzo-Maria-Jose-Alcala-Fernando-Platas-y-Yune-Aranguren--scaled.jpg?fit=1200%2C765&ssl=1&resize=350%2C200","width":350,"height":200,"srcset":"https:\/\/i0.wp.com\/zeromagazine.mx\/wp-content\/uploads\/2024\/05\/Alejandro-Gershberg-Daniel-Concenzo-Maria-Jose-Alcala-Fernando-Platas-y-Yune-Aranguren--scaled.jpg?fit=1200%2C765&ssl=1&resize=350%2C200 1x, https:\/\/i0.wp.com\/zeromagazine.mx\/wp-content\/uploads\/2024\/05\/Alejandro-Gershberg-Daniel-Concenzo-Maria-Jose-Alcala-Fernando-Platas-y-Yune-Aranguren--scaled.jpg?fit=1200%2C765&ssl=1&resize=525%2C300 1.5x, https:\/\/i0.wp.com\/zeromagazine.mx\/wp-content\/uploads\/2024\/05\/Alejandro-Gershberg-Daniel-Concenzo-Maria-Jose-Alcala-Fernando-Platas-y-Yune-Aranguren--scaled.jpg?fit=1200%2C765&ssl=1&resize=700%2C400 2x, https:\/\/i0.wp.com\/zeromagazine.mx\/wp-content\/uploads\/2024\/05\/Alejandro-Gershberg-Daniel-Concenzo-Maria-Jose-Alcala-Fernando-Platas-y-Yune-Aranguren--scaled.jpg?fit=1200%2C765&ssl=1&resize=1050%2C600 3x"},"classes":[]},{"id":111147,"url":"https:\/\/zeromagazine.mx\/index.php\/2025\/11\/21\/corona-capital-100-anos\/","url_meta":{"origin":97307,"position":5},"title":"Corona celebr\u00f3 100 a\u00f1os de historia con la 15va edici\u00f3n de Corona Capital en CDMX","author":"David Morales","date":"21 de noviembre de 2025","format":false,"excerpt":"Corona Capital Celebr\u00f3 100 A\u00f1os Si algo dej\u00f3 claro este a\u00f1o es que cuando\u00a0Corona Capital\u00a0decide festejar, lo hace a lo grande. Y no solo por ser la edici\u00f3n n\u00famero 15, sino porque coincidi\u00f3 con un momento gigante: los 100 a\u00f1os de Corona, una de las marcas m\u00e1s ic\u00f3nicas del pa\u00eds.\u2026","rel":"","context":"En \u00abEntretenimiento\u00bb","block_context":{"text":"Entretenimiento","link":"https:\/\/zeromagazine.mx\/index.php\/category\/entretenimiento\/"},"img":{"alt_text":"","src":"https:\/\/i0.wp.com\/zeromagazine.mx\/wp-content\/uploads\/2025\/11\/IMG_0620-scaled.jpeg?fit=1200%2C800&ssl=1&resize=350%2C200","width":350,"height":200,"srcset":"https:\/\/i0.wp.com\/zeromagazine.mx\/wp-content\/uploads\/2025\/11\/IMG_0620-scaled.jpeg?fit=1200%2C800&ssl=1&resize=350%2C200 1x, https:\/\/i0.wp.com\/zeromagazine.mx\/wp-content\/uploads\/2025\/11\/IMG_0620-scaled.jpeg?fit=1200%2C800&ssl=1&resize=525%2C300 1.5x, https:\/\/i0.wp.com\/zeromagazine.mx\/wp-content\/uploads\/2025\/11\/IMG_0620-scaled.jpeg?fit=1200%2C800&ssl=1&resize=700%2C400 2x, https:\/\/i0.wp.com\/zeromagazine.mx\/wp-content\/uploads\/2025\/11\/IMG_0620-scaled.jpeg?fit=1200%2C800&ssl=1&resize=1050%2C600 3x"},"classes":[]}],"jetpack_sharing_enabled":true,"builder_content":"","_links":{"self":[{"href":"https:\/\/zeromagazine.mx\/index.php\/wp-json\/wp\/v2\/posts\/97307","targetHints":{"allow":["GET"]}}],"collection":[{"href":"https:\/\/zeromagazine.mx\/index.php\/wp-json\/wp\/v2\/posts"}],"about":[{"href":"https:\/\/zeromagazine.mx\/index.php\/wp-json\/wp\/v2\/types\/post"}],"author":[{"embeddable":true,"href":"https:\/\/zeromagazine.mx\/index.php\/wp-json\/wp\/v2\/users\/4"}],"replies":[{"embeddable":true,"href":"https:\/\/zeromagazine.mx\/index.php\/wp-json\/wp\/v2\/comments?post=97307"}],"version-history":[{"count":4,"href":"https:\/\/zeromagazine.mx\/index.php\/wp-json\/wp\/v2\/posts\/97307\/revisions"}],"predecessor-version":[{"id":97312,"href":"https:\/\/zeromagazine.mx\/index.php\/wp-json\/wp\/v2\/posts\/97307\/revisions\/97312"}],"wp:featuredmedia":[{"embeddable":true,"href":"https:\/\/zeromagazine.mx\/index.php\/wp-json\/wp\/v2\/media\/97308"}],"wp:attachment":[{"href":"https:\/\/zeromagazine.mx\/index.php\/wp-json\/wp\/v2\/media?parent=97307"}],"wp:term":[{"taxonomy":"category","embeddable":true,"href":"https:\/\/zeromagazine.mx\/index.php\/wp-json\/wp\/v2\/categories?post=97307"},{"taxonomy":"post_tag","embeddable":true,"href":"https:\/\/zeromagazine.mx\/index.php\/wp-json\/wp\/v2\/tags?post=97307"}],"curies":[{"name":"wp","href":"https:\/\/api.w.org\/{rel}","templated":true}]}}