{"id":97339,"date":"2025-01-30T16:00:00","date_gmt":"2025-01-30T15:00:00","guid":{"rendered":"https:\/\/zeromagazine.mx\/?p=97339"},"modified":"2025-02-24T13:32:50","modified_gmt":"2025-02-24T12:32:50","slug":"cultura-y-tradicion-en-feria-candelaria","status":"publish","type":"post","link":"https:\/\/zeromagazine.mx\/index.php\/2025\/01\/30\/cultura-y-tradicion-en-feria-candelaria\/","title":{"rendered":"Flores, cultura y tradici\u00f3n"},"content":{"rendered":"<p>San Miguel de Allende est\u00e1 que arde con la 69\u00aa Feria de la Candelaria, un evento que combina naturaleza, arte y cultura en un solo lugar. Si todav\u00eda no tienes plan para estos d\u00edas, esta es tu se\u00f1al para lanzarte al Parque Zeferino Guti\u00e9rrez y sumergirte en un mundo de colores, sabores y experiencias \u00fanicas.<\/p>\n\n\n\n<h3 class=\"wp-block-heading\">Un festival lleno de vida<\/h3>\n\n\n\n<figure class=\"wp-block-gallery has-nested-images columns-default is-cropped wp-block-gallery-1 is-layout-flex wp-block-gallery-is-layout-flex\">\n<figure class=\"wp-block-image size-full\"><img data-recalc-dims=\"1\" decoding=\"async\" width=\"1165\" height=\"655\" data-id=\"97344\" src=\"https:\/\/i0.wp.com\/zeromagazine.mx\/wp-content\/uploads\/2025\/02\/Copia-de-C0300T01-scaled.jpg?resize=1165%2C655&#038;ssl=1\" alt=\"\" class=\"wp-image-97344\" srcset=\"https:\/\/i0.wp.com\/zeromagazine.mx\/wp-content\/uploads\/2025\/02\/Copia-de-C0300T01-scaled.jpg?w=2560&amp;ssl=1 2560w, https:\/\/i0.wp.com\/zeromagazine.mx\/wp-content\/uploads\/2025\/02\/Copia-de-C0300T01-scaled.jpg?resize=300%2C169&amp;ssl=1 300w, https:\/\/i0.wp.com\/zeromagazine.mx\/wp-content\/uploads\/2025\/02\/Copia-de-C0300T01-scaled.jpg?resize=1024%2C576&amp;ssl=1 1024w, https:\/\/i0.wp.com\/zeromagazine.mx\/wp-content\/uploads\/2025\/02\/Copia-de-C0300T01-scaled.jpg?resize=768%2C432&amp;ssl=1 768w, https:\/\/i0.wp.com\/zeromagazine.mx\/wp-content\/uploads\/2025\/02\/Copia-de-C0300T01-scaled.jpg?resize=1536%2C864&amp;ssl=1 1536w, https:\/\/i0.wp.com\/zeromagazine.mx\/wp-content\/uploads\/2025\/02\/Copia-de-C0300T01-scaled.jpg?resize=2048%2C1152&amp;ssl=1 2048w, https:\/\/i0.wp.com\/zeromagazine.mx\/wp-content\/uploads\/2025\/02\/Copia-de-C0300T01-scaled.jpg?w=2330 2330w\" sizes=\"(max-width: 1165px) 100vw, 1165px\" \/><\/figure>\n\n\n\n<figure class=\"wp-block-image size-full\"><img data-recalc-dims=\"1\" decoding=\"async\" width=\"1165\" height=\"655\" data-id=\"97343\" src=\"https:\/\/i0.wp.com\/zeromagazine.mx\/wp-content\/uploads\/2025\/02\/Copia-de-C0257T01-scaled.jpg?resize=1165%2C655&#038;ssl=1\" alt=\"\" class=\"wp-image-97343\" srcset=\"https:\/\/i0.wp.com\/zeromagazine.mx\/wp-content\/uploads\/2025\/02\/Copia-de-C0257T01-scaled.jpg?w=2560&amp;ssl=1 2560w, https:\/\/i0.wp.com\/zeromagazine.mx\/wp-content\/uploads\/2025\/02\/Copia-de-C0257T01-scaled.jpg?resize=300%2C169&amp;ssl=1 300w, https:\/\/i0.wp.com\/zeromagazine.mx\/wp-content\/uploads\/2025\/02\/Copia-de-C0257T01-scaled.jpg?resize=1024%2C576&amp;ssl=1 1024w, https:\/\/i0.wp.com\/zeromagazine.mx\/wp-content\/uploads\/2025\/02\/Copia-de-C0257T01-scaled.jpg?resize=768%2C432&amp;ssl=1 768w, https:\/\/i0.wp.com\/zeromagazine.mx\/wp-content\/uploads\/2025\/02\/Copia-de-C0257T01-scaled.jpg?resize=1536%2C864&amp;ssl=1 1536w, https:\/\/i0.wp.com\/zeromagazine.mx\/wp-content\/uploads\/2025\/02\/Copia-de-C0257T01-scaled.jpg?resize=2048%2C1152&amp;ssl=1 2048w, https:\/\/i0.wp.com\/zeromagazine.mx\/wp-content\/uploads\/2025\/02\/Copia-de-C0257T01-scaled.jpg?w=2330 2330w\" sizes=\"(max-width: 1165px) 100vw, 1165px\" \/><\/figure>\n<\/figure>\n\n\n\n<p>Desde el 31 de enero hasta el 16 de febrero, este ic\u00f3nico festival ofrece una exposici\u00f3n de naturaleza y tradici\u00f3n; pues lo primero que llama la atenci\u00f3n es la exposici\u00f3n de plantas y flores, donde productores locales y nacionales muestran especies impresionantes para transformar cualquier espacio en un jard\u00edn so\u00f1ado. Adem\u00e1s, hay una variedad de talleres de jardiner\u00eda y sustentabilidad, ideales para quienes quieren aprender t\u00e9cnicas de cultivo y cuidado de plantas.<\/p>\n\n\n\n<h3 class=\"wp-block-heading\">Cultura que enamora<\/h3>\n\n\n\n<figure class=\"wp-block-gallery has-nested-images columns-default is-cropped wp-block-gallery-2 is-layout-flex wp-block-gallery-is-layout-flex\">\n<figure class=\"wp-block-image size-full\"><img data-recalc-dims=\"1\" decoding=\"async\" width=\"1165\" height=\"655\" data-id=\"97345\" src=\"https:\/\/i0.wp.com\/zeromagazine.mx\/wp-content\/uploads\/2025\/02\/Copia-de-C0275T01-scaled.jpg?resize=1165%2C655&#038;ssl=1\" alt=\"\" class=\"wp-image-97345\" srcset=\"https:\/\/i0.wp.com\/zeromagazine.mx\/wp-content\/uploads\/2025\/02\/Copia-de-C0275T01-scaled.jpg?w=2560&amp;ssl=1 2560w, https:\/\/i0.wp.com\/zeromagazine.mx\/wp-content\/uploads\/2025\/02\/Copia-de-C0275T01-scaled.jpg?resize=300%2C169&amp;ssl=1 300w, https:\/\/i0.wp.com\/zeromagazine.mx\/wp-content\/uploads\/2025\/02\/Copia-de-C0275T01-scaled.jpg?resize=1024%2C576&amp;ssl=1 1024w, https:\/\/i0.wp.com\/zeromagazine.mx\/wp-content\/uploads\/2025\/02\/Copia-de-C0275T01-scaled.jpg?resize=768%2C432&amp;ssl=1 768w, https:\/\/i0.wp.com\/zeromagazine.mx\/wp-content\/uploads\/2025\/02\/Copia-de-C0275T01-scaled.jpg?resize=1536%2C864&amp;ssl=1 1536w, https:\/\/i0.wp.com\/zeromagazine.mx\/wp-content\/uploads\/2025\/02\/Copia-de-C0275T01-scaled.jpg?resize=2048%2C1152&amp;ssl=1 2048w, https:\/\/i0.wp.com\/zeromagazine.mx\/wp-content\/uploads\/2025\/02\/Copia-de-C0275T01-scaled.jpg?w=2330 2330w\" sizes=\"(max-width: 1165px) 100vw, 1165px\" \/><\/figure>\n\n\n\n<figure class=\"wp-block-image size-full\"><img data-recalc-dims=\"1\" decoding=\"async\" width=\"1165\" height=\"655\" data-id=\"97346\" src=\"https:\/\/i0.wp.com\/zeromagazine.mx\/wp-content\/uploads\/2025\/02\/Copia-de-C0277T01-scaled.jpg?resize=1165%2C655&#038;ssl=1\" alt=\"\" class=\"wp-image-97346\" srcset=\"https:\/\/i0.wp.com\/zeromagazine.mx\/wp-content\/uploads\/2025\/02\/Copia-de-C0277T01-scaled.jpg?w=2560&amp;ssl=1 2560w, https:\/\/i0.wp.com\/zeromagazine.mx\/wp-content\/uploads\/2025\/02\/Copia-de-C0277T01-scaled.jpg?resize=300%2C169&amp;ssl=1 300w, https:\/\/i0.wp.com\/zeromagazine.mx\/wp-content\/uploads\/2025\/02\/Copia-de-C0277T01-scaled.jpg?resize=1024%2C576&amp;ssl=1 1024w, https:\/\/i0.wp.com\/zeromagazine.mx\/wp-content\/uploads\/2025\/02\/Copia-de-C0277T01-scaled.jpg?resize=768%2C432&amp;ssl=1 768w, https:\/\/i0.wp.com\/zeromagazine.mx\/wp-content\/uploads\/2025\/02\/Copia-de-C0277T01-scaled.jpg?resize=1536%2C864&amp;ssl=1 1536w, https:\/\/i0.wp.com\/zeromagazine.mx\/wp-content\/uploads\/2025\/02\/Copia-de-C0277T01-scaled.jpg?resize=2048%2C1152&amp;ssl=1 2048w, https:\/\/i0.wp.com\/zeromagazine.mx\/wp-content\/uploads\/2025\/02\/Copia-de-C0277T01-scaled.jpg?w=2330 2330w\" sizes=\"(max-width: 1165px) 100vw, 1165px\" \/><\/figure>\n<\/figure>\n\n\n\n<p>Por otro lado, el festival tambi\u00e9n es un epicentro de arte y tradici\u00f3n. Con presentaciones en vivo de m\u00fasica, danza y teatro, la Feria de la Candelaria se convierte en el lugar perfecto para disfrutar del talento local y conocer m\u00e1s sobre la riqueza cultural de San Miguel de Allende. Adem\u00e1s, no puedes dejar de visitar los stands de gastronom\u00eda y artesan\u00eda, donde podr\u00e1s probar delicias tradicionales y adquirir piezas \u00fanicas elaboradas por talentosos artesanos.<\/p>\n\n\n\n<script async src=\"https:\/\/pagead2.googlesyndication.com\/pagead\/js\/adsbygoogle.js?client=ca-pub-5499304793904745\"\n     crossorigin=\"anonymous\"><\/script>\n<ins class=\"adsbygoogle\"\n     style=\"display:block; text-align:center;\"\n     data-ad-layout=\"in-article\"\n     data-ad-format=\"fluid\"\n     data-ad-client=\"ca-pub-5499304793904745\"\n     data-ad-slot=\"5994863093\"><\/ins>\n<script>\n     (adsbygoogle = window.adsbygoogle || []).push({});\n<\/script>\n\n\n\n<h3 class=\"wp-block-heading\">Un destino imperdible<\/h3>\n\n\n<div class=\"wp-block-image\">\n<figure class=\"aligncenter size-full\"><img data-recalc-dims=\"1\" decoding=\"async\" width=\"1165\" height=\"655\" src=\"https:\/\/i0.wp.com\/zeromagazine.mx\/wp-content\/uploads\/2025\/02\/Copia-de-C0314T01-scaled.jpg?resize=1165%2C655&#038;ssl=1\" alt=\"\" class=\"wp-image-97342\" srcset=\"https:\/\/i0.wp.com\/zeromagazine.mx\/wp-content\/uploads\/2025\/02\/Copia-de-C0314T01-scaled.jpg?w=2560&amp;ssl=1 2560w, https:\/\/i0.wp.com\/zeromagazine.mx\/wp-content\/uploads\/2025\/02\/Copia-de-C0314T01-scaled.jpg?resize=300%2C169&amp;ssl=1 300w, https:\/\/i0.wp.com\/zeromagazine.mx\/wp-content\/uploads\/2025\/02\/Copia-de-C0314T01-scaled.jpg?resize=1024%2C576&amp;ssl=1 1024w, https:\/\/i0.wp.com\/zeromagazine.mx\/wp-content\/uploads\/2025\/02\/Copia-de-C0314T01-scaled.jpg?resize=768%2C432&amp;ssl=1 768w, https:\/\/i0.wp.com\/zeromagazine.mx\/wp-content\/uploads\/2025\/02\/Copia-de-C0314T01-scaled.jpg?resize=1536%2C864&amp;ssl=1 1536w, https:\/\/i0.wp.com\/zeromagazine.mx\/wp-content\/uploads\/2025\/02\/Copia-de-C0314T01-scaled.jpg?resize=2048%2C1152&amp;ssl=1 2048w, https:\/\/i0.wp.com\/zeromagazine.mx\/wp-content\/uploads\/2025\/02\/Copia-de-C0314T01-scaled.jpg?w=2330 2330w\" sizes=\"(max-width: 1165px) 100vw, 1165px\" \/><\/figure>\n<\/div>\n\n\n<p>Si est\u00e1s en busca de una experiencia diferente, esta feria lo tiene todo: naturaleza, cultura y tradici\u00f3n. San Miguel de Allende, con su encanto colonial y vibrante escena art\u00edstica, es el destino ideal para desconectarte del ruido y conectar con lo aut\u00e9ntico. As\u00ed que ya sabes, arma plan con tus amix y v\u00edvanlo por ustedes mismes.<\/p>\n\n\n\n<p>Si quieres saber m\u00e1s, checa el Instagram oficial de Turismo San Miguel de Allende <a href=\"https:\/\/www.instagram.com\/turismosma\/?hl=es\">aqui<\/a> y no te pierdas nada.<\/p>\n\n\n\n<script async src=\"https:\/\/pagead2.googlesyndication.com\/pagead\/js\/adsbygoogle.js?client=ca-pub-5499304793904745\"\n     crossorigin=\"anonymous\"><\/script>\n<ins class=\"adsbygoogle\"\n     style=\"display:block; text-align:center;\"\n     data-ad-layout=\"in-article\"\n     data-ad-format=\"fluid\"\n     data-ad-client=\"ca-pub-5499304793904745\"\n     data-ad-slot=\"5994863093\"><\/ins>\n<script>\n     (adsbygoogle = window.adsbygoogle || []).push({});\n<\/script>\n\n<!--themify_builder_content-->\n<div id=\"themify_builder_content-97339\" data-postid=\"97339\" class=\"themify_builder_content themify_builder_content-97339 themify_builder tf_clear\">\n    <\/div>\n<!--\/themify_builder_content-->","protected":false},"excerpt":{"rendered":"<p>San Miguel de Allende est\u00e1 que arde con la 69\u00aa Feria de la Candelaria, un evento que combina naturaleza, arte y cultura en un solo lugar. Si todav\u00eda no tienes plan para estos d\u00edas, esta es tu se\u00f1al para lanzarte al Parque Zeferino Guti\u00e9rrez y sumergirte en un mundo de colores, sabores y experiencias \u00fanicas. [&hellip;]<\/p>\n","protected":false},"author":4,"featured_media":97347,"comment_status":"open","ping_status":"open","sticky":false,"template":"","format":"standard","meta":{"_jetpack_memberships_contains_paid_content":false,"footnotes":"","jetpack_publicize_message":"","jetpack_publicize_feature_enabled":true,"jetpack_social_post_already_shared":true,"jetpack_social_options":{"image_generator_settings":{"template":"highway","default_image_id":0,"font":"","enabled":false},"version":2}},"categories":[791],"tags":[116,12715,10305],"class_list":["post-97339","post","type-post","status-publish","format-standard","has-post-thumbnail","hentry","category-cultura","tag-entretenimiento","tag-feria","tag-sanmigueldeallende","has-post-title","has-post-date","has-post-category","has-post-tag","has-post-comment","has-post-author",""],"yoast_head":"<!-- This site is optimized with the Yoast SEO plugin v27.4 - https:\/\/yoast.com\/product\/yoast-seo-wordpress\/ -->\n<title>Flores, cultura y tradici\u00f3n - Zero Magazine<\/title>\n<meta name=\"description\" content=\"Descubre la 69\u00aa Feria de la Candelaria en San Miguel de Allende, un evento lleno de cultura, tradici\u00f3n y naturaleza. \u00a1No te lo pierdas!\" \/>\n<meta name=\"robots\" content=\"index, follow, max-snippet:-1, max-image-preview:large, max-video-preview:-1\" \/>\n<link rel=\"canonical\" href=\"https:\/\/zeromagazine.mx\/index.php\/2025\/01\/30\/cultura-y-tradicion-en-feria-candelaria\/\" \/>\n<meta property=\"og:locale\" content=\"es_ES\" \/>\n<meta property=\"og:type\" content=\"article\" \/>\n<meta property=\"og:title\" content=\"Flores, cultura y tradici\u00f3n - Zero Magazine\" \/>\n<meta property=\"og:description\" content=\"Descubre la 69\u00aa Feria de la Candelaria en San Miguel de Allende, un evento lleno de cultura, tradici\u00f3n y naturaleza. \u00a1No te lo pierdas!\" \/>\n<meta property=\"og:url\" content=\"https:\/\/zeromagazine.mx\/index.php\/2025\/01\/30\/cultura-y-tradicion-en-feria-candelaria\/\" \/>\n<meta property=\"og:site_name\" content=\"Zero Magazine\" \/>\n<meta property=\"article:published_time\" content=\"2025-01-30T15:00:00+00:00\" \/>\n<meta property=\"article:modified_time\" content=\"2025-02-24T12:32:50+00:00\" \/>\n<meta property=\"og:image\" content=\"http:\/\/zeromagazine.mx\/wp-content\/uploads\/2025\/02\/Copia-de-C0265T01-scaled.jpg\" \/>\n\t<meta property=\"og:image:width\" content=\"2560\" \/>\n\t<meta property=\"og:image:height\" content=\"1440\" \/>\n\t<meta property=\"og:image:type\" content=\"image\/jpeg\" \/>\n<meta name=\"author\" content=\"David Morales\" \/>\n<meta name=\"twitter:card\" content=\"summary_large_image\" \/>\n<meta name=\"twitter:label1\" content=\"Escrito por\" \/>\n\t<meta name=\"twitter:data1\" content=\"David Morales\" \/>\n\t<meta name=\"twitter:label2\" content=\"Tiempo de lectura\" \/>\n\t<meta name=\"twitter:data2\" content=\"3 minutos\" \/>\n<script type=\"application\/ld+json\" class=\"yoast-schema-graph\">{\"@context\":\"https:\\\/\\\/schema.org\",\"@graph\":[{\"@type\":\"Article\",\"@id\":\"https:\\\/\\\/zeromagazine.mx\\\/index.php\\\/2025\\\/01\\\/30\\\/cultura-y-tradicion-en-feria-candelaria\\\/#article\",\"isPartOf\":{\"@id\":\"https:\\\/\\\/zeromagazine.mx\\\/index.php\\\/2025\\\/01\\\/30\\\/cultura-y-tradicion-en-feria-candelaria\\\/\"},\"author\":{\"name\":\"David Morales\",\"@id\":\"https:\\\/\\\/zeromagazine.mx\\\/#\\\/schema\\\/person\\\/9f7f1a17c60ba8e9980e3e6677aabe5a\"},\"headline\":\"Flores, cultura y tradici\u00f3n\",\"datePublished\":\"2025-01-30T15:00:00+00:00\",\"dateModified\":\"2025-02-24T12:32:50+00:00\",\"mainEntityOfPage\":{\"@id\":\"https:\\\/\\\/zeromagazine.mx\\\/index.php\\\/2025\\\/01\\\/30\\\/cultura-y-tradicion-en-feria-candelaria\\\/\"},\"wordCount\":319,\"commentCount\":0,\"publisher\":{\"@id\":\"https:\\\/\\\/zeromagazine.mx\\\/#organization\"},\"image\":{\"@id\":\"https:\\\/\\\/zeromagazine.mx\\\/index.php\\\/2025\\\/01\\\/30\\\/cultura-y-tradicion-en-feria-candelaria\\\/#primaryimage\"},\"thumbnailUrl\":\"https:\\\/\\\/i0.wp.com\\\/zeromagazine.mx\\\/wp-content\\\/uploads\\\/2025\\\/02\\\/Copia-de-C0265T01-scaled.jpg?fit=2560%2C1440&ssl=1\",\"keywords\":[\"Entretenimiento\",\"feria\",\"SanMiguelDeAllende\"],\"articleSection\":[\"Cultura\"],\"inLanguage\":\"es\",\"potentialAction\":[{\"@type\":\"CommentAction\",\"name\":\"Comment\",\"target\":[\"https:\\\/\\\/zeromagazine.mx\\\/index.php\\\/2025\\\/01\\\/30\\\/cultura-y-tradicion-en-feria-candelaria\\\/#respond\"]}]},{\"@type\":\"WebPage\",\"@id\":\"https:\\\/\\\/zeromagazine.mx\\\/index.php\\\/2025\\\/01\\\/30\\\/cultura-y-tradicion-en-feria-candelaria\\\/\",\"url\":\"https:\\\/\\\/zeromagazine.mx\\\/index.php\\\/2025\\\/01\\\/30\\\/cultura-y-tradicion-en-feria-candelaria\\\/\",\"name\":\"Flores, cultura y tradici\u00f3n - Zero Magazine\",\"isPartOf\":{\"@id\":\"https:\\\/\\\/zeromagazine.mx\\\/#website\"},\"primaryImageOfPage\":{\"@id\":\"https:\\\/\\\/zeromagazine.mx\\\/index.php\\\/2025\\\/01\\\/30\\\/cultura-y-tradicion-en-feria-candelaria\\\/#primaryimage\"},\"image\":{\"@id\":\"https:\\\/\\\/zeromagazine.mx\\\/index.php\\\/2025\\\/01\\\/30\\\/cultura-y-tradicion-en-feria-candelaria\\\/#primaryimage\"},\"thumbnailUrl\":\"https:\\\/\\\/i0.wp.com\\\/zeromagazine.mx\\\/wp-content\\\/uploads\\\/2025\\\/02\\\/Copia-de-C0265T01-scaled.jpg?fit=2560%2C1440&ssl=1\",\"datePublished\":\"2025-01-30T15:00:00+00:00\",\"dateModified\":\"2025-02-24T12:32:50+00:00\",\"description\":\"Descubre la 69\u00aa Feria de la Candelaria en San Miguel de Allende, un evento lleno de cultura, tradici\u00f3n y naturaleza. \u00a1No te lo pierdas!\",\"breadcrumb\":{\"@id\":\"https:\\\/\\\/zeromagazine.mx\\\/index.php\\\/2025\\\/01\\\/30\\\/cultura-y-tradicion-en-feria-candelaria\\\/#breadcrumb\"},\"inLanguage\":\"es\",\"potentialAction\":[{\"@type\":\"ReadAction\",\"target\":[\"https:\\\/\\\/zeromagazine.mx\\\/index.php\\\/2025\\\/01\\\/30\\\/cultura-y-tradicion-en-feria-candelaria\\\/\"]}]},{\"@type\":\"ImageObject\",\"inLanguage\":\"es\",\"@id\":\"https:\\\/\\\/zeromagazine.mx\\\/index.php\\\/2025\\\/01\\\/30\\\/cultura-y-tradicion-en-feria-candelaria\\\/#primaryimage\",\"url\":\"https:\\\/\\\/i0.wp.com\\\/zeromagazine.mx\\\/wp-content\\\/uploads\\\/2025\\\/02\\\/Copia-de-C0265T01-scaled.jpg?fit=2560%2C1440&ssl=1\",\"contentUrl\":\"https:\\\/\\\/i0.wp.com\\\/zeromagazine.mx\\\/wp-content\\\/uploads\\\/2025\\\/02\\\/Copia-de-C0265T01-scaled.jpg?fit=2560%2C1440&ssl=1\",\"width\":2560,\"height\":1440},{\"@type\":\"BreadcrumbList\",\"@id\":\"https:\\\/\\\/zeromagazine.mx\\\/index.php\\\/2025\\\/01\\\/30\\\/cultura-y-tradicion-en-feria-candelaria\\\/#breadcrumb\",\"itemListElement\":[{\"@type\":\"ListItem\",\"position\":1,\"name\":\"Portada\",\"item\":\"https:\\\/\\\/zeromagazine.mx\\\/\"},{\"@type\":\"ListItem\",\"position\":2,\"name\":\"Flores, cultura y tradici\u00f3n\"}]},{\"@type\":\"WebSite\",\"@id\":\"https:\\\/\\\/zeromagazine.mx\\\/#website\",\"url\":\"https:\\\/\\\/zeromagazine.mx\\\/\",\"name\":\"Zero Magazine\",\"description\":\"\",\"publisher\":{\"@id\":\"https:\\\/\\\/zeromagazine.mx\\\/#organization\"},\"potentialAction\":[{\"@type\":\"SearchAction\",\"target\":{\"@type\":\"EntryPoint\",\"urlTemplate\":\"https:\\\/\\\/zeromagazine.mx\\\/?s={search_term_string}\"},\"query-input\":{\"@type\":\"PropertyValueSpecification\",\"valueRequired\":true,\"valueName\":\"search_term_string\"}}],\"inLanguage\":\"es\"},{\"@type\":\"Organization\",\"@id\":\"https:\\\/\\\/zeromagazine.mx\\\/#organization\",\"name\":\"Zero Magazine\",\"url\":\"https:\\\/\\\/zeromagazine.mx\\\/\",\"logo\":{\"@type\":\"ImageObject\",\"inLanguage\":\"es\",\"@id\":\"https:\\\/\\\/zeromagazine.mx\\\/#\\\/schema\\\/logo\\\/image\\\/\",\"url\":\"https:\\\/\\\/i0.wp.com\\\/zeromagazine.mx\\\/wp-content\\\/uploads\\\/2025\\\/11\\\/1.jpeg?fit=1000%2C1000&ssl=1\",\"contentUrl\":\"https:\\\/\\\/i0.wp.com\\\/zeromagazine.mx\\\/wp-content\\\/uploads\\\/2025\\\/11\\\/1.jpeg?fit=1000%2C1000&ssl=1\",\"width\":1000,\"height\":1000,\"caption\":\"Zero Magazine\"},\"image\":{\"@id\":\"https:\\\/\\\/zeromagazine.mx\\\/#\\\/schema\\\/logo\\\/image\\\/\"},\"sameAs\":[\"https:\\\/\\\/instagram.com\\\/zeromagazinemx\"]},{\"@type\":\"Person\",\"@id\":\"https:\\\/\\\/zeromagazine.mx\\\/#\\\/schema\\\/person\\\/9f7f1a17c60ba8e9980e3e6677aabe5a\",\"name\":\"David Morales\",\"image\":{\"@type\":\"ImageObject\",\"inLanguage\":\"es\",\"@id\":\"https:\\\/\\\/zeromagazine.mx\\\/wp-content\\\/litespeed\\\/avatar\\\/76069d2136bfc1c37dc34815bb67ca42.jpg?ver=1776966186\",\"url\":\"https:\\\/\\\/zeromagazine.mx\\\/wp-content\\\/litespeed\\\/avatar\\\/76069d2136bfc1c37dc34815bb67ca42.jpg?ver=1776966186\",\"contentUrl\":\"https:\\\/\\\/zeromagazine.mx\\\/wp-content\\\/litespeed\\\/avatar\\\/76069d2136bfc1c37dc34815bb67ca42.jpg?ver=1776966186\",\"caption\":\"David Morales\"},\"url\":\"https:\\\/\\\/zeromagazine.mx\\\/index.php\\\/author\\\/david\\\/\"}]}<\/script>\n<!-- \/ Yoast SEO plugin. -->","yoast_head_json":{"title":"Flores, cultura y tradici\u00f3n - Zero Magazine","description":"Descubre la 69\u00aa Feria de la Candelaria en San Miguel de Allende, un evento lleno de cultura, tradici\u00f3n y naturaleza. \u00a1No te lo pierdas!","robots":{"index":"index","follow":"follow","max-snippet":"max-snippet:-1","max-image-preview":"max-image-preview:large","max-video-preview":"max-video-preview:-1"},"canonical":"https:\/\/zeromagazine.mx\/index.php\/2025\/01\/30\/cultura-y-tradicion-en-feria-candelaria\/","og_locale":"es_ES","og_type":"article","og_title":"Flores, cultura y tradici\u00f3n - Zero Magazine","og_description":"Descubre la 69\u00aa Feria de la Candelaria en San Miguel de Allende, un evento lleno de cultura, tradici\u00f3n y naturaleza. \u00a1No te lo pierdas!","og_url":"https:\/\/zeromagazine.mx\/index.php\/2025\/01\/30\/cultura-y-tradicion-en-feria-candelaria\/","og_site_name":"Zero Magazine","article_published_time":"2025-01-30T15:00:00+00:00","article_modified_time":"2025-02-24T12:32:50+00:00","og_image":[{"width":2560,"height":1440,"url":"http:\/\/zeromagazine.mx\/wp-content\/uploads\/2025\/02\/Copia-de-C0265T01-scaled.jpg","type":"image\/jpeg"}],"author":"David Morales","twitter_card":"summary_large_image","twitter_misc":{"Escrito por":"David Morales","Tiempo de lectura":"3 minutos"},"schema":{"@context":"https:\/\/schema.org","@graph":[{"@type":"Article","@id":"https:\/\/zeromagazine.mx\/index.php\/2025\/01\/30\/cultura-y-tradicion-en-feria-candelaria\/#article","isPartOf":{"@id":"https:\/\/zeromagazine.mx\/index.php\/2025\/01\/30\/cultura-y-tradicion-en-feria-candelaria\/"},"author":{"name":"David Morales","@id":"https:\/\/zeromagazine.mx\/#\/schema\/person\/9f7f1a17c60ba8e9980e3e6677aabe5a"},"headline":"Flores, cultura y tradici\u00f3n","datePublished":"2025-01-30T15:00:00+00:00","dateModified":"2025-02-24T12:32:50+00:00","mainEntityOfPage":{"@id":"https:\/\/zeromagazine.mx\/index.php\/2025\/01\/30\/cultura-y-tradicion-en-feria-candelaria\/"},"wordCount":319,"commentCount":0,"publisher":{"@id":"https:\/\/zeromagazine.mx\/#organization"},"image":{"@id":"https:\/\/zeromagazine.mx\/index.php\/2025\/01\/30\/cultura-y-tradicion-en-feria-candelaria\/#primaryimage"},"thumbnailUrl":"https:\/\/i0.wp.com\/zeromagazine.mx\/wp-content\/uploads\/2025\/02\/Copia-de-C0265T01-scaled.jpg?fit=2560%2C1440&ssl=1","keywords":["Entretenimiento","feria","SanMiguelDeAllende"],"articleSection":["Cultura"],"inLanguage":"es","potentialAction":[{"@type":"CommentAction","name":"Comment","target":["https:\/\/zeromagazine.mx\/index.php\/2025\/01\/30\/cultura-y-tradicion-en-feria-candelaria\/#respond"]}]},{"@type":"WebPage","@id":"https:\/\/zeromagazine.mx\/index.php\/2025\/01\/30\/cultura-y-tradicion-en-feria-candelaria\/","url":"https:\/\/zeromagazine.mx\/index.php\/2025\/01\/30\/cultura-y-tradicion-en-feria-candelaria\/","name":"Flores, cultura y tradici\u00f3n - Zero Magazine","isPartOf":{"@id":"https:\/\/zeromagazine.mx\/#website"},"primaryImageOfPage":{"@id":"https:\/\/zeromagazine.mx\/index.php\/2025\/01\/30\/cultura-y-tradicion-en-feria-candelaria\/#primaryimage"},"image":{"@id":"https:\/\/zeromagazine.mx\/index.php\/2025\/01\/30\/cultura-y-tradicion-en-feria-candelaria\/#primaryimage"},"thumbnailUrl":"https:\/\/i0.wp.com\/zeromagazine.mx\/wp-content\/uploads\/2025\/02\/Copia-de-C0265T01-scaled.jpg?fit=2560%2C1440&ssl=1","datePublished":"2025-01-30T15:00:00+00:00","dateModified":"2025-02-24T12:32:50+00:00","description":"Descubre la 69\u00aa Feria de la Candelaria en San Miguel de Allende, un evento lleno de cultura, tradici\u00f3n y naturaleza. \u00a1No te lo pierdas!","breadcrumb":{"@id":"https:\/\/zeromagazine.mx\/index.php\/2025\/01\/30\/cultura-y-tradicion-en-feria-candelaria\/#breadcrumb"},"inLanguage":"es","potentialAction":[{"@type":"ReadAction","target":["https:\/\/zeromagazine.mx\/index.php\/2025\/01\/30\/cultura-y-tradicion-en-feria-candelaria\/"]}]},{"@type":"ImageObject","inLanguage":"es","@id":"https:\/\/zeromagazine.mx\/index.php\/2025\/01\/30\/cultura-y-tradicion-en-feria-candelaria\/#primaryimage","url":"https:\/\/i0.wp.com\/zeromagazine.mx\/wp-content\/uploads\/2025\/02\/Copia-de-C0265T01-scaled.jpg?fit=2560%2C1440&ssl=1","contentUrl":"https:\/\/i0.wp.com\/zeromagazine.mx\/wp-content\/uploads\/2025\/02\/Copia-de-C0265T01-scaled.jpg?fit=2560%2C1440&ssl=1","width":2560,"height":1440},{"@type":"BreadcrumbList","@id":"https:\/\/zeromagazine.mx\/index.php\/2025\/01\/30\/cultura-y-tradicion-en-feria-candelaria\/#breadcrumb","itemListElement":[{"@type":"ListItem","position":1,"name":"Portada","item":"https:\/\/zeromagazine.mx\/"},{"@type":"ListItem","position":2,"name":"Flores, cultura y tradici\u00f3n"}]},{"@type":"WebSite","@id":"https:\/\/zeromagazine.mx\/#website","url":"https:\/\/zeromagazine.mx\/","name":"Zero Magazine","description":"","publisher":{"@id":"https:\/\/zeromagazine.mx\/#organization"},"potentialAction":[{"@type":"SearchAction","target":{"@type":"EntryPoint","urlTemplate":"https:\/\/zeromagazine.mx\/?s={search_term_string}"},"query-input":{"@type":"PropertyValueSpecification","valueRequired":true,"valueName":"search_term_string"}}],"inLanguage":"es"},{"@type":"Organization","@id":"https:\/\/zeromagazine.mx\/#organization","name":"Zero Magazine","url":"https:\/\/zeromagazine.mx\/","logo":{"@type":"ImageObject","inLanguage":"es","@id":"https:\/\/zeromagazine.mx\/#\/schema\/logo\/image\/","url":"https:\/\/i0.wp.com\/zeromagazine.mx\/wp-content\/uploads\/2025\/11\/1.jpeg?fit=1000%2C1000&ssl=1","contentUrl":"https:\/\/i0.wp.com\/zeromagazine.mx\/wp-content\/uploads\/2025\/11\/1.jpeg?fit=1000%2C1000&ssl=1","width":1000,"height":1000,"caption":"Zero Magazine"},"image":{"@id":"https:\/\/zeromagazine.mx\/#\/schema\/logo\/image\/"},"sameAs":["https:\/\/instagram.com\/zeromagazinemx"]},{"@type":"Person","@id":"https:\/\/zeromagazine.mx\/#\/schema\/person\/9f7f1a17c60ba8e9980e3e6677aabe5a","name":"David Morales","image":{"@type":"ImageObject","inLanguage":"es","@id":"https:\/\/zeromagazine.mx\/wp-content\/litespeed\/avatar\/76069d2136bfc1c37dc34815bb67ca42.jpg?ver=1776966186","url":"https:\/\/zeromagazine.mx\/wp-content\/litespeed\/avatar\/76069d2136bfc1c37dc34815bb67ca42.jpg?ver=1776966186","contentUrl":"https:\/\/zeromagazine.mx\/wp-content\/litespeed\/avatar\/76069d2136bfc1c37dc34815bb67ca42.jpg?ver=1776966186","caption":"David Morales"},"url":"https:\/\/zeromagazine.mx\/index.php\/author\/david\/"}]}},"jetpack_publicize_connections":[],"jetpack_featured_media_url":"https:\/\/i0.wp.com\/zeromagazine.mx\/wp-content\/uploads\/2025\/02\/Copia-de-C0265T01-scaled.jpg?fit=2560%2C1440&ssl=1","jetpack-related-posts":[{"id":81652,"url":"https:\/\/zeromagazine.mx\/index.php\/2024\/08\/09\/bacalar-eventos-cool-que-no-te-pierdas\/","url_meta":{"origin":97339,"position":0},"title":"\u00abBacalar: Eventos Cool que No Te Pierdas\u00bb","author":"zeromagazinemx","date":"9 de agosto de 2024","format":false,"excerpt":"Si te late la onda cultural y andas buscando un destino que combine tradici\u00f3n y arte, d\u00e9jame decirte que Bacalar es el spot perfecto para ti. Este Pueblo M\u00e1gico en Quintana Roo no solo es famoso por su Laguna de los Siete Colores, sino que ahora se viene con una\u2026","rel":"","context":"En \u00abViajes\u00bb","block_context":{"text":"Viajes","link":"https:\/\/zeromagazine.mx\/index.php\/category\/lugares\/"},"img":{"alt_text":"","src":"https:\/\/i0.wp.com\/zeromagazine.mx\/wp-content\/uploads\/2024\/08\/WhatsApp-Image-2024-08-07-at-12.55.18.jpeg?fit=1200%2C904&ssl=1&resize=350%2C200","width":350,"height":200,"srcset":"https:\/\/i0.wp.com\/zeromagazine.mx\/wp-content\/uploads\/2024\/08\/WhatsApp-Image-2024-08-07-at-12.55.18.jpeg?fit=1200%2C904&ssl=1&resize=350%2C200 1x, https:\/\/i0.wp.com\/zeromagazine.mx\/wp-content\/uploads\/2024\/08\/WhatsApp-Image-2024-08-07-at-12.55.18.jpeg?fit=1200%2C904&ssl=1&resize=525%2C300 1.5x, https:\/\/i0.wp.com\/zeromagazine.mx\/wp-content\/uploads\/2024\/08\/WhatsApp-Image-2024-08-07-at-12.55.18.jpeg?fit=1200%2C904&ssl=1&resize=700%2C400 2x, https:\/\/i0.wp.com\/zeromagazine.mx\/wp-content\/uploads\/2024\/08\/WhatsApp-Image-2024-08-07-at-12.55.18.jpeg?fit=1200%2C904&ssl=1&resize=1050%2C600 3x"},"classes":[]},{"id":114904,"url":"https:\/\/zeromagazine.mx\/index.php\/2026\/02\/07\/feria-material-cdmx-maravilla-studios\/","url_meta":{"origin":97339,"position":1},"title":"Feria Material Vol. 12 estrena sede en Maravilla Studios e inaugura una nueva etapa","author":"David Morales","date":"7 de febrero de 2026","format":false,"excerpt":"La Semana del Arte en CDMX siempre trae hype, pero este a\u00f1o el mood sube de nivel.\u00a0Feria Material Vol. 12\u00a0no solo regresa: se reinventa con una nueva casa en Maravilla Studios, un venue industrial de gran escala en la colonia Atlampa que le da un upgrade total a la experiencia.\u2026","rel":"","context":"En \u00abCultura\u00bb","block_context":{"text":"Cultura","link":"https:\/\/zeromagazine.mx\/index.php\/category\/cultura\/"},"img":{"alt_text":"","src":"https:\/\/i0.wp.com\/zeromagazine.mx\/wp-content\/uploads\/2026\/02\/4-Credito-Narrativa-Foto-Cortesia-de-Material.jpeg?fit=1200%2C800&ssl=1&resize=350%2C200","width":350,"height":200,"srcset":"https:\/\/i0.wp.com\/zeromagazine.mx\/wp-content\/uploads\/2026\/02\/4-Credito-Narrativa-Foto-Cortesia-de-Material.jpeg?fit=1200%2C800&ssl=1&resize=350%2C200 1x, https:\/\/i0.wp.com\/zeromagazine.mx\/wp-content\/uploads\/2026\/02\/4-Credito-Narrativa-Foto-Cortesia-de-Material.jpeg?fit=1200%2C800&ssl=1&resize=525%2C300 1.5x, https:\/\/i0.wp.com\/zeromagazine.mx\/wp-content\/uploads\/2026\/02\/4-Credito-Narrativa-Foto-Cortesia-de-Material.jpeg?fit=1200%2C800&ssl=1&resize=700%2C400 2x, https:\/\/i0.wp.com\/zeromagazine.mx\/wp-content\/uploads\/2026\/02\/4-Credito-Narrativa-Foto-Cortesia-de-Material.jpeg?fit=1200%2C800&ssl=1&resize=1050%2C600 3x"},"classes":[]},{"id":113874,"url":"https:\/\/zeromagazine.mx\/index.php\/2026\/01\/21\/feria-material-maravilla-studios\/","url_meta":{"origin":97339,"position":2},"title":"Feria Material anuncia Maravilla Studios como sede de su 12.\u00aa edici\u00f3n","author":"David Morales","date":"21 de enero de 2026","format":false,"excerpt":"La\u00a0Feria Material\u00a0entra en una nueva etapa y se nota desde el primer paso. Para su 12.\u00aa edici\u00f3n, la feria anuncia\u00a0Maravilla Studios\u00a0como su nueva sede, un movimiento que no solo cambia la ubicaci\u00f3n, sino tambi\u00e9n la escala, la energ\u00eda y la forma en la que se vive el arte durante la\u2026","rel":"","context":"En \u00abBlog\u00bb","block_context":{"text":"Blog","link":"https:\/\/zeromagazine.mx\/index.php\/category\/blog\/"},"img":{"alt_text":"","src":"https:\/\/i0.wp.com\/zeromagazine.mx\/wp-content\/uploads\/2026\/01\/IMG_1076.jpeg?fit=1066%2C850&ssl=1&resize=350%2C200","width":350,"height":200,"srcset":"https:\/\/i0.wp.com\/zeromagazine.mx\/wp-content\/uploads\/2026\/01\/IMG_1076.jpeg?fit=1066%2C850&ssl=1&resize=350%2C200 1x, https:\/\/i0.wp.com\/zeromagazine.mx\/wp-content\/uploads\/2026\/01\/IMG_1076.jpeg?fit=1066%2C850&ssl=1&resize=525%2C300 1.5x, https:\/\/i0.wp.com\/zeromagazine.mx\/wp-content\/uploads\/2026\/01\/IMG_1076.jpeg?fit=1066%2C850&ssl=1&resize=700%2C400 2x, https:\/\/i0.wp.com\/zeromagazine.mx\/wp-content\/uploads\/2026\/01\/IMG_1076.jpeg?fit=1066%2C850&ssl=1&resize=1050%2C600 3x"},"classes":[]},{"id":116922,"url":"https:\/\/zeromagazine.mx\/index.php\/2026\/03\/18\/feria-xcaret-arte-popular-libro-2025\/","url_meta":{"origin":97339,"position":3},"title":"Grupo Xcaret presenta el libro de Feria Xcaret de Arte Popular Mexicano 2025 y una muestra fotogr\u00e1fica de las piezas ganadoras de las dos ediciones pasadas","author":"David Morales","date":"18 de marzo de 2026","format":false,"excerpt":"La\u00a0Feria Xcaret Arte Popular\u00a0sigue consolid\u00e1ndose como uno de los espacios m\u00e1s importantes para reconocer y difundir el talento artesanal de M\u00e9xico. En esta ocasi\u00f3n,\u00a0Grupo Xcaret\u00a0present\u00f3 un libro especial que documenta lo mejor de la edici\u00f3n 2025, acompa\u00f1ado por una exposici\u00f3n fotogr\u00e1fica que muestra algunas de las piezas ganadoras de ediciones\u2026","rel":"","context":"En \u00abBlog\u00bb","block_context":{"text":"Blog","link":"https:\/\/zeromagazine.mx\/index.php\/category\/blog\/"},"img":{"alt_text":"","src":"https:\/\/i0.wp.com\/zeromagazine.mx\/wp-content\/uploads\/2026\/03\/IMG_1766.jpeg?fit=1200%2C900&ssl=1&resize=350%2C200","width":350,"height":200,"srcset":"https:\/\/i0.wp.com\/zeromagazine.mx\/wp-content\/uploads\/2026\/03\/IMG_1766.jpeg?fit=1200%2C900&ssl=1&resize=350%2C200 1x, https:\/\/i0.wp.com\/zeromagazine.mx\/wp-content\/uploads\/2026\/03\/IMG_1766.jpeg?fit=1200%2C900&ssl=1&resize=525%2C300 1.5x, https:\/\/i0.wp.com\/zeromagazine.mx\/wp-content\/uploads\/2026\/03\/IMG_1766.jpeg?fit=1200%2C900&ssl=1&resize=700%2C400 2x, https:\/\/i0.wp.com\/zeromagazine.mx\/wp-content\/uploads\/2026\/03\/IMG_1766.jpeg?fit=1200%2C900&ssl=1&resize=1050%2C600 3x"},"classes":[]},{"id":114220,"url":"https:\/\/zeromagazine.mx\/index.php\/2026\/01\/26\/bada-mexico-arte-directo-2026\/","url_meta":{"origin":97339,"position":4},"title":"BADA M\u00e9xico: arte sin intermediarios","author":"David Morales","date":"26 de enero de 2026","format":false,"excerpt":"BADA M\u00e9xico vuelve en 2026 para recordarnos que el arte no tiene por qu\u00e9 sentirse lejano, elitista ni complicado. Del\u00a05 al 8 de febrero, Campo Marte se transforma en un punto de encuentro donde el arte se vive sin filtros, sin intermediarios y, sobre todo, de frente.\u00a0BADA M\u00e9xico\u00a0no es solo\u2026","rel":"","context":"En \u00abCultura\u00bb","block_context":{"text":"Cultura","link":"https:\/\/zeromagazine.mx\/index.php\/category\/cultura\/"},"img":{"alt_text":"","src":"https:\/\/i0.wp.com\/zeromagazine.mx\/wp-content\/uploads\/2026\/01\/O9A4173-scaled.jpeg?fit=1200%2C800&ssl=1&resize=350%2C200","width":350,"height":200,"srcset":"https:\/\/i0.wp.com\/zeromagazine.mx\/wp-content\/uploads\/2026\/01\/O9A4173-scaled.jpeg?fit=1200%2C800&ssl=1&resize=350%2C200 1x, https:\/\/i0.wp.com\/zeromagazine.mx\/wp-content\/uploads\/2026\/01\/O9A4173-scaled.jpeg?fit=1200%2C800&ssl=1&resize=525%2C300 1.5x, https:\/\/i0.wp.com\/zeromagazine.mx\/wp-content\/uploads\/2026\/01\/O9A4173-scaled.jpeg?fit=1200%2C800&ssl=1&resize=700%2C400 2x, https:\/\/i0.wp.com\/zeromagazine.mx\/wp-content\/uploads\/2026\/01\/O9A4173-scaled.jpeg?fit=1200%2C800&ssl=1&resize=1050%2C600 3x"},"classes":[]},{"id":91530,"url":"https:\/\/zeromagazine.mx\/index.php\/2024\/11\/25\/bada-2025-arte-para-todxs\/","url_meta":{"origin":97339,"position":5},"title":"BADA 2025: Arte para Todxs","author":"zeromagazinemx","date":"25 de noviembre de 2024","format":false,"excerpt":"BADA 2025 es la feria que est\u00e1 cambiando la manera de conectar con el arte. Con la participaci\u00f3n de Pedro Friedeberg y un espacio para j\u00f3venes creadores, \u00a1es el evento del a\u00f1o!","rel":"","context":"En \u00abCultura\u00bb","block_context":{"text":"Cultura","link":"https:\/\/zeromagazine.mx\/index.php\/category\/cultura\/"},"img":{"alt_text":"","src":"https:\/\/i0.wp.com\/zeromagazine.mx\/wp-content\/uploads\/2024\/11\/unnamed.gif?fit=864%2C864&ssl=1&resize=350%2C200","width":350,"height":200,"srcset":"https:\/\/i0.wp.com\/zeromagazine.mx\/wp-content\/uploads\/2024\/11\/unnamed.gif?fit=864%2C864&ssl=1&resize=350%2C200 1x, https:\/\/i0.wp.com\/zeromagazine.mx\/wp-content\/uploads\/2024\/11\/unnamed.gif?fit=864%2C864&ssl=1&resize=525%2C300 1.5x, https:\/\/i0.wp.com\/zeromagazine.mx\/wp-content\/uploads\/2024\/11\/unnamed.gif?fit=864%2C864&ssl=1&resize=700%2C400 2x"},"classes":[]}],"jetpack_sharing_enabled":true,"builder_content":"","_links":{"self":[{"href":"https:\/\/zeromagazine.mx\/index.php\/wp-json\/wp\/v2\/posts\/97339","targetHints":{"allow":["GET"]}}],"collection":[{"href":"https:\/\/zeromagazine.mx\/index.php\/wp-json\/wp\/v2\/posts"}],"about":[{"href":"https:\/\/zeromagazine.mx\/index.php\/wp-json\/wp\/v2\/types\/post"}],"author":[{"embeddable":true,"href":"https:\/\/zeromagazine.mx\/index.php\/wp-json\/wp\/v2\/users\/4"}],"replies":[{"embeddable":true,"href":"https:\/\/zeromagazine.mx\/index.php\/wp-json\/wp\/v2\/comments?post=97339"}],"version-history":[{"count":4,"href":"https:\/\/zeromagazine.mx\/index.php\/wp-json\/wp\/v2\/posts\/97339\/revisions"}],"predecessor-version":[{"id":97353,"href":"https:\/\/zeromagazine.mx\/index.php\/wp-json\/wp\/v2\/posts\/97339\/revisions\/97353"}],"wp:featuredmedia":[{"embeddable":true,"href":"https:\/\/zeromagazine.mx\/index.php\/wp-json\/wp\/v2\/media\/97347"}],"wp:attachment":[{"href":"https:\/\/zeromagazine.mx\/index.php\/wp-json\/wp\/v2\/media?parent=97339"}],"wp:term":[{"taxonomy":"category","embeddable":true,"href":"https:\/\/zeromagazine.mx\/index.php\/wp-json\/wp\/v2\/categories?post=97339"},{"taxonomy":"post_tag","embeddable":true,"href":"https:\/\/zeromagazine.mx\/index.php\/wp-json\/wp\/v2\/tags?post=97339"}],"curies":[{"name":"wp","href":"https:\/\/api.w.org\/{rel}","templated":true}]}}