{"id":97697,"date":"2025-02-26T21:32:01","date_gmt":"2025-02-26T20:32:01","guid":{"rendered":"https:\/\/zeromagazine.mx\/?p=97697"},"modified":"2025-02-26T21:32:02","modified_gmt":"2025-02-26T20:32:02","slug":"nuevo-sencillo-de-celeste-sanazi","status":"publish","type":"post","link":"https:\/\/zeromagazine.mx\/index.php\/2025\/02\/26\/nuevo-sencillo-de-celeste-sanazi\/","title":{"rendered":"Celeste Sanazi y Su Rayo de Sol"},"content":{"rendered":"<p class=\"wp-block-paragraph\">La m\u00fasica siempre ha sido un refugio y Celeste Sanazi lo sabe bien. Con su nuevo sencillo: \u00abAl Sol\u00bb, esta artista talentosa nos invita a abrazar la dualidad de la vida y aprender a fluir con el momento. La rola no solo trae buena vibra, sino que tambi\u00e9n nos recuerda que para llegar a la luz, primero hay que atravesar la oscuridad.<\/p>\n\n\n\n<h3 class=\"wp-block-heading\">Un viaje fuera de su zona de confort<\/h3>\n\n\n\n<p class=\"wp-block-paragraph\">Desde el inicio, \u00abAl Sol\u00bb fue un reto para Celeste pues en esta ocasi\u00f3n, la cantante decidi\u00f3 cambiar su proceso creativo y enfocarse primero en la melod\u00eda antes de escribir la letra. Trabajando junto a su productor Jos\u00e9 Gonz\u00e1lez (Sapo), descubri\u00f3 una nueva forma de conectar con su m\u00fasica. Esta exploraci\u00f3n la llev\u00f3 a probar el afro pop, un g\u00e9nero que le permiti\u00f3 jugar con ritmos distintos y experimentar con texturas frescas.<\/p>\n\n\n\n<script async src=\"https:\/\/pagead2.googlesyndication.com\/pagead\/js\/adsbygoogle.js?client=ca-pub-5499304793904745\"\n     crossorigin=\"anonymous\"><\/script>\n<ins class=\"adsbygoogle\"\n     style=\"display:block; text-align:center;\"\n     data-ad-layout=\"in-article\"\n     data-ad-format=\"fluid\"\n     data-ad-client=\"ca-pub-5499304793904745\"\n     data-ad-slot=\"5994863093\"><\/ins>\n<script>\n     (adsbygoogle = window.adsbygoogle || []).push({});\n<\/script>\n\n\n\n<h3 class=\"wp-block-heading\">M\u00e1s que una canci\u00f3n, un mantra<\/h3>\n\n\n\n<p class=\"wp-block-paragraph\">Adem\u00e1s, la letra de \u00abAl Sol\u00bb es profunda y llena de capas de significado. La artista busca que su estribillo funcione como un mantra, un recordatorio de que la vida est\u00e1 hecha de contrastes y que hay que aprender a soltar el control. Aunque inicialmente hab\u00eda planes para colaborar con otra persona, los tiempos no coincidieron, lo que termin\u00f3 d\u00e1ndole a la canci\u00f3n una identidad completamente suya.<\/p>\n\n\n<div class=\"wp-block-image\">\n<figure class=\"aligncenter size-large\"><img data-recalc-dims=\"1\" decoding=\"async\" width=\"686\" height=\"1024\" src=\"https:\/\/i0.wp.com\/zeromagazine.mx\/wp-content\/uploads\/2025\/02\/CELESTE-SANAZI-1-686x1024.jpg?resize=686%2C1024&#038;ssl=1\" alt=\"\" class=\"wp-image-97701\" srcset=\"https:\/\/i0.wp.com\/zeromagazine.mx\/wp-content\/uploads\/2025\/02\/CELESTE-SANAZI-1.jpg?resize=686%2C1024&amp;ssl=1 686w, https:\/\/i0.wp.com\/zeromagazine.mx\/wp-content\/uploads\/2025\/02\/CELESTE-SANAZI-1.jpg?resize=201%2C300&amp;ssl=1 201w, https:\/\/i0.wp.com\/zeromagazine.mx\/wp-content\/uploads\/2025\/02\/CELESTE-SANAZI-1.jpg?resize=768%2C1146&amp;ssl=1 768w, https:\/\/i0.wp.com\/zeromagazine.mx\/wp-content\/uploads\/2025\/02\/CELESTE-SANAZI-1.jpg?resize=1029%2C1536&amp;ssl=1 1029w, https:\/\/i0.wp.com\/zeromagazine.mx\/wp-content\/uploads\/2025\/02\/CELESTE-SANAZI-1.jpg?w=1072&amp;ssl=1 1072w\" sizes=\"(max-width: 686px) 100vw, 686px\" \/><\/figure>\n<\/div>\n\n\n<h3 class=\"wp-block-heading\">El videoclip y lo que viene<\/h3>\n\n\n\n<p class=\"wp-block-paragraph\">Por otro lado, el video musical promete ser una joya simb\u00f3lica, como ya es costumbre en su trabajo. De igual forma, Celeste adelant\u00f3 que la historia se desarrollar\u00e1 en la playa, un lugar que todos asociamos con el sol y la energ\u00eda. Con esto, quiere transmitir una historia con la que muchxs se podr\u00e1n identificar. Por si fuera poco, despu\u00e9s de \u00abAl Sol\u00bb nos espera algo totalmente inesperado, pues Celeste se prepara para lanzar una canci\u00f3n en un g\u00e9nero completamente distinto a todo lo que ha hecho antes. \u00abLo que est\u00e1 por lanzarse me sorprende hasta a m\u00ed\u00bb, confes\u00f3 la cantante.<\/p>\n\n\n\n<h3 class=\"wp-block-heading\">Celeste sigue brillando<\/h3>\n\n\n\n<p class=\"wp-block-paragraph\">Con \u00abAl Sol\u00bb, Celeste Sanazi demuestra que sigue evolucionando y explorando nuevos sonidos sin perder su esencia. Si a\u00fan no has escuchado su nueva rola, ya est\u00e1 disponible en todas las plataformas digitales y s\u00edguela en <a href=\"https:\/\/www.instagram.com\/celestesanazi\/\">@celestesanazi<\/a>, para no perderte de todo lo que viene. \u00bfListx para dejarte llevar por su luz? <\/p>\n\n\n\n<script async src=\"https:\/\/pagead2.googlesyndication.com\/pagead\/js\/adsbygoogle.js?client=ca-pub-5499304793904745\"\n     crossorigin=\"anonymous\"><\/script>\n<ins class=\"adsbygoogle\"\n     style=\"display:block; text-align:center;\"\n     data-ad-layout=\"in-article\"\n     data-ad-format=\"fluid\"\n     data-ad-client=\"ca-pub-5499304793904745\"\n     data-ad-slot=\"5994863093\"><\/ins>\n<script>\n     (adsbygoogle = window.adsbygoogle || []).push({});\n<\/script>\n\n<!--themify_builder_content-->\n<div id=\"themify_builder_content-97697\" data-postid=\"97697\" class=\"themify_builder_content themify_builder_content-97697 themify_builder tf_clear\">\n    <\/div>\n<!--\/themify_builder_content-->","protected":false},"excerpt":{"rendered":"<p>La m\u00fasica siempre ha sido un refugio y Celeste Sanazi lo sabe bien. Con su nuevo sencillo: \u00abAl Sol\u00bb, esta artista talentosa nos invita a abrazar la dualidad de la vida y aprender a fluir con el momento. La rola no solo trae buena vibra, sino que tambi\u00e9n nos recuerda que para llegar a la [&hellip;]<\/p>\n","protected":false},"author":4,"featured_media":97700,"comment_status":"open","ping_status":"open","sticky":false,"template":"","format":"standard","meta":{"_jetpack_newsletter_access":"","_jetpack_dont_email_post_to_subs":false,"_jetpack_newsletter_tier_id":0,"_jetpack_memberships_contains_paywalled_content":false,"_jetpack_feature_clip_id":0,"_jetpack_memberships_contains_paid_content":false,"footnotes":"","jetpack_publicize_message":"","jetpack_publicize_feature_enabled":true,"jetpack_social_post_already_shared":true,"jetpack_social_options":{"image_generator_settings":{"template":"highway","default_image_id":0,"font":"","enabled":false},"version":2},"jetpack_post_was_ever_published":false},"categories":[791],"tags":[12745,12746,12744,116],"class_list":["post-97697","post","type-post","status-publish","format-standard","has-post-thumbnail","hentry","category-cultura","tag-afro-pop","tag-al-sol","tag-celeste-sanazi","tag-entretenimiento","has-post-title","has-post-date","has-post-category","has-post-tag","has-post-comment","has-post-author",""],"yoast_head":"<!-- This site is optimized with the Yoast SEO plugin v28.3 - https:\/\/yoast.com\/product\/yoast-seo-wordpress\/ -->\n<title>Celeste Sanazi y Su Rayo de Sol - Zero Magazine<\/title>\n<meta name=\"description\" content=\"Celeste Sanazi brilla con &quot;Al Sol&quot;, su nuevo sencillo de afro pop que invita a soltar el control y abrazar la dualidad de la vida.\" \/>\n<meta name=\"robots\" content=\"index, follow, max-snippet:-1, max-image-preview:large, max-video-preview:-1\" \/>\n<link rel=\"canonical\" href=\"https:\/\/zeromagazine.mx\/index.php\/2025\/02\/26\/nuevo-sencillo-de-celeste-sanazi\/\" \/>\n<meta property=\"og:locale\" content=\"es_ES\" \/>\n<meta property=\"og:type\" content=\"article\" \/>\n<meta property=\"og:title\" content=\"Celeste Sanazi y Su Rayo de Sol - Zero Magazine\" \/>\n<meta property=\"og:description\" content=\"Celeste Sanazi brilla con &quot;Al Sol&quot;, su nuevo sencillo de afro pop que invita a soltar el control y abrazar la dualidad de la vida.\" \/>\n<meta property=\"og:url\" content=\"https:\/\/zeromagazine.mx\/index.php\/2025\/02\/26\/nuevo-sencillo-de-celeste-sanazi\/\" \/>\n<meta property=\"og:site_name\" content=\"Zero Magazine\" \/>\n<meta property=\"article:published_time\" content=\"2025-02-26T20:32:01+00:00\" \/>\n<meta property=\"article:modified_time\" content=\"2025-02-26T20:32:02+00:00\" \/>\n<meta property=\"og:image\" content=\"http:\/\/zeromagazine.mx\/wp-content\/uploads\/2025\/02\/Imagen-de-WhatsApp-2025-02-26-a-las-19.46.52_99137bdd-2.jpg\" \/>\n\t<meta property=\"og:image:width\" content=\"1600\" \/>\n\t<meta property=\"og:image:height\" content=\"1600\" \/>\n\t<meta property=\"og:image:type\" content=\"image\/jpeg\" \/>\n<meta name=\"author\" content=\"David Morales\" \/>\n<meta name=\"twitter:card\" content=\"summary_large_image\" \/>\n<meta name=\"twitter:label1\" content=\"Escrito por\" \/>\n\t<meta name=\"twitter:data1\" content=\"David Morales\" \/>\n\t<meta name=\"twitter:label2\" content=\"Tiempo de lectura\" \/>\n\t<meta name=\"twitter:data2\" content=\"3 minutos\" \/>\n<script type=\"application\/ld+json\" class=\"yoast-schema-graph\">{\"@context\":\"https:\\\/\\\/schema.org\",\"@graph\":[{\"@type\":\"Article\",\"@id\":\"https:\\\/\\\/zeromagazine.mx\\\/index.php\\\/2025\\\/02\\\/26\\\/nuevo-sencillo-de-celeste-sanazi\\\/#article\",\"isPartOf\":{\"@id\":\"https:\\\/\\\/zeromagazine.mx\\\/index.php\\\/2025\\\/02\\\/26\\\/nuevo-sencillo-de-celeste-sanazi\\\/\"},\"author\":{\"name\":\"David Morales\",\"@id\":\"https:\\\/\\\/zeromagazine.mx\\\/#\\\/schema\\\/person\\\/9f7f1a17c60ba8e9980e3e6677aabe5a\"},\"headline\":\"Celeste Sanazi y Su Rayo de Sol\",\"datePublished\":\"2025-02-26T20:32:01+00:00\",\"dateModified\":\"2025-02-26T20:32:02+00:00\",\"mainEntityOfPage\":{\"@id\":\"https:\\\/\\\/zeromagazine.mx\\\/index.php\\\/2025\\\/02\\\/26\\\/nuevo-sencillo-de-celeste-sanazi\\\/\"},\"wordCount\":406,\"commentCount\":0,\"publisher\":{\"@id\":\"https:\\\/\\\/zeromagazine.mx\\\/#organization\"},\"image\":{\"@id\":\"https:\\\/\\\/zeromagazine.mx\\\/index.php\\\/2025\\\/02\\\/26\\\/nuevo-sencillo-de-celeste-sanazi\\\/#primaryimage\"},\"thumbnailUrl\":\"https:\\\/\\\/i0.wp.com\\\/zeromagazine.mx\\\/wp-content\\\/uploads\\\/2025\\\/02\\\/Imagen-de-WhatsApp-2025-02-26-a-las-19.46.52_99137bdd-2.jpg?fit=1600%2C1600&ssl=1\",\"keywords\":[\"Afro pop\",\"Al Sol\",\"Celeste Sanazi\",\"Entretenimiento\"],\"articleSection\":[\"Cultura\"],\"inLanguage\":\"es\",\"potentialAction\":[{\"@type\":\"CommentAction\",\"name\":\"Comment\",\"target\":[\"https:\\\/\\\/zeromagazine.mx\\\/index.php\\\/2025\\\/02\\\/26\\\/nuevo-sencillo-de-celeste-sanazi\\\/#respond\"]}]},{\"@type\":\"WebPage\",\"@id\":\"https:\\\/\\\/zeromagazine.mx\\\/index.php\\\/2025\\\/02\\\/26\\\/nuevo-sencillo-de-celeste-sanazi\\\/\",\"url\":\"https:\\\/\\\/zeromagazine.mx\\\/index.php\\\/2025\\\/02\\\/26\\\/nuevo-sencillo-de-celeste-sanazi\\\/\",\"name\":\"Celeste Sanazi y Su Rayo de Sol - Zero Magazine\",\"isPartOf\":{\"@id\":\"https:\\\/\\\/zeromagazine.mx\\\/#website\"},\"primaryImageOfPage\":{\"@id\":\"https:\\\/\\\/zeromagazine.mx\\\/index.php\\\/2025\\\/02\\\/26\\\/nuevo-sencillo-de-celeste-sanazi\\\/#primaryimage\"},\"image\":{\"@id\":\"https:\\\/\\\/zeromagazine.mx\\\/index.php\\\/2025\\\/02\\\/26\\\/nuevo-sencillo-de-celeste-sanazi\\\/#primaryimage\"},\"thumbnailUrl\":\"https:\\\/\\\/i0.wp.com\\\/zeromagazine.mx\\\/wp-content\\\/uploads\\\/2025\\\/02\\\/Imagen-de-WhatsApp-2025-02-26-a-las-19.46.52_99137bdd-2.jpg?fit=1600%2C1600&ssl=1\",\"datePublished\":\"2025-02-26T20:32:01+00:00\",\"dateModified\":\"2025-02-26T20:32:02+00:00\",\"description\":\"Celeste Sanazi brilla con \\\"Al Sol\\\", su nuevo sencillo de afro pop que invita a soltar el control y abrazar la dualidad de la vida.\",\"breadcrumb\":{\"@id\":\"https:\\\/\\\/zeromagazine.mx\\\/index.php\\\/2025\\\/02\\\/26\\\/nuevo-sencillo-de-celeste-sanazi\\\/#breadcrumb\"},\"inLanguage\":\"es\",\"potentialAction\":[{\"@type\":\"ReadAction\",\"target\":[\"https:\\\/\\\/zeromagazine.mx\\\/index.php\\\/2025\\\/02\\\/26\\\/nuevo-sencillo-de-celeste-sanazi\\\/\"]}]},{\"@type\":\"ImageObject\",\"inLanguage\":\"es\",\"@id\":\"https:\\\/\\\/zeromagazine.mx\\\/index.php\\\/2025\\\/02\\\/26\\\/nuevo-sencillo-de-celeste-sanazi\\\/#primaryimage\",\"url\":\"https:\\\/\\\/i0.wp.com\\\/zeromagazine.mx\\\/wp-content\\\/uploads\\\/2025\\\/02\\\/Imagen-de-WhatsApp-2025-02-26-a-las-19.46.52_99137bdd-2.jpg?fit=1600%2C1600&ssl=1\",\"contentUrl\":\"https:\\\/\\\/i0.wp.com\\\/zeromagazine.mx\\\/wp-content\\\/uploads\\\/2025\\\/02\\\/Imagen-de-WhatsApp-2025-02-26-a-las-19.46.52_99137bdd-2.jpg?fit=1600%2C1600&ssl=1\",\"width\":1600,\"height\":1600},{\"@type\":\"BreadcrumbList\",\"@id\":\"https:\\\/\\\/zeromagazine.mx\\\/index.php\\\/2025\\\/02\\\/26\\\/nuevo-sencillo-de-celeste-sanazi\\\/#breadcrumb\",\"itemListElement\":[{\"@type\":\"ListItem\",\"position\":1,\"name\":\"Portada\",\"item\":\"https:\\\/\\\/zeromagazine.mx\\\/\"},{\"@type\":\"ListItem\",\"position\":2,\"name\":\"Celeste Sanazi y Su Rayo de Sol\"}]},{\"@type\":\"WebSite\",\"@id\":\"https:\\\/\\\/zeromagazine.mx\\\/#website\",\"url\":\"https:\\\/\\\/zeromagazine.mx\\\/\",\"name\":\"Zero Magazine\",\"description\":\"\",\"publisher\":{\"@id\":\"https:\\\/\\\/zeromagazine.mx\\\/#organization\"},\"potentialAction\":[{\"@type\":\"SearchAction\",\"target\":{\"@type\":\"EntryPoint\",\"urlTemplate\":\"https:\\\/\\\/zeromagazine.mx\\\/?s={search_term_string}\"},\"query-input\":{\"@type\":\"PropertyValueSpecification\",\"valueRequired\":true,\"valueName\":\"search_term_string\"}}],\"inLanguage\":\"es\"},{\"@type\":\"Organization\",\"@id\":\"https:\\\/\\\/zeromagazine.mx\\\/#organization\",\"name\":\"Zero Magazine\",\"url\":\"https:\\\/\\\/zeromagazine.mx\\\/\",\"logo\":{\"@type\":\"ImageObject\",\"inLanguage\":\"es\",\"@id\":\"https:\\\/\\\/zeromagazine.mx\\\/#\\\/schema\\\/logo\\\/image\\\/\",\"url\":\"https:\\\/\\\/i0.wp.com\\\/zeromagazine.mx\\\/wp-content\\\/uploads\\\/2025\\\/11\\\/1.jpeg?fit=1000%2C1000&ssl=1\",\"contentUrl\":\"https:\\\/\\\/i0.wp.com\\\/zeromagazine.mx\\\/wp-content\\\/uploads\\\/2025\\\/11\\\/1.jpeg?fit=1000%2C1000&ssl=1\",\"width\":1000,\"height\":1000,\"caption\":\"Zero Magazine\"},\"image\":{\"@id\":\"https:\\\/\\\/zeromagazine.mx\\\/#\\\/schema\\\/logo\\\/image\\\/\"},\"sameAs\":[\"https:\\\/\\\/instagram.com\\\/zeromagazinemx\"]},{\"@type\":\"Person\",\"@id\":\"https:\\\/\\\/zeromagazine.mx\\\/#\\\/schema\\\/person\\\/9f7f1a17c60ba8e9980e3e6677aabe5a\",\"name\":\"David Morales\",\"image\":{\"@type\":\"ImageObject\",\"inLanguage\":\"es\",\"@id\":\"https:\\\/\\\/zeromagazine.mx\\\/wp-content\\\/litespeed\\\/avatar\\\/76069d2136bfc1c37dc34815bb67ca42.jpg?ver=1787854196\",\"url\":\"https:\\\/\\\/zeromagazine.mx\\\/wp-content\\\/litespeed\\\/avatar\\\/76069d2136bfc1c37dc34815bb67ca42.jpg?ver=1787854196\",\"contentUrl\":\"https:\\\/\\\/zeromagazine.mx\\\/wp-content\\\/litespeed\\\/avatar\\\/76069d2136bfc1c37dc34815bb67ca42.jpg?ver=1787854196\",\"caption\":\"David Morales\"},\"url\":\"https:\\\/\\\/zeromagazine.mx\\\/index.php\\\/author\\\/david\\\/\"}]}<\/script>\n<!-- \/ Yoast SEO plugin. -->","yoast_head_json":{"title":"Celeste Sanazi y Su Rayo de Sol - Zero Magazine","description":"Celeste Sanazi brilla con \"Al Sol\", su nuevo sencillo de afro pop que invita a soltar el control y abrazar la dualidad de la vida.","robots":{"index":"index","follow":"follow","max-snippet":"max-snippet:-1","max-image-preview":"max-image-preview:large","max-video-preview":"max-video-preview:-1"},"canonical":"https:\/\/zeromagazine.mx\/index.php\/2025\/02\/26\/nuevo-sencillo-de-celeste-sanazi\/","og_locale":"es_ES","og_type":"article","og_title":"Celeste Sanazi y Su Rayo de Sol - Zero Magazine","og_description":"Celeste Sanazi brilla con \"Al Sol\", su nuevo sencillo de afro pop que invita a soltar el control y abrazar la dualidad de la vida.","og_url":"https:\/\/zeromagazine.mx\/index.php\/2025\/02\/26\/nuevo-sencillo-de-celeste-sanazi\/","og_site_name":"Zero Magazine","article_published_time":"2025-02-26T20:32:01+00:00","article_modified_time":"2025-02-26T20:32:02+00:00","og_image":[{"width":1600,"height":1600,"url":"http:\/\/zeromagazine.mx\/wp-content\/uploads\/2025\/02\/Imagen-de-WhatsApp-2025-02-26-a-las-19.46.52_99137bdd-2.jpg","type":"image\/jpeg"}],"author":"David Morales","twitter_card":"summary_large_image","twitter_misc":{"Escrito por":"David Morales","Tiempo de lectura":"3 minutos"},"schema":{"@context":"https:\/\/schema.org","@graph":[{"@type":"Article","@id":"https:\/\/zeromagazine.mx\/index.php\/2025\/02\/26\/nuevo-sencillo-de-celeste-sanazi\/#article","isPartOf":{"@id":"https:\/\/zeromagazine.mx\/index.php\/2025\/02\/26\/nuevo-sencillo-de-celeste-sanazi\/"},"author":{"name":"David Morales","@id":"https:\/\/zeromagazine.mx\/#\/schema\/person\/9f7f1a17c60ba8e9980e3e6677aabe5a"},"headline":"Celeste Sanazi y Su Rayo de Sol","datePublished":"2025-02-26T20:32:01+00:00","dateModified":"2025-02-26T20:32:02+00:00","mainEntityOfPage":{"@id":"https:\/\/zeromagazine.mx\/index.php\/2025\/02\/26\/nuevo-sencillo-de-celeste-sanazi\/"},"wordCount":406,"commentCount":0,"publisher":{"@id":"https:\/\/zeromagazine.mx\/#organization"},"image":{"@id":"https:\/\/zeromagazine.mx\/index.php\/2025\/02\/26\/nuevo-sencillo-de-celeste-sanazi\/#primaryimage"},"thumbnailUrl":"https:\/\/i0.wp.com\/zeromagazine.mx\/wp-content\/uploads\/2025\/02\/Imagen-de-WhatsApp-2025-02-26-a-las-19.46.52_99137bdd-2.jpg?fit=1600%2C1600&ssl=1","keywords":["Afro pop","Al Sol","Celeste Sanazi","Entretenimiento"],"articleSection":["Cultura"],"inLanguage":"es","potentialAction":[{"@type":"CommentAction","name":"Comment","target":["https:\/\/zeromagazine.mx\/index.php\/2025\/02\/26\/nuevo-sencillo-de-celeste-sanazi\/#respond"]}]},{"@type":"WebPage","@id":"https:\/\/zeromagazine.mx\/index.php\/2025\/02\/26\/nuevo-sencillo-de-celeste-sanazi\/","url":"https:\/\/zeromagazine.mx\/index.php\/2025\/02\/26\/nuevo-sencillo-de-celeste-sanazi\/","name":"Celeste Sanazi y Su Rayo de Sol - Zero Magazine","isPartOf":{"@id":"https:\/\/zeromagazine.mx\/#website"},"primaryImageOfPage":{"@id":"https:\/\/zeromagazine.mx\/index.php\/2025\/02\/26\/nuevo-sencillo-de-celeste-sanazi\/#primaryimage"},"image":{"@id":"https:\/\/zeromagazine.mx\/index.php\/2025\/02\/26\/nuevo-sencillo-de-celeste-sanazi\/#primaryimage"},"thumbnailUrl":"https:\/\/i0.wp.com\/zeromagazine.mx\/wp-content\/uploads\/2025\/02\/Imagen-de-WhatsApp-2025-02-26-a-las-19.46.52_99137bdd-2.jpg?fit=1600%2C1600&ssl=1","datePublished":"2025-02-26T20:32:01+00:00","dateModified":"2025-02-26T20:32:02+00:00","description":"Celeste Sanazi brilla con \"Al Sol\", su nuevo sencillo de afro pop que invita a soltar el control y abrazar la dualidad de la vida.","breadcrumb":{"@id":"https:\/\/zeromagazine.mx\/index.php\/2025\/02\/26\/nuevo-sencillo-de-celeste-sanazi\/#breadcrumb"},"inLanguage":"es","potentialAction":[{"@type":"ReadAction","target":["https:\/\/zeromagazine.mx\/index.php\/2025\/02\/26\/nuevo-sencillo-de-celeste-sanazi\/"]}]},{"@type":"ImageObject","inLanguage":"es","@id":"https:\/\/zeromagazine.mx\/index.php\/2025\/02\/26\/nuevo-sencillo-de-celeste-sanazi\/#primaryimage","url":"https:\/\/i0.wp.com\/zeromagazine.mx\/wp-content\/uploads\/2025\/02\/Imagen-de-WhatsApp-2025-02-26-a-las-19.46.52_99137bdd-2.jpg?fit=1600%2C1600&ssl=1","contentUrl":"https:\/\/i0.wp.com\/zeromagazine.mx\/wp-content\/uploads\/2025\/02\/Imagen-de-WhatsApp-2025-02-26-a-las-19.46.52_99137bdd-2.jpg?fit=1600%2C1600&ssl=1","width":1600,"height":1600},{"@type":"BreadcrumbList","@id":"https:\/\/zeromagazine.mx\/index.php\/2025\/02\/26\/nuevo-sencillo-de-celeste-sanazi\/#breadcrumb","itemListElement":[{"@type":"ListItem","position":1,"name":"Portada","item":"https:\/\/zeromagazine.mx\/"},{"@type":"ListItem","position":2,"name":"Celeste Sanazi y Su Rayo de Sol"}]},{"@type":"WebSite","@id":"https:\/\/zeromagazine.mx\/#website","url":"https:\/\/zeromagazine.mx\/","name":"Zero Magazine","description":"","publisher":{"@id":"https:\/\/zeromagazine.mx\/#organization"},"potentialAction":[{"@type":"SearchAction","target":{"@type":"EntryPoint","urlTemplate":"https:\/\/zeromagazine.mx\/?s={search_term_string}"},"query-input":{"@type":"PropertyValueSpecification","valueRequired":true,"valueName":"search_term_string"}}],"inLanguage":"es"},{"@type":"Organization","@id":"https:\/\/zeromagazine.mx\/#organization","name":"Zero Magazine","url":"https:\/\/zeromagazine.mx\/","logo":{"@type":"ImageObject","inLanguage":"es","@id":"https:\/\/zeromagazine.mx\/#\/schema\/logo\/image\/","url":"https:\/\/i0.wp.com\/zeromagazine.mx\/wp-content\/uploads\/2025\/11\/1.jpeg?fit=1000%2C1000&ssl=1","contentUrl":"https:\/\/i0.wp.com\/zeromagazine.mx\/wp-content\/uploads\/2025\/11\/1.jpeg?fit=1000%2C1000&ssl=1","width":1000,"height":1000,"caption":"Zero Magazine"},"image":{"@id":"https:\/\/zeromagazine.mx\/#\/schema\/logo\/image\/"},"sameAs":["https:\/\/instagram.com\/zeromagazinemx"]},{"@type":"Person","@id":"https:\/\/zeromagazine.mx\/#\/schema\/person\/9f7f1a17c60ba8e9980e3e6677aabe5a","name":"David Morales","image":{"@type":"ImageObject","inLanguage":"es","@id":"https:\/\/zeromagazine.mx\/wp-content\/litespeed\/avatar\/76069d2136bfc1c37dc34815bb67ca42.jpg?ver=1787854196","url":"https:\/\/zeromagazine.mx\/wp-content\/litespeed\/avatar\/76069d2136bfc1c37dc34815bb67ca42.jpg?ver=1787854196","contentUrl":"https:\/\/zeromagazine.mx\/wp-content\/litespeed\/avatar\/76069d2136bfc1c37dc34815bb67ca42.jpg?ver=1787854196","caption":"David Morales"},"url":"https:\/\/zeromagazine.mx\/index.php\/author\/david\/"}]}},"jetpack_publicize_connections":[],"jetpack-related-posts":[{"id":99446,"url":"https:\/\/zeromagazine.mx\/index.php\/2025\/03\/25\/bailando-afrohouse-nueva-remix-de-chela-rivas\/","url_meta":{"origin":97697,"position":0},"title":"Bailando En Afro House","author":"David Morales","date":"25 de marzo de 2025","format":false,"excerpt":"Amix, \u00bfse acuerdan de ese rol\u00f3n que nos hizo vibrar hace m\u00e1s de una d\u00e9cada? \u00a1Pues est\u00e1 de regreso y m\u00e1s potente que nunca! Chela Rivas y Tony Dark Eyes decidieron darle un giro brutal a su ic\u00f3nico tema \u201cBailando\u201d con una nueva versi\u00f3n en Afro House que ya est\u00e1\u2026","rel":"","context":"En \u00abBlog\u00bb","block_context":{"text":"Blog","link":"https:\/\/zeromagazine.mx\/index.php\/category\/blog\/"},"img":{"alt_text":"","src":"https:\/\/i0.wp.com\/zeromagazine.mx\/wp-content\/uploads\/2025\/03\/Chela-Rivas-EDC.jpeg?fit=320%2C240&ssl=1&resize=350%2C200","width":350,"height":200},"classes":[]},{"id":129103,"url":"https:\/\/zeromagazine.mx\/index.php\/2026\/08\/08\/smike-extasis-model-nuevo-sencillo\/","url_meta":{"origin":97697,"position":1},"title":"S&#8217;MIKE presenta \u201c\u00c9xtasis Model\u201d, su nuevo sencillo","author":"David Morales","date":"8 de agosto de 2026","format":false,"excerpt":"S'MIKE llega a la escena musical con \u201c\u00c9xtasis Model\u201d, un debut que mezcla Latin House, Dance Pop, Afro House y Melodic Tech House.","rel":"","context":"En \u00abM\u00fasica\u00bb","block_context":{"text":"M\u00fasica","link":"https:\/\/zeromagazine.mx\/index.php\/category\/musica\/"},"img":{"alt_text":"","src":"https:\/\/i0.wp.com\/zeromagazine.mx\/wp-content\/uploads\/2026\/08\/WhatsApp-Image-2026-08-03-at-12.02.54.jpeg?fit=800%2C1200&ssl=1&resize=350%2C200","width":350,"height":200,"srcset":"https:\/\/i0.wp.com\/zeromagazine.mx\/wp-content\/uploads\/2026\/08\/WhatsApp-Image-2026-08-03-at-12.02.54.jpeg?fit=800%2C1200&ssl=1&resize=350%2C200 1x, https:\/\/i0.wp.com\/zeromagazine.mx\/wp-content\/uploads\/2026\/08\/WhatsApp-Image-2026-08-03-at-12.02.54.jpeg?fit=800%2C1200&ssl=1&resize=525%2C300 1.5x, https:\/\/i0.wp.com\/zeromagazine.mx\/wp-content\/uploads\/2026\/08\/WhatsApp-Image-2026-08-03-at-12.02.54.jpeg?fit=800%2C1200&ssl=1&resize=700%2C400 2x"},"classes":[]},{"id":106195,"url":"https:\/\/zeromagazine.mx\/index.php\/2025\/06\/22\/matias-ferreira-mi-bandera-candombe-pop\/","url_meta":{"origin":97697,"position":2},"title":"Mi Bandera, Mi Voz: El Regreso de Mat\u00edas Ferreira","author":"David Morales","date":"22 de junio de 2025","format":false,"excerpt":"Amix, \u00bfya escucharon \u201cMi Bandera\u201d de Mat\u00edas Ferreira? Si no, corran a ponerlo en repeat porque este rol\u00f3n no solo se baila, se siente. Mat\u00edas, que naci\u00f3 en Uruguay y ahora vive en Madrid, est\u00e1 rompiendo con todo al mezclar el Candombe \u2014ese ritmo con alma africana s\u00faper arraigado en\u2026","rel":"","context":"En \u00abBlog\u00bb","block_context":{"text":"Blog","link":"https:\/\/zeromagazine.mx\/index.php\/category\/blog\/"},"img":{"alt_text":"","src":"https:\/\/i0.wp.com\/zeromagazine.mx\/wp-content\/uploads\/2025\/06\/PHOTO-2025-06-20-10-14-22.jpeg?fit=1200%2C676&ssl=1&resize=350%2C200","width":350,"height":200,"srcset":"https:\/\/i0.wp.com\/zeromagazine.mx\/wp-content\/uploads\/2025\/06\/PHOTO-2025-06-20-10-14-22.jpeg?fit=1200%2C676&ssl=1&resize=350%2C200 1x, https:\/\/i0.wp.com\/zeromagazine.mx\/wp-content\/uploads\/2025\/06\/PHOTO-2025-06-20-10-14-22.jpeg?fit=1200%2C676&ssl=1&resize=525%2C300 1.5x, https:\/\/i0.wp.com\/zeromagazine.mx\/wp-content\/uploads\/2025\/06\/PHOTO-2025-06-20-10-14-22.jpeg?fit=1200%2C676&ssl=1&resize=700%2C400 2x, https:\/\/i0.wp.com\/zeromagazine.mx\/wp-content\/uploads\/2025\/06\/PHOTO-2025-06-20-10-14-22.jpeg?fit=1200%2C676&ssl=1&resize=1050%2C600 3x"},"classes":[]},{"id":106889,"url":"https:\/\/zeromagazine.mx\/index.php\/2025\/07\/11\/anne-louise-la-dj-que-brilla-en-mexico\/","url_meta":{"origin":97697,"position":3},"title":"Anne Louise\u00a0brilla\u00a0en\u00a0M\u00e9xico","author":"David Morales","date":"11 de julio de 2025","format":false,"excerpt":"Con una carrera que ha traspasado fronteras, Anne Louise se ha consolidado como una de las\u00a0DJs\u00a0m\u00e1s influyentes de la m\u00fasica electr\u00f3nica brasile\u00f1a. Su energ\u00eda, identidad y conexi\u00f3n profunda con el p\u00fablico la han llevado a presentarse en festivales de todo el mundo.\u00a0 Por: Ana Celeste En esta charla \u00edntima, Anne\u2026","rel":"","context":"En \u00abBlog\u00bb","block_context":{"text":"Blog","link":"https:\/\/zeromagazine.mx\/index.php\/category\/blog\/"},"img":{"alt_text":"","src":"https:\/\/i0.wp.com\/zeromagazine.mx\/wp-content\/uploads\/2025\/07\/IMG_2400.jpeg?fit=960%2C1200&ssl=1&resize=350%2C200","width":350,"height":200,"srcset":"https:\/\/i0.wp.com\/zeromagazine.mx\/wp-content\/uploads\/2025\/07\/IMG_2400.jpeg?fit=960%2C1200&ssl=1&resize=350%2C200 1x, https:\/\/i0.wp.com\/zeromagazine.mx\/wp-content\/uploads\/2025\/07\/IMG_2400.jpeg?fit=960%2C1200&ssl=1&resize=525%2C300 1.5x, https:\/\/i0.wp.com\/zeromagazine.mx\/wp-content\/uploads\/2025\/07\/IMG_2400.jpeg?fit=960%2C1200&ssl=1&resize=700%2C400 2x"},"classes":[]},{"id":121026,"url":"https:\/\/zeromagazine.mx\/index.php\/2026\/05\/18\/guess-house-cdmx-20-aniversario\/","url_meta":{"origin":97697,"position":4},"title":"GUESS HOUSE llega a CDMX para celebrar 20 a\u00f1os de historia.","author":"David Morales","date":"18 de mayo de 2026","format":false,"excerpt":"Hay marcas que sobreviven al paso del tiempo y otras que logran convertirse en parte del imaginario cultural de toda una generaci\u00f3n.\u00a0GUESS\u00a0pertenece definitivamente al segundo grupo. Porque s\u00ed, el denim lavado, las campa\u00f1as en blanco y negro y ese glamour californiano ultra noventero siguen teniendo un lugar privilegiado dentro de\u2026","rel":"","context":"En \u00abBlog\u00bb","block_context":{"text":"Blog","link":"https:\/\/zeromagazine.mx\/index.php\/category\/blog\/"},"img":{"alt_text":"","src":"https:\/\/i0.wp.com\/zeromagazine.mx\/wp-content\/uploads\/2026\/05\/Guess-Foto-16-1-scaled.jpeg?fit=1044%2C1200&ssl=1&resize=350%2C200","width":350,"height":200,"srcset":"https:\/\/i0.wp.com\/zeromagazine.mx\/wp-content\/uploads\/2026\/05\/Guess-Foto-16-1-scaled.jpeg?fit=1044%2C1200&ssl=1&resize=350%2C200 1x, https:\/\/i0.wp.com\/zeromagazine.mx\/wp-content\/uploads\/2026\/05\/Guess-Foto-16-1-scaled.jpeg?fit=1044%2C1200&ssl=1&resize=525%2C300 1.5x, https:\/\/i0.wp.com\/zeromagazine.mx\/wp-content\/uploads\/2026\/05\/Guess-Foto-16-1-scaled.jpeg?fit=1044%2C1200&ssl=1&resize=700%2C400 2x"},"classes":[]},{"id":124031,"url":"https:\/\/zeromagazine.mx\/index.php\/2026\/06\/29\/unread-tomorrowland-2026-veracruz\/","url_meta":{"origin":97697,"position":5},"title":"Unread debutar\u00e1 en Tomorrowland 2026","author":"David Morales","date":"29 de junio de 2026","format":false,"excerpt":"El DJ mexicano Unread ser\u00e1 el primer artista originario de Veracruz en presentarse en Tomorrowland, el festival de electr\u00f3nica m\u00e1s importante del mundo.","rel":"","context":"En \u00abM\u00fasica\u00bb","block_context":{"text":"M\u00fasica","link":"https:\/\/zeromagazine.mx\/index.php\/category\/musica\/"},"img":{"alt_text":"DJ mexicano Unread representar\u00e1 a Veracruz en Tomorrowland","src":"https:\/\/i0.wp.com\/zeromagazine.mx\/wp-content\/uploads\/2026\/07\/UNREAD-press-2.jpg?fit=800%2C1200&ssl=1&resize=350%2C200","width":350,"height":200,"srcset":"https:\/\/i0.wp.com\/zeromagazine.mx\/wp-content\/uploads\/2026\/07\/UNREAD-press-2.jpg?fit=800%2C1200&ssl=1&resize=350%2C200 1x, https:\/\/i0.wp.com\/zeromagazine.mx\/wp-content\/uploads\/2026\/07\/UNREAD-press-2.jpg?fit=800%2C1200&ssl=1&resize=525%2C300 1.5x, https:\/\/i0.wp.com\/zeromagazine.mx\/wp-content\/uploads\/2026\/07\/UNREAD-press-2.jpg?fit=800%2C1200&ssl=1&resize=700%2C400 2x"},"classes":[]}],"jetpack_sharing_enabled":true,"builder_content":"","jetpack_featured_media_url":"https:\/\/i0.wp.com\/zeromagazine.mx\/wp-content\/uploads\/2025\/02\/Imagen-de-WhatsApp-2025-02-26-a-las-19.46.52_99137bdd-2.jpg?fit=1600%2C1600&ssl=1","_links":{"self":[{"href":"https:\/\/zeromagazine.mx\/index.php\/wp-json\/wp\/v2\/posts\/97697","targetHints":{"allow":["GET"]}}],"collection":[{"href":"https:\/\/zeromagazine.mx\/index.php\/wp-json\/wp\/v2\/posts"}],"about":[{"href":"https:\/\/zeromagazine.mx\/index.php\/wp-json\/wp\/v2\/types\/post"}],"author":[{"embeddable":true,"href":"https:\/\/zeromagazine.mx\/index.php\/wp-json\/wp\/v2\/users\/4"}],"replies":[{"embeddable":true,"href":"https:\/\/zeromagazine.mx\/index.php\/wp-json\/wp\/v2\/comments?post=97697"}],"version-history":[{"count":3,"href":"https:\/\/zeromagazine.mx\/index.php\/wp-json\/wp\/v2\/posts\/97697\/revisions"}],"predecessor-version":[{"id":97704,"href":"https:\/\/zeromagazine.mx\/index.php\/wp-json\/wp\/v2\/posts\/97697\/revisions\/97704"}],"wp:featuredmedia":[{"embeddable":true,"href":"https:\/\/zeromagazine.mx\/index.php\/wp-json\/wp\/v2\/media\/97700"}],"wp:attachment":[{"href":"https:\/\/zeromagazine.mx\/index.php\/wp-json\/wp\/v2\/media?parent=97697"}],"wp:term":[{"taxonomy":"category","embeddable":true,"href":"https:\/\/zeromagazine.mx\/index.php\/wp-json\/wp\/v2\/categories?post=97697"},{"taxonomy":"post_tag","embeddable":true,"href":"https:\/\/zeromagazine.mx\/index.php\/wp-json\/wp\/v2\/tags?post=97697"}],"curies":[{"name":"wp","href":"https:\/\/api.w.org\/{rel}","templated":true}]}}