{"id":97705,"date":"2025-02-27T00:35:26","date_gmt":"2025-02-26T23:35:26","guid":{"rendered":"https:\/\/zeromagazine.mx\/?p=97705"},"modified":"2025-02-27T00:35:27","modified_gmt":"2025-02-26T23:35:27","slug":"yatra-emociona-a-fans","status":"publish","type":"post","link":"https:\/\/zeromagazine.mx\/index.php\/2025\/02\/27\/yatra-emociona-a-fans\/","title":{"rendered":"Yatra Emociona a Fans"},"content":{"rendered":"<p>Amix, si hay algo que define a un verdadero artista es su entrega al p\u00fablico. Y Sebasti\u00e1n Yatra lo dej\u00f3 clar\u00edsimo en Chile, cuando subi\u00f3 al techo de una camioneta para regalarle a sus fans una serenata inolvidable. Todo esto pas\u00f3 afuera del hotel Sheraton en la Quinta Vergara, luego de que su presentaci\u00f3n en el Festival de Vi\u00f1a del Mar se cancelara por un apag\u00f3n masivo.<\/p>\n\n\n\n<h3 class=\"wp-block-heading\">Un gesto inesperado<\/h3>\n\n\n\n<p>Para empezar, la situaci\u00f3n pudo haber sido frustrante para cualquiera. \u00a1Imag\u00ednate! Viajas, te preparas para un show gigante y de repente, \u00a1pum! Blackout en todo Chile. \u00bfHorrible no? La buena noticias, es que en lugar de quedarse encerrado en su hotel, Yatra decidi\u00f3 salir y convertir un mal rato en un momento m\u00e1gico; pues subi\u00f3 a la camioneta, tom\u00f3 su micr\u00f3fono y regal\u00f3 una serenata que, sin duda, qued\u00f3 en la memoria de sus seguidores.<\/p>\n\n\n\n<h3 class=\"wp-block-heading\">Un agradecimiento sincero<\/h3>\n\n\n\n<figure class=\"wp-block-video\"><video height=\"1280\" style=\"aspect-ratio: 720 \/ 1280;\" width=\"720\" controls src=\"https:\/\/zeromagazine.mx\/wp-content\/uploads\/2025\/02\/IMG_0683.mp4\"><\/video><\/figure>\n\n\n\n<p>Por otro lado, este gesto demostr\u00f3 lo agradecido que est\u00e1 con su p\u00fablico. Muchas veces, los artistas pueden perder ese contacto directo con sus fans, pero Yatra dej\u00f3 claro que su conexi\u00f3n con ellxs es real. De hecho, no s\u00f3lo cant\u00f3, sino que tambi\u00e9n les prometi\u00f3 que su show en Vi\u00f1a ser\u00e1 a\u00fan m\u00e1s especial. Si esto no es amor por su p\u00fablico, no s\u00e9 qu\u00e9 lo sea.<\/p>\n\n\n\n<h3 class=\"wp-block-heading\">La espera valdr\u00e1 la pena<\/h3>\n\n\n\n<p>Adem\u00e1s, su presentaci\u00f3n ya tiene nueva fecha: el pr\u00f3ximo 1 de marzo. Y no es cualquier show, sino el cierre del festival, lo que significa que Yatra tendr\u00e1 la oportunidad de despedir Vi\u00f1a con toda la energ\u00eda y talento que lo caracterizan. Si alguien dudaba de su compromiso con su p\u00fablico, este evento es la prueba definitiva. Y si quieres conocer m\u00e1s sobre el Festival de Vi\u00f1a del Mar y su historia, puedes checar <a href=\"https:\/\/www.festivaldevina.cl\/\">aqu\u00ed<\/a>.<\/p>\n\n\n\n<h3 class=\"wp-block-heading\">M\u00e1s que un cantante<\/h3>\n\n\n\n<p>En conclusi\u00f3n, Sebasti\u00e1n Yatra demostr\u00f3 que ser artista no es solo cantar en grandes escenarios. A veces, los momentos m\u00e1s simples y espont\u00e1neos son los que hacen la diferencia. Con este gesto, no solo emocion\u00f3 a sus fans, sino que tambi\u00e9n reafirm\u00f3 su amor por la m\u00fasica y su compromiso con quienes lo siguen. Sin duda, este tipo de acciones son las que hacen que un cantante se convierta en leyenda.<\/p>\n\n\n\n<script async src=\"https:\/\/pagead2.googlesyndication.com\/pagead\/js\/adsbygoogle.js?client=ca-pub-5499304793904745\"\n     crossorigin=\"anonymous\"><\/script>\n<ins class=\"adsbygoogle\"\n     style=\"display:block; text-align:center;\"\n     data-ad-layout=\"in-article\"\n     data-ad-format=\"fluid\"\n     data-ad-client=\"ca-pub-5499304793904745\"\n     data-ad-slot=\"5994863093\"><\/ins>\n<script>\n     (adsbygoogle = window.adsbygoogle || []).push({});\n<\/script>\n\n<!--themify_builder_content-->\n<div id=\"themify_builder_content-97705\" data-postid=\"97705\" class=\"themify_builder_content themify_builder_content-97705 themify_builder tf_clear\">\n    <\/div>\n<!--\/themify_builder_content-->","protected":false},"excerpt":{"rendered":"<p>Amix, si hay algo que define a un verdadero artista es su entrega al p\u00fablico. Y Sebasti\u00e1n Yatra lo dej\u00f3 clar\u00edsimo en Chile, cuando subi\u00f3 al techo de una camioneta para regalarle a sus fans una serenata inolvidable. Todo esto pas\u00f3 afuera del hotel Sheraton en la Quinta Vergara, luego de que su presentaci\u00f3n en [&hellip;]<\/p>\n","protected":false},"author":4,"featured_media":97707,"comment_status":"open","ping_status":"open","sticky":false,"template":"","format":"standard","meta":{"_jetpack_memberships_contains_paid_content":false,"footnotes":"","jetpack_publicize_message":"","jetpack_publicize_feature_enabled":true,"jetpack_social_post_already_shared":true,"jetpack_social_options":{"image_generator_settings":{"template":"highway","default_image_id":0,"font":"","enabled":false},"version":2}},"categories":[791],"tags":[116,6686,2330],"class_list":["post-97705","post","type-post","status-publish","format-standard","has-post-thumbnail","hentry","category-cultura","tag-entretenimiento","tag-sebastian-yatra-2","tag-vina-del-mar","has-post-title","has-post-date","has-post-category","has-post-tag","has-post-comment","has-post-author",""],"yoast_head":"<!-- This site is optimized with the Yoast SEO plugin v27.5 - https:\/\/yoast.com\/product\/yoast-seo-wordpress\/ -->\n<title>Yatra Emociona a Fans - Zero Magazine<\/title>\n<meta name=\"description\" content=\"Sebasti\u00e1n Yatra sorprendi\u00f3 a sus fans en Chile con una serenata improvisada tras el apag\u00f3n \u00a1Descubre lo que pas\u00f3!\" \/>\n<meta name=\"robots\" content=\"index, follow, max-snippet:-1, max-image-preview:large, max-video-preview:-1\" \/>\n<link rel=\"canonical\" href=\"https:\/\/zeromagazine.mx\/index.php\/2025\/02\/27\/yatra-emociona-a-fans\/\" \/>\n<meta property=\"og:locale\" content=\"es_ES\" \/>\n<meta property=\"og:type\" content=\"article\" \/>\n<meta property=\"og:title\" content=\"Yatra Emociona a Fans - Zero Magazine\" \/>\n<meta property=\"og:description\" content=\"Sebasti\u00e1n Yatra sorprendi\u00f3 a sus fans en Chile con una serenata improvisada tras el apag\u00f3n \u00a1Descubre lo que pas\u00f3!\" \/>\n<meta property=\"og:url\" content=\"https:\/\/zeromagazine.mx\/index.php\/2025\/02\/27\/yatra-emociona-a-fans\/\" \/>\n<meta property=\"og:site_name\" content=\"Zero Magazine\" \/>\n<meta property=\"article:published_time\" content=\"2025-02-26T23:35:26+00:00\" \/>\n<meta property=\"article:modified_time\" content=\"2025-02-26T23:35:27+00:00\" \/>\n<meta name=\"author\" content=\"David Morales\" \/>\n<meta name=\"twitter:card\" content=\"summary_large_image\" \/>\n<meta name=\"twitter:label1\" content=\"Escrito por\" \/>\n\t<meta name=\"twitter:data1\" content=\"David Morales\" \/>\n\t<meta name=\"twitter:label2\" content=\"Tiempo de lectura\" \/>\n\t<meta name=\"twitter:data2\" content=\"2 minutos\" \/>\n<script type=\"application\/ld+json\" class=\"yoast-schema-graph\">{\"@context\":\"https:\\\/\\\/schema.org\",\"@graph\":[{\"@type\":\"Article\",\"@id\":\"https:\\\/\\\/zeromagazine.mx\\\/index.php\\\/2025\\\/02\\\/27\\\/yatra-emociona-a-fans\\\/#article\",\"isPartOf\":{\"@id\":\"https:\\\/\\\/zeromagazine.mx\\\/index.php\\\/2025\\\/02\\\/27\\\/yatra-emociona-a-fans\\\/\"},\"author\":{\"name\":\"David Morales\",\"@id\":\"https:\\\/\\\/zeromagazine.mx\\\/#\\\/schema\\\/person\\\/9f7f1a17c60ba8e9980e3e6677aabe5a\"},\"headline\":\"Yatra Emociona a Fans\",\"datePublished\":\"2025-02-26T23:35:26+00:00\",\"dateModified\":\"2025-02-26T23:35:27+00:00\",\"mainEntityOfPage\":{\"@id\":\"https:\\\/\\\/zeromagazine.mx\\\/index.php\\\/2025\\\/02\\\/27\\\/yatra-emociona-a-fans\\\/\"},\"wordCount\":407,\"commentCount\":0,\"publisher\":{\"@id\":\"https:\\\/\\\/zeromagazine.mx\\\/#organization\"},\"image\":{\"@id\":\"https:\\\/\\\/zeromagazine.mx\\\/index.php\\\/2025\\\/02\\\/27\\\/yatra-emociona-a-fans\\\/#primaryimage\"},\"thumbnailUrl\":\"https:\\\/\\\/zeromagazine.mx\\\/wp-content\\\/uploads\\\/2025\\\/02\\\/7b480f90d7d9-gettyimages-1442002951.avif\",\"keywords\":[\"Entretenimiento\",\"Sebastian Yatra\",\"Vi\u00f1a del mar\"],\"articleSection\":[\"Cultura\"],\"inLanguage\":\"es\",\"potentialAction\":[{\"@type\":\"CommentAction\",\"name\":\"Comment\",\"target\":[\"https:\\\/\\\/zeromagazine.mx\\\/index.php\\\/2025\\\/02\\\/27\\\/yatra-emociona-a-fans\\\/#respond\"]}]},{\"@type\":\"WebPage\",\"@id\":\"https:\\\/\\\/zeromagazine.mx\\\/index.php\\\/2025\\\/02\\\/27\\\/yatra-emociona-a-fans\\\/\",\"url\":\"https:\\\/\\\/zeromagazine.mx\\\/index.php\\\/2025\\\/02\\\/27\\\/yatra-emociona-a-fans\\\/\",\"name\":\"Yatra Emociona a Fans - Zero Magazine\",\"isPartOf\":{\"@id\":\"https:\\\/\\\/zeromagazine.mx\\\/#website\"},\"primaryImageOfPage\":{\"@id\":\"https:\\\/\\\/zeromagazine.mx\\\/index.php\\\/2025\\\/02\\\/27\\\/yatra-emociona-a-fans\\\/#primaryimage\"},\"image\":{\"@id\":\"https:\\\/\\\/zeromagazine.mx\\\/index.php\\\/2025\\\/02\\\/27\\\/yatra-emociona-a-fans\\\/#primaryimage\"},\"thumbnailUrl\":\"https:\\\/\\\/zeromagazine.mx\\\/wp-content\\\/uploads\\\/2025\\\/02\\\/7b480f90d7d9-gettyimages-1442002951.avif\",\"datePublished\":\"2025-02-26T23:35:26+00:00\",\"dateModified\":\"2025-02-26T23:35:27+00:00\",\"description\":\"Sebasti\u00e1n Yatra sorprendi\u00f3 a sus fans en Chile con una serenata improvisada tras el apag\u00f3n \u00a1Descubre lo que pas\u00f3!\",\"breadcrumb\":{\"@id\":\"https:\\\/\\\/zeromagazine.mx\\\/index.php\\\/2025\\\/02\\\/27\\\/yatra-emociona-a-fans\\\/#breadcrumb\"},\"inLanguage\":\"es\",\"potentialAction\":[{\"@type\":\"ReadAction\",\"target\":[\"https:\\\/\\\/zeromagazine.mx\\\/index.php\\\/2025\\\/02\\\/27\\\/yatra-emociona-a-fans\\\/\"]}]},{\"@type\":\"ImageObject\",\"inLanguage\":\"es\",\"@id\":\"https:\\\/\\\/zeromagazine.mx\\\/index.php\\\/2025\\\/02\\\/27\\\/yatra-emociona-a-fans\\\/#primaryimage\",\"url\":\"https:\\\/\\\/zeromagazine.mx\\\/wp-content\\\/uploads\\\/2025\\\/02\\\/7b480f90d7d9-gettyimages-1442002951.avif\",\"contentUrl\":\"https:\\\/\\\/zeromagazine.mx\\\/wp-content\\\/uploads\\\/2025\\\/02\\\/7b480f90d7d9-gettyimages-1442002951.avif\",\"width\":960,\"height\":540},{\"@type\":\"BreadcrumbList\",\"@id\":\"https:\\\/\\\/zeromagazine.mx\\\/index.php\\\/2025\\\/02\\\/27\\\/yatra-emociona-a-fans\\\/#breadcrumb\",\"itemListElement\":[{\"@type\":\"ListItem\",\"position\":1,\"name\":\"Portada\",\"item\":\"https:\\\/\\\/zeromagazine.mx\\\/\"},{\"@type\":\"ListItem\",\"position\":2,\"name\":\"Yatra Emociona a Fans\"}]},{\"@type\":\"WebSite\",\"@id\":\"https:\\\/\\\/zeromagazine.mx\\\/#website\",\"url\":\"https:\\\/\\\/zeromagazine.mx\\\/\",\"name\":\"Zero Magazine\",\"description\":\"\",\"publisher\":{\"@id\":\"https:\\\/\\\/zeromagazine.mx\\\/#organization\"},\"potentialAction\":[{\"@type\":\"SearchAction\",\"target\":{\"@type\":\"EntryPoint\",\"urlTemplate\":\"https:\\\/\\\/zeromagazine.mx\\\/?s={search_term_string}\"},\"query-input\":{\"@type\":\"PropertyValueSpecification\",\"valueRequired\":true,\"valueName\":\"search_term_string\"}}],\"inLanguage\":\"es\"},{\"@type\":\"Organization\",\"@id\":\"https:\\\/\\\/zeromagazine.mx\\\/#organization\",\"name\":\"Zero Magazine\",\"url\":\"https:\\\/\\\/zeromagazine.mx\\\/\",\"logo\":{\"@type\":\"ImageObject\",\"inLanguage\":\"es\",\"@id\":\"https:\\\/\\\/zeromagazine.mx\\\/#\\\/schema\\\/logo\\\/image\\\/\",\"url\":\"https:\\\/\\\/i0.wp.com\\\/zeromagazine.mx\\\/wp-content\\\/uploads\\\/2025\\\/11\\\/1.jpeg?fit=1000%2C1000&ssl=1\",\"contentUrl\":\"https:\\\/\\\/i0.wp.com\\\/zeromagazine.mx\\\/wp-content\\\/uploads\\\/2025\\\/11\\\/1.jpeg?fit=1000%2C1000&ssl=1\",\"width\":1000,\"height\":1000,\"caption\":\"Zero Magazine\"},\"image\":{\"@id\":\"https:\\\/\\\/zeromagazine.mx\\\/#\\\/schema\\\/logo\\\/image\\\/\"},\"sameAs\":[\"https:\\\/\\\/instagram.com\\\/zeromagazinemx\"]},{\"@type\":\"Person\",\"@id\":\"https:\\\/\\\/zeromagazine.mx\\\/#\\\/schema\\\/person\\\/9f7f1a17c60ba8e9980e3e6677aabe5a\",\"name\":\"David Morales\",\"image\":{\"@type\":\"ImageObject\",\"inLanguage\":\"es\",\"@id\":\"https:\\\/\\\/zeromagazine.mx\\\/wp-content\\\/litespeed\\\/avatar\\\/76069d2136bfc1c37dc34815bb67ca42.jpg?ver=1777571067\",\"url\":\"https:\\\/\\\/zeromagazine.mx\\\/wp-content\\\/litespeed\\\/avatar\\\/76069d2136bfc1c37dc34815bb67ca42.jpg?ver=1777571067\",\"contentUrl\":\"https:\\\/\\\/zeromagazine.mx\\\/wp-content\\\/litespeed\\\/avatar\\\/76069d2136bfc1c37dc34815bb67ca42.jpg?ver=1777571067\",\"caption\":\"David Morales\"},\"url\":\"https:\\\/\\\/zeromagazine.mx\\\/index.php\\\/author\\\/david\\\/\"}]}<\/script>\n<!-- \/ Yoast SEO plugin. -->","yoast_head_json":{"title":"Yatra Emociona a Fans - Zero Magazine","description":"Sebasti\u00e1n Yatra sorprendi\u00f3 a sus fans en Chile con una serenata improvisada tras el apag\u00f3n \u00a1Descubre lo que pas\u00f3!","robots":{"index":"index","follow":"follow","max-snippet":"max-snippet:-1","max-image-preview":"max-image-preview:large","max-video-preview":"max-video-preview:-1"},"canonical":"https:\/\/zeromagazine.mx\/index.php\/2025\/02\/27\/yatra-emociona-a-fans\/","og_locale":"es_ES","og_type":"article","og_title":"Yatra Emociona a Fans - Zero Magazine","og_description":"Sebasti\u00e1n Yatra sorprendi\u00f3 a sus fans en Chile con una serenata improvisada tras el apag\u00f3n \u00a1Descubre lo que pas\u00f3!","og_url":"https:\/\/zeromagazine.mx\/index.php\/2025\/02\/27\/yatra-emociona-a-fans\/","og_site_name":"Zero Magazine","article_published_time":"2025-02-26T23:35:26+00:00","article_modified_time":"2025-02-26T23:35:27+00:00","author":"David Morales","twitter_card":"summary_large_image","twitter_misc":{"Escrito por":"David Morales","Tiempo de lectura":"2 minutos"},"schema":{"@context":"https:\/\/schema.org","@graph":[{"@type":"Article","@id":"https:\/\/zeromagazine.mx\/index.php\/2025\/02\/27\/yatra-emociona-a-fans\/#article","isPartOf":{"@id":"https:\/\/zeromagazine.mx\/index.php\/2025\/02\/27\/yatra-emociona-a-fans\/"},"author":{"name":"David Morales","@id":"https:\/\/zeromagazine.mx\/#\/schema\/person\/9f7f1a17c60ba8e9980e3e6677aabe5a"},"headline":"Yatra Emociona a Fans","datePublished":"2025-02-26T23:35:26+00:00","dateModified":"2025-02-26T23:35:27+00:00","mainEntityOfPage":{"@id":"https:\/\/zeromagazine.mx\/index.php\/2025\/02\/27\/yatra-emociona-a-fans\/"},"wordCount":407,"commentCount":0,"publisher":{"@id":"https:\/\/zeromagazine.mx\/#organization"},"image":{"@id":"https:\/\/zeromagazine.mx\/index.php\/2025\/02\/27\/yatra-emociona-a-fans\/#primaryimage"},"thumbnailUrl":"https:\/\/zeromagazine.mx\/wp-content\/uploads\/2025\/02\/7b480f90d7d9-gettyimages-1442002951.avif","keywords":["Entretenimiento","Sebastian Yatra","Vi\u00f1a del mar"],"articleSection":["Cultura"],"inLanguage":"es","potentialAction":[{"@type":"CommentAction","name":"Comment","target":["https:\/\/zeromagazine.mx\/index.php\/2025\/02\/27\/yatra-emociona-a-fans\/#respond"]}]},{"@type":"WebPage","@id":"https:\/\/zeromagazine.mx\/index.php\/2025\/02\/27\/yatra-emociona-a-fans\/","url":"https:\/\/zeromagazine.mx\/index.php\/2025\/02\/27\/yatra-emociona-a-fans\/","name":"Yatra Emociona a Fans - Zero Magazine","isPartOf":{"@id":"https:\/\/zeromagazine.mx\/#website"},"primaryImageOfPage":{"@id":"https:\/\/zeromagazine.mx\/index.php\/2025\/02\/27\/yatra-emociona-a-fans\/#primaryimage"},"image":{"@id":"https:\/\/zeromagazine.mx\/index.php\/2025\/02\/27\/yatra-emociona-a-fans\/#primaryimage"},"thumbnailUrl":"https:\/\/zeromagazine.mx\/wp-content\/uploads\/2025\/02\/7b480f90d7d9-gettyimages-1442002951.avif","datePublished":"2025-02-26T23:35:26+00:00","dateModified":"2025-02-26T23:35:27+00:00","description":"Sebasti\u00e1n Yatra sorprendi\u00f3 a sus fans en Chile con una serenata improvisada tras el apag\u00f3n \u00a1Descubre lo que pas\u00f3!","breadcrumb":{"@id":"https:\/\/zeromagazine.mx\/index.php\/2025\/02\/27\/yatra-emociona-a-fans\/#breadcrumb"},"inLanguage":"es","potentialAction":[{"@type":"ReadAction","target":["https:\/\/zeromagazine.mx\/index.php\/2025\/02\/27\/yatra-emociona-a-fans\/"]}]},{"@type":"ImageObject","inLanguage":"es","@id":"https:\/\/zeromagazine.mx\/index.php\/2025\/02\/27\/yatra-emociona-a-fans\/#primaryimage","url":"https:\/\/zeromagazine.mx\/wp-content\/uploads\/2025\/02\/7b480f90d7d9-gettyimages-1442002951.avif","contentUrl":"https:\/\/zeromagazine.mx\/wp-content\/uploads\/2025\/02\/7b480f90d7d9-gettyimages-1442002951.avif","width":960,"height":540},{"@type":"BreadcrumbList","@id":"https:\/\/zeromagazine.mx\/index.php\/2025\/02\/27\/yatra-emociona-a-fans\/#breadcrumb","itemListElement":[{"@type":"ListItem","position":1,"name":"Portada","item":"https:\/\/zeromagazine.mx\/"},{"@type":"ListItem","position":2,"name":"Yatra Emociona a Fans"}]},{"@type":"WebSite","@id":"https:\/\/zeromagazine.mx\/#website","url":"https:\/\/zeromagazine.mx\/","name":"Zero Magazine","description":"","publisher":{"@id":"https:\/\/zeromagazine.mx\/#organization"},"potentialAction":[{"@type":"SearchAction","target":{"@type":"EntryPoint","urlTemplate":"https:\/\/zeromagazine.mx\/?s={search_term_string}"},"query-input":{"@type":"PropertyValueSpecification","valueRequired":true,"valueName":"search_term_string"}}],"inLanguage":"es"},{"@type":"Organization","@id":"https:\/\/zeromagazine.mx\/#organization","name":"Zero Magazine","url":"https:\/\/zeromagazine.mx\/","logo":{"@type":"ImageObject","inLanguage":"es","@id":"https:\/\/zeromagazine.mx\/#\/schema\/logo\/image\/","url":"https:\/\/i0.wp.com\/zeromagazine.mx\/wp-content\/uploads\/2025\/11\/1.jpeg?fit=1000%2C1000&ssl=1","contentUrl":"https:\/\/i0.wp.com\/zeromagazine.mx\/wp-content\/uploads\/2025\/11\/1.jpeg?fit=1000%2C1000&ssl=1","width":1000,"height":1000,"caption":"Zero Magazine"},"image":{"@id":"https:\/\/zeromagazine.mx\/#\/schema\/logo\/image\/"},"sameAs":["https:\/\/instagram.com\/zeromagazinemx"]},{"@type":"Person","@id":"https:\/\/zeromagazine.mx\/#\/schema\/person\/9f7f1a17c60ba8e9980e3e6677aabe5a","name":"David Morales","image":{"@type":"ImageObject","inLanguage":"es","@id":"https:\/\/zeromagazine.mx\/wp-content\/litespeed\/avatar\/76069d2136bfc1c37dc34815bb67ca42.jpg?ver=1777571067","url":"https:\/\/zeromagazine.mx\/wp-content\/litespeed\/avatar\/76069d2136bfc1c37dc34815bb67ca42.jpg?ver=1777571067","contentUrl":"https:\/\/zeromagazine.mx\/wp-content\/litespeed\/avatar\/76069d2136bfc1c37dc34815bb67ca42.jpg?ver=1777571067","caption":"David Morales"},"url":"https:\/\/zeromagazine.mx\/index.php\/author\/david\/"}]}},"jetpack_publicize_connections":[],"jetpack_featured_media_url":"https:\/\/zeromagazine.mx\/wp-content\/uploads\/2025\/02\/7b480f90d7d9-gettyimages-1442002951.avif","jetpack-related-posts":[{"id":56565,"url":"https:\/\/zeromagazine.mx\/index.php\/2021\/10\/22\/sebastian-yatra-presenta-su-nuevo-sencillo-tacones-rojos\/","url_meta":{"origin":97705,"position":0},"title":"SEBASTI\u00c1N YATRA PRESENTA SU NUEVO SENCILLO \u00abTACONES ROJOS\u00bb","author":"zeromagazinemx","date":"22 de octubre de 2021","format":false,"excerpt":"EL VIDEO OFICIAL ES PROTAGONIZADO POR LA ACTRIZ ESPA\u00d1OLA Y ARTISTA MULTIPLATINO CLARA GALLE, FILMADO EN EL PALACIO FERNAN NU\u00d1EZ EN MADRID DE GIRA CON RICKY MARTIN & ENRIQUE IGLESIAS EN NORTEAM\u00c9RICA Por Universal Music Group El talentoso y exitoso Sebasti\u00e1n Yatra (@SebastianYatra), estrena su nuevo sencillo: \u201cTacones Rojos\u201d. Presentado\u2026","rel":"","context":"En \u00abBlog\u00bb","block_context":{"text":"Blog","link":"https:\/\/zeromagazine.mx\/index.php\/category\/blog\/"},"img":{"alt_text":"","src":"https:\/\/i0.wp.com\/zeromagazinemx.wpcomstaging.com\/wp-content\/uploads\/2022\/02\/08cf0-captura-1.png?resize=350%2C200&ssl=1","width":350,"height":200,"srcset":"https:\/\/i0.wp.com\/zeromagazinemx.wpcomstaging.com\/wp-content\/uploads\/2022\/02\/08cf0-captura-1.png?resize=350%2C200&ssl=1 1x, https:\/\/i0.wp.com\/zeromagazinemx.wpcomstaging.com\/wp-content\/uploads\/2022\/02\/08cf0-captura-1.png?resize=525%2C300&ssl=1 1.5x, https:\/\/i0.wp.com\/zeromagazinemx.wpcomstaging.com\/wp-content\/uploads\/2022\/02\/08cf0-captura-1.png?resize=700%2C400&ssl=1 2x"},"classes":[]},{"id":52211,"url":"https:\/\/zeromagazine.mx\/index.php\/2021\/08\/16\/sebastian-yatra-presenta-su-nuevo-sencillo-delincuente-con-jhay-cortez\/","url_meta":{"origin":97705,"position":1},"title":"Sebastian Yatra presenta su nuevo sencillo \u201cDelincuente\u201d con Jhay Cortez","author":"zeromagazinemx","date":"16 de agosto de 2021","format":false,"excerpt":"El sencillo ya es el n\u00famero uno en la radio de Estados Unidos y Puerto Rico, adem\u00e1s podr\u00e1s verlo en gira con Ricky Martin y Enrique Iglesias desde el 25 de septiembre. Por Moises Kushelevich Sebasti\u00e1n Yatra marca su territorio como una voz l\u00edder en la m\u00fasica, entregando un \u00e9xito\u2026","rel":"","context":"En \u00abEntretenimiento\u00bb","block_context":{"text":"Entretenimiento","link":"https:\/\/zeromagazine.mx\/index.php\/category\/entretenimiento\/"},"img":{"alt_text":"","src":"https:\/\/i0.wp.com\/img.youtube.com\/vi\/0tGMCGRBFvI\/0.jpg?resize=350%2C200","width":350,"height":200},"classes":[]},{"id":114529,"url":"https:\/\/zeromagazine.mx\/index.php\/2026\/01\/31\/sebastian-yatra-mexico\/","url_meta":{"origin":97705,"position":2},"title":"SEBASTI\u00c1N YATRA REGRESA A M\u00c9XICO CON &#8216;ENTRE TANTA GENTE TOUR&#8217;","author":"David Morales","date":"31 de enero de 2026","format":false,"excerpt":"Sebasti\u00e1n Yatra est\u00e1 de vuelta y M\u00e9xico vuelve a ser parte clave de su historia. Con el anuncio oficial de\u00a0Sebasti\u00e1n Yatra M\u00e9xico\u00a0dentro del\u00a0Entre Tanta Gente Tour, el cantautor colombiano confirma que este 2026 viene cargado de emociones, letras que pegan directo y conciertos que se sienten m\u00e1s como un abrazo\u2026","rel":"","context":"En \u00abConcierto\u00bb","block_context":{"text":"Concierto","link":"https:\/\/zeromagazine.mx\/index.php\/category\/concierto\/"},"img":{"alt_text":"","src":"https:\/\/i0.wp.com\/zeromagazine.mx\/wp-content\/uploads\/2026\/01\/IMG_1270-scaled.jpeg?fit=1200%2C865&ssl=1&resize=350%2C200","width":350,"height":200,"srcset":"https:\/\/i0.wp.com\/zeromagazine.mx\/wp-content\/uploads\/2026\/01\/IMG_1270-scaled.jpeg?fit=1200%2C865&ssl=1&resize=350%2C200 1x, https:\/\/i0.wp.com\/zeromagazine.mx\/wp-content\/uploads\/2026\/01\/IMG_1270-scaled.jpeg?fit=1200%2C865&ssl=1&resize=525%2C300 1.5x, https:\/\/i0.wp.com\/zeromagazine.mx\/wp-content\/uploads\/2026\/01\/IMG_1270-scaled.jpeg?fit=1200%2C865&ssl=1&resize=700%2C400 2x, https:\/\/i0.wp.com\/zeromagazine.mx\/wp-content\/uploads\/2026\/01\/IMG_1270-scaled.jpeg?fit=1200%2C865&ssl=1&resize=1050%2C600 3x"},"classes":[]},{"id":111133,"url":"https:\/\/zeromagazine.mx\/index.php\/2025\/11\/21\/sebastian-yatra-la-fkn-vibra\/","url_meta":{"origin":97705,"position":3},"title":"SEBASTI\u00c1N YATRA PRESENTA \u201cLA FKN VIBRA\u201d JUNTO A XAVI UNA NOCHE REAL, UNA ENERG\u00cdA IMPOSIBLE DE DESCRIBIR","author":"David Morales","date":"21 de noviembre de 2025","format":false,"excerpt":"Sebasti\u00e1n Yatra Presenta La Vibra Si algo tenemos claro es que cuando\u00a0Sebasti\u00e1n Yatra\u00a0suelta m\u00fasica nueva, el internet vibra distinto. Y con el lanzamiento de\u00a0\u201cLA FKN VIBRA\u201d\u00a0junto a Xavi, el pop latino entra en un mood m\u00e1s libre, m\u00e1s real y m\u00e1s de vivir el momento sin tanto guion. Este track\u2026","rel":"","context":"En \u00abEntretenimiento\u00bb","block_context":{"text":"Entretenimiento","link":"https:\/\/zeromagazine.mx\/index.php\/category\/entretenimiento\/"},"img":{"alt_text":"","src":"https:\/\/i0.wp.com\/zeromagazine.mx\/wp-content\/uploads\/2025\/11\/f7838840-2519-4626-bda9-83babc407252-1.jpeg?fit=690%2C388&ssl=1&resize=350%2C200","width":350,"height":200,"srcset":"https:\/\/i0.wp.com\/zeromagazine.mx\/wp-content\/uploads\/2025\/11\/f7838840-2519-4626-bda9-83babc407252-1.jpeg?fit=690%2C388&ssl=1&resize=350%2C200 1x, https:\/\/i0.wp.com\/zeromagazine.mx\/wp-content\/uploads\/2025\/11\/f7838840-2519-4626-bda9-83babc407252-1.jpeg?fit=690%2C388&ssl=1&resize=525%2C300 1.5x"},"classes":[]},{"id":108988,"url":"https:\/\/zeromagazine.mx\/index.php\/2025\/09\/26\/sebastian-yatra-cancion-para-regresar\/","url_meta":{"origin":97705,"position":4},"title":"Sebasti\u00e1n Yatra Canci\u00f3n Para Regresar","author":"David Morales","date":"26 de septiembre de 2025","format":false,"excerpt":"Despu\u00e9s de conquistar escenarios en Espa\u00f1a y debutar como coach en La Voz Espa\u00f1a, Sebasti\u00e1n Yatra estrena \u201cCanci\u00f3n Para Regresar\u201d, un sencillo que mezcla energ\u00eda festiva, nostalgia y conexi\u00f3n emocional. La colaboraci\u00f3n re\u00fane a Belinda, Gente de Zona y Lucho RK en un tema que celebra la amistad, los recuerdos\u2026","rel":"","context":"En \u00abBlog\u00bb","block_context":{"text":"Blog","link":"https:\/\/zeromagazine.mx\/index.php\/category\/blog\/"},"img":{"alt_text":"","src":"https:\/\/i0.wp.com\/zeromagazine.mx\/wp-content\/uploads\/2025\/09\/a7b9b844-171d-4d0b-9a84-6cb5e5026bea.jpg?fit=1200%2C776&ssl=1&resize=350%2C200","width":350,"height":200,"srcset":"https:\/\/i0.wp.com\/zeromagazine.mx\/wp-content\/uploads\/2025\/09\/a7b9b844-171d-4d0b-9a84-6cb5e5026bea.jpg?fit=1200%2C776&ssl=1&resize=350%2C200 1x, https:\/\/i0.wp.com\/zeromagazine.mx\/wp-content\/uploads\/2025\/09\/a7b9b844-171d-4d0b-9a84-6cb5e5026bea.jpg?fit=1200%2C776&ssl=1&resize=525%2C300 1.5x, https:\/\/i0.wp.com\/zeromagazine.mx\/wp-content\/uploads\/2025\/09\/a7b9b844-171d-4d0b-9a84-6cb5e5026bea.jpg?fit=1200%2C776&ssl=1&resize=700%2C400 2x, https:\/\/i0.wp.com\/zeromagazine.mx\/wp-content\/uploads\/2025\/09\/a7b9b844-171d-4d0b-9a84-6cb5e5026bea.jpg?fit=1200%2C776&ssl=1&resize=1050%2C600 3x"},"classes":[]},{"id":69664,"url":"https:\/\/zeromagazine.mx\/index.php\/2023\/12\/15\/la-fundacion-cultural-latin-grammy-anuncia-la-beca-sebastian-yatra-de-2024\/","url_meta":{"origin":97705,"position":5},"title":"LA FUNDACI\u00d3N CULTURAL LATIN GRAMMY ANUNCIA LA BECA SEBASTI\u00c1N YATRA DE 2024","author":"David Morales","date":"15 de diciembre de 2023","format":false,"excerpt":"SEBASTI\u00c1N YATRA DE 2024\u00a0 La Fundaci\u00f3n CulturalLatin GRAMMY\u00ae anunci\u00f3 que el galardonado cantautor Sebasti\u00e1n Yatra, ganador del Latin GRAMMY\u00ae, patrocinar\u00e1 su prestigiosa Beca Prodigio para una licenciatura en Berklee College of Music el semestre de oto\u00f1o de 2024. La beca de la Fundaci\u00f3n otorga hasta $200,000 d\u00f3lares de ayuda econ\u00f3mica\u2026","rel":"","context":"En \u00abBlog\u00bb","block_context":{"text":"Blog","link":"https:\/\/zeromagazine.mx\/index.php\/category\/blog\/"},"img":{"alt_text":"","src":"https:\/\/i0.wp.com\/zeromagazine.mx\/wp-content\/uploads\/2023\/12\/IMG_7137-1-e1702619632457.png?fit=1080%2C639&ssl=1&resize=350%2C200","width":350,"height":200,"srcset":"https:\/\/i0.wp.com\/zeromagazine.mx\/wp-content\/uploads\/2023\/12\/IMG_7137-1-e1702619632457.png?fit=1080%2C639&ssl=1&resize=350%2C200 1x, https:\/\/i0.wp.com\/zeromagazine.mx\/wp-content\/uploads\/2023\/12\/IMG_7137-1-e1702619632457.png?fit=1080%2C639&ssl=1&resize=525%2C300 1.5x, https:\/\/i0.wp.com\/zeromagazine.mx\/wp-content\/uploads\/2023\/12\/IMG_7137-1-e1702619632457.png?fit=1080%2C639&ssl=1&resize=700%2C400 2x, https:\/\/i0.wp.com\/zeromagazine.mx\/wp-content\/uploads\/2023\/12\/IMG_7137-1-e1702619632457.png?fit=1080%2C639&ssl=1&resize=1050%2C600 3x"},"classes":[]}],"jetpack_sharing_enabled":true,"builder_content":"","_links":{"self":[{"href":"https:\/\/zeromagazine.mx\/index.php\/wp-json\/wp\/v2\/posts\/97705","targetHints":{"allow":["GET"]}}],"collection":[{"href":"https:\/\/zeromagazine.mx\/index.php\/wp-json\/wp\/v2\/posts"}],"about":[{"href":"https:\/\/zeromagazine.mx\/index.php\/wp-json\/wp\/v2\/types\/post"}],"author":[{"embeddable":true,"href":"https:\/\/zeromagazine.mx\/index.php\/wp-json\/wp\/v2\/users\/4"}],"replies":[{"embeddable":true,"href":"https:\/\/zeromagazine.mx\/index.php\/wp-json\/wp\/v2\/comments?post=97705"}],"version-history":[{"count":11,"href":"https:\/\/zeromagazine.mx\/index.php\/wp-json\/wp\/v2\/posts\/97705\/revisions"}],"predecessor-version":[{"id":97721,"href":"https:\/\/zeromagazine.mx\/index.php\/wp-json\/wp\/v2\/posts\/97705\/revisions\/97721"}],"wp:featuredmedia":[{"embeddable":true,"href":"https:\/\/zeromagazine.mx\/index.php\/wp-json\/wp\/v2\/media\/97707"}],"wp:attachment":[{"href":"https:\/\/zeromagazine.mx\/index.php\/wp-json\/wp\/v2\/media?parent=97705"}],"wp:term":[{"taxonomy":"category","embeddable":true,"href":"https:\/\/zeromagazine.mx\/index.php\/wp-json\/wp\/v2\/categories?post=97705"},{"taxonomy":"post_tag","embeddable":true,"href":"https:\/\/zeromagazine.mx\/index.php\/wp-json\/wp\/v2\/tags?post=97705"}],"curies":[{"name":"wp","href":"https:\/\/api.w.org\/{rel}","templated":true}]}}