{"id":97838,"date":"2025-02-24T21:30:00","date_gmt":"2025-02-24T20:30:00","guid":{"rendered":"https:\/\/zeromagazine.mx\/?p=97838"},"modified":"2025-03-02T17:03:58","modified_gmt":"2025-03-02T16:03:58","slug":"innovacion-suiza-en-mexico","status":"publish","type":"post","link":"https:\/\/zeromagazine.mx\/index.php\/2025\/02\/24\/innovacion-suiza-en-mexico\/","title":{"rendered":"Innovaci\u00f3n de Suiza en M\u00e9xico"},"content":{"rendered":"<p>En un mundo donde la sostenibilidad ya no es una opci\u00f3n, sino una necesidad, Suiza est\u00e1 demostrando que la innovaci\u00f3n puede ser la clave para generar un impacto real. En el Foro Latinoamericano de Inversi\u00f3n de Impacto (FLII) 2025, la embajada suiza y grandes empresas como Nestl\u00e9 y Holcim llegan con una misi\u00f3n clara: mostrar que el cambio es posible cuando se combinan tecnolog\u00eda, compromiso y responsabilidad social.<\/p>\n\n\n\n<h3 class=\"wp-block-heading\">Empresas con impacto real<\/h3>\n\n\n\n<p>Para empezar, la presencia de Suiza en el FLII 2025 no es solo un acto simb\u00f3lico. La delegaci\u00f3n suiza, liderada por el embajador Pietro Piffaretti, est\u00e1 organizando el panel <em>Impact 360: Swiss Innovation for Global Change<\/em>, donde se compartir\u00e1n estrategias que ya est\u00e1n transformando la econom\u00eda y el medio ambiente.<\/p>\n\n\n\n<p>Adem\u00e1s, empresas como Nestl\u00e9 traen iniciativas poderosas, como <em>La iniciativa por los j\u00f3venes<\/em>, dise\u00f1ada para mejorar la empleabilidad y el emprendimiento juvenil. Esta estrategia busca que 10 millones de j\u00f3venes alrededor del mundo accedan a mejores oportunidades econ\u00f3micas para 2030.<\/p>\n\n\n\n<figure class=\"wp-block-embed is-type-video is-provider-youtube wp-block-embed-youtube wp-embed-aspect-16-9 wp-has-aspect-ratio\"><div class=\"wp-block-embed__wrapper\">\n<div class=\"post-video\"><iframe title=\"FLII Countdown 2025: Actions into Motion\" width=\"1165\" height=\"655\" src=\"https:\/\/www.youtube.com\/embed\/C4Z1aJ0_rHA?start=1&#038;feature=oembed\" frameborder=\"0\" allow=\"accelerometer; autoplay; clipboard-write; encrypted-media; gyroscope; picture-in-picture; web-share\" referrerpolicy=\"strict-origin-when-cross-origin\" allowfullscreen><\/iframe><\/div>\n<\/div><\/figure>\n\n\n\n<h3 class=\"wp-block-heading\">La sostenibilidad como prioridad<\/h3>\n\n\n\n<p>Por otro lado, Holcim est\u00e1 cambiando la industria de la construcci\u00f3n con su cemento LC3, una soluci\u00f3n innovadora que permite reducir hasta un 40% de emisiones de CO\u2082 en comparaci\u00f3n con el cemento tradicional. Esto es un game changer para el sector y una muestra clara de que la tecnolog\u00eda puede ser aliada del medio ambiente.<\/p>\n\n\n\n<p>Igualmente, Geocycle llega con su proyecto <em>Mi comunidad sostenible<\/em>, que busca reducir los residuos a trav\u00e9s de educaci\u00f3n ambiental e infraestructura sostenible. Este tipo de iniciativas muestran que la innovaci\u00f3n suiza con impacto est\u00e1 generando cambios tangibles.<\/p>\n\n\n\n<h3 class=\"wp-block-heading\">Suiza: Un socio estrat\u00e9gico<\/h3>\n\n\n\n<p>Finalmente, Suiza no solo es un aliado econ\u00f3mico para M\u00e9xico, sino tambi\u00e9n un socio clave en el desarrollo sostenible. Con una inversi\u00f3n de 8.8 mil millones de francos suizos en 2023, el pa\u00eds sigue impulsando soluciones innovadoras para los retos globales.<\/p>\n\n\n\n<p>En un momento donde la acci\u00f3n clim\u00e1tica es urgente, eventos como el FLII 2025 y paneles como <em>Impact 360<\/em> son espacios clave para la reflexi\u00f3n y el cambio. Si quieres conocer m\u00e1s sobre estas iniciativas, checa la p\u00e1gina oficial de la <a>Embaja<\/a><a href=\"https:\/\/www.eda.admin.ch\/countries\/mexico\/es\/home\/representaciones\/embajada.html\">da de Suiza en M\u00e9xico<\/a>.<\/p>\n\n\n\n<script async src=\"https:\/\/pagead2.googlesyndication.com\/pagead\/js\/adsbygoogle.js?client=ca-pub-5499304793904745\"\n     crossorigin=\"anonymous\"><\/script>\n<ins class=\"adsbygoogle\"\n     style=\"display:block; text-align:center;\"\n     data-ad-layout=\"in-article\"\n     data-ad-format=\"fluid\"\n     data-ad-client=\"ca-pub-5499304793904745\"\n     data-ad-slot=\"5994863093\"><\/ins>\n<script>\n     (adsbygoogle = window.adsbygoogle || []).push({});\n<\/script>\n\n<!--themify_builder_content-->\n<div id=\"themify_builder_content-97838\" data-postid=\"97838\" class=\"themify_builder_content themify_builder_content-97838 themify_builder tf_clear\">\n    <\/div>\n<!--\/themify_builder_content-->","protected":false},"excerpt":{"rendered":"<p>En un mundo donde la sostenibilidad ya no es una opci\u00f3n, sino una necesidad, Suiza est\u00e1 demostrando que la innovaci\u00f3n puede ser la clave para generar un impacto real. En el Foro Latinoamericano de Inversi\u00f3n de Impacto (FLII) 2025, la embajada suiza y grandes empresas como Nestl\u00e9 y Holcim llegan con una misi\u00f3n clara: mostrar [&hellip;]<\/p>\n","protected":false},"author":4,"featured_media":97840,"comment_status":"open","ping_status":"open","sticky":false,"template":"","format":"standard","meta":{"_jetpack_memberships_contains_paid_content":false,"footnotes":"","jetpack_publicize_message":"","jetpack_publicize_feature_enabled":true,"jetpack_social_post_already_shared":true,"jetpack_social_options":{"image_generator_settings":{"template":"highway","default_image_id":0,"font":"","enabled":false},"version":2}},"categories":[791],"tags":[12756,4303,5548,6679,2611,4497],"class_list":["post-97838","post","type-post","status-publish","format-standard","has-post-thumbnail","hentry","category-cultura","tag-economia","tag-innovacion","tag-merida","tag-mexico-3","tag-suiza","tag-sustentabilidad","has-post-title","has-post-date","has-post-category","has-post-tag","has-post-comment","has-post-author",""],"yoast_head":"<!-- This site is optimized with the Yoast SEO plugin v27.5 - https:\/\/yoast.com\/product\/yoast-seo-wordpress\/ -->\n<title>Innovaci\u00f3n de Suiza en M\u00e9xico - Zero Magazine<\/title>\n<meta name=\"description\" content=\"Descubre c\u00f3mo la innovaci\u00f3n suiza con impacto est\u00e1 transformando la sostenibilidad y el desarrollo econ\u00f3mico en M\u00e9xico.\" \/>\n<meta name=\"robots\" content=\"index, follow, max-snippet:-1, max-image-preview:large, max-video-preview:-1\" \/>\n<link rel=\"canonical\" href=\"https:\/\/zeromagazine.mx\/index.php\/2025\/02\/24\/innovacion-suiza-en-mexico\/\" \/>\n<meta property=\"og:locale\" content=\"es_ES\" \/>\n<meta property=\"og:type\" content=\"article\" \/>\n<meta property=\"og:title\" content=\"Innovaci\u00f3n de Suiza en M\u00e9xico - Zero Magazine\" \/>\n<meta property=\"og:description\" content=\"Descubre c\u00f3mo la innovaci\u00f3n suiza con impacto est\u00e1 transformando la sostenibilidad y el desarrollo econ\u00f3mico en M\u00e9xico.\" \/>\n<meta property=\"og:url\" content=\"https:\/\/zeromagazine.mx\/index.php\/2025\/02\/24\/innovacion-suiza-en-mexico\/\" \/>\n<meta property=\"og:site_name\" content=\"Zero Magazine\" \/>\n<meta property=\"article:published_time\" content=\"2025-02-24T20:30:00+00:00\" \/>\n<meta property=\"article:modified_time\" content=\"2025-03-02T16:03:58+00:00\" \/>\n<meta property=\"og:image\" content=\"http:\/\/zeromagazine.mx\/wp-content\/uploads\/2025\/03\/Delegaciones.jpg\" \/>\n\t<meta property=\"og:image:width\" content=\"1240\" \/>\n\t<meta property=\"og:image:height\" content=\"828\" \/>\n\t<meta property=\"og:image:type\" content=\"image\/jpeg\" \/>\n<meta name=\"author\" content=\"David Morales\" \/>\n<meta name=\"twitter:card\" content=\"summary_large_image\" \/>\n<meta name=\"twitter:label1\" content=\"Escrito por\" \/>\n\t<meta name=\"twitter:data1\" content=\"David Morales\" \/>\n\t<meta name=\"twitter:label2\" content=\"Tiempo de lectura\" \/>\n\t<meta name=\"twitter:data2\" content=\"2 minutos\" \/>\n<script type=\"application\/ld+json\" class=\"yoast-schema-graph\">{\"@context\":\"https:\\\/\\\/schema.org\",\"@graph\":[{\"@type\":\"Article\",\"@id\":\"https:\\\/\\\/zeromagazine.mx\\\/index.php\\\/2025\\\/02\\\/24\\\/innovacion-suiza-en-mexico\\\/#article\",\"isPartOf\":{\"@id\":\"https:\\\/\\\/zeromagazine.mx\\\/index.php\\\/2025\\\/02\\\/24\\\/innovacion-suiza-en-mexico\\\/\"},\"author\":{\"name\":\"David Morales\",\"@id\":\"https:\\\/\\\/zeromagazine.mx\\\/#\\\/schema\\\/person\\\/9f7f1a17c60ba8e9980e3e6677aabe5a\"},\"headline\":\"Innovaci\u00f3n de Suiza en M\u00e9xico\",\"datePublished\":\"2025-02-24T20:30:00+00:00\",\"dateModified\":\"2025-03-02T16:03:58+00:00\",\"mainEntityOfPage\":{\"@id\":\"https:\\\/\\\/zeromagazine.mx\\\/index.php\\\/2025\\\/02\\\/24\\\/innovacion-suiza-en-mexico\\\/\"},\"wordCount\":395,\"commentCount\":0,\"publisher\":{\"@id\":\"https:\\\/\\\/zeromagazine.mx\\\/#organization\"},\"image\":{\"@id\":\"https:\\\/\\\/zeromagazine.mx\\\/index.php\\\/2025\\\/02\\\/24\\\/innovacion-suiza-en-mexico\\\/#primaryimage\"},\"thumbnailUrl\":\"https:\\\/\\\/i0.wp.com\\\/zeromagazine.mx\\\/wp-content\\\/uploads\\\/2025\\\/03\\\/Delegaciones.jpg?fit=1240%2C828&ssl=1\",\"keywords\":[\"econom\u00eda\",\"Innovaci\u00f3n\",\"M\u00e9rida\",\"M\u00e9xico\",\"Suiza\",\"sustentabilidad\"],\"articleSection\":[\"Cultura\"],\"inLanguage\":\"es\",\"potentialAction\":[{\"@type\":\"CommentAction\",\"name\":\"Comment\",\"target\":[\"https:\\\/\\\/zeromagazine.mx\\\/index.php\\\/2025\\\/02\\\/24\\\/innovacion-suiza-en-mexico\\\/#respond\"]}]},{\"@type\":\"WebPage\",\"@id\":\"https:\\\/\\\/zeromagazine.mx\\\/index.php\\\/2025\\\/02\\\/24\\\/innovacion-suiza-en-mexico\\\/\",\"url\":\"https:\\\/\\\/zeromagazine.mx\\\/index.php\\\/2025\\\/02\\\/24\\\/innovacion-suiza-en-mexico\\\/\",\"name\":\"Innovaci\u00f3n de Suiza en M\u00e9xico - Zero Magazine\",\"isPartOf\":{\"@id\":\"https:\\\/\\\/zeromagazine.mx\\\/#website\"},\"primaryImageOfPage\":{\"@id\":\"https:\\\/\\\/zeromagazine.mx\\\/index.php\\\/2025\\\/02\\\/24\\\/innovacion-suiza-en-mexico\\\/#primaryimage\"},\"image\":{\"@id\":\"https:\\\/\\\/zeromagazine.mx\\\/index.php\\\/2025\\\/02\\\/24\\\/innovacion-suiza-en-mexico\\\/#primaryimage\"},\"thumbnailUrl\":\"https:\\\/\\\/i0.wp.com\\\/zeromagazine.mx\\\/wp-content\\\/uploads\\\/2025\\\/03\\\/Delegaciones.jpg?fit=1240%2C828&ssl=1\",\"datePublished\":\"2025-02-24T20:30:00+00:00\",\"dateModified\":\"2025-03-02T16:03:58+00:00\",\"description\":\"Descubre c\u00f3mo la innovaci\u00f3n suiza con impacto est\u00e1 transformando la sostenibilidad y el desarrollo econ\u00f3mico en M\u00e9xico.\",\"breadcrumb\":{\"@id\":\"https:\\\/\\\/zeromagazine.mx\\\/index.php\\\/2025\\\/02\\\/24\\\/innovacion-suiza-en-mexico\\\/#breadcrumb\"},\"inLanguage\":\"es\",\"potentialAction\":[{\"@type\":\"ReadAction\",\"target\":[\"https:\\\/\\\/zeromagazine.mx\\\/index.php\\\/2025\\\/02\\\/24\\\/innovacion-suiza-en-mexico\\\/\"]}]},{\"@type\":\"ImageObject\",\"inLanguage\":\"es\",\"@id\":\"https:\\\/\\\/zeromagazine.mx\\\/index.php\\\/2025\\\/02\\\/24\\\/innovacion-suiza-en-mexico\\\/#primaryimage\",\"url\":\"https:\\\/\\\/i0.wp.com\\\/zeromagazine.mx\\\/wp-content\\\/uploads\\\/2025\\\/03\\\/Delegaciones.jpg?fit=1240%2C828&ssl=1\",\"contentUrl\":\"https:\\\/\\\/i0.wp.com\\\/zeromagazine.mx\\\/wp-content\\\/uploads\\\/2025\\\/03\\\/Delegaciones.jpg?fit=1240%2C828&ssl=1\",\"width\":1240,\"height\":828},{\"@type\":\"BreadcrumbList\",\"@id\":\"https:\\\/\\\/zeromagazine.mx\\\/index.php\\\/2025\\\/02\\\/24\\\/innovacion-suiza-en-mexico\\\/#breadcrumb\",\"itemListElement\":[{\"@type\":\"ListItem\",\"position\":1,\"name\":\"Portada\",\"item\":\"https:\\\/\\\/zeromagazine.mx\\\/\"},{\"@type\":\"ListItem\",\"position\":2,\"name\":\"Innovaci\u00f3n de Suiza en M\u00e9xico\"}]},{\"@type\":\"WebSite\",\"@id\":\"https:\\\/\\\/zeromagazine.mx\\\/#website\",\"url\":\"https:\\\/\\\/zeromagazine.mx\\\/\",\"name\":\"Zero Magazine\",\"description\":\"\",\"publisher\":{\"@id\":\"https:\\\/\\\/zeromagazine.mx\\\/#organization\"},\"potentialAction\":[{\"@type\":\"SearchAction\",\"target\":{\"@type\":\"EntryPoint\",\"urlTemplate\":\"https:\\\/\\\/zeromagazine.mx\\\/?s={search_term_string}\"},\"query-input\":{\"@type\":\"PropertyValueSpecification\",\"valueRequired\":true,\"valueName\":\"search_term_string\"}}],\"inLanguage\":\"es\"},{\"@type\":\"Organization\",\"@id\":\"https:\\\/\\\/zeromagazine.mx\\\/#organization\",\"name\":\"Zero Magazine\",\"url\":\"https:\\\/\\\/zeromagazine.mx\\\/\",\"logo\":{\"@type\":\"ImageObject\",\"inLanguage\":\"es\",\"@id\":\"https:\\\/\\\/zeromagazine.mx\\\/#\\\/schema\\\/logo\\\/image\\\/\",\"url\":\"https:\\\/\\\/i0.wp.com\\\/zeromagazine.mx\\\/wp-content\\\/uploads\\\/2025\\\/11\\\/1.jpeg?fit=1000%2C1000&ssl=1\",\"contentUrl\":\"https:\\\/\\\/i0.wp.com\\\/zeromagazine.mx\\\/wp-content\\\/uploads\\\/2025\\\/11\\\/1.jpeg?fit=1000%2C1000&ssl=1\",\"width\":1000,\"height\":1000,\"caption\":\"Zero Magazine\"},\"image\":{\"@id\":\"https:\\\/\\\/zeromagazine.mx\\\/#\\\/schema\\\/logo\\\/image\\\/\"},\"sameAs\":[\"https:\\\/\\\/instagram.com\\\/zeromagazinemx\"]},{\"@type\":\"Person\",\"@id\":\"https:\\\/\\\/zeromagazine.mx\\\/#\\\/schema\\\/person\\\/9f7f1a17c60ba8e9980e3e6677aabe5a\",\"name\":\"David Morales\",\"image\":{\"@type\":\"ImageObject\",\"inLanguage\":\"es\",\"@id\":\"https:\\\/\\\/zeromagazine.mx\\\/wp-content\\\/litespeed\\\/avatar\\\/76069d2136bfc1c37dc34815bb67ca42.jpg?ver=1777571067\",\"url\":\"https:\\\/\\\/zeromagazine.mx\\\/wp-content\\\/litespeed\\\/avatar\\\/76069d2136bfc1c37dc34815bb67ca42.jpg?ver=1777571067\",\"contentUrl\":\"https:\\\/\\\/zeromagazine.mx\\\/wp-content\\\/litespeed\\\/avatar\\\/76069d2136bfc1c37dc34815bb67ca42.jpg?ver=1777571067\",\"caption\":\"David Morales\"},\"url\":\"https:\\\/\\\/zeromagazine.mx\\\/index.php\\\/author\\\/david\\\/\"}]}<\/script>\n<!-- \/ Yoast SEO plugin. -->","yoast_head_json":{"title":"Innovaci\u00f3n de Suiza en M\u00e9xico - Zero Magazine","description":"Descubre c\u00f3mo la innovaci\u00f3n suiza con impacto est\u00e1 transformando la sostenibilidad y el desarrollo econ\u00f3mico en M\u00e9xico.","robots":{"index":"index","follow":"follow","max-snippet":"max-snippet:-1","max-image-preview":"max-image-preview:large","max-video-preview":"max-video-preview:-1"},"canonical":"https:\/\/zeromagazine.mx\/index.php\/2025\/02\/24\/innovacion-suiza-en-mexico\/","og_locale":"es_ES","og_type":"article","og_title":"Innovaci\u00f3n de Suiza en M\u00e9xico - Zero Magazine","og_description":"Descubre c\u00f3mo la innovaci\u00f3n suiza con impacto est\u00e1 transformando la sostenibilidad y el desarrollo econ\u00f3mico en M\u00e9xico.","og_url":"https:\/\/zeromagazine.mx\/index.php\/2025\/02\/24\/innovacion-suiza-en-mexico\/","og_site_name":"Zero Magazine","article_published_time":"2025-02-24T20:30:00+00:00","article_modified_time":"2025-03-02T16:03:58+00:00","og_image":[{"width":1240,"height":828,"url":"http:\/\/zeromagazine.mx\/wp-content\/uploads\/2025\/03\/Delegaciones.jpg","type":"image\/jpeg"}],"author":"David Morales","twitter_card":"summary_large_image","twitter_misc":{"Escrito por":"David Morales","Tiempo de lectura":"2 minutos"},"schema":{"@context":"https:\/\/schema.org","@graph":[{"@type":"Article","@id":"https:\/\/zeromagazine.mx\/index.php\/2025\/02\/24\/innovacion-suiza-en-mexico\/#article","isPartOf":{"@id":"https:\/\/zeromagazine.mx\/index.php\/2025\/02\/24\/innovacion-suiza-en-mexico\/"},"author":{"name":"David Morales","@id":"https:\/\/zeromagazine.mx\/#\/schema\/person\/9f7f1a17c60ba8e9980e3e6677aabe5a"},"headline":"Innovaci\u00f3n de Suiza en M\u00e9xico","datePublished":"2025-02-24T20:30:00+00:00","dateModified":"2025-03-02T16:03:58+00:00","mainEntityOfPage":{"@id":"https:\/\/zeromagazine.mx\/index.php\/2025\/02\/24\/innovacion-suiza-en-mexico\/"},"wordCount":395,"commentCount":0,"publisher":{"@id":"https:\/\/zeromagazine.mx\/#organization"},"image":{"@id":"https:\/\/zeromagazine.mx\/index.php\/2025\/02\/24\/innovacion-suiza-en-mexico\/#primaryimage"},"thumbnailUrl":"https:\/\/i0.wp.com\/zeromagazine.mx\/wp-content\/uploads\/2025\/03\/Delegaciones.jpg?fit=1240%2C828&ssl=1","keywords":["econom\u00eda","Innovaci\u00f3n","M\u00e9rida","M\u00e9xico","Suiza","sustentabilidad"],"articleSection":["Cultura"],"inLanguage":"es","potentialAction":[{"@type":"CommentAction","name":"Comment","target":["https:\/\/zeromagazine.mx\/index.php\/2025\/02\/24\/innovacion-suiza-en-mexico\/#respond"]}]},{"@type":"WebPage","@id":"https:\/\/zeromagazine.mx\/index.php\/2025\/02\/24\/innovacion-suiza-en-mexico\/","url":"https:\/\/zeromagazine.mx\/index.php\/2025\/02\/24\/innovacion-suiza-en-mexico\/","name":"Innovaci\u00f3n de Suiza en M\u00e9xico - Zero Magazine","isPartOf":{"@id":"https:\/\/zeromagazine.mx\/#website"},"primaryImageOfPage":{"@id":"https:\/\/zeromagazine.mx\/index.php\/2025\/02\/24\/innovacion-suiza-en-mexico\/#primaryimage"},"image":{"@id":"https:\/\/zeromagazine.mx\/index.php\/2025\/02\/24\/innovacion-suiza-en-mexico\/#primaryimage"},"thumbnailUrl":"https:\/\/i0.wp.com\/zeromagazine.mx\/wp-content\/uploads\/2025\/03\/Delegaciones.jpg?fit=1240%2C828&ssl=1","datePublished":"2025-02-24T20:30:00+00:00","dateModified":"2025-03-02T16:03:58+00:00","description":"Descubre c\u00f3mo la innovaci\u00f3n suiza con impacto est\u00e1 transformando la sostenibilidad y el desarrollo econ\u00f3mico en M\u00e9xico.","breadcrumb":{"@id":"https:\/\/zeromagazine.mx\/index.php\/2025\/02\/24\/innovacion-suiza-en-mexico\/#breadcrumb"},"inLanguage":"es","potentialAction":[{"@type":"ReadAction","target":["https:\/\/zeromagazine.mx\/index.php\/2025\/02\/24\/innovacion-suiza-en-mexico\/"]}]},{"@type":"ImageObject","inLanguage":"es","@id":"https:\/\/zeromagazine.mx\/index.php\/2025\/02\/24\/innovacion-suiza-en-mexico\/#primaryimage","url":"https:\/\/i0.wp.com\/zeromagazine.mx\/wp-content\/uploads\/2025\/03\/Delegaciones.jpg?fit=1240%2C828&ssl=1","contentUrl":"https:\/\/i0.wp.com\/zeromagazine.mx\/wp-content\/uploads\/2025\/03\/Delegaciones.jpg?fit=1240%2C828&ssl=1","width":1240,"height":828},{"@type":"BreadcrumbList","@id":"https:\/\/zeromagazine.mx\/index.php\/2025\/02\/24\/innovacion-suiza-en-mexico\/#breadcrumb","itemListElement":[{"@type":"ListItem","position":1,"name":"Portada","item":"https:\/\/zeromagazine.mx\/"},{"@type":"ListItem","position":2,"name":"Innovaci\u00f3n de Suiza en M\u00e9xico"}]},{"@type":"WebSite","@id":"https:\/\/zeromagazine.mx\/#website","url":"https:\/\/zeromagazine.mx\/","name":"Zero Magazine","description":"","publisher":{"@id":"https:\/\/zeromagazine.mx\/#organization"},"potentialAction":[{"@type":"SearchAction","target":{"@type":"EntryPoint","urlTemplate":"https:\/\/zeromagazine.mx\/?s={search_term_string}"},"query-input":{"@type":"PropertyValueSpecification","valueRequired":true,"valueName":"search_term_string"}}],"inLanguage":"es"},{"@type":"Organization","@id":"https:\/\/zeromagazine.mx\/#organization","name":"Zero Magazine","url":"https:\/\/zeromagazine.mx\/","logo":{"@type":"ImageObject","inLanguage":"es","@id":"https:\/\/zeromagazine.mx\/#\/schema\/logo\/image\/","url":"https:\/\/i0.wp.com\/zeromagazine.mx\/wp-content\/uploads\/2025\/11\/1.jpeg?fit=1000%2C1000&ssl=1","contentUrl":"https:\/\/i0.wp.com\/zeromagazine.mx\/wp-content\/uploads\/2025\/11\/1.jpeg?fit=1000%2C1000&ssl=1","width":1000,"height":1000,"caption":"Zero Magazine"},"image":{"@id":"https:\/\/zeromagazine.mx\/#\/schema\/logo\/image\/"},"sameAs":["https:\/\/instagram.com\/zeromagazinemx"]},{"@type":"Person","@id":"https:\/\/zeromagazine.mx\/#\/schema\/person\/9f7f1a17c60ba8e9980e3e6677aabe5a","name":"David Morales","image":{"@type":"ImageObject","inLanguage":"es","@id":"https:\/\/zeromagazine.mx\/wp-content\/litespeed\/avatar\/76069d2136bfc1c37dc34815bb67ca42.jpg?ver=1777571067","url":"https:\/\/zeromagazine.mx\/wp-content\/litespeed\/avatar\/76069d2136bfc1c37dc34815bb67ca42.jpg?ver=1777571067","contentUrl":"https:\/\/zeromagazine.mx\/wp-content\/litespeed\/avatar\/76069d2136bfc1c37dc34815bb67ca42.jpg?ver=1777571067","caption":"David Morales"},"url":"https:\/\/zeromagazine.mx\/index.php\/author\/david\/"}]}},"jetpack_publicize_connections":[],"jetpack_featured_media_url":"https:\/\/i0.wp.com\/zeromagazine.mx\/wp-content\/uploads\/2025\/03\/Delegaciones.jpg?fit=1240%2C828&ssl=1","jetpack-related-posts":[{"id":79546,"url":"https:\/\/zeromagazine.mx\/index.php\/2024\/06\/27\/startup-exchange-2024-innovacion-sin-fronteras\/","url_meta":{"origin":97838,"position":0},"title":"Startup Exchange 2024: Innovaci\u00f3n sin Fronteras","author":"zeromagazinemx","date":"27 de junio de 2024","format":false,"excerpt":"\u00bfSe enteraron de la \u00faltima movida en innovaci\u00f3n que sacudi\u00f3 la Ciudad de M\u00e9xico? \u00a1La Embajada de Suiza tir\u00f3 la casa por la ventana con el \"Startup Exchange Suiza y M\u00e9xico 2024\"! El rollo es que el 25 de junio de 2025, la embajada fue el epicentro donde se unieron\u2026","rel":"","context":"En \u00abBlog\u00bb","block_context":{"text":"Blog","link":"https:\/\/zeromagazine.mx\/index.php\/category\/blog\/"},"img":{"alt_text":"","src":"https:\/\/i0.wp.com\/zeromagazine.mx\/wp-content\/uploads\/2024\/06\/IMG_1636-scaled.jpg?fit=1200%2C785&ssl=1&resize=350%2C200","width":350,"height":200,"srcset":"https:\/\/i0.wp.com\/zeromagazine.mx\/wp-content\/uploads\/2024\/06\/IMG_1636-scaled.jpg?fit=1200%2C785&ssl=1&resize=350%2C200 1x, https:\/\/i0.wp.com\/zeromagazine.mx\/wp-content\/uploads\/2024\/06\/IMG_1636-scaled.jpg?fit=1200%2C785&ssl=1&resize=525%2C300 1.5x, https:\/\/i0.wp.com\/zeromagazine.mx\/wp-content\/uploads\/2024\/06\/IMG_1636-scaled.jpg?fit=1200%2C785&ssl=1&resize=700%2C400 2x, https:\/\/i0.wp.com\/zeromagazine.mx\/wp-content\/uploads\/2024\/06\/IMG_1636-scaled.jpg?fit=1200%2C785&ssl=1&resize=1050%2C600 3x"},"classes":[]},{"id":76447,"url":"https:\/\/zeromagazine.mx\/index.php\/2024\/05\/23\/empresas-suizas-y-derechos-humanos-en-mexico\/","url_meta":{"origin":97838,"position":1},"title":"Empresas Suizas y Derechos Humanos en M\u00e9xico","author":"zeromagazinemx","date":"23 de mayo de 2024","format":false,"excerpt":"La Embajada de Suiza y la Cohesi\u00f3n Comunitaria e Innovaci\u00f3n Social (CCIS A.C.) han unido fuerzas en un esfuerzo incre\u00edble para impulsar el respeto de los Derechos Humanos en las operaciones empresariales aqu\u00ed en M\u00e9xico. S\u00ed, lo has escuchado bien, \u00a1un verdadero cambio est\u00e1 en marcha! El reciente Foro Empresas\u2026","rel":"","context":"En \u00abBienestar\u00bb","block_context":{"text":"Bienestar","link":"https:\/\/zeromagazine.mx\/index.php\/category\/lifestyle\/bienestar\/"},"img":{"alt_text":"","src":"https:\/\/i0.wp.com\/zeromagazine.mx\/wp-content\/uploads\/2024\/05\/unnamed-66.jpg?fit=1200%2C800&ssl=1&resize=350%2C200","width":350,"height":200,"srcset":"https:\/\/i0.wp.com\/zeromagazine.mx\/wp-content\/uploads\/2024\/05\/unnamed-66.jpg?fit=1200%2C800&ssl=1&resize=350%2C200 1x, https:\/\/i0.wp.com\/zeromagazine.mx\/wp-content\/uploads\/2024\/05\/unnamed-66.jpg?fit=1200%2C800&ssl=1&resize=525%2C300 1.5x, https:\/\/i0.wp.com\/zeromagazine.mx\/wp-content\/uploads\/2024\/05\/unnamed-66.jpg?fit=1200%2C800&ssl=1&resize=700%2C400 2x, https:\/\/i0.wp.com\/zeromagazine.mx\/wp-content\/uploads\/2024\/05\/unnamed-66.jpg?fit=1200%2C800&ssl=1&resize=1050%2C600 3x"},"classes":[]},{"id":50305,"url":"https:\/\/zeromagazine.mx\/index.php\/2021\/07\/17\/la-embajada-de-mexico-en-suiza-presenta-la-exhibicion-presencias-de-lo-ausente-de-cecilia-mancera\/","url_meta":{"origin":97838,"position":2},"title":"La Embajada de M\u00e9xico en Suiza presenta la exhibici\u00f3n \u201cPresencias de lo ausente\u201d de Cecilia Mancera","author":"zeromagazinemx","date":"17 de julio de 2021","format":false,"excerpt":"Mancera comparte con el espectador sentimientos y reflexiones en torno al paso del tiempo y lo ef\u00edmero en cada instante en las 31 obras que conforman la exposici\u00f3n. Por Moises Kushelevich \u201cPresencias de los ausente\u201d es la primera exhibici\u00f3n organizada por la Embajada de M\u00e9xico en Suiza en formato digital,\u2026","rel":"","context":"En \u00abLifestyle\u00bb","block_context":{"text":"Lifestyle","link":"https:\/\/zeromagazine.mx\/index.php\/category\/lifestyle\/"},"img":{"alt_text":"","src":"","width":0,"height":0},"classes":[]},{"id":77715,"url":"https:\/\/zeromagazine.mx\/index.php\/2024\/06\/11\/lucha-verde-en-el-corazon-de-la-ciudad-un-domingo-por-el-clima-en-paseo-de-la-reforma\/","url_meta":{"origin":97838,"position":3},"title":"Lucha Verde en el Coraz\u00f3n de la Ciudad: \u00a1Un Domingo por el Clima en Paseo de la Reforma!","author":"zeromagazinemx","date":"11 de junio de 2024","format":false,"excerpt":"Hoy quiero platicarles sobre un evento que est\u00e1 a punto de llegar y que est\u00e1 \u00a1s\u00faper emocionante! La Embajada de Suiza en M\u00e9xico y la Secretar\u00eda de Turismo de la CDMX se est\u00e1n uniendo para hacerle frente al cambio clim\u00e1tico de una manera \u00e9pica: \u00a1con lucha libre! As\u00ed es, est\u00e1s\u2026","rel":"","context":"En \u00abBlog\u00bb","block_context":{"text":"Blog","link":"https:\/\/zeromagazine.mx\/index.php\/category\/blog\/"},"img":{"alt_text":"","src":"https:\/\/i0.wp.com\/zeromagazine.mx\/wp-content\/uploads\/2024\/06\/unnamed-4-1.png?fit=960%2C1200&ssl=1&resize=350%2C200","width":350,"height":200,"srcset":"https:\/\/i0.wp.com\/zeromagazine.mx\/wp-content\/uploads\/2024\/06\/unnamed-4-1.png?fit=960%2C1200&ssl=1&resize=350%2C200 1x, https:\/\/i0.wp.com\/zeromagazine.mx\/wp-content\/uploads\/2024\/06\/unnamed-4-1.png?fit=960%2C1200&ssl=1&resize=525%2C300 1.5x, https:\/\/i0.wp.com\/zeromagazine.mx\/wp-content\/uploads\/2024\/06\/unnamed-4-1.png?fit=960%2C1200&ssl=1&resize=700%2C400 2x"},"classes":[]},{"id":46899,"url":"https:\/\/zeromagazine.mx\/index.php\/2021\/06\/05\/regalos-perfectos-para-papa-de-victorinox\/","url_meta":{"origin":97838,"position":4},"title":"Regalos perfectos para Pap\u00e1 de Victorinox","author":"zeromagazinemx","date":"5 de junio de 2021","format":false,"excerpt":"Lo mejor para el D\u00eda del Padre est\u00e1 en Victorinox y ya que dicen que elegir un regalo para hombre es m\u00e1s dif\u00edcil que para mujer, Victorinox te demuestra lo contrario con asombrosas ideas. por Moises Kushelevich El D\u00eda del Padre se acerca y debemos de escoger el regalo perfecto\u2026","rel":"","context":"En \u00abLifestyle\u00bb","block_context":{"text":"Lifestyle","link":"https:\/\/zeromagazine.mx\/index.php\/category\/lifestyle\/"},"img":{"alt_text":"","src":"","width":0,"height":0},"classes":[]},{"id":99278,"url":"https:\/\/zeromagazine.mx\/index.php\/2025\/03\/20\/nestle-chocotrio-endulza-tu-dia\/","url_meta":{"origin":97838,"position":5},"title":"Nestl\u00e9 Chocotr\u00edo: Endulza Tu D\u00eda","author":"David Morales","date":"20 de marzo de 2025","format":false,"excerpt":"Amix, \u00bfsab\u00edan que el 20 de marzo se celebra el D\u00eda de la Felicidad? Y si hay algo que nos hace felices a todes es el chocolate. Por eso, Nestl\u00e9 decidi\u00f3 lanzar algo \u00e9pico para esta fecha tan especial: el nuevo Nestl\u00e9 Chocotr\u00edo. Imaginen una combinaci\u00f3n perfecta de chocolate, galleta\u2026","rel":"","context":"En \u00abFoodie\u00bb","block_context":{"text":"Foodie","link":"https:\/\/zeromagazine.mx\/index.php\/category\/lifestyle\/foodie\/"},"img":{"alt_text":"","src":"https:\/\/i0.wp.com\/zeromagazine.mx\/wp-content\/uploads\/2025\/03\/CHOCOTRIO-NESTLE-1-scaled.jpg?fit=1200%2C800&ssl=1&resize=350%2C200","width":350,"height":200,"srcset":"https:\/\/i0.wp.com\/zeromagazine.mx\/wp-content\/uploads\/2025\/03\/CHOCOTRIO-NESTLE-1-scaled.jpg?fit=1200%2C800&ssl=1&resize=350%2C200 1x, https:\/\/i0.wp.com\/zeromagazine.mx\/wp-content\/uploads\/2025\/03\/CHOCOTRIO-NESTLE-1-scaled.jpg?fit=1200%2C800&ssl=1&resize=525%2C300 1.5x, https:\/\/i0.wp.com\/zeromagazine.mx\/wp-content\/uploads\/2025\/03\/CHOCOTRIO-NESTLE-1-scaled.jpg?fit=1200%2C800&ssl=1&resize=700%2C400 2x, https:\/\/i0.wp.com\/zeromagazine.mx\/wp-content\/uploads\/2025\/03\/CHOCOTRIO-NESTLE-1-scaled.jpg?fit=1200%2C800&ssl=1&resize=1050%2C600 3x"},"classes":[]}],"jetpack_sharing_enabled":true,"builder_content":"","_links":{"self":[{"href":"https:\/\/zeromagazine.mx\/index.php\/wp-json\/wp\/v2\/posts\/97838","targetHints":{"allow":["GET"]}}],"collection":[{"href":"https:\/\/zeromagazine.mx\/index.php\/wp-json\/wp\/v2\/posts"}],"about":[{"href":"https:\/\/zeromagazine.mx\/index.php\/wp-json\/wp\/v2\/types\/post"}],"author":[{"embeddable":true,"href":"https:\/\/zeromagazine.mx\/index.php\/wp-json\/wp\/v2\/users\/4"}],"replies":[{"embeddable":true,"href":"https:\/\/zeromagazine.mx\/index.php\/wp-json\/wp\/v2\/comments?post=97838"}],"version-history":[{"count":7,"href":"https:\/\/zeromagazine.mx\/index.php\/wp-json\/wp\/v2\/posts\/97838\/revisions"}],"predecessor-version":[{"id":97846,"href":"https:\/\/zeromagazine.mx\/index.php\/wp-json\/wp\/v2\/posts\/97838\/revisions\/97846"}],"wp:featuredmedia":[{"embeddable":true,"href":"https:\/\/zeromagazine.mx\/index.php\/wp-json\/wp\/v2\/media\/97840"}],"wp:attachment":[{"href":"https:\/\/zeromagazine.mx\/index.php\/wp-json\/wp\/v2\/media?parent=97838"}],"wp:term":[{"taxonomy":"category","embeddable":true,"href":"https:\/\/zeromagazine.mx\/index.php\/wp-json\/wp\/v2\/categories?post=97838"},{"taxonomy":"post_tag","embeddable":true,"href":"https:\/\/zeromagazine.mx\/index.php\/wp-json\/wp\/v2\/tags?post=97838"}],"curies":[{"name":"wp","href":"https:\/\/api.w.org\/{rel}","templated":true}]}}