{"id":98692,"date":"2025-03-12T09:30:00","date_gmt":"2025-03-12T15:30:00","guid":{"rendered":"https:\/\/zeromagazine.mx\/?p=98692"},"modified":"2025-03-14T10:27:17","modified_gmt":"2025-03-14T16:27:17","slug":"sabores-de-barcelona-en-cdmx","status":"publish","type":"post","link":"https:\/\/zeromagazine.mx\/index.php\/2025\/03\/12\/sabores-de-barcelona-en-cdmx\/","title":{"rendered":"Sabores de Barcelona en CDMX"},"content":{"rendered":"<p>La alta gastronom\u00eda llega a la Ciudad de M\u00e9xico con un evento que promete ser una joya culinaria. El Hotel Marquis Reforma y el Majestic Hotel &amp; Spa Barcelona se unen para presentar las Jornadas Gastron\u00f3micas del Majestic, una experiencia que fusiona lo mejor de la cocina mediterr\u00e1nea con la innovaci\u00f3n de la alta cocina catalana. Si eres amante de los sabores aut\u00e9nticos, este evento es para ti.<\/p>\n\n\n\n<p><strong>Un viaje culinario sin salir de CDMX<\/strong><\/p>\n\n\n\n<p>Para empezar, este encuentro gastron\u00f3mico trae a la mesa la excelencia de SOLC, el restaurante insignia del Majestic Hotel, recientemente reconocido por la Gu\u00eda Michelin 2024. Con ingredientes frescos y una propuesta que combina tradici\u00f3n e innovaci\u00f3n, el chef David Romero Molina transportar\u00e1 a los comensales a Barcelona con cada platillo.<\/p>\n\n\n\n<figure class=\"wp-block-gallery has-nested-images columns-default is-cropped wp-block-gallery-1 is-layout-flex wp-block-gallery-is-layout-flex\">\n<figure class=\"wp-block-image size-large\"><img data-recalc-dims=\"1\" decoding=\"async\" width=\"1024\" height=\"683\" data-id=\"98696\" src=\"https:\/\/i0.wp.com\/zeromagazine.mx\/wp-content\/uploads\/2025\/03\/jornadagastronomicaespanola_heritagebistrobar_marquisreforma-7817-1024x683.png?resize=1024%2C683&#038;ssl=1\" alt=\"\" class=\"wp-image-98696\" srcset=\"https:\/\/i0.wp.com\/zeromagazine.mx\/wp-content\/uploads\/2025\/03\/jornadagastronomicaespanola_heritagebistrobar_marquisreforma-7817.png?resize=1024%2C683&amp;ssl=1 1024w, https:\/\/i0.wp.com\/zeromagazine.mx\/wp-content\/uploads\/2025\/03\/jornadagastronomicaespanola_heritagebistrobar_marquisreforma-7817.png?resize=300%2C200&amp;ssl=1 300w, https:\/\/i0.wp.com\/zeromagazine.mx\/wp-content\/uploads\/2025\/03\/jornadagastronomicaespanola_heritagebistrobar_marquisreforma-7817.png?resize=768%2C512&amp;ssl=1 768w, https:\/\/i0.wp.com\/zeromagazine.mx\/wp-content\/uploads\/2025\/03\/jornadagastronomicaespanola_heritagebistrobar_marquisreforma-7817.png?resize=1536%2C1024&amp;ssl=1 1536w, https:\/\/i0.wp.com\/zeromagazine.mx\/wp-content\/uploads\/2025\/03\/jornadagastronomicaespanola_heritagebistrobar_marquisreforma-7817.png?resize=2048%2C1365&amp;ssl=1 2048w, https:\/\/i0.wp.com\/zeromagazine.mx\/wp-content\/uploads\/2025\/03\/jornadagastronomicaespanola_heritagebistrobar_marquisreforma-7817.png?w=2330 2330w\" sizes=\"(max-width: 1024px) 100vw, 1024px\" \/><\/figure>\n\n\n\n<figure class=\"wp-block-image size-large\"><img data-recalc-dims=\"1\" decoding=\"async\" width=\"1024\" height=\"635\" data-id=\"98695\" src=\"https:\/\/i0.wp.com\/zeromagazine.mx\/wp-content\/uploads\/2025\/03\/jornadagastronomicaespanola_heritagebistrobar_marquisreforma-7680-1-1024x635.png?resize=1024%2C635&#038;ssl=1\" alt=\"\" class=\"wp-image-98695\" srcset=\"https:\/\/i0.wp.com\/zeromagazine.mx\/wp-content\/uploads\/2025\/03\/jornadagastronomicaespanola_heritagebistrobar_marquisreforma-7680-1.png?resize=1024%2C635&amp;ssl=1 1024w, https:\/\/i0.wp.com\/zeromagazine.mx\/wp-content\/uploads\/2025\/03\/jornadagastronomicaespanola_heritagebistrobar_marquisreforma-7680-1.png?resize=300%2C186&amp;ssl=1 300w, https:\/\/i0.wp.com\/zeromagazine.mx\/wp-content\/uploads\/2025\/03\/jornadagastronomicaespanola_heritagebistrobar_marquisreforma-7680-1.png?resize=768%2C476&amp;ssl=1 768w, https:\/\/i0.wp.com\/zeromagazine.mx\/wp-content\/uploads\/2025\/03\/jornadagastronomicaespanola_heritagebistrobar_marquisreforma-7680-1.png?resize=1536%2C953&amp;ssl=1 1536w, https:\/\/i0.wp.com\/zeromagazine.mx\/wp-content\/uploads\/2025\/03\/jornadagastronomicaespanola_heritagebistrobar_marquisreforma-7680-1.png?resize=2048%2C1270&amp;ssl=1 2048w, https:\/\/i0.wp.com\/zeromagazine.mx\/wp-content\/uploads\/2025\/03\/jornadagastronomicaespanola_heritagebistrobar_marquisreforma-7680-1.png?w=2330 2330w\" sizes=\"(max-width: 1024px) 100vw, 1024px\" \/><\/figure>\n<\/figure>\n\n\n\n<p><strong>M\u00e1s que un evento, una celebraci\u00f3n<\/strong><\/p>\n\n\n\n<p>Adem\u00e1s, esta experiencia no solo es un homenaje a la cocina catalana, sino que tambi\u00e9n celebra que Catalu\u00f1a ha sido nombrada Regi\u00f3n Mundial de la Gastronom\u00eda 2025. La fusi\u00f3n entre ambas culturas se vive en cada bocado, haciendo de estas jornadas una cita imperdible para quienes buscan algo m\u00e1s que una simple cena.<\/p>\n\n\n\n<script async src=\"https:\/\/pagead2.googlesyndication.com\/pagead\/js\/adsbygoogle.js?client=ca-pub-5499304793904745\"\n     crossorigin=\"anonymous\"><\/script>\n<ins class=\"adsbygoogle\"\n     style=\"display:block; text-align:center;\"\n     data-ad-layout=\"in-article\"\n     data-ad-format=\"fluid\"\n     data-ad-client=\"ca-pub-5499304793904745\"\n     data-ad-slot=\"5994863093\"><\/ins>\n<script>\n     (adsbygoogle = window.adsbygoogle || []).push({});\n<\/script>\n\n\n\n<p><strong>Un espacio gastron\u00f3mico de lujo<\/strong><\/p>\n\n\n\n<p>Por otro lado, el escenario para este evento no pod\u00eda ser mejor: el reci\u00e9n inaugurado HERITAGE Bistr\u00f3 Bar en el Hotel Marquis Reforma. Con un ambiente sofisticado y un men\u00fa de edici\u00f3n limitada, esta propuesta reafirma el compromiso del hotel con la excelencia culinaria.<\/p>\n\n\n<div class=\"wp-block-image\">\n<figure class=\"aligncenter size-large\"><img data-recalc-dims=\"1\" decoding=\"async\" width=\"1024\" height=\"733\" src=\"https:\/\/i0.wp.com\/zeromagazine.mx\/wp-content\/uploads\/2025\/03\/jornadagastronomicaespanola_heritagebistrobar_marquisreforma-7583-1024x733.png?resize=1024%2C733&#038;ssl=1\" alt=\"\" class=\"wp-image-98693\" srcset=\"https:\/\/i0.wp.com\/zeromagazine.mx\/wp-content\/uploads\/2025\/03\/jornadagastronomicaespanola_heritagebistrobar_marquisreforma-7583.png?resize=1024%2C733&amp;ssl=1 1024w, https:\/\/i0.wp.com\/zeromagazine.mx\/wp-content\/uploads\/2025\/03\/jornadagastronomicaespanola_heritagebistrobar_marquisreforma-7583.png?resize=300%2C215&amp;ssl=1 300w, https:\/\/i0.wp.com\/zeromagazine.mx\/wp-content\/uploads\/2025\/03\/jornadagastronomicaespanola_heritagebistrobar_marquisreforma-7583.png?resize=768%2C550&amp;ssl=1 768w, https:\/\/i0.wp.com\/zeromagazine.mx\/wp-content\/uploads\/2025\/03\/jornadagastronomicaespanola_heritagebistrobar_marquisreforma-7583.png?resize=1536%2C1100&amp;ssl=1 1536w, https:\/\/i0.wp.com\/zeromagazine.mx\/wp-content\/uploads\/2025\/03\/jornadagastronomicaespanola_heritagebistrobar_marquisreforma-7583.png?resize=2048%2C1467&amp;ssl=1 2048w, https:\/\/i0.wp.com\/zeromagazine.mx\/wp-content\/uploads\/2025\/03\/jornadagastronomicaespanola_heritagebistrobar_marquisreforma-7583.png?w=2330 2330w\" sizes=\"(max-width: 1024px) 100vw, 1024px\" \/><\/figure>\n<\/div>\n\n\n<p><strong>\u00bfD\u00f3nde y cu\u00e1ndo?<\/strong><\/p>\n\n\n\n<p>Finalmente, las Jornadas Gastron\u00f3micas del Majestic estar\u00e1n disponibles:<\/p>\n\n\n\n<div class=\"wp-block-group alignwide is-vertical is-content-justification-center is-layout-flex wp-container-core-group-is-layout-4b2eccd6 wp-block-group-is-layout-flex\">\n<p>\u00a0\ud83d\udccd3 al 30 de marzo de 2025<\/p>\n\n\n\n<p>\u00a0\ud83d\udccd<a href=\"https:\/\/www.marquisreforma.com\">Hotel Marquis Reforma<\/a>.<\/p>\n<\/div>\n\n\n\n<p>\u00a1Reserva tu lugar y prep\u00e1rate para un fest\u00edn de sabores que te har\u00e1 viajar sin salir de la ciudad!<\/p>\n\n\n\n<script async src=\"https:\/\/pagead2.googlesyndication.com\/pagead\/js\/adsbygoogle.js?client=ca-pub-5499304793904745\"\n     crossorigin=\"anonymous\"><\/script>\n<ins class=\"adsbygoogle\"\n     style=\"display:block; text-align:center;\"\n     data-ad-layout=\"in-article\"\n     data-ad-format=\"fluid\"\n     data-ad-client=\"ca-pub-5499304793904745\"\n     data-ad-slot=\"5994863093\"><\/ins>\n<script>\n     (adsbygoogle = window.adsbygoogle || []).push({});\n<\/script>\n\n<!--themify_builder_content-->\n<div id=\"themify_builder_content-98692\" data-postid=\"98692\" class=\"themify_builder_content themify_builder_content-98692 themify_builder tf_clear\">\n    <\/div>\n<!--\/themify_builder_content-->","protected":false},"excerpt":{"rendered":"<p>La alta gastronom\u00eda llega a la Ciudad de M\u00e9xico con un evento que promete ser una joya culinaria. El Hotel Marquis Reforma y el Majestic Hotel &amp; Spa Barcelona se unen para presentar las Jornadas Gastron\u00f3micas del Majestic, una experiencia que fusiona lo mejor de la cocina mediterr\u00e1nea con la innovaci\u00f3n de la alta cocina [&hellip;]<\/p>\n","protected":false},"author":4,"featured_media":98698,"comment_status":"open","ping_status":"open","sticky":false,"template":"","format":"standard","meta":{"_jetpack_memberships_contains_paid_content":false,"footnotes":"","jetpack_publicize_message":"","jetpack_publicize_feature_enabled":true,"jetpack_social_post_already_shared":true,"jetpack_social_options":{"image_generator_settings":{"template":"highway","default_image_id":0,"font":"","enabled":false},"version":2}},"categories":[322],"tags":[1598,12863,8010,12864,8418,12865],"class_list":["post-98692","post","type-post","status-publish","format-standard","has-post-thumbnail","hentry","category-lugares","tag-cdmx","tag-cocina-catalana","tag-gastronomia-3","tag-gatronomia-espanola","tag-hotel-marquis-reforma","tag-majestic-hotel-spa-barcelona","has-post-title","has-post-date","has-post-category","has-post-tag","has-post-comment","has-post-author",""],"yoast_head":"<!-- This site is optimized with the Yoast SEO plugin v27.5 - https:\/\/yoast.com\/product\/yoast-seo-wordpress\/ -->\n<title>Sabores de Barcelona en CDMX - Zero Magazine<\/title>\n<meta name=\"description\" content=\"Prueba lo mejor de la gastronom\u00eda de Barcelona en CDMX con un evento de lujo y tradici\u00f3n. \u00a1No te pierdas de sabores catalanes!\" \/>\n<meta name=\"robots\" content=\"index, follow, max-snippet:-1, max-image-preview:large, max-video-preview:-1\" \/>\n<link rel=\"canonical\" href=\"https:\/\/zeromagazine.mx\/index.php\/2025\/03\/12\/sabores-de-barcelona-en-cdmx\/\" \/>\n<meta property=\"og:locale\" content=\"es_ES\" \/>\n<meta property=\"og:type\" content=\"article\" \/>\n<meta property=\"og:title\" content=\"Sabores de Barcelona en CDMX - Zero Magazine\" \/>\n<meta property=\"og:description\" content=\"Prueba lo mejor de la gastronom\u00eda de Barcelona en CDMX con un evento de lujo y tradici\u00f3n. \u00a1No te pierdas de sabores catalanes!\" \/>\n<meta property=\"og:url\" content=\"https:\/\/zeromagazine.mx\/index.php\/2025\/03\/12\/sabores-de-barcelona-en-cdmx\/\" \/>\n<meta property=\"og:site_name\" content=\"Zero Magazine\" \/>\n<meta property=\"article:published_time\" content=\"2025-03-12T15:30:00+00:00\" \/>\n<meta property=\"article:modified_time\" content=\"2025-03-14T16:27:17+00:00\" \/>\n<meta property=\"og:image\" content=\"http:\/\/zeromagazine.mx\/wp-content\/uploads\/2025\/03\/jornadagastronomicaespanola_heritagebistrobar_marquisreforma-7666-1024x683.png\" \/>\n\t<meta property=\"og:image:width\" content=\"1024\" \/>\n\t<meta property=\"og:image:height\" content=\"683\" \/>\n\t<meta property=\"og:image:type\" content=\"image\/png\" \/>\n<meta name=\"author\" content=\"David Morales\" \/>\n<meta name=\"twitter:card\" content=\"summary_large_image\" \/>\n<meta name=\"twitter:label1\" content=\"Escrito por\" \/>\n\t<meta name=\"twitter:data1\" content=\"David Morales\" \/>\n\t<meta name=\"twitter:label2\" content=\"Tiempo de lectura\" \/>\n\t<meta name=\"twitter:data2\" content=\"3 minutos\" \/>\n<script type=\"application\/ld+json\" class=\"yoast-schema-graph\">{\"@context\":\"https:\\\/\\\/schema.org\",\"@graph\":[{\"@type\":\"Article\",\"@id\":\"https:\\\/\\\/zeromagazine.mx\\\/index.php\\\/2025\\\/03\\\/12\\\/sabores-de-barcelona-en-cdmx\\\/#article\",\"isPartOf\":{\"@id\":\"https:\\\/\\\/zeromagazine.mx\\\/index.php\\\/2025\\\/03\\\/12\\\/sabores-de-barcelona-en-cdmx\\\/\"},\"author\":{\"name\":\"David Morales\",\"@id\":\"https:\\\/\\\/zeromagazine.mx\\\/#\\\/schema\\\/person\\\/9f7f1a17c60ba8e9980e3e6677aabe5a\"},\"headline\":\"Sabores de Barcelona en CDMX\",\"datePublished\":\"2025-03-12T15:30:00+00:00\",\"dateModified\":\"2025-03-14T16:27:17+00:00\",\"mainEntityOfPage\":{\"@id\":\"https:\\\/\\\/zeromagazine.mx\\\/index.php\\\/2025\\\/03\\\/12\\\/sabores-de-barcelona-en-cdmx\\\/\"},\"wordCount\":303,\"commentCount\":0,\"publisher\":{\"@id\":\"https:\\\/\\\/zeromagazine.mx\\\/#organization\"},\"image\":{\"@id\":\"https:\\\/\\\/zeromagazine.mx\\\/index.php\\\/2025\\\/03\\\/12\\\/sabores-de-barcelona-en-cdmx\\\/#primaryimage\"},\"thumbnailUrl\":\"https:\\\/\\\/i0.wp.com\\\/zeromagazine.mx\\\/wp-content\\\/uploads\\\/2025\\\/03\\\/jornadagastronomicaespanola_heritagebistrobar_marquisreforma-7666.png?fit=2738%2C1825&ssl=1\",\"keywords\":[\"CDMX\",\"Cocina catalana\",\"Gastronom\u00eda\",\"Gatronom\u00eda espa\u00f1ola\",\"Hotel Marquis Reforma\",\"Majestic Hotel &amp; Spa Barcelona\"],\"articleSection\":[\"Viajes\"],\"inLanguage\":\"es\",\"potentialAction\":[{\"@type\":\"CommentAction\",\"name\":\"Comment\",\"target\":[\"https:\\\/\\\/zeromagazine.mx\\\/index.php\\\/2025\\\/03\\\/12\\\/sabores-de-barcelona-en-cdmx\\\/#respond\"]}]},{\"@type\":\"WebPage\",\"@id\":\"https:\\\/\\\/zeromagazine.mx\\\/index.php\\\/2025\\\/03\\\/12\\\/sabores-de-barcelona-en-cdmx\\\/\",\"url\":\"https:\\\/\\\/zeromagazine.mx\\\/index.php\\\/2025\\\/03\\\/12\\\/sabores-de-barcelona-en-cdmx\\\/\",\"name\":\"Sabores de Barcelona en CDMX - Zero Magazine\",\"isPartOf\":{\"@id\":\"https:\\\/\\\/zeromagazine.mx\\\/#website\"},\"primaryImageOfPage\":{\"@id\":\"https:\\\/\\\/zeromagazine.mx\\\/index.php\\\/2025\\\/03\\\/12\\\/sabores-de-barcelona-en-cdmx\\\/#primaryimage\"},\"image\":{\"@id\":\"https:\\\/\\\/zeromagazine.mx\\\/index.php\\\/2025\\\/03\\\/12\\\/sabores-de-barcelona-en-cdmx\\\/#primaryimage\"},\"thumbnailUrl\":\"https:\\\/\\\/i0.wp.com\\\/zeromagazine.mx\\\/wp-content\\\/uploads\\\/2025\\\/03\\\/jornadagastronomicaespanola_heritagebistrobar_marquisreforma-7666.png?fit=2738%2C1825&ssl=1\",\"datePublished\":\"2025-03-12T15:30:00+00:00\",\"dateModified\":\"2025-03-14T16:27:17+00:00\",\"description\":\"Prueba lo mejor de la gastronom\u00eda de Barcelona en CDMX con un evento de lujo y tradici\u00f3n. \u00a1No te pierdas de sabores catalanes!\",\"breadcrumb\":{\"@id\":\"https:\\\/\\\/zeromagazine.mx\\\/index.php\\\/2025\\\/03\\\/12\\\/sabores-de-barcelona-en-cdmx\\\/#breadcrumb\"},\"inLanguage\":\"es\",\"potentialAction\":[{\"@type\":\"ReadAction\",\"target\":[\"https:\\\/\\\/zeromagazine.mx\\\/index.php\\\/2025\\\/03\\\/12\\\/sabores-de-barcelona-en-cdmx\\\/\"]}]},{\"@type\":\"ImageObject\",\"inLanguage\":\"es\",\"@id\":\"https:\\\/\\\/zeromagazine.mx\\\/index.php\\\/2025\\\/03\\\/12\\\/sabores-de-barcelona-en-cdmx\\\/#primaryimage\",\"url\":\"https:\\\/\\\/i0.wp.com\\\/zeromagazine.mx\\\/wp-content\\\/uploads\\\/2025\\\/03\\\/jornadagastronomicaespanola_heritagebistrobar_marquisreforma-7666.png?fit=2738%2C1825&ssl=1\",\"contentUrl\":\"https:\\\/\\\/i0.wp.com\\\/zeromagazine.mx\\\/wp-content\\\/uploads\\\/2025\\\/03\\\/jornadagastronomicaespanola_heritagebistrobar_marquisreforma-7666.png?fit=2738%2C1825&ssl=1\",\"width\":2738,\"height\":1825},{\"@type\":\"BreadcrumbList\",\"@id\":\"https:\\\/\\\/zeromagazine.mx\\\/index.php\\\/2025\\\/03\\\/12\\\/sabores-de-barcelona-en-cdmx\\\/#breadcrumb\",\"itemListElement\":[{\"@type\":\"ListItem\",\"position\":1,\"name\":\"Portada\",\"item\":\"https:\\\/\\\/zeromagazine.mx\\\/\"},{\"@type\":\"ListItem\",\"position\":2,\"name\":\"Sabores de Barcelona en CDMX\"}]},{\"@type\":\"WebSite\",\"@id\":\"https:\\\/\\\/zeromagazine.mx\\\/#website\",\"url\":\"https:\\\/\\\/zeromagazine.mx\\\/\",\"name\":\"Zero Magazine\",\"description\":\"\",\"publisher\":{\"@id\":\"https:\\\/\\\/zeromagazine.mx\\\/#organization\"},\"potentialAction\":[{\"@type\":\"SearchAction\",\"target\":{\"@type\":\"EntryPoint\",\"urlTemplate\":\"https:\\\/\\\/zeromagazine.mx\\\/?s={search_term_string}\"},\"query-input\":{\"@type\":\"PropertyValueSpecification\",\"valueRequired\":true,\"valueName\":\"search_term_string\"}}],\"inLanguage\":\"es\"},{\"@type\":\"Organization\",\"@id\":\"https:\\\/\\\/zeromagazine.mx\\\/#organization\",\"name\":\"Zero Magazine\",\"url\":\"https:\\\/\\\/zeromagazine.mx\\\/\",\"logo\":{\"@type\":\"ImageObject\",\"inLanguage\":\"es\",\"@id\":\"https:\\\/\\\/zeromagazine.mx\\\/#\\\/schema\\\/logo\\\/image\\\/\",\"url\":\"https:\\\/\\\/i0.wp.com\\\/zeromagazine.mx\\\/wp-content\\\/uploads\\\/2025\\\/11\\\/1.jpeg?fit=1000%2C1000&ssl=1\",\"contentUrl\":\"https:\\\/\\\/i0.wp.com\\\/zeromagazine.mx\\\/wp-content\\\/uploads\\\/2025\\\/11\\\/1.jpeg?fit=1000%2C1000&ssl=1\",\"width\":1000,\"height\":1000,\"caption\":\"Zero Magazine\"},\"image\":{\"@id\":\"https:\\\/\\\/zeromagazine.mx\\\/#\\\/schema\\\/logo\\\/image\\\/\"},\"sameAs\":[\"https:\\\/\\\/instagram.com\\\/zeromagazinemx\"]},{\"@type\":\"Person\",\"@id\":\"https:\\\/\\\/zeromagazine.mx\\\/#\\\/schema\\\/person\\\/9f7f1a17c60ba8e9980e3e6677aabe5a\",\"name\":\"David Morales\",\"image\":{\"@type\":\"ImageObject\",\"inLanguage\":\"es\",\"@id\":\"https:\\\/\\\/zeromagazine.mx\\\/wp-content\\\/litespeed\\\/avatar\\\/76069d2136bfc1c37dc34815bb67ca42.jpg?ver=1777571067\",\"url\":\"https:\\\/\\\/zeromagazine.mx\\\/wp-content\\\/litespeed\\\/avatar\\\/76069d2136bfc1c37dc34815bb67ca42.jpg?ver=1777571067\",\"contentUrl\":\"https:\\\/\\\/zeromagazine.mx\\\/wp-content\\\/litespeed\\\/avatar\\\/76069d2136bfc1c37dc34815bb67ca42.jpg?ver=1777571067\",\"caption\":\"David Morales\"},\"url\":\"https:\\\/\\\/zeromagazine.mx\\\/index.php\\\/author\\\/david\\\/\"}]}<\/script>\n<!-- \/ Yoast SEO plugin. -->","yoast_head_json":{"title":"Sabores de Barcelona en CDMX - Zero Magazine","description":"Prueba lo mejor de la gastronom\u00eda de Barcelona en CDMX con un evento de lujo y tradici\u00f3n. \u00a1No te pierdas de sabores catalanes!","robots":{"index":"index","follow":"follow","max-snippet":"max-snippet:-1","max-image-preview":"max-image-preview:large","max-video-preview":"max-video-preview:-1"},"canonical":"https:\/\/zeromagazine.mx\/index.php\/2025\/03\/12\/sabores-de-barcelona-en-cdmx\/","og_locale":"es_ES","og_type":"article","og_title":"Sabores de Barcelona en CDMX - Zero Magazine","og_description":"Prueba lo mejor de la gastronom\u00eda de Barcelona en CDMX con un evento de lujo y tradici\u00f3n. \u00a1No te pierdas de sabores catalanes!","og_url":"https:\/\/zeromagazine.mx\/index.php\/2025\/03\/12\/sabores-de-barcelona-en-cdmx\/","og_site_name":"Zero Magazine","article_published_time":"2025-03-12T15:30:00+00:00","article_modified_time":"2025-03-14T16:27:17+00:00","og_image":[{"width":1024,"height":683,"url":"http:\/\/zeromagazine.mx\/wp-content\/uploads\/2025\/03\/jornadagastronomicaespanola_heritagebistrobar_marquisreforma-7666-1024x683.png","type":"image\/png"}],"author":"David Morales","twitter_card":"summary_large_image","twitter_misc":{"Escrito por":"David Morales","Tiempo de lectura":"3 minutos"},"schema":{"@context":"https:\/\/schema.org","@graph":[{"@type":"Article","@id":"https:\/\/zeromagazine.mx\/index.php\/2025\/03\/12\/sabores-de-barcelona-en-cdmx\/#article","isPartOf":{"@id":"https:\/\/zeromagazine.mx\/index.php\/2025\/03\/12\/sabores-de-barcelona-en-cdmx\/"},"author":{"name":"David Morales","@id":"https:\/\/zeromagazine.mx\/#\/schema\/person\/9f7f1a17c60ba8e9980e3e6677aabe5a"},"headline":"Sabores de Barcelona en CDMX","datePublished":"2025-03-12T15:30:00+00:00","dateModified":"2025-03-14T16:27:17+00:00","mainEntityOfPage":{"@id":"https:\/\/zeromagazine.mx\/index.php\/2025\/03\/12\/sabores-de-barcelona-en-cdmx\/"},"wordCount":303,"commentCount":0,"publisher":{"@id":"https:\/\/zeromagazine.mx\/#organization"},"image":{"@id":"https:\/\/zeromagazine.mx\/index.php\/2025\/03\/12\/sabores-de-barcelona-en-cdmx\/#primaryimage"},"thumbnailUrl":"https:\/\/i0.wp.com\/zeromagazine.mx\/wp-content\/uploads\/2025\/03\/jornadagastronomicaespanola_heritagebistrobar_marquisreforma-7666.png?fit=2738%2C1825&ssl=1","keywords":["CDMX","Cocina catalana","Gastronom\u00eda","Gatronom\u00eda espa\u00f1ola","Hotel Marquis Reforma","Majestic Hotel &amp; Spa Barcelona"],"articleSection":["Viajes"],"inLanguage":"es","potentialAction":[{"@type":"CommentAction","name":"Comment","target":["https:\/\/zeromagazine.mx\/index.php\/2025\/03\/12\/sabores-de-barcelona-en-cdmx\/#respond"]}]},{"@type":"WebPage","@id":"https:\/\/zeromagazine.mx\/index.php\/2025\/03\/12\/sabores-de-barcelona-en-cdmx\/","url":"https:\/\/zeromagazine.mx\/index.php\/2025\/03\/12\/sabores-de-barcelona-en-cdmx\/","name":"Sabores de Barcelona en CDMX - Zero Magazine","isPartOf":{"@id":"https:\/\/zeromagazine.mx\/#website"},"primaryImageOfPage":{"@id":"https:\/\/zeromagazine.mx\/index.php\/2025\/03\/12\/sabores-de-barcelona-en-cdmx\/#primaryimage"},"image":{"@id":"https:\/\/zeromagazine.mx\/index.php\/2025\/03\/12\/sabores-de-barcelona-en-cdmx\/#primaryimage"},"thumbnailUrl":"https:\/\/i0.wp.com\/zeromagazine.mx\/wp-content\/uploads\/2025\/03\/jornadagastronomicaespanola_heritagebistrobar_marquisreforma-7666.png?fit=2738%2C1825&ssl=1","datePublished":"2025-03-12T15:30:00+00:00","dateModified":"2025-03-14T16:27:17+00:00","description":"Prueba lo mejor de la gastronom\u00eda de Barcelona en CDMX con un evento de lujo y tradici\u00f3n. \u00a1No te pierdas de sabores catalanes!","breadcrumb":{"@id":"https:\/\/zeromagazine.mx\/index.php\/2025\/03\/12\/sabores-de-barcelona-en-cdmx\/#breadcrumb"},"inLanguage":"es","potentialAction":[{"@type":"ReadAction","target":["https:\/\/zeromagazine.mx\/index.php\/2025\/03\/12\/sabores-de-barcelona-en-cdmx\/"]}]},{"@type":"ImageObject","inLanguage":"es","@id":"https:\/\/zeromagazine.mx\/index.php\/2025\/03\/12\/sabores-de-barcelona-en-cdmx\/#primaryimage","url":"https:\/\/i0.wp.com\/zeromagazine.mx\/wp-content\/uploads\/2025\/03\/jornadagastronomicaespanola_heritagebistrobar_marquisreforma-7666.png?fit=2738%2C1825&ssl=1","contentUrl":"https:\/\/i0.wp.com\/zeromagazine.mx\/wp-content\/uploads\/2025\/03\/jornadagastronomicaespanola_heritagebistrobar_marquisreforma-7666.png?fit=2738%2C1825&ssl=1","width":2738,"height":1825},{"@type":"BreadcrumbList","@id":"https:\/\/zeromagazine.mx\/index.php\/2025\/03\/12\/sabores-de-barcelona-en-cdmx\/#breadcrumb","itemListElement":[{"@type":"ListItem","position":1,"name":"Portada","item":"https:\/\/zeromagazine.mx\/"},{"@type":"ListItem","position":2,"name":"Sabores de Barcelona en CDMX"}]},{"@type":"WebSite","@id":"https:\/\/zeromagazine.mx\/#website","url":"https:\/\/zeromagazine.mx\/","name":"Zero Magazine","description":"","publisher":{"@id":"https:\/\/zeromagazine.mx\/#organization"},"potentialAction":[{"@type":"SearchAction","target":{"@type":"EntryPoint","urlTemplate":"https:\/\/zeromagazine.mx\/?s={search_term_string}"},"query-input":{"@type":"PropertyValueSpecification","valueRequired":true,"valueName":"search_term_string"}}],"inLanguage":"es"},{"@type":"Organization","@id":"https:\/\/zeromagazine.mx\/#organization","name":"Zero Magazine","url":"https:\/\/zeromagazine.mx\/","logo":{"@type":"ImageObject","inLanguage":"es","@id":"https:\/\/zeromagazine.mx\/#\/schema\/logo\/image\/","url":"https:\/\/i0.wp.com\/zeromagazine.mx\/wp-content\/uploads\/2025\/11\/1.jpeg?fit=1000%2C1000&ssl=1","contentUrl":"https:\/\/i0.wp.com\/zeromagazine.mx\/wp-content\/uploads\/2025\/11\/1.jpeg?fit=1000%2C1000&ssl=1","width":1000,"height":1000,"caption":"Zero Magazine"},"image":{"@id":"https:\/\/zeromagazine.mx\/#\/schema\/logo\/image\/"},"sameAs":["https:\/\/instagram.com\/zeromagazinemx"]},{"@type":"Person","@id":"https:\/\/zeromagazine.mx\/#\/schema\/person\/9f7f1a17c60ba8e9980e3e6677aabe5a","name":"David Morales","image":{"@type":"ImageObject","inLanguage":"es","@id":"https:\/\/zeromagazine.mx\/wp-content\/litespeed\/avatar\/76069d2136bfc1c37dc34815bb67ca42.jpg?ver=1777571067","url":"https:\/\/zeromagazine.mx\/wp-content\/litespeed\/avatar\/76069d2136bfc1c37dc34815bb67ca42.jpg?ver=1777571067","contentUrl":"https:\/\/zeromagazine.mx\/wp-content\/litespeed\/avatar\/76069d2136bfc1c37dc34815bb67ca42.jpg?ver=1777571067","caption":"David Morales"},"url":"https:\/\/zeromagazine.mx\/index.php\/author\/david\/"}]}},"jetpack_publicize_connections":[],"jetpack_featured_media_url":"https:\/\/i0.wp.com\/zeromagazine.mx\/wp-content\/uploads\/2025\/03\/jornadagastronomicaespanola_heritagebistrobar_marquisreforma-7666.png?fit=2738%2C1825&ssl=1","jetpack-related-posts":[{"id":88504,"url":"https:\/\/zeromagazine.mx\/index.php\/2024\/10\/28\/festival-de-catrinas-vibe-y-sabor\/","url_meta":{"origin":98692,"position":0},"title":"\u00abFestival de Catrinas: Vibe y Sabor\u00bb","author":"zeromagazinemx","date":"28 de octubre de 2024","format":false,"excerpt":"Amigxs, si hay algo que nos encanta celebrar, es la cultura y las tradiciones que nos hacen \u00fanicos. Y qu\u00e9 mejor manera de hacerlo que en el Festival de las Catrinas 2024, un evento \u00e9pico que est\u00e1 tomando lugar en el Hotel Marquis Reforma. Este festival no solo celebra el\u2026","rel":"","context":"En \u00abViajes\u00bb","block_context":{"text":"Viajes","link":"https:\/\/zeromagazine.mx\/index.php\/category\/lugares\/"},"img":{"alt_text":"","src":"https:\/\/i0.wp.com\/zeromagazine.mx\/wp-content\/uploads\/2024\/10\/HotelMarquisReforma_DECORACIONDIADEMUERTOS_MalixFilms_WEB-6227-copia.png?fit=1200%2C872&ssl=1&resize=350%2C200","width":350,"height":200,"srcset":"https:\/\/i0.wp.com\/zeromagazine.mx\/wp-content\/uploads\/2024\/10\/HotelMarquisReforma_DECORACIONDIADEMUERTOS_MalixFilms_WEB-6227-copia.png?fit=1200%2C872&ssl=1&resize=350%2C200 1x, https:\/\/i0.wp.com\/zeromagazine.mx\/wp-content\/uploads\/2024\/10\/HotelMarquisReforma_DECORACIONDIADEMUERTOS_MalixFilms_WEB-6227-copia.png?fit=1200%2C872&ssl=1&resize=525%2C300 1.5x, https:\/\/i0.wp.com\/zeromagazine.mx\/wp-content\/uploads\/2024\/10\/HotelMarquisReforma_DECORACIONDIADEMUERTOS_MalixFilms_WEB-6227-copia.png?fit=1200%2C872&ssl=1&resize=700%2C400 2x, https:\/\/i0.wp.com\/zeromagazine.mx\/wp-content\/uploads\/2024\/10\/HotelMarquisReforma_DECORACIONDIADEMUERTOS_MalixFilms_WEB-6227-copia.png?fit=1200%2C872&ssl=1&resize=1050%2C600 3x"},"classes":[]},{"id":88394,"url":"https:\/\/zeromagazine.mx\/index.php\/2024\/10\/24\/catrinas-arte-comida-y-fiesta\/","url_meta":{"origin":98692,"position":1},"title":"Catrinas: Arte, Comida y Fiesta","author":"zeromagazinemx","date":"24 de octubre de 2024","format":false,"excerpt":"\u00a1Ya lleg\u00f3 la \u00e9poca m\u00e1s cool del a\u00f1o! O sea, no solo porque se viene Halloween, sino porque el Festival de las Catrinas 2024 en el Hotel Marquis Reforma est\u00e1 aqu\u00ed para ponerle un toque de magia y tradici\u00f3n a tu vida. Si eres de los que ama disfrutar de\u2026","rel":"","context":"En \u00abViajes\u00bb","block_context":{"text":"Viajes","link":"https:\/\/zeromagazine.mx\/index.php\/category\/lugares\/"},"img":{"alt_text":"","src":"https:\/\/i0.wp.com\/zeromagazine.mx\/wp-content\/uploads\/2024\/10\/HotelMarquisReforma_DECORACIONDIADEMUERTOS_MalixFilms_WEB-6030.png?fit=884%2C1200&ssl=1&resize=350%2C200","width":350,"height":200,"srcset":"https:\/\/i0.wp.com\/zeromagazine.mx\/wp-content\/uploads\/2024\/10\/HotelMarquisReforma_DECORACIONDIADEMUERTOS_MalixFilms_WEB-6030.png?fit=884%2C1200&ssl=1&resize=350%2C200 1x, https:\/\/i0.wp.com\/zeromagazine.mx\/wp-content\/uploads\/2024\/10\/HotelMarquisReforma_DECORACIONDIADEMUERTOS_MalixFilms_WEB-6030.png?fit=884%2C1200&ssl=1&resize=525%2C300 1.5x, https:\/\/i0.wp.com\/zeromagazine.mx\/wp-content\/uploads\/2024\/10\/HotelMarquisReforma_DECORACIONDIADEMUERTOS_MalixFilms_WEB-6030.png?fit=884%2C1200&ssl=1&resize=700%2C400 2x"},"classes":[]},{"id":76113,"url":"https:\/\/zeromagazine.mx\/index.php\/2024\/05\/17\/bajel-lujo-gastronomico-en-cdmx\/","url_meta":{"origin":98692,"position":2},"title":"Bajel: Lujo Gastron\u00f3mico en CDMX","author":"zeromagazinemx","date":"17 de mayo de 2024","format":false,"excerpt":"Si est\u00e1s buscando una experiencia culinaria que combine lujo y autenticidad en la Ciudad de M\u00e9xico, d\u00e9jame presentarte a Bajel, el restaurante que est\u00e1 causando sensaci\u00f3n en el hotel Sofitel Mexico City Reforma y que ahora forma parte de la prestigiosa Gu\u00eda Michelin de M\u00e9xico. Para empezar, Bajel ha ganado\u2026","rel":"","context":"En \u00abFoodie\u00bb","block_context":{"text":"Foodie","link":"https:\/\/zeromagazine.mx\/index.php\/category\/lifestyle\/foodie\/"},"img":{"alt_text":"","src":"https:\/\/i0.wp.com\/zeromagazine.mx\/wp-content\/uploads\/2024\/05\/Captura-de-pantalla-630.png?fit=776%2C512&ssl=1&resize=350%2C200","width":350,"height":200,"srcset":"https:\/\/i0.wp.com\/zeromagazine.mx\/wp-content\/uploads\/2024\/05\/Captura-de-pantalla-630.png?fit=776%2C512&ssl=1&resize=350%2C200 1x, https:\/\/i0.wp.com\/zeromagazine.mx\/wp-content\/uploads\/2024\/05\/Captura-de-pantalla-630.png?fit=776%2C512&ssl=1&resize=525%2C300 1.5x, https:\/\/i0.wp.com\/zeromagazine.mx\/wp-content\/uploads\/2024\/05\/Captura-de-pantalla-630.png?fit=776%2C512&ssl=1&resize=700%2C400 2x"},"classes":[]},{"id":77207,"url":"https:\/\/zeromagazine.mx\/index.php\/2024\/06\/05\/descubre-el-innovador-tratamiento-de-vitamina-c-en-el-spa-del-marquis\/","url_meta":{"origin":98692,"position":3},"title":"Descubre el innovador tratamiento de vitamina C en el Spa del Marquis","author":"David Morales","date":"5 de junio de 2024","format":false,"excerpt":"\u00bfBuscan un escape del estr\u00e9s de la vida cotidiana? \u00a1El Spa Marquis en el Hotel Marquis Reforma es el lugar perfecto para encontrar la relajaci\u00f3n y el rejuvenecimiento que necesitan! Con m\u00e1s de 1,500 metros cuadrados dedicados al bienestar, este spa es como un oasis en medio de la ciudad,\u2026","rel":"","context":"En \u00abBienestar\u00bb","block_context":{"text":"Bienestar","link":"https:\/\/zeromagazine.mx\/index.php\/category\/lifestyle\/bienestar\/"},"img":{"alt_text":"","src":"https:\/\/i0.wp.com\/zeromagazine.mx\/wp-content\/uploads\/2024\/06\/25062023-564A5212.png?fit=1200%2C800&ssl=1&resize=350%2C200","width":350,"height":200,"srcset":"https:\/\/i0.wp.com\/zeromagazine.mx\/wp-content\/uploads\/2024\/06\/25062023-564A5212.png?fit=1200%2C800&ssl=1&resize=350%2C200 1x, https:\/\/i0.wp.com\/zeromagazine.mx\/wp-content\/uploads\/2024\/06\/25062023-564A5212.png?fit=1200%2C800&ssl=1&resize=525%2C300 1.5x, https:\/\/i0.wp.com\/zeromagazine.mx\/wp-content\/uploads\/2024\/06\/25062023-564A5212.png?fit=1200%2C800&ssl=1&resize=700%2C400 2x, https:\/\/i0.wp.com\/zeromagazine.mx\/wp-content\/uploads\/2024\/06\/25062023-564A5212.png?fit=1200%2C800&ssl=1&resize=1050%2C600 3x"},"classes":[]},{"id":103457,"url":"https:\/\/zeromagazine.mx\/index.php\/2025\/05\/07\/consiente-a-mama-en-hotel-marquis-reforma\/","url_meta":{"origin":98692,"position":4},"title":"Consiente A Mam\u00e1 En Hotel Marquis Reforma","author":"David Morales","date":"7 de mayo de 2025","format":false,"excerpt":"Amix, este 10 de mayo toca ir m\u00e1s all\u00e1 del t\u00edpico desayuno y las flores que se marchitan. Si de verdad quieres sorprender a tu jefita, \u00e9chale ojo a lo que se arm\u00f3 en el Hotel Marquis Reforma, porque esto no es cualquier plan: es una experiencia de lujo con\u2026","rel":"","context":"En \u00abViajes\u00bb","block_context":{"text":"Viajes","link":"https:\/\/zeromagazine.mx\/index.php\/category\/lugares\/"},"img":{"alt_text":"","src":"https:\/\/i0.wp.com\/zeromagazine.mx\/wp-content\/uploads\/2025\/05\/SPA-MARQUIS-mar25-00008.png?fit=1200%2C800&ssl=1&resize=350%2C200","width":350,"height":200,"srcset":"https:\/\/i0.wp.com\/zeromagazine.mx\/wp-content\/uploads\/2025\/05\/SPA-MARQUIS-mar25-00008.png?fit=1200%2C800&ssl=1&resize=350%2C200 1x, https:\/\/i0.wp.com\/zeromagazine.mx\/wp-content\/uploads\/2025\/05\/SPA-MARQUIS-mar25-00008.png?fit=1200%2C800&ssl=1&resize=525%2C300 1.5x, https:\/\/i0.wp.com\/zeromagazine.mx\/wp-content\/uploads\/2025\/05\/SPA-MARQUIS-mar25-00008.png?fit=1200%2C800&ssl=1&resize=700%2C400 2x, https:\/\/i0.wp.com\/zeromagazine.mx\/wp-content\/uploads\/2025\/05\/SPA-MARQUIS-mar25-00008.png?fit=1200%2C800&ssl=1&resize=1050%2C600 3x"},"classes":[]},{"id":96012,"url":"https:\/\/zeromagazine.mx\/index.php\/2025\/02\/10\/bienestar-y-amor-en-spa-marquis\/","url_meta":{"origin":98692,"position":5},"title":"Bienestar y amor en Spa Marquis","author":"David Morales","date":"10 de febrero de 2025","format":false,"excerpt":"El 14 de febrero est\u00e1 a la vuelta de la esquina, y si est\u00e1s buscando un plan que vaya m\u00e1s all\u00e1 de los t\u00edpicos regalos, Spa Marquis tiene la experiencia perfecta. Regalar bienestar es una de las formas m\u00e1s lindas de demostrar amor, y qu\u00e9 mejor que hacerlo en un\u2026","rel":"","context":"En \u00abBienestar\u00bb","block_context":{"text":"Bienestar","link":"https:\/\/zeromagazine.mx\/index.php\/category\/lifestyle\/bienestar\/"},"img":{"alt_text":"","src":"https:\/\/i0.wp.com\/zeromagazine.mx\/wp-content\/uploads\/2025\/02\/Spa-Marquis-Marquis-Reforma-06052024_225347-scaled.jpg?fit=1200%2C675&ssl=1&resize=350%2C200","width":350,"height":200,"srcset":"https:\/\/i0.wp.com\/zeromagazine.mx\/wp-content\/uploads\/2025\/02\/Spa-Marquis-Marquis-Reforma-06052024_225347-scaled.jpg?fit=1200%2C675&ssl=1&resize=350%2C200 1x, https:\/\/i0.wp.com\/zeromagazine.mx\/wp-content\/uploads\/2025\/02\/Spa-Marquis-Marquis-Reforma-06052024_225347-scaled.jpg?fit=1200%2C675&ssl=1&resize=525%2C300 1.5x, https:\/\/i0.wp.com\/zeromagazine.mx\/wp-content\/uploads\/2025\/02\/Spa-Marquis-Marquis-Reforma-06052024_225347-scaled.jpg?fit=1200%2C675&ssl=1&resize=700%2C400 2x, https:\/\/i0.wp.com\/zeromagazine.mx\/wp-content\/uploads\/2025\/02\/Spa-Marquis-Marquis-Reforma-06052024_225347-scaled.jpg?fit=1200%2C675&ssl=1&resize=1050%2C600 3x"},"classes":[]}],"jetpack_sharing_enabled":true,"builder_content":"","_links":{"self":[{"href":"https:\/\/zeromagazine.mx\/index.php\/wp-json\/wp\/v2\/posts\/98692","targetHints":{"allow":["GET"]}}],"collection":[{"href":"https:\/\/zeromagazine.mx\/index.php\/wp-json\/wp\/v2\/posts"}],"about":[{"href":"https:\/\/zeromagazine.mx\/index.php\/wp-json\/wp\/v2\/types\/post"}],"author":[{"embeddable":true,"href":"https:\/\/zeromagazine.mx\/index.php\/wp-json\/wp\/v2\/users\/4"}],"replies":[{"embeddable":true,"href":"https:\/\/zeromagazine.mx\/index.php\/wp-json\/wp\/v2\/comments?post=98692"}],"version-history":[{"count":2,"href":"https:\/\/zeromagazine.mx\/index.php\/wp-json\/wp\/v2\/posts\/98692\/revisions"}],"predecessor-version":[{"id":98700,"href":"https:\/\/zeromagazine.mx\/index.php\/wp-json\/wp\/v2\/posts\/98692\/revisions\/98700"}],"wp:featuredmedia":[{"embeddable":true,"href":"https:\/\/zeromagazine.mx\/index.php\/wp-json\/wp\/v2\/media\/98698"}],"wp:attachment":[{"href":"https:\/\/zeromagazine.mx\/index.php\/wp-json\/wp\/v2\/media?parent=98692"}],"wp:term":[{"taxonomy":"category","embeddable":true,"href":"https:\/\/zeromagazine.mx\/index.php\/wp-json\/wp\/v2\/categories?post=98692"},{"taxonomy":"post_tag","embeddable":true,"href":"https:\/\/zeromagazine.mx\/index.php\/wp-json\/wp\/v2\/tags?post=98692"}],"curies":[{"name":"wp","href":"https:\/\/api.w.org\/{rel}","templated":true}]}}