{"id":98810,"date":"2025-03-14T20:52:06","date_gmt":"2025-03-15T02:52:06","guid":{"rendered":"https:\/\/zeromagazine.mx\/?p=98810"},"modified":"2025-03-14T20:52:07","modified_gmt":"2025-03-15T02:52:07","slug":"massimo-ferrara-y-su-pasion-italiana-por-la-bachata","status":"publish","type":"post","link":"https:\/\/zeromagazine.mx\/index.php\/2025\/03\/14\/massimo-ferrara-y-su-pasion-italiana-por-la-bachata\/","title":{"rendered":"Massimo Ferrara: La pasi\u00f3n italiana a ritmo de bachata"},"content":{"rendered":"<!--themify_builder_content-->\n<div id=\"themify_builder_content-98810\" data-postid=\"98810\" class=\"themify_builder_content themify_builder_content-98810 themify_builder tf_clear\">\n    <\/div>\n<!--\/themify_builder_content-->\n\n\n<p>Desde su llegada a M\u00e9xico, el cantante y bailar\u00edn italiano Massimo Ferrara ha demostrado que la m\u00fasica no conoce fronteras. Con una formaci\u00f3n en teatro musical y una pasi\u00f3n inquebrantable por los ritmos latinos, Ferrara ha ido trazando su camino en la industria con un sonido fresco que fusiona lo urbano con la esencia tropical. Ahora, con su nueva etapa como solista, busca posicionarse en la escena internacional con un enfoque en la bachata, un g\u00e9nero que lo ha desafiado y enamorado a partes iguales.<\/p>\n\n\n\n<figure class=\"wp-block-image size-full\"><img data-recalc-dims=\"1\" decoding=\"async\" width=\"1165\" height=\"1508\" src=\"https:\/\/i0.wp.com\/zeromagazine.mx\/wp-content\/uploads\/2025\/03\/IMG_3777-scaled.jpeg?resize=1165%2C1508&#038;ssl=1\" alt=\"\" class=\"wp-image-98811\" srcset=\"https:\/\/i0.wp.com\/zeromagazine.mx\/wp-content\/uploads\/2025\/03\/IMG_3777-scaled.jpeg?w=1978&amp;ssl=1 1978w, https:\/\/i0.wp.com\/zeromagazine.mx\/wp-content\/uploads\/2025\/03\/IMG_3777-scaled.jpeg?resize=232%2C300&amp;ssl=1 232w, https:\/\/i0.wp.com\/zeromagazine.mx\/wp-content\/uploads\/2025\/03\/IMG_3777-scaled.jpeg?resize=791%2C1024&amp;ssl=1 791w, https:\/\/i0.wp.com\/zeromagazine.mx\/wp-content\/uploads\/2025\/03\/IMG_3777-scaled.jpeg?resize=768%2C994&amp;ssl=1 768w, https:\/\/i0.wp.com\/zeromagazine.mx\/wp-content\/uploads\/2025\/03\/IMG_3777-scaled.jpeg?resize=1187%2C1536&amp;ssl=1 1187w, https:\/\/i0.wp.com\/zeromagazine.mx\/wp-content\/uploads\/2025\/03\/IMG_3777-scaled.jpeg?resize=1583%2C2048&amp;ssl=1 1583w\" sizes=\"(max-width: 1165px) 100vw, 1165px\" \/><\/figure>\n\n\n\n<p>En esta entrevista, nos comparte su evoluci\u00f3n como artista, los retos de emprender una carrera independiente y su visi\u00f3n sobre la m\u00fasica como un medio de conexi\u00f3n y transformaci\u00f3n.<\/p>\n\n\n\n<p>Entrevista: El Poderoso Dave<br>Foto: Juan Castillo<\/p>\n\n\n\n<p><strong>Desde el inicio de tu carrera hasta ahora, \u00bfc\u00f3mo describir\u00edas tu evoluci\u00f3n como artista?<\/strong><\/p>\n\n\n\n<p>Mi evoluci\u00f3n art\u00edstica ha sido un proceso de mucho trabajo. Sigo perfeccionando mi t\u00e9cnica como cantante y estudiando m\u00fasica, tanto en el aspecto instrumental con la guitarra como en el desarrollo vocal. Algo fundamental ha sido explorar distintas sonoridades y encontrar mi identidad dentro de la industria.<\/p>\n\n\n\n<p><strong>\u00bfQu\u00e9 te llev\u00f3 a dar el paso de iniciar tu carrera como solista?<\/strong><\/p>\n\n\n\n<p>Mi experiencia en el teatro musical fue decisiva. Me enamor\u00e9 del performance esc\u00e9nico y del dinamismo de este mundo. Fue entonces cuando decid\u00ed tomar la m\u00fasica a\u00fan m\u00e1s en serio y replantear mis metas como artista.<\/p>\n\n\n\n<figure class=\"wp-block-image size-full\"><img data-recalc-dims=\"1\" decoding=\"async\" width=\"1165\" height=\"1747\" src=\"https:\/\/i0.wp.com\/zeromagazine.mx\/wp-content\/uploads\/2025\/03\/IMG_3769-scaled.jpeg?resize=1165%2C1747&#038;ssl=1\" alt=\"\" class=\"wp-image-98812\" srcset=\"https:\/\/i0.wp.com\/zeromagazine.mx\/wp-content\/uploads\/2025\/03\/IMG_3769-scaled.jpeg?w=1707&amp;ssl=1 1707w, https:\/\/i0.wp.com\/zeromagazine.mx\/wp-content\/uploads\/2025\/03\/IMG_3769-scaled.jpeg?resize=200%2C300&amp;ssl=1 200w, https:\/\/i0.wp.com\/zeromagazine.mx\/wp-content\/uploads\/2025\/03\/IMG_3769-scaled.jpeg?resize=683%2C1024&amp;ssl=1 683w, https:\/\/i0.wp.com\/zeromagazine.mx\/wp-content\/uploads\/2025\/03\/IMG_3769-scaled.jpeg?resize=768%2C1152&amp;ssl=1 768w, https:\/\/i0.wp.com\/zeromagazine.mx\/wp-content\/uploads\/2025\/03\/IMG_3769-scaled.jpeg?resize=1024%2C1536&amp;ssl=1 1024w, https:\/\/i0.wp.com\/zeromagazine.mx\/wp-content\/uploads\/2025\/03\/IMG_3769-scaled.jpeg?resize=1365%2C2048&amp;ssl=1 1365w\" sizes=\"(max-width: 1165px) 100vw, 1165px\" \/><\/figure>\n\n\n\n<p><strong>\u00bfCu\u00e1l ha sido el mayor desaf\u00edo al trabajar de manera independiente?<\/strong><\/p>\n\n\n\n<p>El reto m\u00e1s grande ha sido construir un camino s\u00f3lido y estrat\u00e9gico sin contar con contactos previos en la Ciudad de M\u00e9xico. Es un proceso donde no solo debes enfocarte en la m\u00fasica, sino tambi\u00e9n en generar conexiones y encontrar las oportunidades adecuadas para crecer.<\/p>\n\n\n\n<p><strong>\u00bfQu\u00e9 aprendizajes te deja radicar ahora en M\u00e9xico, que est\u00e1s aplicando en esta nueva etapa?<\/strong><\/p>\n\n\n\n<p>Ciudad de M\u00e9xico es una megal\u00f3polis multicultural que me ha permitido aprender y convivir con personas de diversas nacionalidades. Adem\u00e1s, la escena del show business mexicano ha sido clave en mi formaci\u00f3n como artista esc\u00e9nico y me ha abierto grandes oportunidades.<\/p>\n\n\n\n<p><strong>\u00bfC\u00f3mo describir\u00edas el concepto y estilo musical de tu nuevo proyecto como solista?<\/strong><\/p>\n\n\n\n<p>Mi proyecto fusiona sonidos urbanos y tropicales, lo que me gusta llamar \u201cUrbano Tropical\u201d. He trabajado con reguet\u00f3n y R&amp;B, pero este a\u00f1o estoy enfocado en la bachata, g\u00e9nero en el que planeo lanzar un EP.<\/p>\n\n\n\n<figure class=\"wp-block-image size-full\"><img data-recalc-dims=\"1\" decoding=\"async\" width=\"1165\" height=\"1747\" src=\"https:\/\/i0.wp.com\/zeromagazine.mx\/wp-content\/uploads\/2025\/03\/IMG_3775-scaled.jpeg?resize=1165%2C1747&#038;ssl=1\" alt=\"\" class=\"wp-image-98813\" srcset=\"https:\/\/i0.wp.com\/zeromagazine.mx\/wp-content\/uploads\/2025\/03\/IMG_3775-scaled.jpeg?w=1707&amp;ssl=1 1707w, https:\/\/i0.wp.com\/zeromagazine.mx\/wp-content\/uploads\/2025\/03\/IMG_3775-scaled.jpeg?resize=200%2C300&amp;ssl=1 200w, https:\/\/i0.wp.com\/zeromagazine.mx\/wp-content\/uploads\/2025\/03\/IMG_3775-scaled.jpeg?resize=683%2C1024&amp;ssl=1 683w, https:\/\/i0.wp.com\/zeromagazine.mx\/wp-content\/uploads\/2025\/03\/IMG_3775-scaled.jpeg?resize=768%2C1152&amp;ssl=1 768w, https:\/\/i0.wp.com\/zeromagazine.mx\/wp-content\/uploads\/2025\/03\/IMG_3775-scaled.jpeg?resize=1024%2C1536&amp;ssl=1 1024w, https:\/\/i0.wp.com\/zeromagazine.mx\/wp-content\/uploads\/2025\/03\/IMG_3775-scaled.jpeg?resize=1365%2C2048&amp;ssl=1 1365w\" sizes=\"(max-width: 1165px) 100vw, 1165px\" \/><\/figure>\n\n\n\n<p><strong>\u00bfQu\u00e9 emociones o experiencias personales buscas transmitir con tu m\u00fasica ahora?<\/strong><\/p>\n\n\n\n<p>Quiero transmitir buena vibra y energ\u00eda para bailar. Me gusta que mi m\u00fasica tenga un mensaje limpio pero cautivador.<\/p>\n\n\n\n<p><strong>\u00bfHay alg\u00fan artista o g\u00e9nero que est\u00e9 influyendo en esta nueva faceta de tu carrera?<\/strong><\/p>\n\n\n\n<p>Definitivamente, la bachata es el g\u00e9nero que est\u00e1 marcando esta etapa. Siempre ha sido uno de mis favoritos para bailar, y producirlo ha sido un reto t\u00e9cnico y art\u00edstico que disfruto mucho.<\/p>\n\n\n\n<p><strong>\u00bfQu\u00e9 metas tienes a corto y largo plazo en esta etapa como solista?<\/strong><\/p>\n\n\n\n<p>Este a\u00f1o quiero posicionarme en el mercado de la bachata internacional, fortalecer mi presencia en medios y plataformas digitales, y consolidar mi show en vivo con m\u00fasicos y bailarines. A largo plazo, sue\u00f1o con una gira internacional por Latinoam\u00e9rica.<\/p>\n\n\n\n<figure class=\"wp-block-image size-full\"><img data-recalc-dims=\"1\" decoding=\"async\" width=\"1165\" height=\"1747\" src=\"https:\/\/i0.wp.com\/zeromagazine.mx\/wp-content\/uploads\/2025\/03\/IMG_3770-scaled.jpeg?resize=1165%2C1747&#038;ssl=1\" alt=\"\" class=\"wp-image-98814\" srcset=\"https:\/\/i0.wp.com\/zeromagazine.mx\/wp-content\/uploads\/2025\/03\/IMG_3770-scaled.jpeg?w=1707&amp;ssl=1 1707w, https:\/\/i0.wp.com\/zeromagazine.mx\/wp-content\/uploads\/2025\/03\/IMG_3770-scaled.jpeg?resize=200%2C300&amp;ssl=1 200w, https:\/\/i0.wp.com\/zeromagazine.mx\/wp-content\/uploads\/2025\/03\/IMG_3770-scaled.jpeg?resize=683%2C1024&amp;ssl=1 683w, https:\/\/i0.wp.com\/zeromagazine.mx\/wp-content\/uploads\/2025\/03\/IMG_3770-scaled.jpeg?resize=768%2C1152&amp;ssl=1 768w, https:\/\/i0.wp.com\/zeromagazine.mx\/wp-content\/uploads\/2025\/03\/IMG_3770-scaled.jpeg?resize=1024%2C1536&amp;ssl=1 1024w, https:\/\/i0.wp.com\/zeromagazine.mx\/wp-content\/uploads\/2025\/03\/IMG_3770-scaled.jpeg?resize=1365%2C2048&amp;ssl=1 1365w\" sizes=\"(max-width: 1165px) 100vw, 1165px\" \/><\/figure>\n\n\n\n<p><strong>\u00bfC\u00f3mo planeas conectar con tu p\u00fablico ahora que est\u00e1s explorando un nuevo camino?<\/strong><\/p>\n\n\n\n<p>La autenticidad es clave. Trabajo en proyectar cada sonoridad con precisi\u00f3n y siempre contar una historia. La letra de mis canciones juega un papel fundamental en esa conexi\u00f3n con el p\u00fablico.<\/p>\n\n\n\n<p><strong>Si pudieras colaborar con cualquier artista, \u00bfqui\u00e9n ser\u00eda y por qu\u00e9?<\/strong><\/p>\n\n\n\n<p>Me encantar\u00eda colaborar con Chris Brown, Ricky Martin o Rauw Alejandro. Ser\u00eda incre\u00edble fusionar estilos en una coreograf\u00eda y un videoclip.<\/p>\n\n\n\n<p><strong>\u00bfC\u00f3mo equilibras la presi\u00f3n de ser la cara visible de tu m\u00fasica con la necesidad de ser aut\u00e9ntico?<\/strong><\/p>\n\n\n\n<p>Al principio fue complicado, pero con el tiempo he aprendido a equilibrarlo. Hoy en d\u00eda, mi personaje esc\u00e9nico y mi vida cotidiana est\u00e1n bien separados, aunque ambos habitan el mismo cuerpo.<\/p>\n\n\n\n<figure class=\"wp-block-image size-large\"><img data-recalc-dims=\"1\" decoding=\"async\" width=\"1024\" height=\"683\" src=\"https:\/\/i0.wp.com\/zeromagazine.mx\/wp-content\/uploads\/2025\/03\/IMG_3772-1024x683.jpeg?resize=1024%2C683&#038;ssl=1\" alt=\"\" class=\"wp-image-98815\" srcset=\"https:\/\/i0.wp.com\/zeromagazine.mx\/wp-content\/uploads\/2025\/03\/IMG_3772-scaled.jpeg?resize=1024%2C683&amp;ssl=1 1024w, https:\/\/i0.wp.com\/zeromagazine.mx\/wp-content\/uploads\/2025\/03\/IMG_3772-scaled.jpeg?resize=300%2C200&amp;ssl=1 300w, https:\/\/i0.wp.com\/zeromagazine.mx\/wp-content\/uploads\/2025\/03\/IMG_3772-scaled.jpeg?resize=768%2C512&amp;ssl=1 768w, https:\/\/i0.wp.com\/zeromagazine.mx\/wp-content\/uploads\/2025\/03\/IMG_3772-scaled.jpeg?resize=1536%2C1024&amp;ssl=1 1536w, https:\/\/i0.wp.com\/zeromagazine.mx\/wp-content\/uploads\/2025\/03\/IMG_3772-scaled.jpeg?resize=2048%2C1365&amp;ssl=1 2048w, https:\/\/i0.wp.com\/zeromagazine.mx\/wp-content\/uploads\/2025\/03\/IMG_3772-scaled.jpeg?w=2330 2330w\" sizes=\"(max-width: 1024px) 100vw, 1024px\" \/><\/figure>\n\n\n\n<p><strong>\u00bfQu\u00e9 significa para ti la m\u00fasica en este momento de tu vida?<\/strong><\/p>\n\n\n\n<p>La m\u00fasica es mi espacio de expresi\u00f3n m\u00e1s puro. Me permite decirlo todo y experimentar sin l\u00edmites. Tambi\u00e9n ha sido una v\u00eda para conocerme mejor y enfrentar los desaf\u00edos de la vida con otra perspectiva.<\/p>\n\n\n\n<p><strong>\u00bfC\u00f3mo has manejado el cambio emocional que implica pasar de un grupo a trabajar solo?<\/strong><\/p>\n\n\n\n<p>El trabajo en equipo es incre\u00edble, pero el \u00e9xito es personal. He aprendido a priorizar mis metas sin perder los lazos humanos que he construido en mi camino. Hoy tengo un equipo que me apoya incondicionalmente y con el que me siento agradecido.<\/p>\n\n\n\n<p><strong>Massimo \u00bfQu\u00e9 consejo le dar\u00edas a alguien que est\u00e1 enfrentando una transici\u00f3n importante en su vida o carrera?<\/strong><\/p>\n\n\n\n<p>Tener enfoque y claridad en el camino es esencial. Antes de empezar, debes estudiar hacia d\u00f3nde vas. Ser aut\u00e9ntico es clave, y mi lema siempre ha sido: \u201cpasos cortos, vista larga\u201d. No se rindan, \u00e9chenle ganas.<\/p>\n\n\n\n<figure class=\"wp-block-image size-full\"><img data-recalc-dims=\"1\" decoding=\"async\" width=\"1165\" height=\"777\" src=\"https:\/\/i0.wp.com\/zeromagazine.mx\/wp-content\/uploads\/2025\/03\/IMG_3767-scaled.jpeg?resize=1165%2C777&#038;ssl=1\" alt=\"\" class=\"wp-image-98816\" srcset=\"https:\/\/i0.wp.com\/zeromagazine.mx\/wp-content\/uploads\/2025\/03\/IMG_3767-scaled.jpeg?w=2560&amp;ssl=1 2560w, https:\/\/i0.wp.com\/zeromagazine.mx\/wp-content\/uploads\/2025\/03\/IMG_3767-scaled.jpeg?resize=300%2C200&amp;ssl=1 300w, https:\/\/i0.wp.com\/zeromagazine.mx\/wp-content\/uploads\/2025\/03\/IMG_3767-scaled.jpeg?resize=1024%2C683&amp;ssl=1 1024w, https:\/\/i0.wp.com\/zeromagazine.mx\/wp-content\/uploads\/2025\/03\/IMG_3767-scaled.jpeg?resize=768%2C512&amp;ssl=1 768w, https:\/\/i0.wp.com\/zeromagazine.mx\/wp-content\/uploads\/2025\/03\/IMG_3767-scaled.jpeg?resize=1536%2C1024&amp;ssl=1 1536w, https:\/\/i0.wp.com\/zeromagazine.mx\/wp-content\/uploads\/2025\/03\/IMG_3767-scaled.jpeg?resize=2048%2C1365&amp;ssl=1 2048w, https:\/\/i0.wp.com\/zeromagazine.mx\/wp-content\/uploads\/2025\/03\/IMG_3767-scaled.jpeg?w=2330 2330w\" sizes=\"(max-width: 1165px) 100vw, 1165px\" \/><\/figure>\n\n\n\n<p><strong>Un futuro prometedor para Massimo Ferrara<\/strong><\/p>\n\n\n\n<p>Massimo Ferrara es un artista que ha sabido fusionar su herencia italiana con la pasi\u00f3n y el ritmo latino. Con cada paso que da, reafirma su compromiso con la m\u00fasica y con su evoluci\u00f3n como artista integral. Su incursi\u00f3n en la bachata promete refrescar el g\u00e9nero con un enfoque contempor\u00e1neo y aut\u00e9ntico.<\/p>\n\n\n\n<p>Mientras trabaja en posicionarse en el mercado internacional, Ferrara sigue conquistando a su p\u00fablico con energ\u00eda, dedicaci\u00f3n y una visi\u00f3n clara de su destino. Su historia es una prueba de que los sue\u00f1os no tienen fronteras y que, con esfuerzo y determinaci\u00f3n, cualquier camino es posible.<\/p>","protected":false},"excerpt":{"rendered":"<p>Desde su llegada a M\u00e9xico, el cantante y bailar\u00edn italiano Massimo Ferrara ha demostrado que la m\u00fasica no conoce fronteras. Con una formaci\u00f3n en teatro musical y una pasi\u00f3n inquebrantable por los ritmos latinos, Ferrara ha ido trazando su camino en la industria con un sonido fresco que fusiona lo urbano con la esencia tropical. [&hellip;]<\/p>\n","protected":false},"author":4,"featured_media":98811,"comment_status":"open","ping_status":"open","sticky":false,"template":"","format":"standard","meta":{"_jetpack_memberships_contains_paid_content":false,"footnotes":"","jetpack_publicize_message":"","jetpack_publicize_feature_enabled":true,"jetpack_social_post_already_shared":true,"jetpack_social_options":{"image_generator_settings":{"template":"highway","default_image_id":0,"font":"","enabled":false},"version":2}},"categories":[98],"tags":[12884,12883],"class_list":["post-98810","post","type-post","status-publish","format-standard","has-post-thumbnail","hentry","category-portada","tag-bachata","tag-massimo-ferrara","has-post-title","has-post-date","has-post-category","has-post-tag","has-post-comment","has-post-author",""],"yoast_head":"<!-- This site is optimized with the Yoast SEO plugin v27.4 - https:\/\/yoast.com\/product\/yoast-seo-wordpress\/ -->\n<title>Massimo Ferrara: La pasi\u00f3n italiana a ritmo de bachata - Zero Magazine<\/title>\n<meta name=\"description\" content=\"Descubre la evoluci\u00f3n de Massimo Ferrara, su pasi\u00f3n por la bachata y sus planes para conquistar la m\u00fasica latina.\" \/>\n<meta name=\"robots\" content=\"index, follow, max-snippet:-1, max-image-preview:large, max-video-preview:-1\" \/>\n<link rel=\"canonical\" href=\"https:\/\/zeromagazine.mx\/index.php\/2025\/03\/14\/massimo-ferrara-y-su-pasion-italiana-por-la-bachata\/\" \/>\n<meta property=\"og:locale\" content=\"es_ES\" \/>\n<meta property=\"og:type\" content=\"article\" \/>\n<meta property=\"og:title\" content=\"Massimo Ferrara: La pasi\u00f3n italiana a ritmo de bachata - Zero Magazine\" \/>\n<meta property=\"og:description\" content=\"Descubre la evoluci\u00f3n de Massimo Ferrara, su pasi\u00f3n por la bachata y sus planes para conquistar la m\u00fasica latina.\" \/>\n<meta property=\"og:url\" content=\"https:\/\/zeromagazine.mx\/index.php\/2025\/03\/14\/massimo-ferrara-y-su-pasion-italiana-por-la-bachata\/\" \/>\n<meta property=\"og:site_name\" content=\"Zero Magazine\" \/>\n<meta property=\"article:published_time\" content=\"2025-03-15T02:52:06+00:00\" \/>\n<meta property=\"article:modified_time\" content=\"2025-03-15T02:52:07+00:00\" \/>\n<meta property=\"og:image\" content=\"http:\/\/zeromagazine.mx\/wp-content\/uploads\/2025\/03\/IMG_3777-scaled.jpeg\" \/>\n\t<meta property=\"og:image:width\" content=\"1978\" \/>\n\t<meta property=\"og:image:height\" content=\"2560\" \/>\n\t<meta property=\"og:image:type\" content=\"image\/jpeg\" \/>\n<meta name=\"author\" content=\"David Morales\" \/>\n<meta name=\"twitter:card\" content=\"summary_large_image\" \/>\n<meta name=\"twitter:label1\" content=\"Escrito por\" \/>\n\t<meta name=\"twitter:data1\" content=\"David Morales\" \/>\n\t<meta name=\"twitter:label2\" content=\"Tiempo de lectura\" \/>\n\t<meta name=\"twitter:data2\" content=\"6 minutos\" \/>\n<script type=\"application\/ld+json\" class=\"yoast-schema-graph\">{\"@context\":\"https:\\\/\\\/schema.org\",\"@graph\":[{\"@type\":\"Article\",\"@id\":\"https:\\\/\\\/zeromagazine.mx\\\/index.php\\\/2025\\\/03\\\/14\\\/massimo-ferrara-y-su-pasion-italiana-por-la-bachata\\\/#article\",\"isPartOf\":{\"@id\":\"https:\\\/\\\/zeromagazine.mx\\\/index.php\\\/2025\\\/03\\\/14\\\/massimo-ferrara-y-su-pasion-italiana-por-la-bachata\\\/\"},\"author\":{\"name\":\"David Morales\",\"@id\":\"https:\\\/\\\/zeromagazine.mx\\\/#\\\/schema\\\/person\\\/9f7f1a17c60ba8e9980e3e6677aabe5a\"},\"headline\":\"Massimo Ferrara: La pasi\u00f3n italiana a ritmo de bachata\",\"datePublished\":\"2025-03-15T02:52:06+00:00\",\"dateModified\":\"2025-03-15T02:52:07+00:00\",\"mainEntityOfPage\":{\"@id\":\"https:\\\/\\\/zeromagazine.mx\\\/index.php\\\/2025\\\/03\\\/14\\\/massimo-ferrara-y-su-pasion-italiana-por-la-bachata\\\/\"},\"wordCount\":1020,\"commentCount\":0,\"publisher\":{\"@id\":\"https:\\\/\\\/zeromagazine.mx\\\/#organization\"},\"image\":{\"@id\":\"https:\\\/\\\/zeromagazine.mx\\\/index.php\\\/2025\\\/03\\\/14\\\/massimo-ferrara-y-su-pasion-italiana-por-la-bachata\\\/#primaryimage\"},\"thumbnailUrl\":\"https:\\\/\\\/i0.wp.com\\\/zeromagazine.mx\\\/wp-content\\\/uploads\\\/2025\\\/03\\\/IMG_3777-scaled.jpeg?fit=1978%2C2560&ssl=1\",\"keywords\":[\"Bachata\",\"Massimo Ferrara\"],\"articleSection\":[\"Portada\"],\"inLanguage\":\"es\",\"potentialAction\":[{\"@type\":\"CommentAction\",\"name\":\"Comment\",\"target\":[\"https:\\\/\\\/zeromagazine.mx\\\/index.php\\\/2025\\\/03\\\/14\\\/massimo-ferrara-y-su-pasion-italiana-por-la-bachata\\\/#respond\"]}]},{\"@type\":\"WebPage\",\"@id\":\"https:\\\/\\\/zeromagazine.mx\\\/index.php\\\/2025\\\/03\\\/14\\\/massimo-ferrara-y-su-pasion-italiana-por-la-bachata\\\/\",\"url\":\"https:\\\/\\\/zeromagazine.mx\\\/index.php\\\/2025\\\/03\\\/14\\\/massimo-ferrara-y-su-pasion-italiana-por-la-bachata\\\/\",\"name\":\"Massimo Ferrara: La pasi\u00f3n italiana a ritmo de bachata - Zero Magazine\",\"isPartOf\":{\"@id\":\"https:\\\/\\\/zeromagazine.mx\\\/#website\"},\"primaryImageOfPage\":{\"@id\":\"https:\\\/\\\/zeromagazine.mx\\\/index.php\\\/2025\\\/03\\\/14\\\/massimo-ferrara-y-su-pasion-italiana-por-la-bachata\\\/#primaryimage\"},\"image\":{\"@id\":\"https:\\\/\\\/zeromagazine.mx\\\/index.php\\\/2025\\\/03\\\/14\\\/massimo-ferrara-y-su-pasion-italiana-por-la-bachata\\\/#primaryimage\"},\"thumbnailUrl\":\"https:\\\/\\\/i0.wp.com\\\/zeromagazine.mx\\\/wp-content\\\/uploads\\\/2025\\\/03\\\/IMG_3777-scaled.jpeg?fit=1978%2C2560&ssl=1\",\"datePublished\":\"2025-03-15T02:52:06+00:00\",\"dateModified\":\"2025-03-15T02:52:07+00:00\",\"description\":\"Descubre la evoluci\u00f3n de Massimo Ferrara, su pasi\u00f3n por la bachata y sus planes para conquistar la m\u00fasica latina.\",\"breadcrumb\":{\"@id\":\"https:\\\/\\\/zeromagazine.mx\\\/index.php\\\/2025\\\/03\\\/14\\\/massimo-ferrara-y-su-pasion-italiana-por-la-bachata\\\/#breadcrumb\"},\"inLanguage\":\"es\",\"potentialAction\":[{\"@type\":\"ReadAction\",\"target\":[\"https:\\\/\\\/zeromagazine.mx\\\/index.php\\\/2025\\\/03\\\/14\\\/massimo-ferrara-y-su-pasion-italiana-por-la-bachata\\\/\"]}]},{\"@type\":\"ImageObject\",\"inLanguage\":\"es\",\"@id\":\"https:\\\/\\\/zeromagazine.mx\\\/index.php\\\/2025\\\/03\\\/14\\\/massimo-ferrara-y-su-pasion-italiana-por-la-bachata\\\/#primaryimage\",\"url\":\"https:\\\/\\\/i0.wp.com\\\/zeromagazine.mx\\\/wp-content\\\/uploads\\\/2025\\\/03\\\/IMG_3777-scaled.jpeg?fit=1978%2C2560&ssl=1\",\"contentUrl\":\"https:\\\/\\\/i0.wp.com\\\/zeromagazine.mx\\\/wp-content\\\/uploads\\\/2025\\\/03\\\/IMG_3777-scaled.jpeg?fit=1978%2C2560&ssl=1\",\"width\":1978,\"height\":2560},{\"@type\":\"BreadcrumbList\",\"@id\":\"https:\\\/\\\/zeromagazine.mx\\\/index.php\\\/2025\\\/03\\\/14\\\/massimo-ferrara-y-su-pasion-italiana-por-la-bachata\\\/#breadcrumb\",\"itemListElement\":[{\"@type\":\"ListItem\",\"position\":1,\"name\":\"Portada\",\"item\":\"https:\\\/\\\/zeromagazine.mx\\\/\"},{\"@type\":\"ListItem\",\"position\":2,\"name\":\"Massimo Ferrara: La pasi\u00f3n italiana a ritmo de bachata\"}]},{\"@type\":\"WebSite\",\"@id\":\"https:\\\/\\\/zeromagazine.mx\\\/#website\",\"url\":\"https:\\\/\\\/zeromagazine.mx\\\/\",\"name\":\"Zero Magazine\",\"description\":\"\",\"publisher\":{\"@id\":\"https:\\\/\\\/zeromagazine.mx\\\/#organization\"},\"potentialAction\":[{\"@type\":\"SearchAction\",\"target\":{\"@type\":\"EntryPoint\",\"urlTemplate\":\"https:\\\/\\\/zeromagazine.mx\\\/?s={search_term_string}\"},\"query-input\":{\"@type\":\"PropertyValueSpecification\",\"valueRequired\":true,\"valueName\":\"search_term_string\"}}],\"inLanguage\":\"es\"},{\"@type\":\"Organization\",\"@id\":\"https:\\\/\\\/zeromagazine.mx\\\/#organization\",\"name\":\"Zero Magazine\",\"url\":\"https:\\\/\\\/zeromagazine.mx\\\/\",\"logo\":{\"@type\":\"ImageObject\",\"inLanguage\":\"es\",\"@id\":\"https:\\\/\\\/zeromagazine.mx\\\/#\\\/schema\\\/logo\\\/image\\\/\",\"url\":\"https:\\\/\\\/i0.wp.com\\\/zeromagazine.mx\\\/wp-content\\\/uploads\\\/2025\\\/11\\\/1.jpeg?fit=1000%2C1000&ssl=1\",\"contentUrl\":\"https:\\\/\\\/i0.wp.com\\\/zeromagazine.mx\\\/wp-content\\\/uploads\\\/2025\\\/11\\\/1.jpeg?fit=1000%2C1000&ssl=1\",\"width\":1000,\"height\":1000,\"caption\":\"Zero Magazine\"},\"image\":{\"@id\":\"https:\\\/\\\/zeromagazine.mx\\\/#\\\/schema\\\/logo\\\/image\\\/\"},\"sameAs\":[\"https:\\\/\\\/instagram.com\\\/zeromagazinemx\"]},{\"@type\":\"Person\",\"@id\":\"https:\\\/\\\/zeromagazine.mx\\\/#\\\/schema\\\/person\\\/9f7f1a17c60ba8e9980e3e6677aabe5a\",\"name\":\"David Morales\",\"image\":{\"@type\":\"ImageObject\",\"inLanguage\":\"es\",\"@id\":\"https:\\\/\\\/zeromagazine.mx\\\/wp-content\\\/litespeed\\\/avatar\\\/76069d2136bfc1c37dc34815bb67ca42.jpg?ver=1776966186\",\"url\":\"https:\\\/\\\/zeromagazine.mx\\\/wp-content\\\/litespeed\\\/avatar\\\/76069d2136bfc1c37dc34815bb67ca42.jpg?ver=1776966186\",\"contentUrl\":\"https:\\\/\\\/zeromagazine.mx\\\/wp-content\\\/litespeed\\\/avatar\\\/76069d2136bfc1c37dc34815bb67ca42.jpg?ver=1776966186\",\"caption\":\"David Morales\"},\"url\":\"https:\\\/\\\/zeromagazine.mx\\\/index.php\\\/author\\\/david\\\/\"}]}<\/script>\n<!-- \/ Yoast SEO plugin. -->","yoast_head_json":{"title":"Massimo Ferrara: La pasi\u00f3n italiana a ritmo de bachata - Zero Magazine","description":"Descubre la evoluci\u00f3n de Massimo Ferrara, su pasi\u00f3n por la bachata y sus planes para conquistar la m\u00fasica latina.","robots":{"index":"index","follow":"follow","max-snippet":"max-snippet:-1","max-image-preview":"max-image-preview:large","max-video-preview":"max-video-preview:-1"},"canonical":"https:\/\/zeromagazine.mx\/index.php\/2025\/03\/14\/massimo-ferrara-y-su-pasion-italiana-por-la-bachata\/","og_locale":"es_ES","og_type":"article","og_title":"Massimo Ferrara: La pasi\u00f3n italiana a ritmo de bachata - Zero Magazine","og_description":"Descubre la evoluci\u00f3n de Massimo Ferrara, su pasi\u00f3n por la bachata y sus planes para conquistar la m\u00fasica latina.","og_url":"https:\/\/zeromagazine.mx\/index.php\/2025\/03\/14\/massimo-ferrara-y-su-pasion-italiana-por-la-bachata\/","og_site_name":"Zero Magazine","article_published_time":"2025-03-15T02:52:06+00:00","article_modified_time":"2025-03-15T02:52:07+00:00","og_image":[{"width":1978,"height":2560,"url":"http:\/\/zeromagazine.mx\/wp-content\/uploads\/2025\/03\/IMG_3777-scaled.jpeg","type":"image\/jpeg"}],"author":"David Morales","twitter_card":"summary_large_image","twitter_misc":{"Escrito por":"David Morales","Tiempo de lectura":"6 minutos"},"schema":{"@context":"https:\/\/schema.org","@graph":[{"@type":"Article","@id":"https:\/\/zeromagazine.mx\/index.php\/2025\/03\/14\/massimo-ferrara-y-su-pasion-italiana-por-la-bachata\/#article","isPartOf":{"@id":"https:\/\/zeromagazine.mx\/index.php\/2025\/03\/14\/massimo-ferrara-y-su-pasion-italiana-por-la-bachata\/"},"author":{"name":"David Morales","@id":"https:\/\/zeromagazine.mx\/#\/schema\/person\/9f7f1a17c60ba8e9980e3e6677aabe5a"},"headline":"Massimo Ferrara: La pasi\u00f3n italiana a ritmo de bachata","datePublished":"2025-03-15T02:52:06+00:00","dateModified":"2025-03-15T02:52:07+00:00","mainEntityOfPage":{"@id":"https:\/\/zeromagazine.mx\/index.php\/2025\/03\/14\/massimo-ferrara-y-su-pasion-italiana-por-la-bachata\/"},"wordCount":1020,"commentCount":0,"publisher":{"@id":"https:\/\/zeromagazine.mx\/#organization"},"image":{"@id":"https:\/\/zeromagazine.mx\/index.php\/2025\/03\/14\/massimo-ferrara-y-su-pasion-italiana-por-la-bachata\/#primaryimage"},"thumbnailUrl":"https:\/\/i0.wp.com\/zeromagazine.mx\/wp-content\/uploads\/2025\/03\/IMG_3777-scaled.jpeg?fit=1978%2C2560&ssl=1","keywords":["Bachata","Massimo Ferrara"],"articleSection":["Portada"],"inLanguage":"es","potentialAction":[{"@type":"CommentAction","name":"Comment","target":["https:\/\/zeromagazine.mx\/index.php\/2025\/03\/14\/massimo-ferrara-y-su-pasion-italiana-por-la-bachata\/#respond"]}]},{"@type":"WebPage","@id":"https:\/\/zeromagazine.mx\/index.php\/2025\/03\/14\/massimo-ferrara-y-su-pasion-italiana-por-la-bachata\/","url":"https:\/\/zeromagazine.mx\/index.php\/2025\/03\/14\/massimo-ferrara-y-su-pasion-italiana-por-la-bachata\/","name":"Massimo Ferrara: La pasi\u00f3n italiana a ritmo de bachata - Zero Magazine","isPartOf":{"@id":"https:\/\/zeromagazine.mx\/#website"},"primaryImageOfPage":{"@id":"https:\/\/zeromagazine.mx\/index.php\/2025\/03\/14\/massimo-ferrara-y-su-pasion-italiana-por-la-bachata\/#primaryimage"},"image":{"@id":"https:\/\/zeromagazine.mx\/index.php\/2025\/03\/14\/massimo-ferrara-y-su-pasion-italiana-por-la-bachata\/#primaryimage"},"thumbnailUrl":"https:\/\/i0.wp.com\/zeromagazine.mx\/wp-content\/uploads\/2025\/03\/IMG_3777-scaled.jpeg?fit=1978%2C2560&ssl=1","datePublished":"2025-03-15T02:52:06+00:00","dateModified":"2025-03-15T02:52:07+00:00","description":"Descubre la evoluci\u00f3n de Massimo Ferrara, su pasi\u00f3n por la bachata y sus planes para conquistar la m\u00fasica latina.","breadcrumb":{"@id":"https:\/\/zeromagazine.mx\/index.php\/2025\/03\/14\/massimo-ferrara-y-su-pasion-italiana-por-la-bachata\/#breadcrumb"},"inLanguage":"es","potentialAction":[{"@type":"ReadAction","target":["https:\/\/zeromagazine.mx\/index.php\/2025\/03\/14\/massimo-ferrara-y-su-pasion-italiana-por-la-bachata\/"]}]},{"@type":"ImageObject","inLanguage":"es","@id":"https:\/\/zeromagazine.mx\/index.php\/2025\/03\/14\/massimo-ferrara-y-su-pasion-italiana-por-la-bachata\/#primaryimage","url":"https:\/\/i0.wp.com\/zeromagazine.mx\/wp-content\/uploads\/2025\/03\/IMG_3777-scaled.jpeg?fit=1978%2C2560&ssl=1","contentUrl":"https:\/\/i0.wp.com\/zeromagazine.mx\/wp-content\/uploads\/2025\/03\/IMG_3777-scaled.jpeg?fit=1978%2C2560&ssl=1","width":1978,"height":2560},{"@type":"BreadcrumbList","@id":"https:\/\/zeromagazine.mx\/index.php\/2025\/03\/14\/massimo-ferrara-y-su-pasion-italiana-por-la-bachata\/#breadcrumb","itemListElement":[{"@type":"ListItem","position":1,"name":"Portada","item":"https:\/\/zeromagazine.mx\/"},{"@type":"ListItem","position":2,"name":"Massimo Ferrara: La pasi\u00f3n italiana a ritmo de bachata"}]},{"@type":"WebSite","@id":"https:\/\/zeromagazine.mx\/#website","url":"https:\/\/zeromagazine.mx\/","name":"Zero Magazine","description":"","publisher":{"@id":"https:\/\/zeromagazine.mx\/#organization"},"potentialAction":[{"@type":"SearchAction","target":{"@type":"EntryPoint","urlTemplate":"https:\/\/zeromagazine.mx\/?s={search_term_string}"},"query-input":{"@type":"PropertyValueSpecification","valueRequired":true,"valueName":"search_term_string"}}],"inLanguage":"es"},{"@type":"Organization","@id":"https:\/\/zeromagazine.mx\/#organization","name":"Zero Magazine","url":"https:\/\/zeromagazine.mx\/","logo":{"@type":"ImageObject","inLanguage":"es","@id":"https:\/\/zeromagazine.mx\/#\/schema\/logo\/image\/","url":"https:\/\/i0.wp.com\/zeromagazine.mx\/wp-content\/uploads\/2025\/11\/1.jpeg?fit=1000%2C1000&ssl=1","contentUrl":"https:\/\/i0.wp.com\/zeromagazine.mx\/wp-content\/uploads\/2025\/11\/1.jpeg?fit=1000%2C1000&ssl=1","width":1000,"height":1000,"caption":"Zero Magazine"},"image":{"@id":"https:\/\/zeromagazine.mx\/#\/schema\/logo\/image\/"},"sameAs":["https:\/\/instagram.com\/zeromagazinemx"]},{"@type":"Person","@id":"https:\/\/zeromagazine.mx\/#\/schema\/person\/9f7f1a17c60ba8e9980e3e6677aabe5a","name":"David Morales","image":{"@type":"ImageObject","inLanguage":"es","@id":"https:\/\/zeromagazine.mx\/wp-content\/litespeed\/avatar\/76069d2136bfc1c37dc34815bb67ca42.jpg?ver=1776966186","url":"https:\/\/zeromagazine.mx\/wp-content\/litespeed\/avatar\/76069d2136bfc1c37dc34815bb67ca42.jpg?ver=1776966186","contentUrl":"https:\/\/zeromagazine.mx\/wp-content\/litespeed\/avatar\/76069d2136bfc1c37dc34815bb67ca42.jpg?ver=1776966186","caption":"David Morales"},"url":"https:\/\/zeromagazine.mx\/index.php\/author\/david\/"}]}},"jetpack_publicize_connections":[],"jetpack_featured_media_url":"https:\/\/i0.wp.com\/zeromagazine.mx\/wp-content\/uploads\/2025\/03\/IMG_3777-scaled.jpeg?fit=1978%2C2560&ssl=1","jetpack-related-posts":[{"id":92102,"url":"https:\/\/zeromagazine.mx\/index.php\/2024\/12\/03\/boleto-de-ida-el-hit-del-momento\/","url_meta":{"origin":98810,"position":0},"title":"Boleto de Ida: El Hit del Momento","author":"zeromagazinemx","date":"3 de diciembre de 2024","format":false,"excerpt":"Zero Squad, ag\u00e1rrense porque les traigo el chismecito completo de \"Boleto de Ida\", el nuevo track de Massimo Ferrara. Este tema no es solo otra canci\u00f3n para perrear o tener de fondo en tus stories; es una mezcla de vibes urbanas con toques de reggae que te transportan directo al\u2026","rel":"","context":"En \u00abEntretenimiento\u00bb","block_context":{"text":"Entretenimiento","link":"https:\/\/zeromagazine.mx\/index.php\/category\/entretenimiento\/"},"img":{"alt_text":"","src":"https:\/\/i0.wp.com\/zeromagazine.mx\/wp-content\/uploads\/2024\/12\/Massimo-Ferrara-marzo-2024-%40cartelstudiocuba-14-scaled.jpg?fit=801%2C1200&ssl=1&resize=350%2C200","width":350,"height":200,"srcset":"https:\/\/i0.wp.com\/zeromagazine.mx\/wp-content\/uploads\/2024\/12\/Massimo-Ferrara-marzo-2024-%40cartelstudiocuba-14-scaled.jpg?fit=801%2C1200&ssl=1&resize=350%2C200 1x, https:\/\/i0.wp.com\/zeromagazine.mx\/wp-content\/uploads\/2024\/12\/Massimo-Ferrara-marzo-2024-%40cartelstudiocuba-14-scaled.jpg?fit=801%2C1200&ssl=1&resize=525%2C300 1.5x, https:\/\/i0.wp.com\/zeromagazine.mx\/wp-content\/uploads\/2024\/12\/Massimo-Ferrara-marzo-2024-%40cartelstudiocuba-14-scaled.jpg?fit=801%2C1200&ssl=1&resize=700%2C400 2x"},"classes":[]},{"id":81259,"url":"https:\/\/zeromagazine.mx\/index.php\/2024\/07\/31\/massimo-ferrara-el-problema-remix\/","url_meta":{"origin":98810,"position":1},"title":"\u00abMassimo Ferrara: El Problema Remix\u00bb","author":"zeromagazinemx","date":"31 de julio de 2024","format":false,"excerpt":"Hablemos del video, porque tiene una historia bien interesante. Inicialmente, iba a ser grabado con otro realizador audiovisual, pero debido a varios imprevistos (incluyendo un tornado, \u00a1qu\u00e9 locura!), casi se cancela. Sin embargo, se organiz\u00f3 un rodaje express con El Cartel Studio. Este imprevisto llev\u00f3 a Massimo a conocer al\u2026","rel":"","context":"En \u00abBlog\u00bb","block_context":{"text":"Blog","link":"https:\/\/zeromagazine.mx\/index.php\/category\/blog\/"},"img":{"alt_text":"","src":"https:\/\/i0.wp.com\/zeromagazine.mx\/wp-content\/uploads\/2024\/07\/Massimo-Ferrara-marzo-2024-%40cartelstudiocuba-3-scaled.jpg?fit=1200%2C801&ssl=1&resize=350%2C200","width":350,"height":200,"srcset":"https:\/\/i0.wp.com\/zeromagazine.mx\/wp-content\/uploads\/2024\/07\/Massimo-Ferrara-marzo-2024-%40cartelstudiocuba-3-scaled.jpg?fit=1200%2C801&ssl=1&resize=350%2C200 1x, https:\/\/i0.wp.com\/zeromagazine.mx\/wp-content\/uploads\/2024\/07\/Massimo-Ferrara-marzo-2024-%40cartelstudiocuba-3-scaled.jpg?fit=1200%2C801&ssl=1&resize=525%2C300 1.5x, https:\/\/i0.wp.com\/zeromagazine.mx\/wp-content\/uploads\/2024\/07\/Massimo-Ferrara-marzo-2024-%40cartelstudiocuba-3-scaled.jpg?fit=1200%2C801&ssl=1&resize=700%2C400 2x, https:\/\/i0.wp.com\/zeromagazine.mx\/wp-content\/uploads\/2024\/07\/Massimo-Ferrara-marzo-2024-%40cartelstudiocuba-3-scaled.jpg?fit=1200%2C801&ssl=1&resize=1050%2C600 3x"},"classes":[]},{"id":74263,"url":"https:\/\/zeromagazine.mx\/index.php\/2024\/04\/18\/prince-royce-bachata-en-gira\/","url_meta":{"origin":98810,"position":2},"title":"Prince Royce: Bachata en Gira","author":"zeromagazinemx","date":"18 de abril de 2024","format":false,"excerpt":"Prince Royce, el talentoso artista neoyorquino de ascendencia dominicana, nos ha brindado un mensaje inspirador al anunciar su pr\u00f3ximo tour mundial \"La Llamada Perdida\". En un mundo musical donde algunos g\u00e9neros parecen acaparar la escena, Royce nos recuerda la importancia de preservar y celebrar nuestras ra\u00edces musicales, en este caso,\u2026","rel":"","context":"En \u00abEntretenimiento\u00bb","block_context":{"text":"Entretenimiento","link":"https:\/\/zeromagazine.mx\/index.php\/category\/entretenimiento\/"},"img":{"alt_text":"","src":"https:\/\/i0.wp.com\/zeromagazine.mx\/wp-content\/uploads\/2024\/04\/CMQVREMJAFFB3IWMCQOGKQJSOI-1.jpg?fit=900%2C450&ssl=1&resize=350%2C200","width":350,"height":200,"srcset":"https:\/\/i0.wp.com\/zeromagazine.mx\/wp-content\/uploads\/2024\/04\/CMQVREMJAFFB3IWMCQOGKQJSOI-1.jpg?fit=900%2C450&ssl=1&resize=350%2C200 1x, https:\/\/i0.wp.com\/zeromagazine.mx\/wp-content\/uploads\/2024\/04\/CMQVREMJAFFB3IWMCQOGKQJSOI-1.jpg?fit=900%2C450&ssl=1&resize=525%2C300 1.5x, https:\/\/i0.wp.com\/zeromagazine.mx\/wp-content\/uploads\/2024\/04\/CMQVREMJAFFB3IWMCQOGKQJSOI-1.jpg?fit=900%2C450&ssl=1&resize=700%2C400 2x"},"classes":[]},{"id":85708,"url":"https:\/\/zeromagazine.mx\/index.php\/2024\/10\/07\/manuel-turizo-el-rey-de-madrid\/","url_meta":{"origin":98810,"position":3},"title":"\u00abMANUEL TURIZO: El Rey de Madrid\u00bb","author":"zeromagazinemx","date":"7 de octubre de 2024","format":false,"excerpt":"Este fin de semana, Madrid fue testigo de un evento que va a quedar en la historia musical: el concierto de\u00a0Manuel Turizo\u00a0en la emblem\u00e1tica\u00a0Puerta de Alcal\u00e1. Imag\u00ednate a m\u00e1s de\u00a0110 mil personas\u00a0movi\u00e9ndose al ritmo de sus canciones, cantando a todo pulm\u00f3n, y disfrutando de un line-up que inclu\u00eda a grandes\u2026","rel":"","context":"En \u00abEntretenimiento\u00bb","block_context":{"text":"Entretenimiento","link":"https:\/\/zeromagazine.mx\/index.php\/category\/entretenimiento\/"},"img":{"alt_text":"","src":"https:\/\/i0.wp.com\/zeromagazine.mx\/wp-content\/uploads\/2024\/10\/MANUEL-TURIZO-3-X-SALVA-MUSTE-scaled.jpg?fit=800%2C1200&ssl=1&resize=350%2C200","width":350,"height":200,"srcset":"https:\/\/i0.wp.com\/zeromagazine.mx\/wp-content\/uploads\/2024\/10\/MANUEL-TURIZO-3-X-SALVA-MUSTE-scaled.jpg?fit=800%2C1200&ssl=1&resize=350%2C200 1x, https:\/\/i0.wp.com\/zeromagazine.mx\/wp-content\/uploads\/2024\/10\/MANUEL-TURIZO-3-X-SALVA-MUSTE-scaled.jpg?fit=800%2C1200&ssl=1&resize=525%2C300 1.5x, https:\/\/i0.wp.com\/zeromagazine.mx\/wp-content\/uploads\/2024\/10\/MANUEL-TURIZO-3-X-SALVA-MUSTE-scaled.jpg?fit=800%2C1200&ssl=1&resize=700%2C400 2x"},"classes":[]},{"id":91474,"url":"https:\/\/zeromagazine.mx\/index.php\/2024\/11\/25\/201-el-nuevo-album-de-turizo\/","url_meta":{"origin":98810,"position":4},"title":"201: El Nuevo \u00c1lbum de Turizo","author":"zeromagazinemx","date":"25 de noviembre de 2024","format":false,"excerpt":"Amix, dime si no has bailado La Bachata en una peda o en esos momentos donde te crees protagonista de un video musical. Literal, es un cl\u00e1sico moderno que todo mundo ha coreado. Pues prep\u00e1rate, porque Manuel Turizo regresa con todo con su nuevo \u00e1lbum, 201. 201 Este es su\u2026","rel":"","context":"En \u00abEntretenimiento\u00bb","block_context":{"text":"Entretenimiento","link":"https:\/\/zeromagazine.mx\/index.php\/category\/entretenimiento\/"},"img":{"alt_text":"","src":"https:\/\/i0.wp.com\/zeromagazine.mx\/wp-content\/uploads\/2024\/11\/L13-V2-scaled.jpg?fit=1200%2C1200&ssl=1&resize=350%2C200","width":350,"height":200,"srcset":"https:\/\/i0.wp.com\/zeromagazine.mx\/wp-content\/uploads\/2024\/11\/L13-V2-scaled.jpg?fit=1200%2C1200&ssl=1&resize=350%2C200 1x, https:\/\/i0.wp.com\/zeromagazine.mx\/wp-content\/uploads\/2024\/11\/L13-V2-scaled.jpg?fit=1200%2C1200&ssl=1&resize=525%2C300 1.5x, https:\/\/i0.wp.com\/zeromagazine.mx\/wp-content\/uploads\/2024\/11\/L13-V2-scaled.jpg?fit=1200%2C1200&ssl=1&resize=700%2C400 2x, https:\/\/i0.wp.com\/zeromagazine.mx\/wp-content\/uploads\/2024\/11\/L13-V2-scaled.jpg?fit=1200%2C1200&ssl=1&resize=1050%2C600 3x"},"classes":[]},{"id":77278,"url":"https:\/\/zeromagazine.mx\/index.php\/2024\/06\/07\/immasoul-lanza-su-nuevo-sencillo-caso-cerrado-bajo-el-sello-empire\/","url_meta":{"origin":98810,"position":5},"title":"Immasoul Lanza su Nuevo Sencillo \u00abCaso Cerrado\u00bb bajo el Sello Empire","author":"David Morales","date":"7 de junio de 2024","format":false,"excerpt":"Hoy vengo a contarles algo s\u00faper emocionante sobre una de nuestras artistas favoritas. Despu\u00e9s de un 2023 espectacular, siendo embajadora de EQUAL Spotify M\u00e9xico y llenando Bajo Circuito con su show en CDMX, la incre\u00edble cantante y compositora mexicana Immasoul est\u00e1 de vuelta con un nuevo sencillo. Este viernes 7\u2026","rel":"","context":"En \u00abBlog\u00bb","block_context":{"text":"Blog","link":"https:\/\/zeromagazine.mx\/index.php\/category\/blog\/"},"img":{"alt_text":"","src":"https:\/\/i0.wp.com\/zeromagazine.mx\/wp-content\/uploads\/2024\/06\/immasoul-.-caso-cerrado-.-%40daviddbarajas-9-scaled.jpg?fit=1200%2C800&ssl=1&resize=350%2C200","width":350,"height":200,"srcset":"https:\/\/i0.wp.com\/zeromagazine.mx\/wp-content\/uploads\/2024\/06\/immasoul-.-caso-cerrado-.-%40daviddbarajas-9-scaled.jpg?fit=1200%2C800&ssl=1&resize=350%2C200 1x, https:\/\/i0.wp.com\/zeromagazine.mx\/wp-content\/uploads\/2024\/06\/immasoul-.-caso-cerrado-.-%40daviddbarajas-9-scaled.jpg?fit=1200%2C800&ssl=1&resize=525%2C300 1.5x, https:\/\/i0.wp.com\/zeromagazine.mx\/wp-content\/uploads\/2024\/06\/immasoul-.-caso-cerrado-.-%40daviddbarajas-9-scaled.jpg?fit=1200%2C800&ssl=1&resize=700%2C400 2x, https:\/\/i0.wp.com\/zeromagazine.mx\/wp-content\/uploads\/2024\/06\/immasoul-.-caso-cerrado-.-%40daviddbarajas-9-scaled.jpg?fit=1200%2C800&ssl=1&resize=1050%2C600 3x"},"classes":[]}],"jetpack_sharing_enabled":true,"builder_content":"","_links":{"self":[{"href":"https:\/\/zeromagazine.mx\/index.php\/wp-json\/wp\/v2\/posts\/98810","targetHints":{"allow":["GET"]}}],"collection":[{"href":"https:\/\/zeromagazine.mx\/index.php\/wp-json\/wp\/v2\/posts"}],"about":[{"href":"https:\/\/zeromagazine.mx\/index.php\/wp-json\/wp\/v2\/types\/post"}],"author":[{"embeddable":true,"href":"https:\/\/zeromagazine.mx\/index.php\/wp-json\/wp\/v2\/users\/4"}],"replies":[{"embeddable":true,"href":"https:\/\/zeromagazine.mx\/index.php\/wp-json\/wp\/v2\/comments?post=98810"}],"version-history":[{"count":3,"href":"https:\/\/zeromagazine.mx\/index.php\/wp-json\/wp\/v2\/posts\/98810\/revisions"}],"predecessor-version":[{"id":98819,"href":"https:\/\/zeromagazine.mx\/index.php\/wp-json\/wp\/v2\/posts\/98810\/revisions\/98819"}],"wp:featuredmedia":[{"embeddable":true,"href":"https:\/\/zeromagazine.mx\/index.php\/wp-json\/wp\/v2\/media\/98811"}],"wp:attachment":[{"href":"https:\/\/zeromagazine.mx\/index.php\/wp-json\/wp\/v2\/media?parent=98810"}],"wp:term":[{"taxonomy":"category","embeddable":true,"href":"https:\/\/zeromagazine.mx\/index.php\/wp-json\/wp\/v2\/categories?post=98810"},{"taxonomy":"post_tag","embeddable":true,"href":"https:\/\/zeromagazine.mx\/index.php\/wp-json\/wp\/v2\/tags?post=98810"}],"curies":[{"name":"wp","href":"https:\/\/api.w.org\/{rel}","templated":true}]}}