{"id":99057,"date":"2025-03-19T10:19:40","date_gmt":"2025-03-19T16:19:40","guid":{"rendered":"https:\/\/zeromagazine.mx\/?p=99057"},"modified":"2025-03-19T10:19:41","modified_gmt":"2025-03-19T16:19:41","slug":"charm-unicef-y-pandora-que-se-une-por-una-causa","status":"publish","type":"post","link":"https:\/\/zeromagazine.mx\/index.php\/2025\/03\/19\/charm-unicef-y-pandora-que-se-une-por-una-causa\/","title":{"rendered":"Charm Por Una Causa"},"content":{"rendered":"<p>Amix, si buscan una forma de apoyar una causa incre\u00edble mientras suman algo lindo a su colecci\u00f3n, este es el momento. <strong>Pandora<\/strong> acaba de lanzar su nuevo <strong>charm de edici\u00f3n especial<\/strong> en apoyo a <strong>UNICEF<\/strong>, con el que busca seguir transformando la vida de millones de ni\u00f1es en el mundo.<strong> <\/strong>As\u00ed que, si quieres saber m\u00e1s sobre este charm que brilla por una causa, qu\u00e9date conmigo.<\/p>\n\n\n\n<div class=\"wp-block-jetpack-tiled-gallery aligncenter is-style-rectangular\"><div class=\"tiled-gallery__gallery\"><div class=\"tiled-gallery__row\"><div class=\"tiled-gallery__col\" style=\"flex-basis:63.69969%\"><figure class=\"tiled-gallery__item\"><img decoding=\"async\" srcset=\"https:\/\/i2.wp.com\/zeromagazine.mx\/wp-content\/uploads\/2025\/03\/WEB_793744C01_V2_RGB.png?strip=info&#038;w=600&#038;ssl=1 600w,https:\/\/i2.wp.com\/zeromagazine.mx\/wp-content\/uploads\/2025\/03\/WEB_793744C01_V2_RGB.png?strip=info&#038;w=900&#038;ssl=1 900w,https:\/\/i2.wp.com\/zeromagazine.mx\/wp-content\/uploads\/2025\/03\/WEB_793744C01_V2_RGB.png?strip=info&#038;w=1000&#038;ssl=1 1000w\" alt=\"\" data-height=\"1000\" data-id=\"99060\" data-link=\"https:\/\/zeromagazine.mx\/?attachment_id=99060\" data-url=\"https:\/\/zeromagazine.mx\/wp-content\/uploads\/2025\/03\/WEB_793744C01_V2_RGB.png\" data-width=\"1000\" src=\"https:\/\/i2.wp.com\/zeromagazine.mx\/wp-content\/uploads\/2025\/03\/WEB_793744C01_V2_RGB.png?ssl=1\" data-amp-layout=\"responsive\"\/><\/figure><\/div><div class=\"tiled-gallery__col\" style=\"flex-basis:36.30031%\"><figure class=\"tiled-gallery__item\"><img decoding=\"async\" srcset=\"https:\/\/i1.wp.com\/zeromagazine.mx\/wp-content\/uploads\/2025\/03\/WEB_Q125_B_Unicef_02_RGB.png?strip=info&#038;w=600&#038;ssl=1 600w,https:\/\/i1.wp.com\/zeromagazine.mx\/wp-content\/uploads\/2025\/03\/WEB_Q125_B_Unicef_02_RGB.png?strip=info&#038;w=900&#038;ssl=1 900w,https:\/\/i1.wp.com\/zeromagazine.mx\/wp-content\/uploads\/2025\/03\/WEB_Q125_B_Unicef_02_RGB.png?strip=info&#038;w=1000&#038;ssl=1 1000w\" alt=\"\" data-height=\"747\" data-id=\"99062\" data-link=\"https:\/\/zeromagazine.mx\/?attachment_id=99062\" data-url=\"https:\/\/zeromagazine.mx\/wp-content\/uploads\/2025\/03\/WEB_Q125_B_Unicef_02_RGB.png\" data-width=\"1000\" src=\"https:\/\/i1.wp.com\/zeromagazine.mx\/wp-content\/uploads\/2025\/03\/WEB_Q125_B_Unicef_02_RGB.png?ssl=1\" data-amp-layout=\"responsive\"\/><\/figure><figure class=\"tiled-gallery__item\"><img decoding=\"async\" srcset=\"https:\/\/i2.wp.com\/zeromagazine.mx\/wp-content\/uploads\/2025\/03\/WEB_793744C01_V3_RGB.png?strip=info&#038;w=600&#038;ssl=1 600w,https:\/\/i2.wp.com\/zeromagazine.mx\/wp-content\/uploads\/2025\/03\/WEB_793744C01_V3_RGB.png?strip=info&#038;w=900&#038;ssl=1 900w,https:\/\/i2.wp.com\/zeromagazine.mx\/wp-content\/uploads\/2025\/03\/WEB_793744C01_V3_RGB.png?strip=info&#038;w=1000&#038;ssl=1 1000w\" alt=\"\" data-height=\"1000\" data-id=\"99061\" data-link=\"https:\/\/zeromagazine.mx\/?attachment_id=99061\" data-url=\"https:\/\/zeromagazine.mx\/wp-content\/uploads\/2025\/03\/WEB_793744C01_V3_RGB.png\" data-width=\"1000\" src=\"https:\/\/i2.wp.com\/zeromagazine.mx\/wp-content\/uploads\/2025\/03\/WEB_793744C01_V3_RGB.png?ssl=1\" data-amp-layout=\"responsive\"\/><\/figure><\/div><\/div><\/div><\/div>\n\n\n\n<h3 class=\"wp-block-heading\">Un charm con prop\u00f3sito<\/h3>\n\n\n\n<p>Para empezar, este charm est\u00e1 hecho de <strong>plata esterlina<\/strong> y tiene una piedra azul en el centro, color emblem\u00e1tico de <strong>UNICEF<\/strong>. Desde 2019, Pandora ha recaudado <strong>casi 14 millones de d\u00f3lares<\/strong> con esta alianza, ayudando a m\u00e1s de <strong>2.4 millones de ni\u00f1es y j\u00f3venes<\/strong>, en especial a ni\u00f1as, a tener acceso a educaci\u00f3n y mejores oportunidades.<\/p>\n\n\n\n<script async src=\"https:\/\/pagead2.googlesyndication.com\/pagead\/js\/adsbygoogle.js?client=ca-pub-5499304793904745\"\n     crossorigin=\"anonymous\"><\/script>\n<ins class=\"adsbygoogle\"\n     style=\"display:block; text-align:center;\"\n     data-ad-layout=\"in-article\"\n     data-ad-format=\"fluid\"\n     data-ad-client=\"ca-pub-5499304793904745\"\n     data-ad-slot=\"5994863093\"><\/ins>\n<script>\n     (adsbygoogle = window.adsbygoogle || []).push({});\n<\/script>\n\n\n\n<h3 class=\"wp-block-heading\">Empoderamiento a trav\u00e9s de la educaci\u00f3n<\/h3>\n\n\n\n<p>Adem\u00e1s, parte de las donaciones se destinan a programas educativos en <strong>Tailandia, Vietnam y China<\/strong>, donde UNICEF trabaja en iniciativas de STEAM (Ciencia, Tecnolog\u00eda, Ingenier\u00eda y Matem\u00e1ticas) y habilidades digitales. La otra mitad de los fondos se usa en respuestas a emergencias y necesidades prioritarias en todo el mundo.<\/p>\n\n\n<div class=\"wp-block-image\">\n<figure class=\"aligncenter size-full\"><img data-recalc-dims=\"1\" decoding=\"async\" width=\"1000\" height=\"1000\" src=\"https:\/\/i0.wp.com\/zeromagazine.mx\/wp-content\/uploads\/2025\/03\/WEB_Q125-BRAND-SOME-UPPER-META-PAID-CAROUSEL-14.01-UNICEF-SQUARE.png?resize=1000%2C1000&#038;ssl=1\" alt=\"\" class=\"wp-image-99059\" srcset=\"https:\/\/i0.wp.com\/zeromagazine.mx\/wp-content\/uploads\/2025\/03\/WEB_Q125-BRAND-SOME-UPPER-META-PAID-CAROUSEL-14.01-UNICEF-SQUARE.png?w=1000&amp;ssl=1 1000w, https:\/\/i0.wp.com\/zeromagazine.mx\/wp-content\/uploads\/2025\/03\/WEB_Q125-BRAND-SOME-UPPER-META-PAID-CAROUSEL-14.01-UNICEF-SQUARE.png?resize=300%2C300&amp;ssl=1 300w, https:\/\/i0.wp.com\/zeromagazine.mx\/wp-content\/uploads\/2025\/03\/WEB_Q125-BRAND-SOME-UPPER-META-PAID-CAROUSEL-14.01-UNICEF-SQUARE.png?resize=150%2C150&amp;ssl=1 150w, https:\/\/i0.wp.com\/zeromagazine.mx\/wp-content\/uploads\/2025\/03\/WEB_Q125-BRAND-SOME-UPPER-META-PAID-CAROUSEL-14.01-UNICEF-SQUARE.png?resize=768%2C768&amp;ssl=1 768w\" sizes=\"(max-width: 1000px) 100vw, 1000px\" \/><\/figure>\n<\/div>\n\n\n<h3 class=\"wp-block-heading\">Un gesto que transforma<\/h3>\n\n\n\n<p>Por otro lado, este charm no solo es un accesorio, sino una forma tangible de generar un cambio. Al comprarlo, contribuyes directamente al desarrollo de ni\u00f1es en comunidades vulnerables, d\u00e1ndoles herramientas para su futuro.<\/p>\n\n\n\n<p>Si quieres ser parte de este movimiento y hacer que tu joyer\u00eda cuente una historia poderosa, checa el charm en: <a href=\"https:\/\/es.pandora.net\/es\/charms\/charm-corazon-entrelazado-para-unicef\/793744C01.html\">Pandora.<\/a><\/p>\n\n\n\n<script async src=\"https:\/\/pagead2.googlesyndication.com\/pagead\/js\/adsbygoogle.js?client=ca-pub-5499304793904745\"\n     crossorigin=\"anonymous\"><\/script>\n<ins class=\"adsbygoogle\"\n     style=\"display:block; text-align:center;\"\n     data-ad-layout=\"in-article\"\n     data-ad-format=\"fluid\"\n     data-ad-client=\"ca-pub-5499304793904745\"\n     data-ad-slot=\"5994863093\"><\/ins>\n<script>\n     (adsbygoogle = window.adsbygoogle || []).push({});\n<\/script>\n\n<!--themify_builder_content-->\n<div id=\"themify_builder_content-99057\" data-postid=\"99057\" class=\"themify_builder_content themify_builder_content-99057 themify_builder tf_clear\">\n    <\/div>\n<!--\/themify_builder_content-->","protected":false},"excerpt":{"rendered":"<p>Amix, si buscan una forma de apoyar una causa incre\u00edble mientras suman algo lindo a su colecci\u00f3n, este es el momento. Pandora acaba de lanzar su nuevo charm de edici\u00f3n especial en apoyo a UNICEF, con el que busca seguir transformando la vida de millones de ni\u00f1es en el mundo. As\u00ed que, si quieres saber [&hellip;]<\/p>\n","protected":false},"author":4,"featured_media":99058,"comment_status":"open","ping_status":"open","sticky":false,"template":"","format":"standard","meta":{"_jetpack_memberships_contains_paid_content":false,"footnotes":"","jetpack_publicize_message":"","jetpack_publicize_feature_enabled":true,"jetpack_social_post_already_shared":true,"jetpack_social_options":{"image_generator_settings":{"template":"highway","default_image_id":0,"font":"","enabled":false},"version":2}},"categories":[67],"tags":[1997,12826,1732,7453],"class_list":["post-99057","post","type-post","status-publish","format-standard","has-post-thumbnail","hentry","category-moda","tag-accesorios","tag-moda-sustentable","tag-pandora","tag-unicef","has-post-title","has-post-date","has-post-category","has-post-tag","has-post-comment","has-post-author",""],"yoast_head":"<!-- This site is optimized with the Yoast SEO plugin v27.4 - https:\/\/yoast.com\/product\/yoast-seo-wordpress\/ -->\n<title>Charm Por Una Causa - Zero Magazine<\/title>\n<meta name=\"description\" content=\"Pandora lanza un charm especial en apoyo a UNICEF. Descubre como este charm brilla por una causa y transforma vidas.\" \/>\n<meta name=\"robots\" content=\"index, follow, max-snippet:-1, max-image-preview:large, max-video-preview:-1\" \/>\n<link rel=\"canonical\" href=\"https:\/\/zeromagazine.mx\/index.php\/2025\/03\/19\/charm-unicef-y-pandora-que-se-une-por-una-causa\/\" \/>\n<meta property=\"og:locale\" content=\"es_ES\" \/>\n<meta property=\"og:type\" content=\"article\" \/>\n<meta property=\"og:title\" content=\"Charm Por Una Causa - Zero Magazine\" \/>\n<meta property=\"og:description\" content=\"Pandora lanza un charm especial en apoyo a UNICEF. Descubre como este charm brilla por una causa y transforma vidas.\" \/>\n<meta property=\"og:url\" content=\"https:\/\/zeromagazine.mx\/index.php\/2025\/03\/19\/charm-unicef-y-pandora-que-se-une-por-una-causa\/\" \/>\n<meta property=\"og:site_name\" content=\"Zero Magazine\" \/>\n<meta property=\"article:published_time\" content=\"2025-03-19T16:19:40+00:00\" \/>\n<meta property=\"article:modified_time\" content=\"2025-03-19T16:19:41+00:00\" \/>\n<meta property=\"og:image\" content=\"http:\/\/zeromagazine.mx\/wp-content\/uploads\/2025\/03\/WEB_793744C01_RGB.png\" \/>\n\t<meta property=\"og:image:width\" content=\"1000\" \/>\n\t<meta property=\"og:image:height\" content=\"1000\" \/>\n\t<meta property=\"og:image:type\" content=\"image\/png\" \/>\n<meta name=\"author\" content=\"David Morales\" \/>\n<meta name=\"twitter:card\" content=\"summary_large_image\" \/>\n<meta name=\"twitter:label1\" content=\"Escrito por\" \/>\n\t<meta name=\"twitter:data1\" content=\"David Morales\" \/>\n\t<meta name=\"twitter:label2\" content=\"Tiempo de lectura\" \/>\n\t<meta name=\"twitter:data2\" content=\"3 minutos\" \/>\n<script type=\"application\/ld+json\" class=\"yoast-schema-graph\">{\"@context\":\"https:\\\/\\\/schema.org\",\"@graph\":[{\"@type\":\"Article\",\"@id\":\"https:\\\/\\\/zeromagazine.mx\\\/index.php\\\/2025\\\/03\\\/19\\\/charm-unicef-y-pandora-que-se-une-por-una-causa\\\/#article\",\"isPartOf\":{\"@id\":\"https:\\\/\\\/zeromagazine.mx\\\/index.php\\\/2025\\\/03\\\/19\\\/charm-unicef-y-pandora-que-se-une-por-una-causa\\\/\"},\"author\":{\"name\":\"David Morales\",\"@id\":\"https:\\\/\\\/zeromagazine.mx\\\/#\\\/schema\\\/person\\\/9f7f1a17c60ba8e9980e3e6677aabe5a\"},\"headline\":\"Charm Por Una Causa\",\"datePublished\":\"2025-03-19T16:19:40+00:00\",\"dateModified\":\"2025-03-19T16:19:41+00:00\",\"mainEntityOfPage\":{\"@id\":\"https:\\\/\\\/zeromagazine.mx\\\/index.php\\\/2025\\\/03\\\/19\\\/charm-unicef-y-pandora-que-se-une-por-una-causa\\\/\"},\"wordCount\":264,\"commentCount\":0,\"publisher\":{\"@id\":\"https:\\\/\\\/zeromagazine.mx\\\/#organization\"},\"image\":{\"@id\":\"https:\\\/\\\/zeromagazine.mx\\\/index.php\\\/2025\\\/03\\\/19\\\/charm-unicef-y-pandora-que-se-une-por-una-causa\\\/#primaryimage\"},\"thumbnailUrl\":\"https:\\\/\\\/i0.wp.com\\\/zeromagazine.mx\\\/wp-content\\\/uploads\\\/2025\\\/03\\\/WEB_793744C01_RGB.png?fit=1000%2C1000&ssl=1\",\"keywords\":[\"Accesorios\",\"Moda sustentable\",\"Pandora\",\"UNICEF\"],\"articleSection\":[\"Moda\"],\"inLanguage\":\"es\",\"potentialAction\":[{\"@type\":\"CommentAction\",\"name\":\"Comment\",\"target\":[\"https:\\\/\\\/zeromagazine.mx\\\/index.php\\\/2025\\\/03\\\/19\\\/charm-unicef-y-pandora-que-se-une-por-una-causa\\\/#respond\"]}]},{\"@type\":\"WebPage\",\"@id\":\"https:\\\/\\\/zeromagazine.mx\\\/index.php\\\/2025\\\/03\\\/19\\\/charm-unicef-y-pandora-que-se-une-por-una-causa\\\/\",\"url\":\"https:\\\/\\\/zeromagazine.mx\\\/index.php\\\/2025\\\/03\\\/19\\\/charm-unicef-y-pandora-que-se-une-por-una-causa\\\/\",\"name\":\"Charm Por Una Causa - Zero Magazine\",\"isPartOf\":{\"@id\":\"https:\\\/\\\/zeromagazine.mx\\\/#website\"},\"primaryImageOfPage\":{\"@id\":\"https:\\\/\\\/zeromagazine.mx\\\/index.php\\\/2025\\\/03\\\/19\\\/charm-unicef-y-pandora-que-se-une-por-una-causa\\\/#primaryimage\"},\"image\":{\"@id\":\"https:\\\/\\\/zeromagazine.mx\\\/index.php\\\/2025\\\/03\\\/19\\\/charm-unicef-y-pandora-que-se-une-por-una-causa\\\/#primaryimage\"},\"thumbnailUrl\":\"https:\\\/\\\/i0.wp.com\\\/zeromagazine.mx\\\/wp-content\\\/uploads\\\/2025\\\/03\\\/WEB_793744C01_RGB.png?fit=1000%2C1000&ssl=1\",\"datePublished\":\"2025-03-19T16:19:40+00:00\",\"dateModified\":\"2025-03-19T16:19:41+00:00\",\"description\":\"Pandora lanza un charm especial en apoyo a UNICEF. Descubre como este charm brilla por una causa y transforma vidas.\",\"breadcrumb\":{\"@id\":\"https:\\\/\\\/zeromagazine.mx\\\/index.php\\\/2025\\\/03\\\/19\\\/charm-unicef-y-pandora-que-se-une-por-una-causa\\\/#breadcrumb\"},\"inLanguage\":\"es\",\"potentialAction\":[{\"@type\":\"ReadAction\",\"target\":[\"https:\\\/\\\/zeromagazine.mx\\\/index.php\\\/2025\\\/03\\\/19\\\/charm-unicef-y-pandora-que-se-une-por-una-causa\\\/\"]}]},{\"@type\":\"ImageObject\",\"inLanguage\":\"es\",\"@id\":\"https:\\\/\\\/zeromagazine.mx\\\/index.php\\\/2025\\\/03\\\/19\\\/charm-unicef-y-pandora-que-se-une-por-una-causa\\\/#primaryimage\",\"url\":\"https:\\\/\\\/i0.wp.com\\\/zeromagazine.mx\\\/wp-content\\\/uploads\\\/2025\\\/03\\\/WEB_793744C01_RGB.png?fit=1000%2C1000&ssl=1\",\"contentUrl\":\"https:\\\/\\\/i0.wp.com\\\/zeromagazine.mx\\\/wp-content\\\/uploads\\\/2025\\\/03\\\/WEB_793744C01_RGB.png?fit=1000%2C1000&ssl=1\",\"width\":1000,\"height\":1000},{\"@type\":\"BreadcrumbList\",\"@id\":\"https:\\\/\\\/zeromagazine.mx\\\/index.php\\\/2025\\\/03\\\/19\\\/charm-unicef-y-pandora-que-se-une-por-una-causa\\\/#breadcrumb\",\"itemListElement\":[{\"@type\":\"ListItem\",\"position\":1,\"name\":\"Portada\",\"item\":\"https:\\\/\\\/zeromagazine.mx\\\/\"},{\"@type\":\"ListItem\",\"position\":2,\"name\":\"Charm Por Una Causa\"}]},{\"@type\":\"WebSite\",\"@id\":\"https:\\\/\\\/zeromagazine.mx\\\/#website\",\"url\":\"https:\\\/\\\/zeromagazine.mx\\\/\",\"name\":\"Zero Magazine\",\"description\":\"\",\"publisher\":{\"@id\":\"https:\\\/\\\/zeromagazine.mx\\\/#organization\"},\"potentialAction\":[{\"@type\":\"SearchAction\",\"target\":{\"@type\":\"EntryPoint\",\"urlTemplate\":\"https:\\\/\\\/zeromagazine.mx\\\/?s={search_term_string}\"},\"query-input\":{\"@type\":\"PropertyValueSpecification\",\"valueRequired\":true,\"valueName\":\"search_term_string\"}}],\"inLanguage\":\"es\"},{\"@type\":\"Organization\",\"@id\":\"https:\\\/\\\/zeromagazine.mx\\\/#organization\",\"name\":\"Zero Magazine\",\"url\":\"https:\\\/\\\/zeromagazine.mx\\\/\",\"logo\":{\"@type\":\"ImageObject\",\"inLanguage\":\"es\",\"@id\":\"https:\\\/\\\/zeromagazine.mx\\\/#\\\/schema\\\/logo\\\/image\\\/\",\"url\":\"https:\\\/\\\/i0.wp.com\\\/zeromagazine.mx\\\/wp-content\\\/uploads\\\/2025\\\/11\\\/1.jpeg?fit=1000%2C1000&ssl=1\",\"contentUrl\":\"https:\\\/\\\/i0.wp.com\\\/zeromagazine.mx\\\/wp-content\\\/uploads\\\/2025\\\/11\\\/1.jpeg?fit=1000%2C1000&ssl=1\",\"width\":1000,\"height\":1000,\"caption\":\"Zero Magazine\"},\"image\":{\"@id\":\"https:\\\/\\\/zeromagazine.mx\\\/#\\\/schema\\\/logo\\\/image\\\/\"},\"sameAs\":[\"https:\\\/\\\/instagram.com\\\/zeromagazinemx\"]},{\"@type\":\"Person\",\"@id\":\"https:\\\/\\\/zeromagazine.mx\\\/#\\\/schema\\\/person\\\/9f7f1a17c60ba8e9980e3e6677aabe5a\",\"name\":\"David Morales\",\"image\":{\"@type\":\"ImageObject\",\"inLanguage\":\"es\",\"@id\":\"https:\\\/\\\/zeromagazine.mx\\\/wp-content\\\/litespeed\\\/avatar\\\/76069d2136bfc1c37dc34815bb67ca42.jpg?ver=1776966186\",\"url\":\"https:\\\/\\\/zeromagazine.mx\\\/wp-content\\\/litespeed\\\/avatar\\\/76069d2136bfc1c37dc34815bb67ca42.jpg?ver=1776966186\",\"contentUrl\":\"https:\\\/\\\/zeromagazine.mx\\\/wp-content\\\/litespeed\\\/avatar\\\/76069d2136bfc1c37dc34815bb67ca42.jpg?ver=1776966186\",\"caption\":\"David Morales\"},\"url\":\"https:\\\/\\\/zeromagazine.mx\\\/index.php\\\/author\\\/david\\\/\"}]}<\/script>\n<!-- \/ Yoast SEO plugin. -->","yoast_head_json":{"title":"Charm Por Una Causa - Zero Magazine","description":"Pandora lanza un charm especial en apoyo a UNICEF. Descubre como este charm brilla por una causa y transforma vidas.","robots":{"index":"index","follow":"follow","max-snippet":"max-snippet:-1","max-image-preview":"max-image-preview:large","max-video-preview":"max-video-preview:-1"},"canonical":"https:\/\/zeromagazine.mx\/index.php\/2025\/03\/19\/charm-unicef-y-pandora-que-se-une-por-una-causa\/","og_locale":"es_ES","og_type":"article","og_title":"Charm Por Una Causa - Zero Magazine","og_description":"Pandora lanza un charm especial en apoyo a UNICEF. Descubre como este charm brilla por una causa y transforma vidas.","og_url":"https:\/\/zeromagazine.mx\/index.php\/2025\/03\/19\/charm-unicef-y-pandora-que-se-une-por-una-causa\/","og_site_name":"Zero Magazine","article_published_time":"2025-03-19T16:19:40+00:00","article_modified_time":"2025-03-19T16:19:41+00:00","og_image":[{"width":1000,"height":1000,"url":"http:\/\/zeromagazine.mx\/wp-content\/uploads\/2025\/03\/WEB_793744C01_RGB.png","type":"image\/png"}],"author":"David Morales","twitter_card":"summary_large_image","twitter_misc":{"Escrito por":"David Morales","Tiempo de lectura":"3 minutos"},"schema":{"@context":"https:\/\/schema.org","@graph":[{"@type":"Article","@id":"https:\/\/zeromagazine.mx\/index.php\/2025\/03\/19\/charm-unicef-y-pandora-que-se-une-por-una-causa\/#article","isPartOf":{"@id":"https:\/\/zeromagazine.mx\/index.php\/2025\/03\/19\/charm-unicef-y-pandora-que-se-une-por-una-causa\/"},"author":{"name":"David Morales","@id":"https:\/\/zeromagazine.mx\/#\/schema\/person\/9f7f1a17c60ba8e9980e3e6677aabe5a"},"headline":"Charm Por Una Causa","datePublished":"2025-03-19T16:19:40+00:00","dateModified":"2025-03-19T16:19:41+00:00","mainEntityOfPage":{"@id":"https:\/\/zeromagazine.mx\/index.php\/2025\/03\/19\/charm-unicef-y-pandora-que-se-une-por-una-causa\/"},"wordCount":264,"commentCount":0,"publisher":{"@id":"https:\/\/zeromagazine.mx\/#organization"},"image":{"@id":"https:\/\/zeromagazine.mx\/index.php\/2025\/03\/19\/charm-unicef-y-pandora-que-se-une-por-una-causa\/#primaryimage"},"thumbnailUrl":"https:\/\/i0.wp.com\/zeromagazine.mx\/wp-content\/uploads\/2025\/03\/WEB_793744C01_RGB.png?fit=1000%2C1000&ssl=1","keywords":["Accesorios","Moda sustentable","Pandora","UNICEF"],"articleSection":["Moda"],"inLanguage":"es","potentialAction":[{"@type":"CommentAction","name":"Comment","target":["https:\/\/zeromagazine.mx\/index.php\/2025\/03\/19\/charm-unicef-y-pandora-que-se-une-por-una-causa\/#respond"]}]},{"@type":"WebPage","@id":"https:\/\/zeromagazine.mx\/index.php\/2025\/03\/19\/charm-unicef-y-pandora-que-se-une-por-una-causa\/","url":"https:\/\/zeromagazine.mx\/index.php\/2025\/03\/19\/charm-unicef-y-pandora-que-se-une-por-una-causa\/","name":"Charm Por Una Causa - Zero Magazine","isPartOf":{"@id":"https:\/\/zeromagazine.mx\/#website"},"primaryImageOfPage":{"@id":"https:\/\/zeromagazine.mx\/index.php\/2025\/03\/19\/charm-unicef-y-pandora-que-se-une-por-una-causa\/#primaryimage"},"image":{"@id":"https:\/\/zeromagazine.mx\/index.php\/2025\/03\/19\/charm-unicef-y-pandora-que-se-une-por-una-causa\/#primaryimage"},"thumbnailUrl":"https:\/\/i0.wp.com\/zeromagazine.mx\/wp-content\/uploads\/2025\/03\/WEB_793744C01_RGB.png?fit=1000%2C1000&ssl=1","datePublished":"2025-03-19T16:19:40+00:00","dateModified":"2025-03-19T16:19:41+00:00","description":"Pandora lanza un charm especial en apoyo a UNICEF. Descubre como este charm brilla por una causa y transforma vidas.","breadcrumb":{"@id":"https:\/\/zeromagazine.mx\/index.php\/2025\/03\/19\/charm-unicef-y-pandora-que-se-une-por-una-causa\/#breadcrumb"},"inLanguage":"es","potentialAction":[{"@type":"ReadAction","target":["https:\/\/zeromagazine.mx\/index.php\/2025\/03\/19\/charm-unicef-y-pandora-que-se-une-por-una-causa\/"]}]},{"@type":"ImageObject","inLanguage":"es","@id":"https:\/\/zeromagazine.mx\/index.php\/2025\/03\/19\/charm-unicef-y-pandora-que-se-une-por-una-causa\/#primaryimage","url":"https:\/\/i0.wp.com\/zeromagazine.mx\/wp-content\/uploads\/2025\/03\/WEB_793744C01_RGB.png?fit=1000%2C1000&ssl=1","contentUrl":"https:\/\/i0.wp.com\/zeromagazine.mx\/wp-content\/uploads\/2025\/03\/WEB_793744C01_RGB.png?fit=1000%2C1000&ssl=1","width":1000,"height":1000},{"@type":"BreadcrumbList","@id":"https:\/\/zeromagazine.mx\/index.php\/2025\/03\/19\/charm-unicef-y-pandora-que-se-une-por-una-causa\/#breadcrumb","itemListElement":[{"@type":"ListItem","position":1,"name":"Portada","item":"https:\/\/zeromagazine.mx\/"},{"@type":"ListItem","position":2,"name":"Charm Por Una Causa"}]},{"@type":"WebSite","@id":"https:\/\/zeromagazine.mx\/#website","url":"https:\/\/zeromagazine.mx\/","name":"Zero Magazine","description":"","publisher":{"@id":"https:\/\/zeromagazine.mx\/#organization"},"potentialAction":[{"@type":"SearchAction","target":{"@type":"EntryPoint","urlTemplate":"https:\/\/zeromagazine.mx\/?s={search_term_string}"},"query-input":{"@type":"PropertyValueSpecification","valueRequired":true,"valueName":"search_term_string"}}],"inLanguage":"es"},{"@type":"Organization","@id":"https:\/\/zeromagazine.mx\/#organization","name":"Zero Magazine","url":"https:\/\/zeromagazine.mx\/","logo":{"@type":"ImageObject","inLanguage":"es","@id":"https:\/\/zeromagazine.mx\/#\/schema\/logo\/image\/","url":"https:\/\/i0.wp.com\/zeromagazine.mx\/wp-content\/uploads\/2025\/11\/1.jpeg?fit=1000%2C1000&ssl=1","contentUrl":"https:\/\/i0.wp.com\/zeromagazine.mx\/wp-content\/uploads\/2025\/11\/1.jpeg?fit=1000%2C1000&ssl=1","width":1000,"height":1000,"caption":"Zero Magazine"},"image":{"@id":"https:\/\/zeromagazine.mx\/#\/schema\/logo\/image\/"},"sameAs":["https:\/\/instagram.com\/zeromagazinemx"]},{"@type":"Person","@id":"https:\/\/zeromagazine.mx\/#\/schema\/person\/9f7f1a17c60ba8e9980e3e6677aabe5a","name":"David Morales","image":{"@type":"ImageObject","inLanguage":"es","@id":"https:\/\/zeromagazine.mx\/wp-content\/litespeed\/avatar\/76069d2136bfc1c37dc34815bb67ca42.jpg?ver=1776966186","url":"https:\/\/zeromagazine.mx\/wp-content\/litespeed\/avatar\/76069d2136bfc1c37dc34815bb67ca42.jpg?ver=1776966186","contentUrl":"https:\/\/zeromagazine.mx\/wp-content\/litespeed\/avatar\/76069d2136bfc1c37dc34815bb67ca42.jpg?ver=1776966186","caption":"David Morales"},"url":"https:\/\/zeromagazine.mx\/index.php\/author\/david\/"}]}},"jetpack_publicize_connections":[],"jetpack_featured_media_url":"https:\/\/i0.wp.com\/zeromagazine.mx\/wp-content\/uploads\/2025\/03\/WEB_793744C01_RGB.png?fit=1000%2C1000&ssl=1","jetpack-related-posts":[{"id":116812,"url":"https:\/\/zeromagazine.mx\/index.php\/2026\/03\/17\/pandora-unicef-charm-impacto\/","url_meta":{"origin":99057,"position":0},"title":"Pandora UNICEF charm con impacto","author":"Luis Trujano","date":"17 de marzo de 2026","format":false,"excerpt":"En un mundo donde cada compra cuenta (literalmente), el nuevo charm de Pandora en colaboraci\u00f3n con UNICEF llega como ese recordatorio que necesit\u00e1bamos: el estilo tambi\u00e9n puede tener prop\u00f3sito. Porque s\u00ed, amamos la joyer\u00eda por lo aesthetic, pero cuando adem\u00e1s conecta con algo m\u00e1s grande, se vuelve a\u00fan m\u00e1s especial.\u2026","rel":"","context":"En \u00abModa\u00bb","block_context":{"text":"Moda","link":"https:\/\/zeromagazine.mx\/index.php\/category\/moda\/"},"img":{"alt_text":"","src":"https:\/\/i0.wp.com\/zeromagazine.mx\/wp-content\/uploads\/2026\/03\/IMG_6560.jpeg?fit=774%2C968&ssl=1&resize=350%2C200","width":350,"height":200,"srcset":"https:\/\/i0.wp.com\/zeromagazine.mx\/wp-content\/uploads\/2026\/03\/IMG_6560.jpeg?fit=774%2C968&ssl=1&resize=350%2C200 1x, https:\/\/i0.wp.com\/zeromagazine.mx\/wp-content\/uploads\/2026\/03\/IMG_6560.jpeg?fit=774%2C968&ssl=1&resize=525%2C300 1.5x, https:\/\/i0.wp.com\/zeromagazine.mx\/wp-content\/uploads\/2026\/03\/IMG_6560.jpeg?fit=774%2C968&ssl=1&resize=700%2C400 2x"},"classes":[]},{"id":72798,"url":"https:\/\/zeromagazine.mx\/index.php\/2024\/03\/29\/brilla-con-poder-pandora-y-unicef-lanzan-un-charm-especial-para-celebrar-el-mes-de-la-mujer\/","url_meta":{"origin":99057,"position":1},"title":"Brilla con poder: Pandora y UNICEF lanzan un charm especial para celebrar el Mes de la Mujer","author":"zeromagazinemx","date":"29 de marzo de 2024","format":false,"excerpt":"\u00a1Pandora y UNICEF se est\u00e1n uniendo nuevamente para celebrar el Mes de la Mujer de una manera realmente genial! Saben, en estos tiempos, es importante apoyar y reconocer el incre\u00edble potencial que tienen las chicas de todo el mundo. Y con esta nueva joya, est\u00e1n haciendo exactamente eso. Entonces, \u00bfde\u2026","rel":"","context":"En \u00abDise\u00f1o\u00bb","block_context":{"text":"Dise\u00f1o","link":"https:\/\/zeromagazine.mx\/index.php\/category\/diseno\/"},"img":{"alt_text":"","src":"https:\/\/i0.wp.com\/zeromagazine.mx\/wp-content\/uploads\/2024\/03\/PNGTRPNT_Q124-COLLABS-UNICEF-SOME-ILLUSTRATION-IMAGE-01-LOGO-SQUARE.png?fit=1000%2C1000&ssl=1&resize=350%2C200","width":350,"height":200,"srcset":"https:\/\/i0.wp.com\/zeromagazine.mx\/wp-content\/uploads\/2024\/03\/PNGTRPNT_Q124-COLLABS-UNICEF-SOME-ILLUSTRATION-IMAGE-01-LOGO-SQUARE.png?fit=1000%2C1000&ssl=1&resize=350%2C200 1x, https:\/\/i0.wp.com\/zeromagazine.mx\/wp-content\/uploads\/2024\/03\/PNGTRPNT_Q124-COLLABS-UNICEF-SOME-ILLUSTRATION-IMAGE-01-LOGO-SQUARE.png?fit=1000%2C1000&ssl=1&resize=525%2C300 1.5x, https:\/\/i0.wp.com\/zeromagazine.mx\/wp-content\/uploads\/2024\/03\/PNGTRPNT_Q124-COLLABS-UNICEF-SOME-ILLUSTRATION-IMAGE-01-LOGO-SQUARE.png?fit=1000%2C1000&ssl=1&resize=700%2C400 2x"},"classes":[]},{"id":101693,"url":"https:\/\/zeromagazine.mx\/index.php\/2025\/02\/28\/be-love-con-pandora\/","url_meta":{"origin":99057,"position":2},"title":"BE LOVE Con Pandora","author":"David Morales","date":"28 de febrero de 2025","format":false,"excerpt":"Amix, si algo hemos aprendido en esta vida ca\u00f3tica es que el amor va m\u00e1s all\u00e1 de lo rom\u00e1ntico: es comunidad, es cuidado, es presencia. Justo eso es lo que Pandora nos quiere recordar con su nueva campa\u00f1a BE LOVE, una explosi\u00f3n emocional que no solo celebra su joyer\u00eda, sino\u2026","rel":"","context":"En \u00abModa\u00bb","block_context":{"text":"Moda","link":"https:\/\/zeromagazine.mx\/index.php\/category\/moda\/"},"img":{"alt_text":"","src":"https:\/\/i0.wp.com\/zeromagazine.mx\/wp-content\/uploads\/2025\/04\/Captura-de-Pantalla-2025-02-27-a-las-13.13.39.png?fit=1200%2C677&ssl=1&resize=350%2C200","width":350,"height":200,"srcset":"https:\/\/i0.wp.com\/zeromagazine.mx\/wp-content\/uploads\/2025\/04\/Captura-de-Pantalla-2025-02-27-a-las-13.13.39.png?fit=1200%2C677&ssl=1&resize=350%2C200 1x, https:\/\/i0.wp.com\/zeromagazine.mx\/wp-content\/uploads\/2025\/04\/Captura-de-Pantalla-2025-02-27-a-las-13.13.39.png?fit=1200%2C677&ssl=1&resize=525%2C300 1.5x, https:\/\/i0.wp.com\/zeromagazine.mx\/wp-content\/uploads\/2025\/04\/Captura-de-Pantalla-2025-02-27-a-las-13.13.39.png?fit=1200%2C677&ssl=1&resize=700%2C400 2x, https:\/\/i0.wp.com\/zeromagazine.mx\/wp-content\/uploads\/2025\/04\/Captura-de-Pantalla-2025-02-27-a-las-13.13.39.png?fit=1200%2C677&ssl=1&resize=1050%2C600 3x"},"classes":[]},{"id":107020,"url":"https:\/\/zeromagazine.mx\/index.php\/2025\/07\/28\/charm-stories-de-pandora\/","url_meta":{"origin":99057,"position":3},"title":"Charm Stories de Pandora: joyas con significado propio","author":"David Morales","date":"28 de julio de 2025","format":false,"excerpt":"La joyer\u00eda deja de ser solo un accesorio para convertirse en algo mucho m\u00e1s personal. Con Charm Stories de Pandora, la marca nos invita a ver cada charm como un pedacito de historia que llevamos con orgullo. No es solo un dije bonito: es un s\u00edmbolo de lo que somos,\u2026","rel":"","context":"En \u00abModa\u00bb","block_context":{"text":"Moda","link":"https:\/\/zeromagazine.mx\/index.php\/category\/moda\/"},"img":{"alt_text":"","src":"https:\/\/i0.wp.com\/zeromagazine.mx\/wp-content\/uploads\/2025\/07\/IMG_5103.png?fit=1000%2C1000&ssl=1&resize=350%2C200","width":350,"height":200,"srcset":"https:\/\/i0.wp.com\/zeromagazine.mx\/wp-content\/uploads\/2025\/07\/IMG_5103.png?fit=1000%2C1000&ssl=1&resize=350%2C200 1x, https:\/\/i0.wp.com\/zeromagazine.mx\/wp-content\/uploads\/2025\/07\/IMG_5103.png?fit=1000%2C1000&ssl=1&resize=525%2C300 1.5x, https:\/\/i0.wp.com\/zeromagazine.mx\/wp-content\/uploads\/2025\/07\/IMG_5103.png?fit=1000%2C1000&ssl=1&resize=700%2C400 2x"},"classes":[]},{"id":104341,"url":"https:\/\/zeromagazine.mx\/index.php\/2025\/04\/09\/charm-easter-egg-de-pandora\/","url_meta":{"origin":99057,"position":4},"title":"Charm Easter Egg de Pandora","author":"David Morales","date":"9 de abril de 2025","format":false,"excerpt":"Amix, la primavera ya lleg\u00f3 y con ella el mood de nuevos comienzos, colores pastel y regalitos con significado. Justo por eso, detalles que iluminan primavera es la vibra exacta del nuevo charm Easter Egg de Pandora, que forma parte del drop de temporada de la marca. Y s\u00ed, es\u2026","rel":"","context":"En \u00abModa\u00bb","block_context":{"text":"Moda","link":"https:\/\/zeromagazine.mx\/index.php\/category\/moda\/"},"img":{"alt_text":"","src":"https:\/\/i0.wp.com\/zeromagazine.mx\/wp-content\/uploads\/2025\/05\/WEB_793748C01_V2_RGB.png?fit=1000%2C1000&ssl=1&resize=350%2C200","width":350,"height":200,"srcset":"https:\/\/i0.wp.com\/zeromagazine.mx\/wp-content\/uploads\/2025\/05\/WEB_793748C01_V2_RGB.png?fit=1000%2C1000&ssl=1&resize=350%2C200 1x, https:\/\/i0.wp.com\/zeromagazine.mx\/wp-content\/uploads\/2025\/05\/WEB_793748C01_V2_RGB.png?fit=1000%2C1000&ssl=1&resize=525%2C300 1.5x, https:\/\/i0.wp.com\/zeromagazine.mx\/wp-content\/uploads\/2025\/05\/WEB_793748C01_V2_RGB.png?fit=1000%2C1000&ssl=1&resize=700%2C400 2x"},"classes":[]},{"id":109645,"url":"https:\/\/zeromagazine.mx\/index.php\/2025\/10\/21\/mini-charms-pandora-poder-en-lo-pequeno\/","url_meta":{"origin":99057,"position":5},"title":"Mini Charms Pandora: poder en lo peque\u00f1o","author":"Luis Trujano","date":"21 de octubre de 2025","format":false,"excerpt":"Dicen que las cosas peque\u00f1as pueden tener un significado gigante, y los Mini Charms Pandora son la prueba perfecta. Esta nueva colecci\u00f3n convierte lo delicado en poderoso, con piezas diminutas que cuentan historias personales y emociones que se sienten incluso sin palabras. Es la joyer\u00eda m\u00e1s \u00edntima y significativa que\u2026","rel":"","context":"En \u00abModa\u00bb","block_context":{"text":"Moda","link":"https:\/\/zeromagazine.mx\/index.php\/category\/moda\/"},"img":{"alt_text":"","src":"https:\/\/i0.wp.com\/zeromagazine.mx\/wp-content\/uploads\/2025\/10\/PNGTRPNT_2025Q3E_collection_moments_go_ac_tp_ig_stories_october_12A.03_some_minis.png?fit=1000%2C1000&ssl=1&resize=350%2C200","width":350,"height":200,"srcset":"https:\/\/i0.wp.com\/zeromagazine.mx\/wp-content\/uploads\/2025\/10\/PNGTRPNT_2025Q3E_collection_moments_go_ac_tp_ig_stories_october_12A.03_some_minis.png?fit=1000%2C1000&ssl=1&resize=350%2C200 1x, https:\/\/i0.wp.com\/zeromagazine.mx\/wp-content\/uploads\/2025\/10\/PNGTRPNT_2025Q3E_collection_moments_go_ac_tp_ig_stories_october_12A.03_some_minis.png?fit=1000%2C1000&ssl=1&resize=525%2C300 1.5x, https:\/\/i0.wp.com\/zeromagazine.mx\/wp-content\/uploads\/2025\/10\/PNGTRPNT_2025Q3E_collection_moments_go_ac_tp_ig_stories_october_12A.03_some_minis.png?fit=1000%2C1000&ssl=1&resize=700%2C400 2x"},"classes":[]}],"jetpack_sharing_enabled":true,"builder_content":"","_links":{"self":[{"href":"https:\/\/zeromagazine.mx\/index.php\/wp-json\/wp\/v2\/posts\/99057","targetHints":{"allow":["GET"]}}],"collection":[{"href":"https:\/\/zeromagazine.mx\/index.php\/wp-json\/wp\/v2\/posts"}],"about":[{"href":"https:\/\/zeromagazine.mx\/index.php\/wp-json\/wp\/v2\/types\/post"}],"author":[{"embeddable":true,"href":"https:\/\/zeromagazine.mx\/index.php\/wp-json\/wp\/v2\/users\/4"}],"replies":[{"embeddable":true,"href":"https:\/\/zeromagazine.mx\/index.php\/wp-json\/wp\/v2\/comments?post=99057"}],"version-history":[{"count":2,"href":"https:\/\/zeromagazine.mx\/index.php\/wp-json\/wp\/v2\/posts\/99057\/revisions"}],"predecessor-version":[{"id":99064,"href":"https:\/\/zeromagazine.mx\/index.php\/wp-json\/wp\/v2\/posts\/99057\/revisions\/99064"}],"wp:featuredmedia":[{"embeddable":true,"href":"https:\/\/zeromagazine.mx\/index.php\/wp-json\/wp\/v2\/media\/99058"}],"wp:attachment":[{"href":"https:\/\/zeromagazine.mx\/index.php\/wp-json\/wp\/v2\/media?parent=99057"}],"wp:term":[{"taxonomy":"category","embeddable":true,"href":"https:\/\/zeromagazine.mx\/index.php\/wp-json\/wp\/v2\/categories?post=99057"},{"taxonomy":"post_tag","embeddable":true,"href":"https:\/\/zeromagazine.mx\/index.php\/wp-json\/wp\/v2\/tags?post=99057"}],"curies":[{"name":"wp","href":"https:\/\/api.w.org\/{rel}","templated":true}]}}