{"id":99077,"date":"2025-03-17T08:00:00","date_gmt":"2025-03-17T14:00:00","guid":{"rendered":"https:\/\/zeromagazine.mx\/?p=99077"},"modified":"2025-03-19T15:30:16","modified_gmt":"2025-03-19T21:30:16","slug":"la-nueva-coleccion-primavera-calvin-klein-bad-bunny","status":"publish","type":"post","link":"https:\/\/zeromagazine.mx\/index.php\/2025\/03\/17\/la-nueva-coleccion-primavera-calvin-klein-bad-bunny\/","title":{"rendered":"Bad Bunny &amp; Calvin Klein"},"content":{"rendered":"<p>Amix, \u00bfqui\u00e9n dijo que la ropa interior no puede ser un statement de confianza y sensualidad? <strong>Bad Bunny<\/strong> lo demuestra en su debut con <strong>Calvin Klein<\/strong> en la campa\u00f1a <strong>Primavera 2025<\/strong>, donde el artista rompe esquemas y redefine el concepto de autenticidad. As\u00ed, que si quieres saber m\u00e1s de la colaboraci\u00f3n que est\u00e1 dando de qu\u00e9 hablar, qu\u00e9date conmigo.<\/p>\n\n\n\n<figure class=\"wp-block-embed is-type-video is-provider-youtube wp-block-embed-youtube wp-embed-aspect-16-9 wp-has-aspect-ratio\"><div class=\"wp-block-embed__wrapper\">\n<div class=\"post-video\"><iframe title=\"Bad Bunny Is Infinite | Calvin Klein Spring 2025\" width=\"1165\" height=\"655\" src=\"https:\/\/www.youtube.com\/embed\/B5yENsniEGE?feature=oembed\" frameborder=\"0\" allow=\"accelerometer; autoplay; clipboard-write; encrypted-media; gyroscope; picture-in-picture; web-share\" referrerpolicy=\"strict-origin-when-cross-origin\" allowfullscreen><\/iframe><\/div>\n<\/div><\/figure>\n\n\n\n<h3 class=\"wp-block-heading\">Un concepto visual envolvente<\/h3>\n\n\n\n<p>Para empezar, la campa\u00f1a, dirigida por el ic\u00f3nico fot\u00f3grafo <strong>Mario Sorrenti<\/strong>, captura a Bad Bunny en un universo donde la sensualidad y la seguridad se entrelazan con su personalidad magn\u00e9tica. Adem\u00e1s, la producci\u00f3n incluye una pel\u00edcula de campa\u00f1a ambientada en su hit <strong>\u201cEoO\u201d<\/strong>, llevando la experiencia a otro nivel.<\/p>\n\n\n\n<script async src=\"https:\/\/pagead2.googlesyndication.com\/pagead\/js\/adsbygoogle.js?client=ca-pub-5499304793904745\"\n     crossorigin=\"anonymous\"><\/script>\n<ins class=\"adsbygoogle\"\n     style=\"display:block; text-align:center;\"\n     data-ad-layout=\"in-article\"\n     data-ad-format=\"fluid\"\n     data-ad-client=\"ca-pub-5499304793904745\"\n     data-ad-slot=\"5994863093\"><\/ins>\n<script>\n     (adsbygoogle = window.adsbygoogle || []).push({});\n<\/script>\n\n\n\n<h3 class=\"wp-block-heading\">Innovaci\u00f3n en ropa interior<\/h3>\n\n\n\n<p>Adem\u00e1s, Calvin Klein presenta su nueva l\u00ednea <strong>Icon Cotton Stretch<\/strong>, que lleva la comodidad y el dise\u00f1o a un nivel superior. Con una cintura <strong>Infinity Bond sin costuras<\/strong>, una bolsa de contorno de apoyo y mayor retenci\u00f3n de forma, esta colecci\u00f3n ofrece estilo y funcionalidad sin esfuerzo. Desde braguitas hasta ba\u00f1adores, cada pieza est\u00e1 dise\u00f1ada para adaptarse a cualquier ocasi\u00f3n.<\/p>\n\n\n\n<div class=\"wp-block-jetpack-tiled-gallery aligncenter is-style-rectangular\"><div class=\"tiled-gallery__gallery\"><div class=\"tiled-gallery__row\"><div class=\"tiled-gallery__col\" style=\"flex-basis:25.00000%\"><figure class=\"tiled-gallery__item\"><img decoding=\"async\" srcset=\"https:\/\/i2.wp.com\/zeromagazine.mx\/wp-content\/uploads\/2025\/03\/SP25_BAD_BUNNY_PR_logo_2-819x1024.jpg?strip=info&#038;w=600&#038;ssl=1 600w,https:\/\/i2.wp.com\/zeromagazine.mx\/wp-content\/uploads\/2025\/03\/SP25_BAD_BUNNY_PR_logo_2-819x1024.jpg?strip=info&#038;w=900&#038;ssl=1 900w,https:\/\/i2.wp.com\/zeromagazine.mx\/wp-content\/uploads\/2025\/03\/SP25_BAD_BUNNY_PR_logo_2-819x1024.jpg?strip=info&#038;w=1080&#038;ssl=1 1080w\" alt=\"\" data-height=\"1350\" data-id=\"99082\" data-link=\"https:\/\/zeromagazine.mx\/?attachment_id=99082\" data-url=\"https:\/\/zeromagazine.mx\/wp-content\/uploads\/2025\/03\/SP25_BAD_BUNNY_PR_logo_2-819x1024.jpg\" data-width=\"1080\" src=\"https:\/\/i2.wp.com\/zeromagazine.mx\/wp-content\/uploads\/2025\/03\/SP25_BAD_BUNNY_PR_logo_2-819x1024.jpg?ssl=1\" data-amp-layout=\"responsive\"\/><\/figure><\/div><div class=\"tiled-gallery__col\" style=\"flex-basis:25.00000%\"><figure class=\"tiled-gallery__item\"><img decoding=\"async\" srcset=\"https:\/\/i2.wp.com\/zeromagazine.mx\/wp-content\/uploads\/2025\/03\/SP25_BAD_BUNNY_PR_logo_3-819x1024.jpg?strip=info&#038;w=600&#038;ssl=1 600w,https:\/\/i2.wp.com\/zeromagazine.mx\/wp-content\/uploads\/2025\/03\/SP25_BAD_BUNNY_PR_logo_3-819x1024.jpg?strip=info&#038;w=900&#038;ssl=1 900w,https:\/\/i2.wp.com\/zeromagazine.mx\/wp-content\/uploads\/2025\/03\/SP25_BAD_BUNNY_PR_logo_3-819x1024.jpg?strip=info&#038;w=1080&#038;ssl=1 1080w\" alt=\"\" data-height=\"1350\" data-id=\"99080\" data-link=\"https:\/\/zeromagazine.mx\/?attachment_id=99080\" data-url=\"https:\/\/zeromagazine.mx\/wp-content\/uploads\/2025\/03\/SP25_BAD_BUNNY_PR_logo_3-819x1024.jpg\" data-width=\"1080\" src=\"https:\/\/i2.wp.com\/zeromagazine.mx\/wp-content\/uploads\/2025\/03\/SP25_BAD_BUNNY_PR_logo_3-819x1024.jpg?ssl=1\" data-amp-layout=\"responsive\"\/><\/figure><\/div><div class=\"tiled-gallery__col\" style=\"flex-basis:25.00000%\"><figure class=\"tiled-gallery__item\"><img decoding=\"async\" srcset=\"https:\/\/i1.wp.com\/zeromagazine.mx\/wp-content\/uploads\/2025\/03\/SP25_BAD_BUNNY_PR_logo_4-819x1024.jpg?strip=info&#038;w=600&#038;ssl=1 600w,https:\/\/i1.wp.com\/zeromagazine.mx\/wp-content\/uploads\/2025\/03\/SP25_BAD_BUNNY_PR_logo_4-819x1024.jpg?strip=info&#038;w=900&#038;ssl=1 900w,https:\/\/i1.wp.com\/zeromagazine.mx\/wp-content\/uploads\/2025\/03\/SP25_BAD_BUNNY_PR_logo_4-819x1024.jpg?strip=info&#038;w=1080&#038;ssl=1 1080w\" alt=\"\" data-height=\"1350\" data-id=\"99083\" data-link=\"https:\/\/zeromagazine.mx\/?attachment_id=99083\" data-url=\"https:\/\/zeromagazine.mx\/wp-content\/uploads\/2025\/03\/SP25_BAD_BUNNY_PR_logo_4-819x1024.jpg\" data-width=\"1080\" src=\"https:\/\/i1.wp.com\/zeromagazine.mx\/wp-content\/uploads\/2025\/03\/SP25_BAD_BUNNY_PR_logo_4-819x1024.jpg?ssl=1\" data-amp-layout=\"responsive\"\/><\/figure><\/div><div class=\"tiled-gallery__col\" style=\"flex-basis:25.00000%\"><figure class=\"tiled-gallery__item\"><img decoding=\"async\" srcset=\"https:\/\/i2.wp.com\/zeromagazine.mx\/wp-content\/uploads\/2025\/03\/SP25_BAD_BUNNY_PR_logo_1-819x1024.jpg?strip=info&#038;w=600&#038;ssl=1 600w,https:\/\/i2.wp.com\/zeromagazine.mx\/wp-content\/uploads\/2025\/03\/SP25_BAD_BUNNY_PR_logo_1-819x1024.jpg?strip=info&#038;w=900&#038;ssl=1 900w,https:\/\/i2.wp.com\/zeromagazine.mx\/wp-content\/uploads\/2025\/03\/SP25_BAD_BUNNY_PR_logo_1-819x1024.jpg?strip=info&#038;w=1080&#038;ssl=1 1080w\" alt=\"\" data-height=\"1350\" data-id=\"99079\" data-link=\"https:\/\/zeromagazine.mx\/?attachment_id=99079\" data-url=\"https:\/\/zeromagazine.mx\/wp-content\/uploads\/2025\/03\/SP25_BAD_BUNNY_PR_logo_1-819x1024.jpg\" data-width=\"1080\" src=\"https:\/\/i2.wp.com\/zeromagazine.mx\/wp-content\/uploads\/2025\/03\/SP25_BAD_BUNNY_PR_logo_1-819x1024.jpg?ssl=1\" data-amp-layout=\"responsive\"\/><\/figure><\/div><\/div><div class=\"tiled-gallery__row\"><div class=\"tiled-gallery__col\" style=\"flex-basis:50.00000%\"><figure class=\"tiled-gallery__item\"><img decoding=\"async\" srcset=\"https:\/\/i0.wp.com\/zeromagazine.mx\/wp-content\/uploads\/2025\/03\/SP25_BAD_BUNNY_PR_logo_6-819x1024.jpg?strip=info&#038;w=600&#038;ssl=1 600w,https:\/\/i0.wp.com\/zeromagazine.mx\/wp-content\/uploads\/2025\/03\/SP25_BAD_BUNNY_PR_logo_6-819x1024.jpg?strip=info&#038;w=900&#038;ssl=1 900w,https:\/\/i0.wp.com\/zeromagazine.mx\/wp-content\/uploads\/2025\/03\/SP25_BAD_BUNNY_PR_logo_6-819x1024.jpg?strip=info&#038;w=1080&#038;ssl=1 1080w\" alt=\"\" data-height=\"1350\" data-id=\"99081\" data-link=\"https:\/\/zeromagazine.mx\/?attachment_id=99081\" data-url=\"https:\/\/zeromagazine.mx\/wp-content\/uploads\/2025\/03\/SP25_BAD_BUNNY_PR_logo_6-819x1024.jpg\" data-width=\"1080\" src=\"https:\/\/i0.wp.com\/zeromagazine.mx\/wp-content\/uploads\/2025\/03\/SP25_BAD_BUNNY_PR_logo_6-819x1024.jpg?ssl=1\" data-amp-layout=\"responsive\"\/><\/figure><\/div><div class=\"tiled-gallery__col\" style=\"flex-basis:50.00000%\"><figure class=\"tiled-gallery__item\"><img decoding=\"async\" srcset=\"https:\/\/i1.wp.com\/zeromagazine.mx\/wp-content\/uploads\/2025\/03\/SP25_BAD_BUNNY_PR_logo_5-819x1024.jpg?strip=info&#038;w=600&#038;ssl=1 600w,https:\/\/i1.wp.com\/zeromagazine.mx\/wp-content\/uploads\/2025\/03\/SP25_BAD_BUNNY_PR_logo_5-819x1024.jpg?strip=info&#038;w=900&#038;ssl=1 900w,https:\/\/i1.wp.com\/zeromagazine.mx\/wp-content\/uploads\/2025\/03\/SP25_BAD_BUNNY_PR_logo_5-819x1024.jpg?strip=info&#038;w=1080&#038;ssl=1 1080w\" alt=\"\" data-height=\"1350\" data-id=\"99078\" data-link=\"https:\/\/zeromagazine.mx\/?attachment_id=99078\" data-url=\"https:\/\/zeromagazine.mx\/wp-content\/uploads\/2025\/03\/SP25_BAD_BUNNY_PR_logo_5-819x1024.jpg\" data-width=\"1080\" src=\"https:\/\/i1.wp.com\/zeromagazine.mx\/wp-content\/uploads\/2025\/03\/SP25_BAD_BUNNY_PR_logo_5-819x1024.jpg?ssl=1\" data-amp-layout=\"responsive\"\/><\/figure><\/div><\/div><\/div><\/div>\n\n\n\n<h3 class=\"wp-block-heading\">Bad Bunny, autenticidad sin filtros<\/h3>\n\n\n\n<p>Por otro lado, el propio artista expres\u00f3 lo especial que fue esta colaboraci\u00f3n, especialmente porque la campa\u00f1a fue filmada en su natal <strong>Puerto Rico<\/strong>. La conexi\u00f3n con sus ra\u00edces y la evoluci\u00f3n de su carrera hacen que esta alianza con Calvin Klein sea a\u00fan m\u00e1s significativa.<\/p>\n\n\n\n<p>Si quieren conocer m\u00e1s sobre la colecci\u00f3n y no perderte de la propuesta m\u00e1s audaz de la temporada, puedes checar la campa\u00f1a completa en: <a href=\"https:\/\/www.calvinklein.com\">Calvin Klein<\/a> o <a href=\"https:\/\/www.instagram.com\/calvinklein\/\">@calvinklein<\/a>.<\/p>\n\n\n\n<script async src=\"https:\/\/pagead2.googlesyndication.com\/pagead\/js\/adsbygoogle.js?client=ca-pub-5499304793904745\"\n     crossorigin=\"anonymous\"><\/script>\n<ins class=\"adsbygoogle\"\n     style=\"display:block; text-align:center;\"\n     data-ad-layout=\"in-article\"\n     data-ad-format=\"fluid\"\n     data-ad-client=\"ca-pub-5499304793904745\"\n     data-ad-slot=\"5994863093\"><\/ins>\n<script>\n     (adsbygoogle = window.adsbygoogle || []).push({});\n<\/script>\n\n\n\n<hr class=\"wp-block-separator has-alpha-channel-opacity\"\/>\n\n<!--themify_builder_content-->\n<div id=\"themify_builder_content-99077\" data-postid=\"99077\" class=\"themify_builder_content themify_builder_content-99077 themify_builder tf_clear\">\n    <\/div>\n<!--\/themify_builder_content-->","protected":false},"excerpt":{"rendered":"<p>Amix, \u00bfqui\u00e9n dijo que la ropa interior no puede ser un statement de confianza y sensualidad? Bad Bunny lo demuestra en su debut con Calvin Klein en la campa\u00f1a Primavera 2025, donde el artista rompe esquemas y redefine el concepto de autenticidad. As\u00ed, que si quieres saber m\u00e1s de la colaboraci\u00f3n que est\u00e1 dando de [&hellip;]<\/p>\n","protected":false},"author":4,"featured_media":99084,"comment_status":"open","ping_status":"open","sticky":false,"template":"","format":"standard","meta":{"_jetpack_memberships_contains_paid_content":false,"footnotes":"","jetpack_publicize_message":"","jetpack_publicize_feature_enabled":true,"jetpack_social_post_already_shared":true,"jetpack_social_options":{"image_generator_settings":{"template":"highway","default_image_id":0,"font":"","enabled":false},"version":2}},"categories":[67],"tags":[1289,546,12873,9393],"class_list":["post-99077","post","type-post","status-publish","format-standard","has-post-thumbnail","hentry","category-moda","tag-bad-bunny","tag-calvin-klein","tag-primavera2025","tag-ropa-interior","has-post-title","has-post-date","has-post-category","has-post-tag","has-post-comment","has-post-author",""],"yoast_head":"<!-- This site is optimized with the Yoast SEO plugin v27.4 - https:\/\/yoast.com\/product\/yoast-seo-wordpress\/ -->\n<title>Bad Bunny &amp; Calvin Klein - Zero Magazine<\/title>\n<meta name=\"description\" content=\"Bad Bunny protagoniza la nueva campa\u00f1a de Calvin Klein Primavera 2025. Se parte de esta nueva campa\u00f1a de confianza y estilo sin l\u00edmites.\" \/>\n<meta name=\"robots\" content=\"index, follow, max-snippet:-1, max-image-preview:large, max-video-preview:-1\" \/>\n<link rel=\"canonical\" href=\"https:\/\/zeromagazine.mx\/index.php\/2025\/03\/17\/la-nueva-coleccion-primavera-calvin-klein-bad-bunny\/\" \/>\n<meta property=\"og:locale\" content=\"es_ES\" \/>\n<meta property=\"og:type\" content=\"article\" \/>\n<meta property=\"og:title\" content=\"Bad Bunny &amp; Calvin Klein - Zero Magazine\" \/>\n<meta property=\"og:description\" content=\"Bad Bunny protagoniza la nueva campa\u00f1a de Calvin Klein Primavera 2025. Se parte de esta nueva campa\u00f1a de confianza y estilo sin l\u00edmites.\" \/>\n<meta property=\"og:url\" content=\"https:\/\/zeromagazine.mx\/index.php\/2025\/03\/17\/la-nueva-coleccion-primavera-calvin-klein-bad-bunny\/\" \/>\n<meta property=\"og:site_name\" content=\"Zero Magazine\" \/>\n<meta property=\"article:published_time\" content=\"2025-03-17T14:00:00+00:00\" \/>\n<meta property=\"article:modified_time\" content=\"2025-03-19T21:30:16+00:00\" \/>\n<meta property=\"og:image\" content=\"http:\/\/zeromagazine.mx\/wp-content\/uploads\/2025\/03\/SP25_BAD_BUNNY_PR_logo_9.jpg\" \/>\n\t<meta property=\"og:image:width\" content=\"1350\" \/>\n\t<meta property=\"og:image:height\" content=\"1080\" \/>\n\t<meta property=\"og:image:type\" content=\"image\/jpeg\" \/>\n<meta name=\"author\" content=\"David Morales\" \/>\n<meta name=\"twitter:card\" content=\"summary_large_image\" \/>\n<meta name=\"twitter:label1\" content=\"Escrito por\" \/>\n\t<meta name=\"twitter:data1\" content=\"David Morales\" \/>\n\t<meta name=\"twitter:label2\" content=\"Tiempo de lectura\" \/>\n\t<meta name=\"twitter:data2\" content=\"3 minutos\" \/>\n<script type=\"application\/ld+json\" class=\"yoast-schema-graph\">{\"@context\":\"https:\\\/\\\/schema.org\",\"@graph\":[{\"@type\":\"Article\",\"@id\":\"https:\\\/\\\/zeromagazine.mx\\\/index.php\\\/2025\\\/03\\\/17\\\/la-nueva-coleccion-primavera-calvin-klein-bad-bunny\\\/#article\",\"isPartOf\":{\"@id\":\"https:\\\/\\\/zeromagazine.mx\\\/index.php\\\/2025\\\/03\\\/17\\\/la-nueva-coleccion-primavera-calvin-klein-bad-bunny\\\/\"},\"author\":{\"name\":\"David Morales\",\"@id\":\"https:\\\/\\\/zeromagazine.mx\\\/#\\\/schema\\\/person\\\/9f7f1a17c60ba8e9980e3e6677aabe5a\"},\"headline\":\"Bad Bunny &amp; Calvin Klein\",\"datePublished\":\"2025-03-17T14:00:00+00:00\",\"dateModified\":\"2025-03-19T21:30:16+00:00\",\"mainEntityOfPage\":{\"@id\":\"https:\\\/\\\/zeromagazine.mx\\\/index.php\\\/2025\\\/03\\\/17\\\/la-nueva-coleccion-primavera-calvin-klein-bad-bunny\\\/\"},\"wordCount\":300,\"commentCount\":0,\"publisher\":{\"@id\":\"https:\\\/\\\/zeromagazine.mx\\\/#organization\"},\"image\":{\"@id\":\"https:\\\/\\\/zeromagazine.mx\\\/index.php\\\/2025\\\/03\\\/17\\\/la-nueva-coleccion-primavera-calvin-klein-bad-bunny\\\/#primaryimage\"},\"thumbnailUrl\":\"https:\\\/\\\/i0.wp.com\\\/zeromagazine.mx\\\/wp-content\\\/uploads\\\/2025\\\/03\\\/SP25_BAD_BUNNY_PR_logo_9.jpg?fit=1350%2C1080&ssl=1\",\"keywords\":[\"Bad Bunny\",\"Calvin klein\",\"Primavera2025\",\"Ropa interior\"],\"articleSection\":[\"Moda\"],\"inLanguage\":\"es\",\"potentialAction\":[{\"@type\":\"CommentAction\",\"name\":\"Comment\",\"target\":[\"https:\\\/\\\/zeromagazine.mx\\\/index.php\\\/2025\\\/03\\\/17\\\/la-nueva-coleccion-primavera-calvin-klein-bad-bunny\\\/#respond\"]}]},{\"@type\":\"WebPage\",\"@id\":\"https:\\\/\\\/zeromagazine.mx\\\/index.php\\\/2025\\\/03\\\/17\\\/la-nueva-coleccion-primavera-calvin-klein-bad-bunny\\\/\",\"url\":\"https:\\\/\\\/zeromagazine.mx\\\/index.php\\\/2025\\\/03\\\/17\\\/la-nueva-coleccion-primavera-calvin-klein-bad-bunny\\\/\",\"name\":\"Bad Bunny &amp; Calvin Klein - Zero Magazine\",\"isPartOf\":{\"@id\":\"https:\\\/\\\/zeromagazine.mx\\\/#website\"},\"primaryImageOfPage\":{\"@id\":\"https:\\\/\\\/zeromagazine.mx\\\/index.php\\\/2025\\\/03\\\/17\\\/la-nueva-coleccion-primavera-calvin-klein-bad-bunny\\\/#primaryimage\"},\"image\":{\"@id\":\"https:\\\/\\\/zeromagazine.mx\\\/index.php\\\/2025\\\/03\\\/17\\\/la-nueva-coleccion-primavera-calvin-klein-bad-bunny\\\/#primaryimage\"},\"thumbnailUrl\":\"https:\\\/\\\/i0.wp.com\\\/zeromagazine.mx\\\/wp-content\\\/uploads\\\/2025\\\/03\\\/SP25_BAD_BUNNY_PR_logo_9.jpg?fit=1350%2C1080&ssl=1\",\"datePublished\":\"2025-03-17T14:00:00+00:00\",\"dateModified\":\"2025-03-19T21:30:16+00:00\",\"description\":\"Bad Bunny protagoniza la nueva campa\u00f1a de Calvin Klein Primavera 2025. Se parte de esta nueva campa\u00f1a de confianza y estilo sin l\u00edmites.\",\"breadcrumb\":{\"@id\":\"https:\\\/\\\/zeromagazine.mx\\\/index.php\\\/2025\\\/03\\\/17\\\/la-nueva-coleccion-primavera-calvin-klein-bad-bunny\\\/#breadcrumb\"},\"inLanguage\":\"es\",\"potentialAction\":[{\"@type\":\"ReadAction\",\"target\":[\"https:\\\/\\\/zeromagazine.mx\\\/index.php\\\/2025\\\/03\\\/17\\\/la-nueva-coleccion-primavera-calvin-klein-bad-bunny\\\/\"]}]},{\"@type\":\"ImageObject\",\"inLanguage\":\"es\",\"@id\":\"https:\\\/\\\/zeromagazine.mx\\\/index.php\\\/2025\\\/03\\\/17\\\/la-nueva-coleccion-primavera-calvin-klein-bad-bunny\\\/#primaryimage\",\"url\":\"https:\\\/\\\/i0.wp.com\\\/zeromagazine.mx\\\/wp-content\\\/uploads\\\/2025\\\/03\\\/SP25_BAD_BUNNY_PR_logo_9.jpg?fit=1350%2C1080&ssl=1\",\"contentUrl\":\"https:\\\/\\\/i0.wp.com\\\/zeromagazine.mx\\\/wp-content\\\/uploads\\\/2025\\\/03\\\/SP25_BAD_BUNNY_PR_logo_9.jpg?fit=1350%2C1080&ssl=1\",\"width\":1350,\"height\":1080},{\"@type\":\"BreadcrumbList\",\"@id\":\"https:\\\/\\\/zeromagazine.mx\\\/index.php\\\/2025\\\/03\\\/17\\\/la-nueva-coleccion-primavera-calvin-klein-bad-bunny\\\/#breadcrumb\",\"itemListElement\":[{\"@type\":\"ListItem\",\"position\":1,\"name\":\"Portada\",\"item\":\"https:\\\/\\\/zeromagazine.mx\\\/\"},{\"@type\":\"ListItem\",\"position\":2,\"name\":\"Bad Bunny &amp; Calvin Klein\"}]},{\"@type\":\"WebSite\",\"@id\":\"https:\\\/\\\/zeromagazine.mx\\\/#website\",\"url\":\"https:\\\/\\\/zeromagazine.mx\\\/\",\"name\":\"Zero Magazine\",\"description\":\"\",\"publisher\":{\"@id\":\"https:\\\/\\\/zeromagazine.mx\\\/#organization\"},\"potentialAction\":[{\"@type\":\"SearchAction\",\"target\":{\"@type\":\"EntryPoint\",\"urlTemplate\":\"https:\\\/\\\/zeromagazine.mx\\\/?s={search_term_string}\"},\"query-input\":{\"@type\":\"PropertyValueSpecification\",\"valueRequired\":true,\"valueName\":\"search_term_string\"}}],\"inLanguage\":\"es\"},{\"@type\":\"Organization\",\"@id\":\"https:\\\/\\\/zeromagazine.mx\\\/#organization\",\"name\":\"Zero Magazine\",\"url\":\"https:\\\/\\\/zeromagazine.mx\\\/\",\"logo\":{\"@type\":\"ImageObject\",\"inLanguage\":\"es\",\"@id\":\"https:\\\/\\\/zeromagazine.mx\\\/#\\\/schema\\\/logo\\\/image\\\/\",\"url\":\"https:\\\/\\\/i0.wp.com\\\/zeromagazine.mx\\\/wp-content\\\/uploads\\\/2025\\\/11\\\/1.jpeg?fit=1000%2C1000&ssl=1\",\"contentUrl\":\"https:\\\/\\\/i0.wp.com\\\/zeromagazine.mx\\\/wp-content\\\/uploads\\\/2025\\\/11\\\/1.jpeg?fit=1000%2C1000&ssl=1\",\"width\":1000,\"height\":1000,\"caption\":\"Zero Magazine\"},\"image\":{\"@id\":\"https:\\\/\\\/zeromagazine.mx\\\/#\\\/schema\\\/logo\\\/image\\\/\"},\"sameAs\":[\"https:\\\/\\\/instagram.com\\\/zeromagazinemx\"]},{\"@type\":\"Person\",\"@id\":\"https:\\\/\\\/zeromagazine.mx\\\/#\\\/schema\\\/person\\\/9f7f1a17c60ba8e9980e3e6677aabe5a\",\"name\":\"David Morales\",\"image\":{\"@type\":\"ImageObject\",\"inLanguage\":\"es\",\"@id\":\"https:\\\/\\\/zeromagazine.mx\\\/wp-content\\\/litespeed\\\/avatar\\\/76069d2136bfc1c37dc34815bb67ca42.jpg?ver=1776966186\",\"url\":\"https:\\\/\\\/zeromagazine.mx\\\/wp-content\\\/litespeed\\\/avatar\\\/76069d2136bfc1c37dc34815bb67ca42.jpg?ver=1776966186\",\"contentUrl\":\"https:\\\/\\\/zeromagazine.mx\\\/wp-content\\\/litespeed\\\/avatar\\\/76069d2136bfc1c37dc34815bb67ca42.jpg?ver=1776966186\",\"caption\":\"David Morales\"},\"url\":\"https:\\\/\\\/zeromagazine.mx\\\/index.php\\\/author\\\/david\\\/\"}]}<\/script>\n<!-- \/ Yoast SEO plugin. -->","yoast_head_json":{"title":"Bad Bunny &amp; Calvin Klein - Zero Magazine","description":"Bad Bunny protagoniza la nueva campa\u00f1a de Calvin Klein Primavera 2025. Se parte de esta nueva campa\u00f1a de confianza y estilo sin l\u00edmites.","robots":{"index":"index","follow":"follow","max-snippet":"max-snippet:-1","max-image-preview":"max-image-preview:large","max-video-preview":"max-video-preview:-1"},"canonical":"https:\/\/zeromagazine.mx\/index.php\/2025\/03\/17\/la-nueva-coleccion-primavera-calvin-klein-bad-bunny\/","og_locale":"es_ES","og_type":"article","og_title":"Bad Bunny &amp; Calvin Klein - Zero Magazine","og_description":"Bad Bunny protagoniza la nueva campa\u00f1a de Calvin Klein Primavera 2025. Se parte de esta nueva campa\u00f1a de confianza y estilo sin l\u00edmites.","og_url":"https:\/\/zeromagazine.mx\/index.php\/2025\/03\/17\/la-nueva-coleccion-primavera-calvin-klein-bad-bunny\/","og_site_name":"Zero Magazine","article_published_time":"2025-03-17T14:00:00+00:00","article_modified_time":"2025-03-19T21:30:16+00:00","og_image":[{"width":1350,"height":1080,"url":"http:\/\/zeromagazine.mx\/wp-content\/uploads\/2025\/03\/SP25_BAD_BUNNY_PR_logo_9.jpg","type":"image\/jpeg"}],"author":"David Morales","twitter_card":"summary_large_image","twitter_misc":{"Escrito por":"David Morales","Tiempo de lectura":"3 minutos"},"schema":{"@context":"https:\/\/schema.org","@graph":[{"@type":"Article","@id":"https:\/\/zeromagazine.mx\/index.php\/2025\/03\/17\/la-nueva-coleccion-primavera-calvin-klein-bad-bunny\/#article","isPartOf":{"@id":"https:\/\/zeromagazine.mx\/index.php\/2025\/03\/17\/la-nueva-coleccion-primavera-calvin-klein-bad-bunny\/"},"author":{"name":"David Morales","@id":"https:\/\/zeromagazine.mx\/#\/schema\/person\/9f7f1a17c60ba8e9980e3e6677aabe5a"},"headline":"Bad Bunny &amp; Calvin Klein","datePublished":"2025-03-17T14:00:00+00:00","dateModified":"2025-03-19T21:30:16+00:00","mainEntityOfPage":{"@id":"https:\/\/zeromagazine.mx\/index.php\/2025\/03\/17\/la-nueva-coleccion-primavera-calvin-klein-bad-bunny\/"},"wordCount":300,"commentCount":0,"publisher":{"@id":"https:\/\/zeromagazine.mx\/#organization"},"image":{"@id":"https:\/\/zeromagazine.mx\/index.php\/2025\/03\/17\/la-nueva-coleccion-primavera-calvin-klein-bad-bunny\/#primaryimage"},"thumbnailUrl":"https:\/\/i0.wp.com\/zeromagazine.mx\/wp-content\/uploads\/2025\/03\/SP25_BAD_BUNNY_PR_logo_9.jpg?fit=1350%2C1080&ssl=1","keywords":["Bad Bunny","Calvin klein","Primavera2025","Ropa interior"],"articleSection":["Moda"],"inLanguage":"es","potentialAction":[{"@type":"CommentAction","name":"Comment","target":["https:\/\/zeromagazine.mx\/index.php\/2025\/03\/17\/la-nueva-coleccion-primavera-calvin-klein-bad-bunny\/#respond"]}]},{"@type":"WebPage","@id":"https:\/\/zeromagazine.mx\/index.php\/2025\/03\/17\/la-nueva-coleccion-primavera-calvin-klein-bad-bunny\/","url":"https:\/\/zeromagazine.mx\/index.php\/2025\/03\/17\/la-nueva-coleccion-primavera-calvin-klein-bad-bunny\/","name":"Bad Bunny &amp; Calvin Klein - Zero Magazine","isPartOf":{"@id":"https:\/\/zeromagazine.mx\/#website"},"primaryImageOfPage":{"@id":"https:\/\/zeromagazine.mx\/index.php\/2025\/03\/17\/la-nueva-coleccion-primavera-calvin-klein-bad-bunny\/#primaryimage"},"image":{"@id":"https:\/\/zeromagazine.mx\/index.php\/2025\/03\/17\/la-nueva-coleccion-primavera-calvin-klein-bad-bunny\/#primaryimage"},"thumbnailUrl":"https:\/\/i0.wp.com\/zeromagazine.mx\/wp-content\/uploads\/2025\/03\/SP25_BAD_BUNNY_PR_logo_9.jpg?fit=1350%2C1080&ssl=1","datePublished":"2025-03-17T14:00:00+00:00","dateModified":"2025-03-19T21:30:16+00:00","description":"Bad Bunny protagoniza la nueva campa\u00f1a de Calvin Klein Primavera 2025. Se parte de esta nueva campa\u00f1a de confianza y estilo sin l\u00edmites.","breadcrumb":{"@id":"https:\/\/zeromagazine.mx\/index.php\/2025\/03\/17\/la-nueva-coleccion-primavera-calvin-klein-bad-bunny\/#breadcrumb"},"inLanguage":"es","potentialAction":[{"@type":"ReadAction","target":["https:\/\/zeromagazine.mx\/index.php\/2025\/03\/17\/la-nueva-coleccion-primavera-calvin-klein-bad-bunny\/"]}]},{"@type":"ImageObject","inLanguage":"es","@id":"https:\/\/zeromagazine.mx\/index.php\/2025\/03\/17\/la-nueva-coleccion-primavera-calvin-klein-bad-bunny\/#primaryimage","url":"https:\/\/i0.wp.com\/zeromagazine.mx\/wp-content\/uploads\/2025\/03\/SP25_BAD_BUNNY_PR_logo_9.jpg?fit=1350%2C1080&ssl=1","contentUrl":"https:\/\/i0.wp.com\/zeromagazine.mx\/wp-content\/uploads\/2025\/03\/SP25_BAD_BUNNY_PR_logo_9.jpg?fit=1350%2C1080&ssl=1","width":1350,"height":1080},{"@type":"BreadcrumbList","@id":"https:\/\/zeromagazine.mx\/index.php\/2025\/03\/17\/la-nueva-coleccion-primavera-calvin-klein-bad-bunny\/#breadcrumb","itemListElement":[{"@type":"ListItem","position":1,"name":"Portada","item":"https:\/\/zeromagazine.mx\/"},{"@type":"ListItem","position":2,"name":"Bad Bunny &amp; Calvin Klein"}]},{"@type":"WebSite","@id":"https:\/\/zeromagazine.mx\/#website","url":"https:\/\/zeromagazine.mx\/","name":"Zero Magazine","description":"","publisher":{"@id":"https:\/\/zeromagazine.mx\/#organization"},"potentialAction":[{"@type":"SearchAction","target":{"@type":"EntryPoint","urlTemplate":"https:\/\/zeromagazine.mx\/?s={search_term_string}"},"query-input":{"@type":"PropertyValueSpecification","valueRequired":true,"valueName":"search_term_string"}}],"inLanguage":"es"},{"@type":"Organization","@id":"https:\/\/zeromagazine.mx\/#organization","name":"Zero Magazine","url":"https:\/\/zeromagazine.mx\/","logo":{"@type":"ImageObject","inLanguage":"es","@id":"https:\/\/zeromagazine.mx\/#\/schema\/logo\/image\/","url":"https:\/\/i0.wp.com\/zeromagazine.mx\/wp-content\/uploads\/2025\/11\/1.jpeg?fit=1000%2C1000&ssl=1","contentUrl":"https:\/\/i0.wp.com\/zeromagazine.mx\/wp-content\/uploads\/2025\/11\/1.jpeg?fit=1000%2C1000&ssl=1","width":1000,"height":1000,"caption":"Zero Magazine"},"image":{"@id":"https:\/\/zeromagazine.mx\/#\/schema\/logo\/image\/"},"sameAs":["https:\/\/instagram.com\/zeromagazinemx"]},{"@type":"Person","@id":"https:\/\/zeromagazine.mx\/#\/schema\/person\/9f7f1a17c60ba8e9980e3e6677aabe5a","name":"David Morales","image":{"@type":"ImageObject","inLanguage":"es","@id":"https:\/\/zeromagazine.mx\/wp-content\/litespeed\/avatar\/76069d2136bfc1c37dc34815bb67ca42.jpg?ver=1776966186","url":"https:\/\/zeromagazine.mx\/wp-content\/litespeed\/avatar\/76069d2136bfc1c37dc34815bb67ca42.jpg?ver=1776966186","contentUrl":"https:\/\/zeromagazine.mx\/wp-content\/litespeed\/avatar\/76069d2136bfc1c37dc34815bb67ca42.jpg?ver=1776966186","caption":"David Morales"},"url":"https:\/\/zeromagazine.mx\/index.php\/author\/david\/"}]}},"jetpack_publicize_connections":[],"jetpack_featured_media_url":"https:\/\/i0.wp.com\/zeromagazine.mx\/wp-content\/uploads\/2025\/03\/SP25_BAD_BUNNY_PR_logo_9.jpg?fit=1350%2C1080&ssl=1","jetpack-related-posts":[{"id":76731,"url":"https:\/\/zeromagazine.mx\/index.php\/2024\/05\/30\/calvin-klein-celebra-el-amor-y-el-orgullo\/","url_meta":{"origin":99077,"position":0},"title":"Calvin Klein Celebra el Amor y el Orgullo","author":"zeromagazinemx","date":"30 de mayo de 2024","format":false,"excerpt":"La nueva campa\u00f1a de Calvin Klein est\u00e1 que arde. Este a\u00f1o, la marca lanz\u00f3 su campa\u00f1a 2024 \"This Is Love\" protagonizada por Cara Delevingne y Jeremy Pope. Y d\u00e9jenme decirles, es todo un espect\u00e1culo de amor y orgullo. Adem\u00e1s, echando un vistazo m\u00e1s de cerca, las fotos de la campa\u00f1a\u2026","rel":"","context":"En \u00abModa\u00bb","block_context":{"text":"Moda","link":"https:\/\/zeromagazine.mx\/index.php\/category\/moda\/"},"img":{"alt_text":"","src":"https:\/\/i0.wp.com\/zeromagazine.mx\/wp-content\/uploads\/2024\/05\/S24_PRIDE_PR_logo_1080x1350_8.jpg?fit=1200%2C960&ssl=1&resize=350%2C200","width":350,"height":200,"srcset":"https:\/\/i0.wp.com\/zeromagazine.mx\/wp-content\/uploads\/2024\/05\/S24_PRIDE_PR_logo_1080x1350_8.jpg?fit=1200%2C960&ssl=1&resize=350%2C200 1x, https:\/\/i0.wp.com\/zeromagazine.mx\/wp-content\/uploads\/2024\/05\/S24_PRIDE_PR_logo_1080x1350_8.jpg?fit=1200%2C960&ssl=1&resize=525%2C300 1.5x, https:\/\/i0.wp.com\/zeromagazine.mx\/wp-content\/uploads\/2024\/05\/S24_PRIDE_PR_logo_1080x1350_8.jpg?fit=1200%2C960&ssl=1&resize=700%2C400 2x, https:\/\/i0.wp.com\/zeromagazine.mx\/wp-content\/uploads\/2024\/05\/S24_PRIDE_PR_logo_1080x1350_8.jpg?fit=1200%2C960&ssl=1&resize=1050%2C600 3x"},"classes":[]},{"id":70706,"url":"https:\/\/zeromagazine.mx\/index.php\/2024\/02\/16\/jung-kook-irradia-estilo-en-la-nueva-campana-de-calvin-klein-jeans-para-la-primavera-2024\/","url_meta":{"origin":99077,"position":1},"title":"\u00a1Jung Kook irradia estilo en la nueva campa\u00f1a de Calvin Klein Jeans para la Primavera 2024!","author":"zeromagazinemx","date":"16 de febrero de 2024","format":false,"excerpt":"Calvin Klein ha lanzado su campa\u00f1a Primavera 2024 y nos ha dejado con las bocas abiertas al presentar a Jung Kook como el embajador global de la marca, \u00a1qu\u00e9 locura! La nueva campa\u00f1a est\u00e1 capturada por Mert Alas, y muestra al artista de K-pop en todo su esplendor, dominando la\u2026","rel":"","context":"En \u00abBlog\u00bb","block_context":{"text":"Blog","link":"https:\/\/zeromagazine.mx\/index.php\/category\/blog\/"},"img":{"alt_text":"","src":"https:\/\/i0.wp.com\/zeromagazine.mx\/wp-content\/uploads\/2024\/02\/S24_JK_PR_nologo_1080x1350_3.jpg?fit=960%2C1200&ssl=1&resize=350%2C200","width":350,"height":200,"srcset":"https:\/\/i0.wp.com\/zeromagazine.mx\/wp-content\/uploads\/2024\/02\/S24_JK_PR_nologo_1080x1350_3.jpg?fit=960%2C1200&ssl=1&resize=350%2C200 1x, https:\/\/i0.wp.com\/zeromagazine.mx\/wp-content\/uploads\/2024\/02\/S24_JK_PR_nologo_1080x1350_3.jpg?fit=960%2C1200&ssl=1&resize=525%2C300 1.5x, https:\/\/i0.wp.com\/zeromagazine.mx\/wp-content\/uploads\/2024\/02\/S24_JK_PR_nologo_1080x1350_3.jpg?fit=960%2C1200&ssl=1&resize=700%2C400 2x"},"classes":[]},{"id":82661,"url":"https:\/\/zeromagazine.mx\/index.php\/2024\/08\/27\/jeremy-allen-white-vibes-otonales\/","url_meta":{"origin":99077,"position":2},"title":"Jeremy Allen White: Vibes Oto\u00f1ales","author":"zeromagazinemx","date":"27 de agosto de 2024","format":false,"excerpt":"La espera ha terminado y Calvin Klein acaba de lanzar la segunda entrega de su mega campa\u00f1a de Oto\u00f1o 2024, protagonizada por el rey de las vibes relajadas, Jeremy Allen White. Este 27 de agosto de 2024 marca el debut de esta campa\u00f1a que promete elevar tu estilo a otro\u2026","rel":"","context":"En \u00abModa\u00bb","block_context":{"text":"Moda","link":"https:\/\/zeromagazine.mx\/index.php\/category\/moda\/"},"img":{"alt_text":"","src":"https:\/\/i0.wp.com\/zeromagazine.mx\/wp-content\/uploads\/2024\/08\/F24_JAW_PR_nologo_4.jpg?fit=1200%2C960&ssl=1&resize=350%2C200","width":350,"height":200,"srcset":"https:\/\/i0.wp.com\/zeromagazine.mx\/wp-content\/uploads\/2024\/08\/F24_JAW_PR_nologo_4.jpg?fit=1200%2C960&ssl=1&resize=350%2C200 1x, https:\/\/i0.wp.com\/zeromagazine.mx\/wp-content\/uploads\/2024\/08\/F24_JAW_PR_nologo_4.jpg?fit=1200%2C960&ssl=1&resize=525%2C300 1.5x, https:\/\/i0.wp.com\/zeromagazine.mx\/wp-content\/uploads\/2024\/08\/F24_JAW_PR_nologo_4.jpg?fit=1200%2C960&ssl=1&resize=700%2C400 2x, https:\/\/i0.wp.com\/zeromagazine.mx\/wp-content\/uploads\/2024\/08\/F24_JAW_PR_nologo_4.jpg?fit=1200%2C960&ssl=1&resize=1050%2C600 3x"},"classes":[]},{"id":83740,"url":"https:\/\/zeromagazine.mx\/index.php\/2024\/09\/12\/cha-eun-woo-x-ck-otono-chic\/","url_meta":{"origin":99077,"position":3},"title":"Cha Eun-Woo x CK: Oto\u00f1o Chic","author":"zeromagazinemx","date":"12 de septiembre de 2024","format":false,"excerpt":"\u00a1Holiii, Arohas! Hoy les traigo el scoop m\u00e1s \u00e9pico del mundo de la moda y el K-pop que no se van a querer perder. Adivinen qui\u00e9n est\u00e1 dominando el spotlight ahora: nuestro querido \"CHA EUN-WOO\" El cantante y actor surcoreano que est\u00e1 rompiendo corazones en todo el planeta es la\u2026","rel":"","context":"En \u00abModa\u00bb","block_context":{"text":"Moda","link":"https:\/\/zeromagazine.mx\/index.php\/category\/moda\/"},"img":{"alt_text":"","src":"https:\/\/i0.wp.com\/zeromagazine.mx\/wp-content\/uploads\/2024\/09\/F24_CHA_PR_logo_1.jpg?fit=960%2C1200&ssl=1&resize=350%2C200","width":350,"height":200,"srcset":"https:\/\/i0.wp.com\/zeromagazine.mx\/wp-content\/uploads\/2024\/09\/F24_CHA_PR_logo_1.jpg?fit=960%2C1200&ssl=1&resize=350%2C200 1x, https:\/\/i0.wp.com\/zeromagazine.mx\/wp-content\/uploads\/2024\/09\/F24_CHA_PR_logo_1.jpg?fit=960%2C1200&ssl=1&resize=525%2C300 1.5x, https:\/\/i0.wp.com\/zeromagazine.mx\/wp-content\/uploads\/2024\/09\/F24_CHA_PR_logo_1.jpg?fit=960%2C1200&ssl=1&resize=700%2C400 2x"},"classes":[]},{"id":76632,"url":"https:\/\/zeromagazine.mx\/index.php\/2024\/05\/30\/veronica-leoni-la-nueva-directora-de-ck\/","url_meta":{"origin":99077,"position":4},"title":"Ver\u00f3nica Leoni: La Nueva Directora de CK","author":"zeromagazinemx","date":"30 de mayo de 2024","format":false,"excerpt":"Calvin Klein acaba de nombrar a Ver\u00f3nica Leoni como su nueva Directora Creativa de Collection, y esto promete ser un cambio \u00e9pico en el mundo de la moda. Para empezar, Ver\u00f3nica Leoni no es cualquier persona en la industria. Fue finalista del LVMH Prize en 2023 y fundadora de QUIRA,\u2026","rel":"","context":"En \u00abModa\u00bb","block_context":{"text":"Moda","link":"https:\/\/zeromagazine.mx\/index.php\/category\/moda\/"},"img":{"alt_text":"","src":"https:\/\/i0.wp.com\/zeromagazine.mx\/wp-content\/uploads\/2024\/05\/unnamed-63-1.jpg?fit=949%2C1200&ssl=1&resize=350%2C200","width":350,"height":200,"srcset":"https:\/\/i0.wp.com\/zeromagazine.mx\/wp-content\/uploads\/2024\/05\/unnamed-63-1.jpg?fit=949%2C1200&ssl=1&resize=350%2C200 1x, https:\/\/i0.wp.com\/zeromagazine.mx\/wp-content\/uploads\/2024\/05\/unnamed-63-1.jpg?fit=949%2C1200&ssl=1&resize=525%2C300 1.5x, https:\/\/i0.wp.com\/zeromagazine.mx\/wp-content\/uploads\/2024\/05\/unnamed-63-1.jpg?fit=949%2C1200&ssl=1&resize=700%2C400 2x"},"classes":[]},{"id":106152,"url":"https:\/\/zeromagazine.mx\/index.php\/2025\/06\/19\/calvin-klein-y-cooper-koch-es-pride-con-actitud\/","url_meta":{"origin":99077,"position":5},"title":"Calvin Klein y Cooper Koch es Pride con actitud","author":"David Morales","date":"19 de junio de 2025","format":false,"excerpt":"Amix, ya lleg\u00f3 esa temporada donde brillamos m\u00e1s que el sol y Calvin Klein lo sabe. Por eso, esta vez se lanz\u00f3 con una campa\u00f1a que est\u00e1 causando suspiros en redes: Calvin Klein y Cooper Koch unen fuerzas para darle vida a una colecci\u00f3n de edici\u00f3n limitada que es puro\u2026","rel":"","context":"En \u00abModa\u00bb","block_context":{"text":"Moda","link":"https:\/\/zeromagazine.mx\/index.php\/category\/moda\/"},"img":{"alt_text":"","src":"https:\/\/i0.wp.com\/zeromagazine.mx\/wp-content\/uploads\/2025\/06\/SU25_June_Pride_PR_No_Logo_1-scaled.jpg?fit=960%2C1200&ssl=1&resize=350%2C200","width":350,"height":200,"srcset":"https:\/\/i0.wp.com\/zeromagazine.mx\/wp-content\/uploads\/2025\/06\/SU25_June_Pride_PR_No_Logo_1-scaled.jpg?fit=960%2C1200&ssl=1&resize=350%2C200 1x, https:\/\/i0.wp.com\/zeromagazine.mx\/wp-content\/uploads\/2025\/06\/SU25_June_Pride_PR_No_Logo_1-scaled.jpg?fit=960%2C1200&ssl=1&resize=525%2C300 1.5x, https:\/\/i0.wp.com\/zeromagazine.mx\/wp-content\/uploads\/2025\/06\/SU25_June_Pride_PR_No_Logo_1-scaled.jpg?fit=960%2C1200&ssl=1&resize=700%2C400 2x"},"classes":[]}],"jetpack_sharing_enabled":true,"builder_content":"","_links":{"self":[{"href":"https:\/\/zeromagazine.mx\/index.php\/wp-json\/wp\/v2\/posts\/99077","targetHints":{"allow":["GET"]}}],"collection":[{"href":"https:\/\/zeromagazine.mx\/index.php\/wp-json\/wp\/v2\/posts"}],"about":[{"href":"https:\/\/zeromagazine.mx\/index.php\/wp-json\/wp\/v2\/types\/post"}],"author":[{"embeddable":true,"href":"https:\/\/zeromagazine.mx\/index.php\/wp-json\/wp\/v2\/users\/4"}],"replies":[{"embeddable":true,"href":"https:\/\/zeromagazine.mx\/index.php\/wp-json\/wp\/v2\/comments?post=99077"}],"version-history":[{"count":7,"href":"https:\/\/zeromagazine.mx\/index.php\/wp-json\/wp\/v2\/posts\/99077\/revisions"}],"predecessor-version":[{"id":99091,"href":"https:\/\/zeromagazine.mx\/index.php\/wp-json\/wp\/v2\/posts\/99077\/revisions\/99091"}],"wp:featuredmedia":[{"embeddable":true,"href":"https:\/\/zeromagazine.mx\/index.php\/wp-json\/wp\/v2\/media\/99084"}],"wp:attachment":[{"href":"https:\/\/zeromagazine.mx\/index.php\/wp-json\/wp\/v2\/media?parent=99077"}],"wp:term":[{"taxonomy":"category","embeddable":true,"href":"https:\/\/zeromagazine.mx\/index.php\/wp-json\/wp\/v2\/categories?post=99077"},{"taxonomy":"post_tag","embeddable":true,"href":"https:\/\/zeromagazine.mx\/index.php\/wp-json\/wp\/v2\/tags?post=99077"}],"curies":[{"name":"wp","href":"https:\/\/api.w.org\/{rel}","templated":true}]}}