{"id":99128,"date":"2025-03-19T20:00:00","date_gmt":"2025-03-20T02:00:00","guid":{"rendered":"https:\/\/zeromagazine.mx\/?p=99128"},"modified":"2025-03-20T11:01:12","modified_gmt":"2025-03-20T17:01:12","slug":"rupauls-drag-race-llega-a-mexico","status":"publish","type":"post","link":"https:\/\/zeromagazine.mx\/index.php\/2025\/03\/19\/rupauls-drag-race-llega-a-mexico\/","title":{"rendered":"RuPaul\u00b4s Drag Race M\u00e9xico"},"content":{"rendered":"<p>Amix, prep\u00e1rense porque la gira m\u00e1s ic\u00f3nica y fabulosa del mundo drag est\u00e1 de vuelta. <strong>RuPaul\u2019s Drag Race: Werq The World 2025<\/strong> regresa con todo el glamour que amamos, y esta vez promete ser m\u00e1s espectacular que nunca. Si no quieres perderte del show  de <strong>drag y glamour sin l\u00edmites<\/strong> que te har\u00e1 vibrar, qu\u00e9date conmigo.<\/p>\n\n\n\n<h3 class=\"wp-block-heading\">Estrellas drag <\/h3>\n\n\n\n<p>Para empezar, el espect\u00e1culo viene recargado con una nueva producci\u00f3n esc\u00e9nica, m\u00e1s brillo y actuaciones que nos har\u00e1n gritar de emoci\u00f3n. La conducci\u00f3n estar\u00e1 a cargo de <strong>Jimbo<\/strong>, y el elenco incluir\u00e1 a grandes talentos como <strong>Derrick Barry, Jaida Essence Hall, Marina Summers, Naomi Smalls, Morphine Love Dion, Vanessa Vanjie<\/strong> y algunas finalistas sorpresa de la temporada 17. As\u00ed que ya saben, el talento no va a faltar.<\/p>\n\n\n\n<h3 class=\"wp-block-heading\">Fechas y ciudades imperdibles<\/h3>\n\n\n\n<p>Adem\u00e1s, M\u00e9xico est\u00e1 en la lista de esta incre\u00edble gira mundial. Estas son las fechas que no pueden perderse:<\/p>\n\n\n\n<ul class=\"wp-block-list\">\n<li><strong>21 de octubre<\/strong>: Ciudad de M\u00e9xico &#8211; Pepsi Center<\/li>\n\n\n\n<li><strong>23 de octubre<\/strong>: Guadalajara &#8211; Teatro Diana<\/li>\n\n\n\n<li><strong>25 de octubre<\/strong>: Monterrey &#8211; Escenario GNP Seguro<\/li>\n<\/ul>\n\n\n\n<h3 class=\"wp-block-heading\">Boletos y preventas<\/h3>\n\n\n\n<p>Por otro lado, la <strong>preventa Banamex<\/strong> arranca el <strong>20 de marzo a las 11:00 a.m.<\/strong>, mientras que la <strong>venta general<\/strong> ser\u00e1 el <strong>21 de marzo<\/strong>. Aseg\u00farense de estar listos porque seguro van a volar. Este evento est\u00e1 presentado por <strong>Voss Events<\/strong>, en colaboraci\u00f3n con <strong>World of Wonder<\/strong> y <strong>MTV<\/strong>, garantizando una producci\u00f3n de primer nivel.<\/p>\n\n\n\n<p>Si quieren m\u00e1s detalles o comprar sus boletos, chequen: <a href=\"https:\/\/www.ticketmaster.com.mx\/rupauls-drag-race-boletos\/artist\/1841269\">Ticketmaster<\/a> o <a href=\"https:\/\/www.vossevents.com\">Werq The World<\/a>. <\/p>\n\n\n\n<script async src=\"https:\/\/pagead2.googlesyndication.com\/pagead\/js\/adsbygoogle.js?client=ca-pub-5499304793904745\"\n     crossorigin=\"anonymous\"><\/script>\n<ins class=\"adsbygoogle\"\n     style=\"display:block; text-align:center;\"\n     data-ad-layout=\"in-article\"\n     data-ad-format=\"fluid\"\n     data-ad-client=\"ca-pub-5499304793904745\"\n     data-ad-slot=\"5994863093\"><\/ins>\n<script>\n     (adsbygoogle = window.adsbygoogle || []).push({});\n<\/script>\n\n<!--themify_builder_content-->\n<div id=\"themify_builder_content-99128\" data-postid=\"99128\" class=\"themify_builder_content themify_builder_content-99128 themify_builder tf_clear\">\n    <\/div>\n<!--\/themify_builder_content-->","protected":false},"excerpt":{"rendered":"<p>Amix, prep\u00e1rense porque la gira m\u00e1s ic\u00f3nica y fabulosa del mundo drag est\u00e1 de vuelta. RuPaul\u2019s Drag Race: Werq The World 2025 regresa con todo el glamour que amamos, y esta vez promete ser m\u00e1s espectacular que nunca. Si no quieres perderte del show de drag y glamour sin l\u00edmites que te har\u00e1 vibrar, qu\u00e9date [&hellip;]<\/p>\n","protected":false},"author":4,"featured_media":99129,"comment_status":"open","ping_status":"open","sticky":false,"template":"","format":"standard","meta":{"_jetpack_memberships_contains_paid_content":false,"footnotes":"","jetpack_publicize_message":"","jetpack_publicize_feature_enabled":true,"jetpack_social_post_already_shared":true,"jetpack_social_options":{"image_generator_settings":{"template":"highway","default_image_id":0,"font":"","enabled":false},"version":2}},"categories":[117],"tags":[12933,753,887,12934,314,12930,12931],"class_list":["post-99128","post","type-post","status-publish","format-standard","has-post-thumbnail","hentry","category-entretenimiento","tag-banamex","tag-lgbtqia","tag-mtv","tag-rupaulsdragrace","tag-ticketmaster","tag-voss-events","tag-world-of-wonder","has-post-title","has-post-date","has-post-category","has-post-tag","has-post-comment","has-post-author",""],"yoast_head":"<!-- This site is optimized with the Yoast SEO plugin v27.5 - https:\/\/yoast.com\/product\/yoast-seo-wordpress\/ -->\n<title>RuPaul\u00b4s Drag Race M\u00e9xico - Zero Magazine<\/title>\n<meta name=\"description\" content=\"RuPaul\u2019s Drag Race: Werq The World 2025 llega a M\u00e9xico. No te pierdas de este show de drag y glamour sin l\u00edmites.\" \/>\n<meta name=\"robots\" content=\"index, follow, max-snippet:-1, max-image-preview:large, max-video-preview:-1\" \/>\n<link rel=\"canonical\" href=\"https:\/\/zeromagazine.mx\/index.php\/2025\/03\/19\/rupauls-drag-race-llega-a-mexico\/\" \/>\n<meta property=\"og:locale\" content=\"es_ES\" \/>\n<meta property=\"og:type\" content=\"article\" \/>\n<meta property=\"og:title\" content=\"RuPaul\u00b4s Drag Race M\u00e9xico - Zero Magazine\" \/>\n<meta property=\"og:description\" content=\"RuPaul\u2019s Drag Race: Werq The World 2025 llega a M\u00e9xico. No te pierdas de este show de drag y glamour sin l\u00edmites.\" \/>\n<meta property=\"og:url\" content=\"https:\/\/zeromagazine.mx\/index.php\/2025\/03\/19\/rupauls-drag-race-llega-a-mexico\/\" \/>\n<meta property=\"og:site_name\" content=\"Zero Magazine\" \/>\n<meta property=\"article:published_time\" content=\"2025-03-20T02:00:00+00:00\" \/>\n<meta property=\"article:modified_time\" content=\"2025-03-20T17:01:12+00:00\" \/>\n<meta property=\"og:image\" content=\"http:\/\/zeromagazine.mx\/wp-content\/uploads\/2025\/03\/unnamed-3-scaled.jpg\" \/>\n\t<meta property=\"og:image:width\" content=\"2560\" \/>\n\t<meta property=\"og:image:height\" content=\"1280\" \/>\n\t<meta property=\"og:image:type\" content=\"image\/jpeg\" \/>\n<meta name=\"author\" content=\"David Morales\" \/>\n<meta name=\"twitter:card\" content=\"summary_large_image\" \/>\n<meta name=\"twitter:label1\" content=\"Escrito por\" \/>\n\t<meta name=\"twitter:data1\" content=\"David Morales\" \/>\n\t<meta name=\"twitter:label2\" content=\"Tiempo de lectura\" \/>\n\t<meta name=\"twitter:data2\" content=\"2 minutos\" \/>\n<script type=\"application\/ld+json\" class=\"yoast-schema-graph\">{\"@context\":\"https:\\\/\\\/schema.org\",\"@graph\":[{\"@type\":\"Article\",\"@id\":\"https:\\\/\\\/zeromagazine.mx\\\/index.php\\\/2025\\\/03\\\/19\\\/rupauls-drag-race-llega-a-mexico\\\/#article\",\"isPartOf\":{\"@id\":\"https:\\\/\\\/zeromagazine.mx\\\/index.php\\\/2025\\\/03\\\/19\\\/rupauls-drag-race-llega-a-mexico\\\/\"},\"author\":{\"name\":\"David Morales\",\"@id\":\"https:\\\/\\\/zeromagazine.mx\\\/#\\\/schema\\\/person\\\/9f7f1a17c60ba8e9980e3e6677aabe5a\"},\"headline\":\"RuPaul\u00b4s Drag Race M\u00e9xico\",\"datePublished\":\"2025-03-20T02:00:00+00:00\",\"dateModified\":\"2025-03-20T17:01:12+00:00\",\"mainEntityOfPage\":{\"@id\":\"https:\\\/\\\/zeromagazine.mx\\\/index.php\\\/2025\\\/03\\\/19\\\/rupauls-drag-race-llega-a-mexico\\\/\"},\"wordCount\":266,\"commentCount\":0,\"publisher\":{\"@id\":\"https:\\\/\\\/zeromagazine.mx\\\/#organization\"},\"image\":{\"@id\":\"https:\\\/\\\/zeromagazine.mx\\\/index.php\\\/2025\\\/03\\\/19\\\/rupauls-drag-race-llega-a-mexico\\\/#primaryimage\"},\"thumbnailUrl\":\"https:\\\/\\\/i0.wp.com\\\/zeromagazine.mx\\\/wp-content\\\/uploads\\\/2025\\\/03\\\/unnamed-3-scaled.jpg?fit=2560%2C1280&ssl=1\",\"keywords\":[\"Banamex\",\"LGBTQIA+\",\"MTV\",\"RuPaul\u00b4sDragRace\",\"ticketmaster\",\"Voss Events\",\"World of Wonder\"],\"articleSection\":[\"Entretenimiento\"],\"inLanguage\":\"es\",\"potentialAction\":[{\"@type\":\"CommentAction\",\"name\":\"Comment\",\"target\":[\"https:\\\/\\\/zeromagazine.mx\\\/index.php\\\/2025\\\/03\\\/19\\\/rupauls-drag-race-llega-a-mexico\\\/#respond\"]}]},{\"@type\":\"WebPage\",\"@id\":\"https:\\\/\\\/zeromagazine.mx\\\/index.php\\\/2025\\\/03\\\/19\\\/rupauls-drag-race-llega-a-mexico\\\/\",\"url\":\"https:\\\/\\\/zeromagazine.mx\\\/index.php\\\/2025\\\/03\\\/19\\\/rupauls-drag-race-llega-a-mexico\\\/\",\"name\":\"RuPaul\u00b4s Drag Race M\u00e9xico - Zero Magazine\",\"isPartOf\":{\"@id\":\"https:\\\/\\\/zeromagazine.mx\\\/#website\"},\"primaryImageOfPage\":{\"@id\":\"https:\\\/\\\/zeromagazine.mx\\\/index.php\\\/2025\\\/03\\\/19\\\/rupauls-drag-race-llega-a-mexico\\\/#primaryimage\"},\"image\":{\"@id\":\"https:\\\/\\\/zeromagazine.mx\\\/index.php\\\/2025\\\/03\\\/19\\\/rupauls-drag-race-llega-a-mexico\\\/#primaryimage\"},\"thumbnailUrl\":\"https:\\\/\\\/i0.wp.com\\\/zeromagazine.mx\\\/wp-content\\\/uploads\\\/2025\\\/03\\\/unnamed-3-scaled.jpg?fit=2560%2C1280&ssl=1\",\"datePublished\":\"2025-03-20T02:00:00+00:00\",\"dateModified\":\"2025-03-20T17:01:12+00:00\",\"description\":\"RuPaul\u2019s Drag Race: Werq The World 2025 llega a M\u00e9xico. No te pierdas de este show de drag y glamour sin l\u00edmites.\",\"breadcrumb\":{\"@id\":\"https:\\\/\\\/zeromagazine.mx\\\/index.php\\\/2025\\\/03\\\/19\\\/rupauls-drag-race-llega-a-mexico\\\/#breadcrumb\"},\"inLanguage\":\"es\",\"potentialAction\":[{\"@type\":\"ReadAction\",\"target\":[\"https:\\\/\\\/zeromagazine.mx\\\/index.php\\\/2025\\\/03\\\/19\\\/rupauls-drag-race-llega-a-mexico\\\/\"]}]},{\"@type\":\"ImageObject\",\"inLanguage\":\"es\",\"@id\":\"https:\\\/\\\/zeromagazine.mx\\\/index.php\\\/2025\\\/03\\\/19\\\/rupauls-drag-race-llega-a-mexico\\\/#primaryimage\",\"url\":\"https:\\\/\\\/i0.wp.com\\\/zeromagazine.mx\\\/wp-content\\\/uploads\\\/2025\\\/03\\\/unnamed-3-scaled.jpg?fit=2560%2C1280&ssl=1\",\"contentUrl\":\"https:\\\/\\\/i0.wp.com\\\/zeromagazine.mx\\\/wp-content\\\/uploads\\\/2025\\\/03\\\/unnamed-3-scaled.jpg?fit=2560%2C1280&ssl=1\",\"width\":2560,\"height\":1280},{\"@type\":\"BreadcrumbList\",\"@id\":\"https:\\\/\\\/zeromagazine.mx\\\/index.php\\\/2025\\\/03\\\/19\\\/rupauls-drag-race-llega-a-mexico\\\/#breadcrumb\",\"itemListElement\":[{\"@type\":\"ListItem\",\"position\":1,\"name\":\"Portada\",\"item\":\"https:\\\/\\\/zeromagazine.mx\\\/\"},{\"@type\":\"ListItem\",\"position\":2,\"name\":\"RuPaul\u00b4s Drag Race M\u00e9xico\"}]},{\"@type\":\"WebSite\",\"@id\":\"https:\\\/\\\/zeromagazine.mx\\\/#website\",\"url\":\"https:\\\/\\\/zeromagazine.mx\\\/\",\"name\":\"Zero Magazine\",\"description\":\"\",\"publisher\":{\"@id\":\"https:\\\/\\\/zeromagazine.mx\\\/#organization\"},\"potentialAction\":[{\"@type\":\"SearchAction\",\"target\":{\"@type\":\"EntryPoint\",\"urlTemplate\":\"https:\\\/\\\/zeromagazine.mx\\\/?s={search_term_string}\"},\"query-input\":{\"@type\":\"PropertyValueSpecification\",\"valueRequired\":true,\"valueName\":\"search_term_string\"}}],\"inLanguage\":\"es\"},{\"@type\":\"Organization\",\"@id\":\"https:\\\/\\\/zeromagazine.mx\\\/#organization\",\"name\":\"Zero Magazine\",\"url\":\"https:\\\/\\\/zeromagazine.mx\\\/\",\"logo\":{\"@type\":\"ImageObject\",\"inLanguage\":\"es\",\"@id\":\"https:\\\/\\\/zeromagazine.mx\\\/#\\\/schema\\\/logo\\\/image\\\/\",\"url\":\"https:\\\/\\\/i0.wp.com\\\/zeromagazine.mx\\\/wp-content\\\/uploads\\\/2025\\\/11\\\/1.jpeg?fit=1000%2C1000&ssl=1\",\"contentUrl\":\"https:\\\/\\\/i0.wp.com\\\/zeromagazine.mx\\\/wp-content\\\/uploads\\\/2025\\\/11\\\/1.jpeg?fit=1000%2C1000&ssl=1\",\"width\":1000,\"height\":1000,\"caption\":\"Zero Magazine\"},\"image\":{\"@id\":\"https:\\\/\\\/zeromagazine.mx\\\/#\\\/schema\\\/logo\\\/image\\\/\"},\"sameAs\":[\"https:\\\/\\\/instagram.com\\\/zeromagazinemx\"]},{\"@type\":\"Person\",\"@id\":\"https:\\\/\\\/zeromagazine.mx\\\/#\\\/schema\\\/person\\\/9f7f1a17c60ba8e9980e3e6677aabe5a\",\"name\":\"David Morales\",\"image\":{\"@type\":\"ImageObject\",\"inLanguage\":\"es\",\"@id\":\"https:\\\/\\\/zeromagazine.mx\\\/wp-content\\\/litespeed\\\/avatar\\\/76069d2136bfc1c37dc34815bb67ca42.jpg?ver=1777571067\",\"url\":\"https:\\\/\\\/zeromagazine.mx\\\/wp-content\\\/litespeed\\\/avatar\\\/76069d2136bfc1c37dc34815bb67ca42.jpg?ver=1777571067\",\"contentUrl\":\"https:\\\/\\\/zeromagazine.mx\\\/wp-content\\\/litespeed\\\/avatar\\\/76069d2136bfc1c37dc34815bb67ca42.jpg?ver=1777571067\",\"caption\":\"David Morales\"},\"url\":\"https:\\\/\\\/zeromagazine.mx\\\/index.php\\\/author\\\/david\\\/\"}]}<\/script>\n<!-- \/ Yoast SEO plugin. -->","yoast_head_json":{"title":"RuPaul\u00b4s Drag Race M\u00e9xico - Zero Magazine","description":"RuPaul\u2019s Drag Race: Werq The World 2025 llega a M\u00e9xico. No te pierdas de este show de drag y glamour sin l\u00edmites.","robots":{"index":"index","follow":"follow","max-snippet":"max-snippet:-1","max-image-preview":"max-image-preview:large","max-video-preview":"max-video-preview:-1"},"canonical":"https:\/\/zeromagazine.mx\/index.php\/2025\/03\/19\/rupauls-drag-race-llega-a-mexico\/","og_locale":"es_ES","og_type":"article","og_title":"RuPaul\u00b4s Drag Race M\u00e9xico - Zero Magazine","og_description":"RuPaul\u2019s Drag Race: Werq The World 2025 llega a M\u00e9xico. No te pierdas de este show de drag y glamour sin l\u00edmites.","og_url":"https:\/\/zeromagazine.mx\/index.php\/2025\/03\/19\/rupauls-drag-race-llega-a-mexico\/","og_site_name":"Zero Magazine","article_published_time":"2025-03-20T02:00:00+00:00","article_modified_time":"2025-03-20T17:01:12+00:00","og_image":[{"width":2560,"height":1280,"url":"http:\/\/zeromagazine.mx\/wp-content\/uploads\/2025\/03\/unnamed-3-scaled.jpg","type":"image\/jpeg"}],"author":"David Morales","twitter_card":"summary_large_image","twitter_misc":{"Escrito por":"David Morales","Tiempo de lectura":"2 minutos"},"schema":{"@context":"https:\/\/schema.org","@graph":[{"@type":"Article","@id":"https:\/\/zeromagazine.mx\/index.php\/2025\/03\/19\/rupauls-drag-race-llega-a-mexico\/#article","isPartOf":{"@id":"https:\/\/zeromagazine.mx\/index.php\/2025\/03\/19\/rupauls-drag-race-llega-a-mexico\/"},"author":{"name":"David Morales","@id":"https:\/\/zeromagazine.mx\/#\/schema\/person\/9f7f1a17c60ba8e9980e3e6677aabe5a"},"headline":"RuPaul\u00b4s Drag Race M\u00e9xico","datePublished":"2025-03-20T02:00:00+00:00","dateModified":"2025-03-20T17:01:12+00:00","mainEntityOfPage":{"@id":"https:\/\/zeromagazine.mx\/index.php\/2025\/03\/19\/rupauls-drag-race-llega-a-mexico\/"},"wordCount":266,"commentCount":0,"publisher":{"@id":"https:\/\/zeromagazine.mx\/#organization"},"image":{"@id":"https:\/\/zeromagazine.mx\/index.php\/2025\/03\/19\/rupauls-drag-race-llega-a-mexico\/#primaryimage"},"thumbnailUrl":"https:\/\/i0.wp.com\/zeromagazine.mx\/wp-content\/uploads\/2025\/03\/unnamed-3-scaled.jpg?fit=2560%2C1280&ssl=1","keywords":["Banamex","LGBTQIA+","MTV","RuPaul\u00b4sDragRace","ticketmaster","Voss Events","World of Wonder"],"articleSection":["Entretenimiento"],"inLanguage":"es","potentialAction":[{"@type":"CommentAction","name":"Comment","target":["https:\/\/zeromagazine.mx\/index.php\/2025\/03\/19\/rupauls-drag-race-llega-a-mexico\/#respond"]}]},{"@type":"WebPage","@id":"https:\/\/zeromagazine.mx\/index.php\/2025\/03\/19\/rupauls-drag-race-llega-a-mexico\/","url":"https:\/\/zeromagazine.mx\/index.php\/2025\/03\/19\/rupauls-drag-race-llega-a-mexico\/","name":"RuPaul\u00b4s Drag Race M\u00e9xico - Zero Magazine","isPartOf":{"@id":"https:\/\/zeromagazine.mx\/#website"},"primaryImageOfPage":{"@id":"https:\/\/zeromagazine.mx\/index.php\/2025\/03\/19\/rupauls-drag-race-llega-a-mexico\/#primaryimage"},"image":{"@id":"https:\/\/zeromagazine.mx\/index.php\/2025\/03\/19\/rupauls-drag-race-llega-a-mexico\/#primaryimage"},"thumbnailUrl":"https:\/\/i0.wp.com\/zeromagazine.mx\/wp-content\/uploads\/2025\/03\/unnamed-3-scaled.jpg?fit=2560%2C1280&ssl=1","datePublished":"2025-03-20T02:00:00+00:00","dateModified":"2025-03-20T17:01:12+00:00","description":"RuPaul\u2019s Drag Race: Werq The World 2025 llega a M\u00e9xico. No te pierdas de este show de drag y glamour sin l\u00edmites.","breadcrumb":{"@id":"https:\/\/zeromagazine.mx\/index.php\/2025\/03\/19\/rupauls-drag-race-llega-a-mexico\/#breadcrumb"},"inLanguage":"es","potentialAction":[{"@type":"ReadAction","target":["https:\/\/zeromagazine.mx\/index.php\/2025\/03\/19\/rupauls-drag-race-llega-a-mexico\/"]}]},{"@type":"ImageObject","inLanguage":"es","@id":"https:\/\/zeromagazine.mx\/index.php\/2025\/03\/19\/rupauls-drag-race-llega-a-mexico\/#primaryimage","url":"https:\/\/i0.wp.com\/zeromagazine.mx\/wp-content\/uploads\/2025\/03\/unnamed-3-scaled.jpg?fit=2560%2C1280&ssl=1","contentUrl":"https:\/\/i0.wp.com\/zeromagazine.mx\/wp-content\/uploads\/2025\/03\/unnamed-3-scaled.jpg?fit=2560%2C1280&ssl=1","width":2560,"height":1280},{"@type":"BreadcrumbList","@id":"https:\/\/zeromagazine.mx\/index.php\/2025\/03\/19\/rupauls-drag-race-llega-a-mexico\/#breadcrumb","itemListElement":[{"@type":"ListItem","position":1,"name":"Portada","item":"https:\/\/zeromagazine.mx\/"},{"@type":"ListItem","position":2,"name":"RuPaul\u00b4s Drag Race M\u00e9xico"}]},{"@type":"WebSite","@id":"https:\/\/zeromagazine.mx\/#website","url":"https:\/\/zeromagazine.mx\/","name":"Zero Magazine","description":"","publisher":{"@id":"https:\/\/zeromagazine.mx\/#organization"},"potentialAction":[{"@type":"SearchAction","target":{"@type":"EntryPoint","urlTemplate":"https:\/\/zeromagazine.mx\/?s={search_term_string}"},"query-input":{"@type":"PropertyValueSpecification","valueRequired":true,"valueName":"search_term_string"}}],"inLanguage":"es"},{"@type":"Organization","@id":"https:\/\/zeromagazine.mx\/#organization","name":"Zero Magazine","url":"https:\/\/zeromagazine.mx\/","logo":{"@type":"ImageObject","inLanguage":"es","@id":"https:\/\/zeromagazine.mx\/#\/schema\/logo\/image\/","url":"https:\/\/i0.wp.com\/zeromagazine.mx\/wp-content\/uploads\/2025\/11\/1.jpeg?fit=1000%2C1000&ssl=1","contentUrl":"https:\/\/i0.wp.com\/zeromagazine.mx\/wp-content\/uploads\/2025\/11\/1.jpeg?fit=1000%2C1000&ssl=1","width":1000,"height":1000,"caption":"Zero Magazine"},"image":{"@id":"https:\/\/zeromagazine.mx\/#\/schema\/logo\/image\/"},"sameAs":["https:\/\/instagram.com\/zeromagazinemx"]},{"@type":"Person","@id":"https:\/\/zeromagazine.mx\/#\/schema\/person\/9f7f1a17c60ba8e9980e3e6677aabe5a","name":"David Morales","image":{"@type":"ImageObject","inLanguage":"es","@id":"https:\/\/zeromagazine.mx\/wp-content\/litespeed\/avatar\/76069d2136bfc1c37dc34815bb67ca42.jpg?ver=1777571067","url":"https:\/\/zeromagazine.mx\/wp-content\/litespeed\/avatar\/76069d2136bfc1c37dc34815bb67ca42.jpg?ver=1777571067","contentUrl":"https:\/\/zeromagazine.mx\/wp-content\/litespeed\/avatar\/76069d2136bfc1c37dc34815bb67ca42.jpg?ver=1777571067","caption":"David Morales"},"url":"https:\/\/zeromagazine.mx\/index.php\/author\/david\/"}]}},"jetpack_publicize_connections":[],"jetpack_featured_media_url":"https:\/\/i0.wp.com\/zeromagazine.mx\/wp-content\/uploads\/2025\/03\/unnamed-3-scaled.jpg?fit=2560%2C1280&ssl=1","jetpack-related-posts":[{"id":111702,"url":"https:\/\/zeromagazine.mx\/index.php\/2025\/12\/17\/final-la-mas-draga-hizo-historia\/","url_meta":{"origin":99128,"position":0},"title":"Final La M\u00e1s Draga hizo historia","author":"zeromagazinemx","date":"17 de diciembre de 2025","format":false,"excerpt":"La noche en la Arena CDMX no fue solo un evento: fue un statement cultural. La final La M\u00e1s Draga: S\u00e9ptimo Sello se vivi\u00f3 como una celebraci\u00f3n total del arte drag mexicano, con gritos, l\u00e1grimas, outfits imposibles y una energ\u00eda colectiva que dej\u00f3 claro que este reality ya juega en\u2026","rel":"","context":"En \u00abBeauty\u00bb","block_context":{"text":"Beauty","link":"https:\/\/zeromagazine.mx\/index.php\/category\/beauty\/"},"img":{"alt_text":"","src":"https:\/\/i0.wp.com\/zeromagazine.mx\/wp-content\/uploads\/2025\/12\/main_m_x2_EVT126407.webp?fit=1004%2C500&ssl=1&resize=350%2C200","width":350,"height":200,"srcset":"https:\/\/i0.wp.com\/zeromagazine.mx\/wp-content\/uploads\/2025\/12\/main_m_x2_EVT126407.webp?fit=1004%2C500&ssl=1&resize=350%2C200 1x, https:\/\/i0.wp.com\/zeromagazine.mx\/wp-content\/uploads\/2025\/12\/main_m_x2_EVT126407.webp?fit=1004%2C500&ssl=1&resize=525%2C300 1.5x, https:\/\/i0.wp.com\/zeromagazine.mx\/wp-content\/uploads\/2025\/12\/main_m_x2_EVT126407.webp?fit=1004%2C500&ssl=1&resize=700%2C400 2x"},"classes":[]},{"id":70481,"url":"https:\/\/zeromagazine.mx\/index.php\/2024\/01\/30\/brillando-en-la-cdmx-trixie-y-katya-llegan-con-the-bald-and-the-beautiful\/","url_meta":{"origin":99128,"position":1},"title":"Brillando en la CDMX: Trixie y Katya Llegan con &#8216;The Bald and the Beautiful","author":"David Morales","date":"30 de enero de 2024","format":false,"excerpt":"\u00bfListos para sumergirse en el fabuloso mundo de la belleza y el entretenimiento queer? Prep\u00e1rense porque el d\u00fao din\u00e1mico, Trixie Mattel y Katya Zamolodchikova, est\u00e1n a punto de llevar la diversi\u00f3n y el glamour a otro nivel con su nuevo show \"The Bald and the Beautiful\", \u00a1y esta vez llega\u2026","rel":"","context":"En \u00abEntretenimiento\u00bb","block_context":{"text":"Entretenimiento","link":"https:\/\/zeromagazine.mx\/index.php\/category\/entretenimiento\/"},"img":{"alt_text":"","src":"https:\/\/i0.wp.com\/zeromagazine.mx\/wp-content\/uploads\/2024\/02\/unnamed-4.jpg?fit=960%2C1200&ssl=1&resize=350%2C200","width":350,"height":200,"srcset":"https:\/\/i0.wp.com\/zeromagazine.mx\/wp-content\/uploads\/2024\/02\/unnamed-4.jpg?fit=960%2C1200&ssl=1&resize=350%2C200 1x, https:\/\/i0.wp.com\/zeromagazine.mx\/wp-content\/uploads\/2024\/02\/unnamed-4.jpg?fit=960%2C1200&ssl=1&resize=525%2C300 1.5x, https:\/\/i0.wp.com\/zeromagazine.mx\/wp-content\/uploads\/2024\/02\/unnamed-4.jpg?fit=960%2C1200&ssl=1&resize=700%2C400 2x"},"classes":[]},{"id":72309,"url":"https:\/\/zeromagazine.mx\/index.php\/2024\/03\/20\/solo-las-mas-la-nueva-temporada-del-reality\/","url_meta":{"origin":99128,"position":2},"title":"&#8216;Solo Las M\u00e1s&#8217; Eleva el Arte Drag a Nuevas Alturas\u00bb","author":"zeromagazinemx","date":"20 de marzo de 2024","format":false,"excerpt":"Hoy quiero platicarles sobre algo s\u00faper emocionante: el proyecto \"Solo Las M\u00e1s \" est\u00e1 por hacer su gran debut este 19 de marzo a las 21.00 hrs en el canal de youtube de la mas draga y no podemos estar m\u00e1s emocionades por lo que nos espera. Para empezar, durante\u2026","rel":"","context":"En \u00abBlog\u00bb","block_context":{"text":"Blog","link":"https:\/\/zeromagazine.mx\/index.php\/category\/blog\/"},"img":{"alt_text":"","src":"https:\/\/i0.wp.com\/zeromagazine.mx\/wp-content\/uploads\/2024\/03\/Captura-de-pantalla-2024-03-19-233202.png?fit=1069%2C604&ssl=1&resize=350%2C200","width":350,"height":200,"srcset":"https:\/\/i0.wp.com\/zeromagazine.mx\/wp-content\/uploads\/2024\/03\/Captura-de-pantalla-2024-03-19-233202.png?fit=1069%2C604&ssl=1&resize=350%2C200 1x, https:\/\/i0.wp.com\/zeromagazine.mx\/wp-content\/uploads\/2024\/03\/Captura-de-pantalla-2024-03-19-233202.png?fit=1069%2C604&ssl=1&resize=525%2C300 1.5x, https:\/\/i0.wp.com\/zeromagazine.mx\/wp-content\/uploads\/2024\/03\/Captura-de-pantalla-2024-03-19-233202.png?fit=1069%2C604&ssl=1&resize=700%2C400 2x, https:\/\/i0.wp.com\/zeromagazine.mx\/wp-content\/uploads\/2024\/03\/Captura-de-pantalla-2024-03-19-233202.png?fit=1069%2C604&ssl=1&resize=1050%2C600 3x"},"classes":[]},{"id":106318,"url":"https:\/\/zeromagazine.mx\/index.php\/2025\/06\/26\/adios-amor-pride\/","url_meta":{"origin":99128,"position":3},"title":"Adi\u00f3s Amor Pride: una drag night para soltar el drama con glitter","author":"David Morales","date":"26 de junio de 2025","format":false,"excerpt":"Amix, prep\u00e1rate para una noche de esas que sanan con glitter y m\u00fasica intensa. Si alguna vez lloraste por amor mientras sonaba Dulce, Amanda Miguel o Jos\u00e9 Jos\u00e9, esta es tu se\u00f1al para transformar esas l\u00e1grimas en brillo. \u201cAdi\u00f3s mi Amor\u201d se pone en modo Pride y trae una experiencia\u2026","rel":"","context":"En \u00abCultura\u00bb","block_context":{"text":"Cultura","link":"https:\/\/zeromagazine.mx\/index.php\/category\/cultura\/"},"img":{"alt_text":"","src":"https:\/\/i0.wp.com\/zeromagazine.mx\/wp-content\/uploads\/2025\/06\/Poster-Vertical.jpg?fit=960%2C1200&ssl=1&resize=350%2C200","width":350,"height":200,"srcset":"https:\/\/i0.wp.com\/zeromagazine.mx\/wp-content\/uploads\/2025\/06\/Poster-Vertical.jpg?fit=960%2C1200&ssl=1&resize=350%2C200 1x, https:\/\/i0.wp.com\/zeromagazine.mx\/wp-content\/uploads\/2025\/06\/Poster-Vertical.jpg?fit=960%2C1200&ssl=1&resize=525%2C300 1.5x, https:\/\/i0.wp.com\/zeromagazine.mx\/wp-content\/uploads\/2025\/06\/Poster-Vertical.jpg?fit=960%2C1200&ssl=1&resize=700%2C400 2x"},"classes":[]},{"id":99271,"url":"https:\/\/zeromagazine.mx\/index.php\/2025\/03\/17\/taiga-brava-y-shakira-poder-drag\/","url_meta":{"origin":99128,"position":4},"title":"Taiga Brava &amp; Shakira: Poder Drag","author":"David Morales","date":"17 de marzo de 2025","format":false,"excerpt":"Amix, si pensaban que ya lo hab\u00edan visto todo en el mundo del drag, prep\u00e1rense porque esto va a volarles la cabeza. Taiga Brava, una de las drags m\u00e1s influyentes de M\u00e9xico y host de Drag Race M\u00e9xico, acaba de hacer historia al compartir escenario con nada menos que Shakira\u2026","rel":"","context":"En \u00abBlog\u00bb","block_context":{"text":"Blog","link":"https:\/\/zeromagazine.mx\/index.php\/category\/blog\/"},"img":{"alt_text":"","src":"","width":0,"height":0},"classes":[]},{"id":49097,"url":"https:\/\/zeromagazine.mx\/index.php\/2021\/06\/29\/vestimenta-drag-como-tendencia\/","url_meta":{"origin":99128,"position":5},"title":"Vestimenta drag como tendencia","author":"zeromagazinemx","date":"29 de junio de 2021","format":false,"excerpt":"Cada vez es m\u00e1s evidente que las Drag Queens han encontrado un espacio de actividad creativa dentro del mundo de la moda, demostr\u00e1ndonos la riqueza de la diversidad. Por Samantha Palma Dur\u00e1n Esto no es una tendencia pasajera, ya que esta cultura ha estado presente desde los inicios de la\u2026","rel":"","context":"En \u00abLifestyle\u00bb","block_context":{"text":"Lifestyle","link":"https:\/\/zeromagazine.mx\/index.php\/category\/lifestyle\/"},"img":{"alt_text":"","src":"","width":0,"height":0},"classes":[]}],"jetpack_sharing_enabled":true,"builder_content":"","_links":{"self":[{"href":"https:\/\/zeromagazine.mx\/index.php\/wp-json\/wp\/v2\/posts\/99128","targetHints":{"allow":["GET"]}}],"collection":[{"href":"https:\/\/zeromagazine.mx\/index.php\/wp-json\/wp\/v2\/posts"}],"about":[{"href":"https:\/\/zeromagazine.mx\/index.php\/wp-json\/wp\/v2\/types\/post"}],"author":[{"embeddable":true,"href":"https:\/\/zeromagazine.mx\/index.php\/wp-json\/wp\/v2\/users\/4"}],"replies":[{"embeddable":true,"href":"https:\/\/zeromagazine.mx\/index.php\/wp-json\/wp\/v2\/comments?post=99128"}],"version-history":[{"count":4,"href":"https:\/\/zeromagazine.mx\/index.php\/wp-json\/wp\/v2\/posts\/99128\/revisions"}],"predecessor-version":[{"id":99133,"href":"https:\/\/zeromagazine.mx\/index.php\/wp-json\/wp\/v2\/posts\/99128\/revisions\/99133"}],"wp:featuredmedia":[{"embeddable":true,"href":"https:\/\/zeromagazine.mx\/index.php\/wp-json\/wp\/v2\/media\/99129"}],"wp:attachment":[{"href":"https:\/\/zeromagazine.mx\/index.php\/wp-json\/wp\/v2\/media?parent=99128"}],"wp:term":[{"taxonomy":"category","embeddable":true,"href":"https:\/\/zeromagazine.mx\/index.php\/wp-json\/wp\/v2\/categories?post=99128"},{"taxonomy":"post_tag","embeddable":true,"href":"https:\/\/zeromagazine.mx\/index.php\/wp-json\/wp\/v2\/tags?post=99128"}],"curies":[{"name":"wp","href":"https:\/\/api.w.org\/{rel}","templated":true}]}}