{"id":99247,"date":"2025-03-20T21:28:28","date_gmt":"2025-03-21T03:28:28","guid":{"rendered":"https:\/\/zeromagazine.mx\/?p=99247"},"modified":"2025-03-20T21:28:30","modified_gmt":"2025-03-21T03:28:30","slug":"poder-de-las-mascarillas-de-colageno-skin-sense","status":"publish","type":"post","link":"https:\/\/zeromagazine.mx\/index.php\/2025\/03\/20\/poder-de-las-mascarillas-de-colageno-skin-sense\/","title":{"rendered":"El Poder De La Mascarillas"},"content":{"rendered":"<p>Amix, la primavera ya est\u00e1 aqu\u00ed y con ella vienen las ganas de darle a nuestra piel un glow fresco y saludable. Despu\u00e9s del invierno, el rostro suele quedar reseco y apagado, pero no se preocupen, porque hay una soluci\u00f3n f\u00e1cil y efectiva: las <strong>mascarillas de col\u00e1geno y burbujas<\/strong>. Si quieren una piel que luzca suave, firme y luminosa sin gastar una fortuna, estas mascarillas son el secreto que estaban buscando. <strong>Piel radiante sin esfuerzo<\/strong> es la meta, y aqu\u00ed les cuento c\u00f3mo lograrlo.<\/p>\n\n\n\n<h3 class=\"wp-block-heading\">\u00bfPor qu\u00e9 elegir mascarillas de col\u00e1geno?<\/h3>\n\n\n\n<p>Para empezar, el col\u00e1geno es una prote\u00edna esencial que mantiene la piel firme y el\u00e1stica. Con el tiempo, nuestro cuerpo produce menos col\u00e1geno, lo que provoca la aparici\u00f3n de arrugas y flacidez. Las <strong>mascarillas de col\u00e1geno<\/strong> aportan esta prote\u00edna de forma t\u00f3pica, ayudando a hidratar en profundidad y mejorando la elasticidad de la piel. As\u00ed, se suavizan las l\u00edneas de expresi\u00f3n y el rostro se ve m\u00e1s juvenil y luminoso.<\/p>\n\n\n<div class=\"wp-block-image\">\n<figure class=\"aligncenter size-full\"><img data-recalc-dims=\"1\" decoding=\"async\" width=\"397\" height=\"573\" src=\"https:\/\/i0.wp.com\/zeromagazine.mx\/wp-content\/uploads\/2025\/03\/Captura-de-pantalla-2025-03-20-212718.png?resize=397%2C573&#038;ssl=1\" alt=\"\" class=\"wp-image-99250\" srcset=\"https:\/\/i0.wp.com\/zeromagazine.mx\/wp-content\/uploads\/2025\/03\/Captura-de-pantalla-2025-03-20-212718.png?w=397&amp;ssl=1 397w, https:\/\/i0.wp.com\/zeromagazine.mx\/wp-content\/uploads\/2025\/03\/Captura-de-pantalla-2025-03-20-212718.png?resize=208%2C300&amp;ssl=1 208w\" sizes=\"(max-width: 397px) 100vw, 397px\" \/><\/figure>\n<\/div>\n\n\n<p>Adem\u00e1s, las mascarillas de la marca <strong>Sk\u00efn Sense<\/strong> son un hit porque est\u00e1n hechas con <strong>95% de ingredientes naturales<\/strong>, son biodegradables y est\u00e1n fabricadas con tela de <strong>tencel<\/strong>, lo que las hace s\u00faper amigables con el medio ambiente. Lo mejor es que puedes desecharlas directamente en el inodoro sin culpa, ya que se descomponen f\u00e1cilmente.<\/p>\n\n\n\n<script async src=\"https:\/\/pagead2.googlesyndication.com\/pagead\/js\/adsbygoogle.js?client=ca-pub-5499304793904745\"\n     crossorigin=\"anonymous\"><\/script>\n<ins class=\"adsbygoogle\"\n     style=\"display:block; text-align:center;\"\n     data-ad-layout=\"in-article\"\n     data-ad-format=\"fluid\"\n     data-ad-client=\"ca-pub-5499304793904745\"\n     data-ad-slot=\"5994863093\"><\/ins>\n<script>\n     (adsbygoogle = window.adsbygoogle || []).push({});\n<\/script>\n\n\n\n<h3 class=\"wp-block-heading\">\u00bfY las mascarillas de burbujas?<\/h3>\n\n\n\n<p>Adem\u00e1s, si lo que quieren es una limpieza profunda que elimine impurezas y c\u00e9lulas muertas, las <strong>mascarillas de burbujas<\/strong> son la opci\u00f3n. Estas mascarillas, tambi\u00e9n conocidas como oxigenantes, generan <strong>microburbujas<\/strong> al entrar en contacto con la piel, lo que estimula la circulaci\u00f3n sangu\u00ednea y aporta un brillo natural al instante. Es como darle a tu cara una sesi\u00f3n de spa en casa, pero mucho m\u00e1s divertido.<\/p>\n\n\n<div class=\"wp-block-image\">\n<figure class=\"aligncenter size-full\"><img data-recalc-dims=\"1\" decoding=\"async\" width=\"402\" height=\"560\" src=\"https:\/\/i0.wp.com\/zeromagazine.mx\/wp-content\/uploads\/2025\/03\/Captura-de-pantalla-2025-03-20-212701.png?resize=402%2C560&#038;ssl=1\" alt=\"\" class=\"wp-image-99249\" srcset=\"https:\/\/i0.wp.com\/zeromagazine.mx\/wp-content\/uploads\/2025\/03\/Captura-de-pantalla-2025-03-20-212701.png?w=402&amp;ssl=1 402w, https:\/\/i0.wp.com\/zeromagazine.mx\/wp-content\/uploads\/2025\/03\/Captura-de-pantalla-2025-03-20-212701.png?resize=215%2C300&amp;ssl=1 215w\" sizes=\"(max-width: 402px) 100vw, 402px\" \/><\/figure>\n<\/div>\n\n\n<p>Por otro lado, la sensaci\u00f3n efervescente es s\u00faper fresca y revitalizante. No solo deja la piel suave y limpia, sino que tambi\u00e9n impulsa la producci\u00f3n natural de col\u00e1geno, ayudando a mantener la firmeza del rostro. \u00a1Literal, un dos en uno que tu piel va a amar!<\/p>\n\n\n\n<h3 class=\"wp-block-heading\">Transforma tu rutina de belleza<\/h3>\n\n\n\n<p>Asimismo, integrar estas mascarillas en tu rutina no requiere de mucho esfuerzo, pero s\u00ed trae grandes resultados. Ya sea que prefieras el poder regenerador del col\u00e1geno o la frescura efervescente de las burbujas, ambas opciones son perfectas para mantener la piel lista y radiante en primavera.<\/p>\n\n\n\n<p>Si ya te convenc\u00ed de probarlas, puedes encontrar las mascarillas de <strong>Sk\u00efn Sense<\/strong> en: <a href=\"https:\/\/www.instagram.com\/p\/DHHszgcI-pE\/?img_index=1\">@skinsensebeauty<\/a> o<a href=\"https:\/\/linktr.ee\/Skinsensemx?lt_utm_source=lt_share_link#222090566\"> linktreeskinsense<\/a><\/p>\n\n\n\n<script async src=\"https:\/\/pagead2.googlesyndication.com\/pagead\/js\/adsbygoogle.js?client=ca-pub-5499304793904745\"\n     crossorigin=\"anonymous\"><\/script>\n<ins class=\"adsbygoogle\"\n     style=\"display:block; text-align:center;\"\n     data-ad-layout=\"in-article\"\n     data-ad-format=\"fluid\"\n     data-ad-client=\"ca-pub-5499304793904745\"\n     data-ad-slot=\"5994863093\"><\/ins>\n<script>\n     (adsbygoogle = window.adsbygoogle || []).push({});\n<\/script>\n\n<!--themify_builder_content-->\n<div id=\"themify_builder_content-99247\" data-postid=\"99247\" class=\"themify_builder_content themify_builder_content-99247 themify_builder tf_clear\">\n    <\/div>\n<!--\/themify_builder_content-->","protected":false},"excerpt":{"rendered":"<p>Amix, la primavera ya est\u00e1 aqu\u00ed y con ella vienen las ganas de darle a nuestra piel un glow fresco y saludable. Despu\u00e9s del invierno, el rostro suele quedar reseco y apagado, pero no se preocupen, porque hay una soluci\u00f3n f\u00e1cil y efectiva: las mascarillas de col\u00e1geno y burbujas. Si quieren una piel que luzca [&hellip;]<\/p>\n","protected":false},"author":4,"featured_media":99248,"comment_status":"open","ping_status":"open","sticky":false,"template":"","format":"standard","meta":{"_jetpack_memberships_contains_paid_content":false,"footnotes":"","jetpack_publicize_message":"","jetpack_publicize_feature_enabled":true,"jetpack_social_post_already_shared":true,"jetpack_social_options":{"image_generator_settings":{"template":"highway","default_image_id":0,"font":"","enabled":false},"version":2}},"categories":[1],"tags":[8288,86,7321,6753],"class_list":["post-99247","post","type-post","status-publish","format-standard","has-post-thumbnail","hentry","category-blog","tag-colageno-2","tag-cuidado-de-la-piel","tag-mascarillas","tag-skinsense","has-post-title","has-post-date","has-post-category","has-post-tag","has-post-comment","has-post-author",""],"yoast_head":"<!-- This site is optimized with the Yoast SEO plugin v27.4 - https:\/\/yoast.com\/product\/yoast-seo-wordpress\/ -->\n<title>El Poder De La Mascarillas - Zero Magazine<\/title>\n<meta name=\"description\" content=\"Descubre el poder de las mascarillas de col\u00e1geno y burbujas de Sk\u00efn Sense. Y mant\u00e9n una piel radiante sin esfuerzo.\" \/>\n<meta name=\"robots\" content=\"index, follow, max-snippet:-1, max-image-preview:large, max-video-preview:-1\" \/>\n<link rel=\"canonical\" href=\"https:\/\/zeromagazine.mx\/index.php\/2025\/03\/20\/poder-de-las-mascarillas-de-colageno-skin-sense\/\" \/>\n<meta property=\"og:locale\" content=\"es_ES\" \/>\n<meta property=\"og:type\" content=\"article\" \/>\n<meta property=\"og:title\" content=\"El Poder De La Mascarillas - Zero Magazine\" \/>\n<meta property=\"og:description\" content=\"Descubre el poder de las mascarillas de col\u00e1geno y burbujas de Sk\u00efn Sense. Y mant\u00e9n una piel radiante sin esfuerzo.\" \/>\n<meta property=\"og:url\" content=\"https:\/\/zeromagazine.mx\/index.php\/2025\/03\/20\/poder-de-las-mascarillas-de-colageno-skin-sense\/\" \/>\n<meta property=\"og:site_name\" content=\"Zero Magazine\" \/>\n<meta property=\"article:published_time\" content=\"2025-03-21T03:28:28+00:00\" \/>\n<meta property=\"article:modified_time\" content=\"2025-03-21T03:28:30+00:00\" \/>\n<meta property=\"og:image\" content=\"http:\/\/zeromagazine.mx\/wp-content\/uploads\/2025\/03\/Captura-de-pantalla-2025-03-20-211151.png\" \/>\n\t<meta property=\"og:image:width\" content=\"518\" \/>\n\t<meta property=\"og:image:height\" content=\"363\" \/>\n\t<meta property=\"og:image:type\" content=\"image\/png\" \/>\n<meta name=\"author\" content=\"David Morales\" \/>\n<meta name=\"twitter:card\" content=\"summary_large_image\" \/>\n<meta name=\"twitter:label1\" content=\"Escrito por\" \/>\n\t<meta name=\"twitter:data1\" content=\"David Morales\" \/>\n\t<meta name=\"twitter:label2\" content=\"Tiempo de lectura\" \/>\n\t<meta name=\"twitter:data2\" content=\"3 minutos\" \/>\n<script type=\"application\/ld+json\" class=\"yoast-schema-graph\">{\"@context\":\"https:\\\/\\\/schema.org\",\"@graph\":[{\"@type\":\"Article\",\"@id\":\"https:\\\/\\\/zeromagazine.mx\\\/index.php\\\/2025\\\/03\\\/20\\\/poder-de-las-mascarillas-de-colageno-skin-sense\\\/#article\",\"isPartOf\":{\"@id\":\"https:\\\/\\\/zeromagazine.mx\\\/index.php\\\/2025\\\/03\\\/20\\\/poder-de-las-mascarillas-de-colageno-skin-sense\\\/\"},\"author\":{\"name\":\"David Morales\",\"@id\":\"https:\\\/\\\/zeromagazine.mx\\\/#\\\/schema\\\/person\\\/9f7f1a17c60ba8e9980e3e6677aabe5a\"},\"headline\":\"El Poder De La Mascarillas\",\"datePublished\":\"2025-03-21T03:28:28+00:00\",\"dateModified\":\"2025-03-21T03:28:30+00:00\",\"mainEntityOfPage\":{\"@id\":\"https:\\\/\\\/zeromagazine.mx\\\/index.php\\\/2025\\\/03\\\/20\\\/poder-de-las-mascarillas-de-colageno-skin-sense\\\/\"},\"wordCount\":442,\"commentCount\":0,\"publisher\":{\"@id\":\"https:\\\/\\\/zeromagazine.mx\\\/#organization\"},\"image\":{\"@id\":\"https:\\\/\\\/zeromagazine.mx\\\/index.php\\\/2025\\\/03\\\/20\\\/poder-de-las-mascarillas-de-colageno-skin-sense\\\/#primaryimage\"},\"thumbnailUrl\":\"https:\\\/\\\/i0.wp.com\\\/zeromagazine.mx\\\/wp-content\\\/uploads\\\/2025\\\/03\\\/Captura-de-pantalla-2025-03-20-211151.png?fit=518%2C363&ssl=1\",\"keywords\":[\"Col\u00e1geno\",\"cuidado de la piel\",\"Mascarillas\",\"SkinSense\"],\"articleSection\":[\"Blog\"],\"inLanguage\":\"es\",\"potentialAction\":[{\"@type\":\"CommentAction\",\"name\":\"Comment\",\"target\":[\"https:\\\/\\\/zeromagazine.mx\\\/index.php\\\/2025\\\/03\\\/20\\\/poder-de-las-mascarillas-de-colageno-skin-sense\\\/#respond\"]}]},{\"@type\":\"WebPage\",\"@id\":\"https:\\\/\\\/zeromagazine.mx\\\/index.php\\\/2025\\\/03\\\/20\\\/poder-de-las-mascarillas-de-colageno-skin-sense\\\/\",\"url\":\"https:\\\/\\\/zeromagazine.mx\\\/index.php\\\/2025\\\/03\\\/20\\\/poder-de-las-mascarillas-de-colageno-skin-sense\\\/\",\"name\":\"El Poder De La Mascarillas - Zero Magazine\",\"isPartOf\":{\"@id\":\"https:\\\/\\\/zeromagazine.mx\\\/#website\"},\"primaryImageOfPage\":{\"@id\":\"https:\\\/\\\/zeromagazine.mx\\\/index.php\\\/2025\\\/03\\\/20\\\/poder-de-las-mascarillas-de-colageno-skin-sense\\\/#primaryimage\"},\"image\":{\"@id\":\"https:\\\/\\\/zeromagazine.mx\\\/index.php\\\/2025\\\/03\\\/20\\\/poder-de-las-mascarillas-de-colageno-skin-sense\\\/#primaryimage\"},\"thumbnailUrl\":\"https:\\\/\\\/i0.wp.com\\\/zeromagazine.mx\\\/wp-content\\\/uploads\\\/2025\\\/03\\\/Captura-de-pantalla-2025-03-20-211151.png?fit=518%2C363&ssl=1\",\"datePublished\":\"2025-03-21T03:28:28+00:00\",\"dateModified\":\"2025-03-21T03:28:30+00:00\",\"description\":\"Descubre el poder de las mascarillas de col\u00e1geno y burbujas de Sk\u00efn Sense. Y mant\u00e9n una piel radiante sin esfuerzo.\",\"breadcrumb\":{\"@id\":\"https:\\\/\\\/zeromagazine.mx\\\/index.php\\\/2025\\\/03\\\/20\\\/poder-de-las-mascarillas-de-colageno-skin-sense\\\/#breadcrumb\"},\"inLanguage\":\"es\",\"potentialAction\":[{\"@type\":\"ReadAction\",\"target\":[\"https:\\\/\\\/zeromagazine.mx\\\/index.php\\\/2025\\\/03\\\/20\\\/poder-de-las-mascarillas-de-colageno-skin-sense\\\/\"]}]},{\"@type\":\"ImageObject\",\"inLanguage\":\"es\",\"@id\":\"https:\\\/\\\/zeromagazine.mx\\\/index.php\\\/2025\\\/03\\\/20\\\/poder-de-las-mascarillas-de-colageno-skin-sense\\\/#primaryimage\",\"url\":\"https:\\\/\\\/i0.wp.com\\\/zeromagazine.mx\\\/wp-content\\\/uploads\\\/2025\\\/03\\\/Captura-de-pantalla-2025-03-20-211151.png?fit=518%2C363&ssl=1\",\"contentUrl\":\"https:\\\/\\\/i0.wp.com\\\/zeromagazine.mx\\\/wp-content\\\/uploads\\\/2025\\\/03\\\/Captura-de-pantalla-2025-03-20-211151.png?fit=518%2C363&ssl=1\",\"width\":518,\"height\":363},{\"@type\":\"BreadcrumbList\",\"@id\":\"https:\\\/\\\/zeromagazine.mx\\\/index.php\\\/2025\\\/03\\\/20\\\/poder-de-las-mascarillas-de-colageno-skin-sense\\\/#breadcrumb\",\"itemListElement\":[{\"@type\":\"ListItem\",\"position\":1,\"name\":\"Portada\",\"item\":\"https:\\\/\\\/zeromagazine.mx\\\/\"},{\"@type\":\"ListItem\",\"position\":2,\"name\":\"El Poder De La Mascarillas\"}]},{\"@type\":\"WebSite\",\"@id\":\"https:\\\/\\\/zeromagazine.mx\\\/#website\",\"url\":\"https:\\\/\\\/zeromagazine.mx\\\/\",\"name\":\"Zero Magazine\",\"description\":\"\",\"publisher\":{\"@id\":\"https:\\\/\\\/zeromagazine.mx\\\/#organization\"},\"potentialAction\":[{\"@type\":\"SearchAction\",\"target\":{\"@type\":\"EntryPoint\",\"urlTemplate\":\"https:\\\/\\\/zeromagazine.mx\\\/?s={search_term_string}\"},\"query-input\":{\"@type\":\"PropertyValueSpecification\",\"valueRequired\":true,\"valueName\":\"search_term_string\"}}],\"inLanguage\":\"es\"},{\"@type\":\"Organization\",\"@id\":\"https:\\\/\\\/zeromagazine.mx\\\/#organization\",\"name\":\"Zero Magazine\",\"url\":\"https:\\\/\\\/zeromagazine.mx\\\/\",\"logo\":{\"@type\":\"ImageObject\",\"inLanguage\":\"es\",\"@id\":\"https:\\\/\\\/zeromagazine.mx\\\/#\\\/schema\\\/logo\\\/image\\\/\",\"url\":\"https:\\\/\\\/i0.wp.com\\\/zeromagazine.mx\\\/wp-content\\\/uploads\\\/2025\\\/11\\\/1.jpeg?fit=1000%2C1000&ssl=1\",\"contentUrl\":\"https:\\\/\\\/i0.wp.com\\\/zeromagazine.mx\\\/wp-content\\\/uploads\\\/2025\\\/11\\\/1.jpeg?fit=1000%2C1000&ssl=1\",\"width\":1000,\"height\":1000,\"caption\":\"Zero Magazine\"},\"image\":{\"@id\":\"https:\\\/\\\/zeromagazine.mx\\\/#\\\/schema\\\/logo\\\/image\\\/\"},\"sameAs\":[\"https:\\\/\\\/instagram.com\\\/zeromagazinemx\"]},{\"@type\":\"Person\",\"@id\":\"https:\\\/\\\/zeromagazine.mx\\\/#\\\/schema\\\/person\\\/9f7f1a17c60ba8e9980e3e6677aabe5a\",\"name\":\"David Morales\",\"image\":{\"@type\":\"ImageObject\",\"inLanguage\":\"es\",\"@id\":\"https:\\\/\\\/zeromagazine.mx\\\/wp-content\\\/litespeed\\\/avatar\\\/76069d2136bfc1c37dc34815bb67ca42.jpg?ver=1776966186\",\"url\":\"https:\\\/\\\/zeromagazine.mx\\\/wp-content\\\/litespeed\\\/avatar\\\/76069d2136bfc1c37dc34815bb67ca42.jpg?ver=1776966186\",\"contentUrl\":\"https:\\\/\\\/zeromagazine.mx\\\/wp-content\\\/litespeed\\\/avatar\\\/76069d2136bfc1c37dc34815bb67ca42.jpg?ver=1776966186\",\"caption\":\"David Morales\"},\"url\":\"https:\\\/\\\/zeromagazine.mx\\\/index.php\\\/author\\\/david\\\/\"}]}<\/script>\n<!-- \/ Yoast SEO plugin. -->","yoast_head_json":{"title":"El Poder De La Mascarillas - Zero Magazine","description":"Descubre el poder de las mascarillas de col\u00e1geno y burbujas de Sk\u00efn Sense. Y mant\u00e9n una piel radiante sin esfuerzo.","robots":{"index":"index","follow":"follow","max-snippet":"max-snippet:-1","max-image-preview":"max-image-preview:large","max-video-preview":"max-video-preview:-1"},"canonical":"https:\/\/zeromagazine.mx\/index.php\/2025\/03\/20\/poder-de-las-mascarillas-de-colageno-skin-sense\/","og_locale":"es_ES","og_type":"article","og_title":"El Poder De La Mascarillas - Zero Magazine","og_description":"Descubre el poder de las mascarillas de col\u00e1geno y burbujas de Sk\u00efn Sense. Y mant\u00e9n una piel radiante sin esfuerzo.","og_url":"https:\/\/zeromagazine.mx\/index.php\/2025\/03\/20\/poder-de-las-mascarillas-de-colageno-skin-sense\/","og_site_name":"Zero Magazine","article_published_time":"2025-03-21T03:28:28+00:00","article_modified_time":"2025-03-21T03:28:30+00:00","og_image":[{"width":518,"height":363,"url":"http:\/\/zeromagazine.mx\/wp-content\/uploads\/2025\/03\/Captura-de-pantalla-2025-03-20-211151.png","type":"image\/png"}],"author":"David Morales","twitter_card":"summary_large_image","twitter_misc":{"Escrito por":"David Morales","Tiempo de lectura":"3 minutos"},"schema":{"@context":"https:\/\/schema.org","@graph":[{"@type":"Article","@id":"https:\/\/zeromagazine.mx\/index.php\/2025\/03\/20\/poder-de-las-mascarillas-de-colageno-skin-sense\/#article","isPartOf":{"@id":"https:\/\/zeromagazine.mx\/index.php\/2025\/03\/20\/poder-de-las-mascarillas-de-colageno-skin-sense\/"},"author":{"name":"David Morales","@id":"https:\/\/zeromagazine.mx\/#\/schema\/person\/9f7f1a17c60ba8e9980e3e6677aabe5a"},"headline":"El Poder De La Mascarillas","datePublished":"2025-03-21T03:28:28+00:00","dateModified":"2025-03-21T03:28:30+00:00","mainEntityOfPage":{"@id":"https:\/\/zeromagazine.mx\/index.php\/2025\/03\/20\/poder-de-las-mascarillas-de-colageno-skin-sense\/"},"wordCount":442,"commentCount":0,"publisher":{"@id":"https:\/\/zeromagazine.mx\/#organization"},"image":{"@id":"https:\/\/zeromagazine.mx\/index.php\/2025\/03\/20\/poder-de-las-mascarillas-de-colageno-skin-sense\/#primaryimage"},"thumbnailUrl":"https:\/\/i0.wp.com\/zeromagazine.mx\/wp-content\/uploads\/2025\/03\/Captura-de-pantalla-2025-03-20-211151.png?fit=518%2C363&ssl=1","keywords":["Col\u00e1geno","cuidado de la piel","Mascarillas","SkinSense"],"articleSection":["Blog"],"inLanguage":"es","potentialAction":[{"@type":"CommentAction","name":"Comment","target":["https:\/\/zeromagazine.mx\/index.php\/2025\/03\/20\/poder-de-las-mascarillas-de-colageno-skin-sense\/#respond"]}]},{"@type":"WebPage","@id":"https:\/\/zeromagazine.mx\/index.php\/2025\/03\/20\/poder-de-las-mascarillas-de-colageno-skin-sense\/","url":"https:\/\/zeromagazine.mx\/index.php\/2025\/03\/20\/poder-de-las-mascarillas-de-colageno-skin-sense\/","name":"El Poder De La Mascarillas - Zero Magazine","isPartOf":{"@id":"https:\/\/zeromagazine.mx\/#website"},"primaryImageOfPage":{"@id":"https:\/\/zeromagazine.mx\/index.php\/2025\/03\/20\/poder-de-las-mascarillas-de-colageno-skin-sense\/#primaryimage"},"image":{"@id":"https:\/\/zeromagazine.mx\/index.php\/2025\/03\/20\/poder-de-las-mascarillas-de-colageno-skin-sense\/#primaryimage"},"thumbnailUrl":"https:\/\/i0.wp.com\/zeromagazine.mx\/wp-content\/uploads\/2025\/03\/Captura-de-pantalla-2025-03-20-211151.png?fit=518%2C363&ssl=1","datePublished":"2025-03-21T03:28:28+00:00","dateModified":"2025-03-21T03:28:30+00:00","description":"Descubre el poder de las mascarillas de col\u00e1geno y burbujas de Sk\u00efn Sense. Y mant\u00e9n una piel radiante sin esfuerzo.","breadcrumb":{"@id":"https:\/\/zeromagazine.mx\/index.php\/2025\/03\/20\/poder-de-las-mascarillas-de-colageno-skin-sense\/#breadcrumb"},"inLanguage":"es","potentialAction":[{"@type":"ReadAction","target":["https:\/\/zeromagazine.mx\/index.php\/2025\/03\/20\/poder-de-las-mascarillas-de-colageno-skin-sense\/"]}]},{"@type":"ImageObject","inLanguage":"es","@id":"https:\/\/zeromagazine.mx\/index.php\/2025\/03\/20\/poder-de-las-mascarillas-de-colageno-skin-sense\/#primaryimage","url":"https:\/\/i0.wp.com\/zeromagazine.mx\/wp-content\/uploads\/2025\/03\/Captura-de-pantalla-2025-03-20-211151.png?fit=518%2C363&ssl=1","contentUrl":"https:\/\/i0.wp.com\/zeromagazine.mx\/wp-content\/uploads\/2025\/03\/Captura-de-pantalla-2025-03-20-211151.png?fit=518%2C363&ssl=1","width":518,"height":363},{"@type":"BreadcrumbList","@id":"https:\/\/zeromagazine.mx\/index.php\/2025\/03\/20\/poder-de-las-mascarillas-de-colageno-skin-sense\/#breadcrumb","itemListElement":[{"@type":"ListItem","position":1,"name":"Portada","item":"https:\/\/zeromagazine.mx\/"},{"@type":"ListItem","position":2,"name":"El Poder De La Mascarillas"}]},{"@type":"WebSite","@id":"https:\/\/zeromagazine.mx\/#website","url":"https:\/\/zeromagazine.mx\/","name":"Zero Magazine","description":"","publisher":{"@id":"https:\/\/zeromagazine.mx\/#organization"},"potentialAction":[{"@type":"SearchAction","target":{"@type":"EntryPoint","urlTemplate":"https:\/\/zeromagazine.mx\/?s={search_term_string}"},"query-input":{"@type":"PropertyValueSpecification","valueRequired":true,"valueName":"search_term_string"}}],"inLanguage":"es"},{"@type":"Organization","@id":"https:\/\/zeromagazine.mx\/#organization","name":"Zero Magazine","url":"https:\/\/zeromagazine.mx\/","logo":{"@type":"ImageObject","inLanguage":"es","@id":"https:\/\/zeromagazine.mx\/#\/schema\/logo\/image\/","url":"https:\/\/i0.wp.com\/zeromagazine.mx\/wp-content\/uploads\/2025\/11\/1.jpeg?fit=1000%2C1000&ssl=1","contentUrl":"https:\/\/i0.wp.com\/zeromagazine.mx\/wp-content\/uploads\/2025\/11\/1.jpeg?fit=1000%2C1000&ssl=1","width":1000,"height":1000,"caption":"Zero Magazine"},"image":{"@id":"https:\/\/zeromagazine.mx\/#\/schema\/logo\/image\/"},"sameAs":["https:\/\/instagram.com\/zeromagazinemx"]},{"@type":"Person","@id":"https:\/\/zeromagazine.mx\/#\/schema\/person\/9f7f1a17c60ba8e9980e3e6677aabe5a","name":"David Morales","image":{"@type":"ImageObject","inLanguage":"es","@id":"https:\/\/zeromagazine.mx\/wp-content\/litespeed\/avatar\/76069d2136bfc1c37dc34815bb67ca42.jpg?ver=1776966186","url":"https:\/\/zeromagazine.mx\/wp-content\/litespeed\/avatar\/76069d2136bfc1c37dc34815bb67ca42.jpg?ver=1776966186","contentUrl":"https:\/\/zeromagazine.mx\/wp-content\/litespeed\/avatar\/76069d2136bfc1c37dc34815bb67ca42.jpg?ver=1776966186","caption":"David Morales"},"url":"https:\/\/zeromagazine.mx\/index.php\/author\/david\/"}]}},"jetpack_publicize_connections":[],"jetpack_featured_media_url":"https:\/\/i0.wp.com\/zeromagazine.mx\/wp-content\/uploads\/2025\/03\/Captura-de-pantalla-2025-03-20-211151.png?fit=518%2C363&ssl=1","jetpack-related-posts":[{"id":83115,"url":"https:\/\/zeromagazine.mx\/index.php\/2024\/09\/04\/glow-up-con-skincare-coreano\/","url_meta":{"origin":99247,"position":0},"title":"\u00abGlow Up con Skincare Coreano\u00bb","author":"zeromagazinemx","date":"4 de septiembre de 2024","format":false,"excerpt":"Holaaa chicxs, we need to talk about something super important \"our skin\". No s\u00e9 t\u00fa, pero \u00faltimamente me he dado cuenta de que cuidar mi piel es una de las cosas m\u00e1s importantes que puedo hacer. Y no solo porque quiero verme on point en los selfies, pero tambi\u00e9n porque\u2026","rel":"","context":"En \u00abBeauty\u00bb","block_context":{"text":"Beauty","link":"https:\/\/zeromagazine.mx\/index.php\/category\/beauty\/"},"img":{"alt_text":"","src":"https:\/\/i0.wp.com\/zeromagazine.mx\/wp-content\/uploads\/2024\/09\/mascarilla-pepino-2.png?fit=900%2C1200&ssl=1&resize=350%2C200","width":350,"height":200,"srcset":"https:\/\/i0.wp.com\/zeromagazine.mx\/wp-content\/uploads\/2024\/09\/mascarilla-pepino-2.png?fit=900%2C1200&ssl=1&resize=350%2C200 1x, https:\/\/i0.wp.com\/zeromagazine.mx\/wp-content\/uploads\/2024\/09\/mascarilla-pepino-2.png?fit=900%2C1200&ssl=1&resize=525%2C300 1.5x, https:\/\/i0.wp.com\/zeromagazine.mx\/wp-content\/uploads\/2024\/09\/mascarilla-pepino-2.png?fit=900%2C1200&ssl=1&resize=700%2C400 2x"},"classes":[]},{"id":51385,"url":"https:\/\/zeromagazine.mx\/index.php\/2021\/08\/03\/la-oleada-coreana-llega-a-mexico-con-skin-sense\/","url_meta":{"origin":99247,"position":1},"title":"La oleada coreana llega a M\u00e9xico con Sk\u00efn Sense","author":"zeromagazinemx","date":"3 de agosto de 2021","format":false,"excerpt":"El impacto de la cultura coreana en M\u00e9xico cada vez es mayor, sobre todo en la industria de la belleza, es por ello que Sk\u00efn Sense llega a M\u00e9xico con las famosas \u201csheet mask\u201d. Por Mayra Torres Sk\u00efn Sense llega a M\u00e9xico con opciones de mascarillas para cada tipo de\u2026","rel":"","context":"En \u00abLifestyle\u00bb","block_context":{"text":"Lifestyle","link":"https:\/\/zeromagazine.mx\/index.php\/category\/lifestyle\/"},"img":{"alt_text":"","src":"","width":0,"height":0},"classes":[]},{"id":90870,"url":"https:\/\/zeromagazine.mx\/index.php\/2024\/11\/15\/mascarillas-para-un-glow-real\/","url_meta":{"origin":99247,"position":2},"title":"Mascarillas para un Glow Real","author":"zeromagazinemx","date":"15 de noviembre de 2024","format":false,"excerpt":"Chicxs \u00bfAlguna vez has sentido que todo el estr\u00e9s del d\u00eda se refleja en tu piel? Despu\u00e9s de tantas horas frente a la computadora, lidiando con mil cosas al mismo tiempo, las pantallas y el constante ajetreo, nuestra piel empieza a pedir auxilio. De repente, se ve toda apagada, seca,\u2026","rel":"","context":"En \u00abBeauty\u00bb","block_context":{"text":"Beauty","link":"https:\/\/zeromagazine.mx\/index.php\/category\/beauty\/"},"img":{"alt_text":"","src":"https:\/\/i0.wp.com\/zeromagazine.mx\/wp-content\/uploads\/2024\/11\/mascarilla-miel.png?fit=900%2C1200&ssl=1&resize=350%2C200","width":350,"height":200,"srcset":"https:\/\/i0.wp.com\/zeromagazine.mx\/wp-content\/uploads\/2024\/11\/mascarilla-miel.png?fit=900%2C1200&ssl=1&resize=350%2C200 1x, https:\/\/i0.wp.com\/zeromagazine.mx\/wp-content\/uploads\/2024\/11\/mascarilla-miel.png?fit=900%2C1200&ssl=1&resize=525%2C300 1.5x, https:\/\/i0.wp.com\/zeromagazine.mx\/wp-content\/uploads\/2024\/11\/mascarilla-miel.png?fit=900%2C1200&ssl=1&resize=700%2C400 2x"},"classes":[]},{"id":84375,"url":"https:\/\/zeromagazine.mx\/index.php\/2024\/09\/23\/7-ingredientes-para-un-glow-inmediato\/","url_meta":{"origin":99247,"position":3},"title":"\u00ab7 Ingredientes para un Glow Inmediato\u00bb","author":"zeromagazinemx","date":"23 de septiembre de 2024","format":false,"excerpt":"\u00a1Holaa chiques! Para arrancar la semana con vibes positivas, hablemos de algo que todos queremos: tener una piel que brille y se vea fresh. Sabemos que, con el tiempo, nuestra piel va cambiando y puede perder elasticidad, adem\u00e1s de que empiezan a salir esas arruguitas. Pero chill, porque la ciencia\u2026","rel":"","context":"En \u00abBeauty\u00bb","block_context":{"text":"Beauty","link":"https:\/\/zeromagazine.mx\/index.php\/category\/beauty\/"},"img":{"alt_text":"","src":"https:\/\/i0.wp.com\/zeromagazine.mx\/wp-content\/uploads\/2024\/09\/mascarilla-miel.png?fit=900%2C1200&ssl=1&resize=350%2C200","width":350,"height":200,"srcset":"https:\/\/i0.wp.com\/zeromagazine.mx\/wp-content\/uploads\/2024\/09\/mascarilla-miel.png?fit=900%2C1200&ssl=1&resize=350%2C200 1x, https:\/\/i0.wp.com\/zeromagazine.mx\/wp-content\/uploads\/2024\/09\/mascarilla-miel.png?fit=900%2C1200&ssl=1&resize=525%2C300 1.5x, https:\/\/i0.wp.com\/zeromagazine.mx\/wp-content\/uploads\/2024\/09\/mascarilla-miel.png?fit=900%2C1200&ssl=1&resize=700%2C400 2x"},"classes":[]},{"id":70032,"url":"https:\/\/zeromagazine.mx\/index.php\/2023\/12\/28\/trazando-belleza-el-poder-de-las-mascarillas-coreanas\/","url_meta":{"origin":99247,"position":4},"title":"Trazando Belleza: El Poder de las Mascarillas Coreanas","author":"David Morales","date":"28 de diciembre de 2023","format":false,"excerpt":"\u00bfListes para sumergirnos en el fascinante mundo del K-Beauty? Las mascarillas coreanas se han convertido en un must dentro de esta rutina de cuidado de la piel que ha conquistado corazones a nivel global. \u00a1Y no es para menos! Echemos un vistazo m\u00e1s de cerca a por qu\u00e9 estas mascarillas\u2026","rel":"","context":"En \u00abBienestar\u00bb","block_context":{"text":"Bienestar","link":"https:\/\/zeromagazine.mx\/index.php\/category\/lifestyle\/bienestar\/"},"img":{"alt_text":"","src":"https:\/\/i0.wp.com\/zeromagazine.mx\/wp-content\/uploads\/2023\/12\/mascarilla-uva-1.png?fit=850%2C1134&ssl=1&resize=350%2C200","width":350,"height":200,"srcset":"https:\/\/i0.wp.com\/zeromagazine.mx\/wp-content\/uploads\/2023\/12\/mascarilla-uva-1.png?fit=850%2C1134&ssl=1&resize=350%2C200 1x, https:\/\/i0.wp.com\/zeromagazine.mx\/wp-content\/uploads\/2023\/12\/mascarilla-uva-1.png?fit=850%2C1134&ssl=1&resize=525%2C300 1.5x, https:\/\/i0.wp.com\/zeromagazine.mx\/wp-content\/uploads\/2023\/12\/mascarilla-uva-1.png?fit=850%2C1134&ssl=1&resize=700%2C400 2x"},"classes":[]},{"id":109733,"url":"https:\/\/zeromagazine.mx\/index.php\/2025\/10\/22\/colageno-liquido-que-rompe-hechizos\/","url_meta":{"origin":99247,"position":5},"title":"Col\u00e1geno l\u00edquido que rompe hechizos","author":"Luis Trujano","date":"22 de octubre de 2025","format":false,"excerpt":"Halloween est\u00e1 a la vuelta de la esquina y, entre tanto disfraz y maquillaje, hay un miedo que nadie quiere enfrentar: el de notar las primeras l\u00edneas de expresi\u00f3n o perder ese glow natural. Pero calma, que este a\u00f1o la magia llega en versi\u00f3n beauty potion. The Everyday Lab tiene\u2026","rel":"","context":"En \u00abBeauty\u00bb","block_context":{"text":"Beauty","link":"https:\/\/zeromagazine.mx\/index.php\/category\/beauty\/"},"img":{"alt_text":"","src":"https:\/\/i0.wp.com\/zeromagazine.mx\/wp-content\/uploads\/2025\/10\/IMG_5717.png?fit=493%2C739&ssl=1&resize=350%2C200","width":350,"height":200},"classes":[]}],"jetpack_sharing_enabled":true,"builder_content":"","_links":{"self":[{"href":"https:\/\/zeromagazine.mx\/index.php\/wp-json\/wp\/v2\/posts\/99247","targetHints":{"allow":["GET"]}}],"collection":[{"href":"https:\/\/zeromagazine.mx\/index.php\/wp-json\/wp\/v2\/posts"}],"about":[{"href":"https:\/\/zeromagazine.mx\/index.php\/wp-json\/wp\/v2\/types\/post"}],"author":[{"embeddable":true,"href":"https:\/\/zeromagazine.mx\/index.php\/wp-json\/wp\/v2\/users\/4"}],"replies":[{"embeddable":true,"href":"https:\/\/zeromagazine.mx\/index.php\/wp-json\/wp\/v2\/comments?post=99247"}],"version-history":[{"count":3,"href":"https:\/\/zeromagazine.mx\/index.php\/wp-json\/wp\/v2\/posts\/99247\/revisions"}],"predecessor-version":[{"id":99253,"href":"https:\/\/zeromagazine.mx\/index.php\/wp-json\/wp\/v2\/posts\/99247\/revisions\/99253"}],"wp:featuredmedia":[{"embeddable":true,"href":"https:\/\/zeromagazine.mx\/index.php\/wp-json\/wp\/v2\/media\/99248"}],"wp:attachment":[{"href":"https:\/\/zeromagazine.mx\/index.php\/wp-json\/wp\/v2\/media?parent=99247"}],"wp:term":[{"taxonomy":"category","embeddable":true,"href":"https:\/\/zeromagazine.mx\/index.php\/wp-json\/wp\/v2\/categories?post=99247"},{"taxonomy":"post_tag","embeddable":true,"href":"https:\/\/zeromagazine.mx\/index.php\/wp-json\/wp\/v2\/tags?post=99247"}],"curies":[{"name":"wp","href":"https:\/\/api.w.org\/{rel}","templated":true}]}}