{"id":99254,"date":"2025-03-20T21:38:11","date_gmt":"2025-03-21T03:38:11","guid":{"rendered":"https:\/\/zeromagazine.mx\/?p=99254"},"modified":"2025-03-20T21:38:13","modified_gmt":"2025-03-21T03:38:13","slug":"care-bears-estilo-primaveral","status":"publish","type":"post","link":"https:\/\/zeromagazine.mx\/index.php\/2025\/03\/20\/care-bears-estilo-primaveral\/","title":{"rendered":"Care Bears: Estilo Primaveral"},"content":{"rendered":"<p>Amix, la primavera ya est\u00e1 aqu\u00ed y con ella vienen los d\u00edas soleados, las flores en todos lados y, obvio, la oportunidad de refrescar nuestro guardarropa. Si quieres darle un giro tierno y nost\u00e1lgico a tu estilo, los <strong>Care Bears<\/strong> est\u00e1n de vuelta para hacerlo posible. S\u00ed, esos ositos adorables que marcaron nuestra infancia ahora est\u00e1n listos para llenar tus looks de color y vibra positiva. <strong>Nostalgia y estilo con Care Bears<\/strong> es la propuesta que no puedes dejar pasar, as\u00ed que qu\u00e9date conmigo para descubrir m\u00e1s.<\/p>\n\n\n\n<h3 class=\"wp-block-heading\">Moda que abraza la alegr\u00eda<\/h3>\n\n\n\n<p>Para empezar, esta colaboraci\u00f3n llega de la mano de <strong>Ropa Viva<\/strong>, con prendas dise\u00f1adas para <strong>teens y adultos<\/strong> que quieren revivir esos momentos felices mientras lucen c\u00f3modos y con onda. Las <strong>playeras y sudaderas<\/strong> inspiradas en los ositos son lo m\u00e1s top para esta temporada. Adem\u00e1s, est\u00e1n hechas con telas s\u00faper suaves y cortes relajados, perfectos para esos d\u00edas de paseo o para tirarte en el pasto a disfrutar del sol.<\/p>\n\n\n\n<div class=\"wp-block-jetpack-tiled-gallery aligncenter is-style-rectangular\"><div class=\"tiled-gallery__gallery\"><div class=\"tiled-gallery__row\"><div class=\"tiled-gallery__col\" style=\"flex-basis:69.37875%\"><figure class=\"tiled-gallery__item\"><img decoding=\"async\" srcset=\"https:\/\/i2.wp.com\/zeromagazine.mx\/wp-content\/uploads\/2025\/03\/Ropa-Viva-CB3.png?strip=info&#038;w=570&#038;ssl=1 570w\" alt=\"\" data-height=\"466\" data-id=\"99256\" data-link=\"https:\/\/zeromagazine.mx\/?attachment_id=99256\" data-url=\"https:\/\/zeromagazine.mx\/wp-content\/uploads\/2025\/03\/Ropa-Viva-CB3.png\" data-width=\"570\" src=\"https:\/\/i2.wp.com\/zeromagazine.mx\/wp-content\/uploads\/2025\/03\/Ropa-Viva-CB3.png?ssl=1\" data-amp-layout=\"responsive\"\/><\/figure><\/div><div class=\"tiled-gallery__col\" style=\"flex-basis:30.62125%\"><figure class=\"tiled-gallery__item\"><img decoding=\"async\" srcset=\"https:\/\/i0.wp.com\/zeromagazine.mx\/wp-content\/uploads\/2025\/03\/Ropa-Viva-CB1.png?strip=info&#038;w=526&#038;ssl=1 526w\" alt=\"\" data-height=\"399\" data-id=\"99261\" data-link=\"https:\/\/zeromagazine.mx\/?attachment_id=99261\" data-url=\"https:\/\/zeromagazine.mx\/wp-content\/uploads\/2025\/03\/Ropa-Viva-CB1.png\" data-width=\"526\" src=\"https:\/\/i0.wp.com\/zeromagazine.mx\/wp-content\/uploads\/2025\/03\/Ropa-Viva-CB1.png?ssl=1\" data-amp-layout=\"responsive\"\/><\/figure><figure class=\"tiled-gallery__item\"><img decoding=\"async\" srcset=\"https:\/\/i2.wp.com\/zeromagazine.mx\/wp-content\/uploads\/2025\/03\/Ropa-Viva-CB2.png?strip=info&#038;w=448&#038;ssl=1 448w\" alt=\"\" data-height=\"487\" data-id=\"99257\" data-link=\"https:\/\/zeromagazine.mx\/?attachment_id=99257\" data-url=\"https:\/\/zeromagazine.mx\/wp-content\/uploads\/2025\/03\/Ropa-Viva-CB2.png\" data-width=\"448\" src=\"https:\/\/i2.wp.com\/zeromagazine.mx\/wp-content\/uploads\/2025\/03\/Ropa-Viva-CB2.png?ssl=1\" data-amp-layout=\"responsive\"\/><\/figure><\/div><\/div><\/div><\/div>\n\n\n\n<p>Asimismo, <strong>Aurimoda<\/strong> se une a la tendencia y trae opciones para todos los moods, desde <strong>hoodies ultra c\u00f3modos<\/strong> hasta <strong>pijamas llenas de ternura<\/strong> para esos d\u00edas en los que solo quieres quedarte en casa y maratonear series. El rollo aqu\u00ed es mantener esa energ\u00eda vibrante que caracteriza a los Care Bears, mientras muestras tu lado m\u00e1s cute y nost\u00e1lgico.<\/p>\n\n\n\n<script async src=\"https:\/\/pagead2.googlesyndication.com\/pagead\/js\/adsbygoogle.js?client=ca-pub-5499304793904745\"\n     crossorigin=\"anonymous\"><\/script>\n<ins class=\"adsbygoogle\"\n     style=\"display:block; text-align:center;\"\n     data-ad-layout=\"in-article\"\n     data-ad-format=\"fluid\"\n     data-ad-client=\"ca-pub-5499304793904745\"\n     data-ad-slot=\"5994863093\"><\/ins>\n<script>\n     (adsbygoogle = window.adsbygoogle || []).push({});\n<\/script>\n\n\n\n<h3 class=\"wp-block-heading\">Looks pastel para d\u00edas soleados<\/h3>\n\n\n\n<p>Por otro lado, lo m\u00e1s cool de esta colecci\u00f3n es que apuesta por los tonos pastel que tanto nos gustan: <strong>rosas, lilas, amarillos y celestes<\/strong> que evocan tranquilidad y alegr\u00eda. Comb\u00ednalos con jeans claros o faldas vaporosas para crear outfits ligeros y frescos, ideales para esta \u00e9poca del a\u00f1o. Y si eres fan de los colores vibrantes, tambi\u00e9n hay opciones con estampados m\u00e1s llamativos que reflejan toda esa buena onda de los Care Bears.<\/p>\n\n\n\n<div class=\"wp-block-jetpack-tiled-gallery aligncenter is-style-rectangular\"><div class=\"tiled-gallery__gallery\"><div class=\"tiled-gallery__row\"><div class=\"tiled-gallery__col\" style=\"flex-basis:44.09567%\"><figure class=\"tiled-gallery__item\"><img decoding=\"async\" srcset=\"https:\/\/i1.wp.com\/zeromagazine.mx\/wp-content\/uploads\/2025\/03\/Aurimoda-CB3.png?strip=info&#038;w=600&#038;ssl=1 600w,https:\/\/i1.wp.com\/zeromagazine.mx\/wp-content\/uploads\/2025\/03\/Aurimoda-CB3.png?strip=info&#038;w=684&#038;ssl=1 684w\" alt=\"\" data-height=\"477\" data-id=\"99260\" data-link=\"https:\/\/zeromagazine.mx\/?attachment_id=99260\" data-url=\"https:\/\/zeromagazine.mx\/wp-content\/uploads\/2025\/03\/Aurimoda-CB3.png\" data-width=\"684\" src=\"https:\/\/i1.wp.com\/zeromagazine.mx\/wp-content\/uploads\/2025\/03\/Aurimoda-CB3.png?ssl=1\" data-amp-layout=\"responsive\"\/><\/figure><figure class=\"tiled-gallery__item\"><img decoding=\"async\" srcset=\"https:\/\/i1.wp.com\/zeromagazine.mx\/wp-content\/uploads\/2025\/03\/Aurimoda-CB2.png?strip=info&#038;w=600&#038;ssl=1 600w,https:\/\/i1.wp.com\/zeromagazine.mx\/wp-content\/uploads\/2025\/03\/Aurimoda-CB2.png?strip=info&#038;w=613&#038;ssl=1 613w\" alt=\"\" data-height=\"465\" data-id=\"99259\" data-link=\"https:\/\/zeromagazine.mx\/?attachment_id=99259\" data-url=\"https:\/\/zeromagazine.mx\/wp-content\/uploads\/2025\/03\/Aurimoda-CB2.png\" data-width=\"613\" src=\"https:\/\/i1.wp.com\/zeromagazine.mx\/wp-content\/uploads\/2025\/03\/Aurimoda-CB2.png?ssl=1\" data-amp-layout=\"responsive\"\/><\/figure><\/div><div class=\"tiled-gallery__col\" style=\"flex-basis:55.90433%\"><figure class=\"tiled-gallery__item\"><img decoding=\"async\" srcset=\"https:\/\/i0.wp.com\/zeromagazine.mx\/wp-content\/uploads\/2025\/03\/Aurimoda-CB1.png?strip=info&#038;w=489&#038;ssl=1 489w\" alt=\"\" data-height=\"565\" data-id=\"99258\" data-link=\"https:\/\/zeromagazine.mx\/?attachment_id=99258\" data-url=\"https:\/\/zeromagazine.mx\/wp-content\/uploads\/2025\/03\/Aurimoda-CB1.png\" data-width=\"489\" src=\"https:\/\/i0.wp.com\/zeromagazine.mx\/wp-content\/uploads\/2025\/03\/Aurimoda-CB1.png?ssl=1\" data-amp-layout=\"responsive\"\/><\/figure><\/div><\/div><\/div><\/div>\n\n\n\n<h3 class=\"wp-block-heading\">Cuida tu estilo y tu planeta<\/h3>\n\n\n\n<p>Adem\u00e1s, estas prendas est\u00e1n hechas bajo un enfoque consciente, utilizando materiales de calidad que aseguran su durabilidad. As\u00ed no solo cuidas tu estilo, sino tambi\u00e9n el medio ambiente. La idea es que cada pieza sea una inversi\u00f3n en comodidad y alegr\u00eda sin dejar de lado el compromiso con la moda sostenible.<\/p>\n\n\n\n<p>Si quieres ver toda la colecci\u00f3n y hacerte con tu prenda favorita, no olvides visitar <a href=\"https:\/\/www.carebears.com\">carebears.com<\/a><\/p>\n\n\n\n<script async src=\"https:\/\/pagead2.googlesyndication.com\/pagead\/js\/adsbygoogle.js?client=ca-pub-5499304793904745\"\n     crossorigin=\"anonymous\"><\/script>\n<ins class=\"adsbygoogle\"\n     style=\"display:block; text-align:center;\"\n     data-ad-layout=\"in-article\"\n     data-ad-format=\"fluid\"\n     data-ad-client=\"ca-pub-5499304793904745\"\n     data-ad-slot=\"5994863093\"><\/ins>\n<script>\n     (adsbygoogle = window.adsbygoogle || []).push({});\n<\/script>\n\n<!--themify_builder_content-->\n<div id=\"themify_builder_content-99254\" data-postid=\"99254\" class=\"themify_builder_content themify_builder_content-99254 themify_builder tf_clear\">\n    <\/div>\n<!--\/themify_builder_content-->","protected":false},"excerpt":{"rendered":"<p>Amix, la primavera ya est\u00e1 aqu\u00ed y con ella vienen los d\u00edas soleados, las flores en todos lados y, obvio, la oportunidad de refrescar nuestro guardarropa. Si quieres darle un giro tierno y nost\u00e1lgico a tu estilo, los Care Bears est\u00e1n de vuelta para hacerlo posible. S\u00ed, esos ositos adorables que marcaron nuestra infancia ahora [&hellip;]<\/p>\n","protected":false},"author":4,"featured_media":99255,"comment_status":"open","ping_status":"open","sticky":false,"template":"","format":"standard","meta":{"_jetpack_memberships_contains_paid_content":false,"footnotes":"","jetpack_publicize_message":"","jetpack_publicize_feature_enabled":true,"jetpack_social_post_already_shared":true,"jetpack_social_options":{"image_generator_settings":{"template":"highway","default_image_id":0,"font":"","enabled":false},"version":2}},"categories":[67],"tags":[10007,12950,12873],"class_list":["post-99254","post","type-post","status-publish","format-standard","has-post-thumbnail","hentry","category-moda","tag-care-bears","tag-outfits-comodos","tag-primavera2025","has-post-title","has-post-date","has-post-category","has-post-tag","has-post-comment","has-post-author",""],"yoast_head":"<!-- This site is optimized with the Yoast SEO plugin v27.5 - https:\/\/yoast.com\/product\/yoast-seo-wordpress\/ -->\n<title>Care Bears: Estilo Primaveral - Zero Magazine<\/title>\n<meta name=\"description\" content=\"Refresca tu guardarropa esta primavera con el estilo y nostalgia que nos trae la nueva l\u00ednea de Care Bears.\" \/>\n<meta name=\"robots\" content=\"index, follow, max-snippet:-1, max-image-preview:large, max-video-preview:-1\" \/>\n<link rel=\"canonical\" href=\"https:\/\/zeromagazine.mx\/index.php\/2025\/03\/20\/care-bears-estilo-primaveral\/\" \/>\n<meta property=\"og:locale\" content=\"es_ES\" \/>\n<meta property=\"og:type\" content=\"article\" \/>\n<meta property=\"og:title\" content=\"Care Bears: Estilo Primaveral - Zero Magazine\" \/>\n<meta property=\"og:description\" content=\"Refresca tu guardarropa esta primavera con el estilo y nostalgia que nos trae la nueva l\u00ednea de Care Bears.\" \/>\n<meta property=\"og:url\" content=\"https:\/\/zeromagazine.mx\/index.php\/2025\/03\/20\/care-bears-estilo-primaveral\/\" \/>\n<meta property=\"og:site_name\" content=\"Zero Magazine\" \/>\n<meta property=\"article:published_time\" content=\"2025-03-21T03:38:11+00:00\" \/>\n<meta property=\"article:modified_time\" content=\"2025-03-21T03:38:13+00:00\" \/>\n<meta property=\"og:image\" content=\"http:\/\/zeromagazine.mx\/wp-content\/uploads\/2025\/03\/Care-Bears-3-1-1-1024x769.png\" \/>\n\t<meta property=\"og:image:width\" content=\"1024\" \/>\n\t<meta property=\"og:image:height\" content=\"769\" \/>\n\t<meta property=\"og:image:type\" content=\"image\/png\" \/>\n<meta name=\"author\" content=\"David Morales\" \/>\n<meta name=\"twitter:card\" content=\"summary_large_image\" \/>\n<meta name=\"twitter:label1\" content=\"Escrito por\" \/>\n\t<meta name=\"twitter:data1\" content=\"David Morales\" \/>\n\t<meta name=\"twitter:label2\" content=\"Tiempo de lectura\" \/>\n\t<meta name=\"twitter:data2\" content=\"4 minutos\" \/>\n<script type=\"application\/ld+json\" class=\"yoast-schema-graph\">{\"@context\":\"https:\\\/\\\/schema.org\",\"@graph\":[{\"@type\":\"Article\",\"@id\":\"https:\\\/\\\/zeromagazine.mx\\\/index.php\\\/2025\\\/03\\\/20\\\/care-bears-estilo-primaveral\\\/#article\",\"isPartOf\":{\"@id\":\"https:\\\/\\\/zeromagazine.mx\\\/index.php\\\/2025\\\/03\\\/20\\\/care-bears-estilo-primaveral\\\/\"},\"author\":{\"name\":\"David Morales\",\"@id\":\"https:\\\/\\\/zeromagazine.mx\\\/#\\\/schema\\\/person\\\/9f7f1a17c60ba8e9980e3e6677aabe5a\"},\"headline\":\"Care Bears: Estilo Primaveral\",\"datePublished\":\"2025-03-21T03:38:11+00:00\",\"dateModified\":\"2025-03-21T03:38:13+00:00\",\"mainEntityOfPage\":{\"@id\":\"https:\\\/\\\/zeromagazine.mx\\\/index.php\\\/2025\\\/03\\\/20\\\/care-bears-estilo-primaveral\\\/\"},\"wordCount\":413,\"commentCount\":0,\"publisher\":{\"@id\":\"https:\\\/\\\/zeromagazine.mx\\\/#organization\"},\"image\":{\"@id\":\"https:\\\/\\\/zeromagazine.mx\\\/index.php\\\/2025\\\/03\\\/20\\\/care-bears-estilo-primaveral\\\/#primaryimage\"},\"thumbnailUrl\":\"https:\\\/\\\/i0.wp.com\\\/zeromagazine.mx\\\/wp-content\\\/uploads\\\/2025\\\/03\\\/Care-Bears-3-1-1.png?fit=1500%2C1126&ssl=1\",\"keywords\":[\"Care Bears\",\"Outfits c\u00f3modos\",\"Primavera2025\"],\"articleSection\":[\"Moda\"],\"inLanguage\":\"es\",\"potentialAction\":[{\"@type\":\"CommentAction\",\"name\":\"Comment\",\"target\":[\"https:\\\/\\\/zeromagazine.mx\\\/index.php\\\/2025\\\/03\\\/20\\\/care-bears-estilo-primaveral\\\/#respond\"]}]},{\"@type\":\"WebPage\",\"@id\":\"https:\\\/\\\/zeromagazine.mx\\\/index.php\\\/2025\\\/03\\\/20\\\/care-bears-estilo-primaveral\\\/\",\"url\":\"https:\\\/\\\/zeromagazine.mx\\\/index.php\\\/2025\\\/03\\\/20\\\/care-bears-estilo-primaveral\\\/\",\"name\":\"Care Bears: Estilo Primaveral - Zero Magazine\",\"isPartOf\":{\"@id\":\"https:\\\/\\\/zeromagazine.mx\\\/#website\"},\"primaryImageOfPage\":{\"@id\":\"https:\\\/\\\/zeromagazine.mx\\\/index.php\\\/2025\\\/03\\\/20\\\/care-bears-estilo-primaveral\\\/#primaryimage\"},\"image\":{\"@id\":\"https:\\\/\\\/zeromagazine.mx\\\/index.php\\\/2025\\\/03\\\/20\\\/care-bears-estilo-primaveral\\\/#primaryimage\"},\"thumbnailUrl\":\"https:\\\/\\\/i0.wp.com\\\/zeromagazine.mx\\\/wp-content\\\/uploads\\\/2025\\\/03\\\/Care-Bears-3-1-1.png?fit=1500%2C1126&ssl=1\",\"datePublished\":\"2025-03-21T03:38:11+00:00\",\"dateModified\":\"2025-03-21T03:38:13+00:00\",\"description\":\"Refresca tu guardarropa esta primavera con el estilo y nostalgia que nos trae la nueva l\u00ednea de Care Bears.\",\"breadcrumb\":{\"@id\":\"https:\\\/\\\/zeromagazine.mx\\\/index.php\\\/2025\\\/03\\\/20\\\/care-bears-estilo-primaveral\\\/#breadcrumb\"},\"inLanguage\":\"es\",\"potentialAction\":[{\"@type\":\"ReadAction\",\"target\":[\"https:\\\/\\\/zeromagazine.mx\\\/index.php\\\/2025\\\/03\\\/20\\\/care-bears-estilo-primaveral\\\/\"]}]},{\"@type\":\"ImageObject\",\"inLanguage\":\"es\",\"@id\":\"https:\\\/\\\/zeromagazine.mx\\\/index.php\\\/2025\\\/03\\\/20\\\/care-bears-estilo-primaveral\\\/#primaryimage\",\"url\":\"https:\\\/\\\/i0.wp.com\\\/zeromagazine.mx\\\/wp-content\\\/uploads\\\/2025\\\/03\\\/Care-Bears-3-1-1.png?fit=1500%2C1126&ssl=1\",\"contentUrl\":\"https:\\\/\\\/i0.wp.com\\\/zeromagazine.mx\\\/wp-content\\\/uploads\\\/2025\\\/03\\\/Care-Bears-3-1-1.png?fit=1500%2C1126&ssl=1\",\"width\":1500,\"height\":1126},{\"@type\":\"BreadcrumbList\",\"@id\":\"https:\\\/\\\/zeromagazine.mx\\\/index.php\\\/2025\\\/03\\\/20\\\/care-bears-estilo-primaveral\\\/#breadcrumb\",\"itemListElement\":[{\"@type\":\"ListItem\",\"position\":1,\"name\":\"Portada\",\"item\":\"https:\\\/\\\/zeromagazine.mx\\\/\"},{\"@type\":\"ListItem\",\"position\":2,\"name\":\"Care Bears: Estilo Primaveral\"}]},{\"@type\":\"WebSite\",\"@id\":\"https:\\\/\\\/zeromagazine.mx\\\/#website\",\"url\":\"https:\\\/\\\/zeromagazine.mx\\\/\",\"name\":\"Zero Magazine\",\"description\":\"\",\"publisher\":{\"@id\":\"https:\\\/\\\/zeromagazine.mx\\\/#organization\"},\"potentialAction\":[{\"@type\":\"SearchAction\",\"target\":{\"@type\":\"EntryPoint\",\"urlTemplate\":\"https:\\\/\\\/zeromagazine.mx\\\/?s={search_term_string}\"},\"query-input\":{\"@type\":\"PropertyValueSpecification\",\"valueRequired\":true,\"valueName\":\"search_term_string\"}}],\"inLanguage\":\"es\"},{\"@type\":\"Organization\",\"@id\":\"https:\\\/\\\/zeromagazine.mx\\\/#organization\",\"name\":\"Zero Magazine\",\"url\":\"https:\\\/\\\/zeromagazine.mx\\\/\",\"logo\":{\"@type\":\"ImageObject\",\"inLanguage\":\"es\",\"@id\":\"https:\\\/\\\/zeromagazine.mx\\\/#\\\/schema\\\/logo\\\/image\\\/\",\"url\":\"https:\\\/\\\/i0.wp.com\\\/zeromagazine.mx\\\/wp-content\\\/uploads\\\/2025\\\/11\\\/1.jpeg?fit=1000%2C1000&ssl=1\",\"contentUrl\":\"https:\\\/\\\/i0.wp.com\\\/zeromagazine.mx\\\/wp-content\\\/uploads\\\/2025\\\/11\\\/1.jpeg?fit=1000%2C1000&ssl=1\",\"width\":1000,\"height\":1000,\"caption\":\"Zero Magazine\"},\"image\":{\"@id\":\"https:\\\/\\\/zeromagazine.mx\\\/#\\\/schema\\\/logo\\\/image\\\/\"},\"sameAs\":[\"https:\\\/\\\/instagram.com\\\/zeromagazinemx\"]},{\"@type\":\"Person\",\"@id\":\"https:\\\/\\\/zeromagazine.mx\\\/#\\\/schema\\\/person\\\/9f7f1a17c60ba8e9980e3e6677aabe5a\",\"name\":\"David Morales\",\"image\":{\"@type\":\"ImageObject\",\"inLanguage\":\"es\",\"@id\":\"https:\\\/\\\/zeromagazine.mx\\\/wp-content\\\/litespeed\\\/avatar\\\/76069d2136bfc1c37dc34815bb67ca42.jpg?ver=1777571067\",\"url\":\"https:\\\/\\\/zeromagazine.mx\\\/wp-content\\\/litespeed\\\/avatar\\\/76069d2136bfc1c37dc34815bb67ca42.jpg?ver=1777571067\",\"contentUrl\":\"https:\\\/\\\/zeromagazine.mx\\\/wp-content\\\/litespeed\\\/avatar\\\/76069d2136bfc1c37dc34815bb67ca42.jpg?ver=1777571067\",\"caption\":\"David Morales\"},\"url\":\"https:\\\/\\\/zeromagazine.mx\\\/index.php\\\/author\\\/david\\\/\"}]}<\/script>\n<!-- \/ Yoast SEO plugin. -->","yoast_head_json":{"title":"Care Bears: Estilo Primaveral - Zero Magazine","description":"Refresca tu guardarropa esta primavera con el estilo y nostalgia que nos trae la nueva l\u00ednea de Care Bears.","robots":{"index":"index","follow":"follow","max-snippet":"max-snippet:-1","max-image-preview":"max-image-preview:large","max-video-preview":"max-video-preview:-1"},"canonical":"https:\/\/zeromagazine.mx\/index.php\/2025\/03\/20\/care-bears-estilo-primaveral\/","og_locale":"es_ES","og_type":"article","og_title":"Care Bears: Estilo Primaveral - Zero Magazine","og_description":"Refresca tu guardarropa esta primavera con el estilo y nostalgia que nos trae la nueva l\u00ednea de Care Bears.","og_url":"https:\/\/zeromagazine.mx\/index.php\/2025\/03\/20\/care-bears-estilo-primaveral\/","og_site_name":"Zero Magazine","article_published_time":"2025-03-21T03:38:11+00:00","article_modified_time":"2025-03-21T03:38:13+00:00","og_image":[{"width":1024,"height":769,"url":"http:\/\/zeromagazine.mx\/wp-content\/uploads\/2025\/03\/Care-Bears-3-1-1-1024x769.png","type":"image\/png"}],"author":"David Morales","twitter_card":"summary_large_image","twitter_misc":{"Escrito por":"David Morales","Tiempo de lectura":"4 minutos"},"schema":{"@context":"https:\/\/schema.org","@graph":[{"@type":"Article","@id":"https:\/\/zeromagazine.mx\/index.php\/2025\/03\/20\/care-bears-estilo-primaveral\/#article","isPartOf":{"@id":"https:\/\/zeromagazine.mx\/index.php\/2025\/03\/20\/care-bears-estilo-primaveral\/"},"author":{"name":"David Morales","@id":"https:\/\/zeromagazine.mx\/#\/schema\/person\/9f7f1a17c60ba8e9980e3e6677aabe5a"},"headline":"Care Bears: Estilo Primaveral","datePublished":"2025-03-21T03:38:11+00:00","dateModified":"2025-03-21T03:38:13+00:00","mainEntityOfPage":{"@id":"https:\/\/zeromagazine.mx\/index.php\/2025\/03\/20\/care-bears-estilo-primaveral\/"},"wordCount":413,"commentCount":0,"publisher":{"@id":"https:\/\/zeromagazine.mx\/#organization"},"image":{"@id":"https:\/\/zeromagazine.mx\/index.php\/2025\/03\/20\/care-bears-estilo-primaveral\/#primaryimage"},"thumbnailUrl":"https:\/\/i0.wp.com\/zeromagazine.mx\/wp-content\/uploads\/2025\/03\/Care-Bears-3-1-1.png?fit=1500%2C1126&ssl=1","keywords":["Care Bears","Outfits c\u00f3modos","Primavera2025"],"articleSection":["Moda"],"inLanguage":"es","potentialAction":[{"@type":"CommentAction","name":"Comment","target":["https:\/\/zeromagazine.mx\/index.php\/2025\/03\/20\/care-bears-estilo-primaveral\/#respond"]}]},{"@type":"WebPage","@id":"https:\/\/zeromagazine.mx\/index.php\/2025\/03\/20\/care-bears-estilo-primaveral\/","url":"https:\/\/zeromagazine.mx\/index.php\/2025\/03\/20\/care-bears-estilo-primaveral\/","name":"Care Bears: Estilo Primaveral - Zero Magazine","isPartOf":{"@id":"https:\/\/zeromagazine.mx\/#website"},"primaryImageOfPage":{"@id":"https:\/\/zeromagazine.mx\/index.php\/2025\/03\/20\/care-bears-estilo-primaveral\/#primaryimage"},"image":{"@id":"https:\/\/zeromagazine.mx\/index.php\/2025\/03\/20\/care-bears-estilo-primaveral\/#primaryimage"},"thumbnailUrl":"https:\/\/i0.wp.com\/zeromagazine.mx\/wp-content\/uploads\/2025\/03\/Care-Bears-3-1-1.png?fit=1500%2C1126&ssl=1","datePublished":"2025-03-21T03:38:11+00:00","dateModified":"2025-03-21T03:38:13+00:00","description":"Refresca tu guardarropa esta primavera con el estilo y nostalgia que nos trae la nueva l\u00ednea de Care Bears.","breadcrumb":{"@id":"https:\/\/zeromagazine.mx\/index.php\/2025\/03\/20\/care-bears-estilo-primaveral\/#breadcrumb"},"inLanguage":"es","potentialAction":[{"@type":"ReadAction","target":["https:\/\/zeromagazine.mx\/index.php\/2025\/03\/20\/care-bears-estilo-primaveral\/"]}]},{"@type":"ImageObject","inLanguage":"es","@id":"https:\/\/zeromagazine.mx\/index.php\/2025\/03\/20\/care-bears-estilo-primaveral\/#primaryimage","url":"https:\/\/i0.wp.com\/zeromagazine.mx\/wp-content\/uploads\/2025\/03\/Care-Bears-3-1-1.png?fit=1500%2C1126&ssl=1","contentUrl":"https:\/\/i0.wp.com\/zeromagazine.mx\/wp-content\/uploads\/2025\/03\/Care-Bears-3-1-1.png?fit=1500%2C1126&ssl=1","width":1500,"height":1126},{"@type":"BreadcrumbList","@id":"https:\/\/zeromagazine.mx\/index.php\/2025\/03\/20\/care-bears-estilo-primaveral\/#breadcrumb","itemListElement":[{"@type":"ListItem","position":1,"name":"Portada","item":"https:\/\/zeromagazine.mx\/"},{"@type":"ListItem","position":2,"name":"Care Bears: Estilo Primaveral"}]},{"@type":"WebSite","@id":"https:\/\/zeromagazine.mx\/#website","url":"https:\/\/zeromagazine.mx\/","name":"Zero Magazine","description":"","publisher":{"@id":"https:\/\/zeromagazine.mx\/#organization"},"potentialAction":[{"@type":"SearchAction","target":{"@type":"EntryPoint","urlTemplate":"https:\/\/zeromagazine.mx\/?s={search_term_string}"},"query-input":{"@type":"PropertyValueSpecification","valueRequired":true,"valueName":"search_term_string"}}],"inLanguage":"es"},{"@type":"Organization","@id":"https:\/\/zeromagazine.mx\/#organization","name":"Zero Magazine","url":"https:\/\/zeromagazine.mx\/","logo":{"@type":"ImageObject","inLanguage":"es","@id":"https:\/\/zeromagazine.mx\/#\/schema\/logo\/image\/","url":"https:\/\/i0.wp.com\/zeromagazine.mx\/wp-content\/uploads\/2025\/11\/1.jpeg?fit=1000%2C1000&ssl=1","contentUrl":"https:\/\/i0.wp.com\/zeromagazine.mx\/wp-content\/uploads\/2025\/11\/1.jpeg?fit=1000%2C1000&ssl=1","width":1000,"height":1000,"caption":"Zero Magazine"},"image":{"@id":"https:\/\/zeromagazine.mx\/#\/schema\/logo\/image\/"},"sameAs":["https:\/\/instagram.com\/zeromagazinemx"]},{"@type":"Person","@id":"https:\/\/zeromagazine.mx\/#\/schema\/person\/9f7f1a17c60ba8e9980e3e6677aabe5a","name":"David Morales","image":{"@type":"ImageObject","inLanguage":"es","@id":"https:\/\/zeromagazine.mx\/wp-content\/litespeed\/avatar\/76069d2136bfc1c37dc34815bb67ca42.jpg?ver=1777571067","url":"https:\/\/zeromagazine.mx\/wp-content\/litespeed\/avatar\/76069d2136bfc1c37dc34815bb67ca42.jpg?ver=1777571067","contentUrl":"https:\/\/zeromagazine.mx\/wp-content\/litespeed\/avatar\/76069d2136bfc1c37dc34815bb67ca42.jpg?ver=1777571067","caption":"David Morales"},"url":"https:\/\/zeromagazine.mx\/index.php\/author\/david\/"}]}},"jetpack_publicize_connections":[],"jetpack_featured_media_url":"https:\/\/i0.wp.com\/zeromagazine.mx\/wp-content\/uploads\/2025\/03\/Care-Bears-3-1-1.png?fit=1500%2C1126&ssl=1","jetpack-related-posts":[{"id":119830,"url":"https:\/\/zeromagazine.mx\/index.php\/2026\/04\/30\/regalos-care-bears-dia-del-nino\/","url_meta":{"origin":99254,"position":0},"title":"Care Bears celebra el Superpoder de Ser Ni\u00f1o: una gu\u00eda de regalos para este 30 de \u200b abril","author":"David Morales","date":"30 de abril de 2026","format":false,"excerpt":"Porque crecer est\u00e1 bien\u2026 pero ser ni\u00f1o sigue siendo lo m\u00e1s poderoso de todo. Hay algo que nunca pasa de moda: imaginar sin l\u00edmites. Este D\u00eda del Ni\u00f1o, los\u00a0Care Bears\u00a0regresan con una idea simple pero poderosa: ser ni\u00f1o ya es, en s\u00ed mismo, un superpoder. regalos Care Bears: expresar qui\u00e9n\u2026","rel":"","context":"En \u00abBlog\u00bb","block_context":{"text":"Blog","link":"https:\/\/zeromagazine.mx\/index.php\/category\/blog\/"},"img":{"alt_text":"","src":"https:\/\/i0.wp.com\/zeromagazine.mx\/wp-content\/uploads\/2026\/04\/IMG_2487.jpeg?fit=1200%2C752&ssl=1&resize=350%2C200","width":350,"height":200,"srcset":"https:\/\/i0.wp.com\/zeromagazine.mx\/wp-content\/uploads\/2026\/04\/IMG_2487.jpeg?fit=1200%2C752&ssl=1&resize=350%2C200 1x, https:\/\/i0.wp.com\/zeromagazine.mx\/wp-content\/uploads\/2026\/04\/IMG_2487.jpeg?fit=1200%2C752&ssl=1&resize=525%2C300 1.5x, https:\/\/i0.wp.com\/zeromagazine.mx\/wp-content\/uploads\/2026\/04\/IMG_2487.jpeg?fit=1200%2C752&ssl=1&resize=700%2C400 2x, https:\/\/i0.wp.com\/zeromagazine.mx\/wp-content\/uploads\/2026\/04\/IMG_2487.jpeg?fit=1200%2C752&ssl=1&resize=1050%2C600 3x"},"classes":[]},{"id":118184,"url":"https:\/\/zeromagazine.mx\/index.php\/2026\/04\/13\/care-bears-moda-primavera-estilo\/","url_meta":{"origin":99254,"position":1},"title":"Care Bears vibes primavera","author":"zeromagazinemx","date":"13 de abril de 2026","format":false,"excerpt":"En una era saturada de est\u00edmulos, la nostalgia ya no es solo recuerdo: es una forma de volver a sentir. Marzo siempre promete renovaci\u00f3n, pero este a\u00f1o hay algo distinto en el aire. No se trata solo de d\u00edas m\u00e1s largos o jacarandas en flor, sino de una necesidad mucho\u2026","rel":"","context":"En \u00abModa\u00bb","block_context":{"text":"Moda","link":"https:\/\/zeromagazine.mx\/index.php\/category\/moda\/"},"img":{"alt_text":"","src":"https:\/\/i0.wp.com\/zeromagazine.mx\/wp-content\/uploads\/2026\/04\/IMAGEN-5.png?fit=899%2C636&ssl=1&resize=350%2C200","width":350,"height":200,"srcset":"https:\/\/i0.wp.com\/zeromagazine.mx\/wp-content\/uploads\/2026\/04\/IMAGEN-5.png?fit=899%2C636&ssl=1&resize=350%2C200 1x, https:\/\/i0.wp.com\/zeromagazine.mx\/wp-content\/uploads\/2026\/04\/IMAGEN-5.png?fit=899%2C636&ssl=1&resize=525%2C300 1.5x, https:\/\/i0.wp.com\/zeromagazine.mx\/wp-content\/uploads\/2026\/04\/IMAGEN-5.png?fit=899%2C636&ssl=1&resize=700%2C400 2x"},"classes":[]},{"id":92983,"url":"https:\/\/zeromagazine.mx\/index.php\/2024\/12\/12\/comparte-la-magia-con-la-coleccion-care-bears\/","url_meta":{"origin":99254,"position":2},"title":"Comparte la Magia con la Colecci\u00f3n Care Bears","author":"zeromagazinemx","date":"12 de diciembre de 2024","format":false,"excerpt":"La \u00e9poca m\u00e1s sparkly del a\u00f1o ya est\u00e1 aqu\u00ed, y con ella llega el drama y emoci\u00f3n de encontrar el regalo perfecto para tus personas favoritas. S\u00ed, el dilema de cada diciembre: \u00bfc\u00f3mo elegir algo que realmente represente lo mucho que significan para ti? Bueno, amix, d\u00e9jame decirte que la\u2026","rel":"","context":"En \u00abDise\u00f1o\u00bb","block_context":{"text":"Dise\u00f1o","link":"https:\/\/zeromagazine.mx\/index.php\/category\/diseno\/"},"img":{"alt_text":"","src":"https:\/\/i0.wp.com\/zeromagazine.mx\/wp-content\/uploads\/2024\/12\/Captura-de-Pantalla-2024-11-29-a-las-14.23.52.png?fit=564%2C411&ssl=1&resize=350%2C200","width":350,"height":200,"srcset":"https:\/\/i0.wp.com\/zeromagazine.mx\/wp-content\/uploads\/2024\/12\/Captura-de-Pantalla-2024-11-29-a-las-14.23.52.png?fit=564%2C411&ssl=1&resize=350%2C200 1x, https:\/\/i0.wp.com\/zeromagazine.mx\/wp-content\/uploads\/2024\/12\/Captura-de-Pantalla-2024-11-29-a-las-14.23.52.png?fit=564%2C411&ssl=1&resize=525%2C300 1.5x"},"classes":[]},{"id":96839,"url":"https:\/\/zeromagazine.mx\/index.php\/2025\/02\/14\/care-bears-regalos-san-valentin\/","url_meta":{"origin":99254,"position":3},"title":"Care Bears: Regalos con Magia","author":"David Morales","date":"14 de febrero de 2025","format":false,"excerpt":"El 14 de febrero es la excusa perfecta para demostrar amor en todas sus formas. Ya sea con tu amix, tu pareja, tu familia o hasta contigo misme, esta fecha se trata de compartir vibes bonitas. Y si creciste viendo a los Care Bears, sabes que no hay mejor forma\u2026","rel":"","context":"En \u00abModa\u00bb","block_context":{"text":"Moda","link":"https:\/\/zeromagazine.mx\/index.php\/category\/moda\/"},"img":{"alt_text":"","src":"https:\/\/i0.wp.com\/zeromagazine.mx\/wp-content\/uploads\/2025\/02\/CARE-BEARS-6.jpg?fit=1059%2C860&ssl=1&resize=350%2C200","width":350,"height":200,"srcset":"https:\/\/i0.wp.com\/zeromagazine.mx\/wp-content\/uploads\/2025\/02\/CARE-BEARS-6.jpg?fit=1059%2C860&ssl=1&resize=350%2C200 1x, https:\/\/i0.wp.com\/zeromagazine.mx\/wp-content\/uploads\/2025\/02\/CARE-BEARS-6.jpg?fit=1059%2C860&ssl=1&resize=525%2C300 1.5x, https:\/\/i0.wp.com\/zeromagazine.mx\/wp-content\/uploads\/2025\/02\/CARE-BEARS-6.jpg?fit=1059%2C860&ssl=1&resize=700%2C400 2x, https:\/\/i0.wp.com\/zeromagazine.mx\/wp-content\/uploads\/2025\/02\/CARE-BEARS-6.jpg?fit=1059%2C860&ssl=1&resize=1050%2C600 3x"},"classes":[]},{"id":82720,"url":"https:\/\/zeromagazine.mx\/index.php\/2024\/08\/28\/crocs-x-care-bears-nostalgia-chic\/","url_meta":{"origin":99254,"position":4},"title":"Crocs x Care Bears: Nostalgia Chic","author":"zeromagazinemx","date":"28 de agosto de 2024","format":false,"excerpt":"\u00bfQui\u00e9n no ha crecido con los adorables Care Bears y sus infinitas aventuras? Nosotros s\u00ed, y por eso estamos mega emocionados por la \u00faltima collab entre Crocs y los ic\u00f3nicos osos de colores. Prep\u00e1rense para un viaje directo a la nostalgia con la nueva colecci\u00f3n de edici\u00f3n limitada, donde los\u2026","rel":"","context":"En \u00abModa\u00bb","block_context":{"text":"Moda","link":"https:\/\/zeromagazine.mx\/index.php\/category\/moda\/"},"img":{"alt_text":"","src":"https:\/\/i0.wp.com\/zeromagazine.mx\/wp-content\/uploads\/2024\/08\/2024_S3_CareBears_Global-Creative_Ecomm_GLBL_Onsight_Hero-Mobile-1.png?fit=1200%2C735&ssl=1&resize=350%2C200","width":350,"height":200,"srcset":"https:\/\/i0.wp.com\/zeromagazine.mx\/wp-content\/uploads\/2024\/08\/2024_S3_CareBears_Global-Creative_Ecomm_GLBL_Onsight_Hero-Mobile-1.png?fit=1200%2C735&ssl=1&resize=350%2C200 1x, https:\/\/i0.wp.com\/zeromagazine.mx\/wp-content\/uploads\/2024\/08\/2024_S3_CareBears_Global-Creative_Ecomm_GLBL_Onsight_Hero-Mobile-1.png?fit=1200%2C735&ssl=1&resize=525%2C300 1.5x, https:\/\/i0.wp.com\/zeromagazine.mx\/wp-content\/uploads\/2024\/08\/2024_S3_CareBears_Global-Creative_Ecomm_GLBL_Onsight_Hero-Mobile-1.png?fit=1200%2C735&ssl=1&resize=700%2C400 2x, https:\/\/i0.wp.com\/zeromagazine.mx\/wp-content\/uploads\/2024\/08\/2024_S3_CareBears_Global-Creative_Ecomm_GLBL_Onsight_Hero-Mobile-1.png?fit=1200%2C735&ssl=1&resize=1050%2C600 3x"},"classes":[]},{"id":91909,"url":"https:\/\/zeromagazine.mx\/index.php\/2024\/11\/27\/planes-para-un-thanksgiving-epic\/","url_meta":{"origin":99254,"position":5},"title":"Planes para un Thanksgiving Epic","author":"zeromagazinemx","date":"27 de noviembre de 2024","format":false,"excerpt":"Let\u2019s talk. Thanksgiving en Estados Unidos no es solo el pavo, el stuffing y las monta\u00f1as de pumpkin pie. No no. Hay algo m\u00e1s que se roba los reflectores y nos tiene pegados a la pantalla o al estadio, si tienes suerte: el f\u00fatbol americano. Este combo de comida, familia\u2026","rel":"","context":"En \u00abViajes\u00bb","block_context":{"text":"Viajes","link":"https:\/\/zeromagazine.mx\/index.php\/category\/lugares\/"},"img":{"alt_text":"","src":"https:\/\/i0.wp.com\/zeromagazine.mx\/wp-content\/uploads\/2024\/11\/caleb-williams-chicago-bears-vs-minnesota-vikings.jpg?fit=1200%2C800&ssl=1&resize=350%2C200","width":350,"height":200,"srcset":"https:\/\/i0.wp.com\/zeromagazine.mx\/wp-content\/uploads\/2024\/11\/caleb-williams-chicago-bears-vs-minnesota-vikings.jpg?fit=1200%2C800&ssl=1&resize=350%2C200 1x, https:\/\/i0.wp.com\/zeromagazine.mx\/wp-content\/uploads\/2024\/11\/caleb-williams-chicago-bears-vs-minnesota-vikings.jpg?fit=1200%2C800&ssl=1&resize=525%2C300 1.5x, https:\/\/i0.wp.com\/zeromagazine.mx\/wp-content\/uploads\/2024\/11\/caleb-williams-chicago-bears-vs-minnesota-vikings.jpg?fit=1200%2C800&ssl=1&resize=700%2C400 2x, https:\/\/i0.wp.com\/zeromagazine.mx\/wp-content\/uploads\/2024\/11\/caleb-williams-chicago-bears-vs-minnesota-vikings.jpg?fit=1200%2C800&ssl=1&resize=1050%2C600 3x"},"classes":[]}],"jetpack_sharing_enabled":true,"builder_content":"","_links":{"self":[{"href":"https:\/\/zeromagazine.mx\/index.php\/wp-json\/wp\/v2\/posts\/99254","targetHints":{"allow":["GET"]}}],"collection":[{"href":"https:\/\/zeromagazine.mx\/index.php\/wp-json\/wp\/v2\/posts"}],"about":[{"href":"https:\/\/zeromagazine.mx\/index.php\/wp-json\/wp\/v2\/types\/post"}],"author":[{"embeddable":true,"href":"https:\/\/zeromagazine.mx\/index.php\/wp-json\/wp\/v2\/users\/4"}],"replies":[{"embeddable":true,"href":"https:\/\/zeromagazine.mx\/index.php\/wp-json\/wp\/v2\/comments?post=99254"}],"version-history":[{"count":3,"href":"https:\/\/zeromagazine.mx\/index.php\/wp-json\/wp\/v2\/posts\/99254\/revisions"}],"predecessor-version":[{"id":99264,"href":"https:\/\/zeromagazine.mx\/index.php\/wp-json\/wp\/v2\/posts\/99254\/revisions\/99264"}],"wp:featuredmedia":[{"embeddable":true,"href":"https:\/\/zeromagazine.mx\/index.php\/wp-json\/wp\/v2\/media\/99255"}],"wp:attachment":[{"href":"https:\/\/zeromagazine.mx\/index.php\/wp-json\/wp\/v2\/media?parent=99254"}],"wp:term":[{"taxonomy":"category","embeddable":true,"href":"https:\/\/zeromagazine.mx\/index.php\/wp-json\/wp\/v2\/categories?post=99254"},{"taxonomy":"post_tag","embeddable":true,"href":"https:\/\/zeromagazine.mx\/index.php\/wp-json\/wp\/v2\/tags?post=99254"}],"curies":[{"name":"wp","href":"https:\/\/api.w.org\/{rel}","templated":true}]}}