{"id":99583,"date":"2025-03-25T21:16:10","date_gmt":"2025-03-26T03:16:10","guid":{"rendered":"https:\/\/zeromagazine.mx\/?p=99583"},"modified":"2025-03-25T21:16:11","modified_gmt":"2025-03-26T03:16:11","slug":"combate-la-esclerosis-multiple","status":"publish","type":"post","link":"https:\/\/zeromagazine.mx\/index.php\/2025\/03\/25\/combate-la-esclerosis-multiple\/","title":{"rendered":"Combate La Esclerosis M\u00faltiple"},"content":{"rendered":"<p>Amix, \u00bfsab\u00edan que el 70% de las personas que viven con <strong>Esclerosis M\u00faltiple (EM)<\/strong> son mujeres? Es una cifra impactante que nos pone a pensar en lo importante que es visibilizar esta enfermedad. Aunque no se sabe exactamente por qu\u00e9 afecta m\u00e1s a las morras, una teor\u00eda apunta a que su sistema inmunol\u00f3gico es m\u00e1s complejo y est\u00e1 muy influenciado por las hormonas. <strong>Combatir la Esclerosis m\u00faltiple<\/strong> es el concepto que debemos destacar para generar conciencia y apoyo. Asi que amix, quedate y descubre como compatir esta enfermedad.<\/p>\n\n\n\n<h3 class=\"wp-block-heading\">Impacto hormonal y emocional<\/h3>\n\n\n\n<p>Para empezar, hay que hablar de los cambios hormonales, que pueden ser una pesadilla cuando se tiene EM. Durante los ciclos menstruales o la menopausia, los niveles de <strong>estr\u00f3geno<\/strong> fluct\u00faan un mont\u00f3n y eso puede intensificar los s\u00edntomas como la fatiga y la debilidad. Adem\u00e1s, el impacto emocional tambi\u00e9n juega un rol s\u00faper importante, ya que el estr\u00e9s y la ansiedad pueden empeorar la condici\u00f3n. Por eso es crucial que el tratamiento sea integral, considerando tanto lo f\u00edsico como lo emocional.<\/p>\n\n\n\n<p>Adem\u00e1s, durante el embarazo, las mujeres con EM producen <strong>estriol<\/strong>, un tipo de estr\u00f3geno que reduce los brotes de la enfermedad y mejora el bienestar. Esto demuestra que el factor hormonal puede ser tanto un obst\u00e1culo como una ventaja, dependiendo del momento de la vida en el que te encuentres.<\/p>\n\n\n\n<h3 class=\"wp-block-heading\">Actividad f\u00edsica para ganar fuerza<\/h3>\n\n\n\n<p>Asimismo, el ejercicio puede marcar la diferencia. A veces pensamos que el descanso es lo mejor, pero mantenerse activx ayuda a reducir la fatiga y mejora la fuerza muscular. No se trata de hacer rutinas extremas, sino de incorporar actividades como caminar, yoga o ejercicios de resistencia. El movimiento constante mejora la calidad de vida y hace que las jornadas sean m\u00e1s llevaderas.<\/p>\n\n\n\n<p>Por otro lado, es fundamental cuidar la alimentaci\u00f3n. Aunque no existe una dieta espec\u00edfica para la EM, llevar una alimentaci\u00f3n baja en grasas y rica en nutrientes puede ayudar a regular algunos s\u00edntomas y mantener el cuerpo en mejores condiciones para enfrentar el desgaste diario.<\/p>\n\n\n\n<h3 class=\"wp-block-heading\">Visibilizando y apoyando el Combate a la Esclerosis<\/h3>\n\n\n\n<p>Adem\u00e1s, en el marco del <strong>D\u00eda Mundial de la Mujer<\/strong>, la asociaci\u00f3n <strong>Unidos Combatiendo la Esclerosis M\u00faltiple (UCEM)<\/strong> organiz\u00f3 el evento <strong>\u00abSemillas de Salud\u00bb<\/strong>, donde se abordaron temas clave como nutrici\u00f3n, sexualidad y ejercicio. Estas jornadas no solo ofrecen informaci\u00f3n \u00fatil, sino que tambi\u00e9n conectan a la comunidad para compartir experiencias y sentir el respaldo de personas que est\u00e1n en la misma situaci\u00f3n.<\/p>\n\n\n\n<p>Finalmente, la clave para enfrentar la EM est\u00e1 en crear redes de apoyo s\u00f3lidas y garantizar el acceso a tratamientos adecuados. Es fundamental que las instituciones de salud adopten un enfoque integral y especializado que tenga en cuenta tanto los factores f\u00edsicos como emocionales. No podemos ignorar la necesidad de cuidados espec\u00edficos para las mujeres, quienes representan la mayor\u00eda de los casos.<\/p>\n\n\n\n<p>Si quieres saber m\u00e1s sobre el trabajo de la <strong>UCEM<\/strong> y c\u00f3mo puedes apoyar a esta comunidad, visita su sitio oficial en <a href=\"https:\/\/ucemmexico.org\/\">UCEM.org<\/a>. Porque juntxs somos m\u00e1s fuertes y cada acci\u00f3n cuenta.<\/p>\n\n\n\n<script async src=\"https:\/\/pagead2.googlesyndication.com\/pagead\/js\/adsbygoogle.js?client=ca-pub-5499304793904745\"\n     crossorigin=\"anonymous\"><\/script>\n<ins class=\"adsbygoogle\"\n     style=\"display:block; text-align:center;\"\n     data-ad-layout=\"in-article\"\n     data-ad-format=\"fluid\"\n     data-ad-client=\"ca-pub-5499304793904745\"\n     data-ad-slot=\"5994863093\"><\/ins>\n<script>\n     (adsbygoogle = window.adsbygoogle || []).push({});\n<\/script>\n\n<!--themify_builder_content-->\n<div id=\"themify_builder_content-99583\" data-postid=\"99583\" class=\"themify_builder_content themify_builder_content-99583 themify_builder tf_clear\">\n    <\/div>\n<!--\/themify_builder_content-->","protected":false},"excerpt":{"rendered":"<p>Amix, \u00bfsab\u00edan que el 70% de las personas que viven con Esclerosis M\u00faltiple (EM) son mujeres? Es una cifra impactante que nos pone a pensar en lo importante que es visibilizar esta enfermedad. Aunque no se sabe exactamente por qu\u00e9 afecta m\u00e1s a las morras, una teor\u00eda apunta a que su sistema inmunol\u00f3gico es m\u00e1s [&hellip;]<\/p>\n","protected":false},"author":4,"featured_media":99584,"comment_status":"open","ping_status":"open","sticky":false,"template":"","format":"standard","meta":{"_jetpack_memberships_contains_paid_content":false,"footnotes":"","jetpack_publicize_message":"","jetpack_publicize_feature_enabled":true,"jetpack_social_post_already_shared":true,"jetpack_social_options":{"image_generator_settings":{"template":"highway","default_image_id":0,"font":"","enabled":false},"version":2}},"categories":[45],"tags":[13004,13003,13005],"class_list":["post-99583","post","type-post","status-publish","format-standard","has-post-thumbnail","hentry","category-bienestar","tag-cuidade-y-bienestar","tag-esclerosis-multiples","tag-ucem","has-post-title","has-post-date","has-post-category","has-post-tag","has-post-comment","has-post-author",""],"yoast_head":"<!-- This site is optimized with the Yoast SEO plugin v27.4 - https:\/\/yoast.com\/product\/yoast-seo-wordpress\/ -->\n<title>Combate La Esclerosis M\u00faltiple - Zero Magazine<\/title>\n<meta name=\"description\" content=\"La esclerosis m\u00faltiple afecta principalmente a mujeres, pero todes podes ayudar para combatirla. Entra y descubre c\u00f3mo.\" \/>\n<meta name=\"robots\" content=\"index, follow, max-snippet:-1, max-image-preview:large, max-video-preview:-1\" \/>\n<link rel=\"canonical\" href=\"https:\/\/zeromagazine.mx\/index.php\/2025\/03\/25\/combate-la-esclerosis-multiple\/\" \/>\n<meta property=\"og:locale\" content=\"es_ES\" \/>\n<meta property=\"og:type\" content=\"article\" \/>\n<meta property=\"og:title\" content=\"Combate La Esclerosis M\u00faltiple - Zero Magazine\" \/>\n<meta property=\"og:description\" content=\"La esclerosis m\u00faltiple afecta principalmente a mujeres, pero todes podes ayudar para combatirla. Entra y descubre c\u00f3mo.\" \/>\n<meta property=\"og:url\" content=\"https:\/\/zeromagazine.mx\/index.php\/2025\/03\/25\/combate-la-esclerosis-multiple\/\" \/>\n<meta property=\"og:site_name\" content=\"Zero Magazine\" \/>\n<meta property=\"article:published_time\" content=\"2025-03-26T03:16:10+00:00\" \/>\n<meta property=\"article:modified_time\" content=\"2025-03-26T03:16:11+00:00\" \/>\n<meta property=\"og:image\" content=\"http:\/\/zeromagazine.mx\/wp-content\/uploads\/2025\/03\/\u00bfComo-es-vivir-con-esclerosis-multiple_-_-Enfermedades-y-condiciones.jpeg\" \/>\n\t<meta property=\"og:image:width\" content=\"736\" \/>\n\t<meta property=\"og:image:height\" content=\"552\" \/>\n\t<meta property=\"og:image:type\" content=\"image\/jpeg\" \/>\n<meta name=\"author\" content=\"David Morales\" \/>\n<meta name=\"twitter:card\" content=\"summary_large_image\" \/>\n<meta name=\"twitter:label1\" content=\"Escrito por\" \/>\n\t<meta name=\"twitter:data1\" content=\"David Morales\" \/>\n\t<meta name=\"twitter:label2\" content=\"Tiempo de lectura\" \/>\n\t<meta name=\"twitter:data2\" content=\"3 minutos\" \/>\n<script type=\"application\/ld+json\" class=\"yoast-schema-graph\">{\"@context\":\"https:\\\/\\\/schema.org\",\"@graph\":[{\"@type\":\"Article\",\"@id\":\"https:\\\/\\\/zeromagazine.mx\\\/index.php\\\/2025\\\/03\\\/25\\\/combate-la-esclerosis-multiple\\\/#article\",\"isPartOf\":{\"@id\":\"https:\\\/\\\/zeromagazine.mx\\\/index.php\\\/2025\\\/03\\\/25\\\/combate-la-esclerosis-multiple\\\/\"},\"author\":{\"name\":\"David Morales\",\"@id\":\"https:\\\/\\\/zeromagazine.mx\\\/#\\\/schema\\\/person\\\/9f7f1a17c60ba8e9980e3e6677aabe5a\"},\"headline\":\"Combate La Esclerosis M\u00faltiple\",\"datePublished\":\"2025-03-26T03:16:10+00:00\",\"dateModified\":\"2025-03-26T03:16:11+00:00\",\"mainEntityOfPage\":{\"@id\":\"https:\\\/\\\/zeromagazine.mx\\\/index.php\\\/2025\\\/03\\\/25\\\/combate-la-esclerosis-multiple\\\/\"},\"wordCount\":549,\"commentCount\":0,\"publisher\":{\"@id\":\"https:\\\/\\\/zeromagazine.mx\\\/#organization\"},\"image\":{\"@id\":\"https:\\\/\\\/zeromagazine.mx\\\/index.php\\\/2025\\\/03\\\/25\\\/combate-la-esclerosis-multiple\\\/#primaryimage\"},\"thumbnailUrl\":\"https:\\\/\\\/i0.wp.com\\\/zeromagazine.mx\\\/wp-content\\\/uploads\\\/2025\\\/03\\\/%C2%BFComo-es-vivir-con-esclerosis-multiple_-_-Enfermedades-y-condiciones.jpeg?fit=736%2C552&ssl=1\",\"keywords\":[\"Cuidade y bienestar\",\"Esclerosis m\u00faltiples\",\"UCEM\"],\"articleSection\":[\"Bienestar\"],\"inLanguage\":\"es\",\"potentialAction\":[{\"@type\":\"CommentAction\",\"name\":\"Comment\",\"target\":[\"https:\\\/\\\/zeromagazine.mx\\\/index.php\\\/2025\\\/03\\\/25\\\/combate-la-esclerosis-multiple\\\/#respond\"]}]},{\"@type\":\"WebPage\",\"@id\":\"https:\\\/\\\/zeromagazine.mx\\\/index.php\\\/2025\\\/03\\\/25\\\/combate-la-esclerosis-multiple\\\/\",\"url\":\"https:\\\/\\\/zeromagazine.mx\\\/index.php\\\/2025\\\/03\\\/25\\\/combate-la-esclerosis-multiple\\\/\",\"name\":\"Combate La Esclerosis M\u00faltiple - Zero Magazine\",\"isPartOf\":{\"@id\":\"https:\\\/\\\/zeromagazine.mx\\\/#website\"},\"primaryImageOfPage\":{\"@id\":\"https:\\\/\\\/zeromagazine.mx\\\/index.php\\\/2025\\\/03\\\/25\\\/combate-la-esclerosis-multiple\\\/#primaryimage\"},\"image\":{\"@id\":\"https:\\\/\\\/zeromagazine.mx\\\/index.php\\\/2025\\\/03\\\/25\\\/combate-la-esclerosis-multiple\\\/#primaryimage\"},\"thumbnailUrl\":\"https:\\\/\\\/i0.wp.com\\\/zeromagazine.mx\\\/wp-content\\\/uploads\\\/2025\\\/03\\\/%C2%BFComo-es-vivir-con-esclerosis-multiple_-_-Enfermedades-y-condiciones.jpeg?fit=736%2C552&ssl=1\",\"datePublished\":\"2025-03-26T03:16:10+00:00\",\"dateModified\":\"2025-03-26T03:16:11+00:00\",\"description\":\"La esclerosis m\u00faltiple afecta principalmente a mujeres, pero todes podes ayudar para combatirla. Entra y descubre c\u00f3mo.\",\"breadcrumb\":{\"@id\":\"https:\\\/\\\/zeromagazine.mx\\\/index.php\\\/2025\\\/03\\\/25\\\/combate-la-esclerosis-multiple\\\/#breadcrumb\"},\"inLanguage\":\"es\",\"potentialAction\":[{\"@type\":\"ReadAction\",\"target\":[\"https:\\\/\\\/zeromagazine.mx\\\/index.php\\\/2025\\\/03\\\/25\\\/combate-la-esclerosis-multiple\\\/\"]}]},{\"@type\":\"ImageObject\",\"inLanguage\":\"es\",\"@id\":\"https:\\\/\\\/zeromagazine.mx\\\/index.php\\\/2025\\\/03\\\/25\\\/combate-la-esclerosis-multiple\\\/#primaryimage\",\"url\":\"https:\\\/\\\/i0.wp.com\\\/zeromagazine.mx\\\/wp-content\\\/uploads\\\/2025\\\/03\\\/%C2%BFComo-es-vivir-con-esclerosis-multiple_-_-Enfermedades-y-condiciones.jpeg?fit=736%2C552&ssl=1\",\"contentUrl\":\"https:\\\/\\\/i0.wp.com\\\/zeromagazine.mx\\\/wp-content\\\/uploads\\\/2025\\\/03\\\/%C2%BFComo-es-vivir-con-esclerosis-multiple_-_-Enfermedades-y-condiciones.jpeg?fit=736%2C552&ssl=1\",\"width\":736,\"height\":552},{\"@type\":\"BreadcrumbList\",\"@id\":\"https:\\\/\\\/zeromagazine.mx\\\/index.php\\\/2025\\\/03\\\/25\\\/combate-la-esclerosis-multiple\\\/#breadcrumb\",\"itemListElement\":[{\"@type\":\"ListItem\",\"position\":1,\"name\":\"Portada\",\"item\":\"https:\\\/\\\/zeromagazine.mx\\\/\"},{\"@type\":\"ListItem\",\"position\":2,\"name\":\"Combate La Esclerosis M\u00faltiple\"}]},{\"@type\":\"WebSite\",\"@id\":\"https:\\\/\\\/zeromagazine.mx\\\/#website\",\"url\":\"https:\\\/\\\/zeromagazine.mx\\\/\",\"name\":\"Zero Magazine\",\"description\":\"\",\"publisher\":{\"@id\":\"https:\\\/\\\/zeromagazine.mx\\\/#organization\"},\"potentialAction\":[{\"@type\":\"SearchAction\",\"target\":{\"@type\":\"EntryPoint\",\"urlTemplate\":\"https:\\\/\\\/zeromagazine.mx\\\/?s={search_term_string}\"},\"query-input\":{\"@type\":\"PropertyValueSpecification\",\"valueRequired\":true,\"valueName\":\"search_term_string\"}}],\"inLanguage\":\"es\"},{\"@type\":\"Organization\",\"@id\":\"https:\\\/\\\/zeromagazine.mx\\\/#organization\",\"name\":\"Zero Magazine\",\"url\":\"https:\\\/\\\/zeromagazine.mx\\\/\",\"logo\":{\"@type\":\"ImageObject\",\"inLanguage\":\"es\",\"@id\":\"https:\\\/\\\/zeromagazine.mx\\\/#\\\/schema\\\/logo\\\/image\\\/\",\"url\":\"https:\\\/\\\/i0.wp.com\\\/zeromagazine.mx\\\/wp-content\\\/uploads\\\/2025\\\/11\\\/1.jpeg?fit=1000%2C1000&ssl=1\",\"contentUrl\":\"https:\\\/\\\/i0.wp.com\\\/zeromagazine.mx\\\/wp-content\\\/uploads\\\/2025\\\/11\\\/1.jpeg?fit=1000%2C1000&ssl=1\",\"width\":1000,\"height\":1000,\"caption\":\"Zero Magazine\"},\"image\":{\"@id\":\"https:\\\/\\\/zeromagazine.mx\\\/#\\\/schema\\\/logo\\\/image\\\/\"},\"sameAs\":[\"https:\\\/\\\/instagram.com\\\/zeromagazinemx\"]},{\"@type\":\"Person\",\"@id\":\"https:\\\/\\\/zeromagazine.mx\\\/#\\\/schema\\\/person\\\/9f7f1a17c60ba8e9980e3e6677aabe5a\",\"name\":\"David Morales\",\"image\":{\"@type\":\"ImageObject\",\"inLanguage\":\"es\",\"@id\":\"https:\\\/\\\/zeromagazine.mx\\\/wp-content\\\/litespeed\\\/avatar\\\/76069d2136bfc1c37dc34815bb67ca42.jpg?ver=1776966186\",\"url\":\"https:\\\/\\\/zeromagazine.mx\\\/wp-content\\\/litespeed\\\/avatar\\\/76069d2136bfc1c37dc34815bb67ca42.jpg?ver=1776966186\",\"contentUrl\":\"https:\\\/\\\/zeromagazine.mx\\\/wp-content\\\/litespeed\\\/avatar\\\/76069d2136bfc1c37dc34815bb67ca42.jpg?ver=1776966186\",\"caption\":\"David Morales\"},\"url\":\"https:\\\/\\\/zeromagazine.mx\\\/index.php\\\/author\\\/david\\\/\"}]}<\/script>\n<!-- \/ Yoast SEO plugin. -->","yoast_head_json":{"title":"Combate La Esclerosis M\u00faltiple - Zero Magazine","description":"La esclerosis m\u00faltiple afecta principalmente a mujeres, pero todes podes ayudar para combatirla. Entra y descubre c\u00f3mo.","robots":{"index":"index","follow":"follow","max-snippet":"max-snippet:-1","max-image-preview":"max-image-preview:large","max-video-preview":"max-video-preview:-1"},"canonical":"https:\/\/zeromagazine.mx\/index.php\/2025\/03\/25\/combate-la-esclerosis-multiple\/","og_locale":"es_ES","og_type":"article","og_title":"Combate La Esclerosis M\u00faltiple - Zero Magazine","og_description":"La esclerosis m\u00faltiple afecta principalmente a mujeres, pero todes podes ayudar para combatirla. Entra y descubre c\u00f3mo.","og_url":"https:\/\/zeromagazine.mx\/index.php\/2025\/03\/25\/combate-la-esclerosis-multiple\/","og_site_name":"Zero Magazine","article_published_time":"2025-03-26T03:16:10+00:00","article_modified_time":"2025-03-26T03:16:11+00:00","og_image":[{"width":736,"height":552,"url":"http:\/\/zeromagazine.mx\/wp-content\/uploads\/2025\/03\/\u00bfComo-es-vivir-con-esclerosis-multiple_-_-Enfermedades-y-condiciones.jpeg","type":"image\/jpeg"}],"author":"David Morales","twitter_card":"summary_large_image","twitter_misc":{"Escrito por":"David Morales","Tiempo de lectura":"3 minutos"},"schema":{"@context":"https:\/\/schema.org","@graph":[{"@type":"Article","@id":"https:\/\/zeromagazine.mx\/index.php\/2025\/03\/25\/combate-la-esclerosis-multiple\/#article","isPartOf":{"@id":"https:\/\/zeromagazine.mx\/index.php\/2025\/03\/25\/combate-la-esclerosis-multiple\/"},"author":{"name":"David Morales","@id":"https:\/\/zeromagazine.mx\/#\/schema\/person\/9f7f1a17c60ba8e9980e3e6677aabe5a"},"headline":"Combate La Esclerosis M\u00faltiple","datePublished":"2025-03-26T03:16:10+00:00","dateModified":"2025-03-26T03:16:11+00:00","mainEntityOfPage":{"@id":"https:\/\/zeromagazine.mx\/index.php\/2025\/03\/25\/combate-la-esclerosis-multiple\/"},"wordCount":549,"commentCount":0,"publisher":{"@id":"https:\/\/zeromagazine.mx\/#organization"},"image":{"@id":"https:\/\/zeromagazine.mx\/index.php\/2025\/03\/25\/combate-la-esclerosis-multiple\/#primaryimage"},"thumbnailUrl":"https:\/\/i0.wp.com\/zeromagazine.mx\/wp-content\/uploads\/2025\/03\/%C2%BFComo-es-vivir-con-esclerosis-multiple_-_-Enfermedades-y-condiciones.jpeg?fit=736%2C552&ssl=1","keywords":["Cuidade y bienestar","Esclerosis m\u00faltiples","UCEM"],"articleSection":["Bienestar"],"inLanguage":"es","potentialAction":[{"@type":"CommentAction","name":"Comment","target":["https:\/\/zeromagazine.mx\/index.php\/2025\/03\/25\/combate-la-esclerosis-multiple\/#respond"]}]},{"@type":"WebPage","@id":"https:\/\/zeromagazine.mx\/index.php\/2025\/03\/25\/combate-la-esclerosis-multiple\/","url":"https:\/\/zeromagazine.mx\/index.php\/2025\/03\/25\/combate-la-esclerosis-multiple\/","name":"Combate La Esclerosis M\u00faltiple - Zero Magazine","isPartOf":{"@id":"https:\/\/zeromagazine.mx\/#website"},"primaryImageOfPage":{"@id":"https:\/\/zeromagazine.mx\/index.php\/2025\/03\/25\/combate-la-esclerosis-multiple\/#primaryimage"},"image":{"@id":"https:\/\/zeromagazine.mx\/index.php\/2025\/03\/25\/combate-la-esclerosis-multiple\/#primaryimage"},"thumbnailUrl":"https:\/\/i0.wp.com\/zeromagazine.mx\/wp-content\/uploads\/2025\/03\/%C2%BFComo-es-vivir-con-esclerosis-multiple_-_-Enfermedades-y-condiciones.jpeg?fit=736%2C552&ssl=1","datePublished":"2025-03-26T03:16:10+00:00","dateModified":"2025-03-26T03:16:11+00:00","description":"La esclerosis m\u00faltiple afecta principalmente a mujeres, pero todes podes ayudar para combatirla. Entra y descubre c\u00f3mo.","breadcrumb":{"@id":"https:\/\/zeromagazine.mx\/index.php\/2025\/03\/25\/combate-la-esclerosis-multiple\/#breadcrumb"},"inLanguage":"es","potentialAction":[{"@type":"ReadAction","target":["https:\/\/zeromagazine.mx\/index.php\/2025\/03\/25\/combate-la-esclerosis-multiple\/"]}]},{"@type":"ImageObject","inLanguage":"es","@id":"https:\/\/zeromagazine.mx\/index.php\/2025\/03\/25\/combate-la-esclerosis-multiple\/#primaryimage","url":"https:\/\/i0.wp.com\/zeromagazine.mx\/wp-content\/uploads\/2025\/03\/%C2%BFComo-es-vivir-con-esclerosis-multiple_-_-Enfermedades-y-condiciones.jpeg?fit=736%2C552&ssl=1","contentUrl":"https:\/\/i0.wp.com\/zeromagazine.mx\/wp-content\/uploads\/2025\/03\/%C2%BFComo-es-vivir-con-esclerosis-multiple_-_-Enfermedades-y-condiciones.jpeg?fit=736%2C552&ssl=1","width":736,"height":552},{"@type":"BreadcrumbList","@id":"https:\/\/zeromagazine.mx\/index.php\/2025\/03\/25\/combate-la-esclerosis-multiple\/#breadcrumb","itemListElement":[{"@type":"ListItem","position":1,"name":"Portada","item":"https:\/\/zeromagazine.mx\/"},{"@type":"ListItem","position":2,"name":"Combate La Esclerosis M\u00faltiple"}]},{"@type":"WebSite","@id":"https:\/\/zeromagazine.mx\/#website","url":"https:\/\/zeromagazine.mx\/","name":"Zero Magazine","description":"","publisher":{"@id":"https:\/\/zeromagazine.mx\/#organization"},"potentialAction":[{"@type":"SearchAction","target":{"@type":"EntryPoint","urlTemplate":"https:\/\/zeromagazine.mx\/?s={search_term_string}"},"query-input":{"@type":"PropertyValueSpecification","valueRequired":true,"valueName":"search_term_string"}}],"inLanguage":"es"},{"@type":"Organization","@id":"https:\/\/zeromagazine.mx\/#organization","name":"Zero Magazine","url":"https:\/\/zeromagazine.mx\/","logo":{"@type":"ImageObject","inLanguage":"es","@id":"https:\/\/zeromagazine.mx\/#\/schema\/logo\/image\/","url":"https:\/\/i0.wp.com\/zeromagazine.mx\/wp-content\/uploads\/2025\/11\/1.jpeg?fit=1000%2C1000&ssl=1","contentUrl":"https:\/\/i0.wp.com\/zeromagazine.mx\/wp-content\/uploads\/2025\/11\/1.jpeg?fit=1000%2C1000&ssl=1","width":1000,"height":1000,"caption":"Zero Magazine"},"image":{"@id":"https:\/\/zeromagazine.mx\/#\/schema\/logo\/image\/"},"sameAs":["https:\/\/instagram.com\/zeromagazinemx"]},{"@type":"Person","@id":"https:\/\/zeromagazine.mx\/#\/schema\/person\/9f7f1a17c60ba8e9980e3e6677aabe5a","name":"David Morales","image":{"@type":"ImageObject","inLanguage":"es","@id":"https:\/\/zeromagazine.mx\/wp-content\/litespeed\/avatar\/76069d2136bfc1c37dc34815bb67ca42.jpg?ver=1776966186","url":"https:\/\/zeromagazine.mx\/wp-content\/litespeed\/avatar\/76069d2136bfc1c37dc34815bb67ca42.jpg?ver=1776966186","contentUrl":"https:\/\/zeromagazine.mx\/wp-content\/litespeed\/avatar\/76069d2136bfc1c37dc34815bb67ca42.jpg?ver=1776966186","caption":"David Morales"},"url":"https:\/\/zeromagazine.mx\/index.php\/author\/david\/"}]}},"jetpack_publicize_connections":[],"jetpack_featured_media_url":"https:\/\/i0.wp.com\/zeromagazine.mx\/wp-content\/uploads\/2025\/03\/%C2%BFComo-es-vivir-con-esclerosis-multiple_-_-Enfermedades-y-condiciones.jpeg?fit=736%2C552&ssl=1","jetpack-related-posts":[{"id":47682,"url":"https:\/\/zeromagazine.mx\/index.php\/2021\/06\/13\/que-es-la-esclerosis-lateral-amiotrofica-ela\/","url_meta":{"origin":99583,"position":0},"title":"\u00bfQu\u00e9 es la Esclerosis Lateral Amiotr\u00f3fica (ELA)?","author":"zeromagazinemx","date":"13 de junio de 2021","format":false,"excerpt":"La Organizaci\u00f3n Mundial de la Salud (OMS) declar\u00f3 el 21 de junio como el D\u00eda Mundial contra la Esclerosis Lateral Amiotr\u00f3fica, con el objetivo de que los Gobiernos de todo el mundo refuercen su sistema de salud, as\u00ed como el financiamiento a proyectos de investigaci\u00f3n cient\u00edfica que permitan mejorar la\u2026","rel":"","context":"En \u00abBienestar\u00bb","block_context":{"text":"Bienestar","link":"https:\/\/zeromagazine.mx\/index.php\/category\/lifestyle\/bienestar\/"},"img":{"alt_text":"","src":"","width":0,"height":0},"classes":[]},{"id":48303,"url":"https:\/\/zeromagazine.mx\/index.php\/2021\/06\/21\/entrevista-esclerosis-lateral-amiotrofica-ela-con-la-lic-en-fisioterapia-ruth-ramos-cruz\/","url_meta":{"origin":99583,"position":1},"title":"ENTREVISTA: ESCLEROSIS LATERAL AMIOTR\u00d3FICA (ELA) CON LA LIC. EN FISIOTERAPIA RUTH RAMOS CRUZ","author":"zeromagazinemx","date":"21 de junio de 2021","format":false,"excerpt":"En Zero Magazine Mx entrevistamos a la Licenciada en Fisioterapia Ruth Ramos Cruz, que cuenta con m\u00e1s de 17 a\u00f1os de experiencia en el \u00e1rea de fisioterapia neurol\u00f3gica con un abordaje terap\u00e9utico pedi\u00e1trico y adulto, tambi\u00e9n cuenta con certificaci\u00f3n en DRY NEEDLING HYPERTONIA AND SPASTICITY, instructora de atletas saludables en\u2026","rel":"","context":"En \u00abBienestar\u00bb","block_context":{"text":"Bienestar","link":"https:\/\/zeromagazine.mx\/index.php\/category\/lifestyle\/bienestar\/"},"img":{"alt_text":"","src":"https:\/\/i0.wp.com\/zeromagazinemx.wpcomstaging.com\/wp-content\/uploads\/2022\/02\/949d2-3-1.jpg?resize=350%2C200&ssl=1","width":350,"height":200},"classes":[]},{"id":57582,"url":"https:\/\/zeromagazine.mx\/index.php\/2021\/11\/07\/prevencion-de-la-incontinencia-urinaria\/","url_meta":{"origin":99583,"position":2},"title":"Prevenci\u00f3n de la incontinencia urinaria","author":"zeromagazinemx","date":"7 de noviembre de 2021","format":false,"excerpt":"\u00bfQu\u00e9 es? Se le llama incontinencia urinaria a la p\u00e9rdida de control sobre la orina, puede desarrollarse de diferentes maneras, como lo son: levantar objetos pesados, estornudar, re\u00edrse o simplemente levantarse, tambi\u00e9n se manifiesta mediante la sensaci\u00f3n de orinar repentinamente, sin embargo no se alcanza a llegar al ba\u00f1o. Por\u2026","rel":"","context":"En \u00abBienestar\u00bb","block_context":{"text":"Bienestar","link":"https:\/\/zeromagazine.mx\/index.php\/category\/lifestyle\/bienestar\/"},"img":{"alt_text":"","src":"","width":0,"height":0},"classes":[]},{"id":103791,"url":"https:\/\/zeromagazine.mx\/index.php\/2025\/05\/12\/equilibrio-hormonal-para-la-prevencion-del-sop\/","url_meta":{"origin":99583,"position":3},"title":"Equilibrio Hormonal Para La Prevenci\u00f3n Del SOP","author":"David Morales","date":"12 de mayo de 2025","format":false,"excerpt":"Ey amix, si has sentido que tu ciclo menstrual anda m\u00e1s random que tus crushes, que te sale vello donde no deber\u00eda o que tu piel est\u00e1 en mood caos constante\u2026 puede que no sea solo \u201chormonal\u201d y ya. Puede que est\u00e9s frente al S\u00edndrome de Ovario Poliqu\u00edstico (SOP), y\u2026","rel":"","context":"En \u00abBienestar\u00bb","block_context":{"text":"Bienestar","link":"https:\/\/zeromagazine.mx\/index.php\/category\/lifestyle\/bienestar\/"},"img":{"alt_text":"","src":"https:\/\/i0.wp.com\/zeromagazine.mx\/wp-content\/uploads\/2025\/05\/Imagen-de-WhatsApp-2025-05-12-a-las-11.55.35_f5765da4-1.jpg?fit=887%2C1073&ssl=1&resize=350%2C200","width":350,"height":200,"srcset":"https:\/\/i0.wp.com\/zeromagazine.mx\/wp-content\/uploads\/2025\/05\/Imagen-de-WhatsApp-2025-05-12-a-las-11.55.35_f5765da4-1.jpg?fit=887%2C1073&ssl=1&resize=350%2C200 1x, https:\/\/i0.wp.com\/zeromagazine.mx\/wp-content\/uploads\/2025\/05\/Imagen-de-WhatsApp-2025-05-12-a-las-11.55.35_f5765da4-1.jpg?fit=887%2C1073&ssl=1&resize=525%2C300 1.5x, https:\/\/i0.wp.com\/zeromagazine.mx\/wp-content\/uploads\/2025\/05\/Imagen-de-WhatsApp-2025-05-12-a-las-11.55.35_f5765da4-1.jpg?fit=887%2C1073&ssl=1&resize=700%2C400 2x"},"classes":[]},{"id":115591,"url":"https:\/\/zeromagazine.mx\/index.php\/2026\/02\/18\/bienestar-femenino-tecnologico-sueno\/","url_meta":{"origin":99583,"position":4},"title":"Bienestar con enfoque de g\u00e9nero: cuando la tecnolog\u00eda escucha al cuerpo femenino","author":"David Morales","date":"18 de febrero de 2026","format":false,"excerpt":"El bienestar ya no es gen\u00e9rico. Hoy es personalizado, medible y dise\u00f1ado para responder a cuerpos reales con necesidades espec\u00edficas. Bajo esa premisa, el\u00a0bienestar femenino tecnol\u00f3gico\u00a0est\u00e1 redefiniendo la forma en que las mujeres descansan, se recuperan y optimizan su salud desde algo tan b\u00e1sico \u2014y tan poderoso\u2014 como el sue\u00f1o.\u2026","rel":"","context":"En \u00abBienestar\u00bb","block_context":{"text":"Bienestar","link":"https:\/\/zeromagazine.mx\/index.php\/category\/lifestyle\/bienestar\/"},"img":{"alt_text":"","src":"https:\/\/i0.wp.com\/zeromagazine.mx\/wp-content\/uploads\/2026\/02\/260113_TN_EIGHT_SLEEP_16_091-scaled.jpeg?fit=1200%2C800&ssl=1&resize=350%2C200","width":350,"height":200,"srcset":"https:\/\/i0.wp.com\/zeromagazine.mx\/wp-content\/uploads\/2026\/02\/260113_TN_EIGHT_SLEEP_16_091-scaled.jpeg?fit=1200%2C800&ssl=1&resize=350%2C200 1x, https:\/\/i0.wp.com\/zeromagazine.mx\/wp-content\/uploads\/2026\/02\/260113_TN_EIGHT_SLEEP_16_091-scaled.jpeg?fit=1200%2C800&ssl=1&resize=525%2C300 1.5x, https:\/\/i0.wp.com\/zeromagazine.mx\/wp-content\/uploads\/2026\/02\/260113_TN_EIGHT_SLEEP_16_091-scaled.jpeg?fit=1200%2C800&ssl=1&resize=700%2C400 2x, https:\/\/i0.wp.com\/zeromagazine.mx\/wp-content\/uploads\/2026\/02\/260113_TN_EIGHT_SLEEP_16_091-scaled.jpeg?fit=1200%2C800&ssl=1&resize=1050%2C600 3x"},"classes":[]},{"id":94284,"url":"https:\/\/zeromagazine.mx\/index.php\/2025\/01\/07\/bienestar-integral-siempre-sin-drama\/","url_meta":{"origin":99583,"position":5},"title":"Bienestar Integral Siempre, Sin Drama","author":"zeromagazinemx","date":"7 de enero de 2025","format":false,"excerpt":"Bienestar integral siempre Bienestar integral siempre es lo m\u00e1s importante en este nuevo a\u00f1o. Amix, sabemos que a\u00f1o nuevo significa metas frescas. Pero la neta es que transformar tu salud y estilo de vida no es tan simple como quererlo; necesitas un plan real, basado en ciencia. Aqu\u00ed te cuento\u2026","rel":"","context":"En \u00abBienestar\u00bb","block_context":{"text":"Bienestar","link":"https:\/\/zeromagazine.mx\/index.php\/category\/lifestyle\/bienestar\/"},"img":{"alt_text":"","src":"https:\/\/i0.wp.com\/zeromagazine.mx\/wp-content\/uploads\/2025\/01\/Dr.-Luis-Dorado.jpeg?fit=1200%2C706&ssl=1&resize=350%2C200","width":350,"height":200,"srcset":"https:\/\/i0.wp.com\/zeromagazine.mx\/wp-content\/uploads\/2025\/01\/Dr.-Luis-Dorado.jpeg?fit=1200%2C706&ssl=1&resize=350%2C200 1x, https:\/\/i0.wp.com\/zeromagazine.mx\/wp-content\/uploads\/2025\/01\/Dr.-Luis-Dorado.jpeg?fit=1200%2C706&ssl=1&resize=525%2C300 1.5x, https:\/\/i0.wp.com\/zeromagazine.mx\/wp-content\/uploads\/2025\/01\/Dr.-Luis-Dorado.jpeg?fit=1200%2C706&ssl=1&resize=700%2C400 2x, https:\/\/i0.wp.com\/zeromagazine.mx\/wp-content\/uploads\/2025\/01\/Dr.-Luis-Dorado.jpeg?fit=1200%2C706&ssl=1&resize=1050%2C600 3x"},"classes":[]}],"jetpack_sharing_enabled":true,"builder_content":"","_links":{"self":[{"href":"https:\/\/zeromagazine.mx\/index.php\/wp-json\/wp\/v2\/posts\/99583","targetHints":{"allow":["GET"]}}],"collection":[{"href":"https:\/\/zeromagazine.mx\/index.php\/wp-json\/wp\/v2\/posts"}],"about":[{"href":"https:\/\/zeromagazine.mx\/index.php\/wp-json\/wp\/v2\/types\/post"}],"author":[{"embeddable":true,"href":"https:\/\/zeromagazine.mx\/index.php\/wp-json\/wp\/v2\/users\/4"}],"replies":[{"embeddable":true,"href":"https:\/\/zeromagazine.mx\/index.php\/wp-json\/wp\/v2\/comments?post=99583"}],"version-history":[{"count":3,"href":"https:\/\/zeromagazine.mx\/index.php\/wp-json\/wp\/v2\/posts\/99583\/revisions"}],"predecessor-version":[{"id":99587,"href":"https:\/\/zeromagazine.mx\/index.php\/wp-json\/wp\/v2\/posts\/99583\/revisions\/99587"}],"wp:featuredmedia":[{"embeddable":true,"href":"https:\/\/zeromagazine.mx\/index.php\/wp-json\/wp\/v2\/media\/99584"}],"wp:attachment":[{"href":"https:\/\/zeromagazine.mx\/index.php\/wp-json\/wp\/v2\/media?parent=99583"}],"wp:term":[{"taxonomy":"category","embeddable":true,"href":"https:\/\/zeromagazine.mx\/index.php\/wp-json\/wp\/v2\/categories?post=99583"},{"taxonomy":"post_tag","embeddable":true,"href":"https:\/\/zeromagazine.mx\/index.php\/wp-json\/wp\/v2\/tags?post=99583"}],"curies":[{"name":"wp","href":"https:\/\/api.w.org\/{rel}","templated":true}]}}