{"id":99595,"date":"2025-03-25T21:37:45","date_gmt":"2025-03-26T03:37:45","guid":{"rendered":"https:\/\/zeromagazine.mx\/?p=99595"},"modified":"2025-03-25T21:37:47","modified_gmt":"2025-03-26T03:37:47","slug":"ultimos-dias-de-un-musical-iconico","status":"publish","type":"post","link":"https:\/\/zeromagazine.mx\/index.php\/2025\/03\/25\/ultimos-dias-de-un-musical-iconico\/","title":{"rendered":"\u00daltimos Dias de Un Musical Ic\u00f3nico"},"content":{"rendered":"<p>Amix, si eres fan de los musicales o simplemente te gusta pasar un buen rato en el teatro, no puedes perderte <strong>La Tiendita de los Horrores<\/strong> en el <strong>Teatro Hidalgo<\/strong>. Esta joyita de la comedia musical est\u00e1 a punto de despedirse, ya que el pr\u00f3ximo <strong>6 de abril<\/strong> ser\u00e1 su \u00faltima funci\u00f3n tras cinco meses de \u00e9xito rotundo. \u00a1As\u00ed que si no la has visto, esta es tu \u00faltima oportunidad! <strong>La Tiendita de los Horrores: comedia y reflexi\u00f3n<\/strong> es lo que necesitas para cerrar la temporada con broche de oro.<\/p>\n\n\n\n<h3 class=\"wp-block-heading\">Una trama tan divertida como reflexiva<\/h3>\n\n\n\n<p>Para empezar, la historia de este musical va de un chavo t\u00edmido y buena onda llamado <strong>Seymour<\/strong>, que trabaja en una florer\u00eda medio decadente. Todo cambia cuando encuentra una planta carn\u00edvora s\u00faper rara a la que llama <strong>Audrey II<\/strong> (en honor a su crush del trabajo, Audrey). El problema es que la plantita tiene una sed de sangre humana que no se sacia con nada. As\u00ed que ah\u00ed tienes a Seymour lidiando entre el \u00e9xito repentino y el dilema de alimentar a su peculiar amiga.<\/p>\n\n\n\n<p>Adem\u00e1s, el personaje de <strong>Audrey<\/strong> (interpretado por <strong>Lorena D\u2019 La Garza<\/strong>) es una mujer dulce que sue\u00f1a con una vida mejor, mientras intenta escapar de una relaci\u00f3n t\u00f3xica y abusiva con su novio, el dentista cruel y s\u00e1dico interpretado por <strong>Juan Fonsalido<\/strong>. Por su parte, <strong>\u00d3scar Acosta<\/strong> se luce como Seymour, logrando un equilibrio perfecto entre ternura y comedia, mientras que Fonsalido roba la atenci\u00f3n con su actuaci\u00f3n desquiciada pero precisa.<\/p>\n\n\n\n<h3 class=\"wp-block-heading\">Un musical que va m\u00e1s all\u00e1 de la risa<\/h3>\n\n\n\n<p>Asimismo, lo que hace especial a <strong>La Tiendita de los Horrores<\/strong> es que no solo te hace re\u00edr, sino que tambi\u00e9n deja pensando. A trav\u00e9s del humor y las situaciones absurdas, aborda temas como la ambici\u00f3n desmedida, el costo del \u00e9xito y hasta la violencia de g\u00e9nero. Todo en un formato s\u00faper digerible y lleno de energ\u00eda que hace que el tiempo vuele mientras te sumerges en esta historia tan \u00fanica.<\/p>\n\n\n\n<p>Adem\u00e1s, es impresionante c\u00f3mo el elenco mantiene un nivel alt\u00edsimo de calidad esc\u00e9nica y vocal. Cada actuaci\u00f3n est\u00e1 llena de matices y detalles que hacen que conectes de inmediato con los personajes, incluso con la mism\u00edsima <strong>Audrey II<\/strong>, que cobra vida de una manera incre\u00edble.<\/p>\n\n\n\n<h3 class=\"wp-block-heading\">\u00daltima llamada para el teatro<\/h3>\n\n\n\n<p>Finalmente, no te quedes sin vivir esta experiencia \u00fanica en el <strong>Teatro Hidalgo<\/strong>. Las \u00faltimas funciones son el <strong>viernes a las 8:30 pm<\/strong>, <strong>s\u00e1bado a las 5:30 pm<\/strong> y <strong>domingo a las 5:30 pm<\/strong>. Aprovecha y l\u00e1nzate con tus amix para re\u00edrte, cantar y reflexionar. Esta obra demuestra que el teatro puede ser ligero y profundo a la vez, y no hay mejor forma de pasar un rato cool y lleno de emociones.<\/p>\n\n\n\n<p>Si quieres m\u00e1s info o comprar tus boletos, visita la p\u00e1gina de: <a class=\"\" href=\"https:\/\/www.ticketmaster.com.mx\">Ticketmaster<\/a>. \u00a1No te quedes fuera!<\/p>\n\n\n\n<script async src=\"https:\/\/pagead2.googlesyndication.com\/pagead\/js\/adsbygoogle.js?client=ca-pub-5499304793904745\"\n     crossorigin=\"anonymous\"><\/script>\n<ins class=\"adsbygoogle\"\n     style=\"display:block; text-align:center;\"\n     data-ad-layout=\"in-article\"\n     data-ad-format=\"fluid\"\n     data-ad-client=\"ca-pub-5499304793904745\"\n     data-ad-slot=\"5994863093\"><\/ins>\n<script>\n     (adsbygoogle = window.adsbygoogle || []).push({});\n<\/script>\n\n<!--themify_builder_content-->\n<div id=\"themify_builder_content-99595\" data-postid=\"99595\" class=\"themify_builder_content themify_builder_content-99595 themify_builder tf_clear\">\n    <\/div>\n<!--\/themify_builder_content-->","protected":false},"excerpt":{"rendered":"<p>Amix, si eres fan de los musicales o simplemente te gusta pasar un buen rato en el teatro, no puedes perderte La Tiendita de los Horrores en el Teatro Hidalgo. Esta joyita de la comedia musical est\u00e1 a punto de despedirse, ya que el pr\u00f3ximo 6 de abril ser\u00e1 su \u00faltima funci\u00f3n tras cinco meses [&hellip;]<\/p>\n","protected":false},"author":4,"featured_media":99596,"comment_status":"open","ping_status":"open","sticky":false,"template":"","format":"standard","meta":{"_jetpack_memberships_contains_paid_content":false,"footnotes":"","jetpack_publicize_message":"","jetpack_publicize_feature_enabled":true,"jetpack_social_post_already_shared":true,"jetpack_social_options":{"image_generator_settings":{"template":"highway","default_image_id":0,"font":"","enabled":false},"version":2}},"categories":[791],"tags":[116,13009,2537,13008,314],"class_list":["post-99595","post","type-post","status-publish","format-standard","has-post-thumbnail","hentry","category-cultura","tag-entretenimiento","tag-la-tiendita-de-los-horrores","tag-musical","tag-teatru-hidalgo","tag-ticketmaster","has-post-title","has-post-date","has-post-category","has-post-tag","has-post-comment","has-post-author",""],"yoast_head":"<!-- This site is optimized with the Yoast SEO plugin v27.5 - https:\/\/yoast.com\/product\/yoast-seo-wordpress\/ -->\n<title>\u00daltimos Dias de Un Musical Ic\u00f3nico - Zero Magazine<\/title>\n<meta name=\"description\" content=\"El musical ic\u00f3nico de la Tiendita de los Horrores, finaliza este 6 de abril. No te la pierdas y compra tus boletos.\" \/>\n<meta name=\"robots\" content=\"index, follow, max-snippet:-1, max-image-preview:large, max-video-preview:-1\" \/>\n<link rel=\"canonical\" href=\"https:\/\/zeromagazine.mx\/index.php\/2025\/03\/25\/ultimos-dias-de-un-musical-iconico\/\" \/>\n<meta property=\"og:locale\" content=\"es_ES\" \/>\n<meta property=\"og:type\" content=\"article\" \/>\n<meta property=\"og:title\" content=\"\u00daltimos Dias de Un Musical Ic\u00f3nico - Zero Magazine\" \/>\n<meta property=\"og:description\" content=\"El musical ic\u00f3nico de la Tiendita de los Horrores, finaliza este 6 de abril. No te la pierdas y compra tus boletos.\" \/>\n<meta property=\"og:url\" content=\"https:\/\/zeromagazine.mx\/index.php\/2025\/03\/25\/ultimos-dias-de-un-musical-iconico\/\" \/>\n<meta property=\"og:site_name\" content=\"Zero Magazine\" \/>\n<meta property=\"article:published_time\" content=\"2025-03-26T03:37:45+00:00\" \/>\n<meta property=\"article:modified_time\" content=\"2025-03-26T03:37:47+00:00\" \/>\n<meta property=\"og:image\" content=\"http:\/\/zeromagazine.mx\/wp-content\/uploads\/2025\/03\/Captura-de-pantalla-2025-03-25-210436.png\" \/>\n\t<meta property=\"og:image:width\" content=\"883\" \/>\n\t<meta property=\"og:image:height\" content=\"609\" \/>\n\t<meta property=\"og:image:type\" content=\"image\/png\" \/>\n<meta name=\"author\" content=\"David Morales\" \/>\n<meta name=\"twitter:card\" content=\"summary_large_image\" \/>\n<meta name=\"twitter:label1\" content=\"Escrito por\" \/>\n\t<meta name=\"twitter:data1\" content=\"David Morales\" \/>\n\t<meta name=\"twitter:label2\" content=\"Tiempo de lectura\" \/>\n\t<meta name=\"twitter:data2\" content=\"3 minutos\" \/>\n<script type=\"application\/ld+json\" class=\"yoast-schema-graph\">{\"@context\":\"https:\\\/\\\/schema.org\",\"@graph\":[{\"@type\":\"Article\",\"@id\":\"https:\\\/\\\/zeromagazine.mx\\\/index.php\\\/2025\\\/03\\\/25\\\/ultimos-dias-de-un-musical-iconico\\\/#article\",\"isPartOf\":{\"@id\":\"https:\\\/\\\/zeromagazine.mx\\\/index.php\\\/2025\\\/03\\\/25\\\/ultimos-dias-de-un-musical-iconico\\\/\"},\"author\":{\"name\":\"David Morales\",\"@id\":\"https:\\\/\\\/zeromagazine.mx\\\/#\\\/schema\\\/person\\\/9f7f1a17c60ba8e9980e3e6677aabe5a\"},\"headline\":\"\u00daltimos Dias de Un Musical Ic\u00f3nico\",\"datePublished\":\"2025-03-26T03:37:45+00:00\",\"dateModified\":\"2025-03-26T03:37:47+00:00\",\"mainEntityOfPage\":{\"@id\":\"https:\\\/\\\/zeromagazine.mx\\\/index.php\\\/2025\\\/03\\\/25\\\/ultimos-dias-de-un-musical-iconico\\\/\"},\"wordCount\":509,\"commentCount\":0,\"publisher\":{\"@id\":\"https:\\\/\\\/zeromagazine.mx\\\/#organization\"},\"image\":{\"@id\":\"https:\\\/\\\/zeromagazine.mx\\\/index.php\\\/2025\\\/03\\\/25\\\/ultimos-dias-de-un-musical-iconico\\\/#primaryimage\"},\"thumbnailUrl\":\"https:\\\/\\\/i0.wp.com\\\/zeromagazine.mx\\\/wp-content\\\/uploads\\\/2025\\\/03\\\/Captura-de-pantalla-2025-03-25-210436.png?fit=883%2C609&ssl=1\",\"keywords\":[\"Entretenimiento\",\"La Tiendita de los Horrores\",\"Musical\",\"Teatru Hidalgo\",\"ticketmaster\"],\"articleSection\":[\"Cultura\"],\"inLanguage\":\"es\",\"potentialAction\":[{\"@type\":\"CommentAction\",\"name\":\"Comment\",\"target\":[\"https:\\\/\\\/zeromagazine.mx\\\/index.php\\\/2025\\\/03\\\/25\\\/ultimos-dias-de-un-musical-iconico\\\/#respond\"]}]},{\"@type\":\"WebPage\",\"@id\":\"https:\\\/\\\/zeromagazine.mx\\\/index.php\\\/2025\\\/03\\\/25\\\/ultimos-dias-de-un-musical-iconico\\\/\",\"url\":\"https:\\\/\\\/zeromagazine.mx\\\/index.php\\\/2025\\\/03\\\/25\\\/ultimos-dias-de-un-musical-iconico\\\/\",\"name\":\"\u00daltimos Dias de Un Musical Ic\u00f3nico - Zero Magazine\",\"isPartOf\":{\"@id\":\"https:\\\/\\\/zeromagazine.mx\\\/#website\"},\"primaryImageOfPage\":{\"@id\":\"https:\\\/\\\/zeromagazine.mx\\\/index.php\\\/2025\\\/03\\\/25\\\/ultimos-dias-de-un-musical-iconico\\\/#primaryimage\"},\"image\":{\"@id\":\"https:\\\/\\\/zeromagazine.mx\\\/index.php\\\/2025\\\/03\\\/25\\\/ultimos-dias-de-un-musical-iconico\\\/#primaryimage\"},\"thumbnailUrl\":\"https:\\\/\\\/i0.wp.com\\\/zeromagazine.mx\\\/wp-content\\\/uploads\\\/2025\\\/03\\\/Captura-de-pantalla-2025-03-25-210436.png?fit=883%2C609&ssl=1\",\"datePublished\":\"2025-03-26T03:37:45+00:00\",\"dateModified\":\"2025-03-26T03:37:47+00:00\",\"description\":\"El musical ic\u00f3nico de la Tiendita de los Horrores, finaliza este 6 de abril. No te la pierdas y compra tus boletos.\",\"breadcrumb\":{\"@id\":\"https:\\\/\\\/zeromagazine.mx\\\/index.php\\\/2025\\\/03\\\/25\\\/ultimos-dias-de-un-musical-iconico\\\/#breadcrumb\"},\"inLanguage\":\"es\",\"potentialAction\":[{\"@type\":\"ReadAction\",\"target\":[\"https:\\\/\\\/zeromagazine.mx\\\/index.php\\\/2025\\\/03\\\/25\\\/ultimos-dias-de-un-musical-iconico\\\/\"]}]},{\"@type\":\"ImageObject\",\"inLanguage\":\"es\",\"@id\":\"https:\\\/\\\/zeromagazine.mx\\\/index.php\\\/2025\\\/03\\\/25\\\/ultimos-dias-de-un-musical-iconico\\\/#primaryimage\",\"url\":\"https:\\\/\\\/i0.wp.com\\\/zeromagazine.mx\\\/wp-content\\\/uploads\\\/2025\\\/03\\\/Captura-de-pantalla-2025-03-25-210436.png?fit=883%2C609&ssl=1\",\"contentUrl\":\"https:\\\/\\\/i0.wp.com\\\/zeromagazine.mx\\\/wp-content\\\/uploads\\\/2025\\\/03\\\/Captura-de-pantalla-2025-03-25-210436.png?fit=883%2C609&ssl=1\",\"width\":883,\"height\":609},{\"@type\":\"BreadcrumbList\",\"@id\":\"https:\\\/\\\/zeromagazine.mx\\\/index.php\\\/2025\\\/03\\\/25\\\/ultimos-dias-de-un-musical-iconico\\\/#breadcrumb\",\"itemListElement\":[{\"@type\":\"ListItem\",\"position\":1,\"name\":\"Portada\",\"item\":\"https:\\\/\\\/zeromagazine.mx\\\/\"},{\"@type\":\"ListItem\",\"position\":2,\"name\":\"\u00daltimos Dias de Un Musical Ic\u00f3nico\"}]},{\"@type\":\"WebSite\",\"@id\":\"https:\\\/\\\/zeromagazine.mx\\\/#website\",\"url\":\"https:\\\/\\\/zeromagazine.mx\\\/\",\"name\":\"Zero Magazine\",\"description\":\"\",\"publisher\":{\"@id\":\"https:\\\/\\\/zeromagazine.mx\\\/#organization\"},\"potentialAction\":[{\"@type\":\"SearchAction\",\"target\":{\"@type\":\"EntryPoint\",\"urlTemplate\":\"https:\\\/\\\/zeromagazine.mx\\\/?s={search_term_string}\"},\"query-input\":{\"@type\":\"PropertyValueSpecification\",\"valueRequired\":true,\"valueName\":\"search_term_string\"}}],\"inLanguage\":\"es\"},{\"@type\":\"Organization\",\"@id\":\"https:\\\/\\\/zeromagazine.mx\\\/#organization\",\"name\":\"Zero Magazine\",\"url\":\"https:\\\/\\\/zeromagazine.mx\\\/\",\"logo\":{\"@type\":\"ImageObject\",\"inLanguage\":\"es\",\"@id\":\"https:\\\/\\\/zeromagazine.mx\\\/#\\\/schema\\\/logo\\\/image\\\/\",\"url\":\"https:\\\/\\\/i0.wp.com\\\/zeromagazine.mx\\\/wp-content\\\/uploads\\\/2025\\\/11\\\/1.jpeg?fit=1000%2C1000&ssl=1\",\"contentUrl\":\"https:\\\/\\\/i0.wp.com\\\/zeromagazine.mx\\\/wp-content\\\/uploads\\\/2025\\\/11\\\/1.jpeg?fit=1000%2C1000&ssl=1\",\"width\":1000,\"height\":1000,\"caption\":\"Zero Magazine\"},\"image\":{\"@id\":\"https:\\\/\\\/zeromagazine.mx\\\/#\\\/schema\\\/logo\\\/image\\\/\"},\"sameAs\":[\"https:\\\/\\\/instagram.com\\\/zeromagazinemx\"]},{\"@type\":\"Person\",\"@id\":\"https:\\\/\\\/zeromagazine.mx\\\/#\\\/schema\\\/person\\\/9f7f1a17c60ba8e9980e3e6677aabe5a\",\"name\":\"David Morales\",\"image\":{\"@type\":\"ImageObject\",\"inLanguage\":\"es\",\"@id\":\"https:\\\/\\\/zeromagazine.mx\\\/wp-content\\\/litespeed\\\/avatar\\\/76069d2136bfc1c37dc34815bb67ca42.jpg?ver=1777571067\",\"url\":\"https:\\\/\\\/zeromagazine.mx\\\/wp-content\\\/litespeed\\\/avatar\\\/76069d2136bfc1c37dc34815bb67ca42.jpg?ver=1777571067\",\"contentUrl\":\"https:\\\/\\\/zeromagazine.mx\\\/wp-content\\\/litespeed\\\/avatar\\\/76069d2136bfc1c37dc34815bb67ca42.jpg?ver=1777571067\",\"caption\":\"David Morales\"},\"url\":\"https:\\\/\\\/zeromagazine.mx\\\/index.php\\\/author\\\/david\\\/\"}]}<\/script>\n<!-- \/ Yoast SEO plugin. -->","yoast_head_json":{"title":"\u00daltimos Dias de Un Musical Ic\u00f3nico - Zero Magazine","description":"El musical ic\u00f3nico de la Tiendita de los Horrores, finaliza este 6 de abril. No te la pierdas y compra tus boletos.","robots":{"index":"index","follow":"follow","max-snippet":"max-snippet:-1","max-image-preview":"max-image-preview:large","max-video-preview":"max-video-preview:-1"},"canonical":"https:\/\/zeromagazine.mx\/index.php\/2025\/03\/25\/ultimos-dias-de-un-musical-iconico\/","og_locale":"es_ES","og_type":"article","og_title":"\u00daltimos Dias de Un Musical Ic\u00f3nico - Zero Magazine","og_description":"El musical ic\u00f3nico de la Tiendita de los Horrores, finaliza este 6 de abril. No te la pierdas y compra tus boletos.","og_url":"https:\/\/zeromagazine.mx\/index.php\/2025\/03\/25\/ultimos-dias-de-un-musical-iconico\/","og_site_name":"Zero Magazine","article_published_time":"2025-03-26T03:37:45+00:00","article_modified_time":"2025-03-26T03:37:47+00:00","og_image":[{"width":883,"height":609,"url":"http:\/\/zeromagazine.mx\/wp-content\/uploads\/2025\/03\/Captura-de-pantalla-2025-03-25-210436.png","type":"image\/png"}],"author":"David Morales","twitter_card":"summary_large_image","twitter_misc":{"Escrito por":"David Morales","Tiempo de lectura":"3 minutos"},"schema":{"@context":"https:\/\/schema.org","@graph":[{"@type":"Article","@id":"https:\/\/zeromagazine.mx\/index.php\/2025\/03\/25\/ultimos-dias-de-un-musical-iconico\/#article","isPartOf":{"@id":"https:\/\/zeromagazine.mx\/index.php\/2025\/03\/25\/ultimos-dias-de-un-musical-iconico\/"},"author":{"name":"David Morales","@id":"https:\/\/zeromagazine.mx\/#\/schema\/person\/9f7f1a17c60ba8e9980e3e6677aabe5a"},"headline":"\u00daltimos Dias de Un Musical Ic\u00f3nico","datePublished":"2025-03-26T03:37:45+00:00","dateModified":"2025-03-26T03:37:47+00:00","mainEntityOfPage":{"@id":"https:\/\/zeromagazine.mx\/index.php\/2025\/03\/25\/ultimos-dias-de-un-musical-iconico\/"},"wordCount":509,"commentCount":0,"publisher":{"@id":"https:\/\/zeromagazine.mx\/#organization"},"image":{"@id":"https:\/\/zeromagazine.mx\/index.php\/2025\/03\/25\/ultimos-dias-de-un-musical-iconico\/#primaryimage"},"thumbnailUrl":"https:\/\/i0.wp.com\/zeromagazine.mx\/wp-content\/uploads\/2025\/03\/Captura-de-pantalla-2025-03-25-210436.png?fit=883%2C609&ssl=1","keywords":["Entretenimiento","La Tiendita de los Horrores","Musical","Teatru Hidalgo","ticketmaster"],"articleSection":["Cultura"],"inLanguage":"es","potentialAction":[{"@type":"CommentAction","name":"Comment","target":["https:\/\/zeromagazine.mx\/index.php\/2025\/03\/25\/ultimos-dias-de-un-musical-iconico\/#respond"]}]},{"@type":"WebPage","@id":"https:\/\/zeromagazine.mx\/index.php\/2025\/03\/25\/ultimos-dias-de-un-musical-iconico\/","url":"https:\/\/zeromagazine.mx\/index.php\/2025\/03\/25\/ultimos-dias-de-un-musical-iconico\/","name":"\u00daltimos Dias de Un Musical Ic\u00f3nico - Zero Magazine","isPartOf":{"@id":"https:\/\/zeromagazine.mx\/#website"},"primaryImageOfPage":{"@id":"https:\/\/zeromagazine.mx\/index.php\/2025\/03\/25\/ultimos-dias-de-un-musical-iconico\/#primaryimage"},"image":{"@id":"https:\/\/zeromagazine.mx\/index.php\/2025\/03\/25\/ultimos-dias-de-un-musical-iconico\/#primaryimage"},"thumbnailUrl":"https:\/\/i0.wp.com\/zeromagazine.mx\/wp-content\/uploads\/2025\/03\/Captura-de-pantalla-2025-03-25-210436.png?fit=883%2C609&ssl=1","datePublished":"2025-03-26T03:37:45+00:00","dateModified":"2025-03-26T03:37:47+00:00","description":"El musical ic\u00f3nico de la Tiendita de los Horrores, finaliza este 6 de abril. No te la pierdas y compra tus boletos.","breadcrumb":{"@id":"https:\/\/zeromagazine.mx\/index.php\/2025\/03\/25\/ultimos-dias-de-un-musical-iconico\/#breadcrumb"},"inLanguage":"es","potentialAction":[{"@type":"ReadAction","target":["https:\/\/zeromagazine.mx\/index.php\/2025\/03\/25\/ultimos-dias-de-un-musical-iconico\/"]}]},{"@type":"ImageObject","inLanguage":"es","@id":"https:\/\/zeromagazine.mx\/index.php\/2025\/03\/25\/ultimos-dias-de-un-musical-iconico\/#primaryimage","url":"https:\/\/i0.wp.com\/zeromagazine.mx\/wp-content\/uploads\/2025\/03\/Captura-de-pantalla-2025-03-25-210436.png?fit=883%2C609&ssl=1","contentUrl":"https:\/\/i0.wp.com\/zeromagazine.mx\/wp-content\/uploads\/2025\/03\/Captura-de-pantalla-2025-03-25-210436.png?fit=883%2C609&ssl=1","width":883,"height":609},{"@type":"BreadcrumbList","@id":"https:\/\/zeromagazine.mx\/index.php\/2025\/03\/25\/ultimos-dias-de-un-musical-iconico\/#breadcrumb","itemListElement":[{"@type":"ListItem","position":1,"name":"Portada","item":"https:\/\/zeromagazine.mx\/"},{"@type":"ListItem","position":2,"name":"\u00daltimos Dias de Un Musical Ic\u00f3nico"}]},{"@type":"WebSite","@id":"https:\/\/zeromagazine.mx\/#website","url":"https:\/\/zeromagazine.mx\/","name":"Zero Magazine","description":"","publisher":{"@id":"https:\/\/zeromagazine.mx\/#organization"},"potentialAction":[{"@type":"SearchAction","target":{"@type":"EntryPoint","urlTemplate":"https:\/\/zeromagazine.mx\/?s={search_term_string}"},"query-input":{"@type":"PropertyValueSpecification","valueRequired":true,"valueName":"search_term_string"}}],"inLanguage":"es"},{"@type":"Organization","@id":"https:\/\/zeromagazine.mx\/#organization","name":"Zero Magazine","url":"https:\/\/zeromagazine.mx\/","logo":{"@type":"ImageObject","inLanguage":"es","@id":"https:\/\/zeromagazine.mx\/#\/schema\/logo\/image\/","url":"https:\/\/i0.wp.com\/zeromagazine.mx\/wp-content\/uploads\/2025\/11\/1.jpeg?fit=1000%2C1000&ssl=1","contentUrl":"https:\/\/i0.wp.com\/zeromagazine.mx\/wp-content\/uploads\/2025\/11\/1.jpeg?fit=1000%2C1000&ssl=1","width":1000,"height":1000,"caption":"Zero Magazine"},"image":{"@id":"https:\/\/zeromagazine.mx\/#\/schema\/logo\/image\/"},"sameAs":["https:\/\/instagram.com\/zeromagazinemx"]},{"@type":"Person","@id":"https:\/\/zeromagazine.mx\/#\/schema\/person\/9f7f1a17c60ba8e9980e3e6677aabe5a","name":"David Morales","image":{"@type":"ImageObject","inLanguage":"es","@id":"https:\/\/zeromagazine.mx\/wp-content\/litespeed\/avatar\/76069d2136bfc1c37dc34815bb67ca42.jpg?ver=1777571067","url":"https:\/\/zeromagazine.mx\/wp-content\/litespeed\/avatar\/76069d2136bfc1c37dc34815bb67ca42.jpg?ver=1777571067","contentUrl":"https:\/\/zeromagazine.mx\/wp-content\/litespeed\/avatar\/76069d2136bfc1c37dc34815bb67ca42.jpg?ver=1777571067","caption":"David Morales"},"url":"https:\/\/zeromagazine.mx\/index.php\/author\/david\/"}]}},"jetpack_publicize_connections":[],"jetpack_featured_media_url":"https:\/\/i0.wp.com\/zeromagazine.mx\/wp-content\/uploads\/2025\/03\/Captura-de-pantalla-2025-03-25-210436.png?fit=883%2C609&ssl=1","jetpack-related-posts":[{"id":96970,"url":"https:\/\/zeromagazine.mx\/index.php\/2025\/02\/17\/la-tiendita-de-los-horrores\/","url_meta":{"origin":99595,"position":0},"title":"La Tiendita de los Horrores: Un Musical que Transciende","author":"David Morales","date":"17 de febrero de 2025","format":false,"excerpt":"\u00bfQui\u00e9n dijo que el teatro no puede ser una mezcla explosiva de risas, miedo y reflexi\u00f3n?\u00a0La Tiendita de los Horrores\u00a0llega para romper con todos los clich\u00e9s y traerte un combo que, adem\u00e1s de hacerte re\u00edr, tambi\u00e9n nos hace cuestionarnos sobre la ambici\u00f3n, la vida y lo que realmente estamos dispuestos\u2026","rel":"","context":"En \u00abBlog\u00bb","block_context":{"text":"Blog","link":"https:\/\/zeromagazine.mx\/index.php\/category\/blog\/"},"img":{"alt_text":"","src":"https:\/\/i0.wp.com\/zeromagazine.mx\/wp-content\/uploads\/2025\/02\/DSC01794-scaled.jpg?fit=1200%2C996&ssl=1&resize=350%2C200","width":350,"height":200,"srcset":"https:\/\/i0.wp.com\/zeromagazine.mx\/wp-content\/uploads\/2025\/02\/DSC01794-scaled.jpg?fit=1200%2C996&ssl=1&resize=350%2C200 1x, https:\/\/i0.wp.com\/zeromagazine.mx\/wp-content\/uploads\/2025\/02\/DSC01794-scaled.jpg?fit=1200%2C996&ssl=1&resize=525%2C300 1.5x, https:\/\/i0.wp.com\/zeromagazine.mx\/wp-content\/uploads\/2025\/02\/DSC01794-scaled.jpg?fit=1200%2C996&ssl=1&resize=700%2C400 2x, https:\/\/i0.wp.com\/zeromagazine.mx\/wp-content\/uploads\/2025\/02\/DSC01794-scaled.jpg?fit=1200%2C996&ssl=1&resize=1050%2C600 3x"},"classes":[]},{"id":85283,"url":"https:\/\/zeromagazine.mx\/index.php\/2024\/10\/04\/asesinato-para-dos-risas-y-misterio\/","url_meta":{"origin":99595,"position":1},"title":"\u00abAsesinato para Dos: Risas y Misterio\u00bb","author":"zeromagazinemx","date":"4 de octubre de 2024","format":false,"excerpt":"\u00bfTe imaginas combinar un misterio, comedia y m\u00fasica en un solo lugar? Pues prep\u00e1rate porque eso es justo lo que viene con el musical \"Asesinato para Dos\", que aterriza este octubre en el Teatro Mil\u00e1n. Y s\u00ed, estamos hablando de esa vibra de humor ca\u00f3tico que amamos, con un toque\u2026","rel":"","context":"En \u00abCultura\u00bb","block_context":{"text":"Cultura","link":"https:\/\/zeromagazine.mx\/index.php\/category\/cultura\/"},"img":{"alt_text":"","src":"https:\/\/i0.wp.com\/zeromagazine.mx\/wp-content\/uploads\/2024\/10\/unnamed-23.jpg?fit=960%2C1200&ssl=1&resize=350%2C200","width":350,"height":200,"srcset":"https:\/\/i0.wp.com\/zeromagazine.mx\/wp-content\/uploads\/2024\/10\/unnamed-23.jpg?fit=960%2C1200&ssl=1&resize=350%2C200 1x, https:\/\/i0.wp.com\/zeromagazine.mx\/wp-content\/uploads\/2024\/10\/unnamed-23.jpg?fit=960%2C1200&ssl=1&resize=525%2C300 1.5x, https:\/\/i0.wp.com\/zeromagazine.mx\/wp-content\/uploads\/2024\/10\/unnamed-23.jpg?fit=960%2C1200&ssl=1&resize=700%2C400 2x"},"classes":[]},{"id":88431,"url":"https:\/\/zeromagazine.mx\/index.php\/2024\/10\/25\/miami-horror-lanza-aurora-dead-flowers\/","url_meta":{"origin":99595,"position":2},"title":"\u00abMiami Horror Lanza Aurora \/ Dead Flowers\u00bb","author":"zeromagazinemx","date":"25 de octubre de 2024","format":false,"excerpt":"\u00bfListxs para vibear con lo nuevo de Miami Horror? La banda australiana est\u00e1 de vuelta con un sencillo que nos vuela la cabeza: \"AURORA \/ DEAD FLOWERS\". Este track es un pre\u00e1mbulo al tan esperado tercer \u00e1lbum de la banda, y la verdad, ya se siente la emoci\u00f3n. Despu\u00e9s de\u2026","rel":"","context":"En \u00abEntretenimiento\u00bb","block_context":{"text":"Entretenimiento","link":"https:\/\/zeromagazine.mx\/index.php\/category\/entretenimiento\/"},"img":{"alt_text":"","src":"https:\/\/i0.wp.com\/zeromagazine.mx\/wp-content\/uploads\/2024\/10\/MiamiHorror3_Credit_-Leo-Volcy-Miami-Horror.png?fit=1198%2C1200&ssl=1&resize=350%2C200","width":350,"height":200,"srcset":"https:\/\/i0.wp.com\/zeromagazine.mx\/wp-content\/uploads\/2024\/10\/MiamiHorror3_Credit_-Leo-Volcy-Miami-Horror.png?fit=1198%2C1200&ssl=1&resize=350%2C200 1x, https:\/\/i0.wp.com\/zeromagazine.mx\/wp-content\/uploads\/2024\/10\/MiamiHorror3_Credit_-Leo-Volcy-Miami-Horror.png?fit=1198%2C1200&ssl=1&resize=525%2C300 1.5x, https:\/\/i0.wp.com\/zeromagazine.mx\/wp-content\/uploads\/2024\/10\/MiamiHorror3_Credit_-Leo-Volcy-Miami-Horror.png?fit=1198%2C1200&ssl=1&resize=700%2C400 2x, https:\/\/i0.wp.com\/zeromagazine.mx\/wp-content\/uploads\/2024\/10\/MiamiHorror3_Credit_-Leo-Volcy-Miami-Horror.png?fit=1198%2C1200&ssl=1&resize=1050%2C600 3x"},"classes":[]},{"id":117247,"url":"https:\/\/zeromagazine.mx\/index.php\/2026\/03\/24\/dia-mundial-teatro\/","url_meta":{"origin":99595,"position":3},"title":"Escenarios que laten: Celebraci\u00f3n del D\u00eda Mundial del teatro","author":"David Morales","date":"24 de marzo de 2026","format":false,"excerpt":"Cada a\u00f1o, el\u00a0d\u00eda mundial teatro\u00a0se convierte en el pretexto perfecto para recordar por qu\u00e9 las artes esc\u00e9nicas siguen m\u00e1s vivas que nunca. En la Ciudad de M\u00e9xico, esta celebraci\u00f3n no pasa desapercibida, porque los escenarios laten con fuerza gracias a una cartelera que mezcla grandes producciones, teatro independiente y propuestas\u2026","rel":"","context":"En \u00abBlog\u00bb","block_context":{"text":"Blog","link":"https:\/\/zeromagazine.mx\/index.php\/category\/blog\/"},"img":{"alt_text":"","src":"https:\/\/i0.wp.com\/zeromagazine.mx\/wp-content\/uploads\/2026\/03\/Matilda-scaled.jpeg?fit=1200%2C651&ssl=1&resize=350%2C200","width":350,"height":200,"srcset":"https:\/\/i0.wp.com\/zeromagazine.mx\/wp-content\/uploads\/2026\/03\/Matilda-scaled.jpeg?fit=1200%2C651&ssl=1&resize=350%2C200 1x, https:\/\/i0.wp.com\/zeromagazine.mx\/wp-content\/uploads\/2026\/03\/Matilda-scaled.jpeg?fit=1200%2C651&ssl=1&resize=525%2C300 1.5x, https:\/\/i0.wp.com\/zeromagazine.mx\/wp-content\/uploads\/2026\/03\/Matilda-scaled.jpeg?fit=1200%2C651&ssl=1&resize=700%2C400 2x, https:\/\/i0.wp.com\/zeromagazine.mx\/wp-content\/uploads\/2026\/03\/Matilda-scaled.jpeg?fit=1200%2C651&ssl=1&resize=1050%2C600 3x"},"classes":[]},{"id":90134,"url":"https:\/\/zeromagazine.mx\/index.php\/2024\/11\/11\/navidad-epica-no-faltes-al-show\/","url_meta":{"origin":99595,"position":4},"title":"\u00ab\u00a1Navidad \u00c9pica! No Faltes al Show\u00bb","author":"zeromagazinemx","date":"11 de noviembre de 2024","format":false,"excerpt":"\u00a1Ya se huele el esp\u00edritu navide\u00f1o en el aire y con \u00e9l llega uno de los espect\u00e1culos m\u00e1s esperados del a\u00f1o! \u00bfEst\u00e1s listo para vivir una experiencia \u00fanica que te va a dejar en shock? Pues, prep\u00e1rate, porque\u00a0\"Un cuento de Navidad\", el musical que ya ha conquistado a miles de\u2026","rel":"","context":"En \u00abCultura\u00bb","block_context":{"text":"Cultura","link":"https:\/\/zeromagazine.mx\/index.php\/category\/cultura\/"},"img":{"alt_text":"","src":"https:\/\/i0.wp.com\/zeromagazine.mx\/wp-content\/uploads\/2024\/11\/DSC4651_FULL-scaled.jpg?fit=1200%2C675&ssl=1&resize=350%2C200","width":350,"height":200,"srcset":"https:\/\/i0.wp.com\/zeromagazine.mx\/wp-content\/uploads\/2024\/11\/DSC4651_FULL-scaled.jpg?fit=1200%2C675&ssl=1&resize=350%2C200 1x, https:\/\/i0.wp.com\/zeromagazine.mx\/wp-content\/uploads\/2024\/11\/DSC4651_FULL-scaled.jpg?fit=1200%2C675&ssl=1&resize=525%2C300 1.5x, https:\/\/i0.wp.com\/zeromagazine.mx\/wp-content\/uploads\/2024\/11\/DSC4651_FULL-scaled.jpg?fit=1200%2C675&ssl=1&resize=700%2C400 2x, https:\/\/i0.wp.com\/zeromagazine.mx\/wp-content\/uploads\/2024\/11\/DSC4651_FULL-scaled.jpg?fit=1200%2C675&ssl=1&resize=1050%2C600 3x"},"classes":[]},{"id":51623,"url":"https:\/\/zeromagazine.mx\/index.php\/2021\/08\/05\/entrevista-a-marco-leon\/","url_meta":{"origin":99595,"position":5},"title":"Entrevista a Marco Le\u00f3n","author":"zeromagazinemx","date":"5 de agosto de 2021","format":false,"excerpt":"Marco Le\u00f3n es un actor y cantante mexicano, egresado del CEA Televisa; ha participado en televisi\u00f3n en diferentes proyectos como \u201cRosario Tijeras 3\u201d, \u201cAmar A Muerte\u201d, \u201cLa Taxista\u201d, \u201cTres Milagros\u201d, \u201cLa Rosa de Guadalupe\u201d, por mencionar algunos; en teatro tambi\u00e9n ha estado en diferentes puestas en escena, algunas de estas\u2026","rel":"","context":"En \u00abCine\u00bb","block_context":{"text":"Cine","link":"https:\/\/zeromagazine.mx\/index.php\/category\/entretenimiento\/cine\/"},"img":{"alt_text":"","src":"","width":0,"height":0},"classes":[]}],"jetpack_sharing_enabled":true,"builder_content":"","_links":{"self":[{"href":"https:\/\/zeromagazine.mx\/index.php\/wp-json\/wp\/v2\/posts\/99595","targetHints":{"allow":["GET"]}}],"collection":[{"href":"https:\/\/zeromagazine.mx\/index.php\/wp-json\/wp\/v2\/posts"}],"about":[{"href":"https:\/\/zeromagazine.mx\/index.php\/wp-json\/wp\/v2\/types\/post"}],"author":[{"embeddable":true,"href":"https:\/\/zeromagazine.mx\/index.php\/wp-json\/wp\/v2\/users\/4"}],"replies":[{"embeddable":true,"href":"https:\/\/zeromagazine.mx\/index.php\/wp-json\/wp\/v2\/comments?post=99595"}],"version-history":[{"count":2,"href":"https:\/\/zeromagazine.mx\/index.php\/wp-json\/wp\/v2\/posts\/99595\/revisions"}],"predecessor-version":[{"id":99598,"href":"https:\/\/zeromagazine.mx\/index.php\/wp-json\/wp\/v2\/posts\/99595\/revisions\/99598"}],"wp:featuredmedia":[{"embeddable":true,"href":"https:\/\/zeromagazine.mx\/index.php\/wp-json\/wp\/v2\/media\/99596"}],"wp:attachment":[{"href":"https:\/\/zeromagazine.mx\/index.php\/wp-json\/wp\/v2\/media?parent=99595"}],"wp:term":[{"taxonomy":"category","embeddable":true,"href":"https:\/\/zeromagazine.mx\/index.php\/wp-json\/wp\/v2\/categories?post=99595"},{"taxonomy":"post_tag","embeddable":true,"href":"https:\/\/zeromagazine.mx\/index.php\/wp-json\/wp\/v2\/tags?post=99595"}],"curies":[{"name":"wp","href":"https:\/\/api.w.org\/{rel}","templated":true}]}}