{"id":99807,"date":"2025-03-26T21:33:35","date_gmt":"2025-03-27T03:33:35","guid":{"rendered":"https:\/\/zeromagazine.mx\/?p=99807"},"modified":"2025-03-26T21:33:37","modified_gmt":"2025-03-27T03:33:37","slug":"haiy-day-da-vida-a-tu-melena","status":"publish","type":"post","link":"https:\/\/zeromagazine.mx\/index.php\/2025\/03\/26\/haiy-day-da-vida-a-tu-melena\/","title":{"rendered":"Hair Day: Da vida A Tu Malena"},"content":{"rendered":"<p>Amix, seguro que alguna vez has sentido que tu cabello est\u00e1 apagado, sin vida o simplemente no coopera contigo. A veces hacemos cosas que sin darnos cuenta lo da\u00f1an, y eso nos deja frustrades y pregunt\u00e1ndonos qu\u00e9 estamos haciendo mal. Pero tranqui, que aqu\u00ed te cuento cu\u00e1les son esos errores comunes y c\u00f3mo solucionarlos para que siempre tengas un <strong>good hair day<\/strong>.<\/p>\n\n\n\n<h4 class=\"wp-block-heading\">Elige bien tus ligas<\/h4>\n\n\n\n<p>Para empezar, uno de los errores m\u00e1s comunes es usar ligas con metal o materiales \u00e1speros. Aunque amamos la practicidad de hacernos un chongo r\u00e1pido, estas ligas pueden provocar quiebres y debilitar las fibras capilares. Lo ideal es optar por scrunchies de tela o ligas sin costuras que cuiden de tu melena. \u00a1Peque\u00f1os cambios que hacen la diferencia!<\/p>\n\n\n<div class=\"wp-block-image\">\n<figure class=\"aligncenter size-full\"><img data-recalc-dims=\"1\" decoding=\"async\" width=\"444\" height=\"582\" src=\"https:\/\/i0.wp.com\/zeromagazine.mx\/wp-content\/uploads\/2025\/03\/Captura-de-Pantalla-2025-03-04-a-las-17.12.30.png?resize=444%2C582&#038;ssl=1\" alt=\"\" class=\"wp-image-99808\" srcset=\"https:\/\/i0.wp.com\/zeromagazine.mx\/wp-content\/uploads\/2025\/03\/Captura-de-Pantalla-2025-03-04-a-las-17.12.30.png?w=444&amp;ssl=1 444w, https:\/\/i0.wp.com\/zeromagazine.mx\/wp-content\/uploads\/2025\/03\/Captura-de-Pantalla-2025-03-04-a-las-17.12.30.png?resize=229%2C300&amp;ssl=1 229w\" sizes=\"(max-width: 444px) 100vw, 444px\" \/><\/figure>\n<\/div>\n\n\n<h4 class=\"wp-block-heading\">Suelta el cepillo cuando est\u00e1 mojado<\/h4>\n\n\n\n<p>Adem\u00e1s, cepillar el cabello mojado bruscamente es un mega no-no. Cuando el cabello est\u00e1 h\u00famedo, es mucho m\u00e1s fr\u00e1gil y puede romperse f\u00e1cilmente. Para evitarlo, utiliza un acondicionador sin enjuague como el <strong>Leave-In Conditioner de MONDAY Haircare<\/strong> despu\u00e9s de la ducha. As\u00ed tu cabello quedar\u00e1 suave y protegido, y el cepillado ser\u00e1 mucho m\u00e1s f\u00e1cil y sin dramas.<\/p>\n\n\n\n<script async src=\"https:\/\/pagead2.googlesyndication.com\/pagead\/js\/adsbygoogle.js?client=ca-pub-5499304793904745\"\n     crossorigin=\"anonymous\"><\/script>\n<ins class=\"adsbygoogle\"\n     style=\"display:block; text-align:center;\"\n     data-ad-layout=\"in-article\"\n     data-ad-format=\"fluid\"\n     data-ad-client=\"ca-pub-5499304793904745\"\n     data-ad-slot=\"5994863093\"><\/ins>\n<script>\n     (adsbygoogle = window.adsbygoogle || []).push({});\n<\/script>\n\n\n\n<h4 class=\"wp-block-heading\">Temperatura adecuada en la ducha<\/h4>\n\n\n\n<p>Luego, \u00bfqui\u00e9n no ama una ducha bien caliente? Pero ojo, el agua a temperaturas muy altas puede eliminar los aceites naturales de tu cabello, dej\u00e1ndolo seco y sin brillo. Lo mejor es terminar el enjuague con agua tibia o fr\u00eda para sellar la cut\u00edcula y darle ese extra de brillo natural que tanto amamos.<\/p>\n\n\n\n<figure class=\"wp-block-gallery has-nested-images columns-default is-cropped wp-block-gallery-1 is-layout-flex wp-block-gallery-is-layout-flex\">\n<figure class=\"wp-block-image size-large\"><img data-recalc-dims=\"1\" decoding=\"async\" width=\"406\" height=\"633\" data-id=\"99809\" src=\"https:\/\/i0.wp.com\/zeromagazine.mx\/wp-content\/uploads\/2025\/03\/Captura-de-pantalla-2025-03-26-210026.png?resize=406%2C633&#038;ssl=1\" alt=\"\" class=\"wp-image-99809\" srcset=\"https:\/\/i0.wp.com\/zeromagazine.mx\/wp-content\/uploads\/2025\/03\/Captura-de-pantalla-2025-03-26-210026.png?w=406&amp;ssl=1 406w, https:\/\/i0.wp.com\/zeromagazine.mx\/wp-content\/uploads\/2025\/03\/Captura-de-pantalla-2025-03-26-210026.png?resize=192%2C300&amp;ssl=1 192w\" sizes=\"(max-width: 406px) 100vw, 406px\" \/><\/figure>\n\n\n\n<figure class=\"wp-block-image size-full\"><img data-recalc-dims=\"1\" decoding=\"async\" width=\"500\" height=\"500\" data-id=\"99812\" src=\"https:\/\/i0.wp.com\/zeromagazine.mx\/wp-content\/uploads\/2025\/03\/1.-Laeave-In-Moisture.webp?resize=500%2C500\" alt=\"\" class=\"wp-image-99812\" srcset=\"https:\/\/i0.wp.com\/zeromagazine.mx\/wp-content\/uploads\/2025\/03\/1.-Laeave-In-Moisture.webp?w=500&amp;ssl=1 500w, https:\/\/i0.wp.com\/zeromagazine.mx\/wp-content\/uploads\/2025\/03\/1.-Laeave-In-Moisture.webp?resize=300%2C300&amp;ssl=1 300w, https:\/\/i0.wp.com\/zeromagazine.mx\/wp-content\/uploads\/2025\/03\/1.-Laeave-In-Moisture.webp?resize=150%2C150&amp;ssl=1 150w\" sizes=\"(max-width: 500px) 100vw, 500px\" \/><\/figure>\n<\/figure>\n\n\n\n<h4 class=\"wp-block-heading\">Protecci\u00f3n ante el calor<\/h4>\n\n\n\n<p>Por otro lado, si eres fan de la plancha, la secadora o las tenazas, es esencial usar protecci\u00f3n t\u00e9rmica. El <strong>Leave-In Conditioner de MONDAY Haircare<\/strong> no solo hidrata, sino que tambi\u00e9n act\u00faa como barrera contra el calor, manteniendo tu melena sana y brillante, sin importar el estilo que elijas.<\/p>\n\n\n\n<script async src=\"https:\/\/pagead2.googlesyndication.com\/pagead\/js\/adsbygoogle.js?client=ca-pub-5499304793904745\"\n     crossorigin=\"anonymous\"><\/script>\n<ins class=\"adsbygoogle\"\n     style=\"display:block; text-align:center;\"\n     data-ad-layout=\"in-article\"\n     data-ad-format=\"fluid\"\n     data-ad-client=\"ca-pub-5499304793904745\"\n     data-ad-slot=\"5994863093\"><\/ins>\n<script>\n     (adsbygoogle = window.adsbygoogle || []).push({});\n<\/script>\n\n\n\n<h4 class=\"wp-block-heading\">Hidrataci\u00f3n siempre<\/h4>\n\n\n\n<p>Finalmente, la hidrataci\u00f3n es clave. No importa tu tipo de cabello, todos necesitamos mantenerlo nutrido. La l\u00ednea <strong>MOISTURE de MONDAY Haircare<\/strong> tiene productos que hidratan desde la ra\u00edz hasta las puntas, dej\u00e1ndote una melena espectacular y libre de resequedad.<\/p>\n\n\n\n<figure class=\"wp-block-embed aligncenter is-type-rich is-provider-instagram wp-block-embed-instagram\"><div class=\"wp-block-embed__wrapper\">\n<blockquote class=\"instagram-media\" data-instgrm-captioned data-instgrm-permalink=\"https:\/\/www.instagram.com\/reel\/C4rkiHfO7y9\/?utm_source=ig_embed&amp;utm_campaign=loading\" data-instgrm-version=\"14\" style=\" background:#FFF; border:0; border-radius:3px; box-shadow:0 0 1px 0 rgba(0,0,0,0.5),0 1px 10px 0 rgba(0,0,0,0.15); margin: 1px; max-width:658px; min-width:326px; padding:0; width:99.375%; width:-webkit-calc(100% - 2px); width:calc(100% - 2px);\"><div style=\"padding:16px;\"> <a href=\"https:\/\/www.instagram.com\/reel\/C4rkiHfO7y9\/?utm_source=ig_embed&amp;utm_campaign=loading\" style=\" background:#FFFFFF; line-height:0; padding:0 0; text-align:center; text-decoration:none; width:100%;\" target=\"_blank\"> <div style=\" display: flex; flex-direction: row; align-items: center;\"> <div style=\"background-color: #F4F4F4; border-radius: 50%; flex-grow: 0; height: 40px; margin-right: 14px; width: 40px;\"><\/div> <div style=\"display: flex; flex-direction: column; flex-grow: 1; justify-content: center;\"> <div style=\" background-color: #F4F4F4; border-radius: 4px; flex-grow: 0; height: 14px; margin-bottom: 6px; width: 100px;\"><\/div> <div style=\" background-color: #F4F4F4; border-radius: 4px; flex-grow: 0; height: 14px; width: 60px;\"><\/div><\/div><\/div><div style=\"padding: 19% 0;\"><\/div> <div style=\"display:block; height:50px; margin:0 auto 12px; width:50px;\"><svg width=\"50px\" height=\"50px\" viewBox=\"0 0 60 60\" version=\"1.1\" xmlns=\"https:\/\/www.w3.org\/2000\/svg\" xmlns:xlink=\"https:\/\/www.w3.org\/1999\/xlink\"><g stroke=\"none\" stroke-width=\"1\" fill=\"none\" fill-rule=\"evenodd\"><g transform=\"translate(-511.000000, -20.000000)\" fill=\"#000000\"><g><path d=\"M556.869,30.41 C554.814,30.41 553.148,32.076 553.148,34.131 C553.148,36.186 554.814,37.852 556.869,37.852 C558.924,37.852 560.59,36.186 560.59,34.131 C560.59,32.076 558.924,30.41 556.869,30.41 M541,60.657 C535.114,60.657 530.342,55.887 530.342,50 C530.342,44.114 535.114,39.342 541,39.342 C546.887,39.342 551.658,44.114 551.658,50 C551.658,55.887 546.887,60.657 541,60.657 M541,33.886 C532.1,33.886 524.886,41.1 524.886,50 C524.886,58.899 532.1,66.113 541,66.113 C549.9,66.113 557.115,58.899 557.115,50 C557.115,41.1 549.9,33.886 541,33.886 M565.378,62.101 C565.244,65.022 564.756,66.606 564.346,67.663 C563.803,69.06 563.154,70.057 562.106,71.106 C561.058,72.155 560.06,72.803 558.662,73.347 C557.607,73.757 556.021,74.244 553.102,74.378 C549.944,74.521 548.997,74.552 541,74.552 C533.003,74.552 532.056,74.521 528.898,74.378 C525.979,74.244 524.393,73.757 523.338,73.347 C521.94,72.803 520.942,72.155 519.894,71.106 C518.846,70.057 518.197,69.06 517.654,67.663 C517.244,66.606 516.755,65.022 516.623,62.101 C516.479,58.943 516.448,57.996 516.448,50 C516.448,42.003 516.479,41.056 516.623,37.899 C516.755,34.978 517.244,33.391 517.654,32.338 C518.197,30.938 518.846,29.942 519.894,28.894 C520.942,27.846 521.94,27.196 523.338,26.654 C524.393,26.244 525.979,25.756 528.898,25.623 C532.057,25.479 533.004,25.448 541,25.448 C548.997,25.448 549.943,25.479 553.102,25.623 C556.021,25.756 557.607,26.244 558.662,26.654 C560.06,27.196 561.058,27.846 562.106,28.894 C563.154,29.942 563.803,30.938 564.346,32.338 C564.756,33.391 565.244,34.978 565.378,37.899 C565.522,41.056 565.552,42.003 565.552,50 C565.552,57.996 565.522,58.943 565.378,62.101 M570.82,37.631 C570.674,34.438 570.167,32.258 569.425,30.349 C568.659,28.377 567.633,26.702 565.965,25.035 C564.297,23.368 562.623,22.342 560.652,21.575 C558.743,20.834 556.562,20.326 553.369,20.18 C550.169,20.033 549.148,20 541,20 C532.853,20 531.831,20.033 528.631,20.18 C525.438,20.326 523.257,20.834 521.349,21.575 C519.376,22.342 517.703,23.368 516.035,25.035 C514.368,26.702 513.342,28.377 512.574,30.349 C511.834,32.258 511.326,34.438 511.181,37.631 C511.035,40.831 511,41.851 511,50 C511,58.147 511.035,59.17 511.181,62.369 C511.326,65.562 511.834,67.743 512.574,69.651 C513.342,71.625 514.368,73.296 516.035,74.965 C517.703,76.634 519.376,77.658 521.349,78.425 C523.257,79.167 525.438,79.673 528.631,79.82 C531.831,79.965 532.853,80.001 541,80.001 C549.148,80.001 550.169,79.965 553.369,79.82 C556.562,79.673 558.743,79.167 560.652,78.425 C562.623,77.658 564.297,76.634 565.965,74.965 C567.633,73.296 568.659,71.625 569.425,69.651 C570.167,67.743 570.674,65.562 570.82,62.369 C570.966,59.17 571,58.147 571,50 C571,41.851 570.966,40.831 570.82,37.631\"><\/path><\/g><\/g><\/g><\/svg><\/div><div style=\"padding-top: 8px;\"> <div style=\" color:#3897f0; font-family:Arial,sans-serif; font-size:14px; font-style:normal; font-weight:550; line-height:18px;\">View this post on Instagram<\/div><\/div><div style=\"padding: 12.5% 0;\"><\/div> <div style=\"display: flex; flex-direction: row; margin-bottom: 14px; align-items: center;\"><div> <div style=\"background-color: #F4F4F4; border-radius: 50%; height: 12.5px; width: 12.5px; transform: translateX(0px) translateY(7px);\"><\/div> <div style=\"background-color: #F4F4F4; height: 12.5px; transform: rotate(-45deg) translateX(3px) translateY(1px); width: 12.5px; flex-grow: 0; margin-right: 14px; margin-left: 2px;\"><\/div> <div style=\"background-color: #F4F4F4; border-radius: 50%; height: 12.5px; width: 12.5px; transform: translateX(9px) translateY(-18px);\"><\/div><\/div><div style=\"margin-left: 8px;\"> <div style=\" background-color: #F4F4F4; border-radius: 50%; flex-grow: 0; height: 20px; width: 20px;\"><\/div> <div style=\" width: 0; height: 0; border-top: 2px solid transparent; border-left: 6px solid #f4f4f4; border-bottom: 2px solid transparent; transform: translateX(16px) translateY(-4px) rotate(30deg)\"><\/div><\/div><div style=\"margin-left: auto;\"> <div style=\" width: 0px; border-top: 8px solid #F4F4F4; border-right: 8px solid transparent; transform: translateY(16px);\"><\/div> <div style=\" background-color: #F4F4F4; flex-grow: 0; height: 12px; width: 16px; transform: translateY(-4px);\"><\/div> <div style=\" width: 0; height: 0; border-top: 8px solid #F4F4F4; border-left: 8px solid transparent; transform: translateY(-4px) translateX(8px);\"><\/div><\/div><\/div> <div style=\"display: flex; flex-direction: column; flex-grow: 1; justify-content: center; margin-bottom: 24px;\"> <div style=\" background-color: #F4F4F4; border-radius: 4px; flex-grow: 0; height: 14px; margin-bottom: 6px; width: 224px;\"><\/div> <div style=\" background-color: #F4F4F4; border-radius: 4px; flex-grow: 0; height: 14px; width: 144px;\"><\/div><\/div><\/a><p style=\" color:#c9c8cd; font-family:Arial,sans-serif; font-size:14px; line-height:17px; margin-bottom:0; margin-top:8px; overflow:hidden; padding:8px 0 7px; text-align:center; text-overflow:ellipsis; white-space:nowrap;\"><a href=\"https:\/\/www.instagram.com\/reel\/C4rkiHfO7y9\/?utm_source=ig_embed&amp;utm_campaign=loading\" style=\" color:#c9c8cd; font-family:Arial,sans-serif; font-size:14px; font-style:normal; font-weight:normal; line-height:17px; text-decoration:none;\" target=\"_blank\">A post shared by MONDAY Haircare (@mondayhaircare)<\/a><\/p><\/div><\/blockquote><script async src=\"\/\/platform.instagram.com\/en_US\/embeds.js\"><\/script>\n<\/div><\/figure>\n\n\n\n<h4 class=\"wp-block-heading\">\u00a1Dile adi\u00f3s a los malos h\u00e1bitos!<\/h4>\n\n\n\n<p>Cuidar tu cabello no tiene que ser una odisea. Con los productos adecuados y cambiando algunos h\u00e1bitos, tu melena se ver\u00e1 radiante y saludable. \u00bfQuieres que cada d\u00eda sea un <strong>good hair day<\/strong>? Corre a buscar MONDAY Haircare en <a class=\"\" href=\"https:\/\/www.sallybeauty.com.mx\">Sally Beauty<\/a> y <strong>Walmart M\u00e9xico<\/strong> para transformar tu rutina capilar.<\/p>\n\n\n\n<script async src=\"https:\/\/pagead2.googlesyndication.com\/pagead\/js\/adsbygoogle.js?client=ca-pub-5499304793904745\"\n     crossorigin=\"anonymous\"><\/script>\n<ins class=\"adsbygoogle\"\n     style=\"display:block; text-align:center;\"\n     data-ad-layout=\"in-article\"\n     data-ad-format=\"fluid\"\n     data-ad-client=\"ca-pub-5499304793904745\"\n     data-ad-slot=\"5994863093\"><\/ins>\n<script>\n     (adsbygoogle = window.adsbygoogle || []).push({});\n<\/script>\n\n<!--themify_builder_content-->\n<div id=\"themify_builder_content-99807\" data-postid=\"99807\" class=\"themify_builder_content themify_builder_content-99807 themify_builder tf_clear\">\n    <\/div>\n<!--\/themify_builder_content-->","protected":false},"excerpt":{"rendered":"<p>Amix, seguro que alguna vez has sentido que tu cabello est\u00e1 apagado, sin vida o simplemente no coopera contigo. A veces hacemos cosas que sin darnos cuenta lo da\u00f1an, y eso nos deja frustrades y pregunt\u00e1ndonos qu\u00e9 estamos haciendo mal. Pero tranqui, que aqu\u00ed te cuento cu\u00e1les son esos errores comunes y c\u00f3mo solucionarlos para [&hellip;]<\/p>\n","protected":false},"author":4,"featured_media":99814,"comment_status":"open","ping_status":"open","sticky":false,"template":"","format":"standard","meta":{"_jetpack_memberships_contains_paid_content":false,"footnotes":"","jetpack_publicize_message":"","jetpack_publicize_feature_enabled":true,"jetpack_social_post_already_shared":true,"jetpack_social_options":{"image_generator_settings":{"template":"highway","default_image_id":0,"font":"","enabled":false},"version":2}},"categories":[1],"tags":[7116,8953,11029,7154,11893],"class_list":["post-99807","post","type-post","status-publish","format-standard","has-post-thumbnail","hentry","category-blog","tag-cuidado-del-cabello","tag-monday-haircare","tag-productos-para-el-cabello","tag-salud-capilar","tag-selfcare","has-post-title","has-post-date","has-post-category","has-post-tag","has-post-comment","has-post-author",""],"yoast_head":"<!-- This site is optimized with the Yoast SEO plugin v27.4 - https:\/\/yoast.com\/product\/yoast-seo-wordpress\/ -->\n<title>Hair Day: Da vida A Tu Malena - Zero Magazine<\/title>\n<meta name=\"description\" content=\"Descubre estos cinco tips y los productos que Monday Hair Day trae para darle brillo y fuerza a tu cabello\" \/>\n<meta name=\"robots\" content=\"index, follow, max-snippet:-1, max-image-preview:large, max-video-preview:-1\" \/>\n<link rel=\"canonical\" href=\"https:\/\/zeromagazine.mx\/index.php\/2025\/03\/26\/haiy-day-da-vida-a-tu-melena\/\" \/>\n<meta property=\"og:locale\" content=\"es_ES\" \/>\n<meta property=\"og:type\" content=\"article\" \/>\n<meta property=\"og:title\" content=\"Hair Day: Da vida A Tu Malena - Zero Magazine\" \/>\n<meta property=\"og:description\" content=\"Descubre estos cinco tips y los productos que Monday Hair Day trae para darle brillo y fuerza a tu cabello\" \/>\n<meta property=\"og:url\" content=\"https:\/\/zeromagazine.mx\/index.php\/2025\/03\/26\/haiy-day-da-vida-a-tu-melena\/\" \/>\n<meta property=\"og:site_name\" content=\"Zero Magazine\" \/>\n<meta property=\"article:published_time\" content=\"2025-03-27T03:33:35+00:00\" \/>\n<meta property=\"article:modified_time\" content=\"2025-03-27T03:33:37+00:00\" \/>\n<meta property=\"og:image\" content=\"http:\/\/zeromagazine.mx\/wp-content\/uploads\/2025\/03\/Captura-de-pantalla-2025-03-26-205958.png\" \/>\n\t<meta property=\"og:image:width\" content=\"1068\" \/>\n\t<meta property=\"og:image:height\" content=\"607\" \/>\n\t<meta property=\"og:image:type\" content=\"image\/png\" \/>\n<meta name=\"author\" content=\"David Morales\" \/>\n<meta name=\"twitter:card\" content=\"summary_large_image\" \/>\n<meta name=\"twitter:label1\" content=\"Escrito por\" \/>\n\t<meta name=\"twitter:data1\" content=\"David Morales\" \/>\n\t<meta name=\"twitter:label2\" content=\"Tiempo de lectura\" \/>\n\t<meta name=\"twitter:data2\" content=\"3 minutos\" \/>\n<script type=\"application\/ld+json\" class=\"yoast-schema-graph\">{\"@context\":\"https:\\\/\\\/schema.org\",\"@graph\":[{\"@type\":\"Article\",\"@id\":\"https:\\\/\\\/zeromagazine.mx\\\/index.php\\\/2025\\\/03\\\/26\\\/haiy-day-da-vida-a-tu-melena\\\/#article\",\"isPartOf\":{\"@id\":\"https:\\\/\\\/zeromagazine.mx\\\/index.php\\\/2025\\\/03\\\/26\\\/haiy-day-da-vida-a-tu-melena\\\/\"},\"author\":{\"name\":\"David Morales\",\"@id\":\"https:\\\/\\\/zeromagazine.mx\\\/#\\\/schema\\\/person\\\/9f7f1a17c60ba8e9980e3e6677aabe5a\"},\"headline\":\"Hair Day: Da vida A Tu Malena\",\"datePublished\":\"2025-03-27T03:33:35+00:00\",\"dateModified\":\"2025-03-27T03:33:37+00:00\",\"mainEntityOfPage\":{\"@id\":\"https:\\\/\\\/zeromagazine.mx\\\/index.php\\\/2025\\\/03\\\/26\\\/haiy-day-da-vida-a-tu-melena\\\/\"},\"wordCount\":452,\"commentCount\":0,\"publisher\":{\"@id\":\"https:\\\/\\\/zeromagazine.mx\\\/#organization\"},\"image\":{\"@id\":\"https:\\\/\\\/zeromagazine.mx\\\/index.php\\\/2025\\\/03\\\/26\\\/haiy-day-da-vida-a-tu-melena\\\/#primaryimage\"},\"thumbnailUrl\":\"https:\\\/\\\/i0.wp.com\\\/zeromagazine.mx\\\/wp-content\\\/uploads\\\/2025\\\/03\\\/Captura-de-pantalla-2025-03-26-205958.png?fit=1068%2C607&ssl=1\",\"keywords\":[\"Cuidado del cabello\",\"Monday Haircare\",\"Productos para el cabello\",\"Salud Capilar\",\"selfcare\"],\"articleSection\":[\"Blog\"],\"inLanguage\":\"es\",\"potentialAction\":[{\"@type\":\"CommentAction\",\"name\":\"Comment\",\"target\":[\"https:\\\/\\\/zeromagazine.mx\\\/index.php\\\/2025\\\/03\\\/26\\\/haiy-day-da-vida-a-tu-melena\\\/#respond\"]}]},{\"@type\":\"WebPage\",\"@id\":\"https:\\\/\\\/zeromagazine.mx\\\/index.php\\\/2025\\\/03\\\/26\\\/haiy-day-da-vida-a-tu-melena\\\/\",\"url\":\"https:\\\/\\\/zeromagazine.mx\\\/index.php\\\/2025\\\/03\\\/26\\\/haiy-day-da-vida-a-tu-melena\\\/\",\"name\":\"Hair Day: Da vida A Tu Malena - Zero Magazine\",\"isPartOf\":{\"@id\":\"https:\\\/\\\/zeromagazine.mx\\\/#website\"},\"primaryImageOfPage\":{\"@id\":\"https:\\\/\\\/zeromagazine.mx\\\/index.php\\\/2025\\\/03\\\/26\\\/haiy-day-da-vida-a-tu-melena\\\/#primaryimage\"},\"image\":{\"@id\":\"https:\\\/\\\/zeromagazine.mx\\\/index.php\\\/2025\\\/03\\\/26\\\/haiy-day-da-vida-a-tu-melena\\\/#primaryimage\"},\"thumbnailUrl\":\"https:\\\/\\\/i0.wp.com\\\/zeromagazine.mx\\\/wp-content\\\/uploads\\\/2025\\\/03\\\/Captura-de-pantalla-2025-03-26-205958.png?fit=1068%2C607&ssl=1\",\"datePublished\":\"2025-03-27T03:33:35+00:00\",\"dateModified\":\"2025-03-27T03:33:37+00:00\",\"description\":\"Descubre estos cinco tips y los productos que Monday Hair Day trae para darle brillo y fuerza a tu cabello\",\"breadcrumb\":{\"@id\":\"https:\\\/\\\/zeromagazine.mx\\\/index.php\\\/2025\\\/03\\\/26\\\/haiy-day-da-vida-a-tu-melena\\\/#breadcrumb\"},\"inLanguage\":\"es\",\"potentialAction\":[{\"@type\":\"ReadAction\",\"target\":[\"https:\\\/\\\/zeromagazine.mx\\\/index.php\\\/2025\\\/03\\\/26\\\/haiy-day-da-vida-a-tu-melena\\\/\"]}]},{\"@type\":\"ImageObject\",\"inLanguage\":\"es\",\"@id\":\"https:\\\/\\\/zeromagazine.mx\\\/index.php\\\/2025\\\/03\\\/26\\\/haiy-day-da-vida-a-tu-melena\\\/#primaryimage\",\"url\":\"https:\\\/\\\/i0.wp.com\\\/zeromagazine.mx\\\/wp-content\\\/uploads\\\/2025\\\/03\\\/Captura-de-pantalla-2025-03-26-205958.png?fit=1068%2C607&ssl=1\",\"contentUrl\":\"https:\\\/\\\/i0.wp.com\\\/zeromagazine.mx\\\/wp-content\\\/uploads\\\/2025\\\/03\\\/Captura-de-pantalla-2025-03-26-205958.png?fit=1068%2C607&ssl=1\",\"width\":1068,\"height\":607},{\"@type\":\"BreadcrumbList\",\"@id\":\"https:\\\/\\\/zeromagazine.mx\\\/index.php\\\/2025\\\/03\\\/26\\\/haiy-day-da-vida-a-tu-melena\\\/#breadcrumb\",\"itemListElement\":[{\"@type\":\"ListItem\",\"position\":1,\"name\":\"Portada\",\"item\":\"https:\\\/\\\/zeromagazine.mx\\\/\"},{\"@type\":\"ListItem\",\"position\":2,\"name\":\"Hair Day: Da vida A Tu Malena\"}]},{\"@type\":\"WebSite\",\"@id\":\"https:\\\/\\\/zeromagazine.mx\\\/#website\",\"url\":\"https:\\\/\\\/zeromagazine.mx\\\/\",\"name\":\"Zero Magazine\",\"description\":\"\",\"publisher\":{\"@id\":\"https:\\\/\\\/zeromagazine.mx\\\/#organization\"},\"potentialAction\":[{\"@type\":\"SearchAction\",\"target\":{\"@type\":\"EntryPoint\",\"urlTemplate\":\"https:\\\/\\\/zeromagazine.mx\\\/?s={search_term_string}\"},\"query-input\":{\"@type\":\"PropertyValueSpecification\",\"valueRequired\":true,\"valueName\":\"search_term_string\"}}],\"inLanguage\":\"es\"},{\"@type\":\"Organization\",\"@id\":\"https:\\\/\\\/zeromagazine.mx\\\/#organization\",\"name\":\"Zero Magazine\",\"url\":\"https:\\\/\\\/zeromagazine.mx\\\/\",\"logo\":{\"@type\":\"ImageObject\",\"inLanguage\":\"es\",\"@id\":\"https:\\\/\\\/zeromagazine.mx\\\/#\\\/schema\\\/logo\\\/image\\\/\",\"url\":\"https:\\\/\\\/i0.wp.com\\\/zeromagazine.mx\\\/wp-content\\\/uploads\\\/2025\\\/11\\\/1.jpeg?fit=1000%2C1000&ssl=1\",\"contentUrl\":\"https:\\\/\\\/i0.wp.com\\\/zeromagazine.mx\\\/wp-content\\\/uploads\\\/2025\\\/11\\\/1.jpeg?fit=1000%2C1000&ssl=1\",\"width\":1000,\"height\":1000,\"caption\":\"Zero Magazine\"},\"image\":{\"@id\":\"https:\\\/\\\/zeromagazine.mx\\\/#\\\/schema\\\/logo\\\/image\\\/\"},\"sameAs\":[\"https:\\\/\\\/instagram.com\\\/zeromagazinemx\"]},{\"@type\":\"Person\",\"@id\":\"https:\\\/\\\/zeromagazine.mx\\\/#\\\/schema\\\/person\\\/9f7f1a17c60ba8e9980e3e6677aabe5a\",\"name\":\"David Morales\",\"image\":{\"@type\":\"ImageObject\",\"inLanguage\":\"es\",\"@id\":\"https:\\\/\\\/zeromagazine.mx\\\/wp-content\\\/litespeed\\\/avatar\\\/76069d2136bfc1c37dc34815bb67ca42.jpg?ver=1776966186\",\"url\":\"https:\\\/\\\/zeromagazine.mx\\\/wp-content\\\/litespeed\\\/avatar\\\/76069d2136bfc1c37dc34815bb67ca42.jpg?ver=1776966186\",\"contentUrl\":\"https:\\\/\\\/zeromagazine.mx\\\/wp-content\\\/litespeed\\\/avatar\\\/76069d2136bfc1c37dc34815bb67ca42.jpg?ver=1776966186\",\"caption\":\"David Morales\"},\"url\":\"https:\\\/\\\/zeromagazine.mx\\\/index.php\\\/author\\\/david\\\/\"}]}<\/script>\n<!-- \/ Yoast SEO plugin. -->","yoast_head_json":{"title":"Hair Day: Da vida A Tu Malena - Zero Magazine","description":"Descubre estos cinco tips y los productos que Monday Hair Day trae para darle brillo y fuerza a tu cabello","robots":{"index":"index","follow":"follow","max-snippet":"max-snippet:-1","max-image-preview":"max-image-preview:large","max-video-preview":"max-video-preview:-1"},"canonical":"https:\/\/zeromagazine.mx\/index.php\/2025\/03\/26\/haiy-day-da-vida-a-tu-melena\/","og_locale":"es_ES","og_type":"article","og_title":"Hair Day: Da vida A Tu Malena - Zero Magazine","og_description":"Descubre estos cinco tips y los productos que Monday Hair Day trae para darle brillo y fuerza a tu cabello","og_url":"https:\/\/zeromagazine.mx\/index.php\/2025\/03\/26\/haiy-day-da-vida-a-tu-melena\/","og_site_name":"Zero Magazine","article_published_time":"2025-03-27T03:33:35+00:00","article_modified_time":"2025-03-27T03:33:37+00:00","og_image":[{"width":1068,"height":607,"url":"http:\/\/zeromagazine.mx\/wp-content\/uploads\/2025\/03\/Captura-de-pantalla-2025-03-26-205958.png","type":"image\/png"}],"author":"David Morales","twitter_card":"summary_large_image","twitter_misc":{"Escrito por":"David Morales","Tiempo de lectura":"3 minutos"},"schema":{"@context":"https:\/\/schema.org","@graph":[{"@type":"Article","@id":"https:\/\/zeromagazine.mx\/index.php\/2025\/03\/26\/haiy-day-da-vida-a-tu-melena\/#article","isPartOf":{"@id":"https:\/\/zeromagazine.mx\/index.php\/2025\/03\/26\/haiy-day-da-vida-a-tu-melena\/"},"author":{"name":"David Morales","@id":"https:\/\/zeromagazine.mx\/#\/schema\/person\/9f7f1a17c60ba8e9980e3e6677aabe5a"},"headline":"Hair Day: Da vida A Tu Malena","datePublished":"2025-03-27T03:33:35+00:00","dateModified":"2025-03-27T03:33:37+00:00","mainEntityOfPage":{"@id":"https:\/\/zeromagazine.mx\/index.php\/2025\/03\/26\/haiy-day-da-vida-a-tu-melena\/"},"wordCount":452,"commentCount":0,"publisher":{"@id":"https:\/\/zeromagazine.mx\/#organization"},"image":{"@id":"https:\/\/zeromagazine.mx\/index.php\/2025\/03\/26\/haiy-day-da-vida-a-tu-melena\/#primaryimage"},"thumbnailUrl":"https:\/\/i0.wp.com\/zeromagazine.mx\/wp-content\/uploads\/2025\/03\/Captura-de-pantalla-2025-03-26-205958.png?fit=1068%2C607&ssl=1","keywords":["Cuidado del cabello","Monday Haircare","Productos para el cabello","Salud Capilar","selfcare"],"articleSection":["Blog"],"inLanguage":"es","potentialAction":[{"@type":"CommentAction","name":"Comment","target":["https:\/\/zeromagazine.mx\/index.php\/2025\/03\/26\/haiy-day-da-vida-a-tu-melena\/#respond"]}]},{"@type":"WebPage","@id":"https:\/\/zeromagazine.mx\/index.php\/2025\/03\/26\/haiy-day-da-vida-a-tu-melena\/","url":"https:\/\/zeromagazine.mx\/index.php\/2025\/03\/26\/haiy-day-da-vida-a-tu-melena\/","name":"Hair Day: Da vida A Tu Malena - Zero Magazine","isPartOf":{"@id":"https:\/\/zeromagazine.mx\/#website"},"primaryImageOfPage":{"@id":"https:\/\/zeromagazine.mx\/index.php\/2025\/03\/26\/haiy-day-da-vida-a-tu-melena\/#primaryimage"},"image":{"@id":"https:\/\/zeromagazine.mx\/index.php\/2025\/03\/26\/haiy-day-da-vida-a-tu-melena\/#primaryimage"},"thumbnailUrl":"https:\/\/i0.wp.com\/zeromagazine.mx\/wp-content\/uploads\/2025\/03\/Captura-de-pantalla-2025-03-26-205958.png?fit=1068%2C607&ssl=1","datePublished":"2025-03-27T03:33:35+00:00","dateModified":"2025-03-27T03:33:37+00:00","description":"Descubre estos cinco tips y los productos que Monday Hair Day trae para darle brillo y fuerza a tu cabello","breadcrumb":{"@id":"https:\/\/zeromagazine.mx\/index.php\/2025\/03\/26\/haiy-day-da-vida-a-tu-melena\/#breadcrumb"},"inLanguage":"es","potentialAction":[{"@type":"ReadAction","target":["https:\/\/zeromagazine.mx\/index.php\/2025\/03\/26\/haiy-day-da-vida-a-tu-melena\/"]}]},{"@type":"ImageObject","inLanguage":"es","@id":"https:\/\/zeromagazine.mx\/index.php\/2025\/03\/26\/haiy-day-da-vida-a-tu-melena\/#primaryimage","url":"https:\/\/i0.wp.com\/zeromagazine.mx\/wp-content\/uploads\/2025\/03\/Captura-de-pantalla-2025-03-26-205958.png?fit=1068%2C607&ssl=1","contentUrl":"https:\/\/i0.wp.com\/zeromagazine.mx\/wp-content\/uploads\/2025\/03\/Captura-de-pantalla-2025-03-26-205958.png?fit=1068%2C607&ssl=1","width":1068,"height":607},{"@type":"BreadcrumbList","@id":"https:\/\/zeromagazine.mx\/index.php\/2025\/03\/26\/haiy-day-da-vida-a-tu-melena\/#breadcrumb","itemListElement":[{"@type":"ListItem","position":1,"name":"Portada","item":"https:\/\/zeromagazine.mx\/"},{"@type":"ListItem","position":2,"name":"Hair Day: Da vida A Tu Malena"}]},{"@type":"WebSite","@id":"https:\/\/zeromagazine.mx\/#website","url":"https:\/\/zeromagazine.mx\/","name":"Zero Magazine","description":"","publisher":{"@id":"https:\/\/zeromagazine.mx\/#organization"},"potentialAction":[{"@type":"SearchAction","target":{"@type":"EntryPoint","urlTemplate":"https:\/\/zeromagazine.mx\/?s={search_term_string}"},"query-input":{"@type":"PropertyValueSpecification","valueRequired":true,"valueName":"search_term_string"}}],"inLanguage":"es"},{"@type":"Organization","@id":"https:\/\/zeromagazine.mx\/#organization","name":"Zero Magazine","url":"https:\/\/zeromagazine.mx\/","logo":{"@type":"ImageObject","inLanguage":"es","@id":"https:\/\/zeromagazine.mx\/#\/schema\/logo\/image\/","url":"https:\/\/i0.wp.com\/zeromagazine.mx\/wp-content\/uploads\/2025\/11\/1.jpeg?fit=1000%2C1000&ssl=1","contentUrl":"https:\/\/i0.wp.com\/zeromagazine.mx\/wp-content\/uploads\/2025\/11\/1.jpeg?fit=1000%2C1000&ssl=1","width":1000,"height":1000,"caption":"Zero Magazine"},"image":{"@id":"https:\/\/zeromagazine.mx\/#\/schema\/logo\/image\/"},"sameAs":["https:\/\/instagram.com\/zeromagazinemx"]},{"@type":"Person","@id":"https:\/\/zeromagazine.mx\/#\/schema\/person\/9f7f1a17c60ba8e9980e3e6677aabe5a","name":"David Morales","image":{"@type":"ImageObject","inLanguage":"es","@id":"https:\/\/zeromagazine.mx\/wp-content\/litespeed\/avatar\/76069d2136bfc1c37dc34815bb67ca42.jpg?ver=1776966186","url":"https:\/\/zeromagazine.mx\/wp-content\/litespeed\/avatar\/76069d2136bfc1c37dc34815bb67ca42.jpg?ver=1776966186","contentUrl":"https:\/\/zeromagazine.mx\/wp-content\/litespeed\/avatar\/76069d2136bfc1c37dc34815bb67ca42.jpg?ver=1776966186","caption":"David Morales"},"url":"https:\/\/zeromagazine.mx\/index.php\/author\/david\/"}]}},"jetpack_publicize_connections":[],"jetpack_featured_media_url":"https:\/\/i0.wp.com\/zeromagazine.mx\/wp-content\/uploads\/2025\/03\/Captura-de-pantalla-2025-03-26-205958.png?fit=1068%2C607&ssl=1","jetpack-related-posts":[{"id":113256,"url":"https:\/\/zeromagazine.mx\/index.php\/2026\/01\/14\/hair-skin-kindness-cuidado-capilar-amable\/","url_meta":{"origin":99807,"position":0},"title":"Hair &amp; Skin Kindness explicado f\u00e1cil","author":"Luis Trujano","date":"14 de enero de 2026","format":false,"excerpt":"Si \u00faltimamente sientes que tu pelo est\u00e1 cansado, sin brillo o simplemente harto de rutinas eternas que prometen milagros, puede que la respuesta no sea \u201cm\u00e1s\u201d, sino mejor. Y ah\u00ed es donde entra Hair & Skin Kindness, una filosof\u00eda que est\u00e1 cambiando la forma en la que entendemos el cuidado\u2026","rel":"","context":"En \u00abBeauty\u00bb","block_context":{"text":"Beauty","link":"https:\/\/zeromagazine.mx\/index.php\/category\/beauty\/"},"img":{"alt_text":"","src":"https:\/\/i0.wp.com\/zeromagazine.mx\/wp-content\/uploads\/2026\/01\/IMG_6290.png?fit=482%2C460&ssl=1&resize=350%2C200","width":350,"height":200},"classes":[]},{"id":96972,"url":"https:\/\/zeromagazine.mx\/index.php\/2025\/02\/17\/fructis-hair-food-pina\/","url_meta":{"origin":99807,"position":1},"title":"Fructis\u00a0Hair\u00a0Food\u00a0Pi\u00f1a: Cabello fuerte y saludable","author":"David Morales","date":"17 de febrero de 2025","format":false,"excerpt":"Garnier nos sorprendi\u00f3 con su nuevo lanzamiento:\u00a0Fructis\u00a0Hair\u00a0Food\u00a0Pi\u00f1a, un producto que promete salvar a todas las personas con cabello largo del problema\u00a0del quiebre y las puntas abiertas. Lo mejor es que forma parte de su compromiso con\u00a0Green\u00a0Beauty, ya que su f\u00f3rmula es 97% de origen natural, completamente vegana y aprobada por\u00a0Cruelty\u00a0Free\u2026","rel":"","context":"En \u00abBeauty\u00bb","block_context":{"text":"Beauty","link":"https:\/\/zeromagazine.mx\/index.php\/category\/beauty\/"},"img":{"alt_text":"","src":"https:\/\/i0.wp.com\/zeromagazine.mx\/wp-content\/uploads\/2025\/02\/IMG_3538.png?fit=1200%2C923&ssl=1&resize=350%2C200","width":350,"height":200,"srcset":"https:\/\/i0.wp.com\/zeromagazine.mx\/wp-content\/uploads\/2025\/02\/IMG_3538.png?fit=1200%2C923&ssl=1&resize=350%2C200 1x, https:\/\/i0.wp.com\/zeromagazine.mx\/wp-content\/uploads\/2025\/02\/IMG_3538.png?fit=1200%2C923&ssl=1&resize=525%2C300 1.5x, https:\/\/i0.wp.com\/zeromagazine.mx\/wp-content\/uploads\/2025\/02\/IMG_3538.png?fit=1200%2C923&ssl=1&resize=700%2C400 2x, https:\/\/i0.wp.com\/zeromagazine.mx\/wp-content\/uploads\/2025\/02\/IMG_3538.png?fit=1200%2C923&ssl=1&resize=1050%2C600 3x"},"classes":[]},{"id":93890,"url":"https:\/\/zeromagazine.mx\/index.php\/2024\/12\/23\/brilla-con-endless-glow\/","url_meta":{"origin":99807,"position":2},"title":"Brilla con Endless Hair Glow","author":"zeromagazinemx","date":"23 de diciembre de 2024","format":false,"excerpt":"La magia de la Navidad ya est\u00e1 aqu\u00ed, y con ella llega el momento perfecto para brillar como nunca antes. Entre luces, adornos y villancicos, hay algo especial en esta \u00e9poca que nos inspira a cuidarnos, mimarnos y, por supuesto, sacar nuestra mejor versi\u00f3n. Y si de brillar se trata,\u2026","rel":"","context":"En \u00abBeauty\u00bb","block_context":{"text":"Beauty","link":"https:\/\/zeromagazine.mx\/index.php\/category\/beauty\/"},"img":{"alt_text":"","src":"https:\/\/i0.wp.com\/zeromagazine.mx\/wp-content\/uploads\/2024\/12\/unnamed-11.png?fit=652%2C604&ssl=1&resize=350%2C200","width":350,"height":200,"srcset":"https:\/\/i0.wp.com\/zeromagazine.mx\/wp-content\/uploads\/2024\/12\/unnamed-11.png?fit=652%2C604&ssl=1&resize=350%2C200 1x, https:\/\/i0.wp.com\/zeromagazine.mx\/wp-content\/uploads\/2024\/12\/unnamed-11.png?fit=652%2C604&ssl=1&resize=525%2C300 1.5x"},"classes":[]},{"id":117171,"url":"https:\/\/zeromagazine.mx\/index.php\/2026\/03\/23\/salon-ulta-beauty-mexico-urban-hair\/","url_meta":{"origin":99807,"position":3},"title":"Sal\u00f3n Ulta Beauty llega a M\u00e9xico","author":"Luis Trujano","date":"23 de marzo de 2026","format":false,"excerpt":"El mundo beauty en M\u00e9xico acaba de subir de nivel, y s\u00ed, vas a querer agendar cita ASAP. El nuevo Sal\u00f3n Ulta Beauty por Urban Hair de Ulta Beauty ya est\u00e1 aqu\u00ed, y no es solo otro lugar para cortarte el cabello: es toda una experiencia pensada para transformar tu\u2026","rel":"","context":"En \u00abBeauty\u00bb","block_context":{"text":"Beauty","link":"https:\/\/zeromagazine.mx\/index.php\/category\/beauty\/"},"img":{"alt_text":"","src":"https:\/\/i0.wp.com\/zeromagazine.mx\/wp-content\/uploads\/2026\/03\/IMG_6586.png?resize=350%2C200&ssl=1","width":350,"height":200},"classes":[]},{"id":108062,"url":"https:\/\/zeromagazine.mx\/index.php\/2025\/09\/16\/glass-hair-con-neqi\/","url_meta":{"origin":99807,"position":4},"title":"Glass Hair con NEQI: brillo que enamora","author":"David Morales","date":"16 de septiembre de 2025","format":false,"excerpt":"Te confieso algo: pocas veces un producto capilar me hab\u00eda sorprendido tanto como\u00a0NEQI. Lo prob\u00e9 hace unas semanas porque buscaba ese acabado\u00a0glass hair\u00a0que ves en editoriales y pasarelas, y ahora no imagino mi rutina sin \u00e9l. No es solo que mi cabello se vea m\u00e1s brillante, es que se siente\u2026","rel":"","context":"En \u00abBeauty\u00bb","block_context":{"text":"Beauty","link":"https:\/\/zeromagazine.mx\/index.php\/category\/beauty\/"},"img":{"alt_text":"","src":"https:\/\/i0.wp.com\/zeromagazine.mx\/wp-content\/uploads\/2025\/09\/Neqi.webp?fit=1200%2C1200&ssl=1&resize=350%2C200","width":350,"height":200,"srcset":"https:\/\/i0.wp.com\/zeromagazine.mx\/wp-content\/uploads\/2025\/09\/Neqi.webp?fit=1200%2C1200&ssl=1&resize=350%2C200 1x, https:\/\/i0.wp.com\/zeromagazine.mx\/wp-content\/uploads\/2025\/09\/Neqi.webp?fit=1200%2C1200&ssl=1&resize=525%2C300 1.5x, https:\/\/i0.wp.com\/zeromagazine.mx\/wp-content\/uploads\/2025\/09\/Neqi.webp?fit=1200%2C1200&ssl=1&resize=700%2C400 2x, https:\/\/i0.wp.com\/zeromagazine.mx\/wp-content\/uploads\/2025\/09\/Neqi.webp?fit=1200%2C1200&ssl=1&resize=1050%2C600 3x"},"classes":[]},{"id":94572,"url":"https:\/\/zeromagazine.mx\/index.php\/2025\/01\/10\/brilla-siempre-con-raw-sugar\/","url_meta":{"origin":99807,"position":5},"title":"Brilla Siempre con Raw Sugar","author":"zeromagazinemx","date":"10 de enero de 2025","format":false,"excerpt":"Brilla con un cabello radiante Brilla con un cabello radiante, el 2025 ya est\u00e1 aqu\u00ed, disfruta la oportunidad de brillar como nunca antes. Entre las luces, la comida deliciosa y las fiestas, \u00bfpor qu\u00e9 no aprovechar la ocasi\u00f3n para hacer que tu cabello sea el centro de atenci\u00f3n? Con el\u2026","rel":"","context":"En \u00abBeauty\u00bb","block_context":{"text":"Beauty","link":"https:\/\/zeromagazine.mx\/index.php\/category\/beauty\/"},"img":{"alt_text":"","src":"https:\/\/i0.wp.com\/zeromagazine.mx\/wp-content\/uploads\/2025\/01\/RS-PDP-Gallery-Imagery-1280x1920-rnd72_1100x.webp?fit=800%2C1200&ssl=1&resize=350%2C200","width":350,"height":200,"srcset":"https:\/\/i0.wp.com\/zeromagazine.mx\/wp-content\/uploads\/2025\/01\/RS-PDP-Gallery-Imagery-1280x1920-rnd72_1100x.webp?fit=800%2C1200&ssl=1&resize=350%2C200 1x, https:\/\/i0.wp.com\/zeromagazine.mx\/wp-content\/uploads\/2025\/01\/RS-PDP-Gallery-Imagery-1280x1920-rnd72_1100x.webp?fit=800%2C1200&ssl=1&resize=525%2C300 1.5x, https:\/\/i0.wp.com\/zeromagazine.mx\/wp-content\/uploads\/2025\/01\/RS-PDP-Gallery-Imagery-1280x1920-rnd72_1100x.webp?fit=800%2C1200&ssl=1&resize=700%2C400 2x"},"classes":[]}],"jetpack_sharing_enabled":true,"builder_content":"","_links":{"self":[{"href":"https:\/\/zeromagazine.mx\/index.php\/wp-json\/wp\/v2\/posts\/99807","targetHints":{"allow":["GET"]}}],"collection":[{"href":"https:\/\/zeromagazine.mx\/index.php\/wp-json\/wp\/v2\/posts"}],"about":[{"href":"https:\/\/zeromagazine.mx\/index.php\/wp-json\/wp\/v2\/types\/post"}],"author":[{"embeddable":true,"href":"https:\/\/zeromagazine.mx\/index.php\/wp-json\/wp\/v2\/users\/4"}],"replies":[{"embeddable":true,"href":"https:\/\/zeromagazine.mx\/index.php\/wp-json\/wp\/v2\/comments?post=99807"}],"version-history":[{"count":2,"href":"https:\/\/zeromagazine.mx\/index.php\/wp-json\/wp\/v2\/posts\/99807\/revisions"}],"predecessor-version":[{"id":99816,"href":"https:\/\/zeromagazine.mx\/index.php\/wp-json\/wp\/v2\/posts\/99807\/revisions\/99816"}],"wp:featuredmedia":[{"embeddable":true,"href":"https:\/\/zeromagazine.mx\/index.php\/wp-json\/wp\/v2\/media\/99814"}],"wp:attachment":[{"href":"https:\/\/zeromagazine.mx\/index.php\/wp-json\/wp\/v2\/media?parent=99807"}],"wp:term":[{"taxonomy":"category","embeddable":true,"href":"https:\/\/zeromagazine.mx\/index.php\/wp-json\/wp\/v2\/categories?post=99807"},{"taxonomy":"post_tag","embeddable":true,"href":"https:\/\/zeromagazine.mx\/index.php\/wp-json\/wp\/v2\/tags?post=99807"}],"curies":[{"name":"wp","href":"https:\/\/api.w.org\/{rel}","templated":true}]}}