{"id":99817,"date":"2025-03-27T11:20:42","date_gmt":"2025-03-27T17:20:42","guid":{"rendered":"https:\/\/zeromagazine.mx\/?p=99817"},"modified":"2025-03-27T11:20:43","modified_gmt":"2025-03-27T17:20:43","slug":"conrad-relajacion-santa","status":"publish","type":"post","link":"https:\/\/zeromagazine.mx\/index.php\/2025\/03\/27\/conrad-relajacion-santa\/","title":{"rendered":"Conrad: Relajaci\u00f3n Santa"},"content":{"rendered":"<p>mix, si ya est\u00e1s pensando en escaparte esta Semana Santa y vivir una experiencia \u00e9pica en plena Riviera Nayarit, d\u00e9jame decirte que <strong>Conrad Punta de Mita<\/strong> es el lugar que lo tiene TODO. Desde playas paradis\u00edacas hasta experiencias \u00fanicas de relajaci\u00f3n y aventura, este spot promete ser el plan perfecto para olvidarte del estr\u00e9s y disfrutar en grande. \u00a1No hay forma de que te lo pierdas! Y por eso aqu\u00ed te traigo los detalles.<\/p>\n\n\n<div class=\"wp-block-image\">\n<figure class=\"aligncenter size-full\"><img data-recalc-dims=\"1\" decoding=\"async\" width=\"1165\" height=\"772\" src=\"https:\/\/i0.wp.com\/zeromagazine.mx\/wp-content\/uploads\/2025\/03\/PVRPMCI_SPA-Temazcal.jpg?resize=1165%2C772&#038;ssl=1\" alt=\"\" class=\"wp-image-99820\" srcset=\"https:\/\/i0.wp.com\/zeromagazine.mx\/wp-content\/uploads\/2025\/03\/PVRPMCI_SPA-Temazcal.jpg?w=1200&amp;ssl=1 1200w, https:\/\/i0.wp.com\/zeromagazine.mx\/wp-content\/uploads\/2025\/03\/PVRPMCI_SPA-Temazcal.jpg?resize=300%2C199&amp;ssl=1 300w, https:\/\/i0.wp.com\/zeromagazine.mx\/wp-content\/uploads\/2025\/03\/PVRPMCI_SPA-Temazcal.jpg?resize=1024%2C678&amp;ssl=1 1024w, https:\/\/i0.wp.com\/zeromagazine.mx\/wp-content\/uploads\/2025\/03\/PVRPMCI_SPA-Temazcal.jpg?resize=768%2C509&amp;ssl=1 768w\" sizes=\"(max-width: 1165px) 100vw, 1165px\" \/><\/figure>\n<\/div>\n\n\n<h3 class=\"wp-block-heading\"><strong>Aventura y naturaleza en un solo lugar<\/strong><\/h3>\n\n\n\n<p>Para empezar, imagina despertar con la brisa salina mientras el sonido del mar te da los buenos d\u00edas. Luego, prep\u00e1rate para la acci\u00f3n con actividades s\u00faper cool como surf y paddleboard, o navega al atardecer para sentirte en tu propio videoclip. Y si lo tuyo es conectar con la cultura local, hay cabalgatas en la playa y degustaciones de destilados de agave que te har\u00e1n sentir la vibra aut\u00e9ntica de Nayarit.<\/p>\n\n\n\n<p>Adem\u00e1s, si quieres llevar el mood relax al siguiente nivel, el spa de Conrad Punta de Mita est\u00e1 brutal. Inspirado en la cultura Huichol, ofrece rituales ancestrales que combinan ingredientes naturales y sesiones de meditaci\u00f3n frente al mar. As\u00ed que ya sabes, mientras te desconectas del caos de la ciudad, aqu\u00ed te conectas contigo mismx y el entorno.<\/p>\n\n\n\n<h3 class=\"wp-block-heading\"><strong>Gastronom\u00eda que te vuela la cabeza<\/strong><\/h3>\n\n\n\n<p>Por otro lado, prep\u00e1rate para vivir una experiencia culinaria que har\u00e1 que tus papilas gustativas est\u00e9n de fiesta. Desde cenas frente al mar hasta platillos que celebran lo mejor de la cocina mexicana, la propuesta gastron\u00f3mica de Conrad es un must. Restaurantes como <strong>\u00c1rbol<\/strong> y <strong>Codex<\/strong> combinan lo tradicional con un twist moderno, mientras que en <strong>Mezquite<\/strong> el sabor a la le\u00f1a se fusiona con vistas \u00e9picas al Pac\u00edfico.<\/p>\n\n\n\n<p>Adem\u00e1s, la comida no es lo \u00fanico que destaca, tambi\u00e9n el mood bohemio de sus espacios y el dise\u00f1o que conecta lo contempor\u00e1neo con la esencia mexicana. \u00a1Te vas a sentir en otro mundo!<\/p>\n\n\n<div class=\"wp-block-image\">\n<figure class=\"aligncenter size-full\"><img data-recalc-dims=\"1\" decoding=\"async\" width=\"1165\" height=\"777\" src=\"https:\/\/i0.wp.com\/zeromagazine.mx\/wp-content\/uploads\/2025\/03\/PVRPMCI_Paleta.jpg?resize=1165%2C777&#038;ssl=1\" alt=\"\" class=\"wp-image-99819\" srcset=\"https:\/\/i0.wp.com\/zeromagazine.mx\/wp-content\/uploads\/2025\/03\/PVRPMCI_Paleta.jpg?w=1200&amp;ssl=1 1200w, https:\/\/i0.wp.com\/zeromagazine.mx\/wp-content\/uploads\/2025\/03\/PVRPMCI_Paleta.jpg?resize=300%2C200&amp;ssl=1 300w, https:\/\/i0.wp.com\/zeromagazine.mx\/wp-content\/uploads\/2025\/03\/PVRPMCI_Paleta.jpg?resize=1024%2C683&amp;ssl=1 1024w, https:\/\/i0.wp.com\/zeromagazine.mx\/wp-content\/uploads\/2025\/03\/PVRPMCI_Paleta.jpg?resize=768%2C512&amp;ssl=1 768w\" sizes=\"(max-width: 1165px) 100vw, 1165px\" \/><\/figure>\n<\/div>\n\n\n<h3 class=\"wp-block-heading\"><strong>Rel\u00e1jate en un para\u00edso de lujo<\/strong><\/h3>\n\n\n\n<p>Finalmente, no podemos olvidar mencionar la calidad de las instalaciones. Las suites est\u00e1n tan brutales que no vas a querer salir de ellas: patios enormes, piscinas privadas y hasta duchas al aire libre. Todo el concepto est\u00e1 dise\u00f1ado para que vivas el lujo sin perder la conexi\u00f3n con la naturaleza.<\/p>\n\n\n\n<p>Si ya te convenc\u00ed y te urge armar el plan, checa toda la info en la p\u00e1gina oficial de <a class=\"\" href=\"https:\/\/www.conradpuntademita.com\">Conrad Punta de Mita<\/a> y prep\u00e1rate para vivir unas vacaciones de otro nivel. <\/p>\n\n<!--themify_builder_content-->\n<div id=\"themify_builder_content-99817\" data-postid=\"99817\" class=\"themify_builder_content themify_builder_content-99817 themify_builder tf_clear\">\n    <\/div>\n<!--\/themify_builder_content-->","protected":false},"excerpt":{"rendered":"<p>mix, si ya est\u00e1s pensando en escaparte esta Semana Santa y vivir una experiencia \u00e9pica en plena Riviera Nayarit, d\u00e9jame decirte que Conrad Punta de Mita es el lugar que lo tiene TODO. Desde playas paradis\u00edacas hasta experiencias \u00fanicas de relajaci\u00f3n y aventura, este spot promete ser el plan perfecto para olvidarte del estr\u00e9s y [&hellip;]<\/p>\n","protected":false},"author":4,"featured_media":99818,"comment_status":"open","ping_status":"open","sticky":false,"template":"","format":"standard","meta":{"_jetpack_memberships_contains_paid_content":false,"footnotes":"","jetpack_publicize_message":"","jetpack_publicize_feature_enabled":true,"jetpack_social_post_already_shared":true,"jetpack_social_options":{"image_generator_settings":{"template":"highway","default_image_id":0,"font":"","enabled":false},"version":2}},"categories":[1],"tags":[13050,13051,7327],"class_list":["post-99817","post","type-post","status-publish","format-standard","has-post-thumbnail","hentry","category-blog","tag-conrad-punta-de-mita","tag-rivera-nayarit","tag-semana-santa","has-post-title","has-post-date","has-post-category","has-post-tag","has-post-comment","has-post-author",""],"yoast_head":"<!-- This site is optimized with the Yoast SEO plugin v27.4 - https:\/\/yoast.com\/product\/yoast-seo-wordpress\/ -->\n<title>Conrad: Relajaci\u00f3n Santa - Zero Magazine<\/title>\n<meta name=\"description\" content=\"Vive una Semana Santa \u00e9pica en Conrad Punta de Mita. Relax, lujo y aventura en espacios inigualables de la Riviera Nayarit.\" \/>\n<meta name=\"robots\" content=\"index, follow, max-snippet:-1, max-image-preview:large, max-video-preview:-1\" \/>\n<link rel=\"canonical\" href=\"https:\/\/zeromagazine.mx\/index.php\/2025\/03\/27\/conrad-relajacion-santa\/\" \/>\n<meta property=\"og:locale\" content=\"es_ES\" \/>\n<meta property=\"og:type\" content=\"article\" \/>\n<meta property=\"og:title\" content=\"Conrad: Relajaci\u00f3n Santa - Zero Magazine\" \/>\n<meta property=\"og:description\" content=\"Vive una Semana Santa \u00e9pica en Conrad Punta de Mita. Relax, lujo y aventura en espacios inigualables de la Riviera Nayarit.\" \/>\n<meta property=\"og:url\" content=\"https:\/\/zeromagazine.mx\/index.php\/2025\/03\/27\/conrad-relajacion-santa\/\" \/>\n<meta property=\"og:site_name\" content=\"Zero Magazine\" \/>\n<meta property=\"article:published_time\" content=\"2025-03-27T17:20:42+00:00\" \/>\n<meta property=\"article:modified_time\" content=\"2025-03-27T17:20:43+00:00\" \/>\n<meta property=\"og:image\" content=\"http:\/\/zeromagazine.mx\/wp-content\/uploads\/2025\/03\/PVRPMCI_AEREAL-AREAS.jpg\" \/>\n\t<meta property=\"og:image:width\" content=\"1200\" \/>\n\t<meta property=\"og:image:height\" content=\"799\" \/>\n\t<meta property=\"og:image:type\" content=\"image\/jpeg\" \/>\n<meta name=\"author\" content=\"David Morales\" \/>\n<meta name=\"twitter:card\" content=\"summary_large_image\" \/>\n<meta name=\"twitter:label1\" content=\"Escrito por\" \/>\n\t<meta name=\"twitter:data1\" content=\"David Morales\" \/>\n\t<meta name=\"twitter:label2\" content=\"Tiempo de lectura\" \/>\n\t<meta name=\"twitter:data2\" content=\"3 minutos\" \/>\n<script type=\"application\/ld+json\" class=\"yoast-schema-graph\">{\"@context\":\"https:\\\/\\\/schema.org\",\"@graph\":[{\"@type\":\"Article\",\"@id\":\"https:\\\/\\\/zeromagazine.mx\\\/index.php\\\/2025\\\/03\\\/27\\\/conrad-relajacion-santa\\\/#article\",\"isPartOf\":{\"@id\":\"https:\\\/\\\/zeromagazine.mx\\\/index.php\\\/2025\\\/03\\\/27\\\/conrad-relajacion-santa\\\/\"},\"author\":{\"name\":\"David Morales\",\"@id\":\"https:\\\/\\\/zeromagazine.mx\\\/#\\\/schema\\\/person\\\/9f7f1a17c60ba8e9980e3e6677aabe5a\"},\"headline\":\"Conrad: Relajaci\u00f3n Santa\",\"datePublished\":\"2025-03-27T17:20:42+00:00\",\"dateModified\":\"2025-03-27T17:20:43+00:00\",\"mainEntityOfPage\":{\"@id\":\"https:\\\/\\\/zeromagazine.mx\\\/index.php\\\/2025\\\/03\\\/27\\\/conrad-relajacion-santa\\\/\"},\"wordCount\":441,\"commentCount\":0,\"publisher\":{\"@id\":\"https:\\\/\\\/zeromagazine.mx\\\/#organization\"},\"image\":{\"@id\":\"https:\\\/\\\/zeromagazine.mx\\\/index.php\\\/2025\\\/03\\\/27\\\/conrad-relajacion-santa\\\/#primaryimage\"},\"thumbnailUrl\":\"https:\\\/\\\/i0.wp.com\\\/zeromagazine.mx\\\/wp-content\\\/uploads\\\/2025\\\/03\\\/PVRPMCI_AEREAL-AREAS.jpg?fit=1200%2C799&ssl=1\",\"keywords\":[\"Conrad Punta de Mita\",\"Rivera Nayarit\",\"Semana Santa\"],\"articleSection\":[\"Blog\"],\"inLanguage\":\"es\",\"potentialAction\":[{\"@type\":\"CommentAction\",\"name\":\"Comment\",\"target\":[\"https:\\\/\\\/zeromagazine.mx\\\/index.php\\\/2025\\\/03\\\/27\\\/conrad-relajacion-santa\\\/#respond\"]}]},{\"@type\":\"WebPage\",\"@id\":\"https:\\\/\\\/zeromagazine.mx\\\/index.php\\\/2025\\\/03\\\/27\\\/conrad-relajacion-santa\\\/\",\"url\":\"https:\\\/\\\/zeromagazine.mx\\\/index.php\\\/2025\\\/03\\\/27\\\/conrad-relajacion-santa\\\/\",\"name\":\"Conrad: Relajaci\u00f3n Santa - Zero Magazine\",\"isPartOf\":{\"@id\":\"https:\\\/\\\/zeromagazine.mx\\\/#website\"},\"primaryImageOfPage\":{\"@id\":\"https:\\\/\\\/zeromagazine.mx\\\/index.php\\\/2025\\\/03\\\/27\\\/conrad-relajacion-santa\\\/#primaryimage\"},\"image\":{\"@id\":\"https:\\\/\\\/zeromagazine.mx\\\/index.php\\\/2025\\\/03\\\/27\\\/conrad-relajacion-santa\\\/#primaryimage\"},\"thumbnailUrl\":\"https:\\\/\\\/i0.wp.com\\\/zeromagazine.mx\\\/wp-content\\\/uploads\\\/2025\\\/03\\\/PVRPMCI_AEREAL-AREAS.jpg?fit=1200%2C799&ssl=1\",\"datePublished\":\"2025-03-27T17:20:42+00:00\",\"dateModified\":\"2025-03-27T17:20:43+00:00\",\"description\":\"Vive una Semana Santa \u00e9pica en Conrad Punta de Mita. Relax, lujo y aventura en espacios inigualables de la Riviera Nayarit.\",\"breadcrumb\":{\"@id\":\"https:\\\/\\\/zeromagazine.mx\\\/index.php\\\/2025\\\/03\\\/27\\\/conrad-relajacion-santa\\\/#breadcrumb\"},\"inLanguage\":\"es\",\"potentialAction\":[{\"@type\":\"ReadAction\",\"target\":[\"https:\\\/\\\/zeromagazine.mx\\\/index.php\\\/2025\\\/03\\\/27\\\/conrad-relajacion-santa\\\/\"]}]},{\"@type\":\"ImageObject\",\"inLanguage\":\"es\",\"@id\":\"https:\\\/\\\/zeromagazine.mx\\\/index.php\\\/2025\\\/03\\\/27\\\/conrad-relajacion-santa\\\/#primaryimage\",\"url\":\"https:\\\/\\\/i0.wp.com\\\/zeromagazine.mx\\\/wp-content\\\/uploads\\\/2025\\\/03\\\/PVRPMCI_AEREAL-AREAS.jpg?fit=1200%2C799&ssl=1\",\"contentUrl\":\"https:\\\/\\\/i0.wp.com\\\/zeromagazine.mx\\\/wp-content\\\/uploads\\\/2025\\\/03\\\/PVRPMCI_AEREAL-AREAS.jpg?fit=1200%2C799&ssl=1\",\"width\":1200,\"height\":799},{\"@type\":\"BreadcrumbList\",\"@id\":\"https:\\\/\\\/zeromagazine.mx\\\/index.php\\\/2025\\\/03\\\/27\\\/conrad-relajacion-santa\\\/#breadcrumb\",\"itemListElement\":[{\"@type\":\"ListItem\",\"position\":1,\"name\":\"Portada\",\"item\":\"https:\\\/\\\/zeromagazine.mx\\\/\"},{\"@type\":\"ListItem\",\"position\":2,\"name\":\"Conrad: Relajaci\u00f3n Santa\"}]},{\"@type\":\"WebSite\",\"@id\":\"https:\\\/\\\/zeromagazine.mx\\\/#website\",\"url\":\"https:\\\/\\\/zeromagazine.mx\\\/\",\"name\":\"Zero Magazine\",\"description\":\"\",\"publisher\":{\"@id\":\"https:\\\/\\\/zeromagazine.mx\\\/#organization\"},\"potentialAction\":[{\"@type\":\"SearchAction\",\"target\":{\"@type\":\"EntryPoint\",\"urlTemplate\":\"https:\\\/\\\/zeromagazine.mx\\\/?s={search_term_string}\"},\"query-input\":{\"@type\":\"PropertyValueSpecification\",\"valueRequired\":true,\"valueName\":\"search_term_string\"}}],\"inLanguage\":\"es\"},{\"@type\":\"Organization\",\"@id\":\"https:\\\/\\\/zeromagazine.mx\\\/#organization\",\"name\":\"Zero Magazine\",\"url\":\"https:\\\/\\\/zeromagazine.mx\\\/\",\"logo\":{\"@type\":\"ImageObject\",\"inLanguage\":\"es\",\"@id\":\"https:\\\/\\\/zeromagazine.mx\\\/#\\\/schema\\\/logo\\\/image\\\/\",\"url\":\"https:\\\/\\\/i0.wp.com\\\/zeromagazine.mx\\\/wp-content\\\/uploads\\\/2025\\\/11\\\/1.jpeg?fit=1000%2C1000&ssl=1\",\"contentUrl\":\"https:\\\/\\\/i0.wp.com\\\/zeromagazine.mx\\\/wp-content\\\/uploads\\\/2025\\\/11\\\/1.jpeg?fit=1000%2C1000&ssl=1\",\"width\":1000,\"height\":1000,\"caption\":\"Zero Magazine\"},\"image\":{\"@id\":\"https:\\\/\\\/zeromagazine.mx\\\/#\\\/schema\\\/logo\\\/image\\\/\"},\"sameAs\":[\"https:\\\/\\\/instagram.com\\\/zeromagazinemx\"]},{\"@type\":\"Person\",\"@id\":\"https:\\\/\\\/zeromagazine.mx\\\/#\\\/schema\\\/person\\\/9f7f1a17c60ba8e9980e3e6677aabe5a\",\"name\":\"David Morales\",\"image\":{\"@type\":\"ImageObject\",\"inLanguage\":\"es\",\"@id\":\"https:\\\/\\\/zeromagazine.mx\\\/wp-content\\\/litespeed\\\/avatar\\\/76069d2136bfc1c37dc34815bb67ca42.jpg?ver=1776966186\",\"url\":\"https:\\\/\\\/zeromagazine.mx\\\/wp-content\\\/litespeed\\\/avatar\\\/76069d2136bfc1c37dc34815bb67ca42.jpg?ver=1776966186\",\"contentUrl\":\"https:\\\/\\\/zeromagazine.mx\\\/wp-content\\\/litespeed\\\/avatar\\\/76069d2136bfc1c37dc34815bb67ca42.jpg?ver=1776966186\",\"caption\":\"David Morales\"},\"url\":\"https:\\\/\\\/zeromagazine.mx\\\/index.php\\\/author\\\/david\\\/\"}]}<\/script>\n<!-- \/ Yoast SEO plugin. -->","yoast_head_json":{"title":"Conrad: Relajaci\u00f3n Santa - Zero Magazine","description":"Vive una Semana Santa \u00e9pica en Conrad Punta de Mita. Relax, lujo y aventura en espacios inigualables de la Riviera Nayarit.","robots":{"index":"index","follow":"follow","max-snippet":"max-snippet:-1","max-image-preview":"max-image-preview:large","max-video-preview":"max-video-preview:-1"},"canonical":"https:\/\/zeromagazine.mx\/index.php\/2025\/03\/27\/conrad-relajacion-santa\/","og_locale":"es_ES","og_type":"article","og_title":"Conrad: Relajaci\u00f3n Santa - Zero Magazine","og_description":"Vive una Semana Santa \u00e9pica en Conrad Punta de Mita. Relax, lujo y aventura en espacios inigualables de la Riviera Nayarit.","og_url":"https:\/\/zeromagazine.mx\/index.php\/2025\/03\/27\/conrad-relajacion-santa\/","og_site_name":"Zero Magazine","article_published_time":"2025-03-27T17:20:42+00:00","article_modified_time":"2025-03-27T17:20:43+00:00","og_image":[{"width":1200,"height":799,"url":"http:\/\/zeromagazine.mx\/wp-content\/uploads\/2025\/03\/PVRPMCI_AEREAL-AREAS.jpg","type":"image\/jpeg"}],"author":"David Morales","twitter_card":"summary_large_image","twitter_misc":{"Escrito por":"David Morales","Tiempo de lectura":"3 minutos"},"schema":{"@context":"https:\/\/schema.org","@graph":[{"@type":"Article","@id":"https:\/\/zeromagazine.mx\/index.php\/2025\/03\/27\/conrad-relajacion-santa\/#article","isPartOf":{"@id":"https:\/\/zeromagazine.mx\/index.php\/2025\/03\/27\/conrad-relajacion-santa\/"},"author":{"name":"David Morales","@id":"https:\/\/zeromagazine.mx\/#\/schema\/person\/9f7f1a17c60ba8e9980e3e6677aabe5a"},"headline":"Conrad: Relajaci\u00f3n Santa","datePublished":"2025-03-27T17:20:42+00:00","dateModified":"2025-03-27T17:20:43+00:00","mainEntityOfPage":{"@id":"https:\/\/zeromagazine.mx\/index.php\/2025\/03\/27\/conrad-relajacion-santa\/"},"wordCount":441,"commentCount":0,"publisher":{"@id":"https:\/\/zeromagazine.mx\/#organization"},"image":{"@id":"https:\/\/zeromagazine.mx\/index.php\/2025\/03\/27\/conrad-relajacion-santa\/#primaryimage"},"thumbnailUrl":"https:\/\/i0.wp.com\/zeromagazine.mx\/wp-content\/uploads\/2025\/03\/PVRPMCI_AEREAL-AREAS.jpg?fit=1200%2C799&ssl=1","keywords":["Conrad Punta de Mita","Rivera Nayarit","Semana Santa"],"articleSection":["Blog"],"inLanguage":"es","potentialAction":[{"@type":"CommentAction","name":"Comment","target":["https:\/\/zeromagazine.mx\/index.php\/2025\/03\/27\/conrad-relajacion-santa\/#respond"]}]},{"@type":"WebPage","@id":"https:\/\/zeromagazine.mx\/index.php\/2025\/03\/27\/conrad-relajacion-santa\/","url":"https:\/\/zeromagazine.mx\/index.php\/2025\/03\/27\/conrad-relajacion-santa\/","name":"Conrad: Relajaci\u00f3n Santa - Zero Magazine","isPartOf":{"@id":"https:\/\/zeromagazine.mx\/#website"},"primaryImageOfPage":{"@id":"https:\/\/zeromagazine.mx\/index.php\/2025\/03\/27\/conrad-relajacion-santa\/#primaryimage"},"image":{"@id":"https:\/\/zeromagazine.mx\/index.php\/2025\/03\/27\/conrad-relajacion-santa\/#primaryimage"},"thumbnailUrl":"https:\/\/i0.wp.com\/zeromagazine.mx\/wp-content\/uploads\/2025\/03\/PVRPMCI_AEREAL-AREAS.jpg?fit=1200%2C799&ssl=1","datePublished":"2025-03-27T17:20:42+00:00","dateModified":"2025-03-27T17:20:43+00:00","description":"Vive una Semana Santa \u00e9pica en Conrad Punta de Mita. Relax, lujo y aventura en espacios inigualables de la Riviera Nayarit.","breadcrumb":{"@id":"https:\/\/zeromagazine.mx\/index.php\/2025\/03\/27\/conrad-relajacion-santa\/#breadcrumb"},"inLanguage":"es","potentialAction":[{"@type":"ReadAction","target":["https:\/\/zeromagazine.mx\/index.php\/2025\/03\/27\/conrad-relajacion-santa\/"]}]},{"@type":"ImageObject","inLanguage":"es","@id":"https:\/\/zeromagazine.mx\/index.php\/2025\/03\/27\/conrad-relajacion-santa\/#primaryimage","url":"https:\/\/i0.wp.com\/zeromagazine.mx\/wp-content\/uploads\/2025\/03\/PVRPMCI_AEREAL-AREAS.jpg?fit=1200%2C799&ssl=1","contentUrl":"https:\/\/i0.wp.com\/zeromagazine.mx\/wp-content\/uploads\/2025\/03\/PVRPMCI_AEREAL-AREAS.jpg?fit=1200%2C799&ssl=1","width":1200,"height":799},{"@type":"BreadcrumbList","@id":"https:\/\/zeromagazine.mx\/index.php\/2025\/03\/27\/conrad-relajacion-santa\/#breadcrumb","itemListElement":[{"@type":"ListItem","position":1,"name":"Portada","item":"https:\/\/zeromagazine.mx\/"},{"@type":"ListItem","position":2,"name":"Conrad: Relajaci\u00f3n Santa"}]},{"@type":"WebSite","@id":"https:\/\/zeromagazine.mx\/#website","url":"https:\/\/zeromagazine.mx\/","name":"Zero Magazine","description":"","publisher":{"@id":"https:\/\/zeromagazine.mx\/#organization"},"potentialAction":[{"@type":"SearchAction","target":{"@type":"EntryPoint","urlTemplate":"https:\/\/zeromagazine.mx\/?s={search_term_string}"},"query-input":{"@type":"PropertyValueSpecification","valueRequired":true,"valueName":"search_term_string"}}],"inLanguage":"es"},{"@type":"Organization","@id":"https:\/\/zeromagazine.mx\/#organization","name":"Zero Magazine","url":"https:\/\/zeromagazine.mx\/","logo":{"@type":"ImageObject","inLanguage":"es","@id":"https:\/\/zeromagazine.mx\/#\/schema\/logo\/image\/","url":"https:\/\/i0.wp.com\/zeromagazine.mx\/wp-content\/uploads\/2025\/11\/1.jpeg?fit=1000%2C1000&ssl=1","contentUrl":"https:\/\/i0.wp.com\/zeromagazine.mx\/wp-content\/uploads\/2025\/11\/1.jpeg?fit=1000%2C1000&ssl=1","width":1000,"height":1000,"caption":"Zero Magazine"},"image":{"@id":"https:\/\/zeromagazine.mx\/#\/schema\/logo\/image\/"},"sameAs":["https:\/\/instagram.com\/zeromagazinemx"]},{"@type":"Person","@id":"https:\/\/zeromagazine.mx\/#\/schema\/person\/9f7f1a17c60ba8e9980e3e6677aabe5a","name":"David Morales","image":{"@type":"ImageObject","inLanguage":"es","@id":"https:\/\/zeromagazine.mx\/wp-content\/litespeed\/avatar\/76069d2136bfc1c37dc34815bb67ca42.jpg?ver=1776966186","url":"https:\/\/zeromagazine.mx\/wp-content\/litespeed\/avatar\/76069d2136bfc1c37dc34815bb67ca42.jpg?ver=1776966186","contentUrl":"https:\/\/zeromagazine.mx\/wp-content\/litespeed\/avatar\/76069d2136bfc1c37dc34815bb67ca42.jpg?ver=1776966186","caption":"David Morales"},"url":"https:\/\/zeromagazine.mx\/index.php\/author\/david\/"}]}},"jetpack_publicize_connections":[],"jetpack_featured_media_url":"https:\/\/i0.wp.com\/zeromagazine.mx\/wp-content\/uploads\/2025\/03\/PVRPMCI_AEREAL-AREAS.jpg?fit=1200%2C799&ssl=1","jetpack-related-posts":[{"id":73706,"url":"https:\/\/zeromagazine.mx\/index.php\/2024\/04\/10\/cume-en-conrad-tulum\/","url_meta":{"origin":99817,"position":0},"title":"CuM\u00e9 en Conrad Tulum","author":"zeromagazinemx","date":"10 de abril de 2024","format":false,"excerpt":"Hoy quiero compartir con ustedes una experiencia gastron\u00f3mica que me dej\u00f3 sin palabras. As\u00ed es, me aventur\u00e9 en un viaje culinario sin igual, \u00bfd\u00f3nde? En CuM\u00e9 (Culto a M\u00e9xico), un evento espectacular que tuvo lugar en Conrad Tulum Riviera Maya, y d\u00e9jenme decirles que fue todo un deleite para los\u2026","rel":"","context":"En \u00abFoodie\u00bb","block_context":{"text":"Foodie","link":"https:\/\/zeromagazine.mx\/index.php\/category\/lifestyle\/foodie\/"},"img":{"alt_text":"","src":"https:\/\/i0.wp.com\/zeromagazine.mx\/wp-content\/uploads\/2024\/04\/DSC02028-scaled.jpg?fit=1200%2C800&ssl=1&resize=350%2C200","width":350,"height":200,"srcset":"https:\/\/i0.wp.com\/zeromagazine.mx\/wp-content\/uploads\/2024\/04\/DSC02028-scaled.jpg?fit=1200%2C800&ssl=1&resize=350%2C200 1x, https:\/\/i0.wp.com\/zeromagazine.mx\/wp-content\/uploads\/2024\/04\/DSC02028-scaled.jpg?fit=1200%2C800&ssl=1&resize=525%2C300 1.5x, https:\/\/i0.wp.com\/zeromagazine.mx\/wp-content\/uploads\/2024\/04\/DSC02028-scaled.jpg?fit=1200%2C800&ssl=1&resize=700%2C400 2x, https:\/\/i0.wp.com\/zeromagazine.mx\/wp-content\/uploads\/2024\/04\/DSC02028-scaled.jpg?fit=1200%2C800&ssl=1&resize=1050%2C600 3x"},"classes":[]},{"id":92437,"url":"https:\/\/zeromagazine.mx\/index.php\/2024\/12\/09\/navidad-en-la-rivera-maya\/","url_meta":{"origin":99817,"position":1},"title":"Navidad en la Rivera Maya","author":"zeromagazinemx","date":"9 de diciembre de 2024","format":false,"excerpt":"Zero Squad \u00bfQui\u00e9n no espera la temporada navide\u00f1a con ansias? Es esa \u00e9poca del a\u00f1o donde todo parece brillar un poco m\u00e1s, y no hablo solo de las luces en las calles. Pero, pens\u00e1ndolo bien, \u00bfQu\u00e9 es lo que realmente hace especial a la Navidad? Obviamente la magia de las\u2026","rel":"","context":"En \u00abViajes\u00bb","block_context":{"text":"Viajes","link":"https:\/\/zeromagazine.mx\/index.php\/category\/lugares\/"},"img":{"alt_text":"","src":"https:\/\/i0.wp.com\/zeromagazine.mx\/wp-content\/uploads\/2024\/12\/unnamed-31-scaled.jpg?fit=1200%2C672&ssl=1&resize=350%2C200","width":350,"height":200,"srcset":"https:\/\/i0.wp.com\/zeromagazine.mx\/wp-content\/uploads\/2024\/12\/unnamed-31-scaled.jpg?fit=1200%2C672&ssl=1&resize=350%2C200 1x, https:\/\/i0.wp.com\/zeromagazine.mx\/wp-content\/uploads\/2024\/12\/unnamed-31-scaled.jpg?fit=1200%2C672&ssl=1&resize=525%2C300 1.5x, https:\/\/i0.wp.com\/zeromagazine.mx\/wp-content\/uploads\/2024\/12\/unnamed-31-scaled.jpg?fit=1200%2C672&ssl=1&resize=700%2C400 2x, https:\/\/i0.wp.com\/zeromagazine.mx\/wp-content\/uploads\/2024\/12\/unnamed-31-scaled.jpg?fit=1200%2C672&ssl=1&resize=1050%2C600 3x"},"classes":[]},{"id":80214,"url":"https:\/\/zeromagazine.mx\/index.php\/2024\/07\/11\/explora-una-nueva-era-de-lujo\/","url_meta":{"origin":99817,"position":2},"title":"Explora una Nueva Era de Lujo","author":"zeromagazinemx","date":"11 de julio de 2024","format":false,"excerpt":"Hilton se ha pasado de lanza y ahora est\u00e1 subiendo de nivel. A partir de hoy, podemos reservar en casi 400 propiedades boutique de la colecci\u00f3n Small Luxury Hotels of the World (SLH) directamente desde Hilton.com y la app Hilton Honors. Imag\u00ednense poder hospedarse en caba\u00f1as r\u00fasticas, casas en \u00e1rboles\u2026","rel":"","context":"En \u00abViajes\u00bb","block_context":{"text":"Viajes","link":"https:\/\/zeromagazine.mx\/index.php\/category\/lugares\/"},"img":{"alt_text":"","src":"https:\/\/i0.wp.com\/zeromagazine.mx\/wp-content\/uploads\/2024\/07\/Nobu-Hotel-Marbella.png?fit=1200%2C513&ssl=1&resize=350%2C200","width":350,"height":200,"srcset":"https:\/\/i0.wp.com\/zeromagazine.mx\/wp-content\/uploads\/2024\/07\/Nobu-Hotel-Marbella.png?fit=1200%2C513&ssl=1&resize=350%2C200 1x, https:\/\/i0.wp.com\/zeromagazine.mx\/wp-content\/uploads\/2024\/07\/Nobu-Hotel-Marbella.png?fit=1200%2C513&ssl=1&resize=525%2C300 1.5x, https:\/\/i0.wp.com\/zeromagazine.mx\/wp-content\/uploads\/2024\/07\/Nobu-Hotel-Marbella.png?fit=1200%2C513&ssl=1&resize=700%2C400 2x, https:\/\/i0.wp.com\/zeromagazine.mx\/wp-content\/uploads\/2024\/07\/Nobu-Hotel-Marbella.png?fit=1200%2C513&ssl=1&resize=1050%2C600 3x"},"classes":[]},{"id":115745,"url":"https:\/\/zeromagazine.mx\/index.php\/2026\/02\/22\/conrad-tulum-riviera-maya-escapada-residentes\/","url_meta":{"origin":99817,"position":3},"title":"Escapada Exclusiva a Conrad Tulum: El Para\u00edso es tu Casa","author":"David Morales","date":"22 de febrero de 2026","format":false,"excerpt":"Primero, hablemos del beneficio estrella: hasta 30% de descuento en la estancia para residentes nacionales y extranjeros con residencia oficial en M\u00e9xico. Este acceso preferencial convierte a\u00a0Conrad Tulum Riviera Maya\u00a0en una escapada mucho m\u00e1s cercana y accesible de lo que muchos imaginan. Despu\u00e9s, la experiencia se complementa con desayuno buffet\u2026","rel":"","context":"En \u00abViajes\u00bb","block_context":{"text":"Viajes","link":"https:\/\/zeromagazine.mx\/index.php\/category\/lugares\/"},"img":{"alt_text":"","src":"https:\/\/i0.wp.com\/zeromagazine.mx\/wp-content\/uploads\/2026\/02\/IMG_1545.png?fit=1200%2C739&ssl=1&resize=350%2C200","width":350,"height":200,"srcset":"https:\/\/i0.wp.com\/zeromagazine.mx\/wp-content\/uploads\/2026\/02\/IMG_1545.png?fit=1200%2C739&ssl=1&resize=350%2C200 1x, https:\/\/i0.wp.com\/zeromagazine.mx\/wp-content\/uploads\/2026\/02\/IMG_1545.png?fit=1200%2C739&ssl=1&resize=525%2C300 1.5x, https:\/\/i0.wp.com\/zeromagazine.mx\/wp-content\/uploads\/2026\/02\/IMG_1545.png?fit=1200%2C739&ssl=1&resize=700%2C400 2x, https:\/\/i0.wp.com\/zeromagazine.mx\/wp-content\/uploads\/2026\/02\/IMG_1545.png?fit=1200%2C739&ssl=1&resize=1050%2C600 3x"},"classes":[]},{"id":89094,"url":"https:\/\/zeromagazine.mx\/index.php\/2024\/10\/31\/punta-mita-tu-next-vibe-check\/","url_meta":{"origin":99817,"position":4},"title":"\u00abPunta Mita: Tu Next Vibe Check\u00bb","author":"zeromagazinemx","date":"31 de octubre de 2024","format":false,"excerpt":"\u00a1Hey, squad! \u00bfListos para conocer uno de los lugares m\u00e1s vibrantes de M\u00e9xico? Les cuento que Punta Mita est\u00e1 cumpliendo 25 a\u00f1os y lo celebran con un evento \u00e9pico que resalta lo mejor de este destino en la Riviera Nayarit. Este lugar no solo es una joya tur\u00edstica, sino tambi\u00e9n\u2026","rel":"","context":"En \u00abViajes\u00bb","block_context":{"text":"Viajes","link":"https:\/\/zeromagazine.mx\/index.php\/category\/lugares\/"},"img":{"alt_text":"","src":"https:\/\/i0.wp.com\/zeromagazine.mx\/wp-content\/uploads\/2024\/10\/WhatsApp-Image-2024-10-29-at-12.04.05-PM.jpeg?fit=900%2C1200&ssl=1&resize=350%2C200","width":350,"height":200,"srcset":"https:\/\/i0.wp.com\/zeromagazine.mx\/wp-content\/uploads\/2024\/10\/WhatsApp-Image-2024-10-29-at-12.04.05-PM.jpeg?fit=900%2C1200&ssl=1&resize=350%2C200 1x, https:\/\/i0.wp.com\/zeromagazine.mx\/wp-content\/uploads\/2024\/10\/WhatsApp-Image-2024-10-29-at-12.04.05-PM.jpeg?fit=900%2C1200&ssl=1&resize=525%2C300 1.5x, https:\/\/i0.wp.com\/zeromagazine.mx\/wp-content\/uploads\/2024\/10\/WhatsApp-Image-2024-10-29-at-12.04.05-PM.jpeg?fit=900%2C1200&ssl=1&resize=700%2C400 2x"},"classes":[]},{"id":83853,"url":"https:\/\/zeromagazine.mx\/index.php\/2024\/09\/13\/punta-mita-el-paraiso-trendy\/","url_meta":{"origin":99817,"position":5},"title":"\u00abPunta Mita: El Para\u00edso Trendy\u00bb","author":"zeromagazinemx","date":"13 de septiembre de 2024","format":false,"excerpt":"\u00a1Holaaa, Chiques! Si te late descubrir los lugares m\u00e1s nice y exclusivos de M\u00e9xico, tienes que saber de Punta Mita, un place que literalmente es sin\u00f3nimo de lujo. El Lugar Que Lo Tiene Todo Imagina m\u00e1s de 700 hect\u00e1reas de pura buena vibra a la orillita del Pac\u00edfico mexicano. Punta\u2026","rel":"","context":"En \u00abViajes\u00bb","block_context":{"text":"Viajes","link":"https:\/\/zeromagazine.mx\/index.php\/category\/lugares\/"},"img":{"alt_text":"","src":"https:\/\/i0.wp.com\/zeromagazine.mx\/wp-content\/uploads\/2024\/09\/Rentals-Punta-Mita.jpg?fit=1200%2C899&ssl=1&resize=350%2C200","width":350,"height":200,"srcset":"https:\/\/i0.wp.com\/zeromagazine.mx\/wp-content\/uploads\/2024\/09\/Rentals-Punta-Mita.jpg?fit=1200%2C899&ssl=1&resize=350%2C200 1x, https:\/\/i0.wp.com\/zeromagazine.mx\/wp-content\/uploads\/2024\/09\/Rentals-Punta-Mita.jpg?fit=1200%2C899&ssl=1&resize=525%2C300 1.5x, https:\/\/i0.wp.com\/zeromagazine.mx\/wp-content\/uploads\/2024\/09\/Rentals-Punta-Mita.jpg?fit=1200%2C899&ssl=1&resize=700%2C400 2x, https:\/\/i0.wp.com\/zeromagazine.mx\/wp-content\/uploads\/2024\/09\/Rentals-Punta-Mita.jpg?fit=1200%2C899&ssl=1&resize=1050%2C600 3x"},"classes":[]}],"jetpack_sharing_enabled":true,"builder_content":"","_links":{"self":[{"href":"https:\/\/zeromagazine.mx\/index.php\/wp-json\/wp\/v2\/posts\/99817","targetHints":{"allow":["GET"]}}],"collection":[{"href":"https:\/\/zeromagazine.mx\/index.php\/wp-json\/wp\/v2\/posts"}],"about":[{"href":"https:\/\/zeromagazine.mx\/index.php\/wp-json\/wp\/v2\/types\/post"}],"author":[{"embeddable":true,"href":"https:\/\/zeromagazine.mx\/index.php\/wp-json\/wp\/v2\/users\/4"}],"replies":[{"embeddable":true,"href":"https:\/\/zeromagazine.mx\/index.php\/wp-json\/wp\/v2\/comments?post=99817"}],"version-history":[{"count":1,"href":"https:\/\/zeromagazine.mx\/index.php\/wp-json\/wp\/v2\/posts\/99817\/revisions"}],"predecessor-version":[{"id":99821,"href":"https:\/\/zeromagazine.mx\/index.php\/wp-json\/wp\/v2\/posts\/99817\/revisions\/99821"}],"wp:featuredmedia":[{"embeddable":true,"href":"https:\/\/zeromagazine.mx\/index.php\/wp-json\/wp\/v2\/media\/99818"}],"wp:attachment":[{"href":"https:\/\/zeromagazine.mx\/index.php\/wp-json\/wp\/v2\/media?parent=99817"}],"wp:term":[{"taxonomy":"category","embeddable":true,"href":"https:\/\/zeromagazine.mx\/index.php\/wp-json\/wp\/v2\/categories?post=99817"},{"taxonomy":"post_tag","embeddable":true,"href":"https:\/\/zeromagazine.mx\/index.php\/wp-json\/wp\/v2\/tags?post=99817"}],"curies":[{"name":"wp","href":"https:\/\/api.w.org\/{rel}","templated":true}]}}