{"id":99914,"date":"2025-03-26T13:00:00","date_gmt":"2025-03-26T19:00:00","guid":{"rendered":"https:\/\/zeromagazine.mx\/?p=99914"},"modified":"2025-03-27T18:12:21","modified_gmt":"2025-03-28T00:12:21","slug":"the-rasmus-celebra-30-anos","status":"publish","type":"post","link":"https:\/\/zeromagazine.mx\/index.php\/2025\/03\/26\/the-rasmus-celebra-30-anos\/","title":{"rendered":"The Rasmus Celebra 30 A\u00f1os"},"content":{"rendered":"<p>Amix, prep\u00e1rense porque se viene un tour que va a romperla. \u00a1As\u00ed es! La banda finlandesa <strong>The Rasmus<\/strong> est\u00e1 celebrando 30 a\u00f1os de trayectoria con su <strong>WEIRDO TOUR<\/strong>, y adivinen qu\u00e9: \u00a1van a estar en M\u00e9xico! Despu\u00e9s de dos a\u00f1os de ausencia, vuelven m\u00e1s fuertes que nunca, con toda la actitud y un nuevo sencillo que promete sacudirnos el alma.<\/p>\n\n\n\n<h4 class=\"wp-block-heading\"><strong>Tres ciudades, tres experiencias \u00fanicas<\/strong><\/h4>\n\n\n\n<p>Para empezar, la gira va a ser un <em>vibrazo<\/em> porque van a visitar tres ciudades ic\u00f3nicas: <strong>Guadalajara<\/strong>, <strong>Monterrey<\/strong> y la <strong>CDMX<\/strong>. Apunten bien las fechas porque seguro se arman los viajes con los panas:<\/p>\n\n\n\n<ul class=\"wp-block-list\">\n<li><strong>10 de diciembre<\/strong> \u2013 Auditorio Telmex \u2013 Guadalajara<\/li>\n\n\n\n<li><strong>12 de diciembre<\/strong> \u2013 Auditorio Banamex \u2013 Monterrey<\/li>\n\n\n\n<li><strong>13 de diciembre<\/strong> \u2013 Vel\u00f3dromo Ol\u00edmpico \u2013 Ciudad de M\u00e9xico<\/li>\n<\/ul>\n\n\n\n<p>Adem\u00e1s, los boletos estar\u00e1n en <strong>preventa Banamex el 27 de marzo<\/strong> desde las 11:00 a.m. y al d\u00eda siguiente ya en las taquillas o en <a class=\"\" href=\"https:\/\/www.ticketmaster.com.mx\">Ticketmaster<\/a>. As\u00ed que no se duerman porque seguro vuelan.<\/p>\n\n\n\n<h4 class=\"wp-block-heading\"><strong>Nuevos sonidos, misma esencia<\/strong><\/h4>\n\n\n\n<p>Por otro lado, The Rasmus no solo viene con toda su nostalgia noventera, tambi\u00e9n traen m\u00fasica nueva. El sencillo <strong>\u201cCreatures of Chaos\u201d<\/strong> estar\u00e1 disponible el 28 de marzo en todas las plataformas, y obvio, lo vamos a corear en vivo en sus shows. Esta rola promete mantener esa esencia oscura y melanc\u00f3lica que tanto nos encanta, pero con un toque fresco que nos har\u00e1 sentir toda la energ\u00eda de estos 30 a\u00f1os de trayectoria.<\/p>\n\n\n\n<h4 class=\"wp-block-heading\"><strong>Un legado que sigue vivo<\/strong><\/h4>\n\n\n\n<p>Tambi\u00e9n, si eres fan desde los tiempos de <strong>\u201cIn The Shadows\u201d<\/strong>, seguro sabes que The Rasmus ha dejado una marca ca\u00f1ona en la historia del rock alternativo. Con m\u00e1s de cinco millones de discos vendidos y un mont\u00f3n de certificaciones de Oro y Platino, su m\u00fasica ha trascendido generaciones. La banda sigue reinvent\u00e1ndose sin perder su esencia, y lo demostr\u00f3 hasta en <strong>Eurovision 2022<\/strong>.<\/p>\n\n\n\n<h4 class=\"wp-block-heading\"><strong>No te quedes sin vivirlo<\/strong><\/h4>\n\n\n\n<p>Finalmente, este tour es m\u00e1s que un concierto: es un viaje en el tiempo lleno de himnos y energ\u00eda. No te quedes fuera y ve preparando la garganta porque estos cl\u00e1sicos nunca pasan de moda. \u00a1Nos vemos en el <strong>WEIRDO TOUR<\/strong>!<\/p>\n\n<!--themify_builder_content-->\n<div id=\"themify_builder_content-99914\" data-postid=\"99914\" class=\"themify_builder_content themify_builder_content-99914 themify_builder tf_clear\">\n    <\/div>\n<!--\/themify_builder_content-->","protected":false},"excerpt":{"rendered":"<p>Amix, prep\u00e1rense porque se viene un tour que va a romperla. \u00a1As\u00ed es! La banda finlandesa The Rasmus est\u00e1 celebrando 30 a\u00f1os de trayectoria con su WEIRDO TOUR, y adivinen qu\u00e9: \u00a1van a estar en M\u00e9xico! Despu\u00e9s de dos a\u00f1os de ausencia, vuelven m\u00e1s fuertes que nunca, con toda la actitud y un nuevo sencillo [&hellip;]<\/p>\n","protected":false},"author":4,"featured_media":99915,"comment_status":"open","ping_status":"open","sticky":false,"template":"","format":"standard","meta":{"_jetpack_memberships_contains_paid_content":false,"footnotes":"","jetpack_publicize_message":"","jetpack_publicize_feature_enabled":true,"jetpack_social_post_already_shared":true,"jetpack_social_options":{"image_generator_settings":{"template":"highway","default_image_id":0,"font":"","enabled":false},"version":2}},"categories":[1],"tags":[4519,13062,314,13063],"class_list":["post-99914","post","type-post","status-publish","format-standard","has-post-thumbnail","hentry","category-blog","tag-conciertos","tag-the-rasmus","tag-ticketmaster","tag-weirdo-tour","has-post-title","has-post-date","has-post-category","has-post-tag","has-post-comment","has-post-author",""],"yoast_head":"<!-- This site is optimized with the Yoast SEO plugin v27.4 - https:\/\/yoast.com\/product\/yoast-seo-wordpress\/ -->\n<title>The Rasmus Celebra 30 A\u00f1os - Zero Magazine<\/title>\n<meta name=\"description\" content=\"The Rasmus celebra 30 a\u00f1os dando diversos conciertos alrededor de M\u00e9xico. \u00a1Forma parte de este WEIRDO TOUR!\" \/>\n<meta name=\"robots\" content=\"index, follow, max-snippet:-1, max-image-preview:large, max-video-preview:-1\" \/>\n<link rel=\"canonical\" href=\"https:\/\/zeromagazine.mx\/index.php\/2025\/03\/26\/the-rasmus-celebra-30-anos\/\" \/>\n<meta property=\"og:locale\" content=\"es_ES\" \/>\n<meta property=\"og:type\" content=\"article\" \/>\n<meta property=\"og:title\" content=\"The Rasmus Celebra 30 A\u00f1os - Zero Magazine\" \/>\n<meta property=\"og:description\" content=\"The Rasmus celebra 30 a\u00f1os dando diversos conciertos alrededor de M\u00e9xico. \u00a1Forma parte de este WEIRDO TOUR!\" \/>\n<meta property=\"og:url\" content=\"https:\/\/zeromagazine.mx\/index.php\/2025\/03\/26\/the-rasmus-celebra-30-anos\/\" \/>\n<meta property=\"og:site_name\" content=\"Zero Magazine\" \/>\n<meta property=\"article:published_time\" content=\"2025-03-26T19:00:00+00:00\" \/>\n<meta property=\"article:modified_time\" content=\"2025-03-28T00:12:21+00:00\" \/>\n<meta property=\"og:image\" content=\"http:\/\/zeromagazine.mx\/wp-content\/uploads\/2025\/03\/The-Rasmus-2025-1-1024x1024.jpg\" \/>\n\t<meta property=\"og:image:width\" content=\"1024\" \/>\n\t<meta property=\"og:image:height\" content=\"1024\" \/>\n\t<meta property=\"og:image:type\" content=\"image\/jpeg\" \/>\n<meta name=\"author\" content=\"David Morales\" \/>\n<meta name=\"twitter:card\" content=\"summary_large_image\" \/>\n<meta name=\"twitter:label1\" content=\"Escrito por\" \/>\n\t<meta name=\"twitter:data1\" content=\"David Morales\" \/>\n\t<meta name=\"twitter:label2\" content=\"Tiempo de lectura\" \/>\n\t<meta name=\"twitter:data2\" content=\"2 minutos\" \/>\n<script type=\"application\/ld+json\" class=\"yoast-schema-graph\">{\"@context\":\"https:\\\/\\\/schema.org\",\"@graph\":[{\"@type\":\"Article\",\"@id\":\"https:\\\/\\\/zeromagazine.mx\\\/index.php\\\/2025\\\/03\\\/26\\\/the-rasmus-celebra-30-anos\\\/#article\",\"isPartOf\":{\"@id\":\"https:\\\/\\\/zeromagazine.mx\\\/index.php\\\/2025\\\/03\\\/26\\\/the-rasmus-celebra-30-anos\\\/\"},\"author\":{\"name\":\"David Morales\",\"@id\":\"https:\\\/\\\/zeromagazine.mx\\\/#\\\/schema\\\/person\\\/9f7f1a17c60ba8e9980e3e6677aabe5a\"},\"headline\":\"The Rasmus Celebra 30 A\u00f1os\",\"datePublished\":\"2025-03-26T19:00:00+00:00\",\"dateModified\":\"2025-03-28T00:12:21+00:00\",\"mainEntityOfPage\":{\"@id\":\"https:\\\/\\\/zeromagazine.mx\\\/index.php\\\/2025\\\/03\\\/26\\\/the-rasmus-celebra-30-anos\\\/\"},\"wordCount\":370,\"commentCount\":0,\"publisher\":{\"@id\":\"https:\\\/\\\/zeromagazine.mx\\\/#organization\"},\"image\":{\"@id\":\"https:\\\/\\\/zeromagazine.mx\\\/index.php\\\/2025\\\/03\\\/26\\\/the-rasmus-celebra-30-anos\\\/#primaryimage\"},\"thumbnailUrl\":\"https:\\\/\\\/i0.wp.com\\\/zeromagazine.mx\\\/wp-content\\\/uploads\\\/2025\\\/03\\\/The-Rasmus-2025-1.jpg?fit=2250%2C2250&ssl=1\",\"keywords\":[\"Conciertos\",\"The Rasmus\",\"ticketmaster\",\"Weirdo Tour\"],\"articleSection\":[\"Blog\"],\"inLanguage\":\"es\",\"potentialAction\":[{\"@type\":\"CommentAction\",\"name\":\"Comment\",\"target\":[\"https:\\\/\\\/zeromagazine.mx\\\/index.php\\\/2025\\\/03\\\/26\\\/the-rasmus-celebra-30-anos\\\/#respond\"]}]},{\"@type\":\"WebPage\",\"@id\":\"https:\\\/\\\/zeromagazine.mx\\\/index.php\\\/2025\\\/03\\\/26\\\/the-rasmus-celebra-30-anos\\\/\",\"url\":\"https:\\\/\\\/zeromagazine.mx\\\/index.php\\\/2025\\\/03\\\/26\\\/the-rasmus-celebra-30-anos\\\/\",\"name\":\"The Rasmus Celebra 30 A\u00f1os - Zero Magazine\",\"isPartOf\":{\"@id\":\"https:\\\/\\\/zeromagazine.mx\\\/#website\"},\"primaryImageOfPage\":{\"@id\":\"https:\\\/\\\/zeromagazine.mx\\\/index.php\\\/2025\\\/03\\\/26\\\/the-rasmus-celebra-30-anos\\\/#primaryimage\"},\"image\":{\"@id\":\"https:\\\/\\\/zeromagazine.mx\\\/index.php\\\/2025\\\/03\\\/26\\\/the-rasmus-celebra-30-anos\\\/#primaryimage\"},\"thumbnailUrl\":\"https:\\\/\\\/i0.wp.com\\\/zeromagazine.mx\\\/wp-content\\\/uploads\\\/2025\\\/03\\\/The-Rasmus-2025-1.jpg?fit=2250%2C2250&ssl=1\",\"datePublished\":\"2025-03-26T19:00:00+00:00\",\"dateModified\":\"2025-03-28T00:12:21+00:00\",\"description\":\"The Rasmus celebra 30 a\u00f1os dando diversos conciertos alrededor de M\u00e9xico. \u00a1Forma parte de este WEIRDO TOUR!\",\"breadcrumb\":{\"@id\":\"https:\\\/\\\/zeromagazine.mx\\\/index.php\\\/2025\\\/03\\\/26\\\/the-rasmus-celebra-30-anos\\\/#breadcrumb\"},\"inLanguage\":\"es\",\"potentialAction\":[{\"@type\":\"ReadAction\",\"target\":[\"https:\\\/\\\/zeromagazine.mx\\\/index.php\\\/2025\\\/03\\\/26\\\/the-rasmus-celebra-30-anos\\\/\"]}]},{\"@type\":\"ImageObject\",\"inLanguage\":\"es\",\"@id\":\"https:\\\/\\\/zeromagazine.mx\\\/index.php\\\/2025\\\/03\\\/26\\\/the-rasmus-celebra-30-anos\\\/#primaryimage\",\"url\":\"https:\\\/\\\/i0.wp.com\\\/zeromagazine.mx\\\/wp-content\\\/uploads\\\/2025\\\/03\\\/The-Rasmus-2025-1.jpg?fit=2250%2C2250&ssl=1\",\"contentUrl\":\"https:\\\/\\\/i0.wp.com\\\/zeromagazine.mx\\\/wp-content\\\/uploads\\\/2025\\\/03\\\/The-Rasmus-2025-1.jpg?fit=2250%2C2250&ssl=1\",\"width\":2250,\"height\":2250},{\"@type\":\"BreadcrumbList\",\"@id\":\"https:\\\/\\\/zeromagazine.mx\\\/index.php\\\/2025\\\/03\\\/26\\\/the-rasmus-celebra-30-anos\\\/#breadcrumb\",\"itemListElement\":[{\"@type\":\"ListItem\",\"position\":1,\"name\":\"Portada\",\"item\":\"https:\\\/\\\/zeromagazine.mx\\\/\"},{\"@type\":\"ListItem\",\"position\":2,\"name\":\"The Rasmus Celebra 30 A\u00f1os\"}]},{\"@type\":\"WebSite\",\"@id\":\"https:\\\/\\\/zeromagazine.mx\\\/#website\",\"url\":\"https:\\\/\\\/zeromagazine.mx\\\/\",\"name\":\"Zero Magazine\",\"description\":\"\",\"publisher\":{\"@id\":\"https:\\\/\\\/zeromagazine.mx\\\/#organization\"},\"potentialAction\":[{\"@type\":\"SearchAction\",\"target\":{\"@type\":\"EntryPoint\",\"urlTemplate\":\"https:\\\/\\\/zeromagazine.mx\\\/?s={search_term_string}\"},\"query-input\":{\"@type\":\"PropertyValueSpecification\",\"valueRequired\":true,\"valueName\":\"search_term_string\"}}],\"inLanguage\":\"es\"},{\"@type\":\"Organization\",\"@id\":\"https:\\\/\\\/zeromagazine.mx\\\/#organization\",\"name\":\"Zero Magazine\",\"url\":\"https:\\\/\\\/zeromagazine.mx\\\/\",\"logo\":{\"@type\":\"ImageObject\",\"inLanguage\":\"es\",\"@id\":\"https:\\\/\\\/zeromagazine.mx\\\/#\\\/schema\\\/logo\\\/image\\\/\",\"url\":\"https:\\\/\\\/i0.wp.com\\\/zeromagazine.mx\\\/wp-content\\\/uploads\\\/2025\\\/11\\\/1.jpeg?fit=1000%2C1000&ssl=1\",\"contentUrl\":\"https:\\\/\\\/i0.wp.com\\\/zeromagazine.mx\\\/wp-content\\\/uploads\\\/2025\\\/11\\\/1.jpeg?fit=1000%2C1000&ssl=1\",\"width\":1000,\"height\":1000,\"caption\":\"Zero Magazine\"},\"image\":{\"@id\":\"https:\\\/\\\/zeromagazine.mx\\\/#\\\/schema\\\/logo\\\/image\\\/\"},\"sameAs\":[\"https:\\\/\\\/instagram.com\\\/zeromagazinemx\"]},{\"@type\":\"Person\",\"@id\":\"https:\\\/\\\/zeromagazine.mx\\\/#\\\/schema\\\/person\\\/9f7f1a17c60ba8e9980e3e6677aabe5a\",\"name\":\"David Morales\",\"image\":{\"@type\":\"ImageObject\",\"inLanguage\":\"es\",\"@id\":\"https:\\\/\\\/zeromagazine.mx\\\/wp-content\\\/litespeed\\\/avatar\\\/76069d2136bfc1c37dc34815bb67ca42.jpg?ver=1776966186\",\"url\":\"https:\\\/\\\/zeromagazine.mx\\\/wp-content\\\/litespeed\\\/avatar\\\/76069d2136bfc1c37dc34815bb67ca42.jpg?ver=1776966186\",\"contentUrl\":\"https:\\\/\\\/zeromagazine.mx\\\/wp-content\\\/litespeed\\\/avatar\\\/76069d2136bfc1c37dc34815bb67ca42.jpg?ver=1776966186\",\"caption\":\"David Morales\"},\"url\":\"https:\\\/\\\/zeromagazine.mx\\\/index.php\\\/author\\\/david\\\/\"}]}<\/script>\n<!-- \/ Yoast SEO plugin. -->","yoast_head_json":{"title":"The Rasmus Celebra 30 A\u00f1os - Zero Magazine","description":"The Rasmus celebra 30 a\u00f1os dando diversos conciertos alrededor de M\u00e9xico. \u00a1Forma parte de este WEIRDO TOUR!","robots":{"index":"index","follow":"follow","max-snippet":"max-snippet:-1","max-image-preview":"max-image-preview:large","max-video-preview":"max-video-preview:-1"},"canonical":"https:\/\/zeromagazine.mx\/index.php\/2025\/03\/26\/the-rasmus-celebra-30-anos\/","og_locale":"es_ES","og_type":"article","og_title":"The Rasmus Celebra 30 A\u00f1os - Zero Magazine","og_description":"The Rasmus celebra 30 a\u00f1os dando diversos conciertos alrededor de M\u00e9xico. \u00a1Forma parte de este WEIRDO TOUR!","og_url":"https:\/\/zeromagazine.mx\/index.php\/2025\/03\/26\/the-rasmus-celebra-30-anos\/","og_site_name":"Zero Magazine","article_published_time":"2025-03-26T19:00:00+00:00","article_modified_time":"2025-03-28T00:12:21+00:00","og_image":[{"width":1024,"height":1024,"url":"http:\/\/zeromagazine.mx\/wp-content\/uploads\/2025\/03\/The-Rasmus-2025-1-1024x1024.jpg","type":"image\/jpeg"}],"author":"David Morales","twitter_card":"summary_large_image","twitter_misc":{"Escrito por":"David Morales","Tiempo de lectura":"2 minutos"},"schema":{"@context":"https:\/\/schema.org","@graph":[{"@type":"Article","@id":"https:\/\/zeromagazine.mx\/index.php\/2025\/03\/26\/the-rasmus-celebra-30-anos\/#article","isPartOf":{"@id":"https:\/\/zeromagazine.mx\/index.php\/2025\/03\/26\/the-rasmus-celebra-30-anos\/"},"author":{"name":"David Morales","@id":"https:\/\/zeromagazine.mx\/#\/schema\/person\/9f7f1a17c60ba8e9980e3e6677aabe5a"},"headline":"The Rasmus Celebra 30 A\u00f1os","datePublished":"2025-03-26T19:00:00+00:00","dateModified":"2025-03-28T00:12:21+00:00","mainEntityOfPage":{"@id":"https:\/\/zeromagazine.mx\/index.php\/2025\/03\/26\/the-rasmus-celebra-30-anos\/"},"wordCount":370,"commentCount":0,"publisher":{"@id":"https:\/\/zeromagazine.mx\/#organization"},"image":{"@id":"https:\/\/zeromagazine.mx\/index.php\/2025\/03\/26\/the-rasmus-celebra-30-anos\/#primaryimage"},"thumbnailUrl":"https:\/\/i0.wp.com\/zeromagazine.mx\/wp-content\/uploads\/2025\/03\/The-Rasmus-2025-1.jpg?fit=2250%2C2250&ssl=1","keywords":["Conciertos","The Rasmus","ticketmaster","Weirdo Tour"],"articleSection":["Blog"],"inLanguage":"es","potentialAction":[{"@type":"CommentAction","name":"Comment","target":["https:\/\/zeromagazine.mx\/index.php\/2025\/03\/26\/the-rasmus-celebra-30-anos\/#respond"]}]},{"@type":"WebPage","@id":"https:\/\/zeromagazine.mx\/index.php\/2025\/03\/26\/the-rasmus-celebra-30-anos\/","url":"https:\/\/zeromagazine.mx\/index.php\/2025\/03\/26\/the-rasmus-celebra-30-anos\/","name":"The Rasmus Celebra 30 A\u00f1os - Zero Magazine","isPartOf":{"@id":"https:\/\/zeromagazine.mx\/#website"},"primaryImageOfPage":{"@id":"https:\/\/zeromagazine.mx\/index.php\/2025\/03\/26\/the-rasmus-celebra-30-anos\/#primaryimage"},"image":{"@id":"https:\/\/zeromagazine.mx\/index.php\/2025\/03\/26\/the-rasmus-celebra-30-anos\/#primaryimage"},"thumbnailUrl":"https:\/\/i0.wp.com\/zeromagazine.mx\/wp-content\/uploads\/2025\/03\/The-Rasmus-2025-1.jpg?fit=2250%2C2250&ssl=1","datePublished":"2025-03-26T19:00:00+00:00","dateModified":"2025-03-28T00:12:21+00:00","description":"The Rasmus celebra 30 a\u00f1os dando diversos conciertos alrededor de M\u00e9xico. \u00a1Forma parte de este WEIRDO TOUR!","breadcrumb":{"@id":"https:\/\/zeromagazine.mx\/index.php\/2025\/03\/26\/the-rasmus-celebra-30-anos\/#breadcrumb"},"inLanguage":"es","potentialAction":[{"@type":"ReadAction","target":["https:\/\/zeromagazine.mx\/index.php\/2025\/03\/26\/the-rasmus-celebra-30-anos\/"]}]},{"@type":"ImageObject","inLanguage":"es","@id":"https:\/\/zeromagazine.mx\/index.php\/2025\/03\/26\/the-rasmus-celebra-30-anos\/#primaryimage","url":"https:\/\/i0.wp.com\/zeromagazine.mx\/wp-content\/uploads\/2025\/03\/The-Rasmus-2025-1.jpg?fit=2250%2C2250&ssl=1","contentUrl":"https:\/\/i0.wp.com\/zeromagazine.mx\/wp-content\/uploads\/2025\/03\/The-Rasmus-2025-1.jpg?fit=2250%2C2250&ssl=1","width":2250,"height":2250},{"@type":"BreadcrumbList","@id":"https:\/\/zeromagazine.mx\/index.php\/2025\/03\/26\/the-rasmus-celebra-30-anos\/#breadcrumb","itemListElement":[{"@type":"ListItem","position":1,"name":"Portada","item":"https:\/\/zeromagazine.mx\/"},{"@type":"ListItem","position":2,"name":"The Rasmus Celebra 30 A\u00f1os"}]},{"@type":"WebSite","@id":"https:\/\/zeromagazine.mx\/#website","url":"https:\/\/zeromagazine.mx\/","name":"Zero Magazine","description":"","publisher":{"@id":"https:\/\/zeromagazine.mx\/#organization"},"potentialAction":[{"@type":"SearchAction","target":{"@type":"EntryPoint","urlTemplate":"https:\/\/zeromagazine.mx\/?s={search_term_string}"},"query-input":{"@type":"PropertyValueSpecification","valueRequired":true,"valueName":"search_term_string"}}],"inLanguage":"es"},{"@type":"Organization","@id":"https:\/\/zeromagazine.mx\/#organization","name":"Zero Magazine","url":"https:\/\/zeromagazine.mx\/","logo":{"@type":"ImageObject","inLanguage":"es","@id":"https:\/\/zeromagazine.mx\/#\/schema\/logo\/image\/","url":"https:\/\/i0.wp.com\/zeromagazine.mx\/wp-content\/uploads\/2025\/11\/1.jpeg?fit=1000%2C1000&ssl=1","contentUrl":"https:\/\/i0.wp.com\/zeromagazine.mx\/wp-content\/uploads\/2025\/11\/1.jpeg?fit=1000%2C1000&ssl=1","width":1000,"height":1000,"caption":"Zero Magazine"},"image":{"@id":"https:\/\/zeromagazine.mx\/#\/schema\/logo\/image\/"},"sameAs":["https:\/\/instagram.com\/zeromagazinemx"]},{"@type":"Person","@id":"https:\/\/zeromagazine.mx\/#\/schema\/person\/9f7f1a17c60ba8e9980e3e6677aabe5a","name":"David Morales","image":{"@type":"ImageObject","inLanguage":"es","@id":"https:\/\/zeromagazine.mx\/wp-content\/litespeed\/avatar\/76069d2136bfc1c37dc34815bb67ca42.jpg?ver=1776966186","url":"https:\/\/zeromagazine.mx\/wp-content\/litespeed\/avatar\/76069d2136bfc1c37dc34815bb67ca42.jpg?ver=1776966186","contentUrl":"https:\/\/zeromagazine.mx\/wp-content\/litespeed\/avatar\/76069d2136bfc1c37dc34815bb67ca42.jpg?ver=1776966186","caption":"David Morales"},"url":"https:\/\/zeromagazine.mx\/index.php\/author\/david\/"}]}},"jetpack_publicize_connections":[],"jetpack_featured_media_url":"https:\/\/i0.wp.com\/zeromagazine.mx\/wp-content\/uploads\/2025\/03\/The-Rasmus-2025-1.jpg?fit=2250%2C2250&ssl=1","jetpack-related-posts":[{"id":102459,"url":"https:\/\/zeromagazine.mx\/index.php\/2025\/04\/24\/10-anos-tour-de-manuel-medrano\/","url_meta":{"origin":99914,"position":0},"title":"10 A\u00f1os Tour de Manuel Medrano","author":"David Morales","date":"24 de abril de 2025","format":false,"excerpt":"Amix, hay artistas que nos han acompa\u00f1ado en momentos clave: el primer amor, la tusa eterna, los domingos existenciales o los viajes en metro viendo al infinito. Manuel Medrano es definitivamente uno de ellos. Y ahora, para festejar los 10 a\u00f1os desde que lanz\u00f3 su primer \u00e1lbum, se viene un\u2026","rel":"","context":"En \u00abEntretenimiento\u00bb","block_context":{"text":"Entretenimiento","link":"https:\/\/zeromagazine.mx\/index.php\/category\/entretenimiento\/"},"img":{"alt_text":"","src":"https:\/\/i0.wp.com\/zeromagazine.mx\/wp-content\/uploads\/2025\/04\/Manuel-Medrano-Gira-Post.jpeg?fit=960%2C1200&ssl=1&resize=350%2C200","width":350,"height":200,"srcset":"https:\/\/i0.wp.com\/zeromagazine.mx\/wp-content\/uploads\/2025\/04\/Manuel-Medrano-Gira-Post.jpeg?fit=960%2C1200&ssl=1&resize=350%2C200 1x, https:\/\/i0.wp.com\/zeromagazine.mx\/wp-content\/uploads\/2025\/04\/Manuel-Medrano-Gira-Post.jpeg?fit=960%2C1200&ssl=1&resize=525%2C300 1.5x, https:\/\/i0.wp.com\/zeromagazine.mx\/wp-content\/uploads\/2025\/04\/Manuel-Medrano-Gira-Post.jpeg?fit=960%2C1200&ssl=1&resize=700%2C400 2x"},"classes":[]},{"id":91688,"url":"https:\/\/zeromagazine.mx\/index.php\/2024\/11\/26\/rels-b-regresa-con-a-new-star-tour\/","url_meta":{"origin":99914,"position":1},"title":"Rels B Regresa con A New Star Tour","author":"zeromagazinemx","date":"26 de noviembre de 2024","format":false,"excerpt":"Zero Squad, si son de los que vibran con el reggaet\u00f3n, trap y esos beats pesados que te hacen sentir hasta el alma, seguro ya sabes que Rels B es ese artista que habla directo al coraz\u00f3n. Pero si todav\u00eda no te has subido al hype de este crack espa\u00f1ol,\u2026","rel":"","context":"En \u00abEntretenimiento\u00bb","block_context":{"text":"Entretenimiento","link":"https:\/\/zeromagazine.mx\/index.php\/category\/entretenimiento\/"},"img":{"alt_text":"","src":"https:\/\/i0.wp.com\/zeromagazine.mx\/wp-content\/uploads\/2024\/11\/Rels-B-Gira-2025-6-scaled.jpg?fit=1200%2C675&ssl=1&resize=350%2C200","width":350,"height":200,"srcset":"https:\/\/i0.wp.com\/zeromagazine.mx\/wp-content\/uploads\/2024\/11\/Rels-B-Gira-2025-6-scaled.jpg?fit=1200%2C675&ssl=1&resize=350%2C200 1x, https:\/\/i0.wp.com\/zeromagazine.mx\/wp-content\/uploads\/2024\/11\/Rels-B-Gira-2025-6-scaled.jpg?fit=1200%2C675&ssl=1&resize=525%2C300 1.5x, https:\/\/i0.wp.com\/zeromagazine.mx\/wp-content\/uploads\/2024\/11\/Rels-B-Gira-2025-6-scaled.jpg?fit=1200%2C675&ssl=1&resize=700%2C400 2x, https:\/\/i0.wp.com\/zeromagazine.mx\/wp-content\/uploads\/2024\/11\/Rels-B-Gira-2025-6-scaled.jpg?fit=1200%2C675&ssl=1&resize=1050%2C600 3x"},"classes":[]},{"id":71960,"url":"https:\/\/zeromagazine.mx\/index.php\/2024\/03\/14\/alex-ponce-revela-su-gira-daria-todo-tour-por-mexico-y-ecuador\/","url_meta":{"origin":99914,"position":2},"title":"Alex Ponce revela su gira \u00abDar\u00eda Todo Tour\u00bb por M\u00e9xico y Ecuador","author":"zeromagazinemx","date":"14 de marzo de 2024","format":false,"excerpt":"\u00a1Alex Ponce est\u00e1 por realizar su \"Dar\u00eda Todo Tour\" por M\u00e9xico y Ecuador! Es un momento emocionante para sus seguidores, una oportunidad \u00fanica para sumergirse en su m\u00fasica en vivo y sentir toda su pasi\u00f3n sobre el escenario. Sin duda, la emoci\u00f3n de Alex Ponce es contagiosa. Su primer tour\u2026","rel":"","context":"En \u00abEntretenimiento\u00bb","block_context":{"text":"Entretenimiento","link":"https:\/\/zeromagazine.mx\/index.php\/category\/entretenimiento\/"},"img":{"alt_text":"","src":"https:\/\/i0.wp.com\/zeromagazine.mx\/wp-content\/uploads\/2024\/03\/WhatsApp-Image-2024-03-13-at-16.52.35.jpeg?fit=750%2C750&ssl=1&resize=350%2C200","width":350,"height":200,"srcset":"https:\/\/i0.wp.com\/zeromagazine.mx\/wp-content\/uploads\/2024\/03\/WhatsApp-Image-2024-03-13-at-16.52.35.jpeg?fit=750%2C750&ssl=1&resize=350%2C200 1x, https:\/\/i0.wp.com\/zeromagazine.mx\/wp-content\/uploads\/2024\/03\/WhatsApp-Image-2024-03-13-at-16.52.35.jpeg?fit=750%2C750&ssl=1&resize=525%2C300 1.5x, https:\/\/i0.wp.com\/zeromagazine.mx\/wp-content\/uploads\/2024\/03\/WhatsApp-Image-2024-03-13-at-16.52.35.jpeg?fit=750%2C750&ssl=1&resize=700%2C400 2x"},"classes":[]},{"id":88414,"url":"https:\/\/zeromagazine.mx\/index.php\/2024\/10\/24\/chayanne-tour-epico-en-mexico\/","url_meta":{"origin":99914,"position":3},"title":"Chayanne: Tour \u00c9pico en M\u00e9xico","author":"zeromagazinemx","date":"24 de octubre de 2024","format":false,"excerpt":"Despu\u00e9s de una larga espera, el pap\u00e1 de media Latinoam\u00e9rica, s\u00ed, hablo de Chayanne, est\u00e1 de regreso y m\u00e1s listo que nunca para hacernos vibrar. Desde julio, nos dej\u00f3 caer la bomba de que vendr\u00eda a M\u00e9xico como parte de su gira \"Bailemos Otra Vez\". Y, la verdad, nadie pudo\u2026","rel":"","context":"En \u00abEntretenimiento\u00bb","block_context":{"text":"Entretenimiento","link":"https:\/\/zeromagazine.mx\/index.php\/category\/entretenimiento\/"},"img":{"alt_text":"","src":"https:\/\/i0.wp.com\/zeromagazine.mx\/wp-content\/uploads\/2024\/10\/WhatsApp-Image-2024-10-24-at-1.36.07-PM.jpeg?fit=640%2C480&ssl=1&resize=350%2C200","width":350,"height":200,"srcset":"https:\/\/i0.wp.com\/zeromagazine.mx\/wp-content\/uploads\/2024\/10\/WhatsApp-Image-2024-10-24-at-1.36.07-PM.jpeg?fit=640%2C480&ssl=1&resize=350%2C200 1x, https:\/\/i0.wp.com\/zeromagazine.mx\/wp-content\/uploads\/2024\/10\/WhatsApp-Image-2024-10-24-at-1.36.07-PM.jpeg?fit=640%2C480&ssl=1&resize=525%2C300 1.5x"},"classes":[]},{"id":107416,"url":"https:\/\/zeromagazine.mx\/index.php\/2025\/08\/19\/tony-mils-tour-2025-escribi-esto-para-ti\/","url_meta":{"origin":99914,"position":4},"title":"Tony Mils llega al Lunario con&nbsp;\u201cEscrib\u00ed esto para ti\u201d","author":"David Morales","date":"19 de agosto de 2025","format":false,"excerpt":"Prep\u00e1rense, porque Tony Mils est\u00e1 por dar un paso enorme en su carrera: este 23 de noviembre llevar\u00e1 su nuevo \u00e1lbum \u201cEscrib\u00ed esto para ti\u201d al Lunario del Auditorio Nacional. Y no viene solo con esa fecha, tambi\u00e9n se arma con shows en Monterrey y Guadalajara. El tour arranca el\u2026","rel":"","context":"En \u00abBlog\u00bb","block_context":{"text":"Blog","link":"https:\/\/zeromagazine.mx\/index.php\/category\/blog\/"},"img":{"alt_text":"","src":"https:\/\/i0.wp.com\/zeromagazine.mx\/wp-content\/uploads\/2025\/08\/img_8975.jpg?fit=1200%2C800&ssl=1&resize=350%2C200","width":350,"height":200,"srcset":"https:\/\/i0.wp.com\/zeromagazine.mx\/wp-content\/uploads\/2025\/08\/img_8975.jpg?fit=1200%2C800&ssl=1&resize=350%2C200 1x, https:\/\/i0.wp.com\/zeromagazine.mx\/wp-content\/uploads\/2025\/08\/img_8975.jpg?fit=1200%2C800&ssl=1&resize=525%2C300 1.5x, https:\/\/i0.wp.com\/zeromagazine.mx\/wp-content\/uploads\/2025\/08\/img_8975.jpg?fit=1200%2C800&ssl=1&resize=700%2C400 2x, https:\/\/i0.wp.com\/zeromagazine.mx\/wp-content\/uploads\/2025\/08\/img_8975.jpg?fit=1200%2C800&ssl=1&resize=1050%2C600 3x"},"classes":[]},{"id":119023,"url":"https:\/\/zeromagazine.mx\/index.php\/2026\/04\/19\/futttura-tour-2026-tini-mexico\/","url_meta":{"origin":99914,"position":5},"title":"Tini trae a M\u00e9xico el \u201cFUTTTURA Tour 2026\u201d, una gira que redefine su carrera","author":"David Morales","date":"19 de abril de 2026","format":false,"excerpt":"Una gira que no solo se escucha: se vive, se ve y se siente como el siguiente cap\u00edtulo de una estrella que ya no juega en peque\u00f1o. Hay artistas que crecen\u2026 y luego est\u00e1\u00a0Tini Stoessel, que evoluciona en tiempo real frente a millones de ojos. Lo que empez\u00f3 como un\u2026","rel":"","context":"En \u00abConcierto\u00bb","block_context":{"text":"Concierto","link":"https:\/\/zeromagazine.mx\/index.php\/category\/concierto\/"},"img":{"alt_text":"","src":"https:\/\/i0.wp.com\/zeromagazine.mx\/wp-content\/uploads\/2026\/04\/CDMX.jpeg?fit=1024%2C879&ssl=1&resize=350%2C200","width":350,"height":200,"srcset":"https:\/\/i0.wp.com\/zeromagazine.mx\/wp-content\/uploads\/2026\/04\/CDMX.jpeg?fit=1024%2C879&ssl=1&resize=350%2C200 1x, https:\/\/i0.wp.com\/zeromagazine.mx\/wp-content\/uploads\/2026\/04\/CDMX.jpeg?fit=1024%2C879&ssl=1&resize=525%2C300 1.5x, https:\/\/i0.wp.com\/zeromagazine.mx\/wp-content\/uploads\/2026\/04\/CDMX.jpeg?fit=1024%2C879&ssl=1&resize=700%2C400 2x"},"classes":[]}],"jetpack_sharing_enabled":true,"builder_content":"","_links":{"self":[{"href":"https:\/\/zeromagazine.mx\/index.php\/wp-json\/wp\/v2\/posts\/99914","targetHints":{"allow":["GET"]}}],"collection":[{"href":"https:\/\/zeromagazine.mx\/index.php\/wp-json\/wp\/v2\/posts"}],"about":[{"href":"https:\/\/zeromagazine.mx\/index.php\/wp-json\/wp\/v2\/types\/post"}],"author":[{"embeddable":true,"href":"https:\/\/zeromagazine.mx\/index.php\/wp-json\/wp\/v2\/users\/4"}],"replies":[{"embeddable":true,"href":"https:\/\/zeromagazine.mx\/index.php\/wp-json\/wp\/v2\/comments?post=99914"}],"version-history":[{"count":2,"href":"https:\/\/zeromagazine.mx\/index.php\/wp-json\/wp\/v2\/posts\/99914\/revisions"}],"predecessor-version":[{"id":99917,"href":"https:\/\/zeromagazine.mx\/index.php\/wp-json\/wp\/v2\/posts\/99914\/revisions\/99917"}],"wp:featuredmedia":[{"embeddable":true,"href":"https:\/\/zeromagazine.mx\/index.php\/wp-json\/wp\/v2\/media\/99915"}],"wp:attachment":[{"href":"https:\/\/zeromagazine.mx\/index.php\/wp-json\/wp\/v2\/media?parent=99914"}],"wp:term":[{"taxonomy":"category","embeddable":true,"href":"https:\/\/zeromagazine.mx\/index.php\/wp-json\/wp\/v2\/categories?post=99914"},{"taxonomy":"post_tag","embeddable":true,"href":"https:\/\/zeromagazine.mx\/index.php\/wp-json\/wp\/v2\/tags?post=99914"}],"curies":[{"name":"wp","href":"https:\/\/api.w.org\/{rel}","templated":true}]}}