{"id":99970,"date":"2025-03-27T19:33:05","date_gmt":"2025-03-28T01:33:05","guid":{"rendered":"https:\/\/zeromagazine.mx\/?p=99970"},"modified":"2025-03-27T19:33:05","modified_gmt":"2025-03-28T01:33:05","slug":"sabor-caribeno-en-cdmx","status":"publish","type":"post","link":"https:\/\/zeromagazine.mx\/index.php\/2025\/03\/27\/sabor-caribeno-en-cdmx\/","title":{"rendered":"Sabor Caribe\u00f1o en CDMX"},"content":{"rendered":"<p>Amix, si eres de lxs que ama probar cosas nuevas y sentir que viaja con cada bocado, tienes que lanzarte al Festival Gastron\u00f3mico Caribe\u00f1o. Esta joyita de evento va a estar on fire el pr\u00f3ximo 5 de abril en el Parque Plaza Sat\u00e9lite, de 13:00 a 20:00 hrs. \u00a1El sabor caribe\u00f1o est\u00e1 por todos lados y no te lo puedes perder! Por eso amix, te traigo todos los detalles de este evento.<\/p>\n\n\n\n<p><strong>Descubre sabores \u00fanicos<\/strong><\/p>\n\n\n\n<p>Obvio, lo mejor de este festival es que puedes degustar platillos de diferentes pa\u00edses del Caribe, as\u00ed que prep\u00e1rate para un viaje culinario que te va a dejar con el coraz\u00f3n lleno y el est\u00f3mago feliz. Adem\u00e1s, los chefs invitados se rifan con recetas tradicionales y fusiones que est\u00e1n brutales. \u00bfTe imaginas probar un ceviche tropical mientras escuchas m\u00fasica en vivo? \u00a1Literal el para\u00edso en la ciudad!<\/p>\n\n\n\n<p>Adem\u00e1s, el ambiente va a estar s\u00faper chill y lleno de buena vibra. Habr\u00e1 m\u00fasica caribe\u00f1a en vivo y muchas actividades para disfrutar con tus compas o la familia. Es la oportunidad perfecta para desconectarte un rato, probar cosas nuevas y sentir el flow tropical sin salir de la CDMX.<\/p>\n\n\n\n<p><strong>M\u00e1s que solo comida<\/strong><\/p>\n\n\n\n<p>Claramente, no solo se trata de comer (aunque, honestamente, eso ya suena incre\u00edble). El festival tambi\u00e9n contar\u00e1 con presentaciones culturales y actividades interactivas para que te sientas en el Caribe aunque est\u00e9s en la ciudad. Adem\u00e1s, algunos stands estar\u00e1n vendiendo productos artesanales, as\u00ed que date el lujo de llevarte un recuerdito para no olvidar esta experiencia.<\/p>\n\n\n\n<p>As\u00ed que ya sabes, si quieres pasar un d\u00eda \u00e9pico lleno de sabor, m\u00fasica y buena onda, l\u00e1nzate al Parque Plaza Sat\u00e9lite el 5 de abril. No hay pretextos, el sabor caribe\u00f1o est\u00e1 esperando por ti. Para m\u00e1s detalles y actualizaciones, checa la p\u00e1gina oficial del <a href=\"https:\/\/www.parqueplazasatelite.com\">Parque Plaza Sat\u00e9lite<\/a>.<\/p>\n\n<!--themify_builder_content-->\n<div id=\"themify_builder_content-99970\" data-postid=\"99970\" class=\"themify_builder_content themify_builder_content-99970 themify_builder tf_clear\">\n    <\/div>\n<!--\/themify_builder_content-->","protected":false},"excerpt":{"rendered":"<p>Amix, si eres de lxs que ama probar cosas nuevas y sentir que viaja con cada bocado, tienes que lanzarte al Festival Gastron\u00f3mico Caribe\u00f1o. Esta joyita de evento va a estar on fire el pr\u00f3ximo 5 de abril en el Parque Plaza Sat\u00e9lite, de 13:00 a 20:00 hrs. \u00a1El sabor caribe\u00f1o est\u00e1 por todos lados [&hellip;]<\/p>\n","protected":false},"author":4,"featured_media":99971,"comment_status":"open","ping_status":"open","sticky":false,"template":"","format":"standard","meta":{"_jetpack_memberships_contains_paid_content":false,"footnotes":"","jetpack_publicize_message":"","jetpack_publicize_feature_enabled":true,"jetpack_social_post_already_shared":true,"jetpack_social_options":{"image_generator_settings":{"template":"highway","default_image_id":0,"font":"","enabled":false},"version":2}},"categories":[322],"tags":[1598,13073,8091,13074],"class_list":["post-99970","post","type-post","status-publish","format-standard","has-post-thumbnail","hentry","category-lugares","tag-cdmx","tag-festival-gastronomico","tag-plaza-satelite","tag-sabor-caribeno","has-post-title","has-post-date","has-post-category","has-post-tag","has-post-comment","has-post-author",""],"yoast_head":"<!-- This site is optimized with the Yoast SEO plugin v27.4 - https:\/\/yoast.com\/product\/yoast-seo-wordpress\/ -->\n<title>Sabor Caribe\u00f1o en CDMX - Zero Magazine<\/title>\n<meta name=\"description\" content=\"Descubre los detalles del evento con sabor caribe\u00f1o este 5 de abril en el Parque de La Plaza Sat\u00e9lite. \u00a1No te lo pierdas!\" \/>\n<meta name=\"robots\" content=\"index, follow, max-snippet:-1, max-image-preview:large, max-video-preview:-1\" \/>\n<link rel=\"canonical\" href=\"https:\/\/zeromagazine.mx\/index.php\/2025\/03\/27\/sabor-caribeno-en-cdmx\/\" \/>\n<meta property=\"og:locale\" content=\"es_ES\" \/>\n<meta property=\"og:type\" content=\"article\" \/>\n<meta property=\"og:title\" content=\"Sabor Caribe\u00f1o en CDMX - Zero Magazine\" \/>\n<meta property=\"og:description\" content=\"Descubre los detalles del evento con sabor caribe\u00f1o este 5 de abril en el Parque de La Plaza Sat\u00e9lite. \u00a1No te lo pierdas!\" \/>\n<meta property=\"og:url\" content=\"https:\/\/zeromagazine.mx\/index.php\/2025\/03\/27\/sabor-caribeno-en-cdmx\/\" \/>\n<meta property=\"og:site_name\" content=\"Zero Magazine\" \/>\n<meta property=\"article:published_time\" content=\"2025-03-28T01:33:05+00:00\" \/>\n<meta property=\"og:image\" content=\"http:\/\/zeromagazine.mx\/wp-content\/uploads\/2025\/03\/PS_DIG_01_TWITTER_1024x512.png\" \/>\n\t<meta property=\"og:image:width\" content=\"1024\" \/>\n\t<meta property=\"og:image:height\" content=\"512\" \/>\n\t<meta property=\"og:image:type\" content=\"image\/png\" \/>\n<meta name=\"author\" content=\"David Morales\" \/>\n<meta name=\"twitter:card\" content=\"summary_large_image\" \/>\n<meta name=\"twitter:label1\" content=\"Escrito por\" \/>\n\t<meta name=\"twitter:data1\" content=\"David Morales\" \/>\n\t<meta name=\"twitter:label2\" content=\"Tiempo de lectura\" \/>\n\t<meta name=\"twitter:data2\" content=\"2 minutos\" \/>\n<script type=\"application\/ld+json\" class=\"yoast-schema-graph\">{\"@context\":\"https:\\\/\\\/schema.org\",\"@graph\":[{\"@type\":\"Article\",\"@id\":\"https:\\\/\\\/zeromagazine.mx\\\/index.php\\\/2025\\\/03\\\/27\\\/sabor-caribeno-en-cdmx\\\/#article\",\"isPartOf\":{\"@id\":\"https:\\\/\\\/zeromagazine.mx\\\/index.php\\\/2025\\\/03\\\/27\\\/sabor-caribeno-en-cdmx\\\/\"},\"author\":{\"name\":\"David Morales\",\"@id\":\"https:\\\/\\\/zeromagazine.mx\\\/#\\\/schema\\\/person\\\/9f7f1a17c60ba8e9980e3e6677aabe5a\"},\"headline\":\"Sabor Caribe\u00f1o en CDMX\",\"datePublished\":\"2025-03-28T01:33:05+00:00\",\"mainEntityOfPage\":{\"@id\":\"https:\\\/\\\/zeromagazine.mx\\\/index.php\\\/2025\\\/03\\\/27\\\/sabor-caribeno-en-cdmx\\\/\"},\"wordCount\":333,\"commentCount\":0,\"publisher\":{\"@id\":\"https:\\\/\\\/zeromagazine.mx\\\/#organization\"},\"image\":{\"@id\":\"https:\\\/\\\/zeromagazine.mx\\\/index.php\\\/2025\\\/03\\\/27\\\/sabor-caribeno-en-cdmx\\\/#primaryimage\"},\"thumbnailUrl\":\"https:\\\/\\\/i0.wp.com\\\/zeromagazine.mx\\\/wp-content\\\/uploads\\\/2025\\\/03\\\/PS_DIG_01_TWITTER_1024x512.png?fit=1024%2C512&ssl=1\",\"keywords\":[\"CDMX\",\"Festival Gastron\u00f3mico\",\"Plaza Sat\u00e9lite\",\"Sabor Caribe\u00f1o\"],\"articleSection\":[\"Viajes\"],\"inLanguage\":\"es\",\"potentialAction\":[{\"@type\":\"CommentAction\",\"name\":\"Comment\",\"target\":[\"https:\\\/\\\/zeromagazine.mx\\\/index.php\\\/2025\\\/03\\\/27\\\/sabor-caribeno-en-cdmx\\\/#respond\"]}]},{\"@type\":\"WebPage\",\"@id\":\"https:\\\/\\\/zeromagazine.mx\\\/index.php\\\/2025\\\/03\\\/27\\\/sabor-caribeno-en-cdmx\\\/\",\"url\":\"https:\\\/\\\/zeromagazine.mx\\\/index.php\\\/2025\\\/03\\\/27\\\/sabor-caribeno-en-cdmx\\\/\",\"name\":\"Sabor Caribe\u00f1o en CDMX - Zero Magazine\",\"isPartOf\":{\"@id\":\"https:\\\/\\\/zeromagazine.mx\\\/#website\"},\"primaryImageOfPage\":{\"@id\":\"https:\\\/\\\/zeromagazine.mx\\\/index.php\\\/2025\\\/03\\\/27\\\/sabor-caribeno-en-cdmx\\\/#primaryimage\"},\"image\":{\"@id\":\"https:\\\/\\\/zeromagazine.mx\\\/index.php\\\/2025\\\/03\\\/27\\\/sabor-caribeno-en-cdmx\\\/#primaryimage\"},\"thumbnailUrl\":\"https:\\\/\\\/i0.wp.com\\\/zeromagazine.mx\\\/wp-content\\\/uploads\\\/2025\\\/03\\\/PS_DIG_01_TWITTER_1024x512.png?fit=1024%2C512&ssl=1\",\"datePublished\":\"2025-03-28T01:33:05+00:00\",\"description\":\"Descubre los detalles del evento con sabor caribe\u00f1o este 5 de abril en el Parque de La Plaza Sat\u00e9lite. \u00a1No te lo pierdas!\",\"breadcrumb\":{\"@id\":\"https:\\\/\\\/zeromagazine.mx\\\/index.php\\\/2025\\\/03\\\/27\\\/sabor-caribeno-en-cdmx\\\/#breadcrumb\"},\"inLanguage\":\"es\",\"potentialAction\":[{\"@type\":\"ReadAction\",\"target\":[\"https:\\\/\\\/zeromagazine.mx\\\/index.php\\\/2025\\\/03\\\/27\\\/sabor-caribeno-en-cdmx\\\/\"]}]},{\"@type\":\"ImageObject\",\"inLanguage\":\"es\",\"@id\":\"https:\\\/\\\/zeromagazine.mx\\\/index.php\\\/2025\\\/03\\\/27\\\/sabor-caribeno-en-cdmx\\\/#primaryimage\",\"url\":\"https:\\\/\\\/i0.wp.com\\\/zeromagazine.mx\\\/wp-content\\\/uploads\\\/2025\\\/03\\\/PS_DIG_01_TWITTER_1024x512.png?fit=1024%2C512&ssl=1\",\"contentUrl\":\"https:\\\/\\\/i0.wp.com\\\/zeromagazine.mx\\\/wp-content\\\/uploads\\\/2025\\\/03\\\/PS_DIG_01_TWITTER_1024x512.png?fit=1024%2C512&ssl=1\",\"width\":1024,\"height\":512},{\"@type\":\"BreadcrumbList\",\"@id\":\"https:\\\/\\\/zeromagazine.mx\\\/index.php\\\/2025\\\/03\\\/27\\\/sabor-caribeno-en-cdmx\\\/#breadcrumb\",\"itemListElement\":[{\"@type\":\"ListItem\",\"position\":1,\"name\":\"Portada\",\"item\":\"https:\\\/\\\/zeromagazine.mx\\\/\"},{\"@type\":\"ListItem\",\"position\":2,\"name\":\"Sabor Caribe\u00f1o en CDMX\"}]},{\"@type\":\"WebSite\",\"@id\":\"https:\\\/\\\/zeromagazine.mx\\\/#website\",\"url\":\"https:\\\/\\\/zeromagazine.mx\\\/\",\"name\":\"Zero Magazine\",\"description\":\"\",\"publisher\":{\"@id\":\"https:\\\/\\\/zeromagazine.mx\\\/#organization\"},\"potentialAction\":[{\"@type\":\"SearchAction\",\"target\":{\"@type\":\"EntryPoint\",\"urlTemplate\":\"https:\\\/\\\/zeromagazine.mx\\\/?s={search_term_string}\"},\"query-input\":{\"@type\":\"PropertyValueSpecification\",\"valueRequired\":true,\"valueName\":\"search_term_string\"}}],\"inLanguage\":\"es\"},{\"@type\":\"Organization\",\"@id\":\"https:\\\/\\\/zeromagazine.mx\\\/#organization\",\"name\":\"Zero Magazine\",\"url\":\"https:\\\/\\\/zeromagazine.mx\\\/\",\"logo\":{\"@type\":\"ImageObject\",\"inLanguage\":\"es\",\"@id\":\"https:\\\/\\\/zeromagazine.mx\\\/#\\\/schema\\\/logo\\\/image\\\/\",\"url\":\"https:\\\/\\\/i0.wp.com\\\/zeromagazine.mx\\\/wp-content\\\/uploads\\\/2025\\\/11\\\/1.jpeg?fit=1000%2C1000&ssl=1\",\"contentUrl\":\"https:\\\/\\\/i0.wp.com\\\/zeromagazine.mx\\\/wp-content\\\/uploads\\\/2025\\\/11\\\/1.jpeg?fit=1000%2C1000&ssl=1\",\"width\":1000,\"height\":1000,\"caption\":\"Zero Magazine\"},\"image\":{\"@id\":\"https:\\\/\\\/zeromagazine.mx\\\/#\\\/schema\\\/logo\\\/image\\\/\"},\"sameAs\":[\"https:\\\/\\\/instagram.com\\\/zeromagazinemx\"]},{\"@type\":\"Person\",\"@id\":\"https:\\\/\\\/zeromagazine.mx\\\/#\\\/schema\\\/person\\\/9f7f1a17c60ba8e9980e3e6677aabe5a\",\"name\":\"David Morales\",\"image\":{\"@type\":\"ImageObject\",\"inLanguage\":\"es\",\"@id\":\"https:\\\/\\\/zeromagazine.mx\\\/wp-content\\\/litespeed\\\/avatar\\\/76069d2136bfc1c37dc34815bb67ca42.jpg?ver=1776966186\",\"url\":\"https:\\\/\\\/zeromagazine.mx\\\/wp-content\\\/litespeed\\\/avatar\\\/76069d2136bfc1c37dc34815bb67ca42.jpg?ver=1776966186\",\"contentUrl\":\"https:\\\/\\\/zeromagazine.mx\\\/wp-content\\\/litespeed\\\/avatar\\\/76069d2136bfc1c37dc34815bb67ca42.jpg?ver=1776966186\",\"caption\":\"David Morales\"},\"url\":\"https:\\\/\\\/zeromagazine.mx\\\/index.php\\\/author\\\/david\\\/\"}]}<\/script>\n<!-- \/ Yoast SEO plugin. -->","yoast_head_json":{"title":"Sabor Caribe\u00f1o en CDMX - Zero Magazine","description":"Descubre los detalles del evento con sabor caribe\u00f1o este 5 de abril en el Parque de La Plaza Sat\u00e9lite. \u00a1No te lo pierdas!","robots":{"index":"index","follow":"follow","max-snippet":"max-snippet:-1","max-image-preview":"max-image-preview:large","max-video-preview":"max-video-preview:-1"},"canonical":"https:\/\/zeromagazine.mx\/index.php\/2025\/03\/27\/sabor-caribeno-en-cdmx\/","og_locale":"es_ES","og_type":"article","og_title":"Sabor Caribe\u00f1o en CDMX - Zero Magazine","og_description":"Descubre los detalles del evento con sabor caribe\u00f1o este 5 de abril en el Parque de La Plaza Sat\u00e9lite. \u00a1No te lo pierdas!","og_url":"https:\/\/zeromagazine.mx\/index.php\/2025\/03\/27\/sabor-caribeno-en-cdmx\/","og_site_name":"Zero Magazine","article_published_time":"2025-03-28T01:33:05+00:00","og_image":[{"width":1024,"height":512,"url":"http:\/\/zeromagazine.mx\/wp-content\/uploads\/2025\/03\/PS_DIG_01_TWITTER_1024x512.png","type":"image\/png"}],"author":"David Morales","twitter_card":"summary_large_image","twitter_misc":{"Escrito por":"David Morales","Tiempo de lectura":"2 minutos"},"schema":{"@context":"https:\/\/schema.org","@graph":[{"@type":"Article","@id":"https:\/\/zeromagazine.mx\/index.php\/2025\/03\/27\/sabor-caribeno-en-cdmx\/#article","isPartOf":{"@id":"https:\/\/zeromagazine.mx\/index.php\/2025\/03\/27\/sabor-caribeno-en-cdmx\/"},"author":{"name":"David Morales","@id":"https:\/\/zeromagazine.mx\/#\/schema\/person\/9f7f1a17c60ba8e9980e3e6677aabe5a"},"headline":"Sabor Caribe\u00f1o en CDMX","datePublished":"2025-03-28T01:33:05+00:00","mainEntityOfPage":{"@id":"https:\/\/zeromagazine.mx\/index.php\/2025\/03\/27\/sabor-caribeno-en-cdmx\/"},"wordCount":333,"commentCount":0,"publisher":{"@id":"https:\/\/zeromagazine.mx\/#organization"},"image":{"@id":"https:\/\/zeromagazine.mx\/index.php\/2025\/03\/27\/sabor-caribeno-en-cdmx\/#primaryimage"},"thumbnailUrl":"https:\/\/i0.wp.com\/zeromagazine.mx\/wp-content\/uploads\/2025\/03\/PS_DIG_01_TWITTER_1024x512.png?fit=1024%2C512&ssl=1","keywords":["CDMX","Festival Gastron\u00f3mico","Plaza Sat\u00e9lite","Sabor Caribe\u00f1o"],"articleSection":["Viajes"],"inLanguage":"es","potentialAction":[{"@type":"CommentAction","name":"Comment","target":["https:\/\/zeromagazine.mx\/index.php\/2025\/03\/27\/sabor-caribeno-en-cdmx\/#respond"]}]},{"@type":"WebPage","@id":"https:\/\/zeromagazine.mx\/index.php\/2025\/03\/27\/sabor-caribeno-en-cdmx\/","url":"https:\/\/zeromagazine.mx\/index.php\/2025\/03\/27\/sabor-caribeno-en-cdmx\/","name":"Sabor Caribe\u00f1o en CDMX - Zero Magazine","isPartOf":{"@id":"https:\/\/zeromagazine.mx\/#website"},"primaryImageOfPage":{"@id":"https:\/\/zeromagazine.mx\/index.php\/2025\/03\/27\/sabor-caribeno-en-cdmx\/#primaryimage"},"image":{"@id":"https:\/\/zeromagazine.mx\/index.php\/2025\/03\/27\/sabor-caribeno-en-cdmx\/#primaryimage"},"thumbnailUrl":"https:\/\/i0.wp.com\/zeromagazine.mx\/wp-content\/uploads\/2025\/03\/PS_DIG_01_TWITTER_1024x512.png?fit=1024%2C512&ssl=1","datePublished":"2025-03-28T01:33:05+00:00","description":"Descubre los detalles del evento con sabor caribe\u00f1o este 5 de abril en el Parque de La Plaza Sat\u00e9lite. \u00a1No te lo pierdas!","breadcrumb":{"@id":"https:\/\/zeromagazine.mx\/index.php\/2025\/03\/27\/sabor-caribeno-en-cdmx\/#breadcrumb"},"inLanguage":"es","potentialAction":[{"@type":"ReadAction","target":["https:\/\/zeromagazine.mx\/index.php\/2025\/03\/27\/sabor-caribeno-en-cdmx\/"]}]},{"@type":"ImageObject","inLanguage":"es","@id":"https:\/\/zeromagazine.mx\/index.php\/2025\/03\/27\/sabor-caribeno-en-cdmx\/#primaryimage","url":"https:\/\/i0.wp.com\/zeromagazine.mx\/wp-content\/uploads\/2025\/03\/PS_DIG_01_TWITTER_1024x512.png?fit=1024%2C512&ssl=1","contentUrl":"https:\/\/i0.wp.com\/zeromagazine.mx\/wp-content\/uploads\/2025\/03\/PS_DIG_01_TWITTER_1024x512.png?fit=1024%2C512&ssl=1","width":1024,"height":512},{"@type":"BreadcrumbList","@id":"https:\/\/zeromagazine.mx\/index.php\/2025\/03\/27\/sabor-caribeno-en-cdmx\/#breadcrumb","itemListElement":[{"@type":"ListItem","position":1,"name":"Portada","item":"https:\/\/zeromagazine.mx\/"},{"@type":"ListItem","position":2,"name":"Sabor Caribe\u00f1o en CDMX"}]},{"@type":"WebSite","@id":"https:\/\/zeromagazine.mx\/#website","url":"https:\/\/zeromagazine.mx\/","name":"Zero Magazine","description":"","publisher":{"@id":"https:\/\/zeromagazine.mx\/#organization"},"potentialAction":[{"@type":"SearchAction","target":{"@type":"EntryPoint","urlTemplate":"https:\/\/zeromagazine.mx\/?s={search_term_string}"},"query-input":{"@type":"PropertyValueSpecification","valueRequired":true,"valueName":"search_term_string"}}],"inLanguage":"es"},{"@type":"Organization","@id":"https:\/\/zeromagazine.mx\/#organization","name":"Zero Magazine","url":"https:\/\/zeromagazine.mx\/","logo":{"@type":"ImageObject","inLanguage":"es","@id":"https:\/\/zeromagazine.mx\/#\/schema\/logo\/image\/","url":"https:\/\/i0.wp.com\/zeromagazine.mx\/wp-content\/uploads\/2025\/11\/1.jpeg?fit=1000%2C1000&ssl=1","contentUrl":"https:\/\/i0.wp.com\/zeromagazine.mx\/wp-content\/uploads\/2025\/11\/1.jpeg?fit=1000%2C1000&ssl=1","width":1000,"height":1000,"caption":"Zero Magazine"},"image":{"@id":"https:\/\/zeromagazine.mx\/#\/schema\/logo\/image\/"},"sameAs":["https:\/\/instagram.com\/zeromagazinemx"]},{"@type":"Person","@id":"https:\/\/zeromagazine.mx\/#\/schema\/person\/9f7f1a17c60ba8e9980e3e6677aabe5a","name":"David Morales","image":{"@type":"ImageObject","inLanguage":"es","@id":"https:\/\/zeromagazine.mx\/wp-content\/litespeed\/avatar\/76069d2136bfc1c37dc34815bb67ca42.jpg?ver=1776966186","url":"https:\/\/zeromagazine.mx\/wp-content\/litespeed\/avatar\/76069d2136bfc1c37dc34815bb67ca42.jpg?ver=1776966186","contentUrl":"https:\/\/zeromagazine.mx\/wp-content\/litespeed\/avatar\/76069d2136bfc1c37dc34815bb67ca42.jpg?ver=1776966186","caption":"David Morales"},"url":"https:\/\/zeromagazine.mx\/index.php\/author\/david\/"}]}},"jetpack_publicize_connections":[],"jetpack_featured_media_url":"https:\/\/i0.wp.com\/zeromagazine.mx\/wp-content\/uploads\/2025\/03\/PS_DIG_01_TWITTER_1024x512.png?fit=1024%2C512&ssl=1","jetpack-related-posts":[{"id":113747,"url":"https:\/\/zeromagazine.mx\/index.php\/2026\/01\/19\/verano-en-barbados-conectividad-latam\/","url_meta":{"origin":99970,"position":0},"title":"Tu verano Comienza en Barbados Copa Airlines Ampl\u00eda la Conectividad Desde Am\u00e9rica Latina","author":"David Morales","date":"19 de enero de 2026","format":false,"excerpt":"Cuando el verano se acerca, tambi\u00e9n llega esa necesidad urgente de escapar a un lugar donde el sol, la cultura y la vibra se sientan reales. El\u00a0verano en Barbados\u00a0arranca con una gran noticia: ahora es m\u00e1s f\u00e1cil llegar desde Am\u00e9rica Latina gracias a la ampliaci\u00f3n de la conectividad a\u00e9rea de\u2026","rel":"","context":"En \u00abBlog\u00bb","block_context":{"text":"Blog","link":"https:\/\/zeromagazine.mx\/index.php\/category\/blog\/"},"img":{"alt_text":"","src":"https:\/\/i0.wp.com\/zeromagazine.mx\/wp-content\/uploads\/2026\/01\/IMG_1007.jpeg?fit=800%2C599&ssl=1&resize=350%2C200","width":350,"height":200,"srcset":"https:\/\/i0.wp.com\/zeromagazine.mx\/wp-content\/uploads\/2026\/01\/IMG_1007.jpeg?fit=800%2C599&ssl=1&resize=350%2C200 1x, https:\/\/i0.wp.com\/zeromagazine.mx\/wp-content\/uploads\/2026\/01\/IMG_1007.jpeg?fit=800%2C599&ssl=1&resize=525%2C300 1.5x, https:\/\/i0.wp.com\/zeromagazine.mx\/wp-content\/uploads\/2026\/01\/IMG_1007.jpeg?fit=800%2C599&ssl=1&resize=700%2C400 2x"},"classes":[]},{"id":71675,"url":"https:\/\/zeromagazine.mx\/index.php\/2024\/03\/08\/rappi-fest-el-primer-festival-virtual-de-tacos-llega-a-mexico\/","url_meta":{"origin":99970,"position":1},"title":"\u00a1Rappi Fest: El primer festival virtual de tacos llega a M\u00e9xico!","author":"zeromagazinemx","date":"8 de marzo de 2024","format":false,"excerpt":"\u00a1Llega el primer festival virtual de tacos a M\u00e9xico! Rappi, la plataforma de comercio electr\u00f3nico, est\u00e1 rompiendo esquemas con el \"Rappi Fest\", un evento gastron\u00f3mico que va a revolucionar nuestros paladares durante todo marzo. Vamos a poder disfrutar de combos y experiencias \u00fanicas con los tacos m\u00e1s ic\u00f3nicos de M\u00e9xico,\u2026","rel":"","context":"En \u00abFoodie\u00bb","block_context":{"text":"Foodie","link":"https:\/\/zeromagazine.mx\/index.php\/category\/lifestyle\/foodie\/"},"img":{"alt_text":"","src":"https:\/\/i0.wp.com\/zeromagazine.mx\/wp-content\/uploads\/2024\/03\/Rappi-Fest-2.jpeg?resize=350%2C200&ssl=1","width":350,"height":200,"srcset":"https:\/\/i0.wp.com\/zeromagazine.mx\/wp-content\/uploads\/2024\/03\/Rappi-Fest-2.jpeg?resize=350%2C200&ssl=1 1x, https:\/\/i0.wp.com\/zeromagazine.mx\/wp-content\/uploads\/2024\/03\/Rappi-Fest-2.jpeg?resize=525%2C300&ssl=1 1.5x, https:\/\/i0.wp.com\/zeromagazine.mx\/wp-content\/uploads\/2024\/03\/Rappi-Fest-2.jpeg?resize=700%2C400&ssl=1 2x, https:\/\/i0.wp.com\/zeromagazine.mx\/wp-content\/uploads\/2024\/03\/Rappi-Fest-2.jpeg?resize=1050%2C600&ssl=1 3x"},"classes":[]},{"id":98711,"url":"https:\/\/zeromagazine.mx\/index.php\/2025\/03\/14\/descubre-usa-este-2025\/","url_meta":{"origin":99970,"position":2},"title":"Descubre USA en 2025","author":"David Morales","date":"14 de marzo de 2025","format":false,"excerpt":"Amix, si est\u00e1s buscando el viaje perfecto para primavera o verano, Estados Unidos tiene todo para ofrecerte. Desde playas paradis\u00edacas hasta parques nacionales, festivales culturales y road trips \u00e9picos, hay opciones para todos los gustos. As\u00ed que ve armando la maleta porque este a\u00f1o, viajar por USA ser\u00e1 una experiencia\u2026","rel":"","context":"En \u00abBlog\u00bb","block_context":{"text":"Blog","link":"https:\/\/zeromagazine.mx\/index.php\/category\/blog\/"},"img":{"alt_text":"","src":"https:\/\/i0.wp.com\/zeromagazine.mx\/wp-content\/uploads\/2025\/03\/AL_Alabama-Tourism-Department_1024_Alabama-Beaches_CourtlandRichards-scaled.jpg?fit=1200%2C800&ssl=1&resize=350%2C200","width":350,"height":200,"srcset":"https:\/\/i0.wp.com\/zeromagazine.mx\/wp-content\/uploads\/2025\/03\/AL_Alabama-Tourism-Department_1024_Alabama-Beaches_CourtlandRichards-scaled.jpg?fit=1200%2C800&ssl=1&resize=350%2C200 1x, https:\/\/i0.wp.com\/zeromagazine.mx\/wp-content\/uploads\/2025\/03\/AL_Alabama-Tourism-Department_1024_Alabama-Beaches_CourtlandRichards-scaled.jpg?fit=1200%2C800&ssl=1&resize=525%2C300 1.5x, https:\/\/i0.wp.com\/zeromagazine.mx\/wp-content\/uploads\/2025\/03\/AL_Alabama-Tourism-Department_1024_Alabama-Beaches_CourtlandRichards-scaled.jpg?fit=1200%2C800&ssl=1&resize=700%2C400 2x, https:\/\/i0.wp.com\/zeromagazine.mx\/wp-content\/uploads\/2025\/03\/AL_Alabama-Tourism-Department_1024_Alabama-Beaches_CourtlandRichards-scaled.jpg?fit=1200%2C800&ssl=1&resize=1050%2C600 3x"},"classes":[]},{"id":48666,"url":"https:\/\/zeromagazine.mx\/index.php\/2021\/06\/24\/el-festival-de-jamaica-una-propuesta-gastronomica-llega-a-el-palacio-de-hierro\/","url_meta":{"origin":99970,"position":3},"title":"El Festival de Jamaica, una propuesta gastron\u00f3mica llega a El Palacio de Hierro","author":"zeromagazinemx","date":"24 de junio de 2021","format":false,"excerpt":"Palacio, del 15 de junio al 21 de julio, las tradiciones culinarias de la isla tropical llegan al Restaurante Palacio con el Festival Gastron\u00f3mico de Jamaica. Por Moises Kushelevich Deleita tu paladar en El Restaurante Palacio con un men\u00fa inspirado en una de las islas m\u00e1s representativas del Caribe y\u2026","rel":"","context":"En \u00abBlog\u00bb","block_context":{"text":"Blog","link":"https:\/\/zeromagazine.mx\/index.php\/category\/blog\/"},"img":{"alt_text":"","src":"","width":0,"height":0},"classes":[]},{"id":110302,"url":"https:\/\/zeromagazine.mx\/index.php\/2025\/11\/06\/sabor-es-morelos-festival-2025\/","url_meta":{"origin":99970,"position":4},"title":"Sabor Es Morelos enciende Cuernavaca","author":"David Morales","date":"6 de noviembre de 2025","format":false,"excerpt":"Prep\u00e1rate para comer, bailar y celebrar, porque\u00a0Sabor Es Morelos\u00a0vuelve m\u00e1s grande y delicioso que nunca. El\u00a06 y 7 de diciembre, Cuernavaca se convertir\u00e1 en el epicentro de la comida, el arte y la cultura con la edici\u00f3n n\u00famero 14 de este festival que ya es todo un \u00edcono en el\u2026","rel":"","context":"En \u00abCultura\u00bb","block_context":{"text":"Cultura","link":"https:\/\/zeromagazine.mx\/index.php\/category\/cultura\/"},"img":{"alt_text":"","src":"https:\/\/i0.wp.com\/zeromagazine.mx\/wp-content\/uploads\/2025\/11\/Flyer-general.jpeg?fit=1200%2C675&ssl=1&resize=350%2C200","width":350,"height":200,"srcset":"https:\/\/i0.wp.com\/zeromagazine.mx\/wp-content\/uploads\/2025\/11\/Flyer-general.jpeg?fit=1200%2C675&ssl=1&resize=350%2C200 1x, https:\/\/i0.wp.com\/zeromagazine.mx\/wp-content\/uploads\/2025\/11\/Flyer-general.jpeg?fit=1200%2C675&ssl=1&resize=525%2C300 1.5x, https:\/\/i0.wp.com\/zeromagazine.mx\/wp-content\/uploads\/2025\/11\/Flyer-general.jpeg?fit=1200%2C675&ssl=1&resize=700%2C400 2x, https:\/\/i0.wp.com\/zeromagazine.mx\/wp-content\/uploads\/2025\/11\/Flyer-general.jpeg?fit=1200%2C675&ssl=1&resize=1050%2C600 3x"},"classes":[]},{"id":99520,"url":"https:\/\/zeromagazine.mx\/index.php\/2025\/03\/28\/festival-wagyu-lujo-y-sabor\/","url_meta":{"origin":99970,"position":5},"title":"Festival Wagyu: Lujo y Sabor","author":"David Morales","date":"28 de marzo de 2025","format":false,"excerpt":"Amix, si eres fan de la comida japonesa y te encanta consentirte con platillos \u00fanicos, no puedes perderte el Festival Wagyu en Teppan Grill, ubicado en el coraz\u00f3n de la CDMX. Este evento es la tercera edici\u00f3n del festival y promete llevar tu paladar al siguiente nivel con la carne\u2026","rel":"","context":"En \u00abFoodie\u00bb","block_context":{"text":"Foodie","link":"https:\/\/zeromagazine.mx\/index.php\/category\/lifestyle\/foodie\/"},"img":{"alt_text":"","src":"https:\/\/i0.wp.com\/zeromagazine.mx\/wp-content\/uploads\/2025\/03\/JPARK25_HYATT_FEBRERO_TEPPAN-38-scaled.jpg?fit=1200%2C801&ssl=1&resize=350%2C200","width":350,"height":200,"srcset":"https:\/\/i0.wp.com\/zeromagazine.mx\/wp-content\/uploads\/2025\/03\/JPARK25_HYATT_FEBRERO_TEPPAN-38-scaled.jpg?fit=1200%2C801&ssl=1&resize=350%2C200 1x, https:\/\/i0.wp.com\/zeromagazine.mx\/wp-content\/uploads\/2025\/03\/JPARK25_HYATT_FEBRERO_TEPPAN-38-scaled.jpg?fit=1200%2C801&ssl=1&resize=525%2C300 1.5x, https:\/\/i0.wp.com\/zeromagazine.mx\/wp-content\/uploads\/2025\/03\/JPARK25_HYATT_FEBRERO_TEPPAN-38-scaled.jpg?fit=1200%2C801&ssl=1&resize=700%2C400 2x, https:\/\/i0.wp.com\/zeromagazine.mx\/wp-content\/uploads\/2025\/03\/JPARK25_HYATT_FEBRERO_TEPPAN-38-scaled.jpg?fit=1200%2C801&ssl=1&resize=1050%2C600 3x"},"classes":[]}],"jetpack_sharing_enabled":true,"builder_content":"","_links":{"self":[{"href":"https:\/\/zeromagazine.mx\/index.php\/wp-json\/wp\/v2\/posts\/99970","targetHints":{"allow":["GET"]}}],"collection":[{"href":"https:\/\/zeromagazine.mx\/index.php\/wp-json\/wp\/v2\/posts"}],"about":[{"href":"https:\/\/zeromagazine.mx\/index.php\/wp-json\/wp\/v2\/types\/post"}],"author":[{"embeddable":true,"href":"https:\/\/zeromagazine.mx\/index.php\/wp-json\/wp\/v2\/users\/4"}],"replies":[{"embeddable":true,"href":"https:\/\/zeromagazine.mx\/index.php\/wp-json\/wp\/v2\/comments?post=99970"}],"version-history":[{"count":3,"href":"https:\/\/zeromagazine.mx\/index.php\/wp-json\/wp\/v2\/posts\/99970\/revisions"}],"predecessor-version":[{"id":99974,"href":"https:\/\/zeromagazine.mx\/index.php\/wp-json\/wp\/v2\/posts\/99970\/revisions\/99974"}],"wp:featuredmedia":[{"embeddable":true,"href":"https:\/\/zeromagazine.mx\/index.php\/wp-json\/wp\/v2\/media\/99971"}],"wp:attachment":[{"href":"https:\/\/zeromagazine.mx\/index.php\/wp-json\/wp\/v2\/media?parent=99970"}],"wp:term":[{"taxonomy":"category","embeddable":true,"href":"https:\/\/zeromagazine.mx\/index.php\/wp-json\/wp\/v2\/categories?post=99970"},{"taxonomy":"post_tag","embeddable":true,"href":"https:\/\/zeromagazine.mx\/index.php\/wp-json\/wp\/v2\/tags?post=99970"}],"curies":[{"name":"wp","href":"https:\/\/api.w.org\/{rel}","templated":true}]}}