{"id":99988,"date":"2025-03-27T20:02:00","date_gmt":"2025-03-28T02:02:00","guid":{"rendered":"https:\/\/zeromagazine.mx\/?p=99988"},"modified":"2025-03-27T20:02:01","modified_gmt":"2025-03-28T02:02:01","slug":"hells-kitchen-llega-a-europa","status":"publish","type":"post","link":"https:\/\/zeromagazine.mx\/index.php\/2025\/03\/27\/hells-kitchen-llega-a-europa\/","title":{"rendered":"Hell&#8217;s Kitchen LLega A Europa"},"content":{"rendered":"<p>Amix, si eres fan de la comida \u00e9pica y de los vibes intensos, prep\u00e1rate porque Hell&#8217;s Kitchen llega a Europa y no a cualquier lugar, sino a Ibiza. \u00a1As\u00ed es! El chef m\u00e1s ic\u00f3nico del mundo, Gordon Ramsay, decidi\u00f3 llevar su legendario restaurante al nuevo The Unexpected Ibiza Hotel, y la neta es que esto va a romperla. La experiencia Hell&#8217;s Kitchen en Europa ser\u00e1 un combo de lujo, comida brutal y ambiente inigualable. Y si quieres descubrir los detalles, qu\u00e9date porque aqu\u00ed te los cuento.<\/p>\n\n\n\n<h2 class=\"wp-block-heading\"><strong>Una experiencia culinaria \u00fanica<\/strong><\/h2>\n\n\n\n<p>Obvio, lo mejor de este nuevo spot es que no solo vas a comer como realeza, sino que tambi\u00e9n vivir\u00e1s un ambiente digno de la serie. El lugar va a estar repleto de detalles ic\u00f3nicos, con la est\u00e9tica caracter\u00edstica de Hell&#8217;s Kitchen y ese toque exclusivo que hace que todo se vea top. Adem\u00e1s, los platillos que vas a poder probar ser\u00e1n los mismos que han hecho famoso al restaurante en Estados Unidos, as\u00ed que prep\u00e1rate para el mejor Beef Wellington de tu vida.<\/p>\n\n\n\n<p>Adem\u00e1s, el hecho de que este sea el primer Hell&#8217;s Kitchen en Europa lo hace a\u00fan m\u00e1s \u00e9pico. El chef Ramsay eligi\u00f3 Ibiza por su energ\u00eda vibrante, su vida nocturna brutal y su ambiente festivo, convirti\u00e9ndolo en el destino perfecto para esta experiencia. Claramente, la combinaci\u00f3n de alta gastronom\u00eda y entretenimiento es lo que har\u00e1 que este lugar se convierta en un must para locales y turistas por igual.<\/p>\n\n\n\n<h2 class=\"wp-block-heading\"><strong>El lujo de The Unexpected Ibiza Hotel<\/strong><\/h2>\n\n\n\n<p>Adem\u00e1s, el restaurante estar\u00e1 ubicado en The Unexpected Ibiza Hotel, el nuevo hotspot de lujo en Playa d&#8217;en Bossa. El hotel, que forma parte de la marca The Unexpected Hotels, ofrece 181 habitaciones y suites reci\u00e9n renovadas, dise\u00f1adas para que vivas el lujo sin perder el esp\u00edritu libre de Ibiza. Si ya est\u00e1s planeando tu pr\u00f3xima escapada, te conviene estar al tiro porque la apertura est\u00e1 prevista para el verano de 2025.<\/p>\n\n\n\n<p>As\u00ed que ya sabes, si quieres vivir la experiencia Hell&#8217;s Kitchen en Europa, reserva en The Unexpected Ibiza Hotel y prep\u00e1rate para sentir la vibra culinaria m\u00e1s intensa de la isla. Para m\u00e1s detalles y reservaciones, visita <a href=\"https:\/\/www.theunexpectedhotels.com\">The Unexpected Hotels<\/a>.<\/p>\n\n\n\n<script async src=\"https:\/\/pagead2.googlesyndication.com\/pagead\/js\/adsbygoogle.js?client=ca-pub-5499304793904745\"\n     crossorigin=\"anonymous\"><\/script>\n<ins class=\"adsbygoogle\"\n     style=\"display:block; text-align:center;\"\n     data-ad-layout=\"in-article\"\n     data-ad-format=\"fluid\"\n     data-ad-client=\"ca-pub-5499304793904745\"\n     data-ad-slot=\"5994863093\"><\/ins>\n<script>\n     (adsbygoogle = window.adsbygoogle || []).push({});\n<\/script>\n\n<!--themify_builder_content-->\n<div id=\"themify_builder_content-99988\" data-postid=\"99988\" class=\"themify_builder_content themify_builder_content-99988 themify_builder tf_clear\">\n    <\/div>\n<!--\/themify_builder_content-->","protected":false},"excerpt":{"rendered":"<p>Amix, si eres fan de la comida \u00e9pica y de los vibes intensos, prep\u00e1rate porque Hell&#8217;s Kitchen llega a Europa y no a cualquier lugar, sino a Ibiza. \u00a1As\u00ed es! El chef m\u00e1s ic\u00f3nico del mundo, Gordon Ramsay, decidi\u00f3 llevar su legendario restaurante al nuevo The Unexpected Ibiza Hotel, y la neta es que esto [&hellip;]<\/p>\n","protected":false},"author":4,"featured_media":99989,"comment_status":"open","ping_status":"open","sticky":false,"template":"","format":"standard","meta":{"_jetpack_memberships_contains_paid_content":false,"footnotes":"","jetpack_publicize_message":"","jetpack_publicize_feature_enabled":true,"jetpack_social_post_already_shared":true,"jetpack_social_options":{"image_generator_settings":{"template":"highway","default_image_id":0,"font":"","enabled":false},"version":2}},"categories":[1],"tags":[4913,13081,13080,13082],"class_list":["post-99988","post","type-post","status-publish","format-standard","has-post-thumbnail","hentry","category-blog","tag-europa","tag-hells-kitchen","tag-ibiza","tag-unexpected-ibiza-hotel","has-post-title","has-post-date","has-post-category","has-post-tag","has-post-comment","has-post-author",""],"yoast_head":"<!-- This site is optimized with the Yoast SEO plugin v27.4 - https:\/\/yoast.com\/product\/yoast-seo-wordpress\/ -->\n<title>Hell&#039;s Kitchen LLega A Europa - Zero Magazine<\/title>\n<meta name=\"description\" content=\"Vive la experiencia Hell&#039;s Kitchen en Europa: lujo, comida brutal y ambiente \u00fanico que no te puedes perder.\" \/>\n<meta name=\"robots\" content=\"index, follow, max-snippet:-1, max-image-preview:large, max-video-preview:-1\" \/>\n<link rel=\"canonical\" href=\"https:\/\/zeromagazine.mx\/index.php\/2025\/03\/27\/hells-kitchen-llega-a-europa\/\" \/>\n<meta property=\"og:locale\" content=\"es_ES\" \/>\n<meta property=\"og:type\" content=\"article\" \/>\n<meta property=\"og:title\" content=\"Hell&#039;s Kitchen LLega A Europa - Zero Magazine\" \/>\n<meta property=\"og:description\" content=\"Vive la experiencia Hell&#039;s Kitchen en Europa: lujo, comida brutal y ambiente \u00fanico que no te puedes perder.\" \/>\n<meta property=\"og:url\" content=\"https:\/\/zeromagazine.mx\/index.php\/2025\/03\/27\/hells-kitchen-llega-a-europa\/\" \/>\n<meta property=\"og:site_name\" content=\"Zero Magazine\" \/>\n<meta property=\"article:published_time\" content=\"2025-03-28T02:02:00+00:00\" \/>\n<meta property=\"article:modified_time\" content=\"2025-03-28T02:02:01+00:00\" \/>\n<meta property=\"og:image\" content=\"http:\/\/zeromagazine.mx\/wp-content\/uploads\/2025\/03\/Hell\u00b4s-Kitchen-Ibiza-Render-scaled.jpg\" \/>\n\t<meta property=\"og:image:width\" content=\"2560\" \/>\n\t<meta property=\"og:image:height\" content=\"1085\" \/>\n\t<meta property=\"og:image:type\" content=\"image\/jpeg\" \/>\n<meta name=\"author\" content=\"David Morales\" \/>\n<meta name=\"twitter:card\" content=\"summary_large_image\" \/>\n<meta name=\"twitter:label1\" content=\"Escrito por\" \/>\n\t<meta name=\"twitter:data1\" content=\"David Morales\" \/>\n\t<meta name=\"twitter:label2\" content=\"Tiempo de lectura\" \/>\n\t<meta name=\"twitter:data2\" content=\"2 minutos\" \/>\n<script type=\"application\/ld+json\" class=\"yoast-schema-graph\">{\"@context\":\"https:\\\/\\\/schema.org\",\"@graph\":[{\"@type\":\"Article\",\"@id\":\"https:\\\/\\\/zeromagazine.mx\\\/index.php\\\/2025\\\/03\\\/27\\\/hells-kitchen-llega-a-europa\\\/#article\",\"isPartOf\":{\"@id\":\"https:\\\/\\\/zeromagazine.mx\\\/index.php\\\/2025\\\/03\\\/27\\\/hells-kitchen-llega-a-europa\\\/\"},\"author\":{\"name\":\"David Morales\",\"@id\":\"https:\\\/\\\/zeromagazine.mx\\\/#\\\/schema\\\/person\\\/9f7f1a17c60ba8e9980e3e6677aabe5a\"},\"headline\":\"Hell&#8217;s Kitchen LLega A Europa\",\"datePublished\":\"2025-03-28T02:02:00+00:00\",\"dateModified\":\"2025-03-28T02:02:01+00:00\",\"mainEntityOfPage\":{\"@id\":\"https:\\\/\\\/zeromagazine.mx\\\/index.php\\\/2025\\\/03\\\/27\\\/hells-kitchen-llega-a-europa\\\/\"},\"wordCount\":400,\"commentCount\":0,\"publisher\":{\"@id\":\"https:\\\/\\\/zeromagazine.mx\\\/#organization\"},\"image\":{\"@id\":\"https:\\\/\\\/zeromagazine.mx\\\/index.php\\\/2025\\\/03\\\/27\\\/hells-kitchen-llega-a-europa\\\/#primaryimage\"},\"thumbnailUrl\":\"https:\\\/\\\/i0.wp.com\\\/zeromagazine.mx\\\/wp-content\\\/uploads\\\/2025\\\/03\\\/Hell%C2%B4s-Kitchen-Ibiza-Render-scaled.jpg?fit=2560%2C1085&ssl=1\",\"keywords\":[\"Europa\",\"Hell\u00b4s Kitchen\",\"Ibiza\",\"Unexpected Ibiza Hotel\"],\"articleSection\":[\"Blog\"],\"inLanguage\":\"es\",\"potentialAction\":[{\"@type\":\"CommentAction\",\"name\":\"Comment\",\"target\":[\"https:\\\/\\\/zeromagazine.mx\\\/index.php\\\/2025\\\/03\\\/27\\\/hells-kitchen-llega-a-europa\\\/#respond\"]}]},{\"@type\":\"WebPage\",\"@id\":\"https:\\\/\\\/zeromagazine.mx\\\/index.php\\\/2025\\\/03\\\/27\\\/hells-kitchen-llega-a-europa\\\/\",\"url\":\"https:\\\/\\\/zeromagazine.mx\\\/index.php\\\/2025\\\/03\\\/27\\\/hells-kitchen-llega-a-europa\\\/\",\"name\":\"Hell's Kitchen LLega A Europa - Zero Magazine\",\"isPartOf\":{\"@id\":\"https:\\\/\\\/zeromagazine.mx\\\/#website\"},\"primaryImageOfPage\":{\"@id\":\"https:\\\/\\\/zeromagazine.mx\\\/index.php\\\/2025\\\/03\\\/27\\\/hells-kitchen-llega-a-europa\\\/#primaryimage\"},\"image\":{\"@id\":\"https:\\\/\\\/zeromagazine.mx\\\/index.php\\\/2025\\\/03\\\/27\\\/hells-kitchen-llega-a-europa\\\/#primaryimage\"},\"thumbnailUrl\":\"https:\\\/\\\/i0.wp.com\\\/zeromagazine.mx\\\/wp-content\\\/uploads\\\/2025\\\/03\\\/Hell%C2%B4s-Kitchen-Ibiza-Render-scaled.jpg?fit=2560%2C1085&ssl=1\",\"datePublished\":\"2025-03-28T02:02:00+00:00\",\"dateModified\":\"2025-03-28T02:02:01+00:00\",\"description\":\"Vive la experiencia Hell's Kitchen en Europa: lujo, comida brutal y ambiente \u00fanico que no te puedes perder.\",\"breadcrumb\":{\"@id\":\"https:\\\/\\\/zeromagazine.mx\\\/index.php\\\/2025\\\/03\\\/27\\\/hells-kitchen-llega-a-europa\\\/#breadcrumb\"},\"inLanguage\":\"es\",\"potentialAction\":[{\"@type\":\"ReadAction\",\"target\":[\"https:\\\/\\\/zeromagazine.mx\\\/index.php\\\/2025\\\/03\\\/27\\\/hells-kitchen-llega-a-europa\\\/\"]}]},{\"@type\":\"ImageObject\",\"inLanguage\":\"es\",\"@id\":\"https:\\\/\\\/zeromagazine.mx\\\/index.php\\\/2025\\\/03\\\/27\\\/hells-kitchen-llega-a-europa\\\/#primaryimage\",\"url\":\"https:\\\/\\\/i0.wp.com\\\/zeromagazine.mx\\\/wp-content\\\/uploads\\\/2025\\\/03\\\/Hell%C2%B4s-Kitchen-Ibiza-Render-scaled.jpg?fit=2560%2C1085&ssl=1\",\"contentUrl\":\"https:\\\/\\\/i0.wp.com\\\/zeromagazine.mx\\\/wp-content\\\/uploads\\\/2025\\\/03\\\/Hell%C2%B4s-Kitchen-Ibiza-Render-scaled.jpg?fit=2560%2C1085&ssl=1\",\"width\":2560,\"height\":1085},{\"@type\":\"BreadcrumbList\",\"@id\":\"https:\\\/\\\/zeromagazine.mx\\\/index.php\\\/2025\\\/03\\\/27\\\/hells-kitchen-llega-a-europa\\\/#breadcrumb\",\"itemListElement\":[{\"@type\":\"ListItem\",\"position\":1,\"name\":\"Portada\",\"item\":\"https:\\\/\\\/zeromagazine.mx\\\/\"},{\"@type\":\"ListItem\",\"position\":2,\"name\":\"Hell&#8217;s Kitchen LLega A Europa\"}]},{\"@type\":\"WebSite\",\"@id\":\"https:\\\/\\\/zeromagazine.mx\\\/#website\",\"url\":\"https:\\\/\\\/zeromagazine.mx\\\/\",\"name\":\"Zero Magazine\",\"description\":\"\",\"publisher\":{\"@id\":\"https:\\\/\\\/zeromagazine.mx\\\/#organization\"},\"potentialAction\":[{\"@type\":\"SearchAction\",\"target\":{\"@type\":\"EntryPoint\",\"urlTemplate\":\"https:\\\/\\\/zeromagazine.mx\\\/?s={search_term_string}\"},\"query-input\":{\"@type\":\"PropertyValueSpecification\",\"valueRequired\":true,\"valueName\":\"search_term_string\"}}],\"inLanguage\":\"es\"},{\"@type\":\"Organization\",\"@id\":\"https:\\\/\\\/zeromagazine.mx\\\/#organization\",\"name\":\"Zero Magazine\",\"url\":\"https:\\\/\\\/zeromagazine.mx\\\/\",\"logo\":{\"@type\":\"ImageObject\",\"inLanguage\":\"es\",\"@id\":\"https:\\\/\\\/zeromagazine.mx\\\/#\\\/schema\\\/logo\\\/image\\\/\",\"url\":\"https:\\\/\\\/i0.wp.com\\\/zeromagazine.mx\\\/wp-content\\\/uploads\\\/2025\\\/11\\\/1.jpeg?fit=1000%2C1000&ssl=1\",\"contentUrl\":\"https:\\\/\\\/i0.wp.com\\\/zeromagazine.mx\\\/wp-content\\\/uploads\\\/2025\\\/11\\\/1.jpeg?fit=1000%2C1000&ssl=1\",\"width\":1000,\"height\":1000,\"caption\":\"Zero Magazine\"},\"image\":{\"@id\":\"https:\\\/\\\/zeromagazine.mx\\\/#\\\/schema\\\/logo\\\/image\\\/\"},\"sameAs\":[\"https:\\\/\\\/instagram.com\\\/zeromagazinemx\"]},{\"@type\":\"Person\",\"@id\":\"https:\\\/\\\/zeromagazine.mx\\\/#\\\/schema\\\/person\\\/9f7f1a17c60ba8e9980e3e6677aabe5a\",\"name\":\"David Morales\",\"image\":{\"@type\":\"ImageObject\",\"inLanguage\":\"es\",\"@id\":\"https:\\\/\\\/zeromagazine.mx\\\/wp-content\\\/litespeed\\\/avatar\\\/76069d2136bfc1c37dc34815bb67ca42.jpg?ver=1776966186\",\"url\":\"https:\\\/\\\/zeromagazine.mx\\\/wp-content\\\/litespeed\\\/avatar\\\/76069d2136bfc1c37dc34815bb67ca42.jpg?ver=1776966186\",\"contentUrl\":\"https:\\\/\\\/zeromagazine.mx\\\/wp-content\\\/litespeed\\\/avatar\\\/76069d2136bfc1c37dc34815bb67ca42.jpg?ver=1776966186\",\"caption\":\"David Morales\"},\"url\":\"https:\\\/\\\/zeromagazine.mx\\\/index.php\\\/author\\\/david\\\/\"}]}<\/script>\n<!-- \/ Yoast SEO plugin. -->","yoast_head_json":{"title":"Hell's Kitchen LLega A Europa - Zero Magazine","description":"Vive la experiencia Hell's Kitchen en Europa: lujo, comida brutal y ambiente \u00fanico que no te puedes perder.","robots":{"index":"index","follow":"follow","max-snippet":"max-snippet:-1","max-image-preview":"max-image-preview:large","max-video-preview":"max-video-preview:-1"},"canonical":"https:\/\/zeromagazine.mx\/index.php\/2025\/03\/27\/hells-kitchen-llega-a-europa\/","og_locale":"es_ES","og_type":"article","og_title":"Hell's Kitchen LLega A Europa - Zero Magazine","og_description":"Vive la experiencia Hell's Kitchen en Europa: lujo, comida brutal y ambiente \u00fanico que no te puedes perder.","og_url":"https:\/\/zeromagazine.mx\/index.php\/2025\/03\/27\/hells-kitchen-llega-a-europa\/","og_site_name":"Zero Magazine","article_published_time":"2025-03-28T02:02:00+00:00","article_modified_time":"2025-03-28T02:02:01+00:00","og_image":[{"width":2560,"height":1085,"url":"http:\/\/zeromagazine.mx\/wp-content\/uploads\/2025\/03\/Hell\u00b4s-Kitchen-Ibiza-Render-scaled.jpg","type":"image\/jpeg"}],"author":"David Morales","twitter_card":"summary_large_image","twitter_misc":{"Escrito por":"David Morales","Tiempo de lectura":"2 minutos"},"schema":{"@context":"https:\/\/schema.org","@graph":[{"@type":"Article","@id":"https:\/\/zeromagazine.mx\/index.php\/2025\/03\/27\/hells-kitchen-llega-a-europa\/#article","isPartOf":{"@id":"https:\/\/zeromagazine.mx\/index.php\/2025\/03\/27\/hells-kitchen-llega-a-europa\/"},"author":{"name":"David Morales","@id":"https:\/\/zeromagazine.mx\/#\/schema\/person\/9f7f1a17c60ba8e9980e3e6677aabe5a"},"headline":"Hell&#8217;s Kitchen LLega A Europa","datePublished":"2025-03-28T02:02:00+00:00","dateModified":"2025-03-28T02:02:01+00:00","mainEntityOfPage":{"@id":"https:\/\/zeromagazine.mx\/index.php\/2025\/03\/27\/hells-kitchen-llega-a-europa\/"},"wordCount":400,"commentCount":0,"publisher":{"@id":"https:\/\/zeromagazine.mx\/#organization"},"image":{"@id":"https:\/\/zeromagazine.mx\/index.php\/2025\/03\/27\/hells-kitchen-llega-a-europa\/#primaryimage"},"thumbnailUrl":"https:\/\/i0.wp.com\/zeromagazine.mx\/wp-content\/uploads\/2025\/03\/Hell%C2%B4s-Kitchen-Ibiza-Render-scaled.jpg?fit=2560%2C1085&ssl=1","keywords":["Europa","Hell\u00b4s Kitchen","Ibiza","Unexpected Ibiza Hotel"],"articleSection":["Blog"],"inLanguage":"es","potentialAction":[{"@type":"CommentAction","name":"Comment","target":["https:\/\/zeromagazine.mx\/index.php\/2025\/03\/27\/hells-kitchen-llega-a-europa\/#respond"]}]},{"@type":"WebPage","@id":"https:\/\/zeromagazine.mx\/index.php\/2025\/03\/27\/hells-kitchen-llega-a-europa\/","url":"https:\/\/zeromagazine.mx\/index.php\/2025\/03\/27\/hells-kitchen-llega-a-europa\/","name":"Hell's Kitchen LLega A Europa - Zero Magazine","isPartOf":{"@id":"https:\/\/zeromagazine.mx\/#website"},"primaryImageOfPage":{"@id":"https:\/\/zeromagazine.mx\/index.php\/2025\/03\/27\/hells-kitchen-llega-a-europa\/#primaryimage"},"image":{"@id":"https:\/\/zeromagazine.mx\/index.php\/2025\/03\/27\/hells-kitchen-llega-a-europa\/#primaryimage"},"thumbnailUrl":"https:\/\/i0.wp.com\/zeromagazine.mx\/wp-content\/uploads\/2025\/03\/Hell%C2%B4s-Kitchen-Ibiza-Render-scaled.jpg?fit=2560%2C1085&ssl=1","datePublished":"2025-03-28T02:02:00+00:00","dateModified":"2025-03-28T02:02:01+00:00","description":"Vive la experiencia Hell's Kitchen en Europa: lujo, comida brutal y ambiente \u00fanico que no te puedes perder.","breadcrumb":{"@id":"https:\/\/zeromagazine.mx\/index.php\/2025\/03\/27\/hells-kitchen-llega-a-europa\/#breadcrumb"},"inLanguage":"es","potentialAction":[{"@type":"ReadAction","target":["https:\/\/zeromagazine.mx\/index.php\/2025\/03\/27\/hells-kitchen-llega-a-europa\/"]}]},{"@type":"ImageObject","inLanguage":"es","@id":"https:\/\/zeromagazine.mx\/index.php\/2025\/03\/27\/hells-kitchen-llega-a-europa\/#primaryimage","url":"https:\/\/i0.wp.com\/zeromagazine.mx\/wp-content\/uploads\/2025\/03\/Hell%C2%B4s-Kitchen-Ibiza-Render-scaled.jpg?fit=2560%2C1085&ssl=1","contentUrl":"https:\/\/i0.wp.com\/zeromagazine.mx\/wp-content\/uploads\/2025\/03\/Hell%C2%B4s-Kitchen-Ibiza-Render-scaled.jpg?fit=2560%2C1085&ssl=1","width":2560,"height":1085},{"@type":"BreadcrumbList","@id":"https:\/\/zeromagazine.mx\/index.php\/2025\/03\/27\/hells-kitchen-llega-a-europa\/#breadcrumb","itemListElement":[{"@type":"ListItem","position":1,"name":"Portada","item":"https:\/\/zeromagazine.mx\/"},{"@type":"ListItem","position":2,"name":"Hell&#8217;s Kitchen LLega A Europa"}]},{"@type":"WebSite","@id":"https:\/\/zeromagazine.mx\/#website","url":"https:\/\/zeromagazine.mx\/","name":"Zero Magazine","description":"","publisher":{"@id":"https:\/\/zeromagazine.mx\/#organization"},"potentialAction":[{"@type":"SearchAction","target":{"@type":"EntryPoint","urlTemplate":"https:\/\/zeromagazine.mx\/?s={search_term_string}"},"query-input":{"@type":"PropertyValueSpecification","valueRequired":true,"valueName":"search_term_string"}}],"inLanguage":"es"},{"@type":"Organization","@id":"https:\/\/zeromagazine.mx\/#organization","name":"Zero Magazine","url":"https:\/\/zeromagazine.mx\/","logo":{"@type":"ImageObject","inLanguage":"es","@id":"https:\/\/zeromagazine.mx\/#\/schema\/logo\/image\/","url":"https:\/\/i0.wp.com\/zeromagazine.mx\/wp-content\/uploads\/2025\/11\/1.jpeg?fit=1000%2C1000&ssl=1","contentUrl":"https:\/\/i0.wp.com\/zeromagazine.mx\/wp-content\/uploads\/2025\/11\/1.jpeg?fit=1000%2C1000&ssl=1","width":1000,"height":1000,"caption":"Zero Magazine"},"image":{"@id":"https:\/\/zeromagazine.mx\/#\/schema\/logo\/image\/"},"sameAs":["https:\/\/instagram.com\/zeromagazinemx"]},{"@type":"Person","@id":"https:\/\/zeromagazine.mx\/#\/schema\/person\/9f7f1a17c60ba8e9980e3e6677aabe5a","name":"David Morales","image":{"@type":"ImageObject","inLanguage":"es","@id":"https:\/\/zeromagazine.mx\/wp-content\/litespeed\/avatar\/76069d2136bfc1c37dc34815bb67ca42.jpg?ver=1776966186","url":"https:\/\/zeromagazine.mx\/wp-content\/litespeed\/avatar\/76069d2136bfc1c37dc34815bb67ca42.jpg?ver=1776966186","contentUrl":"https:\/\/zeromagazine.mx\/wp-content\/litespeed\/avatar\/76069d2136bfc1c37dc34815bb67ca42.jpg?ver=1776966186","caption":"David Morales"},"url":"https:\/\/zeromagazine.mx\/index.php\/author\/david\/"}]}},"jetpack_publicize_connections":[],"jetpack_featured_media_url":"https:\/\/i0.wp.com\/zeromagazine.mx\/wp-content\/uploads\/2025\/03\/Hell%C2%B4s-Kitchen-Ibiza-Render-scaled.jpg?fit=2560%2C1085&ssl=1","jetpack-related-posts":[{"id":115457,"url":"https:\/\/zeromagazine.mx\/index.php\/2026\/02\/16\/palladium-hotel-premios-forbes\/","url_meta":{"origin":99988,"position":0},"title":"Palladium Hotel Group Destaca en los Premios Forbes Travel Guide con Seis Hoteles Galardonados","author":"David Morales","date":"16 de febrero de 2026","format":false,"excerpt":"El lujo ya no es solo una experiencia: es un statement. Y cuando hablamos de hospitalidad premium a nivel global, hay nombres que se repiten por algo. Este 2026,\u00a0Palladium Hotel premios\u00a0vuelve a colocarse en el radar internacional tras arrasar en los reconocimientos de\u00a0Forbes Travel Guide, una de las gu\u00edas m\u00e1s\u2026","rel":"","context":"En \u00abBlog\u00bb","block_context":{"text":"Blog","link":"https:\/\/zeromagazine.mx\/index.php\/category\/blog\/"},"img":{"alt_text":"","src":"https:\/\/i0.wp.com\/zeromagazine.mx\/wp-content\/uploads\/2026\/02\/IMG_1491.jpeg?fit=512%2C410&ssl=1&resize=350%2C200","width":350,"height":200},"classes":[]},{"id":114563,"url":"https:\/\/zeromagazine.mx\/index.php\/2026\/01\/31\/jaime-ibiza-jungla-cena-moda-mexico\/","url_meta":{"origin":99988,"position":1},"title":"Jaime Ibiza Jungla: Noche Salvaje Chic","author":"zeromagazinemx","date":"31 de enero de 2026","format":false,"excerpt":"La moda mexicana vivi\u00f3 una de esas noches que se quedan guardadas en la memoria y obvio en el carrete de fotos gracias a una velada donde el dise\u00f1o, la naturaleza y el glamour se mezclaron sin esfuerzo. El anfitri\u00f3n fue nada menos que el dise\u00f1ador Jaime Ibiza, quien convirti\u00f3\u2026","rel":"","context":"En \u00abModa\u00bb","block_context":{"text":"Moda","link":"https:\/\/zeromagazine.mx\/index.php\/category\/moda\/"},"img":{"alt_text":"","src":"https:\/\/i0.wp.com\/zeromagazine.mx\/wp-content\/uploads\/2026\/01\/1000049734-scaled.jpg?fit=1200%2C1016&ssl=1&resize=350%2C200","width":350,"height":200,"srcset":"https:\/\/i0.wp.com\/zeromagazine.mx\/wp-content\/uploads\/2026\/01\/1000049734-scaled.jpg?fit=1200%2C1016&ssl=1&resize=350%2C200 1x, https:\/\/i0.wp.com\/zeromagazine.mx\/wp-content\/uploads\/2026\/01\/1000049734-scaled.jpg?fit=1200%2C1016&ssl=1&resize=525%2C300 1.5x, https:\/\/i0.wp.com\/zeromagazine.mx\/wp-content\/uploads\/2026\/01\/1000049734-scaled.jpg?fit=1200%2C1016&ssl=1&resize=700%2C400 2x, https:\/\/i0.wp.com\/zeromagazine.mx\/wp-content\/uploads\/2026\/01\/1000049734-scaled.jpg?fit=1200%2C1016&ssl=1&resize=1050%2C600 3x"},"classes":[]},{"id":103399,"url":"https:\/\/zeromagazine.mx\/index.php\/2025\/05\/08\/jaime-ibiza-lanza-coleccion-rumbo\/","url_meta":{"origin":99988,"position":2},"title":"Jaime Ibiza Lanza Colecci\u00f3n \u00abRUMBO\u00bb","author":"David Morales","date":"8 de mayo de 2025","format":false,"excerpt":"Amix, cada quien construye su camino a su ritmo, con sus decisiones, tropiezos y aciertos. Pero \u00bfqu\u00e9 pasar\u00eda si cada paso viniera acompa\u00f1ado de intenci\u00f3n y estilo? Justo de eso va la nueva campa\u00f1a de Jaime Ibiza, que nos dice con toda la elegancia: marca tu rumbo. Porque s\u00ed, la\u2026","rel":"","context":"En \u00abModa\u00bb","block_context":{"text":"Moda","link":"https:\/\/zeromagazine.mx\/index.php\/category\/moda\/"},"img":{"alt_text":"","src":"https:\/\/i0.wp.com\/zeromagazine.mx\/wp-content\/uploads\/2025\/05\/JI38-copia-scaled.jpg?fit=1200%2C860&ssl=1&resize=350%2C200","width":350,"height":200,"srcset":"https:\/\/i0.wp.com\/zeromagazine.mx\/wp-content\/uploads\/2025\/05\/JI38-copia-scaled.jpg?fit=1200%2C860&ssl=1&resize=350%2C200 1x, https:\/\/i0.wp.com\/zeromagazine.mx\/wp-content\/uploads\/2025\/05\/JI38-copia-scaled.jpg?fit=1200%2C860&ssl=1&resize=525%2C300 1.5x, https:\/\/i0.wp.com\/zeromagazine.mx\/wp-content\/uploads\/2025\/05\/JI38-copia-scaled.jpg?fit=1200%2C860&ssl=1&resize=700%2C400 2x, https:\/\/i0.wp.com\/zeromagazine.mx\/wp-content\/uploads\/2025\/05\/JI38-copia-scaled.jpg?fit=1200%2C860&ssl=1&resize=1050%2C600 3x"},"classes":[]},{"id":111218,"url":"https:\/\/zeromagazine.mx\/index.php\/2025\/11\/22\/sprite-x-jaime-ibiza-colaboracion\/","url_meta":{"origin":99988,"position":3},"title":"Sprite x Jaime Ibiza: frescura que se lleva","author":"Luis Trujano","date":"22 de noviembre de 2025","format":false,"excerpt":"Si cre\u00edas que ya lo hab\u00edas visto todo en colaboraciones de moda, espera a conocer Sprite x Jaime Ibiza, una alianza que llega a romper reglas, refrescar cl\u00f3sets y darle un nuevo mood a los accesorios que usamos todos los d\u00edas. Y s\u00ed, es exactamente lo que parece: una mezcla\u2026","rel":"","context":"En \u00abModa\u00bb","block_context":{"text":"Moda","link":"https:\/\/zeromagazine.mx\/index.php\/category\/moda\/"},"img":{"alt_text":"","src":"https:\/\/i0.wp.com\/zeromagazine.mx\/wp-content\/uploads\/2025\/11\/DETALLECOLGANTESTOTE.jpg?fit=1200%2C928&ssl=1&resize=350%2C200","width":350,"height":200,"srcset":"https:\/\/i0.wp.com\/zeromagazine.mx\/wp-content\/uploads\/2025\/11\/DETALLECOLGANTESTOTE.jpg?fit=1200%2C928&ssl=1&resize=350%2C200 1x, https:\/\/i0.wp.com\/zeromagazine.mx\/wp-content\/uploads\/2025\/11\/DETALLECOLGANTESTOTE.jpg?fit=1200%2C928&ssl=1&resize=525%2C300 1.5x, https:\/\/i0.wp.com\/zeromagazine.mx\/wp-content\/uploads\/2025\/11\/DETALLECOLGANTESTOTE.jpg?fit=1200%2C928&ssl=1&resize=700%2C400 2x, https:\/\/i0.wp.com\/zeromagazine.mx\/wp-content\/uploads\/2025\/11\/DETALLECOLGANTESTOTE.jpg?fit=1200%2C928&ssl=1&resize=1050%2C600 3x"},"classes":[]},{"id":81808,"url":"https:\/\/zeromagazine.mx\/index.php\/2024\/08\/13\/barca-kitchen-x-rappi-golazo-de-sabor\/","url_meta":{"origin":99988,"position":4},"title":"Bar\u00e7a Kitchen x Rappi: \u00a1Golazo de Sabor!","author":"zeromagazinemx","date":"13 de agosto de 2024","format":false,"excerpt":"\u00bfSe imaginaban que su amor por el f\u00fatbol y la comida podr\u00edan juntarse de una forma tan incre\u00edble? Pues prep\u00e1rense, porque el FC Barcelona acaba de lanzar una iniciativa que est\u00e1 rompi\u00e9ndola: \u00a1Bar\u00e7a Kitchen! Ahora pueden disfrutar de comida a domicilio con el toque del Bar\u00e7a, y lo mejor es\u2026","rel":"","context":"En \u00abBlog\u00bb","block_context":{"text":"Blog","link":"https:\/\/zeromagazine.mx\/index.php\/category\/blog\/"},"img":{"alt_text":"","src":"https:\/\/i0.wp.com\/zeromagazine.mx\/wp-content\/uploads\/2024\/08\/Q3_Barc-a_Kitchen_3200x2000_LL.png?fit=1200%2C750&ssl=1&resize=350%2C200","width":350,"height":200,"srcset":"https:\/\/i0.wp.com\/zeromagazine.mx\/wp-content\/uploads\/2024\/08\/Q3_Barc-a_Kitchen_3200x2000_LL.png?fit=1200%2C750&ssl=1&resize=350%2C200 1x, https:\/\/i0.wp.com\/zeromagazine.mx\/wp-content\/uploads\/2024\/08\/Q3_Barc-a_Kitchen_3200x2000_LL.png?fit=1200%2C750&ssl=1&resize=525%2C300 1.5x, https:\/\/i0.wp.com\/zeromagazine.mx\/wp-content\/uploads\/2024\/08\/Q3_Barc-a_Kitchen_3200x2000_LL.png?fit=1200%2C750&ssl=1&resize=700%2C400 2x, https:\/\/i0.wp.com\/zeromagazine.mx\/wp-content\/uploads\/2024\/08\/Q3_Barc-a_Kitchen_3200x2000_LL.png?fit=1200%2C750&ssl=1&resize=1050%2C600 3x"},"classes":[]},{"id":95000,"url":"https:\/\/zeromagazine.mx\/index.php\/2025\/01\/18\/glamour-y-calma-en-temple\/","url_meta":{"origin":99988,"position":5},"title":"Glamour y calma en TEMPLE","author":"zeromagazinemx","date":"18 de enero de 2025","format":false,"excerpt":"Glamour en cada detalle Glamour en cada detalle. Cuando hablamos de moda, hay nombres que resuenan como leyendas, y Jaime Ibiza es uno de ellos. Con su nueva colecci\u00f3n\u00a0TEMPLE, nos trae una explosi\u00f3n de estilo que grita \"glamour y calma absoluta\". Si est\u00e1s buscando accesorios que vibren con tu personalidad\u2026","rel":"","context":"En \u00abModa\u00bb","block_context":{"text":"Moda","link":"https:\/\/zeromagazine.mx\/index.php\/category\/moda\/"},"img":{"alt_text":"","src":"https:\/\/i0.wp.com\/zeromagazine.mx\/wp-content\/uploads\/2025\/01\/3.2-scaled.jpg?fit=1200%2C1200&ssl=1&resize=350%2C200","width":350,"height":200,"srcset":"https:\/\/i0.wp.com\/zeromagazine.mx\/wp-content\/uploads\/2025\/01\/3.2-scaled.jpg?fit=1200%2C1200&ssl=1&resize=350%2C200 1x, https:\/\/i0.wp.com\/zeromagazine.mx\/wp-content\/uploads\/2025\/01\/3.2-scaled.jpg?fit=1200%2C1200&ssl=1&resize=525%2C300 1.5x, https:\/\/i0.wp.com\/zeromagazine.mx\/wp-content\/uploads\/2025\/01\/3.2-scaled.jpg?fit=1200%2C1200&ssl=1&resize=700%2C400 2x, https:\/\/i0.wp.com\/zeromagazine.mx\/wp-content\/uploads\/2025\/01\/3.2-scaled.jpg?fit=1200%2C1200&ssl=1&resize=1050%2C600 3x"},"classes":[]}],"jetpack_sharing_enabled":true,"builder_content":"","_links":{"self":[{"href":"https:\/\/zeromagazine.mx\/index.php\/wp-json\/wp\/v2\/posts\/99988","targetHints":{"allow":["GET"]}}],"collection":[{"href":"https:\/\/zeromagazine.mx\/index.php\/wp-json\/wp\/v2\/posts"}],"about":[{"href":"https:\/\/zeromagazine.mx\/index.php\/wp-json\/wp\/v2\/types\/post"}],"author":[{"embeddable":true,"href":"https:\/\/zeromagazine.mx\/index.php\/wp-json\/wp\/v2\/users\/4"}],"replies":[{"embeddable":true,"href":"https:\/\/zeromagazine.mx\/index.php\/wp-json\/wp\/v2\/comments?post=99988"}],"version-history":[{"count":4,"href":"https:\/\/zeromagazine.mx\/index.php\/wp-json\/wp\/v2\/posts\/99988\/revisions"}],"predecessor-version":[{"id":99993,"href":"https:\/\/zeromagazine.mx\/index.php\/wp-json\/wp\/v2\/posts\/99988\/revisions\/99993"}],"wp:featuredmedia":[{"embeddable":true,"href":"https:\/\/zeromagazine.mx\/index.php\/wp-json\/wp\/v2\/media\/99989"}],"wp:attachment":[{"href":"https:\/\/zeromagazine.mx\/index.php\/wp-json\/wp\/v2\/media?parent=99988"}],"wp:term":[{"taxonomy":"category","embeddable":true,"href":"https:\/\/zeromagazine.mx\/index.php\/wp-json\/wp\/v2\/categories?post=99988"},{"taxonomy":"post_tag","embeddable":true,"href":"https:\/\/zeromagazine.mx\/index.php\/wp-json\/wp\/v2\/tags?post=99988"}],"curies":[{"name":"wp","href":"https:\/\/api.w.org\/{rel}","templated":true}]}}